{"id":7564,"date":"2019-04-11T15:37:16","date_gmt":"2019-04-11T18:37:16","guid":{"rendered":"http:\/\/www.cidademarketing.com.br\/marketing\/?p=7564"},"modified":"2019-04-11T15:37:18","modified_gmt":"2019-04-11T18:37:18","slug":"ligue-180-avon-e-o-instituto-avon-comunicam-mais-uma-iniciativa-contra-a-violencia-domestica","status":"publish","type":"post","link":"https:\/\/www.cidademarketing.com.br\/marketing\/2019\/04\/11\/ligue-180-avon-e-o-instituto-avon-comunicam-mais-uma-iniciativa-contra-a-violencia-domestica\/","title":{"rendered":"Ligue 180: Avon e o Instituto Avon comunicam mais uma iniciativa contra a viol\u00eancia dom\u00e9stica"},"content":{"rendered":"\n<p>A Avon, reconhecida pelo enfrentamento \u00e0\nviol\u00eancia contra mulheres e meninas h\u00e1 16 anos, por meio do Instituto Avon,\nsoma esfor\u00e7os ao Minist\u00e9rio da Mulher, Fam\u00edlia e Direitos Humanos para\ndivulgar, na embalagem dos seus produtos, o Ligue 180, canal 24 horas de\natendimento \u00e0s mulheres em situa\u00e7\u00e3o de viol\u00eancia.<\/p>\n\n\n\n<p>As porta-vozes da Avon, Ana Costa,\nvice-presidente&nbsp;Jur\u00eddica e de Rela\u00e7\u00f5es Governamentais, e do Instituto\nAvon, Daniela Grelin, diretora executiva, apresentaram esta proposta na manh\u00e3\nda \u00faltima segunda (08) \u00e0 Ministra da Mulher, Fam\u00edlia e Direitos Humanos,\nDamares Alves. A ministra, que estava acompanhada da Secret\u00e1ria Nacional de\nPol\u00edticas para Mulheres, Tia Eron, ressalta a import\u00e2ncia da parceria entre\ngoverno, empresas e sociedade civil para a efetividade das pol\u00edticas p\u00fablicas.<\/p>\n\n\n\n<p>A parceria ser\u00e1 formalizada em breve\npara que os produtos da Avon passem a trazer em suas embalagens esta informa\u00e7\u00e3o\nde utilidade p\u00fablica.<\/p>\n\n\n\n<p>\u201c<em>O objetivo da Avon e do Instituto\nAvon com essa parceria, \u00e9 ampliar a divulga\u00e7\u00e3o do canal 180 para que ele chegue\na mulheres de todo Brasil por meio do nosso portf\u00f3lio de Produtos e de nossas\nmilhares de revendedoras que atuam em todos os munic\u00edpios do pais<\/em>\u201d,\nressalta Ana Costa, Vice Presidente Jur\u00eddica e de Rela\u00e7\u00f5es Governamentais da\nAvon Brasil.&nbsp; <\/p>\n\n\n\n<p><strong>Central da Mulher<\/strong><\/p>\n\n\n\n<p>Oferecido pelo Minist\u00e9rio da Mulher, da\nFam\u00edlia e dos Direitos Humanos (MMFDH), o Disque 180 funciona 24 horas por dia,\ntodos os dias da semana. O servi\u00e7o tamb\u00e9m pode ser acionado por meio do\naplicativo Proteja Brasil.<\/p>\n\n\n\n<p>Al\u00e9m de registrar den\u00fancias de viola\u00e7\u00f5es\ncontra mulheres, encaminh\u00e1-las aos \u00f3rg\u00e3os competentes e realizar seu\nmonitoramento, o Ligue 180 tamb\u00e9m compartilha informa\u00e7\u00f5es sobre direitos da\nmulher, amparo legal e a rede de atendimento e acolhimento.<\/p>\n","protected":false},"excerpt":{"rendered":"<p>A Avon, reconhecida pelo enfrentamento \u00e0 viol\u00eancia contra mulheres e meninas h\u00e1 16 anos, por meio do Instituto Avon, soma esfor\u00e7os ao Minist\u00e9rio da Mulher, Fam\u00edlia e Direitos Humanos para divulgar, na embalagem dos seus produtos, o Ligue 180, canal 24 horas de atendimento \u00e0s mulheres em situa\u00e7\u00e3o de viol\u00eancia. As porta-vozes da Avon, Ana [&hellip;]<\/p>\n","protected":false},"author":1,"featured_media":7565,"comment_status":"open","ping_status":"open","sticky":false,"template":"","format":"standard","meta":{"tdm_status":"","tdm_grid_status":"","footnotes":""},"categories":[6],"tags":[1528,1487,28,592],"class_list":["post-7564","post","type-post","status-publish","format-standard","has-post-thumbnail","hentry","category-noticias","tag-avon","tag-instituto-avon","tag-marketing","tag-mulher"],"yoast_head":"<!-- This site is optimized with the Yoast SEO plugin v27.4 - https:\/\/yoast.com\/product\/yoast-seo-wordpress\/ -->\n<title>Ligue 180: Avon e o Instituto Avon comunicam mais uma iniciativa contra a viol\u00eancia dom\u00e9stica - CidadeMarketing<\/title>\n<meta name=\"robots\" content=\"index, follow, max-snippet:-1, max-image-preview:large, max-video-preview:-1\" \/>\n<link rel=\"canonical\" href=\"https:\/\/www.cidademarketing.com.br\/marketing\/2019\/04\/11\/ligue-180-avon-e-o-instituto-avon-comunicam-mais-uma-iniciativa-contra-a-violencia-domestica\/\" \/>\n<meta property=\"og:locale\" content=\"pt_BR\" \/>\n<meta property=\"og:type\" content=\"article\" \/>\n<meta property=\"og:title\" content=\"Ligue 180: Avon e o Instituto Avon comunicam mais uma iniciativa contra a viol\u00eancia dom\u00e9stica - CidadeMarketing\" \/>\n<meta property=\"og:description\" content=\"A Avon, reconhecida pelo enfrentamento \u00e0 viol\u00eancia contra mulheres e meninas h\u00e1 16 anos, por meio do Instituto Avon, soma esfor\u00e7os ao Minist\u00e9rio da Mulher, Fam\u00edlia e Direitos Humanos para divulgar, na embalagem dos seus produtos, o Ligue 180, canal 24 horas de atendimento \u00e0s mulheres em situa\u00e7\u00e3o de viol\u00eancia. As porta-vozes da Avon, Ana [&hellip;]\" \/>\n<meta property=\"og:url\" content=\"https:\/\/www.cidademarketing.com.br\/marketing\/2019\/04\/11\/ligue-180-avon-e-o-instituto-avon-comunicam-mais-uma-iniciativa-contra-a-violencia-domestica\/\" \/>\n<meta property=\"og:site_name\" content=\"CidadeMarketing\" \/>\n<meta property=\"article:publisher\" content=\"https:\/\/www.facebook.com\/portalcidademarketing\" \/>\n<meta property=\"article:author\" content=\"https:\/\/www.facebook.com\/thalesbrandao\" \/>\n<meta property=\"article:published_time\" content=\"2019-04-11T18:37:16+00:00\" \/>\n<meta property=\"article:modified_time\" content=\"2019-04-11T18:37:18+00:00\" \/>\n<meta property=\"og:image\" content=\"https:\/\/www.cidademarketing.com.br\/marketing\/wp-content\/uploads\/2019\/04\/avon_marca.png\" \/>\n\t<meta property=\"og:image:width\" content=\"1200\" \/>\n\t<meta property=\"og:image:height\" content=\"630\" \/>\n\t<meta property=\"og:image:type\" content=\"image\/png\" \/>\n<meta name=\"author\" content=\"Thales Brand\u00e3o\" \/>\n<meta name=\"twitter:card\" content=\"summary_large_image\" \/>\n<meta name=\"twitter:creator\" content=\"@http:\/\/www.twitter.com\/thalesbrandao\" \/>\n<meta name=\"twitter:site\" content=\"@CidadeMarketing\" \/>\n<meta name=\"twitter:label1\" content=\"Escrito por\" \/>\n\t<meta name=\"twitter:data1\" content=\"Thales Brand\u00e3o\" \/>\n\t<meta name=\"twitter:label2\" content=\"Est. tempo de leitura\" \/>\n\t<meta name=\"twitter:data2\" content=\"2 minutos\" \/>\n<script type=\"application\/ld+json\" class=\"yoast-schema-graph\">{\"@context\":\"https:\\\/\\\/schema.org\",\"@graph\":[{\"@type\":\"Article\",\"@id\":\"https:\\\/\\\/www.cidademarketing.com.br\\\/marketing\\\/2019\\\/04\\\/11\\\/ligue-180-avon-e-o-instituto-avon-comunicam-mais-uma-iniciativa-contra-a-violencia-domestica\\\/#article\",\"isPartOf\":{\"@id\":\"https:\\\/\\\/www.cidademarketing.com.br\\\/marketing\\\/2019\\\/04\\\/11\\\/ligue-180-avon-e-o-instituto-avon-comunicam-mais-uma-iniciativa-contra-a-violencia-domestica\\\/\"},\"author\":{\"name\":\"Thales Brand\u00e3o\",\"@id\":\"https:\\\/\\\/www.cidademarketing.com.br\\\/marketing\\\/#\\\/schema\\\/person\\\/02daff9f18bd9378c9e01eb6b2db155f\"},\"headline\":\"Ligue 180: Avon e o Instituto Avon comunicam mais uma iniciativa contra a viol\u00eancia dom\u00e9stica\",\"datePublished\":\"2019-04-11T18:37:16+00:00\",\"dateModified\":\"2019-04-11T18:37:18+00:00\",\"mainEntityOfPage\":{\"@id\":\"https:\\\/\\\/www.cidademarketing.com.br\\\/marketing\\\/2019\\\/04\\\/11\\\/ligue-180-avon-e-o-instituto-avon-comunicam-mais-uma-iniciativa-contra-a-violencia-domestica\\\/\"},\"wordCount\":318,\"commentCount\":0,\"publisher\":{\"@id\":\"https:\\\/\\\/www.cidademarketing.com.br\\\/marketing\\\/#organization\"},\"image\":{\"@id\":\"https:\\\/\\\/www.cidademarketing.com.br\\\/marketing\\\/2019\\\/04\\\/11\\\/ligue-180-avon-e-o-instituto-avon-comunicam-mais-uma-iniciativa-contra-a-violencia-domestica\\\/#primaryimage\"},\"thumbnailUrl\":\"https:\\\/\\\/www.cidademarketing.com.br\\\/marketing\\\/wp-content\\\/uploads\\\/2019\\\/04\\\/avon_marca.png\",\"keywords\":[\"Avon\",\"Instituto Avon\",\"marketing\",\"mulher\"],\"articleSection\":[\"Not\u00edcias\"],\"inLanguage\":\"pt-BR\",\"potentialAction\":[{\"@type\":\"CommentAction\",\"name\":\"Comment\",\"target\":[\"https:\\\/\\\/www.cidademarketing.com.br\\\/marketing\\\/2019\\\/04\\\/11\\\/ligue-180-avon-e-o-instituto-avon-comunicam-mais-uma-iniciativa-contra-a-violencia-domestica\\\/#respond\"]}]},{\"@type\":\"WebPage\",\"@id\":\"https:\\\/\\\/www.cidademarketing.com.br\\\/marketing\\\/2019\\\/04\\\/11\\\/ligue-180-avon-e-o-instituto-avon-comunicam-mais-uma-iniciativa-contra-a-violencia-domestica\\\/\",\"url\":\"https:\\\/\\\/www.cidademarketing.com.br\\\/marketing\\\/2019\\\/04\\\/11\\\/ligue-180-avon-e-o-instituto-avon-comunicam-mais-uma-iniciativa-contra-a-violencia-domestica\\\/\",\"name\":\"Ligue 180: Avon e o Instituto Avon comunicam mais uma iniciativa contra a viol\u00eancia dom\u00e9stica - CidadeMarketing\",\"isPartOf\":{\"@id\":\"https:\\\/\\\/www.cidademarketing.com.br\\\/marketing\\\/#website\"},\"primaryImageOfPage\":{\"@id\":\"https:\\\/\\\/www.cidademarketing.com.br\\\/marketing\\\/2019\\\/04\\\/11\\\/ligue-180-avon-e-o-instituto-avon-comunicam-mais-uma-iniciativa-contra-a-violencia-domestica\\\/#primaryimage\"},\"image\":{\"@id\":\"https:\\\/\\\/www.cidademarketing.com.br\\\/marketing\\\/2019\\\/04\\\/11\\\/ligue-180-avon-e-o-instituto-avon-comunicam-mais-uma-iniciativa-contra-a-violencia-domestica\\\/#primaryimage\"},\"thumbnailUrl\":\"https:\\\/\\\/www.cidademarketing.com.br\\\/marketing\\\/wp-content\\\/uploads\\\/2019\\\/04\\\/avon_marca.png\",\"datePublished\":\"2019-04-11T18:37:16+00:00\",\"dateModified\":\"2019-04-11T18:37:18+00:00\",\"breadcrumb\":{\"@id\":\"https:\\\/\\\/www.cidademarketing.com.br\\\/marketing\\\/2019\\\/04\\\/11\\\/ligue-180-avon-e-o-instituto-avon-comunicam-mais-uma-iniciativa-contra-a-violencia-domestica\\\/#breadcrumb\"},\"inLanguage\":\"pt-BR\",\"potentialAction\":[{\"@type\":\"ReadAction\",\"target\":[\"https:\\\/\\\/www.cidademarketing.com.br\\\/marketing\\\/2019\\\/04\\\/11\\\/ligue-180-avon-e-o-instituto-avon-comunicam-mais-uma-iniciativa-contra-a-violencia-domestica\\\/\"]}]},{\"@type\":\"ImageObject\",\"inLanguage\":\"pt-BR\",\"@id\":\"https:\\\/\\\/www.cidademarketing.com.br\\\/marketing\\\/2019\\\/04\\\/11\\\/ligue-180-avon-e-o-instituto-avon-comunicam-mais-uma-iniciativa-contra-a-violencia-domestica\\\/#primaryimage\",\"url\":\"https:\\\/\\\/www.cidademarketing.com.br\\\/marketing\\\/wp-content\\\/uploads\\\/2019\\\/04\\\/avon_marca.png\",\"contentUrl\":\"https:\\\/\\\/www.cidademarketing.com.br\\\/marketing\\\/wp-content\\\/uploads\\\/2019\\\/04\\\/avon_marca.png\",\"width\":1200,\"height\":630},{\"@type\":\"BreadcrumbList\",\"@id\":\"https:\\\/\\\/www.cidademarketing.com.br\\\/marketing\\\/2019\\\/04\\\/11\\\/ligue-180-avon-e-o-instituto-avon-comunicam-mais-uma-iniciativa-contra-a-violencia-domestica\\\/#breadcrumb\",\"itemListElement\":[{\"@type\":\"ListItem\",\"position\":1,\"name\":\"In\u00edcio\",\"item\":\"https:\\\/\\\/www.cidademarketing.com.br\\\/marketing\\\/\"},{\"@type\":\"ListItem\",\"position\":2,\"name\":\"Ligue 180: Avon e o Instituto Avon comunicam mais uma iniciativa contra a viol\u00eancia dom\u00e9stica\"}]},{\"@type\":\"WebSite\",\"@id\":\"https:\\\/\\\/www.cidademarketing.com.br\\\/marketing\\\/#website\",\"url\":\"https:\\\/\\\/www.cidademarketing.com.br\\\/marketing\\\/\",\"name\":\"CidadeMarketing\",\"description\":\"Somos um ve\u00edculo de comunica\u00e7\u00e3o de destaque no Brasil, reconhecido por conte\u00fados nos segmentos de marketing, empreendedorismo e inova\u00e7\u00e3o.\",\"publisher\":{\"@id\":\"https:\\\/\\\/www.cidademarketing.com.br\\\/marketing\\\/#organization\"},\"alternateName\":\"CidadeMarketing\",\"potentialAction\":[{\"@type\":\"SearchAction\",\"target\":{\"@type\":\"EntryPoint\",\"urlTemplate\":\"https:\\\/\\\/www.cidademarketing.com.br\\\/marketing\\\/?s={search_term_string}\"},\"query-input\":{\"@type\":\"PropertyValueSpecification\",\"valueRequired\":true,\"valueName\":\"search_term_string\"}}],\"inLanguage\":\"pt-BR\"},{\"@type\":\"Organization\",\"@id\":\"https:\\\/\\\/www.cidademarketing.com.br\\\/marketing\\\/#organization\",\"name\":\"CidadeMarketing\",\"alternateName\":\"CidadeMarketing\",\"url\":\"https:\\\/\\\/www.cidademarketing.com.br\\\/marketing\\\/\",\"logo\":{\"@type\":\"ImageObject\",\"inLanguage\":\"pt-BR\",\"@id\":\"https:\\\/\\\/www.cidademarketing.com.br\\\/marketing\\\/#\\\/schema\\\/logo\\\/image\\\/\",\"url\":\"https:\\\/\\\/www.cidademarketing.com.br\\\/marketing\\\/wp-content\\\/uploads\\\/2020\\\/01\\\/cidademarketing_marca_mobile.png\",\"contentUrl\":\"https:\\\/\\\/www.cidademarketing.com.br\\\/marketing\\\/wp-content\\\/uploads\\\/2020\\\/01\\\/cidademarketing_marca_mobile.png\",\"width\":230,\"height\":92,\"caption\":\"CidadeMarketing\"},\"image\":{\"@id\":\"https:\\\/\\\/www.cidademarketing.com.br\\\/marketing\\\/#\\\/schema\\\/logo\\\/image\\\/\"},\"sameAs\":[\"https:\\\/\\\/www.facebook.com\\\/portalcidademarketing\",\"https:\\\/\\\/x.com\\\/CidadeMarketing\",\"https:\\\/\\\/www.instagram.com\\\/cidademarketing\\\/\"]},{\"@type\":\"Person\",\"@id\":\"https:\\\/\\\/www.cidademarketing.com.br\\\/marketing\\\/#\\\/schema\\\/person\\\/02daff9f18bd9378c9e01eb6b2db155f\",\"name\":\"Thales Brand\u00e3o\",\"image\":{\"@type\":\"ImageObject\",\"inLanguage\":\"pt-BR\",\"@id\":\"https:\\\/\\\/secure.gravatar.com\\\/avatar\\\/7ca3206950207cc3cb48feec56a8a7898741ab725c368d99d5d7a5a50aab80c6?s=96&d=mm&r=g\",\"url\":\"https:\\\/\\\/secure.gravatar.com\\\/avatar\\\/7ca3206950207cc3cb48feec56a8a7898741ab725c368d99d5d7a5a50aab80c6?s=96&d=mm&r=g\",\"contentUrl\":\"https:\\\/\\\/secure.gravatar.com\\\/avatar\\\/7ca3206950207cc3cb48feec56a8a7898741ab725c368d99d5d7a5a50aab80c6?s=96&d=mm&r=g\",\"caption\":\"Thales Brand\u00e3o\"},\"description\":\"Editor Executivo do Portal CidadeMarketing.com.br &gt; Mestre em Comunica\u00e7\u00e3o e Sociedade pela Universidade Federal de Sergipe. Possui MBA Executivo em Administra\u00e7\u00e3o com \u00eanfase em Marketing pela Funda\u00e7\u00e3o Get\u00falio Vargas - Rio de Janeiro. Consultor, Palestrante e Pesquisador sobre Empreendedorismo, Marketing, Redes Sociais e Neg\u00f3cios Digitais. Professor, Palestrante TedxTalks e Campus Party. Twitter: @ThalesBrandao\",\"sameAs\":[\"http:\\\/\\\/www.mandacaru.com.br\",\"https:\\\/\\\/www.facebook.com\\\/thalesbrandao\",\"http:\\\/\\\/www.instagram.com.br\\\/thalesbrandaoferreira\",\"https:\\\/\\\/www.linkedin.com\\\/in\\\/thales-brand\u00e3o-3948609\\\/\",\"https:\\\/\\\/x.com\\\/http:\\\/\\\/www.twitter.com\\\/thalesbrandao\"],\"url\":\"https:\\\/\\\/www.cidademarketing.com.br\\\/marketing\\\/author\\\/thalesbrandao\\\/\"}]}<\/script>\n<!-- \/ Yoast SEO plugin. -->","yoast_head_json":{"title":"Ligue 180: Avon e o Instituto Avon comunicam mais uma iniciativa contra a viol\u00eancia dom\u00e9stica - CidadeMarketing","robots":{"index":"index","follow":"follow","max-snippet":"max-snippet:-1","max-image-preview":"max-image-preview:large","max-video-preview":"max-video-preview:-1"},"canonical":"https:\/\/www.cidademarketing.com.br\/marketing\/2019\/04\/11\/ligue-180-avon-e-o-instituto-avon-comunicam-mais-uma-iniciativa-contra-a-violencia-domestica\/","og_locale":"pt_BR","og_type":"article","og_title":"Ligue 180: Avon e o Instituto Avon comunicam mais uma iniciativa contra a viol\u00eancia dom\u00e9stica - CidadeMarketing","og_description":"A Avon, reconhecida pelo enfrentamento \u00e0 viol\u00eancia contra mulheres e meninas h\u00e1 16 anos, por meio do Instituto Avon, soma esfor\u00e7os ao Minist\u00e9rio da Mulher, Fam\u00edlia e Direitos Humanos para divulgar, na embalagem dos seus produtos, o Ligue 180, canal 24 horas de atendimento \u00e0s mulheres em situa\u00e7\u00e3o de viol\u00eancia. As porta-vozes da Avon, Ana [&hellip;]","og_url":"https:\/\/www.cidademarketing.com.br\/marketing\/2019\/04\/11\/ligue-180-avon-e-o-instituto-avon-comunicam-mais-uma-iniciativa-contra-a-violencia-domestica\/","og_site_name":"CidadeMarketing","article_publisher":"https:\/\/www.facebook.com\/portalcidademarketing","article_author":"https:\/\/www.facebook.com\/thalesbrandao","article_published_time":"2019-04-11T18:37:16+00:00","article_modified_time":"2019-04-11T18:37:18+00:00","og_image":[{"width":1200,"height":630,"url":"https:\/\/www.cidademarketing.com.br\/marketing\/wp-content\/uploads\/2019\/04\/avon_marca.png","type":"image\/png"}],"author":"Thales Brand\u00e3o","twitter_card":"summary_large_image","twitter_creator":"@http:\/\/www.twitter.com\/thalesbrandao","twitter_site":"@CidadeMarketing","twitter_misc":{"Escrito por":"Thales Brand\u00e3o","Est. tempo de leitura":"2 minutos"},"schema":{"@context":"https:\/\/schema.org","@graph":[{"@type":"Article","@id":"https:\/\/www.cidademarketing.com.br\/marketing\/2019\/04\/11\/ligue-180-avon-e-o-instituto-avon-comunicam-mais-uma-iniciativa-contra-a-violencia-domestica\/#article","isPartOf":{"@id":"https:\/\/www.cidademarketing.com.br\/marketing\/2019\/04\/11\/ligue-180-avon-e-o-instituto-avon-comunicam-mais-uma-iniciativa-contra-a-violencia-domestica\/"},"author":{"name":"Thales Brand\u00e3o","@id":"https:\/\/www.cidademarketing.com.br\/marketing\/#\/schema\/person\/02daff9f18bd9378c9e01eb6b2db155f"},"headline":"Ligue 180: Avon e o Instituto Avon comunicam mais uma iniciativa contra a viol\u00eancia dom\u00e9stica","datePublished":"2019-04-11T18:37:16+00:00","dateModified":"2019-04-11T18:37:18+00:00","mainEntityOfPage":{"@id":"https:\/\/www.cidademarketing.com.br\/marketing\/2019\/04\/11\/ligue-180-avon-e-o-instituto-avon-comunicam-mais-uma-iniciativa-contra-a-violencia-domestica\/"},"wordCount":318,"commentCount":0,"publisher":{"@id":"https:\/\/www.cidademarketing.com.br\/marketing\/#organization"},"image":{"@id":"https:\/\/www.cidademarketing.com.br\/marketing\/2019\/04\/11\/ligue-180-avon-e-o-instituto-avon-comunicam-mais-uma-iniciativa-contra-a-violencia-domestica\/#primaryimage"},"thumbnailUrl":"https:\/\/www.cidademarketing.com.br\/marketing\/wp-content\/uploads\/2019\/04\/avon_marca.png","keywords":["Avon","Instituto Avon","marketing","mulher"],"articleSection":["Not\u00edcias"],"inLanguage":"pt-BR","potentialAction":[{"@type":"CommentAction","name":"Comment","target":["https:\/\/www.cidademarketing.com.br\/marketing\/2019\/04\/11\/ligue-180-avon-e-o-instituto-avon-comunicam-mais-uma-iniciativa-contra-a-violencia-domestica\/#respond"]}]},{"@type":"WebPage","@id":"https:\/\/www.cidademarketing.com.br\/marketing\/2019\/04\/11\/ligue-180-avon-e-o-instituto-avon-comunicam-mais-uma-iniciativa-contra-a-violencia-domestica\/","url":"https:\/\/www.cidademarketing.com.br\/marketing\/2019\/04\/11\/ligue-180-avon-e-o-instituto-avon-comunicam-mais-uma-iniciativa-contra-a-violencia-domestica\/","name":"Ligue 180: Avon e o Instituto Avon comunicam mais uma iniciativa contra a viol\u00eancia dom\u00e9stica - CidadeMarketing","isPartOf":{"@id":"https:\/\/www.cidademarketing.com.br\/marketing\/#website"},"primaryImageOfPage":{"@id":"https:\/\/www.cidademarketing.com.br\/marketing\/2019\/04\/11\/ligue-180-avon-e-o-instituto-avon-comunicam-mais-uma-iniciativa-contra-a-violencia-domestica\/#primaryimage"},"image":{"@id":"https:\/\/www.cidademarketing.com.br\/marketing\/2019\/04\/11\/ligue-180-avon-e-o-instituto-avon-comunicam-mais-uma-iniciativa-contra-a-violencia-domestica\/#primaryimage"},"thumbnailUrl":"https:\/\/www.cidademarketing.com.br\/marketing\/wp-content\/uploads\/2019\/04\/avon_marca.png","datePublished":"2019-04-11T18:37:16+00:00","dateModified":"2019-04-11T18:37:18+00:00","breadcrumb":{"@id":"https:\/\/www.cidademarketing.com.br\/marketing\/2019\/04\/11\/ligue-180-avon-e-o-instituto-avon-comunicam-mais-uma-iniciativa-contra-a-violencia-domestica\/#breadcrumb"},"inLanguage":"pt-BR","potentialAction":[{"@type":"ReadAction","target":["https:\/\/www.cidademarketing.com.br\/marketing\/2019\/04\/11\/ligue-180-avon-e-o-instituto-avon-comunicam-mais-uma-iniciativa-contra-a-violencia-domestica\/"]}]},{"@type":"ImageObject","inLanguage":"pt-BR","@id":"https:\/\/www.cidademarketing.com.br\/marketing\/2019\/04\/11\/ligue-180-avon-e-o-instituto-avon-comunicam-mais-uma-iniciativa-contra-a-violencia-domestica\/#primaryimage","url":"https:\/\/www.cidademarketing.com.br\/marketing\/wp-content\/uploads\/2019\/04\/avon_marca.png","contentUrl":"https:\/\/www.cidademarketing.com.br\/marketing\/wp-content\/uploads\/2019\/04\/avon_marca.png","width":1200,"height":630},{"@type":"BreadcrumbList","@id":"https:\/\/www.cidademarketing.com.br\/marketing\/2019\/04\/11\/ligue-180-avon-e-o-instituto-avon-comunicam-mais-uma-iniciativa-contra-a-violencia-domestica\/#breadcrumb","itemListElement":[{"@type":"ListItem","position":1,"name":"In\u00edcio","item":"https:\/\/www.cidademarketing.com.br\/marketing\/"},{"@type":"ListItem","position":2,"name":"Ligue 180: Avon e o Instituto Avon comunicam mais uma iniciativa contra a viol\u00eancia dom\u00e9stica"}]},{"@type":"WebSite","@id":"https:\/\/www.cidademarketing.com.br\/marketing\/#website","url":"https:\/\/www.cidademarketing.com.br\/marketing\/","name":"CidadeMarketing","description":"Somos um ve\u00edculo de comunica\u00e7\u00e3o de destaque no Brasil, reconhecido por conte\u00fados nos segmentos de marketing, empreendedorismo e inova\u00e7\u00e3o.","publisher":{"@id":"https:\/\/www.cidademarketing.com.br\/marketing\/#organization"},"alternateName":"CidadeMarketing","potentialAction":[{"@type":"SearchAction","target":{"@type":"EntryPoint","urlTemplate":"https:\/\/www.cidademarketing.com.br\/marketing\/?s={search_term_string}"},"query-input":{"@type":"PropertyValueSpecification","valueRequired":true,"valueName":"search_term_string"}}],"inLanguage":"pt-BR"},{"@type":"Organization","@id":"https:\/\/www.cidademarketing.com.br\/marketing\/#organization","name":"CidadeMarketing","alternateName":"CidadeMarketing","url":"https:\/\/www.cidademarketing.com.br\/marketing\/","logo":{"@type":"ImageObject","inLanguage":"pt-BR","@id":"https:\/\/www.cidademarketing.com.br\/marketing\/#\/schema\/logo\/image\/","url":"https:\/\/www.cidademarketing.com.br\/marketing\/wp-content\/uploads\/2020\/01\/cidademarketing_marca_mobile.png","contentUrl":"https:\/\/www.cidademarketing.com.br\/marketing\/wp-content\/uploads\/2020\/01\/cidademarketing_marca_mobile.png","width":230,"height":92,"caption":"CidadeMarketing"},"image":{"@id":"https:\/\/www.cidademarketing.com.br\/marketing\/#\/schema\/logo\/image\/"},"sameAs":["https:\/\/www.facebook.com\/portalcidademarketing","https:\/\/x.com\/CidadeMarketing","https:\/\/www.instagram.com\/cidademarketing\/"]},{"@type":"Person","@id":"https:\/\/www.cidademarketing.com.br\/marketing\/#\/schema\/person\/02daff9f18bd9378c9e01eb6b2db155f","name":"Thales Brand\u00e3o","image":{"@type":"ImageObject","inLanguage":"pt-BR","@id":"https:\/\/secure.gravatar.com\/avatar\/7ca3206950207cc3cb48feec56a8a7898741ab725c368d99d5d7a5a50aab80c6?s=96&d=mm&r=g","url":"https:\/\/secure.gravatar.com\/avatar\/7ca3206950207cc3cb48feec56a8a7898741ab725c368d99d5d7a5a50aab80c6?s=96&d=mm&r=g","contentUrl":"https:\/\/secure.gravatar.com\/avatar\/7ca3206950207cc3cb48feec56a8a7898741ab725c368d99d5d7a5a50aab80c6?s=96&d=mm&r=g","caption":"Thales Brand\u00e3o"},"description":"Editor Executivo do Portal CidadeMarketing.com.br &gt; Mestre em Comunica\u00e7\u00e3o e Sociedade pela Universidade Federal de Sergipe. Possui MBA Executivo em Administra\u00e7\u00e3o com \u00eanfase em Marketing pela Funda\u00e7\u00e3o Get\u00falio Vargas - Rio de Janeiro. Consultor, Palestrante e Pesquisador sobre Empreendedorismo, Marketing, Redes Sociais e Neg\u00f3cios Digitais. Professor, Palestrante TedxTalks e Campus Party. Twitter: @ThalesBrandao","sameAs":["http:\/\/www.mandacaru.com.br","https:\/\/www.facebook.com\/thalesbrandao","http:\/\/www.instagram.com.br\/thalesbrandaoferreira","https:\/\/www.linkedin.com\/in\/thales-brand\u00e3o-3948609\/","https:\/\/x.com\/http:\/\/www.twitter.com\/thalesbrandao"],"url":"https:\/\/www.cidademarketing.com.br\/marketing\/author\/thalesbrandao\/"}]}},"amp_enabled":true,"_links":{"self":[{"href":"https:\/\/www.cidademarketing.com.br\/marketing\/wp-json\/wp\/v2\/posts\/7564","targetHints":{"allow":["GET"]}}],"collection":[{"href":"https:\/\/www.cidademarketing.com.br\/marketing\/wp-json\/wp\/v2\/posts"}],"about":[{"href":"https:\/\/www.cidademarketing.com.br\/marketing\/wp-json\/wp\/v2\/types\/post"}],"author":[{"embeddable":true,"href":"https:\/\/www.cidademarketing.com.br\/marketing\/wp-json\/wp\/v2\/users\/1"}],"replies":[{"embeddable":true,"href":"https:\/\/www.cidademarketing.com.br\/marketing\/wp-json\/wp\/v2\/comments?post=7564"}],"version-history":[{"count":1,"href":"https:\/\/www.cidademarketing.com.br\/marketing\/wp-json\/wp\/v2\/posts\/7564\/revisions"}],"predecessor-version":[{"id":7566,"href":"https:\/\/www.cidademarketing.com.br\/marketing\/wp-json\/wp\/v2\/posts\/7564\/revisions\/7566"}],"wp:featuredmedia":[{"embeddable":true,"href":"https:\/\/www.cidademarketing.com.br\/marketing\/wp-json\/wp\/v2\/media\/7565"}],"wp:attachment":[{"href":"https:\/\/www.cidademarketing.com.br\/marketing\/wp-json\/wp\/v2\/media?parent=7564"}],"wp:term":[{"taxonomy":"category","embeddable":true,"href":"https:\/\/www.cidademarketing.com.br\/marketing\/wp-json\/wp\/v2\/categories?post=7564"},{"taxonomy":"post_tag","embeddable":true,"href":"https:\/\/www.cidademarketing.com.br\/marketing\/wp-json\/wp\/v2\/tags?post=7564"}],"curies":[{"name":"wp","href":"https:\/\/api.w.org\/{rel}","templated":true}]}}