{"id":7500,"date":"2019-04-09T12:35:33","date_gmt":"2019-04-09T15:35:33","guid":{"rendered":"http:\/\/www.cidademarketing.com.br\/marketing\/?p=7500"},"modified":"2019-04-09T12:35:36","modified_gmt":"2019-04-09T15:35:36","slug":"escolas-ainda-produzem-analfabetos-funcionais-critica-claudia-costin","status":"publish","type":"post","link":"https:\/\/www.cidademarketing.com.br\/marketing\/2019\/04\/09\/escolas-ainda-produzem-analfabetos-funcionais-critica-claudia-costin\/","title":{"rendered":"Escolas ainda produzem analfabetos funcionais, critica Claudia Costin"},"content":{"rendered":"\n<p>O Brasil persegue a meta de ter todas as crian\u00e7as e os jovens matriculados, mas frequentar o ambiente escolar n\u00e3o \u00e9 sin\u00f4nimo de aprendizagem. Em entrevista ao UM BRASIL, a diretora do Centro de Excel\u00eancia e Inova\u00e7\u00e3o em Pol\u00edticas Educacionais (Ceipe), Claudia Costin, lembra do alto \u00edndice de analfabetos funcionais (incapacidade de interpreta\u00e7\u00e3o de textos) entre os alunos do quarto ao sexto anos da rede p\u00fablica do Rio de Janeiro.<\/p>\n\n\n\n<p>Um teste aplicado aos estudantes quando ela esteve \u00e0 frente da Secretaria Municipal de Educa\u00e7\u00e3o (de janeiro de 2009 a maio de 2014) constatou que 28 mil deles n\u00e3o tinham sido alfabetizados \u2013 ou foram de forma inadequada. Diante dessa realidade, a ex-diretora global de Educa\u00e7\u00e3o do Banco Mundial decidiu capacitar os professores em uma metodologia para realfabetizar alunos mais velhos.<\/p>\n\n\n\n<p>Na conversa com Leandro Beguoci, Claudia desaprova o modo como parte das institui\u00e7\u00f5es ensinam a ler e escrever. \u201cInfelizmente, as escolas continuam produzindo no Brasil analfabetos funcionais porque esse trabalho \u00e9 artesanal, cada um aprende de maneira diferente. N\u00e3o adianta escrever no quadro e pedir para que copiem no caderno e fazer isso de forma massiva. Educa\u00e7\u00e3o \u00e9 um processo que demanda personaliza\u00e7\u00e3o, e a alfabetiza\u00e7\u00e3o \u00e9 um t\u00f3pico que exige um professor que n\u00e3o aprendeu s\u00f3 teorias, mas tamb\u00e9m a alfabetizar\u201d, explica.<\/p>\n\n\n\n<p>A entrevista integra a s\u00e9rie \u201cBrasil, ponto de partida?\u201d, uma produ\u00e7\u00e3o do UM BRASIL e o Centro de Lideran\u00e7a P\u00fablica (CLP), com base no estudo Vis\u00e3o Brasil 2030, que tra\u00e7ou um diagn\u00f3stico detalhado da situa\u00e7\u00e3o atual do Pa\u00eds e das aspira\u00e7\u00f5es coletadas ao longo da constru\u00e7\u00e3o do trabalho, com o objetivo de estabelecer uma estrat\u00e9gia de longo prazo para que o Brasil se torne uma na\u00e7\u00e3o desenvolvida.<\/p>\n\n\n\n<figure class=\"wp-block-embed-youtube wp-block-embed is-type-video is-provider-youtube wp-embed-aspect-16-9 wp-has-aspect-ratio\"><div class=\"wp-block-embed__wrapper\">\n<div class=\"youtube-embed\" data-video_id=\"6iNekijEAH0\"><iframe title=\"Vis\u00e3o de futuro para a educa\u00e7\u00e3o brasileira, por Claudia Costin\" width=\"640\" height=\"360\" src=\"https:\/\/www.youtube.com\/embed\/6iNekijEAH0?feature=oembed&#038;enablejsapi=1&#038;enablejsapi=1\" frameborder=\"0\" allow=\"accelerometer; autoplay; clipboard-write; encrypted-media; gyroscope; picture-in-picture; web-share\" referrerpolicy=\"strict-origin-when-cross-origin\" allowfullscreen><\/iframe><\/div>\n<\/div><\/figure>\n\n\n\n<p><strong>Avalia\u00e7\u00e3o dos alunos<\/strong><br>Claudia enfatiza que o processo de avalia\u00e7\u00e3o dos alunos \u00e9 essencial para tra\u00e7ar as pol\u00edticas p\u00fablicas necess\u00e1rias para a qualidade educacional. Apesar da sua efic\u00e1cia, Estados como Rio de Janeiro e Minas Gerais deixaram de avaliar o desempenho dos jovens.<\/p>\n\n\n\n<p>\u201cA avalia\u00e7\u00e3o \u00e9 muito importante porque ela traz elementos para uma pr\u00e1tica educacional baseada em dados, e n\u00e3o em achismos ou modismos. A interrup\u00e7\u00e3o de avalia\u00e7\u00f5es por parte de alguns Estados se deve a rea\u00e7\u00f5es equivocadas a problemas fiscais mais agudos, mas n\u00e3o se deve economizar em educa\u00e7\u00e3o naquilo que vai garantir a qualidade, que \u00e9 a informa\u00e7\u00e3o sobre o que n\u00e3o estamos ensinando ou aprendendo direito. Saber usar esses dados vai nos ajudar a superar in\u00fameros problemas de aprendizagem.\u201d<\/p>\n\n\n\n<p><strong>Formar para o mercado e para a vida<\/strong><br>Para Claudia, outra dificuldade enfrentada na rotina da escola \u00e9 a vis\u00e3o equivocada do seu papel na forma\u00e7\u00e3o do aluno. A especialista entende ser comum as institui\u00e7\u00f5es escolherem entre preparar o aluno para o mercado de trabalho ou para a vida.<\/p>\n\n\n\n<p>\u201cTemos de formar um ser humano integral, ou seja, um indiv\u00edduo aut\u00f4nomo capaz de fazer suas pr\u00f3prias escolhas, sustentar-se e ser um bom cidad\u00e3o. As duas coisas n\u00e3o s\u00e3o incompat\u00edveis. A vida de um adulto \u00e9 de algu\u00e9m que participa de forma integral na sua comunidade. Ele vai ter uma profiss\u00e3o ou ser um empreendedor, e o desafio de formar para tudo isso \u00e9 grande. Por isso, a profiss\u00e3o de professor n\u00e3o \u00e9 para amadores. Precisa entender a integra\u00e7\u00e3o dessas duas quest\u00f5es\u201d, conclui.<\/p>\n\n\n\n<p>CidadeMarketing com informa\u00e7\u00f5es da Fecom\u00e9rcioSP<\/p>\n\n\n\n<p><br><\/p>\n","protected":false},"excerpt":{"rendered":"<p>O Brasil persegue a meta de ter todas as crian\u00e7as e os jovens matriculados, mas frequentar o ambiente escolar n\u00e3o \u00e9 sin\u00f4nimo de aprendizagem. Em entrevista ao UM BRASIL, a diretora do Centro de Excel\u00eancia e Inova\u00e7\u00e3o em Pol\u00edticas Educacionais (Ceipe), Claudia Costin, lembra do alto \u00edndice de analfabetos funcionais (incapacidade de interpreta\u00e7\u00e3o de textos) [&hellip;]<\/p>\n","protected":false},"author":1,"featured_media":7501,"comment_status":"open","ping_status":"open","sticky":false,"template":"","format":"standard","meta":{"tdm_status":"","tdm_grid_status":"","footnotes":""},"categories":[6],"tags":[33,58],"class_list":["post-7500","post","type-post","status-publish","format-standard","has-post-thumbnail","hentry","category-noticias","tag-estrategia","tag-pesquisa-de-mercado"],"yoast_head":"<!-- This site is optimized with the Yoast SEO plugin v27.5 - https:\/\/yoast.com\/product\/yoast-seo-wordpress\/ -->\n<title>Escolas ainda produzem analfabetos funcionais, critica Claudia Costin - CidadeMarketing<\/title>\n<meta name=\"robots\" content=\"index, follow, max-snippet:-1, max-image-preview:large, max-video-preview:-1\" \/>\n<link rel=\"canonical\" href=\"https:\/\/www.cidademarketing.com.br\/marketing\/2019\/04\/09\/escolas-ainda-produzem-analfabetos-funcionais-critica-claudia-costin\/\" \/>\n<meta property=\"og:locale\" content=\"pt_BR\" \/>\n<meta property=\"og:type\" content=\"article\" \/>\n<meta property=\"og:title\" content=\"Escolas ainda produzem analfabetos funcionais, critica Claudia Costin - CidadeMarketing\" \/>\n<meta property=\"og:description\" content=\"O Brasil persegue a meta de ter todas as crian\u00e7as e os jovens matriculados, mas frequentar o ambiente escolar n\u00e3o \u00e9 sin\u00f4nimo de aprendizagem. Em entrevista ao UM BRASIL, a diretora do Centro de Excel\u00eancia e Inova\u00e7\u00e3o em Pol\u00edticas Educacionais (Ceipe), Claudia Costin, lembra do alto \u00edndice de analfabetos funcionais (incapacidade de interpreta\u00e7\u00e3o de textos) [&hellip;]\" \/>\n<meta property=\"og:url\" content=\"https:\/\/www.cidademarketing.com.br\/marketing\/2019\/04\/09\/escolas-ainda-produzem-analfabetos-funcionais-critica-claudia-costin\/\" \/>\n<meta property=\"og:site_name\" content=\"CidadeMarketing\" \/>\n<meta property=\"article:publisher\" content=\"https:\/\/www.facebook.com\/portalcidademarketing\" \/>\n<meta property=\"article:author\" content=\"https:\/\/www.facebook.com\/thalesbrandao\" \/>\n<meta property=\"article:published_time\" content=\"2019-04-09T15:35:33+00:00\" \/>\n<meta property=\"article:modified_time\" content=\"2019-04-09T15:35:36+00:00\" \/>\n<meta property=\"og:image\" content=\"https:\/\/www.cidademarketing.com.br\/marketing\/wp-content\/uploads\/2019\/04\/claudia_costin.jpg\" \/>\n\t<meta property=\"og:image:width\" content=\"1073\" \/>\n\t<meta property=\"og:image:height\" content=\"551\" \/>\n\t<meta property=\"og:image:type\" content=\"image\/jpeg\" \/>\n<meta name=\"author\" content=\"Thales Brand\u00e3o\" \/>\n<meta name=\"twitter:card\" content=\"summary_large_image\" \/>\n<meta name=\"twitter:creator\" content=\"@http:\/\/www.twitter.com\/thalesbrandao\" \/>\n<meta name=\"twitter:site\" content=\"@CidadeMarketing\" \/>\n<meta name=\"twitter:label1\" content=\"Escrito por\" \/>\n\t<meta name=\"twitter:data1\" content=\"Thales Brand\u00e3o\" \/>\n\t<meta name=\"twitter:label2\" content=\"Est. tempo de leitura\" \/>\n\t<meta name=\"twitter:data2\" content=\"3 minutos\" \/>\n<script type=\"application\/ld+json\" class=\"yoast-schema-graph\">{\"@context\":\"https:\\\/\\\/schema.org\",\"@graph\":[{\"@type\":\"Article\",\"@id\":\"https:\\\/\\\/www.cidademarketing.com.br\\\/marketing\\\/2019\\\/04\\\/09\\\/escolas-ainda-produzem-analfabetos-funcionais-critica-claudia-costin\\\/#article\",\"isPartOf\":{\"@id\":\"https:\\\/\\\/www.cidademarketing.com.br\\\/marketing\\\/2019\\\/04\\\/09\\\/escolas-ainda-produzem-analfabetos-funcionais-critica-claudia-costin\\\/\"},\"author\":{\"name\":\"Thales Brand\u00e3o\",\"@id\":\"https:\\\/\\\/www.cidademarketing.com.br\\\/marketing\\\/#\\\/schema\\\/person\\\/02daff9f18bd9378c9e01eb6b2db155f\"},\"headline\":\"Escolas ainda produzem analfabetos funcionais, critica Claudia Costin\",\"datePublished\":\"2019-04-09T15:35:33+00:00\",\"dateModified\":\"2019-04-09T15:35:36+00:00\",\"mainEntityOfPage\":{\"@id\":\"https:\\\/\\\/www.cidademarketing.com.br\\\/marketing\\\/2019\\\/04\\\/09\\\/escolas-ainda-produzem-analfabetos-funcionais-critica-claudia-costin\\\/\"},\"wordCount\":607,\"commentCount\":0,\"publisher\":{\"@id\":\"https:\\\/\\\/www.cidademarketing.com.br\\\/marketing\\\/#organization\"},\"image\":{\"@id\":\"https:\\\/\\\/www.cidademarketing.com.br\\\/marketing\\\/2019\\\/04\\\/09\\\/escolas-ainda-produzem-analfabetos-funcionais-critica-claudia-costin\\\/#primaryimage\"},\"thumbnailUrl\":\"https:\\\/\\\/www.cidademarketing.com.br\\\/marketing\\\/wp-content\\\/uploads\\\/2019\\\/04\\\/claudia_costin.jpg\",\"keywords\":[\"estrat\u00e9gia\",\"pesquisa de mercado\"],\"articleSection\":[\"Not\u00edcias\"],\"inLanguage\":\"pt-BR\",\"potentialAction\":[{\"@type\":\"CommentAction\",\"name\":\"Comment\",\"target\":[\"https:\\\/\\\/www.cidademarketing.com.br\\\/marketing\\\/2019\\\/04\\\/09\\\/escolas-ainda-produzem-analfabetos-funcionais-critica-claudia-costin\\\/#respond\"]}]},{\"@type\":\"WebPage\",\"@id\":\"https:\\\/\\\/www.cidademarketing.com.br\\\/marketing\\\/2019\\\/04\\\/09\\\/escolas-ainda-produzem-analfabetos-funcionais-critica-claudia-costin\\\/\",\"url\":\"https:\\\/\\\/www.cidademarketing.com.br\\\/marketing\\\/2019\\\/04\\\/09\\\/escolas-ainda-produzem-analfabetos-funcionais-critica-claudia-costin\\\/\",\"name\":\"Escolas ainda produzem analfabetos funcionais, critica Claudia Costin - CidadeMarketing\",\"isPartOf\":{\"@id\":\"https:\\\/\\\/www.cidademarketing.com.br\\\/marketing\\\/#website\"},\"primaryImageOfPage\":{\"@id\":\"https:\\\/\\\/www.cidademarketing.com.br\\\/marketing\\\/2019\\\/04\\\/09\\\/escolas-ainda-produzem-analfabetos-funcionais-critica-claudia-costin\\\/#primaryimage\"},\"image\":{\"@id\":\"https:\\\/\\\/www.cidademarketing.com.br\\\/marketing\\\/2019\\\/04\\\/09\\\/escolas-ainda-produzem-analfabetos-funcionais-critica-claudia-costin\\\/#primaryimage\"},\"thumbnailUrl\":\"https:\\\/\\\/www.cidademarketing.com.br\\\/marketing\\\/wp-content\\\/uploads\\\/2019\\\/04\\\/claudia_costin.jpg\",\"datePublished\":\"2019-04-09T15:35:33+00:00\",\"dateModified\":\"2019-04-09T15:35:36+00:00\",\"breadcrumb\":{\"@id\":\"https:\\\/\\\/www.cidademarketing.com.br\\\/marketing\\\/2019\\\/04\\\/09\\\/escolas-ainda-produzem-analfabetos-funcionais-critica-claudia-costin\\\/#breadcrumb\"},\"inLanguage\":\"pt-BR\",\"potentialAction\":[{\"@type\":\"ReadAction\",\"target\":[\"https:\\\/\\\/www.cidademarketing.com.br\\\/marketing\\\/2019\\\/04\\\/09\\\/escolas-ainda-produzem-analfabetos-funcionais-critica-claudia-costin\\\/\"]}]},{\"@type\":\"ImageObject\",\"inLanguage\":\"pt-BR\",\"@id\":\"https:\\\/\\\/www.cidademarketing.com.br\\\/marketing\\\/2019\\\/04\\\/09\\\/escolas-ainda-produzem-analfabetos-funcionais-critica-claudia-costin\\\/#primaryimage\",\"url\":\"https:\\\/\\\/www.cidademarketing.com.br\\\/marketing\\\/wp-content\\\/uploads\\\/2019\\\/04\\\/claudia_costin.jpg\",\"contentUrl\":\"https:\\\/\\\/www.cidademarketing.com.br\\\/marketing\\\/wp-content\\\/uploads\\\/2019\\\/04\\\/claudia_costin.jpg\",\"width\":1073,\"height\":551,\"caption\":\"Reprodu\u00e7\u00e3o\\\/FeCom\u00e9rcioSP\"},{\"@type\":\"BreadcrumbList\",\"@id\":\"https:\\\/\\\/www.cidademarketing.com.br\\\/marketing\\\/2019\\\/04\\\/09\\\/escolas-ainda-produzem-analfabetos-funcionais-critica-claudia-costin\\\/#breadcrumb\",\"itemListElement\":[{\"@type\":\"ListItem\",\"position\":1,\"name\":\"In\u00edcio\",\"item\":\"https:\\\/\\\/www.cidademarketing.com.br\\\/marketing\\\/\"},{\"@type\":\"ListItem\",\"position\":2,\"name\":\"Escolas ainda produzem analfabetos funcionais, critica Claudia Costin\"}]},{\"@type\":\"WebSite\",\"@id\":\"https:\\\/\\\/www.cidademarketing.com.br\\\/marketing\\\/#website\",\"url\":\"https:\\\/\\\/www.cidademarketing.com.br\\\/marketing\\\/\",\"name\":\"CidadeMarketing\",\"description\":\"Somos um ve\u00edculo de comunica\u00e7\u00e3o de destaque no Brasil, reconhecido por conte\u00fados nos segmentos de marketing, empreendedorismo e inova\u00e7\u00e3o.\",\"publisher\":{\"@id\":\"https:\\\/\\\/www.cidademarketing.com.br\\\/marketing\\\/#organization\"},\"alternateName\":\"CidadeMarketing\",\"potentialAction\":[{\"@type\":\"SearchAction\",\"target\":{\"@type\":\"EntryPoint\",\"urlTemplate\":\"https:\\\/\\\/www.cidademarketing.com.br\\\/marketing\\\/?s={search_term_string}\"},\"query-input\":{\"@type\":\"PropertyValueSpecification\",\"valueRequired\":true,\"valueName\":\"search_term_string\"}}],\"inLanguage\":\"pt-BR\"},{\"@type\":\"Organization\",\"@id\":\"https:\\\/\\\/www.cidademarketing.com.br\\\/marketing\\\/#organization\",\"name\":\"CidadeMarketing\",\"alternateName\":\"CidadeMarketing\",\"url\":\"https:\\\/\\\/www.cidademarketing.com.br\\\/marketing\\\/\",\"logo\":{\"@type\":\"ImageObject\",\"inLanguage\":\"pt-BR\",\"@id\":\"https:\\\/\\\/www.cidademarketing.com.br\\\/marketing\\\/#\\\/schema\\\/logo\\\/image\\\/\",\"url\":\"https:\\\/\\\/www.cidademarketing.com.br\\\/marketing\\\/wp-content\\\/uploads\\\/2020\\\/01\\\/cidademarketing_marca_mobile.png\",\"contentUrl\":\"https:\\\/\\\/www.cidademarketing.com.br\\\/marketing\\\/wp-content\\\/uploads\\\/2020\\\/01\\\/cidademarketing_marca_mobile.png\",\"width\":230,\"height\":92,\"caption\":\"CidadeMarketing\"},\"image\":{\"@id\":\"https:\\\/\\\/www.cidademarketing.com.br\\\/marketing\\\/#\\\/schema\\\/logo\\\/image\\\/\"},\"sameAs\":[\"https:\\\/\\\/www.facebook.com\\\/portalcidademarketing\",\"https:\\\/\\\/x.com\\\/CidadeMarketing\",\"https:\\\/\\\/www.instagram.com\\\/cidademarketing\\\/\"]},{\"@type\":\"Person\",\"@id\":\"https:\\\/\\\/www.cidademarketing.com.br\\\/marketing\\\/#\\\/schema\\\/person\\\/02daff9f18bd9378c9e01eb6b2db155f\",\"name\":\"Thales Brand\u00e3o\",\"image\":{\"@type\":\"ImageObject\",\"inLanguage\":\"pt-BR\",\"@id\":\"https:\\\/\\\/secure.gravatar.com\\\/avatar\\\/7ca3206950207cc3cb48feec56a8a7898741ab725c368d99d5d7a5a50aab80c6?s=96&d=mm&r=g\",\"url\":\"https:\\\/\\\/secure.gravatar.com\\\/avatar\\\/7ca3206950207cc3cb48feec56a8a7898741ab725c368d99d5d7a5a50aab80c6?s=96&d=mm&r=g\",\"contentUrl\":\"https:\\\/\\\/secure.gravatar.com\\\/avatar\\\/7ca3206950207cc3cb48feec56a8a7898741ab725c368d99d5d7a5a50aab80c6?s=96&d=mm&r=g\",\"caption\":\"Thales Brand\u00e3o\"},\"description\":\"Editor Executivo do Portal CidadeMarketing.com.br &gt; Mestre em Comunica\u00e7\u00e3o e Sociedade pela Universidade Federal de Sergipe. Possui MBA Executivo em Administra\u00e7\u00e3o com \u00eanfase em Marketing pela Funda\u00e7\u00e3o Get\u00falio Vargas - Rio de Janeiro. Consultor, Palestrante e Pesquisador sobre Empreendedorismo, Marketing, Redes Sociais e Neg\u00f3cios Digitais. Professor, Palestrante TedxTalks e Campus Party. Twitter: @ThalesBrandao\",\"sameAs\":[\"http:\\\/\\\/www.mandacaru.com.br\",\"https:\\\/\\\/www.facebook.com\\\/thalesbrandao\",\"http:\\\/\\\/www.instagram.com.br\\\/thalesbrandaoferreira\",\"https:\\\/\\\/www.linkedin.com\\\/in\\\/thales-brand\u00e3o-3948609\\\/\",\"https:\\\/\\\/x.com\\\/http:\\\/\\\/www.twitter.com\\\/thalesbrandao\"],\"url\":\"https:\\\/\\\/www.cidademarketing.com.br\\\/marketing\\\/author\\\/thalesbrandao\\\/\"}]}<\/script>\n<!-- \/ Yoast SEO plugin. -->","yoast_head_json":{"title":"Escolas ainda produzem analfabetos funcionais, critica Claudia Costin - CidadeMarketing","robots":{"index":"index","follow":"follow","max-snippet":"max-snippet:-1","max-image-preview":"max-image-preview:large","max-video-preview":"max-video-preview:-1"},"canonical":"https:\/\/www.cidademarketing.com.br\/marketing\/2019\/04\/09\/escolas-ainda-produzem-analfabetos-funcionais-critica-claudia-costin\/","og_locale":"pt_BR","og_type":"article","og_title":"Escolas ainda produzem analfabetos funcionais, critica Claudia Costin - CidadeMarketing","og_description":"O Brasil persegue a meta de ter todas as crian\u00e7as e os jovens matriculados, mas frequentar o ambiente escolar n\u00e3o \u00e9 sin\u00f4nimo de aprendizagem. Em entrevista ao UM BRASIL, a diretora do Centro de Excel\u00eancia e Inova\u00e7\u00e3o em Pol\u00edticas Educacionais (Ceipe), Claudia Costin, lembra do alto \u00edndice de analfabetos funcionais (incapacidade de interpreta\u00e7\u00e3o de textos) [&hellip;]","og_url":"https:\/\/www.cidademarketing.com.br\/marketing\/2019\/04\/09\/escolas-ainda-produzem-analfabetos-funcionais-critica-claudia-costin\/","og_site_name":"CidadeMarketing","article_publisher":"https:\/\/www.facebook.com\/portalcidademarketing","article_author":"https:\/\/www.facebook.com\/thalesbrandao","article_published_time":"2019-04-09T15:35:33+00:00","article_modified_time":"2019-04-09T15:35:36+00:00","og_image":[{"width":1073,"height":551,"url":"https:\/\/www.cidademarketing.com.br\/marketing\/wp-content\/uploads\/2019\/04\/claudia_costin.jpg","type":"image\/jpeg"}],"author":"Thales Brand\u00e3o","twitter_card":"summary_large_image","twitter_creator":"@http:\/\/www.twitter.com\/thalesbrandao","twitter_site":"@CidadeMarketing","twitter_misc":{"Escrito por":"Thales Brand\u00e3o","Est. tempo de leitura":"3 minutos"},"schema":{"@context":"https:\/\/schema.org","@graph":[{"@type":"Article","@id":"https:\/\/www.cidademarketing.com.br\/marketing\/2019\/04\/09\/escolas-ainda-produzem-analfabetos-funcionais-critica-claudia-costin\/#article","isPartOf":{"@id":"https:\/\/www.cidademarketing.com.br\/marketing\/2019\/04\/09\/escolas-ainda-produzem-analfabetos-funcionais-critica-claudia-costin\/"},"author":{"name":"Thales Brand\u00e3o","@id":"https:\/\/www.cidademarketing.com.br\/marketing\/#\/schema\/person\/02daff9f18bd9378c9e01eb6b2db155f"},"headline":"Escolas ainda produzem analfabetos funcionais, critica Claudia Costin","datePublished":"2019-04-09T15:35:33+00:00","dateModified":"2019-04-09T15:35:36+00:00","mainEntityOfPage":{"@id":"https:\/\/www.cidademarketing.com.br\/marketing\/2019\/04\/09\/escolas-ainda-produzem-analfabetos-funcionais-critica-claudia-costin\/"},"wordCount":607,"commentCount":0,"publisher":{"@id":"https:\/\/www.cidademarketing.com.br\/marketing\/#organization"},"image":{"@id":"https:\/\/www.cidademarketing.com.br\/marketing\/2019\/04\/09\/escolas-ainda-produzem-analfabetos-funcionais-critica-claudia-costin\/#primaryimage"},"thumbnailUrl":"https:\/\/www.cidademarketing.com.br\/marketing\/wp-content\/uploads\/2019\/04\/claudia_costin.jpg","keywords":["estrat\u00e9gia","pesquisa de mercado"],"articleSection":["Not\u00edcias"],"inLanguage":"pt-BR","potentialAction":[{"@type":"CommentAction","name":"Comment","target":["https:\/\/www.cidademarketing.com.br\/marketing\/2019\/04\/09\/escolas-ainda-produzem-analfabetos-funcionais-critica-claudia-costin\/#respond"]}]},{"@type":"WebPage","@id":"https:\/\/www.cidademarketing.com.br\/marketing\/2019\/04\/09\/escolas-ainda-produzem-analfabetos-funcionais-critica-claudia-costin\/","url":"https:\/\/www.cidademarketing.com.br\/marketing\/2019\/04\/09\/escolas-ainda-produzem-analfabetos-funcionais-critica-claudia-costin\/","name":"Escolas ainda produzem analfabetos funcionais, critica Claudia Costin - CidadeMarketing","isPartOf":{"@id":"https:\/\/www.cidademarketing.com.br\/marketing\/#website"},"primaryImageOfPage":{"@id":"https:\/\/www.cidademarketing.com.br\/marketing\/2019\/04\/09\/escolas-ainda-produzem-analfabetos-funcionais-critica-claudia-costin\/#primaryimage"},"image":{"@id":"https:\/\/www.cidademarketing.com.br\/marketing\/2019\/04\/09\/escolas-ainda-produzem-analfabetos-funcionais-critica-claudia-costin\/#primaryimage"},"thumbnailUrl":"https:\/\/www.cidademarketing.com.br\/marketing\/wp-content\/uploads\/2019\/04\/claudia_costin.jpg","datePublished":"2019-04-09T15:35:33+00:00","dateModified":"2019-04-09T15:35:36+00:00","breadcrumb":{"@id":"https:\/\/www.cidademarketing.com.br\/marketing\/2019\/04\/09\/escolas-ainda-produzem-analfabetos-funcionais-critica-claudia-costin\/#breadcrumb"},"inLanguage":"pt-BR","potentialAction":[{"@type":"ReadAction","target":["https:\/\/www.cidademarketing.com.br\/marketing\/2019\/04\/09\/escolas-ainda-produzem-analfabetos-funcionais-critica-claudia-costin\/"]}]},{"@type":"ImageObject","inLanguage":"pt-BR","@id":"https:\/\/www.cidademarketing.com.br\/marketing\/2019\/04\/09\/escolas-ainda-produzem-analfabetos-funcionais-critica-claudia-costin\/#primaryimage","url":"https:\/\/www.cidademarketing.com.br\/marketing\/wp-content\/uploads\/2019\/04\/claudia_costin.jpg","contentUrl":"https:\/\/www.cidademarketing.com.br\/marketing\/wp-content\/uploads\/2019\/04\/claudia_costin.jpg","width":1073,"height":551,"caption":"Reprodu\u00e7\u00e3o\/FeCom\u00e9rcioSP"},{"@type":"BreadcrumbList","@id":"https:\/\/www.cidademarketing.com.br\/marketing\/2019\/04\/09\/escolas-ainda-produzem-analfabetos-funcionais-critica-claudia-costin\/#breadcrumb","itemListElement":[{"@type":"ListItem","position":1,"name":"In\u00edcio","item":"https:\/\/www.cidademarketing.com.br\/marketing\/"},{"@type":"ListItem","position":2,"name":"Escolas ainda produzem analfabetos funcionais, critica Claudia Costin"}]},{"@type":"WebSite","@id":"https:\/\/www.cidademarketing.com.br\/marketing\/#website","url":"https:\/\/www.cidademarketing.com.br\/marketing\/","name":"CidadeMarketing","description":"Somos um ve\u00edculo de comunica\u00e7\u00e3o de destaque no Brasil, reconhecido por conte\u00fados nos segmentos de marketing, empreendedorismo e inova\u00e7\u00e3o.","publisher":{"@id":"https:\/\/www.cidademarketing.com.br\/marketing\/#organization"},"alternateName":"CidadeMarketing","potentialAction":[{"@type":"SearchAction","target":{"@type":"EntryPoint","urlTemplate":"https:\/\/www.cidademarketing.com.br\/marketing\/?s={search_term_string}"},"query-input":{"@type":"PropertyValueSpecification","valueRequired":true,"valueName":"search_term_string"}}],"inLanguage":"pt-BR"},{"@type":"Organization","@id":"https:\/\/www.cidademarketing.com.br\/marketing\/#organization","name":"CidadeMarketing","alternateName":"CidadeMarketing","url":"https:\/\/www.cidademarketing.com.br\/marketing\/","logo":{"@type":"ImageObject","inLanguage":"pt-BR","@id":"https:\/\/www.cidademarketing.com.br\/marketing\/#\/schema\/logo\/image\/","url":"https:\/\/www.cidademarketing.com.br\/marketing\/wp-content\/uploads\/2020\/01\/cidademarketing_marca_mobile.png","contentUrl":"https:\/\/www.cidademarketing.com.br\/marketing\/wp-content\/uploads\/2020\/01\/cidademarketing_marca_mobile.png","width":230,"height":92,"caption":"CidadeMarketing"},"image":{"@id":"https:\/\/www.cidademarketing.com.br\/marketing\/#\/schema\/logo\/image\/"},"sameAs":["https:\/\/www.facebook.com\/portalcidademarketing","https:\/\/x.com\/CidadeMarketing","https:\/\/www.instagram.com\/cidademarketing\/"]},{"@type":"Person","@id":"https:\/\/www.cidademarketing.com.br\/marketing\/#\/schema\/person\/02daff9f18bd9378c9e01eb6b2db155f","name":"Thales Brand\u00e3o","image":{"@type":"ImageObject","inLanguage":"pt-BR","@id":"https:\/\/secure.gravatar.com\/avatar\/7ca3206950207cc3cb48feec56a8a7898741ab725c368d99d5d7a5a50aab80c6?s=96&d=mm&r=g","url":"https:\/\/secure.gravatar.com\/avatar\/7ca3206950207cc3cb48feec56a8a7898741ab725c368d99d5d7a5a50aab80c6?s=96&d=mm&r=g","contentUrl":"https:\/\/secure.gravatar.com\/avatar\/7ca3206950207cc3cb48feec56a8a7898741ab725c368d99d5d7a5a50aab80c6?s=96&d=mm&r=g","caption":"Thales Brand\u00e3o"},"description":"Editor Executivo do Portal CidadeMarketing.com.br &gt; Mestre em Comunica\u00e7\u00e3o e Sociedade pela Universidade Federal de Sergipe. Possui MBA Executivo em Administra\u00e7\u00e3o com \u00eanfase em Marketing pela Funda\u00e7\u00e3o Get\u00falio Vargas - Rio de Janeiro. Consultor, Palestrante e Pesquisador sobre Empreendedorismo, Marketing, Redes Sociais e Neg\u00f3cios Digitais. Professor, Palestrante TedxTalks e Campus Party. Twitter: @ThalesBrandao","sameAs":["http:\/\/www.mandacaru.com.br","https:\/\/www.facebook.com\/thalesbrandao","http:\/\/www.instagram.com.br\/thalesbrandaoferreira","https:\/\/www.linkedin.com\/in\/thales-brand\u00e3o-3948609\/","https:\/\/x.com\/http:\/\/www.twitter.com\/thalesbrandao"],"url":"https:\/\/www.cidademarketing.com.br\/marketing\/author\/thalesbrandao\/"}]}},"amp_enabled":true,"_links":{"self":[{"href":"https:\/\/www.cidademarketing.com.br\/marketing\/wp-json\/wp\/v2\/posts\/7500","targetHints":{"allow":["GET"]}}],"collection":[{"href":"https:\/\/www.cidademarketing.com.br\/marketing\/wp-json\/wp\/v2\/posts"}],"about":[{"href":"https:\/\/www.cidademarketing.com.br\/marketing\/wp-json\/wp\/v2\/types\/post"}],"author":[{"embeddable":true,"href":"https:\/\/www.cidademarketing.com.br\/marketing\/wp-json\/wp\/v2\/users\/1"}],"replies":[{"embeddable":true,"href":"https:\/\/www.cidademarketing.com.br\/marketing\/wp-json\/wp\/v2\/comments?post=7500"}],"version-history":[{"count":1,"href":"https:\/\/www.cidademarketing.com.br\/marketing\/wp-json\/wp\/v2\/posts\/7500\/revisions"}],"predecessor-version":[{"id":7502,"href":"https:\/\/www.cidademarketing.com.br\/marketing\/wp-json\/wp\/v2\/posts\/7500\/revisions\/7502"}],"wp:featuredmedia":[{"embeddable":true,"href":"https:\/\/www.cidademarketing.com.br\/marketing\/wp-json\/wp\/v2\/media\/7501"}],"wp:attachment":[{"href":"https:\/\/www.cidademarketing.com.br\/marketing\/wp-json\/wp\/v2\/media?parent=7500"}],"wp:term":[{"taxonomy":"category","embeddable":true,"href":"https:\/\/www.cidademarketing.com.br\/marketing\/wp-json\/wp\/v2\/categories?post=7500"},{"taxonomy":"post_tag","embeddable":true,"href":"https:\/\/www.cidademarketing.com.br\/marketing\/wp-json\/wp\/v2\/tags?post=7500"}],"curies":[{"name":"wp","href":"https:\/\/api.w.org\/{rel}","templated":true}]}}