{"id":7457,"date":"2019-04-08T16:22:47","date_gmt":"2019-04-08T19:22:47","guid":{"rendered":"http:\/\/www.cidademarketing.com.br\/marketing\/?p=7457"},"modified":"2019-04-08T16:23:46","modified_gmt":"2019-04-08T19:23:46","slug":"belas-artes-lanca-livro-sobre-empreendedorismo-na-economia-criativa","status":"publish","type":"post","link":"https:\/\/www.cidademarketing.com.br\/marketing\/2019\/04\/08\/belas-artes-lanca-livro-sobre-empreendedorismo-na-economia-criativa\/","title":{"rendered":"Belas Artes lan\u00e7a livro sobre Empreendedorismo na Economia Criativa"},"content":{"rendered":"\n<p>A\nBelas Artes de S\u00e3o Paulo, institui\u00e7\u00e3o de ensino refer\u00eancia nas \u00e1reas da Economia\nCriativa, lan\u00e7a no pr\u00f3ximo dia 11 de abril o livro \u201cA Arte de Empreender na\nEconomia Criativa\u201d. Com uma noite de aut\u00f3grafos, o evento acontece na unidade 5\nda institui\u00e7\u00e3o, tamb\u00e9m na Vila Mariana.<\/p>\n\n\n\n<p>Os\nautores &#8211; todos especialistas nas \u00e1reas da educa\u00e7\u00e3o e economia criativa &#8211;\napresentam de maneira te\u00f3rica, pr\u00e1tica e objetiva uma obra voltada para quem\nbusca empreender com respaldo acad\u00eamico. Assim como o N\u00facleo de\nEmpreendedorismo e Inova\u00e7\u00e3o (NEI) da Belas Artes, o livro tem o objetivo de\npromover conhecimento sobre o mercado de trabalho e ajudar na forma\u00e7\u00e3o de\njovens que buscam empreender em suas \u00e1reas de atua\u00e7\u00e3o, inclusive reiteram a\nimport\u00e2ncia sobre desenvolver habilidades estrat\u00e9gicas essenciais no\nempreendedorismo.<\/p>\n\n\n\n<p>O\nEmpreendedorismo \u00e9 um dos principais pilares da Belas Artes e a institui\u00e7\u00e3o\nbusca despertar a atitude empreendedora de cada profissional em qualquer \u00e1rea\nque seja.<\/p>\n\n\n\n<p><strong>Servi\u00e7o:<\/strong><br>\n<strong>Lan\u00e7amento \u201cA Arte de\nEmpreender na Economia Criativa\u201d<\/strong><br>\n<strong>Autores:<\/strong>\nLeila Rabello, Miguel Arab, Patr\u00edcia Cardim, Flavia Rodrigues, Jorge Cury Neto,\nYuri Cunha, Jessica Lopes, J\u00f4 Souza, Luciana Antunes, Renato Teixeira, Rodrigo\nAmorim, Sidney Leite, Dario Vedana e Nei Grando<\/p>\n\n\n\n<p><strong>Data:<\/strong> 11 de abril<br>\n<strong>Hor\u00e1rio:<\/strong>\n18h30<br>\n<strong>Endere\u00e7o:<\/strong>\nRua Dr. \u00c1lvaro Alvim, 154<\/p>\n","protected":false},"excerpt":{"rendered":"<p>A Belas Artes de S\u00e3o Paulo, institui\u00e7\u00e3o de ensino refer\u00eancia nas \u00e1reas da Economia Criativa, lan\u00e7a no pr\u00f3ximo dia 11 de abril o livro \u201cA Arte de Empreender na Economia Criativa\u201d. Com uma noite de aut\u00f3grafos, o evento acontece na unidade 5 da institui\u00e7\u00e3o, tamb\u00e9m na Vila Mariana. Os autores &#8211; todos especialistas nas \u00e1reas [&hellip;]<\/p>\n","protected":false},"author":1,"featured_media":7458,"comment_status":"open","ping_status":"open","sticky":false,"template":"","format":"standard","meta":{"tdm_status":"","tdm_grid_status":"","footnotes":""},"categories":[16],"tags":[1694,1142],"class_list":["post-7457","post","type-post","status-publish","format-standard","has-post-thumbnail","hentry","category-livros","tag-belas-artes-sao-paulo","tag-editorial"],"yoast_head":"<!-- This site is optimized with the Yoast SEO plugin v27.5 - https:\/\/yoast.com\/product\/yoast-seo-wordpress\/ -->\n<title>Belas Artes lan\u00e7a livro sobre Empreendedorismo na Economia Criativa - CidadeMarketing<\/title>\n<meta name=\"robots\" content=\"index, follow, max-snippet:-1, max-image-preview:large, max-video-preview:-1\" \/>\n<link rel=\"canonical\" href=\"https:\/\/www.cidademarketing.com.br\/marketing\/2019\/04\/08\/belas-artes-lanca-livro-sobre-empreendedorismo-na-economia-criativa\/\" \/>\n<meta property=\"og:locale\" content=\"pt_BR\" \/>\n<meta property=\"og:type\" content=\"article\" \/>\n<meta property=\"og:title\" content=\"Belas Artes lan\u00e7a livro sobre Empreendedorismo na Economia Criativa - CidadeMarketing\" \/>\n<meta property=\"og:description\" content=\"A Belas Artes de S\u00e3o Paulo, institui\u00e7\u00e3o de ensino refer\u00eancia nas \u00e1reas da Economia Criativa, lan\u00e7a no pr\u00f3ximo dia 11 de abril o livro \u201cA Arte de Empreender na Economia Criativa\u201d. Com uma noite de aut\u00f3grafos, o evento acontece na unidade 5 da institui\u00e7\u00e3o, tamb\u00e9m na Vila Mariana. Os autores &#8211; todos especialistas nas \u00e1reas [&hellip;]\" \/>\n<meta property=\"og:url\" content=\"https:\/\/www.cidademarketing.com.br\/marketing\/2019\/04\/08\/belas-artes-lanca-livro-sobre-empreendedorismo-na-economia-criativa\/\" \/>\n<meta property=\"og:site_name\" content=\"CidadeMarketing\" \/>\n<meta property=\"article:publisher\" content=\"https:\/\/www.facebook.com\/portalcidademarketing\" \/>\n<meta property=\"article:author\" content=\"https:\/\/www.facebook.com\/thalesbrandao\" \/>\n<meta property=\"article:published_time\" content=\"2019-04-08T19:22:47+00:00\" \/>\n<meta property=\"article:modified_time\" content=\"2019-04-08T19:23:46+00:00\" \/>\n<meta property=\"og:image\" content=\"https:\/\/www.cidademarketing.com.br\/marketing\/wp-content\/uploads\/2019\/04\/livro_belasartes.jpg\" \/>\n\t<meta property=\"og:image:width\" content=\"1280\" \/>\n\t<meta property=\"og:image:height\" content=\"1280\" \/>\n\t<meta property=\"og:image:type\" content=\"image\/jpeg\" \/>\n<meta name=\"author\" content=\"Thales Brand\u00e3o\" \/>\n<meta name=\"twitter:card\" content=\"summary_large_image\" \/>\n<meta name=\"twitter:creator\" content=\"@http:\/\/www.twitter.com\/thalesbrandao\" \/>\n<meta name=\"twitter:site\" content=\"@CidadeMarketing\" \/>\n<meta name=\"twitter:label1\" content=\"Escrito por\" \/>\n\t<meta name=\"twitter:data1\" content=\"Thales Brand\u00e3o\" \/>\n\t<meta name=\"twitter:label2\" content=\"Est. tempo de leitura\" \/>\n\t<meta name=\"twitter:data2\" content=\"1 minuto\" \/>\n<script type=\"application\/ld+json\" class=\"yoast-schema-graph\">{\"@context\":\"https:\\\/\\\/schema.org\",\"@graph\":[{\"@type\":\"Article\",\"@id\":\"https:\\\/\\\/www.cidademarketing.com.br\\\/marketing\\\/2019\\\/04\\\/08\\\/belas-artes-lanca-livro-sobre-empreendedorismo-na-economia-criativa\\\/#article\",\"isPartOf\":{\"@id\":\"https:\\\/\\\/www.cidademarketing.com.br\\\/marketing\\\/2019\\\/04\\\/08\\\/belas-artes-lanca-livro-sobre-empreendedorismo-na-economia-criativa\\\/\"},\"author\":{\"name\":\"Thales Brand\u00e3o\",\"@id\":\"https:\\\/\\\/www.cidademarketing.com.br\\\/marketing\\\/#\\\/schema\\\/person\\\/02daff9f18bd9378c9e01eb6b2db155f\"},\"headline\":\"Belas Artes lan\u00e7a livro sobre Empreendedorismo na Economia Criativa\",\"datePublished\":\"2019-04-08T19:22:47+00:00\",\"dateModified\":\"2019-04-08T19:23:46+00:00\",\"mainEntityOfPage\":{\"@id\":\"https:\\\/\\\/www.cidademarketing.com.br\\\/marketing\\\/2019\\\/04\\\/08\\\/belas-artes-lanca-livro-sobre-empreendedorismo-na-economia-criativa\\\/\"},\"wordCount\":235,\"commentCount\":0,\"publisher\":{\"@id\":\"https:\\\/\\\/www.cidademarketing.com.br\\\/marketing\\\/#organization\"},\"image\":{\"@id\":\"https:\\\/\\\/www.cidademarketing.com.br\\\/marketing\\\/2019\\\/04\\\/08\\\/belas-artes-lanca-livro-sobre-empreendedorismo-na-economia-criativa\\\/#primaryimage\"},\"thumbnailUrl\":\"https:\\\/\\\/www.cidademarketing.com.br\\\/marketing\\\/wp-content\\\/uploads\\\/2019\\\/04\\\/livro_belasartes.jpg\",\"keywords\":[\"Belas Artes S\u00e3o Paulo\",\"editorial\"],\"articleSection\":[\"Livros\"],\"inLanguage\":\"pt-BR\",\"potentialAction\":[{\"@type\":\"CommentAction\",\"name\":\"Comment\",\"target\":[\"https:\\\/\\\/www.cidademarketing.com.br\\\/marketing\\\/2019\\\/04\\\/08\\\/belas-artes-lanca-livro-sobre-empreendedorismo-na-economia-criativa\\\/#respond\"]}]},{\"@type\":\"WebPage\",\"@id\":\"https:\\\/\\\/www.cidademarketing.com.br\\\/marketing\\\/2019\\\/04\\\/08\\\/belas-artes-lanca-livro-sobre-empreendedorismo-na-economia-criativa\\\/\",\"url\":\"https:\\\/\\\/www.cidademarketing.com.br\\\/marketing\\\/2019\\\/04\\\/08\\\/belas-artes-lanca-livro-sobre-empreendedorismo-na-economia-criativa\\\/\",\"name\":\"Belas Artes lan\u00e7a livro sobre Empreendedorismo na Economia Criativa - CidadeMarketing\",\"isPartOf\":{\"@id\":\"https:\\\/\\\/www.cidademarketing.com.br\\\/marketing\\\/#website\"},\"primaryImageOfPage\":{\"@id\":\"https:\\\/\\\/www.cidademarketing.com.br\\\/marketing\\\/2019\\\/04\\\/08\\\/belas-artes-lanca-livro-sobre-empreendedorismo-na-economia-criativa\\\/#primaryimage\"},\"image\":{\"@id\":\"https:\\\/\\\/www.cidademarketing.com.br\\\/marketing\\\/2019\\\/04\\\/08\\\/belas-artes-lanca-livro-sobre-empreendedorismo-na-economia-criativa\\\/#primaryimage\"},\"thumbnailUrl\":\"https:\\\/\\\/www.cidademarketing.com.br\\\/marketing\\\/wp-content\\\/uploads\\\/2019\\\/04\\\/livro_belasartes.jpg\",\"datePublished\":\"2019-04-08T19:22:47+00:00\",\"dateModified\":\"2019-04-08T19:23:46+00:00\",\"breadcrumb\":{\"@id\":\"https:\\\/\\\/www.cidademarketing.com.br\\\/marketing\\\/2019\\\/04\\\/08\\\/belas-artes-lanca-livro-sobre-empreendedorismo-na-economia-criativa\\\/#breadcrumb\"},\"inLanguage\":\"pt-BR\",\"potentialAction\":[{\"@type\":\"ReadAction\",\"target\":[\"https:\\\/\\\/www.cidademarketing.com.br\\\/marketing\\\/2019\\\/04\\\/08\\\/belas-artes-lanca-livro-sobre-empreendedorismo-na-economia-criativa\\\/\"]}]},{\"@type\":\"ImageObject\",\"inLanguage\":\"pt-BR\",\"@id\":\"https:\\\/\\\/www.cidademarketing.com.br\\\/marketing\\\/2019\\\/04\\\/08\\\/belas-artes-lanca-livro-sobre-empreendedorismo-na-economia-criativa\\\/#primaryimage\",\"url\":\"https:\\\/\\\/www.cidademarketing.com.br\\\/marketing\\\/wp-content\\\/uploads\\\/2019\\\/04\\\/livro_belasartes.jpg\",\"contentUrl\":\"https:\\\/\\\/www.cidademarketing.com.br\\\/marketing\\\/wp-content\\\/uploads\\\/2019\\\/04\\\/livro_belasartes.jpg\",\"width\":1280,\"height\":1280,\"caption\":\"A institui\u00e7\u00e3o transformou a discuss\u00e3o da sala de aula em livro e aborda quest\u00f5es como caracter\u00edsticas e habilidades importantes na hora de empreender nas \u00e1reas da economia criativa\"},{\"@type\":\"BreadcrumbList\",\"@id\":\"https:\\\/\\\/www.cidademarketing.com.br\\\/marketing\\\/2019\\\/04\\\/08\\\/belas-artes-lanca-livro-sobre-empreendedorismo-na-economia-criativa\\\/#breadcrumb\",\"itemListElement\":[{\"@type\":\"ListItem\",\"position\":1,\"name\":\"In\u00edcio\",\"item\":\"https:\\\/\\\/www.cidademarketing.com.br\\\/marketing\\\/\"},{\"@type\":\"ListItem\",\"position\":2,\"name\":\"Belas Artes lan\u00e7a livro sobre Empreendedorismo na Economia Criativa\"}]},{\"@type\":\"WebSite\",\"@id\":\"https:\\\/\\\/www.cidademarketing.com.br\\\/marketing\\\/#website\",\"url\":\"https:\\\/\\\/www.cidademarketing.com.br\\\/marketing\\\/\",\"name\":\"CidadeMarketing\",\"description\":\"Somos um ve\u00edculo de comunica\u00e7\u00e3o de destaque no Brasil, reconhecido por conte\u00fados nos segmentos de marketing, empreendedorismo e inova\u00e7\u00e3o.\",\"publisher\":{\"@id\":\"https:\\\/\\\/www.cidademarketing.com.br\\\/marketing\\\/#organization\"},\"alternateName\":\"CidadeMarketing\",\"potentialAction\":[{\"@type\":\"SearchAction\",\"target\":{\"@type\":\"EntryPoint\",\"urlTemplate\":\"https:\\\/\\\/www.cidademarketing.com.br\\\/marketing\\\/?s={search_term_string}\"},\"query-input\":{\"@type\":\"PropertyValueSpecification\",\"valueRequired\":true,\"valueName\":\"search_term_string\"}}],\"inLanguage\":\"pt-BR\"},{\"@type\":\"Organization\",\"@id\":\"https:\\\/\\\/www.cidademarketing.com.br\\\/marketing\\\/#organization\",\"name\":\"CidadeMarketing\",\"alternateName\":\"CidadeMarketing\",\"url\":\"https:\\\/\\\/www.cidademarketing.com.br\\\/marketing\\\/\",\"logo\":{\"@type\":\"ImageObject\",\"inLanguage\":\"pt-BR\",\"@id\":\"https:\\\/\\\/www.cidademarketing.com.br\\\/marketing\\\/#\\\/schema\\\/logo\\\/image\\\/\",\"url\":\"https:\\\/\\\/www.cidademarketing.com.br\\\/marketing\\\/wp-content\\\/uploads\\\/2020\\\/01\\\/cidademarketing_marca_mobile.png\",\"contentUrl\":\"https:\\\/\\\/www.cidademarketing.com.br\\\/marketing\\\/wp-content\\\/uploads\\\/2020\\\/01\\\/cidademarketing_marca_mobile.png\",\"width\":230,\"height\":92,\"caption\":\"CidadeMarketing\"},\"image\":{\"@id\":\"https:\\\/\\\/www.cidademarketing.com.br\\\/marketing\\\/#\\\/schema\\\/logo\\\/image\\\/\"},\"sameAs\":[\"https:\\\/\\\/www.facebook.com\\\/portalcidademarketing\",\"https:\\\/\\\/x.com\\\/CidadeMarketing\",\"https:\\\/\\\/www.instagram.com\\\/cidademarketing\\\/\"]},{\"@type\":\"Person\",\"@id\":\"https:\\\/\\\/www.cidademarketing.com.br\\\/marketing\\\/#\\\/schema\\\/person\\\/02daff9f18bd9378c9e01eb6b2db155f\",\"name\":\"Thales Brand\u00e3o\",\"image\":{\"@type\":\"ImageObject\",\"inLanguage\":\"pt-BR\",\"@id\":\"https:\\\/\\\/secure.gravatar.com\\\/avatar\\\/7ca3206950207cc3cb48feec56a8a7898741ab725c368d99d5d7a5a50aab80c6?s=96&d=mm&r=g\",\"url\":\"https:\\\/\\\/secure.gravatar.com\\\/avatar\\\/7ca3206950207cc3cb48feec56a8a7898741ab725c368d99d5d7a5a50aab80c6?s=96&d=mm&r=g\",\"contentUrl\":\"https:\\\/\\\/secure.gravatar.com\\\/avatar\\\/7ca3206950207cc3cb48feec56a8a7898741ab725c368d99d5d7a5a50aab80c6?s=96&d=mm&r=g\",\"caption\":\"Thales Brand\u00e3o\"},\"description\":\"Editor Executivo do Portal CidadeMarketing.com.br &gt; Mestre em Comunica\u00e7\u00e3o e Sociedade pela Universidade Federal de Sergipe. Possui MBA Executivo em Administra\u00e7\u00e3o com \u00eanfase em Marketing pela Funda\u00e7\u00e3o Get\u00falio Vargas - Rio de Janeiro. Consultor, Palestrante e Pesquisador sobre Empreendedorismo, Marketing, Redes Sociais e Neg\u00f3cios Digitais. Professor, Palestrante TedxTalks e Campus Party. Twitter: @ThalesBrandao\",\"sameAs\":[\"http:\\\/\\\/www.mandacaru.com.br\",\"https:\\\/\\\/www.facebook.com\\\/thalesbrandao\",\"http:\\\/\\\/www.instagram.com.br\\\/thalesbrandaoferreira\",\"https:\\\/\\\/www.linkedin.com\\\/in\\\/thales-brand\u00e3o-3948609\\\/\",\"https:\\\/\\\/x.com\\\/http:\\\/\\\/www.twitter.com\\\/thalesbrandao\"],\"url\":\"https:\\\/\\\/www.cidademarketing.com.br\\\/marketing\\\/author\\\/thalesbrandao\\\/\"}]}<\/script>\n<!-- \/ Yoast SEO plugin. -->","yoast_head_json":{"title":"Belas Artes lan\u00e7a livro sobre Empreendedorismo na Economia Criativa - CidadeMarketing","robots":{"index":"index","follow":"follow","max-snippet":"max-snippet:-1","max-image-preview":"max-image-preview:large","max-video-preview":"max-video-preview:-1"},"canonical":"https:\/\/www.cidademarketing.com.br\/marketing\/2019\/04\/08\/belas-artes-lanca-livro-sobre-empreendedorismo-na-economia-criativa\/","og_locale":"pt_BR","og_type":"article","og_title":"Belas Artes lan\u00e7a livro sobre Empreendedorismo na Economia Criativa - CidadeMarketing","og_description":"A Belas Artes de S\u00e3o Paulo, institui\u00e7\u00e3o de ensino refer\u00eancia nas \u00e1reas da Economia Criativa, lan\u00e7a no pr\u00f3ximo dia 11 de abril o livro \u201cA Arte de Empreender na Economia Criativa\u201d. Com uma noite de aut\u00f3grafos, o evento acontece na unidade 5 da institui\u00e7\u00e3o, tamb\u00e9m na Vila Mariana. Os autores &#8211; todos especialistas nas \u00e1reas [&hellip;]","og_url":"https:\/\/www.cidademarketing.com.br\/marketing\/2019\/04\/08\/belas-artes-lanca-livro-sobre-empreendedorismo-na-economia-criativa\/","og_site_name":"CidadeMarketing","article_publisher":"https:\/\/www.facebook.com\/portalcidademarketing","article_author":"https:\/\/www.facebook.com\/thalesbrandao","article_published_time":"2019-04-08T19:22:47+00:00","article_modified_time":"2019-04-08T19:23:46+00:00","og_image":[{"width":1280,"height":1280,"url":"https:\/\/www.cidademarketing.com.br\/marketing\/wp-content\/uploads\/2019\/04\/livro_belasartes.jpg","type":"image\/jpeg"}],"author":"Thales Brand\u00e3o","twitter_card":"summary_large_image","twitter_creator":"@http:\/\/www.twitter.com\/thalesbrandao","twitter_site":"@CidadeMarketing","twitter_misc":{"Escrito por":"Thales Brand\u00e3o","Est. tempo de leitura":"1 minuto"},"schema":{"@context":"https:\/\/schema.org","@graph":[{"@type":"Article","@id":"https:\/\/www.cidademarketing.com.br\/marketing\/2019\/04\/08\/belas-artes-lanca-livro-sobre-empreendedorismo-na-economia-criativa\/#article","isPartOf":{"@id":"https:\/\/www.cidademarketing.com.br\/marketing\/2019\/04\/08\/belas-artes-lanca-livro-sobre-empreendedorismo-na-economia-criativa\/"},"author":{"name":"Thales Brand\u00e3o","@id":"https:\/\/www.cidademarketing.com.br\/marketing\/#\/schema\/person\/02daff9f18bd9378c9e01eb6b2db155f"},"headline":"Belas Artes lan\u00e7a livro sobre Empreendedorismo na Economia Criativa","datePublished":"2019-04-08T19:22:47+00:00","dateModified":"2019-04-08T19:23:46+00:00","mainEntityOfPage":{"@id":"https:\/\/www.cidademarketing.com.br\/marketing\/2019\/04\/08\/belas-artes-lanca-livro-sobre-empreendedorismo-na-economia-criativa\/"},"wordCount":235,"commentCount":0,"publisher":{"@id":"https:\/\/www.cidademarketing.com.br\/marketing\/#organization"},"image":{"@id":"https:\/\/www.cidademarketing.com.br\/marketing\/2019\/04\/08\/belas-artes-lanca-livro-sobre-empreendedorismo-na-economia-criativa\/#primaryimage"},"thumbnailUrl":"https:\/\/www.cidademarketing.com.br\/marketing\/wp-content\/uploads\/2019\/04\/livro_belasartes.jpg","keywords":["Belas Artes S\u00e3o Paulo","editorial"],"articleSection":["Livros"],"inLanguage":"pt-BR","potentialAction":[{"@type":"CommentAction","name":"Comment","target":["https:\/\/www.cidademarketing.com.br\/marketing\/2019\/04\/08\/belas-artes-lanca-livro-sobre-empreendedorismo-na-economia-criativa\/#respond"]}]},{"@type":"WebPage","@id":"https:\/\/www.cidademarketing.com.br\/marketing\/2019\/04\/08\/belas-artes-lanca-livro-sobre-empreendedorismo-na-economia-criativa\/","url":"https:\/\/www.cidademarketing.com.br\/marketing\/2019\/04\/08\/belas-artes-lanca-livro-sobre-empreendedorismo-na-economia-criativa\/","name":"Belas Artes lan\u00e7a livro sobre Empreendedorismo na Economia Criativa - CidadeMarketing","isPartOf":{"@id":"https:\/\/www.cidademarketing.com.br\/marketing\/#website"},"primaryImageOfPage":{"@id":"https:\/\/www.cidademarketing.com.br\/marketing\/2019\/04\/08\/belas-artes-lanca-livro-sobre-empreendedorismo-na-economia-criativa\/#primaryimage"},"image":{"@id":"https:\/\/www.cidademarketing.com.br\/marketing\/2019\/04\/08\/belas-artes-lanca-livro-sobre-empreendedorismo-na-economia-criativa\/#primaryimage"},"thumbnailUrl":"https:\/\/www.cidademarketing.com.br\/marketing\/wp-content\/uploads\/2019\/04\/livro_belasartes.jpg","datePublished":"2019-04-08T19:22:47+00:00","dateModified":"2019-04-08T19:23:46+00:00","breadcrumb":{"@id":"https:\/\/www.cidademarketing.com.br\/marketing\/2019\/04\/08\/belas-artes-lanca-livro-sobre-empreendedorismo-na-economia-criativa\/#breadcrumb"},"inLanguage":"pt-BR","potentialAction":[{"@type":"ReadAction","target":["https:\/\/www.cidademarketing.com.br\/marketing\/2019\/04\/08\/belas-artes-lanca-livro-sobre-empreendedorismo-na-economia-criativa\/"]}]},{"@type":"ImageObject","inLanguage":"pt-BR","@id":"https:\/\/www.cidademarketing.com.br\/marketing\/2019\/04\/08\/belas-artes-lanca-livro-sobre-empreendedorismo-na-economia-criativa\/#primaryimage","url":"https:\/\/www.cidademarketing.com.br\/marketing\/wp-content\/uploads\/2019\/04\/livro_belasartes.jpg","contentUrl":"https:\/\/www.cidademarketing.com.br\/marketing\/wp-content\/uploads\/2019\/04\/livro_belasartes.jpg","width":1280,"height":1280,"caption":"A institui\u00e7\u00e3o transformou a discuss\u00e3o da sala de aula em livro e aborda quest\u00f5es como caracter\u00edsticas e habilidades importantes na hora de empreender nas \u00e1reas da economia criativa"},{"@type":"BreadcrumbList","@id":"https:\/\/www.cidademarketing.com.br\/marketing\/2019\/04\/08\/belas-artes-lanca-livro-sobre-empreendedorismo-na-economia-criativa\/#breadcrumb","itemListElement":[{"@type":"ListItem","position":1,"name":"In\u00edcio","item":"https:\/\/www.cidademarketing.com.br\/marketing\/"},{"@type":"ListItem","position":2,"name":"Belas Artes lan\u00e7a livro sobre Empreendedorismo na Economia Criativa"}]},{"@type":"WebSite","@id":"https:\/\/www.cidademarketing.com.br\/marketing\/#website","url":"https:\/\/www.cidademarketing.com.br\/marketing\/","name":"CidadeMarketing","description":"Somos um ve\u00edculo de comunica\u00e7\u00e3o de destaque no Brasil, reconhecido por conte\u00fados nos segmentos de marketing, empreendedorismo e inova\u00e7\u00e3o.","publisher":{"@id":"https:\/\/www.cidademarketing.com.br\/marketing\/#organization"},"alternateName":"CidadeMarketing","potentialAction":[{"@type":"SearchAction","target":{"@type":"EntryPoint","urlTemplate":"https:\/\/www.cidademarketing.com.br\/marketing\/?s={search_term_string}"},"query-input":{"@type":"PropertyValueSpecification","valueRequired":true,"valueName":"search_term_string"}}],"inLanguage":"pt-BR"},{"@type":"Organization","@id":"https:\/\/www.cidademarketing.com.br\/marketing\/#organization","name":"CidadeMarketing","alternateName":"CidadeMarketing","url":"https:\/\/www.cidademarketing.com.br\/marketing\/","logo":{"@type":"ImageObject","inLanguage":"pt-BR","@id":"https:\/\/www.cidademarketing.com.br\/marketing\/#\/schema\/logo\/image\/","url":"https:\/\/www.cidademarketing.com.br\/marketing\/wp-content\/uploads\/2020\/01\/cidademarketing_marca_mobile.png","contentUrl":"https:\/\/www.cidademarketing.com.br\/marketing\/wp-content\/uploads\/2020\/01\/cidademarketing_marca_mobile.png","width":230,"height":92,"caption":"CidadeMarketing"},"image":{"@id":"https:\/\/www.cidademarketing.com.br\/marketing\/#\/schema\/logo\/image\/"},"sameAs":["https:\/\/www.facebook.com\/portalcidademarketing","https:\/\/x.com\/CidadeMarketing","https:\/\/www.instagram.com\/cidademarketing\/"]},{"@type":"Person","@id":"https:\/\/www.cidademarketing.com.br\/marketing\/#\/schema\/person\/02daff9f18bd9378c9e01eb6b2db155f","name":"Thales Brand\u00e3o","image":{"@type":"ImageObject","inLanguage":"pt-BR","@id":"https:\/\/secure.gravatar.com\/avatar\/7ca3206950207cc3cb48feec56a8a7898741ab725c368d99d5d7a5a50aab80c6?s=96&d=mm&r=g","url":"https:\/\/secure.gravatar.com\/avatar\/7ca3206950207cc3cb48feec56a8a7898741ab725c368d99d5d7a5a50aab80c6?s=96&d=mm&r=g","contentUrl":"https:\/\/secure.gravatar.com\/avatar\/7ca3206950207cc3cb48feec56a8a7898741ab725c368d99d5d7a5a50aab80c6?s=96&d=mm&r=g","caption":"Thales Brand\u00e3o"},"description":"Editor Executivo do Portal CidadeMarketing.com.br &gt; Mestre em Comunica\u00e7\u00e3o e Sociedade pela Universidade Federal de Sergipe. Possui MBA Executivo em Administra\u00e7\u00e3o com \u00eanfase em Marketing pela Funda\u00e7\u00e3o Get\u00falio Vargas - Rio de Janeiro. Consultor, Palestrante e Pesquisador sobre Empreendedorismo, Marketing, Redes Sociais e Neg\u00f3cios Digitais. Professor, Palestrante TedxTalks e Campus Party. Twitter: @ThalesBrandao","sameAs":["http:\/\/www.mandacaru.com.br","https:\/\/www.facebook.com\/thalesbrandao","http:\/\/www.instagram.com.br\/thalesbrandaoferreira","https:\/\/www.linkedin.com\/in\/thales-brand\u00e3o-3948609\/","https:\/\/x.com\/http:\/\/www.twitter.com\/thalesbrandao"],"url":"https:\/\/www.cidademarketing.com.br\/marketing\/author\/thalesbrandao\/"}]}},"amp_enabled":true,"_links":{"self":[{"href":"https:\/\/www.cidademarketing.com.br\/marketing\/wp-json\/wp\/v2\/posts\/7457","targetHints":{"allow":["GET"]}}],"collection":[{"href":"https:\/\/www.cidademarketing.com.br\/marketing\/wp-json\/wp\/v2\/posts"}],"about":[{"href":"https:\/\/www.cidademarketing.com.br\/marketing\/wp-json\/wp\/v2\/types\/post"}],"author":[{"embeddable":true,"href":"https:\/\/www.cidademarketing.com.br\/marketing\/wp-json\/wp\/v2\/users\/1"}],"replies":[{"embeddable":true,"href":"https:\/\/www.cidademarketing.com.br\/marketing\/wp-json\/wp\/v2\/comments?post=7457"}],"version-history":[{"count":1,"href":"https:\/\/www.cidademarketing.com.br\/marketing\/wp-json\/wp\/v2\/posts\/7457\/revisions"}],"predecessor-version":[{"id":7459,"href":"https:\/\/www.cidademarketing.com.br\/marketing\/wp-json\/wp\/v2\/posts\/7457\/revisions\/7459"}],"wp:featuredmedia":[{"embeddable":true,"href":"https:\/\/www.cidademarketing.com.br\/marketing\/wp-json\/wp\/v2\/media\/7458"}],"wp:attachment":[{"href":"https:\/\/www.cidademarketing.com.br\/marketing\/wp-json\/wp\/v2\/media?parent=7457"}],"wp:term":[{"taxonomy":"category","embeddable":true,"href":"https:\/\/www.cidademarketing.com.br\/marketing\/wp-json\/wp\/v2\/categories?post=7457"},{"taxonomy":"post_tag","embeddable":true,"href":"https:\/\/www.cidademarketing.com.br\/marketing\/wp-json\/wp\/v2\/tags?post=7457"}],"curies":[{"name":"wp","href":"https:\/\/api.w.org\/{rel}","templated":true}]}}