{"id":7413,"date":"2019-04-05T20:06:12","date_gmt":"2019-04-05T23:06:12","guid":{"rendered":"http:\/\/www.cidademarketing.com.br\/marketing\/?p=7413"},"modified":"2019-04-05T20:06:14","modified_gmt":"2019-04-05T23:06:14","slug":"sucesso-da-promocao-sede-de-luan-santana-do-habibs-chegou-a-tv","status":"publish","type":"post","link":"https:\/\/www.cidademarketing.com.br\/marketing\/2019\/04\/05\/sucesso-da-promocao-sede-de-luan-santana-do-habibs-chegou-a-tv\/","title":{"rendered":"Sucesso da promo\u00e7\u00e3o Sede de Luan Santana do Habib\u2019s chegou \u00e0 TV"},"content":{"rendered":"\n<p>E ningu\u00e9m melhor do que o pr\u00f3prio Luan Santana para estrelar os filmes de 15 e 30 segundos, criados pela <strong>PPM<\/strong> \u2013 <em>house agency <\/em>do Grupo \u2013 e produzidos pela Madre Mia Filmes, que estreiam este final de semana, nas TV Globo e no canal Multishow.<\/p>\n\n\n\n<p>No\nfilme, um casal est\u00e1 em um restaurante da Rede e o rapaz oferece \u00e0 garota um\nsuco de amora no copo do Luan. Ela ent\u00e3o, imediatamente, se imagina em um campo\nsentada ao p\u00e9 de uma amoreira, com o cantor, vestido de fazendeiro e com uma\ncesta de frutas, lhe oferecendo amoras. Quando o rapaz pergunta se ela gostou,\nela a volta a si e faz uma s\u00e9rie de elogios que o deixa intrigado.<\/p>\n\n\n\n<p>No\nfilme, al\u00e9m de atuar, Luan canta uma par\u00f3dia de sua m\u00fasica \u2018Amar n\u00e3o \u00e9 Pecado\u2019.\nSua identifica\u00e7\u00e3o junto ao p\u00fablico jovem refor\u00e7a ainda mais o posicionamento da\nmarca. \u201cMostrar o Luan, embaixador da marca em 2019, de uma forma mais\nespont\u00e2nea e inusitada foi o ponto de partida para roteirizar este filme, que\ntem humor e poesia na dose certa para gerar a lembran\u00e7a da promo\u00e7\u00e3o.&nbsp;Al\u00e9m\ndisso, a cria\u00e7\u00e3o de uma hashtag com alto poder de engajamento, contribuiu para\nque a campanha viralizasse nas redes sociais. Os n\u00fameros tamb\u00e9m s\u00e3o positivos no\nincremento das vendas\u201d, afirma Andr\u00e9 Figueiredo, Diretor de Cria\u00e7\u00e3o e Marketing\ndo Grupo Habib\u2019s e que, tamb\u00e9m, assina a cria\u00e7\u00e3o do filme e da par\u00f3dia da\nm\u00fasica.<\/p>\n\n\n\n<p>A\ncampanha tamb\u00e9m conta com materiais de ponto de venda e veicula\u00e7\u00e3o nas redes\nsociais. Na promo\u00e7\u00e3o Sede de Luan, pediu suco ou refrigerante de 500 ml levou\num dos doze copos da cole\u00e7\u00e3o. <\/p>\n\n\n\n<figure class=\"wp-block-embed-youtube wp-block-embed is-type-video is-provider-youtube wp-embed-aspect-16-9 wp-has-aspect-ratio\"><div class=\"wp-block-embed__wrapper\">\nhttps:\/\/www.youtube.com\/watch?v=_PvQDtWUGQg&#038;feature=youtu.be\n<\/div><\/figure>\n\n\n\n<p><strong>Ficha\nT\u00e9cnica <\/strong><\/p>\n\n\n\n<p><strong>Ag\u00eancia:<\/strong>\nPPM<\/p>\n\n\n\n<p><strong>T\u00edtulo:<\/strong>\nSede de Luan<\/p>\n\n\n\n<p><strong>Anunciante:<\/strong>\nHabib&#8217;s<\/p>\n\n\n\n<p><strong>Produto:<\/strong>\nSucos Vermelhos<\/p>\n\n\n\n<p><strong>Cria\u00e7\u00e3o:<\/strong>\nAndr\u00e9 Figueiredo<\/p>\n\n\n\n<p><strong>Reda\u00e7\u00e3o:<\/strong> Andr\u00e9\nFigueiredo<\/p>\n\n\n\n<p><strong>Dire\u00e7\u00e3o de Arte: <\/strong>Giulliano\nAlves, Alex Matsumoto e Cesar Litholdo<\/p>\n\n\n\n<p><strong>Dire\u00e7\u00e3o de\nCria\u00e7\u00e3o:<\/strong> Andr\u00e9 Figueiredo<\/p>\n\n\n\n<p><strong>Aprova\u00e7\u00e3o do Cliente: <\/strong>Alberto\nSaraiva, Andr\u00e9 Figueiredo, Rafael Polachini<\/p>\n","protected":false},"excerpt":{"rendered":"<p>E ningu\u00e9m melhor do que o pr\u00f3prio Luan Santana para estrelar os filmes de 15 e 30 segundos, criados pela PPM \u2013 house agency do Grupo \u2013 e produzidos pela Madre Mia Filmes, que estreiam este final de semana, nas TV Globo e no canal Multishow. No filme, um casal est\u00e1 em um restaurante da [&hellip;]<\/p>\n","protected":false},"author":1,"featured_media":7414,"comment_status":"open","ping_status":"open","sticky":false,"template":"","format":"standard","meta":{"tdm_status":"","tdm_grid_status":"","footnotes":""},"categories":[6],"tags":[65,1042,66],"class_list":["post-7413","post","type-post","status-publish","format-standard","has-post-thumbnail","hentry","category-noticias","tag-campanha","tag-habibs","tag-propaganda"],"yoast_head":"<!-- This site is optimized with the Yoast SEO plugin v27.5 - https:\/\/yoast.com\/product\/yoast-seo-wordpress\/ -->\n<title>Sucesso da promo\u00e7\u00e3o Sede de Luan Santana do Habib\u2019s chegou \u00e0 TV - CidadeMarketing<\/title>\n<meta name=\"robots\" content=\"index, follow, max-snippet:-1, max-image-preview:large, max-video-preview:-1\" \/>\n<link rel=\"canonical\" href=\"https:\/\/www.cidademarketing.com.br\/marketing\/2019\/04\/05\/sucesso-da-promocao-sede-de-luan-santana-do-habibs-chegou-a-tv\/\" \/>\n<meta property=\"og:locale\" content=\"pt_BR\" \/>\n<meta property=\"og:type\" content=\"article\" \/>\n<meta property=\"og:title\" content=\"Sucesso da promo\u00e7\u00e3o Sede de Luan Santana do Habib\u2019s chegou \u00e0 TV - CidadeMarketing\" \/>\n<meta property=\"og:description\" content=\"E ningu\u00e9m melhor do que o pr\u00f3prio Luan Santana para estrelar os filmes de 15 e 30 segundos, criados pela PPM \u2013 house agency do Grupo \u2013 e produzidos pela Madre Mia Filmes, que estreiam este final de semana, nas TV Globo e no canal Multishow. No filme, um casal est\u00e1 em um restaurante da [&hellip;]\" \/>\n<meta property=\"og:url\" content=\"https:\/\/www.cidademarketing.com.br\/marketing\/2019\/04\/05\/sucesso-da-promocao-sede-de-luan-santana-do-habibs-chegou-a-tv\/\" \/>\n<meta property=\"og:site_name\" content=\"CidadeMarketing\" \/>\n<meta property=\"article:publisher\" content=\"https:\/\/www.facebook.com\/portalcidademarketing\" \/>\n<meta property=\"article:author\" content=\"https:\/\/www.facebook.com\/thalesbrandao\" \/>\n<meta property=\"article:published_time\" content=\"2019-04-05T23:06:12+00:00\" \/>\n<meta property=\"article:modified_time\" content=\"2019-04-05T23:06:14+00:00\" \/>\n<meta property=\"og:image\" content=\"https:\/\/www.cidademarketing.com.br\/marketing\/wp-content\/uploads\/2019\/04\/habibs_luan_sede.jpg\" \/>\n\t<meta property=\"og:image:width\" content=\"616\" \/>\n\t<meta property=\"og:image:height\" content=\"346\" \/>\n\t<meta property=\"og:image:type\" content=\"image\/jpeg\" \/>\n<meta name=\"author\" content=\"Thales Brand\u00e3o\" \/>\n<meta name=\"twitter:card\" content=\"summary_large_image\" \/>\n<meta name=\"twitter:creator\" content=\"@http:\/\/www.twitter.com\/thalesbrandao\" \/>\n<meta name=\"twitter:site\" content=\"@CidadeMarketing\" \/>\n<meta name=\"twitter:label1\" content=\"Escrito por\" \/>\n\t<meta name=\"twitter:data1\" content=\"Thales Brand\u00e3o\" \/>\n\t<meta name=\"twitter:label2\" content=\"Est. tempo de leitura\" \/>\n\t<meta name=\"twitter:data2\" content=\"2 minutos\" \/>\n<script type=\"application\/ld+json\" class=\"yoast-schema-graph\">{\"@context\":\"https:\\\/\\\/schema.org\",\"@graph\":[{\"@type\":\"Article\",\"@id\":\"https:\\\/\\\/www.cidademarketing.com.br\\\/marketing\\\/2019\\\/04\\\/05\\\/sucesso-da-promocao-sede-de-luan-santana-do-habibs-chegou-a-tv\\\/#article\",\"isPartOf\":{\"@id\":\"https:\\\/\\\/www.cidademarketing.com.br\\\/marketing\\\/2019\\\/04\\\/05\\\/sucesso-da-promocao-sede-de-luan-santana-do-habibs-chegou-a-tv\\\/\"},\"author\":{\"name\":\"Thales Brand\u00e3o\",\"@id\":\"https:\\\/\\\/www.cidademarketing.com.br\\\/marketing\\\/#\\\/schema\\\/person\\\/02daff9f18bd9378c9e01eb6b2db155f\"},\"headline\":\"Sucesso da promo\u00e7\u00e3o Sede de Luan Santana do Habib\u2019s chegou \u00e0 TV\",\"datePublished\":\"2019-04-05T23:06:12+00:00\",\"dateModified\":\"2019-04-05T23:06:14+00:00\",\"mainEntityOfPage\":{\"@id\":\"https:\\\/\\\/www.cidademarketing.com.br\\\/marketing\\\/2019\\\/04\\\/05\\\/sucesso-da-promocao-sede-de-luan-santana-do-habibs-chegou-a-tv\\\/\"},\"wordCount\":375,\"commentCount\":0,\"publisher\":{\"@id\":\"https:\\\/\\\/www.cidademarketing.com.br\\\/marketing\\\/#organization\"},\"image\":{\"@id\":\"https:\\\/\\\/www.cidademarketing.com.br\\\/marketing\\\/2019\\\/04\\\/05\\\/sucesso-da-promocao-sede-de-luan-santana-do-habibs-chegou-a-tv\\\/#primaryimage\"},\"thumbnailUrl\":\"https:\\\/\\\/www.cidademarketing.com.br\\\/marketing\\\/wp-content\\\/uploads\\\/2019\\\/04\\\/habibs_luan_sede.jpg\",\"keywords\":[\"campanha\",\"Habib\u00b4s\",\"propaganda\"],\"articleSection\":[\"Not\u00edcias\"],\"inLanguage\":\"pt-BR\",\"potentialAction\":[{\"@type\":\"CommentAction\",\"name\":\"Comment\",\"target\":[\"https:\\\/\\\/www.cidademarketing.com.br\\\/marketing\\\/2019\\\/04\\\/05\\\/sucesso-da-promocao-sede-de-luan-santana-do-habibs-chegou-a-tv\\\/#respond\"]}]},{\"@type\":\"WebPage\",\"@id\":\"https:\\\/\\\/www.cidademarketing.com.br\\\/marketing\\\/2019\\\/04\\\/05\\\/sucesso-da-promocao-sede-de-luan-santana-do-habibs-chegou-a-tv\\\/\",\"url\":\"https:\\\/\\\/www.cidademarketing.com.br\\\/marketing\\\/2019\\\/04\\\/05\\\/sucesso-da-promocao-sede-de-luan-santana-do-habibs-chegou-a-tv\\\/\",\"name\":\"Sucesso da promo\u00e7\u00e3o Sede de Luan Santana do Habib\u2019s chegou \u00e0 TV - CidadeMarketing\",\"isPartOf\":{\"@id\":\"https:\\\/\\\/www.cidademarketing.com.br\\\/marketing\\\/#website\"},\"primaryImageOfPage\":{\"@id\":\"https:\\\/\\\/www.cidademarketing.com.br\\\/marketing\\\/2019\\\/04\\\/05\\\/sucesso-da-promocao-sede-de-luan-santana-do-habibs-chegou-a-tv\\\/#primaryimage\"},\"image\":{\"@id\":\"https:\\\/\\\/www.cidademarketing.com.br\\\/marketing\\\/2019\\\/04\\\/05\\\/sucesso-da-promocao-sede-de-luan-santana-do-habibs-chegou-a-tv\\\/#primaryimage\"},\"thumbnailUrl\":\"https:\\\/\\\/www.cidademarketing.com.br\\\/marketing\\\/wp-content\\\/uploads\\\/2019\\\/04\\\/habibs_luan_sede.jpg\",\"datePublished\":\"2019-04-05T23:06:12+00:00\",\"dateModified\":\"2019-04-05T23:06:14+00:00\",\"breadcrumb\":{\"@id\":\"https:\\\/\\\/www.cidademarketing.com.br\\\/marketing\\\/2019\\\/04\\\/05\\\/sucesso-da-promocao-sede-de-luan-santana-do-habibs-chegou-a-tv\\\/#breadcrumb\"},\"inLanguage\":\"pt-BR\",\"potentialAction\":[{\"@type\":\"ReadAction\",\"target\":[\"https:\\\/\\\/www.cidademarketing.com.br\\\/marketing\\\/2019\\\/04\\\/05\\\/sucesso-da-promocao-sede-de-luan-santana-do-habibs-chegou-a-tv\\\/\"]}]},{\"@type\":\"ImageObject\",\"inLanguage\":\"pt-BR\",\"@id\":\"https:\\\/\\\/www.cidademarketing.com.br\\\/marketing\\\/2019\\\/04\\\/05\\\/sucesso-da-promocao-sede-de-luan-santana-do-habibs-chegou-a-tv\\\/#primaryimage\",\"url\":\"https:\\\/\\\/www.cidademarketing.com.br\\\/marketing\\\/wp-content\\\/uploads\\\/2019\\\/04\\\/habibs_luan_sede.jpg\",\"contentUrl\":\"https:\\\/\\\/www.cidademarketing.com.br\\\/marketing\\\/wp-content\\\/uploads\\\/2019\\\/04\\\/habibs_luan_sede.jpg\",\"width\":616,\"height\":346,\"caption\":\"Reprodu\u00e7\u00e3o\"},{\"@type\":\"BreadcrumbList\",\"@id\":\"https:\\\/\\\/www.cidademarketing.com.br\\\/marketing\\\/2019\\\/04\\\/05\\\/sucesso-da-promocao-sede-de-luan-santana-do-habibs-chegou-a-tv\\\/#breadcrumb\",\"itemListElement\":[{\"@type\":\"ListItem\",\"position\":1,\"name\":\"In\u00edcio\",\"item\":\"https:\\\/\\\/www.cidademarketing.com.br\\\/marketing\\\/\"},{\"@type\":\"ListItem\",\"position\":2,\"name\":\"Sucesso da promo\u00e7\u00e3o Sede de Luan Santana do Habib\u2019s chegou \u00e0 TV\"}]},{\"@type\":\"WebSite\",\"@id\":\"https:\\\/\\\/www.cidademarketing.com.br\\\/marketing\\\/#website\",\"url\":\"https:\\\/\\\/www.cidademarketing.com.br\\\/marketing\\\/\",\"name\":\"CidadeMarketing\",\"description\":\"Somos um ve\u00edculo de comunica\u00e7\u00e3o de destaque no Brasil, reconhecido por conte\u00fados nos segmentos de marketing, empreendedorismo e inova\u00e7\u00e3o.\",\"publisher\":{\"@id\":\"https:\\\/\\\/www.cidademarketing.com.br\\\/marketing\\\/#organization\"},\"alternateName\":\"CidadeMarketing\",\"potentialAction\":[{\"@type\":\"SearchAction\",\"target\":{\"@type\":\"EntryPoint\",\"urlTemplate\":\"https:\\\/\\\/www.cidademarketing.com.br\\\/marketing\\\/?s={search_term_string}\"},\"query-input\":{\"@type\":\"PropertyValueSpecification\",\"valueRequired\":true,\"valueName\":\"search_term_string\"}}],\"inLanguage\":\"pt-BR\"},{\"@type\":\"Organization\",\"@id\":\"https:\\\/\\\/www.cidademarketing.com.br\\\/marketing\\\/#organization\",\"name\":\"CidadeMarketing\",\"alternateName\":\"CidadeMarketing\",\"url\":\"https:\\\/\\\/www.cidademarketing.com.br\\\/marketing\\\/\",\"logo\":{\"@type\":\"ImageObject\",\"inLanguage\":\"pt-BR\",\"@id\":\"https:\\\/\\\/www.cidademarketing.com.br\\\/marketing\\\/#\\\/schema\\\/logo\\\/image\\\/\",\"url\":\"https:\\\/\\\/www.cidademarketing.com.br\\\/marketing\\\/wp-content\\\/uploads\\\/2020\\\/01\\\/cidademarketing_marca_mobile.png\",\"contentUrl\":\"https:\\\/\\\/www.cidademarketing.com.br\\\/marketing\\\/wp-content\\\/uploads\\\/2020\\\/01\\\/cidademarketing_marca_mobile.png\",\"width\":230,\"height\":92,\"caption\":\"CidadeMarketing\"},\"image\":{\"@id\":\"https:\\\/\\\/www.cidademarketing.com.br\\\/marketing\\\/#\\\/schema\\\/logo\\\/image\\\/\"},\"sameAs\":[\"https:\\\/\\\/www.facebook.com\\\/portalcidademarketing\",\"https:\\\/\\\/x.com\\\/CidadeMarketing\",\"https:\\\/\\\/www.instagram.com\\\/cidademarketing\\\/\"]},{\"@type\":\"Person\",\"@id\":\"https:\\\/\\\/www.cidademarketing.com.br\\\/marketing\\\/#\\\/schema\\\/person\\\/02daff9f18bd9378c9e01eb6b2db155f\",\"name\":\"Thales Brand\u00e3o\",\"image\":{\"@type\":\"ImageObject\",\"inLanguage\":\"pt-BR\",\"@id\":\"https:\\\/\\\/secure.gravatar.com\\\/avatar\\\/7ca3206950207cc3cb48feec56a8a7898741ab725c368d99d5d7a5a50aab80c6?s=96&d=mm&r=g\",\"url\":\"https:\\\/\\\/secure.gravatar.com\\\/avatar\\\/7ca3206950207cc3cb48feec56a8a7898741ab725c368d99d5d7a5a50aab80c6?s=96&d=mm&r=g\",\"contentUrl\":\"https:\\\/\\\/secure.gravatar.com\\\/avatar\\\/7ca3206950207cc3cb48feec56a8a7898741ab725c368d99d5d7a5a50aab80c6?s=96&d=mm&r=g\",\"caption\":\"Thales Brand\u00e3o\"},\"description\":\"Editor Executivo do Portal CidadeMarketing.com.br &gt; Mestre em Comunica\u00e7\u00e3o e Sociedade pela Universidade Federal de Sergipe. Possui MBA Executivo em Administra\u00e7\u00e3o com \u00eanfase em Marketing pela Funda\u00e7\u00e3o Get\u00falio Vargas - Rio de Janeiro. Consultor, Palestrante e Pesquisador sobre Empreendedorismo, Marketing, Redes Sociais e Neg\u00f3cios Digitais. Professor, Palestrante TedxTalks e Campus Party. Twitter: @ThalesBrandao\",\"sameAs\":[\"http:\\\/\\\/www.mandacaru.com.br\",\"https:\\\/\\\/www.facebook.com\\\/thalesbrandao\",\"http:\\\/\\\/www.instagram.com.br\\\/thalesbrandaoferreira\",\"https:\\\/\\\/www.linkedin.com\\\/in\\\/thales-brand\u00e3o-3948609\\\/\",\"https:\\\/\\\/x.com\\\/http:\\\/\\\/www.twitter.com\\\/thalesbrandao\"],\"url\":\"https:\\\/\\\/www.cidademarketing.com.br\\\/marketing\\\/author\\\/thalesbrandao\\\/\"}]}<\/script>\n<!-- \/ Yoast SEO plugin. -->","yoast_head_json":{"title":"Sucesso da promo\u00e7\u00e3o Sede de Luan Santana do Habib\u2019s chegou \u00e0 TV - CidadeMarketing","robots":{"index":"index","follow":"follow","max-snippet":"max-snippet:-1","max-image-preview":"max-image-preview:large","max-video-preview":"max-video-preview:-1"},"canonical":"https:\/\/www.cidademarketing.com.br\/marketing\/2019\/04\/05\/sucesso-da-promocao-sede-de-luan-santana-do-habibs-chegou-a-tv\/","og_locale":"pt_BR","og_type":"article","og_title":"Sucesso da promo\u00e7\u00e3o Sede de Luan Santana do Habib\u2019s chegou \u00e0 TV - CidadeMarketing","og_description":"E ningu\u00e9m melhor do que o pr\u00f3prio Luan Santana para estrelar os filmes de 15 e 30 segundos, criados pela PPM \u2013 house agency do Grupo \u2013 e produzidos pela Madre Mia Filmes, que estreiam este final de semana, nas TV Globo e no canal Multishow. No filme, um casal est\u00e1 em um restaurante da [&hellip;]","og_url":"https:\/\/www.cidademarketing.com.br\/marketing\/2019\/04\/05\/sucesso-da-promocao-sede-de-luan-santana-do-habibs-chegou-a-tv\/","og_site_name":"CidadeMarketing","article_publisher":"https:\/\/www.facebook.com\/portalcidademarketing","article_author":"https:\/\/www.facebook.com\/thalesbrandao","article_published_time":"2019-04-05T23:06:12+00:00","article_modified_time":"2019-04-05T23:06:14+00:00","og_image":[{"width":616,"height":346,"url":"https:\/\/www.cidademarketing.com.br\/marketing\/wp-content\/uploads\/2019\/04\/habibs_luan_sede.jpg","type":"image\/jpeg"}],"author":"Thales Brand\u00e3o","twitter_card":"summary_large_image","twitter_creator":"@http:\/\/www.twitter.com\/thalesbrandao","twitter_site":"@CidadeMarketing","twitter_misc":{"Escrito por":"Thales Brand\u00e3o","Est. tempo de leitura":"2 minutos"},"schema":{"@context":"https:\/\/schema.org","@graph":[{"@type":"Article","@id":"https:\/\/www.cidademarketing.com.br\/marketing\/2019\/04\/05\/sucesso-da-promocao-sede-de-luan-santana-do-habibs-chegou-a-tv\/#article","isPartOf":{"@id":"https:\/\/www.cidademarketing.com.br\/marketing\/2019\/04\/05\/sucesso-da-promocao-sede-de-luan-santana-do-habibs-chegou-a-tv\/"},"author":{"name":"Thales Brand\u00e3o","@id":"https:\/\/www.cidademarketing.com.br\/marketing\/#\/schema\/person\/02daff9f18bd9378c9e01eb6b2db155f"},"headline":"Sucesso da promo\u00e7\u00e3o Sede de Luan Santana do Habib\u2019s chegou \u00e0 TV","datePublished":"2019-04-05T23:06:12+00:00","dateModified":"2019-04-05T23:06:14+00:00","mainEntityOfPage":{"@id":"https:\/\/www.cidademarketing.com.br\/marketing\/2019\/04\/05\/sucesso-da-promocao-sede-de-luan-santana-do-habibs-chegou-a-tv\/"},"wordCount":375,"commentCount":0,"publisher":{"@id":"https:\/\/www.cidademarketing.com.br\/marketing\/#organization"},"image":{"@id":"https:\/\/www.cidademarketing.com.br\/marketing\/2019\/04\/05\/sucesso-da-promocao-sede-de-luan-santana-do-habibs-chegou-a-tv\/#primaryimage"},"thumbnailUrl":"https:\/\/www.cidademarketing.com.br\/marketing\/wp-content\/uploads\/2019\/04\/habibs_luan_sede.jpg","keywords":["campanha","Habib\u00b4s","propaganda"],"articleSection":["Not\u00edcias"],"inLanguage":"pt-BR","potentialAction":[{"@type":"CommentAction","name":"Comment","target":["https:\/\/www.cidademarketing.com.br\/marketing\/2019\/04\/05\/sucesso-da-promocao-sede-de-luan-santana-do-habibs-chegou-a-tv\/#respond"]}]},{"@type":"WebPage","@id":"https:\/\/www.cidademarketing.com.br\/marketing\/2019\/04\/05\/sucesso-da-promocao-sede-de-luan-santana-do-habibs-chegou-a-tv\/","url":"https:\/\/www.cidademarketing.com.br\/marketing\/2019\/04\/05\/sucesso-da-promocao-sede-de-luan-santana-do-habibs-chegou-a-tv\/","name":"Sucesso da promo\u00e7\u00e3o Sede de Luan Santana do Habib\u2019s chegou \u00e0 TV - CidadeMarketing","isPartOf":{"@id":"https:\/\/www.cidademarketing.com.br\/marketing\/#website"},"primaryImageOfPage":{"@id":"https:\/\/www.cidademarketing.com.br\/marketing\/2019\/04\/05\/sucesso-da-promocao-sede-de-luan-santana-do-habibs-chegou-a-tv\/#primaryimage"},"image":{"@id":"https:\/\/www.cidademarketing.com.br\/marketing\/2019\/04\/05\/sucesso-da-promocao-sede-de-luan-santana-do-habibs-chegou-a-tv\/#primaryimage"},"thumbnailUrl":"https:\/\/www.cidademarketing.com.br\/marketing\/wp-content\/uploads\/2019\/04\/habibs_luan_sede.jpg","datePublished":"2019-04-05T23:06:12+00:00","dateModified":"2019-04-05T23:06:14+00:00","breadcrumb":{"@id":"https:\/\/www.cidademarketing.com.br\/marketing\/2019\/04\/05\/sucesso-da-promocao-sede-de-luan-santana-do-habibs-chegou-a-tv\/#breadcrumb"},"inLanguage":"pt-BR","potentialAction":[{"@type":"ReadAction","target":["https:\/\/www.cidademarketing.com.br\/marketing\/2019\/04\/05\/sucesso-da-promocao-sede-de-luan-santana-do-habibs-chegou-a-tv\/"]}]},{"@type":"ImageObject","inLanguage":"pt-BR","@id":"https:\/\/www.cidademarketing.com.br\/marketing\/2019\/04\/05\/sucesso-da-promocao-sede-de-luan-santana-do-habibs-chegou-a-tv\/#primaryimage","url":"https:\/\/www.cidademarketing.com.br\/marketing\/wp-content\/uploads\/2019\/04\/habibs_luan_sede.jpg","contentUrl":"https:\/\/www.cidademarketing.com.br\/marketing\/wp-content\/uploads\/2019\/04\/habibs_luan_sede.jpg","width":616,"height":346,"caption":"Reprodu\u00e7\u00e3o"},{"@type":"BreadcrumbList","@id":"https:\/\/www.cidademarketing.com.br\/marketing\/2019\/04\/05\/sucesso-da-promocao-sede-de-luan-santana-do-habibs-chegou-a-tv\/#breadcrumb","itemListElement":[{"@type":"ListItem","position":1,"name":"In\u00edcio","item":"https:\/\/www.cidademarketing.com.br\/marketing\/"},{"@type":"ListItem","position":2,"name":"Sucesso da promo\u00e7\u00e3o Sede de Luan Santana do Habib\u2019s chegou \u00e0 TV"}]},{"@type":"WebSite","@id":"https:\/\/www.cidademarketing.com.br\/marketing\/#website","url":"https:\/\/www.cidademarketing.com.br\/marketing\/","name":"CidadeMarketing","description":"Somos um ve\u00edculo de comunica\u00e7\u00e3o de destaque no Brasil, reconhecido por conte\u00fados nos segmentos de marketing, empreendedorismo e inova\u00e7\u00e3o.","publisher":{"@id":"https:\/\/www.cidademarketing.com.br\/marketing\/#organization"},"alternateName":"CidadeMarketing","potentialAction":[{"@type":"SearchAction","target":{"@type":"EntryPoint","urlTemplate":"https:\/\/www.cidademarketing.com.br\/marketing\/?s={search_term_string}"},"query-input":{"@type":"PropertyValueSpecification","valueRequired":true,"valueName":"search_term_string"}}],"inLanguage":"pt-BR"},{"@type":"Organization","@id":"https:\/\/www.cidademarketing.com.br\/marketing\/#organization","name":"CidadeMarketing","alternateName":"CidadeMarketing","url":"https:\/\/www.cidademarketing.com.br\/marketing\/","logo":{"@type":"ImageObject","inLanguage":"pt-BR","@id":"https:\/\/www.cidademarketing.com.br\/marketing\/#\/schema\/logo\/image\/","url":"https:\/\/www.cidademarketing.com.br\/marketing\/wp-content\/uploads\/2020\/01\/cidademarketing_marca_mobile.png","contentUrl":"https:\/\/www.cidademarketing.com.br\/marketing\/wp-content\/uploads\/2020\/01\/cidademarketing_marca_mobile.png","width":230,"height":92,"caption":"CidadeMarketing"},"image":{"@id":"https:\/\/www.cidademarketing.com.br\/marketing\/#\/schema\/logo\/image\/"},"sameAs":["https:\/\/www.facebook.com\/portalcidademarketing","https:\/\/x.com\/CidadeMarketing","https:\/\/www.instagram.com\/cidademarketing\/"]},{"@type":"Person","@id":"https:\/\/www.cidademarketing.com.br\/marketing\/#\/schema\/person\/02daff9f18bd9378c9e01eb6b2db155f","name":"Thales Brand\u00e3o","image":{"@type":"ImageObject","inLanguage":"pt-BR","@id":"https:\/\/secure.gravatar.com\/avatar\/7ca3206950207cc3cb48feec56a8a7898741ab725c368d99d5d7a5a50aab80c6?s=96&d=mm&r=g","url":"https:\/\/secure.gravatar.com\/avatar\/7ca3206950207cc3cb48feec56a8a7898741ab725c368d99d5d7a5a50aab80c6?s=96&d=mm&r=g","contentUrl":"https:\/\/secure.gravatar.com\/avatar\/7ca3206950207cc3cb48feec56a8a7898741ab725c368d99d5d7a5a50aab80c6?s=96&d=mm&r=g","caption":"Thales Brand\u00e3o"},"description":"Editor Executivo do Portal CidadeMarketing.com.br &gt; Mestre em Comunica\u00e7\u00e3o e Sociedade pela Universidade Federal de Sergipe. Possui MBA Executivo em Administra\u00e7\u00e3o com \u00eanfase em Marketing pela Funda\u00e7\u00e3o Get\u00falio Vargas - Rio de Janeiro. Consultor, Palestrante e Pesquisador sobre Empreendedorismo, Marketing, Redes Sociais e Neg\u00f3cios Digitais. Professor, Palestrante TedxTalks e Campus Party. Twitter: @ThalesBrandao","sameAs":["http:\/\/www.mandacaru.com.br","https:\/\/www.facebook.com\/thalesbrandao","http:\/\/www.instagram.com.br\/thalesbrandaoferreira","https:\/\/www.linkedin.com\/in\/thales-brand\u00e3o-3948609\/","https:\/\/x.com\/http:\/\/www.twitter.com\/thalesbrandao"],"url":"https:\/\/www.cidademarketing.com.br\/marketing\/author\/thalesbrandao\/"}]}},"amp_enabled":true,"_links":{"self":[{"href":"https:\/\/www.cidademarketing.com.br\/marketing\/wp-json\/wp\/v2\/posts\/7413","targetHints":{"allow":["GET"]}}],"collection":[{"href":"https:\/\/www.cidademarketing.com.br\/marketing\/wp-json\/wp\/v2\/posts"}],"about":[{"href":"https:\/\/www.cidademarketing.com.br\/marketing\/wp-json\/wp\/v2\/types\/post"}],"author":[{"embeddable":true,"href":"https:\/\/www.cidademarketing.com.br\/marketing\/wp-json\/wp\/v2\/users\/1"}],"replies":[{"embeddable":true,"href":"https:\/\/www.cidademarketing.com.br\/marketing\/wp-json\/wp\/v2\/comments?post=7413"}],"version-history":[{"count":1,"href":"https:\/\/www.cidademarketing.com.br\/marketing\/wp-json\/wp\/v2\/posts\/7413\/revisions"}],"predecessor-version":[{"id":7415,"href":"https:\/\/www.cidademarketing.com.br\/marketing\/wp-json\/wp\/v2\/posts\/7413\/revisions\/7415"}],"wp:featuredmedia":[{"embeddable":true,"href":"https:\/\/www.cidademarketing.com.br\/marketing\/wp-json\/wp\/v2\/media\/7414"}],"wp:attachment":[{"href":"https:\/\/www.cidademarketing.com.br\/marketing\/wp-json\/wp\/v2\/media?parent=7413"}],"wp:term":[{"taxonomy":"category","embeddable":true,"href":"https:\/\/www.cidademarketing.com.br\/marketing\/wp-json\/wp\/v2\/categories?post=7413"},{"taxonomy":"post_tag","embeddable":true,"href":"https:\/\/www.cidademarketing.com.br\/marketing\/wp-json\/wp\/v2\/tags?post=7413"}],"curies":[{"name":"wp","href":"https:\/\/api.w.org\/{rel}","templated":true}]}}