{"id":7410,"date":"2019-04-05T19:28:32","date_gmt":"2019-04-05T22:28:32","guid":{"rendered":"http:\/\/www.cidademarketing.com.br\/marketing\/?p=7410"},"modified":"2019-04-05T19:28:35","modified_gmt":"2019-04-05T22:28:35","slug":"mpf-pede-condenacao-da-globo-por-exibir-o-album-da-grande-familia-em-horario-infantojuvenil","status":"publish","type":"post","link":"https:\/\/www.cidademarketing.com.br\/marketing\/2019\/04\/05\/mpf-pede-condenacao-da-globo-por-exibir-o-album-da-grande-familia-em-horario-infantojuvenil\/","title":{"rendered":"MPF pede condena\u00e7\u00e3o da Globo por exibir \u201cO \u00c1lbum da Grande Fam\u00edlia\u201d em hor\u00e1rio infantojuvenil"},"content":{"rendered":"\n<p> Programa foi classificado como n\u00e3o recomendado para menores de 12 anos. Faixa de hor\u00e1rio infantojuvenil permite a exibi\u00e7\u00e3o somente de programas com finalidades educativas, art\u00edsticas, culturais e informativas.<\/p>\n\n\n\n<p>O Minist\u00e9rio P\u00fablico Federal (MPF) em Minas Gerais (MG) ajuizou a\u00e7\u00e3o civil p\u00fablica contra a Rede Globo de Televis\u00e3o por danos morais coletivos. O motivo \u00e9 a exibi\u00e7\u00e3o do programa humor\u00edstico \u201cO \u00c1lbum da Grande Fam\u00edlia\u201d em hor\u00e1rio infantojuvenil (6h \u00e0s 20h). De acordo com a legisla\u00e7\u00e3o, programas com classifica\u00e7\u00e3o indicativa n\u00e3o recomendada para menores de 12 anos s\u00f3 podem ser exibidos ap\u00f3s o t\u00e9rmino da faixa hor\u00e1ria infantojuvenil, \u00e0s 20 horas.<\/p>\n\n\n\n<p>A classifica\u00e7\u00e3o indicativa, regulamentada pela Portaria n\u00ba 1.189, de 3 de agosto de 2018, integra o sistema de garantias dos direitos da crian\u00e7a e do adolescente ao informar sobre o conte\u00fado indicado a determinadas faixas et\u00e1rias. Em 2016, o STF manteve a classifica\u00e7\u00e3o com o prop\u00f3sito informativo e reconheceu a vig\u00eancia do artigo 76 do Estatuto da Crian\u00e7a e do Adolescente, que estabelece o hor\u00e1rio das 6 \u00e0s 20h como o hor\u00e1rio em que as emissoras de r\u00e1dio e televis\u00e3o somente exibem programas com finalidades educativas, art\u00edsticas, culturais e informativas. Portanto, segue vigente o controle judicial de eventuais abusos em rela\u00e7\u00e3o ao hor\u00e1rio recomendado ao p\u00fablico infantojuvenil.<\/p>\n\n\n\n<p><strong>Inqu\u00e9rito<\/strong>&nbsp;\u2013 Foi instaurado inqu\u00e9rito na Procuradoria da Rep\u00fablica em Minas Gerais em 2016 para apurar o descumprimento das regras referentes ao p\u00fablico infantojuvenil por parte das emissoras de televis\u00e3o abertas no Brasil. Ap\u00f3s ser questionada, a coordenadoria de classifica\u00e7\u00e3o indicativa do Minist\u00e9rio da Justi\u00e7a informou a lista dos programas com classifica\u00e7\u00e3o indicativa superior \u00e0quela recomendada ao hor\u00e1rio exibido, entre os quais constava o programa \u201cO \u00c1lbum da Grande Fam\u00edlia\u201d, exibido na faixa hor\u00e1ria das 15 horas.<\/p>\n\n\n\n<p>Em fevereiro de 2019, o MPF recomendou \u00e0 emissora que adequasse o conte\u00fado do produto audiovisual para diminuir a idade da classifica\u00e7\u00e3o indicativa ou exibi-lo partir das 20h. A Rede Globo afirmou, em resposta, que n\u00e3o se adequaria ao recomendado.<\/p>\n\n\n\n<p><strong>Danos \u00e0s crian\u00e7as<\/strong>&nbsp;\u2013 \u201cAs consequ\u00eancias nefastas da conduta da Globo perpetuar\u00e3o e poder\u00e3o ser verificadas na adolesc\u00eancia e na idade adulta de crian\u00e7as e adolescentes que tiveram acesso ao seu conte\u00fado, irradiando seus efeitos nocivos para al\u00e9m do per\u00edodo de visita\u00e7\u00e3o. Pode parecer banal, a princ\u00edpio, mas, definitivamente, n\u00e3o \u00e9\u201d, afirma o procurador da Rep\u00fablica Fernando de Almeida Martins, autor da a\u00e7\u00e3o, ao argumentar que na sociedade brasileira a televis\u00e3o continua verdadeiro meio de forma\u00e7\u00e3o de identidade.<\/p>\n\n\n\n<p>Martins argumenta que o pedido de indeniza\u00e7\u00e3o por danos morais coletivos est\u00e1 baseado na legisla\u00e7\u00e3o referente ao direito do consumidor, visto que as pessoas, em especial, as crian\u00e7as que assistem \u00e0s obras audiovisuais exibidas tamb\u00e9m s\u00e3o consumidoras. \u201cA l\u00f3gica do sistema de consumo em rela\u00e7\u00e3o \u00e0 prote\u00e7\u00e3o da crian\u00e7a enquanto consumidora resume-se ao respeito da sua condi\u00e7\u00e3o de hipervulner\u00e1vel, decorrente da defici\u00eancia de julgamento, inexperi\u00eancia e condi\u00e7\u00e3o de pessoa em desenvolvimento no que tange \u00e0s informa\u00e7\u00f5es, produtos e servi\u00e7os dirigidos aos infantes\u201d.<\/p>\n\n\n\n<p>Para o procurador, sendo a classifica\u00e7\u00e3o indicativa do programa O \u00c1lbum da Grande Fam\u00edlia n\u00e3o recomendado para menores de 12 anos, ao exibir cenas de drogas l\u00edcitas e conte\u00fado sexual, \u201cpresume-se que tal exibi\u00e7\u00e3o ofende diretamente os interesses e direitos do p\u00fablico infantojuvenil brasileiro, raz\u00e3o pela qual tal conduta deve ser veementemente combatida, sendo dever do Estado colocar a crian\u00e7a, o adolescente e o jovem salvos de toda forma de neglig\u00eancia, discrimina\u00e7\u00e3o, explora\u00e7\u00e3o, viol\u00eancia, crueldade e opress\u00e3o\u201d, afirma.<\/p>\n\n\n\n<p><strong>Pedidos<\/strong>&nbsp;\u2013 O Minist\u00e9rio P\u00fablico Federal pede a condena\u00e7\u00e3o da emissora por danos morais coletivos no valor de R$ 14.801.723,00 e multa di\u00e1ria de R$ 30 mil reais por descumprir a faixa hor\u00e1ria infantojuvenil.<br><br><\/p>\n\n\n\n<p>ACP n\u00ba 1004765-14.2019.4.01.3800 (PJe)<\/p>\n","protected":false},"excerpt":{"rendered":"<p>Programa foi classificado como n\u00e3o recomendado para menores de 12 anos. Faixa de hor\u00e1rio infantojuvenil permite a exibi\u00e7\u00e3o somente de programas com finalidades educativas, art\u00edsticas, culturais e informativas. O Minist\u00e9rio P\u00fablico Federal (MPF) em Minas Gerais (MG) ajuizou a\u00e7\u00e3o civil p\u00fablica contra a Rede Globo de Televis\u00e3o por danos morais coletivos. O motivo \u00e9 a [&hellip;]<\/p>\n","protected":false},"author":1,"featured_media":7411,"comment_status":"open","ping_status":"open","sticky":false,"template":"","format":"standard","meta":{"tdm_status":"","tdm_grid_status":"","footnotes":""},"categories":[6],"tags":[1680,215,228],"class_list":["post-7410","post","type-post","status-publish","format-standard","has-post-thumbnail","hentry","category-noticias","tag-classificacao-indicativa","tag-globo","tag-segmentacao-de-mercado"],"yoast_head":"<!-- This site is optimized with the Yoast SEO plugin v27.5 - https:\/\/yoast.com\/product\/yoast-seo-wordpress\/ -->\n<title>MPF pede condena\u00e7\u00e3o da Globo por exibir \u201cO \u00c1lbum da Grande Fam\u00edlia\u201d em hor\u00e1rio infantojuvenil - CidadeMarketing<\/title>\n<meta name=\"robots\" content=\"index, follow, max-snippet:-1, max-image-preview:large, max-video-preview:-1\" \/>\n<link rel=\"canonical\" href=\"https:\/\/www.cidademarketing.com.br\/marketing\/2019\/04\/05\/mpf-pede-condenacao-da-globo-por-exibir-o-album-da-grande-familia-em-horario-infantojuvenil\/\" \/>\n<meta property=\"og:locale\" content=\"pt_BR\" \/>\n<meta property=\"og:type\" content=\"article\" \/>\n<meta property=\"og:title\" content=\"MPF pede condena\u00e7\u00e3o da Globo por exibir \u201cO \u00c1lbum da Grande Fam\u00edlia\u201d em hor\u00e1rio infantojuvenil - CidadeMarketing\" \/>\n<meta property=\"og:description\" content=\"Programa foi classificado como n\u00e3o recomendado para menores de 12 anos. Faixa de hor\u00e1rio infantojuvenil permite a exibi\u00e7\u00e3o somente de programas com finalidades educativas, art\u00edsticas, culturais e informativas. O Minist\u00e9rio P\u00fablico Federal (MPF) em Minas Gerais (MG) ajuizou a\u00e7\u00e3o civil p\u00fablica contra a Rede Globo de Televis\u00e3o por danos morais coletivos. O motivo \u00e9 a [&hellip;]\" \/>\n<meta property=\"og:url\" content=\"https:\/\/www.cidademarketing.com.br\/marketing\/2019\/04\/05\/mpf-pede-condenacao-da-globo-por-exibir-o-album-da-grande-familia-em-horario-infantojuvenil\/\" \/>\n<meta property=\"og:site_name\" content=\"CidadeMarketing\" \/>\n<meta property=\"article:publisher\" content=\"https:\/\/www.facebook.com\/portalcidademarketing\" \/>\n<meta property=\"article:author\" content=\"https:\/\/www.facebook.com\/thalesbrandao\" \/>\n<meta property=\"article:published_time\" content=\"2019-04-05T22:28:32+00:00\" \/>\n<meta property=\"article:modified_time\" content=\"2019-04-05T22:28:35+00:00\" \/>\n<meta property=\"og:image\" content=\"https:\/\/www.cidademarketing.com.br\/marketing\/wp-content\/uploads\/2019\/04\/classificacao_indicativa.jpg\" \/>\n\t<meta property=\"og:image:width\" content=\"400\" \/>\n\t<meta property=\"og:image:height\" content=\"264\" \/>\n\t<meta property=\"og:image:type\" content=\"image\/jpeg\" \/>\n<meta name=\"author\" content=\"Thales Brand\u00e3o\" \/>\n<meta name=\"twitter:card\" content=\"summary_large_image\" \/>\n<meta name=\"twitter:creator\" content=\"@http:\/\/www.twitter.com\/thalesbrandao\" \/>\n<meta name=\"twitter:site\" content=\"@CidadeMarketing\" \/>\n<meta name=\"twitter:label1\" content=\"Escrito por\" \/>\n\t<meta name=\"twitter:data1\" content=\"Thales Brand\u00e3o\" \/>\n\t<meta name=\"twitter:label2\" content=\"Est. tempo de leitura\" \/>\n\t<meta name=\"twitter:data2\" content=\"3 minutos\" \/>\n<script type=\"application\/ld+json\" class=\"yoast-schema-graph\">{\"@context\":\"https:\\\/\\\/schema.org\",\"@graph\":[{\"@type\":\"Article\",\"@id\":\"https:\\\/\\\/www.cidademarketing.com.br\\\/marketing\\\/2019\\\/04\\\/05\\\/mpf-pede-condenacao-da-globo-por-exibir-o-album-da-grande-familia-em-horario-infantojuvenil\\\/#article\",\"isPartOf\":{\"@id\":\"https:\\\/\\\/www.cidademarketing.com.br\\\/marketing\\\/2019\\\/04\\\/05\\\/mpf-pede-condenacao-da-globo-por-exibir-o-album-da-grande-familia-em-horario-infantojuvenil\\\/\"},\"author\":{\"name\":\"Thales Brand\u00e3o\",\"@id\":\"https:\\\/\\\/www.cidademarketing.com.br\\\/marketing\\\/#\\\/schema\\\/person\\\/02daff9f18bd9378c9e01eb6b2db155f\"},\"headline\":\"MPF pede condena\u00e7\u00e3o da Globo por exibir \u201cO \u00c1lbum da Grande Fam\u00edlia\u201d em hor\u00e1rio infantojuvenil\",\"datePublished\":\"2019-04-05T22:28:32+00:00\",\"dateModified\":\"2019-04-05T22:28:35+00:00\",\"mainEntityOfPage\":{\"@id\":\"https:\\\/\\\/www.cidademarketing.com.br\\\/marketing\\\/2019\\\/04\\\/05\\\/mpf-pede-condenacao-da-globo-por-exibir-o-album-da-grande-familia-em-horario-infantojuvenil\\\/\"},\"wordCount\":701,\"commentCount\":0,\"publisher\":{\"@id\":\"https:\\\/\\\/www.cidademarketing.com.br\\\/marketing\\\/#organization\"},\"image\":{\"@id\":\"https:\\\/\\\/www.cidademarketing.com.br\\\/marketing\\\/2019\\\/04\\\/05\\\/mpf-pede-condenacao-da-globo-por-exibir-o-album-da-grande-familia-em-horario-infantojuvenil\\\/#primaryimage\"},\"thumbnailUrl\":\"https:\\\/\\\/www.cidademarketing.com.br\\\/marketing\\\/wp-content\\\/uploads\\\/2019\\\/04\\\/classificacao_indicativa.jpg\",\"keywords\":[\"Classifica\u00e7\u00e3o Indicativa\",\"Globo\",\"segmenta\u00e7\u00e3o de mercado\"],\"articleSection\":[\"Not\u00edcias\"],\"inLanguage\":\"pt-BR\",\"potentialAction\":[{\"@type\":\"CommentAction\",\"name\":\"Comment\",\"target\":[\"https:\\\/\\\/www.cidademarketing.com.br\\\/marketing\\\/2019\\\/04\\\/05\\\/mpf-pede-condenacao-da-globo-por-exibir-o-album-da-grande-familia-em-horario-infantojuvenil\\\/#respond\"]}]},{\"@type\":\"WebPage\",\"@id\":\"https:\\\/\\\/www.cidademarketing.com.br\\\/marketing\\\/2019\\\/04\\\/05\\\/mpf-pede-condenacao-da-globo-por-exibir-o-album-da-grande-familia-em-horario-infantojuvenil\\\/\",\"url\":\"https:\\\/\\\/www.cidademarketing.com.br\\\/marketing\\\/2019\\\/04\\\/05\\\/mpf-pede-condenacao-da-globo-por-exibir-o-album-da-grande-familia-em-horario-infantojuvenil\\\/\",\"name\":\"MPF pede condena\u00e7\u00e3o da Globo por exibir \u201cO \u00c1lbum da Grande Fam\u00edlia\u201d em hor\u00e1rio infantojuvenil - CidadeMarketing\",\"isPartOf\":{\"@id\":\"https:\\\/\\\/www.cidademarketing.com.br\\\/marketing\\\/#website\"},\"primaryImageOfPage\":{\"@id\":\"https:\\\/\\\/www.cidademarketing.com.br\\\/marketing\\\/2019\\\/04\\\/05\\\/mpf-pede-condenacao-da-globo-por-exibir-o-album-da-grande-familia-em-horario-infantojuvenil\\\/#primaryimage\"},\"image\":{\"@id\":\"https:\\\/\\\/www.cidademarketing.com.br\\\/marketing\\\/2019\\\/04\\\/05\\\/mpf-pede-condenacao-da-globo-por-exibir-o-album-da-grande-familia-em-horario-infantojuvenil\\\/#primaryimage\"},\"thumbnailUrl\":\"https:\\\/\\\/www.cidademarketing.com.br\\\/marketing\\\/wp-content\\\/uploads\\\/2019\\\/04\\\/classificacao_indicativa.jpg\",\"datePublished\":\"2019-04-05T22:28:32+00:00\",\"dateModified\":\"2019-04-05T22:28:35+00:00\",\"breadcrumb\":{\"@id\":\"https:\\\/\\\/www.cidademarketing.com.br\\\/marketing\\\/2019\\\/04\\\/05\\\/mpf-pede-condenacao-da-globo-por-exibir-o-album-da-grande-familia-em-horario-infantojuvenil\\\/#breadcrumb\"},\"inLanguage\":\"pt-BR\",\"potentialAction\":[{\"@type\":\"ReadAction\",\"target\":[\"https:\\\/\\\/www.cidademarketing.com.br\\\/marketing\\\/2019\\\/04\\\/05\\\/mpf-pede-condenacao-da-globo-por-exibir-o-album-da-grande-familia-em-horario-infantojuvenil\\\/\"]}]},{\"@type\":\"ImageObject\",\"inLanguage\":\"pt-BR\",\"@id\":\"https:\\\/\\\/www.cidademarketing.com.br\\\/marketing\\\/2019\\\/04\\\/05\\\/mpf-pede-condenacao-da-globo-por-exibir-o-album-da-grande-familia-em-horario-infantojuvenil\\\/#primaryimage\",\"url\":\"https:\\\/\\\/www.cidademarketing.com.br\\\/marketing\\\/wp-content\\\/uploads\\\/2019\\\/04\\\/classificacao_indicativa.jpg\",\"contentUrl\":\"https:\\\/\\\/www.cidademarketing.com.br\\\/marketing\\\/wp-content\\\/uploads\\\/2019\\\/04\\\/classificacao_indicativa.jpg\",\"width\":400,\"height\":264},{\"@type\":\"BreadcrumbList\",\"@id\":\"https:\\\/\\\/www.cidademarketing.com.br\\\/marketing\\\/2019\\\/04\\\/05\\\/mpf-pede-condenacao-da-globo-por-exibir-o-album-da-grande-familia-em-horario-infantojuvenil\\\/#breadcrumb\",\"itemListElement\":[{\"@type\":\"ListItem\",\"position\":1,\"name\":\"In\u00edcio\",\"item\":\"https:\\\/\\\/www.cidademarketing.com.br\\\/marketing\\\/\"},{\"@type\":\"ListItem\",\"position\":2,\"name\":\"MPF pede condena\u00e7\u00e3o da Globo por exibir \u201cO \u00c1lbum da Grande Fam\u00edlia\u201d em hor\u00e1rio infantojuvenil\"}]},{\"@type\":\"WebSite\",\"@id\":\"https:\\\/\\\/www.cidademarketing.com.br\\\/marketing\\\/#website\",\"url\":\"https:\\\/\\\/www.cidademarketing.com.br\\\/marketing\\\/\",\"name\":\"CidadeMarketing\",\"description\":\"Somos um ve\u00edculo de comunica\u00e7\u00e3o de destaque no Brasil, reconhecido por conte\u00fados nos segmentos de marketing, empreendedorismo e inova\u00e7\u00e3o.\",\"publisher\":{\"@id\":\"https:\\\/\\\/www.cidademarketing.com.br\\\/marketing\\\/#organization\"},\"alternateName\":\"CidadeMarketing\",\"potentialAction\":[{\"@type\":\"SearchAction\",\"target\":{\"@type\":\"EntryPoint\",\"urlTemplate\":\"https:\\\/\\\/www.cidademarketing.com.br\\\/marketing\\\/?s={search_term_string}\"},\"query-input\":{\"@type\":\"PropertyValueSpecification\",\"valueRequired\":true,\"valueName\":\"search_term_string\"}}],\"inLanguage\":\"pt-BR\"},{\"@type\":\"Organization\",\"@id\":\"https:\\\/\\\/www.cidademarketing.com.br\\\/marketing\\\/#organization\",\"name\":\"CidadeMarketing\",\"alternateName\":\"CidadeMarketing\",\"url\":\"https:\\\/\\\/www.cidademarketing.com.br\\\/marketing\\\/\",\"logo\":{\"@type\":\"ImageObject\",\"inLanguage\":\"pt-BR\",\"@id\":\"https:\\\/\\\/www.cidademarketing.com.br\\\/marketing\\\/#\\\/schema\\\/logo\\\/image\\\/\",\"url\":\"https:\\\/\\\/www.cidademarketing.com.br\\\/marketing\\\/wp-content\\\/uploads\\\/2020\\\/01\\\/cidademarketing_marca_mobile.png\",\"contentUrl\":\"https:\\\/\\\/www.cidademarketing.com.br\\\/marketing\\\/wp-content\\\/uploads\\\/2020\\\/01\\\/cidademarketing_marca_mobile.png\",\"width\":230,\"height\":92,\"caption\":\"CidadeMarketing\"},\"image\":{\"@id\":\"https:\\\/\\\/www.cidademarketing.com.br\\\/marketing\\\/#\\\/schema\\\/logo\\\/image\\\/\"},\"sameAs\":[\"https:\\\/\\\/www.facebook.com\\\/portalcidademarketing\",\"https:\\\/\\\/x.com\\\/CidadeMarketing\",\"https:\\\/\\\/www.instagram.com\\\/cidademarketing\\\/\"]},{\"@type\":\"Person\",\"@id\":\"https:\\\/\\\/www.cidademarketing.com.br\\\/marketing\\\/#\\\/schema\\\/person\\\/02daff9f18bd9378c9e01eb6b2db155f\",\"name\":\"Thales Brand\u00e3o\",\"image\":{\"@type\":\"ImageObject\",\"inLanguage\":\"pt-BR\",\"@id\":\"https:\\\/\\\/secure.gravatar.com\\\/avatar\\\/7ca3206950207cc3cb48feec56a8a7898741ab725c368d99d5d7a5a50aab80c6?s=96&d=mm&r=g\",\"url\":\"https:\\\/\\\/secure.gravatar.com\\\/avatar\\\/7ca3206950207cc3cb48feec56a8a7898741ab725c368d99d5d7a5a50aab80c6?s=96&d=mm&r=g\",\"contentUrl\":\"https:\\\/\\\/secure.gravatar.com\\\/avatar\\\/7ca3206950207cc3cb48feec56a8a7898741ab725c368d99d5d7a5a50aab80c6?s=96&d=mm&r=g\",\"caption\":\"Thales Brand\u00e3o\"},\"description\":\"Editor Executivo do Portal CidadeMarketing.com.br &gt; Mestre em Comunica\u00e7\u00e3o e Sociedade pela Universidade Federal de Sergipe. Possui MBA Executivo em Administra\u00e7\u00e3o com \u00eanfase em Marketing pela Funda\u00e7\u00e3o Get\u00falio Vargas - Rio de Janeiro. Consultor, Palestrante e Pesquisador sobre Empreendedorismo, Marketing, Redes Sociais e Neg\u00f3cios Digitais. Professor, Palestrante TedxTalks e Campus Party. Twitter: @ThalesBrandao\",\"sameAs\":[\"http:\\\/\\\/www.mandacaru.com.br\",\"https:\\\/\\\/www.facebook.com\\\/thalesbrandao\",\"http:\\\/\\\/www.instagram.com.br\\\/thalesbrandaoferreira\",\"https:\\\/\\\/www.linkedin.com\\\/in\\\/thales-brand\u00e3o-3948609\\\/\",\"https:\\\/\\\/x.com\\\/http:\\\/\\\/www.twitter.com\\\/thalesbrandao\"],\"url\":\"https:\\\/\\\/www.cidademarketing.com.br\\\/marketing\\\/author\\\/thalesbrandao\\\/\"}]}<\/script>\n<!-- \/ Yoast SEO plugin. -->","yoast_head_json":{"title":"MPF pede condena\u00e7\u00e3o da Globo por exibir \u201cO \u00c1lbum da Grande Fam\u00edlia\u201d em hor\u00e1rio infantojuvenil - CidadeMarketing","robots":{"index":"index","follow":"follow","max-snippet":"max-snippet:-1","max-image-preview":"max-image-preview:large","max-video-preview":"max-video-preview:-1"},"canonical":"https:\/\/www.cidademarketing.com.br\/marketing\/2019\/04\/05\/mpf-pede-condenacao-da-globo-por-exibir-o-album-da-grande-familia-em-horario-infantojuvenil\/","og_locale":"pt_BR","og_type":"article","og_title":"MPF pede condena\u00e7\u00e3o da Globo por exibir \u201cO \u00c1lbum da Grande Fam\u00edlia\u201d em hor\u00e1rio infantojuvenil - CidadeMarketing","og_description":"Programa foi classificado como n\u00e3o recomendado para menores de 12 anos. Faixa de hor\u00e1rio infantojuvenil permite a exibi\u00e7\u00e3o somente de programas com finalidades educativas, art\u00edsticas, culturais e informativas. O Minist\u00e9rio P\u00fablico Federal (MPF) em Minas Gerais (MG) ajuizou a\u00e7\u00e3o civil p\u00fablica contra a Rede Globo de Televis\u00e3o por danos morais coletivos. O motivo \u00e9 a [&hellip;]","og_url":"https:\/\/www.cidademarketing.com.br\/marketing\/2019\/04\/05\/mpf-pede-condenacao-da-globo-por-exibir-o-album-da-grande-familia-em-horario-infantojuvenil\/","og_site_name":"CidadeMarketing","article_publisher":"https:\/\/www.facebook.com\/portalcidademarketing","article_author":"https:\/\/www.facebook.com\/thalesbrandao","article_published_time":"2019-04-05T22:28:32+00:00","article_modified_time":"2019-04-05T22:28:35+00:00","og_image":[{"width":400,"height":264,"url":"https:\/\/www.cidademarketing.com.br\/marketing\/wp-content\/uploads\/2019\/04\/classificacao_indicativa.jpg","type":"image\/jpeg"}],"author":"Thales Brand\u00e3o","twitter_card":"summary_large_image","twitter_creator":"@http:\/\/www.twitter.com\/thalesbrandao","twitter_site":"@CidadeMarketing","twitter_misc":{"Escrito por":"Thales Brand\u00e3o","Est. tempo de leitura":"3 minutos"},"schema":{"@context":"https:\/\/schema.org","@graph":[{"@type":"Article","@id":"https:\/\/www.cidademarketing.com.br\/marketing\/2019\/04\/05\/mpf-pede-condenacao-da-globo-por-exibir-o-album-da-grande-familia-em-horario-infantojuvenil\/#article","isPartOf":{"@id":"https:\/\/www.cidademarketing.com.br\/marketing\/2019\/04\/05\/mpf-pede-condenacao-da-globo-por-exibir-o-album-da-grande-familia-em-horario-infantojuvenil\/"},"author":{"name":"Thales Brand\u00e3o","@id":"https:\/\/www.cidademarketing.com.br\/marketing\/#\/schema\/person\/02daff9f18bd9378c9e01eb6b2db155f"},"headline":"MPF pede condena\u00e7\u00e3o da Globo por exibir \u201cO \u00c1lbum da Grande Fam\u00edlia\u201d em hor\u00e1rio infantojuvenil","datePublished":"2019-04-05T22:28:32+00:00","dateModified":"2019-04-05T22:28:35+00:00","mainEntityOfPage":{"@id":"https:\/\/www.cidademarketing.com.br\/marketing\/2019\/04\/05\/mpf-pede-condenacao-da-globo-por-exibir-o-album-da-grande-familia-em-horario-infantojuvenil\/"},"wordCount":701,"commentCount":0,"publisher":{"@id":"https:\/\/www.cidademarketing.com.br\/marketing\/#organization"},"image":{"@id":"https:\/\/www.cidademarketing.com.br\/marketing\/2019\/04\/05\/mpf-pede-condenacao-da-globo-por-exibir-o-album-da-grande-familia-em-horario-infantojuvenil\/#primaryimage"},"thumbnailUrl":"https:\/\/www.cidademarketing.com.br\/marketing\/wp-content\/uploads\/2019\/04\/classificacao_indicativa.jpg","keywords":["Classifica\u00e7\u00e3o Indicativa","Globo","segmenta\u00e7\u00e3o de mercado"],"articleSection":["Not\u00edcias"],"inLanguage":"pt-BR","potentialAction":[{"@type":"CommentAction","name":"Comment","target":["https:\/\/www.cidademarketing.com.br\/marketing\/2019\/04\/05\/mpf-pede-condenacao-da-globo-por-exibir-o-album-da-grande-familia-em-horario-infantojuvenil\/#respond"]}]},{"@type":"WebPage","@id":"https:\/\/www.cidademarketing.com.br\/marketing\/2019\/04\/05\/mpf-pede-condenacao-da-globo-por-exibir-o-album-da-grande-familia-em-horario-infantojuvenil\/","url":"https:\/\/www.cidademarketing.com.br\/marketing\/2019\/04\/05\/mpf-pede-condenacao-da-globo-por-exibir-o-album-da-grande-familia-em-horario-infantojuvenil\/","name":"MPF pede condena\u00e7\u00e3o da Globo por exibir \u201cO \u00c1lbum da Grande Fam\u00edlia\u201d em hor\u00e1rio infantojuvenil - CidadeMarketing","isPartOf":{"@id":"https:\/\/www.cidademarketing.com.br\/marketing\/#website"},"primaryImageOfPage":{"@id":"https:\/\/www.cidademarketing.com.br\/marketing\/2019\/04\/05\/mpf-pede-condenacao-da-globo-por-exibir-o-album-da-grande-familia-em-horario-infantojuvenil\/#primaryimage"},"image":{"@id":"https:\/\/www.cidademarketing.com.br\/marketing\/2019\/04\/05\/mpf-pede-condenacao-da-globo-por-exibir-o-album-da-grande-familia-em-horario-infantojuvenil\/#primaryimage"},"thumbnailUrl":"https:\/\/www.cidademarketing.com.br\/marketing\/wp-content\/uploads\/2019\/04\/classificacao_indicativa.jpg","datePublished":"2019-04-05T22:28:32+00:00","dateModified":"2019-04-05T22:28:35+00:00","breadcrumb":{"@id":"https:\/\/www.cidademarketing.com.br\/marketing\/2019\/04\/05\/mpf-pede-condenacao-da-globo-por-exibir-o-album-da-grande-familia-em-horario-infantojuvenil\/#breadcrumb"},"inLanguage":"pt-BR","potentialAction":[{"@type":"ReadAction","target":["https:\/\/www.cidademarketing.com.br\/marketing\/2019\/04\/05\/mpf-pede-condenacao-da-globo-por-exibir-o-album-da-grande-familia-em-horario-infantojuvenil\/"]}]},{"@type":"ImageObject","inLanguage":"pt-BR","@id":"https:\/\/www.cidademarketing.com.br\/marketing\/2019\/04\/05\/mpf-pede-condenacao-da-globo-por-exibir-o-album-da-grande-familia-em-horario-infantojuvenil\/#primaryimage","url":"https:\/\/www.cidademarketing.com.br\/marketing\/wp-content\/uploads\/2019\/04\/classificacao_indicativa.jpg","contentUrl":"https:\/\/www.cidademarketing.com.br\/marketing\/wp-content\/uploads\/2019\/04\/classificacao_indicativa.jpg","width":400,"height":264},{"@type":"BreadcrumbList","@id":"https:\/\/www.cidademarketing.com.br\/marketing\/2019\/04\/05\/mpf-pede-condenacao-da-globo-por-exibir-o-album-da-grande-familia-em-horario-infantojuvenil\/#breadcrumb","itemListElement":[{"@type":"ListItem","position":1,"name":"In\u00edcio","item":"https:\/\/www.cidademarketing.com.br\/marketing\/"},{"@type":"ListItem","position":2,"name":"MPF pede condena\u00e7\u00e3o da Globo por exibir \u201cO \u00c1lbum da Grande Fam\u00edlia\u201d em hor\u00e1rio infantojuvenil"}]},{"@type":"WebSite","@id":"https:\/\/www.cidademarketing.com.br\/marketing\/#website","url":"https:\/\/www.cidademarketing.com.br\/marketing\/","name":"CidadeMarketing","description":"Somos um ve\u00edculo de comunica\u00e7\u00e3o de destaque no Brasil, reconhecido por conte\u00fados nos segmentos de marketing, empreendedorismo e inova\u00e7\u00e3o.","publisher":{"@id":"https:\/\/www.cidademarketing.com.br\/marketing\/#organization"},"alternateName":"CidadeMarketing","potentialAction":[{"@type":"SearchAction","target":{"@type":"EntryPoint","urlTemplate":"https:\/\/www.cidademarketing.com.br\/marketing\/?s={search_term_string}"},"query-input":{"@type":"PropertyValueSpecification","valueRequired":true,"valueName":"search_term_string"}}],"inLanguage":"pt-BR"},{"@type":"Organization","@id":"https:\/\/www.cidademarketing.com.br\/marketing\/#organization","name":"CidadeMarketing","alternateName":"CidadeMarketing","url":"https:\/\/www.cidademarketing.com.br\/marketing\/","logo":{"@type":"ImageObject","inLanguage":"pt-BR","@id":"https:\/\/www.cidademarketing.com.br\/marketing\/#\/schema\/logo\/image\/","url":"https:\/\/www.cidademarketing.com.br\/marketing\/wp-content\/uploads\/2020\/01\/cidademarketing_marca_mobile.png","contentUrl":"https:\/\/www.cidademarketing.com.br\/marketing\/wp-content\/uploads\/2020\/01\/cidademarketing_marca_mobile.png","width":230,"height":92,"caption":"CidadeMarketing"},"image":{"@id":"https:\/\/www.cidademarketing.com.br\/marketing\/#\/schema\/logo\/image\/"},"sameAs":["https:\/\/www.facebook.com\/portalcidademarketing","https:\/\/x.com\/CidadeMarketing","https:\/\/www.instagram.com\/cidademarketing\/"]},{"@type":"Person","@id":"https:\/\/www.cidademarketing.com.br\/marketing\/#\/schema\/person\/02daff9f18bd9378c9e01eb6b2db155f","name":"Thales Brand\u00e3o","image":{"@type":"ImageObject","inLanguage":"pt-BR","@id":"https:\/\/secure.gravatar.com\/avatar\/7ca3206950207cc3cb48feec56a8a7898741ab725c368d99d5d7a5a50aab80c6?s=96&d=mm&r=g","url":"https:\/\/secure.gravatar.com\/avatar\/7ca3206950207cc3cb48feec56a8a7898741ab725c368d99d5d7a5a50aab80c6?s=96&d=mm&r=g","contentUrl":"https:\/\/secure.gravatar.com\/avatar\/7ca3206950207cc3cb48feec56a8a7898741ab725c368d99d5d7a5a50aab80c6?s=96&d=mm&r=g","caption":"Thales Brand\u00e3o"},"description":"Editor Executivo do Portal CidadeMarketing.com.br &gt; Mestre em Comunica\u00e7\u00e3o e Sociedade pela Universidade Federal de Sergipe. Possui MBA Executivo em Administra\u00e7\u00e3o com \u00eanfase em Marketing pela Funda\u00e7\u00e3o Get\u00falio Vargas - Rio de Janeiro. Consultor, Palestrante e Pesquisador sobre Empreendedorismo, Marketing, Redes Sociais e Neg\u00f3cios Digitais. Professor, Palestrante TedxTalks e Campus Party. Twitter: @ThalesBrandao","sameAs":["http:\/\/www.mandacaru.com.br","https:\/\/www.facebook.com\/thalesbrandao","http:\/\/www.instagram.com.br\/thalesbrandaoferreira","https:\/\/www.linkedin.com\/in\/thales-brand\u00e3o-3948609\/","https:\/\/x.com\/http:\/\/www.twitter.com\/thalesbrandao"],"url":"https:\/\/www.cidademarketing.com.br\/marketing\/author\/thalesbrandao\/"}]}},"amp_enabled":true,"_links":{"self":[{"href":"https:\/\/www.cidademarketing.com.br\/marketing\/wp-json\/wp\/v2\/posts\/7410","targetHints":{"allow":["GET"]}}],"collection":[{"href":"https:\/\/www.cidademarketing.com.br\/marketing\/wp-json\/wp\/v2\/posts"}],"about":[{"href":"https:\/\/www.cidademarketing.com.br\/marketing\/wp-json\/wp\/v2\/types\/post"}],"author":[{"embeddable":true,"href":"https:\/\/www.cidademarketing.com.br\/marketing\/wp-json\/wp\/v2\/users\/1"}],"replies":[{"embeddable":true,"href":"https:\/\/www.cidademarketing.com.br\/marketing\/wp-json\/wp\/v2\/comments?post=7410"}],"version-history":[{"count":1,"href":"https:\/\/www.cidademarketing.com.br\/marketing\/wp-json\/wp\/v2\/posts\/7410\/revisions"}],"predecessor-version":[{"id":7412,"href":"https:\/\/www.cidademarketing.com.br\/marketing\/wp-json\/wp\/v2\/posts\/7410\/revisions\/7412"}],"wp:featuredmedia":[{"embeddable":true,"href":"https:\/\/www.cidademarketing.com.br\/marketing\/wp-json\/wp\/v2\/media\/7411"}],"wp:attachment":[{"href":"https:\/\/www.cidademarketing.com.br\/marketing\/wp-json\/wp\/v2\/media?parent=7410"}],"wp:term":[{"taxonomy":"category","embeddable":true,"href":"https:\/\/www.cidademarketing.com.br\/marketing\/wp-json\/wp\/v2\/categories?post=7410"},{"taxonomy":"post_tag","embeddable":true,"href":"https:\/\/www.cidademarketing.com.br\/marketing\/wp-json\/wp\/v2\/tags?post=7410"}],"curies":[{"name":"wp","href":"https:\/\/api.w.org\/{rel}","templated":true}]}}