{"id":7372,"date":"2019-04-03T23:01:02","date_gmt":"2019-04-04T02:01:02","guid":{"rendered":"http:\/\/www.cidademarketing.com.br\/marketing\/?p=7372"},"modified":"2019-04-03T23:02:15","modified_gmt":"2019-04-04T02:02:15","slug":"carlos-ghosn-lider-que-presidiu-a-nissan-e-renault-e-preso-novamente-informa-imprensa-japonesa","status":"publish","type":"post","link":"https:\/\/www.cidademarketing.com.br\/marketing\/2019\/04\/03\/carlos-ghosn-lider-que-presidiu-a-nissan-e-renault-e-preso-novamente-informa-imprensa-japonesa\/","title":{"rendered":"Carlos Ghosn, l\u00edder que presidiu a Nissan e Renault, \u00e9 preso novamente, informa imprensa japonesa"},"content":{"rendered":"\n<p>A TV japonesa NHK destacou que Carlos Ghosn, o executivo brasileiro que presidiu a Nissan e a Renault, foi preso novamente hoje, 03\/04, na sua resid\u00eancia em T\u00f3quio.  Acusado de m\u00e1 conduta financeira, o brasileiro, m\u00eas passado pagou fian\u00e7a de quase R$ 34 milh\u00f5es e cumpria pris\u00e3o domiciliar. <\/p>\n\n\n\n<p>Em novembro de 2018, Carlos Ghosn foi preso acusado de sonega\u00e7\u00e3o e fraude fiscal.   Pelo Twitter, Carlos citou que iria realizar para imprensa uma coletiva no dia 11 de abril. O comunicado foi feito em ingl\u00eas e japon\u00eas.<\/p>\n\n\n\n<figure class=\"wp-block-embed-twitter wp-block-embed is-type-rich is-provider-twitter\"><div class=\"wp-block-embed__wrapper\">\n<blockquote class=\"twitter-tweet\" data-width=\"550\" data-dnt=\"true\"><p lang=\"ja\" dir=\"ltr\">\u4f55\u304c\u8d77\u304d\u3066\u3044\u308b\u306e\u304b\u771f\u5b9f\u3092\u304a\u8a71\u3057\u3059\u308b\u6e96\u5099\u3092\u3057\u3066\u3044\u307e\u3059\u3002<br>4\u670811\u65e5\u6728\u66dc\u65e5\u306b\u8a18\u8005\u4f1a\u898b\u3092\u3057\u307e\u3059\u3002<\/p>&mdash; Carlos Ghosn \u30ab\u30eb\u30ed\u30b9\u30fb\u30b4\u30fc\u30f3 (@carlosghosn) <a href=\"https:\/\/twitter.com\/carlosghosn\/status\/1113306621298352135?ref_src=twsrc%5Etfw\">April 3, 2019<\/a><\/blockquote><script async src=\"https:\/\/platform.twitter.com\/widgets.js\" charset=\"utf-8\"><\/script>\n<\/div><\/figure>\n\n\n\n<figure class=\"wp-block-embed-twitter wp-block-embed is-type-rich is-provider-twitter\"><div class=\"wp-block-embed__wrapper\">\n<blockquote class=\"twitter-tweet\" data-width=\"550\" data-dnt=\"true\"><p lang=\"en\" dir=\"ltr\">I&#39;m getting ready to tell the truth about what&#39;s happening.  Press conference on Thursday, April 11.<\/p>&mdash; Carlos Ghosn \u30ab\u30eb\u30ed\u30b9\u30fb\u30b4\u30fc\u30f3 (@carlosghosn) <a href=\"https:\/\/twitter.com\/carlosghosn\/status\/1113287847039995905?ref_src=twsrc%5Etfw\">April 3, 2019<\/a><\/blockquote><script async src=\"https:\/\/platform.twitter.com\/widgets.js\" charset=\"utf-8\"><\/script>\n<\/div><\/figure>\n\n\n\n<figure class=\"wp-block-embed-twitter wp-block-embed is-type-rich is-provider-twitter\"><div class=\"wp-block-embed__wrapper\">\n<blockquote class=\"twitter-tweet\" data-width=\"550\" data-dnt=\"true\"><p lang=\"es\" dir=\"ltr\">Detienen nuevamente al expresidente de <a href=\"https:\/\/twitter.com\/hashtag\/Nissan?src=hash&amp;ref_src=twsrc%5Etfw\">#Nissan<\/a> <a href=\"https:\/\/twitter.com\/carlosghosn?ref_src=twsrc%5Etfw\">@carlosghosn<\/a> en <a href=\"https:\/\/twitter.com\/hashtag\/Jap%C3%B3n?src=hash&amp;ref_src=twsrc%5Etfw\">#Jap\u00f3n<\/a>, bajo la acusaci\u00f3n de malversaci\u00f3n de fondos entre <a href=\"https:\/\/twitter.com\/hashtag\/Nissan?src=hash&amp;ref_src=twsrc%5Etfw\">#Nissan<\/a> y <a href=\"https:\/\/twitter.com\/hashtag\/Renault?src=hash&amp;ref_src=twsrc%5Etfw\">#Renault<\/a>, hacia una distribuidora con sede en Om\u00e1n. <a href=\"https:\/\/t.co\/nN9fqg9m4a\">pic.twitter.com\/nN9fqg9m4a<\/a><\/p>&mdash; EAM (@EAMNewlink) <a href=\"https:\/\/twitter.com\/EAMNewlink\/status\/1113620429288112128?ref_src=twsrc%5Etfw\">April 4, 2019<\/a><\/blockquote><script async src=\"https:\/\/platform.twitter.com\/widgets.js\" charset=\"utf-8\"><\/script>\n<\/div><\/figure>\n\n\n\n<figure class=\"wp-block-embed-twitter wp-block-embed is-type-rich is-provider-twitter\"><div class=\"wp-block-embed__wrapper\">\n<blockquote class=\"twitter-tweet\" data-width=\"550\" data-dnt=\"true\"><p lang=\"en\" dir=\"ltr\">JUST IN: Carlos Ghosn arrested on suspicion of aggravated breach of trust &#8211; Tokyo prosecutor <a href=\"https:\/\/t.co\/TWcwrbmeHq\">pic.twitter.com\/TWcwrbmeHq<\/a><\/p>&mdash; Reuters (@Reuters) <a href=\"https:\/\/twitter.com\/Reuters\/status\/1113620042640392194?ref_src=twsrc%5Etfw\">April 4, 2019<\/a><\/blockquote><script async src=\"https:\/\/platform.twitter.com\/widgets.js\" charset=\"utf-8\"><\/script>\n<\/div><\/figure>\n\n\n\n<figure class=\"wp-block-embed-twitter wp-block-embed is-type-rich is-provider-twitter\"><div class=\"wp-block-embed__wrapper\">\n<blockquote class=\"twitter-tweet\" data-width=\"550\" data-dnt=\"true\"><p lang=\"en\" dir=\"ltr\">Carlos Ghosn, the former Nissan chief, was arrested again in Tokyo, this time on suspicion of using company funds for his own personal ends <a href=\"https:\/\/t.co\/hAmY1WwRQD\">https:\/\/t.co\/hAmY1WwRQD<\/a><\/p>&mdash; The New York Times (@nytimes) <a href=\"https:\/\/twitter.com\/nytimes\/status\/1113618472167247872?ref_src=twsrc%5Etfw\">April 4, 2019<\/a><\/blockquote><script async src=\"https:\/\/platform.twitter.com\/widgets.js\" charset=\"utf-8\"><\/script>\n<\/div><\/figure>\n","protected":false},"excerpt":{"rendered":"<p>A TV japonesa NHK destacou que Carlos Ghosn, o executivo brasileiro que presidiu a Nissan e a Renault, foi preso novamente hoje, 03\/04, na sua resid\u00eancia em T\u00f3quio. Acusado de m\u00e1 conduta financeira, o brasileiro, m\u00eas passado pagou fian\u00e7a de quase R$ 34 milh\u00f5es e cumpria pris\u00e3o domiciliar. Em novembro de 2018, Carlos Ghosn foi [&hellip;]<\/p>\n","protected":false},"author":1,"featured_media":3174,"comment_status":"open","ping_status":"open","sticky":false,"template":"","format":"standard","meta":{"tdm_status":"","tdm_grid_status":"","footnotes":""},"categories":[6],"tags":[147,691,967,316],"class_list":["post-7372","post","type-post","status-publish","format-standard","has-post-thumbnail","hentry","category-noticias","tag-brasil","tag-carlos-ghosn","tag-japao","tag-nissan"],"yoast_head":"<!-- This site is optimized with the Yoast SEO plugin v27.5 - https:\/\/yoast.com\/product\/yoast-seo-wordpress\/ -->\n<title>Carlos Ghosn, l\u00edder que presidiu a Nissan e Renault, \u00e9 preso novamente, informa imprensa japonesa - CidadeMarketing<\/title>\n<meta name=\"robots\" content=\"index, follow, max-snippet:-1, max-image-preview:large, max-video-preview:-1\" \/>\n<link rel=\"canonical\" href=\"https:\/\/www.cidademarketing.com.br\/marketing\/2019\/04\/03\/carlos-ghosn-lider-que-presidiu-a-nissan-e-renault-e-preso-novamente-informa-imprensa-japonesa\/\" \/>\n<meta property=\"og:locale\" content=\"pt_BR\" \/>\n<meta property=\"og:type\" content=\"article\" \/>\n<meta property=\"og:title\" content=\"Carlos Ghosn, l\u00edder que presidiu a Nissan e Renault, \u00e9 preso novamente, informa imprensa japonesa - CidadeMarketing\" \/>\n<meta property=\"og:description\" content=\"A TV japonesa NHK destacou que Carlos Ghosn, o executivo brasileiro que presidiu a Nissan e a Renault, foi preso novamente hoje, 03\/04, na sua resid\u00eancia em T\u00f3quio. Acusado de m\u00e1 conduta financeira, o brasileiro, m\u00eas passado pagou fian\u00e7a de quase R$ 34 milh\u00f5es e cumpria pris\u00e3o domiciliar. Em novembro de 2018, Carlos Ghosn foi [&hellip;]\" \/>\n<meta property=\"og:url\" content=\"https:\/\/www.cidademarketing.com.br\/marketing\/2019\/04\/03\/carlos-ghosn-lider-que-presidiu-a-nissan-e-renault-e-preso-novamente-informa-imprensa-japonesa\/\" \/>\n<meta property=\"og:site_name\" content=\"CidadeMarketing\" \/>\n<meta property=\"article:publisher\" content=\"https:\/\/www.facebook.com\/portalcidademarketing\" \/>\n<meta property=\"article:author\" content=\"https:\/\/www.facebook.com\/thalesbrandao\" \/>\n<meta property=\"article:published_time\" content=\"2019-04-04T02:01:02+00:00\" \/>\n<meta property=\"article:modified_time\" content=\"2019-04-04T02:02:15+00:00\" \/>\n<meta property=\"og:image\" content=\"https:\/\/www.cidademarketing.com.br\/marketing\/wp-content\/uploads\/2018\/11\/CARLOS_GHOSN.jpg\" \/>\n\t<meta property=\"og:image:width\" content=\"799\" \/>\n\t<meta property=\"og:image:height\" content=\"1200\" \/>\n\t<meta property=\"og:image:type\" content=\"image\/jpeg\" \/>\n<meta name=\"author\" content=\"Thales Brand\u00e3o\" \/>\n<meta name=\"twitter:card\" content=\"summary_large_image\" \/>\n<meta name=\"twitter:creator\" content=\"@http:\/\/www.twitter.com\/thalesbrandao\" \/>\n<meta name=\"twitter:site\" content=\"@CidadeMarketing\" \/>\n<meta name=\"twitter:label1\" content=\"Escrito por\" \/>\n\t<meta name=\"twitter:data1\" content=\"Thales Brand\u00e3o\" \/>\n\t<meta name=\"twitter:label2\" content=\"Est. tempo de leitura\" \/>\n\t<meta name=\"twitter:data2\" content=\"1 minuto\" \/>\n<script type=\"application\/ld+json\" class=\"yoast-schema-graph\">{\"@context\":\"https:\\\/\\\/schema.org\",\"@graph\":[{\"@type\":\"Article\",\"@id\":\"https:\\\/\\\/www.cidademarketing.com.br\\\/marketing\\\/2019\\\/04\\\/03\\\/carlos-ghosn-lider-que-presidiu-a-nissan-e-renault-e-preso-novamente-informa-imprensa-japonesa\\\/#article\",\"isPartOf\":{\"@id\":\"https:\\\/\\\/www.cidademarketing.com.br\\\/marketing\\\/2019\\\/04\\\/03\\\/carlos-ghosn-lider-que-presidiu-a-nissan-e-renault-e-preso-novamente-informa-imprensa-japonesa\\\/\"},\"author\":{\"name\":\"Thales Brand\u00e3o\",\"@id\":\"https:\\\/\\\/www.cidademarketing.com.br\\\/marketing\\\/#\\\/schema\\\/person\\\/02daff9f18bd9378c9e01eb6b2db155f\"},\"headline\":\"Carlos Ghosn, l\u00edder que presidiu a Nissan e Renault, \u00e9 preso novamente, informa imprensa japonesa\",\"datePublished\":\"2019-04-04T02:01:02+00:00\",\"dateModified\":\"2019-04-04T02:02:15+00:00\",\"mainEntityOfPage\":{\"@id\":\"https:\\\/\\\/www.cidademarketing.com.br\\\/marketing\\\/2019\\\/04\\\/03\\\/carlos-ghosn-lider-que-presidiu-a-nissan-e-renault-e-preso-novamente-informa-imprensa-japonesa\\\/\"},\"wordCount\":131,\"commentCount\":0,\"publisher\":{\"@id\":\"https:\\\/\\\/www.cidademarketing.com.br\\\/marketing\\\/#organization\"},\"image\":{\"@id\":\"https:\\\/\\\/www.cidademarketing.com.br\\\/marketing\\\/2019\\\/04\\\/03\\\/carlos-ghosn-lider-que-presidiu-a-nissan-e-renault-e-preso-novamente-informa-imprensa-japonesa\\\/#primaryimage\"},\"thumbnailUrl\":\"https:\\\/\\\/www.cidademarketing.com.br\\\/marketing\\\/wp-content\\\/uploads\\\/2018\\\/11\\\/CARLOS_GHOSN.jpg\",\"keywords\":[\"Brasil\",\"Carlos Ghosn\",\"Jap\u00e3o\",\"Nissan\"],\"articleSection\":[\"Not\u00edcias\"],\"inLanguage\":\"pt-BR\",\"potentialAction\":[{\"@type\":\"CommentAction\",\"name\":\"Comment\",\"target\":[\"https:\\\/\\\/www.cidademarketing.com.br\\\/marketing\\\/2019\\\/04\\\/03\\\/carlos-ghosn-lider-que-presidiu-a-nissan-e-renault-e-preso-novamente-informa-imprensa-japonesa\\\/#respond\"]}]},{\"@type\":\"WebPage\",\"@id\":\"https:\\\/\\\/www.cidademarketing.com.br\\\/marketing\\\/2019\\\/04\\\/03\\\/carlos-ghosn-lider-que-presidiu-a-nissan-e-renault-e-preso-novamente-informa-imprensa-japonesa\\\/\",\"url\":\"https:\\\/\\\/www.cidademarketing.com.br\\\/marketing\\\/2019\\\/04\\\/03\\\/carlos-ghosn-lider-que-presidiu-a-nissan-e-renault-e-preso-novamente-informa-imprensa-japonesa\\\/\",\"name\":\"Carlos Ghosn, l\u00edder que presidiu a Nissan e Renault, \u00e9 preso novamente, informa imprensa japonesa - CidadeMarketing\",\"isPartOf\":{\"@id\":\"https:\\\/\\\/www.cidademarketing.com.br\\\/marketing\\\/#website\"},\"primaryImageOfPage\":{\"@id\":\"https:\\\/\\\/www.cidademarketing.com.br\\\/marketing\\\/2019\\\/04\\\/03\\\/carlos-ghosn-lider-que-presidiu-a-nissan-e-renault-e-preso-novamente-informa-imprensa-japonesa\\\/#primaryimage\"},\"image\":{\"@id\":\"https:\\\/\\\/www.cidademarketing.com.br\\\/marketing\\\/2019\\\/04\\\/03\\\/carlos-ghosn-lider-que-presidiu-a-nissan-e-renault-e-preso-novamente-informa-imprensa-japonesa\\\/#primaryimage\"},\"thumbnailUrl\":\"https:\\\/\\\/www.cidademarketing.com.br\\\/marketing\\\/wp-content\\\/uploads\\\/2018\\\/11\\\/CARLOS_GHOSN.jpg\",\"datePublished\":\"2019-04-04T02:01:02+00:00\",\"dateModified\":\"2019-04-04T02:02:15+00:00\",\"breadcrumb\":{\"@id\":\"https:\\\/\\\/www.cidademarketing.com.br\\\/marketing\\\/2019\\\/04\\\/03\\\/carlos-ghosn-lider-que-presidiu-a-nissan-e-renault-e-preso-novamente-informa-imprensa-japonesa\\\/#breadcrumb\"},\"inLanguage\":\"pt-BR\",\"potentialAction\":[{\"@type\":\"ReadAction\",\"target\":[\"https:\\\/\\\/www.cidademarketing.com.br\\\/marketing\\\/2019\\\/04\\\/03\\\/carlos-ghosn-lider-que-presidiu-a-nissan-e-renault-e-preso-novamente-informa-imprensa-japonesa\\\/\"]}]},{\"@type\":\"ImageObject\",\"inLanguage\":\"pt-BR\",\"@id\":\"https:\\\/\\\/www.cidademarketing.com.br\\\/marketing\\\/2019\\\/04\\\/03\\\/carlos-ghosn-lider-que-presidiu-a-nissan-e-renault-e-preso-novamente-informa-imprensa-japonesa\\\/#primaryimage\",\"url\":\"https:\\\/\\\/www.cidademarketing.com.br\\\/marketing\\\/wp-content\\\/uploads\\\/2018\\\/11\\\/CARLOS_GHOSN.jpg\",\"contentUrl\":\"https:\\\/\\\/www.cidademarketing.com.br\\\/marketing\\\/wp-content\\\/uploads\\\/2018\\\/11\\\/CARLOS_GHOSN.jpg\",\"width\":799,\"height\":1200,\"caption\":\"Divulga\u00e7\u00e3o\"},{\"@type\":\"BreadcrumbList\",\"@id\":\"https:\\\/\\\/www.cidademarketing.com.br\\\/marketing\\\/2019\\\/04\\\/03\\\/carlos-ghosn-lider-que-presidiu-a-nissan-e-renault-e-preso-novamente-informa-imprensa-japonesa\\\/#breadcrumb\",\"itemListElement\":[{\"@type\":\"ListItem\",\"position\":1,\"name\":\"In\u00edcio\",\"item\":\"https:\\\/\\\/www.cidademarketing.com.br\\\/marketing\\\/\"},{\"@type\":\"ListItem\",\"position\":2,\"name\":\"Carlos Ghosn, l\u00edder que presidiu a Nissan e Renault, \u00e9 preso novamente, informa imprensa japonesa\"}]},{\"@type\":\"WebSite\",\"@id\":\"https:\\\/\\\/www.cidademarketing.com.br\\\/marketing\\\/#website\",\"url\":\"https:\\\/\\\/www.cidademarketing.com.br\\\/marketing\\\/\",\"name\":\"CidadeMarketing\",\"description\":\"Somos um ve\u00edculo de comunica\u00e7\u00e3o de destaque no Brasil, reconhecido por conte\u00fados nos segmentos de marketing, empreendedorismo e inova\u00e7\u00e3o.\",\"publisher\":{\"@id\":\"https:\\\/\\\/www.cidademarketing.com.br\\\/marketing\\\/#organization\"},\"alternateName\":\"CidadeMarketing\",\"potentialAction\":[{\"@type\":\"SearchAction\",\"target\":{\"@type\":\"EntryPoint\",\"urlTemplate\":\"https:\\\/\\\/www.cidademarketing.com.br\\\/marketing\\\/?s={search_term_string}\"},\"query-input\":{\"@type\":\"PropertyValueSpecification\",\"valueRequired\":true,\"valueName\":\"search_term_string\"}}],\"inLanguage\":\"pt-BR\"},{\"@type\":\"Organization\",\"@id\":\"https:\\\/\\\/www.cidademarketing.com.br\\\/marketing\\\/#organization\",\"name\":\"CidadeMarketing\",\"alternateName\":\"CidadeMarketing\",\"url\":\"https:\\\/\\\/www.cidademarketing.com.br\\\/marketing\\\/\",\"logo\":{\"@type\":\"ImageObject\",\"inLanguage\":\"pt-BR\",\"@id\":\"https:\\\/\\\/www.cidademarketing.com.br\\\/marketing\\\/#\\\/schema\\\/logo\\\/image\\\/\",\"url\":\"https:\\\/\\\/www.cidademarketing.com.br\\\/marketing\\\/wp-content\\\/uploads\\\/2020\\\/01\\\/cidademarketing_marca_mobile.png\",\"contentUrl\":\"https:\\\/\\\/www.cidademarketing.com.br\\\/marketing\\\/wp-content\\\/uploads\\\/2020\\\/01\\\/cidademarketing_marca_mobile.png\",\"width\":230,\"height\":92,\"caption\":\"CidadeMarketing\"},\"image\":{\"@id\":\"https:\\\/\\\/www.cidademarketing.com.br\\\/marketing\\\/#\\\/schema\\\/logo\\\/image\\\/\"},\"sameAs\":[\"https:\\\/\\\/www.facebook.com\\\/portalcidademarketing\",\"https:\\\/\\\/x.com\\\/CidadeMarketing\",\"https:\\\/\\\/www.instagram.com\\\/cidademarketing\\\/\"]},{\"@type\":\"Person\",\"@id\":\"https:\\\/\\\/www.cidademarketing.com.br\\\/marketing\\\/#\\\/schema\\\/person\\\/02daff9f18bd9378c9e01eb6b2db155f\",\"name\":\"Thales Brand\u00e3o\",\"image\":{\"@type\":\"ImageObject\",\"inLanguage\":\"pt-BR\",\"@id\":\"https:\\\/\\\/secure.gravatar.com\\\/avatar\\\/7ca3206950207cc3cb48feec56a8a7898741ab725c368d99d5d7a5a50aab80c6?s=96&d=mm&r=g\",\"url\":\"https:\\\/\\\/secure.gravatar.com\\\/avatar\\\/7ca3206950207cc3cb48feec56a8a7898741ab725c368d99d5d7a5a50aab80c6?s=96&d=mm&r=g\",\"contentUrl\":\"https:\\\/\\\/secure.gravatar.com\\\/avatar\\\/7ca3206950207cc3cb48feec56a8a7898741ab725c368d99d5d7a5a50aab80c6?s=96&d=mm&r=g\",\"caption\":\"Thales Brand\u00e3o\"},\"description\":\"Editor Executivo do Portal CidadeMarketing.com.br &gt; Mestre em Comunica\u00e7\u00e3o e Sociedade pela Universidade Federal de Sergipe. Possui MBA Executivo em Administra\u00e7\u00e3o com \u00eanfase em Marketing pela Funda\u00e7\u00e3o Get\u00falio Vargas - Rio de Janeiro. Consultor, Palestrante e Pesquisador sobre Empreendedorismo, Marketing, Redes Sociais e Neg\u00f3cios Digitais. Professor, Palestrante TedxTalks e Campus Party. Twitter: @ThalesBrandao\",\"sameAs\":[\"http:\\\/\\\/www.mandacaru.com.br\",\"https:\\\/\\\/www.facebook.com\\\/thalesbrandao\",\"http:\\\/\\\/www.instagram.com.br\\\/thalesbrandaoferreira\",\"https:\\\/\\\/www.linkedin.com\\\/in\\\/thales-brand\u00e3o-3948609\\\/\",\"https:\\\/\\\/x.com\\\/http:\\\/\\\/www.twitter.com\\\/thalesbrandao\"],\"url\":\"https:\\\/\\\/www.cidademarketing.com.br\\\/marketing\\\/author\\\/thalesbrandao\\\/\"}]}<\/script>\n<!-- \/ Yoast SEO plugin. -->","yoast_head_json":{"title":"Carlos Ghosn, l\u00edder que presidiu a Nissan e Renault, \u00e9 preso novamente, informa imprensa japonesa - CidadeMarketing","robots":{"index":"index","follow":"follow","max-snippet":"max-snippet:-1","max-image-preview":"max-image-preview:large","max-video-preview":"max-video-preview:-1"},"canonical":"https:\/\/www.cidademarketing.com.br\/marketing\/2019\/04\/03\/carlos-ghosn-lider-que-presidiu-a-nissan-e-renault-e-preso-novamente-informa-imprensa-japonesa\/","og_locale":"pt_BR","og_type":"article","og_title":"Carlos Ghosn, l\u00edder que presidiu a Nissan e Renault, \u00e9 preso novamente, informa imprensa japonesa - CidadeMarketing","og_description":"A TV japonesa NHK destacou que Carlos Ghosn, o executivo brasileiro que presidiu a Nissan e a Renault, foi preso novamente hoje, 03\/04, na sua resid\u00eancia em T\u00f3quio. Acusado de m\u00e1 conduta financeira, o brasileiro, m\u00eas passado pagou fian\u00e7a de quase R$ 34 milh\u00f5es e cumpria pris\u00e3o domiciliar. Em novembro de 2018, Carlos Ghosn foi [&hellip;]","og_url":"https:\/\/www.cidademarketing.com.br\/marketing\/2019\/04\/03\/carlos-ghosn-lider-que-presidiu-a-nissan-e-renault-e-preso-novamente-informa-imprensa-japonesa\/","og_site_name":"CidadeMarketing","article_publisher":"https:\/\/www.facebook.com\/portalcidademarketing","article_author":"https:\/\/www.facebook.com\/thalesbrandao","article_published_time":"2019-04-04T02:01:02+00:00","article_modified_time":"2019-04-04T02:02:15+00:00","og_image":[{"width":799,"height":1200,"url":"https:\/\/www.cidademarketing.com.br\/marketing\/wp-content\/uploads\/2018\/11\/CARLOS_GHOSN.jpg","type":"image\/jpeg"}],"author":"Thales Brand\u00e3o","twitter_card":"summary_large_image","twitter_creator":"@http:\/\/www.twitter.com\/thalesbrandao","twitter_site":"@CidadeMarketing","twitter_misc":{"Escrito por":"Thales Brand\u00e3o","Est. tempo de leitura":"1 minuto"},"schema":{"@context":"https:\/\/schema.org","@graph":[{"@type":"Article","@id":"https:\/\/www.cidademarketing.com.br\/marketing\/2019\/04\/03\/carlos-ghosn-lider-que-presidiu-a-nissan-e-renault-e-preso-novamente-informa-imprensa-japonesa\/#article","isPartOf":{"@id":"https:\/\/www.cidademarketing.com.br\/marketing\/2019\/04\/03\/carlos-ghosn-lider-que-presidiu-a-nissan-e-renault-e-preso-novamente-informa-imprensa-japonesa\/"},"author":{"name":"Thales Brand\u00e3o","@id":"https:\/\/www.cidademarketing.com.br\/marketing\/#\/schema\/person\/02daff9f18bd9378c9e01eb6b2db155f"},"headline":"Carlos Ghosn, l\u00edder que presidiu a Nissan e Renault, \u00e9 preso novamente, informa imprensa japonesa","datePublished":"2019-04-04T02:01:02+00:00","dateModified":"2019-04-04T02:02:15+00:00","mainEntityOfPage":{"@id":"https:\/\/www.cidademarketing.com.br\/marketing\/2019\/04\/03\/carlos-ghosn-lider-que-presidiu-a-nissan-e-renault-e-preso-novamente-informa-imprensa-japonesa\/"},"wordCount":131,"commentCount":0,"publisher":{"@id":"https:\/\/www.cidademarketing.com.br\/marketing\/#organization"},"image":{"@id":"https:\/\/www.cidademarketing.com.br\/marketing\/2019\/04\/03\/carlos-ghosn-lider-que-presidiu-a-nissan-e-renault-e-preso-novamente-informa-imprensa-japonesa\/#primaryimage"},"thumbnailUrl":"https:\/\/www.cidademarketing.com.br\/marketing\/wp-content\/uploads\/2018\/11\/CARLOS_GHOSN.jpg","keywords":["Brasil","Carlos Ghosn","Jap\u00e3o","Nissan"],"articleSection":["Not\u00edcias"],"inLanguage":"pt-BR","potentialAction":[{"@type":"CommentAction","name":"Comment","target":["https:\/\/www.cidademarketing.com.br\/marketing\/2019\/04\/03\/carlos-ghosn-lider-que-presidiu-a-nissan-e-renault-e-preso-novamente-informa-imprensa-japonesa\/#respond"]}]},{"@type":"WebPage","@id":"https:\/\/www.cidademarketing.com.br\/marketing\/2019\/04\/03\/carlos-ghosn-lider-que-presidiu-a-nissan-e-renault-e-preso-novamente-informa-imprensa-japonesa\/","url":"https:\/\/www.cidademarketing.com.br\/marketing\/2019\/04\/03\/carlos-ghosn-lider-que-presidiu-a-nissan-e-renault-e-preso-novamente-informa-imprensa-japonesa\/","name":"Carlos Ghosn, l\u00edder que presidiu a Nissan e Renault, \u00e9 preso novamente, informa imprensa japonesa - CidadeMarketing","isPartOf":{"@id":"https:\/\/www.cidademarketing.com.br\/marketing\/#website"},"primaryImageOfPage":{"@id":"https:\/\/www.cidademarketing.com.br\/marketing\/2019\/04\/03\/carlos-ghosn-lider-que-presidiu-a-nissan-e-renault-e-preso-novamente-informa-imprensa-japonesa\/#primaryimage"},"image":{"@id":"https:\/\/www.cidademarketing.com.br\/marketing\/2019\/04\/03\/carlos-ghosn-lider-que-presidiu-a-nissan-e-renault-e-preso-novamente-informa-imprensa-japonesa\/#primaryimage"},"thumbnailUrl":"https:\/\/www.cidademarketing.com.br\/marketing\/wp-content\/uploads\/2018\/11\/CARLOS_GHOSN.jpg","datePublished":"2019-04-04T02:01:02+00:00","dateModified":"2019-04-04T02:02:15+00:00","breadcrumb":{"@id":"https:\/\/www.cidademarketing.com.br\/marketing\/2019\/04\/03\/carlos-ghosn-lider-que-presidiu-a-nissan-e-renault-e-preso-novamente-informa-imprensa-japonesa\/#breadcrumb"},"inLanguage":"pt-BR","potentialAction":[{"@type":"ReadAction","target":["https:\/\/www.cidademarketing.com.br\/marketing\/2019\/04\/03\/carlos-ghosn-lider-que-presidiu-a-nissan-e-renault-e-preso-novamente-informa-imprensa-japonesa\/"]}]},{"@type":"ImageObject","inLanguage":"pt-BR","@id":"https:\/\/www.cidademarketing.com.br\/marketing\/2019\/04\/03\/carlos-ghosn-lider-que-presidiu-a-nissan-e-renault-e-preso-novamente-informa-imprensa-japonesa\/#primaryimage","url":"https:\/\/www.cidademarketing.com.br\/marketing\/wp-content\/uploads\/2018\/11\/CARLOS_GHOSN.jpg","contentUrl":"https:\/\/www.cidademarketing.com.br\/marketing\/wp-content\/uploads\/2018\/11\/CARLOS_GHOSN.jpg","width":799,"height":1200,"caption":"Divulga\u00e7\u00e3o"},{"@type":"BreadcrumbList","@id":"https:\/\/www.cidademarketing.com.br\/marketing\/2019\/04\/03\/carlos-ghosn-lider-que-presidiu-a-nissan-e-renault-e-preso-novamente-informa-imprensa-japonesa\/#breadcrumb","itemListElement":[{"@type":"ListItem","position":1,"name":"In\u00edcio","item":"https:\/\/www.cidademarketing.com.br\/marketing\/"},{"@type":"ListItem","position":2,"name":"Carlos Ghosn, l\u00edder que presidiu a Nissan e Renault, \u00e9 preso novamente, informa imprensa japonesa"}]},{"@type":"WebSite","@id":"https:\/\/www.cidademarketing.com.br\/marketing\/#website","url":"https:\/\/www.cidademarketing.com.br\/marketing\/","name":"CidadeMarketing","description":"Somos um ve\u00edculo de comunica\u00e7\u00e3o de destaque no Brasil, reconhecido por conte\u00fados nos segmentos de marketing, empreendedorismo e inova\u00e7\u00e3o.","publisher":{"@id":"https:\/\/www.cidademarketing.com.br\/marketing\/#organization"},"alternateName":"CidadeMarketing","potentialAction":[{"@type":"SearchAction","target":{"@type":"EntryPoint","urlTemplate":"https:\/\/www.cidademarketing.com.br\/marketing\/?s={search_term_string}"},"query-input":{"@type":"PropertyValueSpecification","valueRequired":true,"valueName":"search_term_string"}}],"inLanguage":"pt-BR"},{"@type":"Organization","@id":"https:\/\/www.cidademarketing.com.br\/marketing\/#organization","name":"CidadeMarketing","alternateName":"CidadeMarketing","url":"https:\/\/www.cidademarketing.com.br\/marketing\/","logo":{"@type":"ImageObject","inLanguage":"pt-BR","@id":"https:\/\/www.cidademarketing.com.br\/marketing\/#\/schema\/logo\/image\/","url":"https:\/\/www.cidademarketing.com.br\/marketing\/wp-content\/uploads\/2020\/01\/cidademarketing_marca_mobile.png","contentUrl":"https:\/\/www.cidademarketing.com.br\/marketing\/wp-content\/uploads\/2020\/01\/cidademarketing_marca_mobile.png","width":230,"height":92,"caption":"CidadeMarketing"},"image":{"@id":"https:\/\/www.cidademarketing.com.br\/marketing\/#\/schema\/logo\/image\/"},"sameAs":["https:\/\/www.facebook.com\/portalcidademarketing","https:\/\/x.com\/CidadeMarketing","https:\/\/www.instagram.com\/cidademarketing\/"]},{"@type":"Person","@id":"https:\/\/www.cidademarketing.com.br\/marketing\/#\/schema\/person\/02daff9f18bd9378c9e01eb6b2db155f","name":"Thales Brand\u00e3o","image":{"@type":"ImageObject","inLanguage":"pt-BR","@id":"https:\/\/secure.gravatar.com\/avatar\/7ca3206950207cc3cb48feec56a8a7898741ab725c368d99d5d7a5a50aab80c6?s=96&d=mm&r=g","url":"https:\/\/secure.gravatar.com\/avatar\/7ca3206950207cc3cb48feec56a8a7898741ab725c368d99d5d7a5a50aab80c6?s=96&d=mm&r=g","contentUrl":"https:\/\/secure.gravatar.com\/avatar\/7ca3206950207cc3cb48feec56a8a7898741ab725c368d99d5d7a5a50aab80c6?s=96&d=mm&r=g","caption":"Thales Brand\u00e3o"},"description":"Editor Executivo do Portal CidadeMarketing.com.br &gt; Mestre em Comunica\u00e7\u00e3o e Sociedade pela Universidade Federal de Sergipe. Possui MBA Executivo em Administra\u00e7\u00e3o com \u00eanfase em Marketing pela Funda\u00e7\u00e3o Get\u00falio Vargas - Rio de Janeiro. Consultor, Palestrante e Pesquisador sobre Empreendedorismo, Marketing, Redes Sociais e Neg\u00f3cios Digitais. Professor, Palestrante TedxTalks e Campus Party. Twitter: @ThalesBrandao","sameAs":["http:\/\/www.mandacaru.com.br","https:\/\/www.facebook.com\/thalesbrandao","http:\/\/www.instagram.com.br\/thalesbrandaoferreira","https:\/\/www.linkedin.com\/in\/thales-brand\u00e3o-3948609\/","https:\/\/x.com\/http:\/\/www.twitter.com\/thalesbrandao"],"url":"https:\/\/www.cidademarketing.com.br\/marketing\/author\/thalesbrandao\/"}]}},"amp_enabled":true,"_links":{"self":[{"href":"https:\/\/www.cidademarketing.com.br\/marketing\/wp-json\/wp\/v2\/posts\/7372","targetHints":{"allow":["GET"]}}],"collection":[{"href":"https:\/\/www.cidademarketing.com.br\/marketing\/wp-json\/wp\/v2\/posts"}],"about":[{"href":"https:\/\/www.cidademarketing.com.br\/marketing\/wp-json\/wp\/v2\/types\/post"}],"author":[{"embeddable":true,"href":"https:\/\/www.cidademarketing.com.br\/marketing\/wp-json\/wp\/v2\/users\/1"}],"replies":[{"embeddable":true,"href":"https:\/\/www.cidademarketing.com.br\/marketing\/wp-json\/wp\/v2\/comments?post=7372"}],"version-history":[{"count":2,"href":"https:\/\/www.cidademarketing.com.br\/marketing\/wp-json\/wp\/v2\/posts\/7372\/revisions"}],"predecessor-version":[{"id":7374,"href":"https:\/\/www.cidademarketing.com.br\/marketing\/wp-json\/wp\/v2\/posts\/7372\/revisions\/7374"}],"wp:featuredmedia":[{"embeddable":true,"href":"https:\/\/www.cidademarketing.com.br\/marketing\/wp-json\/wp\/v2\/media\/3174"}],"wp:attachment":[{"href":"https:\/\/www.cidademarketing.com.br\/marketing\/wp-json\/wp\/v2\/media?parent=7372"}],"wp:term":[{"taxonomy":"category","embeddable":true,"href":"https:\/\/www.cidademarketing.com.br\/marketing\/wp-json\/wp\/v2\/categories?post=7372"},{"taxonomy":"post_tag","embeddable":true,"href":"https:\/\/www.cidademarketing.com.br\/marketing\/wp-json\/wp\/v2\/tags?post=7372"}],"curies":[{"name":"wp","href":"https:\/\/api.w.org\/{rel}","templated":true}]}}