{"id":7345,"date":"2019-04-03T09:16:30","date_gmt":"2019-04-03T12:16:30","guid":{"rendered":"http:\/\/www.cidademarketing.com.br\/marketing\/?p=7345"},"modified":"2019-04-03T09:16:33","modified_gmt":"2019-04-03T12:16:33","slug":"saraiva-comemora-o-dia-internacional-do-livro-infantil-com-descontos-progressivos-de-ate-20","status":"publish","type":"post","link":"https:\/\/www.cidademarketing.com.br\/marketing\/2019\/04\/03\/saraiva-comemora-o-dia-internacional-do-livro-infantil-com-descontos-progressivos-de-ate-20\/","title":{"rendered":"Saraiva comemora o Dia Internacional do Livro Infantil com descontos progressivos de at\u00e9 20%"},"content":{"rendered":"\n<p>A\ncategoria de livros infantis tem conquistado cada vez mais os respons\u00e1veis e\napaixonados pelos livros que buscam inserir as crian\u00e7as no universo dos livros\ndesde cedo. E, para o Dia Internacional do livro Infantil, comemorado em 2 de\nabril, a Saraiva preparou uma a\u00e7\u00e3o para compras exclusivas no e-commerce at\u00e9 o\ndia 23 de abril.<\/p>\n\n\n\n<p>Durante\no per\u00edodo, a rede vai oferecer 50% de desconto na compra de uma sele\u00e7\u00e3o\nespecial de livros infantis, al\u00e9m de desconto progressivo em mais de 500 obras:\nna compra de dois livros, o cliente ganha 10% off; tr\u00eas livros, 15% off e\nquatro ou mais t\u00edtulos, 20%. <\/p>\n\n\n\n<p><strong>Livro Infantil na Saraiva<\/strong><\/p>\n\n\n\n<p>Hoje,\na categoria de livros infantis \u00e9 uma das mais vendidas nas lojas f\u00edsicas e\ne-commerce da Saraiva. As mulheres s\u00e3o as maiores consumidoras, representando\n71% dos clientes que compram esse g\u00eanero liter\u00e1rio. <\/p>\n\n\n\n<p>E\ncom o objetivo de estimular, ainda mais, o acesso das crian\u00e7as \u00e0 cultura,\nincentivando a leitura e o contato com livros desde os primeiros anos de vida,\na Saraiva realiza continuamente uma s\u00e9rie de a\u00e7\u00f5es com esse foco. Entre elas,\nas conta\u00e7\u00f5es de hist\u00f3rias gratuitas Hora da Crian\u00e7a. S\u00f3 em 2018 foram mais de\n2.500 eventos para o p\u00fablico infantil com conta\u00e7\u00f5es de hist\u00f3rias realizadas em\nlojas de todo o Brasil durante os fins de semana.<\/p>\n\n\n\n<p>Confira abaixo alguns livros que fazem\nparte da a\u00e7\u00e3o:<\/p>\n\n\n\n<p><strong>O Meu P\u00e9 de Laranja Lima &#8211; 50 Anos de Sucesso! &#8211; Jose\nMauro de Vasconcelos&nbsp; (Melhoramentos)<\/strong><\/p>\n\n\n\n<p>De R$ 55,00 Por R$ 29,90<\/p>\n\n\n\n<p>Descri\u00e7\u00e3o:\n&#8220;Um cl\u00e1ssico da literatura brasileira, com\nadapta\u00e7\u00f5es para a televis\u00e3o, o cinema e o teatro, O Meu P\u00e9 de Laranja Lima \u00e9\ndesses livros que marcam \u00e9poca. Lan\u00e7ado em 1968, trata-se de uma hist\u00f3ria\nfortemente autobiogr\u00e1fica, que demonstra a m\u00e3o de um escritor experiente,\nciente do efeito que pode provocar nos leitores com suas cenas e a composi\u00e7\u00e3o\nde seus personagens. O protagonista Zez\u00e9 tem 6 anos e mora num bairro modesto,\nna zona norte do Rio de Janeiro. O pai est\u00e1 desempregado, e a fam\u00edlia passa por\ndificuldades. O menino vive aprontando, sem jamais se conformar com as\nlimita\u00e7\u00f5es que o mundo lhe imp\u00f5e \u2013 viaja com sua imagina\u00e7\u00e3o, brinca, explora,\ndescobre, responde aos adultos, mete-se em confus\u00f5es, causa pequenos desastres.\nAs surras que lhe aplicam seu pai e sua irm\u00e3 mais velha s\u00e3o seu supl\u00edcio, a\nponto de faz\u00ea-lo querer desistir da vida. No entanto, o apego ao mundo que\ncriou felizmente sempre fala mais alto. S\u00f3 n\u00e3o h\u00e1 rem\u00e9dio para a dor, para a\nperda. E Zez\u00e9 muito cedo descobrir\u00e1 isso. A alegria e a tristeza n\u00e3o poderiam\nestar mais bem combinadas do que nestas p\u00e1ginas. E isso, se n\u00e3o explica,\njustifica a imensa popularidade alcan\u00e7ada pelo livro&#8221;.<\/p>\n\n\n\n<p><strong>O Menino Maluquinho &#8211; Nova Ortografia &#8211; Ed. 92\u00aa &#8211;\nZiraldo \u2013 (Melhoramentos)<\/strong><\/p>\n\n\n\n<p>De R$ 59,90 Por R$ 29,90<\/p>\n\n\n\n<p>Descri\u00e7\u00e3o:\nNa grande obra infantil de Ziraldo, verso e desenho contam a hist\u00f3ria de um\nmenino traquinas que aprontava muita confus\u00e3o. Alegria da casa, liderava a\ngarotada, era sabido e um amig\u00e3o. Fazia versinhos, can\u00e7\u00f5es, inventava\nbrincadeiras. Tirava dez em todas as mat\u00e9rias, mas era zero em comportamento.\nMenino maluquinho, diziam. Mas na verdade ele era um menino feliz.<\/p>\n\n\n\n<p><strong>Meus Bichinhos Favoritos: 6 Livros e &amp; 1 Jogo &#8211;\nNobel (Yoyo)<\/strong><\/p>\n\n\n\n<p>De\nR$ 69,90 Por R$ 34,90<\/p>\n\n\n\n<p>Descri\u00e7\u00e3o:\nUma caixa divertida com seis livros e um incr\u00edvel jogo de mem\u00f3ria, ideal para\nensinar novas palavras \u00e0s crian\u00e7as. Combine os desenhos do joguinho e\ndivirta-se aprendendo novas palavras.<\/p>\n\n\n\n<p><strong>Turma da M\u00f4nica Como? Onde? Por Qu\u00ea? &#8211; Camilla de La\nBedoyere (Girassol)<\/strong><\/p>\n\n\n\n<p>De R$ 59,90 Por R$ 50,90<\/p>\n\n\n\n<p>Descri\u00e7\u00e3o: Com este livro, as crian\u00e7as v\u00e3o descobrir as respostas para as perguntas mais cabeludas sobre o corpo humano, os animais e o planeta Terra com a Turma da M\u00f4nica! Perfeito para as mentes mais curiosas, este livro est\u00e1 recheado com muita informa\u00e7\u00e3o, fotos, desenhos coloridos e cartoons, tornando a leitura pra l\u00e1 de divertida. Tem tamb\u00e9m sugest\u00f5es de atividades simples relacionadas aos temas abordados e um teste ao final de cada se\u00e7\u00e3o para saciar a curiosidade! Pontos de interesse: Fatos e curiosidades sobre o corpo humano, os animais e o planeta Terra. Ao final de cada se\u00e7\u00e3o, h\u00e1 um quiz para testar os conhecimentos da crian\u00e7a, refor\u00e7ando o aprendizado. Repleto de imagens e ilustra\u00e7\u00f5es que auxiliam na aprendizagem. Proporciona conhecimento \u00e0 crian\u00e7a sobre o mundo ao seu redor Al\u00e9m de ser um \u00f3timo material de pesquisa, os personagens da Turma da M\u00f4nica tornam o produto mais atrativo. Temas abordados: Conhecimentos gerais, ci\u00eancia, animais, curiosidades e fatos.<\/p>\n\n\n\n<p><strong>Minha Pequena Luz &#8211; Little Tiger Press Ltd.; M\u00e1rcia Duarte Companhone (Tiger Tales)<\/strong><\/p>\n\n\n\n<p>De R$ 59,90 Por R$ 29,90<\/p>\n\n\n\n<p>Descri\u00e7\u00e3o: Com capa fofinha e p\u00e1ginas\ncartonadas, esse livro tem lindas ilustra\u00e7\u00f5es e belas can\u00e7\u00f5es para a hora de\ndormir. Embale o sono das crian\u00e7as com rimas e ritmos.<\/p>\n","protected":false},"excerpt":{"rendered":"<p>A categoria de livros infantis tem conquistado cada vez mais os respons\u00e1veis e apaixonados pelos livros que buscam inserir as crian\u00e7as no universo dos livros desde cedo. E, para o Dia Internacional do livro Infantil, comemorado em 2 de abril, a Saraiva preparou uma a\u00e7\u00e3o para compras exclusivas no e-commerce at\u00e9 o dia 23 de [&hellip;]<\/p>\n","protected":false},"author":1,"featured_media":7346,"comment_status":"open","ping_status":"open","sticky":false,"template":"","format":"standard","meta":{"tdm_status":"","tdm_grid_status":"","footnotes":""},"categories":[11,6],"tags":[214,33,628],"class_list":["post-7345","post","type-post","status-publish","format-standard","has-post-thumbnail","hentry","category-digital","category-noticias","tag-e-commerce","tag-estrategia","tag-saraiva"],"yoast_head":"<!-- This site is optimized with the Yoast SEO plugin v27.5 - https:\/\/yoast.com\/product\/yoast-seo-wordpress\/ -->\n<title>Saraiva comemora o Dia Internacional do Livro Infantil com descontos progressivos de at\u00e9 20% - CidadeMarketing<\/title>\n<meta name=\"robots\" content=\"index, follow, max-snippet:-1, max-image-preview:large, max-video-preview:-1\" \/>\n<link rel=\"canonical\" href=\"https:\/\/www.cidademarketing.com.br\/marketing\/2019\/04\/03\/saraiva-comemora-o-dia-internacional-do-livro-infantil-com-descontos-progressivos-de-ate-20\/\" \/>\n<meta property=\"og:locale\" content=\"pt_BR\" \/>\n<meta property=\"og:type\" content=\"article\" \/>\n<meta property=\"og:title\" content=\"Saraiva comemora o Dia Internacional do Livro Infantil com descontos progressivos de at\u00e9 20% - CidadeMarketing\" \/>\n<meta property=\"og:description\" content=\"A categoria de livros infantis tem conquistado cada vez mais os respons\u00e1veis e apaixonados pelos livros que buscam inserir as crian\u00e7as no universo dos livros desde cedo. E, para o Dia Internacional do livro Infantil, comemorado em 2 de abril, a Saraiva preparou uma a\u00e7\u00e3o para compras exclusivas no e-commerce at\u00e9 o dia 23 de [&hellip;]\" \/>\n<meta property=\"og:url\" content=\"https:\/\/www.cidademarketing.com.br\/marketing\/2019\/04\/03\/saraiva-comemora-o-dia-internacional-do-livro-infantil-com-descontos-progressivos-de-ate-20\/\" \/>\n<meta property=\"og:site_name\" content=\"CidadeMarketing\" \/>\n<meta property=\"article:publisher\" content=\"https:\/\/www.facebook.com\/portalcidademarketing\" \/>\n<meta property=\"article:author\" content=\"https:\/\/www.facebook.com\/thalesbrandao\" \/>\n<meta property=\"article:published_time\" content=\"2019-04-03T12:16:30+00:00\" \/>\n<meta property=\"article:modified_time\" content=\"2019-04-03T12:16:33+00:00\" \/>\n<meta property=\"og:image\" content=\"https:\/\/www.cidademarketing.com.br\/marketing\/wp-content\/uploads\/2019\/04\/meninomaluquinho_saraiva.png\" \/>\n\t<meta property=\"og:image:width\" content=\"254\" \/>\n\t<meta property=\"og:image:height\" content=\"386\" \/>\n\t<meta property=\"og:image:type\" content=\"image\/png\" \/>\n<meta name=\"author\" content=\"Thales Brand\u00e3o\" \/>\n<meta name=\"twitter:card\" content=\"summary_large_image\" \/>\n<meta name=\"twitter:creator\" content=\"@http:\/\/www.twitter.com\/thalesbrandao\" \/>\n<meta name=\"twitter:site\" content=\"@CidadeMarketing\" \/>\n<meta name=\"twitter:label1\" content=\"Escrito por\" \/>\n\t<meta name=\"twitter:data1\" content=\"Thales Brand\u00e3o\" \/>\n\t<meta name=\"twitter:label2\" content=\"Est. tempo de leitura\" \/>\n\t<meta name=\"twitter:data2\" content=\"4 minutos\" \/>\n<script type=\"application\/ld+json\" class=\"yoast-schema-graph\">{\"@context\":\"https:\\\/\\\/schema.org\",\"@graph\":[{\"@type\":\"Article\",\"@id\":\"https:\\\/\\\/www.cidademarketing.com.br\\\/marketing\\\/2019\\\/04\\\/03\\\/saraiva-comemora-o-dia-internacional-do-livro-infantil-com-descontos-progressivos-de-ate-20\\\/#article\",\"isPartOf\":{\"@id\":\"https:\\\/\\\/www.cidademarketing.com.br\\\/marketing\\\/2019\\\/04\\\/03\\\/saraiva-comemora-o-dia-internacional-do-livro-infantil-com-descontos-progressivos-de-ate-20\\\/\"},\"author\":{\"name\":\"Thales Brand\u00e3o\",\"@id\":\"https:\\\/\\\/www.cidademarketing.com.br\\\/marketing\\\/#\\\/schema\\\/person\\\/02daff9f18bd9378c9e01eb6b2db155f\"},\"headline\":\"Saraiva comemora o Dia Internacional do Livro Infantil com descontos progressivos de at\u00e9 20%\",\"datePublished\":\"2019-04-03T12:16:30+00:00\",\"dateModified\":\"2019-04-03T12:16:33+00:00\",\"mainEntityOfPage\":{\"@id\":\"https:\\\/\\\/www.cidademarketing.com.br\\\/marketing\\\/2019\\\/04\\\/03\\\/saraiva-comemora-o-dia-internacional-do-livro-infantil-com-descontos-progressivos-de-ate-20\\\/\"},\"wordCount\":862,\"commentCount\":0,\"publisher\":{\"@id\":\"https:\\\/\\\/www.cidademarketing.com.br\\\/marketing\\\/#organization\"},\"image\":{\"@id\":\"https:\\\/\\\/www.cidademarketing.com.br\\\/marketing\\\/2019\\\/04\\\/03\\\/saraiva-comemora-o-dia-internacional-do-livro-infantil-com-descontos-progressivos-de-ate-20\\\/#primaryimage\"},\"thumbnailUrl\":\"https:\\\/\\\/www.cidademarketing.com.br\\\/marketing\\\/wp-content\\\/uploads\\\/2019\\\/04\\\/meninomaluquinho_saraiva.png\",\"keywords\":[\"e-commerce\",\"estrat\u00e9gia\",\"Saraiva\"],\"articleSection\":[\"Digital\",\"Not\u00edcias\"],\"inLanguage\":\"pt-BR\",\"potentialAction\":[{\"@type\":\"CommentAction\",\"name\":\"Comment\",\"target\":[\"https:\\\/\\\/www.cidademarketing.com.br\\\/marketing\\\/2019\\\/04\\\/03\\\/saraiva-comemora-o-dia-internacional-do-livro-infantil-com-descontos-progressivos-de-ate-20\\\/#respond\"]}]},{\"@type\":\"WebPage\",\"@id\":\"https:\\\/\\\/www.cidademarketing.com.br\\\/marketing\\\/2019\\\/04\\\/03\\\/saraiva-comemora-o-dia-internacional-do-livro-infantil-com-descontos-progressivos-de-ate-20\\\/\",\"url\":\"https:\\\/\\\/www.cidademarketing.com.br\\\/marketing\\\/2019\\\/04\\\/03\\\/saraiva-comemora-o-dia-internacional-do-livro-infantil-com-descontos-progressivos-de-ate-20\\\/\",\"name\":\"Saraiva comemora o Dia Internacional do Livro Infantil com descontos progressivos de at\u00e9 20% - CidadeMarketing\",\"isPartOf\":{\"@id\":\"https:\\\/\\\/www.cidademarketing.com.br\\\/marketing\\\/#website\"},\"primaryImageOfPage\":{\"@id\":\"https:\\\/\\\/www.cidademarketing.com.br\\\/marketing\\\/2019\\\/04\\\/03\\\/saraiva-comemora-o-dia-internacional-do-livro-infantil-com-descontos-progressivos-de-ate-20\\\/#primaryimage\"},\"image\":{\"@id\":\"https:\\\/\\\/www.cidademarketing.com.br\\\/marketing\\\/2019\\\/04\\\/03\\\/saraiva-comemora-o-dia-internacional-do-livro-infantil-com-descontos-progressivos-de-ate-20\\\/#primaryimage\"},\"thumbnailUrl\":\"https:\\\/\\\/www.cidademarketing.com.br\\\/marketing\\\/wp-content\\\/uploads\\\/2019\\\/04\\\/meninomaluquinho_saraiva.png\",\"datePublished\":\"2019-04-03T12:16:30+00:00\",\"dateModified\":\"2019-04-03T12:16:33+00:00\",\"breadcrumb\":{\"@id\":\"https:\\\/\\\/www.cidademarketing.com.br\\\/marketing\\\/2019\\\/04\\\/03\\\/saraiva-comemora-o-dia-internacional-do-livro-infantil-com-descontos-progressivos-de-ate-20\\\/#breadcrumb\"},\"inLanguage\":\"pt-BR\",\"potentialAction\":[{\"@type\":\"ReadAction\",\"target\":[\"https:\\\/\\\/www.cidademarketing.com.br\\\/marketing\\\/2019\\\/04\\\/03\\\/saraiva-comemora-o-dia-internacional-do-livro-infantil-com-descontos-progressivos-de-ate-20\\\/\"]}]},{\"@type\":\"ImageObject\",\"inLanguage\":\"pt-BR\",\"@id\":\"https:\\\/\\\/www.cidademarketing.com.br\\\/marketing\\\/2019\\\/04\\\/03\\\/saraiva-comemora-o-dia-internacional-do-livro-infantil-com-descontos-progressivos-de-ate-20\\\/#primaryimage\",\"url\":\"https:\\\/\\\/www.cidademarketing.com.br\\\/marketing\\\/wp-content\\\/uploads\\\/2019\\\/04\\\/meninomaluquinho_saraiva.png\",\"contentUrl\":\"https:\\\/\\\/www.cidademarketing.com.br\\\/marketing\\\/wp-content\\\/uploads\\\/2019\\\/04\\\/meninomaluquinho_saraiva.png\",\"width\":254,\"height\":386,\"caption\":\"Divulga\u00e7\u00e3o\"},{\"@type\":\"BreadcrumbList\",\"@id\":\"https:\\\/\\\/www.cidademarketing.com.br\\\/marketing\\\/2019\\\/04\\\/03\\\/saraiva-comemora-o-dia-internacional-do-livro-infantil-com-descontos-progressivos-de-ate-20\\\/#breadcrumb\",\"itemListElement\":[{\"@type\":\"ListItem\",\"position\":1,\"name\":\"In\u00edcio\",\"item\":\"https:\\\/\\\/www.cidademarketing.com.br\\\/marketing\\\/\"},{\"@type\":\"ListItem\",\"position\":2,\"name\":\"Saraiva comemora o Dia Internacional do Livro Infantil com descontos progressivos de at\u00e9 20%\"}]},{\"@type\":\"WebSite\",\"@id\":\"https:\\\/\\\/www.cidademarketing.com.br\\\/marketing\\\/#website\",\"url\":\"https:\\\/\\\/www.cidademarketing.com.br\\\/marketing\\\/\",\"name\":\"CidadeMarketing\",\"description\":\"Somos um ve\u00edculo de comunica\u00e7\u00e3o de destaque no Brasil, reconhecido por conte\u00fados nos segmentos de marketing, empreendedorismo e inova\u00e7\u00e3o.\",\"publisher\":{\"@id\":\"https:\\\/\\\/www.cidademarketing.com.br\\\/marketing\\\/#organization\"},\"alternateName\":\"CidadeMarketing\",\"potentialAction\":[{\"@type\":\"SearchAction\",\"target\":{\"@type\":\"EntryPoint\",\"urlTemplate\":\"https:\\\/\\\/www.cidademarketing.com.br\\\/marketing\\\/?s={search_term_string}\"},\"query-input\":{\"@type\":\"PropertyValueSpecification\",\"valueRequired\":true,\"valueName\":\"search_term_string\"}}],\"inLanguage\":\"pt-BR\"},{\"@type\":\"Organization\",\"@id\":\"https:\\\/\\\/www.cidademarketing.com.br\\\/marketing\\\/#organization\",\"name\":\"CidadeMarketing\",\"alternateName\":\"CidadeMarketing\",\"url\":\"https:\\\/\\\/www.cidademarketing.com.br\\\/marketing\\\/\",\"logo\":{\"@type\":\"ImageObject\",\"inLanguage\":\"pt-BR\",\"@id\":\"https:\\\/\\\/www.cidademarketing.com.br\\\/marketing\\\/#\\\/schema\\\/logo\\\/image\\\/\",\"url\":\"https:\\\/\\\/www.cidademarketing.com.br\\\/marketing\\\/wp-content\\\/uploads\\\/2020\\\/01\\\/cidademarketing_marca_mobile.png\",\"contentUrl\":\"https:\\\/\\\/www.cidademarketing.com.br\\\/marketing\\\/wp-content\\\/uploads\\\/2020\\\/01\\\/cidademarketing_marca_mobile.png\",\"width\":230,\"height\":92,\"caption\":\"CidadeMarketing\"},\"image\":{\"@id\":\"https:\\\/\\\/www.cidademarketing.com.br\\\/marketing\\\/#\\\/schema\\\/logo\\\/image\\\/\"},\"sameAs\":[\"https:\\\/\\\/www.facebook.com\\\/portalcidademarketing\",\"https:\\\/\\\/x.com\\\/CidadeMarketing\",\"https:\\\/\\\/www.instagram.com\\\/cidademarketing\\\/\"]},{\"@type\":\"Person\",\"@id\":\"https:\\\/\\\/www.cidademarketing.com.br\\\/marketing\\\/#\\\/schema\\\/person\\\/02daff9f18bd9378c9e01eb6b2db155f\",\"name\":\"Thales Brand\u00e3o\",\"image\":{\"@type\":\"ImageObject\",\"inLanguage\":\"pt-BR\",\"@id\":\"https:\\\/\\\/secure.gravatar.com\\\/avatar\\\/7ca3206950207cc3cb48feec56a8a7898741ab725c368d99d5d7a5a50aab80c6?s=96&d=mm&r=g\",\"url\":\"https:\\\/\\\/secure.gravatar.com\\\/avatar\\\/7ca3206950207cc3cb48feec56a8a7898741ab725c368d99d5d7a5a50aab80c6?s=96&d=mm&r=g\",\"contentUrl\":\"https:\\\/\\\/secure.gravatar.com\\\/avatar\\\/7ca3206950207cc3cb48feec56a8a7898741ab725c368d99d5d7a5a50aab80c6?s=96&d=mm&r=g\",\"caption\":\"Thales Brand\u00e3o\"},\"description\":\"Editor Executivo do Portal CidadeMarketing.com.br &gt; Mestre em Comunica\u00e7\u00e3o e Sociedade pela Universidade Federal de Sergipe. Possui MBA Executivo em Administra\u00e7\u00e3o com \u00eanfase em Marketing pela Funda\u00e7\u00e3o Get\u00falio Vargas - Rio de Janeiro. Consultor, Palestrante e Pesquisador sobre Empreendedorismo, Marketing, Redes Sociais e Neg\u00f3cios Digitais. Professor, Palestrante TedxTalks e Campus Party. Twitter: @ThalesBrandao\",\"sameAs\":[\"http:\\\/\\\/www.mandacaru.com.br\",\"https:\\\/\\\/www.facebook.com\\\/thalesbrandao\",\"http:\\\/\\\/www.instagram.com.br\\\/thalesbrandaoferreira\",\"https:\\\/\\\/www.linkedin.com\\\/in\\\/thales-brand\u00e3o-3948609\\\/\",\"https:\\\/\\\/x.com\\\/http:\\\/\\\/www.twitter.com\\\/thalesbrandao\"],\"url\":\"https:\\\/\\\/www.cidademarketing.com.br\\\/marketing\\\/author\\\/thalesbrandao\\\/\"}]}<\/script>\n<!-- \/ Yoast SEO plugin. -->","yoast_head_json":{"title":"Saraiva comemora o Dia Internacional do Livro Infantil com descontos progressivos de at\u00e9 20% - CidadeMarketing","robots":{"index":"index","follow":"follow","max-snippet":"max-snippet:-1","max-image-preview":"max-image-preview:large","max-video-preview":"max-video-preview:-1"},"canonical":"https:\/\/www.cidademarketing.com.br\/marketing\/2019\/04\/03\/saraiva-comemora-o-dia-internacional-do-livro-infantil-com-descontos-progressivos-de-ate-20\/","og_locale":"pt_BR","og_type":"article","og_title":"Saraiva comemora o Dia Internacional do Livro Infantil com descontos progressivos de at\u00e9 20% - CidadeMarketing","og_description":"A categoria de livros infantis tem conquistado cada vez mais os respons\u00e1veis e apaixonados pelos livros que buscam inserir as crian\u00e7as no universo dos livros desde cedo. E, para o Dia Internacional do livro Infantil, comemorado em 2 de abril, a Saraiva preparou uma a\u00e7\u00e3o para compras exclusivas no e-commerce at\u00e9 o dia 23 de [&hellip;]","og_url":"https:\/\/www.cidademarketing.com.br\/marketing\/2019\/04\/03\/saraiva-comemora-o-dia-internacional-do-livro-infantil-com-descontos-progressivos-de-ate-20\/","og_site_name":"CidadeMarketing","article_publisher":"https:\/\/www.facebook.com\/portalcidademarketing","article_author":"https:\/\/www.facebook.com\/thalesbrandao","article_published_time":"2019-04-03T12:16:30+00:00","article_modified_time":"2019-04-03T12:16:33+00:00","og_image":[{"width":254,"height":386,"url":"https:\/\/www.cidademarketing.com.br\/marketing\/wp-content\/uploads\/2019\/04\/meninomaluquinho_saraiva.png","type":"image\/png"}],"author":"Thales Brand\u00e3o","twitter_card":"summary_large_image","twitter_creator":"@http:\/\/www.twitter.com\/thalesbrandao","twitter_site":"@CidadeMarketing","twitter_misc":{"Escrito por":"Thales Brand\u00e3o","Est. tempo de leitura":"4 minutos"},"schema":{"@context":"https:\/\/schema.org","@graph":[{"@type":"Article","@id":"https:\/\/www.cidademarketing.com.br\/marketing\/2019\/04\/03\/saraiva-comemora-o-dia-internacional-do-livro-infantil-com-descontos-progressivos-de-ate-20\/#article","isPartOf":{"@id":"https:\/\/www.cidademarketing.com.br\/marketing\/2019\/04\/03\/saraiva-comemora-o-dia-internacional-do-livro-infantil-com-descontos-progressivos-de-ate-20\/"},"author":{"name":"Thales Brand\u00e3o","@id":"https:\/\/www.cidademarketing.com.br\/marketing\/#\/schema\/person\/02daff9f18bd9378c9e01eb6b2db155f"},"headline":"Saraiva comemora o Dia Internacional do Livro Infantil com descontos progressivos de at\u00e9 20%","datePublished":"2019-04-03T12:16:30+00:00","dateModified":"2019-04-03T12:16:33+00:00","mainEntityOfPage":{"@id":"https:\/\/www.cidademarketing.com.br\/marketing\/2019\/04\/03\/saraiva-comemora-o-dia-internacional-do-livro-infantil-com-descontos-progressivos-de-ate-20\/"},"wordCount":862,"commentCount":0,"publisher":{"@id":"https:\/\/www.cidademarketing.com.br\/marketing\/#organization"},"image":{"@id":"https:\/\/www.cidademarketing.com.br\/marketing\/2019\/04\/03\/saraiva-comemora-o-dia-internacional-do-livro-infantil-com-descontos-progressivos-de-ate-20\/#primaryimage"},"thumbnailUrl":"https:\/\/www.cidademarketing.com.br\/marketing\/wp-content\/uploads\/2019\/04\/meninomaluquinho_saraiva.png","keywords":["e-commerce","estrat\u00e9gia","Saraiva"],"articleSection":["Digital","Not\u00edcias"],"inLanguage":"pt-BR","potentialAction":[{"@type":"CommentAction","name":"Comment","target":["https:\/\/www.cidademarketing.com.br\/marketing\/2019\/04\/03\/saraiva-comemora-o-dia-internacional-do-livro-infantil-com-descontos-progressivos-de-ate-20\/#respond"]}]},{"@type":"WebPage","@id":"https:\/\/www.cidademarketing.com.br\/marketing\/2019\/04\/03\/saraiva-comemora-o-dia-internacional-do-livro-infantil-com-descontos-progressivos-de-ate-20\/","url":"https:\/\/www.cidademarketing.com.br\/marketing\/2019\/04\/03\/saraiva-comemora-o-dia-internacional-do-livro-infantil-com-descontos-progressivos-de-ate-20\/","name":"Saraiva comemora o Dia Internacional do Livro Infantil com descontos progressivos de at\u00e9 20% - CidadeMarketing","isPartOf":{"@id":"https:\/\/www.cidademarketing.com.br\/marketing\/#website"},"primaryImageOfPage":{"@id":"https:\/\/www.cidademarketing.com.br\/marketing\/2019\/04\/03\/saraiva-comemora-o-dia-internacional-do-livro-infantil-com-descontos-progressivos-de-ate-20\/#primaryimage"},"image":{"@id":"https:\/\/www.cidademarketing.com.br\/marketing\/2019\/04\/03\/saraiva-comemora-o-dia-internacional-do-livro-infantil-com-descontos-progressivos-de-ate-20\/#primaryimage"},"thumbnailUrl":"https:\/\/www.cidademarketing.com.br\/marketing\/wp-content\/uploads\/2019\/04\/meninomaluquinho_saraiva.png","datePublished":"2019-04-03T12:16:30+00:00","dateModified":"2019-04-03T12:16:33+00:00","breadcrumb":{"@id":"https:\/\/www.cidademarketing.com.br\/marketing\/2019\/04\/03\/saraiva-comemora-o-dia-internacional-do-livro-infantil-com-descontos-progressivos-de-ate-20\/#breadcrumb"},"inLanguage":"pt-BR","potentialAction":[{"@type":"ReadAction","target":["https:\/\/www.cidademarketing.com.br\/marketing\/2019\/04\/03\/saraiva-comemora-o-dia-internacional-do-livro-infantil-com-descontos-progressivos-de-ate-20\/"]}]},{"@type":"ImageObject","inLanguage":"pt-BR","@id":"https:\/\/www.cidademarketing.com.br\/marketing\/2019\/04\/03\/saraiva-comemora-o-dia-internacional-do-livro-infantil-com-descontos-progressivos-de-ate-20\/#primaryimage","url":"https:\/\/www.cidademarketing.com.br\/marketing\/wp-content\/uploads\/2019\/04\/meninomaluquinho_saraiva.png","contentUrl":"https:\/\/www.cidademarketing.com.br\/marketing\/wp-content\/uploads\/2019\/04\/meninomaluquinho_saraiva.png","width":254,"height":386,"caption":"Divulga\u00e7\u00e3o"},{"@type":"BreadcrumbList","@id":"https:\/\/www.cidademarketing.com.br\/marketing\/2019\/04\/03\/saraiva-comemora-o-dia-internacional-do-livro-infantil-com-descontos-progressivos-de-ate-20\/#breadcrumb","itemListElement":[{"@type":"ListItem","position":1,"name":"In\u00edcio","item":"https:\/\/www.cidademarketing.com.br\/marketing\/"},{"@type":"ListItem","position":2,"name":"Saraiva comemora o Dia Internacional do Livro Infantil com descontos progressivos de at\u00e9 20%"}]},{"@type":"WebSite","@id":"https:\/\/www.cidademarketing.com.br\/marketing\/#website","url":"https:\/\/www.cidademarketing.com.br\/marketing\/","name":"CidadeMarketing","description":"Somos um ve\u00edculo de comunica\u00e7\u00e3o de destaque no Brasil, reconhecido por conte\u00fados nos segmentos de marketing, empreendedorismo e inova\u00e7\u00e3o.","publisher":{"@id":"https:\/\/www.cidademarketing.com.br\/marketing\/#organization"},"alternateName":"CidadeMarketing","potentialAction":[{"@type":"SearchAction","target":{"@type":"EntryPoint","urlTemplate":"https:\/\/www.cidademarketing.com.br\/marketing\/?s={search_term_string}"},"query-input":{"@type":"PropertyValueSpecification","valueRequired":true,"valueName":"search_term_string"}}],"inLanguage":"pt-BR"},{"@type":"Organization","@id":"https:\/\/www.cidademarketing.com.br\/marketing\/#organization","name":"CidadeMarketing","alternateName":"CidadeMarketing","url":"https:\/\/www.cidademarketing.com.br\/marketing\/","logo":{"@type":"ImageObject","inLanguage":"pt-BR","@id":"https:\/\/www.cidademarketing.com.br\/marketing\/#\/schema\/logo\/image\/","url":"https:\/\/www.cidademarketing.com.br\/marketing\/wp-content\/uploads\/2020\/01\/cidademarketing_marca_mobile.png","contentUrl":"https:\/\/www.cidademarketing.com.br\/marketing\/wp-content\/uploads\/2020\/01\/cidademarketing_marca_mobile.png","width":230,"height":92,"caption":"CidadeMarketing"},"image":{"@id":"https:\/\/www.cidademarketing.com.br\/marketing\/#\/schema\/logo\/image\/"},"sameAs":["https:\/\/www.facebook.com\/portalcidademarketing","https:\/\/x.com\/CidadeMarketing","https:\/\/www.instagram.com\/cidademarketing\/"]},{"@type":"Person","@id":"https:\/\/www.cidademarketing.com.br\/marketing\/#\/schema\/person\/02daff9f18bd9378c9e01eb6b2db155f","name":"Thales Brand\u00e3o","image":{"@type":"ImageObject","inLanguage":"pt-BR","@id":"https:\/\/secure.gravatar.com\/avatar\/7ca3206950207cc3cb48feec56a8a7898741ab725c368d99d5d7a5a50aab80c6?s=96&d=mm&r=g","url":"https:\/\/secure.gravatar.com\/avatar\/7ca3206950207cc3cb48feec56a8a7898741ab725c368d99d5d7a5a50aab80c6?s=96&d=mm&r=g","contentUrl":"https:\/\/secure.gravatar.com\/avatar\/7ca3206950207cc3cb48feec56a8a7898741ab725c368d99d5d7a5a50aab80c6?s=96&d=mm&r=g","caption":"Thales Brand\u00e3o"},"description":"Editor Executivo do Portal CidadeMarketing.com.br &gt; Mestre em Comunica\u00e7\u00e3o e Sociedade pela Universidade Federal de Sergipe. Possui MBA Executivo em Administra\u00e7\u00e3o com \u00eanfase em Marketing pela Funda\u00e7\u00e3o Get\u00falio Vargas - Rio de Janeiro. Consultor, Palestrante e Pesquisador sobre Empreendedorismo, Marketing, Redes Sociais e Neg\u00f3cios Digitais. Professor, Palestrante TedxTalks e Campus Party. Twitter: @ThalesBrandao","sameAs":["http:\/\/www.mandacaru.com.br","https:\/\/www.facebook.com\/thalesbrandao","http:\/\/www.instagram.com.br\/thalesbrandaoferreira","https:\/\/www.linkedin.com\/in\/thales-brand\u00e3o-3948609\/","https:\/\/x.com\/http:\/\/www.twitter.com\/thalesbrandao"],"url":"https:\/\/www.cidademarketing.com.br\/marketing\/author\/thalesbrandao\/"}]}},"amp_enabled":true,"_links":{"self":[{"href":"https:\/\/www.cidademarketing.com.br\/marketing\/wp-json\/wp\/v2\/posts\/7345","targetHints":{"allow":["GET"]}}],"collection":[{"href":"https:\/\/www.cidademarketing.com.br\/marketing\/wp-json\/wp\/v2\/posts"}],"about":[{"href":"https:\/\/www.cidademarketing.com.br\/marketing\/wp-json\/wp\/v2\/types\/post"}],"author":[{"embeddable":true,"href":"https:\/\/www.cidademarketing.com.br\/marketing\/wp-json\/wp\/v2\/users\/1"}],"replies":[{"embeddable":true,"href":"https:\/\/www.cidademarketing.com.br\/marketing\/wp-json\/wp\/v2\/comments?post=7345"}],"version-history":[{"count":1,"href":"https:\/\/www.cidademarketing.com.br\/marketing\/wp-json\/wp\/v2\/posts\/7345\/revisions"}],"predecessor-version":[{"id":7347,"href":"https:\/\/www.cidademarketing.com.br\/marketing\/wp-json\/wp\/v2\/posts\/7345\/revisions\/7347"}],"wp:featuredmedia":[{"embeddable":true,"href":"https:\/\/www.cidademarketing.com.br\/marketing\/wp-json\/wp\/v2\/media\/7346"}],"wp:attachment":[{"href":"https:\/\/www.cidademarketing.com.br\/marketing\/wp-json\/wp\/v2\/media?parent=7345"}],"wp:term":[{"taxonomy":"category","embeddable":true,"href":"https:\/\/www.cidademarketing.com.br\/marketing\/wp-json\/wp\/v2\/categories?post=7345"},{"taxonomy":"post_tag","embeddable":true,"href":"https:\/\/www.cidademarketing.com.br\/marketing\/wp-json\/wp\/v2\/tags?post=7345"}],"curies":[{"name":"wp","href":"https:\/\/api.w.org\/{rel}","templated":true}]}}