{"id":7282,"date":"2019-03-31T23:02:52","date_gmt":"2019-04-01T02:02:52","guid":{"rendered":"http:\/\/www.cidademarketing.com.br\/marketing\/?p=7282"},"modified":"2019-03-31T23:02:55","modified_gmt":"2019-04-01T02:02:55","slug":"toyota-anuncia-alteracao-em-sua-equipe-executiva-para-a-america-latina-e-caribe","status":"publish","type":"post","link":"https:\/\/www.cidademarketing.com.br\/marketing\/2019\/03\/31\/toyota-anuncia-alteracao-em-sua-equipe-executiva-para-a-america-latina-e-caribe\/","title":{"rendered":"Toyota anuncia altera\u00e7\u00e3o em sua equipe executiva para a Am\u00e9rica Latina e Caribe"},"content":{"rendered":"\n<p>A Toyota do Brasil informa que Steve St. Angelo, CEO da Toyota para a Am\u00e9rica Latina e Caribe (TLAC), vai se aposentar. O atual gerente geral da Divis\u00e3o Am\u00e9rica Latina &amp; Caribe e Vice-CEO, Masahiro Inoue, assumir\u00e1 sua posi\u00e7\u00e3o a partir de 1\u00ba de abril de 2019.<br> St. Angelo ingressou na Toyota North America ap\u00f3s ter deixado a General Motors Corporation em 2005 e atuou como Senior Managing Officer da Toyota Motor Corporation desde 2009. Antes de ser nomeado CEO da TLAC em mar\u00e7o de 2013, St. Angelo atuou em v\u00e1rios cargos executivos dentro da divis\u00e3o de manufatura e engenharia da Toyota, al\u00e9m de ter sido o primeiro Diretor-chefe de Qualidade da empresa. <\/p>\n\n\n\n<p>Ele tamb\u00e9m foi membro do Comit\u00ea Executivo da Toyota Motor Corporation.  St. Angelo foi encarregado de regionalizar os neg\u00f3cios da Am\u00e9rica Latina e Caribe para melhor posicionar, crescer e manter o sucesso futuro da Toyota. Principais realiza\u00e7\u00f5es durante seu mandato incluem:<br> Recorde de vendas de mais de 441.000 unidades em 2018, um aumento de 37% em compara\u00e7\u00e3o com 2012, al\u00e9m de ter quase dobrado a participa\u00e7\u00e3o de mercado para aproximadamente 10%.<br> Apoiar a inova\u00e7\u00e3o e o avan\u00e7o das capacidades produtivas e de engenharia da regi\u00e3o, incluindo investimentos de US$ 2 bilh\u00f5es, resultando no crescimento das exporta\u00e7\u00f5es; aumento de produ\u00e7\u00e3o local em 87%; lan\u00e7amento da primeira plataforma de servi\u00e7os de mobilidade da Am\u00e9rica Latina na Argentina; e introdu\u00e7\u00e3o do primeiro ve\u00edculo h\u00edbrido flex do mundo no Brasil.<br> Engajamento e constru\u00e7\u00e3o de relacionamentos com stakeholders na regi\u00e3o que apoiaram programas bem-sucedidos de responsabilidade social corporativa em v\u00e1rios pa\u00edses que comp\u00f5em o TLAC, incluindo Brasil, Argentina, Col\u00f4mbia e Guatemala com foco em educa\u00e7\u00e3o e sustentabilidade ambiental.<\/p>\n\n\n\n<p><br> \u201cFoi uma honra ter contribu\u00eddo para a Toyota nos \u00faltimos 14 anos e ter trazido meu amor pelo Sistema Toyota de Produ\u00e7\u00e3o e pela minha maneira de pensar sempre no cliente em primeiro lugar para os colaboradores e clientes da regi\u00e3o\u201d, declarou St. Angelo. \u201cMassa traz toda a sua experi\u00eancia trabalhando e liderando equipes na Am\u00e9rica Latina e Caribe e tem sido um consultor de confian\u00e7a para nosso time regional e parceiros. Eu acredito que a regi\u00e3o est\u00e1 em boas m\u00e3os com ele na lideran\u00e7a\u201d.<\/p>\n\n\n\n<p><br> Masahiro Inoue, atual Vice-CEO da TLAC, ingressou na Toyota Motor Corporation em 1987 e tem mais de 16 anos de experi\u00eancia trabalhando nesta regi\u00e3o. Por meio de sua lideran\u00e7a nas divis\u00f5es de vendas e marketing, Inoue possui um profundo conhecimento da cultura da regi\u00e3o e como pilares do \u201cToyota Way\u201d, como o respeito pelas pessoas e a melhoria cont\u00ednua, podem ajudar a alavancar ainda mais a TLAC. Ele tamb\u00e9m atuou em diversos cargos executivos, incluindo quatro anos na Toyota Canad\u00e1 e cinco anos na matriz da Toyota Motor Corporation, na divis\u00e3o de planejamento estrat\u00e9gico.<\/p>\n\n\n\n<p><br> &#8220;Quero expressar minha gratid\u00e3o a Steve por sua excelente lideran\u00e7a e orienta\u00e7\u00e3o durante seu tempo como CEO&#8221;, disse Inoue. \u201cEstou honrado em ser nomeado o pr\u00f3ximo CEO de uma regi\u00e3o t\u00e3o amada e culturalmente diversificada para a Toyota. Estou totalmente comprometido em ajudar a regi\u00e3o a alcan\u00e7ar sua pr\u00f3xima fase de crescimento e sustentabilidade \u00e0 medida que continuamos a servir melhor nossos clientes fi\u00e9is\u201d.<br> A TLAC representa 40 pa\u00edses na Am\u00e9rica do Sul e Central, al\u00e9m do Caribe, com opera\u00e7\u00f5es de fabrica\u00e7\u00e3o de ve\u00edculos, motores e componentes na Argentina, Brasil e Venezuela.<\/p>\n","protected":false},"excerpt":{"rendered":"<p>A Toyota do Brasil informa que Steve St. Angelo, CEO da Toyota para a Am\u00e9rica Latina e Caribe (TLAC), vai se aposentar. O atual gerente geral da Divis\u00e3o Am\u00e9rica Latina &amp; Caribe e Vice-CEO, Masahiro Inoue, assumir\u00e1 sua posi\u00e7\u00e3o a partir de 1\u00ba de abril de 2019. St. Angelo ingressou na Toyota North America ap\u00f3s [&hellip;]<\/p>\n","protected":false},"author":1,"featured_media":3874,"comment_status":"open","ping_status":"open","sticky":false,"template":"","format":"standard","meta":{"tdm_status":"","tdm_grid_status":"","footnotes":""},"categories":[6],"tags":[147,28,390],"class_list":["post-7282","post","type-post","status-publish","format-standard","has-post-thumbnail","hentry","category-noticias","tag-brasil","tag-marketing","tag-toyota"],"yoast_head":"<!-- This site is optimized with the Yoast SEO plugin v27.5 - https:\/\/yoast.com\/product\/yoast-seo-wordpress\/ -->\n<title>Toyota anuncia altera\u00e7\u00e3o em sua equipe executiva para a Am\u00e9rica Latina e Caribe - CidadeMarketing<\/title>\n<meta name=\"robots\" content=\"index, follow, max-snippet:-1, max-image-preview:large, max-video-preview:-1\" \/>\n<link rel=\"canonical\" href=\"https:\/\/www.cidademarketing.com.br\/marketing\/2019\/03\/31\/toyota-anuncia-alteracao-em-sua-equipe-executiva-para-a-america-latina-e-caribe\/\" \/>\n<meta property=\"og:locale\" content=\"pt_BR\" \/>\n<meta property=\"og:type\" content=\"article\" \/>\n<meta property=\"og:title\" content=\"Toyota anuncia altera\u00e7\u00e3o em sua equipe executiva para a Am\u00e9rica Latina e Caribe - CidadeMarketing\" \/>\n<meta property=\"og:description\" content=\"A Toyota do Brasil informa que Steve St. Angelo, CEO da Toyota para a Am\u00e9rica Latina e Caribe (TLAC), vai se aposentar. O atual gerente geral da Divis\u00e3o Am\u00e9rica Latina &amp; Caribe e Vice-CEO, Masahiro Inoue, assumir\u00e1 sua posi\u00e7\u00e3o a partir de 1\u00ba de abril de 2019. St. Angelo ingressou na Toyota North America ap\u00f3s [&hellip;]\" \/>\n<meta property=\"og:url\" content=\"https:\/\/www.cidademarketing.com.br\/marketing\/2019\/03\/31\/toyota-anuncia-alteracao-em-sua-equipe-executiva-para-a-america-latina-e-caribe\/\" \/>\n<meta property=\"og:site_name\" content=\"CidadeMarketing\" \/>\n<meta property=\"article:publisher\" content=\"https:\/\/www.facebook.com\/portalcidademarketing\" \/>\n<meta property=\"article:author\" content=\"https:\/\/www.facebook.com\/thalesbrandao\" \/>\n<meta property=\"article:published_time\" content=\"2019-04-01T02:02:52+00:00\" \/>\n<meta property=\"article:modified_time\" content=\"2019-04-01T02:02:55+00:00\" \/>\n<meta property=\"og:image\" content=\"https:\/\/www.cidademarketing.com.br\/marketing\/wp-content\/uploads\/2018\/12\/toyota_marca.jpg\" \/>\n\t<meta property=\"og:image:width\" content=\"549\" \/>\n\t<meta property=\"og:image:height\" content=\"480\" \/>\n\t<meta property=\"og:image:type\" content=\"image\/jpeg\" \/>\n<meta name=\"author\" content=\"Thales Brand\u00e3o\" \/>\n<meta name=\"twitter:card\" content=\"summary_large_image\" \/>\n<meta name=\"twitter:creator\" content=\"@http:\/\/www.twitter.com\/thalesbrandao\" \/>\n<meta name=\"twitter:site\" content=\"@CidadeMarketing\" \/>\n<meta name=\"twitter:label1\" content=\"Escrito por\" \/>\n\t<meta name=\"twitter:data1\" content=\"Thales Brand\u00e3o\" \/>\n\t<meta name=\"twitter:label2\" content=\"Est. tempo de leitura\" \/>\n\t<meta name=\"twitter:data2\" content=\"3 minutos\" \/>\n<script type=\"application\/ld+json\" class=\"yoast-schema-graph\">{\"@context\":\"https:\\\/\\\/schema.org\",\"@graph\":[{\"@type\":\"Article\",\"@id\":\"https:\\\/\\\/www.cidademarketing.com.br\\\/marketing\\\/2019\\\/03\\\/31\\\/toyota-anuncia-alteracao-em-sua-equipe-executiva-para-a-america-latina-e-caribe\\\/#article\",\"isPartOf\":{\"@id\":\"https:\\\/\\\/www.cidademarketing.com.br\\\/marketing\\\/2019\\\/03\\\/31\\\/toyota-anuncia-alteracao-em-sua-equipe-executiva-para-a-america-latina-e-caribe\\\/\"},\"author\":{\"name\":\"Thales Brand\u00e3o\",\"@id\":\"https:\\\/\\\/www.cidademarketing.com.br\\\/marketing\\\/#\\\/schema\\\/person\\\/02daff9f18bd9378c9e01eb6b2db155f\"},\"headline\":\"Toyota anuncia altera\u00e7\u00e3o em sua equipe executiva para a Am\u00e9rica Latina e Caribe\",\"datePublished\":\"2019-04-01T02:02:52+00:00\",\"dateModified\":\"2019-04-01T02:02:55+00:00\",\"mainEntityOfPage\":{\"@id\":\"https:\\\/\\\/www.cidademarketing.com.br\\\/marketing\\\/2019\\\/03\\\/31\\\/toyota-anuncia-alteracao-em-sua-equipe-executiva-para-a-america-latina-e-caribe\\\/\"},\"wordCount\":614,\"commentCount\":0,\"publisher\":{\"@id\":\"https:\\\/\\\/www.cidademarketing.com.br\\\/marketing\\\/#organization\"},\"image\":{\"@id\":\"https:\\\/\\\/www.cidademarketing.com.br\\\/marketing\\\/2019\\\/03\\\/31\\\/toyota-anuncia-alteracao-em-sua-equipe-executiva-para-a-america-latina-e-caribe\\\/#primaryimage\"},\"thumbnailUrl\":\"https:\\\/\\\/www.cidademarketing.com.br\\\/marketing\\\/wp-content\\\/uploads\\\/2018\\\/12\\\/toyota_marca.jpg\",\"keywords\":[\"Brasil\",\"marketing\",\"Toyota\"],\"articleSection\":[\"Not\u00edcias\"],\"inLanguage\":\"pt-BR\",\"potentialAction\":[{\"@type\":\"CommentAction\",\"name\":\"Comment\",\"target\":[\"https:\\\/\\\/www.cidademarketing.com.br\\\/marketing\\\/2019\\\/03\\\/31\\\/toyota-anuncia-alteracao-em-sua-equipe-executiva-para-a-america-latina-e-caribe\\\/#respond\"]}]},{\"@type\":\"WebPage\",\"@id\":\"https:\\\/\\\/www.cidademarketing.com.br\\\/marketing\\\/2019\\\/03\\\/31\\\/toyota-anuncia-alteracao-em-sua-equipe-executiva-para-a-america-latina-e-caribe\\\/\",\"url\":\"https:\\\/\\\/www.cidademarketing.com.br\\\/marketing\\\/2019\\\/03\\\/31\\\/toyota-anuncia-alteracao-em-sua-equipe-executiva-para-a-america-latina-e-caribe\\\/\",\"name\":\"Toyota anuncia altera\u00e7\u00e3o em sua equipe executiva para a Am\u00e9rica Latina e Caribe - CidadeMarketing\",\"isPartOf\":{\"@id\":\"https:\\\/\\\/www.cidademarketing.com.br\\\/marketing\\\/#website\"},\"primaryImageOfPage\":{\"@id\":\"https:\\\/\\\/www.cidademarketing.com.br\\\/marketing\\\/2019\\\/03\\\/31\\\/toyota-anuncia-alteracao-em-sua-equipe-executiva-para-a-america-latina-e-caribe\\\/#primaryimage\"},\"image\":{\"@id\":\"https:\\\/\\\/www.cidademarketing.com.br\\\/marketing\\\/2019\\\/03\\\/31\\\/toyota-anuncia-alteracao-em-sua-equipe-executiva-para-a-america-latina-e-caribe\\\/#primaryimage\"},\"thumbnailUrl\":\"https:\\\/\\\/www.cidademarketing.com.br\\\/marketing\\\/wp-content\\\/uploads\\\/2018\\\/12\\\/toyota_marca.jpg\",\"datePublished\":\"2019-04-01T02:02:52+00:00\",\"dateModified\":\"2019-04-01T02:02:55+00:00\",\"breadcrumb\":{\"@id\":\"https:\\\/\\\/www.cidademarketing.com.br\\\/marketing\\\/2019\\\/03\\\/31\\\/toyota-anuncia-alteracao-em-sua-equipe-executiva-para-a-america-latina-e-caribe\\\/#breadcrumb\"},\"inLanguage\":\"pt-BR\",\"potentialAction\":[{\"@type\":\"ReadAction\",\"target\":[\"https:\\\/\\\/www.cidademarketing.com.br\\\/marketing\\\/2019\\\/03\\\/31\\\/toyota-anuncia-alteracao-em-sua-equipe-executiva-para-a-america-latina-e-caribe\\\/\"]}]},{\"@type\":\"ImageObject\",\"inLanguage\":\"pt-BR\",\"@id\":\"https:\\\/\\\/www.cidademarketing.com.br\\\/marketing\\\/2019\\\/03\\\/31\\\/toyota-anuncia-alteracao-em-sua-equipe-executiva-para-a-america-latina-e-caribe\\\/#primaryimage\",\"url\":\"https:\\\/\\\/www.cidademarketing.com.br\\\/marketing\\\/wp-content\\\/uploads\\\/2018\\\/12\\\/toyota_marca.jpg\",\"contentUrl\":\"https:\\\/\\\/www.cidademarketing.com.br\\\/marketing\\\/wp-content\\\/uploads\\\/2018\\\/12\\\/toyota_marca.jpg\",\"width\":549,\"height\":480},{\"@type\":\"BreadcrumbList\",\"@id\":\"https:\\\/\\\/www.cidademarketing.com.br\\\/marketing\\\/2019\\\/03\\\/31\\\/toyota-anuncia-alteracao-em-sua-equipe-executiva-para-a-america-latina-e-caribe\\\/#breadcrumb\",\"itemListElement\":[{\"@type\":\"ListItem\",\"position\":1,\"name\":\"In\u00edcio\",\"item\":\"https:\\\/\\\/www.cidademarketing.com.br\\\/marketing\\\/\"},{\"@type\":\"ListItem\",\"position\":2,\"name\":\"Toyota anuncia altera\u00e7\u00e3o em sua equipe executiva para a Am\u00e9rica Latina e Caribe\"}]},{\"@type\":\"WebSite\",\"@id\":\"https:\\\/\\\/www.cidademarketing.com.br\\\/marketing\\\/#website\",\"url\":\"https:\\\/\\\/www.cidademarketing.com.br\\\/marketing\\\/\",\"name\":\"CidadeMarketing\",\"description\":\"Somos um ve\u00edculo de comunica\u00e7\u00e3o de destaque no Brasil, reconhecido por conte\u00fados nos segmentos de marketing, empreendedorismo e inova\u00e7\u00e3o.\",\"publisher\":{\"@id\":\"https:\\\/\\\/www.cidademarketing.com.br\\\/marketing\\\/#organization\"},\"alternateName\":\"CidadeMarketing\",\"potentialAction\":[{\"@type\":\"SearchAction\",\"target\":{\"@type\":\"EntryPoint\",\"urlTemplate\":\"https:\\\/\\\/www.cidademarketing.com.br\\\/marketing\\\/?s={search_term_string}\"},\"query-input\":{\"@type\":\"PropertyValueSpecification\",\"valueRequired\":true,\"valueName\":\"search_term_string\"}}],\"inLanguage\":\"pt-BR\"},{\"@type\":\"Organization\",\"@id\":\"https:\\\/\\\/www.cidademarketing.com.br\\\/marketing\\\/#organization\",\"name\":\"CidadeMarketing\",\"alternateName\":\"CidadeMarketing\",\"url\":\"https:\\\/\\\/www.cidademarketing.com.br\\\/marketing\\\/\",\"logo\":{\"@type\":\"ImageObject\",\"inLanguage\":\"pt-BR\",\"@id\":\"https:\\\/\\\/www.cidademarketing.com.br\\\/marketing\\\/#\\\/schema\\\/logo\\\/image\\\/\",\"url\":\"https:\\\/\\\/www.cidademarketing.com.br\\\/marketing\\\/wp-content\\\/uploads\\\/2020\\\/01\\\/cidademarketing_marca_mobile.png\",\"contentUrl\":\"https:\\\/\\\/www.cidademarketing.com.br\\\/marketing\\\/wp-content\\\/uploads\\\/2020\\\/01\\\/cidademarketing_marca_mobile.png\",\"width\":230,\"height\":92,\"caption\":\"CidadeMarketing\"},\"image\":{\"@id\":\"https:\\\/\\\/www.cidademarketing.com.br\\\/marketing\\\/#\\\/schema\\\/logo\\\/image\\\/\"},\"sameAs\":[\"https:\\\/\\\/www.facebook.com\\\/portalcidademarketing\",\"https:\\\/\\\/x.com\\\/CidadeMarketing\",\"https:\\\/\\\/www.instagram.com\\\/cidademarketing\\\/\"]},{\"@type\":\"Person\",\"@id\":\"https:\\\/\\\/www.cidademarketing.com.br\\\/marketing\\\/#\\\/schema\\\/person\\\/02daff9f18bd9378c9e01eb6b2db155f\",\"name\":\"Thales Brand\u00e3o\",\"image\":{\"@type\":\"ImageObject\",\"inLanguage\":\"pt-BR\",\"@id\":\"https:\\\/\\\/secure.gravatar.com\\\/avatar\\\/7ca3206950207cc3cb48feec56a8a7898741ab725c368d99d5d7a5a50aab80c6?s=96&d=mm&r=g\",\"url\":\"https:\\\/\\\/secure.gravatar.com\\\/avatar\\\/7ca3206950207cc3cb48feec56a8a7898741ab725c368d99d5d7a5a50aab80c6?s=96&d=mm&r=g\",\"contentUrl\":\"https:\\\/\\\/secure.gravatar.com\\\/avatar\\\/7ca3206950207cc3cb48feec56a8a7898741ab725c368d99d5d7a5a50aab80c6?s=96&d=mm&r=g\",\"caption\":\"Thales Brand\u00e3o\"},\"description\":\"Editor Executivo do Portal CidadeMarketing.com.br &gt; Mestre em Comunica\u00e7\u00e3o e Sociedade pela Universidade Federal de Sergipe. Possui MBA Executivo em Administra\u00e7\u00e3o com \u00eanfase em Marketing pela Funda\u00e7\u00e3o Get\u00falio Vargas - Rio de Janeiro. Consultor, Palestrante e Pesquisador sobre Empreendedorismo, Marketing, Redes Sociais e Neg\u00f3cios Digitais. Professor, Palestrante TedxTalks e Campus Party. Twitter: @ThalesBrandao\",\"sameAs\":[\"http:\\\/\\\/www.mandacaru.com.br\",\"https:\\\/\\\/www.facebook.com\\\/thalesbrandao\",\"http:\\\/\\\/www.instagram.com.br\\\/thalesbrandaoferreira\",\"https:\\\/\\\/www.linkedin.com\\\/in\\\/thales-brand\u00e3o-3948609\\\/\",\"https:\\\/\\\/x.com\\\/http:\\\/\\\/www.twitter.com\\\/thalesbrandao\"],\"url\":\"https:\\\/\\\/www.cidademarketing.com.br\\\/marketing\\\/author\\\/thalesbrandao\\\/\"}]}<\/script>\n<!-- \/ Yoast SEO plugin. -->","yoast_head_json":{"title":"Toyota anuncia altera\u00e7\u00e3o em sua equipe executiva para a Am\u00e9rica Latina e Caribe - CidadeMarketing","robots":{"index":"index","follow":"follow","max-snippet":"max-snippet:-1","max-image-preview":"max-image-preview:large","max-video-preview":"max-video-preview:-1"},"canonical":"https:\/\/www.cidademarketing.com.br\/marketing\/2019\/03\/31\/toyota-anuncia-alteracao-em-sua-equipe-executiva-para-a-america-latina-e-caribe\/","og_locale":"pt_BR","og_type":"article","og_title":"Toyota anuncia altera\u00e7\u00e3o em sua equipe executiva para a Am\u00e9rica Latina e Caribe - CidadeMarketing","og_description":"A Toyota do Brasil informa que Steve St. Angelo, CEO da Toyota para a Am\u00e9rica Latina e Caribe (TLAC), vai se aposentar. O atual gerente geral da Divis\u00e3o Am\u00e9rica Latina &amp; Caribe e Vice-CEO, Masahiro Inoue, assumir\u00e1 sua posi\u00e7\u00e3o a partir de 1\u00ba de abril de 2019. St. Angelo ingressou na Toyota North America ap\u00f3s [&hellip;]","og_url":"https:\/\/www.cidademarketing.com.br\/marketing\/2019\/03\/31\/toyota-anuncia-alteracao-em-sua-equipe-executiva-para-a-america-latina-e-caribe\/","og_site_name":"CidadeMarketing","article_publisher":"https:\/\/www.facebook.com\/portalcidademarketing","article_author":"https:\/\/www.facebook.com\/thalesbrandao","article_published_time":"2019-04-01T02:02:52+00:00","article_modified_time":"2019-04-01T02:02:55+00:00","og_image":[{"width":549,"height":480,"url":"https:\/\/www.cidademarketing.com.br\/marketing\/wp-content\/uploads\/2018\/12\/toyota_marca.jpg","type":"image\/jpeg"}],"author":"Thales Brand\u00e3o","twitter_card":"summary_large_image","twitter_creator":"@http:\/\/www.twitter.com\/thalesbrandao","twitter_site":"@CidadeMarketing","twitter_misc":{"Escrito por":"Thales Brand\u00e3o","Est. tempo de leitura":"3 minutos"},"schema":{"@context":"https:\/\/schema.org","@graph":[{"@type":"Article","@id":"https:\/\/www.cidademarketing.com.br\/marketing\/2019\/03\/31\/toyota-anuncia-alteracao-em-sua-equipe-executiva-para-a-america-latina-e-caribe\/#article","isPartOf":{"@id":"https:\/\/www.cidademarketing.com.br\/marketing\/2019\/03\/31\/toyota-anuncia-alteracao-em-sua-equipe-executiva-para-a-america-latina-e-caribe\/"},"author":{"name":"Thales Brand\u00e3o","@id":"https:\/\/www.cidademarketing.com.br\/marketing\/#\/schema\/person\/02daff9f18bd9378c9e01eb6b2db155f"},"headline":"Toyota anuncia altera\u00e7\u00e3o em sua equipe executiva para a Am\u00e9rica Latina e Caribe","datePublished":"2019-04-01T02:02:52+00:00","dateModified":"2019-04-01T02:02:55+00:00","mainEntityOfPage":{"@id":"https:\/\/www.cidademarketing.com.br\/marketing\/2019\/03\/31\/toyota-anuncia-alteracao-em-sua-equipe-executiva-para-a-america-latina-e-caribe\/"},"wordCount":614,"commentCount":0,"publisher":{"@id":"https:\/\/www.cidademarketing.com.br\/marketing\/#organization"},"image":{"@id":"https:\/\/www.cidademarketing.com.br\/marketing\/2019\/03\/31\/toyota-anuncia-alteracao-em-sua-equipe-executiva-para-a-america-latina-e-caribe\/#primaryimage"},"thumbnailUrl":"https:\/\/www.cidademarketing.com.br\/marketing\/wp-content\/uploads\/2018\/12\/toyota_marca.jpg","keywords":["Brasil","marketing","Toyota"],"articleSection":["Not\u00edcias"],"inLanguage":"pt-BR","potentialAction":[{"@type":"CommentAction","name":"Comment","target":["https:\/\/www.cidademarketing.com.br\/marketing\/2019\/03\/31\/toyota-anuncia-alteracao-em-sua-equipe-executiva-para-a-america-latina-e-caribe\/#respond"]}]},{"@type":"WebPage","@id":"https:\/\/www.cidademarketing.com.br\/marketing\/2019\/03\/31\/toyota-anuncia-alteracao-em-sua-equipe-executiva-para-a-america-latina-e-caribe\/","url":"https:\/\/www.cidademarketing.com.br\/marketing\/2019\/03\/31\/toyota-anuncia-alteracao-em-sua-equipe-executiva-para-a-america-latina-e-caribe\/","name":"Toyota anuncia altera\u00e7\u00e3o em sua equipe executiva para a Am\u00e9rica Latina e Caribe - CidadeMarketing","isPartOf":{"@id":"https:\/\/www.cidademarketing.com.br\/marketing\/#website"},"primaryImageOfPage":{"@id":"https:\/\/www.cidademarketing.com.br\/marketing\/2019\/03\/31\/toyota-anuncia-alteracao-em-sua-equipe-executiva-para-a-america-latina-e-caribe\/#primaryimage"},"image":{"@id":"https:\/\/www.cidademarketing.com.br\/marketing\/2019\/03\/31\/toyota-anuncia-alteracao-em-sua-equipe-executiva-para-a-america-latina-e-caribe\/#primaryimage"},"thumbnailUrl":"https:\/\/www.cidademarketing.com.br\/marketing\/wp-content\/uploads\/2018\/12\/toyota_marca.jpg","datePublished":"2019-04-01T02:02:52+00:00","dateModified":"2019-04-01T02:02:55+00:00","breadcrumb":{"@id":"https:\/\/www.cidademarketing.com.br\/marketing\/2019\/03\/31\/toyota-anuncia-alteracao-em-sua-equipe-executiva-para-a-america-latina-e-caribe\/#breadcrumb"},"inLanguage":"pt-BR","potentialAction":[{"@type":"ReadAction","target":["https:\/\/www.cidademarketing.com.br\/marketing\/2019\/03\/31\/toyota-anuncia-alteracao-em-sua-equipe-executiva-para-a-america-latina-e-caribe\/"]}]},{"@type":"ImageObject","inLanguage":"pt-BR","@id":"https:\/\/www.cidademarketing.com.br\/marketing\/2019\/03\/31\/toyota-anuncia-alteracao-em-sua-equipe-executiva-para-a-america-latina-e-caribe\/#primaryimage","url":"https:\/\/www.cidademarketing.com.br\/marketing\/wp-content\/uploads\/2018\/12\/toyota_marca.jpg","contentUrl":"https:\/\/www.cidademarketing.com.br\/marketing\/wp-content\/uploads\/2018\/12\/toyota_marca.jpg","width":549,"height":480},{"@type":"BreadcrumbList","@id":"https:\/\/www.cidademarketing.com.br\/marketing\/2019\/03\/31\/toyota-anuncia-alteracao-em-sua-equipe-executiva-para-a-america-latina-e-caribe\/#breadcrumb","itemListElement":[{"@type":"ListItem","position":1,"name":"In\u00edcio","item":"https:\/\/www.cidademarketing.com.br\/marketing\/"},{"@type":"ListItem","position":2,"name":"Toyota anuncia altera\u00e7\u00e3o em sua equipe executiva para a Am\u00e9rica Latina e Caribe"}]},{"@type":"WebSite","@id":"https:\/\/www.cidademarketing.com.br\/marketing\/#website","url":"https:\/\/www.cidademarketing.com.br\/marketing\/","name":"CidadeMarketing","description":"Somos um ve\u00edculo de comunica\u00e7\u00e3o de destaque no Brasil, reconhecido por conte\u00fados nos segmentos de marketing, empreendedorismo e inova\u00e7\u00e3o.","publisher":{"@id":"https:\/\/www.cidademarketing.com.br\/marketing\/#organization"},"alternateName":"CidadeMarketing","potentialAction":[{"@type":"SearchAction","target":{"@type":"EntryPoint","urlTemplate":"https:\/\/www.cidademarketing.com.br\/marketing\/?s={search_term_string}"},"query-input":{"@type":"PropertyValueSpecification","valueRequired":true,"valueName":"search_term_string"}}],"inLanguage":"pt-BR"},{"@type":"Organization","@id":"https:\/\/www.cidademarketing.com.br\/marketing\/#organization","name":"CidadeMarketing","alternateName":"CidadeMarketing","url":"https:\/\/www.cidademarketing.com.br\/marketing\/","logo":{"@type":"ImageObject","inLanguage":"pt-BR","@id":"https:\/\/www.cidademarketing.com.br\/marketing\/#\/schema\/logo\/image\/","url":"https:\/\/www.cidademarketing.com.br\/marketing\/wp-content\/uploads\/2020\/01\/cidademarketing_marca_mobile.png","contentUrl":"https:\/\/www.cidademarketing.com.br\/marketing\/wp-content\/uploads\/2020\/01\/cidademarketing_marca_mobile.png","width":230,"height":92,"caption":"CidadeMarketing"},"image":{"@id":"https:\/\/www.cidademarketing.com.br\/marketing\/#\/schema\/logo\/image\/"},"sameAs":["https:\/\/www.facebook.com\/portalcidademarketing","https:\/\/x.com\/CidadeMarketing","https:\/\/www.instagram.com\/cidademarketing\/"]},{"@type":"Person","@id":"https:\/\/www.cidademarketing.com.br\/marketing\/#\/schema\/person\/02daff9f18bd9378c9e01eb6b2db155f","name":"Thales Brand\u00e3o","image":{"@type":"ImageObject","inLanguage":"pt-BR","@id":"https:\/\/secure.gravatar.com\/avatar\/7ca3206950207cc3cb48feec56a8a7898741ab725c368d99d5d7a5a50aab80c6?s=96&d=mm&r=g","url":"https:\/\/secure.gravatar.com\/avatar\/7ca3206950207cc3cb48feec56a8a7898741ab725c368d99d5d7a5a50aab80c6?s=96&d=mm&r=g","contentUrl":"https:\/\/secure.gravatar.com\/avatar\/7ca3206950207cc3cb48feec56a8a7898741ab725c368d99d5d7a5a50aab80c6?s=96&d=mm&r=g","caption":"Thales Brand\u00e3o"},"description":"Editor Executivo do Portal CidadeMarketing.com.br &gt; Mestre em Comunica\u00e7\u00e3o e Sociedade pela Universidade Federal de Sergipe. Possui MBA Executivo em Administra\u00e7\u00e3o com \u00eanfase em Marketing pela Funda\u00e7\u00e3o Get\u00falio Vargas - Rio de Janeiro. Consultor, Palestrante e Pesquisador sobre Empreendedorismo, Marketing, Redes Sociais e Neg\u00f3cios Digitais. Professor, Palestrante TedxTalks e Campus Party. Twitter: @ThalesBrandao","sameAs":["http:\/\/www.mandacaru.com.br","https:\/\/www.facebook.com\/thalesbrandao","http:\/\/www.instagram.com.br\/thalesbrandaoferreira","https:\/\/www.linkedin.com\/in\/thales-brand\u00e3o-3948609\/","https:\/\/x.com\/http:\/\/www.twitter.com\/thalesbrandao"],"url":"https:\/\/www.cidademarketing.com.br\/marketing\/author\/thalesbrandao\/"}]}},"amp_enabled":true,"_links":{"self":[{"href":"https:\/\/www.cidademarketing.com.br\/marketing\/wp-json\/wp\/v2\/posts\/7282","targetHints":{"allow":["GET"]}}],"collection":[{"href":"https:\/\/www.cidademarketing.com.br\/marketing\/wp-json\/wp\/v2\/posts"}],"about":[{"href":"https:\/\/www.cidademarketing.com.br\/marketing\/wp-json\/wp\/v2\/types\/post"}],"author":[{"embeddable":true,"href":"https:\/\/www.cidademarketing.com.br\/marketing\/wp-json\/wp\/v2\/users\/1"}],"replies":[{"embeddable":true,"href":"https:\/\/www.cidademarketing.com.br\/marketing\/wp-json\/wp\/v2\/comments?post=7282"}],"version-history":[{"count":1,"href":"https:\/\/www.cidademarketing.com.br\/marketing\/wp-json\/wp\/v2\/posts\/7282\/revisions"}],"predecessor-version":[{"id":7283,"href":"https:\/\/www.cidademarketing.com.br\/marketing\/wp-json\/wp\/v2\/posts\/7282\/revisions\/7283"}],"wp:featuredmedia":[{"embeddable":true,"href":"https:\/\/www.cidademarketing.com.br\/marketing\/wp-json\/wp\/v2\/media\/3874"}],"wp:attachment":[{"href":"https:\/\/www.cidademarketing.com.br\/marketing\/wp-json\/wp\/v2\/media?parent=7282"}],"wp:term":[{"taxonomy":"category","embeddable":true,"href":"https:\/\/www.cidademarketing.com.br\/marketing\/wp-json\/wp\/v2\/categories?post=7282"},{"taxonomy":"post_tag","embeddable":true,"href":"https:\/\/www.cidademarketing.com.br\/marketing\/wp-json\/wp\/v2\/tags?post=7282"}],"curies":[{"name":"wp","href":"https:\/\/api.w.org\/{rel}","templated":true}]}}