{"id":7234,"date":"2019-03-27T22:42:42","date_gmt":"2019-03-28T01:42:42","guid":{"rendered":"http:\/\/www.cidademarketing.com.br\/marketing\/?p=7234"},"modified":"2019-03-27T22:46:32","modified_gmt":"2019-03-28T01:46:32","slug":"fake-news-jair-bolsonaro-desmente-jornalista-que-afirmou-demissao-do-ministro-da-educacao-ricardo-velez-rodrigues","status":"publish","type":"post","link":"https:\/\/www.cidademarketing.com.br\/marketing\/2019\/03\/27\/fake-news-jair-bolsonaro-desmente-jornalista-que-afirmou-demissao-do-ministro-da-educacao-ricardo-velez-rodrigues\/","title":{"rendered":"Fake News: Jair Bolsonaro desmente jornalista que afirmou demiss\u00e3o do Ministro da Educa\u00e7\u00e3o, Ricardo V\u00e9lez Rodrigues"},"content":{"rendered":"\n<p>O presidente Jair Bolsonaro desmentiu a not\u00edcia publicada pela GloboNews atrav\u00e9s da jornalista Eliane Cantanh\u00eade pelo Twitter. Segundo a Jornalista, o presidente Jair Bolsonardo teria decidido demitir o ministro da educa\u00e7\u00e3o.<\/p>\n\n\n\n<figure class=\"wp-block-embed-twitter wp-block-embed is-type-rich is-provider-twitter\"><div class=\"wp-block-embed__wrapper\">\n<blockquote class=\"twitter-tweet\" data-width=\"550\" data-dnt=\"true\"><p lang=\"pt\" dir=\"ltr\">Acabo de anunciar no GloboNews Em Pauta: Bolsonaro decidiu demitir o ministro da Educa\u00e7\u00e3o, Velez Rodrigues. Os motivos s\u00e3o \u00f3bvios.<\/p>&mdash; Eliane Cantanh\u00eade (@ECantanhede) <a href=\"https:\/\/twitter.com\/ECantanhede\/status\/1111061498967875584?ref_src=twsrc%5Etfw\">March 28, 2019<\/a><\/blockquote><script async src=\"https:\/\/platform.twitter.com\/widgets.js\" charset=\"utf-8\"><\/script>\n<\/div><\/figure>\n\n\n\n<p>Em nota pelo Twitter, o presidente afirmou que sofre diariamente not\u00edcias falsas e que o seu compromisso \u00e9 com os brasileiros, com o Brasil.<\/p>\n\n\n\n<p><\/p>\n\n\n\n<figure class=\"wp-block-embed-twitter wp-block-embed is-type-rich is-provider-twitter\"><div class=\"wp-block-embed__wrapper\">\n<blockquote class=\"twitter-tweet\" data-width=\"550\" data-dnt=\"true\"><p lang=\"pt\" dir=\"ltr\">Sofro fake news di\u00e1rias como esse caso da &quot;demiss\u00e3o&quot; do Ministro Velez. A m\u00eddia cria narrativas de que N\u00c3O GOVERNO, SOU ATRAPALHADO, etc. Voc\u00ea sabe quem quer nos desgastar para se criar uma a\u00e7\u00e3o definitiva contra meu mandato no futuro. Nosso compromisso \u00e9 com voc\u00ea, com o Brasil. <a href=\"https:\/\/t.co\/tQMgZtr7YS\">pic.twitter.com\/tQMgZtr7YS<\/a><\/p>&mdash; Jair M. Bolsonaro (@jairbolsonaro) <a href=\"https:\/\/twitter.com\/jairbolsonaro\/status\/1111077097991299072?ref_src=twsrc%5Etfw\">March 28, 2019<\/a><\/blockquote><script async src=\"https:\/\/platform.twitter.com\/widgets.js\" charset=\"utf-8\"><\/script>\n<\/div><\/figure>\n\n\n\n<p>Pelo Twitter, o Ministro da Educa\u00e7\u00e3o disse: &#8221; O jornalismo brasileiro se p\u00f5e raivoso por estar, pela primeira vez, sem poder barganhar \u00e0s custas de trocas de favores. Meu compromisso \u00e9 com os brasileiros e seus representantes. Os ve\u00edculos que busquem outras fontes de financiamento. &#8220;<\/p>\n\n\n\n<figure class=\"wp-block-embed-twitter wp-block-embed is-type-rich is-provider-twitter\"><div class=\"wp-block-embed__wrapper\">\n<blockquote class=\"twitter-tweet\" data-width=\"550\" data-dnt=\"true\"><p lang=\"pt\" dir=\"ltr\">O jornalismo brasileiro se p\u00f5e raivoso por estar, pela primeira vez, sem poder barganhar \u00e0s custas de trocas de favores. Meu compromisso \u00e9 com os brasileiros e seus representantes. Os ve\u00edculos que busquem outras fontes de financiamento.<\/p>&mdash; Ricardo V\u00e9lez (@ricardovelez) <a href=\"https:\/\/twitter.com\/ricardovelez\/status\/1111080231366991872?ref_src=twsrc%5Etfw\">March 28, 2019<\/a><\/blockquote><script async src=\"https:\/\/platform.twitter.com\/widgets.js\" charset=\"utf-8\"><\/script>\n<\/div><\/figure>\n","protected":false},"excerpt":{"rendered":"<p>O presidente Jair Bolsonaro desmentiu a not\u00edcia publicada pela GloboNews atrav\u00e9s da jornalista Eliane Cantanh\u00eade pelo Twitter. Segundo a Jornalista, o presidente Jair Bolsonardo teria decidido demitir o ministro da educa\u00e7\u00e3o. Em nota pelo Twitter, o presidente afirmou que sofre diariamente not\u00edcias falsas e que o seu compromisso \u00e9 com os brasileiros, com o Brasil. [&hellip;]<\/p>\n","protected":false},"author":1,"featured_media":7232,"comment_status":"open","ping_status":"open","sticky":false,"template":"","format":"standard","meta":{"tdm_status":"","tdm_grid_status":"","footnotes":""},"categories":[6],"tags":[33,1659,1024],"class_list":["post-7234","post","type-post","status-publish","format-standard","has-post-thumbnail","hentry","category-noticias","tag-estrategia","tag-globonews","tag-jornalista"],"yoast_head":"<!-- This site is optimized with the Yoast SEO plugin v27.5 - https:\/\/yoast.com\/product\/yoast-seo-wordpress\/ -->\n<title>Fake News: Jair Bolsonaro desmente jornalista que afirmou demiss\u00e3o do Ministro da Educa\u00e7\u00e3o, Ricardo V\u00e9lez Rodrigues - CidadeMarketing<\/title>\n<meta name=\"robots\" content=\"index, follow, max-snippet:-1, max-image-preview:large, max-video-preview:-1\" \/>\n<link rel=\"canonical\" href=\"https:\/\/www.cidademarketing.com.br\/marketing\/2019\/03\/27\/fake-news-jair-bolsonaro-desmente-jornalista-que-afirmou-demissao-do-ministro-da-educacao-ricardo-velez-rodrigues\/\" \/>\n<meta property=\"og:locale\" content=\"pt_BR\" \/>\n<meta property=\"og:type\" content=\"article\" \/>\n<meta property=\"og:title\" content=\"Fake News: Jair Bolsonaro desmente jornalista que afirmou demiss\u00e3o do Ministro da Educa\u00e7\u00e3o, Ricardo V\u00e9lez Rodrigues - CidadeMarketing\" \/>\n<meta property=\"og:description\" content=\"O presidente Jair Bolsonaro desmentiu a not\u00edcia publicada pela GloboNews atrav\u00e9s da jornalista Eliane Cantanh\u00eade pelo Twitter. Segundo a Jornalista, o presidente Jair Bolsonardo teria decidido demitir o ministro da educa\u00e7\u00e3o. Em nota pelo Twitter, o presidente afirmou que sofre diariamente not\u00edcias falsas e que o seu compromisso \u00e9 com os brasileiros, com o Brasil. [&hellip;]\" \/>\n<meta property=\"og:url\" content=\"https:\/\/www.cidademarketing.com.br\/marketing\/2019\/03\/27\/fake-news-jair-bolsonaro-desmente-jornalista-que-afirmou-demissao-do-ministro-da-educacao-ricardo-velez-rodrigues\/\" \/>\n<meta property=\"og:site_name\" content=\"CidadeMarketing\" \/>\n<meta property=\"article:publisher\" content=\"https:\/\/www.facebook.com\/portalcidademarketing\" \/>\n<meta property=\"article:author\" content=\"https:\/\/www.facebook.com\/thalesbrandao\" \/>\n<meta property=\"article:published_time\" content=\"2019-03-28T01:42:42+00:00\" \/>\n<meta property=\"article:modified_time\" content=\"2019-03-28T01:46:32+00:00\" \/>\n<meta property=\"og:image\" content=\"https:\/\/www.cidademarketing.com.br\/marketing\/wp-content\/uploads\/2019\/03\/ministrodaeducacao_velez.jpg\" \/>\n\t<meta property=\"og:image:width\" content=\"1078\" \/>\n\t<meta property=\"og:image:height\" content=\"557\" \/>\n\t<meta property=\"og:image:type\" content=\"image\/jpeg\" \/>\n<meta name=\"author\" content=\"Thales Brand\u00e3o\" \/>\n<meta name=\"twitter:card\" content=\"summary_large_image\" \/>\n<meta name=\"twitter:creator\" content=\"@http:\/\/www.twitter.com\/thalesbrandao\" \/>\n<meta name=\"twitter:site\" content=\"@CidadeMarketing\" \/>\n<meta name=\"twitter:label1\" content=\"Escrito por\" \/>\n\t<meta name=\"twitter:data1\" content=\"Thales Brand\u00e3o\" \/>\n\t<meta name=\"twitter:label2\" content=\"Est. tempo de leitura\" \/>\n\t<meta name=\"twitter:data2\" content=\"1 minuto\" \/>\n<script type=\"application\/ld+json\" class=\"yoast-schema-graph\">{\"@context\":\"https:\\\/\\\/schema.org\",\"@graph\":[{\"@type\":\"Article\",\"@id\":\"https:\\\/\\\/www.cidademarketing.com.br\\\/marketing\\\/2019\\\/03\\\/27\\\/fake-news-jair-bolsonaro-desmente-jornalista-que-afirmou-demissao-do-ministro-da-educacao-ricardo-velez-rodrigues\\\/#article\",\"isPartOf\":{\"@id\":\"https:\\\/\\\/www.cidademarketing.com.br\\\/marketing\\\/2019\\\/03\\\/27\\\/fake-news-jair-bolsonaro-desmente-jornalista-que-afirmou-demissao-do-ministro-da-educacao-ricardo-velez-rodrigues\\\/\"},\"author\":{\"name\":\"Thales Brand\u00e3o\",\"@id\":\"https:\\\/\\\/www.cidademarketing.com.br\\\/marketing\\\/#\\\/schema\\\/person\\\/02daff9f18bd9378c9e01eb6b2db155f\"},\"headline\":\"Fake News: Jair Bolsonaro desmente jornalista que afirmou demiss\u00e3o do Ministro da Educa\u00e7\u00e3o, Ricardo V\u00e9lez Rodrigues\",\"datePublished\":\"2019-03-28T01:42:42+00:00\",\"dateModified\":\"2019-03-28T01:46:32+00:00\",\"mainEntityOfPage\":{\"@id\":\"https:\\\/\\\/www.cidademarketing.com.br\\\/marketing\\\/2019\\\/03\\\/27\\\/fake-news-jair-bolsonaro-desmente-jornalista-que-afirmou-demissao-do-ministro-da-educacao-ricardo-velez-rodrigues\\\/\"},\"wordCount\":139,\"commentCount\":0,\"publisher\":{\"@id\":\"https:\\\/\\\/www.cidademarketing.com.br\\\/marketing\\\/#organization\"},\"image\":{\"@id\":\"https:\\\/\\\/www.cidademarketing.com.br\\\/marketing\\\/2019\\\/03\\\/27\\\/fake-news-jair-bolsonaro-desmente-jornalista-que-afirmou-demissao-do-ministro-da-educacao-ricardo-velez-rodrigues\\\/#primaryimage\"},\"thumbnailUrl\":\"https:\\\/\\\/www.cidademarketing.com.br\\\/marketing\\\/wp-content\\\/uploads\\\/2019\\\/03\\\/ministrodaeducacao_velez.jpg\",\"keywords\":[\"estrat\u00e9gia\",\"GloboNews\",\"jornalista\"],\"articleSection\":[\"Not\u00edcias\"],\"inLanguage\":\"pt-BR\",\"potentialAction\":[{\"@type\":\"CommentAction\",\"name\":\"Comment\",\"target\":[\"https:\\\/\\\/www.cidademarketing.com.br\\\/marketing\\\/2019\\\/03\\\/27\\\/fake-news-jair-bolsonaro-desmente-jornalista-que-afirmou-demissao-do-ministro-da-educacao-ricardo-velez-rodrigues\\\/#respond\"]}]},{\"@type\":\"WebPage\",\"@id\":\"https:\\\/\\\/www.cidademarketing.com.br\\\/marketing\\\/2019\\\/03\\\/27\\\/fake-news-jair-bolsonaro-desmente-jornalista-que-afirmou-demissao-do-ministro-da-educacao-ricardo-velez-rodrigues\\\/\",\"url\":\"https:\\\/\\\/www.cidademarketing.com.br\\\/marketing\\\/2019\\\/03\\\/27\\\/fake-news-jair-bolsonaro-desmente-jornalista-que-afirmou-demissao-do-ministro-da-educacao-ricardo-velez-rodrigues\\\/\",\"name\":\"Fake News: Jair Bolsonaro desmente jornalista que afirmou demiss\u00e3o do Ministro da Educa\u00e7\u00e3o, Ricardo V\u00e9lez Rodrigues - CidadeMarketing\",\"isPartOf\":{\"@id\":\"https:\\\/\\\/www.cidademarketing.com.br\\\/marketing\\\/#website\"},\"primaryImageOfPage\":{\"@id\":\"https:\\\/\\\/www.cidademarketing.com.br\\\/marketing\\\/2019\\\/03\\\/27\\\/fake-news-jair-bolsonaro-desmente-jornalista-que-afirmou-demissao-do-ministro-da-educacao-ricardo-velez-rodrigues\\\/#primaryimage\"},\"image\":{\"@id\":\"https:\\\/\\\/www.cidademarketing.com.br\\\/marketing\\\/2019\\\/03\\\/27\\\/fake-news-jair-bolsonaro-desmente-jornalista-que-afirmou-demissao-do-ministro-da-educacao-ricardo-velez-rodrigues\\\/#primaryimage\"},\"thumbnailUrl\":\"https:\\\/\\\/www.cidademarketing.com.br\\\/marketing\\\/wp-content\\\/uploads\\\/2019\\\/03\\\/ministrodaeducacao_velez.jpg\",\"datePublished\":\"2019-03-28T01:42:42+00:00\",\"dateModified\":\"2019-03-28T01:46:32+00:00\",\"breadcrumb\":{\"@id\":\"https:\\\/\\\/www.cidademarketing.com.br\\\/marketing\\\/2019\\\/03\\\/27\\\/fake-news-jair-bolsonaro-desmente-jornalista-que-afirmou-demissao-do-ministro-da-educacao-ricardo-velez-rodrigues\\\/#breadcrumb\"},\"inLanguage\":\"pt-BR\",\"potentialAction\":[{\"@type\":\"ReadAction\",\"target\":[\"https:\\\/\\\/www.cidademarketing.com.br\\\/marketing\\\/2019\\\/03\\\/27\\\/fake-news-jair-bolsonaro-desmente-jornalista-que-afirmou-demissao-do-ministro-da-educacao-ricardo-velez-rodrigues\\\/\"]}]},{\"@type\":\"ImageObject\",\"inLanguage\":\"pt-BR\",\"@id\":\"https:\\\/\\\/www.cidademarketing.com.br\\\/marketing\\\/2019\\\/03\\\/27\\\/fake-news-jair-bolsonaro-desmente-jornalista-que-afirmou-demissao-do-ministro-da-educacao-ricardo-velez-rodrigues\\\/#primaryimage\",\"url\":\"https:\\\/\\\/www.cidademarketing.com.br\\\/marketing\\\/wp-content\\\/uploads\\\/2019\\\/03\\\/ministrodaeducacao_velez.jpg\",\"contentUrl\":\"https:\\\/\\\/www.cidademarketing.com.br\\\/marketing\\\/wp-content\\\/uploads\\\/2019\\\/03\\\/ministrodaeducacao_velez.jpg\",\"width\":1078,\"height\":557,\"caption\":\"Reprodu\u00e7\u00e3o\\\/MEC\"},{\"@type\":\"BreadcrumbList\",\"@id\":\"https:\\\/\\\/www.cidademarketing.com.br\\\/marketing\\\/2019\\\/03\\\/27\\\/fake-news-jair-bolsonaro-desmente-jornalista-que-afirmou-demissao-do-ministro-da-educacao-ricardo-velez-rodrigues\\\/#breadcrumb\",\"itemListElement\":[{\"@type\":\"ListItem\",\"position\":1,\"name\":\"In\u00edcio\",\"item\":\"https:\\\/\\\/www.cidademarketing.com.br\\\/marketing\\\/\"},{\"@type\":\"ListItem\",\"position\":2,\"name\":\"Fake News: Jair Bolsonaro desmente jornalista que afirmou demiss\u00e3o do Ministro da Educa\u00e7\u00e3o, Ricardo V\u00e9lez Rodrigues\"}]},{\"@type\":\"WebSite\",\"@id\":\"https:\\\/\\\/www.cidademarketing.com.br\\\/marketing\\\/#website\",\"url\":\"https:\\\/\\\/www.cidademarketing.com.br\\\/marketing\\\/\",\"name\":\"CidadeMarketing\",\"description\":\"Somos um ve\u00edculo de comunica\u00e7\u00e3o de destaque no Brasil, reconhecido por conte\u00fados nos segmentos de marketing, empreendedorismo e inova\u00e7\u00e3o.\",\"publisher\":{\"@id\":\"https:\\\/\\\/www.cidademarketing.com.br\\\/marketing\\\/#organization\"},\"alternateName\":\"CidadeMarketing\",\"potentialAction\":[{\"@type\":\"SearchAction\",\"target\":{\"@type\":\"EntryPoint\",\"urlTemplate\":\"https:\\\/\\\/www.cidademarketing.com.br\\\/marketing\\\/?s={search_term_string}\"},\"query-input\":{\"@type\":\"PropertyValueSpecification\",\"valueRequired\":true,\"valueName\":\"search_term_string\"}}],\"inLanguage\":\"pt-BR\"},{\"@type\":\"Organization\",\"@id\":\"https:\\\/\\\/www.cidademarketing.com.br\\\/marketing\\\/#organization\",\"name\":\"CidadeMarketing\",\"alternateName\":\"CidadeMarketing\",\"url\":\"https:\\\/\\\/www.cidademarketing.com.br\\\/marketing\\\/\",\"logo\":{\"@type\":\"ImageObject\",\"inLanguage\":\"pt-BR\",\"@id\":\"https:\\\/\\\/www.cidademarketing.com.br\\\/marketing\\\/#\\\/schema\\\/logo\\\/image\\\/\",\"url\":\"https:\\\/\\\/www.cidademarketing.com.br\\\/marketing\\\/wp-content\\\/uploads\\\/2020\\\/01\\\/cidademarketing_marca_mobile.png\",\"contentUrl\":\"https:\\\/\\\/www.cidademarketing.com.br\\\/marketing\\\/wp-content\\\/uploads\\\/2020\\\/01\\\/cidademarketing_marca_mobile.png\",\"width\":230,\"height\":92,\"caption\":\"CidadeMarketing\"},\"image\":{\"@id\":\"https:\\\/\\\/www.cidademarketing.com.br\\\/marketing\\\/#\\\/schema\\\/logo\\\/image\\\/\"},\"sameAs\":[\"https:\\\/\\\/www.facebook.com\\\/portalcidademarketing\",\"https:\\\/\\\/x.com\\\/CidadeMarketing\",\"https:\\\/\\\/www.instagram.com\\\/cidademarketing\\\/\"]},{\"@type\":\"Person\",\"@id\":\"https:\\\/\\\/www.cidademarketing.com.br\\\/marketing\\\/#\\\/schema\\\/person\\\/02daff9f18bd9378c9e01eb6b2db155f\",\"name\":\"Thales Brand\u00e3o\",\"image\":{\"@type\":\"ImageObject\",\"inLanguage\":\"pt-BR\",\"@id\":\"https:\\\/\\\/secure.gravatar.com\\\/avatar\\\/7ca3206950207cc3cb48feec56a8a7898741ab725c368d99d5d7a5a50aab80c6?s=96&d=mm&r=g\",\"url\":\"https:\\\/\\\/secure.gravatar.com\\\/avatar\\\/7ca3206950207cc3cb48feec56a8a7898741ab725c368d99d5d7a5a50aab80c6?s=96&d=mm&r=g\",\"contentUrl\":\"https:\\\/\\\/secure.gravatar.com\\\/avatar\\\/7ca3206950207cc3cb48feec56a8a7898741ab725c368d99d5d7a5a50aab80c6?s=96&d=mm&r=g\",\"caption\":\"Thales Brand\u00e3o\"},\"description\":\"Editor Executivo do Portal CidadeMarketing.com.br &gt; Mestre em Comunica\u00e7\u00e3o e Sociedade pela Universidade Federal de Sergipe. Possui MBA Executivo em Administra\u00e7\u00e3o com \u00eanfase em Marketing pela Funda\u00e7\u00e3o Get\u00falio Vargas - Rio de Janeiro. Consultor, Palestrante e Pesquisador sobre Empreendedorismo, Marketing, Redes Sociais e Neg\u00f3cios Digitais. Professor, Palestrante TedxTalks e Campus Party. Twitter: @ThalesBrandao\",\"sameAs\":[\"http:\\\/\\\/www.mandacaru.com.br\",\"https:\\\/\\\/www.facebook.com\\\/thalesbrandao\",\"http:\\\/\\\/www.instagram.com.br\\\/thalesbrandaoferreira\",\"https:\\\/\\\/www.linkedin.com\\\/in\\\/thales-brand\u00e3o-3948609\\\/\",\"https:\\\/\\\/x.com\\\/http:\\\/\\\/www.twitter.com\\\/thalesbrandao\"],\"url\":\"https:\\\/\\\/www.cidademarketing.com.br\\\/marketing\\\/author\\\/thalesbrandao\\\/\"}]}<\/script>\n<!-- \/ Yoast SEO plugin. -->","yoast_head_json":{"title":"Fake News: Jair Bolsonaro desmente jornalista que afirmou demiss\u00e3o do Ministro da Educa\u00e7\u00e3o, Ricardo V\u00e9lez Rodrigues - CidadeMarketing","robots":{"index":"index","follow":"follow","max-snippet":"max-snippet:-1","max-image-preview":"max-image-preview:large","max-video-preview":"max-video-preview:-1"},"canonical":"https:\/\/www.cidademarketing.com.br\/marketing\/2019\/03\/27\/fake-news-jair-bolsonaro-desmente-jornalista-que-afirmou-demissao-do-ministro-da-educacao-ricardo-velez-rodrigues\/","og_locale":"pt_BR","og_type":"article","og_title":"Fake News: Jair Bolsonaro desmente jornalista que afirmou demiss\u00e3o do Ministro da Educa\u00e7\u00e3o, Ricardo V\u00e9lez Rodrigues - CidadeMarketing","og_description":"O presidente Jair Bolsonaro desmentiu a not\u00edcia publicada pela GloboNews atrav\u00e9s da jornalista Eliane Cantanh\u00eade pelo Twitter. Segundo a Jornalista, o presidente Jair Bolsonardo teria decidido demitir o ministro da educa\u00e7\u00e3o. Em nota pelo Twitter, o presidente afirmou que sofre diariamente not\u00edcias falsas e que o seu compromisso \u00e9 com os brasileiros, com o Brasil. [&hellip;]","og_url":"https:\/\/www.cidademarketing.com.br\/marketing\/2019\/03\/27\/fake-news-jair-bolsonaro-desmente-jornalista-que-afirmou-demissao-do-ministro-da-educacao-ricardo-velez-rodrigues\/","og_site_name":"CidadeMarketing","article_publisher":"https:\/\/www.facebook.com\/portalcidademarketing","article_author":"https:\/\/www.facebook.com\/thalesbrandao","article_published_time":"2019-03-28T01:42:42+00:00","article_modified_time":"2019-03-28T01:46:32+00:00","og_image":[{"width":1078,"height":557,"url":"https:\/\/www.cidademarketing.com.br\/marketing\/wp-content\/uploads\/2019\/03\/ministrodaeducacao_velez.jpg","type":"image\/jpeg"}],"author":"Thales Brand\u00e3o","twitter_card":"summary_large_image","twitter_creator":"@http:\/\/www.twitter.com\/thalesbrandao","twitter_site":"@CidadeMarketing","twitter_misc":{"Escrito por":"Thales Brand\u00e3o","Est. tempo de leitura":"1 minuto"},"schema":{"@context":"https:\/\/schema.org","@graph":[{"@type":"Article","@id":"https:\/\/www.cidademarketing.com.br\/marketing\/2019\/03\/27\/fake-news-jair-bolsonaro-desmente-jornalista-que-afirmou-demissao-do-ministro-da-educacao-ricardo-velez-rodrigues\/#article","isPartOf":{"@id":"https:\/\/www.cidademarketing.com.br\/marketing\/2019\/03\/27\/fake-news-jair-bolsonaro-desmente-jornalista-que-afirmou-demissao-do-ministro-da-educacao-ricardo-velez-rodrigues\/"},"author":{"name":"Thales Brand\u00e3o","@id":"https:\/\/www.cidademarketing.com.br\/marketing\/#\/schema\/person\/02daff9f18bd9378c9e01eb6b2db155f"},"headline":"Fake News: Jair Bolsonaro desmente jornalista que afirmou demiss\u00e3o do Ministro da Educa\u00e7\u00e3o, Ricardo V\u00e9lez Rodrigues","datePublished":"2019-03-28T01:42:42+00:00","dateModified":"2019-03-28T01:46:32+00:00","mainEntityOfPage":{"@id":"https:\/\/www.cidademarketing.com.br\/marketing\/2019\/03\/27\/fake-news-jair-bolsonaro-desmente-jornalista-que-afirmou-demissao-do-ministro-da-educacao-ricardo-velez-rodrigues\/"},"wordCount":139,"commentCount":0,"publisher":{"@id":"https:\/\/www.cidademarketing.com.br\/marketing\/#organization"},"image":{"@id":"https:\/\/www.cidademarketing.com.br\/marketing\/2019\/03\/27\/fake-news-jair-bolsonaro-desmente-jornalista-que-afirmou-demissao-do-ministro-da-educacao-ricardo-velez-rodrigues\/#primaryimage"},"thumbnailUrl":"https:\/\/www.cidademarketing.com.br\/marketing\/wp-content\/uploads\/2019\/03\/ministrodaeducacao_velez.jpg","keywords":["estrat\u00e9gia","GloboNews","jornalista"],"articleSection":["Not\u00edcias"],"inLanguage":"pt-BR","potentialAction":[{"@type":"CommentAction","name":"Comment","target":["https:\/\/www.cidademarketing.com.br\/marketing\/2019\/03\/27\/fake-news-jair-bolsonaro-desmente-jornalista-que-afirmou-demissao-do-ministro-da-educacao-ricardo-velez-rodrigues\/#respond"]}]},{"@type":"WebPage","@id":"https:\/\/www.cidademarketing.com.br\/marketing\/2019\/03\/27\/fake-news-jair-bolsonaro-desmente-jornalista-que-afirmou-demissao-do-ministro-da-educacao-ricardo-velez-rodrigues\/","url":"https:\/\/www.cidademarketing.com.br\/marketing\/2019\/03\/27\/fake-news-jair-bolsonaro-desmente-jornalista-que-afirmou-demissao-do-ministro-da-educacao-ricardo-velez-rodrigues\/","name":"Fake News: Jair Bolsonaro desmente jornalista que afirmou demiss\u00e3o do Ministro da Educa\u00e7\u00e3o, Ricardo V\u00e9lez Rodrigues - CidadeMarketing","isPartOf":{"@id":"https:\/\/www.cidademarketing.com.br\/marketing\/#website"},"primaryImageOfPage":{"@id":"https:\/\/www.cidademarketing.com.br\/marketing\/2019\/03\/27\/fake-news-jair-bolsonaro-desmente-jornalista-que-afirmou-demissao-do-ministro-da-educacao-ricardo-velez-rodrigues\/#primaryimage"},"image":{"@id":"https:\/\/www.cidademarketing.com.br\/marketing\/2019\/03\/27\/fake-news-jair-bolsonaro-desmente-jornalista-que-afirmou-demissao-do-ministro-da-educacao-ricardo-velez-rodrigues\/#primaryimage"},"thumbnailUrl":"https:\/\/www.cidademarketing.com.br\/marketing\/wp-content\/uploads\/2019\/03\/ministrodaeducacao_velez.jpg","datePublished":"2019-03-28T01:42:42+00:00","dateModified":"2019-03-28T01:46:32+00:00","breadcrumb":{"@id":"https:\/\/www.cidademarketing.com.br\/marketing\/2019\/03\/27\/fake-news-jair-bolsonaro-desmente-jornalista-que-afirmou-demissao-do-ministro-da-educacao-ricardo-velez-rodrigues\/#breadcrumb"},"inLanguage":"pt-BR","potentialAction":[{"@type":"ReadAction","target":["https:\/\/www.cidademarketing.com.br\/marketing\/2019\/03\/27\/fake-news-jair-bolsonaro-desmente-jornalista-que-afirmou-demissao-do-ministro-da-educacao-ricardo-velez-rodrigues\/"]}]},{"@type":"ImageObject","inLanguage":"pt-BR","@id":"https:\/\/www.cidademarketing.com.br\/marketing\/2019\/03\/27\/fake-news-jair-bolsonaro-desmente-jornalista-que-afirmou-demissao-do-ministro-da-educacao-ricardo-velez-rodrigues\/#primaryimage","url":"https:\/\/www.cidademarketing.com.br\/marketing\/wp-content\/uploads\/2019\/03\/ministrodaeducacao_velez.jpg","contentUrl":"https:\/\/www.cidademarketing.com.br\/marketing\/wp-content\/uploads\/2019\/03\/ministrodaeducacao_velez.jpg","width":1078,"height":557,"caption":"Reprodu\u00e7\u00e3o\/MEC"},{"@type":"BreadcrumbList","@id":"https:\/\/www.cidademarketing.com.br\/marketing\/2019\/03\/27\/fake-news-jair-bolsonaro-desmente-jornalista-que-afirmou-demissao-do-ministro-da-educacao-ricardo-velez-rodrigues\/#breadcrumb","itemListElement":[{"@type":"ListItem","position":1,"name":"In\u00edcio","item":"https:\/\/www.cidademarketing.com.br\/marketing\/"},{"@type":"ListItem","position":2,"name":"Fake News: Jair Bolsonaro desmente jornalista que afirmou demiss\u00e3o do Ministro da Educa\u00e7\u00e3o, Ricardo V\u00e9lez Rodrigues"}]},{"@type":"WebSite","@id":"https:\/\/www.cidademarketing.com.br\/marketing\/#website","url":"https:\/\/www.cidademarketing.com.br\/marketing\/","name":"CidadeMarketing","description":"Somos um ve\u00edculo de comunica\u00e7\u00e3o de destaque no Brasil, reconhecido por conte\u00fados nos segmentos de marketing, empreendedorismo e inova\u00e7\u00e3o.","publisher":{"@id":"https:\/\/www.cidademarketing.com.br\/marketing\/#organization"},"alternateName":"CidadeMarketing","potentialAction":[{"@type":"SearchAction","target":{"@type":"EntryPoint","urlTemplate":"https:\/\/www.cidademarketing.com.br\/marketing\/?s={search_term_string}"},"query-input":{"@type":"PropertyValueSpecification","valueRequired":true,"valueName":"search_term_string"}}],"inLanguage":"pt-BR"},{"@type":"Organization","@id":"https:\/\/www.cidademarketing.com.br\/marketing\/#organization","name":"CidadeMarketing","alternateName":"CidadeMarketing","url":"https:\/\/www.cidademarketing.com.br\/marketing\/","logo":{"@type":"ImageObject","inLanguage":"pt-BR","@id":"https:\/\/www.cidademarketing.com.br\/marketing\/#\/schema\/logo\/image\/","url":"https:\/\/www.cidademarketing.com.br\/marketing\/wp-content\/uploads\/2020\/01\/cidademarketing_marca_mobile.png","contentUrl":"https:\/\/www.cidademarketing.com.br\/marketing\/wp-content\/uploads\/2020\/01\/cidademarketing_marca_mobile.png","width":230,"height":92,"caption":"CidadeMarketing"},"image":{"@id":"https:\/\/www.cidademarketing.com.br\/marketing\/#\/schema\/logo\/image\/"},"sameAs":["https:\/\/www.facebook.com\/portalcidademarketing","https:\/\/x.com\/CidadeMarketing","https:\/\/www.instagram.com\/cidademarketing\/"]},{"@type":"Person","@id":"https:\/\/www.cidademarketing.com.br\/marketing\/#\/schema\/person\/02daff9f18bd9378c9e01eb6b2db155f","name":"Thales Brand\u00e3o","image":{"@type":"ImageObject","inLanguage":"pt-BR","@id":"https:\/\/secure.gravatar.com\/avatar\/7ca3206950207cc3cb48feec56a8a7898741ab725c368d99d5d7a5a50aab80c6?s=96&d=mm&r=g","url":"https:\/\/secure.gravatar.com\/avatar\/7ca3206950207cc3cb48feec56a8a7898741ab725c368d99d5d7a5a50aab80c6?s=96&d=mm&r=g","contentUrl":"https:\/\/secure.gravatar.com\/avatar\/7ca3206950207cc3cb48feec56a8a7898741ab725c368d99d5d7a5a50aab80c6?s=96&d=mm&r=g","caption":"Thales Brand\u00e3o"},"description":"Editor Executivo do Portal CidadeMarketing.com.br &gt; Mestre em Comunica\u00e7\u00e3o e Sociedade pela Universidade Federal de Sergipe. Possui MBA Executivo em Administra\u00e7\u00e3o com \u00eanfase em Marketing pela Funda\u00e7\u00e3o Get\u00falio Vargas - Rio de Janeiro. Consultor, Palestrante e Pesquisador sobre Empreendedorismo, Marketing, Redes Sociais e Neg\u00f3cios Digitais. Professor, Palestrante TedxTalks e Campus Party. Twitter: @ThalesBrandao","sameAs":["http:\/\/www.mandacaru.com.br","https:\/\/www.facebook.com\/thalesbrandao","http:\/\/www.instagram.com.br\/thalesbrandaoferreira","https:\/\/www.linkedin.com\/in\/thales-brand\u00e3o-3948609\/","https:\/\/x.com\/http:\/\/www.twitter.com\/thalesbrandao"],"url":"https:\/\/www.cidademarketing.com.br\/marketing\/author\/thalesbrandao\/"}]}},"amp_enabled":true,"_links":{"self":[{"href":"https:\/\/www.cidademarketing.com.br\/marketing\/wp-json\/wp\/v2\/posts\/7234","targetHints":{"allow":["GET"]}}],"collection":[{"href":"https:\/\/www.cidademarketing.com.br\/marketing\/wp-json\/wp\/v2\/posts"}],"about":[{"href":"https:\/\/www.cidademarketing.com.br\/marketing\/wp-json\/wp\/v2\/types\/post"}],"author":[{"embeddable":true,"href":"https:\/\/www.cidademarketing.com.br\/marketing\/wp-json\/wp\/v2\/users\/1"}],"replies":[{"embeddable":true,"href":"https:\/\/www.cidademarketing.com.br\/marketing\/wp-json\/wp\/v2\/comments?post=7234"}],"version-history":[{"count":3,"href":"https:\/\/www.cidademarketing.com.br\/marketing\/wp-json\/wp\/v2\/posts\/7234\/revisions"}],"predecessor-version":[{"id":7237,"href":"https:\/\/www.cidademarketing.com.br\/marketing\/wp-json\/wp\/v2\/posts\/7234\/revisions\/7237"}],"wp:featuredmedia":[{"embeddable":true,"href":"https:\/\/www.cidademarketing.com.br\/marketing\/wp-json\/wp\/v2\/media\/7232"}],"wp:attachment":[{"href":"https:\/\/www.cidademarketing.com.br\/marketing\/wp-json\/wp\/v2\/media?parent=7234"}],"wp:term":[{"taxonomy":"category","embeddable":true,"href":"https:\/\/www.cidademarketing.com.br\/marketing\/wp-json\/wp\/v2\/categories?post=7234"},{"taxonomy":"post_tag","embeddable":true,"href":"https:\/\/www.cidademarketing.com.br\/marketing\/wp-json\/wp\/v2\/tags?post=7234"}],"curies":[{"name":"wp","href":"https:\/\/api.w.org\/{rel}","templated":true}]}}