{"id":7201,"date":"2019-03-26T14:57:26","date_gmt":"2019-03-26T17:57:26","guid":{"rendered":"http:\/\/www.cidademarketing.com.br\/marketing\/?p=7201"},"modified":"2019-03-26T14:57:29","modified_gmt":"2019-03-26T17:57:29","slug":"volkswagen-lanca-mais-dois-episodios-da-webserie-a-colecao","status":"publish","type":"post","link":"https:\/\/www.cidademarketing.com.br\/marketing\/2019\/03\/26\/volkswagen-lanca-mais-dois-episodios-da-webserie-a-colecao\/","title":{"rendered":"Volkswagen lan\u00e7a mais dois epis\u00f3dios da webs\u00e9rie &#8220;A Cole\u00e7\u00e3o&#8221;"},"content":{"rendered":"\n<p>Nos cap\u00edtulos 3 e 4, M\u00e1rio e Milena, j\u00e1 integrados na intelig\u00eancia da pol\u00edcia, conseguem chegar mais perto de desvendar o mist\u00e9rio que envolve o T-Cross <br> Uma pista dentro da cole\u00e7\u00e3o de carros de Miranda pode incrimin\u00e1-la <br> Fred \u00e9 cada vez mais importante para toda a investiga\u00e7\u00e3o<br> <\/p>\n\n\n\n<figure class=\"wp-block-embed-youtube wp-block-embed is-type-video is-provider-youtube wp-embed-aspect-16-9 wp-has-aspect-ratio\"><div class=\"wp-block-embed__wrapper\">\n<div class=\"youtube-embed\" data-video_id=\"k0S9SOwmdxY\"><iframe title=\"Epis\u00f3dio 3 | S\u00e9rie A Cole\u00e7\u00e3o | VWBrasil\" width=\"640\" height=\"360\" src=\"https:\/\/www.youtube.com\/embed\/k0S9SOwmdxY?feature=oembed&#038;enablejsapi=1&#038;enablejsapi=1\" frameborder=\"0\" allow=\"accelerometer; autoplay; clipboard-write; encrypted-media; gyroscope; picture-in-picture; web-share\" referrerpolicy=\"strict-origin-when-cross-origin\" allowfullscreen><\/iframe><\/div>\n<\/div><\/figure>\n\n\n\n<figure class=\"wp-block-embed-youtube wp-block-embed is-type-video is-provider-youtube wp-embed-aspect-16-9 wp-has-aspect-ratio\"><div class=\"wp-block-embed__wrapper\">\n<div class=\"youtube-embed\" data-video_id=\"wQzPysvZNnc\"><iframe title=\"Epis\u00f3dio 4 | A Cole\u00e7\u00e3o | VWBrasil\" width=\"640\" height=\"360\" src=\"https:\/\/www.youtube.com\/embed\/wQzPysvZNnc?feature=oembed&#038;enablejsapi=1&#038;enablejsapi=1\" frameborder=\"0\" allow=\"accelerometer; autoplay; clipboard-write; encrypted-media; gyroscope; picture-in-picture; web-share\" referrerpolicy=\"strict-origin-when-cross-origin\" allowfullscreen><\/iframe><\/div>\n<\/div><\/figure>\n\n\n\n<p>Nos novos epis\u00f3dios de \u201cA Cole\u00e7\u00e3o\u201d, M\u00e1rio e Milena descobrem, em um leil\u00e3o de carros, que um dos suspeitos \u00e9 tio de Fred. Disfar\u00e7ados de jornalistas, conseguem se infiltrar tamb\u00e9m na mans\u00e3o da colecionadora Miranda, onde descobrem pistas curiosas e se aproximam de fontes importantes para avan\u00e7ar na investiga\u00e7\u00e3o.<br> <br> \u201cA Cole\u00e7\u00e3o\u201d \u00e9 a segunda s\u00e9rie original lan\u00e7ada pela Volkswagen para apresentar novos modelos de sua linha de produtos. O enredo da trama gira em torno do mist\u00e9rio do desaparecimento do novo T-Cross durante evento mundial da marca. Os personagens M\u00e1rio e Milena, protagonistas da \u201c01.09\u201d, primeira s\u00e9rie da marca alusiva ao Polo, s\u00e3o novamente chamados para conduzir a investiga\u00e7\u00e3o. Com a ajuda do sempre parceiro Fred, um jornalista especializado em carros, eles buscam pistas para solucionar o enigma. <br> <br> Totalmente pensada para o lan\u00e7amento do T-Cross, a webs\u00e9rie explora a tecnologia presente nos modelos Volkswagen e veicula dois novos epis\u00f3dios no canal oficial da Marca no YouTube e no site https:\/\/acolecao.vw.com.br\/ a cada sexta-feira. Os primeiros cap\u00edtulos da webs\u00e9rie entraram no ar no dia 15 de mar\u00e7o e o epis\u00f3dio final vai ao ar no dia 5 de abril, somando oito epis\u00f3dios ao todo.<br> <br> A webs\u00e9rie tem cria\u00e7\u00e3o da AlmapBBDO, produ\u00e7\u00e3o da O2 Filmes e dire\u00e7\u00e3o de Marcus Alqueres, os mesmos nomes por tr\u00e1s de \u201c01.09\u201d. \u201cA Cole\u00e7\u00e3o\u201d integra a campanha de pr\u00e9-lan\u00e7amento do T-Cross, primeiro SUV produzido pela Volkswagen no Brasil, que chega ao mercado em abril. Lan\u00e7ada em 2018, a webs\u00e9rie\u201c01.09\u201d contou com audi\u00eancia de mais de 23 milh\u00f5es de visualiza\u00e7\u00f5es.<br> <br> Veja os epis\u00f3dios anteriores de \u201cA Cole\u00e7\u00e3o\u201d<\/p>\n\n\n\n<figure class=\"wp-block-embed-youtube wp-block-embed is-type-video is-provider-youtube wp-embed-aspect-16-9 wp-has-aspect-ratio\"><div class=\"wp-block-embed__wrapper\">\n<div class=\"youtube-embed\" data-video_id=\"6brIrhpPSf8\"><iframe title=\"Epis\u00f3dio 1 | S\u00e9rie A Cole\u00e7\u00e3o | VWBrasil\" width=\"640\" height=\"360\" src=\"https:\/\/www.youtube.com\/embed\/6brIrhpPSf8?feature=oembed&#038;enablejsapi=1&#038;enablejsapi=1\" frameborder=\"0\" allow=\"accelerometer; autoplay; clipboard-write; encrypted-media; gyroscope; picture-in-picture; web-share\" referrerpolicy=\"strict-origin-when-cross-origin\" allowfullscreen><\/iframe><\/div>\n<\/div><\/figure>\n\n\n\n<figure class=\"wp-block-embed-youtube wp-block-embed is-type-video is-provider-youtube wp-embed-aspect-16-9 wp-has-aspect-ratio\"><div class=\"wp-block-embed__wrapper\">\n<div class=\"youtube-embed\" data-video_id=\"2lX6wT3P1qM\"><iframe title=\"Epis\u00f3dio 2 | A Cole\u00e7\u00e3o | VWBrasil\" width=\"640\" height=\"360\" src=\"https:\/\/www.youtube.com\/embed\/2lX6wT3P1qM?start=5&#038;feature=oembed&#038;enablejsapi=1\" frameborder=\"0\" allow=\"accelerometer; autoplay; clipboard-write; encrypted-media; gyroscope; picture-in-picture; web-share\" referrerpolicy=\"strict-origin-when-cross-origin\" allowfullscreen><\/iframe><\/div>\n<\/div><\/figure>\n\n\n\n<p><br>  Conhe\u00e7a os 3 personagens principais de \u201cA Cole\u00e7\u00e3o\u201d<br> <br> M\u00c1RIO:<br> M\u00e1rio decidiu aceitar o desafio e entrar para a intelig\u00eancia da pol\u00edcia. Junto com Milena, sua parceira na temporada anterior, ele vai precisar desvendar seu primeiro caso e provar ao seu chefe que eles merecem estar ali. E, mais uma vez, vai contar com a ajuda de Fred, seu parceiro para todas as horas. Mas ser\u00e1 que ele vai conseguir controlar seu \u00edmpeto?<br> <br> MILENA:<br> Milena, que na temporada anterior era conhecida simplesmente como recruta \u201cCinco\u201d, tamb\u00e9m aceitou o desafio. Junto com M\u00e1rio, ela vai colocar sua perspic\u00e1cia a servi\u00e7o da intelig\u00eancia da pol\u00edcia. Al\u00e9m de procurar o T-Cross desaparecido, ela precisar\u00e1 convencer Fred a ajud\u00e1-los. Mas, agora, n\u00e3o se trata de um teste. \u00c9 a vida real, com perigos reais, que ela vai precisar enfrentar.<br> <br> FRED:<br> Fred \u00e9 um jornalista especializado em carros, mas a vida n\u00e3o anda muito boa na revista onde trabalha. Nesta temporada, ele depara-se com um dilema, que ser\u00e1 pe\u00e7a important\u00edssima para ajudar M\u00e1rio e Milena no caso que a dupla precisa resolver. Mas isso se ele topar ajudar, claro. Ser\u00e1 que ele vai entrar nessa com seus amigos?<br> <br> <br> <br> Ficha T\u00e9cnica<br> <br> Anunciante: Volkswagen<br> T\u00edtulo: S\u00e9rie A Cole\u00e7\u00e3o <br> Produto: T-Cross<br> CCO: Luiz Sanches<br> Diretor Executivo de Cria\u00e7\u00e3o: Andr\u00e9 Gola, Pernil, Bruno Prosperi<br> Cria\u00e7\u00e3o: Rodrigo Resende, Renato Butori<br> Cria\u00e7\u00e3o Social: Bruno Anibal, Giba Mendes<br> Produtora: O2 Filmes<br> Dire\u00e7\u00e3o: Marcus Alqueres<br> Produ\u00e7\u00e3o executiva: Rafael Fortes e Flavia Zanini<br> Dire\u00e7\u00e3o de fotografia: Andr\u00e9 Faccioli<br> Dire\u00e7\u00e3o de arte: Marcelo Reginato<br> Atendimento: Rejane Bicca, Luiz Braga, Rose Bichara e Mariela Costa<br> Montagem: Daniel Fiori, Pedro Andreta, Marcus Alqueres<br> P\u00f3s-produ\u00e7\u00e3o e finaliza\u00e7\u00e3o: O2 Filmes<br> Produ\u00e7\u00e3o de \u00c1udio: Punch \u00c1udio<br> Supervisor de som: Cristiano Pinheiro<br> Artista de foley: Mariano Alvarez<br> Editor de foley: Carla Cornea<br> Edi\u00e7\u00e3o de ambiente e efeitos: Mateus Polati<br> Edi\u00e7\u00e3o de di\u00e1logos e mixagem: Jimmy Gressller<br> Coordena\u00e7\u00e3o: Cristiane Oliveira, Karina Coviello<br> Produ\u00e7\u00e3o executiva: Lili D. Aragoni<br> Produtora social: Sweat<br> Gerente de projetos: Wagner Gomes<br> Produtora de tecnologia: Fillet<br> RTVC: Vera Jacinto, Diego Villas B\u00f4as, Rafael Miranda de Azevedo<br> Artbuyer: Tereza Setti, Ana Cecilia da Costa<br> Fot\u00f3grafo: Mauricio Nahas<br> Atendimento: Jos\u00e9 Lopes, Ana Beatriz Moreira Porto, Let\u00edcia Carvalho, Victh\u00f3ria Maria Azcuaga<br> Planejamento: Cintia Gon\u00e7alves, Sergio Katz, Marcus Freitas, Ana Beatriz Nunes<br> M\u00eddia: Fabio Urbanas, Dayane Manfrere Alves, Mayby Santos, Lucas Gilardino, Thiago Grassmann Gon\u00e7alves<br> Aprova\u00e7\u00e3o: Leandro Ramiro, Fabio Souza, Helena Bonesio, Marcos Mello, Marileide Negrini, Fernando Humayta, Roberta Wenceslau, Raffael Barreto<\/p>\n","protected":false},"excerpt":{"rendered":"<p>Nos cap\u00edtulos 3 e 4, M\u00e1rio e Milena, j\u00e1 integrados na intelig\u00eancia da pol\u00edcia, conseguem chegar mais perto de desvendar o mist\u00e9rio que envolve o T-Cross Uma pista dentro da cole\u00e7\u00e3o de carros de Miranda pode incrimin\u00e1-la Fred \u00e9 cada vez mais importante para toda a investiga\u00e7\u00e3o Nos novos epis\u00f3dios de \u201cA Cole\u00e7\u00e3o\u201d, M\u00e1rio e [&hellip;]<\/p>\n","protected":false},"author":1,"featured_media":7202,"comment_status":"open","ping_status":"open","sticky":false,"template":"","format":"standard","meta":{"tdm_status":"","tdm_grid_status":"","footnotes":""},"categories":[6],"tags":[65,33,237,193],"class_list":["post-7201","post","type-post","status-publish","format-standard","has-post-thumbnail","hentry","category-noticias","tag-campanha","tag-estrategia","tag-volks","tag-volkswagen"],"yoast_head":"<!-- This site is optimized with the Yoast SEO plugin v27.5 - https:\/\/yoast.com\/product\/yoast-seo-wordpress\/ -->\n<title>Volkswagen lan\u00e7a mais dois epis\u00f3dios da webs\u00e9rie &quot;A Cole\u00e7\u00e3o&quot; - CidadeMarketing<\/title>\n<meta name=\"robots\" content=\"index, follow, max-snippet:-1, max-image-preview:large, max-video-preview:-1\" \/>\n<link rel=\"canonical\" href=\"https:\/\/www.cidademarketing.com.br\/marketing\/2019\/03\/26\/volkswagen-lanca-mais-dois-episodios-da-webserie-a-colecao\/\" \/>\n<meta property=\"og:locale\" content=\"pt_BR\" \/>\n<meta property=\"og:type\" content=\"article\" \/>\n<meta property=\"og:title\" content=\"Volkswagen lan\u00e7a mais dois epis\u00f3dios da webs\u00e9rie &quot;A Cole\u00e7\u00e3o&quot; - CidadeMarketing\" \/>\n<meta property=\"og:description\" content=\"Nos cap\u00edtulos 3 e 4, M\u00e1rio e Milena, j\u00e1 integrados na intelig\u00eancia da pol\u00edcia, conseguem chegar mais perto de desvendar o mist\u00e9rio que envolve o T-Cross Uma pista dentro da cole\u00e7\u00e3o de carros de Miranda pode incrimin\u00e1-la Fred \u00e9 cada vez mais importante para toda a investiga\u00e7\u00e3o Nos novos epis\u00f3dios de \u201cA Cole\u00e7\u00e3o\u201d, M\u00e1rio e [&hellip;]\" \/>\n<meta property=\"og:url\" content=\"https:\/\/www.cidademarketing.com.br\/marketing\/2019\/03\/26\/volkswagen-lanca-mais-dois-episodios-da-webserie-a-colecao\/\" \/>\n<meta property=\"og:site_name\" content=\"CidadeMarketing\" \/>\n<meta property=\"article:publisher\" content=\"https:\/\/www.facebook.com\/portalcidademarketing\" \/>\n<meta property=\"article:author\" content=\"https:\/\/www.facebook.com\/thalesbrandao\" \/>\n<meta property=\"article:published_time\" content=\"2019-03-26T17:57:26+00:00\" \/>\n<meta property=\"article:modified_time\" content=\"2019-03-26T17:57:29+00:00\" \/>\n<meta property=\"og:image\" content=\"https:\/\/www.cidademarketing.com.br\/marketing\/wp-content\/uploads\/2019\/03\/volks_acolecao.jpg\" \/>\n\t<meta property=\"og:image:width\" content=\"1163\" \/>\n\t<meta property=\"og:image:height\" content=\"605\" \/>\n\t<meta property=\"og:image:type\" content=\"image\/jpeg\" \/>\n<meta name=\"author\" content=\"Thales Brand\u00e3o\" \/>\n<meta name=\"twitter:card\" content=\"summary_large_image\" \/>\n<meta name=\"twitter:creator\" content=\"@http:\/\/www.twitter.com\/thalesbrandao\" \/>\n<meta name=\"twitter:site\" content=\"@CidadeMarketing\" \/>\n<meta name=\"twitter:label1\" content=\"Escrito por\" \/>\n\t<meta name=\"twitter:data1\" content=\"Thales Brand\u00e3o\" \/>\n\t<meta name=\"twitter:label2\" content=\"Est. tempo de leitura\" \/>\n\t<meta name=\"twitter:data2\" content=\"4 minutos\" \/>\n<script type=\"application\/ld+json\" class=\"yoast-schema-graph\">{\"@context\":\"https:\\\/\\\/schema.org\",\"@graph\":[{\"@type\":\"Article\",\"@id\":\"https:\\\/\\\/www.cidademarketing.com.br\\\/marketing\\\/2019\\\/03\\\/26\\\/volkswagen-lanca-mais-dois-episodios-da-webserie-a-colecao\\\/#article\",\"isPartOf\":{\"@id\":\"https:\\\/\\\/www.cidademarketing.com.br\\\/marketing\\\/2019\\\/03\\\/26\\\/volkswagen-lanca-mais-dois-episodios-da-webserie-a-colecao\\\/\"},\"author\":{\"name\":\"Thales Brand\u00e3o\",\"@id\":\"https:\\\/\\\/www.cidademarketing.com.br\\\/marketing\\\/#\\\/schema\\\/person\\\/02daff9f18bd9378c9e01eb6b2db155f\"},\"headline\":\"Volkswagen lan\u00e7a mais dois epis\u00f3dios da webs\u00e9rie &#8220;A Cole\u00e7\u00e3o&#8221;\",\"datePublished\":\"2019-03-26T17:57:26+00:00\",\"dateModified\":\"2019-03-26T17:57:29+00:00\",\"mainEntityOfPage\":{\"@id\":\"https:\\\/\\\/www.cidademarketing.com.br\\\/marketing\\\/2019\\\/03\\\/26\\\/volkswagen-lanca-mais-dois-episodios-da-webserie-a-colecao\\\/\"},\"wordCount\":838,\"commentCount\":0,\"publisher\":{\"@id\":\"https:\\\/\\\/www.cidademarketing.com.br\\\/marketing\\\/#organization\"},\"image\":{\"@id\":\"https:\\\/\\\/www.cidademarketing.com.br\\\/marketing\\\/2019\\\/03\\\/26\\\/volkswagen-lanca-mais-dois-episodios-da-webserie-a-colecao\\\/#primaryimage\"},\"thumbnailUrl\":\"https:\\\/\\\/www.cidademarketing.com.br\\\/marketing\\\/wp-content\\\/uploads\\\/2019\\\/03\\\/volks_acolecao.jpg\",\"keywords\":[\"campanha\",\"estrat\u00e9gia\",\"Volks\",\"Volkswagen\"],\"articleSection\":[\"Not\u00edcias\"],\"inLanguage\":\"pt-BR\",\"potentialAction\":[{\"@type\":\"CommentAction\",\"name\":\"Comment\",\"target\":[\"https:\\\/\\\/www.cidademarketing.com.br\\\/marketing\\\/2019\\\/03\\\/26\\\/volkswagen-lanca-mais-dois-episodios-da-webserie-a-colecao\\\/#respond\"]}]},{\"@type\":\"WebPage\",\"@id\":\"https:\\\/\\\/www.cidademarketing.com.br\\\/marketing\\\/2019\\\/03\\\/26\\\/volkswagen-lanca-mais-dois-episodios-da-webserie-a-colecao\\\/\",\"url\":\"https:\\\/\\\/www.cidademarketing.com.br\\\/marketing\\\/2019\\\/03\\\/26\\\/volkswagen-lanca-mais-dois-episodios-da-webserie-a-colecao\\\/\",\"name\":\"Volkswagen lan\u00e7a mais dois epis\u00f3dios da webs\u00e9rie \\\"A Cole\u00e7\u00e3o\\\" - CidadeMarketing\",\"isPartOf\":{\"@id\":\"https:\\\/\\\/www.cidademarketing.com.br\\\/marketing\\\/#website\"},\"primaryImageOfPage\":{\"@id\":\"https:\\\/\\\/www.cidademarketing.com.br\\\/marketing\\\/2019\\\/03\\\/26\\\/volkswagen-lanca-mais-dois-episodios-da-webserie-a-colecao\\\/#primaryimage\"},\"image\":{\"@id\":\"https:\\\/\\\/www.cidademarketing.com.br\\\/marketing\\\/2019\\\/03\\\/26\\\/volkswagen-lanca-mais-dois-episodios-da-webserie-a-colecao\\\/#primaryimage\"},\"thumbnailUrl\":\"https:\\\/\\\/www.cidademarketing.com.br\\\/marketing\\\/wp-content\\\/uploads\\\/2019\\\/03\\\/volks_acolecao.jpg\",\"datePublished\":\"2019-03-26T17:57:26+00:00\",\"dateModified\":\"2019-03-26T17:57:29+00:00\",\"breadcrumb\":{\"@id\":\"https:\\\/\\\/www.cidademarketing.com.br\\\/marketing\\\/2019\\\/03\\\/26\\\/volkswagen-lanca-mais-dois-episodios-da-webserie-a-colecao\\\/#breadcrumb\"},\"inLanguage\":\"pt-BR\",\"potentialAction\":[{\"@type\":\"ReadAction\",\"target\":[\"https:\\\/\\\/www.cidademarketing.com.br\\\/marketing\\\/2019\\\/03\\\/26\\\/volkswagen-lanca-mais-dois-episodios-da-webserie-a-colecao\\\/\"]}]},{\"@type\":\"ImageObject\",\"inLanguage\":\"pt-BR\",\"@id\":\"https:\\\/\\\/www.cidademarketing.com.br\\\/marketing\\\/2019\\\/03\\\/26\\\/volkswagen-lanca-mais-dois-episodios-da-webserie-a-colecao\\\/#primaryimage\",\"url\":\"https:\\\/\\\/www.cidademarketing.com.br\\\/marketing\\\/wp-content\\\/uploads\\\/2019\\\/03\\\/volks_acolecao.jpg\",\"contentUrl\":\"https:\\\/\\\/www.cidademarketing.com.br\\\/marketing\\\/wp-content\\\/uploads\\\/2019\\\/03\\\/volks_acolecao.jpg\",\"width\":1163,\"height\":605,\"caption\":\"Divulga\u00e7\u00e3o\"},{\"@type\":\"BreadcrumbList\",\"@id\":\"https:\\\/\\\/www.cidademarketing.com.br\\\/marketing\\\/2019\\\/03\\\/26\\\/volkswagen-lanca-mais-dois-episodios-da-webserie-a-colecao\\\/#breadcrumb\",\"itemListElement\":[{\"@type\":\"ListItem\",\"position\":1,\"name\":\"In\u00edcio\",\"item\":\"https:\\\/\\\/www.cidademarketing.com.br\\\/marketing\\\/\"},{\"@type\":\"ListItem\",\"position\":2,\"name\":\"Volkswagen lan\u00e7a mais dois epis\u00f3dios da webs\u00e9rie &#8220;A Cole\u00e7\u00e3o&#8221;\"}]},{\"@type\":\"WebSite\",\"@id\":\"https:\\\/\\\/www.cidademarketing.com.br\\\/marketing\\\/#website\",\"url\":\"https:\\\/\\\/www.cidademarketing.com.br\\\/marketing\\\/\",\"name\":\"CidadeMarketing\",\"description\":\"Somos um ve\u00edculo de comunica\u00e7\u00e3o de destaque no Brasil, reconhecido por conte\u00fados nos segmentos de marketing, empreendedorismo e inova\u00e7\u00e3o.\",\"publisher\":{\"@id\":\"https:\\\/\\\/www.cidademarketing.com.br\\\/marketing\\\/#organization\"},\"alternateName\":\"CidadeMarketing\",\"potentialAction\":[{\"@type\":\"SearchAction\",\"target\":{\"@type\":\"EntryPoint\",\"urlTemplate\":\"https:\\\/\\\/www.cidademarketing.com.br\\\/marketing\\\/?s={search_term_string}\"},\"query-input\":{\"@type\":\"PropertyValueSpecification\",\"valueRequired\":true,\"valueName\":\"search_term_string\"}}],\"inLanguage\":\"pt-BR\"},{\"@type\":\"Organization\",\"@id\":\"https:\\\/\\\/www.cidademarketing.com.br\\\/marketing\\\/#organization\",\"name\":\"CidadeMarketing\",\"alternateName\":\"CidadeMarketing\",\"url\":\"https:\\\/\\\/www.cidademarketing.com.br\\\/marketing\\\/\",\"logo\":{\"@type\":\"ImageObject\",\"inLanguage\":\"pt-BR\",\"@id\":\"https:\\\/\\\/www.cidademarketing.com.br\\\/marketing\\\/#\\\/schema\\\/logo\\\/image\\\/\",\"url\":\"https:\\\/\\\/www.cidademarketing.com.br\\\/marketing\\\/wp-content\\\/uploads\\\/2020\\\/01\\\/cidademarketing_marca_mobile.png\",\"contentUrl\":\"https:\\\/\\\/www.cidademarketing.com.br\\\/marketing\\\/wp-content\\\/uploads\\\/2020\\\/01\\\/cidademarketing_marca_mobile.png\",\"width\":230,\"height\":92,\"caption\":\"CidadeMarketing\"},\"image\":{\"@id\":\"https:\\\/\\\/www.cidademarketing.com.br\\\/marketing\\\/#\\\/schema\\\/logo\\\/image\\\/\"},\"sameAs\":[\"https:\\\/\\\/www.facebook.com\\\/portalcidademarketing\",\"https:\\\/\\\/x.com\\\/CidadeMarketing\",\"https:\\\/\\\/www.instagram.com\\\/cidademarketing\\\/\"]},{\"@type\":\"Person\",\"@id\":\"https:\\\/\\\/www.cidademarketing.com.br\\\/marketing\\\/#\\\/schema\\\/person\\\/02daff9f18bd9378c9e01eb6b2db155f\",\"name\":\"Thales Brand\u00e3o\",\"image\":{\"@type\":\"ImageObject\",\"inLanguage\":\"pt-BR\",\"@id\":\"https:\\\/\\\/secure.gravatar.com\\\/avatar\\\/7ca3206950207cc3cb48feec56a8a7898741ab725c368d99d5d7a5a50aab80c6?s=96&d=mm&r=g\",\"url\":\"https:\\\/\\\/secure.gravatar.com\\\/avatar\\\/7ca3206950207cc3cb48feec56a8a7898741ab725c368d99d5d7a5a50aab80c6?s=96&d=mm&r=g\",\"contentUrl\":\"https:\\\/\\\/secure.gravatar.com\\\/avatar\\\/7ca3206950207cc3cb48feec56a8a7898741ab725c368d99d5d7a5a50aab80c6?s=96&d=mm&r=g\",\"caption\":\"Thales Brand\u00e3o\"},\"description\":\"Editor Executivo do Portal CidadeMarketing.com.br &gt; Mestre em Comunica\u00e7\u00e3o e Sociedade pela Universidade Federal de Sergipe. Possui MBA Executivo em Administra\u00e7\u00e3o com \u00eanfase em Marketing pela Funda\u00e7\u00e3o Get\u00falio Vargas - Rio de Janeiro. Consultor, Palestrante e Pesquisador sobre Empreendedorismo, Marketing, Redes Sociais e Neg\u00f3cios Digitais. Professor, Palestrante TedxTalks e Campus Party. Twitter: @ThalesBrandao\",\"sameAs\":[\"http:\\\/\\\/www.mandacaru.com.br\",\"https:\\\/\\\/www.facebook.com\\\/thalesbrandao\",\"http:\\\/\\\/www.instagram.com.br\\\/thalesbrandaoferreira\",\"https:\\\/\\\/www.linkedin.com\\\/in\\\/thales-brand\u00e3o-3948609\\\/\",\"https:\\\/\\\/x.com\\\/http:\\\/\\\/www.twitter.com\\\/thalesbrandao\"],\"url\":\"https:\\\/\\\/www.cidademarketing.com.br\\\/marketing\\\/author\\\/thalesbrandao\\\/\"}]}<\/script>\n<!-- \/ Yoast SEO plugin. -->","yoast_head_json":{"title":"Volkswagen lan\u00e7a mais dois epis\u00f3dios da webs\u00e9rie \"A Cole\u00e7\u00e3o\" - CidadeMarketing","robots":{"index":"index","follow":"follow","max-snippet":"max-snippet:-1","max-image-preview":"max-image-preview:large","max-video-preview":"max-video-preview:-1"},"canonical":"https:\/\/www.cidademarketing.com.br\/marketing\/2019\/03\/26\/volkswagen-lanca-mais-dois-episodios-da-webserie-a-colecao\/","og_locale":"pt_BR","og_type":"article","og_title":"Volkswagen lan\u00e7a mais dois epis\u00f3dios da webs\u00e9rie \"A Cole\u00e7\u00e3o\" - CidadeMarketing","og_description":"Nos cap\u00edtulos 3 e 4, M\u00e1rio e Milena, j\u00e1 integrados na intelig\u00eancia da pol\u00edcia, conseguem chegar mais perto de desvendar o mist\u00e9rio que envolve o T-Cross Uma pista dentro da cole\u00e7\u00e3o de carros de Miranda pode incrimin\u00e1-la Fred \u00e9 cada vez mais importante para toda a investiga\u00e7\u00e3o Nos novos epis\u00f3dios de \u201cA Cole\u00e7\u00e3o\u201d, M\u00e1rio e [&hellip;]","og_url":"https:\/\/www.cidademarketing.com.br\/marketing\/2019\/03\/26\/volkswagen-lanca-mais-dois-episodios-da-webserie-a-colecao\/","og_site_name":"CidadeMarketing","article_publisher":"https:\/\/www.facebook.com\/portalcidademarketing","article_author":"https:\/\/www.facebook.com\/thalesbrandao","article_published_time":"2019-03-26T17:57:26+00:00","article_modified_time":"2019-03-26T17:57:29+00:00","og_image":[{"width":1163,"height":605,"url":"https:\/\/www.cidademarketing.com.br\/marketing\/wp-content\/uploads\/2019\/03\/volks_acolecao.jpg","type":"image\/jpeg"}],"author":"Thales Brand\u00e3o","twitter_card":"summary_large_image","twitter_creator":"@http:\/\/www.twitter.com\/thalesbrandao","twitter_site":"@CidadeMarketing","twitter_misc":{"Escrito por":"Thales Brand\u00e3o","Est. tempo de leitura":"4 minutos"},"schema":{"@context":"https:\/\/schema.org","@graph":[{"@type":"Article","@id":"https:\/\/www.cidademarketing.com.br\/marketing\/2019\/03\/26\/volkswagen-lanca-mais-dois-episodios-da-webserie-a-colecao\/#article","isPartOf":{"@id":"https:\/\/www.cidademarketing.com.br\/marketing\/2019\/03\/26\/volkswagen-lanca-mais-dois-episodios-da-webserie-a-colecao\/"},"author":{"name":"Thales Brand\u00e3o","@id":"https:\/\/www.cidademarketing.com.br\/marketing\/#\/schema\/person\/02daff9f18bd9378c9e01eb6b2db155f"},"headline":"Volkswagen lan\u00e7a mais dois epis\u00f3dios da webs\u00e9rie &#8220;A Cole\u00e7\u00e3o&#8221;","datePublished":"2019-03-26T17:57:26+00:00","dateModified":"2019-03-26T17:57:29+00:00","mainEntityOfPage":{"@id":"https:\/\/www.cidademarketing.com.br\/marketing\/2019\/03\/26\/volkswagen-lanca-mais-dois-episodios-da-webserie-a-colecao\/"},"wordCount":838,"commentCount":0,"publisher":{"@id":"https:\/\/www.cidademarketing.com.br\/marketing\/#organization"},"image":{"@id":"https:\/\/www.cidademarketing.com.br\/marketing\/2019\/03\/26\/volkswagen-lanca-mais-dois-episodios-da-webserie-a-colecao\/#primaryimage"},"thumbnailUrl":"https:\/\/www.cidademarketing.com.br\/marketing\/wp-content\/uploads\/2019\/03\/volks_acolecao.jpg","keywords":["campanha","estrat\u00e9gia","Volks","Volkswagen"],"articleSection":["Not\u00edcias"],"inLanguage":"pt-BR","potentialAction":[{"@type":"CommentAction","name":"Comment","target":["https:\/\/www.cidademarketing.com.br\/marketing\/2019\/03\/26\/volkswagen-lanca-mais-dois-episodios-da-webserie-a-colecao\/#respond"]}]},{"@type":"WebPage","@id":"https:\/\/www.cidademarketing.com.br\/marketing\/2019\/03\/26\/volkswagen-lanca-mais-dois-episodios-da-webserie-a-colecao\/","url":"https:\/\/www.cidademarketing.com.br\/marketing\/2019\/03\/26\/volkswagen-lanca-mais-dois-episodios-da-webserie-a-colecao\/","name":"Volkswagen lan\u00e7a mais dois epis\u00f3dios da webs\u00e9rie \"A Cole\u00e7\u00e3o\" - CidadeMarketing","isPartOf":{"@id":"https:\/\/www.cidademarketing.com.br\/marketing\/#website"},"primaryImageOfPage":{"@id":"https:\/\/www.cidademarketing.com.br\/marketing\/2019\/03\/26\/volkswagen-lanca-mais-dois-episodios-da-webserie-a-colecao\/#primaryimage"},"image":{"@id":"https:\/\/www.cidademarketing.com.br\/marketing\/2019\/03\/26\/volkswagen-lanca-mais-dois-episodios-da-webserie-a-colecao\/#primaryimage"},"thumbnailUrl":"https:\/\/www.cidademarketing.com.br\/marketing\/wp-content\/uploads\/2019\/03\/volks_acolecao.jpg","datePublished":"2019-03-26T17:57:26+00:00","dateModified":"2019-03-26T17:57:29+00:00","breadcrumb":{"@id":"https:\/\/www.cidademarketing.com.br\/marketing\/2019\/03\/26\/volkswagen-lanca-mais-dois-episodios-da-webserie-a-colecao\/#breadcrumb"},"inLanguage":"pt-BR","potentialAction":[{"@type":"ReadAction","target":["https:\/\/www.cidademarketing.com.br\/marketing\/2019\/03\/26\/volkswagen-lanca-mais-dois-episodios-da-webserie-a-colecao\/"]}]},{"@type":"ImageObject","inLanguage":"pt-BR","@id":"https:\/\/www.cidademarketing.com.br\/marketing\/2019\/03\/26\/volkswagen-lanca-mais-dois-episodios-da-webserie-a-colecao\/#primaryimage","url":"https:\/\/www.cidademarketing.com.br\/marketing\/wp-content\/uploads\/2019\/03\/volks_acolecao.jpg","contentUrl":"https:\/\/www.cidademarketing.com.br\/marketing\/wp-content\/uploads\/2019\/03\/volks_acolecao.jpg","width":1163,"height":605,"caption":"Divulga\u00e7\u00e3o"},{"@type":"BreadcrumbList","@id":"https:\/\/www.cidademarketing.com.br\/marketing\/2019\/03\/26\/volkswagen-lanca-mais-dois-episodios-da-webserie-a-colecao\/#breadcrumb","itemListElement":[{"@type":"ListItem","position":1,"name":"In\u00edcio","item":"https:\/\/www.cidademarketing.com.br\/marketing\/"},{"@type":"ListItem","position":2,"name":"Volkswagen lan\u00e7a mais dois epis\u00f3dios da webs\u00e9rie &#8220;A Cole\u00e7\u00e3o&#8221;"}]},{"@type":"WebSite","@id":"https:\/\/www.cidademarketing.com.br\/marketing\/#website","url":"https:\/\/www.cidademarketing.com.br\/marketing\/","name":"CidadeMarketing","description":"Somos um ve\u00edculo de comunica\u00e7\u00e3o de destaque no Brasil, reconhecido por conte\u00fados nos segmentos de marketing, empreendedorismo e inova\u00e7\u00e3o.","publisher":{"@id":"https:\/\/www.cidademarketing.com.br\/marketing\/#organization"},"alternateName":"CidadeMarketing","potentialAction":[{"@type":"SearchAction","target":{"@type":"EntryPoint","urlTemplate":"https:\/\/www.cidademarketing.com.br\/marketing\/?s={search_term_string}"},"query-input":{"@type":"PropertyValueSpecification","valueRequired":true,"valueName":"search_term_string"}}],"inLanguage":"pt-BR"},{"@type":"Organization","@id":"https:\/\/www.cidademarketing.com.br\/marketing\/#organization","name":"CidadeMarketing","alternateName":"CidadeMarketing","url":"https:\/\/www.cidademarketing.com.br\/marketing\/","logo":{"@type":"ImageObject","inLanguage":"pt-BR","@id":"https:\/\/www.cidademarketing.com.br\/marketing\/#\/schema\/logo\/image\/","url":"https:\/\/www.cidademarketing.com.br\/marketing\/wp-content\/uploads\/2020\/01\/cidademarketing_marca_mobile.png","contentUrl":"https:\/\/www.cidademarketing.com.br\/marketing\/wp-content\/uploads\/2020\/01\/cidademarketing_marca_mobile.png","width":230,"height":92,"caption":"CidadeMarketing"},"image":{"@id":"https:\/\/www.cidademarketing.com.br\/marketing\/#\/schema\/logo\/image\/"},"sameAs":["https:\/\/www.facebook.com\/portalcidademarketing","https:\/\/x.com\/CidadeMarketing","https:\/\/www.instagram.com\/cidademarketing\/"]},{"@type":"Person","@id":"https:\/\/www.cidademarketing.com.br\/marketing\/#\/schema\/person\/02daff9f18bd9378c9e01eb6b2db155f","name":"Thales Brand\u00e3o","image":{"@type":"ImageObject","inLanguage":"pt-BR","@id":"https:\/\/secure.gravatar.com\/avatar\/7ca3206950207cc3cb48feec56a8a7898741ab725c368d99d5d7a5a50aab80c6?s=96&d=mm&r=g","url":"https:\/\/secure.gravatar.com\/avatar\/7ca3206950207cc3cb48feec56a8a7898741ab725c368d99d5d7a5a50aab80c6?s=96&d=mm&r=g","contentUrl":"https:\/\/secure.gravatar.com\/avatar\/7ca3206950207cc3cb48feec56a8a7898741ab725c368d99d5d7a5a50aab80c6?s=96&d=mm&r=g","caption":"Thales Brand\u00e3o"},"description":"Editor Executivo do Portal CidadeMarketing.com.br &gt; Mestre em Comunica\u00e7\u00e3o e Sociedade pela Universidade Federal de Sergipe. Possui MBA Executivo em Administra\u00e7\u00e3o com \u00eanfase em Marketing pela Funda\u00e7\u00e3o Get\u00falio Vargas - Rio de Janeiro. Consultor, Palestrante e Pesquisador sobre Empreendedorismo, Marketing, Redes Sociais e Neg\u00f3cios Digitais. Professor, Palestrante TedxTalks e Campus Party. Twitter: @ThalesBrandao","sameAs":["http:\/\/www.mandacaru.com.br","https:\/\/www.facebook.com\/thalesbrandao","http:\/\/www.instagram.com.br\/thalesbrandaoferreira","https:\/\/www.linkedin.com\/in\/thales-brand\u00e3o-3948609\/","https:\/\/x.com\/http:\/\/www.twitter.com\/thalesbrandao"],"url":"https:\/\/www.cidademarketing.com.br\/marketing\/author\/thalesbrandao\/"}]}},"amp_enabled":true,"_links":{"self":[{"href":"https:\/\/www.cidademarketing.com.br\/marketing\/wp-json\/wp\/v2\/posts\/7201","targetHints":{"allow":["GET"]}}],"collection":[{"href":"https:\/\/www.cidademarketing.com.br\/marketing\/wp-json\/wp\/v2\/posts"}],"about":[{"href":"https:\/\/www.cidademarketing.com.br\/marketing\/wp-json\/wp\/v2\/types\/post"}],"author":[{"embeddable":true,"href":"https:\/\/www.cidademarketing.com.br\/marketing\/wp-json\/wp\/v2\/users\/1"}],"replies":[{"embeddable":true,"href":"https:\/\/www.cidademarketing.com.br\/marketing\/wp-json\/wp\/v2\/comments?post=7201"}],"version-history":[{"count":1,"href":"https:\/\/www.cidademarketing.com.br\/marketing\/wp-json\/wp\/v2\/posts\/7201\/revisions"}],"predecessor-version":[{"id":7203,"href":"https:\/\/www.cidademarketing.com.br\/marketing\/wp-json\/wp\/v2\/posts\/7201\/revisions\/7203"}],"wp:featuredmedia":[{"embeddable":true,"href":"https:\/\/www.cidademarketing.com.br\/marketing\/wp-json\/wp\/v2\/media\/7202"}],"wp:attachment":[{"href":"https:\/\/www.cidademarketing.com.br\/marketing\/wp-json\/wp\/v2\/media?parent=7201"}],"wp:term":[{"taxonomy":"category","embeddable":true,"href":"https:\/\/www.cidademarketing.com.br\/marketing\/wp-json\/wp\/v2\/categories?post=7201"},{"taxonomy":"post_tag","embeddable":true,"href":"https:\/\/www.cidademarketing.com.br\/marketing\/wp-json\/wp\/v2\/tags?post=7201"}],"curies":[{"name":"wp","href":"https:\/\/api.w.org\/{rel}","templated":true}]}}