{"id":7116,"date":"2019-03-21T18:42:56","date_gmt":"2019-03-21T21:42:56","guid":{"rendered":"http:\/\/www.cidademarketing.com.br\/marketing\/?p=7116"},"modified":"2019-03-21T18:43:00","modified_gmt":"2019-03-21T21:43:00","slug":"algoritmo-da-vida-rastreia-posts-publicos-no-twitter-que-identifica-perfis-com-sintomas-de-depressao","status":"publish","type":"post","link":"https:\/\/www.cidademarketing.com.br\/marketing\/2019\/03\/21\/algoritmo-da-vida-rastreia-posts-publicos-no-twitter-que-identifica-perfis-com-sintomas-de-depressao\/","title":{"rendered":"Algoritmo da Vida rastreia posts p\u00fablicos no Twitter que identifica perfis com sintomas de depress\u00e3o"},"content":{"rendered":"\n<p>Kurt Cobain, Ian Curtis, Nick\nDrake, Torquato Neto, Chris Cornell, Keith Flint, Champignon. Esses m\u00fasicos t\u00eam\nem comum a depress\u00e3o e o suic\u00eddio. No ano passado, 1 milh\u00e3o de indiv\u00edduos no\nglobo tiraram a pr\u00f3pria vida. Ou seja, uma morte cada 40 segundos.&nbsp;<\/p>\n\n\n\n<p>Esses dados alarmantes\nmostram que suic\u00eddio causa mais v\u00edtimas do que as guerras, homic\u00eddios e\nconflitos civis \u2013 todos eles somados. Mais preocupante \u00e9 o fato de que para\ncada suic\u00eddio, 20 pessoas j\u00e1 tentaram fazer o mesmo, segundo dados do estudo <em>Preventing\nSuicide: A Global Imperative <\/em>da Organiza\u00e7\u00e3o Mundial da Sa\u00fade.<\/p>\n\n\n\n<p>O cen\u00e1rio nacional n\u00e3o \u00e9 diferente. Todos os dias, 32 brasileiros tiram a pr\u00f3pria vida. Em 2018, foram 11 mil vidas. Segundo o Minist\u00e9rio da Sa\u00fade, os n\u00fameros tamb\u00e9m revelam que o suic\u00eddio aumentou 20% nos \u00faltimos cinco anos entre jovens de 15 a 19 anos. Essa j\u00e1 \u00e9 a quarta causa mais frequente de morte entre jovens no Pa\u00eds.\u00a0<\/p>\n\n\n\n<figure class=\"wp-block-image\"><img fetchpriority=\"high\" decoding=\"async\" width=\"1024\" height=\"576\" src=\"http:\/\/www.cidademarketing.com.br\/marketing\/wp-content\/uploads\/2019\/03\/algoritmodavida_02-1024x576.jpg\" alt=\"\" class=\"wp-image-7118\" srcset=\"https:\/\/www.cidademarketing.com.br\/marketing\/wp-content\/uploads\/2019\/03\/algoritmodavida_02-1024x576.jpg 1024w, https:\/\/www.cidademarketing.com.br\/marketing\/wp-content\/uploads\/2019\/03\/algoritmodavida_02-300x169.jpg 300w, https:\/\/www.cidademarketing.com.br\/marketing\/wp-content\/uploads\/2019\/03\/algoritmodavida_02-768x432.jpg 768w, https:\/\/www.cidademarketing.com.br\/marketing\/wp-content\/uploads\/2019\/03\/algoritmodavida_02-747x420.jpg 747w, https:\/\/www.cidademarketing.com.br\/marketing\/wp-content\/uploads\/2019\/03\/algoritmodavida_02-640x360.jpg 640w, https:\/\/www.cidademarketing.com.br\/marketing\/wp-content\/uploads\/2019\/03\/algoritmodavida_02-681x383.jpg 681w, https:\/\/www.cidademarketing.com.br\/marketing\/wp-content\/uploads\/2019\/03\/algoritmodavida_02.jpg 1920w\" sizes=\"(max-width: 1024px) 100vw, 1024px\" \/><figcaption>Reprodu\u00e7\u00e3o<\/figcaption><\/figure>\n\n\n\n<p>Estudos de especialistas em\nsa\u00fade mental* indicam que pessoas em depress\u00e3o usam recorrentemente um\ndeterminado grupo de palavras, como uma esp\u00e9cie de \u2018linguagem da depress\u00e3o\u2019 para\nindicar, mesmo em est\u00e1gios iniciais, a ocorr\u00eancia da doen\u00e7a. Naturalmente,\nesses sinais tamb\u00e9m se fazem presentes no comportamento das pessoas nas redes\nsociais.&nbsp;<\/p>\n\n\n\n<p>Baseado nesses dados a ag\u00eancia Africa criou o Algoritmo da Vida, projeto assinado pela Rolling Stone Brasil. O sistema funciona da seguinte maneira: foi desenvolvido um algoritmo capaz de identificar uma enorme variedade de palavras, express\u00f5es e frases que podem indicar sintomas de depress\u00e3o nas postagens p\u00fablicas dos usu\u00e1rios no Twitter. Ap\u00f3s essa primeira fase de identifica\u00e7\u00e3o da sequ\u00eancia de palavras e express\u00f5es, \u00e9 realizada uma checagem cuidadosa por uma equipe treinada, para considerar contexto, ironias e recorr\u00eancia de termos e periodicidade. <\/p>\n\n\n\n<figure class=\"wp-block-embed-youtube wp-block-embed is-type-video is-provider-youtube wp-embed-aspect-16-9 wp-has-aspect-ratio\"><div class=\"wp-block-embed__wrapper\">\n<div class=\"youtube-embed\" data-video_id=\"tmkESsucvHY\"><iframe title=\"Rolling Stone Brasil apresenta: Algoritmo da Vida\" width=\"640\" height=\"360\" src=\"https:\/\/www.youtube.com\/embed\/tmkESsucvHY?feature=oembed&#038;enablejsapi=1&#038;enablejsapi=1\" frameborder=\"0\" allow=\"accelerometer; autoplay; clipboard-write; encrypted-media; gyroscope; picture-in-picture; web-share\" referrerpolicy=\"strict-origin-when-cross-origin\" allowfullscreen><\/iframe><\/div>\n<\/div><\/figure>\n\n\n\n<p>Ap\u00f3s isso, quando a\nferramenta confirmar o potencial de usu\u00e1rio filtrado pelo algoritmo, um perfil\ncriado especificamente para a a\u00e7\u00e3o &#8211; e administrado por um time capacitado \u2013\nentra em contato por meio de mensagem privada e indica o telefone do Centro de\nValoriza\u00e7\u00e3o da Vida (CVV), refer\u00eancia nacional no atendimento a pessoas com\ndepress\u00e3o.<\/p>\n\n\n\n<p>&#8220;O desejo de tirar a\npr\u00f3pria vida \u00e9 sempre amb\u00edguo. A pessoa n\u00e3o sente que a vida vale a pena, mas\ngostaria de encontrar pelo menos um fio de esperan\u00e7a que a ajudasse a seguir em\nfrente. Iniciativas como o Algoritmo da Vida s\u00e3o extremamente importantes por\ncausa disso &#8211; saber que foi ouvido e que pode haver outra sa\u00edda \u00e9 transformador\npara um suicida potencial. N\u00e3o tenho d\u00favidas que vidas ser\u00e3o salvas e\nsofrimento ser\u00e1 poupado com a ajuda dessa ferramenta&#8221; conta o psiquiatra\nDaniel Barros, professor da Faculdade de Medicina da USP e consultor do\nprojeto.<\/p>\n\n\n\n<p>&#8220;A Rolling Stone, como\num ve\u00edculo voltado \u00e0 cultura pop e, principalmente, m\u00fasica, lida todos os dias\ncom a depress\u00e3o ou seus sintomas. E isso \u00e9 alarmante&#8221;, diz Pedro Antunes,\neditor-chefe da Rolling Stone Brasil. &#8220;Muitos m\u00fasicos pediram ajuda nas\nsuas m\u00fasicas. Veja o caso de Kurt Cobain ou de Chester Bennington, do Linkin\nPark, por exemplo. Vidas chegaram ao fim de forma precoce por conta da\ndepress\u00e3o, basta lembrar de Chris Cornell. Tudo o que pudermos fazer para\ndiminuir esse n\u00famero precisa ser nossa prioridade. \u00c9 uma responsabilidade\nsocial que devemos ter. Cada vida salva \u00e9 uma vit\u00f3ria&#8221;, completa.&nbsp;<\/p>\n\n\n\n<p>De acordo com Rodrigo\nCassino, COO da Bizsys \u2013 produtora de tecnologia respons\u00e1vel por desenvolver o\nsistema que identifica os tweets relacionados com depress\u00e3o -, a maioria das\npostagens identificadas t\u00eam um padr\u00e3o comum. \u201cCom tantos recursos tecnol\u00f3gicos\na nossa disposi\u00e7\u00e3o e com tantas pessoas clamando por socorro nas entrelinhas\ndas redes sociais o desenvolvimento do Algoritmo da Vida humaniza a tecnologia\ne nos passa um sentimento de dever cumprido, de ajuda ao pr\u00f3ximo\u201d, completou\nCassino.<\/p>\n\n\n\n<p>O Algoritmo da Vida\nest\u00e1&nbsp;em opera\u00e7\u00e3o desde fevereiro e detectou quase 300 mil men\u00e7\u00f5es que\npotencialmente utilizam a linguagem da depress\u00e3o. O perfil j\u00e1 entrou em contato\ncom esses usu\u00e1rios e indicou a melhor maneira de ajud\u00e1-los a encontrarem apoio\nprofissional. Um deles, refer\u00eancia sobre o tema, \u00e9 o CVV (ligue 188).&nbsp;<\/p>\n\n\n\n<p><em>Fontes:&nbsp;<\/em><\/p>\n\n\n\n<p><em>Prevent suicide: a global imperative, OMS. <a href=\"https:\/\/bit.ly\/2t9xMYu\">https:\/\/bit.ly\/2t9xMYu<\/a><\/em><\/p>\n\n\n\n<p><em>Mat\u00e9ria da\nrevista de ci\u00eancia Nature. <\/em><em><a href=\"https:\/\/www.nature.com\/articles\/d41586-017-08307-0\">https:\/\/www.nature.com\/articles\/d41586-017-08307-0<\/a><\/em><\/p>\n\n\n\n<p><em>* Refer\u00eancias:&nbsp;<\/em><\/p>\n\n\n\n<ul class=\"wp-block-list\"><li><em>Predicting Risk of\n     Suicide Attempts Over Time Through Machine Learning, dos autores Colin G.\n     Walsh, Jessica D. Ribeiro, e Joseph C. Franklin, da Association of\n     Psychological Science da Florida State University. <a href=\"https:\/\/bit.ly\/2DwOYgM\">https:\/\/bit.ly\/2DwOYgM<\/a><\/em><\/li><\/ul>\n\n\n\n<ul class=\"wp-block-list\"><li><em>In&nbsp;an&nbsp;absolute&nbsp;state:&nbsp;elevated&nbsp;use&nbsp;of&nbsp;\n     absolutist&nbsp;words&nbsp;is&nbsp;a&nbsp;marker&nbsp;specific&nbsp;to&nbsp;\n     anxiety,&nbsp;depression&nbsp;and&nbsp;suicidal&nbsp;ideation, dos autores\n     Mohammed Al-Mosaiwi and Tom Johnstone Department of Psychology, School of\n     Psychology and Clinical Languages, University of Reading. <a href=\"https:\/\/bit.ly\/2UGhySu\">https:\/\/bit.ly\/2UGhySu<\/a><\/em><\/li><\/ul>\n","protected":false},"excerpt":{"rendered":"<p>Kurt Cobain, Ian Curtis, Nick Drake, Torquato Neto, Chris Cornell, Keith Flint, Champignon. Esses m\u00fasicos t\u00eam em comum a depress\u00e3o e o suic\u00eddio. No ano passado, 1 milh\u00e3o de indiv\u00edduos no globo tiraram a pr\u00f3pria vida. Ou seja, uma morte cada 40 segundos.&nbsp; Esses dados alarmantes mostram que suic\u00eddio causa mais v\u00edtimas do que as [&hellip;]<\/p>\n","protected":false},"author":1,"featured_media":7117,"comment_status":"open","ping_status":"open","sticky":false,"template":"","format":"standard","meta":{"tdm_status":"","tdm_grid_status":"","footnotes":""},"categories":[6],"tags":[1643,33,26],"class_list":["post-7116","post","type-post","status-publish","format-standard","has-post-thumbnail","hentry","category-noticias","tag-africa","tag-estrategia","tag-marketing-digital"],"yoast_head":"<!-- This site is optimized with the Yoast SEO plugin v27.5 - https:\/\/yoast.com\/product\/yoast-seo-wordpress\/ -->\n<title>Algoritmo da Vida rastreia posts p\u00fablicos no Twitter que identifica perfis com sintomas de depress\u00e3o - CidadeMarketing<\/title>\n<meta name=\"robots\" content=\"index, follow, max-snippet:-1, max-image-preview:large, max-video-preview:-1\" \/>\n<link rel=\"canonical\" href=\"https:\/\/www.cidademarketing.com.br\/marketing\/2019\/03\/21\/algoritmo-da-vida-rastreia-posts-publicos-no-twitter-que-identifica-perfis-com-sintomas-de-depressao\/\" \/>\n<meta property=\"og:locale\" content=\"pt_BR\" \/>\n<meta property=\"og:type\" content=\"article\" \/>\n<meta property=\"og:title\" content=\"Algoritmo da Vida rastreia posts p\u00fablicos no Twitter que identifica perfis com sintomas de depress\u00e3o - CidadeMarketing\" \/>\n<meta property=\"og:description\" content=\"Kurt Cobain, Ian Curtis, Nick Drake, Torquato Neto, Chris Cornell, Keith Flint, Champignon. Esses m\u00fasicos t\u00eam em comum a depress\u00e3o e o suic\u00eddio. No ano passado, 1 milh\u00e3o de indiv\u00edduos no globo tiraram a pr\u00f3pria vida. Ou seja, uma morte cada 40 segundos.&nbsp; Esses dados alarmantes mostram que suic\u00eddio causa mais v\u00edtimas do que as [&hellip;]\" \/>\n<meta property=\"og:url\" content=\"https:\/\/www.cidademarketing.com.br\/marketing\/2019\/03\/21\/algoritmo-da-vida-rastreia-posts-publicos-no-twitter-que-identifica-perfis-com-sintomas-de-depressao\/\" \/>\n<meta property=\"og:site_name\" content=\"CidadeMarketing\" \/>\n<meta property=\"article:publisher\" content=\"https:\/\/www.facebook.com\/portalcidademarketing\" \/>\n<meta property=\"article:author\" content=\"https:\/\/www.facebook.com\/thalesbrandao\" \/>\n<meta property=\"article:published_time\" content=\"2019-03-21T21:42:56+00:00\" \/>\n<meta property=\"article:modified_time\" content=\"2019-03-21T21:43:00+00:00\" \/>\n<meta property=\"og:image\" content=\"https:\/\/www.cidademarketing.com.br\/marketing\/wp-content\/uploads\/2019\/03\/algoritmodavida_01.jpg\" \/>\n\t<meta property=\"og:image:width\" content=\"1920\" \/>\n\t<meta property=\"og:image:height\" content=\"1080\" \/>\n\t<meta property=\"og:image:type\" content=\"image\/jpeg\" \/>\n<meta name=\"author\" content=\"Thales Brand\u00e3o\" \/>\n<meta name=\"twitter:card\" content=\"summary_large_image\" \/>\n<meta name=\"twitter:creator\" content=\"@http:\/\/www.twitter.com\/thalesbrandao\" \/>\n<meta name=\"twitter:site\" content=\"@CidadeMarketing\" \/>\n<meta name=\"twitter:label1\" content=\"Escrito por\" \/>\n\t<meta name=\"twitter:data1\" content=\"Thales Brand\u00e3o\" \/>\n\t<meta name=\"twitter:label2\" content=\"Est. tempo de leitura\" \/>\n\t<meta name=\"twitter:data2\" content=\"4 minutos\" \/>\n<script type=\"application\/ld+json\" class=\"yoast-schema-graph\">{\"@context\":\"https:\\\/\\\/schema.org\",\"@graph\":[{\"@type\":\"Article\",\"@id\":\"https:\\\/\\\/www.cidademarketing.com.br\\\/marketing\\\/2019\\\/03\\\/21\\\/algoritmo-da-vida-rastreia-posts-publicos-no-twitter-que-identifica-perfis-com-sintomas-de-depressao\\\/#article\",\"isPartOf\":{\"@id\":\"https:\\\/\\\/www.cidademarketing.com.br\\\/marketing\\\/2019\\\/03\\\/21\\\/algoritmo-da-vida-rastreia-posts-publicos-no-twitter-que-identifica-perfis-com-sintomas-de-depressao\\\/\"},\"author\":{\"name\":\"Thales Brand\u00e3o\",\"@id\":\"https:\\\/\\\/www.cidademarketing.com.br\\\/marketing\\\/#\\\/schema\\\/person\\\/02daff9f18bd9378c9e01eb6b2db155f\"},\"headline\":\"Algoritmo da Vida rastreia posts p\u00fablicos no Twitter que identifica perfis com sintomas de depress\u00e3o\",\"datePublished\":\"2019-03-21T21:42:56+00:00\",\"dateModified\":\"2019-03-21T21:43:00+00:00\",\"mainEntityOfPage\":{\"@id\":\"https:\\\/\\\/www.cidademarketing.com.br\\\/marketing\\\/2019\\\/03\\\/21\\\/algoritmo-da-vida-rastreia-posts-publicos-no-twitter-que-identifica-perfis-com-sintomas-de-depressao\\\/\"},\"wordCount\":878,\"commentCount\":0,\"publisher\":{\"@id\":\"https:\\\/\\\/www.cidademarketing.com.br\\\/marketing\\\/#organization\"},\"image\":{\"@id\":\"https:\\\/\\\/www.cidademarketing.com.br\\\/marketing\\\/2019\\\/03\\\/21\\\/algoritmo-da-vida-rastreia-posts-publicos-no-twitter-que-identifica-perfis-com-sintomas-de-depressao\\\/#primaryimage\"},\"thumbnailUrl\":\"https:\\\/\\\/www.cidademarketing.com.br\\\/marketing\\\/wp-content\\\/uploads\\\/2019\\\/03\\\/algoritmodavida_01.jpg\",\"keywords\":[\"Africa\",\"estrat\u00e9gia\",\"marketing digital\"],\"articleSection\":[\"Not\u00edcias\"],\"inLanguage\":\"pt-BR\",\"potentialAction\":[{\"@type\":\"CommentAction\",\"name\":\"Comment\",\"target\":[\"https:\\\/\\\/www.cidademarketing.com.br\\\/marketing\\\/2019\\\/03\\\/21\\\/algoritmo-da-vida-rastreia-posts-publicos-no-twitter-que-identifica-perfis-com-sintomas-de-depressao\\\/#respond\"]}]},{\"@type\":\"WebPage\",\"@id\":\"https:\\\/\\\/www.cidademarketing.com.br\\\/marketing\\\/2019\\\/03\\\/21\\\/algoritmo-da-vida-rastreia-posts-publicos-no-twitter-que-identifica-perfis-com-sintomas-de-depressao\\\/\",\"url\":\"https:\\\/\\\/www.cidademarketing.com.br\\\/marketing\\\/2019\\\/03\\\/21\\\/algoritmo-da-vida-rastreia-posts-publicos-no-twitter-que-identifica-perfis-com-sintomas-de-depressao\\\/\",\"name\":\"Algoritmo da Vida rastreia posts p\u00fablicos no Twitter que identifica perfis com sintomas de depress\u00e3o - CidadeMarketing\",\"isPartOf\":{\"@id\":\"https:\\\/\\\/www.cidademarketing.com.br\\\/marketing\\\/#website\"},\"primaryImageOfPage\":{\"@id\":\"https:\\\/\\\/www.cidademarketing.com.br\\\/marketing\\\/2019\\\/03\\\/21\\\/algoritmo-da-vida-rastreia-posts-publicos-no-twitter-que-identifica-perfis-com-sintomas-de-depressao\\\/#primaryimage\"},\"image\":{\"@id\":\"https:\\\/\\\/www.cidademarketing.com.br\\\/marketing\\\/2019\\\/03\\\/21\\\/algoritmo-da-vida-rastreia-posts-publicos-no-twitter-que-identifica-perfis-com-sintomas-de-depressao\\\/#primaryimage\"},\"thumbnailUrl\":\"https:\\\/\\\/www.cidademarketing.com.br\\\/marketing\\\/wp-content\\\/uploads\\\/2019\\\/03\\\/algoritmodavida_01.jpg\",\"datePublished\":\"2019-03-21T21:42:56+00:00\",\"dateModified\":\"2019-03-21T21:43:00+00:00\",\"breadcrumb\":{\"@id\":\"https:\\\/\\\/www.cidademarketing.com.br\\\/marketing\\\/2019\\\/03\\\/21\\\/algoritmo-da-vida-rastreia-posts-publicos-no-twitter-que-identifica-perfis-com-sintomas-de-depressao\\\/#breadcrumb\"},\"inLanguage\":\"pt-BR\",\"potentialAction\":[{\"@type\":\"ReadAction\",\"target\":[\"https:\\\/\\\/www.cidademarketing.com.br\\\/marketing\\\/2019\\\/03\\\/21\\\/algoritmo-da-vida-rastreia-posts-publicos-no-twitter-que-identifica-perfis-com-sintomas-de-depressao\\\/\"]}]},{\"@type\":\"ImageObject\",\"inLanguage\":\"pt-BR\",\"@id\":\"https:\\\/\\\/www.cidademarketing.com.br\\\/marketing\\\/2019\\\/03\\\/21\\\/algoritmo-da-vida-rastreia-posts-publicos-no-twitter-que-identifica-perfis-com-sintomas-de-depressao\\\/#primaryimage\",\"url\":\"https:\\\/\\\/www.cidademarketing.com.br\\\/marketing\\\/wp-content\\\/uploads\\\/2019\\\/03\\\/algoritmodavida_01.jpg\",\"contentUrl\":\"https:\\\/\\\/www.cidademarketing.com.br\\\/marketing\\\/wp-content\\\/uploads\\\/2019\\\/03\\\/algoritmodavida_01.jpg\",\"width\":1920,\"height\":1080,\"caption\":\"Reprodu\u00e7\u00e3o\"},{\"@type\":\"BreadcrumbList\",\"@id\":\"https:\\\/\\\/www.cidademarketing.com.br\\\/marketing\\\/2019\\\/03\\\/21\\\/algoritmo-da-vida-rastreia-posts-publicos-no-twitter-que-identifica-perfis-com-sintomas-de-depressao\\\/#breadcrumb\",\"itemListElement\":[{\"@type\":\"ListItem\",\"position\":1,\"name\":\"In\u00edcio\",\"item\":\"https:\\\/\\\/www.cidademarketing.com.br\\\/marketing\\\/\"},{\"@type\":\"ListItem\",\"position\":2,\"name\":\"Algoritmo da Vida rastreia posts p\u00fablicos no Twitter que identifica perfis com sintomas de depress\u00e3o\"}]},{\"@type\":\"WebSite\",\"@id\":\"https:\\\/\\\/www.cidademarketing.com.br\\\/marketing\\\/#website\",\"url\":\"https:\\\/\\\/www.cidademarketing.com.br\\\/marketing\\\/\",\"name\":\"CidadeMarketing\",\"description\":\"Somos um ve\u00edculo de comunica\u00e7\u00e3o de destaque no Brasil, reconhecido por conte\u00fados nos segmentos de marketing, empreendedorismo e inova\u00e7\u00e3o.\",\"publisher\":{\"@id\":\"https:\\\/\\\/www.cidademarketing.com.br\\\/marketing\\\/#organization\"},\"alternateName\":\"CidadeMarketing\",\"potentialAction\":[{\"@type\":\"SearchAction\",\"target\":{\"@type\":\"EntryPoint\",\"urlTemplate\":\"https:\\\/\\\/www.cidademarketing.com.br\\\/marketing\\\/?s={search_term_string}\"},\"query-input\":{\"@type\":\"PropertyValueSpecification\",\"valueRequired\":true,\"valueName\":\"search_term_string\"}}],\"inLanguage\":\"pt-BR\"},{\"@type\":\"Organization\",\"@id\":\"https:\\\/\\\/www.cidademarketing.com.br\\\/marketing\\\/#organization\",\"name\":\"CidadeMarketing\",\"alternateName\":\"CidadeMarketing\",\"url\":\"https:\\\/\\\/www.cidademarketing.com.br\\\/marketing\\\/\",\"logo\":{\"@type\":\"ImageObject\",\"inLanguage\":\"pt-BR\",\"@id\":\"https:\\\/\\\/www.cidademarketing.com.br\\\/marketing\\\/#\\\/schema\\\/logo\\\/image\\\/\",\"url\":\"https:\\\/\\\/www.cidademarketing.com.br\\\/marketing\\\/wp-content\\\/uploads\\\/2020\\\/01\\\/cidademarketing_marca_mobile.png\",\"contentUrl\":\"https:\\\/\\\/www.cidademarketing.com.br\\\/marketing\\\/wp-content\\\/uploads\\\/2020\\\/01\\\/cidademarketing_marca_mobile.png\",\"width\":230,\"height\":92,\"caption\":\"CidadeMarketing\"},\"image\":{\"@id\":\"https:\\\/\\\/www.cidademarketing.com.br\\\/marketing\\\/#\\\/schema\\\/logo\\\/image\\\/\"},\"sameAs\":[\"https:\\\/\\\/www.facebook.com\\\/portalcidademarketing\",\"https:\\\/\\\/x.com\\\/CidadeMarketing\",\"https:\\\/\\\/www.instagram.com\\\/cidademarketing\\\/\"]},{\"@type\":\"Person\",\"@id\":\"https:\\\/\\\/www.cidademarketing.com.br\\\/marketing\\\/#\\\/schema\\\/person\\\/02daff9f18bd9378c9e01eb6b2db155f\",\"name\":\"Thales Brand\u00e3o\",\"image\":{\"@type\":\"ImageObject\",\"inLanguage\":\"pt-BR\",\"@id\":\"https:\\\/\\\/secure.gravatar.com\\\/avatar\\\/7ca3206950207cc3cb48feec56a8a7898741ab725c368d99d5d7a5a50aab80c6?s=96&d=mm&r=g\",\"url\":\"https:\\\/\\\/secure.gravatar.com\\\/avatar\\\/7ca3206950207cc3cb48feec56a8a7898741ab725c368d99d5d7a5a50aab80c6?s=96&d=mm&r=g\",\"contentUrl\":\"https:\\\/\\\/secure.gravatar.com\\\/avatar\\\/7ca3206950207cc3cb48feec56a8a7898741ab725c368d99d5d7a5a50aab80c6?s=96&d=mm&r=g\",\"caption\":\"Thales Brand\u00e3o\"},\"description\":\"Editor Executivo do Portal CidadeMarketing.com.br &gt; Mestre em Comunica\u00e7\u00e3o e Sociedade pela Universidade Federal de Sergipe. Possui MBA Executivo em Administra\u00e7\u00e3o com \u00eanfase em Marketing pela Funda\u00e7\u00e3o Get\u00falio Vargas - Rio de Janeiro. Consultor, Palestrante e Pesquisador sobre Empreendedorismo, Marketing, Redes Sociais e Neg\u00f3cios Digitais. Professor, Palestrante TedxTalks e Campus Party. Twitter: @ThalesBrandao\",\"sameAs\":[\"http:\\\/\\\/www.mandacaru.com.br\",\"https:\\\/\\\/www.facebook.com\\\/thalesbrandao\",\"http:\\\/\\\/www.instagram.com.br\\\/thalesbrandaoferreira\",\"https:\\\/\\\/www.linkedin.com\\\/in\\\/thales-brand\u00e3o-3948609\\\/\",\"https:\\\/\\\/x.com\\\/http:\\\/\\\/www.twitter.com\\\/thalesbrandao\"],\"url\":\"https:\\\/\\\/www.cidademarketing.com.br\\\/marketing\\\/author\\\/thalesbrandao\\\/\"}]}<\/script>\n<!-- \/ Yoast SEO plugin. -->","yoast_head_json":{"title":"Algoritmo da Vida rastreia posts p\u00fablicos no Twitter que identifica perfis com sintomas de depress\u00e3o - CidadeMarketing","robots":{"index":"index","follow":"follow","max-snippet":"max-snippet:-1","max-image-preview":"max-image-preview:large","max-video-preview":"max-video-preview:-1"},"canonical":"https:\/\/www.cidademarketing.com.br\/marketing\/2019\/03\/21\/algoritmo-da-vida-rastreia-posts-publicos-no-twitter-que-identifica-perfis-com-sintomas-de-depressao\/","og_locale":"pt_BR","og_type":"article","og_title":"Algoritmo da Vida rastreia posts p\u00fablicos no Twitter que identifica perfis com sintomas de depress\u00e3o - CidadeMarketing","og_description":"Kurt Cobain, Ian Curtis, Nick Drake, Torquato Neto, Chris Cornell, Keith Flint, Champignon. Esses m\u00fasicos t\u00eam em comum a depress\u00e3o e o suic\u00eddio. No ano passado, 1 milh\u00e3o de indiv\u00edduos no globo tiraram a pr\u00f3pria vida. Ou seja, uma morte cada 40 segundos.&nbsp; Esses dados alarmantes mostram que suic\u00eddio causa mais v\u00edtimas do que as [&hellip;]","og_url":"https:\/\/www.cidademarketing.com.br\/marketing\/2019\/03\/21\/algoritmo-da-vida-rastreia-posts-publicos-no-twitter-que-identifica-perfis-com-sintomas-de-depressao\/","og_site_name":"CidadeMarketing","article_publisher":"https:\/\/www.facebook.com\/portalcidademarketing","article_author":"https:\/\/www.facebook.com\/thalesbrandao","article_published_time":"2019-03-21T21:42:56+00:00","article_modified_time":"2019-03-21T21:43:00+00:00","og_image":[{"width":1920,"height":1080,"url":"https:\/\/www.cidademarketing.com.br\/marketing\/wp-content\/uploads\/2019\/03\/algoritmodavida_01.jpg","type":"image\/jpeg"}],"author":"Thales Brand\u00e3o","twitter_card":"summary_large_image","twitter_creator":"@http:\/\/www.twitter.com\/thalesbrandao","twitter_site":"@CidadeMarketing","twitter_misc":{"Escrito por":"Thales Brand\u00e3o","Est. tempo de leitura":"4 minutos"},"schema":{"@context":"https:\/\/schema.org","@graph":[{"@type":"Article","@id":"https:\/\/www.cidademarketing.com.br\/marketing\/2019\/03\/21\/algoritmo-da-vida-rastreia-posts-publicos-no-twitter-que-identifica-perfis-com-sintomas-de-depressao\/#article","isPartOf":{"@id":"https:\/\/www.cidademarketing.com.br\/marketing\/2019\/03\/21\/algoritmo-da-vida-rastreia-posts-publicos-no-twitter-que-identifica-perfis-com-sintomas-de-depressao\/"},"author":{"name":"Thales Brand\u00e3o","@id":"https:\/\/www.cidademarketing.com.br\/marketing\/#\/schema\/person\/02daff9f18bd9378c9e01eb6b2db155f"},"headline":"Algoritmo da Vida rastreia posts p\u00fablicos no Twitter que identifica perfis com sintomas de depress\u00e3o","datePublished":"2019-03-21T21:42:56+00:00","dateModified":"2019-03-21T21:43:00+00:00","mainEntityOfPage":{"@id":"https:\/\/www.cidademarketing.com.br\/marketing\/2019\/03\/21\/algoritmo-da-vida-rastreia-posts-publicos-no-twitter-que-identifica-perfis-com-sintomas-de-depressao\/"},"wordCount":878,"commentCount":0,"publisher":{"@id":"https:\/\/www.cidademarketing.com.br\/marketing\/#organization"},"image":{"@id":"https:\/\/www.cidademarketing.com.br\/marketing\/2019\/03\/21\/algoritmo-da-vida-rastreia-posts-publicos-no-twitter-que-identifica-perfis-com-sintomas-de-depressao\/#primaryimage"},"thumbnailUrl":"https:\/\/www.cidademarketing.com.br\/marketing\/wp-content\/uploads\/2019\/03\/algoritmodavida_01.jpg","keywords":["Africa","estrat\u00e9gia","marketing digital"],"articleSection":["Not\u00edcias"],"inLanguage":"pt-BR","potentialAction":[{"@type":"CommentAction","name":"Comment","target":["https:\/\/www.cidademarketing.com.br\/marketing\/2019\/03\/21\/algoritmo-da-vida-rastreia-posts-publicos-no-twitter-que-identifica-perfis-com-sintomas-de-depressao\/#respond"]}]},{"@type":"WebPage","@id":"https:\/\/www.cidademarketing.com.br\/marketing\/2019\/03\/21\/algoritmo-da-vida-rastreia-posts-publicos-no-twitter-que-identifica-perfis-com-sintomas-de-depressao\/","url":"https:\/\/www.cidademarketing.com.br\/marketing\/2019\/03\/21\/algoritmo-da-vida-rastreia-posts-publicos-no-twitter-que-identifica-perfis-com-sintomas-de-depressao\/","name":"Algoritmo da Vida rastreia posts p\u00fablicos no Twitter que identifica perfis com sintomas de depress\u00e3o - CidadeMarketing","isPartOf":{"@id":"https:\/\/www.cidademarketing.com.br\/marketing\/#website"},"primaryImageOfPage":{"@id":"https:\/\/www.cidademarketing.com.br\/marketing\/2019\/03\/21\/algoritmo-da-vida-rastreia-posts-publicos-no-twitter-que-identifica-perfis-com-sintomas-de-depressao\/#primaryimage"},"image":{"@id":"https:\/\/www.cidademarketing.com.br\/marketing\/2019\/03\/21\/algoritmo-da-vida-rastreia-posts-publicos-no-twitter-que-identifica-perfis-com-sintomas-de-depressao\/#primaryimage"},"thumbnailUrl":"https:\/\/www.cidademarketing.com.br\/marketing\/wp-content\/uploads\/2019\/03\/algoritmodavida_01.jpg","datePublished":"2019-03-21T21:42:56+00:00","dateModified":"2019-03-21T21:43:00+00:00","breadcrumb":{"@id":"https:\/\/www.cidademarketing.com.br\/marketing\/2019\/03\/21\/algoritmo-da-vida-rastreia-posts-publicos-no-twitter-que-identifica-perfis-com-sintomas-de-depressao\/#breadcrumb"},"inLanguage":"pt-BR","potentialAction":[{"@type":"ReadAction","target":["https:\/\/www.cidademarketing.com.br\/marketing\/2019\/03\/21\/algoritmo-da-vida-rastreia-posts-publicos-no-twitter-que-identifica-perfis-com-sintomas-de-depressao\/"]}]},{"@type":"ImageObject","inLanguage":"pt-BR","@id":"https:\/\/www.cidademarketing.com.br\/marketing\/2019\/03\/21\/algoritmo-da-vida-rastreia-posts-publicos-no-twitter-que-identifica-perfis-com-sintomas-de-depressao\/#primaryimage","url":"https:\/\/www.cidademarketing.com.br\/marketing\/wp-content\/uploads\/2019\/03\/algoritmodavida_01.jpg","contentUrl":"https:\/\/www.cidademarketing.com.br\/marketing\/wp-content\/uploads\/2019\/03\/algoritmodavida_01.jpg","width":1920,"height":1080,"caption":"Reprodu\u00e7\u00e3o"},{"@type":"BreadcrumbList","@id":"https:\/\/www.cidademarketing.com.br\/marketing\/2019\/03\/21\/algoritmo-da-vida-rastreia-posts-publicos-no-twitter-que-identifica-perfis-com-sintomas-de-depressao\/#breadcrumb","itemListElement":[{"@type":"ListItem","position":1,"name":"In\u00edcio","item":"https:\/\/www.cidademarketing.com.br\/marketing\/"},{"@type":"ListItem","position":2,"name":"Algoritmo da Vida rastreia posts p\u00fablicos no Twitter que identifica perfis com sintomas de depress\u00e3o"}]},{"@type":"WebSite","@id":"https:\/\/www.cidademarketing.com.br\/marketing\/#website","url":"https:\/\/www.cidademarketing.com.br\/marketing\/","name":"CidadeMarketing","description":"Somos um ve\u00edculo de comunica\u00e7\u00e3o de destaque no Brasil, reconhecido por conte\u00fados nos segmentos de marketing, empreendedorismo e inova\u00e7\u00e3o.","publisher":{"@id":"https:\/\/www.cidademarketing.com.br\/marketing\/#organization"},"alternateName":"CidadeMarketing","potentialAction":[{"@type":"SearchAction","target":{"@type":"EntryPoint","urlTemplate":"https:\/\/www.cidademarketing.com.br\/marketing\/?s={search_term_string}"},"query-input":{"@type":"PropertyValueSpecification","valueRequired":true,"valueName":"search_term_string"}}],"inLanguage":"pt-BR"},{"@type":"Organization","@id":"https:\/\/www.cidademarketing.com.br\/marketing\/#organization","name":"CidadeMarketing","alternateName":"CidadeMarketing","url":"https:\/\/www.cidademarketing.com.br\/marketing\/","logo":{"@type":"ImageObject","inLanguage":"pt-BR","@id":"https:\/\/www.cidademarketing.com.br\/marketing\/#\/schema\/logo\/image\/","url":"https:\/\/www.cidademarketing.com.br\/marketing\/wp-content\/uploads\/2020\/01\/cidademarketing_marca_mobile.png","contentUrl":"https:\/\/www.cidademarketing.com.br\/marketing\/wp-content\/uploads\/2020\/01\/cidademarketing_marca_mobile.png","width":230,"height":92,"caption":"CidadeMarketing"},"image":{"@id":"https:\/\/www.cidademarketing.com.br\/marketing\/#\/schema\/logo\/image\/"},"sameAs":["https:\/\/www.facebook.com\/portalcidademarketing","https:\/\/x.com\/CidadeMarketing","https:\/\/www.instagram.com\/cidademarketing\/"]},{"@type":"Person","@id":"https:\/\/www.cidademarketing.com.br\/marketing\/#\/schema\/person\/02daff9f18bd9378c9e01eb6b2db155f","name":"Thales Brand\u00e3o","image":{"@type":"ImageObject","inLanguage":"pt-BR","@id":"https:\/\/secure.gravatar.com\/avatar\/7ca3206950207cc3cb48feec56a8a7898741ab725c368d99d5d7a5a50aab80c6?s=96&d=mm&r=g","url":"https:\/\/secure.gravatar.com\/avatar\/7ca3206950207cc3cb48feec56a8a7898741ab725c368d99d5d7a5a50aab80c6?s=96&d=mm&r=g","contentUrl":"https:\/\/secure.gravatar.com\/avatar\/7ca3206950207cc3cb48feec56a8a7898741ab725c368d99d5d7a5a50aab80c6?s=96&d=mm&r=g","caption":"Thales Brand\u00e3o"},"description":"Editor Executivo do Portal CidadeMarketing.com.br &gt; Mestre em Comunica\u00e7\u00e3o e Sociedade pela Universidade Federal de Sergipe. Possui MBA Executivo em Administra\u00e7\u00e3o com \u00eanfase em Marketing pela Funda\u00e7\u00e3o Get\u00falio Vargas - Rio de Janeiro. Consultor, Palestrante e Pesquisador sobre Empreendedorismo, Marketing, Redes Sociais e Neg\u00f3cios Digitais. Professor, Palestrante TedxTalks e Campus Party. Twitter: @ThalesBrandao","sameAs":["http:\/\/www.mandacaru.com.br","https:\/\/www.facebook.com\/thalesbrandao","http:\/\/www.instagram.com.br\/thalesbrandaoferreira","https:\/\/www.linkedin.com\/in\/thales-brand\u00e3o-3948609\/","https:\/\/x.com\/http:\/\/www.twitter.com\/thalesbrandao"],"url":"https:\/\/www.cidademarketing.com.br\/marketing\/author\/thalesbrandao\/"}]}},"amp_enabled":true,"_links":{"self":[{"href":"https:\/\/www.cidademarketing.com.br\/marketing\/wp-json\/wp\/v2\/posts\/7116","targetHints":{"allow":["GET"]}}],"collection":[{"href":"https:\/\/www.cidademarketing.com.br\/marketing\/wp-json\/wp\/v2\/posts"}],"about":[{"href":"https:\/\/www.cidademarketing.com.br\/marketing\/wp-json\/wp\/v2\/types\/post"}],"author":[{"embeddable":true,"href":"https:\/\/www.cidademarketing.com.br\/marketing\/wp-json\/wp\/v2\/users\/1"}],"replies":[{"embeddable":true,"href":"https:\/\/www.cidademarketing.com.br\/marketing\/wp-json\/wp\/v2\/comments?post=7116"}],"version-history":[{"count":1,"href":"https:\/\/www.cidademarketing.com.br\/marketing\/wp-json\/wp\/v2\/posts\/7116\/revisions"}],"predecessor-version":[{"id":7119,"href":"https:\/\/www.cidademarketing.com.br\/marketing\/wp-json\/wp\/v2\/posts\/7116\/revisions\/7119"}],"wp:featuredmedia":[{"embeddable":true,"href":"https:\/\/www.cidademarketing.com.br\/marketing\/wp-json\/wp\/v2\/media\/7117"}],"wp:attachment":[{"href":"https:\/\/www.cidademarketing.com.br\/marketing\/wp-json\/wp\/v2\/media?parent=7116"}],"wp:term":[{"taxonomy":"category","embeddable":true,"href":"https:\/\/www.cidademarketing.com.br\/marketing\/wp-json\/wp\/v2\/categories?post=7116"},{"taxonomy":"post_tag","embeddable":true,"href":"https:\/\/www.cidademarketing.com.br\/marketing\/wp-json\/wp\/v2\/tags?post=7116"}],"curies":[{"name":"wp","href":"https:\/\/api.w.org\/{rel}","templated":true}]}}