{"id":7094,"date":"2019-03-21T11:23:44","date_gmt":"2019-03-21T14:23:44","guid":{"rendered":"http:\/\/www.cidademarketing.com.br\/marketing\/?p=7094"},"modified":"2019-03-21T17:26:48","modified_gmt":"2019-03-21T20:26:48","slug":"pf-prende-o-ex-presidente-michel-temer-em-operacao-da-forca-tarefa-da-lava-jato","status":"publish","type":"post","link":"https:\/\/www.cidademarketing.com.br\/marketing\/2019\/03\/21\/pf-prende-o-ex-presidente-michel-temer-em-operacao-da-forca-tarefa-da-lava-jato\/","title":{"rendered":"PF prende o ex-presidente Michel Temer em opera\u00e7\u00e3o da for\u00e7a-tarefa da Lava Jato"},"content":{"rendered":"\n<p><\/p>\n\n\n\n<p>A pedido da For\u00e7a-Tarefa da Lava Jato do Rio de Janeiro, a Justi\u00e7a Federal determinou a pris\u00e3o preventiva do ex-presidente da Rep\u00fablica Michel Temer, de Jo\u00e3o Baptista Lima Filho (Coronel Lima), do ex-ministro de Minas e Energia, Moreira Franco, de Maria Rita Fratezi, de Carlos Alberto Costa, de Carlos Alberto Costa Filho, Vanderlei de Natale e de Carlos Alberto Montenegro Gallo, e a pris\u00e3o tempor\u00e1ria de Rodrigo Castro Alves Neves e de Carlos Jorge Zimmermann. Foi determinada, ainda, a realiza\u00e7\u00e3o de busca e apreens\u00e3o nos endere\u00e7os desses investigados, assim como de Maristela Temer, de Othon Luiz Pinheiro da Silva, de Ana Cristina da Silva Toniolo e de Nara de Deus Vieira. Tamb\u00e9m foram realizadas buscas nas empresas vinculadas aos investigados.<\/p>\n\n\n\n<p>Na opera\u00e7\u00e3o Radioatividade foi identificada organiza\u00e7\u00e3o criminosa que atuou na constru\u00e7\u00e3o da usina nuclear de Angra 3, praticando crimes de cartel, corrup\u00e7\u00e3o ativa e passiva, lavagem de capitais e fraudes \u00e0 licita\u00e7\u00e3o. Nos processos relacionados \u00e0 mencionada opera\u00e7\u00e3o houve a condena\u00e7\u00e3o de, dentre outros, Othon Luiz Pinheiro da Silva, Ana Cristina da Silva Toniolo e Jos\u00e9 Antunes Sobrinho, por diversos fatos, inclusive lavagem de dinheiro em raz\u00e3o de repasses embasados em contratos fict\u00edcios da Engevix Engenharia e Link Projetos.<\/p>\n\n\n\n<p>Na presente investiga\u00e7\u00e3o s\u00e3o apurados crimes de corrup\u00e7\u00e3o, peculato e lavagem de dinheiro, em raz\u00e3o de poss\u00edveis pagamentos il\u00edcitos feitos por determina\u00e7\u00e3o de Jos\u00e9 Antunes Sobrinho para o grupo criminoso liderado por Michel Temer, bem como de poss\u00edveis desvios de recursos da Eletronuclear para empresas indicadas pelo referido grupo.<\/p>\n\n\n\n<p>Ap\u00f3s celebra\u00e7\u00e3o de acordo de colabora\u00e7\u00e3o premiada com um dos envolvidos e o aprofundamento das investiga\u00e7\u00f5es, foi identificado sofisticado esquema criminoso para pagamento de propina na contrata\u00e7\u00e3o das empresas Argeplan, AF Consult Ltd e Engevix, para a execu\u00e7\u00e3o do contrato de projeto de engenharia eletromec\u00e2nico 01, da usina nuclear de Angra 3.<\/p>\n\n\n\n<p>A fim de executar o mencionado servi\u00e7o, a Eletronuclear contratou a empresa AF Consult Ltd, que se associou \u00e0s empresas AF Consult do Brasil e Engevix. A empresa AF Consult do Brasil conta com a participa\u00e7\u00e3o da empresa finlandesa AF Consult Ltd e Argeplan, que, conforme as investiga\u00e7\u00f5es revelaram, est\u00e1 ligada a Michel Temer e ao Coronel Lima. Em raz\u00e3o de a AF Consult do Brasil e a Argeplan n\u00e3o terem pessoal e expertise suficientes para a realiza\u00e7\u00e3o dos servi\u00e7os, houve a subcontrata\u00e7\u00e3o da Engevix. No curso do contrato, conforme apurado, Coronel Lima solicitou ao s\u00f3cio da empresa Engevix o pagamento de propina, em benef\u00edcio de Michel Temer.<\/p>\n\n\n\n<p> A propina foi paga no final de 2014 com transfer\u00eancias totalizando R$ 1.091.000,00 da empresa Alumi Publicidades para a empresa PDA Projeto e Dire\u00e7\u00e3o Arquitet\u00f4nica, controlada por Coronel Lima. Para justificar as transfer\u00eancias de valores foram simulados contratos de presta\u00e7\u00e3o de servi\u00e7os da empresa PDA para a empresa Alumi. O empres\u00e1rio que pagou a propina afirma ter prestado contas de tal pagamento para o Coronel Lima e Moreira Franco.<\/p>\n\n\n\n<p>As investiga\u00e7\u00f5es demonstraram que os pagamentos feitos \u00e0 empresa AF Consult do Brasil ensejaram o desvio de R$ 10.859.000,00, tendo em vista que a referida empresa n\u00e3o possu\u00eda capacidade t\u00e9cnica, nem pessoal para a presta\u00e7\u00e3o dos servi\u00e7os para os quais foi contratada.<\/p>\n\n\n\n<p>As investiga\u00e7\u00f5es apontam que a organiza\u00e7\u00e3o criminosa praticou diversos crimes envolvendo variados \u00f3rg\u00e3os p\u00fablicos e empresas estatais, tendo sido prometido, pago ou desviado para o grupo o valor de mais de R$ 1,8 bilh\u00e3o. A investiga\u00e7\u00e3o atual mostra ainda que diversas pessoas f\u00edsicas e jur\u00eddicas usadas de maneira interposta na rede de lavagem de ativos de Michel Temer continuam recebendo e movimentando valores il\u00edcitos, al\u00e9m de permanecerem ocultando valores, inclusive no exterior. Quase todos os atos comprados por meio de propina continuam em vig\u00eancia e muitos dos valores prometidos como propina seguem pendentes de pagamento ao longo dos pr\u00f3ximos anos. <\/p>\n\n\n\n<p>As apura\u00e7\u00f5es tamb\u00e9m indicaram uma esp\u00e9cie de bra\u00e7o da organiza\u00e7\u00e3o, especializado em atos de contraintelig\u00eancia, a fim de dificultar as investiga\u00e7\u00f5es, tais como o monitoramento das investiga\u00e7\u00f5es e dos investigadores, a combina\u00e7\u00e3o de vers\u00f5es entre os investigados e, inclusive, seus subordinados, e a produ\u00e7\u00e3o de documentos forjados para despistar o estado atual das investiga\u00e7\u00f5es. <\/p>\n\n\n\n<p>O Minist\u00e9rio P\u00fablico Federal requereu a pris\u00e3o preventiva de alguns dos investigados, pois, todos esses fatos somados apontam para a exist\u00eancia de uma organiza\u00e7\u00e3o criminosa em plena opera\u00e7\u00e3o, envolvida em atos concretos de clara gravidade.<br><br><\/p>\n\n\n\n<p><strong><a href=\"http:\/\/www.mpf.mp.br\/rj\/sala-de-imprensa\/docs\/pr-rj\/cautelar-temer-21-03-19\" target=\"_blank\" rel=\"noreferrer noopener\" aria-label=\" (abre numa nova aba)\">\u00cdntegra da cautelar<\/a><\/strong><\/p>\n","protected":false},"excerpt":{"rendered":"<p>A pedido da For\u00e7a-Tarefa da Lava Jato do Rio de Janeiro, a Justi\u00e7a Federal determinou a pris\u00e3o preventiva do ex-presidente da Rep\u00fablica Michel Temer, de Jo\u00e3o Baptista Lima Filho (Coronel Lima), do ex-ministro de Minas e Energia, Moreira Franco, de Maria Rita Fratezi, de Carlos Alberto Costa, de Carlos Alberto Costa Filho, Vanderlei de Natale [&hellip;]<\/p>\n","protected":false},"author":1,"featured_media":7095,"comment_status":"open","ping_status":"open","sticky":false,"template":"","format":"standard","meta":{"tdm_status":"","tdm_grid_status":"","footnotes":""},"categories":[6],"tags":[147,28,1637],"class_list":["post-7094","post","type-post","status-publish","format-standard","has-post-thumbnail","hentry","category-noticias","tag-brasil","tag-marketing","tag-policia-federal"],"yoast_head":"<!-- This site is optimized with the Yoast SEO plugin v27.5 - https:\/\/yoast.com\/product\/yoast-seo-wordpress\/ -->\n<title>PF prende o ex-presidente Michel Temer em opera\u00e7\u00e3o da for\u00e7a-tarefa da Lava Jato - CidadeMarketing<\/title>\n<meta name=\"robots\" content=\"index, follow, max-snippet:-1, max-image-preview:large, max-video-preview:-1\" \/>\n<link rel=\"canonical\" href=\"https:\/\/www.cidademarketing.com.br\/marketing\/2019\/03\/21\/pf-prende-o-ex-presidente-michel-temer-em-operacao-da-forca-tarefa-da-lava-jato\/\" \/>\n<meta property=\"og:locale\" content=\"pt_BR\" \/>\n<meta property=\"og:type\" content=\"article\" \/>\n<meta property=\"og:title\" content=\"PF prende o ex-presidente Michel Temer em opera\u00e7\u00e3o da for\u00e7a-tarefa da Lava Jato - CidadeMarketing\" \/>\n<meta property=\"og:description\" content=\"A pedido da For\u00e7a-Tarefa da Lava Jato do Rio de Janeiro, a Justi\u00e7a Federal determinou a pris\u00e3o preventiva do ex-presidente da Rep\u00fablica Michel Temer, de Jo\u00e3o Baptista Lima Filho (Coronel Lima), do ex-ministro de Minas e Energia, Moreira Franco, de Maria Rita Fratezi, de Carlos Alberto Costa, de Carlos Alberto Costa Filho, Vanderlei de Natale [&hellip;]\" \/>\n<meta property=\"og:url\" content=\"https:\/\/www.cidademarketing.com.br\/marketing\/2019\/03\/21\/pf-prende-o-ex-presidente-michel-temer-em-operacao-da-forca-tarefa-da-lava-jato\/\" \/>\n<meta property=\"og:site_name\" content=\"CidadeMarketing\" \/>\n<meta property=\"article:publisher\" content=\"https:\/\/www.facebook.com\/portalcidademarketing\" \/>\n<meta property=\"article:author\" content=\"https:\/\/www.facebook.com\/thalesbrandao\" \/>\n<meta property=\"article:published_time\" content=\"2019-03-21T14:23:44+00:00\" \/>\n<meta property=\"article:modified_time\" content=\"2019-03-21T20:26:48+00:00\" \/>\n<meta property=\"og:image\" content=\"https:\/\/www.cidademarketing.com.br\/marketing\/wp-content\/uploads\/2019\/03\/michel_temer_preso.jpg\" \/>\n\t<meta property=\"og:image:width\" content=\"1184\" \/>\n\t<meta property=\"og:image:height\" content=\"592\" \/>\n\t<meta property=\"og:image:type\" content=\"image\/jpeg\" \/>\n<meta name=\"author\" content=\"Thales Brand\u00e3o\" \/>\n<meta name=\"twitter:card\" content=\"summary_large_image\" \/>\n<meta name=\"twitter:creator\" content=\"@http:\/\/www.twitter.com\/thalesbrandao\" \/>\n<meta name=\"twitter:site\" content=\"@CidadeMarketing\" \/>\n<meta name=\"twitter:label1\" content=\"Escrito por\" \/>\n\t<meta name=\"twitter:data1\" content=\"Thales Brand\u00e3o\" \/>\n\t<meta name=\"twitter:label2\" content=\"Est. tempo de leitura\" \/>\n\t<meta name=\"twitter:data2\" content=\"4 minutos\" \/>\n<script type=\"application\/ld+json\" class=\"yoast-schema-graph\">{\"@context\":\"https:\\\/\\\/schema.org\",\"@graph\":[{\"@type\":\"Article\",\"@id\":\"https:\\\/\\\/www.cidademarketing.com.br\\\/marketing\\\/2019\\\/03\\\/21\\\/pf-prende-o-ex-presidente-michel-temer-em-operacao-da-forca-tarefa-da-lava-jato\\\/#article\",\"isPartOf\":{\"@id\":\"https:\\\/\\\/www.cidademarketing.com.br\\\/marketing\\\/2019\\\/03\\\/21\\\/pf-prende-o-ex-presidente-michel-temer-em-operacao-da-forca-tarefa-da-lava-jato\\\/\"},\"author\":{\"name\":\"Thales Brand\u00e3o\",\"@id\":\"https:\\\/\\\/www.cidademarketing.com.br\\\/marketing\\\/#\\\/schema\\\/person\\\/02daff9f18bd9378c9e01eb6b2db155f\"},\"headline\":\"PF prende o ex-presidente Michel Temer em opera\u00e7\u00e3o da for\u00e7a-tarefa da Lava Jato\",\"datePublished\":\"2019-03-21T14:23:44+00:00\",\"dateModified\":\"2019-03-21T20:26:48+00:00\",\"mainEntityOfPage\":{\"@id\":\"https:\\\/\\\/www.cidademarketing.com.br\\\/marketing\\\/2019\\\/03\\\/21\\\/pf-prende-o-ex-presidente-michel-temer-em-operacao-da-forca-tarefa-da-lava-jato\\\/\"},\"wordCount\":804,\"commentCount\":0,\"publisher\":{\"@id\":\"https:\\\/\\\/www.cidademarketing.com.br\\\/marketing\\\/#organization\"},\"image\":{\"@id\":\"https:\\\/\\\/www.cidademarketing.com.br\\\/marketing\\\/2019\\\/03\\\/21\\\/pf-prende-o-ex-presidente-michel-temer-em-operacao-da-forca-tarefa-da-lava-jato\\\/#primaryimage\"},\"thumbnailUrl\":\"https:\\\/\\\/www.cidademarketing.com.br\\\/marketing\\\/wp-content\\\/uploads\\\/2019\\\/03\\\/michel_temer_preso.jpg\",\"keywords\":[\"Brasil\",\"marketing\",\"Pol\u00edcia Federal\"],\"articleSection\":[\"Not\u00edcias\"],\"inLanguage\":\"pt-BR\",\"potentialAction\":[{\"@type\":\"CommentAction\",\"name\":\"Comment\",\"target\":[\"https:\\\/\\\/www.cidademarketing.com.br\\\/marketing\\\/2019\\\/03\\\/21\\\/pf-prende-o-ex-presidente-michel-temer-em-operacao-da-forca-tarefa-da-lava-jato\\\/#respond\"]}]},{\"@type\":\"WebPage\",\"@id\":\"https:\\\/\\\/www.cidademarketing.com.br\\\/marketing\\\/2019\\\/03\\\/21\\\/pf-prende-o-ex-presidente-michel-temer-em-operacao-da-forca-tarefa-da-lava-jato\\\/\",\"url\":\"https:\\\/\\\/www.cidademarketing.com.br\\\/marketing\\\/2019\\\/03\\\/21\\\/pf-prende-o-ex-presidente-michel-temer-em-operacao-da-forca-tarefa-da-lava-jato\\\/\",\"name\":\"PF prende o ex-presidente Michel Temer em opera\u00e7\u00e3o da for\u00e7a-tarefa da Lava Jato - CidadeMarketing\",\"isPartOf\":{\"@id\":\"https:\\\/\\\/www.cidademarketing.com.br\\\/marketing\\\/#website\"},\"primaryImageOfPage\":{\"@id\":\"https:\\\/\\\/www.cidademarketing.com.br\\\/marketing\\\/2019\\\/03\\\/21\\\/pf-prende-o-ex-presidente-michel-temer-em-operacao-da-forca-tarefa-da-lava-jato\\\/#primaryimage\"},\"image\":{\"@id\":\"https:\\\/\\\/www.cidademarketing.com.br\\\/marketing\\\/2019\\\/03\\\/21\\\/pf-prende-o-ex-presidente-michel-temer-em-operacao-da-forca-tarefa-da-lava-jato\\\/#primaryimage\"},\"thumbnailUrl\":\"https:\\\/\\\/www.cidademarketing.com.br\\\/marketing\\\/wp-content\\\/uploads\\\/2019\\\/03\\\/michel_temer_preso.jpg\",\"datePublished\":\"2019-03-21T14:23:44+00:00\",\"dateModified\":\"2019-03-21T20:26:48+00:00\",\"breadcrumb\":{\"@id\":\"https:\\\/\\\/www.cidademarketing.com.br\\\/marketing\\\/2019\\\/03\\\/21\\\/pf-prende-o-ex-presidente-michel-temer-em-operacao-da-forca-tarefa-da-lava-jato\\\/#breadcrumb\"},\"inLanguage\":\"pt-BR\",\"potentialAction\":[{\"@type\":\"ReadAction\",\"target\":[\"https:\\\/\\\/www.cidademarketing.com.br\\\/marketing\\\/2019\\\/03\\\/21\\\/pf-prende-o-ex-presidente-michel-temer-em-operacao-da-forca-tarefa-da-lava-jato\\\/\"]}]},{\"@type\":\"ImageObject\",\"inLanguage\":\"pt-BR\",\"@id\":\"https:\\\/\\\/www.cidademarketing.com.br\\\/marketing\\\/2019\\\/03\\\/21\\\/pf-prende-o-ex-presidente-michel-temer-em-operacao-da-forca-tarefa-da-lava-jato\\\/#primaryimage\",\"url\":\"https:\\\/\\\/www.cidademarketing.com.br\\\/marketing\\\/wp-content\\\/uploads\\\/2019\\\/03\\\/michel_temer_preso.jpg\",\"contentUrl\":\"https:\\\/\\\/www.cidademarketing.com.br\\\/marketing\\\/wp-content\\\/uploads\\\/2019\\\/03\\\/michel_temer_preso.jpg\",\"width\":1184,\"height\":592,\"caption\":\"Reprodu\u00e7\u00e3o\\\/NBR\"},{\"@type\":\"BreadcrumbList\",\"@id\":\"https:\\\/\\\/www.cidademarketing.com.br\\\/marketing\\\/2019\\\/03\\\/21\\\/pf-prende-o-ex-presidente-michel-temer-em-operacao-da-forca-tarefa-da-lava-jato\\\/#breadcrumb\",\"itemListElement\":[{\"@type\":\"ListItem\",\"position\":1,\"name\":\"In\u00edcio\",\"item\":\"https:\\\/\\\/www.cidademarketing.com.br\\\/marketing\\\/\"},{\"@type\":\"ListItem\",\"position\":2,\"name\":\"PF prende o ex-presidente Michel Temer em opera\u00e7\u00e3o da for\u00e7a-tarefa da Lava Jato\"}]},{\"@type\":\"WebSite\",\"@id\":\"https:\\\/\\\/www.cidademarketing.com.br\\\/marketing\\\/#website\",\"url\":\"https:\\\/\\\/www.cidademarketing.com.br\\\/marketing\\\/\",\"name\":\"CidadeMarketing\",\"description\":\"Somos um ve\u00edculo de comunica\u00e7\u00e3o de destaque no Brasil, reconhecido por conte\u00fados nos segmentos de marketing, empreendedorismo e inova\u00e7\u00e3o.\",\"publisher\":{\"@id\":\"https:\\\/\\\/www.cidademarketing.com.br\\\/marketing\\\/#organization\"},\"alternateName\":\"CidadeMarketing\",\"potentialAction\":[{\"@type\":\"SearchAction\",\"target\":{\"@type\":\"EntryPoint\",\"urlTemplate\":\"https:\\\/\\\/www.cidademarketing.com.br\\\/marketing\\\/?s={search_term_string}\"},\"query-input\":{\"@type\":\"PropertyValueSpecification\",\"valueRequired\":true,\"valueName\":\"search_term_string\"}}],\"inLanguage\":\"pt-BR\"},{\"@type\":\"Organization\",\"@id\":\"https:\\\/\\\/www.cidademarketing.com.br\\\/marketing\\\/#organization\",\"name\":\"CidadeMarketing\",\"alternateName\":\"CidadeMarketing\",\"url\":\"https:\\\/\\\/www.cidademarketing.com.br\\\/marketing\\\/\",\"logo\":{\"@type\":\"ImageObject\",\"inLanguage\":\"pt-BR\",\"@id\":\"https:\\\/\\\/www.cidademarketing.com.br\\\/marketing\\\/#\\\/schema\\\/logo\\\/image\\\/\",\"url\":\"https:\\\/\\\/www.cidademarketing.com.br\\\/marketing\\\/wp-content\\\/uploads\\\/2020\\\/01\\\/cidademarketing_marca_mobile.png\",\"contentUrl\":\"https:\\\/\\\/www.cidademarketing.com.br\\\/marketing\\\/wp-content\\\/uploads\\\/2020\\\/01\\\/cidademarketing_marca_mobile.png\",\"width\":230,\"height\":92,\"caption\":\"CidadeMarketing\"},\"image\":{\"@id\":\"https:\\\/\\\/www.cidademarketing.com.br\\\/marketing\\\/#\\\/schema\\\/logo\\\/image\\\/\"},\"sameAs\":[\"https:\\\/\\\/www.facebook.com\\\/portalcidademarketing\",\"https:\\\/\\\/x.com\\\/CidadeMarketing\",\"https:\\\/\\\/www.instagram.com\\\/cidademarketing\\\/\"]},{\"@type\":\"Person\",\"@id\":\"https:\\\/\\\/www.cidademarketing.com.br\\\/marketing\\\/#\\\/schema\\\/person\\\/02daff9f18bd9378c9e01eb6b2db155f\",\"name\":\"Thales Brand\u00e3o\",\"image\":{\"@type\":\"ImageObject\",\"inLanguage\":\"pt-BR\",\"@id\":\"https:\\\/\\\/secure.gravatar.com\\\/avatar\\\/7ca3206950207cc3cb48feec56a8a7898741ab725c368d99d5d7a5a50aab80c6?s=96&d=mm&r=g\",\"url\":\"https:\\\/\\\/secure.gravatar.com\\\/avatar\\\/7ca3206950207cc3cb48feec56a8a7898741ab725c368d99d5d7a5a50aab80c6?s=96&d=mm&r=g\",\"contentUrl\":\"https:\\\/\\\/secure.gravatar.com\\\/avatar\\\/7ca3206950207cc3cb48feec56a8a7898741ab725c368d99d5d7a5a50aab80c6?s=96&d=mm&r=g\",\"caption\":\"Thales Brand\u00e3o\"},\"description\":\"Editor Executivo do Portal CidadeMarketing.com.br &gt; Mestre em Comunica\u00e7\u00e3o e Sociedade pela Universidade Federal de Sergipe. Possui MBA Executivo em Administra\u00e7\u00e3o com \u00eanfase em Marketing pela Funda\u00e7\u00e3o Get\u00falio Vargas - Rio de Janeiro. Consultor, Palestrante e Pesquisador sobre Empreendedorismo, Marketing, Redes Sociais e Neg\u00f3cios Digitais. Professor, Palestrante TedxTalks e Campus Party. Twitter: @ThalesBrandao\",\"sameAs\":[\"http:\\\/\\\/www.mandacaru.com.br\",\"https:\\\/\\\/www.facebook.com\\\/thalesbrandao\",\"http:\\\/\\\/www.instagram.com.br\\\/thalesbrandaoferreira\",\"https:\\\/\\\/www.linkedin.com\\\/in\\\/thales-brand\u00e3o-3948609\\\/\",\"https:\\\/\\\/x.com\\\/http:\\\/\\\/www.twitter.com\\\/thalesbrandao\"],\"url\":\"https:\\\/\\\/www.cidademarketing.com.br\\\/marketing\\\/author\\\/thalesbrandao\\\/\"}]}<\/script>\n<!-- \/ Yoast SEO plugin. -->","yoast_head_json":{"title":"PF prende o ex-presidente Michel Temer em opera\u00e7\u00e3o da for\u00e7a-tarefa da Lava Jato - CidadeMarketing","robots":{"index":"index","follow":"follow","max-snippet":"max-snippet:-1","max-image-preview":"max-image-preview:large","max-video-preview":"max-video-preview:-1"},"canonical":"https:\/\/www.cidademarketing.com.br\/marketing\/2019\/03\/21\/pf-prende-o-ex-presidente-michel-temer-em-operacao-da-forca-tarefa-da-lava-jato\/","og_locale":"pt_BR","og_type":"article","og_title":"PF prende o ex-presidente Michel Temer em opera\u00e7\u00e3o da for\u00e7a-tarefa da Lava Jato - CidadeMarketing","og_description":"A pedido da For\u00e7a-Tarefa da Lava Jato do Rio de Janeiro, a Justi\u00e7a Federal determinou a pris\u00e3o preventiva do ex-presidente da Rep\u00fablica Michel Temer, de Jo\u00e3o Baptista Lima Filho (Coronel Lima), do ex-ministro de Minas e Energia, Moreira Franco, de Maria Rita Fratezi, de Carlos Alberto Costa, de Carlos Alberto Costa Filho, Vanderlei de Natale [&hellip;]","og_url":"https:\/\/www.cidademarketing.com.br\/marketing\/2019\/03\/21\/pf-prende-o-ex-presidente-michel-temer-em-operacao-da-forca-tarefa-da-lava-jato\/","og_site_name":"CidadeMarketing","article_publisher":"https:\/\/www.facebook.com\/portalcidademarketing","article_author":"https:\/\/www.facebook.com\/thalesbrandao","article_published_time":"2019-03-21T14:23:44+00:00","article_modified_time":"2019-03-21T20:26:48+00:00","og_image":[{"width":1184,"height":592,"url":"https:\/\/www.cidademarketing.com.br\/marketing\/wp-content\/uploads\/2019\/03\/michel_temer_preso.jpg","type":"image\/jpeg"}],"author":"Thales Brand\u00e3o","twitter_card":"summary_large_image","twitter_creator":"@http:\/\/www.twitter.com\/thalesbrandao","twitter_site":"@CidadeMarketing","twitter_misc":{"Escrito por":"Thales Brand\u00e3o","Est. tempo de leitura":"4 minutos"},"schema":{"@context":"https:\/\/schema.org","@graph":[{"@type":"Article","@id":"https:\/\/www.cidademarketing.com.br\/marketing\/2019\/03\/21\/pf-prende-o-ex-presidente-michel-temer-em-operacao-da-forca-tarefa-da-lava-jato\/#article","isPartOf":{"@id":"https:\/\/www.cidademarketing.com.br\/marketing\/2019\/03\/21\/pf-prende-o-ex-presidente-michel-temer-em-operacao-da-forca-tarefa-da-lava-jato\/"},"author":{"name":"Thales Brand\u00e3o","@id":"https:\/\/www.cidademarketing.com.br\/marketing\/#\/schema\/person\/02daff9f18bd9378c9e01eb6b2db155f"},"headline":"PF prende o ex-presidente Michel Temer em opera\u00e7\u00e3o da for\u00e7a-tarefa da Lava Jato","datePublished":"2019-03-21T14:23:44+00:00","dateModified":"2019-03-21T20:26:48+00:00","mainEntityOfPage":{"@id":"https:\/\/www.cidademarketing.com.br\/marketing\/2019\/03\/21\/pf-prende-o-ex-presidente-michel-temer-em-operacao-da-forca-tarefa-da-lava-jato\/"},"wordCount":804,"commentCount":0,"publisher":{"@id":"https:\/\/www.cidademarketing.com.br\/marketing\/#organization"},"image":{"@id":"https:\/\/www.cidademarketing.com.br\/marketing\/2019\/03\/21\/pf-prende-o-ex-presidente-michel-temer-em-operacao-da-forca-tarefa-da-lava-jato\/#primaryimage"},"thumbnailUrl":"https:\/\/www.cidademarketing.com.br\/marketing\/wp-content\/uploads\/2019\/03\/michel_temer_preso.jpg","keywords":["Brasil","marketing","Pol\u00edcia Federal"],"articleSection":["Not\u00edcias"],"inLanguage":"pt-BR","potentialAction":[{"@type":"CommentAction","name":"Comment","target":["https:\/\/www.cidademarketing.com.br\/marketing\/2019\/03\/21\/pf-prende-o-ex-presidente-michel-temer-em-operacao-da-forca-tarefa-da-lava-jato\/#respond"]}]},{"@type":"WebPage","@id":"https:\/\/www.cidademarketing.com.br\/marketing\/2019\/03\/21\/pf-prende-o-ex-presidente-michel-temer-em-operacao-da-forca-tarefa-da-lava-jato\/","url":"https:\/\/www.cidademarketing.com.br\/marketing\/2019\/03\/21\/pf-prende-o-ex-presidente-michel-temer-em-operacao-da-forca-tarefa-da-lava-jato\/","name":"PF prende o ex-presidente Michel Temer em opera\u00e7\u00e3o da for\u00e7a-tarefa da Lava Jato - CidadeMarketing","isPartOf":{"@id":"https:\/\/www.cidademarketing.com.br\/marketing\/#website"},"primaryImageOfPage":{"@id":"https:\/\/www.cidademarketing.com.br\/marketing\/2019\/03\/21\/pf-prende-o-ex-presidente-michel-temer-em-operacao-da-forca-tarefa-da-lava-jato\/#primaryimage"},"image":{"@id":"https:\/\/www.cidademarketing.com.br\/marketing\/2019\/03\/21\/pf-prende-o-ex-presidente-michel-temer-em-operacao-da-forca-tarefa-da-lava-jato\/#primaryimage"},"thumbnailUrl":"https:\/\/www.cidademarketing.com.br\/marketing\/wp-content\/uploads\/2019\/03\/michel_temer_preso.jpg","datePublished":"2019-03-21T14:23:44+00:00","dateModified":"2019-03-21T20:26:48+00:00","breadcrumb":{"@id":"https:\/\/www.cidademarketing.com.br\/marketing\/2019\/03\/21\/pf-prende-o-ex-presidente-michel-temer-em-operacao-da-forca-tarefa-da-lava-jato\/#breadcrumb"},"inLanguage":"pt-BR","potentialAction":[{"@type":"ReadAction","target":["https:\/\/www.cidademarketing.com.br\/marketing\/2019\/03\/21\/pf-prende-o-ex-presidente-michel-temer-em-operacao-da-forca-tarefa-da-lava-jato\/"]}]},{"@type":"ImageObject","inLanguage":"pt-BR","@id":"https:\/\/www.cidademarketing.com.br\/marketing\/2019\/03\/21\/pf-prende-o-ex-presidente-michel-temer-em-operacao-da-forca-tarefa-da-lava-jato\/#primaryimage","url":"https:\/\/www.cidademarketing.com.br\/marketing\/wp-content\/uploads\/2019\/03\/michel_temer_preso.jpg","contentUrl":"https:\/\/www.cidademarketing.com.br\/marketing\/wp-content\/uploads\/2019\/03\/michel_temer_preso.jpg","width":1184,"height":592,"caption":"Reprodu\u00e7\u00e3o\/NBR"},{"@type":"BreadcrumbList","@id":"https:\/\/www.cidademarketing.com.br\/marketing\/2019\/03\/21\/pf-prende-o-ex-presidente-michel-temer-em-operacao-da-forca-tarefa-da-lava-jato\/#breadcrumb","itemListElement":[{"@type":"ListItem","position":1,"name":"In\u00edcio","item":"https:\/\/www.cidademarketing.com.br\/marketing\/"},{"@type":"ListItem","position":2,"name":"PF prende o ex-presidente Michel Temer em opera\u00e7\u00e3o da for\u00e7a-tarefa da Lava Jato"}]},{"@type":"WebSite","@id":"https:\/\/www.cidademarketing.com.br\/marketing\/#website","url":"https:\/\/www.cidademarketing.com.br\/marketing\/","name":"CidadeMarketing","description":"Somos um ve\u00edculo de comunica\u00e7\u00e3o de destaque no Brasil, reconhecido por conte\u00fados nos segmentos de marketing, empreendedorismo e inova\u00e7\u00e3o.","publisher":{"@id":"https:\/\/www.cidademarketing.com.br\/marketing\/#organization"},"alternateName":"CidadeMarketing","potentialAction":[{"@type":"SearchAction","target":{"@type":"EntryPoint","urlTemplate":"https:\/\/www.cidademarketing.com.br\/marketing\/?s={search_term_string}"},"query-input":{"@type":"PropertyValueSpecification","valueRequired":true,"valueName":"search_term_string"}}],"inLanguage":"pt-BR"},{"@type":"Organization","@id":"https:\/\/www.cidademarketing.com.br\/marketing\/#organization","name":"CidadeMarketing","alternateName":"CidadeMarketing","url":"https:\/\/www.cidademarketing.com.br\/marketing\/","logo":{"@type":"ImageObject","inLanguage":"pt-BR","@id":"https:\/\/www.cidademarketing.com.br\/marketing\/#\/schema\/logo\/image\/","url":"https:\/\/www.cidademarketing.com.br\/marketing\/wp-content\/uploads\/2020\/01\/cidademarketing_marca_mobile.png","contentUrl":"https:\/\/www.cidademarketing.com.br\/marketing\/wp-content\/uploads\/2020\/01\/cidademarketing_marca_mobile.png","width":230,"height":92,"caption":"CidadeMarketing"},"image":{"@id":"https:\/\/www.cidademarketing.com.br\/marketing\/#\/schema\/logo\/image\/"},"sameAs":["https:\/\/www.facebook.com\/portalcidademarketing","https:\/\/x.com\/CidadeMarketing","https:\/\/www.instagram.com\/cidademarketing\/"]},{"@type":"Person","@id":"https:\/\/www.cidademarketing.com.br\/marketing\/#\/schema\/person\/02daff9f18bd9378c9e01eb6b2db155f","name":"Thales Brand\u00e3o","image":{"@type":"ImageObject","inLanguage":"pt-BR","@id":"https:\/\/secure.gravatar.com\/avatar\/7ca3206950207cc3cb48feec56a8a7898741ab725c368d99d5d7a5a50aab80c6?s=96&d=mm&r=g","url":"https:\/\/secure.gravatar.com\/avatar\/7ca3206950207cc3cb48feec56a8a7898741ab725c368d99d5d7a5a50aab80c6?s=96&d=mm&r=g","contentUrl":"https:\/\/secure.gravatar.com\/avatar\/7ca3206950207cc3cb48feec56a8a7898741ab725c368d99d5d7a5a50aab80c6?s=96&d=mm&r=g","caption":"Thales Brand\u00e3o"},"description":"Editor Executivo do Portal CidadeMarketing.com.br &gt; Mestre em Comunica\u00e7\u00e3o e Sociedade pela Universidade Federal de Sergipe. Possui MBA Executivo em Administra\u00e7\u00e3o com \u00eanfase em Marketing pela Funda\u00e7\u00e3o Get\u00falio Vargas - Rio de Janeiro. Consultor, Palestrante e Pesquisador sobre Empreendedorismo, Marketing, Redes Sociais e Neg\u00f3cios Digitais. Professor, Palestrante TedxTalks e Campus Party. Twitter: @ThalesBrandao","sameAs":["http:\/\/www.mandacaru.com.br","https:\/\/www.facebook.com\/thalesbrandao","http:\/\/www.instagram.com.br\/thalesbrandaoferreira","https:\/\/www.linkedin.com\/in\/thales-brand\u00e3o-3948609\/","https:\/\/x.com\/http:\/\/www.twitter.com\/thalesbrandao"],"url":"https:\/\/www.cidademarketing.com.br\/marketing\/author\/thalesbrandao\/"}]}},"amp_enabled":true,"_links":{"self":[{"href":"https:\/\/www.cidademarketing.com.br\/marketing\/wp-json\/wp\/v2\/posts\/7094","targetHints":{"allow":["GET"]}}],"collection":[{"href":"https:\/\/www.cidademarketing.com.br\/marketing\/wp-json\/wp\/v2\/posts"}],"about":[{"href":"https:\/\/www.cidademarketing.com.br\/marketing\/wp-json\/wp\/v2\/types\/post"}],"author":[{"embeddable":true,"href":"https:\/\/www.cidademarketing.com.br\/marketing\/wp-json\/wp\/v2\/users\/1"}],"replies":[{"embeddable":true,"href":"https:\/\/www.cidademarketing.com.br\/marketing\/wp-json\/wp\/v2\/comments?post=7094"}],"version-history":[{"count":4,"href":"https:\/\/www.cidademarketing.com.br\/marketing\/wp-json\/wp\/v2\/posts\/7094\/revisions"}],"predecessor-version":[{"id":7112,"href":"https:\/\/www.cidademarketing.com.br\/marketing\/wp-json\/wp\/v2\/posts\/7094\/revisions\/7112"}],"wp:featuredmedia":[{"embeddable":true,"href":"https:\/\/www.cidademarketing.com.br\/marketing\/wp-json\/wp\/v2\/media\/7095"}],"wp:attachment":[{"href":"https:\/\/www.cidademarketing.com.br\/marketing\/wp-json\/wp\/v2\/media?parent=7094"}],"wp:term":[{"taxonomy":"category","embeddable":true,"href":"https:\/\/www.cidademarketing.com.br\/marketing\/wp-json\/wp\/v2\/categories?post=7094"},{"taxonomy":"post_tag","embeddable":true,"href":"https:\/\/www.cidademarketing.com.br\/marketing\/wp-json\/wp\/v2\/tags?post=7094"}],"curies":[{"name":"wp","href":"https:\/\/api.w.org\/{rel}","templated":true}]}}