{"id":6977,"date":"2019-03-17T23:58:13","date_gmt":"2019-03-18T02:58:13","guid":{"rendered":"http:\/\/www.cidademarketing.com.br\/marketing\/?p=6977"},"modified":"2019-03-17T23:58:16","modified_gmt":"2019-03-18T02:58:16","slug":"vale-divulga-balanco-das-acoes-em-brumadinho-mg-e-regioes-circunvizinhas","status":"publish","type":"post","link":"https:\/\/www.cidademarketing.com.br\/marketing\/2019\/03\/17\/vale-divulga-balanco-das-acoes-em-brumadinho-mg-e-regioes-circunvizinhas\/","title":{"rendered":"Vale divulga balan\u00e7o das a\u00e7\u00f5es em Brumadinho (MG) e regi\u00f5es circunvizinhas"},"content":{"rendered":"\n<p><strong>A\u00e7\u00f5es humanit\u00e1rias<\/strong><\/p>\n\n\n\n<p>Desde as primeiras horas ap\u00f3s o rompimento da Barragem I, na Mina C\u00f3rrego do Feij\u00e3o, em Brumadinho (MG), a Vale tem dado todo o suporte aos atingidos e suas fam\u00edlias. A assist\u00eancia humanit\u00e1ria inclui, entre outras a\u00e7\u00f5es, o acolhimento com apoio psicossocial e atendimento m\u00e9dico emergencial; alojamento em hot\u00e9is, pousadas e moradias provis\u00f3rias; e o fornecimento de alimenta\u00e7\u00e3o, itens de higiene pessoal e primeira necessidade, medicamentos, vestu\u00e1rio e transporte. Abaixo, seguem dados das a\u00e7\u00f5es da Vale na regi\u00e3o:<\/p>\n\n\n\n<p>Doa\u00e7\u00f5es aos atingidos pelo rompimento da Barragem I, em Brumadinho:<\/p>\n\n\n\n<ul class=\"wp-block-list\"><li>Doa\u00e7\u00e3o de R$ 100 mil para cada uma das fam\u00edlias atingidas que t\u00eam v\u00edtimas do rompimento: 267 pagamentos efetuados;<\/li><li>Doa\u00e7\u00e3o de R$ 50 mil, por im\u00f3vel, a quem residia na Zona de Autossalvamento: 90 pagamentos efetuados;<\/li><li>Doa\u00e7\u00e3o de R$ 15 mil para quem teve neg\u00f3cios impactados (in\u00edcio do cadastramento); 52 pagamentos efetuados;<\/li><\/ul>\n\n\n\n<p><strong>Cabe destacar que o valor da doa\u00e7\u00e3o poder\u00e1 ser cumulativo, caso uma mesma pessoa se enquadre em mais de uma categoria entre as definidas: resid\u00eancia, atividade produtiva rural ou estabelecimento comercial.<\/strong><\/p>\n\n\n\n<ul class=\"wp-block-list\"><li>R$ 236 milh\u00f5es usados para aquisi\u00e7\u00e3o de medicamentos, de \u00e1gua, equipamentos e outros custos log\u00edsticos;<\/li><li>R$ 2,6 milh\u00f5es repassados \u00e0 Prefeitura de Brumadinho para a compra de equipamentos emergenciais e para a contrata\u00e7\u00e3o de profissionais das \u00e1reas de sa\u00fade e psicossocial, com o objetivo de ampliar a ajuda humanit\u00e1ria do munic\u00edpio aos atingidos;<\/li><li>R$ 6,5 milh\u00f5es investidos em equipamentos de ponta para o Instituto M\u00e9dico Legal (IML) de Belo Horizonte;<\/li><li>Mais de 1,4 mil profissionais trabalhando em 12 postos de atendimento aos atingidos Brumadinho, Belo Horizonte, Nova Lima e Itabiritos;<\/li><li>Mais de 6 mil atendimentos m\u00e9dicos e psicol\u00f3gicos realizados;<\/li><li>Mais de 45 mil itens de farm\u00e1cias comprados;<\/li><li>Mais de 30 milh\u00f5es de litros de \u00e1gua para consumo humano, animal e para a irriga\u00e7\u00e3o agr\u00edcola foram distribu\u00eddos para 20 munic\u00edpios;<\/li><li>10 hospitais e unidades de sa\u00fade mobilizados para atender aos atingidos;<\/li><li>239 acomoda\u00e7\u00f5es disponibilizadas;<\/li><\/ul>\n\n\n\n<p><strong>Meio Ambiente<\/strong><\/p>\n\n\n\n<ul class=\"wp-block-list\"><li>65 pontos de coletas di\u00e1rias de \u00e1gua e sedimento ao longo do rio Paraopeba, reservat\u00f3rio Tr\u00eas Marias e rio S\u00e3o Francisco;<\/li><li>Duas estruturas de hospital e abrigo de fauna;<\/li><li>430 animais resgatados;<\/li><li>78 peixes resgatados;<\/li><li>187 profissionais (entre veterin\u00e1rios, bi\u00f3logos e t\u00e9cnicos) atuando no resgate \u00e0 fauna local.<\/li><\/ul>\n\n\n\n<p><strong>Sobre as realoca\u00e7\u00f5es<\/strong><\/p>\n\n\n\n<p>As listas de realocados s\u00e3o revisadas diariamente para corre\u00e7\u00e3o de eventuais duplicidades, remo\u00e7\u00e3o de pessoas que residem fora da ZAS ou inser\u00e7\u00e3o de novos integrantes reconhecidos como impactados pelo rompimento da B1 em Brumadinho ou residentes da ZAS das barragens B3\/B4, Vargem Grande, Forquilhas l,ll,ll e Grupo.<\/p>\n\n\n\n<p>O consolidado de desabrigados at\u00e9 14 de mar\u00e7o de 2019 \u00e9:<\/p>\n\n\n\n<ul class=\"wp-block-list\"><li>Brumadinho: 272 pessoas alocadas em moradias provis\u00f3rias, hot\u00e9is, pousadas ou casa de amigos e parentes.<\/li><li>Bar\u00e3o de Cocais (barragem Sul Superior da Mina Gongo Soco): 454 pessoas alocadas em moradias provis\u00f3rias, hot\u00e9is, pousadas ou casa de amigos e parentes.<\/li><li>Macacos (barragem B3\/B4 da Mina Mar Azul): 189 pessoas em hot\u00e9is e pousadas.<\/li><li>Nova Lima (barragem Vargem Grande da Mina Vargem Grande): 32 pessoas em hot\u00e9is.<\/li><li>Ouro Preto (barragens Forquilas l, ll e lll e Grupo da Mina F\u00e1brica): 4 pessoas em pousada.<\/li><\/ul>\n\n\n\n<p>A Vale reitera que continua prestando toda a assist\u00eancia e apoio necess\u00e1rios \u00e0s fam\u00edlias residentes das ZAS, at\u00e9 que a situa\u00e7\u00e3o seja completamente normalizada.\u200b<br><\/p>\n\n\n\n<p><strong>Situa\u00e7\u00e3o dos moradores de Macacos<\/strong><\/p>\n\n\n\n<p>A Vale informou, em reuni\u00e3o de trabalho realizada nessa ter\u00e7a-feira (12\/3) no Minist\u00e9rio P\u00fablico de Minas Gerais (MPMG), em Nova Lima, que cerca de 80 pessoas da comunidade de Macacos, que se encontram alojadas pela Vale em hot\u00e9is, n\u00e3o s\u00e3o residentes na Zona de Autossalvamento (ZAS) da barragem B3\/B4 da Mina Mar Azul e, por esta raz\u00e3o, podem regressar \u00e0s suas casas. A empresa oferecer\u00e1 hospedagem at\u00e9 o pr\u00f3ximo dia 17 de mar\u00e7o, para que tenham tempo suficiente para programarem seu retorno. A empresa ressalta que, por respeito a essas pessoas, que se encontravam fora desta ZAS mas decidiram tamb\u00e9m deixar suas casas por se sentirem inseguras, acolheu at\u00e9 este momento estas fam\u00edlias em hot\u00e9is e pousadas oferecendo todo o suporte necess\u00e1rio.<\/p>\n\n\n\n<p>J\u00e1 os demais moradores que residiam na ZAS da barragem B3\/B4 (aproximadamente cem pessoas) permanecer\u00e3o em hot\u00e9is e em pousadas da regi\u00e3o. A empresa dever\u00e1 oferecer moradias tempor\u00e1rias a estas fam\u00edlias. Adicionalmente, a Vale est\u00e1 trabalhando para oferecer as devidas indeniza\u00e7\u00f5es \u00e0s pessoas que tiveram danos em decorr\u00eancia do rompimento e de evacua\u00e7\u00e3o.<\/p>\n\n\n\n<p>\u00c9 importante ressaltar que a Vale vem mantendo interlocu\u00e7\u00e3o permanente com as pessoas evacuadas, comunidade de Macacos, Minist\u00e9rio P\u00fablico, Defesa Civil, Prefeitura de Nova Lima, Pol\u00edcia Militar, Defensoria P\u00fablica de Minas Gerais e v\u00e1rios outros \u00f3rg\u00e3os envolvidos no processo, se esfor\u00e7ando para entender as demandas apresentadas e, caso confirmadas, resolv\u00ea-las de forma c\u00e9lere, sempre em comum acordo com todas as partes interessadas.<\/p>\n","protected":false},"excerpt":{"rendered":"<p>A\u00e7\u00f5es humanit\u00e1rias Desde as primeiras horas ap\u00f3s o rompimento da Barragem I, na Mina C\u00f3rrego do Feij\u00e3o, em Brumadinho (MG), a Vale tem dado todo o suporte aos atingidos e suas fam\u00edlias. A assist\u00eancia humanit\u00e1ria inclui, entre outras a\u00e7\u00f5es, o acolhimento com apoio psicossocial e atendimento m\u00e9dico emergencial; alojamento em hot\u00e9is, pousadas e moradias provis\u00f3rias; [&hellip;]<\/p>\n","protected":false},"author":1,"featured_media":6008,"comment_status":"open","ping_status":"open","sticky":false,"template":"","format":"standard","meta":{"tdm_status":"","tdm_grid_status":"","footnotes":""},"categories":[6],"tags":[1239,1238,176],"class_list":["post-6977","post","type-post","status-publish","format-standard","has-post-thumbnail","hentry","category-noticias","tag-brumadinho","tag-minas-gerais","tag-sustentabilidade"],"yoast_head":"<!-- This site is optimized with the Yoast SEO plugin v27.5 - https:\/\/yoast.com\/product\/yoast-seo-wordpress\/ -->\n<title>Vale divulga balan\u00e7o das a\u00e7\u00f5es em Brumadinho (MG) e regi\u00f5es circunvizinhas - CidadeMarketing<\/title>\n<meta name=\"robots\" content=\"index, follow, max-snippet:-1, max-image-preview:large, max-video-preview:-1\" \/>\n<link rel=\"canonical\" href=\"https:\/\/www.cidademarketing.com.br\/marketing\/2019\/03\/17\/vale-divulga-balanco-das-acoes-em-brumadinho-mg-e-regioes-circunvizinhas\/\" \/>\n<meta property=\"og:locale\" content=\"pt_BR\" \/>\n<meta property=\"og:type\" content=\"article\" \/>\n<meta property=\"og:title\" content=\"Vale divulga balan\u00e7o das a\u00e7\u00f5es em Brumadinho (MG) e regi\u00f5es circunvizinhas - CidadeMarketing\" \/>\n<meta property=\"og:description\" content=\"A\u00e7\u00f5es humanit\u00e1rias Desde as primeiras horas ap\u00f3s o rompimento da Barragem I, na Mina C\u00f3rrego do Feij\u00e3o, em Brumadinho (MG), a Vale tem dado todo o suporte aos atingidos e suas fam\u00edlias. A assist\u00eancia humanit\u00e1ria inclui, entre outras a\u00e7\u00f5es, o acolhimento com apoio psicossocial e atendimento m\u00e9dico emergencial; alojamento em hot\u00e9is, pousadas e moradias provis\u00f3rias; [&hellip;]\" \/>\n<meta property=\"og:url\" content=\"https:\/\/www.cidademarketing.com.br\/marketing\/2019\/03\/17\/vale-divulga-balanco-das-acoes-em-brumadinho-mg-e-regioes-circunvizinhas\/\" \/>\n<meta property=\"og:site_name\" content=\"CidadeMarketing\" \/>\n<meta property=\"article:publisher\" content=\"https:\/\/www.facebook.com\/portalcidademarketing\" \/>\n<meta property=\"article:author\" content=\"https:\/\/www.facebook.com\/thalesbrandao\" \/>\n<meta property=\"article:published_time\" content=\"2019-03-18T02:58:13+00:00\" \/>\n<meta property=\"article:modified_time\" content=\"2019-03-18T02:58:16+00:00\" \/>\n<meta property=\"og:image\" content=\"https:\/\/www.cidademarketing.com.br\/marketing\/wp-content\/uploads\/2019\/02\/vale.jpg\" \/>\n\t<meta property=\"og:image:width\" content=\"720\" \/>\n\t<meta property=\"og:image:height\" content=\"460\" \/>\n\t<meta property=\"og:image:type\" content=\"image\/jpeg\" \/>\n<meta name=\"author\" content=\"Thales Brand\u00e3o\" \/>\n<meta name=\"twitter:card\" content=\"summary_large_image\" \/>\n<meta name=\"twitter:creator\" content=\"@http:\/\/www.twitter.com\/thalesbrandao\" \/>\n<meta name=\"twitter:site\" content=\"@CidadeMarketing\" \/>\n<meta name=\"twitter:label1\" content=\"Escrito por\" \/>\n\t<meta name=\"twitter:data1\" content=\"Thales Brand\u00e3o\" \/>\n\t<meta name=\"twitter:label2\" content=\"Est. tempo de leitura\" \/>\n\t<meta name=\"twitter:data2\" content=\"4 minutos\" \/>\n<script type=\"application\/ld+json\" class=\"yoast-schema-graph\">{\"@context\":\"https:\\\/\\\/schema.org\",\"@graph\":[{\"@type\":\"Article\",\"@id\":\"https:\\\/\\\/www.cidademarketing.com.br\\\/marketing\\\/2019\\\/03\\\/17\\\/vale-divulga-balanco-das-acoes-em-brumadinho-mg-e-regioes-circunvizinhas\\\/#article\",\"isPartOf\":{\"@id\":\"https:\\\/\\\/www.cidademarketing.com.br\\\/marketing\\\/2019\\\/03\\\/17\\\/vale-divulga-balanco-das-acoes-em-brumadinho-mg-e-regioes-circunvizinhas\\\/\"},\"author\":{\"name\":\"Thales Brand\u00e3o\",\"@id\":\"https:\\\/\\\/www.cidademarketing.com.br\\\/marketing\\\/#\\\/schema\\\/person\\\/02daff9f18bd9378c9e01eb6b2db155f\"},\"headline\":\"Vale divulga balan\u00e7o das a\u00e7\u00f5es em Brumadinho (MG) e regi\u00f5es circunvizinhas\",\"datePublished\":\"2019-03-18T02:58:13+00:00\",\"dateModified\":\"2019-03-18T02:58:16+00:00\",\"mainEntityOfPage\":{\"@id\":\"https:\\\/\\\/www.cidademarketing.com.br\\\/marketing\\\/2019\\\/03\\\/17\\\/vale-divulga-balanco-das-acoes-em-brumadinho-mg-e-regioes-circunvizinhas\\\/\"},\"wordCount\":866,\"commentCount\":0,\"publisher\":{\"@id\":\"https:\\\/\\\/www.cidademarketing.com.br\\\/marketing\\\/#organization\"},\"image\":{\"@id\":\"https:\\\/\\\/www.cidademarketing.com.br\\\/marketing\\\/2019\\\/03\\\/17\\\/vale-divulga-balanco-das-acoes-em-brumadinho-mg-e-regioes-circunvizinhas\\\/#primaryimage\"},\"thumbnailUrl\":\"https:\\\/\\\/www.cidademarketing.com.br\\\/marketing\\\/wp-content\\\/uploads\\\/2019\\\/02\\\/vale.jpg\",\"keywords\":[\"Brumadinho\",\"Minas Gerais\",\"sustentabilidade\"],\"articleSection\":[\"Not\u00edcias\"],\"inLanguage\":\"pt-BR\",\"potentialAction\":[{\"@type\":\"CommentAction\",\"name\":\"Comment\",\"target\":[\"https:\\\/\\\/www.cidademarketing.com.br\\\/marketing\\\/2019\\\/03\\\/17\\\/vale-divulga-balanco-das-acoes-em-brumadinho-mg-e-regioes-circunvizinhas\\\/#respond\"]}]},{\"@type\":\"WebPage\",\"@id\":\"https:\\\/\\\/www.cidademarketing.com.br\\\/marketing\\\/2019\\\/03\\\/17\\\/vale-divulga-balanco-das-acoes-em-brumadinho-mg-e-regioes-circunvizinhas\\\/\",\"url\":\"https:\\\/\\\/www.cidademarketing.com.br\\\/marketing\\\/2019\\\/03\\\/17\\\/vale-divulga-balanco-das-acoes-em-brumadinho-mg-e-regioes-circunvizinhas\\\/\",\"name\":\"Vale divulga balan\u00e7o das a\u00e7\u00f5es em Brumadinho (MG) e regi\u00f5es circunvizinhas - CidadeMarketing\",\"isPartOf\":{\"@id\":\"https:\\\/\\\/www.cidademarketing.com.br\\\/marketing\\\/#website\"},\"primaryImageOfPage\":{\"@id\":\"https:\\\/\\\/www.cidademarketing.com.br\\\/marketing\\\/2019\\\/03\\\/17\\\/vale-divulga-balanco-das-acoes-em-brumadinho-mg-e-regioes-circunvizinhas\\\/#primaryimage\"},\"image\":{\"@id\":\"https:\\\/\\\/www.cidademarketing.com.br\\\/marketing\\\/2019\\\/03\\\/17\\\/vale-divulga-balanco-das-acoes-em-brumadinho-mg-e-regioes-circunvizinhas\\\/#primaryimage\"},\"thumbnailUrl\":\"https:\\\/\\\/www.cidademarketing.com.br\\\/marketing\\\/wp-content\\\/uploads\\\/2019\\\/02\\\/vale.jpg\",\"datePublished\":\"2019-03-18T02:58:13+00:00\",\"dateModified\":\"2019-03-18T02:58:16+00:00\",\"breadcrumb\":{\"@id\":\"https:\\\/\\\/www.cidademarketing.com.br\\\/marketing\\\/2019\\\/03\\\/17\\\/vale-divulga-balanco-das-acoes-em-brumadinho-mg-e-regioes-circunvizinhas\\\/#breadcrumb\"},\"inLanguage\":\"pt-BR\",\"potentialAction\":[{\"@type\":\"ReadAction\",\"target\":[\"https:\\\/\\\/www.cidademarketing.com.br\\\/marketing\\\/2019\\\/03\\\/17\\\/vale-divulga-balanco-das-acoes-em-brumadinho-mg-e-regioes-circunvizinhas\\\/\"]}]},{\"@type\":\"ImageObject\",\"inLanguage\":\"pt-BR\",\"@id\":\"https:\\\/\\\/www.cidademarketing.com.br\\\/marketing\\\/2019\\\/03\\\/17\\\/vale-divulga-balanco-das-acoes-em-brumadinho-mg-e-regioes-circunvizinhas\\\/#primaryimage\",\"url\":\"https:\\\/\\\/www.cidademarketing.com.br\\\/marketing\\\/wp-content\\\/uploads\\\/2019\\\/02\\\/vale.jpg\",\"contentUrl\":\"https:\\\/\\\/www.cidademarketing.com.br\\\/marketing\\\/wp-content\\\/uploads\\\/2019\\\/02\\\/vale.jpg\",\"width\":720,\"height\":460},{\"@type\":\"BreadcrumbList\",\"@id\":\"https:\\\/\\\/www.cidademarketing.com.br\\\/marketing\\\/2019\\\/03\\\/17\\\/vale-divulga-balanco-das-acoes-em-brumadinho-mg-e-regioes-circunvizinhas\\\/#breadcrumb\",\"itemListElement\":[{\"@type\":\"ListItem\",\"position\":1,\"name\":\"In\u00edcio\",\"item\":\"https:\\\/\\\/www.cidademarketing.com.br\\\/marketing\\\/\"},{\"@type\":\"ListItem\",\"position\":2,\"name\":\"Vale divulga balan\u00e7o das a\u00e7\u00f5es em Brumadinho (MG) e regi\u00f5es circunvizinhas\"}]},{\"@type\":\"WebSite\",\"@id\":\"https:\\\/\\\/www.cidademarketing.com.br\\\/marketing\\\/#website\",\"url\":\"https:\\\/\\\/www.cidademarketing.com.br\\\/marketing\\\/\",\"name\":\"CidadeMarketing\",\"description\":\"Somos um ve\u00edculo de comunica\u00e7\u00e3o de destaque no Brasil, reconhecido por conte\u00fados nos segmentos de marketing, empreendedorismo e inova\u00e7\u00e3o.\",\"publisher\":{\"@id\":\"https:\\\/\\\/www.cidademarketing.com.br\\\/marketing\\\/#organization\"},\"alternateName\":\"CidadeMarketing\",\"potentialAction\":[{\"@type\":\"SearchAction\",\"target\":{\"@type\":\"EntryPoint\",\"urlTemplate\":\"https:\\\/\\\/www.cidademarketing.com.br\\\/marketing\\\/?s={search_term_string}\"},\"query-input\":{\"@type\":\"PropertyValueSpecification\",\"valueRequired\":true,\"valueName\":\"search_term_string\"}}],\"inLanguage\":\"pt-BR\"},{\"@type\":\"Organization\",\"@id\":\"https:\\\/\\\/www.cidademarketing.com.br\\\/marketing\\\/#organization\",\"name\":\"CidadeMarketing\",\"alternateName\":\"CidadeMarketing\",\"url\":\"https:\\\/\\\/www.cidademarketing.com.br\\\/marketing\\\/\",\"logo\":{\"@type\":\"ImageObject\",\"inLanguage\":\"pt-BR\",\"@id\":\"https:\\\/\\\/www.cidademarketing.com.br\\\/marketing\\\/#\\\/schema\\\/logo\\\/image\\\/\",\"url\":\"https:\\\/\\\/www.cidademarketing.com.br\\\/marketing\\\/wp-content\\\/uploads\\\/2020\\\/01\\\/cidademarketing_marca_mobile.png\",\"contentUrl\":\"https:\\\/\\\/www.cidademarketing.com.br\\\/marketing\\\/wp-content\\\/uploads\\\/2020\\\/01\\\/cidademarketing_marca_mobile.png\",\"width\":230,\"height\":92,\"caption\":\"CidadeMarketing\"},\"image\":{\"@id\":\"https:\\\/\\\/www.cidademarketing.com.br\\\/marketing\\\/#\\\/schema\\\/logo\\\/image\\\/\"},\"sameAs\":[\"https:\\\/\\\/www.facebook.com\\\/portalcidademarketing\",\"https:\\\/\\\/x.com\\\/CidadeMarketing\",\"https:\\\/\\\/www.instagram.com\\\/cidademarketing\\\/\"]},{\"@type\":\"Person\",\"@id\":\"https:\\\/\\\/www.cidademarketing.com.br\\\/marketing\\\/#\\\/schema\\\/person\\\/02daff9f18bd9378c9e01eb6b2db155f\",\"name\":\"Thales Brand\u00e3o\",\"image\":{\"@type\":\"ImageObject\",\"inLanguage\":\"pt-BR\",\"@id\":\"https:\\\/\\\/secure.gravatar.com\\\/avatar\\\/7ca3206950207cc3cb48feec56a8a7898741ab725c368d99d5d7a5a50aab80c6?s=96&d=mm&r=g\",\"url\":\"https:\\\/\\\/secure.gravatar.com\\\/avatar\\\/7ca3206950207cc3cb48feec56a8a7898741ab725c368d99d5d7a5a50aab80c6?s=96&d=mm&r=g\",\"contentUrl\":\"https:\\\/\\\/secure.gravatar.com\\\/avatar\\\/7ca3206950207cc3cb48feec56a8a7898741ab725c368d99d5d7a5a50aab80c6?s=96&d=mm&r=g\",\"caption\":\"Thales Brand\u00e3o\"},\"description\":\"Editor Executivo do Portal CidadeMarketing.com.br &gt; Mestre em Comunica\u00e7\u00e3o e Sociedade pela Universidade Federal de Sergipe. Possui MBA Executivo em Administra\u00e7\u00e3o com \u00eanfase em Marketing pela Funda\u00e7\u00e3o Get\u00falio Vargas - Rio de Janeiro. Consultor, Palestrante e Pesquisador sobre Empreendedorismo, Marketing, Redes Sociais e Neg\u00f3cios Digitais. Professor, Palestrante TedxTalks e Campus Party. Twitter: @ThalesBrandao\",\"sameAs\":[\"http:\\\/\\\/www.mandacaru.com.br\",\"https:\\\/\\\/www.facebook.com\\\/thalesbrandao\",\"http:\\\/\\\/www.instagram.com.br\\\/thalesbrandaoferreira\",\"https:\\\/\\\/www.linkedin.com\\\/in\\\/thales-brand\u00e3o-3948609\\\/\",\"https:\\\/\\\/x.com\\\/http:\\\/\\\/www.twitter.com\\\/thalesbrandao\"],\"url\":\"https:\\\/\\\/www.cidademarketing.com.br\\\/marketing\\\/author\\\/thalesbrandao\\\/\"}]}<\/script>\n<!-- \/ Yoast SEO plugin. -->","yoast_head_json":{"title":"Vale divulga balan\u00e7o das a\u00e7\u00f5es em Brumadinho (MG) e regi\u00f5es circunvizinhas - CidadeMarketing","robots":{"index":"index","follow":"follow","max-snippet":"max-snippet:-1","max-image-preview":"max-image-preview:large","max-video-preview":"max-video-preview:-1"},"canonical":"https:\/\/www.cidademarketing.com.br\/marketing\/2019\/03\/17\/vale-divulga-balanco-das-acoes-em-brumadinho-mg-e-regioes-circunvizinhas\/","og_locale":"pt_BR","og_type":"article","og_title":"Vale divulga balan\u00e7o das a\u00e7\u00f5es em Brumadinho (MG) e regi\u00f5es circunvizinhas - CidadeMarketing","og_description":"A\u00e7\u00f5es humanit\u00e1rias Desde as primeiras horas ap\u00f3s o rompimento da Barragem I, na Mina C\u00f3rrego do Feij\u00e3o, em Brumadinho (MG), a Vale tem dado todo o suporte aos atingidos e suas fam\u00edlias. A assist\u00eancia humanit\u00e1ria inclui, entre outras a\u00e7\u00f5es, o acolhimento com apoio psicossocial e atendimento m\u00e9dico emergencial; alojamento em hot\u00e9is, pousadas e moradias provis\u00f3rias; [&hellip;]","og_url":"https:\/\/www.cidademarketing.com.br\/marketing\/2019\/03\/17\/vale-divulga-balanco-das-acoes-em-brumadinho-mg-e-regioes-circunvizinhas\/","og_site_name":"CidadeMarketing","article_publisher":"https:\/\/www.facebook.com\/portalcidademarketing","article_author":"https:\/\/www.facebook.com\/thalesbrandao","article_published_time":"2019-03-18T02:58:13+00:00","article_modified_time":"2019-03-18T02:58:16+00:00","og_image":[{"width":720,"height":460,"url":"https:\/\/www.cidademarketing.com.br\/marketing\/wp-content\/uploads\/2019\/02\/vale.jpg","type":"image\/jpeg"}],"author":"Thales Brand\u00e3o","twitter_card":"summary_large_image","twitter_creator":"@http:\/\/www.twitter.com\/thalesbrandao","twitter_site":"@CidadeMarketing","twitter_misc":{"Escrito por":"Thales Brand\u00e3o","Est. tempo de leitura":"4 minutos"},"schema":{"@context":"https:\/\/schema.org","@graph":[{"@type":"Article","@id":"https:\/\/www.cidademarketing.com.br\/marketing\/2019\/03\/17\/vale-divulga-balanco-das-acoes-em-brumadinho-mg-e-regioes-circunvizinhas\/#article","isPartOf":{"@id":"https:\/\/www.cidademarketing.com.br\/marketing\/2019\/03\/17\/vale-divulga-balanco-das-acoes-em-brumadinho-mg-e-regioes-circunvizinhas\/"},"author":{"name":"Thales Brand\u00e3o","@id":"https:\/\/www.cidademarketing.com.br\/marketing\/#\/schema\/person\/02daff9f18bd9378c9e01eb6b2db155f"},"headline":"Vale divulga balan\u00e7o das a\u00e7\u00f5es em Brumadinho (MG) e regi\u00f5es circunvizinhas","datePublished":"2019-03-18T02:58:13+00:00","dateModified":"2019-03-18T02:58:16+00:00","mainEntityOfPage":{"@id":"https:\/\/www.cidademarketing.com.br\/marketing\/2019\/03\/17\/vale-divulga-balanco-das-acoes-em-brumadinho-mg-e-regioes-circunvizinhas\/"},"wordCount":866,"commentCount":0,"publisher":{"@id":"https:\/\/www.cidademarketing.com.br\/marketing\/#organization"},"image":{"@id":"https:\/\/www.cidademarketing.com.br\/marketing\/2019\/03\/17\/vale-divulga-balanco-das-acoes-em-brumadinho-mg-e-regioes-circunvizinhas\/#primaryimage"},"thumbnailUrl":"https:\/\/www.cidademarketing.com.br\/marketing\/wp-content\/uploads\/2019\/02\/vale.jpg","keywords":["Brumadinho","Minas Gerais","sustentabilidade"],"articleSection":["Not\u00edcias"],"inLanguage":"pt-BR","potentialAction":[{"@type":"CommentAction","name":"Comment","target":["https:\/\/www.cidademarketing.com.br\/marketing\/2019\/03\/17\/vale-divulga-balanco-das-acoes-em-brumadinho-mg-e-regioes-circunvizinhas\/#respond"]}]},{"@type":"WebPage","@id":"https:\/\/www.cidademarketing.com.br\/marketing\/2019\/03\/17\/vale-divulga-balanco-das-acoes-em-brumadinho-mg-e-regioes-circunvizinhas\/","url":"https:\/\/www.cidademarketing.com.br\/marketing\/2019\/03\/17\/vale-divulga-balanco-das-acoes-em-brumadinho-mg-e-regioes-circunvizinhas\/","name":"Vale divulga balan\u00e7o das a\u00e7\u00f5es em Brumadinho (MG) e regi\u00f5es circunvizinhas - CidadeMarketing","isPartOf":{"@id":"https:\/\/www.cidademarketing.com.br\/marketing\/#website"},"primaryImageOfPage":{"@id":"https:\/\/www.cidademarketing.com.br\/marketing\/2019\/03\/17\/vale-divulga-balanco-das-acoes-em-brumadinho-mg-e-regioes-circunvizinhas\/#primaryimage"},"image":{"@id":"https:\/\/www.cidademarketing.com.br\/marketing\/2019\/03\/17\/vale-divulga-balanco-das-acoes-em-brumadinho-mg-e-regioes-circunvizinhas\/#primaryimage"},"thumbnailUrl":"https:\/\/www.cidademarketing.com.br\/marketing\/wp-content\/uploads\/2019\/02\/vale.jpg","datePublished":"2019-03-18T02:58:13+00:00","dateModified":"2019-03-18T02:58:16+00:00","breadcrumb":{"@id":"https:\/\/www.cidademarketing.com.br\/marketing\/2019\/03\/17\/vale-divulga-balanco-das-acoes-em-brumadinho-mg-e-regioes-circunvizinhas\/#breadcrumb"},"inLanguage":"pt-BR","potentialAction":[{"@type":"ReadAction","target":["https:\/\/www.cidademarketing.com.br\/marketing\/2019\/03\/17\/vale-divulga-balanco-das-acoes-em-brumadinho-mg-e-regioes-circunvizinhas\/"]}]},{"@type":"ImageObject","inLanguage":"pt-BR","@id":"https:\/\/www.cidademarketing.com.br\/marketing\/2019\/03\/17\/vale-divulga-balanco-das-acoes-em-brumadinho-mg-e-regioes-circunvizinhas\/#primaryimage","url":"https:\/\/www.cidademarketing.com.br\/marketing\/wp-content\/uploads\/2019\/02\/vale.jpg","contentUrl":"https:\/\/www.cidademarketing.com.br\/marketing\/wp-content\/uploads\/2019\/02\/vale.jpg","width":720,"height":460},{"@type":"BreadcrumbList","@id":"https:\/\/www.cidademarketing.com.br\/marketing\/2019\/03\/17\/vale-divulga-balanco-das-acoes-em-brumadinho-mg-e-regioes-circunvizinhas\/#breadcrumb","itemListElement":[{"@type":"ListItem","position":1,"name":"In\u00edcio","item":"https:\/\/www.cidademarketing.com.br\/marketing\/"},{"@type":"ListItem","position":2,"name":"Vale divulga balan\u00e7o das a\u00e7\u00f5es em Brumadinho (MG) e regi\u00f5es circunvizinhas"}]},{"@type":"WebSite","@id":"https:\/\/www.cidademarketing.com.br\/marketing\/#website","url":"https:\/\/www.cidademarketing.com.br\/marketing\/","name":"CidadeMarketing","description":"Somos um ve\u00edculo de comunica\u00e7\u00e3o de destaque no Brasil, reconhecido por conte\u00fados nos segmentos de marketing, empreendedorismo e inova\u00e7\u00e3o.","publisher":{"@id":"https:\/\/www.cidademarketing.com.br\/marketing\/#organization"},"alternateName":"CidadeMarketing","potentialAction":[{"@type":"SearchAction","target":{"@type":"EntryPoint","urlTemplate":"https:\/\/www.cidademarketing.com.br\/marketing\/?s={search_term_string}"},"query-input":{"@type":"PropertyValueSpecification","valueRequired":true,"valueName":"search_term_string"}}],"inLanguage":"pt-BR"},{"@type":"Organization","@id":"https:\/\/www.cidademarketing.com.br\/marketing\/#organization","name":"CidadeMarketing","alternateName":"CidadeMarketing","url":"https:\/\/www.cidademarketing.com.br\/marketing\/","logo":{"@type":"ImageObject","inLanguage":"pt-BR","@id":"https:\/\/www.cidademarketing.com.br\/marketing\/#\/schema\/logo\/image\/","url":"https:\/\/www.cidademarketing.com.br\/marketing\/wp-content\/uploads\/2020\/01\/cidademarketing_marca_mobile.png","contentUrl":"https:\/\/www.cidademarketing.com.br\/marketing\/wp-content\/uploads\/2020\/01\/cidademarketing_marca_mobile.png","width":230,"height":92,"caption":"CidadeMarketing"},"image":{"@id":"https:\/\/www.cidademarketing.com.br\/marketing\/#\/schema\/logo\/image\/"},"sameAs":["https:\/\/www.facebook.com\/portalcidademarketing","https:\/\/x.com\/CidadeMarketing","https:\/\/www.instagram.com\/cidademarketing\/"]},{"@type":"Person","@id":"https:\/\/www.cidademarketing.com.br\/marketing\/#\/schema\/person\/02daff9f18bd9378c9e01eb6b2db155f","name":"Thales Brand\u00e3o","image":{"@type":"ImageObject","inLanguage":"pt-BR","@id":"https:\/\/secure.gravatar.com\/avatar\/7ca3206950207cc3cb48feec56a8a7898741ab725c368d99d5d7a5a50aab80c6?s=96&d=mm&r=g","url":"https:\/\/secure.gravatar.com\/avatar\/7ca3206950207cc3cb48feec56a8a7898741ab725c368d99d5d7a5a50aab80c6?s=96&d=mm&r=g","contentUrl":"https:\/\/secure.gravatar.com\/avatar\/7ca3206950207cc3cb48feec56a8a7898741ab725c368d99d5d7a5a50aab80c6?s=96&d=mm&r=g","caption":"Thales Brand\u00e3o"},"description":"Editor Executivo do Portal CidadeMarketing.com.br &gt; Mestre em Comunica\u00e7\u00e3o e Sociedade pela Universidade Federal de Sergipe. Possui MBA Executivo em Administra\u00e7\u00e3o com \u00eanfase em Marketing pela Funda\u00e7\u00e3o Get\u00falio Vargas - Rio de Janeiro. Consultor, Palestrante e Pesquisador sobre Empreendedorismo, Marketing, Redes Sociais e Neg\u00f3cios Digitais. Professor, Palestrante TedxTalks e Campus Party. Twitter: @ThalesBrandao","sameAs":["http:\/\/www.mandacaru.com.br","https:\/\/www.facebook.com\/thalesbrandao","http:\/\/www.instagram.com.br\/thalesbrandaoferreira","https:\/\/www.linkedin.com\/in\/thales-brand\u00e3o-3948609\/","https:\/\/x.com\/http:\/\/www.twitter.com\/thalesbrandao"],"url":"https:\/\/www.cidademarketing.com.br\/marketing\/author\/thalesbrandao\/"}]}},"amp_enabled":true,"_links":{"self":[{"href":"https:\/\/www.cidademarketing.com.br\/marketing\/wp-json\/wp\/v2\/posts\/6977","targetHints":{"allow":["GET"]}}],"collection":[{"href":"https:\/\/www.cidademarketing.com.br\/marketing\/wp-json\/wp\/v2\/posts"}],"about":[{"href":"https:\/\/www.cidademarketing.com.br\/marketing\/wp-json\/wp\/v2\/types\/post"}],"author":[{"embeddable":true,"href":"https:\/\/www.cidademarketing.com.br\/marketing\/wp-json\/wp\/v2\/users\/1"}],"replies":[{"embeddable":true,"href":"https:\/\/www.cidademarketing.com.br\/marketing\/wp-json\/wp\/v2\/comments?post=6977"}],"version-history":[{"count":1,"href":"https:\/\/www.cidademarketing.com.br\/marketing\/wp-json\/wp\/v2\/posts\/6977\/revisions"}],"predecessor-version":[{"id":6978,"href":"https:\/\/www.cidademarketing.com.br\/marketing\/wp-json\/wp\/v2\/posts\/6977\/revisions\/6978"}],"wp:featuredmedia":[{"embeddable":true,"href":"https:\/\/www.cidademarketing.com.br\/marketing\/wp-json\/wp\/v2\/media\/6008"}],"wp:attachment":[{"href":"https:\/\/www.cidademarketing.com.br\/marketing\/wp-json\/wp\/v2\/media?parent=6977"}],"wp:term":[{"taxonomy":"category","embeddable":true,"href":"https:\/\/www.cidademarketing.com.br\/marketing\/wp-json\/wp\/v2\/categories?post=6977"},{"taxonomy":"post_tag","embeddable":true,"href":"https:\/\/www.cidademarketing.com.br\/marketing\/wp-json\/wp\/v2\/tags?post=6977"}],"curies":[{"name":"wp","href":"https:\/\/api.w.org\/{rel}","templated":true}]}}