{"id":669,"date":"2018-07-14T23:48:04","date_gmt":"2018-07-15T02:48:04","guid":{"rendered":"http:\/\/www.cidademarketing.com.br\/marketing\/?p=669"},"modified":"2018-07-14T23:50:26","modified_gmt":"2018-07-15T02:50:26","slug":"gabriel-rossi-ministra-programa-executivo-de-inovacao-e-marketing-na-espm","status":"publish","type":"post","link":"https:\/\/www.cidademarketing.com.br\/marketing\/2018\/07\/14\/gabriel-rossi-ministra-programa-executivo-de-inovacao-e-marketing-na-espm\/","title":{"rendered":"Gabriel Rossi ministra programa executivo de inova\u00e7\u00e3o e marketing na ESPM"},"content":{"rendered":"<p>Disseminar informa\u00e7\u00f5es inovadoras, levando em considera\u00e7\u00e3o o perfil do consumidor contempor\u00e2neo e os alicerces das marcas vencedoras\u00a0para inovar em um mundo cada vez mais conectado e impactado pelas tecnologias sociais. Essa \u00e9 a proposta do programa executivo da ESPM.<\/p>\n<p>As aulas, que ficar\u00e3o a cargo de uma das maiores autoridades no assunto, Gabriel Rossi, acontecer\u00e3o nos dias 10, 11 de agosto sobre Brand Power &amp; Consumer Insights, Social Media Planning Innovation 24 e 25 de mar\u00e7o, BI e M\u00e9tricas na pr\u00e1tica 15 de setembro e Gest\u00e3o de crise e reputa\u00e7\u00e3o 26 de outubro.<\/p>\n<p>Os participantes deste formato pioneiro da ESPM conhecer\u00e3o microscopicamente o consumidor contempor\u00e2neo e os alicerces das marcas vencedoras para melhor planejamento\u00a0e\u00a0tomada de decis\u00e3o.<\/p>\n<p>Segundo Rossi, o\u00a0p\u00fablico agora parece estar cativado por uma qualidade que reflete a experi\u00eancia mais excitante, din\u00e2mica e criativa que eles possam ter. Por isso, concentram a paix\u00e3o e o poder de compra, em marcas especiais que n\u00e3o s\u00e3o apenas diferentes, mas continuam sendo diferentes em estado de evolu\u00e7\u00e3o constante.<\/p>\n<p>Al\u00e9m das aulas pr\u00e1ticas e divertidas do professor Gabriel, o curso contar\u00e1 tamb\u00e9m com alguns convidados que se destacam no mundo da comunica\u00e7\u00e3o.<\/p>\n<p>As aulas s\u00e3o essenciais para profissionais de marketing, comunica\u00e7\u00e3o, publicidade, empreendedores e demais pessoas que desejam inovar em produtos, servi\u00e7os ou processos de cria\u00e7\u00e3o. \u201cVamos falar sobre o que h\u00e1 de melhor no universo do marketing e do consumo atual\u201d<strong>,<\/strong> conclui.<\/p>\n<p><strong><u>Servi\u00e7o<\/u><\/strong><\/p>\n<p><strong>Curso: <\/strong><strong>programa executivo de inova\u00e7\u00e3o e marketing\u00a0 na ESPM<\/strong><\/p>\n<p>Inscri\u00e7\u00f5es pelo site: <a href=\"https:\/\/www.espm.br\/educacao_continuada\/programa-executivo-de-inovacao-do-marketing\/\" target=\"_blank\" rel=\"noopener\">https:\/\/www.espm.br\/educacao_continuada\/programa-executivo-de-inovacao-do-marketing\/<\/a><\/p>\n<p><strong>Local: <\/strong>ESPM \u2013 Rua Joaquim T\u00e1vora<br \/>\n<strong>Hor\u00e1rio:<\/strong> sextas-feiras, das 19h30 \u00e0s 22h30, e s\u00e1bados, das 9h \u00e0s 17h<\/p>\n<p><strong><u>Sobre Gabriel Rossi <\/u><\/strong><\/p>\n<p>Professor da ESPM, palestrante profissional em marketing, estrategista especializado na constru\u00e7\u00e3o e no gerenciamento de marcas e reputa\u00e7\u00e3o e diretor-fundador da Gabriel Rossi Consultoria, com passagens por institui\u00e7\u00f5es como Syracuse\/Aberje, Madia Marketing School, University of London e Bell School. Especialista convidado para lecionar no curso de extens\u00e3o da Funda\u00e7\u00e3o Escola de Sociologia e Pol\u00edtica (FESP) e na p\u00f3s-gradua\u00e7\u00e3o de Marketing da USP. Refer\u00eancia de mercado, Gabriel \u00e9, atualmente, o profissional no Pa\u00eds mais requisitado pela grande m\u00eddia (mainstream) para falar sobre marketing. \u00c9 citado extensivamente, sendo colunista de portais de destaque, como Mundo de Marketing. Possui diversos artigos e estudos publicados no Estad\u00e3o, em o Globo, Brasil Econ\u00f4mico, Correio Braziliense, JT, UOL, HSM e colabora com ve\u00edculos como Band News TV, Folha de S. Paulo, Revista Nova, Veja, Portal G1, entre in\u00fameros outros. Rossi e sua equipe atuam tanto no campo pol\u00edtico como no empresarial, trabalham com empresas internacionais, como Petrobras, The Marketing Store e Tetra Pak, al\u00e9m de serem candidatos ao Senado Federal. Rossi participou de momentos hist\u00f3ricos importantes, como o comentarista especial da TV Estad\u00e3o no primeiro e no segundo turno das elei\u00e7\u00f5es 2010 e comentarista oficial para a r\u00e1dio Eldorado.<\/p>\n","protected":false},"excerpt":{"rendered":"<p>Disseminar informa\u00e7\u00f5es inovadoras, levando em considera\u00e7\u00e3o o perfil do consumidor contempor\u00e2neo e os alicerces das marcas vencedoras\u00a0para inovar em um mundo cada vez mais conectado e impactado pelas tecnologias sociais. Essa \u00e9 a proposta do programa executivo da ESPM. As aulas, que ficar\u00e3o a cargo de uma das maiores autoridades no assunto, Gabriel Rossi, acontecer\u00e3o [&hellip;]<\/p>\n","protected":false},"author":1,"featured_media":672,"comment_status":"open","ping_status":"open","sticky":false,"template":"","format":"standard","meta":{"tdm_status":"","tdm_grid_status":"","footnotes":""},"categories":[11],"tags":[236,33,26],"class_list":["post-669","post","type-post","status-publish","format-standard","has-post-thumbnail","hentry","category-digital","tag-espm","tag-estrategia","tag-marketing-digital"],"yoast_head":"<!-- This site is optimized with the Yoast SEO plugin v27.5 - https:\/\/yoast.com\/product\/yoast-seo-wordpress\/ -->\n<title>Gabriel Rossi ministra programa executivo de inova\u00e7\u00e3o e marketing na ESPM - CidadeMarketing<\/title>\n<meta name=\"robots\" content=\"index, follow, max-snippet:-1, max-image-preview:large, max-video-preview:-1\" \/>\n<link rel=\"canonical\" href=\"https:\/\/www.cidademarketing.com.br\/marketing\/2018\/07\/14\/gabriel-rossi-ministra-programa-executivo-de-inovacao-e-marketing-na-espm\/\" \/>\n<meta property=\"og:locale\" content=\"pt_BR\" \/>\n<meta property=\"og:type\" content=\"article\" \/>\n<meta property=\"og:title\" content=\"Gabriel Rossi ministra programa executivo de inova\u00e7\u00e3o e marketing na ESPM - CidadeMarketing\" \/>\n<meta property=\"og:description\" content=\"Disseminar informa\u00e7\u00f5es inovadoras, levando em considera\u00e7\u00e3o o perfil do consumidor contempor\u00e2neo e os alicerces das marcas vencedoras\u00a0para inovar em um mundo cada vez mais conectado e impactado pelas tecnologias sociais. Essa \u00e9 a proposta do programa executivo da ESPM. As aulas, que ficar\u00e3o a cargo de uma das maiores autoridades no assunto, Gabriel Rossi, acontecer\u00e3o [&hellip;]\" \/>\n<meta property=\"og:url\" content=\"https:\/\/www.cidademarketing.com.br\/marketing\/2018\/07\/14\/gabriel-rossi-ministra-programa-executivo-de-inovacao-e-marketing-na-espm\/\" \/>\n<meta property=\"og:site_name\" content=\"CidadeMarketing\" \/>\n<meta property=\"article:publisher\" content=\"https:\/\/www.facebook.com\/portalcidademarketing\" \/>\n<meta property=\"article:author\" content=\"https:\/\/www.facebook.com\/thalesbrandao\" \/>\n<meta property=\"article:published_time\" content=\"2018-07-15T02:48:04+00:00\" \/>\n<meta property=\"article:modified_time\" content=\"2018-07-15T02:50:26+00:00\" \/>\n<meta property=\"og:image\" content=\"https:\/\/www.cidademarketing.com.br\/marketing\/wp-content\/uploads\/2018\/07\/espm.png\" \/>\n\t<meta property=\"og:image:width\" content=\"360\" \/>\n\t<meta property=\"og:image:height\" content=\"260\" \/>\n\t<meta property=\"og:image:type\" content=\"image\/png\" \/>\n<meta name=\"author\" content=\"Thales Brand\u00e3o\" \/>\n<meta name=\"twitter:card\" content=\"summary_large_image\" \/>\n<meta name=\"twitter:creator\" content=\"@http:\/\/www.twitter.com\/thalesbrandao\" \/>\n<meta name=\"twitter:site\" content=\"@CidadeMarketing\" \/>\n<meta name=\"twitter:label1\" content=\"Escrito por\" \/>\n\t<meta name=\"twitter:data1\" content=\"Thales Brand\u00e3o\" \/>\n\t<meta name=\"twitter:label2\" content=\"Est. tempo de leitura\" \/>\n\t<meta name=\"twitter:data2\" content=\"3 minutos\" \/>\n<script type=\"application\/ld+json\" class=\"yoast-schema-graph\">{\"@context\":\"https:\\\/\\\/schema.org\",\"@graph\":[{\"@type\":\"Article\",\"@id\":\"https:\\\/\\\/www.cidademarketing.com.br\\\/marketing\\\/2018\\\/07\\\/14\\\/gabriel-rossi-ministra-programa-executivo-de-inovacao-e-marketing-na-espm\\\/#article\",\"isPartOf\":{\"@id\":\"https:\\\/\\\/www.cidademarketing.com.br\\\/marketing\\\/2018\\\/07\\\/14\\\/gabriel-rossi-ministra-programa-executivo-de-inovacao-e-marketing-na-espm\\\/\"},\"author\":{\"name\":\"Thales Brand\u00e3o\",\"@id\":\"https:\\\/\\\/www.cidademarketing.com.br\\\/marketing\\\/#\\\/schema\\\/person\\\/02daff9f18bd9378c9e01eb6b2db155f\"},\"headline\":\"Gabriel Rossi ministra programa executivo de inova\u00e7\u00e3o e marketing na ESPM\",\"datePublished\":\"2018-07-15T02:48:04+00:00\",\"dateModified\":\"2018-07-15T02:50:26+00:00\",\"mainEntityOfPage\":{\"@id\":\"https:\\\/\\\/www.cidademarketing.com.br\\\/marketing\\\/2018\\\/07\\\/14\\\/gabriel-rossi-ministra-programa-executivo-de-inovacao-e-marketing-na-espm\\\/\"},\"wordCount\":525,\"commentCount\":0,\"publisher\":{\"@id\":\"https:\\\/\\\/www.cidademarketing.com.br\\\/marketing\\\/#organization\"},\"image\":{\"@id\":\"https:\\\/\\\/www.cidademarketing.com.br\\\/marketing\\\/2018\\\/07\\\/14\\\/gabriel-rossi-ministra-programa-executivo-de-inovacao-e-marketing-na-espm\\\/#primaryimage\"},\"thumbnailUrl\":\"https:\\\/\\\/www.cidademarketing.com.br\\\/marketing\\\/wp-content\\\/uploads\\\/2018\\\/07\\\/espm.png\",\"keywords\":[\"ESPM\",\"estrat\u00e9gia\",\"marketing digital\"],\"articleSection\":[\"Digital\"],\"inLanguage\":\"pt-BR\",\"potentialAction\":[{\"@type\":\"CommentAction\",\"name\":\"Comment\",\"target\":[\"https:\\\/\\\/www.cidademarketing.com.br\\\/marketing\\\/2018\\\/07\\\/14\\\/gabriel-rossi-ministra-programa-executivo-de-inovacao-e-marketing-na-espm\\\/#respond\"]}]},{\"@type\":\"WebPage\",\"@id\":\"https:\\\/\\\/www.cidademarketing.com.br\\\/marketing\\\/2018\\\/07\\\/14\\\/gabriel-rossi-ministra-programa-executivo-de-inovacao-e-marketing-na-espm\\\/\",\"url\":\"https:\\\/\\\/www.cidademarketing.com.br\\\/marketing\\\/2018\\\/07\\\/14\\\/gabriel-rossi-ministra-programa-executivo-de-inovacao-e-marketing-na-espm\\\/\",\"name\":\"Gabriel Rossi ministra programa executivo de inova\u00e7\u00e3o e marketing na ESPM - CidadeMarketing\",\"isPartOf\":{\"@id\":\"https:\\\/\\\/www.cidademarketing.com.br\\\/marketing\\\/#website\"},\"primaryImageOfPage\":{\"@id\":\"https:\\\/\\\/www.cidademarketing.com.br\\\/marketing\\\/2018\\\/07\\\/14\\\/gabriel-rossi-ministra-programa-executivo-de-inovacao-e-marketing-na-espm\\\/#primaryimage\"},\"image\":{\"@id\":\"https:\\\/\\\/www.cidademarketing.com.br\\\/marketing\\\/2018\\\/07\\\/14\\\/gabriel-rossi-ministra-programa-executivo-de-inovacao-e-marketing-na-espm\\\/#primaryimage\"},\"thumbnailUrl\":\"https:\\\/\\\/www.cidademarketing.com.br\\\/marketing\\\/wp-content\\\/uploads\\\/2018\\\/07\\\/espm.png\",\"datePublished\":\"2018-07-15T02:48:04+00:00\",\"dateModified\":\"2018-07-15T02:50:26+00:00\",\"breadcrumb\":{\"@id\":\"https:\\\/\\\/www.cidademarketing.com.br\\\/marketing\\\/2018\\\/07\\\/14\\\/gabriel-rossi-ministra-programa-executivo-de-inovacao-e-marketing-na-espm\\\/#breadcrumb\"},\"inLanguage\":\"pt-BR\",\"potentialAction\":[{\"@type\":\"ReadAction\",\"target\":[\"https:\\\/\\\/www.cidademarketing.com.br\\\/marketing\\\/2018\\\/07\\\/14\\\/gabriel-rossi-ministra-programa-executivo-de-inovacao-e-marketing-na-espm\\\/\"]}]},{\"@type\":\"ImageObject\",\"inLanguage\":\"pt-BR\",\"@id\":\"https:\\\/\\\/www.cidademarketing.com.br\\\/marketing\\\/2018\\\/07\\\/14\\\/gabriel-rossi-ministra-programa-executivo-de-inovacao-e-marketing-na-espm\\\/#primaryimage\",\"url\":\"https:\\\/\\\/www.cidademarketing.com.br\\\/marketing\\\/wp-content\\\/uploads\\\/2018\\\/07\\\/espm.png\",\"contentUrl\":\"https:\\\/\\\/www.cidademarketing.com.br\\\/marketing\\\/wp-content\\\/uploads\\\/2018\\\/07\\\/espm.png\",\"width\":360,\"height\":260},{\"@type\":\"BreadcrumbList\",\"@id\":\"https:\\\/\\\/www.cidademarketing.com.br\\\/marketing\\\/2018\\\/07\\\/14\\\/gabriel-rossi-ministra-programa-executivo-de-inovacao-e-marketing-na-espm\\\/#breadcrumb\",\"itemListElement\":[{\"@type\":\"ListItem\",\"position\":1,\"name\":\"In\u00edcio\",\"item\":\"https:\\\/\\\/www.cidademarketing.com.br\\\/marketing\\\/\"},{\"@type\":\"ListItem\",\"position\":2,\"name\":\"Gabriel Rossi ministra programa executivo de inova\u00e7\u00e3o e marketing na ESPM\"}]},{\"@type\":\"WebSite\",\"@id\":\"https:\\\/\\\/www.cidademarketing.com.br\\\/marketing\\\/#website\",\"url\":\"https:\\\/\\\/www.cidademarketing.com.br\\\/marketing\\\/\",\"name\":\"CidadeMarketing\",\"description\":\"Somos um ve\u00edculo de comunica\u00e7\u00e3o de destaque no Brasil, reconhecido por conte\u00fados nos segmentos de marketing, empreendedorismo e inova\u00e7\u00e3o.\",\"publisher\":{\"@id\":\"https:\\\/\\\/www.cidademarketing.com.br\\\/marketing\\\/#organization\"},\"alternateName\":\"CidadeMarketing\",\"potentialAction\":[{\"@type\":\"SearchAction\",\"target\":{\"@type\":\"EntryPoint\",\"urlTemplate\":\"https:\\\/\\\/www.cidademarketing.com.br\\\/marketing\\\/?s={search_term_string}\"},\"query-input\":{\"@type\":\"PropertyValueSpecification\",\"valueRequired\":true,\"valueName\":\"search_term_string\"}}],\"inLanguage\":\"pt-BR\"},{\"@type\":\"Organization\",\"@id\":\"https:\\\/\\\/www.cidademarketing.com.br\\\/marketing\\\/#organization\",\"name\":\"CidadeMarketing\",\"alternateName\":\"CidadeMarketing\",\"url\":\"https:\\\/\\\/www.cidademarketing.com.br\\\/marketing\\\/\",\"logo\":{\"@type\":\"ImageObject\",\"inLanguage\":\"pt-BR\",\"@id\":\"https:\\\/\\\/www.cidademarketing.com.br\\\/marketing\\\/#\\\/schema\\\/logo\\\/image\\\/\",\"url\":\"https:\\\/\\\/www.cidademarketing.com.br\\\/marketing\\\/wp-content\\\/uploads\\\/2020\\\/01\\\/cidademarketing_marca_mobile.png\",\"contentUrl\":\"https:\\\/\\\/www.cidademarketing.com.br\\\/marketing\\\/wp-content\\\/uploads\\\/2020\\\/01\\\/cidademarketing_marca_mobile.png\",\"width\":230,\"height\":92,\"caption\":\"CidadeMarketing\"},\"image\":{\"@id\":\"https:\\\/\\\/www.cidademarketing.com.br\\\/marketing\\\/#\\\/schema\\\/logo\\\/image\\\/\"},\"sameAs\":[\"https:\\\/\\\/www.facebook.com\\\/portalcidademarketing\",\"https:\\\/\\\/x.com\\\/CidadeMarketing\",\"https:\\\/\\\/www.instagram.com\\\/cidademarketing\\\/\"]},{\"@type\":\"Person\",\"@id\":\"https:\\\/\\\/www.cidademarketing.com.br\\\/marketing\\\/#\\\/schema\\\/person\\\/02daff9f18bd9378c9e01eb6b2db155f\",\"name\":\"Thales Brand\u00e3o\",\"image\":{\"@type\":\"ImageObject\",\"inLanguage\":\"pt-BR\",\"@id\":\"https:\\\/\\\/secure.gravatar.com\\\/avatar\\\/7ca3206950207cc3cb48feec56a8a7898741ab725c368d99d5d7a5a50aab80c6?s=96&d=mm&r=g\",\"url\":\"https:\\\/\\\/secure.gravatar.com\\\/avatar\\\/7ca3206950207cc3cb48feec56a8a7898741ab725c368d99d5d7a5a50aab80c6?s=96&d=mm&r=g\",\"contentUrl\":\"https:\\\/\\\/secure.gravatar.com\\\/avatar\\\/7ca3206950207cc3cb48feec56a8a7898741ab725c368d99d5d7a5a50aab80c6?s=96&d=mm&r=g\",\"caption\":\"Thales Brand\u00e3o\"},\"description\":\"Editor Executivo do Portal CidadeMarketing.com.br &gt; Mestre em Comunica\u00e7\u00e3o e Sociedade pela Universidade Federal de Sergipe. Possui MBA Executivo em Administra\u00e7\u00e3o com \u00eanfase em Marketing pela Funda\u00e7\u00e3o Get\u00falio Vargas - Rio de Janeiro. Consultor, Palestrante e Pesquisador sobre Empreendedorismo, Marketing, Redes Sociais e Neg\u00f3cios Digitais. Professor, Palestrante TedxTalks e Campus Party. Twitter: @ThalesBrandao\",\"sameAs\":[\"http:\\\/\\\/www.mandacaru.com.br\",\"https:\\\/\\\/www.facebook.com\\\/thalesbrandao\",\"http:\\\/\\\/www.instagram.com.br\\\/thalesbrandaoferreira\",\"https:\\\/\\\/www.linkedin.com\\\/in\\\/thales-brand\u00e3o-3948609\\\/\",\"https:\\\/\\\/x.com\\\/http:\\\/\\\/www.twitter.com\\\/thalesbrandao\"],\"url\":\"https:\\\/\\\/www.cidademarketing.com.br\\\/marketing\\\/author\\\/thalesbrandao\\\/\"}]}<\/script>\n<!-- \/ Yoast SEO plugin. -->","yoast_head_json":{"title":"Gabriel Rossi ministra programa executivo de inova\u00e7\u00e3o e marketing na ESPM - CidadeMarketing","robots":{"index":"index","follow":"follow","max-snippet":"max-snippet:-1","max-image-preview":"max-image-preview:large","max-video-preview":"max-video-preview:-1"},"canonical":"https:\/\/www.cidademarketing.com.br\/marketing\/2018\/07\/14\/gabriel-rossi-ministra-programa-executivo-de-inovacao-e-marketing-na-espm\/","og_locale":"pt_BR","og_type":"article","og_title":"Gabriel Rossi ministra programa executivo de inova\u00e7\u00e3o e marketing na ESPM - CidadeMarketing","og_description":"Disseminar informa\u00e7\u00f5es inovadoras, levando em considera\u00e7\u00e3o o perfil do consumidor contempor\u00e2neo e os alicerces das marcas vencedoras\u00a0para inovar em um mundo cada vez mais conectado e impactado pelas tecnologias sociais. Essa \u00e9 a proposta do programa executivo da ESPM. As aulas, que ficar\u00e3o a cargo de uma das maiores autoridades no assunto, Gabriel Rossi, acontecer\u00e3o [&hellip;]","og_url":"https:\/\/www.cidademarketing.com.br\/marketing\/2018\/07\/14\/gabriel-rossi-ministra-programa-executivo-de-inovacao-e-marketing-na-espm\/","og_site_name":"CidadeMarketing","article_publisher":"https:\/\/www.facebook.com\/portalcidademarketing","article_author":"https:\/\/www.facebook.com\/thalesbrandao","article_published_time":"2018-07-15T02:48:04+00:00","article_modified_time":"2018-07-15T02:50:26+00:00","og_image":[{"width":360,"height":260,"url":"https:\/\/www.cidademarketing.com.br\/marketing\/wp-content\/uploads\/2018\/07\/espm.png","type":"image\/png"}],"author":"Thales Brand\u00e3o","twitter_card":"summary_large_image","twitter_creator":"@http:\/\/www.twitter.com\/thalesbrandao","twitter_site":"@CidadeMarketing","twitter_misc":{"Escrito por":"Thales Brand\u00e3o","Est. tempo de leitura":"3 minutos"},"schema":{"@context":"https:\/\/schema.org","@graph":[{"@type":"Article","@id":"https:\/\/www.cidademarketing.com.br\/marketing\/2018\/07\/14\/gabriel-rossi-ministra-programa-executivo-de-inovacao-e-marketing-na-espm\/#article","isPartOf":{"@id":"https:\/\/www.cidademarketing.com.br\/marketing\/2018\/07\/14\/gabriel-rossi-ministra-programa-executivo-de-inovacao-e-marketing-na-espm\/"},"author":{"name":"Thales Brand\u00e3o","@id":"https:\/\/www.cidademarketing.com.br\/marketing\/#\/schema\/person\/02daff9f18bd9378c9e01eb6b2db155f"},"headline":"Gabriel Rossi ministra programa executivo de inova\u00e7\u00e3o e marketing na ESPM","datePublished":"2018-07-15T02:48:04+00:00","dateModified":"2018-07-15T02:50:26+00:00","mainEntityOfPage":{"@id":"https:\/\/www.cidademarketing.com.br\/marketing\/2018\/07\/14\/gabriel-rossi-ministra-programa-executivo-de-inovacao-e-marketing-na-espm\/"},"wordCount":525,"commentCount":0,"publisher":{"@id":"https:\/\/www.cidademarketing.com.br\/marketing\/#organization"},"image":{"@id":"https:\/\/www.cidademarketing.com.br\/marketing\/2018\/07\/14\/gabriel-rossi-ministra-programa-executivo-de-inovacao-e-marketing-na-espm\/#primaryimage"},"thumbnailUrl":"https:\/\/www.cidademarketing.com.br\/marketing\/wp-content\/uploads\/2018\/07\/espm.png","keywords":["ESPM","estrat\u00e9gia","marketing digital"],"articleSection":["Digital"],"inLanguage":"pt-BR","potentialAction":[{"@type":"CommentAction","name":"Comment","target":["https:\/\/www.cidademarketing.com.br\/marketing\/2018\/07\/14\/gabriel-rossi-ministra-programa-executivo-de-inovacao-e-marketing-na-espm\/#respond"]}]},{"@type":"WebPage","@id":"https:\/\/www.cidademarketing.com.br\/marketing\/2018\/07\/14\/gabriel-rossi-ministra-programa-executivo-de-inovacao-e-marketing-na-espm\/","url":"https:\/\/www.cidademarketing.com.br\/marketing\/2018\/07\/14\/gabriel-rossi-ministra-programa-executivo-de-inovacao-e-marketing-na-espm\/","name":"Gabriel Rossi ministra programa executivo de inova\u00e7\u00e3o e marketing na ESPM - CidadeMarketing","isPartOf":{"@id":"https:\/\/www.cidademarketing.com.br\/marketing\/#website"},"primaryImageOfPage":{"@id":"https:\/\/www.cidademarketing.com.br\/marketing\/2018\/07\/14\/gabriel-rossi-ministra-programa-executivo-de-inovacao-e-marketing-na-espm\/#primaryimage"},"image":{"@id":"https:\/\/www.cidademarketing.com.br\/marketing\/2018\/07\/14\/gabriel-rossi-ministra-programa-executivo-de-inovacao-e-marketing-na-espm\/#primaryimage"},"thumbnailUrl":"https:\/\/www.cidademarketing.com.br\/marketing\/wp-content\/uploads\/2018\/07\/espm.png","datePublished":"2018-07-15T02:48:04+00:00","dateModified":"2018-07-15T02:50:26+00:00","breadcrumb":{"@id":"https:\/\/www.cidademarketing.com.br\/marketing\/2018\/07\/14\/gabriel-rossi-ministra-programa-executivo-de-inovacao-e-marketing-na-espm\/#breadcrumb"},"inLanguage":"pt-BR","potentialAction":[{"@type":"ReadAction","target":["https:\/\/www.cidademarketing.com.br\/marketing\/2018\/07\/14\/gabriel-rossi-ministra-programa-executivo-de-inovacao-e-marketing-na-espm\/"]}]},{"@type":"ImageObject","inLanguage":"pt-BR","@id":"https:\/\/www.cidademarketing.com.br\/marketing\/2018\/07\/14\/gabriel-rossi-ministra-programa-executivo-de-inovacao-e-marketing-na-espm\/#primaryimage","url":"https:\/\/www.cidademarketing.com.br\/marketing\/wp-content\/uploads\/2018\/07\/espm.png","contentUrl":"https:\/\/www.cidademarketing.com.br\/marketing\/wp-content\/uploads\/2018\/07\/espm.png","width":360,"height":260},{"@type":"BreadcrumbList","@id":"https:\/\/www.cidademarketing.com.br\/marketing\/2018\/07\/14\/gabriel-rossi-ministra-programa-executivo-de-inovacao-e-marketing-na-espm\/#breadcrumb","itemListElement":[{"@type":"ListItem","position":1,"name":"In\u00edcio","item":"https:\/\/www.cidademarketing.com.br\/marketing\/"},{"@type":"ListItem","position":2,"name":"Gabriel Rossi ministra programa executivo de inova\u00e7\u00e3o e marketing na ESPM"}]},{"@type":"WebSite","@id":"https:\/\/www.cidademarketing.com.br\/marketing\/#website","url":"https:\/\/www.cidademarketing.com.br\/marketing\/","name":"CidadeMarketing","description":"Somos um ve\u00edculo de comunica\u00e7\u00e3o de destaque no Brasil, reconhecido por conte\u00fados nos segmentos de marketing, empreendedorismo e inova\u00e7\u00e3o.","publisher":{"@id":"https:\/\/www.cidademarketing.com.br\/marketing\/#organization"},"alternateName":"CidadeMarketing","potentialAction":[{"@type":"SearchAction","target":{"@type":"EntryPoint","urlTemplate":"https:\/\/www.cidademarketing.com.br\/marketing\/?s={search_term_string}"},"query-input":{"@type":"PropertyValueSpecification","valueRequired":true,"valueName":"search_term_string"}}],"inLanguage":"pt-BR"},{"@type":"Organization","@id":"https:\/\/www.cidademarketing.com.br\/marketing\/#organization","name":"CidadeMarketing","alternateName":"CidadeMarketing","url":"https:\/\/www.cidademarketing.com.br\/marketing\/","logo":{"@type":"ImageObject","inLanguage":"pt-BR","@id":"https:\/\/www.cidademarketing.com.br\/marketing\/#\/schema\/logo\/image\/","url":"https:\/\/www.cidademarketing.com.br\/marketing\/wp-content\/uploads\/2020\/01\/cidademarketing_marca_mobile.png","contentUrl":"https:\/\/www.cidademarketing.com.br\/marketing\/wp-content\/uploads\/2020\/01\/cidademarketing_marca_mobile.png","width":230,"height":92,"caption":"CidadeMarketing"},"image":{"@id":"https:\/\/www.cidademarketing.com.br\/marketing\/#\/schema\/logo\/image\/"},"sameAs":["https:\/\/www.facebook.com\/portalcidademarketing","https:\/\/x.com\/CidadeMarketing","https:\/\/www.instagram.com\/cidademarketing\/"]},{"@type":"Person","@id":"https:\/\/www.cidademarketing.com.br\/marketing\/#\/schema\/person\/02daff9f18bd9378c9e01eb6b2db155f","name":"Thales Brand\u00e3o","image":{"@type":"ImageObject","inLanguage":"pt-BR","@id":"https:\/\/secure.gravatar.com\/avatar\/7ca3206950207cc3cb48feec56a8a7898741ab725c368d99d5d7a5a50aab80c6?s=96&d=mm&r=g","url":"https:\/\/secure.gravatar.com\/avatar\/7ca3206950207cc3cb48feec56a8a7898741ab725c368d99d5d7a5a50aab80c6?s=96&d=mm&r=g","contentUrl":"https:\/\/secure.gravatar.com\/avatar\/7ca3206950207cc3cb48feec56a8a7898741ab725c368d99d5d7a5a50aab80c6?s=96&d=mm&r=g","caption":"Thales Brand\u00e3o"},"description":"Editor Executivo do Portal CidadeMarketing.com.br &gt; Mestre em Comunica\u00e7\u00e3o e Sociedade pela Universidade Federal de Sergipe. Possui MBA Executivo em Administra\u00e7\u00e3o com \u00eanfase em Marketing pela Funda\u00e7\u00e3o Get\u00falio Vargas - Rio de Janeiro. Consultor, Palestrante e Pesquisador sobre Empreendedorismo, Marketing, Redes Sociais e Neg\u00f3cios Digitais. Professor, Palestrante TedxTalks e Campus Party. Twitter: @ThalesBrandao","sameAs":["http:\/\/www.mandacaru.com.br","https:\/\/www.facebook.com\/thalesbrandao","http:\/\/www.instagram.com.br\/thalesbrandaoferreira","https:\/\/www.linkedin.com\/in\/thales-brand\u00e3o-3948609\/","https:\/\/x.com\/http:\/\/www.twitter.com\/thalesbrandao"],"url":"https:\/\/www.cidademarketing.com.br\/marketing\/author\/thalesbrandao\/"}]}},"amp_enabled":true,"_links":{"self":[{"href":"https:\/\/www.cidademarketing.com.br\/marketing\/wp-json\/wp\/v2\/posts\/669","targetHints":{"allow":["GET"]}}],"collection":[{"href":"https:\/\/www.cidademarketing.com.br\/marketing\/wp-json\/wp\/v2\/posts"}],"about":[{"href":"https:\/\/www.cidademarketing.com.br\/marketing\/wp-json\/wp\/v2\/types\/post"}],"author":[{"embeddable":true,"href":"https:\/\/www.cidademarketing.com.br\/marketing\/wp-json\/wp\/v2\/users\/1"}],"replies":[{"embeddable":true,"href":"https:\/\/www.cidademarketing.com.br\/marketing\/wp-json\/wp\/v2\/comments?post=669"}],"version-history":[{"count":1,"href":"https:\/\/www.cidademarketing.com.br\/marketing\/wp-json\/wp\/v2\/posts\/669\/revisions"}],"predecessor-version":[{"id":671,"href":"https:\/\/www.cidademarketing.com.br\/marketing\/wp-json\/wp\/v2\/posts\/669\/revisions\/671"}],"wp:featuredmedia":[{"embeddable":true,"href":"https:\/\/www.cidademarketing.com.br\/marketing\/wp-json\/wp\/v2\/media\/672"}],"wp:attachment":[{"href":"https:\/\/www.cidademarketing.com.br\/marketing\/wp-json\/wp\/v2\/media?parent=669"}],"wp:term":[{"taxonomy":"category","embeddable":true,"href":"https:\/\/www.cidademarketing.com.br\/marketing\/wp-json\/wp\/v2\/categories?post=669"},{"taxonomy":"post_tag","embeddable":true,"href":"https:\/\/www.cidademarketing.com.br\/marketing\/wp-json\/wp\/v2\/tags?post=669"}],"curies":[{"name":"wp","href":"https:\/\/api.w.org\/{rel}","templated":true}]}}