{"id":6684,"date":"2019-03-03T09:31:55","date_gmt":"2019-03-03T12:31:55","guid":{"rendered":"http:\/\/www.cidademarketing.com.br\/marketing\/?p=6684"},"modified":"2019-03-03T09:31:58","modified_gmt":"2019-03-03T12:31:58","slug":"engov-traz-bell-marques-pela-primeira-vez-no-pos-carnaval-de-sao-paulo","status":"publish","type":"post","link":"https:\/\/www.cidademarketing.com.br\/marketing\/2019\/03\/03\/engov-traz-bell-marques-pela-primeira-vez-no-pos-carnaval-de-sao-paulo\/","title":{"rendered":"ENGOV traz Bell Marques, pela primeira vez, no p\u00f3s-carnaval de S\u00e3o Paulo"},"content":{"rendered":"\n<p>A\ncada ano que passa, cresce o n\u00famero de foli\u00f5es que est\u00e3o dispostos a curtir as\nmarchinhas, fa\u00e7a chuva ou fa\u00e7a sol, principalmente na cidade de S\u00e3o Paulo, onde\no carnaval cresceu expressivamente nos \u00faltimos anos. Para deixar a festa\npopular ainda mais animada e refrescante, Engov estar\u00e1 presente em 11\nbloquinhos entre as cidades S\u00e3o Paulo, Rio de Janeiro e Olinda (Pernambuco).<\/p>\n\n\n\n<p>Engov\nacredita que a curti\u00e7\u00e3o pode estar presente em qualquer momento e o que a torna\nmais divertida e interessante s\u00e3o as pessoas que est\u00e3o nela. Para deixar os\nfoli\u00f5es ainda mais felizes, a marca patrocina, pela primeira vez, o bloco <strong>Vumbora\ncom Bell Marques<\/strong>, al\u00e9m de ativa\u00e7\u00f5es para entreter o p\u00fablico, como por\nexemplo, os famosos borrifadores de \u00e1gua no meio da curti\u00e7\u00e3o dos blocos,\ndistribui\u00e7\u00e3o de tatuagens, estandartes com a marca, entre outros.<\/p>\n\n\n\n<p><strong>Na capital paulista, a marca estar\u00e1 presente no pr\u00e9 e no p\u00f3s-carnaval<\/strong>. <\/p>\n\n\n\n<p>Na\npr\u00e9-folia, que aconteceu no \u00faltimo fim de semana de fevereiro, nos dias 23 e\n24, Engov come\u00e7ou agitando a cidade com ativa\u00e7\u00f5es especiais e patroc\u00ednio dos\nblocos: Bicho Maluco Beleza, Frevo Mulher e Monobloco. <\/p>\n\n\n\n<p>Para\ncome\u00e7ar a se despedir da grande festa e deixar saudade, S\u00e3o Paulo recebe uma\ndas maiores refer\u00eancias em ax\u00e9 e Carnaval \u2013 o bloco <strong>Vumbora com Bell Marques<\/strong>\ndurante o p\u00f3s-Carnaval de S\u00e3o Paulo, no dia 9 de mar\u00e7o. A marca tamb\u00e9m marcar\u00e1\npresen\u00e7a no centro da cidade com o bloco Orquestra Voadora.<\/p>\n\n\n\n<p><strong>Durante o Carnaval de Olinda<\/strong><\/p>\n\n\n\n<p>Pela\nsegunda vez consecutiva, a marca estar\u00e1 em uma das festas mais animadas,\nic\u00f4nicas e tradicionais do Estado de Pernambuco, no Carnaval de Olinda, terra do frevo e dos bonecos gigantes. Ela\ntrar\u00e1 para a folia os famosos bonecos de Olinda com figurinos personalizados\nque ir\u00e3o desfilar e interagir com os carnavalescos nos blocos Hoje a Mangueira\nentra (dia 2), Enquanto Isso na Sala da justi\u00e7a (dia 3) e Pitombeira dos Quatro\nCantos (dia 4).<\/p>\n\n\n\n<p><strong>Carnaval no Rio de Janeiro<\/strong><\/p>\n\n\n\n<p>Para\nos foli\u00f5es aguentarem o calor e a divers\u00e3o, a marca ter\u00e1 um caminh\u00e3o pipa\npersonalizado que refrescar\u00e1 o p\u00fablico no bloco dos Barbas (dia 2). Al\u00e9m disso,\nEngov estar\u00e1 presente nos blocos Escangalha (dia 2) e Areia (dia 3) com a\u00e7\u00f5es\npara os foli\u00f5es.<\/p>\n\n\n\n<p>Engov. Pra quem sabe\ncurtir o carnaval 2019.<\/p>\n\n\n\n<p>Engov.\nMaleato de mepiramina, hidr\u00f3xido de alum\u00ednio, \u00e1cido acetilsalic\u00edlico e cafe\u00edna.\nMS: <a href=\"http:\/\/www.hypermarcas.com.br\/marca_medicamento.php?id=222\">1.7817.0093.<\/a> Indica\u00e7\u00e3o: \u00e9\nindicado no al\u00edvio dos sintomas de dores de cabe\u00e7a e alergias.<\/p>\n\n\n\n<p><em>SE PERSISTIREM\nOS SINTOMAS, O M\u00c9DICO DEVER\u00c1 SER CONSULTADO.<\/em><\/p>\n","protected":false},"excerpt":{"rendered":"<p>A cada ano que passa, cresce o n\u00famero de foli\u00f5es que est\u00e3o dispostos a curtir as marchinhas, fa\u00e7a chuva ou fa\u00e7a sol, principalmente na cidade de S\u00e3o Paulo, onde o carnaval cresceu expressivamente nos \u00faltimos anos. Para deixar a festa popular ainda mais animada e refrescante, Engov estar\u00e1 presente em 11 bloquinhos entre as cidades [&hellip;]<\/p>\n","protected":false},"author":1,"featured_media":6685,"comment_status":"open","ping_status":"open","sticky":false,"template":"","format":"standard","meta":{"tdm_status":"","tdm_grid_status":"","footnotes":""},"categories":[6],"tags":[1209,1461,1520],"class_list":["post-6684","post","type-post","status-publish","format-standard","has-post-thumbnail","hentry","category-noticias","tag-carnaval","tag-carnaval-2019","tag-engov"],"yoast_head":"<!-- This site is optimized with the Yoast SEO plugin v27.5 - https:\/\/yoast.com\/product\/yoast-seo-wordpress\/ -->\n<title>ENGOV traz Bell Marques, pela primeira vez, no p\u00f3s-carnaval de S\u00e3o Paulo - CidadeMarketing<\/title>\n<meta name=\"robots\" content=\"index, follow, max-snippet:-1, max-image-preview:large, max-video-preview:-1\" \/>\n<link rel=\"canonical\" href=\"https:\/\/www.cidademarketing.com.br\/marketing\/2019\/03\/03\/engov-traz-bell-marques-pela-primeira-vez-no-pos-carnaval-de-sao-paulo\/\" \/>\n<meta property=\"og:locale\" content=\"pt_BR\" \/>\n<meta property=\"og:type\" content=\"article\" \/>\n<meta property=\"og:title\" content=\"ENGOV traz Bell Marques, pela primeira vez, no p\u00f3s-carnaval de S\u00e3o Paulo - CidadeMarketing\" \/>\n<meta property=\"og:description\" content=\"A cada ano que passa, cresce o n\u00famero de foli\u00f5es que est\u00e3o dispostos a curtir as marchinhas, fa\u00e7a chuva ou fa\u00e7a sol, principalmente na cidade de S\u00e3o Paulo, onde o carnaval cresceu expressivamente nos \u00faltimos anos. Para deixar a festa popular ainda mais animada e refrescante, Engov estar\u00e1 presente em 11 bloquinhos entre as cidades [&hellip;]\" \/>\n<meta property=\"og:url\" content=\"https:\/\/www.cidademarketing.com.br\/marketing\/2019\/03\/03\/engov-traz-bell-marques-pela-primeira-vez-no-pos-carnaval-de-sao-paulo\/\" \/>\n<meta property=\"og:site_name\" content=\"CidadeMarketing\" \/>\n<meta property=\"article:publisher\" content=\"https:\/\/www.facebook.com\/portalcidademarketing\" \/>\n<meta property=\"article:author\" content=\"https:\/\/www.facebook.com\/thalesbrandao\" \/>\n<meta property=\"article:published_time\" content=\"2019-03-03T12:31:55+00:00\" \/>\n<meta property=\"article:modified_time\" content=\"2019-03-03T12:31:58+00:00\" \/>\n<meta property=\"og:image\" content=\"https:\/\/www.cidademarketing.com.br\/marketing\/wp-content\/uploads\/2019\/03\/engov_carnaval_2019.jpg\" \/>\n\t<meta property=\"og:image:width\" content=\"293\" \/>\n\t<meta property=\"og:image:height\" content=\"196\" \/>\n\t<meta property=\"og:image:type\" content=\"image\/jpeg\" \/>\n<meta name=\"author\" content=\"Thales Brand\u00e3o\" \/>\n<meta name=\"twitter:card\" content=\"summary_large_image\" \/>\n<meta name=\"twitter:creator\" content=\"@http:\/\/www.twitter.com\/thalesbrandao\" \/>\n<meta name=\"twitter:site\" content=\"@CidadeMarketing\" \/>\n<meta name=\"twitter:label1\" content=\"Escrito por\" \/>\n\t<meta name=\"twitter:data1\" content=\"Thales Brand\u00e3o\" \/>\n\t<meta name=\"twitter:label2\" content=\"Est. tempo de leitura\" \/>\n\t<meta name=\"twitter:data2\" content=\"2 minutos\" \/>\n<script type=\"application\/ld+json\" class=\"yoast-schema-graph\">{\"@context\":\"https:\\\/\\\/schema.org\",\"@graph\":[{\"@type\":\"Article\",\"@id\":\"https:\\\/\\\/www.cidademarketing.com.br\\\/marketing\\\/2019\\\/03\\\/03\\\/engov-traz-bell-marques-pela-primeira-vez-no-pos-carnaval-de-sao-paulo\\\/#article\",\"isPartOf\":{\"@id\":\"https:\\\/\\\/www.cidademarketing.com.br\\\/marketing\\\/2019\\\/03\\\/03\\\/engov-traz-bell-marques-pela-primeira-vez-no-pos-carnaval-de-sao-paulo\\\/\"},\"author\":{\"name\":\"Thales Brand\u00e3o\",\"@id\":\"https:\\\/\\\/www.cidademarketing.com.br\\\/marketing\\\/#\\\/schema\\\/person\\\/02daff9f18bd9378c9e01eb6b2db155f\"},\"headline\":\"ENGOV traz Bell Marques, pela primeira vez, no p\u00f3s-carnaval de S\u00e3o Paulo\",\"datePublished\":\"2019-03-03T12:31:55+00:00\",\"dateModified\":\"2019-03-03T12:31:58+00:00\",\"mainEntityOfPage\":{\"@id\":\"https:\\\/\\\/www.cidademarketing.com.br\\\/marketing\\\/2019\\\/03\\\/03\\\/engov-traz-bell-marques-pela-primeira-vez-no-pos-carnaval-de-sao-paulo\\\/\"},\"wordCount\":459,\"commentCount\":0,\"publisher\":{\"@id\":\"https:\\\/\\\/www.cidademarketing.com.br\\\/marketing\\\/#organization\"},\"image\":{\"@id\":\"https:\\\/\\\/www.cidademarketing.com.br\\\/marketing\\\/2019\\\/03\\\/03\\\/engov-traz-bell-marques-pela-primeira-vez-no-pos-carnaval-de-sao-paulo\\\/#primaryimage\"},\"thumbnailUrl\":\"https:\\\/\\\/www.cidademarketing.com.br\\\/marketing\\\/wp-content\\\/uploads\\\/2019\\\/03\\\/engov_carnaval_2019.jpg\",\"keywords\":[\"Carnaval\",\"Carnaval 2019\",\"ENGOV\"],\"articleSection\":[\"Not\u00edcias\"],\"inLanguage\":\"pt-BR\",\"potentialAction\":[{\"@type\":\"CommentAction\",\"name\":\"Comment\",\"target\":[\"https:\\\/\\\/www.cidademarketing.com.br\\\/marketing\\\/2019\\\/03\\\/03\\\/engov-traz-bell-marques-pela-primeira-vez-no-pos-carnaval-de-sao-paulo\\\/#respond\"]}]},{\"@type\":\"WebPage\",\"@id\":\"https:\\\/\\\/www.cidademarketing.com.br\\\/marketing\\\/2019\\\/03\\\/03\\\/engov-traz-bell-marques-pela-primeira-vez-no-pos-carnaval-de-sao-paulo\\\/\",\"url\":\"https:\\\/\\\/www.cidademarketing.com.br\\\/marketing\\\/2019\\\/03\\\/03\\\/engov-traz-bell-marques-pela-primeira-vez-no-pos-carnaval-de-sao-paulo\\\/\",\"name\":\"ENGOV traz Bell Marques, pela primeira vez, no p\u00f3s-carnaval de S\u00e3o Paulo - CidadeMarketing\",\"isPartOf\":{\"@id\":\"https:\\\/\\\/www.cidademarketing.com.br\\\/marketing\\\/#website\"},\"primaryImageOfPage\":{\"@id\":\"https:\\\/\\\/www.cidademarketing.com.br\\\/marketing\\\/2019\\\/03\\\/03\\\/engov-traz-bell-marques-pela-primeira-vez-no-pos-carnaval-de-sao-paulo\\\/#primaryimage\"},\"image\":{\"@id\":\"https:\\\/\\\/www.cidademarketing.com.br\\\/marketing\\\/2019\\\/03\\\/03\\\/engov-traz-bell-marques-pela-primeira-vez-no-pos-carnaval-de-sao-paulo\\\/#primaryimage\"},\"thumbnailUrl\":\"https:\\\/\\\/www.cidademarketing.com.br\\\/marketing\\\/wp-content\\\/uploads\\\/2019\\\/03\\\/engov_carnaval_2019.jpg\",\"datePublished\":\"2019-03-03T12:31:55+00:00\",\"dateModified\":\"2019-03-03T12:31:58+00:00\",\"breadcrumb\":{\"@id\":\"https:\\\/\\\/www.cidademarketing.com.br\\\/marketing\\\/2019\\\/03\\\/03\\\/engov-traz-bell-marques-pela-primeira-vez-no-pos-carnaval-de-sao-paulo\\\/#breadcrumb\"},\"inLanguage\":\"pt-BR\",\"potentialAction\":[{\"@type\":\"ReadAction\",\"target\":[\"https:\\\/\\\/www.cidademarketing.com.br\\\/marketing\\\/2019\\\/03\\\/03\\\/engov-traz-bell-marques-pela-primeira-vez-no-pos-carnaval-de-sao-paulo\\\/\"]}]},{\"@type\":\"ImageObject\",\"inLanguage\":\"pt-BR\",\"@id\":\"https:\\\/\\\/www.cidademarketing.com.br\\\/marketing\\\/2019\\\/03\\\/03\\\/engov-traz-bell-marques-pela-primeira-vez-no-pos-carnaval-de-sao-paulo\\\/#primaryimage\",\"url\":\"https:\\\/\\\/www.cidademarketing.com.br\\\/marketing\\\/wp-content\\\/uploads\\\/2019\\\/03\\\/engov_carnaval_2019.jpg\",\"contentUrl\":\"https:\\\/\\\/www.cidademarketing.com.br\\\/marketing\\\/wp-content\\\/uploads\\\/2019\\\/03\\\/engov_carnaval_2019.jpg\",\"width\":293,\"height\":196},{\"@type\":\"BreadcrumbList\",\"@id\":\"https:\\\/\\\/www.cidademarketing.com.br\\\/marketing\\\/2019\\\/03\\\/03\\\/engov-traz-bell-marques-pela-primeira-vez-no-pos-carnaval-de-sao-paulo\\\/#breadcrumb\",\"itemListElement\":[{\"@type\":\"ListItem\",\"position\":1,\"name\":\"In\u00edcio\",\"item\":\"https:\\\/\\\/www.cidademarketing.com.br\\\/marketing\\\/\"},{\"@type\":\"ListItem\",\"position\":2,\"name\":\"ENGOV traz Bell Marques, pela primeira vez, no p\u00f3s-carnaval de S\u00e3o Paulo\"}]},{\"@type\":\"WebSite\",\"@id\":\"https:\\\/\\\/www.cidademarketing.com.br\\\/marketing\\\/#website\",\"url\":\"https:\\\/\\\/www.cidademarketing.com.br\\\/marketing\\\/\",\"name\":\"CidadeMarketing\",\"description\":\"Somos um ve\u00edculo de comunica\u00e7\u00e3o de destaque no Brasil, reconhecido por conte\u00fados nos segmentos de marketing, empreendedorismo e inova\u00e7\u00e3o.\",\"publisher\":{\"@id\":\"https:\\\/\\\/www.cidademarketing.com.br\\\/marketing\\\/#organization\"},\"alternateName\":\"CidadeMarketing\",\"potentialAction\":[{\"@type\":\"SearchAction\",\"target\":{\"@type\":\"EntryPoint\",\"urlTemplate\":\"https:\\\/\\\/www.cidademarketing.com.br\\\/marketing\\\/?s={search_term_string}\"},\"query-input\":{\"@type\":\"PropertyValueSpecification\",\"valueRequired\":true,\"valueName\":\"search_term_string\"}}],\"inLanguage\":\"pt-BR\"},{\"@type\":\"Organization\",\"@id\":\"https:\\\/\\\/www.cidademarketing.com.br\\\/marketing\\\/#organization\",\"name\":\"CidadeMarketing\",\"alternateName\":\"CidadeMarketing\",\"url\":\"https:\\\/\\\/www.cidademarketing.com.br\\\/marketing\\\/\",\"logo\":{\"@type\":\"ImageObject\",\"inLanguage\":\"pt-BR\",\"@id\":\"https:\\\/\\\/www.cidademarketing.com.br\\\/marketing\\\/#\\\/schema\\\/logo\\\/image\\\/\",\"url\":\"https:\\\/\\\/www.cidademarketing.com.br\\\/marketing\\\/wp-content\\\/uploads\\\/2020\\\/01\\\/cidademarketing_marca_mobile.png\",\"contentUrl\":\"https:\\\/\\\/www.cidademarketing.com.br\\\/marketing\\\/wp-content\\\/uploads\\\/2020\\\/01\\\/cidademarketing_marca_mobile.png\",\"width\":230,\"height\":92,\"caption\":\"CidadeMarketing\"},\"image\":{\"@id\":\"https:\\\/\\\/www.cidademarketing.com.br\\\/marketing\\\/#\\\/schema\\\/logo\\\/image\\\/\"},\"sameAs\":[\"https:\\\/\\\/www.facebook.com\\\/portalcidademarketing\",\"https:\\\/\\\/x.com\\\/CidadeMarketing\",\"https:\\\/\\\/www.instagram.com\\\/cidademarketing\\\/\"]},{\"@type\":\"Person\",\"@id\":\"https:\\\/\\\/www.cidademarketing.com.br\\\/marketing\\\/#\\\/schema\\\/person\\\/02daff9f18bd9378c9e01eb6b2db155f\",\"name\":\"Thales Brand\u00e3o\",\"image\":{\"@type\":\"ImageObject\",\"inLanguage\":\"pt-BR\",\"@id\":\"https:\\\/\\\/secure.gravatar.com\\\/avatar\\\/7ca3206950207cc3cb48feec56a8a7898741ab725c368d99d5d7a5a50aab80c6?s=96&d=mm&r=g\",\"url\":\"https:\\\/\\\/secure.gravatar.com\\\/avatar\\\/7ca3206950207cc3cb48feec56a8a7898741ab725c368d99d5d7a5a50aab80c6?s=96&d=mm&r=g\",\"contentUrl\":\"https:\\\/\\\/secure.gravatar.com\\\/avatar\\\/7ca3206950207cc3cb48feec56a8a7898741ab725c368d99d5d7a5a50aab80c6?s=96&d=mm&r=g\",\"caption\":\"Thales Brand\u00e3o\"},\"description\":\"Editor Executivo do Portal CidadeMarketing.com.br &gt; Mestre em Comunica\u00e7\u00e3o e Sociedade pela Universidade Federal de Sergipe. Possui MBA Executivo em Administra\u00e7\u00e3o com \u00eanfase em Marketing pela Funda\u00e7\u00e3o Get\u00falio Vargas - Rio de Janeiro. Consultor, Palestrante e Pesquisador sobre Empreendedorismo, Marketing, Redes Sociais e Neg\u00f3cios Digitais. Professor, Palestrante TedxTalks e Campus Party. Twitter: @ThalesBrandao\",\"sameAs\":[\"http:\\\/\\\/www.mandacaru.com.br\",\"https:\\\/\\\/www.facebook.com\\\/thalesbrandao\",\"http:\\\/\\\/www.instagram.com.br\\\/thalesbrandaoferreira\",\"https:\\\/\\\/www.linkedin.com\\\/in\\\/thales-brand\u00e3o-3948609\\\/\",\"https:\\\/\\\/x.com\\\/http:\\\/\\\/www.twitter.com\\\/thalesbrandao\"],\"url\":\"https:\\\/\\\/www.cidademarketing.com.br\\\/marketing\\\/author\\\/thalesbrandao\\\/\"}]}<\/script>\n<!-- \/ Yoast SEO plugin. -->","yoast_head_json":{"title":"ENGOV traz Bell Marques, pela primeira vez, no p\u00f3s-carnaval de S\u00e3o Paulo - CidadeMarketing","robots":{"index":"index","follow":"follow","max-snippet":"max-snippet:-1","max-image-preview":"max-image-preview:large","max-video-preview":"max-video-preview:-1"},"canonical":"https:\/\/www.cidademarketing.com.br\/marketing\/2019\/03\/03\/engov-traz-bell-marques-pela-primeira-vez-no-pos-carnaval-de-sao-paulo\/","og_locale":"pt_BR","og_type":"article","og_title":"ENGOV traz Bell Marques, pela primeira vez, no p\u00f3s-carnaval de S\u00e3o Paulo - CidadeMarketing","og_description":"A cada ano que passa, cresce o n\u00famero de foli\u00f5es que est\u00e3o dispostos a curtir as marchinhas, fa\u00e7a chuva ou fa\u00e7a sol, principalmente na cidade de S\u00e3o Paulo, onde o carnaval cresceu expressivamente nos \u00faltimos anos. Para deixar a festa popular ainda mais animada e refrescante, Engov estar\u00e1 presente em 11 bloquinhos entre as cidades [&hellip;]","og_url":"https:\/\/www.cidademarketing.com.br\/marketing\/2019\/03\/03\/engov-traz-bell-marques-pela-primeira-vez-no-pos-carnaval-de-sao-paulo\/","og_site_name":"CidadeMarketing","article_publisher":"https:\/\/www.facebook.com\/portalcidademarketing","article_author":"https:\/\/www.facebook.com\/thalesbrandao","article_published_time":"2019-03-03T12:31:55+00:00","article_modified_time":"2019-03-03T12:31:58+00:00","og_image":[{"width":293,"height":196,"url":"https:\/\/www.cidademarketing.com.br\/marketing\/wp-content\/uploads\/2019\/03\/engov_carnaval_2019.jpg","type":"image\/jpeg"}],"author":"Thales Brand\u00e3o","twitter_card":"summary_large_image","twitter_creator":"@http:\/\/www.twitter.com\/thalesbrandao","twitter_site":"@CidadeMarketing","twitter_misc":{"Escrito por":"Thales Brand\u00e3o","Est. tempo de leitura":"2 minutos"},"schema":{"@context":"https:\/\/schema.org","@graph":[{"@type":"Article","@id":"https:\/\/www.cidademarketing.com.br\/marketing\/2019\/03\/03\/engov-traz-bell-marques-pela-primeira-vez-no-pos-carnaval-de-sao-paulo\/#article","isPartOf":{"@id":"https:\/\/www.cidademarketing.com.br\/marketing\/2019\/03\/03\/engov-traz-bell-marques-pela-primeira-vez-no-pos-carnaval-de-sao-paulo\/"},"author":{"name":"Thales Brand\u00e3o","@id":"https:\/\/www.cidademarketing.com.br\/marketing\/#\/schema\/person\/02daff9f18bd9378c9e01eb6b2db155f"},"headline":"ENGOV traz Bell Marques, pela primeira vez, no p\u00f3s-carnaval de S\u00e3o Paulo","datePublished":"2019-03-03T12:31:55+00:00","dateModified":"2019-03-03T12:31:58+00:00","mainEntityOfPage":{"@id":"https:\/\/www.cidademarketing.com.br\/marketing\/2019\/03\/03\/engov-traz-bell-marques-pela-primeira-vez-no-pos-carnaval-de-sao-paulo\/"},"wordCount":459,"commentCount":0,"publisher":{"@id":"https:\/\/www.cidademarketing.com.br\/marketing\/#organization"},"image":{"@id":"https:\/\/www.cidademarketing.com.br\/marketing\/2019\/03\/03\/engov-traz-bell-marques-pela-primeira-vez-no-pos-carnaval-de-sao-paulo\/#primaryimage"},"thumbnailUrl":"https:\/\/www.cidademarketing.com.br\/marketing\/wp-content\/uploads\/2019\/03\/engov_carnaval_2019.jpg","keywords":["Carnaval","Carnaval 2019","ENGOV"],"articleSection":["Not\u00edcias"],"inLanguage":"pt-BR","potentialAction":[{"@type":"CommentAction","name":"Comment","target":["https:\/\/www.cidademarketing.com.br\/marketing\/2019\/03\/03\/engov-traz-bell-marques-pela-primeira-vez-no-pos-carnaval-de-sao-paulo\/#respond"]}]},{"@type":"WebPage","@id":"https:\/\/www.cidademarketing.com.br\/marketing\/2019\/03\/03\/engov-traz-bell-marques-pela-primeira-vez-no-pos-carnaval-de-sao-paulo\/","url":"https:\/\/www.cidademarketing.com.br\/marketing\/2019\/03\/03\/engov-traz-bell-marques-pela-primeira-vez-no-pos-carnaval-de-sao-paulo\/","name":"ENGOV traz Bell Marques, pela primeira vez, no p\u00f3s-carnaval de S\u00e3o Paulo - CidadeMarketing","isPartOf":{"@id":"https:\/\/www.cidademarketing.com.br\/marketing\/#website"},"primaryImageOfPage":{"@id":"https:\/\/www.cidademarketing.com.br\/marketing\/2019\/03\/03\/engov-traz-bell-marques-pela-primeira-vez-no-pos-carnaval-de-sao-paulo\/#primaryimage"},"image":{"@id":"https:\/\/www.cidademarketing.com.br\/marketing\/2019\/03\/03\/engov-traz-bell-marques-pela-primeira-vez-no-pos-carnaval-de-sao-paulo\/#primaryimage"},"thumbnailUrl":"https:\/\/www.cidademarketing.com.br\/marketing\/wp-content\/uploads\/2019\/03\/engov_carnaval_2019.jpg","datePublished":"2019-03-03T12:31:55+00:00","dateModified":"2019-03-03T12:31:58+00:00","breadcrumb":{"@id":"https:\/\/www.cidademarketing.com.br\/marketing\/2019\/03\/03\/engov-traz-bell-marques-pela-primeira-vez-no-pos-carnaval-de-sao-paulo\/#breadcrumb"},"inLanguage":"pt-BR","potentialAction":[{"@type":"ReadAction","target":["https:\/\/www.cidademarketing.com.br\/marketing\/2019\/03\/03\/engov-traz-bell-marques-pela-primeira-vez-no-pos-carnaval-de-sao-paulo\/"]}]},{"@type":"ImageObject","inLanguage":"pt-BR","@id":"https:\/\/www.cidademarketing.com.br\/marketing\/2019\/03\/03\/engov-traz-bell-marques-pela-primeira-vez-no-pos-carnaval-de-sao-paulo\/#primaryimage","url":"https:\/\/www.cidademarketing.com.br\/marketing\/wp-content\/uploads\/2019\/03\/engov_carnaval_2019.jpg","contentUrl":"https:\/\/www.cidademarketing.com.br\/marketing\/wp-content\/uploads\/2019\/03\/engov_carnaval_2019.jpg","width":293,"height":196},{"@type":"BreadcrumbList","@id":"https:\/\/www.cidademarketing.com.br\/marketing\/2019\/03\/03\/engov-traz-bell-marques-pela-primeira-vez-no-pos-carnaval-de-sao-paulo\/#breadcrumb","itemListElement":[{"@type":"ListItem","position":1,"name":"In\u00edcio","item":"https:\/\/www.cidademarketing.com.br\/marketing\/"},{"@type":"ListItem","position":2,"name":"ENGOV traz Bell Marques, pela primeira vez, no p\u00f3s-carnaval de S\u00e3o Paulo"}]},{"@type":"WebSite","@id":"https:\/\/www.cidademarketing.com.br\/marketing\/#website","url":"https:\/\/www.cidademarketing.com.br\/marketing\/","name":"CidadeMarketing","description":"Somos um ve\u00edculo de comunica\u00e7\u00e3o de destaque no Brasil, reconhecido por conte\u00fados nos segmentos de marketing, empreendedorismo e inova\u00e7\u00e3o.","publisher":{"@id":"https:\/\/www.cidademarketing.com.br\/marketing\/#organization"},"alternateName":"CidadeMarketing","potentialAction":[{"@type":"SearchAction","target":{"@type":"EntryPoint","urlTemplate":"https:\/\/www.cidademarketing.com.br\/marketing\/?s={search_term_string}"},"query-input":{"@type":"PropertyValueSpecification","valueRequired":true,"valueName":"search_term_string"}}],"inLanguage":"pt-BR"},{"@type":"Organization","@id":"https:\/\/www.cidademarketing.com.br\/marketing\/#organization","name":"CidadeMarketing","alternateName":"CidadeMarketing","url":"https:\/\/www.cidademarketing.com.br\/marketing\/","logo":{"@type":"ImageObject","inLanguage":"pt-BR","@id":"https:\/\/www.cidademarketing.com.br\/marketing\/#\/schema\/logo\/image\/","url":"https:\/\/www.cidademarketing.com.br\/marketing\/wp-content\/uploads\/2020\/01\/cidademarketing_marca_mobile.png","contentUrl":"https:\/\/www.cidademarketing.com.br\/marketing\/wp-content\/uploads\/2020\/01\/cidademarketing_marca_mobile.png","width":230,"height":92,"caption":"CidadeMarketing"},"image":{"@id":"https:\/\/www.cidademarketing.com.br\/marketing\/#\/schema\/logo\/image\/"},"sameAs":["https:\/\/www.facebook.com\/portalcidademarketing","https:\/\/x.com\/CidadeMarketing","https:\/\/www.instagram.com\/cidademarketing\/"]},{"@type":"Person","@id":"https:\/\/www.cidademarketing.com.br\/marketing\/#\/schema\/person\/02daff9f18bd9378c9e01eb6b2db155f","name":"Thales Brand\u00e3o","image":{"@type":"ImageObject","inLanguage":"pt-BR","@id":"https:\/\/secure.gravatar.com\/avatar\/7ca3206950207cc3cb48feec56a8a7898741ab725c368d99d5d7a5a50aab80c6?s=96&d=mm&r=g","url":"https:\/\/secure.gravatar.com\/avatar\/7ca3206950207cc3cb48feec56a8a7898741ab725c368d99d5d7a5a50aab80c6?s=96&d=mm&r=g","contentUrl":"https:\/\/secure.gravatar.com\/avatar\/7ca3206950207cc3cb48feec56a8a7898741ab725c368d99d5d7a5a50aab80c6?s=96&d=mm&r=g","caption":"Thales Brand\u00e3o"},"description":"Editor Executivo do Portal CidadeMarketing.com.br &gt; Mestre em Comunica\u00e7\u00e3o e Sociedade pela Universidade Federal de Sergipe. Possui MBA Executivo em Administra\u00e7\u00e3o com \u00eanfase em Marketing pela Funda\u00e7\u00e3o Get\u00falio Vargas - Rio de Janeiro. Consultor, Palestrante e Pesquisador sobre Empreendedorismo, Marketing, Redes Sociais e Neg\u00f3cios Digitais. Professor, Palestrante TedxTalks e Campus Party. Twitter: @ThalesBrandao","sameAs":["http:\/\/www.mandacaru.com.br","https:\/\/www.facebook.com\/thalesbrandao","http:\/\/www.instagram.com.br\/thalesbrandaoferreira","https:\/\/www.linkedin.com\/in\/thales-brand\u00e3o-3948609\/","https:\/\/x.com\/http:\/\/www.twitter.com\/thalesbrandao"],"url":"https:\/\/www.cidademarketing.com.br\/marketing\/author\/thalesbrandao\/"}]}},"amp_enabled":true,"_links":{"self":[{"href":"https:\/\/www.cidademarketing.com.br\/marketing\/wp-json\/wp\/v2\/posts\/6684","targetHints":{"allow":["GET"]}}],"collection":[{"href":"https:\/\/www.cidademarketing.com.br\/marketing\/wp-json\/wp\/v2\/posts"}],"about":[{"href":"https:\/\/www.cidademarketing.com.br\/marketing\/wp-json\/wp\/v2\/types\/post"}],"author":[{"embeddable":true,"href":"https:\/\/www.cidademarketing.com.br\/marketing\/wp-json\/wp\/v2\/users\/1"}],"replies":[{"embeddable":true,"href":"https:\/\/www.cidademarketing.com.br\/marketing\/wp-json\/wp\/v2\/comments?post=6684"}],"version-history":[{"count":1,"href":"https:\/\/www.cidademarketing.com.br\/marketing\/wp-json\/wp\/v2\/posts\/6684\/revisions"}],"predecessor-version":[{"id":6686,"href":"https:\/\/www.cidademarketing.com.br\/marketing\/wp-json\/wp\/v2\/posts\/6684\/revisions\/6686"}],"wp:featuredmedia":[{"embeddable":true,"href":"https:\/\/www.cidademarketing.com.br\/marketing\/wp-json\/wp\/v2\/media\/6685"}],"wp:attachment":[{"href":"https:\/\/www.cidademarketing.com.br\/marketing\/wp-json\/wp\/v2\/media?parent=6684"}],"wp:term":[{"taxonomy":"category","embeddable":true,"href":"https:\/\/www.cidademarketing.com.br\/marketing\/wp-json\/wp\/v2\/categories?post=6684"},{"taxonomy":"post_tag","embeddable":true,"href":"https:\/\/www.cidademarketing.com.br\/marketing\/wp-json\/wp\/v2\/tags?post=6684"}],"curies":[{"name":"wp","href":"https:\/\/api.w.org\/{rel}","templated":true}]}}