{"id":6639,"date":"2019-03-02T09:49:40","date_gmt":"2019-03-02T12:49:40","guid":{"rendered":"http:\/\/www.cidademarketing.com.br\/marketing\/?p=6639"},"modified":"2019-03-02T09:49:43","modified_gmt":"2019-03-02T12:49:43","slug":"vitarella-promove-biscoitos-da-linha-delicita-no-carnaval-de-recife-e-olinda","status":"publish","type":"post","link":"https:\/\/www.cidademarketing.com.br\/marketing\/2019\/03\/02\/vitarella-promove-biscoitos-da-linha-delicita-no-carnaval-de-recife-e-olinda\/","title":{"rendered":"Vitarella promove biscoitos da linha Delicit\u00e1 no Carnaval de Recife e Olinda"},"content":{"rendered":"\n<p>Chegou\numa das festas mais animadas do ano! A<strong>\nVitarella<\/strong>, marca l\u00edder de vendas de biscoitos no Brasil, levar\u00e1\nao p\u00fablico que curtir\u00e1 o Carnaval de Recife e Olinda biscoitos da linha\nDelicit\u00e1, a fim de deixar a folia ainda mais gostosa. Com o slogan \u201cCarnaval \u00e9\nBom. Com Delicit\u00e1 \u00e9 Irresist\u00edvel\u201d, a marca estar\u00e1 presente em v\u00e1rias pr\u00e9vias\ncarnavalescas e nos principais p\u00f3los de folia. Veja abaixo.<\/p>\n\n\n\n<p>Em\nRecife:<\/p>\n\n\n\n<ul class=\"wp-block-list\"><li>Dia\n     28 de fevereiro.<\/li><\/ul>\n\n\n\n<p>Na\nsua 14\u00aa edi\u00e7\u00e3o, <strong>Imprensa\nque Vai<\/strong>, organizado pela Folha de Pernambuco, ser\u00e1 conduzido no\nParador. Sempre com atra\u00e7\u00f5es de peso, a tradicional pr\u00e9via de Carnaval re\u00fane a\nimprensa e mundo social do estado.<\/p>\n\n\n\n<ul class=\"wp-block-list\"><li>Dia\n     2 de mar\u00e7o.<\/li><\/ul>\n\n\n\n<p>No <strong>Galo da Madrugada<\/strong>\npromotores fantasiados especialmente para a ocasi\u00e3o, acompanhados de\nestandartes, dar\u00e3o mais energia ao p\u00fablico com a distribui\u00e7\u00e3o de produtos nas\nvias do bloco.<\/p>\n\n\n\n<ul class=\"wp-block-list\"><li>De\n     3 a 5 de mar\u00e7o.<\/li><\/ul>\n\n\n\n<p>As\na\u00e7\u00f5es se estendem no <strong>Shopping\nPa\u00e7o Alf\u00e2ndega<\/strong>, um dos principais pontos de apoio para quem\ncurte a folia no Recife Antigo. O p\u00fablico que transitar\u00e1 no espa\u00e7o poder\u00e1\ndegustar <em>sampling<\/em>\nda linha Delicit\u00e1.<\/p>\n\n\n\n<p>A\nmarca tamb\u00e9m ter\u00e1 exposi\u00e7\u00e3o no projeto <strong>Cidade\nCasa do Carnaval<\/strong>, localizado no piso L3 do <strong>Shopping<\/strong> <strong>RioMar<\/strong>. Totalmente\ntem\u00e1tico, os espa\u00e7o de mais de 2 mil metros quadrados, este ano, tem estimativa\nde p\u00fablico de 500 mil pessoas atendidas. O local conta com estandes de vendas,\ntrocas de kits, customiza\u00e7\u00e3o de abad\u00e1s das principais festas de Carnaval da cidade,\nal\u00e9m de shows e apresenta\u00e7\u00f5es.<\/p>\n\n\n\n<p>Em\nOlinda:<\/p>\n\n\n\n<ul class=\"wp-block-list\"><li>De\n     3 a 5 de mar\u00e7o.<\/li><\/ul>\n\n\n\n<p>Al\u00e9m\nda distribui\u00e7\u00e3o do lan\u00e7amento da Vitarella, linha Delicit\u00e1, em especial o\nDelicit\u00e1 Cristal &#8211; levemente doce e com cristais de a\u00e7\u00facar caramelizado que\nderretem na boca -, os promotores caracterizados entregar\u00e3o aos foli\u00f5es\ntatuagens carnavalescas personalizadas da marca.<\/p>\n\n\n\n<p>A\nmarca tamb\u00e9m estar\u00e1 presente e prestigiar\u00e1 a festa da Casa Liars, \u00fanica <em>Carnaval House<\/em> com servi\u00e7o <em>All inclusive<\/em> e com card\u00e1pio\nassinado pelo chef franc\u00eas Fr\u00e9d\u00e9ric Monnier Bocuse d&#8217;Or e 2 estrelas Michelin.\nSendo uma das principais estruturas de Olinda, localizada ao lado da casa de\nAlceu Valen\u00e7a e com vista privilegiada para o centro hist\u00f3rico.<\/p>\n\n\n\n<p>\u201cO\nCarnaval \u00e9 uma das maiores festas do pa\u00eds e aproveitar esse per\u00edodo \u00e9 muito\nbom, acompanhado da linha Delicit\u00e1 fica ainda melhor. O objetivo das a\u00e7\u00f5es \u00e9\nestar pr\u00f3ximo ao consumidor nessa data e aproveitar para divulgar o lan\u00e7amento\nda marca, al\u00e9m de trazer mais energia e disposi\u00e7\u00e3o ao p\u00fablico que vai curtir a\nfolia\u201d, explica Luiza Medeiros, gerente de produto da Vitarella.<\/p>\n\n\n\n<p>Quanto\nao investimento em m\u00eddia e para fortalecer ainda mais o produto frente aos\nconsumidores neste Carnaval, \u201cestamos com <em>frontlights<\/em>\nnos principais pontos de Recife e Olinda refor\u00e7ando o mote da campanha, como\ntamb\u00e9m patrocinamos o Carnaval da TV Jornal (SBT Recife), com vinheta e VT&#8217;s em\ntoda a grade da emissora\u201d, finaliza Luiza.<\/p>\n","protected":false},"excerpt":{"rendered":"<p>Chegou uma das festas mais animadas do ano! A Vitarella, marca l\u00edder de vendas de biscoitos no Brasil, levar\u00e1 ao p\u00fablico que curtir\u00e1 o Carnaval de Recife e Olinda biscoitos da linha Delicit\u00e1, a fim de deixar a folia ainda mais gostosa. Com o slogan \u201cCarnaval \u00e9 Bom. Com Delicit\u00e1 \u00e9 Irresist\u00edvel\u201d, a marca estar\u00e1 [&hellip;]<\/p>\n","protected":false},"author":1,"featured_media":6640,"comment_status":"open","ping_status":"open","sticky":false,"template":"","format":"standard","meta":{"tdm_status":"","tdm_grid_status":"","footnotes":""},"categories":[6],"tags":[1209,33,756],"class_list":["post-6639","post","type-post","status-publish","format-standard","has-post-thumbnail","hentry","category-noticias","tag-carnaval","tag-estrategia","tag-vitarella"],"yoast_head":"<!-- This site is optimized with the Yoast SEO plugin v27.5 - https:\/\/yoast.com\/product\/yoast-seo-wordpress\/ -->\n<title>Vitarella promove biscoitos da linha Delicit\u00e1 no Carnaval de Recife e Olinda - CidadeMarketing<\/title>\n<meta name=\"robots\" content=\"index, follow, max-snippet:-1, max-image-preview:large, max-video-preview:-1\" \/>\n<link rel=\"canonical\" href=\"https:\/\/www.cidademarketing.com.br\/marketing\/2019\/03\/02\/vitarella-promove-biscoitos-da-linha-delicita-no-carnaval-de-recife-e-olinda\/\" \/>\n<meta property=\"og:locale\" content=\"pt_BR\" \/>\n<meta property=\"og:type\" content=\"article\" \/>\n<meta property=\"og:title\" content=\"Vitarella promove biscoitos da linha Delicit\u00e1 no Carnaval de Recife e Olinda - CidadeMarketing\" \/>\n<meta property=\"og:description\" content=\"Chegou uma das festas mais animadas do ano! A Vitarella, marca l\u00edder de vendas de biscoitos no Brasil, levar\u00e1 ao p\u00fablico que curtir\u00e1 o Carnaval de Recife e Olinda biscoitos da linha Delicit\u00e1, a fim de deixar a folia ainda mais gostosa. Com o slogan \u201cCarnaval \u00e9 Bom. Com Delicit\u00e1 \u00e9 Irresist\u00edvel\u201d, a marca estar\u00e1 [&hellip;]\" \/>\n<meta property=\"og:url\" content=\"https:\/\/www.cidademarketing.com.br\/marketing\/2019\/03\/02\/vitarella-promove-biscoitos-da-linha-delicita-no-carnaval-de-recife-e-olinda\/\" \/>\n<meta property=\"og:site_name\" content=\"CidadeMarketing\" \/>\n<meta property=\"article:publisher\" content=\"https:\/\/www.facebook.com\/portalcidademarketing\" \/>\n<meta property=\"article:author\" content=\"https:\/\/www.facebook.com\/thalesbrandao\" \/>\n<meta property=\"article:published_time\" content=\"2019-03-02T12:49:40+00:00\" \/>\n<meta property=\"article:modified_time\" content=\"2019-03-02T12:49:43+00:00\" \/>\n<meta property=\"og:image\" content=\"https:\/\/www.cidademarketing.com.br\/marketing\/wp-content\/uploads\/2019\/03\/delicita_vitarella.jpg\" \/>\n\t<meta property=\"og:image:width\" content=\"509\" \/>\n\t<meta property=\"og:image:height\" content=\"731\" \/>\n\t<meta property=\"og:image:type\" content=\"image\/jpeg\" \/>\n<meta name=\"author\" content=\"Thales Brand\u00e3o\" \/>\n<meta name=\"twitter:card\" content=\"summary_large_image\" \/>\n<meta name=\"twitter:creator\" content=\"@http:\/\/www.twitter.com\/thalesbrandao\" \/>\n<meta name=\"twitter:site\" content=\"@CidadeMarketing\" \/>\n<meta name=\"twitter:label1\" content=\"Escrito por\" \/>\n\t<meta name=\"twitter:data1\" content=\"Thales Brand\u00e3o\" \/>\n\t<meta name=\"twitter:label2\" content=\"Est. tempo de leitura\" \/>\n\t<meta name=\"twitter:data2\" content=\"3 minutos\" \/>\n<script type=\"application\/ld+json\" class=\"yoast-schema-graph\">{\"@context\":\"https:\\\/\\\/schema.org\",\"@graph\":[{\"@type\":\"Article\",\"@id\":\"https:\\\/\\\/www.cidademarketing.com.br\\\/marketing\\\/2019\\\/03\\\/02\\\/vitarella-promove-biscoitos-da-linha-delicita-no-carnaval-de-recife-e-olinda\\\/#article\",\"isPartOf\":{\"@id\":\"https:\\\/\\\/www.cidademarketing.com.br\\\/marketing\\\/2019\\\/03\\\/02\\\/vitarella-promove-biscoitos-da-linha-delicita-no-carnaval-de-recife-e-olinda\\\/\"},\"author\":{\"name\":\"Thales Brand\u00e3o\",\"@id\":\"https:\\\/\\\/www.cidademarketing.com.br\\\/marketing\\\/#\\\/schema\\\/person\\\/02daff9f18bd9378c9e01eb6b2db155f\"},\"headline\":\"Vitarella promove biscoitos da linha Delicit\u00e1 no Carnaval de Recife e Olinda\",\"datePublished\":\"2019-03-02T12:49:40+00:00\",\"dateModified\":\"2019-03-02T12:49:43+00:00\",\"mainEntityOfPage\":{\"@id\":\"https:\\\/\\\/www.cidademarketing.com.br\\\/marketing\\\/2019\\\/03\\\/02\\\/vitarella-promove-biscoitos-da-linha-delicita-no-carnaval-de-recife-e-olinda\\\/\"},\"wordCount\":521,\"commentCount\":0,\"publisher\":{\"@id\":\"https:\\\/\\\/www.cidademarketing.com.br\\\/marketing\\\/#organization\"},\"image\":{\"@id\":\"https:\\\/\\\/www.cidademarketing.com.br\\\/marketing\\\/2019\\\/03\\\/02\\\/vitarella-promove-biscoitos-da-linha-delicita-no-carnaval-de-recife-e-olinda\\\/#primaryimage\"},\"thumbnailUrl\":\"https:\\\/\\\/www.cidademarketing.com.br\\\/marketing\\\/wp-content\\\/uploads\\\/2019\\\/03\\\/delicita_vitarella.jpg\",\"keywords\":[\"Carnaval\",\"estrat\u00e9gia\",\"Vitarella\"],\"articleSection\":[\"Not\u00edcias\"],\"inLanguage\":\"pt-BR\",\"potentialAction\":[{\"@type\":\"CommentAction\",\"name\":\"Comment\",\"target\":[\"https:\\\/\\\/www.cidademarketing.com.br\\\/marketing\\\/2019\\\/03\\\/02\\\/vitarella-promove-biscoitos-da-linha-delicita-no-carnaval-de-recife-e-olinda\\\/#respond\"]}]},{\"@type\":\"WebPage\",\"@id\":\"https:\\\/\\\/www.cidademarketing.com.br\\\/marketing\\\/2019\\\/03\\\/02\\\/vitarella-promove-biscoitos-da-linha-delicita-no-carnaval-de-recife-e-olinda\\\/\",\"url\":\"https:\\\/\\\/www.cidademarketing.com.br\\\/marketing\\\/2019\\\/03\\\/02\\\/vitarella-promove-biscoitos-da-linha-delicita-no-carnaval-de-recife-e-olinda\\\/\",\"name\":\"Vitarella promove biscoitos da linha Delicit\u00e1 no Carnaval de Recife e Olinda - CidadeMarketing\",\"isPartOf\":{\"@id\":\"https:\\\/\\\/www.cidademarketing.com.br\\\/marketing\\\/#website\"},\"primaryImageOfPage\":{\"@id\":\"https:\\\/\\\/www.cidademarketing.com.br\\\/marketing\\\/2019\\\/03\\\/02\\\/vitarella-promove-biscoitos-da-linha-delicita-no-carnaval-de-recife-e-olinda\\\/#primaryimage\"},\"image\":{\"@id\":\"https:\\\/\\\/www.cidademarketing.com.br\\\/marketing\\\/2019\\\/03\\\/02\\\/vitarella-promove-biscoitos-da-linha-delicita-no-carnaval-de-recife-e-olinda\\\/#primaryimage\"},\"thumbnailUrl\":\"https:\\\/\\\/www.cidademarketing.com.br\\\/marketing\\\/wp-content\\\/uploads\\\/2019\\\/03\\\/delicita_vitarella.jpg\",\"datePublished\":\"2019-03-02T12:49:40+00:00\",\"dateModified\":\"2019-03-02T12:49:43+00:00\",\"breadcrumb\":{\"@id\":\"https:\\\/\\\/www.cidademarketing.com.br\\\/marketing\\\/2019\\\/03\\\/02\\\/vitarella-promove-biscoitos-da-linha-delicita-no-carnaval-de-recife-e-olinda\\\/#breadcrumb\"},\"inLanguage\":\"pt-BR\",\"potentialAction\":[{\"@type\":\"ReadAction\",\"target\":[\"https:\\\/\\\/www.cidademarketing.com.br\\\/marketing\\\/2019\\\/03\\\/02\\\/vitarella-promove-biscoitos-da-linha-delicita-no-carnaval-de-recife-e-olinda\\\/\"]}]},{\"@type\":\"ImageObject\",\"inLanguage\":\"pt-BR\",\"@id\":\"https:\\\/\\\/www.cidademarketing.com.br\\\/marketing\\\/2019\\\/03\\\/02\\\/vitarella-promove-biscoitos-da-linha-delicita-no-carnaval-de-recife-e-olinda\\\/#primaryimage\",\"url\":\"https:\\\/\\\/www.cidademarketing.com.br\\\/marketing\\\/wp-content\\\/uploads\\\/2019\\\/03\\\/delicita_vitarella.jpg\",\"contentUrl\":\"https:\\\/\\\/www.cidademarketing.com.br\\\/marketing\\\/wp-content\\\/uploads\\\/2019\\\/03\\\/delicita_vitarella.jpg\",\"width\":509,\"height\":731},{\"@type\":\"BreadcrumbList\",\"@id\":\"https:\\\/\\\/www.cidademarketing.com.br\\\/marketing\\\/2019\\\/03\\\/02\\\/vitarella-promove-biscoitos-da-linha-delicita-no-carnaval-de-recife-e-olinda\\\/#breadcrumb\",\"itemListElement\":[{\"@type\":\"ListItem\",\"position\":1,\"name\":\"In\u00edcio\",\"item\":\"https:\\\/\\\/www.cidademarketing.com.br\\\/marketing\\\/\"},{\"@type\":\"ListItem\",\"position\":2,\"name\":\"Vitarella promove biscoitos da linha Delicit\u00e1 no Carnaval de Recife e Olinda\"}]},{\"@type\":\"WebSite\",\"@id\":\"https:\\\/\\\/www.cidademarketing.com.br\\\/marketing\\\/#website\",\"url\":\"https:\\\/\\\/www.cidademarketing.com.br\\\/marketing\\\/\",\"name\":\"CidadeMarketing\",\"description\":\"Somos um ve\u00edculo de comunica\u00e7\u00e3o de destaque no Brasil, reconhecido por conte\u00fados nos segmentos de marketing, empreendedorismo e inova\u00e7\u00e3o.\",\"publisher\":{\"@id\":\"https:\\\/\\\/www.cidademarketing.com.br\\\/marketing\\\/#organization\"},\"alternateName\":\"CidadeMarketing\",\"potentialAction\":[{\"@type\":\"SearchAction\",\"target\":{\"@type\":\"EntryPoint\",\"urlTemplate\":\"https:\\\/\\\/www.cidademarketing.com.br\\\/marketing\\\/?s={search_term_string}\"},\"query-input\":{\"@type\":\"PropertyValueSpecification\",\"valueRequired\":true,\"valueName\":\"search_term_string\"}}],\"inLanguage\":\"pt-BR\"},{\"@type\":\"Organization\",\"@id\":\"https:\\\/\\\/www.cidademarketing.com.br\\\/marketing\\\/#organization\",\"name\":\"CidadeMarketing\",\"alternateName\":\"CidadeMarketing\",\"url\":\"https:\\\/\\\/www.cidademarketing.com.br\\\/marketing\\\/\",\"logo\":{\"@type\":\"ImageObject\",\"inLanguage\":\"pt-BR\",\"@id\":\"https:\\\/\\\/www.cidademarketing.com.br\\\/marketing\\\/#\\\/schema\\\/logo\\\/image\\\/\",\"url\":\"https:\\\/\\\/www.cidademarketing.com.br\\\/marketing\\\/wp-content\\\/uploads\\\/2020\\\/01\\\/cidademarketing_marca_mobile.png\",\"contentUrl\":\"https:\\\/\\\/www.cidademarketing.com.br\\\/marketing\\\/wp-content\\\/uploads\\\/2020\\\/01\\\/cidademarketing_marca_mobile.png\",\"width\":230,\"height\":92,\"caption\":\"CidadeMarketing\"},\"image\":{\"@id\":\"https:\\\/\\\/www.cidademarketing.com.br\\\/marketing\\\/#\\\/schema\\\/logo\\\/image\\\/\"},\"sameAs\":[\"https:\\\/\\\/www.facebook.com\\\/portalcidademarketing\",\"https:\\\/\\\/x.com\\\/CidadeMarketing\",\"https:\\\/\\\/www.instagram.com\\\/cidademarketing\\\/\"]},{\"@type\":\"Person\",\"@id\":\"https:\\\/\\\/www.cidademarketing.com.br\\\/marketing\\\/#\\\/schema\\\/person\\\/02daff9f18bd9378c9e01eb6b2db155f\",\"name\":\"Thales Brand\u00e3o\",\"image\":{\"@type\":\"ImageObject\",\"inLanguage\":\"pt-BR\",\"@id\":\"https:\\\/\\\/secure.gravatar.com\\\/avatar\\\/7ca3206950207cc3cb48feec56a8a7898741ab725c368d99d5d7a5a50aab80c6?s=96&d=mm&r=g\",\"url\":\"https:\\\/\\\/secure.gravatar.com\\\/avatar\\\/7ca3206950207cc3cb48feec56a8a7898741ab725c368d99d5d7a5a50aab80c6?s=96&d=mm&r=g\",\"contentUrl\":\"https:\\\/\\\/secure.gravatar.com\\\/avatar\\\/7ca3206950207cc3cb48feec56a8a7898741ab725c368d99d5d7a5a50aab80c6?s=96&d=mm&r=g\",\"caption\":\"Thales Brand\u00e3o\"},\"description\":\"Editor Executivo do Portal CidadeMarketing.com.br &gt; Mestre em Comunica\u00e7\u00e3o e Sociedade pela Universidade Federal de Sergipe. Possui MBA Executivo em Administra\u00e7\u00e3o com \u00eanfase em Marketing pela Funda\u00e7\u00e3o Get\u00falio Vargas - Rio de Janeiro. Consultor, Palestrante e Pesquisador sobre Empreendedorismo, Marketing, Redes Sociais e Neg\u00f3cios Digitais. Professor, Palestrante TedxTalks e Campus Party. Twitter: @ThalesBrandao\",\"sameAs\":[\"http:\\\/\\\/www.mandacaru.com.br\",\"https:\\\/\\\/www.facebook.com\\\/thalesbrandao\",\"http:\\\/\\\/www.instagram.com.br\\\/thalesbrandaoferreira\",\"https:\\\/\\\/www.linkedin.com\\\/in\\\/thales-brand\u00e3o-3948609\\\/\",\"https:\\\/\\\/x.com\\\/http:\\\/\\\/www.twitter.com\\\/thalesbrandao\"],\"url\":\"https:\\\/\\\/www.cidademarketing.com.br\\\/marketing\\\/author\\\/thalesbrandao\\\/\"}]}<\/script>\n<!-- \/ Yoast SEO plugin. -->","yoast_head_json":{"title":"Vitarella promove biscoitos da linha Delicit\u00e1 no Carnaval de Recife e Olinda - CidadeMarketing","robots":{"index":"index","follow":"follow","max-snippet":"max-snippet:-1","max-image-preview":"max-image-preview:large","max-video-preview":"max-video-preview:-1"},"canonical":"https:\/\/www.cidademarketing.com.br\/marketing\/2019\/03\/02\/vitarella-promove-biscoitos-da-linha-delicita-no-carnaval-de-recife-e-olinda\/","og_locale":"pt_BR","og_type":"article","og_title":"Vitarella promove biscoitos da linha Delicit\u00e1 no Carnaval de Recife e Olinda - CidadeMarketing","og_description":"Chegou uma das festas mais animadas do ano! A Vitarella, marca l\u00edder de vendas de biscoitos no Brasil, levar\u00e1 ao p\u00fablico que curtir\u00e1 o Carnaval de Recife e Olinda biscoitos da linha Delicit\u00e1, a fim de deixar a folia ainda mais gostosa. Com o slogan \u201cCarnaval \u00e9 Bom. Com Delicit\u00e1 \u00e9 Irresist\u00edvel\u201d, a marca estar\u00e1 [&hellip;]","og_url":"https:\/\/www.cidademarketing.com.br\/marketing\/2019\/03\/02\/vitarella-promove-biscoitos-da-linha-delicita-no-carnaval-de-recife-e-olinda\/","og_site_name":"CidadeMarketing","article_publisher":"https:\/\/www.facebook.com\/portalcidademarketing","article_author":"https:\/\/www.facebook.com\/thalesbrandao","article_published_time":"2019-03-02T12:49:40+00:00","article_modified_time":"2019-03-02T12:49:43+00:00","og_image":[{"width":509,"height":731,"url":"https:\/\/www.cidademarketing.com.br\/marketing\/wp-content\/uploads\/2019\/03\/delicita_vitarella.jpg","type":"image\/jpeg"}],"author":"Thales Brand\u00e3o","twitter_card":"summary_large_image","twitter_creator":"@http:\/\/www.twitter.com\/thalesbrandao","twitter_site":"@CidadeMarketing","twitter_misc":{"Escrito por":"Thales Brand\u00e3o","Est. tempo de leitura":"3 minutos"},"schema":{"@context":"https:\/\/schema.org","@graph":[{"@type":"Article","@id":"https:\/\/www.cidademarketing.com.br\/marketing\/2019\/03\/02\/vitarella-promove-biscoitos-da-linha-delicita-no-carnaval-de-recife-e-olinda\/#article","isPartOf":{"@id":"https:\/\/www.cidademarketing.com.br\/marketing\/2019\/03\/02\/vitarella-promove-biscoitos-da-linha-delicita-no-carnaval-de-recife-e-olinda\/"},"author":{"name":"Thales Brand\u00e3o","@id":"https:\/\/www.cidademarketing.com.br\/marketing\/#\/schema\/person\/02daff9f18bd9378c9e01eb6b2db155f"},"headline":"Vitarella promove biscoitos da linha Delicit\u00e1 no Carnaval de Recife e Olinda","datePublished":"2019-03-02T12:49:40+00:00","dateModified":"2019-03-02T12:49:43+00:00","mainEntityOfPage":{"@id":"https:\/\/www.cidademarketing.com.br\/marketing\/2019\/03\/02\/vitarella-promove-biscoitos-da-linha-delicita-no-carnaval-de-recife-e-olinda\/"},"wordCount":521,"commentCount":0,"publisher":{"@id":"https:\/\/www.cidademarketing.com.br\/marketing\/#organization"},"image":{"@id":"https:\/\/www.cidademarketing.com.br\/marketing\/2019\/03\/02\/vitarella-promove-biscoitos-da-linha-delicita-no-carnaval-de-recife-e-olinda\/#primaryimage"},"thumbnailUrl":"https:\/\/www.cidademarketing.com.br\/marketing\/wp-content\/uploads\/2019\/03\/delicita_vitarella.jpg","keywords":["Carnaval","estrat\u00e9gia","Vitarella"],"articleSection":["Not\u00edcias"],"inLanguage":"pt-BR","potentialAction":[{"@type":"CommentAction","name":"Comment","target":["https:\/\/www.cidademarketing.com.br\/marketing\/2019\/03\/02\/vitarella-promove-biscoitos-da-linha-delicita-no-carnaval-de-recife-e-olinda\/#respond"]}]},{"@type":"WebPage","@id":"https:\/\/www.cidademarketing.com.br\/marketing\/2019\/03\/02\/vitarella-promove-biscoitos-da-linha-delicita-no-carnaval-de-recife-e-olinda\/","url":"https:\/\/www.cidademarketing.com.br\/marketing\/2019\/03\/02\/vitarella-promove-biscoitos-da-linha-delicita-no-carnaval-de-recife-e-olinda\/","name":"Vitarella promove biscoitos da linha Delicit\u00e1 no Carnaval de Recife e Olinda - CidadeMarketing","isPartOf":{"@id":"https:\/\/www.cidademarketing.com.br\/marketing\/#website"},"primaryImageOfPage":{"@id":"https:\/\/www.cidademarketing.com.br\/marketing\/2019\/03\/02\/vitarella-promove-biscoitos-da-linha-delicita-no-carnaval-de-recife-e-olinda\/#primaryimage"},"image":{"@id":"https:\/\/www.cidademarketing.com.br\/marketing\/2019\/03\/02\/vitarella-promove-biscoitos-da-linha-delicita-no-carnaval-de-recife-e-olinda\/#primaryimage"},"thumbnailUrl":"https:\/\/www.cidademarketing.com.br\/marketing\/wp-content\/uploads\/2019\/03\/delicita_vitarella.jpg","datePublished":"2019-03-02T12:49:40+00:00","dateModified":"2019-03-02T12:49:43+00:00","breadcrumb":{"@id":"https:\/\/www.cidademarketing.com.br\/marketing\/2019\/03\/02\/vitarella-promove-biscoitos-da-linha-delicita-no-carnaval-de-recife-e-olinda\/#breadcrumb"},"inLanguage":"pt-BR","potentialAction":[{"@type":"ReadAction","target":["https:\/\/www.cidademarketing.com.br\/marketing\/2019\/03\/02\/vitarella-promove-biscoitos-da-linha-delicita-no-carnaval-de-recife-e-olinda\/"]}]},{"@type":"ImageObject","inLanguage":"pt-BR","@id":"https:\/\/www.cidademarketing.com.br\/marketing\/2019\/03\/02\/vitarella-promove-biscoitos-da-linha-delicita-no-carnaval-de-recife-e-olinda\/#primaryimage","url":"https:\/\/www.cidademarketing.com.br\/marketing\/wp-content\/uploads\/2019\/03\/delicita_vitarella.jpg","contentUrl":"https:\/\/www.cidademarketing.com.br\/marketing\/wp-content\/uploads\/2019\/03\/delicita_vitarella.jpg","width":509,"height":731},{"@type":"BreadcrumbList","@id":"https:\/\/www.cidademarketing.com.br\/marketing\/2019\/03\/02\/vitarella-promove-biscoitos-da-linha-delicita-no-carnaval-de-recife-e-olinda\/#breadcrumb","itemListElement":[{"@type":"ListItem","position":1,"name":"In\u00edcio","item":"https:\/\/www.cidademarketing.com.br\/marketing\/"},{"@type":"ListItem","position":2,"name":"Vitarella promove biscoitos da linha Delicit\u00e1 no Carnaval de Recife e Olinda"}]},{"@type":"WebSite","@id":"https:\/\/www.cidademarketing.com.br\/marketing\/#website","url":"https:\/\/www.cidademarketing.com.br\/marketing\/","name":"CidadeMarketing","description":"Somos um ve\u00edculo de comunica\u00e7\u00e3o de destaque no Brasil, reconhecido por conte\u00fados nos segmentos de marketing, empreendedorismo e inova\u00e7\u00e3o.","publisher":{"@id":"https:\/\/www.cidademarketing.com.br\/marketing\/#organization"},"alternateName":"CidadeMarketing","potentialAction":[{"@type":"SearchAction","target":{"@type":"EntryPoint","urlTemplate":"https:\/\/www.cidademarketing.com.br\/marketing\/?s={search_term_string}"},"query-input":{"@type":"PropertyValueSpecification","valueRequired":true,"valueName":"search_term_string"}}],"inLanguage":"pt-BR"},{"@type":"Organization","@id":"https:\/\/www.cidademarketing.com.br\/marketing\/#organization","name":"CidadeMarketing","alternateName":"CidadeMarketing","url":"https:\/\/www.cidademarketing.com.br\/marketing\/","logo":{"@type":"ImageObject","inLanguage":"pt-BR","@id":"https:\/\/www.cidademarketing.com.br\/marketing\/#\/schema\/logo\/image\/","url":"https:\/\/www.cidademarketing.com.br\/marketing\/wp-content\/uploads\/2020\/01\/cidademarketing_marca_mobile.png","contentUrl":"https:\/\/www.cidademarketing.com.br\/marketing\/wp-content\/uploads\/2020\/01\/cidademarketing_marca_mobile.png","width":230,"height":92,"caption":"CidadeMarketing"},"image":{"@id":"https:\/\/www.cidademarketing.com.br\/marketing\/#\/schema\/logo\/image\/"},"sameAs":["https:\/\/www.facebook.com\/portalcidademarketing","https:\/\/x.com\/CidadeMarketing","https:\/\/www.instagram.com\/cidademarketing\/"]},{"@type":"Person","@id":"https:\/\/www.cidademarketing.com.br\/marketing\/#\/schema\/person\/02daff9f18bd9378c9e01eb6b2db155f","name":"Thales Brand\u00e3o","image":{"@type":"ImageObject","inLanguage":"pt-BR","@id":"https:\/\/secure.gravatar.com\/avatar\/7ca3206950207cc3cb48feec56a8a7898741ab725c368d99d5d7a5a50aab80c6?s=96&d=mm&r=g","url":"https:\/\/secure.gravatar.com\/avatar\/7ca3206950207cc3cb48feec56a8a7898741ab725c368d99d5d7a5a50aab80c6?s=96&d=mm&r=g","contentUrl":"https:\/\/secure.gravatar.com\/avatar\/7ca3206950207cc3cb48feec56a8a7898741ab725c368d99d5d7a5a50aab80c6?s=96&d=mm&r=g","caption":"Thales Brand\u00e3o"},"description":"Editor Executivo do Portal CidadeMarketing.com.br &gt; Mestre em Comunica\u00e7\u00e3o e Sociedade pela Universidade Federal de Sergipe. Possui MBA Executivo em Administra\u00e7\u00e3o com \u00eanfase em Marketing pela Funda\u00e7\u00e3o Get\u00falio Vargas - Rio de Janeiro. Consultor, Palestrante e Pesquisador sobre Empreendedorismo, Marketing, Redes Sociais e Neg\u00f3cios Digitais. Professor, Palestrante TedxTalks e Campus Party. Twitter: @ThalesBrandao","sameAs":["http:\/\/www.mandacaru.com.br","https:\/\/www.facebook.com\/thalesbrandao","http:\/\/www.instagram.com.br\/thalesbrandaoferreira","https:\/\/www.linkedin.com\/in\/thales-brand\u00e3o-3948609\/","https:\/\/x.com\/http:\/\/www.twitter.com\/thalesbrandao"],"url":"https:\/\/www.cidademarketing.com.br\/marketing\/author\/thalesbrandao\/"}]}},"amp_enabled":true,"_links":{"self":[{"href":"https:\/\/www.cidademarketing.com.br\/marketing\/wp-json\/wp\/v2\/posts\/6639","targetHints":{"allow":["GET"]}}],"collection":[{"href":"https:\/\/www.cidademarketing.com.br\/marketing\/wp-json\/wp\/v2\/posts"}],"about":[{"href":"https:\/\/www.cidademarketing.com.br\/marketing\/wp-json\/wp\/v2\/types\/post"}],"author":[{"embeddable":true,"href":"https:\/\/www.cidademarketing.com.br\/marketing\/wp-json\/wp\/v2\/users\/1"}],"replies":[{"embeddable":true,"href":"https:\/\/www.cidademarketing.com.br\/marketing\/wp-json\/wp\/v2\/comments?post=6639"}],"version-history":[{"count":1,"href":"https:\/\/www.cidademarketing.com.br\/marketing\/wp-json\/wp\/v2\/posts\/6639\/revisions"}],"predecessor-version":[{"id":6641,"href":"https:\/\/www.cidademarketing.com.br\/marketing\/wp-json\/wp\/v2\/posts\/6639\/revisions\/6641"}],"wp:featuredmedia":[{"embeddable":true,"href":"https:\/\/www.cidademarketing.com.br\/marketing\/wp-json\/wp\/v2\/media\/6640"}],"wp:attachment":[{"href":"https:\/\/www.cidademarketing.com.br\/marketing\/wp-json\/wp\/v2\/media?parent=6639"}],"wp:term":[{"taxonomy":"category","embeddable":true,"href":"https:\/\/www.cidademarketing.com.br\/marketing\/wp-json\/wp\/v2\/categories?post=6639"},{"taxonomy":"post_tag","embeddable":true,"href":"https:\/\/www.cidademarketing.com.br\/marketing\/wp-json\/wp\/v2\/tags?post=6639"}],"curies":[{"name":"wp","href":"https:\/\/api.w.org\/{rel}","templated":true}]}}