{"id":6625,"date":"2019-03-01T21:49:26","date_gmt":"2019-03-02T00:49:26","guid":{"rendered":"http:\/\/www.cidademarketing.com.br\/marketing\/?p=6625"},"modified":"2019-03-01T21:49:29","modified_gmt":"2019-03-02T00:49:29","slug":"campanha-de-combate-ao-assedio-e-importunacao-de-mulheres-no-carnaval-sera-lancada-em-salvador","status":"publish","type":"post","link":"https:\/\/www.cidademarketing.com.br\/marketing\/2019\/03\/01\/campanha-de-combate-ao-assedio-e-importunacao-de-mulheres-no-carnaval-sera-lancada-em-salvador\/","title":{"rendered":"Campanha de combate ao ass\u00e9dio e importuna\u00e7\u00e3o de mulheres no Carnaval ser\u00e1 lan\u00e7ada em Salvador"},"content":{"rendered":"\n<p>O combate ao ass\u00e9dio e importuna\u00e7\u00e3o de mulheres durante o Carnaval de Salvador ser\u00e1 alvo de uma campanha de conscientiza\u00e7\u00e3o a ser lan\u00e7ada pela Prefeitura neste domingo (3), \u00e0s 18h, no Camarote Oficial montado na Passarela Nelson Maleiro, no Campo Grande (Circuito Osmar). Promovida por meio da Secretaria Municipal de Pol\u00edticas para Mulheres, Inf\u00e2ncia e Juventude (SPMJ), a iniciativa \u00e9 intitulada \u201cRespeite as meninas, minas, monas, mo\u00e7as, menines e o bloco todo&#8221; e ter\u00e1 distribui\u00e7\u00e3o de adesivos e ventarolas para os foli\u00f5es.<\/p>\n\n\n\n<p>O objetivo \u00e9 promover a den\u00fancia e combater o ass\u00e9dio, baseada na nova Lei de Importuna\u00e7\u00e3o, que determina que qualquer a\u00e7\u00e3o de cunho sexual n\u00e3o consentida pode ser considerada crime, com pena de at\u00e9 cinco anos de pris\u00e3o. &#8220;Essa \u00e9 uma iniciativa que precisa ser propagada, para que mais mulheres compreendam o que \u00e9 a importuna\u00e7\u00e3o e passem a denunciar&#8221;, enfatiza a secret\u00e1ria Rog\u00e9ria Santos.<\/p>\n\n\n\n<p><strong>Observat\u00f3rios e atendimento<\/strong>&nbsp;\u2013 Ainda ser\u00e3o implantados observat\u00f3rios para registrar e encaminhar casos de viol\u00eancia contra mulheres, com o intuito de reduzir ocorr\u00eancias na festa. Coordenado pela Secretaria Municipal da Repara\u00e7\u00e3o (Semur), em parceria com a SPMJ, os observat\u00f3rios estar\u00e3o distribu\u00eddos pelos circuitos e funcionar\u00e3o das 13h a 0h. Caso o foli\u00e3o presencie algum tipo de viol\u00eancia contra mulheres, tamb\u00e9m poder\u00e1 fazer a den\u00fancia por meio do WhatsApp do Observat\u00f3rio, no n\u00famero (71) 98622-5494.<\/p>\n\n\n\n<p>O Centro de Atendimento \u00e0 Mulher Soteropolitana Irm\u00e3 Dulce, localizado na Ribeira, tamb\u00e9m ir\u00e1 oferecer assist\u00eancia jur\u00eddica, psicol\u00f3gica e social para as v\u00edtimas que forem encaminhadas pelas Delegacias Especiais de Atendimento \u00e0 Mulher (DEAMs) durante os festejos. O funcionamento ser\u00e1 24 horas e o centro tem capacidade para abrigar at\u00e9 29 cidad\u00e3s.<\/p>\n","protected":false},"excerpt":{"rendered":"<p>O combate ao ass\u00e9dio e importuna\u00e7\u00e3o de mulheres durante o Carnaval de Salvador ser\u00e1 alvo de uma campanha de conscientiza\u00e7\u00e3o a ser lan\u00e7ada pela Prefeitura neste domingo (3), \u00e0s 18h, no Camarote Oficial montado na Passarela Nelson Maleiro, no Campo Grande (Circuito Osmar). Promovida por meio da Secretaria Municipal de Pol\u00edticas para Mulheres, Inf\u00e2ncia e [&hellip;]<\/p>\n","protected":false},"author":1,"featured_media":6417,"comment_status":"open","ping_status":"open","sticky":false,"template":"","format":"standard","meta":{"tdm_status":"","tdm_grid_status":"","footnotes":""},"categories":[6],"tags":[33,572],"class_list":["post-6625","post","type-post","status-publish","format-standard","has-post-thumbnail","hentry","category-noticias","tag-estrategia","tag-salvador"],"yoast_head":"<!-- This site is optimized with the Yoast SEO plugin v27.5 - https:\/\/yoast.com\/product\/yoast-seo-wordpress\/ -->\n<title>Campanha de combate ao ass\u00e9dio e importuna\u00e7\u00e3o de mulheres no Carnaval ser\u00e1 lan\u00e7ada em Salvador - CidadeMarketing<\/title>\n<meta name=\"robots\" content=\"index, follow, max-snippet:-1, max-image-preview:large, max-video-preview:-1\" \/>\n<link rel=\"canonical\" href=\"https:\/\/www.cidademarketing.com.br\/marketing\/2019\/03\/01\/campanha-de-combate-ao-assedio-e-importunacao-de-mulheres-no-carnaval-sera-lancada-em-salvador\/\" \/>\n<meta property=\"og:locale\" content=\"pt_BR\" \/>\n<meta property=\"og:type\" content=\"article\" \/>\n<meta property=\"og:title\" content=\"Campanha de combate ao ass\u00e9dio e importuna\u00e7\u00e3o de mulheres no Carnaval ser\u00e1 lan\u00e7ada em Salvador - CidadeMarketing\" \/>\n<meta property=\"og:description\" content=\"O combate ao ass\u00e9dio e importuna\u00e7\u00e3o de mulheres durante o Carnaval de Salvador ser\u00e1 alvo de uma campanha de conscientiza\u00e7\u00e3o a ser lan\u00e7ada pela Prefeitura neste domingo (3), \u00e0s 18h, no Camarote Oficial montado na Passarela Nelson Maleiro, no Campo Grande (Circuito Osmar). Promovida por meio da Secretaria Municipal de Pol\u00edticas para Mulheres, Inf\u00e2ncia e [&hellip;]\" \/>\n<meta property=\"og:url\" content=\"https:\/\/www.cidademarketing.com.br\/marketing\/2019\/03\/01\/campanha-de-combate-ao-assedio-e-importunacao-de-mulheres-no-carnaval-sera-lancada-em-salvador\/\" \/>\n<meta property=\"og:site_name\" content=\"CidadeMarketing\" \/>\n<meta property=\"article:publisher\" content=\"https:\/\/www.facebook.com\/portalcidademarketing\" \/>\n<meta property=\"article:author\" content=\"https:\/\/www.facebook.com\/thalesbrandao\" \/>\n<meta property=\"article:published_time\" content=\"2019-03-02T00:49:26+00:00\" \/>\n<meta property=\"article:modified_time\" content=\"2019-03-02T00:49:29+00:00\" \/>\n<meta property=\"og:image\" content=\"https:\/\/www.cidademarketing.com.br\/marketing\/wp-content\/uploads\/2019\/02\/carnavalbahia_2019.jpg\" \/>\n\t<meta property=\"og:image:width\" content=\"1069\" \/>\n\t<meta property=\"og:image:height\" content=\"554\" \/>\n\t<meta property=\"og:image:type\" content=\"image\/jpeg\" \/>\n<meta name=\"author\" content=\"Thales Brand\u00e3o\" \/>\n<meta name=\"twitter:card\" content=\"summary_large_image\" \/>\n<meta name=\"twitter:creator\" content=\"@http:\/\/www.twitter.com\/thalesbrandao\" \/>\n<meta name=\"twitter:site\" content=\"@CidadeMarketing\" \/>\n<meta name=\"twitter:label1\" content=\"Escrito por\" \/>\n\t<meta name=\"twitter:data1\" content=\"Thales Brand\u00e3o\" \/>\n\t<meta name=\"twitter:label2\" content=\"Est. tempo de leitura\" \/>\n\t<meta name=\"twitter:data2\" content=\"2 minutos\" \/>\n<script type=\"application\/ld+json\" class=\"yoast-schema-graph\">{\"@context\":\"https:\\\/\\\/schema.org\",\"@graph\":[{\"@type\":\"Article\",\"@id\":\"https:\\\/\\\/www.cidademarketing.com.br\\\/marketing\\\/2019\\\/03\\\/01\\\/campanha-de-combate-ao-assedio-e-importunacao-de-mulheres-no-carnaval-sera-lancada-em-salvador\\\/#article\",\"isPartOf\":{\"@id\":\"https:\\\/\\\/www.cidademarketing.com.br\\\/marketing\\\/2019\\\/03\\\/01\\\/campanha-de-combate-ao-assedio-e-importunacao-de-mulheres-no-carnaval-sera-lancada-em-salvador\\\/\"},\"author\":{\"name\":\"Thales Brand\u00e3o\",\"@id\":\"https:\\\/\\\/www.cidademarketing.com.br\\\/marketing\\\/#\\\/schema\\\/person\\\/02daff9f18bd9378c9e01eb6b2db155f\"},\"headline\":\"Campanha de combate ao ass\u00e9dio e importuna\u00e7\u00e3o de mulheres no Carnaval ser\u00e1 lan\u00e7ada em Salvador\",\"datePublished\":\"2019-03-02T00:49:26+00:00\",\"dateModified\":\"2019-03-02T00:49:29+00:00\",\"mainEntityOfPage\":{\"@id\":\"https:\\\/\\\/www.cidademarketing.com.br\\\/marketing\\\/2019\\\/03\\\/01\\\/campanha-de-combate-ao-assedio-e-importunacao-de-mulheres-no-carnaval-sera-lancada-em-salvador\\\/\"},\"wordCount\":321,\"commentCount\":0,\"publisher\":{\"@id\":\"https:\\\/\\\/www.cidademarketing.com.br\\\/marketing\\\/#organization\"},\"image\":{\"@id\":\"https:\\\/\\\/www.cidademarketing.com.br\\\/marketing\\\/2019\\\/03\\\/01\\\/campanha-de-combate-ao-assedio-e-importunacao-de-mulheres-no-carnaval-sera-lancada-em-salvador\\\/#primaryimage\"},\"thumbnailUrl\":\"https:\\\/\\\/www.cidademarketing.com.br\\\/marketing\\\/wp-content\\\/uploads\\\/2019\\\/02\\\/carnavalbahia_2019.jpg\",\"keywords\":[\"estrat\u00e9gia\",\"Salvador\"],\"articleSection\":[\"Not\u00edcias\"],\"inLanguage\":\"pt-BR\",\"potentialAction\":[{\"@type\":\"CommentAction\",\"name\":\"Comment\",\"target\":[\"https:\\\/\\\/www.cidademarketing.com.br\\\/marketing\\\/2019\\\/03\\\/01\\\/campanha-de-combate-ao-assedio-e-importunacao-de-mulheres-no-carnaval-sera-lancada-em-salvador\\\/#respond\"]}]},{\"@type\":\"WebPage\",\"@id\":\"https:\\\/\\\/www.cidademarketing.com.br\\\/marketing\\\/2019\\\/03\\\/01\\\/campanha-de-combate-ao-assedio-e-importunacao-de-mulheres-no-carnaval-sera-lancada-em-salvador\\\/\",\"url\":\"https:\\\/\\\/www.cidademarketing.com.br\\\/marketing\\\/2019\\\/03\\\/01\\\/campanha-de-combate-ao-assedio-e-importunacao-de-mulheres-no-carnaval-sera-lancada-em-salvador\\\/\",\"name\":\"Campanha de combate ao ass\u00e9dio e importuna\u00e7\u00e3o de mulheres no Carnaval ser\u00e1 lan\u00e7ada em Salvador - CidadeMarketing\",\"isPartOf\":{\"@id\":\"https:\\\/\\\/www.cidademarketing.com.br\\\/marketing\\\/#website\"},\"primaryImageOfPage\":{\"@id\":\"https:\\\/\\\/www.cidademarketing.com.br\\\/marketing\\\/2019\\\/03\\\/01\\\/campanha-de-combate-ao-assedio-e-importunacao-de-mulheres-no-carnaval-sera-lancada-em-salvador\\\/#primaryimage\"},\"image\":{\"@id\":\"https:\\\/\\\/www.cidademarketing.com.br\\\/marketing\\\/2019\\\/03\\\/01\\\/campanha-de-combate-ao-assedio-e-importunacao-de-mulheres-no-carnaval-sera-lancada-em-salvador\\\/#primaryimage\"},\"thumbnailUrl\":\"https:\\\/\\\/www.cidademarketing.com.br\\\/marketing\\\/wp-content\\\/uploads\\\/2019\\\/02\\\/carnavalbahia_2019.jpg\",\"datePublished\":\"2019-03-02T00:49:26+00:00\",\"dateModified\":\"2019-03-02T00:49:29+00:00\",\"breadcrumb\":{\"@id\":\"https:\\\/\\\/www.cidademarketing.com.br\\\/marketing\\\/2019\\\/03\\\/01\\\/campanha-de-combate-ao-assedio-e-importunacao-de-mulheres-no-carnaval-sera-lancada-em-salvador\\\/#breadcrumb\"},\"inLanguage\":\"pt-BR\",\"potentialAction\":[{\"@type\":\"ReadAction\",\"target\":[\"https:\\\/\\\/www.cidademarketing.com.br\\\/marketing\\\/2019\\\/03\\\/01\\\/campanha-de-combate-ao-assedio-e-importunacao-de-mulheres-no-carnaval-sera-lancada-em-salvador\\\/\"]}]},{\"@type\":\"ImageObject\",\"inLanguage\":\"pt-BR\",\"@id\":\"https:\\\/\\\/www.cidademarketing.com.br\\\/marketing\\\/2019\\\/03\\\/01\\\/campanha-de-combate-ao-assedio-e-importunacao-de-mulheres-no-carnaval-sera-lancada-em-salvador\\\/#primaryimage\",\"url\":\"https:\\\/\\\/www.cidademarketing.com.br\\\/marketing\\\/wp-content\\\/uploads\\\/2019\\\/02\\\/carnavalbahia_2019.jpg\",\"contentUrl\":\"https:\\\/\\\/www.cidademarketing.com.br\\\/marketing\\\/wp-content\\\/uploads\\\/2019\\\/02\\\/carnavalbahia_2019.jpg\",\"width\":1069,\"height\":554,\"caption\":\"Reprodu\u00e7\u00e3o\"},{\"@type\":\"BreadcrumbList\",\"@id\":\"https:\\\/\\\/www.cidademarketing.com.br\\\/marketing\\\/2019\\\/03\\\/01\\\/campanha-de-combate-ao-assedio-e-importunacao-de-mulheres-no-carnaval-sera-lancada-em-salvador\\\/#breadcrumb\",\"itemListElement\":[{\"@type\":\"ListItem\",\"position\":1,\"name\":\"In\u00edcio\",\"item\":\"https:\\\/\\\/www.cidademarketing.com.br\\\/marketing\\\/\"},{\"@type\":\"ListItem\",\"position\":2,\"name\":\"Campanha de combate ao ass\u00e9dio e importuna\u00e7\u00e3o de mulheres no Carnaval ser\u00e1 lan\u00e7ada em Salvador\"}]},{\"@type\":\"WebSite\",\"@id\":\"https:\\\/\\\/www.cidademarketing.com.br\\\/marketing\\\/#website\",\"url\":\"https:\\\/\\\/www.cidademarketing.com.br\\\/marketing\\\/\",\"name\":\"CidadeMarketing\",\"description\":\"Somos um ve\u00edculo de comunica\u00e7\u00e3o de destaque no Brasil, reconhecido por conte\u00fados nos segmentos de marketing, empreendedorismo e inova\u00e7\u00e3o.\",\"publisher\":{\"@id\":\"https:\\\/\\\/www.cidademarketing.com.br\\\/marketing\\\/#organization\"},\"alternateName\":\"CidadeMarketing\",\"potentialAction\":[{\"@type\":\"SearchAction\",\"target\":{\"@type\":\"EntryPoint\",\"urlTemplate\":\"https:\\\/\\\/www.cidademarketing.com.br\\\/marketing\\\/?s={search_term_string}\"},\"query-input\":{\"@type\":\"PropertyValueSpecification\",\"valueRequired\":true,\"valueName\":\"search_term_string\"}}],\"inLanguage\":\"pt-BR\"},{\"@type\":\"Organization\",\"@id\":\"https:\\\/\\\/www.cidademarketing.com.br\\\/marketing\\\/#organization\",\"name\":\"CidadeMarketing\",\"alternateName\":\"CidadeMarketing\",\"url\":\"https:\\\/\\\/www.cidademarketing.com.br\\\/marketing\\\/\",\"logo\":{\"@type\":\"ImageObject\",\"inLanguage\":\"pt-BR\",\"@id\":\"https:\\\/\\\/www.cidademarketing.com.br\\\/marketing\\\/#\\\/schema\\\/logo\\\/image\\\/\",\"url\":\"https:\\\/\\\/www.cidademarketing.com.br\\\/marketing\\\/wp-content\\\/uploads\\\/2020\\\/01\\\/cidademarketing_marca_mobile.png\",\"contentUrl\":\"https:\\\/\\\/www.cidademarketing.com.br\\\/marketing\\\/wp-content\\\/uploads\\\/2020\\\/01\\\/cidademarketing_marca_mobile.png\",\"width\":230,\"height\":92,\"caption\":\"CidadeMarketing\"},\"image\":{\"@id\":\"https:\\\/\\\/www.cidademarketing.com.br\\\/marketing\\\/#\\\/schema\\\/logo\\\/image\\\/\"},\"sameAs\":[\"https:\\\/\\\/www.facebook.com\\\/portalcidademarketing\",\"https:\\\/\\\/x.com\\\/CidadeMarketing\",\"https:\\\/\\\/www.instagram.com\\\/cidademarketing\\\/\"]},{\"@type\":\"Person\",\"@id\":\"https:\\\/\\\/www.cidademarketing.com.br\\\/marketing\\\/#\\\/schema\\\/person\\\/02daff9f18bd9378c9e01eb6b2db155f\",\"name\":\"Thales Brand\u00e3o\",\"image\":{\"@type\":\"ImageObject\",\"inLanguage\":\"pt-BR\",\"@id\":\"https:\\\/\\\/secure.gravatar.com\\\/avatar\\\/7ca3206950207cc3cb48feec56a8a7898741ab725c368d99d5d7a5a50aab80c6?s=96&d=mm&r=g\",\"url\":\"https:\\\/\\\/secure.gravatar.com\\\/avatar\\\/7ca3206950207cc3cb48feec56a8a7898741ab725c368d99d5d7a5a50aab80c6?s=96&d=mm&r=g\",\"contentUrl\":\"https:\\\/\\\/secure.gravatar.com\\\/avatar\\\/7ca3206950207cc3cb48feec56a8a7898741ab725c368d99d5d7a5a50aab80c6?s=96&d=mm&r=g\",\"caption\":\"Thales Brand\u00e3o\"},\"description\":\"Editor Executivo do Portal CidadeMarketing.com.br &gt; Mestre em Comunica\u00e7\u00e3o e Sociedade pela Universidade Federal de Sergipe. Possui MBA Executivo em Administra\u00e7\u00e3o com \u00eanfase em Marketing pela Funda\u00e7\u00e3o Get\u00falio Vargas - Rio de Janeiro. Consultor, Palestrante e Pesquisador sobre Empreendedorismo, Marketing, Redes Sociais e Neg\u00f3cios Digitais. Professor, Palestrante TedxTalks e Campus Party. Twitter: @ThalesBrandao\",\"sameAs\":[\"http:\\\/\\\/www.mandacaru.com.br\",\"https:\\\/\\\/www.facebook.com\\\/thalesbrandao\",\"http:\\\/\\\/www.instagram.com.br\\\/thalesbrandaoferreira\",\"https:\\\/\\\/www.linkedin.com\\\/in\\\/thales-brand\u00e3o-3948609\\\/\",\"https:\\\/\\\/x.com\\\/http:\\\/\\\/www.twitter.com\\\/thalesbrandao\"],\"url\":\"https:\\\/\\\/www.cidademarketing.com.br\\\/marketing\\\/author\\\/thalesbrandao\\\/\"}]}<\/script>\n<!-- \/ Yoast SEO plugin. -->","yoast_head_json":{"title":"Campanha de combate ao ass\u00e9dio e importuna\u00e7\u00e3o de mulheres no Carnaval ser\u00e1 lan\u00e7ada em Salvador - CidadeMarketing","robots":{"index":"index","follow":"follow","max-snippet":"max-snippet:-1","max-image-preview":"max-image-preview:large","max-video-preview":"max-video-preview:-1"},"canonical":"https:\/\/www.cidademarketing.com.br\/marketing\/2019\/03\/01\/campanha-de-combate-ao-assedio-e-importunacao-de-mulheres-no-carnaval-sera-lancada-em-salvador\/","og_locale":"pt_BR","og_type":"article","og_title":"Campanha de combate ao ass\u00e9dio e importuna\u00e7\u00e3o de mulheres no Carnaval ser\u00e1 lan\u00e7ada em Salvador - CidadeMarketing","og_description":"O combate ao ass\u00e9dio e importuna\u00e7\u00e3o de mulheres durante o Carnaval de Salvador ser\u00e1 alvo de uma campanha de conscientiza\u00e7\u00e3o a ser lan\u00e7ada pela Prefeitura neste domingo (3), \u00e0s 18h, no Camarote Oficial montado na Passarela Nelson Maleiro, no Campo Grande (Circuito Osmar). Promovida por meio da Secretaria Municipal de Pol\u00edticas para Mulheres, Inf\u00e2ncia e [&hellip;]","og_url":"https:\/\/www.cidademarketing.com.br\/marketing\/2019\/03\/01\/campanha-de-combate-ao-assedio-e-importunacao-de-mulheres-no-carnaval-sera-lancada-em-salvador\/","og_site_name":"CidadeMarketing","article_publisher":"https:\/\/www.facebook.com\/portalcidademarketing","article_author":"https:\/\/www.facebook.com\/thalesbrandao","article_published_time":"2019-03-02T00:49:26+00:00","article_modified_time":"2019-03-02T00:49:29+00:00","og_image":[{"width":1069,"height":554,"url":"https:\/\/www.cidademarketing.com.br\/marketing\/wp-content\/uploads\/2019\/02\/carnavalbahia_2019.jpg","type":"image\/jpeg"}],"author":"Thales Brand\u00e3o","twitter_card":"summary_large_image","twitter_creator":"@http:\/\/www.twitter.com\/thalesbrandao","twitter_site":"@CidadeMarketing","twitter_misc":{"Escrito por":"Thales Brand\u00e3o","Est. tempo de leitura":"2 minutos"},"schema":{"@context":"https:\/\/schema.org","@graph":[{"@type":"Article","@id":"https:\/\/www.cidademarketing.com.br\/marketing\/2019\/03\/01\/campanha-de-combate-ao-assedio-e-importunacao-de-mulheres-no-carnaval-sera-lancada-em-salvador\/#article","isPartOf":{"@id":"https:\/\/www.cidademarketing.com.br\/marketing\/2019\/03\/01\/campanha-de-combate-ao-assedio-e-importunacao-de-mulheres-no-carnaval-sera-lancada-em-salvador\/"},"author":{"name":"Thales Brand\u00e3o","@id":"https:\/\/www.cidademarketing.com.br\/marketing\/#\/schema\/person\/02daff9f18bd9378c9e01eb6b2db155f"},"headline":"Campanha de combate ao ass\u00e9dio e importuna\u00e7\u00e3o de mulheres no Carnaval ser\u00e1 lan\u00e7ada em Salvador","datePublished":"2019-03-02T00:49:26+00:00","dateModified":"2019-03-02T00:49:29+00:00","mainEntityOfPage":{"@id":"https:\/\/www.cidademarketing.com.br\/marketing\/2019\/03\/01\/campanha-de-combate-ao-assedio-e-importunacao-de-mulheres-no-carnaval-sera-lancada-em-salvador\/"},"wordCount":321,"commentCount":0,"publisher":{"@id":"https:\/\/www.cidademarketing.com.br\/marketing\/#organization"},"image":{"@id":"https:\/\/www.cidademarketing.com.br\/marketing\/2019\/03\/01\/campanha-de-combate-ao-assedio-e-importunacao-de-mulheres-no-carnaval-sera-lancada-em-salvador\/#primaryimage"},"thumbnailUrl":"https:\/\/www.cidademarketing.com.br\/marketing\/wp-content\/uploads\/2019\/02\/carnavalbahia_2019.jpg","keywords":["estrat\u00e9gia","Salvador"],"articleSection":["Not\u00edcias"],"inLanguage":"pt-BR","potentialAction":[{"@type":"CommentAction","name":"Comment","target":["https:\/\/www.cidademarketing.com.br\/marketing\/2019\/03\/01\/campanha-de-combate-ao-assedio-e-importunacao-de-mulheres-no-carnaval-sera-lancada-em-salvador\/#respond"]}]},{"@type":"WebPage","@id":"https:\/\/www.cidademarketing.com.br\/marketing\/2019\/03\/01\/campanha-de-combate-ao-assedio-e-importunacao-de-mulheres-no-carnaval-sera-lancada-em-salvador\/","url":"https:\/\/www.cidademarketing.com.br\/marketing\/2019\/03\/01\/campanha-de-combate-ao-assedio-e-importunacao-de-mulheres-no-carnaval-sera-lancada-em-salvador\/","name":"Campanha de combate ao ass\u00e9dio e importuna\u00e7\u00e3o de mulheres no Carnaval ser\u00e1 lan\u00e7ada em Salvador - CidadeMarketing","isPartOf":{"@id":"https:\/\/www.cidademarketing.com.br\/marketing\/#website"},"primaryImageOfPage":{"@id":"https:\/\/www.cidademarketing.com.br\/marketing\/2019\/03\/01\/campanha-de-combate-ao-assedio-e-importunacao-de-mulheres-no-carnaval-sera-lancada-em-salvador\/#primaryimage"},"image":{"@id":"https:\/\/www.cidademarketing.com.br\/marketing\/2019\/03\/01\/campanha-de-combate-ao-assedio-e-importunacao-de-mulheres-no-carnaval-sera-lancada-em-salvador\/#primaryimage"},"thumbnailUrl":"https:\/\/www.cidademarketing.com.br\/marketing\/wp-content\/uploads\/2019\/02\/carnavalbahia_2019.jpg","datePublished":"2019-03-02T00:49:26+00:00","dateModified":"2019-03-02T00:49:29+00:00","breadcrumb":{"@id":"https:\/\/www.cidademarketing.com.br\/marketing\/2019\/03\/01\/campanha-de-combate-ao-assedio-e-importunacao-de-mulheres-no-carnaval-sera-lancada-em-salvador\/#breadcrumb"},"inLanguage":"pt-BR","potentialAction":[{"@type":"ReadAction","target":["https:\/\/www.cidademarketing.com.br\/marketing\/2019\/03\/01\/campanha-de-combate-ao-assedio-e-importunacao-de-mulheres-no-carnaval-sera-lancada-em-salvador\/"]}]},{"@type":"ImageObject","inLanguage":"pt-BR","@id":"https:\/\/www.cidademarketing.com.br\/marketing\/2019\/03\/01\/campanha-de-combate-ao-assedio-e-importunacao-de-mulheres-no-carnaval-sera-lancada-em-salvador\/#primaryimage","url":"https:\/\/www.cidademarketing.com.br\/marketing\/wp-content\/uploads\/2019\/02\/carnavalbahia_2019.jpg","contentUrl":"https:\/\/www.cidademarketing.com.br\/marketing\/wp-content\/uploads\/2019\/02\/carnavalbahia_2019.jpg","width":1069,"height":554,"caption":"Reprodu\u00e7\u00e3o"},{"@type":"BreadcrumbList","@id":"https:\/\/www.cidademarketing.com.br\/marketing\/2019\/03\/01\/campanha-de-combate-ao-assedio-e-importunacao-de-mulheres-no-carnaval-sera-lancada-em-salvador\/#breadcrumb","itemListElement":[{"@type":"ListItem","position":1,"name":"In\u00edcio","item":"https:\/\/www.cidademarketing.com.br\/marketing\/"},{"@type":"ListItem","position":2,"name":"Campanha de combate ao ass\u00e9dio e importuna\u00e7\u00e3o de mulheres no Carnaval ser\u00e1 lan\u00e7ada em Salvador"}]},{"@type":"WebSite","@id":"https:\/\/www.cidademarketing.com.br\/marketing\/#website","url":"https:\/\/www.cidademarketing.com.br\/marketing\/","name":"CidadeMarketing","description":"Somos um ve\u00edculo de comunica\u00e7\u00e3o de destaque no Brasil, reconhecido por conte\u00fados nos segmentos de marketing, empreendedorismo e inova\u00e7\u00e3o.","publisher":{"@id":"https:\/\/www.cidademarketing.com.br\/marketing\/#organization"},"alternateName":"CidadeMarketing","potentialAction":[{"@type":"SearchAction","target":{"@type":"EntryPoint","urlTemplate":"https:\/\/www.cidademarketing.com.br\/marketing\/?s={search_term_string}"},"query-input":{"@type":"PropertyValueSpecification","valueRequired":true,"valueName":"search_term_string"}}],"inLanguage":"pt-BR"},{"@type":"Organization","@id":"https:\/\/www.cidademarketing.com.br\/marketing\/#organization","name":"CidadeMarketing","alternateName":"CidadeMarketing","url":"https:\/\/www.cidademarketing.com.br\/marketing\/","logo":{"@type":"ImageObject","inLanguage":"pt-BR","@id":"https:\/\/www.cidademarketing.com.br\/marketing\/#\/schema\/logo\/image\/","url":"https:\/\/www.cidademarketing.com.br\/marketing\/wp-content\/uploads\/2020\/01\/cidademarketing_marca_mobile.png","contentUrl":"https:\/\/www.cidademarketing.com.br\/marketing\/wp-content\/uploads\/2020\/01\/cidademarketing_marca_mobile.png","width":230,"height":92,"caption":"CidadeMarketing"},"image":{"@id":"https:\/\/www.cidademarketing.com.br\/marketing\/#\/schema\/logo\/image\/"},"sameAs":["https:\/\/www.facebook.com\/portalcidademarketing","https:\/\/x.com\/CidadeMarketing","https:\/\/www.instagram.com\/cidademarketing\/"]},{"@type":"Person","@id":"https:\/\/www.cidademarketing.com.br\/marketing\/#\/schema\/person\/02daff9f18bd9378c9e01eb6b2db155f","name":"Thales Brand\u00e3o","image":{"@type":"ImageObject","inLanguage":"pt-BR","@id":"https:\/\/secure.gravatar.com\/avatar\/7ca3206950207cc3cb48feec56a8a7898741ab725c368d99d5d7a5a50aab80c6?s=96&d=mm&r=g","url":"https:\/\/secure.gravatar.com\/avatar\/7ca3206950207cc3cb48feec56a8a7898741ab725c368d99d5d7a5a50aab80c6?s=96&d=mm&r=g","contentUrl":"https:\/\/secure.gravatar.com\/avatar\/7ca3206950207cc3cb48feec56a8a7898741ab725c368d99d5d7a5a50aab80c6?s=96&d=mm&r=g","caption":"Thales Brand\u00e3o"},"description":"Editor Executivo do Portal CidadeMarketing.com.br &gt; Mestre em Comunica\u00e7\u00e3o e Sociedade pela Universidade Federal de Sergipe. Possui MBA Executivo em Administra\u00e7\u00e3o com \u00eanfase em Marketing pela Funda\u00e7\u00e3o Get\u00falio Vargas - Rio de Janeiro. Consultor, Palestrante e Pesquisador sobre Empreendedorismo, Marketing, Redes Sociais e Neg\u00f3cios Digitais. Professor, Palestrante TedxTalks e Campus Party. Twitter: @ThalesBrandao","sameAs":["http:\/\/www.mandacaru.com.br","https:\/\/www.facebook.com\/thalesbrandao","http:\/\/www.instagram.com.br\/thalesbrandaoferreira","https:\/\/www.linkedin.com\/in\/thales-brand\u00e3o-3948609\/","https:\/\/x.com\/http:\/\/www.twitter.com\/thalesbrandao"],"url":"https:\/\/www.cidademarketing.com.br\/marketing\/author\/thalesbrandao\/"}]}},"amp_enabled":true,"_links":{"self":[{"href":"https:\/\/www.cidademarketing.com.br\/marketing\/wp-json\/wp\/v2\/posts\/6625","targetHints":{"allow":["GET"]}}],"collection":[{"href":"https:\/\/www.cidademarketing.com.br\/marketing\/wp-json\/wp\/v2\/posts"}],"about":[{"href":"https:\/\/www.cidademarketing.com.br\/marketing\/wp-json\/wp\/v2\/types\/post"}],"author":[{"embeddable":true,"href":"https:\/\/www.cidademarketing.com.br\/marketing\/wp-json\/wp\/v2\/users\/1"}],"replies":[{"embeddable":true,"href":"https:\/\/www.cidademarketing.com.br\/marketing\/wp-json\/wp\/v2\/comments?post=6625"}],"version-history":[{"count":1,"href":"https:\/\/www.cidademarketing.com.br\/marketing\/wp-json\/wp\/v2\/posts\/6625\/revisions"}],"predecessor-version":[{"id":6626,"href":"https:\/\/www.cidademarketing.com.br\/marketing\/wp-json\/wp\/v2\/posts\/6625\/revisions\/6626"}],"wp:featuredmedia":[{"embeddable":true,"href":"https:\/\/www.cidademarketing.com.br\/marketing\/wp-json\/wp\/v2\/media\/6417"}],"wp:attachment":[{"href":"https:\/\/www.cidademarketing.com.br\/marketing\/wp-json\/wp\/v2\/media?parent=6625"}],"wp:term":[{"taxonomy":"category","embeddable":true,"href":"https:\/\/www.cidademarketing.com.br\/marketing\/wp-json\/wp\/v2\/categories?post=6625"},{"taxonomy":"post_tag","embeddable":true,"href":"https:\/\/www.cidademarketing.com.br\/marketing\/wp-json\/wp\/v2\/tags?post=6625"}],"curies":[{"name":"wp","href":"https:\/\/api.w.org\/{rel}","templated":true}]}}