{"id":6589,"date":"2019-02-27T09:29:09","date_gmt":"2019-02-27T12:29:09","guid":{"rendered":"http:\/\/www.cidademarketing.com.br\/marketing\/?p=6589"},"modified":"2019-02-27T09:29:37","modified_gmt":"2019-02-27T12:29:37","slug":"dois-trens-se-chocam-no-rio-deixa-oito-feridos","status":"publish","type":"post","link":"https:\/\/www.cidademarketing.com.br\/marketing\/2019\/02\/27\/dois-trens-se-chocam-no-rio-deixa-oito-feridos\/","title":{"rendered":"Dois trens se chocam no Rio e deixa oito feridos"},"content":{"rendered":"\n<p>Uma das v\u00edtimas est\u00e1 presa nas ferragens. Sete pessoas foram levadas para hospital sem gravidade. Colis\u00e3o foi em S\u00e3o Crist\u00f3v\u00e3o. <br>A Ag\u00eancia Reguladora de Servi\u00e7os P\u00fablicos Concedidos de Transportes abriu um boletim de ocorr\u00eancia para investigar as circunst\u00e2ncias do choque entre dois trens na esta\u00e7\u00e3o S\u00e3o Crist\u00f3v\u00e3o, na Zona Norte do Rio. Equipes t\u00e9cnicas foram enviadas \u00e0 esta\u00e7\u00e3o para fazer o levantando de local do acidente. Al\u00e9m das causas da colis\u00e3o, a Agetransp vai analisar o atendimento prestado aos passageiros pela concession\u00e1ria SuperVia e dos procedimentos adotados para normalizar a opera\u00e7\u00e3o dos trens. A concession\u00e1ria poder\u00e1 ser multada.<\/p>\n\n\n\n<figure class=\"wp-block-embed-twitter wp-block-embed is-type-rich is-provider-twitter\"><div class=\"wp-block-embed__wrapper\">\n<blockquote class=\"twitter-tweet\" data-width=\"550\" data-dnt=\"true\"><p lang=\"pt\" dir=\"ltr\">SUPERVIA | ACIDENTE NA ESTA\u00c7\u00c3O S\u00c3O CRIST\u00d3V\u00c3O<br>Segundo a <a href=\"https:\/\/twitter.com\/SuperVia_trens?ref_src=twsrc%5Etfw\">@SuperVia_trens<\/a>, os trens para Deodoro e Campo Grande n\u00e3o param na esta\u00e7\u00e3o Pra\u00e7a da Bandeira. Equipes atuam no local. <a href=\"https:\/\/twitter.com\/hashtag\/CIDAD%C3%83OCOR?src=hash&amp;ref_src=twsrc%5Etfw\">#CIDAD\u00c3OCOR<\/a> | Imagem enviada pelo perfil <a href=\"https:\/\/twitter.com\/Informacoes_RJ?ref_src=twsrc%5Etfw\">@Informacoes_RJ<\/a> <a href=\"https:\/\/t.co\/S5WHpag9nh\">pic.twitter.com\/S5WHpag9nh<\/a><\/p>&mdash; Centro de Opera\u00e7\u00f5es Rio (@OperacoesRio) <a href=\"https:\/\/twitter.com\/OperacoesRio\/status\/1100703337182384128?ref_src=twsrc%5Etfw\">February 27, 2019<\/a><\/blockquote><script async src=\"https:\/\/platform.twitter.com\/widgets.js\" charset=\"utf-8\"><\/script>\n<\/div><\/figure>\n\n\n\n<figure class=\"wp-block-embed-twitter wp-block-embed is-type-rich is-provider-twitter\"><div class=\"wp-block-embed__wrapper\">\n<blockquote class=\"twitter-tweet\" data-width=\"550\" data-dnt=\"true\"><p lang=\"pt\" dir=\"ltr\">Acidente entre Trens na Esta\u00e7\u00e3o de S\u00e3o Crist\u00f3v\u00e3o. <a href=\"https:\/\/twitter.com\/SuperVia_trens?ref_src=twsrc%5Etfw\">@SuperVia_trens<\/a> <a href=\"https:\/\/twitter.com\/TrensUrbanosRJ?ref_src=twsrc%5Etfw\">@TrensUrbanosRJ<\/a> <a href=\"https:\/\/twitter.com\/LeiSecaRJ?ref_src=twsrc%5Etfw\">@LeiSecaRJ<\/a> <a href=\"https:\/\/twitter.com\/AlertaRio24Hrs?ref_src=twsrc%5Etfw\">@alertario24hrs<\/a> <a href=\"https:\/\/twitter.com\/baixadanaweb?ref_src=twsrc%5Etfw\">@baixadanaweb<\/a> <a href=\"https:\/\/twitter.com\/RodrigoBelga?ref_src=twsrc%5Etfw\">@RodrigoBelga<\/a> <a href=\"https:\/\/twitter.com\/diegohaidar?ref_src=twsrc%5Etfw\">@diegohaidar<\/a> <a href=\"https:\/\/twitter.com\/EdimilsonAvila?ref_src=twsrc%5Etfw\">@EdimilsonAvila<\/a> <a href=\"https:\/\/twitter.com\/OperacoesRio?ref_src=twsrc%5Etfw\">@OperacoesRio<\/a> @recordtv_rio <a href=\"https:\/\/twitter.com\/sbtrio?ref_src=twsrc%5Etfw\">@sbtrio<\/a> <a href=\"https:\/\/twitter.com\/jornalextra?ref_src=twsrc%5Etfw\">@jornalextra<\/a> <a href=\"https:\/\/twitter.com\/FavelaCaiunoFac?ref_src=twsrc%5Etfw\">@FavelaCaiuNoFac<\/a> <a href=\"https:\/\/twitter.com\/BandRio?ref_src=twsrc%5Etfw\">@BandRio<\/a> <a href=\"https:\/\/twitter.com\/radartijucano?ref_src=twsrc%5Etfw\">@radartijucano<\/a> <a href=\"https:\/\/twitter.com\/bandnewsfmrio?ref_src=twsrc%5Etfw\">@bandnewsfmrio<\/a> <a href=\"https:\/\/t.co\/QyriUzNV7R\">pic.twitter.com\/QyriUzNV7R<\/a><\/p>&mdash; Informa\u00e7\u00f5es RJ (@Informacoes_RJ) <a href=\"https:\/\/twitter.com\/Informacoes_RJ\/status\/1100706161148473344?ref_src=twsrc%5Etfw\">February 27, 2019<\/a><\/blockquote><script async src=\"https:\/\/platform.twitter.com\/widgets.js\" charset=\"utf-8\"><\/script>\n<\/div><\/figure>\n","protected":false},"excerpt":{"rendered":"<p>Uma das v\u00edtimas est\u00e1 presa nas ferragens. Sete pessoas foram levadas para hospital sem gravidade. Colis\u00e3o foi em S\u00e3o Crist\u00f3v\u00e3o. A Ag\u00eancia Reguladora de Servi\u00e7os P\u00fablicos Concedidos de Transportes abriu um boletim de ocorr\u00eancia para investigar as circunst\u00e2ncias do choque entre dois trens na esta\u00e7\u00e3o S\u00e3o Crist\u00f3v\u00e3o, na Zona Norte do Rio. Equipes t\u00e9cnicas foram [&hellip;]<\/p>\n","protected":false},"author":1,"featured_media":6590,"comment_status":"open","ping_status":"open","sticky":false,"template":"","format":"standard","meta":{"tdm_status":"","tdm_grid_status":"","footnotes":""},"categories":[6],"tags":[28,199],"class_list":["post-6589","post","type-post","status-publish","format-standard","has-post-thumbnail","hentry","category-noticias","tag-marketing","tag-rio-de-janeiro"],"yoast_head":"<!-- This site is optimized with the Yoast SEO plugin v27.5 - https:\/\/yoast.com\/product\/yoast-seo-wordpress\/ -->\n<title>Dois trens se chocam no Rio e deixa oito feridos - CidadeMarketing<\/title>\n<meta name=\"robots\" content=\"index, follow, max-snippet:-1, max-image-preview:large, max-video-preview:-1\" \/>\n<link rel=\"canonical\" href=\"https:\/\/www.cidademarketing.com.br\/marketing\/2019\/02\/27\/dois-trens-se-chocam-no-rio-deixa-oito-feridos\/\" \/>\n<meta property=\"og:locale\" content=\"pt_BR\" \/>\n<meta property=\"og:type\" content=\"article\" \/>\n<meta property=\"og:title\" content=\"Dois trens se chocam no Rio e deixa oito feridos - CidadeMarketing\" \/>\n<meta property=\"og:description\" content=\"Uma das v\u00edtimas est\u00e1 presa nas ferragens. Sete pessoas foram levadas para hospital sem gravidade. Colis\u00e3o foi em S\u00e3o Crist\u00f3v\u00e3o. A Ag\u00eancia Reguladora de Servi\u00e7os P\u00fablicos Concedidos de Transportes abriu um boletim de ocorr\u00eancia para investigar as circunst\u00e2ncias do choque entre dois trens na esta\u00e7\u00e3o S\u00e3o Crist\u00f3v\u00e3o, na Zona Norte do Rio. Equipes t\u00e9cnicas foram [&hellip;]\" \/>\n<meta property=\"og:url\" content=\"https:\/\/www.cidademarketing.com.br\/marketing\/2019\/02\/27\/dois-trens-se-chocam-no-rio-deixa-oito-feridos\/\" \/>\n<meta property=\"og:site_name\" content=\"CidadeMarketing\" \/>\n<meta property=\"article:publisher\" content=\"https:\/\/www.facebook.com\/portalcidademarketing\" \/>\n<meta property=\"article:author\" content=\"https:\/\/www.facebook.com\/thalesbrandao\" \/>\n<meta property=\"article:published_time\" content=\"2019-02-27T12:29:09+00:00\" \/>\n<meta property=\"article:modified_time\" content=\"2019-02-27T12:29:37+00:00\" \/>\n<meta property=\"og:image\" content=\"https:\/\/www.cidademarketing.com.br\/marketing\/wp-content\/uploads\/2019\/02\/trem_riodejaneiro.jpg\" \/>\n\t<meta property=\"og:image:width\" content=\"530\" \/>\n\t<meta property=\"og:image:height\" content=\"292\" \/>\n\t<meta property=\"og:image:type\" content=\"image\/jpeg\" \/>\n<meta name=\"author\" content=\"Thales Brand\u00e3o\" \/>\n<meta name=\"twitter:card\" content=\"summary_large_image\" \/>\n<meta name=\"twitter:creator\" content=\"@http:\/\/www.twitter.com\/thalesbrandao\" \/>\n<meta name=\"twitter:site\" content=\"@CidadeMarketing\" \/>\n<meta name=\"twitter:label1\" content=\"Escrito por\" \/>\n\t<meta name=\"twitter:data1\" content=\"Thales Brand\u00e3o\" \/>\n\t<meta name=\"twitter:label2\" content=\"Est. tempo de leitura\" \/>\n\t<meta name=\"twitter:data2\" content=\"1 minuto\" \/>\n<script type=\"application\/ld+json\" class=\"yoast-schema-graph\">{\"@context\":\"https:\\\/\\\/schema.org\",\"@graph\":[{\"@type\":\"Article\",\"@id\":\"https:\\\/\\\/www.cidademarketing.com.br\\\/marketing\\\/2019\\\/02\\\/27\\\/dois-trens-se-chocam-no-rio-deixa-oito-feridos\\\/#article\",\"isPartOf\":{\"@id\":\"https:\\\/\\\/www.cidademarketing.com.br\\\/marketing\\\/2019\\\/02\\\/27\\\/dois-trens-se-chocam-no-rio-deixa-oito-feridos\\\/\"},\"author\":{\"name\":\"Thales Brand\u00e3o\",\"@id\":\"https:\\\/\\\/www.cidademarketing.com.br\\\/marketing\\\/#\\\/schema\\\/person\\\/02daff9f18bd9378c9e01eb6b2db155f\"},\"headline\":\"Dois trens se chocam no Rio e deixa oito feridos\",\"datePublished\":\"2019-02-27T12:29:09+00:00\",\"dateModified\":\"2019-02-27T12:29:37+00:00\",\"mainEntityOfPage\":{\"@id\":\"https:\\\/\\\/www.cidademarketing.com.br\\\/marketing\\\/2019\\\/02\\\/27\\\/dois-trens-se-chocam-no-rio-deixa-oito-feridos\\\/\"},\"wordCount\":139,\"commentCount\":0,\"publisher\":{\"@id\":\"https:\\\/\\\/www.cidademarketing.com.br\\\/marketing\\\/#organization\"},\"image\":{\"@id\":\"https:\\\/\\\/www.cidademarketing.com.br\\\/marketing\\\/2019\\\/02\\\/27\\\/dois-trens-se-chocam-no-rio-deixa-oito-feridos\\\/#primaryimage\"},\"thumbnailUrl\":\"https:\\\/\\\/www.cidademarketing.com.br\\\/marketing\\\/wp-content\\\/uploads\\\/2019\\\/02\\\/trem_riodejaneiro.jpg\",\"keywords\":[\"marketing\",\"Rio de Janeiro\"],\"articleSection\":[\"Not\u00edcias\"],\"inLanguage\":\"pt-BR\",\"potentialAction\":[{\"@type\":\"CommentAction\",\"name\":\"Comment\",\"target\":[\"https:\\\/\\\/www.cidademarketing.com.br\\\/marketing\\\/2019\\\/02\\\/27\\\/dois-trens-se-chocam-no-rio-deixa-oito-feridos\\\/#respond\"]}]},{\"@type\":\"WebPage\",\"@id\":\"https:\\\/\\\/www.cidademarketing.com.br\\\/marketing\\\/2019\\\/02\\\/27\\\/dois-trens-se-chocam-no-rio-deixa-oito-feridos\\\/\",\"url\":\"https:\\\/\\\/www.cidademarketing.com.br\\\/marketing\\\/2019\\\/02\\\/27\\\/dois-trens-se-chocam-no-rio-deixa-oito-feridos\\\/\",\"name\":\"Dois trens se chocam no Rio e deixa oito feridos - CidadeMarketing\",\"isPartOf\":{\"@id\":\"https:\\\/\\\/www.cidademarketing.com.br\\\/marketing\\\/#website\"},\"primaryImageOfPage\":{\"@id\":\"https:\\\/\\\/www.cidademarketing.com.br\\\/marketing\\\/2019\\\/02\\\/27\\\/dois-trens-se-chocam-no-rio-deixa-oito-feridos\\\/#primaryimage\"},\"image\":{\"@id\":\"https:\\\/\\\/www.cidademarketing.com.br\\\/marketing\\\/2019\\\/02\\\/27\\\/dois-trens-se-chocam-no-rio-deixa-oito-feridos\\\/#primaryimage\"},\"thumbnailUrl\":\"https:\\\/\\\/www.cidademarketing.com.br\\\/marketing\\\/wp-content\\\/uploads\\\/2019\\\/02\\\/trem_riodejaneiro.jpg\",\"datePublished\":\"2019-02-27T12:29:09+00:00\",\"dateModified\":\"2019-02-27T12:29:37+00:00\",\"breadcrumb\":{\"@id\":\"https:\\\/\\\/www.cidademarketing.com.br\\\/marketing\\\/2019\\\/02\\\/27\\\/dois-trens-se-chocam-no-rio-deixa-oito-feridos\\\/#breadcrumb\"},\"inLanguage\":\"pt-BR\",\"potentialAction\":[{\"@type\":\"ReadAction\",\"target\":[\"https:\\\/\\\/www.cidademarketing.com.br\\\/marketing\\\/2019\\\/02\\\/27\\\/dois-trens-se-chocam-no-rio-deixa-oito-feridos\\\/\"]}]},{\"@type\":\"ImageObject\",\"inLanguage\":\"pt-BR\",\"@id\":\"https:\\\/\\\/www.cidademarketing.com.br\\\/marketing\\\/2019\\\/02\\\/27\\\/dois-trens-se-chocam-no-rio-deixa-oito-feridos\\\/#primaryimage\",\"url\":\"https:\\\/\\\/www.cidademarketing.com.br\\\/marketing\\\/wp-content\\\/uploads\\\/2019\\\/02\\\/trem_riodejaneiro.jpg\",\"contentUrl\":\"https:\\\/\\\/www.cidademarketing.com.br\\\/marketing\\\/wp-content\\\/uploads\\\/2019\\\/02\\\/trem_riodejaneiro.jpg\",\"width\":530,\"height\":292,\"caption\":\"Reprodu\u00e7\u00e3o\\\/Instagram\"},{\"@type\":\"BreadcrumbList\",\"@id\":\"https:\\\/\\\/www.cidademarketing.com.br\\\/marketing\\\/2019\\\/02\\\/27\\\/dois-trens-se-chocam-no-rio-deixa-oito-feridos\\\/#breadcrumb\",\"itemListElement\":[{\"@type\":\"ListItem\",\"position\":1,\"name\":\"In\u00edcio\",\"item\":\"https:\\\/\\\/www.cidademarketing.com.br\\\/marketing\\\/\"},{\"@type\":\"ListItem\",\"position\":2,\"name\":\"Dois trens se chocam no Rio e deixa oito feridos\"}]},{\"@type\":\"WebSite\",\"@id\":\"https:\\\/\\\/www.cidademarketing.com.br\\\/marketing\\\/#website\",\"url\":\"https:\\\/\\\/www.cidademarketing.com.br\\\/marketing\\\/\",\"name\":\"CidadeMarketing\",\"description\":\"Somos um ve\u00edculo de comunica\u00e7\u00e3o de destaque no Brasil, reconhecido por conte\u00fados nos segmentos de marketing, empreendedorismo e inova\u00e7\u00e3o.\",\"publisher\":{\"@id\":\"https:\\\/\\\/www.cidademarketing.com.br\\\/marketing\\\/#organization\"},\"alternateName\":\"CidadeMarketing\",\"potentialAction\":[{\"@type\":\"SearchAction\",\"target\":{\"@type\":\"EntryPoint\",\"urlTemplate\":\"https:\\\/\\\/www.cidademarketing.com.br\\\/marketing\\\/?s={search_term_string}\"},\"query-input\":{\"@type\":\"PropertyValueSpecification\",\"valueRequired\":true,\"valueName\":\"search_term_string\"}}],\"inLanguage\":\"pt-BR\"},{\"@type\":\"Organization\",\"@id\":\"https:\\\/\\\/www.cidademarketing.com.br\\\/marketing\\\/#organization\",\"name\":\"CidadeMarketing\",\"alternateName\":\"CidadeMarketing\",\"url\":\"https:\\\/\\\/www.cidademarketing.com.br\\\/marketing\\\/\",\"logo\":{\"@type\":\"ImageObject\",\"inLanguage\":\"pt-BR\",\"@id\":\"https:\\\/\\\/www.cidademarketing.com.br\\\/marketing\\\/#\\\/schema\\\/logo\\\/image\\\/\",\"url\":\"https:\\\/\\\/www.cidademarketing.com.br\\\/marketing\\\/wp-content\\\/uploads\\\/2020\\\/01\\\/cidademarketing_marca_mobile.png\",\"contentUrl\":\"https:\\\/\\\/www.cidademarketing.com.br\\\/marketing\\\/wp-content\\\/uploads\\\/2020\\\/01\\\/cidademarketing_marca_mobile.png\",\"width\":230,\"height\":92,\"caption\":\"CidadeMarketing\"},\"image\":{\"@id\":\"https:\\\/\\\/www.cidademarketing.com.br\\\/marketing\\\/#\\\/schema\\\/logo\\\/image\\\/\"},\"sameAs\":[\"https:\\\/\\\/www.facebook.com\\\/portalcidademarketing\",\"https:\\\/\\\/x.com\\\/CidadeMarketing\",\"https:\\\/\\\/www.instagram.com\\\/cidademarketing\\\/\"]},{\"@type\":\"Person\",\"@id\":\"https:\\\/\\\/www.cidademarketing.com.br\\\/marketing\\\/#\\\/schema\\\/person\\\/02daff9f18bd9378c9e01eb6b2db155f\",\"name\":\"Thales Brand\u00e3o\",\"image\":{\"@type\":\"ImageObject\",\"inLanguage\":\"pt-BR\",\"@id\":\"https:\\\/\\\/secure.gravatar.com\\\/avatar\\\/7ca3206950207cc3cb48feec56a8a7898741ab725c368d99d5d7a5a50aab80c6?s=96&d=mm&r=g\",\"url\":\"https:\\\/\\\/secure.gravatar.com\\\/avatar\\\/7ca3206950207cc3cb48feec56a8a7898741ab725c368d99d5d7a5a50aab80c6?s=96&d=mm&r=g\",\"contentUrl\":\"https:\\\/\\\/secure.gravatar.com\\\/avatar\\\/7ca3206950207cc3cb48feec56a8a7898741ab725c368d99d5d7a5a50aab80c6?s=96&d=mm&r=g\",\"caption\":\"Thales Brand\u00e3o\"},\"description\":\"Editor Executivo do Portal CidadeMarketing.com.br &gt; Mestre em Comunica\u00e7\u00e3o e Sociedade pela Universidade Federal de Sergipe. Possui MBA Executivo em Administra\u00e7\u00e3o com \u00eanfase em Marketing pela Funda\u00e7\u00e3o Get\u00falio Vargas - Rio de Janeiro. Consultor, Palestrante e Pesquisador sobre Empreendedorismo, Marketing, Redes Sociais e Neg\u00f3cios Digitais. Professor, Palestrante TedxTalks e Campus Party. Twitter: @ThalesBrandao\",\"sameAs\":[\"http:\\\/\\\/www.mandacaru.com.br\",\"https:\\\/\\\/www.facebook.com\\\/thalesbrandao\",\"http:\\\/\\\/www.instagram.com.br\\\/thalesbrandaoferreira\",\"https:\\\/\\\/www.linkedin.com\\\/in\\\/thales-brand\u00e3o-3948609\\\/\",\"https:\\\/\\\/x.com\\\/http:\\\/\\\/www.twitter.com\\\/thalesbrandao\"],\"url\":\"https:\\\/\\\/www.cidademarketing.com.br\\\/marketing\\\/author\\\/thalesbrandao\\\/\"}]}<\/script>\n<!-- \/ Yoast SEO plugin. -->","yoast_head_json":{"title":"Dois trens se chocam no Rio e deixa oito feridos - CidadeMarketing","robots":{"index":"index","follow":"follow","max-snippet":"max-snippet:-1","max-image-preview":"max-image-preview:large","max-video-preview":"max-video-preview:-1"},"canonical":"https:\/\/www.cidademarketing.com.br\/marketing\/2019\/02\/27\/dois-trens-se-chocam-no-rio-deixa-oito-feridos\/","og_locale":"pt_BR","og_type":"article","og_title":"Dois trens se chocam no Rio e deixa oito feridos - CidadeMarketing","og_description":"Uma das v\u00edtimas est\u00e1 presa nas ferragens. Sete pessoas foram levadas para hospital sem gravidade. Colis\u00e3o foi em S\u00e3o Crist\u00f3v\u00e3o. A Ag\u00eancia Reguladora de Servi\u00e7os P\u00fablicos Concedidos de Transportes abriu um boletim de ocorr\u00eancia para investigar as circunst\u00e2ncias do choque entre dois trens na esta\u00e7\u00e3o S\u00e3o Crist\u00f3v\u00e3o, na Zona Norte do Rio. Equipes t\u00e9cnicas foram [&hellip;]","og_url":"https:\/\/www.cidademarketing.com.br\/marketing\/2019\/02\/27\/dois-trens-se-chocam-no-rio-deixa-oito-feridos\/","og_site_name":"CidadeMarketing","article_publisher":"https:\/\/www.facebook.com\/portalcidademarketing","article_author":"https:\/\/www.facebook.com\/thalesbrandao","article_published_time":"2019-02-27T12:29:09+00:00","article_modified_time":"2019-02-27T12:29:37+00:00","og_image":[{"width":530,"height":292,"url":"https:\/\/www.cidademarketing.com.br\/marketing\/wp-content\/uploads\/2019\/02\/trem_riodejaneiro.jpg","type":"image\/jpeg"}],"author":"Thales Brand\u00e3o","twitter_card":"summary_large_image","twitter_creator":"@http:\/\/www.twitter.com\/thalesbrandao","twitter_site":"@CidadeMarketing","twitter_misc":{"Escrito por":"Thales Brand\u00e3o","Est. tempo de leitura":"1 minuto"},"schema":{"@context":"https:\/\/schema.org","@graph":[{"@type":"Article","@id":"https:\/\/www.cidademarketing.com.br\/marketing\/2019\/02\/27\/dois-trens-se-chocam-no-rio-deixa-oito-feridos\/#article","isPartOf":{"@id":"https:\/\/www.cidademarketing.com.br\/marketing\/2019\/02\/27\/dois-trens-se-chocam-no-rio-deixa-oito-feridos\/"},"author":{"name":"Thales Brand\u00e3o","@id":"https:\/\/www.cidademarketing.com.br\/marketing\/#\/schema\/person\/02daff9f18bd9378c9e01eb6b2db155f"},"headline":"Dois trens se chocam no Rio e deixa oito feridos","datePublished":"2019-02-27T12:29:09+00:00","dateModified":"2019-02-27T12:29:37+00:00","mainEntityOfPage":{"@id":"https:\/\/www.cidademarketing.com.br\/marketing\/2019\/02\/27\/dois-trens-se-chocam-no-rio-deixa-oito-feridos\/"},"wordCount":139,"commentCount":0,"publisher":{"@id":"https:\/\/www.cidademarketing.com.br\/marketing\/#organization"},"image":{"@id":"https:\/\/www.cidademarketing.com.br\/marketing\/2019\/02\/27\/dois-trens-se-chocam-no-rio-deixa-oito-feridos\/#primaryimage"},"thumbnailUrl":"https:\/\/www.cidademarketing.com.br\/marketing\/wp-content\/uploads\/2019\/02\/trem_riodejaneiro.jpg","keywords":["marketing","Rio de Janeiro"],"articleSection":["Not\u00edcias"],"inLanguage":"pt-BR","potentialAction":[{"@type":"CommentAction","name":"Comment","target":["https:\/\/www.cidademarketing.com.br\/marketing\/2019\/02\/27\/dois-trens-se-chocam-no-rio-deixa-oito-feridos\/#respond"]}]},{"@type":"WebPage","@id":"https:\/\/www.cidademarketing.com.br\/marketing\/2019\/02\/27\/dois-trens-se-chocam-no-rio-deixa-oito-feridos\/","url":"https:\/\/www.cidademarketing.com.br\/marketing\/2019\/02\/27\/dois-trens-se-chocam-no-rio-deixa-oito-feridos\/","name":"Dois trens se chocam no Rio e deixa oito feridos - CidadeMarketing","isPartOf":{"@id":"https:\/\/www.cidademarketing.com.br\/marketing\/#website"},"primaryImageOfPage":{"@id":"https:\/\/www.cidademarketing.com.br\/marketing\/2019\/02\/27\/dois-trens-se-chocam-no-rio-deixa-oito-feridos\/#primaryimage"},"image":{"@id":"https:\/\/www.cidademarketing.com.br\/marketing\/2019\/02\/27\/dois-trens-se-chocam-no-rio-deixa-oito-feridos\/#primaryimage"},"thumbnailUrl":"https:\/\/www.cidademarketing.com.br\/marketing\/wp-content\/uploads\/2019\/02\/trem_riodejaneiro.jpg","datePublished":"2019-02-27T12:29:09+00:00","dateModified":"2019-02-27T12:29:37+00:00","breadcrumb":{"@id":"https:\/\/www.cidademarketing.com.br\/marketing\/2019\/02\/27\/dois-trens-se-chocam-no-rio-deixa-oito-feridos\/#breadcrumb"},"inLanguage":"pt-BR","potentialAction":[{"@type":"ReadAction","target":["https:\/\/www.cidademarketing.com.br\/marketing\/2019\/02\/27\/dois-trens-se-chocam-no-rio-deixa-oito-feridos\/"]}]},{"@type":"ImageObject","inLanguage":"pt-BR","@id":"https:\/\/www.cidademarketing.com.br\/marketing\/2019\/02\/27\/dois-trens-se-chocam-no-rio-deixa-oito-feridos\/#primaryimage","url":"https:\/\/www.cidademarketing.com.br\/marketing\/wp-content\/uploads\/2019\/02\/trem_riodejaneiro.jpg","contentUrl":"https:\/\/www.cidademarketing.com.br\/marketing\/wp-content\/uploads\/2019\/02\/trem_riodejaneiro.jpg","width":530,"height":292,"caption":"Reprodu\u00e7\u00e3o\/Instagram"},{"@type":"BreadcrumbList","@id":"https:\/\/www.cidademarketing.com.br\/marketing\/2019\/02\/27\/dois-trens-se-chocam-no-rio-deixa-oito-feridos\/#breadcrumb","itemListElement":[{"@type":"ListItem","position":1,"name":"In\u00edcio","item":"https:\/\/www.cidademarketing.com.br\/marketing\/"},{"@type":"ListItem","position":2,"name":"Dois trens se chocam no Rio e deixa oito feridos"}]},{"@type":"WebSite","@id":"https:\/\/www.cidademarketing.com.br\/marketing\/#website","url":"https:\/\/www.cidademarketing.com.br\/marketing\/","name":"CidadeMarketing","description":"Somos um ve\u00edculo de comunica\u00e7\u00e3o de destaque no Brasil, reconhecido por conte\u00fados nos segmentos de marketing, empreendedorismo e inova\u00e7\u00e3o.","publisher":{"@id":"https:\/\/www.cidademarketing.com.br\/marketing\/#organization"},"alternateName":"CidadeMarketing","potentialAction":[{"@type":"SearchAction","target":{"@type":"EntryPoint","urlTemplate":"https:\/\/www.cidademarketing.com.br\/marketing\/?s={search_term_string}"},"query-input":{"@type":"PropertyValueSpecification","valueRequired":true,"valueName":"search_term_string"}}],"inLanguage":"pt-BR"},{"@type":"Organization","@id":"https:\/\/www.cidademarketing.com.br\/marketing\/#organization","name":"CidadeMarketing","alternateName":"CidadeMarketing","url":"https:\/\/www.cidademarketing.com.br\/marketing\/","logo":{"@type":"ImageObject","inLanguage":"pt-BR","@id":"https:\/\/www.cidademarketing.com.br\/marketing\/#\/schema\/logo\/image\/","url":"https:\/\/www.cidademarketing.com.br\/marketing\/wp-content\/uploads\/2020\/01\/cidademarketing_marca_mobile.png","contentUrl":"https:\/\/www.cidademarketing.com.br\/marketing\/wp-content\/uploads\/2020\/01\/cidademarketing_marca_mobile.png","width":230,"height":92,"caption":"CidadeMarketing"},"image":{"@id":"https:\/\/www.cidademarketing.com.br\/marketing\/#\/schema\/logo\/image\/"},"sameAs":["https:\/\/www.facebook.com\/portalcidademarketing","https:\/\/x.com\/CidadeMarketing","https:\/\/www.instagram.com\/cidademarketing\/"]},{"@type":"Person","@id":"https:\/\/www.cidademarketing.com.br\/marketing\/#\/schema\/person\/02daff9f18bd9378c9e01eb6b2db155f","name":"Thales Brand\u00e3o","image":{"@type":"ImageObject","inLanguage":"pt-BR","@id":"https:\/\/secure.gravatar.com\/avatar\/7ca3206950207cc3cb48feec56a8a7898741ab725c368d99d5d7a5a50aab80c6?s=96&d=mm&r=g","url":"https:\/\/secure.gravatar.com\/avatar\/7ca3206950207cc3cb48feec56a8a7898741ab725c368d99d5d7a5a50aab80c6?s=96&d=mm&r=g","contentUrl":"https:\/\/secure.gravatar.com\/avatar\/7ca3206950207cc3cb48feec56a8a7898741ab725c368d99d5d7a5a50aab80c6?s=96&d=mm&r=g","caption":"Thales Brand\u00e3o"},"description":"Editor Executivo do Portal CidadeMarketing.com.br &gt; Mestre em Comunica\u00e7\u00e3o e Sociedade pela Universidade Federal de Sergipe. Possui MBA Executivo em Administra\u00e7\u00e3o com \u00eanfase em Marketing pela Funda\u00e7\u00e3o Get\u00falio Vargas - Rio de Janeiro. Consultor, Palestrante e Pesquisador sobre Empreendedorismo, Marketing, Redes Sociais e Neg\u00f3cios Digitais. Professor, Palestrante TedxTalks e Campus Party. Twitter: @ThalesBrandao","sameAs":["http:\/\/www.mandacaru.com.br","https:\/\/www.facebook.com\/thalesbrandao","http:\/\/www.instagram.com.br\/thalesbrandaoferreira","https:\/\/www.linkedin.com\/in\/thales-brand\u00e3o-3948609\/","https:\/\/x.com\/http:\/\/www.twitter.com\/thalesbrandao"],"url":"https:\/\/www.cidademarketing.com.br\/marketing\/author\/thalesbrandao\/"}]}},"amp_enabled":true,"_links":{"self":[{"href":"https:\/\/www.cidademarketing.com.br\/marketing\/wp-json\/wp\/v2\/posts\/6589","targetHints":{"allow":["GET"]}}],"collection":[{"href":"https:\/\/www.cidademarketing.com.br\/marketing\/wp-json\/wp\/v2\/posts"}],"about":[{"href":"https:\/\/www.cidademarketing.com.br\/marketing\/wp-json\/wp\/v2\/types\/post"}],"author":[{"embeddable":true,"href":"https:\/\/www.cidademarketing.com.br\/marketing\/wp-json\/wp\/v2\/users\/1"}],"replies":[{"embeddable":true,"href":"https:\/\/www.cidademarketing.com.br\/marketing\/wp-json\/wp\/v2\/comments?post=6589"}],"version-history":[{"count":2,"href":"https:\/\/www.cidademarketing.com.br\/marketing\/wp-json\/wp\/v2\/posts\/6589\/revisions"}],"predecessor-version":[{"id":6592,"href":"https:\/\/www.cidademarketing.com.br\/marketing\/wp-json\/wp\/v2\/posts\/6589\/revisions\/6592"}],"wp:featuredmedia":[{"embeddable":true,"href":"https:\/\/www.cidademarketing.com.br\/marketing\/wp-json\/wp\/v2\/media\/6590"}],"wp:attachment":[{"href":"https:\/\/www.cidademarketing.com.br\/marketing\/wp-json\/wp\/v2\/media?parent=6589"}],"wp:term":[{"taxonomy":"category","embeddable":true,"href":"https:\/\/www.cidademarketing.com.br\/marketing\/wp-json\/wp\/v2\/categories?post=6589"},{"taxonomy":"post_tag","embeddable":true,"href":"https:\/\/www.cidademarketing.com.br\/marketing\/wp-json\/wp\/v2\/tags?post=6589"}],"curies":[{"name":"wp","href":"https:\/\/api.w.org\/{rel}","templated":true}]}}