{"id":6531,"date":"2019-02-21T23:13:18","date_gmt":"2019-02-22T02:13:18","guid":{"rendered":"http:\/\/www.cidademarketing.com.br\/marketing\/?p=6531"},"modified":"2019-02-21T23:13:21","modified_gmt":"2019-02-22T02:13:21","slug":"gloob-cria-chamada-de-carnaval-com-participacao-de-projetos-sociais","status":"publish","type":"post","link":"https:\/\/www.cidademarketing.com.br\/marketing\/2019\/02\/21\/gloob-cria-chamada-de-carnaval-com-participacao-de-projetos-sociais\/","title":{"rendered":"Gloob cria chamada de carnaval com participa\u00e7\u00e3o de projetos sociais"},"content":{"rendered":"\n<p>O Gloob j\u00e1 est\u00e1 pronto para o carnaval e para isso preparou um v\u00eddeo especial para dar in\u00edcio \u00e0s festividades. Com a colabora\u00e7\u00e3o de projetos sociais, 20 crian\u00e7as da Escola de Artes do Spanta \u2013 Spantinha \u2013 e nove do Coral infantil da Rocinha participaram de uma tarde animada embalada por fantasias, m\u00fasica e muita divers\u00e3o. As grava\u00e7\u00f5es aconteceram na Pra\u00e7a Edmundo Bitencourt, no bairro Peixoto, Rio de Janeiro \u2013 cujo espa\u00e7o de brincar foi revitalizado pelo Gloob como parte das a\u00e7\u00f5es do Junta\u00ea, movimento social da unidade infantil da Globosat. A <a href=\"https:\/\/vimeo.com\/318313333\/694e0f22a9\" target=\"_blank\" rel=\"noreferrer noopener\" aria-label=\"chamada de carnaval (abre em uma nova aba)\">chamada de carnaval<\/a>, exibida ao longo da programa\u00e7\u00e3o, poder\u00e1 ser assistida at\u00e9 10 de mar\u00e7o. <\/p>\n\n\n\n<p>\u201cO conceito da pe\u00e7a abra\u00e7a a tem\u00e1tica do Junta\u00ea e mostra um carnaval colaborativo, feito pelas crian\u00e7as e para as crian\u00e7as, com fantasias e instrumentos feitos de materiais de f\u00e1cil acesso, como balde e canos PVC, em um ambiente coletivo e democr\u00e1tico que \u00e9 a pra\u00e7a. Juntas, elas descobrem que s\u00f3 \u00e9 poss\u00edvel formar um bloco com a presen\u00e7a do outro, e que a festa s\u00f3 fica completa quando todos podem participar. Por isso, a narrativa apresenta a espera pela menina do estandarte B, para assim formarem juntos o bloco do G-L-O-O-B\u201d, comenta Jessica Souza, redatora da \u00e1rea de Comunica\u00e7\u00e3o e Branding da Globosat e autora da m\u00fasica de carnaval.<\/p>\n\n\n\n<figure class=\"wp-block-embed-youtube wp-block-embed is-type-video is-provider-youtube wp-embed-aspect-16-9 wp-has-aspect-ratio\"><div class=\"wp-block-embed__wrapper\">\n<div class=\"youtube-embed\" data-video_id=\"6nmnSJWO0C8\"><iframe title=\"O QU\u00ca A BIANCA ALENCAR, NICOLE ORSINI E PEDRO HENRIQUES T\u00caM EM COMUM? | CARNAVAL | Mundo Gloob\" width=\"640\" height=\"360\" src=\"https:\/\/www.youtube.com\/embed\/6nmnSJWO0C8?feature=oembed&#038;enablejsapi=1&#038;enablejsapi=1\" frameborder=\"0\" allow=\"accelerometer; autoplay; clipboard-write; encrypted-media; gyroscope; picture-in-picture; web-share\" referrerpolicy=\"strict-origin-when-cross-origin\" allowfullscreen><\/iframe><\/div>\n<\/div><\/figure>\n\n\n\n<p>&nbsp;A\nchamada de carnaval do Gloob foi criada e produzida pela \u00e1rea de Comunica\u00e7\u00e3o e\nBranding da Globosat. A letra da m\u00fasica \u00e9 de autoria de Jessica Souza e a\nprodu\u00e7\u00e3o musical \u00e9 de Rodrigo Belchior em parceria com Marcel Sousa. <\/p>\n","protected":false},"excerpt":{"rendered":"<p>O Gloob j\u00e1 est\u00e1 pronto para o carnaval e para isso preparou um v\u00eddeo especial para dar in\u00edcio \u00e0s festividades. Com a colabora\u00e7\u00e3o de projetos sociais, 20 crian\u00e7as da Escola de Artes do Spanta \u2013 Spantinha \u2013 e nove do Coral infantil da Rocinha participaram de uma tarde animada embalada por fantasias, m\u00fasica e muita [&hellip;]<\/p>\n","protected":false},"author":1,"featured_media":6532,"comment_status":"open","ping_status":"open","sticky":false,"template":"","format":"standard","meta":{"tdm_status":"","tdm_grid_status":"","footnotes":""},"categories":[6],"tags":[544,1488,408],"class_list":["post-6531","post","type-post","status-publish","format-standard","has-post-thumbnail","hentry","category-noticias","tag-gloob","tag-projeto-social","tag-tv"],"yoast_head":"<!-- This site is optimized with the Yoast SEO plugin v27.5 - https:\/\/yoast.com\/product\/yoast-seo-wordpress\/ -->\n<title>Gloob cria chamada de carnaval com participa\u00e7\u00e3o de projetos sociais - CidadeMarketing<\/title>\n<meta name=\"robots\" content=\"index, follow, max-snippet:-1, max-image-preview:large, max-video-preview:-1\" \/>\n<link rel=\"canonical\" href=\"https:\/\/www.cidademarketing.com.br\/marketing\/2019\/02\/21\/gloob-cria-chamada-de-carnaval-com-participacao-de-projetos-sociais\/\" \/>\n<meta property=\"og:locale\" content=\"pt_BR\" \/>\n<meta property=\"og:type\" content=\"article\" \/>\n<meta property=\"og:title\" content=\"Gloob cria chamada de carnaval com participa\u00e7\u00e3o de projetos sociais - CidadeMarketing\" \/>\n<meta property=\"og:description\" content=\"O Gloob j\u00e1 est\u00e1 pronto para o carnaval e para isso preparou um v\u00eddeo especial para dar in\u00edcio \u00e0s festividades. Com a colabora\u00e7\u00e3o de projetos sociais, 20 crian\u00e7as da Escola de Artes do Spanta \u2013 Spantinha \u2013 e nove do Coral infantil da Rocinha participaram de uma tarde animada embalada por fantasias, m\u00fasica e muita [&hellip;]\" \/>\n<meta property=\"og:url\" content=\"https:\/\/www.cidademarketing.com.br\/marketing\/2019\/02\/21\/gloob-cria-chamada-de-carnaval-com-participacao-de-projetos-sociais\/\" \/>\n<meta property=\"og:site_name\" content=\"CidadeMarketing\" \/>\n<meta property=\"article:publisher\" content=\"https:\/\/www.facebook.com\/portalcidademarketing\" \/>\n<meta property=\"article:author\" content=\"https:\/\/www.facebook.com\/thalesbrandao\" \/>\n<meta property=\"article:published_time\" content=\"2019-02-22T02:13:18+00:00\" \/>\n<meta property=\"article:modified_time\" content=\"2019-02-22T02:13:21+00:00\" \/>\n<meta property=\"og:image\" content=\"https:\/\/www.cidademarketing.com.br\/marketing\/wp-content\/uploads\/2019\/02\/gloob_carnaval_2019.jpg\" \/>\n\t<meta property=\"og:image:width\" content=\"1181\" \/>\n\t<meta property=\"og:image:height\" content=\"659\" \/>\n\t<meta property=\"og:image:type\" content=\"image\/jpeg\" \/>\n<meta name=\"author\" content=\"Thales Brand\u00e3o\" \/>\n<meta name=\"twitter:card\" content=\"summary_large_image\" \/>\n<meta name=\"twitter:creator\" content=\"@http:\/\/www.twitter.com\/thalesbrandao\" \/>\n<meta name=\"twitter:site\" content=\"@CidadeMarketing\" \/>\n<meta name=\"twitter:label1\" content=\"Escrito por\" \/>\n\t<meta name=\"twitter:data1\" content=\"Thales Brand\u00e3o\" \/>\n\t<meta name=\"twitter:label2\" content=\"Est. tempo de leitura\" \/>\n\t<meta name=\"twitter:data2\" content=\"1 minuto\" \/>\n<script type=\"application\/ld+json\" class=\"yoast-schema-graph\">{\"@context\":\"https:\\\/\\\/schema.org\",\"@graph\":[{\"@type\":\"Article\",\"@id\":\"https:\\\/\\\/www.cidademarketing.com.br\\\/marketing\\\/2019\\\/02\\\/21\\\/gloob-cria-chamada-de-carnaval-com-participacao-de-projetos-sociais\\\/#article\",\"isPartOf\":{\"@id\":\"https:\\\/\\\/www.cidademarketing.com.br\\\/marketing\\\/2019\\\/02\\\/21\\\/gloob-cria-chamada-de-carnaval-com-participacao-de-projetos-sociais\\\/\"},\"author\":{\"name\":\"Thales Brand\u00e3o\",\"@id\":\"https:\\\/\\\/www.cidademarketing.com.br\\\/marketing\\\/#\\\/schema\\\/person\\\/02daff9f18bd9378c9e01eb6b2db155f\"},\"headline\":\"Gloob cria chamada de carnaval com participa\u00e7\u00e3o de projetos sociais\",\"datePublished\":\"2019-02-22T02:13:18+00:00\",\"dateModified\":\"2019-02-22T02:13:21+00:00\",\"mainEntityOfPage\":{\"@id\":\"https:\\\/\\\/www.cidademarketing.com.br\\\/marketing\\\/2019\\\/02\\\/21\\\/gloob-cria-chamada-de-carnaval-com-participacao-de-projetos-sociais\\\/\"},\"wordCount\":296,\"commentCount\":0,\"publisher\":{\"@id\":\"https:\\\/\\\/www.cidademarketing.com.br\\\/marketing\\\/#organization\"},\"image\":{\"@id\":\"https:\\\/\\\/www.cidademarketing.com.br\\\/marketing\\\/2019\\\/02\\\/21\\\/gloob-cria-chamada-de-carnaval-com-participacao-de-projetos-sociais\\\/#primaryimage\"},\"thumbnailUrl\":\"https:\\\/\\\/www.cidademarketing.com.br\\\/marketing\\\/wp-content\\\/uploads\\\/2019\\\/02\\\/gloob_carnaval_2019.jpg\",\"keywords\":[\"Gloob\",\"projeto social\",\"TV\"],\"articleSection\":[\"Not\u00edcias\"],\"inLanguage\":\"pt-BR\",\"potentialAction\":[{\"@type\":\"CommentAction\",\"name\":\"Comment\",\"target\":[\"https:\\\/\\\/www.cidademarketing.com.br\\\/marketing\\\/2019\\\/02\\\/21\\\/gloob-cria-chamada-de-carnaval-com-participacao-de-projetos-sociais\\\/#respond\"]}]},{\"@type\":\"WebPage\",\"@id\":\"https:\\\/\\\/www.cidademarketing.com.br\\\/marketing\\\/2019\\\/02\\\/21\\\/gloob-cria-chamada-de-carnaval-com-participacao-de-projetos-sociais\\\/\",\"url\":\"https:\\\/\\\/www.cidademarketing.com.br\\\/marketing\\\/2019\\\/02\\\/21\\\/gloob-cria-chamada-de-carnaval-com-participacao-de-projetos-sociais\\\/\",\"name\":\"Gloob cria chamada de carnaval com participa\u00e7\u00e3o de projetos sociais - CidadeMarketing\",\"isPartOf\":{\"@id\":\"https:\\\/\\\/www.cidademarketing.com.br\\\/marketing\\\/#website\"},\"primaryImageOfPage\":{\"@id\":\"https:\\\/\\\/www.cidademarketing.com.br\\\/marketing\\\/2019\\\/02\\\/21\\\/gloob-cria-chamada-de-carnaval-com-participacao-de-projetos-sociais\\\/#primaryimage\"},\"image\":{\"@id\":\"https:\\\/\\\/www.cidademarketing.com.br\\\/marketing\\\/2019\\\/02\\\/21\\\/gloob-cria-chamada-de-carnaval-com-participacao-de-projetos-sociais\\\/#primaryimage\"},\"thumbnailUrl\":\"https:\\\/\\\/www.cidademarketing.com.br\\\/marketing\\\/wp-content\\\/uploads\\\/2019\\\/02\\\/gloob_carnaval_2019.jpg\",\"datePublished\":\"2019-02-22T02:13:18+00:00\",\"dateModified\":\"2019-02-22T02:13:21+00:00\",\"breadcrumb\":{\"@id\":\"https:\\\/\\\/www.cidademarketing.com.br\\\/marketing\\\/2019\\\/02\\\/21\\\/gloob-cria-chamada-de-carnaval-com-participacao-de-projetos-sociais\\\/#breadcrumb\"},\"inLanguage\":\"pt-BR\",\"potentialAction\":[{\"@type\":\"ReadAction\",\"target\":[\"https:\\\/\\\/www.cidademarketing.com.br\\\/marketing\\\/2019\\\/02\\\/21\\\/gloob-cria-chamada-de-carnaval-com-participacao-de-projetos-sociais\\\/\"]}]},{\"@type\":\"ImageObject\",\"inLanguage\":\"pt-BR\",\"@id\":\"https:\\\/\\\/www.cidademarketing.com.br\\\/marketing\\\/2019\\\/02\\\/21\\\/gloob-cria-chamada-de-carnaval-com-participacao-de-projetos-sociais\\\/#primaryimage\",\"url\":\"https:\\\/\\\/www.cidademarketing.com.br\\\/marketing\\\/wp-content\\\/uploads\\\/2019\\\/02\\\/gloob_carnaval_2019.jpg\",\"contentUrl\":\"https:\\\/\\\/www.cidademarketing.com.br\\\/marketing\\\/wp-content\\\/uploads\\\/2019\\\/02\\\/gloob_carnaval_2019.jpg\",\"width\":1181,\"height\":659,\"caption\":\"Reprodu\u00e7\u00e3o\"},{\"@type\":\"BreadcrumbList\",\"@id\":\"https:\\\/\\\/www.cidademarketing.com.br\\\/marketing\\\/2019\\\/02\\\/21\\\/gloob-cria-chamada-de-carnaval-com-participacao-de-projetos-sociais\\\/#breadcrumb\",\"itemListElement\":[{\"@type\":\"ListItem\",\"position\":1,\"name\":\"In\u00edcio\",\"item\":\"https:\\\/\\\/www.cidademarketing.com.br\\\/marketing\\\/\"},{\"@type\":\"ListItem\",\"position\":2,\"name\":\"Gloob cria chamada de carnaval com participa\u00e7\u00e3o de projetos sociais\"}]},{\"@type\":\"WebSite\",\"@id\":\"https:\\\/\\\/www.cidademarketing.com.br\\\/marketing\\\/#website\",\"url\":\"https:\\\/\\\/www.cidademarketing.com.br\\\/marketing\\\/\",\"name\":\"CidadeMarketing\",\"description\":\"Somos um ve\u00edculo de comunica\u00e7\u00e3o de destaque no Brasil, reconhecido por conte\u00fados nos segmentos de marketing, empreendedorismo e inova\u00e7\u00e3o.\",\"publisher\":{\"@id\":\"https:\\\/\\\/www.cidademarketing.com.br\\\/marketing\\\/#organization\"},\"alternateName\":\"CidadeMarketing\",\"potentialAction\":[{\"@type\":\"SearchAction\",\"target\":{\"@type\":\"EntryPoint\",\"urlTemplate\":\"https:\\\/\\\/www.cidademarketing.com.br\\\/marketing\\\/?s={search_term_string}\"},\"query-input\":{\"@type\":\"PropertyValueSpecification\",\"valueRequired\":true,\"valueName\":\"search_term_string\"}}],\"inLanguage\":\"pt-BR\"},{\"@type\":\"Organization\",\"@id\":\"https:\\\/\\\/www.cidademarketing.com.br\\\/marketing\\\/#organization\",\"name\":\"CidadeMarketing\",\"alternateName\":\"CidadeMarketing\",\"url\":\"https:\\\/\\\/www.cidademarketing.com.br\\\/marketing\\\/\",\"logo\":{\"@type\":\"ImageObject\",\"inLanguage\":\"pt-BR\",\"@id\":\"https:\\\/\\\/www.cidademarketing.com.br\\\/marketing\\\/#\\\/schema\\\/logo\\\/image\\\/\",\"url\":\"https:\\\/\\\/www.cidademarketing.com.br\\\/marketing\\\/wp-content\\\/uploads\\\/2020\\\/01\\\/cidademarketing_marca_mobile.png\",\"contentUrl\":\"https:\\\/\\\/www.cidademarketing.com.br\\\/marketing\\\/wp-content\\\/uploads\\\/2020\\\/01\\\/cidademarketing_marca_mobile.png\",\"width\":230,\"height\":92,\"caption\":\"CidadeMarketing\"},\"image\":{\"@id\":\"https:\\\/\\\/www.cidademarketing.com.br\\\/marketing\\\/#\\\/schema\\\/logo\\\/image\\\/\"},\"sameAs\":[\"https:\\\/\\\/www.facebook.com\\\/portalcidademarketing\",\"https:\\\/\\\/x.com\\\/CidadeMarketing\",\"https:\\\/\\\/www.instagram.com\\\/cidademarketing\\\/\"]},{\"@type\":\"Person\",\"@id\":\"https:\\\/\\\/www.cidademarketing.com.br\\\/marketing\\\/#\\\/schema\\\/person\\\/02daff9f18bd9378c9e01eb6b2db155f\",\"name\":\"Thales Brand\u00e3o\",\"image\":{\"@type\":\"ImageObject\",\"inLanguage\":\"pt-BR\",\"@id\":\"https:\\\/\\\/secure.gravatar.com\\\/avatar\\\/7ca3206950207cc3cb48feec56a8a7898741ab725c368d99d5d7a5a50aab80c6?s=96&d=mm&r=g\",\"url\":\"https:\\\/\\\/secure.gravatar.com\\\/avatar\\\/7ca3206950207cc3cb48feec56a8a7898741ab725c368d99d5d7a5a50aab80c6?s=96&d=mm&r=g\",\"contentUrl\":\"https:\\\/\\\/secure.gravatar.com\\\/avatar\\\/7ca3206950207cc3cb48feec56a8a7898741ab725c368d99d5d7a5a50aab80c6?s=96&d=mm&r=g\",\"caption\":\"Thales Brand\u00e3o\"},\"description\":\"Editor Executivo do Portal CidadeMarketing.com.br &gt; Mestre em Comunica\u00e7\u00e3o e Sociedade pela Universidade Federal de Sergipe. Possui MBA Executivo em Administra\u00e7\u00e3o com \u00eanfase em Marketing pela Funda\u00e7\u00e3o Get\u00falio Vargas - Rio de Janeiro. Consultor, Palestrante e Pesquisador sobre Empreendedorismo, Marketing, Redes Sociais e Neg\u00f3cios Digitais. Professor, Palestrante TedxTalks e Campus Party. Twitter: @ThalesBrandao\",\"sameAs\":[\"http:\\\/\\\/www.mandacaru.com.br\",\"https:\\\/\\\/www.facebook.com\\\/thalesbrandao\",\"http:\\\/\\\/www.instagram.com.br\\\/thalesbrandaoferreira\",\"https:\\\/\\\/www.linkedin.com\\\/in\\\/thales-brand\u00e3o-3948609\\\/\",\"https:\\\/\\\/x.com\\\/http:\\\/\\\/www.twitter.com\\\/thalesbrandao\"],\"url\":\"https:\\\/\\\/www.cidademarketing.com.br\\\/marketing\\\/author\\\/thalesbrandao\\\/\"}]}<\/script>\n<!-- \/ Yoast SEO plugin. -->","yoast_head_json":{"title":"Gloob cria chamada de carnaval com participa\u00e7\u00e3o de projetos sociais - CidadeMarketing","robots":{"index":"index","follow":"follow","max-snippet":"max-snippet:-1","max-image-preview":"max-image-preview:large","max-video-preview":"max-video-preview:-1"},"canonical":"https:\/\/www.cidademarketing.com.br\/marketing\/2019\/02\/21\/gloob-cria-chamada-de-carnaval-com-participacao-de-projetos-sociais\/","og_locale":"pt_BR","og_type":"article","og_title":"Gloob cria chamada de carnaval com participa\u00e7\u00e3o de projetos sociais - CidadeMarketing","og_description":"O Gloob j\u00e1 est\u00e1 pronto para o carnaval e para isso preparou um v\u00eddeo especial para dar in\u00edcio \u00e0s festividades. Com a colabora\u00e7\u00e3o de projetos sociais, 20 crian\u00e7as da Escola de Artes do Spanta \u2013 Spantinha \u2013 e nove do Coral infantil da Rocinha participaram de uma tarde animada embalada por fantasias, m\u00fasica e muita [&hellip;]","og_url":"https:\/\/www.cidademarketing.com.br\/marketing\/2019\/02\/21\/gloob-cria-chamada-de-carnaval-com-participacao-de-projetos-sociais\/","og_site_name":"CidadeMarketing","article_publisher":"https:\/\/www.facebook.com\/portalcidademarketing","article_author":"https:\/\/www.facebook.com\/thalesbrandao","article_published_time":"2019-02-22T02:13:18+00:00","article_modified_time":"2019-02-22T02:13:21+00:00","og_image":[{"width":1181,"height":659,"url":"https:\/\/www.cidademarketing.com.br\/marketing\/wp-content\/uploads\/2019\/02\/gloob_carnaval_2019.jpg","type":"image\/jpeg"}],"author":"Thales Brand\u00e3o","twitter_card":"summary_large_image","twitter_creator":"@http:\/\/www.twitter.com\/thalesbrandao","twitter_site":"@CidadeMarketing","twitter_misc":{"Escrito por":"Thales Brand\u00e3o","Est. tempo de leitura":"1 minuto"},"schema":{"@context":"https:\/\/schema.org","@graph":[{"@type":"Article","@id":"https:\/\/www.cidademarketing.com.br\/marketing\/2019\/02\/21\/gloob-cria-chamada-de-carnaval-com-participacao-de-projetos-sociais\/#article","isPartOf":{"@id":"https:\/\/www.cidademarketing.com.br\/marketing\/2019\/02\/21\/gloob-cria-chamada-de-carnaval-com-participacao-de-projetos-sociais\/"},"author":{"name":"Thales Brand\u00e3o","@id":"https:\/\/www.cidademarketing.com.br\/marketing\/#\/schema\/person\/02daff9f18bd9378c9e01eb6b2db155f"},"headline":"Gloob cria chamada de carnaval com participa\u00e7\u00e3o de projetos sociais","datePublished":"2019-02-22T02:13:18+00:00","dateModified":"2019-02-22T02:13:21+00:00","mainEntityOfPage":{"@id":"https:\/\/www.cidademarketing.com.br\/marketing\/2019\/02\/21\/gloob-cria-chamada-de-carnaval-com-participacao-de-projetos-sociais\/"},"wordCount":296,"commentCount":0,"publisher":{"@id":"https:\/\/www.cidademarketing.com.br\/marketing\/#organization"},"image":{"@id":"https:\/\/www.cidademarketing.com.br\/marketing\/2019\/02\/21\/gloob-cria-chamada-de-carnaval-com-participacao-de-projetos-sociais\/#primaryimage"},"thumbnailUrl":"https:\/\/www.cidademarketing.com.br\/marketing\/wp-content\/uploads\/2019\/02\/gloob_carnaval_2019.jpg","keywords":["Gloob","projeto social","TV"],"articleSection":["Not\u00edcias"],"inLanguage":"pt-BR","potentialAction":[{"@type":"CommentAction","name":"Comment","target":["https:\/\/www.cidademarketing.com.br\/marketing\/2019\/02\/21\/gloob-cria-chamada-de-carnaval-com-participacao-de-projetos-sociais\/#respond"]}]},{"@type":"WebPage","@id":"https:\/\/www.cidademarketing.com.br\/marketing\/2019\/02\/21\/gloob-cria-chamada-de-carnaval-com-participacao-de-projetos-sociais\/","url":"https:\/\/www.cidademarketing.com.br\/marketing\/2019\/02\/21\/gloob-cria-chamada-de-carnaval-com-participacao-de-projetos-sociais\/","name":"Gloob cria chamada de carnaval com participa\u00e7\u00e3o de projetos sociais - CidadeMarketing","isPartOf":{"@id":"https:\/\/www.cidademarketing.com.br\/marketing\/#website"},"primaryImageOfPage":{"@id":"https:\/\/www.cidademarketing.com.br\/marketing\/2019\/02\/21\/gloob-cria-chamada-de-carnaval-com-participacao-de-projetos-sociais\/#primaryimage"},"image":{"@id":"https:\/\/www.cidademarketing.com.br\/marketing\/2019\/02\/21\/gloob-cria-chamada-de-carnaval-com-participacao-de-projetos-sociais\/#primaryimage"},"thumbnailUrl":"https:\/\/www.cidademarketing.com.br\/marketing\/wp-content\/uploads\/2019\/02\/gloob_carnaval_2019.jpg","datePublished":"2019-02-22T02:13:18+00:00","dateModified":"2019-02-22T02:13:21+00:00","breadcrumb":{"@id":"https:\/\/www.cidademarketing.com.br\/marketing\/2019\/02\/21\/gloob-cria-chamada-de-carnaval-com-participacao-de-projetos-sociais\/#breadcrumb"},"inLanguage":"pt-BR","potentialAction":[{"@type":"ReadAction","target":["https:\/\/www.cidademarketing.com.br\/marketing\/2019\/02\/21\/gloob-cria-chamada-de-carnaval-com-participacao-de-projetos-sociais\/"]}]},{"@type":"ImageObject","inLanguage":"pt-BR","@id":"https:\/\/www.cidademarketing.com.br\/marketing\/2019\/02\/21\/gloob-cria-chamada-de-carnaval-com-participacao-de-projetos-sociais\/#primaryimage","url":"https:\/\/www.cidademarketing.com.br\/marketing\/wp-content\/uploads\/2019\/02\/gloob_carnaval_2019.jpg","contentUrl":"https:\/\/www.cidademarketing.com.br\/marketing\/wp-content\/uploads\/2019\/02\/gloob_carnaval_2019.jpg","width":1181,"height":659,"caption":"Reprodu\u00e7\u00e3o"},{"@type":"BreadcrumbList","@id":"https:\/\/www.cidademarketing.com.br\/marketing\/2019\/02\/21\/gloob-cria-chamada-de-carnaval-com-participacao-de-projetos-sociais\/#breadcrumb","itemListElement":[{"@type":"ListItem","position":1,"name":"In\u00edcio","item":"https:\/\/www.cidademarketing.com.br\/marketing\/"},{"@type":"ListItem","position":2,"name":"Gloob cria chamada de carnaval com participa\u00e7\u00e3o de projetos sociais"}]},{"@type":"WebSite","@id":"https:\/\/www.cidademarketing.com.br\/marketing\/#website","url":"https:\/\/www.cidademarketing.com.br\/marketing\/","name":"CidadeMarketing","description":"Somos um ve\u00edculo de comunica\u00e7\u00e3o de destaque no Brasil, reconhecido por conte\u00fados nos segmentos de marketing, empreendedorismo e inova\u00e7\u00e3o.","publisher":{"@id":"https:\/\/www.cidademarketing.com.br\/marketing\/#organization"},"alternateName":"CidadeMarketing","potentialAction":[{"@type":"SearchAction","target":{"@type":"EntryPoint","urlTemplate":"https:\/\/www.cidademarketing.com.br\/marketing\/?s={search_term_string}"},"query-input":{"@type":"PropertyValueSpecification","valueRequired":true,"valueName":"search_term_string"}}],"inLanguage":"pt-BR"},{"@type":"Organization","@id":"https:\/\/www.cidademarketing.com.br\/marketing\/#organization","name":"CidadeMarketing","alternateName":"CidadeMarketing","url":"https:\/\/www.cidademarketing.com.br\/marketing\/","logo":{"@type":"ImageObject","inLanguage":"pt-BR","@id":"https:\/\/www.cidademarketing.com.br\/marketing\/#\/schema\/logo\/image\/","url":"https:\/\/www.cidademarketing.com.br\/marketing\/wp-content\/uploads\/2020\/01\/cidademarketing_marca_mobile.png","contentUrl":"https:\/\/www.cidademarketing.com.br\/marketing\/wp-content\/uploads\/2020\/01\/cidademarketing_marca_mobile.png","width":230,"height":92,"caption":"CidadeMarketing"},"image":{"@id":"https:\/\/www.cidademarketing.com.br\/marketing\/#\/schema\/logo\/image\/"},"sameAs":["https:\/\/www.facebook.com\/portalcidademarketing","https:\/\/x.com\/CidadeMarketing","https:\/\/www.instagram.com\/cidademarketing\/"]},{"@type":"Person","@id":"https:\/\/www.cidademarketing.com.br\/marketing\/#\/schema\/person\/02daff9f18bd9378c9e01eb6b2db155f","name":"Thales Brand\u00e3o","image":{"@type":"ImageObject","inLanguage":"pt-BR","@id":"https:\/\/secure.gravatar.com\/avatar\/7ca3206950207cc3cb48feec56a8a7898741ab725c368d99d5d7a5a50aab80c6?s=96&d=mm&r=g","url":"https:\/\/secure.gravatar.com\/avatar\/7ca3206950207cc3cb48feec56a8a7898741ab725c368d99d5d7a5a50aab80c6?s=96&d=mm&r=g","contentUrl":"https:\/\/secure.gravatar.com\/avatar\/7ca3206950207cc3cb48feec56a8a7898741ab725c368d99d5d7a5a50aab80c6?s=96&d=mm&r=g","caption":"Thales Brand\u00e3o"},"description":"Editor Executivo do Portal CidadeMarketing.com.br &gt; Mestre em Comunica\u00e7\u00e3o e Sociedade pela Universidade Federal de Sergipe. Possui MBA Executivo em Administra\u00e7\u00e3o com \u00eanfase em Marketing pela Funda\u00e7\u00e3o Get\u00falio Vargas - Rio de Janeiro. Consultor, Palestrante e Pesquisador sobre Empreendedorismo, Marketing, Redes Sociais e Neg\u00f3cios Digitais. Professor, Palestrante TedxTalks e Campus Party. Twitter: @ThalesBrandao","sameAs":["http:\/\/www.mandacaru.com.br","https:\/\/www.facebook.com\/thalesbrandao","http:\/\/www.instagram.com.br\/thalesbrandaoferreira","https:\/\/www.linkedin.com\/in\/thales-brand\u00e3o-3948609\/","https:\/\/x.com\/http:\/\/www.twitter.com\/thalesbrandao"],"url":"https:\/\/www.cidademarketing.com.br\/marketing\/author\/thalesbrandao\/"}]}},"amp_enabled":true,"_links":{"self":[{"href":"https:\/\/www.cidademarketing.com.br\/marketing\/wp-json\/wp\/v2\/posts\/6531","targetHints":{"allow":["GET"]}}],"collection":[{"href":"https:\/\/www.cidademarketing.com.br\/marketing\/wp-json\/wp\/v2\/posts"}],"about":[{"href":"https:\/\/www.cidademarketing.com.br\/marketing\/wp-json\/wp\/v2\/types\/post"}],"author":[{"embeddable":true,"href":"https:\/\/www.cidademarketing.com.br\/marketing\/wp-json\/wp\/v2\/users\/1"}],"replies":[{"embeddable":true,"href":"https:\/\/www.cidademarketing.com.br\/marketing\/wp-json\/wp\/v2\/comments?post=6531"}],"version-history":[{"count":1,"href":"https:\/\/www.cidademarketing.com.br\/marketing\/wp-json\/wp\/v2\/posts\/6531\/revisions"}],"predecessor-version":[{"id":6533,"href":"https:\/\/www.cidademarketing.com.br\/marketing\/wp-json\/wp\/v2\/posts\/6531\/revisions\/6533"}],"wp:featuredmedia":[{"embeddable":true,"href":"https:\/\/www.cidademarketing.com.br\/marketing\/wp-json\/wp\/v2\/media\/6532"}],"wp:attachment":[{"href":"https:\/\/www.cidademarketing.com.br\/marketing\/wp-json\/wp\/v2\/media?parent=6531"}],"wp:term":[{"taxonomy":"category","embeddable":true,"href":"https:\/\/www.cidademarketing.com.br\/marketing\/wp-json\/wp\/v2\/categories?post=6531"},{"taxonomy":"post_tag","embeddable":true,"href":"https:\/\/www.cidademarketing.com.br\/marketing\/wp-json\/wp\/v2\/tags?post=6531"}],"curies":[{"name":"wp","href":"https:\/\/api.w.org\/{rel}","templated":true}]}}