{"id":6510,"date":"2019-02-21T10:46:28","date_gmt":"2019-02-21T13:46:28","guid":{"rendered":"http:\/\/www.cidademarketing.com.br\/marketing\/?p=6510"},"modified":"2019-02-21T10:46:31","modified_gmt":"2019-02-21T13:46:31","slug":"celebrando-70-anos-de-fundacao-marcopolo-lanca-campanha-institucional","status":"publish","type":"post","link":"https:\/\/www.cidademarketing.com.br\/marketing\/2019\/02\/21\/celebrando-70-anos-de-fundacao-marcopolo-lanca-campanha-institucional\/","title":{"rendered":"Celebrando 70 anos de funda\u00e7\u00e3o, Marcopolo lan\u00e7a campanha institucional"},"content":{"rendered":"\n<p>Com o tema Todas as gera\u00e7\u00f5es pelo mundo, a Marcopolo d\u00e1 in\u00edcio, em fevereiro, na Festa da Uva 2019, \u00e0 celebra\u00e7\u00e3o dos seus 70 anos de funda\u00e7\u00e3o. O objetivo \u00e9 mostrar que a empresa sempre fez e continua a fazer parte da vida de muitas pessoas em todo o mundo, e comemorar sete d\u00e9cadas de uma hist\u00f3ria duradoura e de sucesso, constru\u00edda com a colabora\u00e7\u00e3o de muita gente.<\/p>\n\n\n\n<p>\u00c9 pelas pessoas que a Marcopolo existe, cresce e amplia a sua presen\u00e7a e atua\u00e7\u00e3o. As pessoas sempre foram o diferencial da marca para fazer acontecer. E para fazer acontecer, \u00e9 necess\u00e1rio trabalhar em equipe e confiar nas pessoas, se colocando no lugar do outro. A campanha visa mostrar toda essa hist\u00f3ria de 70 anos da companhia.<\/p>\n\n\n\n<p>O slogan Todas as gera\u00e7\u00f5es pelo mundo traz em seu conceito a mensagem forte que todas \u00e9 a simbologia de etnias, de diferentes pessoas, sem distin\u00e7\u00e3o, que fazem parte de diversas gera\u00e7\u00f5es ao redor do mundo, sem limites ou fronteiras. A cronologia associada \u00e0 linha do tempo \u00e9 representada por uma estrada pela qual por 70 anos todas as gera\u00e7\u00f5es de produtos da empresa cruzaram o mundo, aproximando essas pessoas.<\/p>\n\n\n\n<p>Segundo James Bellini, presidente do Conselho de Administra\u00e7\u00e3o da Marcopolo, a campanha foi dividida em tr\u00eas linhas de atua\u00e7\u00e3o: Institucional \u2013 com um an\u00fancio com a imagem de uma estrada que simboliza os diferentes territ\u00f3rios desbravados por um \u00f4nibus; Pessoas \u2013 mote central do filme institucional, representadas pelos colaboradores, que fazem acontecer e que mostram a rela\u00e7\u00e3o pessoal com a profissional. As pessoas s\u00e3o \u00fanicas e singulares, e o trabalho em equipe \u00e9 a uni\u00e3o de diferentes pessoas em busca de um mesmo prop\u00f3sito, e Produtos \u2013 criado por pessoas, produzido por pessoas, conduzido por pessoas, porque todo mundo \u00e9 bem-vindo a bordo de um \u00f4nibus Marcopolo. \u201cA primeira pe\u00e7a criada com o mote dos 70 anos foi o Calend\u00e1rio 2019 da Marcopolo, em dezembro do ano passado, que destaca em suas folhas as etnias dos cinco continentes\u201d, comenta James.<\/p>\n\n\n\n<p>A Marcopolo decidiu fazer o lan\u00e7amento oficial da campanha dos 70 anos na Festa da Uva, que acontece de 22 de fevereiro a 10 de mar\u00e7o, porque o evento engaja todo a comunidade caxiense, ber\u00e7o da empresa. Durante o evento ser\u00e3o realizados desfiles nos quais a ala da ind\u00fastria estar\u00e1 representada por colaboradores Marcopolo, que contar\u00e3o a hist\u00f3ria executando um flash mob (grupo de ao menos 10 pessoas que se re\u00fanem repentina e instantaneamente em ambiente p\u00fablico, realizam uma performance at\u00edpica por um certo per\u00edodo de tempo e rapidamente se dispersam do ambiente). No dia 3 de mar\u00e7o, acontecer\u00e1 a R\u00fastica, corrida a p\u00e9, em percurso de 4 e 8 km, na qual um grupo de 50 colaboradores, representar\u00e3o a empresa e doar\u00e3o 250 kg de alimentos.<\/p>\n\n\n\n<p>Durante os 17 dias da Festa da Uva, outras a\u00e7\u00f5es v\u00e3o marcar as comemora\u00e7\u00f5es do anivers\u00e1rio, que ocorre no dia 6 de agosto. Uma delas ser\u00e1 conduzida pela Funda\u00e7\u00e3o Marcopolo no camarote exclusivo da empresa no palco principal do evento, com a oferta de convites para os colaboradores e suas fam\u00edlias poderem assistir aos espet\u00e1culos. Tamb\u00e9m em todo o per\u00edodo da festa, o charter (transporte interno dos visitantes do port\u00e3o de acesso dos \u00d4nibus aos pavilh\u00f5es) ser\u00e1 cortesia da Marcopolo.<\/p>\n\n\n\n<p>Ao longo de todo o ano tamb\u00e9m ser\u00e3o realizadas diversas a\u00e7\u00f5es para comemorar esta importante data e marco hist\u00f3rico de uma empresa 100% brasileira que sempre buscou a inova\u00e7\u00e3o, a excel\u00eancia e a satisfa\u00e7\u00e3o total de seus clientes e parceiros.<\/p>\n\n\n\n<figure class=\"wp-block-embed-youtube wp-block-embed is-type-video is-provider-youtube wp-embed-aspect-16-9 wp-has-aspect-ratio\"><div class=\"wp-block-embed__wrapper\">\n<div class=\"youtube-embed\" data-video_id=\"UWDJeH3xMTs\"><iframe title=\"Marcopolo - 70 Anos\" width=\"640\" height=\"360\" src=\"https:\/\/www.youtube.com\/embed\/UWDJeH3xMTs?feature=oembed&#038;enablejsapi=1&#038;enablejsapi=1\" frameborder=\"0\" allow=\"accelerometer; autoplay; clipboard-write; encrypted-media; gyroscope; picture-in-picture; web-share\" referrerpolicy=\"strict-origin-when-cross-origin\" allowfullscreen><\/iframe><\/div>\n<\/div><\/figure>\n\n\n\n<p>Marcopolo, brasileira l\u00edder mundial em solu\u00e7\u00f5es para o transporte de passageiros<\/p>\n\n\n\n<p>Fundada no dia 6 de agosto, de 1949, a Marcopolo foi uma das primeiras ind\u00fastrias brasileiras a fabricar carrocerias para \u00f4nibus, que inicialmente eram de madeira. Reconhecida como inovadora e pelo foco na motiva\u00e7\u00e3o e valoriza\u00e7\u00e3o das pessoas, a empresa se destacou, ao longo dos anos, pelo desenvolvimento de produtos com a mais avan\u00e7ada tecnologia e processos diferenciados, que tiveram como resultado uma linha diversificada que atende necessidades espec\u00edficas de cada mercado, nacional e internacional.<\/p>\n\n\n\n<p>O surgimento da empresa ocorreu no momento de grande desenvolvimento da ind\u00fastria automobil\u00edstica no Brasil e permitiu que a fabricante ampliasse suas atividades no Pa\u00eds e tamb\u00e9m conquistasse o mercado internacional. As primeiras exporta\u00e7\u00f5es aconteceram em 1961, para o Uruguai, e deram in\u00edcio \u00e0 significativa presen\u00e7a da empresa no exterior. Hoje, com uma gest\u00e3o empresarial moderna e estrutura organizacional voltada para o mercado global, possui unidades fabris em nove pa\u00edses, exporta seus produtos para cerca de outros 120 em todo o mundo e superou a marca de 420 mil unidades fabricadas.<\/p>\n","protected":false},"excerpt":{"rendered":"<p>Com o tema Todas as gera\u00e7\u00f5es pelo mundo, a Marcopolo d\u00e1 in\u00edcio, em fevereiro, na Festa da Uva 2019, \u00e0 celebra\u00e7\u00e3o dos seus 70 anos de funda\u00e7\u00e3o. O objetivo \u00e9 mostrar que a empresa sempre fez e continua a fazer parte da vida de muitas pessoas em todo o mundo, e comemorar sete d\u00e9cadas de [&hellip;]<\/p>\n","protected":false},"author":1,"featured_media":6511,"comment_status":"open","ping_status":"open","sticky":false,"template":"","format":"standard","meta":{"tdm_status":"","tdm_grid_status":"","footnotes":""},"categories":[8,6],"tags":[175,33,1484],"class_list":["post-6510","post","type-post","status-publish","format-standard","has-post-thumbnail","hentry","category-marcas","category-noticias","tag-branding","tag-estrategia","tag-marcopolo"],"yoast_head":"<!-- This site is optimized with the Yoast SEO plugin v27.5 - https:\/\/yoast.com\/product\/yoast-seo-wordpress\/ -->\n<title>Celebrando 70 anos de funda\u00e7\u00e3o, Marcopolo lan\u00e7a campanha institucional - CidadeMarketing<\/title>\n<meta name=\"robots\" content=\"index, follow, max-snippet:-1, max-image-preview:large, max-video-preview:-1\" \/>\n<link rel=\"canonical\" href=\"https:\/\/www.cidademarketing.com.br\/marketing\/2019\/02\/21\/celebrando-70-anos-de-fundacao-marcopolo-lanca-campanha-institucional\/\" \/>\n<meta property=\"og:locale\" content=\"pt_BR\" \/>\n<meta property=\"og:type\" content=\"article\" \/>\n<meta property=\"og:title\" content=\"Celebrando 70 anos de funda\u00e7\u00e3o, Marcopolo lan\u00e7a campanha institucional - CidadeMarketing\" \/>\n<meta property=\"og:description\" content=\"Com o tema Todas as gera\u00e7\u00f5es pelo mundo, a Marcopolo d\u00e1 in\u00edcio, em fevereiro, na Festa da Uva 2019, \u00e0 celebra\u00e7\u00e3o dos seus 70 anos de funda\u00e7\u00e3o. O objetivo \u00e9 mostrar que a empresa sempre fez e continua a fazer parte da vida de muitas pessoas em todo o mundo, e comemorar sete d\u00e9cadas de [&hellip;]\" \/>\n<meta property=\"og:url\" content=\"https:\/\/www.cidademarketing.com.br\/marketing\/2019\/02\/21\/celebrando-70-anos-de-fundacao-marcopolo-lanca-campanha-institucional\/\" \/>\n<meta property=\"og:site_name\" content=\"CidadeMarketing\" \/>\n<meta property=\"article:publisher\" content=\"https:\/\/www.facebook.com\/portalcidademarketing\" \/>\n<meta property=\"article:author\" content=\"https:\/\/www.facebook.com\/thalesbrandao\" \/>\n<meta property=\"article:published_time\" content=\"2019-02-21T13:46:28+00:00\" \/>\n<meta property=\"article:modified_time\" content=\"2019-02-21T13:46:31+00:00\" \/>\n<meta property=\"og:image\" content=\"https:\/\/www.cidademarketing.com.br\/marketing\/wp-content\/uploads\/2019\/02\/marcopolo_70anos.jpg\" \/>\n\t<meta property=\"og:image:width\" content=\"1282\" \/>\n\t<meta property=\"og:image:height\" content=\"469\" \/>\n\t<meta property=\"og:image:type\" content=\"image\/jpeg\" \/>\n<meta name=\"author\" content=\"Thales Brand\u00e3o\" \/>\n<meta name=\"twitter:card\" content=\"summary_large_image\" \/>\n<meta name=\"twitter:creator\" content=\"@http:\/\/www.twitter.com\/thalesbrandao\" \/>\n<meta name=\"twitter:site\" content=\"@CidadeMarketing\" \/>\n<meta name=\"twitter:label1\" content=\"Escrito por\" \/>\n\t<meta name=\"twitter:data1\" content=\"Thales Brand\u00e3o\" \/>\n\t<meta name=\"twitter:label2\" content=\"Est. tempo de leitura\" \/>\n\t<meta name=\"twitter:data2\" content=\"4 minutos\" \/>\n<script type=\"application\/ld+json\" class=\"yoast-schema-graph\">{\"@context\":\"https:\\\/\\\/schema.org\",\"@graph\":[{\"@type\":\"Article\",\"@id\":\"https:\\\/\\\/www.cidademarketing.com.br\\\/marketing\\\/2019\\\/02\\\/21\\\/celebrando-70-anos-de-fundacao-marcopolo-lanca-campanha-institucional\\\/#article\",\"isPartOf\":{\"@id\":\"https:\\\/\\\/www.cidademarketing.com.br\\\/marketing\\\/2019\\\/02\\\/21\\\/celebrando-70-anos-de-fundacao-marcopolo-lanca-campanha-institucional\\\/\"},\"author\":{\"name\":\"Thales Brand\u00e3o\",\"@id\":\"https:\\\/\\\/www.cidademarketing.com.br\\\/marketing\\\/#\\\/schema\\\/person\\\/02daff9f18bd9378c9e01eb6b2db155f\"},\"headline\":\"Celebrando 70 anos de funda\u00e7\u00e3o, Marcopolo lan\u00e7a campanha institucional\",\"datePublished\":\"2019-02-21T13:46:28+00:00\",\"dateModified\":\"2019-02-21T13:46:31+00:00\",\"mainEntityOfPage\":{\"@id\":\"https:\\\/\\\/www.cidademarketing.com.br\\\/marketing\\\/2019\\\/02\\\/21\\\/celebrando-70-anos-de-fundacao-marcopolo-lanca-campanha-institucional\\\/\"},\"wordCount\":817,\"commentCount\":0,\"publisher\":{\"@id\":\"https:\\\/\\\/www.cidademarketing.com.br\\\/marketing\\\/#organization\"},\"image\":{\"@id\":\"https:\\\/\\\/www.cidademarketing.com.br\\\/marketing\\\/2019\\\/02\\\/21\\\/celebrando-70-anos-de-fundacao-marcopolo-lanca-campanha-institucional\\\/#primaryimage\"},\"thumbnailUrl\":\"https:\\\/\\\/www.cidademarketing.com.br\\\/marketing\\\/wp-content\\\/uploads\\\/2019\\\/02\\\/marcopolo_70anos.jpg\",\"keywords\":[\"branding\",\"estrat\u00e9gia\",\"Marcopolo\"],\"articleSection\":[\"Marcas\",\"Not\u00edcias\"],\"inLanguage\":\"pt-BR\",\"potentialAction\":[{\"@type\":\"CommentAction\",\"name\":\"Comment\",\"target\":[\"https:\\\/\\\/www.cidademarketing.com.br\\\/marketing\\\/2019\\\/02\\\/21\\\/celebrando-70-anos-de-fundacao-marcopolo-lanca-campanha-institucional\\\/#respond\"]}]},{\"@type\":\"WebPage\",\"@id\":\"https:\\\/\\\/www.cidademarketing.com.br\\\/marketing\\\/2019\\\/02\\\/21\\\/celebrando-70-anos-de-fundacao-marcopolo-lanca-campanha-institucional\\\/\",\"url\":\"https:\\\/\\\/www.cidademarketing.com.br\\\/marketing\\\/2019\\\/02\\\/21\\\/celebrando-70-anos-de-fundacao-marcopolo-lanca-campanha-institucional\\\/\",\"name\":\"Celebrando 70 anos de funda\u00e7\u00e3o, Marcopolo lan\u00e7a campanha institucional - CidadeMarketing\",\"isPartOf\":{\"@id\":\"https:\\\/\\\/www.cidademarketing.com.br\\\/marketing\\\/#website\"},\"primaryImageOfPage\":{\"@id\":\"https:\\\/\\\/www.cidademarketing.com.br\\\/marketing\\\/2019\\\/02\\\/21\\\/celebrando-70-anos-de-fundacao-marcopolo-lanca-campanha-institucional\\\/#primaryimage\"},\"image\":{\"@id\":\"https:\\\/\\\/www.cidademarketing.com.br\\\/marketing\\\/2019\\\/02\\\/21\\\/celebrando-70-anos-de-fundacao-marcopolo-lanca-campanha-institucional\\\/#primaryimage\"},\"thumbnailUrl\":\"https:\\\/\\\/www.cidademarketing.com.br\\\/marketing\\\/wp-content\\\/uploads\\\/2019\\\/02\\\/marcopolo_70anos.jpg\",\"datePublished\":\"2019-02-21T13:46:28+00:00\",\"dateModified\":\"2019-02-21T13:46:31+00:00\",\"breadcrumb\":{\"@id\":\"https:\\\/\\\/www.cidademarketing.com.br\\\/marketing\\\/2019\\\/02\\\/21\\\/celebrando-70-anos-de-fundacao-marcopolo-lanca-campanha-institucional\\\/#breadcrumb\"},\"inLanguage\":\"pt-BR\",\"potentialAction\":[{\"@type\":\"ReadAction\",\"target\":[\"https:\\\/\\\/www.cidademarketing.com.br\\\/marketing\\\/2019\\\/02\\\/21\\\/celebrando-70-anos-de-fundacao-marcopolo-lanca-campanha-institucional\\\/\"]}]},{\"@type\":\"ImageObject\",\"inLanguage\":\"pt-BR\",\"@id\":\"https:\\\/\\\/www.cidademarketing.com.br\\\/marketing\\\/2019\\\/02\\\/21\\\/celebrando-70-anos-de-fundacao-marcopolo-lanca-campanha-institucional\\\/#primaryimage\",\"url\":\"https:\\\/\\\/www.cidademarketing.com.br\\\/marketing\\\/wp-content\\\/uploads\\\/2019\\\/02\\\/marcopolo_70anos.jpg\",\"contentUrl\":\"https:\\\/\\\/www.cidademarketing.com.br\\\/marketing\\\/wp-content\\\/uploads\\\/2019\\\/02\\\/marcopolo_70anos.jpg\",\"width\":1282,\"height\":469,\"caption\":\"Reprodu\u00e7\u00e3o\"},{\"@type\":\"BreadcrumbList\",\"@id\":\"https:\\\/\\\/www.cidademarketing.com.br\\\/marketing\\\/2019\\\/02\\\/21\\\/celebrando-70-anos-de-fundacao-marcopolo-lanca-campanha-institucional\\\/#breadcrumb\",\"itemListElement\":[{\"@type\":\"ListItem\",\"position\":1,\"name\":\"In\u00edcio\",\"item\":\"https:\\\/\\\/www.cidademarketing.com.br\\\/marketing\\\/\"},{\"@type\":\"ListItem\",\"position\":2,\"name\":\"Celebrando 70 anos de funda\u00e7\u00e3o, Marcopolo lan\u00e7a campanha institucional\"}]},{\"@type\":\"WebSite\",\"@id\":\"https:\\\/\\\/www.cidademarketing.com.br\\\/marketing\\\/#website\",\"url\":\"https:\\\/\\\/www.cidademarketing.com.br\\\/marketing\\\/\",\"name\":\"CidadeMarketing\",\"description\":\"Somos um ve\u00edculo de comunica\u00e7\u00e3o de destaque no Brasil, reconhecido por conte\u00fados nos segmentos de marketing, empreendedorismo e inova\u00e7\u00e3o.\",\"publisher\":{\"@id\":\"https:\\\/\\\/www.cidademarketing.com.br\\\/marketing\\\/#organization\"},\"alternateName\":\"CidadeMarketing\",\"potentialAction\":[{\"@type\":\"SearchAction\",\"target\":{\"@type\":\"EntryPoint\",\"urlTemplate\":\"https:\\\/\\\/www.cidademarketing.com.br\\\/marketing\\\/?s={search_term_string}\"},\"query-input\":{\"@type\":\"PropertyValueSpecification\",\"valueRequired\":true,\"valueName\":\"search_term_string\"}}],\"inLanguage\":\"pt-BR\"},{\"@type\":\"Organization\",\"@id\":\"https:\\\/\\\/www.cidademarketing.com.br\\\/marketing\\\/#organization\",\"name\":\"CidadeMarketing\",\"alternateName\":\"CidadeMarketing\",\"url\":\"https:\\\/\\\/www.cidademarketing.com.br\\\/marketing\\\/\",\"logo\":{\"@type\":\"ImageObject\",\"inLanguage\":\"pt-BR\",\"@id\":\"https:\\\/\\\/www.cidademarketing.com.br\\\/marketing\\\/#\\\/schema\\\/logo\\\/image\\\/\",\"url\":\"https:\\\/\\\/www.cidademarketing.com.br\\\/marketing\\\/wp-content\\\/uploads\\\/2020\\\/01\\\/cidademarketing_marca_mobile.png\",\"contentUrl\":\"https:\\\/\\\/www.cidademarketing.com.br\\\/marketing\\\/wp-content\\\/uploads\\\/2020\\\/01\\\/cidademarketing_marca_mobile.png\",\"width\":230,\"height\":92,\"caption\":\"CidadeMarketing\"},\"image\":{\"@id\":\"https:\\\/\\\/www.cidademarketing.com.br\\\/marketing\\\/#\\\/schema\\\/logo\\\/image\\\/\"},\"sameAs\":[\"https:\\\/\\\/www.facebook.com\\\/portalcidademarketing\",\"https:\\\/\\\/x.com\\\/CidadeMarketing\",\"https:\\\/\\\/www.instagram.com\\\/cidademarketing\\\/\"]},{\"@type\":\"Person\",\"@id\":\"https:\\\/\\\/www.cidademarketing.com.br\\\/marketing\\\/#\\\/schema\\\/person\\\/02daff9f18bd9378c9e01eb6b2db155f\",\"name\":\"Thales Brand\u00e3o\",\"image\":{\"@type\":\"ImageObject\",\"inLanguage\":\"pt-BR\",\"@id\":\"https:\\\/\\\/secure.gravatar.com\\\/avatar\\\/7ca3206950207cc3cb48feec56a8a7898741ab725c368d99d5d7a5a50aab80c6?s=96&d=mm&r=g\",\"url\":\"https:\\\/\\\/secure.gravatar.com\\\/avatar\\\/7ca3206950207cc3cb48feec56a8a7898741ab725c368d99d5d7a5a50aab80c6?s=96&d=mm&r=g\",\"contentUrl\":\"https:\\\/\\\/secure.gravatar.com\\\/avatar\\\/7ca3206950207cc3cb48feec56a8a7898741ab725c368d99d5d7a5a50aab80c6?s=96&d=mm&r=g\",\"caption\":\"Thales Brand\u00e3o\"},\"description\":\"Editor Executivo do Portal CidadeMarketing.com.br &gt; Mestre em Comunica\u00e7\u00e3o e Sociedade pela Universidade Federal de Sergipe. Possui MBA Executivo em Administra\u00e7\u00e3o com \u00eanfase em Marketing pela Funda\u00e7\u00e3o Get\u00falio Vargas - Rio de Janeiro. Consultor, Palestrante e Pesquisador sobre Empreendedorismo, Marketing, Redes Sociais e Neg\u00f3cios Digitais. Professor, Palestrante TedxTalks e Campus Party. Twitter: @ThalesBrandao\",\"sameAs\":[\"http:\\\/\\\/www.mandacaru.com.br\",\"https:\\\/\\\/www.facebook.com\\\/thalesbrandao\",\"http:\\\/\\\/www.instagram.com.br\\\/thalesbrandaoferreira\",\"https:\\\/\\\/www.linkedin.com\\\/in\\\/thales-brand\u00e3o-3948609\\\/\",\"https:\\\/\\\/x.com\\\/http:\\\/\\\/www.twitter.com\\\/thalesbrandao\"],\"url\":\"https:\\\/\\\/www.cidademarketing.com.br\\\/marketing\\\/author\\\/thalesbrandao\\\/\"}]}<\/script>\n<!-- \/ Yoast SEO plugin. -->","yoast_head_json":{"title":"Celebrando 70 anos de funda\u00e7\u00e3o, Marcopolo lan\u00e7a campanha institucional - CidadeMarketing","robots":{"index":"index","follow":"follow","max-snippet":"max-snippet:-1","max-image-preview":"max-image-preview:large","max-video-preview":"max-video-preview:-1"},"canonical":"https:\/\/www.cidademarketing.com.br\/marketing\/2019\/02\/21\/celebrando-70-anos-de-fundacao-marcopolo-lanca-campanha-institucional\/","og_locale":"pt_BR","og_type":"article","og_title":"Celebrando 70 anos de funda\u00e7\u00e3o, Marcopolo lan\u00e7a campanha institucional - CidadeMarketing","og_description":"Com o tema Todas as gera\u00e7\u00f5es pelo mundo, a Marcopolo d\u00e1 in\u00edcio, em fevereiro, na Festa da Uva 2019, \u00e0 celebra\u00e7\u00e3o dos seus 70 anos de funda\u00e7\u00e3o. O objetivo \u00e9 mostrar que a empresa sempre fez e continua a fazer parte da vida de muitas pessoas em todo o mundo, e comemorar sete d\u00e9cadas de [&hellip;]","og_url":"https:\/\/www.cidademarketing.com.br\/marketing\/2019\/02\/21\/celebrando-70-anos-de-fundacao-marcopolo-lanca-campanha-institucional\/","og_site_name":"CidadeMarketing","article_publisher":"https:\/\/www.facebook.com\/portalcidademarketing","article_author":"https:\/\/www.facebook.com\/thalesbrandao","article_published_time":"2019-02-21T13:46:28+00:00","article_modified_time":"2019-02-21T13:46:31+00:00","og_image":[{"width":1282,"height":469,"url":"https:\/\/www.cidademarketing.com.br\/marketing\/wp-content\/uploads\/2019\/02\/marcopolo_70anos.jpg","type":"image\/jpeg"}],"author":"Thales Brand\u00e3o","twitter_card":"summary_large_image","twitter_creator":"@http:\/\/www.twitter.com\/thalesbrandao","twitter_site":"@CidadeMarketing","twitter_misc":{"Escrito por":"Thales Brand\u00e3o","Est. tempo de leitura":"4 minutos"},"schema":{"@context":"https:\/\/schema.org","@graph":[{"@type":"Article","@id":"https:\/\/www.cidademarketing.com.br\/marketing\/2019\/02\/21\/celebrando-70-anos-de-fundacao-marcopolo-lanca-campanha-institucional\/#article","isPartOf":{"@id":"https:\/\/www.cidademarketing.com.br\/marketing\/2019\/02\/21\/celebrando-70-anos-de-fundacao-marcopolo-lanca-campanha-institucional\/"},"author":{"name":"Thales Brand\u00e3o","@id":"https:\/\/www.cidademarketing.com.br\/marketing\/#\/schema\/person\/02daff9f18bd9378c9e01eb6b2db155f"},"headline":"Celebrando 70 anos de funda\u00e7\u00e3o, Marcopolo lan\u00e7a campanha institucional","datePublished":"2019-02-21T13:46:28+00:00","dateModified":"2019-02-21T13:46:31+00:00","mainEntityOfPage":{"@id":"https:\/\/www.cidademarketing.com.br\/marketing\/2019\/02\/21\/celebrando-70-anos-de-fundacao-marcopolo-lanca-campanha-institucional\/"},"wordCount":817,"commentCount":0,"publisher":{"@id":"https:\/\/www.cidademarketing.com.br\/marketing\/#organization"},"image":{"@id":"https:\/\/www.cidademarketing.com.br\/marketing\/2019\/02\/21\/celebrando-70-anos-de-fundacao-marcopolo-lanca-campanha-institucional\/#primaryimage"},"thumbnailUrl":"https:\/\/www.cidademarketing.com.br\/marketing\/wp-content\/uploads\/2019\/02\/marcopolo_70anos.jpg","keywords":["branding","estrat\u00e9gia","Marcopolo"],"articleSection":["Marcas","Not\u00edcias"],"inLanguage":"pt-BR","potentialAction":[{"@type":"CommentAction","name":"Comment","target":["https:\/\/www.cidademarketing.com.br\/marketing\/2019\/02\/21\/celebrando-70-anos-de-fundacao-marcopolo-lanca-campanha-institucional\/#respond"]}]},{"@type":"WebPage","@id":"https:\/\/www.cidademarketing.com.br\/marketing\/2019\/02\/21\/celebrando-70-anos-de-fundacao-marcopolo-lanca-campanha-institucional\/","url":"https:\/\/www.cidademarketing.com.br\/marketing\/2019\/02\/21\/celebrando-70-anos-de-fundacao-marcopolo-lanca-campanha-institucional\/","name":"Celebrando 70 anos de funda\u00e7\u00e3o, Marcopolo lan\u00e7a campanha institucional - CidadeMarketing","isPartOf":{"@id":"https:\/\/www.cidademarketing.com.br\/marketing\/#website"},"primaryImageOfPage":{"@id":"https:\/\/www.cidademarketing.com.br\/marketing\/2019\/02\/21\/celebrando-70-anos-de-fundacao-marcopolo-lanca-campanha-institucional\/#primaryimage"},"image":{"@id":"https:\/\/www.cidademarketing.com.br\/marketing\/2019\/02\/21\/celebrando-70-anos-de-fundacao-marcopolo-lanca-campanha-institucional\/#primaryimage"},"thumbnailUrl":"https:\/\/www.cidademarketing.com.br\/marketing\/wp-content\/uploads\/2019\/02\/marcopolo_70anos.jpg","datePublished":"2019-02-21T13:46:28+00:00","dateModified":"2019-02-21T13:46:31+00:00","breadcrumb":{"@id":"https:\/\/www.cidademarketing.com.br\/marketing\/2019\/02\/21\/celebrando-70-anos-de-fundacao-marcopolo-lanca-campanha-institucional\/#breadcrumb"},"inLanguage":"pt-BR","potentialAction":[{"@type":"ReadAction","target":["https:\/\/www.cidademarketing.com.br\/marketing\/2019\/02\/21\/celebrando-70-anos-de-fundacao-marcopolo-lanca-campanha-institucional\/"]}]},{"@type":"ImageObject","inLanguage":"pt-BR","@id":"https:\/\/www.cidademarketing.com.br\/marketing\/2019\/02\/21\/celebrando-70-anos-de-fundacao-marcopolo-lanca-campanha-institucional\/#primaryimage","url":"https:\/\/www.cidademarketing.com.br\/marketing\/wp-content\/uploads\/2019\/02\/marcopolo_70anos.jpg","contentUrl":"https:\/\/www.cidademarketing.com.br\/marketing\/wp-content\/uploads\/2019\/02\/marcopolo_70anos.jpg","width":1282,"height":469,"caption":"Reprodu\u00e7\u00e3o"},{"@type":"BreadcrumbList","@id":"https:\/\/www.cidademarketing.com.br\/marketing\/2019\/02\/21\/celebrando-70-anos-de-fundacao-marcopolo-lanca-campanha-institucional\/#breadcrumb","itemListElement":[{"@type":"ListItem","position":1,"name":"In\u00edcio","item":"https:\/\/www.cidademarketing.com.br\/marketing\/"},{"@type":"ListItem","position":2,"name":"Celebrando 70 anos de funda\u00e7\u00e3o, Marcopolo lan\u00e7a campanha institucional"}]},{"@type":"WebSite","@id":"https:\/\/www.cidademarketing.com.br\/marketing\/#website","url":"https:\/\/www.cidademarketing.com.br\/marketing\/","name":"CidadeMarketing","description":"Somos um ve\u00edculo de comunica\u00e7\u00e3o de destaque no Brasil, reconhecido por conte\u00fados nos segmentos de marketing, empreendedorismo e inova\u00e7\u00e3o.","publisher":{"@id":"https:\/\/www.cidademarketing.com.br\/marketing\/#organization"},"alternateName":"CidadeMarketing","potentialAction":[{"@type":"SearchAction","target":{"@type":"EntryPoint","urlTemplate":"https:\/\/www.cidademarketing.com.br\/marketing\/?s={search_term_string}"},"query-input":{"@type":"PropertyValueSpecification","valueRequired":true,"valueName":"search_term_string"}}],"inLanguage":"pt-BR"},{"@type":"Organization","@id":"https:\/\/www.cidademarketing.com.br\/marketing\/#organization","name":"CidadeMarketing","alternateName":"CidadeMarketing","url":"https:\/\/www.cidademarketing.com.br\/marketing\/","logo":{"@type":"ImageObject","inLanguage":"pt-BR","@id":"https:\/\/www.cidademarketing.com.br\/marketing\/#\/schema\/logo\/image\/","url":"https:\/\/www.cidademarketing.com.br\/marketing\/wp-content\/uploads\/2020\/01\/cidademarketing_marca_mobile.png","contentUrl":"https:\/\/www.cidademarketing.com.br\/marketing\/wp-content\/uploads\/2020\/01\/cidademarketing_marca_mobile.png","width":230,"height":92,"caption":"CidadeMarketing"},"image":{"@id":"https:\/\/www.cidademarketing.com.br\/marketing\/#\/schema\/logo\/image\/"},"sameAs":["https:\/\/www.facebook.com\/portalcidademarketing","https:\/\/x.com\/CidadeMarketing","https:\/\/www.instagram.com\/cidademarketing\/"]},{"@type":"Person","@id":"https:\/\/www.cidademarketing.com.br\/marketing\/#\/schema\/person\/02daff9f18bd9378c9e01eb6b2db155f","name":"Thales Brand\u00e3o","image":{"@type":"ImageObject","inLanguage":"pt-BR","@id":"https:\/\/secure.gravatar.com\/avatar\/7ca3206950207cc3cb48feec56a8a7898741ab725c368d99d5d7a5a50aab80c6?s=96&d=mm&r=g","url":"https:\/\/secure.gravatar.com\/avatar\/7ca3206950207cc3cb48feec56a8a7898741ab725c368d99d5d7a5a50aab80c6?s=96&d=mm&r=g","contentUrl":"https:\/\/secure.gravatar.com\/avatar\/7ca3206950207cc3cb48feec56a8a7898741ab725c368d99d5d7a5a50aab80c6?s=96&d=mm&r=g","caption":"Thales Brand\u00e3o"},"description":"Editor Executivo do Portal CidadeMarketing.com.br &gt; Mestre em Comunica\u00e7\u00e3o e Sociedade pela Universidade Federal de Sergipe. Possui MBA Executivo em Administra\u00e7\u00e3o com \u00eanfase em Marketing pela Funda\u00e7\u00e3o Get\u00falio Vargas - Rio de Janeiro. Consultor, Palestrante e Pesquisador sobre Empreendedorismo, Marketing, Redes Sociais e Neg\u00f3cios Digitais. Professor, Palestrante TedxTalks e Campus Party. Twitter: @ThalesBrandao","sameAs":["http:\/\/www.mandacaru.com.br","https:\/\/www.facebook.com\/thalesbrandao","http:\/\/www.instagram.com.br\/thalesbrandaoferreira","https:\/\/www.linkedin.com\/in\/thales-brand\u00e3o-3948609\/","https:\/\/x.com\/http:\/\/www.twitter.com\/thalesbrandao"],"url":"https:\/\/www.cidademarketing.com.br\/marketing\/author\/thalesbrandao\/"}]}},"amp_enabled":true,"_links":{"self":[{"href":"https:\/\/www.cidademarketing.com.br\/marketing\/wp-json\/wp\/v2\/posts\/6510","targetHints":{"allow":["GET"]}}],"collection":[{"href":"https:\/\/www.cidademarketing.com.br\/marketing\/wp-json\/wp\/v2\/posts"}],"about":[{"href":"https:\/\/www.cidademarketing.com.br\/marketing\/wp-json\/wp\/v2\/types\/post"}],"author":[{"embeddable":true,"href":"https:\/\/www.cidademarketing.com.br\/marketing\/wp-json\/wp\/v2\/users\/1"}],"replies":[{"embeddable":true,"href":"https:\/\/www.cidademarketing.com.br\/marketing\/wp-json\/wp\/v2\/comments?post=6510"}],"version-history":[{"count":1,"href":"https:\/\/www.cidademarketing.com.br\/marketing\/wp-json\/wp\/v2\/posts\/6510\/revisions"}],"predecessor-version":[{"id":6512,"href":"https:\/\/www.cidademarketing.com.br\/marketing\/wp-json\/wp\/v2\/posts\/6510\/revisions\/6512"}],"wp:featuredmedia":[{"embeddable":true,"href":"https:\/\/www.cidademarketing.com.br\/marketing\/wp-json\/wp\/v2\/media\/6511"}],"wp:attachment":[{"href":"https:\/\/www.cidademarketing.com.br\/marketing\/wp-json\/wp\/v2\/media?parent=6510"}],"wp:term":[{"taxonomy":"category","embeddable":true,"href":"https:\/\/www.cidademarketing.com.br\/marketing\/wp-json\/wp\/v2\/categories?post=6510"},{"taxonomy":"post_tag","embeddable":true,"href":"https:\/\/www.cidademarketing.com.br\/marketing\/wp-json\/wp\/v2\/tags?post=6510"}],"curies":[{"name":"wp","href":"https:\/\/api.w.org\/{rel}","templated":true}]}}