{"id":6489,"date":"2019-02-20T19:26:29","date_gmt":"2019-02-20T22:26:29","guid":{"rendered":"http:\/\/www.cidademarketing.com.br\/marketing\/?p=6489"},"modified":"2019-02-20T19:30:52","modified_gmt":"2019-02-20T22:30:52","slug":"negociacoes-com-o-flamengo-sao-esgotadas-sem-acordo-e-instituicoes-buscarao-reparacao-judicial","status":"publish","type":"post","link":"https:\/\/www.cidademarketing.com.br\/marketing\/2019\/02\/20\/negociacoes-com-o-flamengo-sao-esgotadas-sem-acordo-e-instituicoes-buscarao-reparacao-judicial\/","title":{"rendered":"Flamengo n\u00e3o fecha acordo com as v\u00edtimas do inc\u00eandio e MPRJ pedem interdi\u00e7\u00e3o do Ninho do Urubu e bloqueio de R$ 57 milh\u00f5es"},"content":{"rendered":"\n<p>A&nbsp;Defensoria P\u00fablica do Estado do Rio&nbsp;de Janeiro e&nbsp;o Minist\u00e9rio P\u00fablico Estadual informaram&nbsp;que o&nbsp;Flamengo se recusou hoje (19) a fechar o acordo de repara\u00e7\u00e3o \u00e0s v\u00edtimas do inc\u00eandio no alojamento do Centro de Treinamento (CT) do clube, o Ninho do Urubu, em Vargem Grande, na zona oeste, no qual dez atletas morreram e tr\u00eas ficaram feridos. O acordo estava sendo negociado entre o clube, as duas institui\u00e7\u00f5es e o&nbsp;o Minist\u00e9rio P\u00fablico do Trabalho.<\/p>\n\n\n\n<p>Em nota, a Defensoria P\u00fablica do Estado do Rio&nbsp;de Janeiro, o Minist\u00e9rio P\u00fablico Estadual e o Minist\u00e9rio P\u00fablico do Trabalho informam que o caso vai ser definido na Justi\u00e7a. Com a tentativa de acordo encerrada, as institui\u00e7\u00f5es buscar\u00e3o a repara\u00e7\u00e3o judicial. Amanh\u00e3 (20), os parentes&nbsp;dos jogadores ser\u00e3o atendidos pela Defensoria P\u00fablica para que sejam orientados sobre as medidas poss\u00edveis.<\/p>\n\n\n\n<p>Segundo as institui\u00e7\u00f5es, a \u201crecusa do acordo\u201d foi informada por meio de liga\u00e7\u00e3o telef\u00f4nica \u00e0s 19h desta ter\u00e7a-feira. Conforme a nota divulgada \u00e0 imprensa, n\u00e3o houve consenso nas negocia\u00e7\u00f5es para fechar os valores das indeniza\u00e7\u00f5es e eventuais pens\u00f5es. \u201cOs valores apresentados pelo clube est\u00e3o aqu\u00e9m daquilo que as institui\u00e7\u00f5es entendem como minimamente razo\u00e1vel diante da enorme perda das fam\u00edlias e demais envolvidos\u201d, indicou o comunicado.<\/p>\n\n\n\n<h2 class=\"wp-block-heading\">Confian\u00e7a<\/h2>\n\n\n\n<p>No fim da tarde, a coordenadora c\u00edvel da Defensoria P\u00fablica, C\u00edntia Guedes, disse durante uma entrevista coletiva que quase 90% do acordo estavam acertados e que tinha confian\u00e7a em uma resposta positiva do Flamengo ainda&nbsp;hoje. A defensora destacou que apenas dois pontos estavam em aberto e se referiam a valores de indeniza\u00e7\u00f5es e de pens\u00f5es \u00e0s fam\u00edlias dos atletas atingidos. &#8220;A bola agora est\u00e1 com o Flamengo&#8221;, chegou a dizer a defensora ao fim da coletiva.<\/p>\n\n\n\n<p>Segundo a Defensoria P\u00fablica, anteriormente, o Flamengo havia se comprometido em prestar assist\u00eancia m\u00e9dica aos jovens que necessitarem de tratamento, assim como apoio psicol\u00f3gico \u00e0s fam\u00edlias dos atletas que morreram.&nbsp;<\/p>\n\n\n\n<p>O clube tamb\u00e9m havia se responsabilizado a manter por um per\u00edodo m\u00ednimo de dois anos, os contratos de forma\u00e7\u00e3o dos atletas que sobreviveram, al\u00e9m dos contratos dos empregados que de certa forma se envolveram no inc\u00eandio.<\/p>\n\n\n\n<p>O Flamengo n\u00e3o se manifestou sobre o fim das negocia\u00e7\u00f5es.<\/p>\n\n\n\n<h2 class=\"wp-block-heading\">Outro lado<\/h2>\n\n\n\n<p>Em nota, o Flamengo respondeu que desde o in\u00edcio tomou a iniciativa de procurar as autoridades e trouxe familiares das v\u00edtimas parta o Rio&nbsp;de Janeiro. A dire\u00e7\u00e3o informa que enviou uma proposta de valor \u201cque pudesse balizar as conversas. Isso foi feito, embora n\u00e3o atendesse ao princ\u00edpio de uma media\u00e7\u00e3o aberta\u201d.<\/p>\n\n\n\n<p>Segundo o clube, foi oferecido \u201cum valor que est\u00e1 acima dos padr\u00f5es que s\u00e3o adotados pela Justi\u00e7a brasileira\u201d.&nbsp;\u201cO Flamengo teve o cuidado de oferecer valores maiores dos que est\u00e3o sendo estipulados em casos similares, como, por exemplo, o inc\u00eandio da boate Kiss, ocorrido em 2013. At\u00e9&nbsp;hoje, vale lembrar, fam\u00edlias n\u00e3o receberam a indeniza\u00e7\u00e3o\u201d, diz a nota.<\/p>\n\n\n\n<p>A dire\u00e7\u00e3o do clube concluiu informando que \u201cir\u00e1 instaurar procedimento de media\u00e7\u00e3o no N\u00facleo de Media\u00e7\u00e3o do Tribunal de Justi\u00e7a do Rio\u00a0de Janeiro, coordenado pelo Desembargador Cesar Cury, e para o qual convidar\u00e1 as fam\u00edlias &#8211; e deixando claro que as autoridades tamb\u00e9m ser\u00e3o convidadas\u201d.<\/p>\n\n\n\n<p>MPRJ e Defensoria P\u00fablica<\/p>\n\n\n\n<p>O Minist\u00e9rio P\u00fablico e a Defensoria P\u00fablica entraram com uma a\u00e7\u00e3o contra o Flamengo no fim da tarde de hoje. No pedido o MP pede o fechamento do Ninho do Urubu e o bloqueio de R$ 57 milh\u00f5es das contas do clube. Esse valor seria para o pagamento de uma eventual indeniza\u00e7\u00e3o imposta pela Justi\u00e7a. <\/p>\n\n\n\n<p>CidadeMarketing com informa\u00e7\u00f5es da EBC.<\/p>\n","protected":false},"excerpt":{"rendered":"<p>A&nbsp;Defensoria P\u00fablica do Estado do Rio&nbsp;de Janeiro e&nbsp;o Minist\u00e9rio P\u00fablico Estadual informaram&nbsp;que o&nbsp;Flamengo se recusou hoje (19) a fechar o acordo de repara\u00e7\u00e3o \u00e0s v\u00edtimas do inc\u00eandio no alojamento do Centro de Treinamento (CT) do clube, o Ninho do Urubu, em Vargem Grande, na zona oeste, no qual dez atletas morreram e tr\u00eas ficaram feridos. [&hellip;]<\/p>\n","protected":false},"author":1,"featured_media":6127,"comment_status":"open","ping_status":"open","sticky":false,"template":"","format":"standard","meta":{"tdm_status":"","tdm_grid_status":"","footnotes":""},"categories":[6],"tags":[194,569],"class_list":["post-6489","post","type-post","status-publish","format-standard","has-post-thumbnail","hentry","category-noticias","tag-marketing-esportivo","tag-rio"],"yoast_head":"<!-- This site is optimized with the Yoast SEO plugin v27.5 - https:\/\/yoast.com\/product\/yoast-seo-wordpress\/ -->\n<title>Flamengo n\u00e3o fecha acordo com as v\u00edtimas do inc\u00eandio e MPRJ pedem interdi\u00e7\u00e3o do Ninho do Urubu e bloqueio de R$ 57 milh\u00f5es - CidadeMarketing<\/title>\n<meta name=\"robots\" content=\"index, follow, max-snippet:-1, max-image-preview:large, max-video-preview:-1\" \/>\n<link rel=\"canonical\" href=\"https:\/\/www.cidademarketing.com.br\/marketing\/2019\/02\/20\/negociacoes-com-o-flamengo-sao-esgotadas-sem-acordo-e-instituicoes-buscarao-reparacao-judicial\/\" \/>\n<meta property=\"og:locale\" content=\"pt_BR\" \/>\n<meta property=\"og:type\" content=\"article\" \/>\n<meta property=\"og:title\" content=\"Flamengo n\u00e3o fecha acordo com as v\u00edtimas do inc\u00eandio e MPRJ pedem interdi\u00e7\u00e3o do Ninho do Urubu e bloqueio de R$ 57 milh\u00f5es - CidadeMarketing\" \/>\n<meta property=\"og:description\" content=\"A&nbsp;Defensoria P\u00fablica do Estado do Rio&nbsp;de Janeiro e&nbsp;o Minist\u00e9rio P\u00fablico Estadual informaram&nbsp;que o&nbsp;Flamengo se recusou hoje (19) a fechar o acordo de repara\u00e7\u00e3o \u00e0s v\u00edtimas do inc\u00eandio no alojamento do Centro de Treinamento (CT) do clube, o Ninho do Urubu, em Vargem Grande, na zona oeste, no qual dez atletas morreram e tr\u00eas ficaram feridos. [&hellip;]\" \/>\n<meta property=\"og:url\" content=\"https:\/\/www.cidademarketing.com.br\/marketing\/2019\/02\/20\/negociacoes-com-o-flamengo-sao-esgotadas-sem-acordo-e-instituicoes-buscarao-reparacao-judicial\/\" \/>\n<meta property=\"og:site_name\" content=\"CidadeMarketing\" \/>\n<meta property=\"article:publisher\" content=\"https:\/\/www.facebook.com\/portalcidademarketing\" \/>\n<meta property=\"article:author\" content=\"https:\/\/www.facebook.com\/thalesbrandao\" \/>\n<meta property=\"article:published_time\" content=\"2019-02-20T22:26:29+00:00\" \/>\n<meta property=\"article:modified_time\" content=\"2019-02-20T22:30:52+00:00\" \/>\n<meta property=\"og:image\" content=\"https:\/\/www.cidademarketing.com.br\/marketing\/wp-content\/uploads\/2019\/02\/flamengoluto.jpg\" \/>\n\t<meta property=\"og:image:width\" content=\"802\" \/>\n\t<meta property=\"og:image:height\" content=\"802\" \/>\n\t<meta property=\"og:image:type\" content=\"image\/jpeg\" \/>\n<meta name=\"author\" content=\"Thales Brand\u00e3o\" \/>\n<meta name=\"twitter:card\" content=\"summary_large_image\" \/>\n<meta name=\"twitter:creator\" content=\"@http:\/\/www.twitter.com\/thalesbrandao\" \/>\n<meta name=\"twitter:site\" content=\"@CidadeMarketing\" \/>\n<meta name=\"twitter:label1\" content=\"Escrito por\" \/>\n\t<meta name=\"twitter:data1\" content=\"Thales Brand\u00e3o\" \/>\n\t<meta name=\"twitter:label2\" content=\"Est. tempo de leitura\" \/>\n\t<meta name=\"twitter:data2\" content=\"3 minutos\" \/>\n<script type=\"application\/ld+json\" class=\"yoast-schema-graph\">{\"@context\":\"https:\\\/\\\/schema.org\",\"@graph\":[{\"@type\":\"Article\",\"@id\":\"https:\\\/\\\/www.cidademarketing.com.br\\\/marketing\\\/2019\\\/02\\\/20\\\/negociacoes-com-o-flamengo-sao-esgotadas-sem-acordo-e-instituicoes-buscarao-reparacao-judicial\\\/#article\",\"isPartOf\":{\"@id\":\"https:\\\/\\\/www.cidademarketing.com.br\\\/marketing\\\/2019\\\/02\\\/20\\\/negociacoes-com-o-flamengo-sao-esgotadas-sem-acordo-e-instituicoes-buscarao-reparacao-judicial\\\/\"},\"author\":{\"name\":\"Thales Brand\u00e3o\",\"@id\":\"https:\\\/\\\/www.cidademarketing.com.br\\\/marketing\\\/#\\\/schema\\\/person\\\/02daff9f18bd9378c9e01eb6b2db155f\"},\"headline\":\"Flamengo n\u00e3o fecha acordo com as v\u00edtimas do inc\u00eandio e MPRJ pedem interdi\u00e7\u00e3o do Ninho do Urubu e bloqueio de R$ 57 milh\u00f5es\",\"datePublished\":\"2019-02-20T22:26:29+00:00\",\"dateModified\":\"2019-02-20T22:30:52+00:00\",\"mainEntityOfPage\":{\"@id\":\"https:\\\/\\\/www.cidademarketing.com.br\\\/marketing\\\/2019\\\/02\\\/20\\\/negociacoes-com-o-flamengo-sao-esgotadas-sem-acordo-e-instituicoes-buscarao-reparacao-judicial\\\/\"},\"wordCount\":701,\"commentCount\":0,\"publisher\":{\"@id\":\"https:\\\/\\\/www.cidademarketing.com.br\\\/marketing\\\/#organization\"},\"image\":{\"@id\":\"https:\\\/\\\/www.cidademarketing.com.br\\\/marketing\\\/2019\\\/02\\\/20\\\/negociacoes-com-o-flamengo-sao-esgotadas-sem-acordo-e-instituicoes-buscarao-reparacao-judicial\\\/#primaryimage\"},\"thumbnailUrl\":\"https:\\\/\\\/www.cidademarketing.com.br\\\/marketing\\\/wp-content\\\/uploads\\\/2019\\\/02\\\/flamengoluto.jpg\",\"keywords\":[\"marketing esportivo\",\"Rio\"],\"articleSection\":[\"Not\u00edcias\"],\"inLanguage\":\"pt-BR\",\"potentialAction\":[{\"@type\":\"CommentAction\",\"name\":\"Comment\",\"target\":[\"https:\\\/\\\/www.cidademarketing.com.br\\\/marketing\\\/2019\\\/02\\\/20\\\/negociacoes-com-o-flamengo-sao-esgotadas-sem-acordo-e-instituicoes-buscarao-reparacao-judicial\\\/#respond\"]}]},{\"@type\":\"WebPage\",\"@id\":\"https:\\\/\\\/www.cidademarketing.com.br\\\/marketing\\\/2019\\\/02\\\/20\\\/negociacoes-com-o-flamengo-sao-esgotadas-sem-acordo-e-instituicoes-buscarao-reparacao-judicial\\\/\",\"url\":\"https:\\\/\\\/www.cidademarketing.com.br\\\/marketing\\\/2019\\\/02\\\/20\\\/negociacoes-com-o-flamengo-sao-esgotadas-sem-acordo-e-instituicoes-buscarao-reparacao-judicial\\\/\",\"name\":\"Flamengo n\u00e3o fecha acordo com as v\u00edtimas do inc\u00eandio e MPRJ pedem interdi\u00e7\u00e3o do Ninho do Urubu e bloqueio de R$ 57 milh\u00f5es - CidadeMarketing\",\"isPartOf\":{\"@id\":\"https:\\\/\\\/www.cidademarketing.com.br\\\/marketing\\\/#website\"},\"primaryImageOfPage\":{\"@id\":\"https:\\\/\\\/www.cidademarketing.com.br\\\/marketing\\\/2019\\\/02\\\/20\\\/negociacoes-com-o-flamengo-sao-esgotadas-sem-acordo-e-instituicoes-buscarao-reparacao-judicial\\\/#primaryimage\"},\"image\":{\"@id\":\"https:\\\/\\\/www.cidademarketing.com.br\\\/marketing\\\/2019\\\/02\\\/20\\\/negociacoes-com-o-flamengo-sao-esgotadas-sem-acordo-e-instituicoes-buscarao-reparacao-judicial\\\/#primaryimage\"},\"thumbnailUrl\":\"https:\\\/\\\/www.cidademarketing.com.br\\\/marketing\\\/wp-content\\\/uploads\\\/2019\\\/02\\\/flamengoluto.jpg\",\"datePublished\":\"2019-02-20T22:26:29+00:00\",\"dateModified\":\"2019-02-20T22:30:52+00:00\",\"breadcrumb\":{\"@id\":\"https:\\\/\\\/www.cidademarketing.com.br\\\/marketing\\\/2019\\\/02\\\/20\\\/negociacoes-com-o-flamengo-sao-esgotadas-sem-acordo-e-instituicoes-buscarao-reparacao-judicial\\\/#breadcrumb\"},\"inLanguage\":\"pt-BR\",\"potentialAction\":[{\"@type\":\"ReadAction\",\"target\":[\"https:\\\/\\\/www.cidademarketing.com.br\\\/marketing\\\/2019\\\/02\\\/20\\\/negociacoes-com-o-flamengo-sao-esgotadas-sem-acordo-e-instituicoes-buscarao-reparacao-judicial\\\/\"]}]},{\"@type\":\"ImageObject\",\"inLanguage\":\"pt-BR\",\"@id\":\"https:\\\/\\\/www.cidademarketing.com.br\\\/marketing\\\/2019\\\/02\\\/20\\\/negociacoes-com-o-flamengo-sao-esgotadas-sem-acordo-e-instituicoes-buscarao-reparacao-judicial\\\/#primaryimage\",\"url\":\"https:\\\/\\\/www.cidademarketing.com.br\\\/marketing\\\/wp-content\\\/uploads\\\/2019\\\/02\\\/flamengoluto.jpg\",\"contentUrl\":\"https:\\\/\\\/www.cidademarketing.com.br\\\/marketing\\\/wp-content\\\/uploads\\\/2019\\\/02\\\/flamengoluto.jpg\",\"width\":802,\"height\":802},{\"@type\":\"BreadcrumbList\",\"@id\":\"https:\\\/\\\/www.cidademarketing.com.br\\\/marketing\\\/2019\\\/02\\\/20\\\/negociacoes-com-o-flamengo-sao-esgotadas-sem-acordo-e-instituicoes-buscarao-reparacao-judicial\\\/#breadcrumb\",\"itemListElement\":[{\"@type\":\"ListItem\",\"position\":1,\"name\":\"In\u00edcio\",\"item\":\"https:\\\/\\\/www.cidademarketing.com.br\\\/marketing\\\/\"},{\"@type\":\"ListItem\",\"position\":2,\"name\":\"Flamengo n\u00e3o fecha acordo com as v\u00edtimas do inc\u00eandio e MPRJ pedem interdi\u00e7\u00e3o do Ninho do Urubu e bloqueio de R$ 57 milh\u00f5es\"}]},{\"@type\":\"WebSite\",\"@id\":\"https:\\\/\\\/www.cidademarketing.com.br\\\/marketing\\\/#website\",\"url\":\"https:\\\/\\\/www.cidademarketing.com.br\\\/marketing\\\/\",\"name\":\"CidadeMarketing\",\"description\":\"Somos um ve\u00edculo de comunica\u00e7\u00e3o de destaque no Brasil, reconhecido por conte\u00fados nos segmentos de marketing, empreendedorismo e inova\u00e7\u00e3o.\",\"publisher\":{\"@id\":\"https:\\\/\\\/www.cidademarketing.com.br\\\/marketing\\\/#organization\"},\"alternateName\":\"CidadeMarketing\",\"potentialAction\":[{\"@type\":\"SearchAction\",\"target\":{\"@type\":\"EntryPoint\",\"urlTemplate\":\"https:\\\/\\\/www.cidademarketing.com.br\\\/marketing\\\/?s={search_term_string}\"},\"query-input\":{\"@type\":\"PropertyValueSpecification\",\"valueRequired\":true,\"valueName\":\"search_term_string\"}}],\"inLanguage\":\"pt-BR\"},{\"@type\":\"Organization\",\"@id\":\"https:\\\/\\\/www.cidademarketing.com.br\\\/marketing\\\/#organization\",\"name\":\"CidadeMarketing\",\"alternateName\":\"CidadeMarketing\",\"url\":\"https:\\\/\\\/www.cidademarketing.com.br\\\/marketing\\\/\",\"logo\":{\"@type\":\"ImageObject\",\"inLanguage\":\"pt-BR\",\"@id\":\"https:\\\/\\\/www.cidademarketing.com.br\\\/marketing\\\/#\\\/schema\\\/logo\\\/image\\\/\",\"url\":\"https:\\\/\\\/www.cidademarketing.com.br\\\/marketing\\\/wp-content\\\/uploads\\\/2020\\\/01\\\/cidademarketing_marca_mobile.png\",\"contentUrl\":\"https:\\\/\\\/www.cidademarketing.com.br\\\/marketing\\\/wp-content\\\/uploads\\\/2020\\\/01\\\/cidademarketing_marca_mobile.png\",\"width\":230,\"height\":92,\"caption\":\"CidadeMarketing\"},\"image\":{\"@id\":\"https:\\\/\\\/www.cidademarketing.com.br\\\/marketing\\\/#\\\/schema\\\/logo\\\/image\\\/\"},\"sameAs\":[\"https:\\\/\\\/www.facebook.com\\\/portalcidademarketing\",\"https:\\\/\\\/x.com\\\/CidadeMarketing\",\"https:\\\/\\\/www.instagram.com\\\/cidademarketing\\\/\"]},{\"@type\":\"Person\",\"@id\":\"https:\\\/\\\/www.cidademarketing.com.br\\\/marketing\\\/#\\\/schema\\\/person\\\/02daff9f18bd9378c9e01eb6b2db155f\",\"name\":\"Thales Brand\u00e3o\",\"image\":{\"@type\":\"ImageObject\",\"inLanguage\":\"pt-BR\",\"@id\":\"https:\\\/\\\/secure.gravatar.com\\\/avatar\\\/7ca3206950207cc3cb48feec56a8a7898741ab725c368d99d5d7a5a50aab80c6?s=96&d=mm&r=g\",\"url\":\"https:\\\/\\\/secure.gravatar.com\\\/avatar\\\/7ca3206950207cc3cb48feec56a8a7898741ab725c368d99d5d7a5a50aab80c6?s=96&d=mm&r=g\",\"contentUrl\":\"https:\\\/\\\/secure.gravatar.com\\\/avatar\\\/7ca3206950207cc3cb48feec56a8a7898741ab725c368d99d5d7a5a50aab80c6?s=96&d=mm&r=g\",\"caption\":\"Thales Brand\u00e3o\"},\"description\":\"Editor Executivo do Portal CidadeMarketing.com.br &gt; Mestre em Comunica\u00e7\u00e3o e Sociedade pela Universidade Federal de Sergipe. Possui MBA Executivo em Administra\u00e7\u00e3o com \u00eanfase em Marketing pela Funda\u00e7\u00e3o Get\u00falio Vargas - Rio de Janeiro. Consultor, Palestrante e Pesquisador sobre Empreendedorismo, Marketing, Redes Sociais e Neg\u00f3cios Digitais. Professor, Palestrante TedxTalks e Campus Party. Twitter: @ThalesBrandao\",\"sameAs\":[\"http:\\\/\\\/www.mandacaru.com.br\",\"https:\\\/\\\/www.facebook.com\\\/thalesbrandao\",\"http:\\\/\\\/www.instagram.com.br\\\/thalesbrandaoferreira\",\"https:\\\/\\\/www.linkedin.com\\\/in\\\/thales-brand\u00e3o-3948609\\\/\",\"https:\\\/\\\/x.com\\\/http:\\\/\\\/www.twitter.com\\\/thalesbrandao\"],\"url\":\"https:\\\/\\\/www.cidademarketing.com.br\\\/marketing\\\/author\\\/thalesbrandao\\\/\"}]}<\/script>\n<!-- \/ Yoast SEO plugin. -->","yoast_head_json":{"title":"Flamengo n\u00e3o fecha acordo com as v\u00edtimas do inc\u00eandio e MPRJ pedem interdi\u00e7\u00e3o do Ninho do Urubu e bloqueio de R$ 57 milh\u00f5es - CidadeMarketing","robots":{"index":"index","follow":"follow","max-snippet":"max-snippet:-1","max-image-preview":"max-image-preview:large","max-video-preview":"max-video-preview:-1"},"canonical":"https:\/\/www.cidademarketing.com.br\/marketing\/2019\/02\/20\/negociacoes-com-o-flamengo-sao-esgotadas-sem-acordo-e-instituicoes-buscarao-reparacao-judicial\/","og_locale":"pt_BR","og_type":"article","og_title":"Flamengo n\u00e3o fecha acordo com as v\u00edtimas do inc\u00eandio e MPRJ pedem interdi\u00e7\u00e3o do Ninho do Urubu e bloqueio de R$ 57 milh\u00f5es - CidadeMarketing","og_description":"A&nbsp;Defensoria P\u00fablica do Estado do Rio&nbsp;de Janeiro e&nbsp;o Minist\u00e9rio P\u00fablico Estadual informaram&nbsp;que o&nbsp;Flamengo se recusou hoje (19) a fechar o acordo de repara\u00e7\u00e3o \u00e0s v\u00edtimas do inc\u00eandio no alojamento do Centro de Treinamento (CT) do clube, o Ninho do Urubu, em Vargem Grande, na zona oeste, no qual dez atletas morreram e tr\u00eas ficaram feridos. [&hellip;]","og_url":"https:\/\/www.cidademarketing.com.br\/marketing\/2019\/02\/20\/negociacoes-com-o-flamengo-sao-esgotadas-sem-acordo-e-instituicoes-buscarao-reparacao-judicial\/","og_site_name":"CidadeMarketing","article_publisher":"https:\/\/www.facebook.com\/portalcidademarketing","article_author":"https:\/\/www.facebook.com\/thalesbrandao","article_published_time":"2019-02-20T22:26:29+00:00","article_modified_time":"2019-02-20T22:30:52+00:00","og_image":[{"width":802,"height":802,"url":"https:\/\/www.cidademarketing.com.br\/marketing\/wp-content\/uploads\/2019\/02\/flamengoluto.jpg","type":"image\/jpeg"}],"author":"Thales Brand\u00e3o","twitter_card":"summary_large_image","twitter_creator":"@http:\/\/www.twitter.com\/thalesbrandao","twitter_site":"@CidadeMarketing","twitter_misc":{"Escrito por":"Thales Brand\u00e3o","Est. tempo de leitura":"3 minutos"},"schema":{"@context":"https:\/\/schema.org","@graph":[{"@type":"Article","@id":"https:\/\/www.cidademarketing.com.br\/marketing\/2019\/02\/20\/negociacoes-com-o-flamengo-sao-esgotadas-sem-acordo-e-instituicoes-buscarao-reparacao-judicial\/#article","isPartOf":{"@id":"https:\/\/www.cidademarketing.com.br\/marketing\/2019\/02\/20\/negociacoes-com-o-flamengo-sao-esgotadas-sem-acordo-e-instituicoes-buscarao-reparacao-judicial\/"},"author":{"name":"Thales Brand\u00e3o","@id":"https:\/\/www.cidademarketing.com.br\/marketing\/#\/schema\/person\/02daff9f18bd9378c9e01eb6b2db155f"},"headline":"Flamengo n\u00e3o fecha acordo com as v\u00edtimas do inc\u00eandio e MPRJ pedem interdi\u00e7\u00e3o do Ninho do Urubu e bloqueio de R$ 57 milh\u00f5es","datePublished":"2019-02-20T22:26:29+00:00","dateModified":"2019-02-20T22:30:52+00:00","mainEntityOfPage":{"@id":"https:\/\/www.cidademarketing.com.br\/marketing\/2019\/02\/20\/negociacoes-com-o-flamengo-sao-esgotadas-sem-acordo-e-instituicoes-buscarao-reparacao-judicial\/"},"wordCount":701,"commentCount":0,"publisher":{"@id":"https:\/\/www.cidademarketing.com.br\/marketing\/#organization"},"image":{"@id":"https:\/\/www.cidademarketing.com.br\/marketing\/2019\/02\/20\/negociacoes-com-o-flamengo-sao-esgotadas-sem-acordo-e-instituicoes-buscarao-reparacao-judicial\/#primaryimage"},"thumbnailUrl":"https:\/\/www.cidademarketing.com.br\/marketing\/wp-content\/uploads\/2019\/02\/flamengoluto.jpg","keywords":["marketing esportivo","Rio"],"articleSection":["Not\u00edcias"],"inLanguage":"pt-BR","potentialAction":[{"@type":"CommentAction","name":"Comment","target":["https:\/\/www.cidademarketing.com.br\/marketing\/2019\/02\/20\/negociacoes-com-o-flamengo-sao-esgotadas-sem-acordo-e-instituicoes-buscarao-reparacao-judicial\/#respond"]}]},{"@type":"WebPage","@id":"https:\/\/www.cidademarketing.com.br\/marketing\/2019\/02\/20\/negociacoes-com-o-flamengo-sao-esgotadas-sem-acordo-e-instituicoes-buscarao-reparacao-judicial\/","url":"https:\/\/www.cidademarketing.com.br\/marketing\/2019\/02\/20\/negociacoes-com-o-flamengo-sao-esgotadas-sem-acordo-e-instituicoes-buscarao-reparacao-judicial\/","name":"Flamengo n\u00e3o fecha acordo com as v\u00edtimas do inc\u00eandio e MPRJ pedem interdi\u00e7\u00e3o do Ninho do Urubu e bloqueio de R$ 57 milh\u00f5es - CidadeMarketing","isPartOf":{"@id":"https:\/\/www.cidademarketing.com.br\/marketing\/#website"},"primaryImageOfPage":{"@id":"https:\/\/www.cidademarketing.com.br\/marketing\/2019\/02\/20\/negociacoes-com-o-flamengo-sao-esgotadas-sem-acordo-e-instituicoes-buscarao-reparacao-judicial\/#primaryimage"},"image":{"@id":"https:\/\/www.cidademarketing.com.br\/marketing\/2019\/02\/20\/negociacoes-com-o-flamengo-sao-esgotadas-sem-acordo-e-instituicoes-buscarao-reparacao-judicial\/#primaryimage"},"thumbnailUrl":"https:\/\/www.cidademarketing.com.br\/marketing\/wp-content\/uploads\/2019\/02\/flamengoluto.jpg","datePublished":"2019-02-20T22:26:29+00:00","dateModified":"2019-02-20T22:30:52+00:00","breadcrumb":{"@id":"https:\/\/www.cidademarketing.com.br\/marketing\/2019\/02\/20\/negociacoes-com-o-flamengo-sao-esgotadas-sem-acordo-e-instituicoes-buscarao-reparacao-judicial\/#breadcrumb"},"inLanguage":"pt-BR","potentialAction":[{"@type":"ReadAction","target":["https:\/\/www.cidademarketing.com.br\/marketing\/2019\/02\/20\/negociacoes-com-o-flamengo-sao-esgotadas-sem-acordo-e-instituicoes-buscarao-reparacao-judicial\/"]}]},{"@type":"ImageObject","inLanguage":"pt-BR","@id":"https:\/\/www.cidademarketing.com.br\/marketing\/2019\/02\/20\/negociacoes-com-o-flamengo-sao-esgotadas-sem-acordo-e-instituicoes-buscarao-reparacao-judicial\/#primaryimage","url":"https:\/\/www.cidademarketing.com.br\/marketing\/wp-content\/uploads\/2019\/02\/flamengoluto.jpg","contentUrl":"https:\/\/www.cidademarketing.com.br\/marketing\/wp-content\/uploads\/2019\/02\/flamengoluto.jpg","width":802,"height":802},{"@type":"BreadcrumbList","@id":"https:\/\/www.cidademarketing.com.br\/marketing\/2019\/02\/20\/negociacoes-com-o-flamengo-sao-esgotadas-sem-acordo-e-instituicoes-buscarao-reparacao-judicial\/#breadcrumb","itemListElement":[{"@type":"ListItem","position":1,"name":"In\u00edcio","item":"https:\/\/www.cidademarketing.com.br\/marketing\/"},{"@type":"ListItem","position":2,"name":"Flamengo n\u00e3o fecha acordo com as v\u00edtimas do inc\u00eandio e MPRJ pedem interdi\u00e7\u00e3o do Ninho do Urubu e bloqueio de R$ 57 milh\u00f5es"}]},{"@type":"WebSite","@id":"https:\/\/www.cidademarketing.com.br\/marketing\/#website","url":"https:\/\/www.cidademarketing.com.br\/marketing\/","name":"CidadeMarketing","description":"Somos um ve\u00edculo de comunica\u00e7\u00e3o de destaque no Brasil, reconhecido por conte\u00fados nos segmentos de marketing, empreendedorismo e inova\u00e7\u00e3o.","publisher":{"@id":"https:\/\/www.cidademarketing.com.br\/marketing\/#organization"},"alternateName":"CidadeMarketing","potentialAction":[{"@type":"SearchAction","target":{"@type":"EntryPoint","urlTemplate":"https:\/\/www.cidademarketing.com.br\/marketing\/?s={search_term_string}"},"query-input":{"@type":"PropertyValueSpecification","valueRequired":true,"valueName":"search_term_string"}}],"inLanguage":"pt-BR"},{"@type":"Organization","@id":"https:\/\/www.cidademarketing.com.br\/marketing\/#organization","name":"CidadeMarketing","alternateName":"CidadeMarketing","url":"https:\/\/www.cidademarketing.com.br\/marketing\/","logo":{"@type":"ImageObject","inLanguage":"pt-BR","@id":"https:\/\/www.cidademarketing.com.br\/marketing\/#\/schema\/logo\/image\/","url":"https:\/\/www.cidademarketing.com.br\/marketing\/wp-content\/uploads\/2020\/01\/cidademarketing_marca_mobile.png","contentUrl":"https:\/\/www.cidademarketing.com.br\/marketing\/wp-content\/uploads\/2020\/01\/cidademarketing_marca_mobile.png","width":230,"height":92,"caption":"CidadeMarketing"},"image":{"@id":"https:\/\/www.cidademarketing.com.br\/marketing\/#\/schema\/logo\/image\/"},"sameAs":["https:\/\/www.facebook.com\/portalcidademarketing","https:\/\/x.com\/CidadeMarketing","https:\/\/www.instagram.com\/cidademarketing\/"]},{"@type":"Person","@id":"https:\/\/www.cidademarketing.com.br\/marketing\/#\/schema\/person\/02daff9f18bd9378c9e01eb6b2db155f","name":"Thales Brand\u00e3o","image":{"@type":"ImageObject","inLanguage":"pt-BR","@id":"https:\/\/secure.gravatar.com\/avatar\/7ca3206950207cc3cb48feec56a8a7898741ab725c368d99d5d7a5a50aab80c6?s=96&d=mm&r=g","url":"https:\/\/secure.gravatar.com\/avatar\/7ca3206950207cc3cb48feec56a8a7898741ab725c368d99d5d7a5a50aab80c6?s=96&d=mm&r=g","contentUrl":"https:\/\/secure.gravatar.com\/avatar\/7ca3206950207cc3cb48feec56a8a7898741ab725c368d99d5d7a5a50aab80c6?s=96&d=mm&r=g","caption":"Thales Brand\u00e3o"},"description":"Editor Executivo do Portal CidadeMarketing.com.br &gt; Mestre em Comunica\u00e7\u00e3o e Sociedade pela Universidade Federal de Sergipe. Possui MBA Executivo em Administra\u00e7\u00e3o com \u00eanfase em Marketing pela Funda\u00e7\u00e3o Get\u00falio Vargas - Rio de Janeiro. Consultor, Palestrante e Pesquisador sobre Empreendedorismo, Marketing, Redes Sociais e Neg\u00f3cios Digitais. Professor, Palestrante TedxTalks e Campus Party. Twitter: @ThalesBrandao","sameAs":["http:\/\/www.mandacaru.com.br","https:\/\/www.facebook.com\/thalesbrandao","http:\/\/www.instagram.com.br\/thalesbrandaoferreira","https:\/\/www.linkedin.com\/in\/thales-brand\u00e3o-3948609\/","https:\/\/x.com\/http:\/\/www.twitter.com\/thalesbrandao"],"url":"https:\/\/www.cidademarketing.com.br\/marketing\/author\/thalesbrandao\/"}]}},"amp_enabled":true,"_links":{"self":[{"href":"https:\/\/www.cidademarketing.com.br\/marketing\/wp-json\/wp\/v2\/posts\/6489","targetHints":{"allow":["GET"]}}],"collection":[{"href":"https:\/\/www.cidademarketing.com.br\/marketing\/wp-json\/wp\/v2\/posts"}],"about":[{"href":"https:\/\/www.cidademarketing.com.br\/marketing\/wp-json\/wp\/v2\/types\/post"}],"author":[{"embeddable":true,"href":"https:\/\/www.cidademarketing.com.br\/marketing\/wp-json\/wp\/v2\/users\/1"}],"replies":[{"embeddable":true,"href":"https:\/\/www.cidademarketing.com.br\/marketing\/wp-json\/wp\/v2\/comments?post=6489"}],"version-history":[{"count":2,"href":"https:\/\/www.cidademarketing.com.br\/marketing\/wp-json\/wp\/v2\/posts\/6489\/revisions"}],"predecessor-version":[{"id":6492,"href":"https:\/\/www.cidademarketing.com.br\/marketing\/wp-json\/wp\/v2\/posts\/6489\/revisions\/6492"}],"wp:featuredmedia":[{"embeddable":true,"href":"https:\/\/www.cidademarketing.com.br\/marketing\/wp-json\/wp\/v2\/media\/6127"}],"wp:attachment":[{"href":"https:\/\/www.cidademarketing.com.br\/marketing\/wp-json\/wp\/v2\/media?parent=6489"}],"wp:term":[{"taxonomy":"category","embeddable":true,"href":"https:\/\/www.cidademarketing.com.br\/marketing\/wp-json\/wp\/v2\/categories?post=6489"},{"taxonomy":"post_tag","embeddable":true,"href":"https:\/\/www.cidademarketing.com.br\/marketing\/wp-json\/wp\/v2\/tags?post=6489"}],"curies":[{"name":"wp","href":"https:\/\/api.w.org\/{rel}","templated":true}]}}