{"id":6459,"date":"2019-02-19T21:09:41","date_gmt":"2019-02-20T00:09:41","guid":{"rendered":"http:\/\/www.cidademarketing.com.br\/marketing\/?p=6459"},"modified":"2019-02-19T21:09:43","modified_gmt":"2019-02-20T00:09:43","slug":"oi-e-oi-futuro-abrem-inscricoes-para-programacao-do-centro-cultural-oi-futuro-2019-2020","status":"publish","type":"post","link":"https:\/\/www.cidademarketing.com.br\/marketing\/2019\/02\/19\/oi-e-oi-futuro-abrem-inscricoes-para-programacao-do-centro-cultural-oi-futuro-2019-2020\/","title":{"rendered":"Oi e Oi Futuro abrem inscri\u00e7\u00f5es para programa\u00e7\u00e3o do Centro Cultural Oi Futuro 2019\/2020"},"content":{"rendered":"\n<p>A Oi abriu nesta ter\u00e7a-feira (19\/2) as inscri\u00e7\u00f5es da 16\u00aa edi\u00e7\u00e3o do Programa Oi de Patroc\u00ednios Culturais Incentivados, que reafirma o compromisso da Oi com a cultura brasileira. Produtores culturais podem se inscrever at\u00e9 o dia 22 de mar\u00e7o, \u00e0s 17h (hor\u00e1rio de Bras\u00edlia), por meio do site do Oi Futuro (<a href=\"http:\/\/www.oifuturo.org.br\" target=\"_blank\" rel=\"noreferrer noopener\" aria-label=\"www.oifuturo.org.br (abre em uma nova aba)\">www.oifuturo.org.br<\/a>). O programa destina recursos para financiamento total ou parcial de projetos aprovados em leis estaduais e municipais de incentivo \u00e0 cultura seguindo duas linhas de sele\u00e7\u00e3o: uma para iniciativas de todo o pa\u00eds e outra voltada para a programa\u00e7\u00e3o do Centro Cultural Oi Futuro, no Rio de Janeiro. <br><br> O Programa Oi de Patroc\u00ednios Culturais Incentivados investe e apoia projetos de diversas naturezas que j\u00e1 atra\u00edram mais de 8 milh\u00f5es de pessoas de todo o pa\u00eds, desde 2003. Nesses 16 anos de atua\u00e7\u00e3o, foram mais de 2.500 projetos culturais apoiados pelo Oi Futuro, que se tornou espa\u00e7o onde as muitas formas de arte convergem e as tecnologias do nosso tempo s\u00e3o um campo infinito para experimenta\u00e7\u00e3o e investiga\u00e7\u00e3o art\u00edstica. \u201cA Oi acredita na arte como ponto de partida para o desenvolvimento de novos processos e inova\u00e7\u00e3o, por isso nos orgulhamos de ser uma das maiores patrocinadoras privadas da cultura brasileira\u201d, diz Roberto Guimar\u00e3es, gerente executivo do Oi Futuro. <br><br> No edital, artistas e produtores culturais podem apresentar propostas de festivais, espet\u00e1culos, exposi\u00e7\u00f5es, performances e outras manifesta\u00e7\u00f5es criativas e originais que valorizem a converg\u00eancia de linguagens, a cocria\u00e7\u00e3o e a conex\u00e3o entre pessoas e ideias. Realizadores tamb\u00e9m podem inscrever propostas que contemplem a integra\u00e7\u00e3o do Museu das Telecomunica\u00e7\u00f5es com seus p\u00fablicos e a ocupa\u00e7\u00e3o do LabSonica, laborat\u00f3rio de experimenta\u00e7\u00e3o no campo do som e da m\u00fasica, que completa seu primeiro ano de atividades. <br><br> Desde 2017, o Oi Futuro utiliza um modelo de inscri\u00e7\u00f5es simplificado, sem categorias pr\u00e9-definidas e sem burocracia. O formul\u00e1rio online resume-se a uma p\u00e1gina em branco, em que o produtor apresenta sua proposta da forma que achar melhor. Al\u00e9m disso, o proponente deve incluir um v\u00eddeo em que defende sua ideia e os prop\u00f3sitos de seu projeto.<br><br> O processo de sele\u00e7\u00e3o conta com uma comiss\u00e3o de avalia\u00e7\u00e3o independente, composta por especialistas de distintos campos do conhecimento e de origem regional diversa, e envolve tamb\u00e9m a participa\u00e7\u00e3o de profissionais do Oi Futuro e da Oi. O resultado ser\u00e1 divulgado no site do Oi Futuro, em data a ser definida. <br><br> Atrav\u00e9s do programa, a Oi quer fomentar a produ\u00e7\u00e3o art\u00edstica inovadora, especialmente no campo da converg\u00eancia entre arte, ci\u00eancia e tecnologia, potencializando conex\u00f5es e experi\u00eancias que impulsionem novas ideias e experi\u00eancias coletivas singulares; promover oportunidades de colabora\u00e7\u00e3o, gerando intera\u00e7\u00f5es que se caracterizem na participa\u00e7\u00e3o ativa do p\u00fablico; estimular a circula\u00e7\u00e3o da produ\u00e7\u00e3o cultural brasileira por meio do fomento \u00e0 gera\u00e7\u00e3o de conte\u00fado digital multiplataforma, al\u00e9m de trabalhar acessibilidades para a amplia\u00e7\u00e3o de um p\u00fablico diverso e irrestrito.<br><\/p>\n","protected":false},"excerpt":{"rendered":"<p>A Oi abriu nesta ter\u00e7a-feira (19\/2) as inscri\u00e7\u00f5es da 16\u00aa edi\u00e7\u00e3o do Programa Oi de Patroc\u00ednios Culturais Incentivados, que reafirma o compromisso da Oi com a cultura brasileira. Produtores culturais podem se inscrever at\u00e9 o dia 22 de mar\u00e7o, \u00e0s 17h (hor\u00e1rio de Bras\u00edlia), por meio do site do Oi Futuro (www.oifuturo.org.br). O programa destina [&hellip;]<\/p>\n","protected":false},"author":1,"featured_media":6460,"comment_status":"open","ping_status":"open","sticky":false,"template":"","format":"standard","meta":{"tdm_status":"","tdm_grid_status":"","footnotes":""},"categories":[6],"tags":[177,1473,1474],"class_list":["post-6459","post","type-post","status-publish","format-standard","has-post-thumbnail","hentry","category-noticias","tag-marketing-social","tag-oi-futuro","tag-projeto-cultural"],"yoast_head":"<!-- This site is optimized with the Yoast SEO plugin v27.4 - https:\/\/yoast.com\/product\/yoast-seo-wordpress\/ -->\n<title>Oi e Oi Futuro abrem inscri\u00e7\u00f5es para programa\u00e7\u00e3o do Centro Cultural Oi Futuro 2019\/2020 - CidadeMarketing<\/title>\n<meta name=\"robots\" content=\"index, follow, max-snippet:-1, max-image-preview:large, max-video-preview:-1\" \/>\n<link rel=\"canonical\" href=\"https:\/\/www.cidademarketing.com.br\/marketing\/2019\/02\/19\/oi-e-oi-futuro-abrem-inscricoes-para-programacao-do-centro-cultural-oi-futuro-2019-2020\/\" \/>\n<meta property=\"og:locale\" content=\"pt_BR\" \/>\n<meta property=\"og:type\" content=\"article\" \/>\n<meta property=\"og:title\" content=\"Oi e Oi Futuro abrem inscri\u00e7\u00f5es para programa\u00e7\u00e3o do Centro Cultural Oi Futuro 2019\/2020 - CidadeMarketing\" \/>\n<meta property=\"og:description\" content=\"A Oi abriu nesta ter\u00e7a-feira (19\/2) as inscri\u00e7\u00f5es da 16\u00aa edi\u00e7\u00e3o do Programa Oi de Patroc\u00ednios Culturais Incentivados, que reafirma o compromisso da Oi com a cultura brasileira. Produtores culturais podem se inscrever at\u00e9 o dia 22 de mar\u00e7o, \u00e0s 17h (hor\u00e1rio de Bras\u00edlia), por meio do site do Oi Futuro (www.oifuturo.org.br). O programa destina [&hellip;]\" \/>\n<meta property=\"og:url\" content=\"https:\/\/www.cidademarketing.com.br\/marketing\/2019\/02\/19\/oi-e-oi-futuro-abrem-inscricoes-para-programacao-do-centro-cultural-oi-futuro-2019-2020\/\" \/>\n<meta property=\"og:site_name\" content=\"CidadeMarketing\" \/>\n<meta property=\"article:publisher\" content=\"https:\/\/www.facebook.com\/portalcidademarketing\" \/>\n<meta property=\"article:author\" content=\"https:\/\/www.facebook.com\/thalesbrandao\" \/>\n<meta property=\"article:published_time\" content=\"2019-02-20T00:09:41+00:00\" \/>\n<meta property=\"article:modified_time\" content=\"2019-02-20T00:09:43+00:00\" \/>\n<meta property=\"og:image\" content=\"https:\/\/www.cidademarketing.com.br\/marketing\/wp-content\/uploads\/2019\/02\/marca_oifuturo.jpg\" \/>\n\t<meta property=\"og:image:width\" content=\"300\" \/>\n\t<meta property=\"og:image:height\" content=\"300\" \/>\n\t<meta property=\"og:image:type\" content=\"image\/jpeg\" \/>\n<meta name=\"author\" content=\"Thales Brand\u00e3o\" \/>\n<meta name=\"twitter:card\" content=\"summary_large_image\" \/>\n<meta name=\"twitter:creator\" content=\"@http:\/\/www.twitter.com\/thalesbrandao\" \/>\n<meta name=\"twitter:site\" content=\"@CidadeMarketing\" \/>\n<meta name=\"twitter:label1\" content=\"Escrito por\" \/>\n\t<meta name=\"twitter:data1\" content=\"Thales Brand\u00e3o\" \/>\n\t<meta name=\"twitter:label2\" content=\"Est. tempo de leitura\" \/>\n\t<meta name=\"twitter:data2\" content=\"3 minutos\" \/>\n<script type=\"application\/ld+json\" class=\"yoast-schema-graph\">{\"@context\":\"https:\\\/\\\/schema.org\",\"@graph\":[{\"@type\":\"Article\",\"@id\":\"https:\\\/\\\/www.cidademarketing.com.br\\\/marketing\\\/2019\\\/02\\\/19\\\/oi-e-oi-futuro-abrem-inscricoes-para-programacao-do-centro-cultural-oi-futuro-2019-2020\\\/#article\",\"isPartOf\":{\"@id\":\"https:\\\/\\\/www.cidademarketing.com.br\\\/marketing\\\/2019\\\/02\\\/19\\\/oi-e-oi-futuro-abrem-inscricoes-para-programacao-do-centro-cultural-oi-futuro-2019-2020\\\/\"},\"author\":{\"name\":\"Thales Brand\u00e3o\",\"@id\":\"https:\\\/\\\/www.cidademarketing.com.br\\\/marketing\\\/#\\\/schema\\\/person\\\/02daff9f18bd9378c9e01eb6b2db155f\"},\"headline\":\"Oi e Oi Futuro abrem inscri\u00e7\u00f5es para programa\u00e7\u00e3o do Centro Cultural Oi Futuro 2019\\\/2020\",\"datePublished\":\"2019-02-20T00:09:41+00:00\",\"dateModified\":\"2019-02-20T00:09:43+00:00\",\"mainEntityOfPage\":{\"@id\":\"https:\\\/\\\/www.cidademarketing.com.br\\\/marketing\\\/2019\\\/02\\\/19\\\/oi-e-oi-futuro-abrem-inscricoes-para-programacao-do-centro-cultural-oi-futuro-2019-2020\\\/\"},\"wordCount\":542,\"commentCount\":0,\"publisher\":{\"@id\":\"https:\\\/\\\/www.cidademarketing.com.br\\\/marketing\\\/#organization\"},\"image\":{\"@id\":\"https:\\\/\\\/www.cidademarketing.com.br\\\/marketing\\\/2019\\\/02\\\/19\\\/oi-e-oi-futuro-abrem-inscricoes-para-programacao-do-centro-cultural-oi-futuro-2019-2020\\\/#primaryimage\"},\"thumbnailUrl\":\"https:\\\/\\\/www.cidademarketing.com.br\\\/marketing\\\/wp-content\\\/uploads\\\/2019\\\/02\\\/marca_oifuturo.jpg\",\"keywords\":[\"marketing social\",\"Oi Futuro\",\"projeto cultural\"],\"articleSection\":[\"Not\u00edcias\"],\"inLanguage\":\"pt-BR\",\"potentialAction\":[{\"@type\":\"CommentAction\",\"name\":\"Comment\",\"target\":[\"https:\\\/\\\/www.cidademarketing.com.br\\\/marketing\\\/2019\\\/02\\\/19\\\/oi-e-oi-futuro-abrem-inscricoes-para-programacao-do-centro-cultural-oi-futuro-2019-2020\\\/#respond\"]}]},{\"@type\":\"WebPage\",\"@id\":\"https:\\\/\\\/www.cidademarketing.com.br\\\/marketing\\\/2019\\\/02\\\/19\\\/oi-e-oi-futuro-abrem-inscricoes-para-programacao-do-centro-cultural-oi-futuro-2019-2020\\\/\",\"url\":\"https:\\\/\\\/www.cidademarketing.com.br\\\/marketing\\\/2019\\\/02\\\/19\\\/oi-e-oi-futuro-abrem-inscricoes-para-programacao-do-centro-cultural-oi-futuro-2019-2020\\\/\",\"name\":\"Oi e Oi Futuro abrem inscri\u00e7\u00f5es para programa\u00e7\u00e3o do Centro Cultural Oi Futuro 2019\\\/2020 - CidadeMarketing\",\"isPartOf\":{\"@id\":\"https:\\\/\\\/www.cidademarketing.com.br\\\/marketing\\\/#website\"},\"primaryImageOfPage\":{\"@id\":\"https:\\\/\\\/www.cidademarketing.com.br\\\/marketing\\\/2019\\\/02\\\/19\\\/oi-e-oi-futuro-abrem-inscricoes-para-programacao-do-centro-cultural-oi-futuro-2019-2020\\\/#primaryimage\"},\"image\":{\"@id\":\"https:\\\/\\\/www.cidademarketing.com.br\\\/marketing\\\/2019\\\/02\\\/19\\\/oi-e-oi-futuro-abrem-inscricoes-para-programacao-do-centro-cultural-oi-futuro-2019-2020\\\/#primaryimage\"},\"thumbnailUrl\":\"https:\\\/\\\/www.cidademarketing.com.br\\\/marketing\\\/wp-content\\\/uploads\\\/2019\\\/02\\\/marca_oifuturo.jpg\",\"datePublished\":\"2019-02-20T00:09:41+00:00\",\"dateModified\":\"2019-02-20T00:09:43+00:00\",\"breadcrumb\":{\"@id\":\"https:\\\/\\\/www.cidademarketing.com.br\\\/marketing\\\/2019\\\/02\\\/19\\\/oi-e-oi-futuro-abrem-inscricoes-para-programacao-do-centro-cultural-oi-futuro-2019-2020\\\/#breadcrumb\"},\"inLanguage\":\"pt-BR\",\"potentialAction\":[{\"@type\":\"ReadAction\",\"target\":[\"https:\\\/\\\/www.cidademarketing.com.br\\\/marketing\\\/2019\\\/02\\\/19\\\/oi-e-oi-futuro-abrem-inscricoes-para-programacao-do-centro-cultural-oi-futuro-2019-2020\\\/\"]}]},{\"@type\":\"ImageObject\",\"inLanguage\":\"pt-BR\",\"@id\":\"https:\\\/\\\/www.cidademarketing.com.br\\\/marketing\\\/2019\\\/02\\\/19\\\/oi-e-oi-futuro-abrem-inscricoes-para-programacao-do-centro-cultural-oi-futuro-2019-2020\\\/#primaryimage\",\"url\":\"https:\\\/\\\/www.cidademarketing.com.br\\\/marketing\\\/wp-content\\\/uploads\\\/2019\\\/02\\\/marca_oifuturo.jpg\",\"contentUrl\":\"https:\\\/\\\/www.cidademarketing.com.br\\\/marketing\\\/wp-content\\\/uploads\\\/2019\\\/02\\\/marca_oifuturo.jpg\",\"width\":300,\"height\":300},{\"@type\":\"BreadcrumbList\",\"@id\":\"https:\\\/\\\/www.cidademarketing.com.br\\\/marketing\\\/2019\\\/02\\\/19\\\/oi-e-oi-futuro-abrem-inscricoes-para-programacao-do-centro-cultural-oi-futuro-2019-2020\\\/#breadcrumb\",\"itemListElement\":[{\"@type\":\"ListItem\",\"position\":1,\"name\":\"In\u00edcio\",\"item\":\"https:\\\/\\\/www.cidademarketing.com.br\\\/marketing\\\/\"},{\"@type\":\"ListItem\",\"position\":2,\"name\":\"Oi e Oi Futuro abrem inscri\u00e7\u00f5es para programa\u00e7\u00e3o do Centro Cultural Oi Futuro 2019\\\/2020\"}]},{\"@type\":\"WebSite\",\"@id\":\"https:\\\/\\\/www.cidademarketing.com.br\\\/marketing\\\/#website\",\"url\":\"https:\\\/\\\/www.cidademarketing.com.br\\\/marketing\\\/\",\"name\":\"CidadeMarketing\",\"description\":\"Somos um ve\u00edculo de comunica\u00e7\u00e3o de destaque no Brasil, reconhecido por conte\u00fados nos segmentos de marketing, empreendedorismo e inova\u00e7\u00e3o.\",\"publisher\":{\"@id\":\"https:\\\/\\\/www.cidademarketing.com.br\\\/marketing\\\/#organization\"},\"alternateName\":\"CidadeMarketing\",\"potentialAction\":[{\"@type\":\"SearchAction\",\"target\":{\"@type\":\"EntryPoint\",\"urlTemplate\":\"https:\\\/\\\/www.cidademarketing.com.br\\\/marketing\\\/?s={search_term_string}\"},\"query-input\":{\"@type\":\"PropertyValueSpecification\",\"valueRequired\":true,\"valueName\":\"search_term_string\"}}],\"inLanguage\":\"pt-BR\"},{\"@type\":\"Organization\",\"@id\":\"https:\\\/\\\/www.cidademarketing.com.br\\\/marketing\\\/#organization\",\"name\":\"CidadeMarketing\",\"alternateName\":\"CidadeMarketing\",\"url\":\"https:\\\/\\\/www.cidademarketing.com.br\\\/marketing\\\/\",\"logo\":{\"@type\":\"ImageObject\",\"inLanguage\":\"pt-BR\",\"@id\":\"https:\\\/\\\/www.cidademarketing.com.br\\\/marketing\\\/#\\\/schema\\\/logo\\\/image\\\/\",\"url\":\"https:\\\/\\\/www.cidademarketing.com.br\\\/marketing\\\/wp-content\\\/uploads\\\/2020\\\/01\\\/cidademarketing_marca_mobile.png\",\"contentUrl\":\"https:\\\/\\\/www.cidademarketing.com.br\\\/marketing\\\/wp-content\\\/uploads\\\/2020\\\/01\\\/cidademarketing_marca_mobile.png\",\"width\":230,\"height\":92,\"caption\":\"CidadeMarketing\"},\"image\":{\"@id\":\"https:\\\/\\\/www.cidademarketing.com.br\\\/marketing\\\/#\\\/schema\\\/logo\\\/image\\\/\"},\"sameAs\":[\"https:\\\/\\\/www.facebook.com\\\/portalcidademarketing\",\"https:\\\/\\\/x.com\\\/CidadeMarketing\",\"https:\\\/\\\/www.instagram.com\\\/cidademarketing\\\/\"]},{\"@type\":\"Person\",\"@id\":\"https:\\\/\\\/www.cidademarketing.com.br\\\/marketing\\\/#\\\/schema\\\/person\\\/02daff9f18bd9378c9e01eb6b2db155f\",\"name\":\"Thales Brand\u00e3o\",\"image\":{\"@type\":\"ImageObject\",\"inLanguage\":\"pt-BR\",\"@id\":\"https:\\\/\\\/secure.gravatar.com\\\/avatar\\\/7ca3206950207cc3cb48feec56a8a7898741ab725c368d99d5d7a5a50aab80c6?s=96&d=mm&r=g\",\"url\":\"https:\\\/\\\/secure.gravatar.com\\\/avatar\\\/7ca3206950207cc3cb48feec56a8a7898741ab725c368d99d5d7a5a50aab80c6?s=96&d=mm&r=g\",\"contentUrl\":\"https:\\\/\\\/secure.gravatar.com\\\/avatar\\\/7ca3206950207cc3cb48feec56a8a7898741ab725c368d99d5d7a5a50aab80c6?s=96&d=mm&r=g\",\"caption\":\"Thales Brand\u00e3o\"},\"description\":\"Editor Executivo do Portal CidadeMarketing.com.br &gt; Mestre em Comunica\u00e7\u00e3o e Sociedade pela Universidade Federal de Sergipe. Possui MBA Executivo em Administra\u00e7\u00e3o com \u00eanfase em Marketing pela Funda\u00e7\u00e3o Get\u00falio Vargas - Rio de Janeiro. Consultor, Palestrante e Pesquisador sobre Empreendedorismo, Marketing, Redes Sociais e Neg\u00f3cios Digitais. Professor, Palestrante TedxTalks e Campus Party. Twitter: @ThalesBrandao\",\"sameAs\":[\"http:\\\/\\\/www.mandacaru.com.br\",\"https:\\\/\\\/www.facebook.com\\\/thalesbrandao\",\"http:\\\/\\\/www.instagram.com.br\\\/thalesbrandaoferreira\",\"https:\\\/\\\/www.linkedin.com\\\/in\\\/thales-brand\u00e3o-3948609\\\/\",\"https:\\\/\\\/x.com\\\/http:\\\/\\\/www.twitter.com\\\/thalesbrandao\"],\"url\":\"https:\\\/\\\/www.cidademarketing.com.br\\\/marketing\\\/author\\\/thalesbrandao\\\/\"}]}<\/script>\n<!-- \/ Yoast SEO plugin. -->","yoast_head_json":{"title":"Oi e Oi Futuro abrem inscri\u00e7\u00f5es para programa\u00e7\u00e3o do Centro Cultural Oi Futuro 2019\/2020 - CidadeMarketing","robots":{"index":"index","follow":"follow","max-snippet":"max-snippet:-1","max-image-preview":"max-image-preview:large","max-video-preview":"max-video-preview:-1"},"canonical":"https:\/\/www.cidademarketing.com.br\/marketing\/2019\/02\/19\/oi-e-oi-futuro-abrem-inscricoes-para-programacao-do-centro-cultural-oi-futuro-2019-2020\/","og_locale":"pt_BR","og_type":"article","og_title":"Oi e Oi Futuro abrem inscri\u00e7\u00f5es para programa\u00e7\u00e3o do Centro Cultural Oi Futuro 2019\/2020 - CidadeMarketing","og_description":"A Oi abriu nesta ter\u00e7a-feira (19\/2) as inscri\u00e7\u00f5es da 16\u00aa edi\u00e7\u00e3o do Programa Oi de Patroc\u00ednios Culturais Incentivados, que reafirma o compromisso da Oi com a cultura brasileira. Produtores culturais podem se inscrever at\u00e9 o dia 22 de mar\u00e7o, \u00e0s 17h (hor\u00e1rio de Bras\u00edlia), por meio do site do Oi Futuro (www.oifuturo.org.br). O programa destina [&hellip;]","og_url":"https:\/\/www.cidademarketing.com.br\/marketing\/2019\/02\/19\/oi-e-oi-futuro-abrem-inscricoes-para-programacao-do-centro-cultural-oi-futuro-2019-2020\/","og_site_name":"CidadeMarketing","article_publisher":"https:\/\/www.facebook.com\/portalcidademarketing","article_author":"https:\/\/www.facebook.com\/thalesbrandao","article_published_time":"2019-02-20T00:09:41+00:00","article_modified_time":"2019-02-20T00:09:43+00:00","og_image":[{"width":300,"height":300,"url":"https:\/\/www.cidademarketing.com.br\/marketing\/wp-content\/uploads\/2019\/02\/marca_oifuturo.jpg","type":"image\/jpeg"}],"author":"Thales Brand\u00e3o","twitter_card":"summary_large_image","twitter_creator":"@http:\/\/www.twitter.com\/thalesbrandao","twitter_site":"@CidadeMarketing","twitter_misc":{"Escrito por":"Thales Brand\u00e3o","Est. tempo de leitura":"3 minutos"},"schema":{"@context":"https:\/\/schema.org","@graph":[{"@type":"Article","@id":"https:\/\/www.cidademarketing.com.br\/marketing\/2019\/02\/19\/oi-e-oi-futuro-abrem-inscricoes-para-programacao-do-centro-cultural-oi-futuro-2019-2020\/#article","isPartOf":{"@id":"https:\/\/www.cidademarketing.com.br\/marketing\/2019\/02\/19\/oi-e-oi-futuro-abrem-inscricoes-para-programacao-do-centro-cultural-oi-futuro-2019-2020\/"},"author":{"name":"Thales Brand\u00e3o","@id":"https:\/\/www.cidademarketing.com.br\/marketing\/#\/schema\/person\/02daff9f18bd9378c9e01eb6b2db155f"},"headline":"Oi e Oi Futuro abrem inscri\u00e7\u00f5es para programa\u00e7\u00e3o do Centro Cultural Oi Futuro 2019\/2020","datePublished":"2019-02-20T00:09:41+00:00","dateModified":"2019-02-20T00:09:43+00:00","mainEntityOfPage":{"@id":"https:\/\/www.cidademarketing.com.br\/marketing\/2019\/02\/19\/oi-e-oi-futuro-abrem-inscricoes-para-programacao-do-centro-cultural-oi-futuro-2019-2020\/"},"wordCount":542,"commentCount":0,"publisher":{"@id":"https:\/\/www.cidademarketing.com.br\/marketing\/#organization"},"image":{"@id":"https:\/\/www.cidademarketing.com.br\/marketing\/2019\/02\/19\/oi-e-oi-futuro-abrem-inscricoes-para-programacao-do-centro-cultural-oi-futuro-2019-2020\/#primaryimage"},"thumbnailUrl":"https:\/\/www.cidademarketing.com.br\/marketing\/wp-content\/uploads\/2019\/02\/marca_oifuturo.jpg","keywords":["marketing social","Oi Futuro","projeto cultural"],"articleSection":["Not\u00edcias"],"inLanguage":"pt-BR","potentialAction":[{"@type":"CommentAction","name":"Comment","target":["https:\/\/www.cidademarketing.com.br\/marketing\/2019\/02\/19\/oi-e-oi-futuro-abrem-inscricoes-para-programacao-do-centro-cultural-oi-futuro-2019-2020\/#respond"]}]},{"@type":"WebPage","@id":"https:\/\/www.cidademarketing.com.br\/marketing\/2019\/02\/19\/oi-e-oi-futuro-abrem-inscricoes-para-programacao-do-centro-cultural-oi-futuro-2019-2020\/","url":"https:\/\/www.cidademarketing.com.br\/marketing\/2019\/02\/19\/oi-e-oi-futuro-abrem-inscricoes-para-programacao-do-centro-cultural-oi-futuro-2019-2020\/","name":"Oi e Oi Futuro abrem inscri\u00e7\u00f5es para programa\u00e7\u00e3o do Centro Cultural Oi Futuro 2019\/2020 - CidadeMarketing","isPartOf":{"@id":"https:\/\/www.cidademarketing.com.br\/marketing\/#website"},"primaryImageOfPage":{"@id":"https:\/\/www.cidademarketing.com.br\/marketing\/2019\/02\/19\/oi-e-oi-futuro-abrem-inscricoes-para-programacao-do-centro-cultural-oi-futuro-2019-2020\/#primaryimage"},"image":{"@id":"https:\/\/www.cidademarketing.com.br\/marketing\/2019\/02\/19\/oi-e-oi-futuro-abrem-inscricoes-para-programacao-do-centro-cultural-oi-futuro-2019-2020\/#primaryimage"},"thumbnailUrl":"https:\/\/www.cidademarketing.com.br\/marketing\/wp-content\/uploads\/2019\/02\/marca_oifuturo.jpg","datePublished":"2019-02-20T00:09:41+00:00","dateModified":"2019-02-20T00:09:43+00:00","breadcrumb":{"@id":"https:\/\/www.cidademarketing.com.br\/marketing\/2019\/02\/19\/oi-e-oi-futuro-abrem-inscricoes-para-programacao-do-centro-cultural-oi-futuro-2019-2020\/#breadcrumb"},"inLanguage":"pt-BR","potentialAction":[{"@type":"ReadAction","target":["https:\/\/www.cidademarketing.com.br\/marketing\/2019\/02\/19\/oi-e-oi-futuro-abrem-inscricoes-para-programacao-do-centro-cultural-oi-futuro-2019-2020\/"]}]},{"@type":"ImageObject","inLanguage":"pt-BR","@id":"https:\/\/www.cidademarketing.com.br\/marketing\/2019\/02\/19\/oi-e-oi-futuro-abrem-inscricoes-para-programacao-do-centro-cultural-oi-futuro-2019-2020\/#primaryimage","url":"https:\/\/www.cidademarketing.com.br\/marketing\/wp-content\/uploads\/2019\/02\/marca_oifuturo.jpg","contentUrl":"https:\/\/www.cidademarketing.com.br\/marketing\/wp-content\/uploads\/2019\/02\/marca_oifuturo.jpg","width":300,"height":300},{"@type":"BreadcrumbList","@id":"https:\/\/www.cidademarketing.com.br\/marketing\/2019\/02\/19\/oi-e-oi-futuro-abrem-inscricoes-para-programacao-do-centro-cultural-oi-futuro-2019-2020\/#breadcrumb","itemListElement":[{"@type":"ListItem","position":1,"name":"In\u00edcio","item":"https:\/\/www.cidademarketing.com.br\/marketing\/"},{"@type":"ListItem","position":2,"name":"Oi e Oi Futuro abrem inscri\u00e7\u00f5es para programa\u00e7\u00e3o do Centro Cultural Oi Futuro 2019\/2020"}]},{"@type":"WebSite","@id":"https:\/\/www.cidademarketing.com.br\/marketing\/#website","url":"https:\/\/www.cidademarketing.com.br\/marketing\/","name":"CidadeMarketing","description":"Somos um ve\u00edculo de comunica\u00e7\u00e3o de destaque no Brasil, reconhecido por conte\u00fados nos segmentos de marketing, empreendedorismo e inova\u00e7\u00e3o.","publisher":{"@id":"https:\/\/www.cidademarketing.com.br\/marketing\/#organization"},"alternateName":"CidadeMarketing","potentialAction":[{"@type":"SearchAction","target":{"@type":"EntryPoint","urlTemplate":"https:\/\/www.cidademarketing.com.br\/marketing\/?s={search_term_string}"},"query-input":{"@type":"PropertyValueSpecification","valueRequired":true,"valueName":"search_term_string"}}],"inLanguage":"pt-BR"},{"@type":"Organization","@id":"https:\/\/www.cidademarketing.com.br\/marketing\/#organization","name":"CidadeMarketing","alternateName":"CidadeMarketing","url":"https:\/\/www.cidademarketing.com.br\/marketing\/","logo":{"@type":"ImageObject","inLanguage":"pt-BR","@id":"https:\/\/www.cidademarketing.com.br\/marketing\/#\/schema\/logo\/image\/","url":"https:\/\/www.cidademarketing.com.br\/marketing\/wp-content\/uploads\/2020\/01\/cidademarketing_marca_mobile.png","contentUrl":"https:\/\/www.cidademarketing.com.br\/marketing\/wp-content\/uploads\/2020\/01\/cidademarketing_marca_mobile.png","width":230,"height":92,"caption":"CidadeMarketing"},"image":{"@id":"https:\/\/www.cidademarketing.com.br\/marketing\/#\/schema\/logo\/image\/"},"sameAs":["https:\/\/www.facebook.com\/portalcidademarketing","https:\/\/x.com\/CidadeMarketing","https:\/\/www.instagram.com\/cidademarketing\/"]},{"@type":"Person","@id":"https:\/\/www.cidademarketing.com.br\/marketing\/#\/schema\/person\/02daff9f18bd9378c9e01eb6b2db155f","name":"Thales Brand\u00e3o","image":{"@type":"ImageObject","inLanguage":"pt-BR","@id":"https:\/\/secure.gravatar.com\/avatar\/7ca3206950207cc3cb48feec56a8a7898741ab725c368d99d5d7a5a50aab80c6?s=96&d=mm&r=g","url":"https:\/\/secure.gravatar.com\/avatar\/7ca3206950207cc3cb48feec56a8a7898741ab725c368d99d5d7a5a50aab80c6?s=96&d=mm&r=g","contentUrl":"https:\/\/secure.gravatar.com\/avatar\/7ca3206950207cc3cb48feec56a8a7898741ab725c368d99d5d7a5a50aab80c6?s=96&d=mm&r=g","caption":"Thales Brand\u00e3o"},"description":"Editor Executivo do Portal CidadeMarketing.com.br &gt; Mestre em Comunica\u00e7\u00e3o e Sociedade pela Universidade Federal de Sergipe. Possui MBA Executivo em Administra\u00e7\u00e3o com \u00eanfase em Marketing pela Funda\u00e7\u00e3o Get\u00falio Vargas - Rio de Janeiro. Consultor, Palestrante e Pesquisador sobre Empreendedorismo, Marketing, Redes Sociais e Neg\u00f3cios Digitais. Professor, Palestrante TedxTalks e Campus Party. Twitter: @ThalesBrandao","sameAs":["http:\/\/www.mandacaru.com.br","https:\/\/www.facebook.com\/thalesbrandao","http:\/\/www.instagram.com.br\/thalesbrandaoferreira","https:\/\/www.linkedin.com\/in\/thales-brand\u00e3o-3948609\/","https:\/\/x.com\/http:\/\/www.twitter.com\/thalesbrandao"],"url":"https:\/\/www.cidademarketing.com.br\/marketing\/author\/thalesbrandao\/"}]}},"amp_enabled":true,"_links":{"self":[{"href":"https:\/\/www.cidademarketing.com.br\/marketing\/wp-json\/wp\/v2\/posts\/6459","targetHints":{"allow":["GET"]}}],"collection":[{"href":"https:\/\/www.cidademarketing.com.br\/marketing\/wp-json\/wp\/v2\/posts"}],"about":[{"href":"https:\/\/www.cidademarketing.com.br\/marketing\/wp-json\/wp\/v2\/types\/post"}],"author":[{"embeddable":true,"href":"https:\/\/www.cidademarketing.com.br\/marketing\/wp-json\/wp\/v2\/users\/1"}],"replies":[{"embeddable":true,"href":"https:\/\/www.cidademarketing.com.br\/marketing\/wp-json\/wp\/v2\/comments?post=6459"}],"version-history":[{"count":1,"href":"https:\/\/www.cidademarketing.com.br\/marketing\/wp-json\/wp\/v2\/posts\/6459\/revisions"}],"predecessor-version":[{"id":6461,"href":"https:\/\/www.cidademarketing.com.br\/marketing\/wp-json\/wp\/v2\/posts\/6459\/revisions\/6461"}],"wp:featuredmedia":[{"embeddable":true,"href":"https:\/\/www.cidademarketing.com.br\/marketing\/wp-json\/wp\/v2\/media\/6460"}],"wp:attachment":[{"href":"https:\/\/www.cidademarketing.com.br\/marketing\/wp-json\/wp\/v2\/media?parent=6459"}],"wp:term":[{"taxonomy":"category","embeddable":true,"href":"https:\/\/www.cidademarketing.com.br\/marketing\/wp-json\/wp\/v2\/categories?post=6459"},{"taxonomy":"post_tag","embeddable":true,"href":"https:\/\/www.cidademarketing.com.br\/marketing\/wp-json\/wp\/v2\/tags?post=6459"}],"curies":[{"name":"wp","href":"https:\/\/api.w.org\/{rel}","templated":true}]}}