{"id":6455,"date":"2019-02-19T20:55:01","date_gmt":"2019-02-19T23:55:01","guid":{"rendered":"http:\/\/www.cidademarketing.com.br\/marketing\/?p=6455"},"modified":"2019-02-19T20:56:33","modified_gmt":"2019-02-19T23:56:33","slug":"presidentes-de-tres-federacoes-das-industrias-e-da-cni-sao-detidos-acusados-de-fraudes-delegada-diz-que-leis-sobre-prestacao-de-contas-do-sistema-s-sao-frageis","status":"publish","type":"post","link":"https:\/\/www.cidademarketing.com.br\/marketing\/2019\/02\/19\/presidentes-de-tres-federacoes-das-industrias-e-da-cni-sao-detidos-acusados-de-fraudes-delegada-diz-que-leis-sobre-prestacao-de-contas-do-sistema-s-sao-frageis\/","title":{"rendered":"Presidentes de tr\u00eas federa\u00e7\u00f5es das Ind\u00fastrias e da CNI s\u00e3o detidos acusados de fraudes; Delegada diz que leis sobre presta\u00e7\u00e3o de contas do Sistema S s\u00e3o fr\u00e1geis"},"content":{"rendered":"\n<p>Os presidentes das federa\u00e7\u00f5es das Ind\u00fastrias de Alagoas (Fiea), da Para\u00edba (Fiep) e de Pernambuco (Fiepe) foram presos hoje (19) em Bras\u00edlia. Jos\u00e9 Carlos Lyra de Andrade (Alagoas), Francisco de Assis Benevides Gadelha (Para\u00edba) e Ricardo Essinger (Pernambuco) s\u00e3o alvo da Opera\u00e7\u00e3o Fantoche, deflagrada pela Pol\u00edcia Federal (PF), em parceria com o Tribunal de Contas da Uni\u00e3o (TCU).<\/p>\n\n\n\n<p>Na mesma opera\u00e7\u00e3o, foi preso o\u00a0presidente da Confedera\u00e7\u00e3o Nacional da Ind\u00fastria (CNI), Robson Andrade,\u00a0al\u00e9m de seis investigados cujos nomes ainda n\u00e3o foram confirmados. Todos os 10, detidos em car\u00e1ter tempor\u00e1rio, s\u00e3o suspeitos de integrar uma organiza\u00e7\u00e3o criminosa acusada de fraudar conv\u00eanios do Minist\u00e9rio do Turismo com entidades do Sistema S (Sesi, Senai, Sesc, Sebrae).<\/p>\n\n\n\n<p>Al\u00e9m dos 10 mandados de pris\u00e3o tempor\u00e1ria, 40 mandados de busca e apreens\u00e3o autorizados pela 4\u00aa Vara Federal da Se\u00e7\u00e3o Judici\u00e1ria de Pernambuco est\u00e3o sendo cumpridos nos estados de Pernambuco, Minas Gerais, S\u00e3o Paulo, da Para\u00edba, de Mato Grosso do Sul e Alagoas e no Distrito Federal.<\/p>\n\n\n\n<p>Robson Andrade, Lyra de Andrade, Gadelha e Essinger foram detidos em Bras\u00edlia, onde participariam da reuni\u00e3o mensal da CNI. Em notas, cuja reda\u00e7\u00e3o \u00e9 id\u00eantica, a CNI e as federa\u00e7\u00f5es afirmam que os dirigentes das entidades est\u00e3o prestando depoimento \u00e0 PF, na capital federal.<\/p>\n\n\n\n<p>A Federa\u00e7\u00e3o das Ind\u00fastrias de Pernambuco diz ainda que todos os conv\u00eanios assinados pela entidade \u201catendem, criteriosamente, \u00e0s exig\u00eancias licitat\u00f3rias previstas em lei\u201d e que est\u00e1 \u00e0 disposi\u00e7\u00e3o para colaborar com as autoridades respons\u00e1veis pela investiga\u00e7\u00e3o. A Federa\u00e7\u00e3o das Ind\u00fastrias de Alagoas argumenta que n\u00e3o teve acesso \u00e0 investiga\u00e7\u00e3o e afirma acreditar que \u201ctudo ser\u00e1 esclarecido\u201d.<\/p>\n\n\n\n<p>De acordo com a PF, o grupo atua desde 2002 e pode j\u00e1 ter movimentado mais de R$ 400 milh\u00f5es. O dinheiro era movimentado por meio de contratos e conv\u00eanios que entidades de direito privado, sem fins lucrativos, assinavam com o Minist\u00e9rio do Turismo e com unidades do Sistema S. A maior parte dos contratos previa a execu\u00e7\u00e3o de eventos culturais e de publicidade. Superfaturados, n\u00e3o eram integralmente executados e os valores desviados eram destinados a empresas controlados por uma mesma fam\u00edlia \u2013 cujo nome n\u00e3o foi revelado.<\/p>\n\n\n\n<p>Em nota, o Minist\u00e9rio do Turismo informou que j\u00e1 tinha determinado uma auditoria completa em todos os instrumentos de repasse antes mesmo de tomar conhecimento da investiga\u00e7\u00e3o da PF. A auditagem resultou no cancelamento de um contrato no valor de R$ 1 milh\u00e3o.<br><br>\u201cO Minist\u00e9rio do Turismo, que n\u00e3o \u00e9 alvo das buscas e apreens\u00f5es da Opera\u00e7\u00e3o Fantoche, est\u00e1 totalmente \u00e0 disposi\u00e7\u00e3o para colaborar com a investiga\u00e7\u00e3o\u201d, diz a pasta, destacando n\u00e3o ter firmado nenhum novo conv\u00eanio este ano. \u201cTodos os conv\u00eanios investigados pela Pol\u00edcia Federal s\u00e3o das gest\u00f5es dos presidentes petistas Lula e Dilma Rousseff\u201d, diz o texto.<\/p>\n\n\n\n<h1 class=\"wp-block-heading\">Leis sobre presta\u00e7\u00e3o de contas do Sistema S s\u00e3o fr\u00e1geis, diz delegada<\/h1>\n\n\n\n<p>A delegada da Pol\u00edcia Federal (PF), Heloisa Albuquerque, disse haver uma \u201cfragilidade\u201d na legisla\u00e7\u00e3o que trata da presta\u00e7\u00e3o de contas pelas chamadas paraestatais \u2013 entidades que prestam servi\u00e7os de interesse p\u00fablico sem integrar a estrutura da Administra\u00e7\u00e3o P\u00fablica, a exemplo das institui\u00e7\u00f5es sociais que integram o chamado Sistema S (Sesi, Senai, Sesc, Senac, Sebrae, Senar, Sescoop, Sest, Senat).<\/p>\n\n\n\n<p>\u201cUma destas fragilidades \u00e9 o fato de tudo ser feito com base em atos declarat\u00f3rios\u201d, disse a delegada ao detalhar a jornalistas os ind\u00edcios que levaram a\u00a0decreta\u00e7\u00e3o da pris\u00e3o tempor\u00e1ria\u00a0do presidente da Confedera\u00e7\u00e3o Nacional da Ind\u00fastria (CNI), Robson Andrade, e das federa\u00e7\u00f5es das Ind\u00fastrias de Alagoas (Fiea), da Para\u00edba (Fiep) e de Pernambuco (Fiepe).<\/p>\n\n\n\n<p>Respons\u00e1vel por conduzir as investiga\u00e7\u00f5es que apuram as suspeitas de fraudes em conv\u00eanios do Minist\u00e9rio do Turismo com entidades do Sistema S, a delegada federal disse que, embora obrigadas a prestar contas da forma como gastam os recursos p\u00fablicos provenientes de contribui\u00e7\u00f5es compuls\u00f3ria, as entidades paraestatais n\u00e3o est\u00e3o sujeitas ao mesmo rigor da Administra\u00e7\u00e3o P\u00fablica Direta ou Indireta.<\/p>\n\n\n\n<p>\u201cNo caso do Sistema S, a obrigatoriedade que existe \u00e9, meramente, apresentar um relat\u00f3rio de gest\u00e3o. O setor p\u00fablico tem o Siafi [Sistema Integrado de Administra\u00e7\u00e3o Financeira], onde todo pagamento \u00e9 registrado e os \u00f3rg\u00e3os de controle t\u00eam acesso. No caso do Sistema S n\u00e3o. Eles t\u00eam um sistema pr\u00f3prio que eles pr\u00f3prios alimentam. N\u00e3o h\u00e1, portanto, a possibilidade de um \u00f3rg\u00e3o de controle fazer uma auditoria\u201d, explicou a delegada.<\/p>\n\n\n\n<h2 class=\"wp-block-heading\">Preju\u00edzo potencial<\/h2>\n\n\n\n<p>Segundo Heloisa, em virtude desses fatos, os investigadores ainda n\u00e3o sabem o potencial preju\u00edzo causado pelo suposto esquema investigada pela Opera\u00e7\u00e3o Fantoche. A estimativa \u00e9 que ao menos R$ 40 milh\u00f5es foram desviados a partir de 2002. Os principais elementos probat\u00f3rios, at\u00e9 o momento, s\u00e3o as notas fiscais apresentadas pelas empresas sob investiga\u00e7\u00e3o, a movimenta\u00e7\u00e3o financeira dos envolvidos e dilig\u00eancias de campo que, de acordo com a delegada, indicam que parte das empresas subcontratadas n\u00e3o passam de empreendimentos fantasmas.<\/p>\n\n\n\n<p>\u201cMuitos documentos n\u00f3s ainda n\u00e3o conseguimos obter. Da\u00ed a import\u00e2ncia das buscas [de documentos feitas hoje]. Ser\u00e1 importante analisar a documenta\u00e7\u00e3o apreendida hoje para calcularmos os reais preju\u00edzos\u201d, disse Heloisa Albuquerque, insistindo em classificar a situa\u00e7\u00e3o como \u201cuma fragilidade\u201d n\u00e3o levada em conta quando a legisla\u00e7\u00e3o das paraestatais foi elaborada.<\/p>\n\n\n\n<h2 class=\"wp-block-heading\">Participa\u00e7\u00e3o das Oscip<\/h2>\n\n\n\n<p>De acordo com a delegada, outra dificuldade para as investiga\u00e7\u00f5es \u00e9 a participa\u00e7\u00e3o de organiza\u00e7\u00f5es da sociedade civil de interesse p\u00fablico (Oscip) no suposto esquema. De acordo com a PF, o grupo investigado fraudava conv\u00eanios para a realiza\u00e7\u00e3o de eventos culturais que o Minist\u00e9rio do Turismo assinava com as unidades do Sistema S por meio de Oscips. Heloisa disse que estas organiza\u00e7\u00f5es \u201ct\u00eam mais flexibilidade para ser contratadas\u201d e, por isso, serviam de fachada para o grupo de empresas controladas por uma mesma fam\u00edlia e que s\u00e3o o principal alvo das investiga\u00e7\u00f5es.<\/p>\n\n\n\n<p>A delegada explicou que estas organiza\u00e7\u00f5es ficavam com entre 2% e 10% do valor total do conv\u00eanio e, em alguns casos, pagavam alguns servi\u00e7os contratados de empresas id\u00f4neas que n\u00e3o tinham conhecimento do esquema. Os valores restantes eram repassados para os idealizadores do esquema.<\/p>\n\n\n\n<p>\u201cOs entes do Terceiro Setor n\u00e3o s\u00e3o obrigados a licitar. Eles t\u00eam que fazer uma cota\u00e7\u00e3o de pre\u00e7os \u2013 neste caso, nem isso era feito. Legalmente, eles n\u00e3o t\u00eam o dever legal de licitar e, portanto, n\u00e3o est\u00e3o submetidos \u00e0 Lei de Licita\u00e7\u00f5es\u201d, disse a delegada, acrescentando que, em alguns casos, licita\u00e7\u00f5es foram realizadas apenas para dar \u201cum aspecto de lisura\u201d a pr\u00e1ticas il\u00edcitas. \u201cObservamos tratar-se de uma falsa concorr\u00eancia.\u201d<\/p>\n\n\n\n<p><strong>CidadeMarketing com informa\u00e7\u00f5es da EBC.<\/strong><\/p>\n","protected":false},"excerpt":{"rendered":"<p>Os presidentes das federa\u00e7\u00f5es das Ind\u00fastrias de Alagoas (Fiea), da Para\u00edba (Fiep) e de Pernambuco (Fiepe) foram presos hoje (19) em Bras\u00edlia. Jos\u00e9 Carlos Lyra de Andrade (Alagoas), Francisco de Assis Benevides Gadelha (Para\u00edba) e Ricardo Essinger (Pernambuco) s\u00e3o alvo da Opera\u00e7\u00e3o Fantoche, deflagrada pela Pol\u00edcia Federal (PF), em parceria com o Tribunal de Contas [&hellip;]<\/p>\n","protected":false},"author":1,"featured_media":6456,"comment_status":"open","ping_status":"open","sticky":false,"template":"","format":"standard","meta":{"tdm_status":"","tdm_grid_status":"","footnotes":""},"categories":[6],"tags":[147,664,28],"class_list":["post-6455","post","type-post","status-publish","format-standard","has-post-thumbnail","hentry","category-noticias","tag-brasil","tag-cni","tag-marketing"],"yoast_head":"<!-- This site is optimized with the Yoast SEO plugin v27.5 - https:\/\/yoast.com\/product\/yoast-seo-wordpress\/ -->\n<title>Presidentes de tr\u00eas federa\u00e7\u00f5es das Ind\u00fastrias e da CNI s\u00e3o detidos acusados de fraudes; Delegada diz que leis sobre presta\u00e7\u00e3o de contas do Sistema S s\u00e3o fr\u00e1geis - CidadeMarketing<\/title>\n<meta name=\"robots\" content=\"index, follow, max-snippet:-1, max-image-preview:large, max-video-preview:-1\" \/>\n<link rel=\"canonical\" href=\"https:\/\/www.cidademarketing.com.br\/marketing\/2019\/02\/19\/presidentes-de-tres-federacoes-das-industrias-e-da-cni-sao-detidos-acusados-de-fraudes-delegada-diz-que-leis-sobre-prestacao-de-contas-do-sistema-s-sao-frageis\/\" \/>\n<meta property=\"og:locale\" content=\"pt_BR\" \/>\n<meta property=\"og:type\" content=\"article\" \/>\n<meta property=\"og:title\" content=\"Presidentes de tr\u00eas federa\u00e7\u00f5es das Ind\u00fastrias e da CNI s\u00e3o detidos acusados de fraudes; Delegada diz que leis sobre presta\u00e7\u00e3o de contas do Sistema S s\u00e3o fr\u00e1geis - CidadeMarketing\" \/>\n<meta property=\"og:description\" content=\"Os presidentes das federa\u00e7\u00f5es das Ind\u00fastrias de Alagoas (Fiea), da Para\u00edba (Fiep) e de Pernambuco (Fiepe) foram presos hoje (19) em Bras\u00edlia. Jos\u00e9 Carlos Lyra de Andrade (Alagoas), Francisco de Assis Benevides Gadelha (Para\u00edba) e Ricardo Essinger (Pernambuco) s\u00e3o alvo da Opera\u00e7\u00e3o Fantoche, deflagrada pela Pol\u00edcia Federal (PF), em parceria com o Tribunal de Contas [&hellip;]\" \/>\n<meta property=\"og:url\" content=\"https:\/\/www.cidademarketing.com.br\/marketing\/2019\/02\/19\/presidentes-de-tres-federacoes-das-industrias-e-da-cni-sao-detidos-acusados-de-fraudes-delegada-diz-que-leis-sobre-prestacao-de-contas-do-sistema-s-sao-frageis\/\" \/>\n<meta property=\"og:site_name\" content=\"CidadeMarketing\" \/>\n<meta property=\"article:publisher\" content=\"https:\/\/www.facebook.com\/portalcidademarketing\" \/>\n<meta property=\"article:author\" content=\"https:\/\/www.facebook.com\/thalesbrandao\" \/>\n<meta property=\"article:published_time\" content=\"2019-02-19T23:55:01+00:00\" \/>\n<meta property=\"article:modified_time\" content=\"2019-02-19T23:56:33+00:00\" \/>\n<meta property=\"og:image\" content=\"https:\/\/www.cidademarketing.com.br\/marketing\/wp-content\/uploads\/2019\/02\/cni_sistema_s_fraude.jpg\" \/>\n\t<meta property=\"og:image:width\" content=\"534\" \/>\n\t<meta property=\"og:image:height\" content=\"355\" \/>\n\t<meta property=\"og:image:type\" content=\"image\/jpeg\" \/>\n<meta name=\"author\" content=\"Thales Brand\u00e3o\" \/>\n<meta name=\"twitter:card\" content=\"summary_large_image\" \/>\n<meta name=\"twitter:creator\" content=\"@http:\/\/www.twitter.com\/thalesbrandao\" \/>\n<meta name=\"twitter:site\" content=\"@CidadeMarketing\" \/>\n<meta name=\"twitter:label1\" content=\"Escrito por\" \/>\n\t<meta name=\"twitter:data1\" content=\"Thales Brand\u00e3o\" \/>\n\t<meta name=\"twitter:label2\" content=\"Est. tempo de leitura\" \/>\n\t<meta name=\"twitter:data2\" content=\"6 minutos\" \/>\n<script type=\"application\/ld+json\" class=\"yoast-schema-graph\">{\"@context\":\"https:\\\/\\\/schema.org\",\"@graph\":[{\"@type\":\"Article\",\"@id\":\"https:\\\/\\\/www.cidademarketing.com.br\\\/marketing\\\/2019\\\/02\\\/19\\\/presidentes-de-tres-federacoes-das-industrias-e-da-cni-sao-detidos-acusados-de-fraudes-delegada-diz-que-leis-sobre-prestacao-de-contas-do-sistema-s-sao-frageis\\\/#article\",\"isPartOf\":{\"@id\":\"https:\\\/\\\/www.cidademarketing.com.br\\\/marketing\\\/2019\\\/02\\\/19\\\/presidentes-de-tres-federacoes-das-industrias-e-da-cni-sao-detidos-acusados-de-fraudes-delegada-diz-que-leis-sobre-prestacao-de-contas-do-sistema-s-sao-frageis\\\/\"},\"author\":{\"name\":\"Thales Brand\u00e3o\",\"@id\":\"https:\\\/\\\/www.cidademarketing.com.br\\\/marketing\\\/#\\\/schema\\\/person\\\/02daff9f18bd9378c9e01eb6b2db155f\"},\"headline\":\"Presidentes de tr\u00eas federa\u00e7\u00f5es das Ind\u00fastrias e da CNI s\u00e3o detidos acusados de fraudes; Delegada diz que leis sobre presta\u00e7\u00e3o de contas do Sistema S s\u00e3o fr\u00e1geis\",\"datePublished\":\"2019-02-19T23:55:01+00:00\",\"dateModified\":\"2019-02-19T23:56:33+00:00\",\"mainEntityOfPage\":{\"@id\":\"https:\\\/\\\/www.cidademarketing.com.br\\\/marketing\\\/2019\\\/02\\\/19\\\/presidentes-de-tres-federacoes-das-industrias-e-da-cni-sao-detidos-acusados-de-fraudes-delegada-diz-que-leis-sobre-prestacao-de-contas-do-sistema-s-sao-frageis\\\/\"},\"wordCount\":1219,\"commentCount\":0,\"publisher\":{\"@id\":\"https:\\\/\\\/www.cidademarketing.com.br\\\/marketing\\\/#organization\"},\"image\":{\"@id\":\"https:\\\/\\\/www.cidademarketing.com.br\\\/marketing\\\/2019\\\/02\\\/19\\\/presidentes-de-tres-federacoes-das-industrias-e-da-cni-sao-detidos-acusados-de-fraudes-delegada-diz-que-leis-sobre-prestacao-de-contas-do-sistema-s-sao-frageis\\\/#primaryimage\"},\"thumbnailUrl\":\"https:\\\/\\\/www.cidademarketing.com.br\\\/marketing\\\/wp-content\\\/uploads\\\/2019\\\/02\\\/cni_sistema_s_fraude.jpg\",\"keywords\":[\"Brasil\",\"CNI\",\"marketing\"],\"articleSection\":[\"Not\u00edcias\"],\"inLanguage\":\"pt-BR\",\"potentialAction\":[{\"@type\":\"CommentAction\",\"name\":\"Comment\",\"target\":[\"https:\\\/\\\/www.cidademarketing.com.br\\\/marketing\\\/2019\\\/02\\\/19\\\/presidentes-de-tres-federacoes-das-industrias-e-da-cni-sao-detidos-acusados-de-fraudes-delegada-diz-que-leis-sobre-prestacao-de-contas-do-sistema-s-sao-frageis\\\/#respond\"]}]},{\"@type\":\"WebPage\",\"@id\":\"https:\\\/\\\/www.cidademarketing.com.br\\\/marketing\\\/2019\\\/02\\\/19\\\/presidentes-de-tres-federacoes-das-industrias-e-da-cni-sao-detidos-acusados-de-fraudes-delegada-diz-que-leis-sobre-prestacao-de-contas-do-sistema-s-sao-frageis\\\/\",\"url\":\"https:\\\/\\\/www.cidademarketing.com.br\\\/marketing\\\/2019\\\/02\\\/19\\\/presidentes-de-tres-federacoes-das-industrias-e-da-cni-sao-detidos-acusados-de-fraudes-delegada-diz-que-leis-sobre-prestacao-de-contas-do-sistema-s-sao-frageis\\\/\",\"name\":\"Presidentes de tr\u00eas federa\u00e7\u00f5es das Ind\u00fastrias e da CNI s\u00e3o detidos acusados de fraudes; Delegada diz que leis sobre presta\u00e7\u00e3o de contas do Sistema S s\u00e3o fr\u00e1geis - CidadeMarketing\",\"isPartOf\":{\"@id\":\"https:\\\/\\\/www.cidademarketing.com.br\\\/marketing\\\/#website\"},\"primaryImageOfPage\":{\"@id\":\"https:\\\/\\\/www.cidademarketing.com.br\\\/marketing\\\/2019\\\/02\\\/19\\\/presidentes-de-tres-federacoes-das-industrias-e-da-cni-sao-detidos-acusados-de-fraudes-delegada-diz-que-leis-sobre-prestacao-de-contas-do-sistema-s-sao-frageis\\\/#primaryimage\"},\"image\":{\"@id\":\"https:\\\/\\\/www.cidademarketing.com.br\\\/marketing\\\/2019\\\/02\\\/19\\\/presidentes-de-tres-federacoes-das-industrias-e-da-cni-sao-detidos-acusados-de-fraudes-delegada-diz-que-leis-sobre-prestacao-de-contas-do-sistema-s-sao-frageis\\\/#primaryimage\"},\"thumbnailUrl\":\"https:\\\/\\\/www.cidademarketing.com.br\\\/marketing\\\/wp-content\\\/uploads\\\/2019\\\/02\\\/cni_sistema_s_fraude.jpg\",\"datePublished\":\"2019-02-19T23:55:01+00:00\",\"dateModified\":\"2019-02-19T23:56:33+00:00\",\"breadcrumb\":{\"@id\":\"https:\\\/\\\/www.cidademarketing.com.br\\\/marketing\\\/2019\\\/02\\\/19\\\/presidentes-de-tres-federacoes-das-industrias-e-da-cni-sao-detidos-acusados-de-fraudes-delegada-diz-que-leis-sobre-prestacao-de-contas-do-sistema-s-sao-frageis\\\/#breadcrumb\"},\"inLanguage\":\"pt-BR\",\"potentialAction\":[{\"@type\":\"ReadAction\",\"target\":[\"https:\\\/\\\/www.cidademarketing.com.br\\\/marketing\\\/2019\\\/02\\\/19\\\/presidentes-de-tres-federacoes-das-industrias-e-da-cni-sao-detidos-acusados-de-fraudes-delegada-diz-que-leis-sobre-prestacao-de-contas-do-sistema-s-sao-frageis\\\/\"]}]},{\"@type\":\"ImageObject\",\"inLanguage\":\"pt-BR\",\"@id\":\"https:\\\/\\\/www.cidademarketing.com.br\\\/marketing\\\/2019\\\/02\\\/19\\\/presidentes-de-tres-federacoes-das-industrias-e-da-cni-sao-detidos-acusados-de-fraudes-delegada-diz-que-leis-sobre-prestacao-de-contas-do-sistema-s-sao-frageis\\\/#primaryimage\",\"url\":\"https:\\\/\\\/www.cidademarketing.com.br\\\/marketing\\\/wp-content\\\/uploads\\\/2019\\\/02\\\/cni_sistema_s_fraude.jpg\",\"contentUrl\":\"https:\\\/\\\/www.cidademarketing.com.br\\\/marketing\\\/wp-content\\\/uploads\\\/2019\\\/02\\\/cni_sistema_s_fraude.jpg\",\"width\":534,\"height\":355},{\"@type\":\"BreadcrumbList\",\"@id\":\"https:\\\/\\\/www.cidademarketing.com.br\\\/marketing\\\/2019\\\/02\\\/19\\\/presidentes-de-tres-federacoes-das-industrias-e-da-cni-sao-detidos-acusados-de-fraudes-delegada-diz-que-leis-sobre-prestacao-de-contas-do-sistema-s-sao-frageis\\\/#breadcrumb\",\"itemListElement\":[{\"@type\":\"ListItem\",\"position\":1,\"name\":\"In\u00edcio\",\"item\":\"https:\\\/\\\/www.cidademarketing.com.br\\\/marketing\\\/\"},{\"@type\":\"ListItem\",\"position\":2,\"name\":\"Presidentes de tr\u00eas federa\u00e7\u00f5es das Ind\u00fastrias e da CNI s\u00e3o detidos acusados de fraudes; Delegada diz que leis sobre presta\u00e7\u00e3o de contas do Sistema S s\u00e3o fr\u00e1geis\"}]},{\"@type\":\"WebSite\",\"@id\":\"https:\\\/\\\/www.cidademarketing.com.br\\\/marketing\\\/#website\",\"url\":\"https:\\\/\\\/www.cidademarketing.com.br\\\/marketing\\\/\",\"name\":\"CidadeMarketing\",\"description\":\"Somos um ve\u00edculo de comunica\u00e7\u00e3o de destaque no Brasil, reconhecido por conte\u00fados nos segmentos de marketing, empreendedorismo e inova\u00e7\u00e3o.\",\"publisher\":{\"@id\":\"https:\\\/\\\/www.cidademarketing.com.br\\\/marketing\\\/#organization\"},\"alternateName\":\"CidadeMarketing\",\"potentialAction\":[{\"@type\":\"SearchAction\",\"target\":{\"@type\":\"EntryPoint\",\"urlTemplate\":\"https:\\\/\\\/www.cidademarketing.com.br\\\/marketing\\\/?s={search_term_string}\"},\"query-input\":{\"@type\":\"PropertyValueSpecification\",\"valueRequired\":true,\"valueName\":\"search_term_string\"}}],\"inLanguage\":\"pt-BR\"},{\"@type\":\"Organization\",\"@id\":\"https:\\\/\\\/www.cidademarketing.com.br\\\/marketing\\\/#organization\",\"name\":\"CidadeMarketing\",\"alternateName\":\"CidadeMarketing\",\"url\":\"https:\\\/\\\/www.cidademarketing.com.br\\\/marketing\\\/\",\"logo\":{\"@type\":\"ImageObject\",\"inLanguage\":\"pt-BR\",\"@id\":\"https:\\\/\\\/www.cidademarketing.com.br\\\/marketing\\\/#\\\/schema\\\/logo\\\/image\\\/\",\"url\":\"https:\\\/\\\/www.cidademarketing.com.br\\\/marketing\\\/wp-content\\\/uploads\\\/2020\\\/01\\\/cidademarketing_marca_mobile.png\",\"contentUrl\":\"https:\\\/\\\/www.cidademarketing.com.br\\\/marketing\\\/wp-content\\\/uploads\\\/2020\\\/01\\\/cidademarketing_marca_mobile.png\",\"width\":230,\"height\":92,\"caption\":\"CidadeMarketing\"},\"image\":{\"@id\":\"https:\\\/\\\/www.cidademarketing.com.br\\\/marketing\\\/#\\\/schema\\\/logo\\\/image\\\/\"},\"sameAs\":[\"https:\\\/\\\/www.facebook.com\\\/portalcidademarketing\",\"https:\\\/\\\/x.com\\\/CidadeMarketing\",\"https:\\\/\\\/www.instagram.com\\\/cidademarketing\\\/\"]},{\"@type\":\"Person\",\"@id\":\"https:\\\/\\\/www.cidademarketing.com.br\\\/marketing\\\/#\\\/schema\\\/person\\\/02daff9f18bd9378c9e01eb6b2db155f\",\"name\":\"Thales Brand\u00e3o\",\"image\":{\"@type\":\"ImageObject\",\"inLanguage\":\"pt-BR\",\"@id\":\"https:\\\/\\\/secure.gravatar.com\\\/avatar\\\/7ca3206950207cc3cb48feec56a8a7898741ab725c368d99d5d7a5a50aab80c6?s=96&d=mm&r=g\",\"url\":\"https:\\\/\\\/secure.gravatar.com\\\/avatar\\\/7ca3206950207cc3cb48feec56a8a7898741ab725c368d99d5d7a5a50aab80c6?s=96&d=mm&r=g\",\"contentUrl\":\"https:\\\/\\\/secure.gravatar.com\\\/avatar\\\/7ca3206950207cc3cb48feec56a8a7898741ab725c368d99d5d7a5a50aab80c6?s=96&d=mm&r=g\",\"caption\":\"Thales Brand\u00e3o\"},\"description\":\"Editor Executivo do Portal CidadeMarketing.com.br &gt; Mestre em Comunica\u00e7\u00e3o e Sociedade pela Universidade Federal de Sergipe. Possui MBA Executivo em Administra\u00e7\u00e3o com \u00eanfase em Marketing pela Funda\u00e7\u00e3o Get\u00falio Vargas - Rio de Janeiro. Consultor, Palestrante e Pesquisador sobre Empreendedorismo, Marketing, Redes Sociais e Neg\u00f3cios Digitais. Professor, Palestrante TedxTalks e Campus Party. Twitter: @ThalesBrandao\",\"sameAs\":[\"http:\\\/\\\/www.mandacaru.com.br\",\"https:\\\/\\\/www.facebook.com\\\/thalesbrandao\",\"http:\\\/\\\/www.instagram.com.br\\\/thalesbrandaoferreira\",\"https:\\\/\\\/www.linkedin.com\\\/in\\\/thales-brand\u00e3o-3948609\\\/\",\"https:\\\/\\\/x.com\\\/http:\\\/\\\/www.twitter.com\\\/thalesbrandao\"],\"url\":\"https:\\\/\\\/www.cidademarketing.com.br\\\/marketing\\\/author\\\/thalesbrandao\\\/\"}]}<\/script>\n<!-- \/ Yoast SEO plugin. -->","yoast_head_json":{"title":"Presidentes de tr\u00eas federa\u00e7\u00f5es das Ind\u00fastrias e da CNI s\u00e3o detidos acusados de fraudes; Delegada diz que leis sobre presta\u00e7\u00e3o de contas do Sistema S s\u00e3o fr\u00e1geis - CidadeMarketing","robots":{"index":"index","follow":"follow","max-snippet":"max-snippet:-1","max-image-preview":"max-image-preview:large","max-video-preview":"max-video-preview:-1"},"canonical":"https:\/\/www.cidademarketing.com.br\/marketing\/2019\/02\/19\/presidentes-de-tres-federacoes-das-industrias-e-da-cni-sao-detidos-acusados-de-fraudes-delegada-diz-que-leis-sobre-prestacao-de-contas-do-sistema-s-sao-frageis\/","og_locale":"pt_BR","og_type":"article","og_title":"Presidentes de tr\u00eas federa\u00e7\u00f5es das Ind\u00fastrias e da CNI s\u00e3o detidos acusados de fraudes; Delegada diz que leis sobre presta\u00e7\u00e3o de contas do Sistema S s\u00e3o fr\u00e1geis - CidadeMarketing","og_description":"Os presidentes das federa\u00e7\u00f5es das Ind\u00fastrias de Alagoas (Fiea), da Para\u00edba (Fiep) e de Pernambuco (Fiepe) foram presos hoje (19) em Bras\u00edlia. Jos\u00e9 Carlos Lyra de Andrade (Alagoas), Francisco de Assis Benevides Gadelha (Para\u00edba) e Ricardo Essinger (Pernambuco) s\u00e3o alvo da Opera\u00e7\u00e3o Fantoche, deflagrada pela Pol\u00edcia Federal (PF), em parceria com o Tribunal de Contas [&hellip;]","og_url":"https:\/\/www.cidademarketing.com.br\/marketing\/2019\/02\/19\/presidentes-de-tres-federacoes-das-industrias-e-da-cni-sao-detidos-acusados-de-fraudes-delegada-diz-que-leis-sobre-prestacao-de-contas-do-sistema-s-sao-frageis\/","og_site_name":"CidadeMarketing","article_publisher":"https:\/\/www.facebook.com\/portalcidademarketing","article_author":"https:\/\/www.facebook.com\/thalesbrandao","article_published_time":"2019-02-19T23:55:01+00:00","article_modified_time":"2019-02-19T23:56:33+00:00","og_image":[{"width":534,"height":355,"url":"https:\/\/www.cidademarketing.com.br\/marketing\/wp-content\/uploads\/2019\/02\/cni_sistema_s_fraude.jpg","type":"image\/jpeg"}],"author":"Thales Brand\u00e3o","twitter_card":"summary_large_image","twitter_creator":"@http:\/\/www.twitter.com\/thalesbrandao","twitter_site":"@CidadeMarketing","twitter_misc":{"Escrito por":"Thales Brand\u00e3o","Est. tempo de leitura":"6 minutos"},"schema":{"@context":"https:\/\/schema.org","@graph":[{"@type":"Article","@id":"https:\/\/www.cidademarketing.com.br\/marketing\/2019\/02\/19\/presidentes-de-tres-federacoes-das-industrias-e-da-cni-sao-detidos-acusados-de-fraudes-delegada-diz-que-leis-sobre-prestacao-de-contas-do-sistema-s-sao-frageis\/#article","isPartOf":{"@id":"https:\/\/www.cidademarketing.com.br\/marketing\/2019\/02\/19\/presidentes-de-tres-federacoes-das-industrias-e-da-cni-sao-detidos-acusados-de-fraudes-delegada-diz-que-leis-sobre-prestacao-de-contas-do-sistema-s-sao-frageis\/"},"author":{"name":"Thales Brand\u00e3o","@id":"https:\/\/www.cidademarketing.com.br\/marketing\/#\/schema\/person\/02daff9f18bd9378c9e01eb6b2db155f"},"headline":"Presidentes de tr\u00eas federa\u00e7\u00f5es das Ind\u00fastrias e da CNI s\u00e3o detidos acusados de fraudes; Delegada diz que leis sobre presta\u00e7\u00e3o de contas do Sistema S s\u00e3o fr\u00e1geis","datePublished":"2019-02-19T23:55:01+00:00","dateModified":"2019-02-19T23:56:33+00:00","mainEntityOfPage":{"@id":"https:\/\/www.cidademarketing.com.br\/marketing\/2019\/02\/19\/presidentes-de-tres-federacoes-das-industrias-e-da-cni-sao-detidos-acusados-de-fraudes-delegada-diz-que-leis-sobre-prestacao-de-contas-do-sistema-s-sao-frageis\/"},"wordCount":1219,"commentCount":0,"publisher":{"@id":"https:\/\/www.cidademarketing.com.br\/marketing\/#organization"},"image":{"@id":"https:\/\/www.cidademarketing.com.br\/marketing\/2019\/02\/19\/presidentes-de-tres-federacoes-das-industrias-e-da-cni-sao-detidos-acusados-de-fraudes-delegada-diz-que-leis-sobre-prestacao-de-contas-do-sistema-s-sao-frageis\/#primaryimage"},"thumbnailUrl":"https:\/\/www.cidademarketing.com.br\/marketing\/wp-content\/uploads\/2019\/02\/cni_sistema_s_fraude.jpg","keywords":["Brasil","CNI","marketing"],"articleSection":["Not\u00edcias"],"inLanguage":"pt-BR","potentialAction":[{"@type":"CommentAction","name":"Comment","target":["https:\/\/www.cidademarketing.com.br\/marketing\/2019\/02\/19\/presidentes-de-tres-federacoes-das-industrias-e-da-cni-sao-detidos-acusados-de-fraudes-delegada-diz-que-leis-sobre-prestacao-de-contas-do-sistema-s-sao-frageis\/#respond"]}]},{"@type":"WebPage","@id":"https:\/\/www.cidademarketing.com.br\/marketing\/2019\/02\/19\/presidentes-de-tres-federacoes-das-industrias-e-da-cni-sao-detidos-acusados-de-fraudes-delegada-diz-que-leis-sobre-prestacao-de-contas-do-sistema-s-sao-frageis\/","url":"https:\/\/www.cidademarketing.com.br\/marketing\/2019\/02\/19\/presidentes-de-tres-federacoes-das-industrias-e-da-cni-sao-detidos-acusados-de-fraudes-delegada-diz-que-leis-sobre-prestacao-de-contas-do-sistema-s-sao-frageis\/","name":"Presidentes de tr\u00eas federa\u00e7\u00f5es das Ind\u00fastrias e da CNI s\u00e3o detidos acusados de fraudes; Delegada diz que leis sobre presta\u00e7\u00e3o de contas do Sistema S s\u00e3o fr\u00e1geis - CidadeMarketing","isPartOf":{"@id":"https:\/\/www.cidademarketing.com.br\/marketing\/#website"},"primaryImageOfPage":{"@id":"https:\/\/www.cidademarketing.com.br\/marketing\/2019\/02\/19\/presidentes-de-tres-federacoes-das-industrias-e-da-cni-sao-detidos-acusados-de-fraudes-delegada-diz-que-leis-sobre-prestacao-de-contas-do-sistema-s-sao-frageis\/#primaryimage"},"image":{"@id":"https:\/\/www.cidademarketing.com.br\/marketing\/2019\/02\/19\/presidentes-de-tres-federacoes-das-industrias-e-da-cni-sao-detidos-acusados-de-fraudes-delegada-diz-que-leis-sobre-prestacao-de-contas-do-sistema-s-sao-frageis\/#primaryimage"},"thumbnailUrl":"https:\/\/www.cidademarketing.com.br\/marketing\/wp-content\/uploads\/2019\/02\/cni_sistema_s_fraude.jpg","datePublished":"2019-02-19T23:55:01+00:00","dateModified":"2019-02-19T23:56:33+00:00","breadcrumb":{"@id":"https:\/\/www.cidademarketing.com.br\/marketing\/2019\/02\/19\/presidentes-de-tres-federacoes-das-industrias-e-da-cni-sao-detidos-acusados-de-fraudes-delegada-diz-que-leis-sobre-prestacao-de-contas-do-sistema-s-sao-frageis\/#breadcrumb"},"inLanguage":"pt-BR","potentialAction":[{"@type":"ReadAction","target":["https:\/\/www.cidademarketing.com.br\/marketing\/2019\/02\/19\/presidentes-de-tres-federacoes-das-industrias-e-da-cni-sao-detidos-acusados-de-fraudes-delegada-diz-que-leis-sobre-prestacao-de-contas-do-sistema-s-sao-frageis\/"]}]},{"@type":"ImageObject","inLanguage":"pt-BR","@id":"https:\/\/www.cidademarketing.com.br\/marketing\/2019\/02\/19\/presidentes-de-tres-federacoes-das-industrias-e-da-cni-sao-detidos-acusados-de-fraudes-delegada-diz-que-leis-sobre-prestacao-de-contas-do-sistema-s-sao-frageis\/#primaryimage","url":"https:\/\/www.cidademarketing.com.br\/marketing\/wp-content\/uploads\/2019\/02\/cni_sistema_s_fraude.jpg","contentUrl":"https:\/\/www.cidademarketing.com.br\/marketing\/wp-content\/uploads\/2019\/02\/cni_sistema_s_fraude.jpg","width":534,"height":355},{"@type":"BreadcrumbList","@id":"https:\/\/www.cidademarketing.com.br\/marketing\/2019\/02\/19\/presidentes-de-tres-federacoes-das-industrias-e-da-cni-sao-detidos-acusados-de-fraudes-delegada-diz-que-leis-sobre-prestacao-de-contas-do-sistema-s-sao-frageis\/#breadcrumb","itemListElement":[{"@type":"ListItem","position":1,"name":"In\u00edcio","item":"https:\/\/www.cidademarketing.com.br\/marketing\/"},{"@type":"ListItem","position":2,"name":"Presidentes de tr\u00eas federa\u00e7\u00f5es das Ind\u00fastrias e da CNI s\u00e3o detidos acusados de fraudes; Delegada diz que leis sobre presta\u00e7\u00e3o de contas do Sistema S s\u00e3o fr\u00e1geis"}]},{"@type":"WebSite","@id":"https:\/\/www.cidademarketing.com.br\/marketing\/#website","url":"https:\/\/www.cidademarketing.com.br\/marketing\/","name":"CidadeMarketing","description":"Somos um ve\u00edculo de comunica\u00e7\u00e3o de destaque no Brasil, reconhecido por conte\u00fados nos segmentos de marketing, empreendedorismo e inova\u00e7\u00e3o.","publisher":{"@id":"https:\/\/www.cidademarketing.com.br\/marketing\/#organization"},"alternateName":"CidadeMarketing","potentialAction":[{"@type":"SearchAction","target":{"@type":"EntryPoint","urlTemplate":"https:\/\/www.cidademarketing.com.br\/marketing\/?s={search_term_string}"},"query-input":{"@type":"PropertyValueSpecification","valueRequired":true,"valueName":"search_term_string"}}],"inLanguage":"pt-BR"},{"@type":"Organization","@id":"https:\/\/www.cidademarketing.com.br\/marketing\/#organization","name":"CidadeMarketing","alternateName":"CidadeMarketing","url":"https:\/\/www.cidademarketing.com.br\/marketing\/","logo":{"@type":"ImageObject","inLanguage":"pt-BR","@id":"https:\/\/www.cidademarketing.com.br\/marketing\/#\/schema\/logo\/image\/","url":"https:\/\/www.cidademarketing.com.br\/marketing\/wp-content\/uploads\/2020\/01\/cidademarketing_marca_mobile.png","contentUrl":"https:\/\/www.cidademarketing.com.br\/marketing\/wp-content\/uploads\/2020\/01\/cidademarketing_marca_mobile.png","width":230,"height":92,"caption":"CidadeMarketing"},"image":{"@id":"https:\/\/www.cidademarketing.com.br\/marketing\/#\/schema\/logo\/image\/"},"sameAs":["https:\/\/www.facebook.com\/portalcidademarketing","https:\/\/x.com\/CidadeMarketing","https:\/\/www.instagram.com\/cidademarketing\/"]},{"@type":"Person","@id":"https:\/\/www.cidademarketing.com.br\/marketing\/#\/schema\/person\/02daff9f18bd9378c9e01eb6b2db155f","name":"Thales Brand\u00e3o","image":{"@type":"ImageObject","inLanguage":"pt-BR","@id":"https:\/\/secure.gravatar.com\/avatar\/7ca3206950207cc3cb48feec56a8a7898741ab725c368d99d5d7a5a50aab80c6?s=96&d=mm&r=g","url":"https:\/\/secure.gravatar.com\/avatar\/7ca3206950207cc3cb48feec56a8a7898741ab725c368d99d5d7a5a50aab80c6?s=96&d=mm&r=g","contentUrl":"https:\/\/secure.gravatar.com\/avatar\/7ca3206950207cc3cb48feec56a8a7898741ab725c368d99d5d7a5a50aab80c6?s=96&d=mm&r=g","caption":"Thales Brand\u00e3o"},"description":"Editor Executivo do Portal CidadeMarketing.com.br &gt; Mestre em Comunica\u00e7\u00e3o e Sociedade pela Universidade Federal de Sergipe. Possui MBA Executivo em Administra\u00e7\u00e3o com \u00eanfase em Marketing pela Funda\u00e7\u00e3o Get\u00falio Vargas - Rio de Janeiro. Consultor, Palestrante e Pesquisador sobre Empreendedorismo, Marketing, Redes Sociais e Neg\u00f3cios Digitais. Professor, Palestrante TedxTalks e Campus Party. Twitter: @ThalesBrandao","sameAs":["http:\/\/www.mandacaru.com.br","https:\/\/www.facebook.com\/thalesbrandao","http:\/\/www.instagram.com.br\/thalesbrandaoferreira","https:\/\/www.linkedin.com\/in\/thales-brand\u00e3o-3948609\/","https:\/\/x.com\/http:\/\/www.twitter.com\/thalesbrandao"],"url":"https:\/\/www.cidademarketing.com.br\/marketing\/author\/thalesbrandao\/"}]}},"amp_enabled":true,"_links":{"self":[{"href":"https:\/\/www.cidademarketing.com.br\/marketing\/wp-json\/wp\/v2\/posts\/6455","targetHints":{"allow":["GET"]}}],"collection":[{"href":"https:\/\/www.cidademarketing.com.br\/marketing\/wp-json\/wp\/v2\/posts"}],"about":[{"href":"https:\/\/www.cidademarketing.com.br\/marketing\/wp-json\/wp\/v2\/types\/post"}],"author":[{"embeddable":true,"href":"https:\/\/www.cidademarketing.com.br\/marketing\/wp-json\/wp\/v2\/users\/1"}],"replies":[{"embeddable":true,"href":"https:\/\/www.cidademarketing.com.br\/marketing\/wp-json\/wp\/v2\/comments?post=6455"}],"version-history":[{"count":2,"href":"https:\/\/www.cidademarketing.com.br\/marketing\/wp-json\/wp\/v2\/posts\/6455\/revisions"}],"predecessor-version":[{"id":6458,"href":"https:\/\/www.cidademarketing.com.br\/marketing\/wp-json\/wp\/v2\/posts\/6455\/revisions\/6458"}],"wp:featuredmedia":[{"embeddable":true,"href":"https:\/\/www.cidademarketing.com.br\/marketing\/wp-json\/wp\/v2\/media\/6456"}],"wp:attachment":[{"href":"https:\/\/www.cidademarketing.com.br\/marketing\/wp-json\/wp\/v2\/media?parent=6455"}],"wp:term":[{"taxonomy":"category","embeddable":true,"href":"https:\/\/www.cidademarketing.com.br\/marketing\/wp-json\/wp\/v2\/categories?post=6455"},{"taxonomy":"post_tag","embeddable":true,"href":"https:\/\/www.cidademarketing.com.br\/marketing\/wp-json\/wp\/v2\/tags?post=6455"}],"curies":[{"name":"wp","href":"https:\/\/api.w.org\/{rel}","templated":true}]}}