{"id":6357,"date":"2019-02-15T12:24:29","date_gmt":"2019-02-15T14:24:29","guid":{"rendered":"http:\/\/www.cidademarketing.com.br\/marketing\/?p=6357"},"modified":"2019-02-15T12:24:32","modified_gmt":"2019-02-15T14:24:32","slug":"jovem-e-estrangulado-por-seguranca-no-supermercado-extra-na-barra-da-tijuca-rio-de-janeiro","status":"publish","type":"post","link":"https:\/\/www.cidademarketing.com.br\/marketing\/2019\/02\/15\/jovem-e-estrangulado-por-seguranca-no-supermercado-extra-na-barra-da-tijuca-rio-de-janeiro\/","title":{"rendered":"Jovem \u00e9 estrangulado por seguran\u00e7a no supermercado Extra na Barra da Tijuca, Rio de Janeiro"},"content":{"rendered":"\n<p>V\u00eddeo mostra o rapaz de 19 anos que morreu ap\u00f3s receber um golpe de um <strong>seguran\u00e7a<\/strong> em um supermercado no Rio. A empresa diz ter sido uma rea\u00e7\u00e3o \u00e0 tentativa de furto da arma de um dos seguran\u00e7a.<\/p>\n\n\n\n<p>V\u00e1rios ve\u00edculos de comunica\u00e7\u00e3o noticiaram o fato:<\/p>\n\n\n\n<figure class=\"wp-block-embed-twitter wp-block-embed is-type-rich is-provider-twitter\"><div class=\"wp-block-embed__wrapper\">\n<blockquote class=\"twitter-tweet\" data-width=\"550\" data-dnt=\"true\"><p lang=\"pt\" dir=\"ltr\">Um rapaz, suspeito de furto, morreu depois de ser sufocado por um vigilante em um supermercado na Barra da Tijuca. Imagens mostram o seguran\u00e7a dando uma mata-le\u00e3o no homem e sendo alertado pelas pessoas de que poderia mat\u00e1-lo. O vigilante foi solto ap\u00f3s fian\u00e7a. <a href=\"https:\/\/twitter.com\/hashtag\/CBNRio?src=hash&amp;ref_src=twsrc%5Etfw\">#CBNRio<\/a> <a href=\"https:\/\/t.co\/tKAgIAdkYS\">pic.twitter.com\/tKAgIAdkYS<\/a><\/p>&mdash; CBN Rio (@cbnrio) <a href=\"https:\/\/twitter.com\/cbnrio\/status\/1096390770456698880?ref_src=twsrc%5Etfw\">February 15, 2019<\/a><\/blockquote><script async src=\"https:\/\/platform.twitter.com\/widgets.js\" charset=\"utf-8\"><\/script>\n<\/div><\/figure>\n\n\n\n<figure class=\"wp-block-embed-twitter wp-block-embed is-type-rich is-provider-twitter\"><div class=\"wp-block-embed__wrapper\">\n<blockquote class=\"twitter-tweet\" data-width=\"550\" data-dnt=\"true\"><p lang=\"pt\" dir=\"ltr\">V\u00eddeo mostra o momento em que os bombeiros socorrem o jovem que levou um &#39;mata-le\u00e3o&#39; de um seguran\u00e7a de um supermercado na Barra!<br><br>VEJA + EM <a href=\"https:\/\/t.co\/BGKuQmW1VG\">https:\/\/t.co\/BGKuQmW1VG<\/a> <a href=\"https:\/\/t.co\/fravJ4eLc4\">pic.twitter.com\/fravJ4eLc4<\/a><\/p>&mdash; Jornal O Dia (@jornalodia) <a href=\"https:\/\/twitter.com\/jornalodia\/status\/1096372201824153602?ref_src=twsrc%5Etfw\">February 15, 2019<\/a><\/blockquote><script async src=\"https:\/\/platform.twitter.com\/widgets.js\" charset=\"utf-8\"><\/script>\n<\/div><\/figure>\n\n\n\n<p>Por meio de um comunicado o supermercado Extra disse que que o jovem tentou furta a arma de um dos seguran\u00e7a; <\/p>\n\n\n\n<p><em>&#8220;A rede esclarece que repudia veemente qualquer ato de viol\u00eancia em suas lojas. Sobre o fato em quest\u00e3o, a empresa j\u00e1 abriu uma investiga\u00e7\u00e3o interna e constatou de forma inicial que se tratou de uma rea\u00e7\u00e3o a tentativa de furto a arma de um dos seguran\u00e7as da unidade da Barra da Tijuca&#8221;, diz o comunicado.  &#8220;Ap\u00f3s o indiv\u00edduo ser contido pelos seguran\u00e7as, a loja acionou a pol\u00edcia e o socorro imediatamente. A empresa j\u00e1 abriu um boletim de ocorr\u00eancia e est\u00e1 contribuindo com as autoridades para o aprofundamento das investiga\u00e7\u00f5es&#8221;, finalizou a marca.<\/em><\/p>\n","protected":false},"excerpt":{"rendered":"<p>V\u00eddeo mostra o rapaz de 19 anos que morreu ap\u00f3s receber um golpe de um seguran\u00e7a em um supermercado no Rio. A empresa diz ter sido uma rea\u00e7\u00e3o \u00e0 tentativa de furto da arma de um dos seguran\u00e7a. V\u00e1rios ve\u00edculos de comunica\u00e7\u00e3o noticiaram o fato: Por meio de um comunicado o supermercado Extra disse que [&hellip;]<\/p>\n","protected":false},"author":1,"featured_media":6358,"comment_status":"open","ping_status":"open","sticky":false,"template":"","format":"standard","meta":{"tdm_status":"","tdm_grid_status":"","footnotes":""},"categories":[6],"tags":[428,28,124],"class_list":["post-6357","post","type-post","status-publish","format-standard","has-post-thumbnail","hentry","category-noticias","tag-extra","tag-marketing","tag-varejo"],"yoast_head":"<!-- This site is optimized with the Yoast SEO plugin v27.5 - https:\/\/yoast.com\/product\/yoast-seo-wordpress\/ -->\n<title>Jovem \u00e9 estrangulado por seguran\u00e7a no supermercado Extra na Barra da Tijuca, Rio de Janeiro - CidadeMarketing<\/title>\n<meta name=\"robots\" content=\"index, follow, max-snippet:-1, max-image-preview:large, max-video-preview:-1\" \/>\n<link rel=\"canonical\" href=\"https:\/\/www.cidademarketing.com.br\/marketing\/2019\/02\/15\/jovem-e-estrangulado-por-seguranca-no-supermercado-extra-na-barra-da-tijuca-rio-de-janeiro\/\" \/>\n<meta property=\"og:locale\" content=\"pt_BR\" \/>\n<meta property=\"og:type\" content=\"article\" \/>\n<meta property=\"og:title\" content=\"Jovem \u00e9 estrangulado por seguran\u00e7a no supermercado Extra na Barra da Tijuca, Rio de Janeiro - CidadeMarketing\" \/>\n<meta property=\"og:description\" content=\"V\u00eddeo mostra o rapaz de 19 anos que morreu ap\u00f3s receber um golpe de um seguran\u00e7a em um supermercado no Rio. A empresa diz ter sido uma rea\u00e7\u00e3o \u00e0 tentativa de furto da arma de um dos seguran\u00e7a. V\u00e1rios ve\u00edculos de comunica\u00e7\u00e3o noticiaram o fato: Por meio de um comunicado o supermercado Extra disse que [&hellip;]\" \/>\n<meta property=\"og:url\" content=\"https:\/\/www.cidademarketing.com.br\/marketing\/2019\/02\/15\/jovem-e-estrangulado-por-seguranca-no-supermercado-extra-na-barra-da-tijuca-rio-de-janeiro\/\" \/>\n<meta property=\"og:site_name\" content=\"CidadeMarketing\" \/>\n<meta property=\"article:publisher\" content=\"https:\/\/www.facebook.com\/portalcidademarketing\" \/>\n<meta property=\"article:author\" content=\"https:\/\/www.facebook.com\/thalesbrandao\" \/>\n<meta property=\"article:published_time\" content=\"2019-02-15T14:24:29+00:00\" \/>\n<meta property=\"article:modified_time\" content=\"2019-02-15T14:24:32+00:00\" \/>\n<meta property=\"og:image\" content=\"https:\/\/www.cidademarketing.com.br\/marketing\/wp-content\/uploads\/2019\/02\/extra_barradatijuca_.jpg\" \/>\n\t<meta property=\"og:image:width\" content=\"599\" \/>\n\t<meta property=\"og:image:height\" content=\"599\" \/>\n\t<meta property=\"og:image:type\" content=\"image\/jpeg\" \/>\n<meta name=\"author\" content=\"Thales Brand\u00e3o\" \/>\n<meta name=\"twitter:card\" content=\"summary_large_image\" \/>\n<meta name=\"twitter:creator\" content=\"@http:\/\/www.twitter.com\/thalesbrandao\" \/>\n<meta name=\"twitter:site\" content=\"@CidadeMarketing\" \/>\n<meta name=\"twitter:label1\" content=\"Escrito por\" \/>\n\t<meta name=\"twitter:data1\" content=\"Thales Brand\u00e3o\" \/>\n\t<meta name=\"twitter:label2\" content=\"Est. tempo de leitura\" \/>\n\t<meta name=\"twitter:data2\" content=\"1 minuto\" \/>\n<script type=\"application\/ld+json\" class=\"yoast-schema-graph\">{\"@context\":\"https:\\\/\\\/schema.org\",\"@graph\":[{\"@type\":\"Article\",\"@id\":\"https:\\\/\\\/www.cidademarketing.com.br\\\/marketing\\\/2019\\\/02\\\/15\\\/jovem-e-estrangulado-por-seguranca-no-supermercado-extra-na-barra-da-tijuca-rio-de-janeiro\\\/#article\",\"isPartOf\":{\"@id\":\"https:\\\/\\\/www.cidademarketing.com.br\\\/marketing\\\/2019\\\/02\\\/15\\\/jovem-e-estrangulado-por-seguranca-no-supermercado-extra-na-barra-da-tijuca-rio-de-janeiro\\\/\"},\"author\":{\"name\":\"Thales Brand\u00e3o\",\"@id\":\"https:\\\/\\\/www.cidademarketing.com.br\\\/marketing\\\/#\\\/schema\\\/person\\\/02daff9f18bd9378c9e01eb6b2db155f\"},\"headline\":\"Jovem \u00e9 estrangulado por seguran\u00e7a no supermercado Extra na Barra da Tijuca, Rio de Janeiro\",\"datePublished\":\"2019-02-15T14:24:29+00:00\",\"dateModified\":\"2019-02-15T14:24:32+00:00\",\"mainEntityOfPage\":{\"@id\":\"https:\\\/\\\/www.cidademarketing.com.br\\\/marketing\\\/2019\\\/02\\\/15\\\/jovem-e-estrangulado-por-seguranca-no-supermercado-extra-na-barra-da-tijuca-rio-de-janeiro\\\/\"},\"wordCount\":202,\"commentCount\":0,\"publisher\":{\"@id\":\"https:\\\/\\\/www.cidademarketing.com.br\\\/marketing\\\/#organization\"},\"image\":{\"@id\":\"https:\\\/\\\/www.cidademarketing.com.br\\\/marketing\\\/2019\\\/02\\\/15\\\/jovem-e-estrangulado-por-seguranca-no-supermercado-extra-na-barra-da-tijuca-rio-de-janeiro\\\/#primaryimage\"},\"thumbnailUrl\":\"https:\\\/\\\/www.cidademarketing.com.br\\\/marketing\\\/wp-content\\\/uploads\\\/2019\\\/02\\\/extra_barradatijuca_.jpg\",\"keywords\":[\"Extra\",\"marketing\",\"varejo\"],\"articleSection\":[\"Not\u00edcias\"],\"inLanguage\":\"pt-BR\",\"potentialAction\":[{\"@type\":\"CommentAction\",\"name\":\"Comment\",\"target\":[\"https:\\\/\\\/www.cidademarketing.com.br\\\/marketing\\\/2019\\\/02\\\/15\\\/jovem-e-estrangulado-por-seguranca-no-supermercado-extra-na-barra-da-tijuca-rio-de-janeiro\\\/#respond\"]}]},{\"@type\":\"WebPage\",\"@id\":\"https:\\\/\\\/www.cidademarketing.com.br\\\/marketing\\\/2019\\\/02\\\/15\\\/jovem-e-estrangulado-por-seguranca-no-supermercado-extra-na-barra-da-tijuca-rio-de-janeiro\\\/\",\"url\":\"https:\\\/\\\/www.cidademarketing.com.br\\\/marketing\\\/2019\\\/02\\\/15\\\/jovem-e-estrangulado-por-seguranca-no-supermercado-extra-na-barra-da-tijuca-rio-de-janeiro\\\/\",\"name\":\"Jovem \u00e9 estrangulado por seguran\u00e7a no supermercado Extra na Barra da Tijuca, Rio de Janeiro - CidadeMarketing\",\"isPartOf\":{\"@id\":\"https:\\\/\\\/www.cidademarketing.com.br\\\/marketing\\\/#website\"},\"primaryImageOfPage\":{\"@id\":\"https:\\\/\\\/www.cidademarketing.com.br\\\/marketing\\\/2019\\\/02\\\/15\\\/jovem-e-estrangulado-por-seguranca-no-supermercado-extra-na-barra-da-tijuca-rio-de-janeiro\\\/#primaryimage\"},\"image\":{\"@id\":\"https:\\\/\\\/www.cidademarketing.com.br\\\/marketing\\\/2019\\\/02\\\/15\\\/jovem-e-estrangulado-por-seguranca-no-supermercado-extra-na-barra-da-tijuca-rio-de-janeiro\\\/#primaryimage\"},\"thumbnailUrl\":\"https:\\\/\\\/www.cidademarketing.com.br\\\/marketing\\\/wp-content\\\/uploads\\\/2019\\\/02\\\/extra_barradatijuca_.jpg\",\"datePublished\":\"2019-02-15T14:24:29+00:00\",\"dateModified\":\"2019-02-15T14:24:32+00:00\",\"breadcrumb\":{\"@id\":\"https:\\\/\\\/www.cidademarketing.com.br\\\/marketing\\\/2019\\\/02\\\/15\\\/jovem-e-estrangulado-por-seguranca-no-supermercado-extra-na-barra-da-tijuca-rio-de-janeiro\\\/#breadcrumb\"},\"inLanguage\":\"pt-BR\",\"potentialAction\":[{\"@type\":\"ReadAction\",\"target\":[\"https:\\\/\\\/www.cidademarketing.com.br\\\/marketing\\\/2019\\\/02\\\/15\\\/jovem-e-estrangulado-por-seguranca-no-supermercado-extra-na-barra-da-tijuca-rio-de-janeiro\\\/\"]}]},{\"@type\":\"ImageObject\",\"inLanguage\":\"pt-BR\",\"@id\":\"https:\\\/\\\/www.cidademarketing.com.br\\\/marketing\\\/2019\\\/02\\\/15\\\/jovem-e-estrangulado-por-seguranca-no-supermercado-extra-na-barra-da-tijuca-rio-de-janeiro\\\/#primaryimage\",\"url\":\"https:\\\/\\\/www.cidademarketing.com.br\\\/marketing\\\/wp-content\\\/uploads\\\/2019\\\/02\\\/extra_barradatijuca_.jpg\",\"contentUrl\":\"https:\\\/\\\/www.cidademarketing.com.br\\\/marketing\\\/wp-content\\\/uploads\\\/2019\\\/02\\\/extra_barradatijuca_.jpg\",\"width\":599,\"height\":599,\"caption\":\"Reprodu\u00e7\u00e3o\"},{\"@type\":\"BreadcrumbList\",\"@id\":\"https:\\\/\\\/www.cidademarketing.com.br\\\/marketing\\\/2019\\\/02\\\/15\\\/jovem-e-estrangulado-por-seguranca-no-supermercado-extra-na-barra-da-tijuca-rio-de-janeiro\\\/#breadcrumb\",\"itemListElement\":[{\"@type\":\"ListItem\",\"position\":1,\"name\":\"In\u00edcio\",\"item\":\"https:\\\/\\\/www.cidademarketing.com.br\\\/marketing\\\/\"},{\"@type\":\"ListItem\",\"position\":2,\"name\":\"Jovem \u00e9 estrangulado por seguran\u00e7a no supermercado Extra na Barra da Tijuca, Rio de Janeiro\"}]},{\"@type\":\"WebSite\",\"@id\":\"https:\\\/\\\/www.cidademarketing.com.br\\\/marketing\\\/#website\",\"url\":\"https:\\\/\\\/www.cidademarketing.com.br\\\/marketing\\\/\",\"name\":\"CidadeMarketing\",\"description\":\"Somos um ve\u00edculo de comunica\u00e7\u00e3o de destaque no Brasil, reconhecido por conte\u00fados nos segmentos de marketing, empreendedorismo e inova\u00e7\u00e3o.\",\"publisher\":{\"@id\":\"https:\\\/\\\/www.cidademarketing.com.br\\\/marketing\\\/#organization\"},\"alternateName\":\"CidadeMarketing\",\"potentialAction\":[{\"@type\":\"SearchAction\",\"target\":{\"@type\":\"EntryPoint\",\"urlTemplate\":\"https:\\\/\\\/www.cidademarketing.com.br\\\/marketing\\\/?s={search_term_string}\"},\"query-input\":{\"@type\":\"PropertyValueSpecification\",\"valueRequired\":true,\"valueName\":\"search_term_string\"}}],\"inLanguage\":\"pt-BR\"},{\"@type\":\"Organization\",\"@id\":\"https:\\\/\\\/www.cidademarketing.com.br\\\/marketing\\\/#organization\",\"name\":\"CidadeMarketing\",\"alternateName\":\"CidadeMarketing\",\"url\":\"https:\\\/\\\/www.cidademarketing.com.br\\\/marketing\\\/\",\"logo\":{\"@type\":\"ImageObject\",\"inLanguage\":\"pt-BR\",\"@id\":\"https:\\\/\\\/www.cidademarketing.com.br\\\/marketing\\\/#\\\/schema\\\/logo\\\/image\\\/\",\"url\":\"https:\\\/\\\/www.cidademarketing.com.br\\\/marketing\\\/wp-content\\\/uploads\\\/2020\\\/01\\\/cidademarketing_marca_mobile.png\",\"contentUrl\":\"https:\\\/\\\/www.cidademarketing.com.br\\\/marketing\\\/wp-content\\\/uploads\\\/2020\\\/01\\\/cidademarketing_marca_mobile.png\",\"width\":230,\"height\":92,\"caption\":\"CidadeMarketing\"},\"image\":{\"@id\":\"https:\\\/\\\/www.cidademarketing.com.br\\\/marketing\\\/#\\\/schema\\\/logo\\\/image\\\/\"},\"sameAs\":[\"https:\\\/\\\/www.facebook.com\\\/portalcidademarketing\",\"https:\\\/\\\/x.com\\\/CidadeMarketing\",\"https:\\\/\\\/www.instagram.com\\\/cidademarketing\\\/\"]},{\"@type\":\"Person\",\"@id\":\"https:\\\/\\\/www.cidademarketing.com.br\\\/marketing\\\/#\\\/schema\\\/person\\\/02daff9f18bd9378c9e01eb6b2db155f\",\"name\":\"Thales Brand\u00e3o\",\"image\":{\"@type\":\"ImageObject\",\"inLanguage\":\"pt-BR\",\"@id\":\"https:\\\/\\\/secure.gravatar.com\\\/avatar\\\/7ca3206950207cc3cb48feec56a8a7898741ab725c368d99d5d7a5a50aab80c6?s=96&d=mm&r=g\",\"url\":\"https:\\\/\\\/secure.gravatar.com\\\/avatar\\\/7ca3206950207cc3cb48feec56a8a7898741ab725c368d99d5d7a5a50aab80c6?s=96&d=mm&r=g\",\"contentUrl\":\"https:\\\/\\\/secure.gravatar.com\\\/avatar\\\/7ca3206950207cc3cb48feec56a8a7898741ab725c368d99d5d7a5a50aab80c6?s=96&d=mm&r=g\",\"caption\":\"Thales Brand\u00e3o\"},\"description\":\"Editor Executivo do Portal CidadeMarketing.com.br &gt; Mestre em Comunica\u00e7\u00e3o e Sociedade pela Universidade Federal de Sergipe. Possui MBA Executivo em Administra\u00e7\u00e3o com \u00eanfase em Marketing pela Funda\u00e7\u00e3o Get\u00falio Vargas - Rio de Janeiro. Consultor, Palestrante e Pesquisador sobre Empreendedorismo, Marketing, Redes Sociais e Neg\u00f3cios Digitais. Professor, Palestrante TedxTalks e Campus Party. Twitter: @ThalesBrandao\",\"sameAs\":[\"http:\\\/\\\/www.mandacaru.com.br\",\"https:\\\/\\\/www.facebook.com\\\/thalesbrandao\",\"http:\\\/\\\/www.instagram.com.br\\\/thalesbrandaoferreira\",\"https:\\\/\\\/www.linkedin.com\\\/in\\\/thales-brand\u00e3o-3948609\\\/\",\"https:\\\/\\\/x.com\\\/http:\\\/\\\/www.twitter.com\\\/thalesbrandao\"],\"url\":\"https:\\\/\\\/www.cidademarketing.com.br\\\/marketing\\\/author\\\/thalesbrandao\\\/\"}]}<\/script>\n<!-- \/ Yoast SEO plugin. -->","yoast_head_json":{"title":"Jovem \u00e9 estrangulado por seguran\u00e7a no supermercado Extra na Barra da Tijuca, Rio de Janeiro - CidadeMarketing","robots":{"index":"index","follow":"follow","max-snippet":"max-snippet:-1","max-image-preview":"max-image-preview:large","max-video-preview":"max-video-preview:-1"},"canonical":"https:\/\/www.cidademarketing.com.br\/marketing\/2019\/02\/15\/jovem-e-estrangulado-por-seguranca-no-supermercado-extra-na-barra-da-tijuca-rio-de-janeiro\/","og_locale":"pt_BR","og_type":"article","og_title":"Jovem \u00e9 estrangulado por seguran\u00e7a no supermercado Extra na Barra da Tijuca, Rio de Janeiro - CidadeMarketing","og_description":"V\u00eddeo mostra o rapaz de 19 anos que morreu ap\u00f3s receber um golpe de um seguran\u00e7a em um supermercado no Rio. A empresa diz ter sido uma rea\u00e7\u00e3o \u00e0 tentativa de furto da arma de um dos seguran\u00e7a. V\u00e1rios ve\u00edculos de comunica\u00e7\u00e3o noticiaram o fato: Por meio de um comunicado o supermercado Extra disse que [&hellip;]","og_url":"https:\/\/www.cidademarketing.com.br\/marketing\/2019\/02\/15\/jovem-e-estrangulado-por-seguranca-no-supermercado-extra-na-barra-da-tijuca-rio-de-janeiro\/","og_site_name":"CidadeMarketing","article_publisher":"https:\/\/www.facebook.com\/portalcidademarketing","article_author":"https:\/\/www.facebook.com\/thalesbrandao","article_published_time":"2019-02-15T14:24:29+00:00","article_modified_time":"2019-02-15T14:24:32+00:00","og_image":[{"width":599,"height":599,"url":"https:\/\/www.cidademarketing.com.br\/marketing\/wp-content\/uploads\/2019\/02\/extra_barradatijuca_.jpg","type":"image\/jpeg"}],"author":"Thales Brand\u00e3o","twitter_card":"summary_large_image","twitter_creator":"@http:\/\/www.twitter.com\/thalesbrandao","twitter_site":"@CidadeMarketing","twitter_misc":{"Escrito por":"Thales Brand\u00e3o","Est. tempo de leitura":"1 minuto"},"schema":{"@context":"https:\/\/schema.org","@graph":[{"@type":"Article","@id":"https:\/\/www.cidademarketing.com.br\/marketing\/2019\/02\/15\/jovem-e-estrangulado-por-seguranca-no-supermercado-extra-na-barra-da-tijuca-rio-de-janeiro\/#article","isPartOf":{"@id":"https:\/\/www.cidademarketing.com.br\/marketing\/2019\/02\/15\/jovem-e-estrangulado-por-seguranca-no-supermercado-extra-na-barra-da-tijuca-rio-de-janeiro\/"},"author":{"name":"Thales Brand\u00e3o","@id":"https:\/\/www.cidademarketing.com.br\/marketing\/#\/schema\/person\/02daff9f18bd9378c9e01eb6b2db155f"},"headline":"Jovem \u00e9 estrangulado por seguran\u00e7a no supermercado Extra na Barra da Tijuca, Rio de Janeiro","datePublished":"2019-02-15T14:24:29+00:00","dateModified":"2019-02-15T14:24:32+00:00","mainEntityOfPage":{"@id":"https:\/\/www.cidademarketing.com.br\/marketing\/2019\/02\/15\/jovem-e-estrangulado-por-seguranca-no-supermercado-extra-na-barra-da-tijuca-rio-de-janeiro\/"},"wordCount":202,"commentCount":0,"publisher":{"@id":"https:\/\/www.cidademarketing.com.br\/marketing\/#organization"},"image":{"@id":"https:\/\/www.cidademarketing.com.br\/marketing\/2019\/02\/15\/jovem-e-estrangulado-por-seguranca-no-supermercado-extra-na-barra-da-tijuca-rio-de-janeiro\/#primaryimage"},"thumbnailUrl":"https:\/\/www.cidademarketing.com.br\/marketing\/wp-content\/uploads\/2019\/02\/extra_barradatijuca_.jpg","keywords":["Extra","marketing","varejo"],"articleSection":["Not\u00edcias"],"inLanguage":"pt-BR","potentialAction":[{"@type":"CommentAction","name":"Comment","target":["https:\/\/www.cidademarketing.com.br\/marketing\/2019\/02\/15\/jovem-e-estrangulado-por-seguranca-no-supermercado-extra-na-barra-da-tijuca-rio-de-janeiro\/#respond"]}]},{"@type":"WebPage","@id":"https:\/\/www.cidademarketing.com.br\/marketing\/2019\/02\/15\/jovem-e-estrangulado-por-seguranca-no-supermercado-extra-na-barra-da-tijuca-rio-de-janeiro\/","url":"https:\/\/www.cidademarketing.com.br\/marketing\/2019\/02\/15\/jovem-e-estrangulado-por-seguranca-no-supermercado-extra-na-barra-da-tijuca-rio-de-janeiro\/","name":"Jovem \u00e9 estrangulado por seguran\u00e7a no supermercado Extra na Barra da Tijuca, Rio de Janeiro - CidadeMarketing","isPartOf":{"@id":"https:\/\/www.cidademarketing.com.br\/marketing\/#website"},"primaryImageOfPage":{"@id":"https:\/\/www.cidademarketing.com.br\/marketing\/2019\/02\/15\/jovem-e-estrangulado-por-seguranca-no-supermercado-extra-na-barra-da-tijuca-rio-de-janeiro\/#primaryimage"},"image":{"@id":"https:\/\/www.cidademarketing.com.br\/marketing\/2019\/02\/15\/jovem-e-estrangulado-por-seguranca-no-supermercado-extra-na-barra-da-tijuca-rio-de-janeiro\/#primaryimage"},"thumbnailUrl":"https:\/\/www.cidademarketing.com.br\/marketing\/wp-content\/uploads\/2019\/02\/extra_barradatijuca_.jpg","datePublished":"2019-02-15T14:24:29+00:00","dateModified":"2019-02-15T14:24:32+00:00","breadcrumb":{"@id":"https:\/\/www.cidademarketing.com.br\/marketing\/2019\/02\/15\/jovem-e-estrangulado-por-seguranca-no-supermercado-extra-na-barra-da-tijuca-rio-de-janeiro\/#breadcrumb"},"inLanguage":"pt-BR","potentialAction":[{"@type":"ReadAction","target":["https:\/\/www.cidademarketing.com.br\/marketing\/2019\/02\/15\/jovem-e-estrangulado-por-seguranca-no-supermercado-extra-na-barra-da-tijuca-rio-de-janeiro\/"]}]},{"@type":"ImageObject","inLanguage":"pt-BR","@id":"https:\/\/www.cidademarketing.com.br\/marketing\/2019\/02\/15\/jovem-e-estrangulado-por-seguranca-no-supermercado-extra-na-barra-da-tijuca-rio-de-janeiro\/#primaryimage","url":"https:\/\/www.cidademarketing.com.br\/marketing\/wp-content\/uploads\/2019\/02\/extra_barradatijuca_.jpg","contentUrl":"https:\/\/www.cidademarketing.com.br\/marketing\/wp-content\/uploads\/2019\/02\/extra_barradatijuca_.jpg","width":599,"height":599,"caption":"Reprodu\u00e7\u00e3o"},{"@type":"BreadcrumbList","@id":"https:\/\/www.cidademarketing.com.br\/marketing\/2019\/02\/15\/jovem-e-estrangulado-por-seguranca-no-supermercado-extra-na-barra-da-tijuca-rio-de-janeiro\/#breadcrumb","itemListElement":[{"@type":"ListItem","position":1,"name":"In\u00edcio","item":"https:\/\/www.cidademarketing.com.br\/marketing\/"},{"@type":"ListItem","position":2,"name":"Jovem \u00e9 estrangulado por seguran\u00e7a no supermercado Extra na Barra da Tijuca, Rio de Janeiro"}]},{"@type":"WebSite","@id":"https:\/\/www.cidademarketing.com.br\/marketing\/#website","url":"https:\/\/www.cidademarketing.com.br\/marketing\/","name":"CidadeMarketing","description":"Somos um ve\u00edculo de comunica\u00e7\u00e3o de destaque no Brasil, reconhecido por conte\u00fados nos segmentos de marketing, empreendedorismo e inova\u00e7\u00e3o.","publisher":{"@id":"https:\/\/www.cidademarketing.com.br\/marketing\/#organization"},"alternateName":"CidadeMarketing","potentialAction":[{"@type":"SearchAction","target":{"@type":"EntryPoint","urlTemplate":"https:\/\/www.cidademarketing.com.br\/marketing\/?s={search_term_string}"},"query-input":{"@type":"PropertyValueSpecification","valueRequired":true,"valueName":"search_term_string"}}],"inLanguage":"pt-BR"},{"@type":"Organization","@id":"https:\/\/www.cidademarketing.com.br\/marketing\/#organization","name":"CidadeMarketing","alternateName":"CidadeMarketing","url":"https:\/\/www.cidademarketing.com.br\/marketing\/","logo":{"@type":"ImageObject","inLanguage":"pt-BR","@id":"https:\/\/www.cidademarketing.com.br\/marketing\/#\/schema\/logo\/image\/","url":"https:\/\/www.cidademarketing.com.br\/marketing\/wp-content\/uploads\/2020\/01\/cidademarketing_marca_mobile.png","contentUrl":"https:\/\/www.cidademarketing.com.br\/marketing\/wp-content\/uploads\/2020\/01\/cidademarketing_marca_mobile.png","width":230,"height":92,"caption":"CidadeMarketing"},"image":{"@id":"https:\/\/www.cidademarketing.com.br\/marketing\/#\/schema\/logo\/image\/"},"sameAs":["https:\/\/www.facebook.com\/portalcidademarketing","https:\/\/x.com\/CidadeMarketing","https:\/\/www.instagram.com\/cidademarketing\/"]},{"@type":"Person","@id":"https:\/\/www.cidademarketing.com.br\/marketing\/#\/schema\/person\/02daff9f18bd9378c9e01eb6b2db155f","name":"Thales Brand\u00e3o","image":{"@type":"ImageObject","inLanguage":"pt-BR","@id":"https:\/\/secure.gravatar.com\/avatar\/7ca3206950207cc3cb48feec56a8a7898741ab725c368d99d5d7a5a50aab80c6?s=96&d=mm&r=g","url":"https:\/\/secure.gravatar.com\/avatar\/7ca3206950207cc3cb48feec56a8a7898741ab725c368d99d5d7a5a50aab80c6?s=96&d=mm&r=g","contentUrl":"https:\/\/secure.gravatar.com\/avatar\/7ca3206950207cc3cb48feec56a8a7898741ab725c368d99d5d7a5a50aab80c6?s=96&d=mm&r=g","caption":"Thales Brand\u00e3o"},"description":"Editor Executivo do Portal CidadeMarketing.com.br &gt; Mestre em Comunica\u00e7\u00e3o e Sociedade pela Universidade Federal de Sergipe. Possui MBA Executivo em Administra\u00e7\u00e3o com \u00eanfase em Marketing pela Funda\u00e7\u00e3o Get\u00falio Vargas - Rio de Janeiro. Consultor, Palestrante e Pesquisador sobre Empreendedorismo, Marketing, Redes Sociais e Neg\u00f3cios Digitais. Professor, Palestrante TedxTalks e Campus Party. Twitter: @ThalesBrandao","sameAs":["http:\/\/www.mandacaru.com.br","https:\/\/www.facebook.com\/thalesbrandao","http:\/\/www.instagram.com.br\/thalesbrandaoferreira","https:\/\/www.linkedin.com\/in\/thales-brand\u00e3o-3948609\/","https:\/\/x.com\/http:\/\/www.twitter.com\/thalesbrandao"],"url":"https:\/\/www.cidademarketing.com.br\/marketing\/author\/thalesbrandao\/"}]}},"amp_enabled":true,"_links":{"self":[{"href":"https:\/\/www.cidademarketing.com.br\/marketing\/wp-json\/wp\/v2\/posts\/6357","targetHints":{"allow":["GET"]}}],"collection":[{"href":"https:\/\/www.cidademarketing.com.br\/marketing\/wp-json\/wp\/v2\/posts"}],"about":[{"href":"https:\/\/www.cidademarketing.com.br\/marketing\/wp-json\/wp\/v2\/types\/post"}],"author":[{"embeddable":true,"href":"https:\/\/www.cidademarketing.com.br\/marketing\/wp-json\/wp\/v2\/users\/1"}],"replies":[{"embeddable":true,"href":"https:\/\/www.cidademarketing.com.br\/marketing\/wp-json\/wp\/v2\/comments?post=6357"}],"version-history":[{"count":1,"href":"https:\/\/www.cidademarketing.com.br\/marketing\/wp-json\/wp\/v2\/posts\/6357\/revisions"}],"predecessor-version":[{"id":6359,"href":"https:\/\/www.cidademarketing.com.br\/marketing\/wp-json\/wp\/v2\/posts\/6357\/revisions\/6359"}],"wp:featuredmedia":[{"embeddable":true,"href":"https:\/\/www.cidademarketing.com.br\/marketing\/wp-json\/wp\/v2\/media\/6358"}],"wp:attachment":[{"href":"https:\/\/www.cidademarketing.com.br\/marketing\/wp-json\/wp\/v2\/media?parent=6357"}],"wp:term":[{"taxonomy":"category","embeddable":true,"href":"https:\/\/www.cidademarketing.com.br\/marketing\/wp-json\/wp\/v2\/categories?post=6357"},{"taxonomy":"post_tag","embeddable":true,"href":"https:\/\/www.cidademarketing.com.br\/marketing\/wp-json\/wp\/v2\/tags?post=6357"}],"curies":[{"name":"wp","href":"https:\/\/api.w.org\/{rel}","templated":true}]}}