{"id":6332,"date":"2019-02-14T21:03:59","date_gmt":"2019-02-14T23:03:59","guid":{"rendered":"http:\/\/www.cidademarketing.com.br\/marketing\/?p=6332"},"modified":"2019-02-14T21:04:03","modified_gmt":"2019-02-14T23:04:03","slug":"sbt-apresenta-juri-do-premio-o-melhor-comercial-do-brasil-2018","status":"publish","type":"post","link":"https:\/\/www.cidademarketing.com.br\/marketing\/2019\/02\/14\/sbt-apresenta-juri-do-premio-o-melhor-comercial-do-brasil-2018\/","title":{"rendered":"SBT apresenta j\u00fari do pr\u00eamio &#8220;O Melhor Comercial do Brasil 2018&#8221;"},"content":{"rendered":"\n<p>19 profissionais do mercado publicit\u00e1rio ter\u00e3o a miss\u00e3o de eleger os melhores comerciais &#8211; nacional e regional &#8211; que foram veiculados na emissora no \u00faltimo ano<br>\nO SBT divulga os 19 publicit\u00e1rios que ir\u00e3o compor o j\u00fari do pr\u00eamio O Melhor Comercial do Brasil 2018. Eles ser\u00e3o respons\u00e1veis por escolher os filmes mais criativos que passaram no break da emissora no \u00faltimo ano, nacional e regionalmente. Os vencedores (dupla de cria\u00e7\u00e3o e anunciante) ser\u00e3o premiados com uma viagem para participar do principal festival de criatividade do mundo, o Cannes Lions, que ser\u00e1 realizado em junho deste ano, na Fran\u00e7a.<\/p>\n\n\n\n<p><br>\n\u201cEm sua 9\u00aa edi\u00e7\u00e3o, o pr\u00eamio se consolida como refer\u00eancia no mercado publicit\u00e1rio n\u00e3o s\u00f3 por reconhecer o filme mais criativo, como tamb\u00e9m por buscar compor um j\u00fari amplo e diversificado, com profissionais renomados que atuem nas diversas frentes\u201d, destaca Marcelo Parada, diretor Comercial e de Marketing do SBT.<br>\nO pr\u00eamio O Melhor Comercial do Brasil se destaca pelo criterioso processo de vota\u00e7\u00e3o, que envolve elei\u00e7\u00e3o pr\u00e9via pela comiss\u00e3o interna \u2014 composta por jornalistas e executivos da \u00e1rea de Marketing e Comercial do SBT. Posteriormente, a lista de filmes finalistas passa pelo crivo do j\u00fari de mercado, por meio de vota\u00e7\u00e3o online, que resulta em uma shortlist dos 10 melhores comerciais. J\u00e1 a categoria Regional contar\u00e1 com um corpo de j\u00fari para cada uma das cinco regi\u00f5es do Pa\u00eds. Cada um selecionar\u00e1 o melhor filme local, totalizando uma shortlist de 5 comerciais.<br>\nA \u00faltima etapa acontece em um evento fechado, com a presen\u00e7a dos jurados, jornalistas e executivos da emissora. Na ocasi\u00e3o, o j\u00fari realiza a \u00faltima vota\u00e7\u00e3o que decidir\u00e1 os grandes vencedores nacional e regional. O encontro est\u00e1 previsto para acontecer em maio, em S\u00e3o Paulo.<\/p>\n\n\n\n<p><br> Na \u00faltima edi\u00e7\u00e3o, o filme premiado foi \u201cVis\u00f5es\u201d, criado pela ag\u00eancia Y&amp;R (atual VMLY&amp;R) para a Vivo. J\u00e1 na categoria regional, o filme vencedor foi \u201cN\u00e3o Vai Ter Frango\u201d, da ag\u00eancia Delantero para o Fortaleza Esporte Clube.<br> <\/p>\n\n\n\n<p>Saiba mais em: <a href=\"http:\/\/omcdb.sbt.com.br\/\" target=\"_blank\" rel=\"noreferrer noopener\" aria-label=\" (abre em uma nova aba)\">http:\/\/omcdb.sbt.com.br\/<\/a><br> Confira a lista completa dos jurados da edi\u00e7\u00e3o de 2018:<br> &#8211; Andr\u00e9 Gramorelli (Ogilvy)<br> &#8211; Andrea Hirata (Leo Burnett)<br> &#8211; Andrea Siqueira (BETC)<br> &#8211; \u00c1tila Francucci (Nova SB)<br> &#8211; Dom\u00eanico Massareto (Publicis)<br> &#8211; Eduardo Salles (Mullen Lowe)<br> &#8211; Emerson Braga (Propeg)<br> &#8211; Felipe Luchi (Lew\u2019Lara\\TBWA)<br> &#8211; Fernando Taralli (VML)<br> &#8211; Francisco Rosa (Artplan)<br> &#8211; Guilherme Jahara (Sunset)<br> &#8211; Hugo Rodrigues (WMcCann)<br> &#8211; Marcia Esteves (Grey)<br> &#8211; Mario D&#8217;Andrea (Dentsu)<br> &#8211; Rafael Donato (David)<br> &#8211; Rafael Pitanguy (VMLY&amp;R)<br> &#8211; Rafael Urenha (DPZ&amp;T)<br> &#8211; Ricardo Chester (Almap BBDO)<br> &#8211; Violeta Noya (Talent Marcel)<\/p>\n","protected":false},"excerpt":{"rendered":"<p>19 profissionais do mercado publicit\u00e1rio ter\u00e3o a miss\u00e3o de eleger os melhores comerciais &#8211; nacional e regional &#8211; que foram veiculados na emissora no \u00faltimo ano O SBT divulga os 19 publicit\u00e1rios que ir\u00e3o compor o j\u00fari do pr\u00eamio O Melhor Comercial do Brasil 2018. Eles ser\u00e3o respons\u00e1veis por escolher os filmes mais criativos que [&hellip;]<\/p>\n","protected":false},"author":1,"featured_media":6333,"comment_status":"open","ping_status":"open","sticky":false,"template":"","format":"standard","meta":{"tdm_status":"","tdm_grid_status":"","footnotes":""},"categories":[6],"tags":[28,418],"class_list":["post-6332","post","type-post","status-publish","format-standard","has-post-thumbnail","hentry","category-noticias","tag-marketing","tag-sbt"],"yoast_head":"<!-- This site is optimized with the Yoast SEO plugin v27.4 - https:\/\/yoast.com\/product\/yoast-seo-wordpress\/ -->\n<title>SBT apresenta j\u00fari do pr\u00eamio &quot;O Melhor Comercial do Brasil 2018&quot; - CidadeMarketing<\/title>\n<meta name=\"robots\" content=\"index, follow, max-snippet:-1, max-image-preview:large, max-video-preview:-1\" \/>\n<link rel=\"canonical\" href=\"https:\/\/www.cidademarketing.com.br\/marketing\/2019\/02\/14\/sbt-apresenta-juri-do-premio-o-melhor-comercial-do-brasil-2018\/\" \/>\n<meta property=\"og:locale\" content=\"pt_BR\" \/>\n<meta property=\"og:type\" content=\"article\" \/>\n<meta property=\"og:title\" content=\"SBT apresenta j\u00fari do pr\u00eamio &quot;O Melhor Comercial do Brasil 2018&quot; - CidadeMarketing\" \/>\n<meta property=\"og:description\" content=\"19 profissionais do mercado publicit\u00e1rio ter\u00e3o a miss\u00e3o de eleger os melhores comerciais &#8211; nacional e regional &#8211; que foram veiculados na emissora no \u00faltimo ano O SBT divulga os 19 publicit\u00e1rios que ir\u00e3o compor o j\u00fari do pr\u00eamio O Melhor Comercial do Brasil 2018. Eles ser\u00e3o respons\u00e1veis por escolher os filmes mais criativos que [&hellip;]\" \/>\n<meta property=\"og:url\" content=\"https:\/\/www.cidademarketing.com.br\/marketing\/2019\/02\/14\/sbt-apresenta-juri-do-premio-o-melhor-comercial-do-brasil-2018\/\" \/>\n<meta property=\"og:site_name\" content=\"CidadeMarketing\" \/>\n<meta property=\"article:publisher\" content=\"https:\/\/www.facebook.com\/portalcidademarketing\" \/>\n<meta property=\"article:author\" content=\"https:\/\/www.facebook.com\/thalesbrandao\" \/>\n<meta property=\"article:published_time\" content=\"2019-02-14T23:03:59+00:00\" \/>\n<meta property=\"article:modified_time\" content=\"2019-02-14T23:04:03+00:00\" \/>\n<meta property=\"og:image\" content=\"https:\/\/www.cidademarketing.com.br\/marketing\/wp-content\/uploads\/2019\/02\/sbt_propaganda.jpg\" \/>\n\t<meta property=\"og:image:width\" content=\"1457\" \/>\n\t<meta property=\"og:image:height\" content=\"359\" \/>\n\t<meta property=\"og:image:type\" content=\"image\/jpeg\" \/>\n<meta name=\"author\" content=\"Thales Brand\u00e3o\" \/>\n<meta name=\"twitter:card\" content=\"summary_large_image\" \/>\n<meta name=\"twitter:creator\" content=\"@http:\/\/www.twitter.com\/thalesbrandao\" \/>\n<meta name=\"twitter:site\" content=\"@CidadeMarketing\" \/>\n<meta name=\"twitter:label1\" content=\"Escrito por\" \/>\n\t<meta name=\"twitter:data1\" content=\"Thales Brand\u00e3o\" \/>\n\t<meta name=\"twitter:label2\" content=\"Est. tempo de leitura\" \/>\n\t<meta name=\"twitter:data2\" content=\"2 minutos\" \/>\n<script type=\"application\/ld+json\" class=\"yoast-schema-graph\">{\"@context\":\"https:\\\/\\\/schema.org\",\"@graph\":[{\"@type\":\"Article\",\"@id\":\"https:\\\/\\\/www.cidademarketing.com.br\\\/marketing\\\/2019\\\/02\\\/14\\\/sbt-apresenta-juri-do-premio-o-melhor-comercial-do-brasil-2018\\\/#article\",\"isPartOf\":{\"@id\":\"https:\\\/\\\/www.cidademarketing.com.br\\\/marketing\\\/2019\\\/02\\\/14\\\/sbt-apresenta-juri-do-premio-o-melhor-comercial-do-brasil-2018\\\/\"},\"author\":{\"name\":\"Thales Brand\u00e3o\",\"@id\":\"https:\\\/\\\/www.cidademarketing.com.br\\\/marketing\\\/#\\\/schema\\\/person\\\/02daff9f18bd9378c9e01eb6b2db155f\"},\"headline\":\"SBT apresenta j\u00fari do pr\u00eamio &#8220;O Melhor Comercial do Brasil 2018&#8221;\",\"datePublished\":\"2019-02-14T23:03:59+00:00\",\"dateModified\":\"2019-02-14T23:04:03+00:00\",\"mainEntityOfPage\":{\"@id\":\"https:\\\/\\\/www.cidademarketing.com.br\\\/marketing\\\/2019\\\/02\\\/14\\\/sbt-apresenta-juri-do-premio-o-melhor-comercial-do-brasil-2018\\\/\"},\"wordCount\":478,\"commentCount\":0,\"publisher\":{\"@id\":\"https:\\\/\\\/www.cidademarketing.com.br\\\/marketing\\\/#organization\"},\"image\":{\"@id\":\"https:\\\/\\\/www.cidademarketing.com.br\\\/marketing\\\/2019\\\/02\\\/14\\\/sbt-apresenta-juri-do-premio-o-melhor-comercial-do-brasil-2018\\\/#primaryimage\"},\"thumbnailUrl\":\"https:\\\/\\\/www.cidademarketing.com.br\\\/marketing\\\/wp-content\\\/uploads\\\/2019\\\/02\\\/sbt_propaganda.jpg\",\"keywords\":[\"marketing\",\"SBT\"],\"articleSection\":[\"Not\u00edcias\"],\"inLanguage\":\"pt-BR\",\"potentialAction\":[{\"@type\":\"CommentAction\",\"name\":\"Comment\",\"target\":[\"https:\\\/\\\/www.cidademarketing.com.br\\\/marketing\\\/2019\\\/02\\\/14\\\/sbt-apresenta-juri-do-premio-o-melhor-comercial-do-brasil-2018\\\/#respond\"]}]},{\"@type\":\"WebPage\",\"@id\":\"https:\\\/\\\/www.cidademarketing.com.br\\\/marketing\\\/2019\\\/02\\\/14\\\/sbt-apresenta-juri-do-premio-o-melhor-comercial-do-brasil-2018\\\/\",\"url\":\"https:\\\/\\\/www.cidademarketing.com.br\\\/marketing\\\/2019\\\/02\\\/14\\\/sbt-apresenta-juri-do-premio-o-melhor-comercial-do-brasil-2018\\\/\",\"name\":\"SBT apresenta j\u00fari do pr\u00eamio \\\"O Melhor Comercial do Brasil 2018\\\" - CidadeMarketing\",\"isPartOf\":{\"@id\":\"https:\\\/\\\/www.cidademarketing.com.br\\\/marketing\\\/#website\"},\"primaryImageOfPage\":{\"@id\":\"https:\\\/\\\/www.cidademarketing.com.br\\\/marketing\\\/2019\\\/02\\\/14\\\/sbt-apresenta-juri-do-premio-o-melhor-comercial-do-brasil-2018\\\/#primaryimage\"},\"image\":{\"@id\":\"https:\\\/\\\/www.cidademarketing.com.br\\\/marketing\\\/2019\\\/02\\\/14\\\/sbt-apresenta-juri-do-premio-o-melhor-comercial-do-brasil-2018\\\/#primaryimage\"},\"thumbnailUrl\":\"https:\\\/\\\/www.cidademarketing.com.br\\\/marketing\\\/wp-content\\\/uploads\\\/2019\\\/02\\\/sbt_propaganda.jpg\",\"datePublished\":\"2019-02-14T23:03:59+00:00\",\"dateModified\":\"2019-02-14T23:04:03+00:00\",\"breadcrumb\":{\"@id\":\"https:\\\/\\\/www.cidademarketing.com.br\\\/marketing\\\/2019\\\/02\\\/14\\\/sbt-apresenta-juri-do-premio-o-melhor-comercial-do-brasil-2018\\\/#breadcrumb\"},\"inLanguage\":\"pt-BR\",\"potentialAction\":[{\"@type\":\"ReadAction\",\"target\":[\"https:\\\/\\\/www.cidademarketing.com.br\\\/marketing\\\/2019\\\/02\\\/14\\\/sbt-apresenta-juri-do-premio-o-melhor-comercial-do-brasil-2018\\\/\"]}]},{\"@type\":\"ImageObject\",\"inLanguage\":\"pt-BR\",\"@id\":\"https:\\\/\\\/www.cidademarketing.com.br\\\/marketing\\\/2019\\\/02\\\/14\\\/sbt-apresenta-juri-do-premio-o-melhor-comercial-do-brasil-2018\\\/#primaryimage\",\"url\":\"https:\\\/\\\/www.cidademarketing.com.br\\\/marketing\\\/wp-content\\\/uploads\\\/2019\\\/02\\\/sbt_propaganda.jpg\",\"contentUrl\":\"https:\\\/\\\/www.cidademarketing.com.br\\\/marketing\\\/wp-content\\\/uploads\\\/2019\\\/02\\\/sbt_propaganda.jpg\",\"width\":1457,\"height\":359},{\"@type\":\"BreadcrumbList\",\"@id\":\"https:\\\/\\\/www.cidademarketing.com.br\\\/marketing\\\/2019\\\/02\\\/14\\\/sbt-apresenta-juri-do-premio-o-melhor-comercial-do-brasil-2018\\\/#breadcrumb\",\"itemListElement\":[{\"@type\":\"ListItem\",\"position\":1,\"name\":\"In\u00edcio\",\"item\":\"https:\\\/\\\/www.cidademarketing.com.br\\\/marketing\\\/\"},{\"@type\":\"ListItem\",\"position\":2,\"name\":\"SBT apresenta j\u00fari do pr\u00eamio &#8220;O Melhor Comercial do Brasil 2018&#8221;\"}]},{\"@type\":\"WebSite\",\"@id\":\"https:\\\/\\\/www.cidademarketing.com.br\\\/marketing\\\/#website\",\"url\":\"https:\\\/\\\/www.cidademarketing.com.br\\\/marketing\\\/\",\"name\":\"CidadeMarketing\",\"description\":\"Somos um ve\u00edculo de comunica\u00e7\u00e3o de destaque no Brasil, reconhecido por conte\u00fados nos segmentos de marketing, empreendedorismo e inova\u00e7\u00e3o.\",\"publisher\":{\"@id\":\"https:\\\/\\\/www.cidademarketing.com.br\\\/marketing\\\/#organization\"},\"alternateName\":\"CidadeMarketing\",\"potentialAction\":[{\"@type\":\"SearchAction\",\"target\":{\"@type\":\"EntryPoint\",\"urlTemplate\":\"https:\\\/\\\/www.cidademarketing.com.br\\\/marketing\\\/?s={search_term_string}\"},\"query-input\":{\"@type\":\"PropertyValueSpecification\",\"valueRequired\":true,\"valueName\":\"search_term_string\"}}],\"inLanguage\":\"pt-BR\"},{\"@type\":\"Organization\",\"@id\":\"https:\\\/\\\/www.cidademarketing.com.br\\\/marketing\\\/#organization\",\"name\":\"CidadeMarketing\",\"alternateName\":\"CidadeMarketing\",\"url\":\"https:\\\/\\\/www.cidademarketing.com.br\\\/marketing\\\/\",\"logo\":{\"@type\":\"ImageObject\",\"inLanguage\":\"pt-BR\",\"@id\":\"https:\\\/\\\/www.cidademarketing.com.br\\\/marketing\\\/#\\\/schema\\\/logo\\\/image\\\/\",\"url\":\"https:\\\/\\\/www.cidademarketing.com.br\\\/marketing\\\/wp-content\\\/uploads\\\/2020\\\/01\\\/cidademarketing_marca_mobile.png\",\"contentUrl\":\"https:\\\/\\\/www.cidademarketing.com.br\\\/marketing\\\/wp-content\\\/uploads\\\/2020\\\/01\\\/cidademarketing_marca_mobile.png\",\"width\":230,\"height\":92,\"caption\":\"CidadeMarketing\"},\"image\":{\"@id\":\"https:\\\/\\\/www.cidademarketing.com.br\\\/marketing\\\/#\\\/schema\\\/logo\\\/image\\\/\"},\"sameAs\":[\"https:\\\/\\\/www.facebook.com\\\/portalcidademarketing\",\"https:\\\/\\\/x.com\\\/CidadeMarketing\",\"https:\\\/\\\/www.instagram.com\\\/cidademarketing\\\/\"]},{\"@type\":\"Person\",\"@id\":\"https:\\\/\\\/www.cidademarketing.com.br\\\/marketing\\\/#\\\/schema\\\/person\\\/02daff9f18bd9378c9e01eb6b2db155f\",\"name\":\"Thales Brand\u00e3o\",\"image\":{\"@type\":\"ImageObject\",\"inLanguage\":\"pt-BR\",\"@id\":\"https:\\\/\\\/secure.gravatar.com\\\/avatar\\\/7ca3206950207cc3cb48feec56a8a7898741ab725c368d99d5d7a5a50aab80c6?s=96&d=mm&r=g\",\"url\":\"https:\\\/\\\/secure.gravatar.com\\\/avatar\\\/7ca3206950207cc3cb48feec56a8a7898741ab725c368d99d5d7a5a50aab80c6?s=96&d=mm&r=g\",\"contentUrl\":\"https:\\\/\\\/secure.gravatar.com\\\/avatar\\\/7ca3206950207cc3cb48feec56a8a7898741ab725c368d99d5d7a5a50aab80c6?s=96&d=mm&r=g\",\"caption\":\"Thales Brand\u00e3o\"},\"description\":\"Editor Executivo do Portal CidadeMarketing.com.br &gt; Mestre em Comunica\u00e7\u00e3o e Sociedade pela Universidade Federal de Sergipe. Possui MBA Executivo em Administra\u00e7\u00e3o com \u00eanfase em Marketing pela Funda\u00e7\u00e3o Get\u00falio Vargas - Rio de Janeiro. Consultor, Palestrante e Pesquisador sobre Empreendedorismo, Marketing, Redes Sociais e Neg\u00f3cios Digitais. Professor, Palestrante TedxTalks e Campus Party. Twitter: @ThalesBrandao\",\"sameAs\":[\"http:\\\/\\\/www.mandacaru.com.br\",\"https:\\\/\\\/www.facebook.com\\\/thalesbrandao\",\"http:\\\/\\\/www.instagram.com.br\\\/thalesbrandaoferreira\",\"https:\\\/\\\/www.linkedin.com\\\/in\\\/thales-brand\u00e3o-3948609\\\/\",\"https:\\\/\\\/x.com\\\/http:\\\/\\\/www.twitter.com\\\/thalesbrandao\"],\"url\":\"https:\\\/\\\/www.cidademarketing.com.br\\\/marketing\\\/author\\\/thalesbrandao\\\/\"}]}<\/script>\n<!-- \/ Yoast SEO plugin. -->","yoast_head_json":{"title":"SBT apresenta j\u00fari do pr\u00eamio \"O Melhor Comercial do Brasil 2018\" - CidadeMarketing","robots":{"index":"index","follow":"follow","max-snippet":"max-snippet:-1","max-image-preview":"max-image-preview:large","max-video-preview":"max-video-preview:-1"},"canonical":"https:\/\/www.cidademarketing.com.br\/marketing\/2019\/02\/14\/sbt-apresenta-juri-do-premio-o-melhor-comercial-do-brasil-2018\/","og_locale":"pt_BR","og_type":"article","og_title":"SBT apresenta j\u00fari do pr\u00eamio \"O Melhor Comercial do Brasil 2018\" - CidadeMarketing","og_description":"19 profissionais do mercado publicit\u00e1rio ter\u00e3o a miss\u00e3o de eleger os melhores comerciais &#8211; nacional e regional &#8211; que foram veiculados na emissora no \u00faltimo ano O SBT divulga os 19 publicit\u00e1rios que ir\u00e3o compor o j\u00fari do pr\u00eamio O Melhor Comercial do Brasil 2018. Eles ser\u00e3o respons\u00e1veis por escolher os filmes mais criativos que [&hellip;]","og_url":"https:\/\/www.cidademarketing.com.br\/marketing\/2019\/02\/14\/sbt-apresenta-juri-do-premio-o-melhor-comercial-do-brasil-2018\/","og_site_name":"CidadeMarketing","article_publisher":"https:\/\/www.facebook.com\/portalcidademarketing","article_author":"https:\/\/www.facebook.com\/thalesbrandao","article_published_time":"2019-02-14T23:03:59+00:00","article_modified_time":"2019-02-14T23:04:03+00:00","og_image":[{"width":1457,"height":359,"url":"https:\/\/www.cidademarketing.com.br\/marketing\/wp-content\/uploads\/2019\/02\/sbt_propaganda.jpg","type":"image\/jpeg"}],"author":"Thales Brand\u00e3o","twitter_card":"summary_large_image","twitter_creator":"@http:\/\/www.twitter.com\/thalesbrandao","twitter_site":"@CidadeMarketing","twitter_misc":{"Escrito por":"Thales Brand\u00e3o","Est. tempo de leitura":"2 minutos"},"schema":{"@context":"https:\/\/schema.org","@graph":[{"@type":"Article","@id":"https:\/\/www.cidademarketing.com.br\/marketing\/2019\/02\/14\/sbt-apresenta-juri-do-premio-o-melhor-comercial-do-brasil-2018\/#article","isPartOf":{"@id":"https:\/\/www.cidademarketing.com.br\/marketing\/2019\/02\/14\/sbt-apresenta-juri-do-premio-o-melhor-comercial-do-brasil-2018\/"},"author":{"name":"Thales Brand\u00e3o","@id":"https:\/\/www.cidademarketing.com.br\/marketing\/#\/schema\/person\/02daff9f18bd9378c9e01eb6b2db155f"},"headline":"SBT apresenta j\u00fari do pr\u00eamio &#8220;O Melhor Comercial do Brasil 2018&#8221;","datePublished":"2019-02-14T23:03:59+00:00","dateModified":"2019-02-14T23:04:03+00:00","mainEntityOfPage":{"@id":"https:\/\/www.cidademarketing.com.br\/marketing\/2019\/02\/14\/sbt-apresenta-juri-do-premio-o-melhor-comercial-do-brasil-2018\/"},"wordCount":478,"commentCount":0,"publisher":{"@id":"https:\/\/www.cidademarketing.com.br\/marketing\/#organization"},"image":{"@id":"https:\/\/www.cidademarketing.com.br\/marketing\/2019\/02\/14\/sbt-apresenta-juri-do-premio-o-melhor-comercial-do-brasil-2018\/#primaryimage"},"thumbnailUrl":"https:\/\/www.cidademarketing.com.br\/marketing\/wp-content\/uploads\/2019\/02\/sbt_propaganda.jpg","keywords":["marketing","SBT"],"articleSection":["Not\u00edcias"],"inLanguage":"pt-BR","potentialAction":[{"@type":"CommentAction","name":"Comment","target":["https:\/\/www.cidademarketing.com.br\/marketing\/2019\/02\/14\/sbt-apresenta-juri-do-premio-o-melhor-comercial-do-brasil-2018\/#respond"]}]},{"@type":"WebPage","@id":"https:\/\/www.cidademarketing.com.br\/marketing\/2019\/02\/14\/sbt-apresenta-juri-do-premio-o-melhor-comercial-do-brasil-2018\/","url":"https:\/\/www.cidademarketing.com.br\/marketing\/2019\/02\/14\/sbt-apresenta-juri-do-premio-o-melhor-comercial-do-brasil-2018\/","name":"SBT apresenta j\u00fari do pr\u00eamio \"O Melhor Comercial do Brasil 2018\" - CidadeMarketing","isPartOf":{"@id":"https:\/\/www.cidademarketing.com.br\/marketing\/#website"},"primaryImageOfPage":{"@id":"https:\/\/www.cidademarketing.com.br\/marketing\/2019\/02\/14\/sbt-apresenta-juri-do-premio-o-melhor-comercial-do-brasil-2018\/#primaryimage"},"image":{"@id":"https:\/\/www.cidademarketing.com.br\/marketing\/2019\/02\/14\/sbt-apresenta-juri-do-premio-o-melhor-comercial-do-brasil-2018\/#primaryimage"},"thumbnailUrl":"https:\/\/www.cidademarketing.com.br\/marketing\/wp-content\/uploads\/2019\/02\/sbt_propaganda.jpg","datePublished":"2019-02-14T23:03:59+00:00","dateModified":"2019-02-14T23:04:03+00:00","breadcrumb":{"@id":"https:\/\/www.cidademarketing.com.br\/marketing\/2019\/02\/14\/sbt-apresenta-juri-do-premio-o-melhor-comercial-do-brasil-2018\/#breadcrumb"},"inLanguage":"pt-BR","potentialAction":[{"@type":"ReadAction","target":["https:\/\/www.cidademarketing.com.br\/marketing\/2019\/02\/14\/sbt-apresenta-juri-do-premio-o-melhor-comercial-do-brasil-2018\/"]}]},{"@type":"ImageObject","inLanguage":"pt-BR","@id":"https:\/\/www.cidademarketing.com.br\/marketing\/2019\/02\/14\/sbt-apresenta-juri-do-premio-o-melhor-comercial-do-brasil-2018\/#primaryimage","url":"https:\/\/www.cidademarketing.com.br\/marketing\/wp-content\/uploads\/2019\/02\/sbt_propaganda.jpg","contentUrl":"https:\/\/www.cidademarketing.com.br\/marketing\/wp-content\/uploads\/2019\/02\/sbt_propaganda.jpg","width":1457,"height":359},{"@type":"BreadcrumbList","@id":"https:\/\/www.cidademarketing.com.br\/marketing\/2019\/02\/14\/sbt-apresenta-juri-do-premio-o-melhor-comercial-do-brasil-2018\/#breadcrumb","itemListElement":[{"@type":"ListItem","position":1,"name":"In\u00edcio","item":"https:\/\/www.cidademarketing.com.br\/marketing\/"},{"@type":"ListItem","position":2,"name":"SBT apresenta j\u00fari do pr\u00eamio &#8220;O Melhor Comercial do Brasil 2018&#8221;"}]},{"@type":"WebSite","@id":"https:\/\/www.cidademarketing.com.br\/marketing\/#website","url":"https:\/\/www.cidademarketing.com.br\/marketing\/","name":"CidadeMarketing","description":"Somos um ve\u00edculo de comunica\u00e7\u00e3o de destaque no Brasil, reconhecido por conte\u00fados nos segmentos de marketing, empreendedorismo e inova\u00e7\u00e3o.","publisher":{"@id":"https:\/\/www.cidademarketing.com.br\/marketing\/#organization"},"alternateName":"CidadeMarketing","potentialAction":[{"@type":"SearchAction","target":{"@type":"EntryPoint","urlTemplate":"https:\/\/www.cidademarketing.com.br\/marketing\/?s={search_term_string}"},"query-input":{"@type":"PropertyValueSpecification","valueRequired":true,"valueName":"search_term_string"}}],"inLanguage":"pt-BR"},{"@type":"Organization","@id":"https:\/\/www.cidademarketing.com.br\/marketing\/#organization","name":"CidadeMarketing","alternateName":"CidadeMarketing","url":"https:\/\/www.cidademarketing.com.br\/marketing\/","logo":{"@type":"ImageObject","inLanguage":"pt-BR","@id":"https:\/\/www.cidademarketing.com.br\/marketing\/#\/schema\/logo\/image\/","url":"https:\/\/www.cidademarketing.com.br\/marketing\/wp-content\/uploads\/2020\/01\/cidademarketing_marca_mobile.png","contentUrl":"https:\/\/www.cidademarketing.com.br\/marketing\/wp-content\/uploads\/2020\/01\/cidademarketing_marca_mobile.png","width":230,"height":92,"caption":"CidadeMarketing"},"image":{"@id":"https:\/\/www.cidademarketing.com.br\/marketing\/#\/schema\/logo\/image\/"},"sameAs":["https:\/\/www.facebook.com\/portalcidademarketing","https:\/\/x.com\/CidadeMarketing","https:\/\/www.instagram.com\/cidademarketing\/"]},{"@type":"Person","@id":"https:\/\/www.cidademarketing.com.br\/marketing\/#\/schema\/person\/02daff9f18bd9378c9e01eb6b2db155f","name":"Thales Brand\u00e3o","image":{"@type":"ImageObject","inLanguage":"pt-BR","@id":"https:\/\/secure.gravatar.com\/avatar\/7ca3206950207cc3cb48feec56a8a7898741ab725c368d99d5d7a5a50aab80c6?s=96&d=mm&r=g","url":"https:\/\/secure.gravatar.com\/avatar\/7ca3206950207cc3cb48feec56a8a7898741ab725c368d99d5d7a5a50aab80c6?s=96&d=mm&r=g","contentUrl":"https:\/\/secure.gravatar.com\/avatar\/7ca3206950207cc3cb48feec56a8a7898741ab725c368d99d5d7a5a50aab80c6?s=96&d=mm&r=g","caption":"Thales Brand\u00e3o"},"description":"Editor Executivo do Portal CidadeMarketing.com.br &gt; Mestre em Comunica\u00e7\u00e3o e Sociedade pela Universidade Federal de Sergipe. Possui MBA Executivo em Administra\u00e7\u00e3o com \u00eanfase em Marketing pela Funda\u00e7\u00e3o Get\u00falio Vargas - Rio de Janeiro. Consultor, Palestrante e Pesquisador sobre Empreendedorismo, Marketing, Redes Sociais e Neg\u00f3cios Digitais. Professor, Palestrante TedxTalks e Campus Party. Twitter: @ThalesBrandao","sameAs":["http:\/\/www.mandacaru.com.br","https:\/\/www.facebook.com\/thalesbrandao","http:\/\/www.instagram.com.br\/thalesbrandaoferreira","https:\/\/www.linkedin.com\/in\/thales-brand\u00e3o-3948609\/","https:\/\/x.com\/http:\/\/www.twitter.com\/thalesbrandao"],"url":"https:\/\/www.cidademarketing.com.br\/marketing\/author\/thalesbrandao\/"}]}},"amp_enabled":true,"_links":{"self":[{"href":"https:\/\/www.cidademarketing.com.br\/marketing\/wp-json\/wp\/v2\/posts\/6332","targetHints":{"allow":["GET"]}}],"collection":[{"href":"https:\/\/www.cidademarketing.com.br\/marketing\/wp-json\/wp\/v2\/posts"}],"about":[{"href":"https:\/\/www.cidademarketing.com.br\/marketing\/wp-json\/wp\/v2\/types\/post"}],"author":[{"embeddable":true,"href":"https:\/\/www.cidademarketing.com.br\/marketing\/wp-json\/wp\/v2\/users\/1"}],"replies":[{"embeddable":true,"href":"https:\/\/www.cidademarketing.com.br\/marketing\/wp-json\/wp\/v2\/comments?post=6332"}],"version-history":[{"count":1,"href":"https:\/\/www.cidademarketing.com.br\/marketing\/wp-json\/wp\/v2\/posts\/6332\/revisions"}],"predecessor-version":[{"id":6334,"href":"https:\/\/www.cidademarketing.com.br\/marketing\/wp-json\/wp\/v2\/posts\/6332\/revisions\/6334"}],"wp:featuredmedia":[{"embeddable":true,"href":"https:\/\/www.cidademarketing.com.br\/marketing\/wp-json\/wp\/v2\/media\/6333"}],"wp:attachment":[{"href":"https:\/\/www.cidademarketing.com.br\/marketing\/wp-json\/wp\/v2\/media?parent=6332"}],"wp:term":[{"taxonomy":"category","embeddable":true,"href":"https:\/\/www.cidademarketing.com.br\/marketing\/wp-json\/wp\/v2\/categories?post=6332"},{"taxonomy":"post_tag","embeddable":true,"href":"https:\/\/www.cidademarketing.com.br\/marketing\/wp-json\/wp\/v2\/tags?post=6332"}],"curies":[{"name":"wp","href":"https:\/\/api.w.org\/{rel}","templated":true}]}}