{"id":6301,"date":"2019-02-13T23:35:09","date_gmt":"2019-02-14T01:35:09","guid":{"rendered":"http:\/\/www.cidademarketing.com.br\/marketing\/?p=6301"},"modified":"2019-02-13T23:35:12","modified_gmt":"2019-02-14T01:35:12","slug":"braskem-labs-desembarca-na-campus-party-e-abre-inscricoes-para-programas-de-apoio-a-empreendedores-no-evento","status":"publish","type":"post","link":"https:\/\/www.cidademarketing.com.br\/marketing\/2019\/02\/13\/braskem-labs-desembarca-na-campus-party-e-abre-inscricoes-para-programas-de-apoio-a-empreendedores-no-evento\/","title":{"rendered":"Braskem Labs desembarca na Campus Party e abre inscri\u00e7\u00f5es para programas de apoio a empreendedores no evento"},"content":{"rendered":"\n<p>Fortalecendo ainda mais sua rela\u00e7\u00e3o com o ecossistema empreendedor de inova\u00e7\u00e3o, a Braskem estar\u00e1 presente na Campus Party (CP), entre os dias 12 e 17 de fevereiro, e aproveitar\u00e1 a participa\u00e7\u00e3o no evento para anunciar que as inscri\u00e7\u00f5es para seus programas de acelera\u00e7\u00e3o e conex\u00f5es com startups, reunidos na plataforma Braskem Labs, j\u00e1 est\u00e3o abertas. Os visitantes da CP que tiverem interesse poder\u00e3o fazer a inscri\u00e7\u00e3o no pr\u00f3prio estande da empresa, ou pelo site <a rel=\"noreferrer noopener\" aria-label=\" (abre em uma nova aba)\" href=\"http:\/\/www.braskemlabs.com\" target=\"_blank\">www.braskemlabs.com<\/a> at\u00e9 10 de mar\u00e7o. <\/p>\n\n\n\n<figure class=\"wp-block-image\"><img fetchpriority=\"high\" decoding=\"async\" width=\"749\" height=\"581\" src=\"http:\/\/www.cidademarketing.com.br\/marketing\/wp-content\/uploads\/2019\/02\/braskem_lab.jpg\" alt=\"\" class=\"wp-image-6304\" srcset=\"https:\/\/www.cidademarketing.com.br\/marketing\/wp-content\/uploads\/2019\/02\/braskem_lab.jpg 749w, https:\/\/www.cidademarketing.com.br\/marketing\/wp-content\/uploads\/2019\/02\/braskem_lab-300x233.jpg 300w, https:\/\/www.cidademarketing.com.br\/marketing\/wp-content\/uploads\/2019\/02\/braskem_lab-541x420.jpg 541w, https:\/\/www.cidademarketing.com.br\/marketing\/wp-content\/uploads\/2019\/02\/braskem_lab-640x496.jpg 640w, https:\/\/www.cidademarketing.com.br\/marketing\/wp-content\/uploads\/2019\/02\/braskem_lab-681x528.jpg 681w\" sizes=\"(max-width: 749px) 100vw, 749px\" \/><\/figure>\n\n\n\n<p>O espa\u00e7o da\nBraskem ter\u00e1 um <em>Escape Room<\/em> em que os participantes da Campus Party\nser\u00e3o convidados a desvendar desafios enfrentados por empreendedores. A\nprograma\u00e7\u00e3o do evento tamb\u00e9m envolve palestras sobre temas variados, como\ninova\u00e7\u00e3o, desenvolvimento sustent\u00e1vel e empreendedorismo.<\/p>\n\n\n\n<p>O Braskem Labs\nfoi criado em 2015 para incentivar projetos que promovam solu\u00e7\u00f5es sustent\u00e1veis\npor meio da qu\u00edmica e do pl\u00e1stico. A plataforma contempla tr\u00eas programas\nvoltados a empreendedores em diferentes est\u00e1gios de desenvolvimento e objetivo.\n<\/p>\n\n\n\n<p>O Scale, que j\u00e1\nest\u00e1 em sua quinta edi\u00e7\u00e3o, \u00e9 voltado a empresas com solu\u00e7\u00f5es j\u00e1 validadas e dispon\u00edveis\nno mercado e reserva uma categoria especial para aqueles que contribuem com a\nredu\u00e7\u00e3o da perda de alimentos; o Ignition, que busca boas ideias ou startups em\nfase de valida\u00e7\u00e3o de seu modelo de neg\u00f3cio para transform\u00e1-las em neg\u00f3cios de\nimpacto; e o Challenge, que busca solu\u00e7\u00f5es que resolvam problemas internos da\nBraskem de acordo com os desafios lan\u00e7ados por suas \u00e1reas, com a possibilidade\nde tornarem-se fornecedores ou parceiros da companhia. No site da plataforma o\nempreendedor poder\u00e1 escolher o programa com maior ader\u00eancia ao seu perfil.<\/p>\n\n\n\n<p>De acordo com\nLuis Gustavo Ortega, gerente de Desenvolvimento Sustent\u00e1vel da Braskem e l\u00edder\ndo Braskem Labs, os programas s\u00e3o oportunos para empreendedores conseguirem o\nsuporte necess\u00e1rio para escalarem seus neg\u00f3cios, crescendo e ampliando o\nimpacto positivo gerado para a sociedade.<\/p>\n\n\n\n<p>\u201cOferecemos\nmentorias para empresas em diferentes est\u00e1gios por meio da plataforma Braskem\nLabs h\u00e1 quatro anos. No Scale, por exemplo, j\u00e1 foram 51 aceleradas, mais de 120\nconex\u00f5es de neg\u00f3cios realizadas, mais de 130 mentorias oferecidas e 40% das\nempresas que participaram do programa fizeram algum tipo de neg\u00f3cio com a\nBraskem. Ao longo deste per\u00edodo, percebemos que muitos dos participantes\namadurecem e obt\u00e9m conhecimento para alavancagem, inclusive, a ponto de\nreceberem aportes de investidores logo ap\u00f3s suas participa\u00e7\u00f5es. O nosso maior\nganho com todo este trabalho \u00e9 gerar impacto positivo na sociedade e no meio\nambiente e, ao mesmo tempo, contribuir com o desenvolvimento humano dos\nempreendedores ao longo do programa e ap\u00f3s ele, acompanhando o crescimento e\nbuscando dar sustenta\u00e7\u00e3o aos neg\u00f3cios \u201d, afirma o executivo. <\/p>\n\n\n\n<p>Neste ano, o\nBraskem Labs conta com o apoio da aceleradora Quintessa para os programas de\nacelera\u00e7\u00e3o Ignition e Scale. A escolha se deu devido ao seu compromisso e foco\nem contribuir com startups que tenham impactos social e ambiental positivos, o\nque, de acordo com Ortega, est\u00e1 alinhado com o prop\u00f3sito da Braskem. \u201cO\nQuintessa nos atraiu justamente pelo direcionamento em atuar com preocupa\u00e7\u00f5es\nsociais e ambientais, algo que \u00e9 bastante aderente \u00e0 atua\u00e7\u00e3o da Braskem\u201d,\nexplica.<\/p>\n\n\n\n<p>Entre os crit\u00e9rios gerais para sele\u00e7\u00e3o est\u00e3o o n\u00edvel de inova\u00e7\u00e3o das solu\u00e7\u00f5es apresentadas, potencial de mercado, perfil do empreendedor e da equipe envolvida, modelo de neg\u00f3cio e impacto socioambiental. \u00c9 importante que os empreendedores tenham idade acima de 18 anos, sede em qualquer cidade do Brasil e disponibilidade para presen\u00e7a nos encontros realizados na cidade de S\u00e3o Paulo. Mais detalhes podem ser obtidos no site <a href=\"http:\/\/www.braskemlabs.com.br\" target=\"_blank\" rel=\"noreferrer noopener\" aria-label=\" (abre em uma nova aba)\">www.braskemlabs.com.br<\/a><\/p>\n\n\n\n<p><strong>Braskem Labs\nna Campus Party<\/strong><\/p>\n\n\n\n<p>Quando: 12 a 17\nde fevereiro<\/p>\n\n\n\n<p>Onde: Expo\nCenter Norte (Rua Jos\u00e9 Pinto, 333, Vila Guilherme, S\u00e3o Paulo)<\/p>\n\n\n\n<p>Ingressos a\npartir de R$ 350<\/p>\n\n\n\n<p>Informa\u00e7\u00f5es em <a href=\"https:\/\/brasil.campus-party.org\/\" target=\"_blank\" rel=\"noreferrer noopener\" aria-label=\" (abre em uma nova aba)\">https:\/\/brasil.campus-party.org\/<\/a><\/p>\n","protected":false},"excerpt":{"rendered":"<p>Fortalecendo ainda mais sua rela\u00e7\u00e3o com o ecossistema empreendedor de inova\u00e7\u00e3o, a Braskem estar\u00e1 presente na Campus Party (CP), entre os dias 12 e 17 de fevereiro, e aproveitar\u00e1 a participa\u00e7\u00e3o no evento para anunciar que as inscri\u00e7\u00f5es para seus programas de acelera\u00e7\u00e3o e conex\u00f5es com startups, reunidos na plataforma Braskem Labs, j\u00e1 est\u00e3o abertas. [&hellip;]<\/p>\n","protected":false},"author":1,"featured_media":6303,"comment_status":"open","ping_status":"open","sticky":false,"template":"","format":"standard","meta":{"tdm_status":"","tdm_grid_status":"","footnotes":""},"categories":[6,10],"tags":[372,622,293,634],"class_list":["post-6301","post","type-post","status-publish","format-standard","has-post-thumbnail","hentry","category-noticias","category-start_up","tag-braskem","tag-campus-party","tag-inovacao","tag-startups"],"yoast_head":"<!-- This site is optimized with the Yoast SEO plugin v27.4 - https:\/\/yoast.com\/product\/yoast-seo-wordpress\/ -->\n<title>Braskem Labs desembarca na Campus Party e abre inscri\u00e7\u00f5es para programas de apoio a empreendedores no evento - CidadeMarketing<\/title>\n<meta name=\"robots\" content=\"index, follow, max-snippet:-1, max-image-preview:large, max-video-preview:-1\" \/>\n<link rel=\"canonical\" href=\"https:\/\/www.cidademarketing.com.br\/marketing\/2019\/02\/13\/braskem-labs-desembarca-na-campus-party-e-abre-inscricoes-para-programas-de-apoio-a-empreendedores-no-evento\/\" \/>\n<meta property=\"og:locale\" content=\"pt_BR\" \/>\n<meta property=\"og:type\" content=\"article\" \/>\n<meta property=\"og:title\" content=\"Braskem Labs desembarca na Campus Party e abre inscri\u00e7\u00f5es para programas de apoio a empreendedores no evento - CidadeMarketing\" \/>\n<meta property=\"og:description\" content=\"Fortalecendo ainda mais sua rela\u00e7\u00e3o com o ecossistema empreendedor de inova\u00e7\u00e3o, a Braskem estar\u00e1 presente na Campus Party (CP), entre os dias 12 e 17 de fevereiro, e aproveitar\u00e1 a participa\u00e7\u00e3o no evento para anunciar que as inscri\u00e7\u00f5es para seus programas de acelera\u00e7\u00e3o e conex\u00f5es com startups, reunidos na plataforma Braskem Labs, j\u00e1 est\u00e3o abertas. [&hellip;]\" \/>\n<meta property=\"og:url\" content=\"https:\/\/www.cidademarketing.com.br\/marketing\/2019\/02\/13\/braskem-labs-desembarca-na-campus-party-e-abre-inscricoes-para-programas-de-apoio-a-empreendedores-no-evento\/\" \/>\n<meta property=\"og:site_name\" content=\"CidadeMarketing\" \/>\n<meta property=\"article:publisher\" content=\"https:\/\/www.facebook.com\/portalcidademarketing\" \/>\n<meta property=\"article:author\" content=\"https:\/\/www.facebook.com\/thalesbrandao\" \/>\n<meta property=\"article:published_time\" content=\"2019-02-14T01:35:09+00:00\" \/>\n<meta property=\"article:modified_time\" content=\"2019-02-14T01:35:12+00:00\" \/>\n<meta property=\"og:image\" content=\"https:\/\/www.cidademarketing.com.br\/marketing\/wp-content\/uploads\/2019\/02\/braskem_lab.png\" \/>\n\t<meta property=\"og:image:width\" content=\"3508\" \/>\n\t<meta property=\"og:image:height\" content=\"2480\" \/>\n\t<meta property=\"og:image:type\" content=\"image\/png\" \/>\n<meta name=\"author\" content=\"Thales Brand\u00e3o\" \/>\n<meta name=\"twitter:card\" content=\"summary_large_image\" \/>\n<meta name=\"twitter:creator\" content=\"@http:\/\/www.twitter.com\/thalesbrandao\" \/>\n<meta name=\"twitter:site\" content=\"@CidadeMarketing\" \/>\n<meta name=\"twitter:label1\" content=\"Escrito por\" \/>\n\t<meta name=\"twitter:data1\" content=\"Thales Brand\u00e3o\" \/>\n\t<meta name=\"twitter:label2\" content=\"Est. tempo de leitura\" \/>\n\t<meta name=\"twitter:data2\" content=\"3 minutos\" \/>\n<script type=\"application\/ld+json\" class=\"yoast-schema-graph\">{\"@context\":\"https:\\\/\\\/schema.org\",\"@graph\":[{\"@type\":\"Article\",\"@id\":\"https:\\\/\\\/www.cidademarketing.com.br\\\/marketing\\\/2019\\\/02\\\/13\\\/braskem-labs-desembarca-na-campus-party-e-abre-inscricoes-para-programas-de-apoio-a-empreendedores-no-evento\\\/#article\",\"isPartOf\":{\"@id\":\"https:\\\/\\\/www.cidademarketing.com.br\\\/marketing\\\/2019\\\/02\\\/13\\\/braskem-labs-desembarca-na-campus-party-e-abre-inscricoes-para-programas-de-apoio-a-empreendedores-no-evento\\\/\"},\"author\":{\"name\":\"Thales Brand\u00e3o\",\"@id\":\"https:\\\/\\\/www.cidademarketing.com.br\\\/marketing\\\/#\\\/schema\\\/person\\\/02daff9f18bd9378c9e01eb6b2db155f\"},\"headline\":\"Braskem Labs desembarca na Campus Party e abre inscri\u00e7\u00f5es para programas de apoio a empreendedores no evento\",\"datePublished\":\"2019-02-14T01:35:09+00:00\",\"dateModified\":\"2019-02-14T01:35:12+00:00\",\"mainEntityOfPage\":{\"@id\":\"https:\\\/\\\/www.cidademarketing.com.br\\\/marketing\\\/2019\\\/02\\\/13\\\/braskem-labs-desembarca-na-campus-party-e-abre-inscricoes-para-programas-de-apoio-a-empreendedores-no-evento\\\/\"},\"wordCount\":679,\"commentCount\":0,\"publisher\":{\"@id\":\"https:\\\/\\\/www.cidademarketing.com.br\\\/marketing\\\/#organization\"},\"image\":{\"@id\":\"https:\\\/\\\/www.cidademarketing.com.br\\\/marketing\\\/2019\\\/02\\\/13\\\/braskem-labs-desembarca-na-campus-party-e-abre-inscricoes-para-programas-de-apoio-a-empreendedores-no-evento\\\/#primaryimage\"},\"thumbnailUrl\":\"https:\\\/\\\/www.cidademarketing.com.br\\\/marketing\\\/wp-content\\\/uploads\\\/2019\\\/02\\\/braskem_lab.png\",\"keywords\":[\"Braskem\",\"Campus Party\",\"inova\u00e7\u00e3o\",\"startups\"],\"articleSection\":[\"Not\u00edcias\",\"Start-up\"],\"inLanguage\":\"pt-BR\",\"potentialAction\":[{\"@type\":\"CommentAction\",\"name\":\"Comment\",\"target\":[\"https:\\\/\\\/www.cidademarketing.com.br\\\/marketing\\\/2019\\\/02\\\/13\\\/braskem-labs-desembarca-na-campus-party-e-abre-inscricoes-para-programas-de-apoio-a-empreendedores-no-evento\\\/#respond\"]}]},{\"@type\":\"WebPage\",\"@id\":\"https:\\\/\\\/www.cidademarketing.com.br\\\/marketing\\\/2019\\\/02\\\/13\\\/braskem-labs-desembarca-na-campus-party-e-abre-inscricoes-para-programas-de-apoio-a-empreendedores-no-evento\\\/\",\"url\":\"https:\\\/\\\/www.cidademarketing.com.br\\\/marketing\\\/2019\\\/02\\\/13\\\/braskem-labs-desembarca-na-campus-party-e-abre-inscricoes-para-programas-de-apoio-a-empreendedores-no-evento\\\/\",\"name\":\"Braskem Labs desembarca na Campus Party e abre inscri\u00e7\u00f5es para programas de apoio a empreendedores no evento - CidadeMarketing\",\"isPartOf\":{\"@id\":\"https:\\\/\\\/www.cidademarketing.com.br\\\/marketing\\\/#website\"},\"primaryImageOfPage\":{\"@id\":\"https:\\\/\\\/www.cidademarketing.com.br\\\/marketing\\\/2019\\\/02\\\/13\\\/braskem-labs-desembarca-na-campus-party-e-abre-inscricoes-para-programas-de-apoio-a-empreendedores-no-evento\\\/#primaryimage\"},\"image\":{\"@id\":\"https:\\\/\\\/www.cidademarketing.com.br\\\/marketing\\\/2019\\\/02\\\/13\\\/braskem-labs-desembarca-na-campus-party-e-abre-inscricoes-para-programas-de-apoio-a-empreendedores-no-evento\\\/#primaryimage\"},\"thumbnailUrl\":\"https:\\\/\\\/www.cidademarketing.com.br\\\/marketing\\\/wp-content\\\/uploads\\\/2019\\\/02\\\/braskem_lab.png\",\"datePublished\":\"2019-02-14T01:35:09+00:00\",\"dateModified\":\"2019-02-14T01:35:12+00:00\",\"breadcrumb\":{\"@id\":\"https:\\\/\\\/www.cidademarketing.com.br\\\/marketing\\\/2019\\\/02\\\/13\\\/braskem-labs-desembarca-na-campus-party-e-abre-inscricoes-para-programas-de-apoio-a-empreendedores-no-evento\\\/#breadcrumb\"},\"inLanguage\":\"pt-BR\",\"potentialAction\":[{\"@type\":\"ReadAction\",\"target\":[\"https:\\\/\\\/www.cidademarketing.com.br\\\/marketing\\\/2019\\\/02\\\/13\\\/braskem-labs-desembarca-na-campus-party-e-abre-inscricoes-para-programas-de-apoio-a-empreendedores-no-evento\\\/\"]}]},{\"@type\":\"ImageObject\",\"inLanguage\":\"pt-BR\",\"@id\":\"https:\\\/\\\/www.cidademarketing.com.br\\\/marketing\\\/2019\\\/02\\\/13\\\/braskem-labs-desembarca-na-campus-party-e-abre-inscricoes-para-programas-de-apoio-a-empreendedores-no-evento\\\/#primaryimage\",\"url\":\"https:\\\/\\\/www.cidademarketing.com.br\\\/marketing\\\/wp-content\\\/uploads\\\/2019\\\/02\\\/braskem_lab.png\",\"contentUrl\":\"https:\\\/\\\/www.cidademarketing.com.br\\\/marketing\\\/wp-content\\\/uploads\\\/2019\\\/02\\\/braskem_lab.png\",\"width\":3508,\"height\":2480},{\"@type\":\"BreadcrumbList\",\"@id\":\"https:\\\/\\\/www.cidademarketing.com.br\\\/marketing\\\/2019\\\/02\\\/13\\\/braskem-labs-desembarca-na-campus-party-e-abre-inscricoes-para-programas-de-apoio-a-empreendedores-no-evento\\\/#breadcrumb\",\"itemListElement\":[{\"@type\":\"ListItem\",\"position\":1,\"name\":\"In\u00edcio\",\"item\":\"https:\\\/\\\/www.cidademarketing.com.br\\\/marketing\\\/\"},{\"@type\":\"ListItem\",\"position\":2,\"name\":\"Braskem Labs desembarca na Campus Party e abre inscri\u00e7\u00f5es para programas de apoio a empreendedores no evento\"}]},{\"@type\":\"WebSite\",\"@id\":\"https:\\\/\\\/www.cidademarketing.com.br\\\/marketing\\\/#website\",\"url\":\"https:\\\/\\\/www.cidademarketing.com.br\\\/marketing\\\/\",\"name\":\"CidadeMarketing\",\"description\":\"Somos um ve\u00edculo de comunica\u00e7\u00e3o de destaque no Brasil, reconhecido por conte\u00fados nos segmentos de marketing, empreendedorismo e inova\u00e7\u00e3o.\",\"publisher\":{\"@id\":\"https:\\\/\\\/www.cidademarketing.com.br\\\/marketing\\\/#organization\"},\"alternateName\":\"CidadeMarketing\",\"potentialAction\":[{\"@type\":\"SearchAction\",\"target\":{\"@type\":\"EntryPoint\",\"urlTemplate\":\"https:\\\/\\\/www.cidademarketing.com.br\\\/marketing\\\/?s={search_term_string}\"},\"query-input\":{\"@type\":\"PropertyValueSpecification\",\"valueRequired\":true,\"valueName\":\"search_term_string\"}}],\"inLanguage\":\"pt-BR\"},{\"@type\":\"Organization\",\"@id\":\"https:\\\/\\\/www.cidademarketing.com.br\\\/marketing\\\/#organization\",\"name\":\"CidadeMarketing\",\"alternateName\":\"CidadeMarketing\",\"url\":\"https:\\\/\\\/www.cidademarketing.com.br\\\/marketing\\\/\",\"logo\":{\"@type\":\"ImageObject\",\"inLanguage\":\"pt-BR\",\"@id\":\"https:\\\/\\\/www.cidademarketing.com.br\\\/marketing\\\/#\\\/schema\\\/logo\\\/image\\\/\",\"url\":\"https:\\\/\\\/www.cidademarketing.com.br\\\/marketing\\\/wp-content\\\/uploads\\\/2020\\\/01\\\/cidademarketing_marca_mobile.png\",\"contentUrl\":\"https:\\\/\\\/www.cidademarketing.com.br\\\/marketing\\\/wp-content\\\/uploads\\\/2020\\\/01\\\/cidademarketing_marca_mobile.png\",\"width\":230,\"height\":92,\"caption\":\"CidadeMarketing\"},\"image\":{\"@id\":\"https:\\\/\\\/www.cidademarketing.com.br\\\/marketing\\\/#\\\/schema\\\/logo\\\/image\\\/\"},\"sameAs\":[\"https:\\\/\\\/www.facebook.com\\\/portalcidademarketing\",\"https:\\\/\\\/x.com\\\/CidadeMarketing\",\"https:\\\/\\\/www.instagram.com\\\/cidademarketing\\\/\"]},{\"@type\":\"Person\",\"@id\":\"https:\\\/\\\/www.cidademarketing.com.br\\\/marketing\\\/#\\\/schema\\\/person\\\/02daff9f18bd9378c9e01eb6b2db155f\",\"name\":\"Thales Brand\u00e3o\",\"image\":{\"@type\":\"ImageObject\",\"inLanguage\":\"pt-BR\",\"@id\":\"https:\\\/\\\/secure.gravatar.com\\\/avatar\\\/7ca3206950207cc3cb48feec56a8a7898741ab725c368d99d5d7a5a50aab80c6?s=96&d=mm&r=g\",\"url\":\"https:\\\/\\\/secure.gravatar.com\\\/avatar\\\/7ca3206950207cc3cb48feec56a8a7898741ab725c368d99d5d7a5a50aab80c6?s=96&d=mm&r=g\",\"contentUrl\":\"https:\\\/\\\/secure.gravatar.com\\\/avatar\\\/7ca3206950207cc3cb48feec56a8a7898741ab725c368d99d5d7a5a50aab80c6?s=96&d=mm&r=g\",\"caption\":\"Thales Brand\u00e3o\"},\"description\":\"Editor Executivo do Portal CidadeMarketing.com.br &gt; Mestre em Comunica\u00e7\u00e3o e Sociedade pela Universidade Federal de Sergipe. Possui MBA Executivo em Administra\u00e7\u00e3o com \u00eanfase em Marketing pela Funda\u00e7\u00e3o Get\u00falio Vargas - Rio de Janeiro. Consultor, Palestrante e Pesquisador sobre Empreendedorismo, Marketing, Redes Sociais e Neg\u00f3cios Digitais. Professor, Palestrante TedxTalks e Campus Party. Twitter: @ThalesBrandao\",\"sameAs\":[\"http:\\\/\\\/www.mandacaru.com.br\",\"https:\\\/\\\/www.facebook.com\\\/thalesbrandao\",\"http:\\\/\\\/www.instagram.com.br\\\/thalesbrandaoferreira\",\"https:\\\/\\\/www.linkedin.com\\\/in\\\/thales-brand\u00e3o-3948609\\\/\",\"https:\\\/\\\/x.com\\\/http:\\\/\\\/www.twitter.com\\\/thalesbrandao\"],\"url\":\"https:\\\/\\\/www.cidademarketing.com.br\\\/marketing\\\/author\\\/thalesbrandao\\\/\"}]}<\/script>\n<!-- \/ Yoast SEO plugin. -->","yoast_head_json":{"title":"Braskem Labs desembarca na Campus Party e abre inscri\u00e7\u00f5es para programas de apoio a empreendedores no evento - CidadeMarketing","robots":{"index":"index","follow":"follow","max-snippet":"max-snippet:-1","max-image-preview":"max-image-preview:large","max-video-preview":"max-video-preview:-1"},"canonical":"https:\/\/www.cidademarketing.com.br\/marketing\/2019\/02\/13\/braskem-labs-desembarca-na-campus-party-e-abre-inscricoes-para-programas-de-apoio-a-empreendedores-no-evento\/","og_locale":"pt_BR","og_type":"article","og_title":"Braskem Labs desembarca na Campus Party e abre inscri\u00e7\u00f5es para programas de apoio a empreendedores no evento - CidadeMarketing","og_description":"Fortalecendo ainda mais sua rela\u00e7\u00e3o com o ecossistema empreendedor de inova\u00e7\u00e3o, a Braskem estar\u00e1 presente na Campus Party (CP), entre os dias 12 e 17 de fevereiro, e aproveitar\u00e1 a participa\u00e7\u00e3o no evento para anunciar que as inscri\u00e7\u00f5es para seus programas de acelera\u00e7\u00e3o e conex\u00f5es com startups, reunidos na plataforma Braskem Labs, j\u00e1 est\u00e3o abertas. [&hellip;]","og_url":"https:\/\/www.cidademarketing.com.br\/marketing\/2019\/02\/13\/braskem-labs-desembarca-na-campus-party-e-abre-inscricoes-para-programas-de-apoio-a-empreendedores-no-evento\/","og_site_name":"CidadeMarketing","article_publisher":"https:\/\/www.facebook.com\/portalcidademarketing","article_author":"https:\/\/www.facebook.com\/thalesbrandao","article_published_time":"2019-02-14T01:35:09+00:00","article_modified_time":"2019-02-14T01:35:12+00:00","og_image":[{"width":3508,"height":2480,"url":"https:\/\/www.cidademarketing.com.br\/marketing\/wp-content\/uploads\/2019\/02\/braskem_lab.png","type":"image\/png"}],"author":"Thales Brand\u00e3o","twitter_card":"summary_large_image","twitter_creator":"@http:\/\/www.twitter.com\/thalesbrandao","twitter_site":"@CidadeMarketing","twitter_misc":{"Escrito por":"Thales Brand\u00e3o","Est. tempo de leitura":"3 minutos"},"schema":{"@context":"https:\/\/schema.org","@graph":[{"@type":"Article","@id":"https:\/\/www.cidademarketing.com.br\/marketing\/2019\/02\/13\/braskem-labs-desembarca-na-campus-party-e-abre-inscricoes-para-programas-de-apoio-a-empreendedores-no-evento\/#article","isPartOf":{"@id":"https:\/\/www.cidademarketing.com.br\/marketing\/2019\/02\/13\/braskem-labs-desembarca-na-campus-party-e-abre-inscricoes-para-programas-de-apoio-a-empreendedores-no-evento\/"},"author":{"name":"Thales Brand\u00e3o","@id":"https:\/\/www.cidademarketing.com.br\/marketing\/#\/schema\/person\/02daff9f18bd9378c9e01eb6b2db155f"},"headline":"Braskem Labs desembarca na Campus Party e abre inscri\u00e7\u00f5es para programas de apoio a empreendedores no evento","datePublished":"2019-02-14T01:35:09+00:00","dateModified":"2019-02-14T01:35:12+00:00","mainEntityOfPage":{"@id":"https:\/\/www.cidademarketing.com.br\/marketing\/2019\/02\/13\/braskem-labs-desembarca-na-campus-party-e-abre-inscricoes-para-programas-de-apoio-a-empreendedores-no-evento\/"},"wordCount":679,"commentCount":0,"publisher":{"@id":"https:\/\/www.cidademarketing.com.br\/marketing\/#organization"},"image":{"@id":"https:\/\/www.cidademarketing.com.br\/marketing\/2019\/02\/13\/braskem-labs-desembarca-na-campus-party-e-abre-inscricoes-para-programas-de-apoio-a-empreendedores-no-evento\/#primaryimage"},"thumbnailUrl":"https:\/\/www.cidademarketing.com.br\/marketing\/wp-content\/uploads\/2019\/02\/braskem_lab.png","keywords":["Braskem","Campus Party","inova\u00e7\u00e3o","startups"],"articleSection":["Not\u00edcias","Start-up"],"inLanguage":"pt-BR","potentialAction":[{"@type":"CommentAction","name":"Comment","target":["https:\/\/www.cidademarketing.com.br\/marketing\/2019\/02\/13\/braskem-labs-desembarca-na-campus-party-e-abre-inscricoes-para-programas-de-apoio-a-empreendedores-no-evento\/#respond"]}]},{"@type":"WebPage","@id":"https:\/\/www.cidademarketing.com.br\/marketing\/2019\/02\/13\/braskem-labs-desembarca-na-campus-party-e-abre-inscricoes-para-programas-de-apoio-a-empreendedores-no-evento\/","url":"https:\/\/www.cidademarketing.com.br\/marketing\/2019\/02\/13\/braskem-labs-desembarca-na-campus-party-e-abre-inscricoes-para-programas-de-apoio-a-empreendedores-no-evento\/","name":"Braskem Labs desembarca na Campus Party e abre inscri\u00e7\u00f5es para programas de apoio a empreendedores no evento - CidadeMarketing","isPartOf":{"@id":"https:\/\/www.cidademarketing.com.br\/marketing\/#website"},"primaryImageOfPage":{"@id":"https:\/\/www.cidademarketing.com.br\/marketing\/2019\/02\/13\/braskem-labs-desembarca-na-campus-party-e-abre-inscricoes-para-programas-de-apoio-a-empreendedores-no-evento\/#primaryimage"},"image":{"@id":"https:\/\/www.cidademarketing.com.br\/marketing\/2019\/02\/13\/braskem-labs-desembarca-na-campus-party-e-abre-inscricoes-para-programas-de-apoio-a-empreendedores-no-evento\/#primaryimage"},"thumbnailUrl":"https:\/\/www.cidademarketing.com.br\/marketing\/wp-content\/uploads\/2019\/02\/braskem_lab.png","datePublished":"2019-02-14T01:35:09+00:00","dateModified":"2019-02-14T01:35:12+00:00","breadcrumb":{"@id":"https:\/\/www.cidademarketing.com.br\/marketing\/2019\/02\/13\/braskem-labs-desembarca-na-campus-party-e-abre-inscricoes-para-programas-de-apoio-a-empreendedores-no-evento\/#breadcrumb"},"inLanguage":"pt-BR","potentialAction":[{"@type":"ReadAction","target":["https:\/\/www.cidademarketing.com.br\/marketing\/2019\/02\/13\/braskem-labs-desembarca-na-campus-party-e-abre-inscricoes-para-programas-de-apoio-a-empreendedores-no-evento\/"]}]},{"@type":"ImageObject","inLanguage":"pt-BR","@id":"https:\/\/www.cidademarketing.com.br\/marketing\/2019\/02\/13\/braskem-labs-desembarca-na-campus-party-e-abre-inscricoes-para-programas-de-apoio-a-empreendedores-no-evento\/#primaryimage","url":"https:\/\/www.cidademarketing.com.br\/marketing\/wp-content\/uploads\/2019\/02\/braskem_lab.png","contentUrl":"https:\/\/www.cidademarketing.com.br\/marketing\/wp-content\/uploads\/2019\/02\/braskem_lab.png","width":3508,"height":2480},{"@type":"BreadcrumbList","@id":"https:\/\/www.cidademarketing.com.br\/marketing\/2019\/02\/13\/braskem-labs-desembarca-na-campus-party-e-abre-inscricoes-para-programas-de-apoio-a-empreendedores-no-evento\/#breadcrumb","itemListElement":[{"@type":"ListItem","position":1,"name":"In\u00edcio","item":"https:\/\/www.cidademarketing.com.br\/marketing\/"},{"@type":"ListItem","position":2,"name":"Braskem Labs desembarca na Campus Party e abre inscri\u00e7\u00f5es para programas de apoio a empreendedores no evento"}]},{"@type":"WebSite","@id":"https:\/\/www.cidademarketing.com.br\/marketing\/#website","url":"https:\/\/www.cidademarketing.com.br\/marketing\/","name":"CidadeMarketing","description":"Somos um ve\u00edculo de comunica\u00e7\u00e3o de destaque no Brasil, reconhecido por conte\u00fados nos segmentos de marketing, empreendedorismo e inova\u00e7\u00e3o.","publisher":{"@id":"https:\/\/www.cidademarketing.com.br\/marketing\/#organization"},"alternateName":"CidadeMarketing","potentialAction":[{"@type":"SearchAction","target":{"@type":"EntryPoint","urlTemplate":"https:\/\/www.cidademarketing.com.br\/marketing\/?s={search_term_string}"},"query-input":{"@type":"PropertyValueSpecification","valueRequired":true,"valueName":"search_term_string"}}],"inLanguage":"pt-BR"},{"@type":"Organization","@id":"https:\/\/www.cidademarketing.com.br\/marketing\/#organization","name":"CidadeMarketing","alternateName":"CidadeMarketing","url":"https:\/\/www.cidademarketing.com.br\/marketing\/","logo":{"@type":"ImageObject","inLanguage":"pt-BR","@id":"https:\/\/www.cidademarketing.com.br\/marketing\/#\/schema\/logo\/image\/","url":"https:\/\/www.cidademarketing.com.br\/marketing\/wp-content\/uploads\/2020\/01\/cidademarketing_marca_mobile.png","contentUrl":"https:\/\/www.cidademarketing.com.br\/marketing\/wp-content\/uploads\/2020\/01\/cidademarketing_marca_mobile.png","width":230,"height":92,"caption":"CidadeMarketing"},"image":{"@id":"https:\/\/www.cidademarketing.com.br\/marketing\/#\/schema\/logo\/image\/"},"sameAs":["https:\/\/www.facebook.com\/portalcidademarketing","https:\/\/x.com\/CidadeMarketing","https:\/\/www.instagram.com\/cidademarketing\/"]},{"@type":"Person","@id":"https:\/\/www.cidademarketing.com.br\/marketing\/#\/schema\/person\/02daff9f18bd9378c9e01eb6b2db155f","name":"Thales Brand\u00e3o","image":{"@type":"ImageObject","inLanguage":"pt-BR","@id":"https:\/\/secure.gravatar.com\/avatar\/7ca3206950207cc3cb48feec56a8a7898741ab725c368d99d5d7a5a50aab80c6?s=96&d=mm&r=g","url":"https:\/\/secure.gravatar.com\/avatar\/7ca3206950207cc3cb48feec56a8a7898741ab725c368d99d5d7a5a50aab80c6?s=96&d=mm&r=g","contentUrl":"https:\/\/secure.gravatar.com\/avatar\/7ca3206950207cc3cb48feec56a8a7898741ab725c368d99d5d7a5a50aab80c6?s=96&d=mm&r=g","caption":"Thales Brand\u00e3o"},"description":"Editor Executivo do Portal CidadeMarketing.com.br &gt; Mestre em Comunica\u00e7\u00e3o e Sociedade pela Universidade Federal de Sergipe. Possui MBA Executivo em Administra\u00e7\u00e3o com \u00eanfase em Marketing pela Funda\u00e7\u00e3o Get\u00falio Vargas - Rio de Janeiro. Consultor, Palestrante e Pesquisador sobre Empreendedorismo, Marketing, Redes Sociais e Neg\u00f3cios Digitais. Professor, Palestrante TedxTalks e Campus Party. Twitter: @ThalesBrandao","sameAs":["http:\/\/www.mandacaru.com.br","https:\/\/www.facebook.com\/thalesbrandao","http:\/\/www.instagram.com.br\/thalesbrandaoferreira","https:\/\/www.linkedin.com\/in\/thales-brand\u00e3o-3948609\/","https:\/\/x.com\/http:\/\/www.twitter.com\/thalesbrandao"],"url":"https:\/\/www.cidademarketing.com.br\/marketing\/author\/thalesbrandao\/"}]}},"amp_enabled":true,"_links":{"self":[{"href":"https:\/\/www.cidademarketing.com.br\/marketing\/wp-json\/wp\/v2\/posts\/6301","targetHints":{"allow":["GET"]}}],"collection":[{"href":"https:\/\/www.cidademarketing.com.br\/marketing\/wp-json\/wp\/v2\/posts"}],"about":[{"href":"https:\/\/www.cidademarketing.com.br\/marketing\/wp-json\/wp\/v2\/types\/post"}],"author":[{"embeddable":true,"href":"https:\/\/www.cidademarketing.com.br\/marketing\/wp-json\/wp\/v2\/users\/1"}],"replies":[{"embeddable":true,"href":"https:\/\/www.cidademarketing.com.br\/marketing\/wp-json\/wp\/v2\/comments?post=6301"}],"version-history":[{"count":1,"href":"https:\/\/www.cidademarketing.com.br\/marketing\/wp-json\/wp\/v2\/posts\/6301\/revisions"}],"predecessor-version":[{"id":6305,"href":"https:\/\/www.cidademarketing.com.br\/marketing\/wp-json\/wp\/v2\/posts\/6301\/revisions\/6305"}],"wp:featuredmedia":[{"embeddable":true,"href":"https:\/\/www.cidademarketing.com.br\/marketing\/wp-json\/wp\/v2\/media\/6303"}],"wp:attachment":[{"href":"https:\/\/www.cidademarketing.com.br\/marketing\/wp-json\/wp\/v2\/media?parent=6301"}],"wp:term":[{"taxonomy":"category","embeddable":true,"href":"https:\/\/www.cidademarketing.com.br\/marketing\/wp-json\/wp\/v2\/categories?post=6301"},{"taxonomy":"post_tag","embeddable":true,"href":"https:\/\/www.cidademarketing.com.br\/marketing\/wp-json\/wp\/v2\/tags?post=6301"}],"curies":[{"name":"wp","href":"https:\/\/api.w.org\/{rel}","templated":true}]}}