{"id":6237,"date":"2019-02-12T23:01:11","date_gmt":"2019-02-13T01:01:11","guid":{"rendered":"http:\/\/www.cidademarketing.com.br\/marketing\/?p=6237"},"modified":"2019-02-12T23:01:13","modified_gmt":"2019-02-13T01:01:13","slug":"ministerio-publico-do-trabalho-no-rio-de-janeiro-se-reune-com-representantes-do-flamengo-sobre-tragedia-no-ninho-do-urubu","status":"publish","type":"post","link":"https:\/\/www.cidademarketing.com.br\/marketing\/2019\/02\/12\/ministerio-publico-do-trabalho-no-rio-de-janeiro-se-reune-com-representantes-do-flamengo-sobre-tragedia-no-ninho-do-urubu\/","title":{"rendered":"Minist\u00e9rio P\u00fablico do Trabalho no Rio de Janeiro se re\u00fane com representantes do Flamengo sobre trag\u00e9dia no Ninho do Urubu"},"content":{"rendered":"\n<p>O Minist\u00e9rio P\u00fablico do Trabalho no Rio de Janeiro (MPT-RJ) participou, nesta segunda-feira, 11 de fevereiro, de uma reuni\u00e3o realizada no Minist\u00e9rio P\u00fablico do Estado do Rio de Janeiro (MPRJ), com o objetivo de alinhar estrat\u00e9gias para a apura\u00e7\u00e3o das causas do inc\u00eandio no Centro de Treinamento Presidente George Helal, do Clube de Regatas Flamengo, em Vargem Grande.<\/p>\n\n\n\n<p><\/p>\n\n\n\n<p>O procurador chefe do Minist\u00e9rio P\u00fablico do Trabalho no Rio de Janeiro (MPT-RJ), Fabio Goulart Villela, lamentou mais uma vez a trag\u00e9dia e ressaltou a import\u00e2ncia da uni\u00e3o dos \u00f3rg\u00e3os competentes em busca de repara\u00e7\u00e3o para as fam\u00edlias dos atletas vitimados e adequa\u00e7\u00e3o das instala\u00e7\u00f5es do Centro de Treinamento do clube.<\/p>\n\n\n\n<p>Os integrantes da For\u00e7a Tarefa criada pelo MPT-RJ para apurar as causas e consequ\u00eancias do inc\u00eandio estiveram presentes na reuni\u00e3o. O presidente do Flamengo, Rodolfo Landim, membros da diretoria do clube, autoridades jur\u00eddicas, representantes do Estado, Munic\u00edpio, Corpo de Bombeiros e Pol\u00edcia Civil tamb\u00e9m participaram do encontro.<\/p>\n\n\n\n<p>Uma vistoria, com a participa\u00e7\u00e3o de diversos \u00f3rg\u00e3os p\u00fablicos, foi agendada para ter\u00e7a-feira, 12 de fevereiro, no CT do Flamengo. Na pr\u00f3xima sexta-feira, 15 de fevereiro, haver\u00e1 uma nova reuni\u00e3o no MPRJ para apresentar as informa\u00e7\u00f5es t\u00e9cnicas levantadas na vistoria e repassar as devidas recomenda\u00e7\u00f5es ao clube.<\/p>\n","protected":false},"excerpt":{"rendered":"<p>O Minist\u00e9rio P\u00fablico do Trabalho no Rio de Janeiro (MPT-RJ) participou, nesta segunda-feira, 11 de fevereiro, de uma reuni\u00e3o realizada no Minist\u00e9rio P\u00fablico do Estado do Rio de Janeiro (MPRJ), com o objetivo de alinhar estrat\u00e9gias para a apura\u00e7\u00e3o das causas do inc\u00eandio no Centro de Treinamento Presidente George Helal, do Clube de Regatas Flamengo, [&hellip;]<\/p>\n","protected":false},"author":1,"featured_media":6238,"comment_status":"open","ping_status":"open","sticky":false,"template":"","format":"standard","meta":{"tdm_status":"","tdm_grid_status":"","footnotes":""},"categories":[6],"tags":[33,569],"class_list":["post-6237","post","type-post","status-publish","format-standard","has-post-thumbnail","hentry","category-noticias","tag-estrategia","tag-rio"],"yoast_head":"<!-- This site is optimized with the Yoast SEO plugin v27.5 - https:\/\/yoast.com\/product\/yoast-seo-wordpress\/ -->\n<title>Minist\u00e9rio P\u00fablico do Trabalho no Rio de Janeiro se re\u00fane com representantes do Flamengo sobre trag\u00e9dia no Ninho do Urubu - CidadeMarketing<\/title>\n<meta name=\"robots\" content=\"index, follow, max-snippet:-1, max-image-preview:large, max-video-preview:-1\" \/>\n<link rel=\"canonical\" href=\"https:\/\/www.cidademarketing.com.br\/marketing\/2019\/02\/12\/ministerio-publico-do-trabalho-no-rio-de-janeiro-se-reune-com-representantes-do-flamengo-sobre-tragedia-no-ninho-do-urubu\/\" \/>\n<meta property=\"og:locale\" content=\"pt_BR\" \/>\n<meta property=\"og:type\" content=\"article\" \/>\n<meta property=\"og:title\" content=\"Minist\u00e9rio P\u00fablico do Trabalho no Rio de Janeiro se re\u00fane com representantes do Flamengo sobre trag\u00e9dia no Ninho do Urubu - CidadeMarketing\" \/>\n<meta property=\"og:description\" content=\"O Minist\u00e9rio P\u00fablico do Trabalho no Rio de Janeiro (MPT-RJ) participou, nesta segunda-feira, 11 de fevereiro, de uma reuni\u00e3o realizada no Minist\u00e9rio P\u00fablico do Estado do Rio de Janeiro (MPRJ), com o objetivo de alinhar estrat\u00e9gias para a apura\u00e7\u00e3o das causas do inc\u00eandio no Centro de Treinamento Presidente George Helal, do Clube de Regatas Flamengo, [&hellip;]\" \/>\n<meta property=\"og:url\" content=\"https:\/\/www.cidademarketing.com.br\/marketing\/2019\/02\/12\/ministerio-publico-do-trabalho-no-rio-de-janeiro-se-reune-com-representantes-do-flamengo-sobre-tragedia-no-ninho-do-urubu\/\" \/>\n<meta property=\"og:site_name\" content=\"CidadeMarketing\" \/>\n<meta property=\"article:publisher\" content=\"https:\/\/www.facebook.com\/portalcidademarketing\" \/>\n<meta property=\"article:author\" content=\"https:\/\/www.facebook.com\/thalesbrandao\" \/>\n<meta property=\"article:published_time\" content=\"2019-02-13T01:01:11+00:00\" \/>\n<meta property=\"article:modified_time\" content=\"2019-02-13T01:01:13+00:00\" \/>\n<meta property=\"og:image\" content=\"https:\/\/www.cidademarketing.com.br\/marketing\/wp-content\/uploads\/2019\/02\/ministeriopublico_riodejaneiro.png\" \/>\n\t<meta property=\"og:image:width\" content=\"599\" \/>\n\t<meta property=\"og:image:height\" content=\"305\" \/>\n\t<meta property=\"og:image:type\" content=\"image\/png\" \/>\n<meta name=\"author\" content=\"Thales Brand\u00e3o\" \/>\n<meta name=\"twitter:card\" content=\"summary_large_image\" \/>\n<meta name=\"twitter:creator\" content=\"@http:\/\/www.twitter.com\/thalesbrandao\" \/>\n<meta name=\"twitter:site\" content=\"@CidadeMarketing\" \/>\n<meta name=\"twitter:label1\" content=\"Escrito por\" \/>\n\t<meta name=\"twitter:data1\" content=\"Thales Brand\u00e3o\" \/>\n\t<meta name=\"twitter:label2\" content=\"Est. tempo de leitura\" \/>\n\t<meta name=\"twitter:data2\" content=\"1 minuto\" \/>\n<script type=\"application\/ld+json\" class=\"yoast-schema-graph\">{\"@context\":\"https:\\\/\\\/schema.org\",\"@graph\":[{\"@type\":\"Article\",\"@id\":\"https:\\\/\\\/www.cidademarketing.com.br\\\/marketing\\\/2019\\\/02\\\/12\\\/ministerio-publico-do-trabalho-no-rio-de-janeiro-se-reune-com-representantes-do-flamengo-sobre-tragedia-no-ninho-do-urubu\\\/#article\",\"isPartOf\":{\"@id\":\"https:\\\/\\\/www.cidademarketing.com.br\\\/marketing\\\/2019\\\/02\\\/12\\\/ministerio-publico-do-trabalho-no-rio-de-janeiro-se-reune-com-representantes-do-flamengo-sobre-tragedia-no-ninho-do-urubu\\\/\"},\"author\":{\"name\":\"Thales Brand\u00e3o\",\"@id\":\"https:\\\/\\\/www.cidademarketing.com.br\\\/marketing\\\/#\\\/schema\\\/person\\\/02daff9f18bd9378c9e01eb6b2db155f\"},\"headline\":\"Minist\u00e9rio P\u00fablico do Trabalho no Rio de Janeiro se re\u00fane com representantes do Flamengo sobre trag\u00e9dia no Ninho do Urubu\",\"datePublished\":\"2019-02-13T01:01:11+00:00\",\"dateModified\":\"2019-02-13T01:01:13+00:00\",\"mainEntityOfPage\":{\"@id\":\"https:\\\/\\\/www.cidademarketing.com.br\\\/marketing\\\/2019\\\/02\\\/12\\\/ministerio-publico-do-trabalho-no-rio-de-janeiro-se-reune-com-representantes-do-flamengo-sobre-tragedia-no-ninho-do-urubu\\\/\"},\"wordCount\":259,\"commentCount\":0,\"publisher\":{\"@id\":\"https:\\\/\\\/www.cidademarketing.com.br\\\/marketing\\\/#organization\"},\"image\":{\"@id\":\"https:\\\/\\\/www.cidademarketing.com.br\\\/marketing\\\/2019\\\/02\\\/12\\\/ministerio-publico-do-trabalho-no-rio-de-janeiro-se-reune-com-representantes-do-flamengo-sobre-tragedia-no-ninho-do-urubu\\\/#primaryimage\"},\"thumbnailUrl\":\"https:\\\/\\\/www.cidademarketing.com.br\\\/marketing\\\/wp-content\\\/uploads\\\/2019\\\/02\\\/ministeriopublico_riodejaneiro.png\",\"keywords\":[\"estrat\u00e9gia\",\"Rio\"],\"articleSection\":[\"Not\u00edcias\"],\"inLanguage\":\"pt-BR\",\"potentialAction\":[{\"@type\":\"CommentAction\",\"name\":\"Comment\",\"target\":[\"https:\\\/\\\/www.cidademarketing.com.br\\\/marketing\\\/2019\\\/02\\\/12\\\/ministerio-publico-do-trabalho-no-rio-de-janeiro-se-reune-com-representantes-do-flamengo-sobre-tragedia-no-ninho-do-urubu\\\/#respond\"]}]},{\"@type\":\"WebPage\",\"@id\":\"https:\\\/\\\/www.cidademarketing.com.br\\\/marketing\\\/2019\\\/02\\\/12\\\/ministerio-publico-do-trabalho-no-rio-de-janeiro-se-reune-com-representantes-do-flamengo-sobre-tragedia-no-ninho-do-urubu\\\/\",\"url\":\"https:\\\/\\\/www.cidademarketing.com.br\\\/marketing\\\/2019\\\/02\\\/12\\\/ministerio-publico-do-trabalho-no-rio-de-janeiro-se-reune-com-representantes-do-flamengo-sobre-tragedia-no-ninho-do-urubu\\\/\",\"name\":\"Minist\u00e9rio P\u00fablico do Trabalho no Rio de Janeiro se re\u00fane com representantes do Flamengo sobre trag\u00e9dia no Ninho do Urubu - CidadeMarketing\",\"isPartOf\":{\"@id\":\"https:\\\/\\\/www.cidademarketing.com.br\\\/marketing\\\/#website\"},\"primaryImageOfPage\":{\"@id\":\"https:\\\/\\\/www.cidademarketing.com.br\\\/marketing\\\/2019\\\/02\\\/12\\\/ministerio-publico-do-trabalho-no-rio-de-janeiro-se-reune-com-representantes-do-flamengo-sobre-tragedia-no-ninho-do-urubu\\\/#primaryimage\"},\"image\":{\"@id\":\"https:\\\/\\\/www.cidademarketing.com.br\\\/marketing\\\/2019\\\/02\\\/12\\\/ministerio-publico-do-trabalho-no-rio-de-janeiro-se-reune-com-representantes-do-flamengo-sobre-tragedia-no-ninho-do-urubu\\\/#primaryimage\"},\"thumbnailUrl\":\"https:\\\/\\\/www.cidademarketing.com.br\\\/marketing\\\/wp-content\\\/uploads\\\/2019\\\/02\\\/ministeriopublico_riodejaneiro.png\",\"datePublished\":\"2019-02-13T01:01:11+00:00\",\"dateModified\":\"2019-02-13T01:01:13+00:00\",\"breadcrumb\":{\"@id\":\"https:\\\/\\\/www.cidademarketing.com.br\\\/marketing\\\/2019\\\/02\\\/12\\\/ministerio-publico-do-trabalho-no-rio-de-janeiro-se-reune-com-representantes-do-flamengo-sobre-tragedia-no-ninho-do-urubu\\\/#breadcrumb\"},\"inLanguage\":\"pt-BR\",\"potentialAction\":[{\"@type\":\"ReadAction\",\"target\":[\"https:\\\/\\\/www.cidademarketing.com.br\\\/marketing\\\/2019\\\/02\\\/12\\\/ministerio-publico-do-trabalho-no-rio-de-janeiro-se-reune-com-representantes-do-flamengo-sobre-tragedia-no-ninho-do-urubu\\\/\"]}]},{\"@type\":\"ImageObject\",\"inLanguage\":\"pt-BR\",\"@id\":\"https:\\\/\\\/www.cidademarketing.com.br\\\/marketing\\\/2019\\\/02\\\/12\\\/ministerio-publico-do-trabalho-no-rio-de-janeiro-se-reune-com-representantes-do-flamengo-sobre-tragedia-no-ninho-do-urubu\\\/#primaryimage\",\"url\":\"https:\\\/\\\/www.cidademarketing.com.br\\\/marketing\\\/wp-content\\\/uploads\\\/2019\\\/02\\\/ministeriopublico_riodejaneiro.png\",\"contentUrl\":\"https:\\\/\\\/www.cidademarketing.com.br\\\/marketing\\\/wp-content\\\/uploads\\\/2019\\\/02\\\/ministeriopublico_riodejaneiro.png\",\"width\":599,\"height\":305,\"caption\":\"Reprodu\u00e7\u00e3o\"},{\"@type\":\"BreadcrumbList\",\"@id\":\"https:\\\/\\\/www.cidademarketing.com.br\\\/marketing\\\/2019\\\/02\\\/12\\\/ministerio-publico-do-trabalho-no-rio-de-janeiro-se-reune-com-representantes-do-flamengo-sobre-tragedia-no-ninho-do-urubu\\\/#breadcrumb\",\"itemListElement\":[{\"@type\":\"ListItem\",\"position\":1,\"name\":\"In\u00edcio\",\"item\":\"https:\\\/\\\/www.cidademarketing.com.br\\\/marketing\\\/\"},{\"@type\":\"ListItem\",\"position\":2,\"name\":\"Minist\u00e9rio P\u00fablico do Trabalho no Rio de Janeiro se re\u00fane com representantes do Flamengo sobre trag\u00e9dia no Ninho do Urubu\"}]},{\"@type\":\"WebSite\",\"@id\":\"https:\\\/\\\/www.cidademarketing.com.br\\\/marketing\\\/#website\",\"url\":\"https:\\\/\\\/www.cidademarketing.com.br\\\/marketing\\\/\",\"name\":\"CidadeMarketing\",\"description\":\"Somos um ve\u00edculo de comunica\u00e7\u00e3o de destaque no Brasil, reconhecido por conte\u00fados nos segmentos de marketing, empreendedorismo e inova\u00e7\u00e3o.\",\"publisher\":{\"@id\":\"https:\\\/\\\/www.cidademarketing.com.br\\\/marketing\\\/#organization\"},\"alternateName\":\"CidadeMarketing\",\"potentialAction\":[{\"@type\":\"SearchAction\",\"target\":{\"@type\":\"EntryPoint\",\"urlTemplate\":\"https:\\\/\\\/www.cidademarketing.com.br\\\/marketing\\\/?s={search_term_string}\"},\"query-input\":{\"@type\":\"PropertyValueSpecification\",\"valueRequired\":true,\"valueName\":\"search_term_string\"}}],\"inLanguage\":\"pt-BR\"},{\"@type\":\"Organization\",\"@id\":\"https:\\\/\\\/www.cidademarketing.com.br\\\/marketing\\\/#organization\",\"name\":\"CidadeMarketing\",\"alternateName\":\"CidadeMarketing\",\"url\":\"https:\\\/\\\/www.cidademarketing.com.br\\\/marketing\\\/\",\"logo\":{\"@type\":\"ImageObject\",\"inLanguage\":\"pt-BR\",\"@id\":\"https:\\\/\\\/www.cidademarketing.com.br\\\/marketing\\\/#\\\/schema\\\/logo\\\/image\\\/\",\"url\":\"https:\\\/\\\/www.cidademarketing.com.br\\\/marketing\\\/wp-content\\\/uploads\\\/2020\\\/01\\\/cidademarketing_marca_mobile.png\",\"contentUrl\":\"https:\\\/\\\/www.cidademarketing.com.br\\\/marketing\\\/wp-content\\\/uploads\\\/2020\\\/01\\\/cidademarketing_marca_mobile.png\",\"width\":230,\"height\":92,\"caption\":\"CidadeMarketing\"},\"image\":{\"@id\":\"https:\\\/\\\/www.cidademarketing.com.br\\\/marketing\\\/#\\\/schema\\\/logo\\\/image\\\/\"},\"sameAs\":[\"https:\\\/\\\/www.facebook.com\\\/portalcidademarketing\",\"https:\\\/\\\/x.com\\\/CidadeMarketing\",\"https:\\\/\\\/www.instagram.com\\\/cidademarketing\\\/\"]},{\"@type\":\"Person\",\"@id\":\"https:\\\/\\\/www.cidademarketing.com.br\\\/marketing\\\/#\\\/schema\\\/person\\\/02daff9f18bd9378c9e01eb6b2db155f\",\"name\":\"Thales Brand\u00e3o\",\"image\":{\"@type\":\"ImageObject\",\"inLanguage\":\"pt-BR\",\"@id\":\"https:\\\/\\\/secure.gravatar.com\\\/avatar\\\/7ca3206950207cc3cb48feec56a8a7898741ab725c368d99d5d7a5a50aab80c6?s=96&d=mm&r=g\",\"url\":\"https:\\\/\\\/secure.gravatar.com\\\/avatar\\\/7ca3206950207cc3cb48feec56a8a7898741ab725c368d99d5d7a5a50aab80c6?s=96&d=mm&r=g\",\"contentUrl\":\"https:\\\/\\\/secure.gravatar.com\\\/avatar\\\/7ca3206950207cc3cb48feec56a8a7898741ab725c368d99d5d7a5a50aab80c6?s=96&d=mm&r=g\",\"caption\":\"Thales Brand\u00e3o\"},\"description\":\"Editor Executivo do Portal CidadeMarketing.com.br &gt; Mestre em Comunica\u00e7\u00e3o e Sociedade pela Universidade Federal de Sergipe. Possui MBA Executivo em Administra\u00e7\u00e3o com \u00eanfase em Marketing pela Funda\u00e7\u00e3o Get\u00falio Vargas - Rio de Janeiro. Consultor, Palestrante e Pesquisador sobre Empreendedorismo, Marketing, Redes Sociais e Neg\u00f3cios Digitais. Professor, Palestrante TedxTalks e Campus Party. Twitter: @ThalesBrandao\",\"sameAs\":[\"http:\\\/\\\/www.mandacaru.com.br\",\"https:\\\/\\\/www.facebook.com\\\/thalesbrandao\",\"http:\\\/\\\/www.instagram.com.br\\\/thalesbrandaoferreira\",\"https:\\\/\\\/www.linkedin.com\\\/in\\\/thales-brand\u00e3o-3948609\\\/\",\"https:\\\/\\\/x.com\\\/http:\\\/\\\/www.twitter.com\\\/thalesbrandao\"],\"url\":\"https:\\\/\\\/www.cidademarketing.com.br\\\/marketing\\\/author\\\/thalesbrandao\\\/\"}]}<\/script>\n<!-- \/ Yoast SEO plugin. -->","yoast_head_json":{"title":"Minist\u00e9rio P\u00fablico do Trabalho no Rio de Janeiro se re\u00fane com representantes do Flamengo sobre trag\u00e9dia no Ninho do Urubu - CidadeMarketing","robots":{"index":"index","follow":"follow","max-snippet":"max-snippet:-1","max-image-preview":"max-image-preview:large","max-video-preview":"max-video-preview:-1"},"canonical":"https:\/\/www.cidademarketing.com.br\/marketing\/2019\/02\/12\/ministerio-publico-do-trabalho-no-rio-de-janeiro-se-reune-com-representantes-do-flamengo-sobre-tragedia-no-ninho-do-urubu\/","og_locale":"pt_BR","og_type":"article","og_title":"Minist\u00e9rio P\u00fablico do Trabalho no Rio de Janeiro se re\u00fane com representantes do Flamengo sobre trag\u00e9dia no Ninho do Urubu - CidadeMarketing","og_description":"O Minist\u00e9rio P\u00fablico do Trabalho no Rio de Janeiro (MPT-RJ) participou, nesta segunda-feira, 11 de fevereiro, de uma reuni\u00e3o realizada no Minist\u00e9rio P\u00fablico do Estado do Rio de Janeiro (MPRJ), com o objetivo de alinhar estrat\u00e9gias para a apura\u00e7\u00e3o das causas do inc\u00eandio no Centro de Treinamento Presidente George Helal, do Clube de Regatas Flamengo, [&hellip;]","og_url":"https:\/\/www.cidademarketing.com.br\/marketing\/2019\/02\/12\/ministerio-publico-do-trabalho-no-rio-de-janeiro-se-reune-com-representantes-do-flamengo-sobre-tragedia-no-ninho-do-urubu\/","og_site_name":"CidadeMarketing","article_publisher":"https:\/\/www.facebook.com\/portalcidademarketing","article_author":"https:\/\/www.facebook.com\/thalesbrandao","article_published_time":"2019-02-13T01:01:11+00:00","article_modified_time":"2019-02-13T01:01:13+00:00","og_image":[{"width":599,"height":305,"url":"https:\/\/www.cidademarketing.com.br\/marketing\/wp-content\/uploads\/2019\/02\/ministeriopublico_riodejaneiro.png","type":"image\/png"}],"author":"Thales Brand\u00e3o","twitter_card":"summary_large_image","twitter_creator":"@http:\/\/www.twitter.com\/thalesbrandao","twitter_site":"@CidadeMarketing","twitter_misc":{"Escrito por":"Thales Brand\u00e3o","Est. tempo de leitura":"1 minuto"},"schema":{"@context":"https:\/\/schema.org","@graph":[{"@type":"Article","@id":"https:\/\/www.cidademarketing.com.br\/marketing\/2019\/02\/12\/ministerio-publico-do-trabalho-no-rio-de-janeiro-se-reune-com-representantes-do-flamengo-sobre-tragedia-no-ninho-do-urubu\/#article","isPartOf":{"@id":"https:\/\/www.cidademarketing.com.br\/marketing\/2019\/02\/12\/ministerio-publico-do-trabalho-no-rio-de-janeiro-se-reune-com-representantes-do-flamengo-sobre-tragedia-no-ninho-do-urubu\/"},"author":{"name":"Thales Brand\u00e3o","@id":"https:\/\/www.cidademarketing.com.br\/marketing\/#\/schema\/person\/02daff9f18bd9378c9e01eb6b2db155f"},"headline":"Minist\u00e9rio P\u00fablico do Trabalho no Rio de Janeiro se re\u00fane com representantes do Flamengo sobre trag\u00e9dia no Ninho do Urubu","datePublished":"2019-02-13T01:01:11+00:00","dateModified":"2019-02-13T01:01:13+00:00","mainEntityOfPage":{"@id":"https:\/\/www.cidademarketing.com.br\/marketing\/2019\/02\/12\/ministerio-publico-do-trabalho-no-rio-de-janeiro-se-reune-com-representantes-do-flamengo-sobre-tragedia-no-ninho-do-urubu\/"},"wordCount":259,"commentCount":0,"publisher":{"@id":"https:\/\/www.cidademarketing.com.br\/marketing\/#organization"},"image":{"@id":"https:\/\/www.cidademarketing.com.br\/marketing\/2019\/02\/12\/ministerio-publico-do-trabalho-no-rio-de-janeiro-se-reune-com-representantes-do-flamengo-sobre-tragedia-no-ninho-do-urubu\/#primaryimage"},"thumbnailUrl":"https:\/\/www.cidademarketing.com.br\/marketing\/wp-content\/uploads\/2019\/02\/ministeriopublico_riodejaneiro.png","keywords":["estrat\u00e9gia","Rio"],"articleSection":["Not\u00edcias"],"inLanguage":"pt-BR","potentialAction":[{"@type":"CommentAction","name":"Comment","target":["https:\/\/www.cidademarketing.com.br\/marketing\/2019\/02\/12\/ministerio-publico-do-trabalho-no-rio-de-janeiro-se-reune-com-representantes-do-flamengo-sobre-tragedia-no-ninho-do-urubu\/#respond"]}]},{"@type":"WebPage","@id":"https:\/\/www.cidademarketing.com.br\/marketing\/2019\/02\/12\/ministerio-publico-do-trabalho-no-rio-de-janeiro-se-reune-com-representantes-do-flamengo-sobre-tragedia-no-ninho-do-urubu\/","url":"https:\/\/www.cidademarketing.com.br\/marketing\/2019\/02\/12\/ministerio-publico-do-trabalho-no-rio-de-janeiro-se-reune-com-representantes-do-flamengo-sobre-tragedia-no-ninho-do-urubu\/","name":"Minist\u00e9rio P\u00fablico do Trabalho no Rio de Janeiro se re\u00fane com representantes do Flamengo sobre trag\u00e9dia no Ninho do Urubu - CidadeMarketing","isPartOf":{"@id":"https:\/\/www.cidademarketing.com.br\/marketing\/#website"},"primaryImageOfPage":{"@id":"https:\/\/www.cidademarketing.com.br\/marketing\/2019\/02\/12\/ministerio-publico-do-trabalho-no-rio-de-janeiro-se-reune-com-representantes-do-flamengo-sobre-tragedia-no-ninho-do-urubu\/#primaryimage"},"image":{"@id":"https:\/\/www.cidademarketing.com.br\/marketing\/2019\/02\/12\/ministerio-publico-do-trabalho-no-rio-de-janeiro-se-reune-com-representantes-do-flamengo-sobre-tragedia-no-ninho-do-urubu\/#primaryimage"},"thumbnailUrl":"https:\/\/www.cidademarketing.com.br\/marketing\/wp-content\/uploads\/2019\/02\/ministeriopublico_riodejaneiro.png","datePublished":"2019-02-13T01:01:11+00:00","dateModified":"2019-02-13T01:01:13+00:00","breadcrumb":{"@id":"https:\/\/www.cidademarketing.com.br\/marketing\/2019\/02\/12\/ministerio-publico-do-trabalho-no-rio-de-janeiro-se-reune-com-representantes-do-flamengo-sobre-tragedia-no-ninho-do-urubu\/#breadcrumb"},"inLanguage":"pt-BR","potentialAction":[{"@type":"ReadAction","target":["https:\/\/www.cidademarketing.com.br\/marketing\/2019\/02\/12\/ministerio-publico-do-trabalho-no-rio-de-janeiro-se-reune-com-representantes-do-flamengo-sobre-tragedia-no-ninho-do-urubu\/"]}]},{"@type":"ImageObject","inLanguage":"pt-BR","@id":"https:\/\/www.cidademarketing.com.br\/marketing\/2019\/02\/12\/ministerio-publico-do-trabalho-no-rio-de-janeiro-se-reune-com-representantes-do-flamengo-sobre-tragedia-no-ninho-do-urubu\/#primaryimage","url":"https:\/\/www.cidademarketing.com.br\/marketing\/wp-content\/uploads\/2019\/02\/ministeriopublico_riodejaneiro.png","contentUrl":"https:\/\/www.cidademarketing.com.br\/marketing\/wp-content\/uploads\/2019\/02\/ministeriopublico_riodejaneiro.png","width":599,"height":305,"caption":"Reprodu\u00e7\u00e3o"},{"@type":"BreadcrumbList","@id":"https:\/\/www.cidademarketing.com.br\/marketing\/2019\/02\/12\/ministerio-publico-do-trabalho-no-rio-de-janeiro-se-reune-com-representantes-do-flamengo-sobre-tragedia-no-ninho-do-urubu\/#breadcrumb","itemListElement":[{"@type":"ListItem","position":1,"name":"In\u00edcio","item":"https:\/\/www.cidademarketing.com.br\/marketing\/"},{"@type":"ListItem","position":2,"name":"Minist\u00e9rio P\u00fablico do Trabalho no Rio de Janeiro se re\u00fane com representantes do Flamengo sobre trag\u00e9dia no Ninho do Urubu"}]},{"@type":"WebSite","@id":"https:\/\/www.cidademarketing.com.br\/marketing\/#website","url":"https:\/\/www.cidademarketing.com.br\/marketing\/","name":"CidadeMarketing","description":"Somos um ve\u00edculo de comunica\u00e7\u00e3o de destaque no Brasil, reconhecido por conte\u00fados nos segmentos de marketing, empreendedorismo e inova\u00e7\u00e3o.","publisher":{"@id":"https:\/\/www.cidademarketing.com.br\/marketing\/#organization"},"alternateName":"CidadeMarketing","potentialAction":[{"@type":"SearchAction","target":{"@type":"EntryPoint","urlTemplate":"https:\/\/www.cidademarketing.com.br\/marketing\/?s={search_term_string}"},"query-input":{"@type":"PropertyValueSpecification","valueRequired":true,"valueName":"search_term_string"}}],"inLanguage":"pt-BR"},{"@type":"Organization","@id":"https:\/\/www.cidademarketing.com.br\/marketing\/#organization","name":"CidadeMarketing","alternateName":"CidadeMarketing","url":"https:\/\/www.cidademarketing.com.br\/marketing\/","logo":{"@type":"ImageObject","inLanguage":"pt-BR","@id":"https:\/\/www.cidademarketing.com.br\/marketing\/#\/schema\/logo\/image\/","url":"https:\/\/www.cidademarketing.com.br\/marketing\/wp-content\/uploads\/2020\/01\/cidademarketing_marca_mobile.png","contentUrl":"https:\/\/www.cidademarketing.com.br\/marketing\/wp-content\/uploads\/2020\/01\/cidademarketing_marca_mobile.png","width":230,"height":92,"caption":"CidadeMarketing"},"image":{"@id":"https:\/\/www.cidademarketing.com.br\/marketing\/#\/schema\/logo\/image\/"},"sameAs":["https:\/\/www.facebook.com\/portalcidademarketing","https:\/\/x.com\/CidadeMarketing","https:\/\/www.instagram.com\/cidademarketing\/"]},{"@type":"Person","@id":"https:\/\/www.cidademarketing.com.br\/marketing\/#\/schema\/person\/02daff9f18bd9378c9e01eb6b2db155f","name":"Thales Brand\u00e3o","image":{"@type":"ImageObject","inLanguage":"pt-BR","@id":"https:\/\/secure.gravatar.com\/avatar\/7ca3206950207cc3cb48feec56a8a7898741ab725c368d99d5d7a5a50aab80c6?s=96&d=mm&r=g","url":"https:\/\/secure.gravatar.com\/avatar\/7ca3206950207cc3cb48feec56a8a7898741ab725c368d99d5d7a5a50aab80c6?s=96&d=mm&r=g","contentUrl":"https:\/\/secure.gravatar.com\/avatar\/7ca3206950207cc3cb48feec56a8a7898741ab725c368d99d5d7a5a50aab80c6?s=96&d=mm&r=g","caption":"Thales Brand\u00e3o"},"description":"Editor Executivo do Portal CidadeMarketing.com.br &gt; Mestre em Comunica\u00e7\u00e3o e Sociedade pela Universidade Federal de Sergipe. Possui MBA Executivo em Administra\u00e7\u00e3o com \u00eanfase em Marketing pela Funda\u00e7\u00e3o Get\u00falio Vargas - Rio de Janeiro. Consultor, Palestrante e Pesquisador sobre Empreendedorismo, Marketing, Redes Sociais e Neg\u00f3cios Digitais. Professor, Palestrante TedxTalks e Campus Party. Twitter: @ThalesBrandao","sameAs":["http:\/\/www.mandacaru.com.br","https:\/\/www.facebook.com\/thalesbrandao","http:\/\/www.instagram.com.br\/thalesbrandaoferreira","https:\/\/www.linkedin.com\/in\/thales-brand\u00e3o-3948609\/","https:\/\/x.com\/http:\/\/www.twitter.com\/thalesbrandao"],"url":"https:\/\/www.cidademarketing.com.br\/marketing\/author\/thalesbrandao\/"}]}},"amp_enabled":true,"_links":{"self":[{"href":"https:\/\/www.cidademarketing.com.br\/marketing\/wp-json\/wp\/v2\/posts\/6237","targetHints":{"allow":["GET"]}}],"collection":[{"href":"https:\/\/www.cidademarketing.com.br\/marketing\/wp-json\/wp\/v2\/posts"}],"about":[{"href":"https:\/\/www.cidademarketing.com.br\/marketing\/wp-json\/wp\/v2\/types\/post"}],"author":[{"embeddable":true,"href":"https:\/\/www.cidademarketing.com.br\/marketing\/wp-json\/wp\/v2\/users\/1"}],"replies":[{"embeddable":true,"href":"https:\/\/www.cidademarketing.com.br\/marketing\/wp-json\/wp\/v2\/comments?post=6237"}],"version-history":[{"count":1,"href":"https:\/\/www.cidademarketing.com.br\/marketing\/wp-json\/wp\/v2\/posts\/6237\/revisions"}],"predecessor-version":[{"id":6239,"href":"https:\/\/www.cidademarketing.com.br\/marketing\/wp-json\/wp\/v2\/posts\/6237\/revisions\/6239"}],"wp:featuredmedia":[{"embeddable":true,"href":"https:\/\/www.cidademarketing.com.br\/marketing\/wp-json\/wp\/v2\/media\/6238"}],"wp:attachment":[{"href":"https:\/\/www.cidademarketing.com.br\/marketing\/wp-json\/wp\/v2\/media?parent=6237"}],"wp:term":[{"taxonomy":"category","embeddable":true,"href":"https:\/\/www.cidademarketing.com.br\/marketing\/wp-json\/wp\/v2\/categories?post=6237"},{"taxonomy":"post_tag","embeddable":true,"href":"https:\/\/www.cidademarketing.com.br\/marketing\/wp-json\/wp\/v2\/tags?post=6237"}],"curies":[{"name":"wp","href":"https:\/\/api.w.org\/{rel}","templated":true}]}}