{"id":6232,"date":"2019-02-12T19:02:27","date_gmt":"2019-02-12T21:02:27","guid":{"rendered":"http:\/\/www.cidademarketing.com.br\/marketing\/?p=6232"},"modified":"2019-02-12T19:02:29","modified_gmt":"2019-02-12T21:02:29","slug":"mpmg-reforca-pedido-a-vale-para-apresentar-plano-emergencial-em-relacao-aos-animais","status":"publish","type":"post","link":"https:\/\/www.cidademarketing.com.br\/marketing\/2019\/02\/12\/mpmg-reforca-pedido-a-vale-para-apresentar-plano-emergencial-em-relacao-aos-animais\/","title":{"rendered":"MPMG refor\u00e7a pedido \u00e0 Vale para apresentar plano emergencial em rela\u00e7\u00e3o aos animais"},"content":{"rendered":"\n<p>O Minist\u00e9rio P\u00fablico de Minas Gerais (MPMG), por meio da Coordenadoria Estadual de Defesa da Fauna (Gedef), refor\u00e7ou junto \u00e0 Vale a urgente necessidade de apresentar um plano emergencial que contemple a\u00e7\u00f5es de localiza\u00e7\u00e3o, resgate e cuidado dos animais dom\u00e9sticos em virtude de eventual rompimento de barragem no munic\u00edpio de Bar\u00e3o de Cocais, Regi\u00e3o Central de Minas Gerais.<br><br>\nNa \u00faltima sexta-feira, 8, o MPMG expediu uma <a href=\"https:\/\/www.mpmg.mp.br\/lumis\/portal\/file\/fileDownload.jsp?fileId=8A91CFA968CBE8B40168CED1CC2F423C\">Recomenda\u00e7\u00e3o<\/a> \u00e0 Vale para que o plano fosse elaborado. Por\u00e9m, conforme a promotora de Justi\u00e7a Luciana Imaculada de Paula, coordenadora do Gedef, \u201ca Vale apresentou um plano emergencial, que entendemos n\u00e3o ser satisfat\u00f3rio, por faltarem elementos b\u00e1sicos, como cronograma e a log\u00edstica da retirada\u201d, ressalta.<br><br>\nAinda de acordo com a coordenadora do Gedef, \u201cpor causa disso, o MPMG requisitou a complementa\u00e7\u00e3o da recomenda\u00e7\u00e3o, concedendo prazo de 24h. Caso n\u00e3o haja a complementa\u00e7\u00e3o no prazo estipulado, a quest\u00e3o ter\u00e1 que ser judicializada\u201d, destaca.<br><br>\nA promotora de Justi\u00e7a explica ainda que, \u201co IBAMA j\u00e1 notificou a Vale pelo mesmo motivo, e a Defesa Civil deu prazo at\u00e9 quarta feira, 13, para que a Vale retire os animais da \u00e1rea de risco\u201d.<br><strong><br>\nMedidas a serem adotadas pela Vale<\/strong><br>\nConforme a Recomenda\u00e7\u00e3o, o plano, al\u00e9m de localiza\u00e7\u00e3o, resgate e cuidado dos animais dom\u00e9sticos dever\u00e1 contemplar ainda o afugentamento, monitoramento e resgate de fauna silvestre, na \u00e1rea de dam break, com vistas a minimizar os danos ao meio ambiente, em especial \u00e0s esp\u00e9cies da fauna.<br><br>\nDe acordo com o MPMG, o plano dever\u00e1 prever, entre outras igualmente relevantes, a execu\u00e7\u00e3o das seguintes medidas: composi\u00e7\u00e3o de equipe t\u00e9cnica qualificada, preferencialmente habilitada em manejo etol\u00f3gico, para realizar a\u00e7\u00f5es de busca, resgate e cuidados de animais; disponibiliza\u00e7\u00e3o de equipamentos, maquin\u00e1rios, ve\u00edculos (a\u00e9reos ou terrestres) e suprimentos necess\u00e1rios \u00e0 busca, resgate e cuidados dos animais; diagn\u00f3stico das \u00e1reas atingidas, visando \u00e0 localiza\u00e7\u00e3o, identifica\u00e7\u00e3o e quantifica\u00e7\u00e3o de animais isolados.<br><br>\nQuanto ao resgate imediato dos animais isolados, o plano dever\u00e1 prever a provis\u00e3o de alimento, \u00e1gua e cuidados veterin\u00e1rios \u00e0queles animais cujo resgate n\u00e3o for tecnicamente recomend\u00e1vel Essas medidas dever\u00e3o ser adotadas at\u00e9 o resgate dos animais e sua entrega aos seus tutores.<br><br>\nCaso o animal n\u00e3o possa ser entregue ao seu tutor, dever\u00e1 ser mantido em abrigo que assegure condi\u00e7\u00f5es de bem-estar inerentes a cada esp\u00e9cie.<br><br>\nLogo ap\u00f3s a elabora\u00e7\u00e3o do plano a Vale dever\u00e1 submete-lo ao Comando da Opera\u00e7\u00e3o de Resgate, do qual fazem parte o Corpo de Bombeiros e a Defesa Civil, organizado para tratar das medidas emergenciais referentes \u00e0 evacua\u00e7\u00e3o de animais, a fim de compatibilizar a necessidade de resgate com a seguran\u00e7a das pessoas envolvidas na opera\u00e7\u00e3o.<br><br><strong>Itatiaiu\u00e7u<\/strong><br>\nSegundo a coordenadora do Gedef, no Povoado de Pinheiros, em Itatiaiu\u00e7u, na Regi\u00e3o Metropolitana de Belo Horizonte (RMBH), o recolhimento dos animais j\u00e1 foi iniciado pela Arcelor Mittal. Os animais est\u00e3o sendo acompanhados por veterin\u00e1rios e a realoca\u00e7\u00e3o est\u00e1 prevista para ser conclu\u00edda nesta quarta-feira, 13.<br><br>\nAnimais de pequeno porte est\u00e3o nos hot\u00e9is juntamente com os donos que foram desalojados de suas resid\u00eancias.<br><br><strong>Brumadinho<\/strong><br>\nSobre as provid\u00eancias a serem tomadas em Brumadinho, a promotora de Justi\u00e7a Luciana Imaculada de Paula explica que as medidas adotadas pela Vale n\u00e3o est\u00e3o contemplando todas as expectativas. \u201cEstamos negociando a assinatura de um Termo de Ajustamento de Conduta (TAC) que ir\u00e1 propiciar melhorias no servi\u00e7o de atendimento emergencial que a Vale est\u00e1 prestando, pois existem v\u00e1rias situa\u00e7\u00f5es de risco envolvendo os animais em Brumadinho.<\/p>\n","protected":false},"excerpt":{"rendered":"<p>O Minist\u00e9rio P\u00fablico de Minas Gerais (MPMG), por meio da Coordenadoria Estadual de Defesa da Fauna (Gedef), refor\u00e7ou junto \u00e0 Vale a urgente necessidade de apresentar um plano emergencial que contemple a\u00e7\u00f5es de localiza\u00e7\u00e3o, resgate e cuidado dos animais dom\u00e9sticos em virtude de eventual rompimento de barragem no munic\u00edpio de Bar\u00e3o de Cocais, Regi\u00e3o Central [&hellip;]<\/p>\n","protected":false},"author":1,"featured_media":6008,"comment_status":"open","ping_status":"open","sticky":false,"template":"","format":"standard","meta":{"tdm_status":"","tdm_grid_status":"","footnotes":""},"categories":[6],"tags":[1239,120],"class_list":["post-6232","post","type-post","status-publish","format-standard","has-post-thumbnail","hentry","category-noticias","tag-brumadinho","tag-ministerio-publico"],"yoast_head":"<!-- This site is optimized with the Yoast SEO plugin v27.5 - https:\/\/yoast.com\/product\/yoast-seo-wordpress\/ -->\n<title>MPMG refor\u00e7a pedido \u00e0 Vale para apresentar plano emergencial em rela\u00e7\u00e3o aos animais - CidadeMarketing<\/title>\n<meta name=\"robots\" content=\"index, follow, max-snippet:-1, max-image-preview:large, max-video-preview:-1\" \/>\n<link rel=\"canonical\" href=\"https:\/\/www.cidademarketing.com.br\/marketing\/2019\/02\/12\/mpmg-reforca-pedido-a-vale-para-apresentar-plano-emergencial-em-relacao-aos-animais\/\" \/>\n<meta property=\"og:locale\" content=\"pt_BR\" \/>\n<meta property=\"og:type\" content=\"article\" \/>\n<meta property=\"og:title\" content=\"MPMG refor\u00e7a pedido \u00e0 Vale para apresentar plano emergencial em rela\u00e7\u00e3o aos animais - CidadeMarketing\" \/>\n<meta property=\"og:description\" content=\"O Minist\u00e9rio P\u00fablico de Minas Gerais (MPMG), por meio da Coordenadoria Estadual de Defesa da Fauna (Gedef), refor\u00e7ou junto \u00e0 Vale a urgente necessidade de apresentar um plano emergencial que contemple a\u00e7\u00f5es de localiza\u00e7\u00e3o, resgate e cuidado dos animais dom\u00e9sticos em virtude de eventual rompimento de barragem no munic\u00edpio de Bar\u00e3o de Cocais, Regi\u00e3o Central [&hellip;]\" \/>\n<meta property=\"og:url\" content=\"https:\/\/www.cidademarketing.com.br\/marketing\/2019\/02\/12\/mpmg-reforca-pedido-a-vale-para-apresentar-plano-emergencial-em-relacao-aos-animais\/\" \/>\n<meta property=\"og:site_name\" content=\"CidadeMarketing\" \/>\n<meta property=\"article:publisher\" content=\"https:\/\/www.facebook.com\/portalcidademarketing\" \/>\n<meta property=\"article:author\" content=\"https:\/\/www.facebook.com\/thalesbrandao\" \/>\n<meta property=\"article:published_time\" content=\"2019-02-12T21:02:27+00:00\" \/>\n<meta property=\"article:modified_time\" content=\"2019-02-12T21:02:29+00:00\" \/>\n<meta property=\"og:image\" content=\"https:\/\/www.cidademarketing.com.br\/marketing\/wp-content\/uploads\/2019\/02\/vale.jpg\" \/>\n\t<meta property=\"og:image:width\" content=\"720\" \/>\n\t<meta property=\"og:image:height\" content=\"460\" \/>\n\t<meta property=\"og:image:type\" content=\"image\/jpeg\" \/>\n<meta name=\"author\" content=\"Thales Brand\u00e3o\" \/>\n<meta name=\"twitter:card\" content=\"summary_large_image\" \/>\n<meta name=\"twitter:creator\" content=\"@http:\/\/www.twitter.com\/thalesbrandao\" \/>\n<meta name=\"twitter:site\" content=\"@CidadeMarketing\" \/>\n<meta name=\"twitter:label1\" content=\"Escrito por\" \/>\n\t<meta name=\"twitter:data1\" content=\"Thales Brand\u00e3o\" \/>\n\t<meta name=\"twitter:label2\" content=\"Est. tempo de leitura\" \/>\n\t<meta name=\"twitter:data2\" content=\"3 minutos\" \/>\n<script type=\"application\/ld+json\" class=\"yoast-schema-graph\">{\"@context\":\"https:\\\/\\\/schema.org\",\"@graph\":[{\"@type\":\"Article\",\"@id\":\"https:\\\/\\\/www.cidademarketing.com.br\\\/marketing\\\/2019\\\/02\\\/12\\\/mpmg-reforca-pedido-a-vale-para-apresentar-plano-emergencial-em-relacao-aos-animais\\\/#article\",\"isPartOf\":{\"@id\":\"https:\\\/\\\/www.cidademarketing.com.br\\\/marketing\\\/2019\\\/02\\\/12\\\/mpmg-reforca-pedido-a-vale-para-apresentar-plano-emergencial-em-relacao-aos-animais\\\/\"},\"author\":{\"name\":\"Thales Brand\u00e3o\",\"@id\":\"https:\\\/\\\/www.cidademarketing.com.br\\\/marketing\\\/#\\\/schema\\\/person\\\/02daff9f18bd9378c9e01eb6b2db155f\"},\"headline\":\"MPMG refor\u00e7a pedido \u00e0 Vale para apresentar plano emergencial em rela\u00e7\u00e3o aos animais\",\"datePublished\":\"2019-02-12T21:02:27+00:00\",\"dateModified\":\"2019-02-12T21:02:29+00:00\",\"mainEntityOfPage\":{\"@id\":\"https:\\\/\\\/www.cidademarketing.com.br\\\/marketing\\\/2019\\\/02\\\/12\\\/mpmg-reforca-pedido-a-vale-para-apresentar-plano-emergencial-em-relacao-aos-animais\\\/\"},\"wordCount\":636,\"commentCount\":0,\"publisher\":{\"@id\":\"https:\\\/\\\/www.cidademarketing.com.br\\\/marketing\\\/#organization\"},\"image\":{\"@id\":\"https:\\\/\\\/www.cidademarketing.com.br\\\/marketing\\\/2019\\\/02\\\/12\\\/mpmg-reforca-pedido-a-vale-para-apresentar-plano-emergencial-em-relacao-aos-animais\\\/#primaryimage\"},\"thumbnailUrl\":\"https:\\\/\\\/www.cidademarketing.com.br\\\/marketing\\\/wp-content\\\/uploads\\\/2019\\\/02\\\/vale.jpg\",\"keywords\":[\"Brumadinho\",\"Minist\u00e9rio P\u00f9blico\"],\"articleSection\":[\"Not\u00edcias\"],\"inLanguage\":\"pt-BR\",\"potentialAction\":[{\"@type\":\"CommentAction\",\"name\":\"Comment\",\"target\":[\"https:\\\/\\\/www.cidademarketing.com.br\\\/marketing\\\/2019\\\/02\\\/12\\\/mpmg-reforca-pedido-a-vale-para-apresentar-plano-emergencial-em-relacao-aos-animais\\\/#respond\"]}]},{\"@type\":\"WebPage\",\"@id\":\"https:\\\/\\\/www.cidademarketing.com.br\\\/marketing\\\/2019\\\/02\\\/12\\\/mpmg-reforca-pedido-a-vale-para-apresentar-plano-emergencial-em-relacao-aos-animais\\\/\",\"url\":\"https:\\\/\\\/www.cidademarketing.com.br\\\/marketing\\\/2019\\\/02\\\/12\\\/mpmg-reforca-pedido-a-vale-para-apresentar-plano-emergencial-em-relacao-aos-animais\\\/\",\"name\":\"MPMG refor\u00e7a pedido \u00e0 Vale para apresentar plano emergencial em rela\u00e7\u00e3o aos animais - CidadeMarketing\",\"isPartOf\":{\"@id\":\"https:\\\/\\\/www.cidademarketing.com.br\\\/marketing\\\/#website\"},\"primaryImageOfPage\":{\"@id\":\"https:\\\/\\\/www.cidademarketing.com.br\\\/marketing\\\/2019\\\/02\\\/12\\\/mpmg-reforca-pedido-a-vale-para-apresentar-plano-emergencial-em-relacao-aos-animais\\\/#primaryimage\"},\"image\":{\"@id\":\"https:\\\/\\\/www.cidademarketing.com.br\\\/marketing\\\/2019\\\/02\\\/12\\\/mpmg-reforca-pedido-a-vale-para-apresentar-plano-emergencial-em-relacao-aos-animais\\\/#primaryimage\"},\"thumbnailUrl\":\"https:\\\/\\\/www.cidademarketing.com.br\\\/marketing\\\/wp-content\\\/uploads\\\/2019\\\/02\\\/vale.jpg\",\"datePublished\":\"2019-02-12T21:02:27+00:00\",\"dateModified\":\"2019-02-12T21:02:29+00:00\",\"breadcrumb\":{\"@id\":\"https:\\\/\\\/www.cidademarketing.com.br\\\/marketing\\\/2019\\\/02\\\/12\\\/mpmg-reforca-pedido-a-vale-para-apresentar-plano-emergencial-em-relacao-aos-animais\\\/#breadcrumb\"},\"inLanguage\":\"pt-BR\",\"potentialAction\":[{\"@type\":\"ReadAction\",\"target\":[\"https:\\\/\\\/www.cidademarketing.com.br\\\/marketing\\\/2019\\\/02\\\/12\\\/mpmg-reforca-pedido-a-vale-para-apresentar-plano-emergencial-em-relacao-aos-animais\\\/\"]}]},{\"@type\":\"ImageObject\",\"inLanguage\":\"pt-BR\",\"@id\":\"https:\\\/\\\/www.cidademarketing.com.br\\\/marketing\\\/2019\\\/02\\\/12\\\/mpmg-reforca-pedido-a-vale-para-apresentar-plano-emergencial-em-relacao-aos-animais\\\/#primaryimage\",\"url\":\"https:\\\/\\\/www.cidademarketing.com.br\\\/marketing\\\/wp-content\\\/uploads\\\/2019\\\/02\\\/vale.jpg\",\"contentUrl\":\"https:\\\/\\\/www.cidademarketing.com.br\\\/marketing\\\/wp-content\\\/uploads\\\/2019\\\/02\\\/vale.jpg\",\"width\":720,\"height\":460},{\"@type\":\"BreadcrumbList\",\"@id\":\"https:\\\/\\\/www.cidademarketing.com.br\\\/marketing\\\/2019\\\/02\\\/12\\\/mpmg-reforca-pedido-a-vale-para-apresentar-plano-emergencial-em-relacao-aos-animais\\\/#breadcrumb\",\"itemListElement\":[{\"@type\":\"ListItem\",\"position\":1,\"name\":\"In\u00edcio\",\"item\":\"https:\\\/\\\/www.cidademarketing.com.br\\\/marketing\\\/\"},{\"@type\":\"ListItem\",\"position\":2,\"name\":\"MPMG refor\u00e7a pedido \u00e0 Vale para apresentar plano emergencial em rela\u00e7\u00e3o aos animais\"}]},{\"@type\":\"WebSite\",\"@id\":\"https:\\\/\\\/www.cidademarketing.com.br\\\/marketing\\\/#website\",\"url\":\"https:\\\/\\\/www.cidademarketing.com.br\\\/marketing\\\/\",\"name\":\"CidadeMarketing\",\"description\":\"Somos um ve\u00edculo de comunica\u00e7\u00e3o de destaque no Brasil, reconhecido por conte\u00fados nos segmentos de marketing, empreendedorismo e inova\u00e7\u00e3o.\",\"publisher\":{\"@id\":\"https:\\\/\\\/www.cidademarketing.com.br\\\/marketing\\\/#organization\"},\"alternateName\":\"CidadeMarketing\",\"potentialAction\":[{\"@type\":\"SearchAction\",\"target\":{\"@type\":\"EntryPoint\",\"urlTemplate\":\"https:\\\/\\\/www.cidademarketing.com.br\\\/marketing\\\/?s={search_term_string}\"},\"query-input\":{\"@type\":\"PropertyValueSpecification\",\"valueRequired\":true,\"valueName\":\"search_term_string\"}}],\"inLanguage\":\"pt-BR\"},{\"@type\":\"Organization\",\"@id\":\"https:\\\/\\\/www.cidademarketing.com.br\\\/marketing\\\/#organization\",\"name\":\"CidadeMarketing\",\"alternateName\":\"CidadeMarketing\",\"url\":\"https:\\\/\\\/www.cidademarketing.com.br\\\/marketing\\\/\",\"logo\":{\"@type\":\"ImageObject\",\"inLanguage\":\"pt-BR\",\"@id\":\"https:\\\/\\\/www.cidademarketing.com.br\\\/marketing\\\/#\\\/schema\\\/logo\\\/image\\\/\",\"url\":\"https:\\\/\\\/www.cidademarketing.com.br\\\/marketing\\\/wp-content\\\/uploads\\\/2020\\\/01\\\/cidademarketing_marca_mobile.png\",\"contentUrl\":\"https:\\\/\\\/www.cidademarketing.com.br\\\/marketing\\\/wp-content\\\/uploads\\\/2020\\\/01\\\/cidademarketing_marca_mobile.png\",\"width\":230,\"height\":92,\"caption\":\"CidadeMarketing\"},\"image\":{\"@id\":\"https:\\\/\\\/www.cidademarketing.com.br\\\/marketing\\\/#\\\/schema\\\/logo\\\/image\\\/\"},\"sameAs\":[\"https:\\\/\\\/www.facebook.com\\\/portalcidademarketing\",\"https:\\\/\\\/x.com\\\/CidadeMarketing\",\"https:\\\/\\\/www.instagram.com\\\/cidademarketing\\\/\"]},{\"@type\":\"Person\",\"@id\":\"https:\\\/\\\/www.cidademarketing.com.br\\\/marketing\\\/#\\\/schema\\\/person\\\/02daff9f18bd9378c9e01eb6b2db155f\",\"name\":\"Thales Brand\u00e3o\",\"image\":{\"@type\":\"ImageObject\",\"inLanguage\":\"pt-BR\",\"@id\":\"https:\\\/\\\/secure.gravatar.com\\\/avatar\\\/7ca3206950207cc3cb48feec56a8a7898741ab725c368d99d5d7a5a50aab80c6?s=96&d=mm&r=g\",\"url\":\"https:\\\/\\\/secure.gravatar.com\\\/avatar\\\/7ca3206950207cc3cb48feec56a8a7898741ab725c368d99d5d7a5a50aab80c6?s=96&d=mm&r=g\",\"contentUrl\":\"https:\\\/\\\/secure.gravatar.com\\\/avatar\\\/7ca3206950207cc3cb48feec56a8a7898741ab725c368d99d5d7a5a50aab80c6?s=96&d=mm&r=g\",\"caption\":\"Thales Brand\u00e3o\"},\"description\":\"Editor Executivo do Portal CidadeMarketing.com.br &gt; Mestre em Comunica\u00e7\u00e3o e Sociedade pela Universidade Federal de Sergipe. Possui MBA Executivo em Administra\u00e7\u00e3o com \u00eanfase em Marketing pela Funda\u00e7\u00e3o Get\u00falio Vargas - Rio de Janeiro. Consultor, Palestrante e Pesquisador sobre Empreendedorismo, Marketing, Redes Sociais e Neg\u00f3cios Digitais. Professor, Palestrante TedxTalks e Campus Party. Twitter: @ThalesBrandao\",\"sameAs\":[\"http:\\\/\\\/www.mandacaru.com.br\",\"https:\\\/\\\/www.facebook.com\\\/thalesbrandao\",\"http:\\\/\\\/www.instagram.com.br\\\/thalesbrandaoferreira\",\"https:\\\/\\\/www.linkedin.com\\\/in\\\/thales-brand\u00e3o-3948609\\\/\",\"https:\\\/\\\/x.com\\\/http:\\\/\\\/www.twitter.com\\\/thalesbrandao\"],\"url\":\"https:\\\/\\\/www.cidademarketing.com.br\\\/marketing\\\/author\\\/thalesbrandao\\\/\"}]}<\/script>\n<!-- \/ Yoast SEO plugin. -->","yoast_head_json":{"title":"MPMG refor\u00e7a pedido \u00e0 Vale para apresentar plano emergencial em rela\u00e7\u00e3o aos animais - CidadeMarketing","robots":{"index":"index","follow":"follow","max-snippet":"max-snippet:-1","max-image-preview":"max-image-preview:large","max-video-preview":"max-video-preview:-1"},"canonical":"https:\/\/www.cidademarketing.com.br\/marketing\/2019\/02\/12\/mpmg-reforca-pedido-a-vale-para-apresentar-plano-emergencial-em-relacao-aos-animais\/","og_locale":"pt_BR","og_type":"article","og_title":"MPMG refor\u00e7a pedido \u00e0 Vale para apresentar plano emergencial em rela\u00e7\u00e3o aos animais - CidadeMarketing","og_description":"O Minist\u00e9rio P\u00fablico de Minas Gerais (MPMG), por meio da Coordenadoria Estadual de Defesa da Fauna (Gedef), refor\u00e7ou junto \u00e0 Vale a urgente necessidade de apresentar um plano emergencial que contemple a\u00e7\u00f5es de localiza\u00e7\u00e3o, resgate e cuidado dos animais dom\u00e9sticos em virtude de eventual rompimento de barragem no munic\u00edpio de Bar\u00e3o de Cocais, Regi\u00e3o Central [&hellip;]","og_url":"https:\/\/www.cidademarketing.com.br\/marketing\/2019\/02\/12\/mpmg-reforca-pedido-a-vale-para-apresentar-plano-emergencial-em-relacao-aos-animais\/","og_site_name":"CidadeMarketing","article_publisher":"https:\/\/www.facebook.com\/portalcidademarketing","article_author":"https:\/\/www.facebook.com\/thalesbrandao","article_published_time":"2019-02-12T21:02:27+00:00","article_modified_time":"2019-02-12T21:02:29+00:00","og_image":[{"width":720,"height":460,"url":"https:\/\/www.cidademarketing.com.br\/marketing\/wp-content\/uploads\/2019\/02\/vale.jpg","type":"image\/jpeg"}],"author":"Thales Brand\u00e3o","twitter_card":"summary_large_image","twitter_creator":"@http:\/\/www.twitter.com\/thalesbrandao","twitter_site":"@CidadeMarketing","twitter_misc":{"Escrito por":"Thales Brand\u00e3o","Est. tempo de leitura":"3 minutos"},"schema":{"@context":"https:\/\/schema.org","@graph":[{"@type":"Article","@id":"https:\/\/www.cidademarketing.com.br\/marketing\/2019\/02\/12\/mpmg-reforca-pedido-a-vale-para-apresentar-plano-emergencial-em-relacao-aos-animais\/#article","isPartOf":{"@id":"https:\/\/www.cidademarketing.com.br\/marketing\/2019\/02\/12\/mpmg-reforca-pedido-a-vale-para-apresentar-plano-emergencial-em-relacao-aos-animais\/"},"author":{"name":"Thales Brand\u00e3o","@id":"https:\/\/www.cidademarketing.com.br\/marketing\/#\/schema\/person\/02daff9f18bd9378c9e01eb6b2db155f"},"headline":"MPMG refor\u00e7a pedido \u00e0 Vale para apresentar plano emergencial em rela\u00e7\u00e3o aos animais","datePublished":"2019-02-12T21:02:27+00:00","dateModified":"2019-02-12T21:02:29+00:00","mainEntityOfPage":{"@id":"https:\/\/www.cidademarketing.com.br\/marketing\/2019\/02\/12\/mpmg-reforca-pedido-a-vale-para-apresentar-plano-emergencial-em-relacao-aos-animais\/"},"wordCount":636,"commentCount":0,"publisher":{"@id":"https:\/\/www.cidademarketing.com.br\/marketing\/#organization"},"image":{"@id":"https:\/\/www.cidademarketing.com.br\/marketing\/2019\/02\/12\/mpmg-reforca-pedido-a-vale-para-apresentar-plano-emergencial-em-relacao-aos-animais\/#primaryimage"},"thumbnailUrl":"https:\/\/www.cidademarketing.com.br\/marketing\/wp-content\/uploads\/2019\/02\/vale.jpg","keywords":["Brumadinho","Minist\u00e9rio P\u00f9blico"],"articleSection":["Not\u00edcias"],"inLanguage":"pt-BR","potentialAction":[{"@type":"CommentAction","name":"Comment","target":["https:\/\/www.cidademarketing.com.br\/marketing\/2019\/02\/12\/mpmg-reforca-pedido-a-vale-para-apresentar-plano-emergencial-em-relacao-aos-animais\/#respond"]}]},{"@type":"WebPage","@id":"https:\/\/www.cidademarketing.com.br\/marketing\/2019\/02\/12\/mpmg-reforca-pedido-a-vale-para-apresentar-plano-emergencial-em-relacao-aos-animais\/","url":"https:\/\/www.cidademarketing.com.br\/marketing\/2019\/02\/12\/mpmg-reforca-pedido-a-vale-para-apresentar-plano-emergencial-em-relacao-aos-animais\/","name":"MPMG refor\u00e7a pedido \u00e0 Vale para apresentar plano emergencial em rela\u00e7\u00e3o aos animais - CidadeMarketing","isPartOf":{"@id":"https:\/\/www.cidademarketing.com.br\/marketing\/#website"},"primaryImageOfPage":{"@id":"https:\/\/www.cidademarketing.com.br\/marketing\/2019\/02\/12\/mpmg-reforca-pedido-a-vale-para-apresentar-plano-emergencial-em-relacao-aos-animais\/#primaryimage"},"image":{"@id":"https:\/\/www.cidademarketing.com.br\/marketing\/2019\/02\/12\/mpmg-reforca-pedido-a-vale-para-apresentar-plano-emergencial-em-relacao-aos-animais\/#primaryimage"},"thumbnailUrl":"https:\/\/www.cidademarketing.com.br\/marketing\/wp-content\/uploads\/2019\/02\/vale.jpg","datePublished":"2019-02-12T21:02:27+00:00","dateModified":"2019-02-12T21:02:29+00:00","breadcrumb":{"@id":"https:\/\/www.cidademarketing.com.br\/marketing\/2019\/02\/12\/mpmg-reforca-pedido-a-vale-para-apresentar-plano-emergencial-em-relacao-aos-animais\/#breadcrumb"},"inLanguage":"pt-BR","potentialAction":[{"@type":"ReadAction","target":["https:\/\/www.cidademarketing.com.br\/marketing\/2019\/02\/12\/mpmg-reforca-pedido-a-vale-para-apresentar-plano-emergencial-em-relacao-aos-animais\/"]}]},{"@type":"ImageObject","inLanguage":"pt-BR","@id":"https:\/\/www.cidademarketing.com.br\/marketing\/2019\/02\/12\/mpmg-reforca-pedido-a-vale-para-apresentar-plano-emergencial-em-relacao-aos-animais\/#primaryimage","url":"https:\/\/www.cidademarketing.com.br\/marketing\/wp-content\/uploads\/2019\/02\/vale.jpg","contentUrl":"https:\/\/www.cidademarketing.com.br\/marketing\/wp-content\/uploads\/2019\/02\/vale.jpg","width":720,"height":460},{"@type":"BreadcrumbList","@id":"https:\/\/www.cidademarketing.com.br\/marketing\/2019\/02\/12\/mpmg-reforca-pedido-a-vale-para-apresentar-plano-emergencial-em-relacao-aos-animais\/#breadcrumb","itemListElement":[{"@type":"ListItem","position":1,"name":"In\u00edcio","item":"https:\/\/www.cidademarketing.com.br\/marketing\/"},{"@type":"ListItem","position":2,"name":"MPMG refor\u00e7a pedido \u00e0 Vale para apresentar plano emergencial em rela\u00e7\u00e3o aos animais"}]},{"@type":"WebSite","@id":"https:\/\/www.cidademarketing.com.br\/marketing\/#website","url":"https:\/\/www.cidademarketing.com.br\/marketing\/","name":"CidadeMarketing","description":"Somos um ve\u00edculo de comunica\u00e7\u00e3o de destaque no Brasil, reconhecido por conte\u00fados nos segmentos de marketing, empreendedorismo e inova\u00e7\u00e3o.","publisher":{"@id":"https:\/\/www.cidademarketing.com.br\/marketing\/#organization"},"alternateName":"CidadeMarketing","potentialAction":[{"@type":"SearchAction","target":{"@type":"EntryPoint","urlTemplate":"https:\/\/www.cidademarketing.com.br\/marketing\/?s={search_term_string}"},"query-input":{"@type":"PropertyValueSpecification","valueRequired":true,"valueName":"search_term_string"}}],"inLanguage":"pt-BR"},{"@type":"Organization","@id":"https:\/\/www.cidademarketing.com.br\/marketing\/#organization","name":"CidadeMarketing","alternateName":"CidadeMarketing","url":"https:\/\/www.cidademarketing.com.br\/marketing\/","logo":{"@type":"ImageObject","inLanguage":"pt-BR","@id":"https:\/\/www.cidademarketing.com.br\/marketing\/#\/schema\/logo\/image\/","url":"https:\/\/www.cidademarketing.com.br\/marketing\/wp-content\/uploads\/2020\/01\/cidademarketing_marca_mobile.png","contentUrl":"https:\/\/www.cidademarketing.com.br\/marketing\/wp-content\/uploads\/2020\/01\/cidademarketing_marca_mobile.png","width":230,"height":92,"caption":"CidadeMarketing"},"image":{"@id":"https:\/\/www.cidademarketing.com.br\/marketing\/#\/schema\/logo\/image\/"},"sameAs":["https:\/\/www.facebook.com\/portalcidademarketing","https:\/\/x.com\/CidadeMarketing","https:\/\/www.instagram.com\/cidademarketing\/"]},{"@type":"Person","@id":"https:\/\/www.cidademarketing.com.br\/marketing\/#\/schema\/person\/02daff9f18bd9378c9e01eb6b2db155f","name":"Thales Brand\u00e3o","image":{"@type":"ImageObject","inLanguage":"pt-BR","@id":"https:\/\/secure.gravatar.com\/avatar\/7ca3206950207cc3cb48feec56a8a7898741ab725c368d99d5d7a5a50aab80c6?s=96&d=mm&r=g","url":"https:\/\/secure.gravatar.com\/avatar\/7ca3206950207cc3cb48feec56a8a7898741ab725c368d99d5d7a5a50aab80c6?s=96&d=mm&r=g","contentUrl":"https:\/\/secure.gravatar.com\/avatar\/7ca3206950207cc3cb48feec56a8a7898741ab725c368d99d5d7a5a50aab80c6?s=96&d=mm&r=g","caption":"Thales Brand\u00e3o"},"description":"Editor Executivo do Portal CidadeMarketing.com.br &gt; Mestre em Comunica\u00e7\u00e3o e Sociedade pela Universidade Federal de Sergipe. Possui MBA Executivo em Administra\u00e7\u00e3o com \u00eanfase em Marketing pela Funda\u00e7\u00e3o Get\u00falio Vargas - Rio de Janeiro. Consultor, Palestrante e Pesquisador sobre Empreendedorismo, Marketing, Redes Sociais e Neg\u00f3cios Digitais. Professor, Palestrante TedxTalks e Campus Party. Twitter: @ThalesBrandao","sameAs":["http:\/\/www.mandacaru.com.br","https:\/\/www.facebook.com\/thalesbrandao","http:\/\/www.instagram.com.br\/thalesbrandaoferreira","https:\/\/www.linkedin.com\/in\/thales-brand\u00e3o-3948609\/","https:\/\/x.com\/http:\/\/www.twitter.com\/thalesbrandao"],"url":"https:\/\/www.cidademarketing.com.br\/marketing\/author\/thalesbrandao\/"}]}},"amp_enabled":true,"_links":{"self":[{"href":"https:\/\/www.cidademarketing.com.br\/marketing\/wp-json\/wp\/v2\/posts\/6232","targetHints":{"allow":["GET"]}}],"collection":[{"href":"https:\/\/www.cidademarketing.com.br\/marketing\/wp-json\/wp\/v2\/posts"}],"about":[{"href":"https:\/\/www.cidademarketing.com.br\/marketing\/wp-json\/wp\/v2\/types\/post"}],"author":[{"embeddable":true,"href":"https:\/\/www.cidademarketing.com.br\/marketing\/wp-json\/wp\/v2\/users\/1"}],"replies":[{"embeddable":true,"href":"https:\/\/www.cidademarketing.com.br\/marketing\/wp-json\/wp\/v2\/comments?post=6232"}],"version-history":[{"count":1,"href":"https:\/\/www.cidademarketing.com.br\/marketing\/wp-json\/wp\/v2\/posts\/6232\/revisions"}],"predecessor-version":[{"id":6233,"href":"https:\/\/www.cidademarketing.com.br\/marketing\/wp-json\/wp\/v2\/posts\/6232\/revisions\/6233"}],"wp:featuredmedia":[{"embeddable":true,"href":"https:\/\/www.cidademarketing.com.br\/marketing\/wp-json\/wp\/v2\/media\/6008"}],"wp:attachment":[{"href":"https:\/\/www.cidademarketing.com.br\/marketing\/wp-json\/wp\/v2\/media?parent=6232"}],"wp:term":[{"taxonomy":"category","embeddable":true,"href":"https:\/\/www.cidademarketing.com.br\/marketing\/wp-json\/wp\/v2\/categories?post=6232"},{"taxonomy":"post_tag","embeddable":true,"href":"https:\/\/www.cidademarketing.com.br\/marketing\/wp-json\/wp\/v2\/tags?post=6232"}],"curies":[{"name":"wp","href":"https:\/\/api.w.org\/{rel}","templated":true}]}}