{"id":6226,"date":"2019-02-12T17:44:31","date_gmt":"2019-02-12T19:44:31","guid":{"rendered":"http:\/\/www.cidademarketing.com.br\/marketing\/?p=6226"},"modified":"2019-02-12T17:44:35","modified_gmt":"2019-02-12T19:44:35","slug":"vila-gale-anuncia-renovacoes-nas-unidades-brasileiras-com-investimentos-de-15-milhoes","status":"publish","type":"post","link":"https:\/\/www.cidademarketing.com.br\/marketing\/2019\/02\/12\/vila-gale-anuncia-renovacoes-nas-unidades-brasileiras-com-investimentos-de-15-milhoes\/","title":{"rendered":"Vila Gal\u00e9 anuncia renova\u00e7\u00f5es nas unidades brasileiras com investimentos de 15 milh\u00f5es"},"content":{"rendered":"\n<p>A partir deste ano, os h\u00f3spedes do grupo Vila Gal\u00e9\npoder\u00e3o desfrutar de diversas novidades nas unidades da rede no Brasil. As\nrenova\u00e7\u00f5es, que v\u00e3o desde a cria\u00e7\u00e3o de novos espa\u00e7os para os h\u00f3spedes, \u00e0\ninaugura\u00e7\u00e3o de restaurantes, tem por intuito inovar a experi\u00eancia de\nhospedagem, tornando-a mais assertiva, marcante e prazerosa. <\/p>\n\n\n\n<p>\u201cO investimento em renova\u00e7\u00f5es superou os R$ 15 milh\u00f5es de reais,\ndemonstrando que a rede Vila Gal\u00e9 continua a apostar fortemente no lazer e na\nalimenta\u00e7\u00e3o como diferenciais na estadia para os mais variados perfis de\nh\u00f3spedes\u201d, explica Jos\u00e9 Ant\u00f3nio Bastos, diretor de Opera\u00e7\u00f5es Brasil.<\/p>\n\n\n\n<p>Uma das novidades \u00e9 a abertura do Restaurante Massa Fina, submarca da\nrede Vila Gal\u00e9, focada na prepara\u00e7\u00e3o de massas, risotos e pizzas artesanais,\nnas unidades de Salvador, Cumbuco e Rio de Janeiro. Os restaurantes s\u00e3o abertos\nao p\u00fablico local e, portanto, espera-se que os moradores tamb\u00e9m possam\naproveitar estes atrativos. Ainda no \u00e2mbito da alimenta\u00e7\u00e3o, o Vila Gal\u00e9 Mar\u00e9s\ninaugurou o restaurante \u201cCacau\u201d. Esta unidade tamb\u00e9m passou por um processo de\namplia\u00e7\u00e3o e agora conta com 576 unidades habitacionais. <\/p>\n\n\n\n<p>Pensando no p\u00fablico infantil, os hot\u00e9is Vila Gal\u00e9 Cumbuco, Touros e\nMar\u00e9s ganharam um novo atrativo: Trampolim do Nep. Trata-se de um conjunto de\ncamas el\u00e1sticas, onde as crian\u00e7as podem pular e se divertir durante os dias de\nhospedagem. J\u00e1 os adolescentes poder\u00e3o aproveitar as tardes para jogar v\u00eddeo\ngame no espa\u00e7o \u201cGalera Teens Lounge\u201d, equipado com playstations, PCs e\nprograma\u00e7\u00e3o exclusiva voltado para este p\u00fablico. <\/p>\n","protected":false},"excerpt":{"rendered":"<p>A partir deste ano, os h\u00f3spedes do grupo Vila Gal\u00e9 poder\u00e3o desfrutar de diversas novidades nas unidades da rede no Brasil. As renova\u00e7\u00f5es, que v\u00e3o desde a cria\u00e7\u00e3o de novos espa\u00e7os para os h\u00f3spedes, \u00e0 inaugura\u00e7\u00e3o de restaurantes, tem por intuito inovar a experi\u00eancia de hospedagem, tornando-a mais assertiva, marcante e prazerosa. \u201cO investimento em [&hellip;]<\/p>\n","protected":false},"author":1,"featured_media":6227,"comment_status":"open","ping_status":"open","sticky":false,"template":"","format":"standard","meta":{"tdm_status":"","tdm_grid_status":"","footnotes":""},"categories":[6],"tags":[1413,1412],"class_list":["post-6226","post","type-post","status-publish","format-standard","has-post-thumbnail","hentry","category-noticias","tag-publico-infantil","tag-vila-gale"],"yoast_head":"<!-- This site is optimized with the Yoast SEO plugin v27.5 - https:\/\/yoast.com\/product\/yoast-seo-wordpress\/ -->\n<title>Vila Gal\u00e9 anuncia renova\u00e7\u00f5es nas unidades brasileiras com investimentos de 15 milh\u00f5es - CidadeMarketing<\/title>\n<meta name=\"robots\" content=\"index, follow, max-snippet:-1, max-image-preview:large, max-video-preview:-1\" \/>\n<link rel=\"canonical\" href=\"https:\/\/www.cidademarketing.com.br\/marketing\/2019\/02\/12\/vila-gale-anuncia-renovacoes-nas-unidades-brasileiras-com-investimentos-de-15-milhoes\/\" \/>\n<meta property=\"og:locale\" content=\"pt_BR\" \/>\n<meta property=\"og:type\" content=\"article\" \/>\n<meta property=\"og:title\" content=\"Vila Gal\u00e9 anuncia renova\u00e7\u00f5es nas unidades brasileiras com investimentos de 15 milh\u00f5es - CidadeMarketing\" \/>\n<meta property=\"og:description\" content=\"A partir deste ano, os h\u00f3spedes do grupo Vila Gal\u00e9 poder\u00e3o desfrutar de diversas novidades nas unidades da rede no Brasil. As renova\u00e7\u00f5es, que v\u00e3o desde a cria\u00e7\u00e3o de novos espa\u00e7os para os h\u00f3spedes, \u00e0 inaugura\u00e7\u00e3o de restaurantes, tem por intuito inovar a experi\u00eancia de hospedagem, tornando-a mais assertiva, marcante e prazerosa. \u201cO investimento em [&hellip;]\" \/>\n<meta property=\"og:url\" content=\"https:\/\/www.cidademarketing.com.br\/marketing\/2019\/02\/12\/vila-gale-anuncia-renovacoes-nas-unidades-brasileiras-com-investimentos-de-15-milhoes\/\" \/>\n<meta property=\"og:site_name\" content=\"CidadeMarketing\" \/>\n<meta property=\"article:publisher\" content=\"https:\/\/www.facebook.com\/portalcidademarketing\" \/>\n<meta property=\"article:author\" content=\"https:\/\/www.facebook.com\/thalesbrandao\" \/>\n<meta property=\"article:published_time\" content=\"2019-02-12T19:44:31+00:00\" \/>\n<meta property=\"article:modified_time\" content=\"2019-02-12T19:44:35+00:00\" \/>\n<meta property=\"og:image\" content=\"https:\/\/www.cidademarketing.com.br\/marketing\/wp-content\/uploads\/2019\/02\/vilagale_investimento.jpg\" \/>\n\t<meta property=\"og:image:width\" content=\"1299\" \/>\n\t<meta property=\"og:image:height\" content=\"866\" \/>\n\t<meta property=\"og:image:type\" content=\"image\/jpeg\" \/>\n<meta name=\"author\" content=\"Thales Brand\u00e3o\" \/>\n<meta name=\"twitter:card\" content=\"summary_large_image\" \/>\n<meta name=\"twitter:creator\" content=\"@http:\/\/www.twitter.com\/thalesbrandao\" \/>\n<meta name=\"twitter:site\" content=\"@CidadeMarketing\" \/>\n<meta name=\"twitter:label1\" content=\"Escrito por\" \/>\n\t<meta name=\"twitter:data1\" content=\"Thales Brand\u00e3o\" \/>\n\t<meta name=\"twitter:label2\" content=\"Est. tempo de leitura\" \/>\n\t<meta name=\"twitter:data2\" content=\"1 minuto\" \/>\n<script type=\"application\/ld+json\" class=\"yoast-schema-graph\">{\"@context\":\"https:\\\/\\\/schema.org\",\"@graph\":[{\"@type\":\"Article\",\"@id\":\"https:\\\/\\\/www.cidademarketing.com.br\\\/marketing\\\/2019\\\/02\\\/12\\\/vila-gale-anuncia-renovacoes-nas-unidades-brasileiras-com-investimentos-de-15-milhoes\\\/#article\",\"isPartOf\":{\"@id\":\"https:\\\/\\\/www.cidademarketing.com.br\\\/marketing\\\/2019\\\/02\\\/12\\\/vila-gale-anuncia-renovacoes-nas-unidades-brasileiras-com-investimentos-de-15-milhoes\\\/\"},\"author\":{\"name\":\"Thales Brand\u00e3o\",\"@id\":\"https:\\\/\\\/www.cidademarketing.com.br\\\/marketing\\\/#\\\/schema\\\/person\\\/02daff9f18bd9378c9e01eb6b2db155f\"},\"headline\":\"Vila Gal\u00e9 anuncia renova\u00e7\u00f5es nas unidades brasileiras com investimentos de 15 milh\u00f5es\",\"datePublished\":\"2019-02-12T19:44:31+00:00\",\"dateModified\":\"2019-02-12T19:44:35+00:00\",\"mainEntityOfPage\":{\"@id\":\"https:\\\/\\\/www.cidademarketing.com.br\\\/marketing\\\/2019\\\/02\\\/12\\\/vila-gale-anuncia-renovacoes-nas-unidades-brasileiras-com-investimentos-de-15-milhoes\\\/\"},\"wordCount\":285,\"commentCount\":0,\"publisher\":{\"@id\":\"https:\\\/\\\/www.cidademarketing.com.br\\\/marketing\\\/#organization\"},\"image\":{\"@id\":\"https:\\\/\\\/www.cidademarketing.com.br\\\/marketing\\\/2019\\\/02\\\/12\\\/vila-gale-anuncia-renovacoes-nas-unidades-brasileiras-com-investimentos-de-15-milhoes\\\/#primaryimage\"},\"thumbnailUrl\":\"https:\\\/\\\/www.cidademarketing.com.br\\\/marketing\\\/wp-content\\\/uploads\\\/2019\\\/02\\\/vilagale_investimento.jpg\",\"keywords\":[\"p\u00fablico infantil\",\"Vila Gal\u00e9\"],\"articleSection\":[\"Not\u00edcias\"],\"inLanguage\":\"pt-BR\",\"potentialAction\":[{\"@type\":\"CommentAction\",\"name\":\"Comment\",\"target\":[\"https:\\\/\\\/www.cidademarketing.com.br\\\/marketing\\\/2019\\\/02\\\/12\\\/vila-gale-anuncia-renovacoes-nas-unidades-brasileiras-com-investimentos-de-15-milhoes\\\/#respond\"]}]},{\"@type\":\"WebPage\",\"@id\":\"https:\\\/\\\/www.cidademarketing.com.br\\\/marketing\\\/2019\\\/02\\\/12\\\/vila-gale-anuncia-renovacoes-nas-unidades-brasileiras-com-investimentos-de-15-milhoes\\\/\",\"url\":\"https:\\\/\\\/www.cidademarketing.com.br\\\/marketing\\\/2019\\\/02\\\/12\\\/vila-gale-anuncia-renovacoes-nas-unidades-brasileiras-com-investimentos-de-15-milhoes\\\/\",\"name\":\"Vila Gal\u00e9 anuncia renova\u00e7\u00f5es nas unidades brasileiras com investimentos de 15 milh\u00f5es - CidadeMarketing\",\"isPartOf\":{\"@id\":\"https:\\\/\\\/www.cidademarketing.com.br\\\/marketing\\\/#website\"},\"primaryImageOfPage\":{\"@id\":\"https:\\\/\\\/www.cidademarketing.com.br\\\/marketing\\\/2019\\\/02\\\/12\\\/vila-gale-anuncia-renovacoes-nas-unidades-brasileiras-com-investimentos-de-15-milhoes\\\/#primaryimage\"},\"image\":{\"@id\":\"https:\\\/\\\/www.cidademarketing.com.br\\\/marketing\\\/2019\\\/02\\\/12\\\/vila-gale-anuncia-renovacoes-nas-unidades-brasileiras-com-investimentos-de-15-milhoes\\\/#primaryimage\"},\"thumbnailUrl\":\"https:\\\/\\\/www.cidademarketing.com.br\\\/marketing\\\/wp-content\\\/uploads\\\/2019\\\/02\\\/vilagale_investimento.jpg\",\"datePublished\":\"2019-02-12T19:44:31+00:00\",\"dateModified\":\"2019-02-12T19:44:35+00:00\",\"breadcrumb\":{\"@id\":\"https:\\\/\\\/www.cidademarketing.com.br\\\/marketing\\\/2019\\\/02\\\/12\\\/vila-gale-anuncia-renovacoes-nas-unidades-brasileiras-com-investimentos-de-15-milhoes\\\/#breadcrumb\"},\"inLanguage\":\"pt-BR\",\"potentialAction\":[{\"@type\":\"ReadAction\",\"target\":[\"https:\\\/\\\/www.cidademarketing.com.br\\\/marketing\\\/2019\\\/02\\\/12\\\/vila-gale-anuncia-renovacoes-nas-unidades-brasileiras-com-investimentos-de-15-milhoes\\\/\"]}]},{\"@type\":\"ImageObject\",\"inLanguage\":\"pt-BR\",\"@id\":\"https:\\\/\\\/www.cidademarketing.com.br\\\/marketing\\\/2019\\\/02\\\/12\\\/vila-gale-anuncia-renovacoes-nas-unidades-brasileiras-com-investimentos-de-15-milhoes\\\/#primaryimage\",\"url\":\"https:\\\/\\\/www.cidademarketing.com.br\\\/marketing\\\/wp-content\\\/uploads\\\/2019\\\/02\\\/vilagale_investimento.jpg\",\"contentUrl\":\"https:\\\/\\\/www.cidademarketing.com.br\\\/marketing\\\/wp-content\\\/uploads\\\/2019\\\/02\\\/vilagale_investimento.jpg\",\"width\":1299,\"height\":866,\"caption\":\"Reprodu\u00e7\u00e3o\"},{\"@type\":\"BreadcrumbList\",\"@id\":\"https:\\\/\\\/www.cidademarketing.com.br\\\/marketing\\\/2019\\\/02\\\/12\\\/vila-gale-anuncia-renovacoes-nas-unidades-brasileiras-com-investimentos-de-15-milhoes\\\/#breadcrumb\",\"itemListElement\":[{\"@type\":\"ListItem\",\"position\":1,\"name\":\"In\u00edcio\",\"item\":\"https:\\\/\\\/www.cidademarketing.com.br\\\/marketing\\\/\"},{\"@type\":\"ListItem\",\"position\":2,\"name\":\"Vila Gal\u00e9 anuncia renova\u00e7\u00f5es nas unidades brasileiras com investimentos de 15 milh\u00f5es\"}]},{\"@type\":\"WebSite\",\"@id\":\"https:\\\/\\\/www.cidademarketing.com.br\\\/marketing\\\/#website\",\"url\":\"https:\\\/\\\/www.cidademarketing.com.br\\\/marketing\\\/\",\"name\":\"CidadeMarketing\",\"description\":\"Somos um ve\u00edculo de comunica\u00e7\u00e3o de destaque no Brasil, reconhecido por conte\u00fados nos segmentos de marketing, empreendedorismo e inova\u00e7\u00e3o.\",\"publisher\":{\"@id\":\"https:\\\/\\\/www.cidademarketing.com.br\\\/marketing\\\/#organization\"},\"alternateName\":\"CidadeMarketing\",\"potentialAction\":[{\"@type\":\"SearchAction\",\"target\":{\"@type\":\"EntryPoint\",\"urlTemplate\":\"https:\\\/\\\/www.cidademarketing.com.br\\\/marketing\\\/?s={search_term_string}\"},\"query-input\":{\"@type\":\"PropertyValueSpecification\",\"valueRequired\":true,\"valueName\":\"search_term_string\"}}],\"inLanguage\":\"pt-BR\"},{\"@type\":\"Organization\",\"@id\":\"https:\\\/\\\/www.cidademarketing.com.br\\\/marketing\\\/#organization\",\"name\":\"CidadeMarketing\",\"alternateName\":\"CidadeMarketing\",\"url\":\"https:\\\/\\\/www.cidademarketing.com.br\\\/marketing\\\/\",\"logo\":{\"@type\":\"ImageObject\",\"inLanguage\":\"pt-BR\",\"@id\":\"https:\\\/\\\/www.cidademarketing.com.br\\\/marketing\\\/#\\\/schema\\\/logo\\\/image\\\/\",\"url\":\"https:\\\/\\\/www.cidademarketing.com.br\\\/marketing\\\/wp-content\\\/uploads\\\/2020\\\/01\\\/cidademarketing_marca_mobile.png\",\"contentUrl\":\"https:\\\/\\\/www.cidademarketing.com.br\\\/marketing\\\/wp-content\\\/uploads\\\/2020\\\/01\\\/cidademarketing_marca_mobile.png\",\"width\":230,\"height\":92,\"caption\":\"CidadeMarketing\"},\"image\":{\"@id\":\"https:\\\/\\\/www.cidademarketing.com.br\\\/marketing\\\/#\\\/schema\\\/logo\\\/image\\\/\"},\"sameAs\":[\"https:\\\/\\\/www.facebook.com\\\/portalcidademarketing\",\"https:\\\/\\\/x.com\\\/CidadeMarketing\",\"https:\\\/\\\/www.instagram.com\\\/cidademarketing\\\/\"]},{\"@type\":\"Person\",\"@id\":\"https:\\\/\\\/www.cidademarketing.com.br\\\/marketing\\\/#\\\/schema\\\/person\\\/02daff9f18bd9378c9e01eb6b2db155f\",\"name\":\"Thales Brand\u00e3o\",\"image\":{\"@type\":\"ImageObject\",\"inLanguage\":\"pt-BR\",\"@id\":\"https:\\\/\\\/secure.gravatar.com\\\/avatar\\\/7ca3206950207cc3cb48feec56a8a7898741ab725c368d99d5d7a5a50aab80c6?s=96&d=mm&r=g\",\"url\":\"https:\\\/\\\/secure.gravatar.com\\\/avatar\\\/7ca3206950207cc3cb48feec56a8a7898741ab725c368d99d5d7a5a50aab80c6?s=96&d=mm&r=g\",\"contentUrl\":\"https:\\\/\\\/secure.gravatar.com\\\/avatar\\\/7ca3206950207cc3cb48feec56a8a7898741ab725c368d99d5d7a5a50aab80c6?s=96&d=mm&r=g\",\"caption\":\"Thales Brand\u00e3o\"},\"description\":\"Editor Executivo do Portal CidadeMarketing.com.br &gt; Mestre em Comunica\u00e7\u00e3o e Sociedade pela Universidade Federal de Sergipe. Possui MBA Executivo em Administra\u00e7\u00e3o com \u00eanfase em Marketing pela Funda\u00e7\u00e3o Get\u00falio Vargas - Rio de Janeiro. Consultor, Palestrante e Pesquisador sobre Empreendedorismo, Marketing, Redes Sociais e Neg\u00f3cios Digitais. Professor, Palestrante TedxTalks e Campus Party. Twitter: @ThalesBrandao\",\"sameAs\":[\"http:\\\/\\\/www.mandacaru.com.br\",\"https:\\\/\\\/www.facebook.com\\\/thalesbrandao\",\"http:\\\/\\\/www.instagram.com.br\\\/thalesbrandaoferreira\",\"https:\\\/\\\/www.linkedin.com\\\/in\\\/thales-brand\u00e3o-3948609\\\/\",\"https:\\\/\\\/x.com\\\/http:\\\/\\\/www.twitter.com\\\/thalesbrandao\"],\"url\":\"https:\\\/\\\/www.cidademarketing.com.br\\\/marketing\\\/author\\\/thalesbrandao\\\/\"}]}<\/script>\n<!-- \/ Yoast SEO plugin. -->","yoast_head_json":{"title":"Vila Gal\u00e9 anuncia renova\u00e7\u00f5es nas unidades brasileiras com investimentos de 15 milh\u00f5es - CidadeMarketing","robots":{"index":"index","follow":"follow","max-snippet":"max-snippet:-1","max-image-preview":"max-image-preview:large","max-video-preview":"max-video-preview:-1"},"canonical":"https:\/\/www.cidademarketing.com.br\/marketing\/2019\/02\/12\/vila-gale-anuncia-renovacoes-nas-unidades-brasileiras-com-investimentos-de-15-milhoes\/","og_locale":"pt_BR","og_type":"article","og_title":"Vila Gal\u00e9 anuncia renova\u00e7\u00f5es nas unidades brasileiras com investimentos de 15 milh\u00f5es - CidadeMarketing","og_description":"A partir deste ano, os h\u00f3spedes do grupo Vila Gal\u00e9 poder\u00e3o desfrutar de diversas novidades nas unidades da rede no Brasil. As renova\u00e7\u00f5es, que v\u00e3o desde a cria\u00e7\u00e3o de novos espa\u00e7os para os h\u00f3spedes, \u00e0 inaugura\u00e7\u00e3o de restaurantes, tem por intuito inovar a experi\u00eancia de hospedagem, tornando-a mais assertiva, marcante e prazerosa. \u201cO investimento em [&hellip;]","og_url":"https:\/\/www.cidademarketing.com.br\/marketing\/2019\/02\/12\/vila-gale-anuncia-renovacoes-nas-unidades-brasileiras-com-investimentos-de-15-milhoes\/","og_site_name":"CidadeMarketing","article_publisher":"https:\/\/www.facebook.com\/portalcidademarketing","article_author":"https:\/\/www.facebook.com\/thalesbrandao","article_published_time":"2019-02-12T19:44:31+00:00","article_modified_time":"2019-02-12T19:44:35+00:00","og_image":[{"width":1299,"height":866,"url":"https:\/\/www.cidademarketing.com.br\/marketing\/wp-content\/uploads\/2019\/02\/vilagale_investimento.jpg","type":"image\/jpeg"}],"author":"Thales Brand\u00e3o","twitter_card":"summary_large_image","twitter_creator":"@http:\/\/www.twitter.com\/thalesbrandao","twitter_site":"@CidadeMarketing","twitter_misc":{"Escrito por":"Thales Brand\u00e3o","Est. tempo de leitura":"1 minuto"},"schema":{"@context":"https:\/\/schema.org","@graph":[{"@type":"Article","@id":"https:\/\/www.cidademarketing.com.br\/marketing\/2019\/02\/12\/vila-gale-anuncia-renovacoes-nas-unidades-brasileiras-com-investimentos-de-15-milhoes\/#article","isPartOf":{"@id":"https:\/\/www.cidademarketing.com.br\/marketing\/2019\/02\/12\/vila-gale-anuncia-renovacoes-nas-unidades-brasileiras-com-investimentos-de-15-milhoes\/"},"author":{"name":"Thales Brand\u00e3o","@id":"https:\/\/www.cidademarketing.com.br\/marketing\/#\/schema\/person\/02daff9f18bd9378c9e01eb6b2db155f"},"headline":"Vila Gal\u00e9 anuncia renova\u00e7\u00f5es nas unidades brasileiras com investimentos de 15 milh\u00f5es","datePublished":"2019-02-12T19:44:31+00:00","dateModified":"2019-02-12T19:44:35+00:00","mainEntityOfPage":{"@id":"https:\/\/www.cidademarketing.com.br\/marketing\/2019\/02\/12\/vila-gale-anuncia-renovacoes-nas-unidades-brasileiras-com-investimentos-de-15-milhoes\/"},"wordCount":285,"commentCount":0,"publisher":{"@id":"https:\/\/www.cidademarketing.com.br\/marketing\/#organization"},"image":{"@id":"https:\/\/www.cidademarketing.com.br\/marketing\/2019\/02\/12\/vila-gale-anuncia-renovacoes-nas-unidades-brasileiras-com-investimentos-de-15-milhoes\/#primaryimage"},"thumbnailUrl":"https:\/\/www.cidademarketing.com.br\/marketing\/wp-content\/uploads\/2019\/02\/vilagale_investimento.jpg","keywords":["p\u00fablico infantil","Vila Gal\u00e9"],"articleSection":["Not\u00edcias"],"inLanguage":"pt-BR","potentialAction":[{"@type":"CommentAction","name":"Comment","target":["https:\/\/www.cidademarketing.com.br\/marketing\/2019\/02\/12\/vila-gale-anuncia-renovacoes-nas-unidades-brasileiras-com-investimentos-de-15-milhoes\/#respond"]}]},{"@type":"WebPage","@id":"https:\/\/www.cidademarketing.com.br\/marketing\/2019\/02\/12\/vila-gale-anuncia-renovacoes-nas-unidades-brasileiras-com-investimentos-de-15-milhoes\/","url":"https:\/\/www.cidademarketing.com.br\/marketing\/2019\/02\/12\/vila-gale-anuncia-renovacoes-nas-unidades-brasileiras-com-investimentos-de-15-milhoes\/","name":"Vila Gal\u00e9 anuncia renova\u00e7\u00f5es nas unidades brasileiras com investimentos de 15 milh\u00f5es - CidadeMarketing","isPartOf":{"@id":"https:\/\/www.cidademarketing.com.br\/marketing\/#website"},"primaryImageOfPage":{"@id":"https:\/\/www.cidademarketing.com.br\/marketing\/2019\/02\/12\/vila-gale-anuncia-renovacoes-nas-unidades-brasileiras-com-investimentos-de-15-milhoes\/#primaryimage"},"image":{"@id":"https:\/\/www.cidademarketing.com.br\/marketing\/2019\/02\/12\/vila-gale-anuncia-renovacoes-nas-unidades-brasileiras-com-investimentos-de-15-milhoes\/#primaryimage"},"thumbnailUrl":"https:\/\/www.cidademarketing.com.br\/marketing\/wp-content\/uploads\/2019\/02\/vilagale_investimento.jpg","datePublished":"2019-02-12T19:44:31+00:00","dateModified":"2019-02-12T19:44:35+00:00","breadcrumb":{"@id":"https:\/\/www.cidademarketing.com.br\/marketing\/2019\/02\/12\/vila-gale-anuncia-renovacoes-nas-unidades-brasileiras-com-investimentos-de-15-milhoes\/#breadcrumb"},"inLanguage":"pt-BR","potentialAction":[{"@type":"ReadAction","target":["https:\/\/www.cidademarketing.com.br\/marketing\/2019\/02\/12\/vila-gale-anuncia-renovacoes-nas-unidades-brasileiras-com-investimentos-de-15-milhoes\/"]}]},{"@type":"ImageObject","inLanguage":"pt-BR","@id":"https:\/\/www.cidademarketing.com.br\/marketing\/2019\/02\/12\/vila-gale-anuncia-renovacoes-nas-unidades-brasileiras-com-investimentos-de-15-milhoes\/#primaryimage","url":"https:\/\/www.cidademarketing.com.br\/marketing\/wp-content\/uploads\/2019\/02\/vilagale_investimento.jpg","contentUrl":"https:\/\/www.cidademarketing.com.br\/marketing\/wp-content\/uploads\/2019\/02\/vilagale_investimento.jpg","width":1299,"height":866,"caption":"Reprodu\u00e7\u00e3o"},{"@type":"BreadcrumbList","@id":"https:\/\/www.cidademarketing.com.br\/marketing\/2019\/02\/12\/vila-gale-anuncia-renovacoes-nas-unidades-brasileiras-com-investimentos-de-15-milhoes\/#breadcrumb","itemListElement":[{"@type":"ListItem","position":1,"name":"In\u00edcio","item":"https:\/\/www.cidademarketing.com.br\/marketing\/"},{"@type":"ListItem","position":2,"name":"Vila Gal\u00e9 anuncia renova\u00e7\u00f5es nas unidades brasileiras com investimentos de 15 milh\u00f5es"}]},{"@type":"WebSite","@id":"https:\/\/www.cidademarketing.com.br\/marketing\/#website","url":"https:\/\/www.cidademarketing.com.br\/marketing\/","name":"CidadeMarketing","description":"Somos um ve\u00edculo de comunica\u00e7\u00e3o de destaque no Brasil, reconhecido por conte\u00fados nos segmentos de marketing, empreendedorismo e inova\u00e7\u00e3o.","publisher":{"@id":"https:\/\/www.cidademarketing.com.br\/marketing\/#organization"},"alternateName":"CidadeMarketing","potentialAction":[{"@type":"SearchAction","target":{"@type":"EntryPoint","urlTemplate":"https:\/\/www.cidademarketing.com.br\/marketing\/?s={search_term_string}"},"query-input":{"@type":"PropertyValueSpecification","valueRequired":true,"valueName":"search_term_string"}}],"inLanguage":"pt-BR"},{"@type":"Organization","@id":"https:\/\/www.cidademarketing.com.br\/marketing\/#organization","name":"CidadeMarketing","alternateName":"CidadeMarketing","url":"https:\/\/www.cidademarketing.com.br\/marketing\/","logo":{"@type":"ImageObject","inLanguage":"pt-BR","@id":"https:\/\/www.cidademarketing.com.br\/marketing\/#\/schema\/logo\/image\/","url":"https:\/\/www.cidademarketing.com.br\/marketing\/wp-content\/uploads\/2020\/01\/cidademarketing_marca_mobile.png","contentUrl":"https:\/\/www.cidademarketing.com.br\/marketing\/wp-content\/uploads\/2020\/01\/cidademarketing_marca_mobile.png","width":230,"height":92,"caption":"CidadeMarketing"},"image":{"@id":"https:\/\/www.cidademarketing.com.br\/marketing\/#\/schema\/logo\/image\/"},"sameAs":["https:\/\/www.facebook.com\/portalcidademarketing","https:\/\/x.com\/CidadeMarketing","https:\/\/www.instagram.com\/cidademarketing\/"]},{"@type":"Person","@id":"https:\/\/www.cidademarketing.com.br\/marketing\/#\/schema\/person\/02daff9f18bd9378c9e01eb6b2db155f","name":"Thales Brand\u00e3o","image":{"@type":"ImageObject","inLanguage":"pt-BR","@id":"https:\/\/secure.gravatar.com\/avatar\/7ca3206950207cc3cb48feec56a8a7898741ab725c368d99d5d7a5a50aab80c6?s=96&d=mm&r=g","url":"https:\/\/secure.gravatar.com\/avatar\/7ca3206950207cc3cb48feec56a8a7898741ab725c368d99d5d7a5a50aab80c6?s=96&d=mm&r=g","contentUrl":"https:\/\/secure.gravatar.com\/avatar\/7ca3206950207cc3cb48feec56a8a7898741ab725c368d99d5d7a5a50aab80c6?s=96&d=mm&r=g","caption":"Thales Brand\u00e3o"},"description":"Editor Executivo do Portal CidadeMarketing.com.br &gt; Mestre em Comunica\u00e7\u00e3o e Sociedade pela Universidade Federal de Sergipe. Possui MBA Executivo em Administra\u00e7\u00e3o com \u00eanfase em Marketing pela Funda\u00e7\u00e3o Get\u00falio Vargas - Rio de Janeiro. Consultor, Palestrante e Pesquisador sobre Empreendedorismo, Marketing, Redes Sociais e Neg\u00f3cios Digitais. Professor, Palestrante TedxTalks e Campus Party. Twitter: @ThalesBrandao","sameAs":["http:\/\/www.mandacaru.com.br","https:\/\/www.facebook.com\/thalesbrandao","http:\/\/www.instagram.com.br\/thalesbrandaoferreira","https:\/\/www.linkedin.com\/in\/thales-brand\u00e3o-3948609\/","https:\/\/x.com\/http:\/\/www.twitter.com\/thalesbrandao"],"url":"https:\/\/www.cidademarketing.com.br\/marketing\/author\/thalesbrandao\/"}]}},"amp_enabled":true,"_links":{"self":[{"href":"https:\/\/www.cidademarketing.com.br\/marketing\/wp-json\/wp\/v2\/posts\/6226","targetHints":{"allow":["GET"]}}],"collection":[{"href":"https:\/\/www.cidademarketing.com.br\/marketing\/wp-json\/wp\/v2\/posts"}],"about":[{"href":"https:\/\/www.cidademarketing.com.br\/marketing\/wp-json\/wp\/v2\/types\/post"}],"author":[{"embeddable":true,"href":"https:\/\/www.cidademarketing.com.br\/marketing\/wp-json\/wp\/v2\/users\/1"}],"replies":[{"embeddable":true,"href":"https:\/\/www.cidademarketing.com.br\/marketing\/wp-json\/wp\/v2\/comments?post=6226"}],"version-history":[{"count":1,"href":"https:\/\/www.cidademarketing.com.br\/marketing\/wp-json\/wp\/v2\/posts\/6226\/revisions"}],"predecessor-version":[{"id":6228,"href":"https:\/\/www.cidademarketing.com.br\/marketing\/wp-json\/wp\/v2\/posts\/6226\/revisions\/6228"}],"wp:featuredmedia":[{"embeddable":true,"href":"https:\/\/www.cidademarketing.com.br\/marketing\/wp-json\/wp\/v2\/media\/6227"}],"wp:attachment":[{"href":"https:\/\/www.cidademarketing.com.br\/marketing\/wp-json\/wp\/v2\/media?parent=6226"}],"wp:term":[{"taxonomy":"category","embeddable":true,"href":"https:\/\/www.cidademarketing.com.br\/marketing\/wp-json\/wp\/v2\/categories?post=6226"},{"taxonomy":"post_tag","embeddable":true,"href":"https:\/\/www.cidademarketing.com.br\/marketing\/wp-json\/wp\/v2\/tags?post=6226"}],"curies":[{"name":"wp","href":"https:\/\/api.w.org\/{rel}","templated":true}]}}