{"id":6169,"date":"2019-02-11T14:26:21","date_gmt":"2019-02-11T16:26:21","guid":{"rendered":"http:\/\/www.cidademarketing.com.br\/marketing\/?p=6169"},"modified":"2019-02-11T15:46:24","modified_gmt":"2019-02-11T17:46:24","slug":"imagens-mostram-acidente-com-helicoptero-em-que-estava-o-jornalista-ricardo-boechat","status":"publish","type":"post","link":"https:\/\/www.cidademarketing.com.br\/marketing\/2019\/02\/11\/imagens-mostram-acidente-com-helicoptero-em-que-estava-o-jornalista-ricardo-boechat\/","title":{"rendered":"Imagens mostram acidente com helic\u00f3ptero em que estava o jornalista Ricardo Boechat"},"content":{"rendered":"\n<p>O jornalista e comentarista Ricardo Boechat morreu na queda do helic\u00f3ptero que hoje, 11\/02, pela manh\u00e3 em S\u00e3o Paulo, diz a coluna Radar da Veja. \u201cA informa\u00e7\u00e3o foi confirmada pelo Governo do Estado de S\u00e3o Paulo\u201d, afirma a revista.<\/p>\n\n\n\n<p>A informa\u00e7\u00e3o j\u00e1 corria na Band desde 11h45.&nbsp;<a href=\"http:\/\/www.cidademarketing.com.br\/marketing\/2019\/02\/11\/pelo-twitter-profissionais-da-comunicacao-lamentam-a-morte-do-jornalista-ricardo-boechat-em-um-acidente-aereo-em-sao-paulo\/\" target=\"_blank\" rel=\"noreferrer noopener\">Pelo Twitter, profissionais da comunica\u00e7\u00e3o lamentam a morte do jornalista Ricardo Boechat em um acidente a\u00e9reo em S\u00e3o Paulo<\/a>. A aeronave caiu na rodovia Anhanguera, em S\u00e3o Paulo.<\/p>\n\n\n\n<p><br>A&nbsp;confirma\u00e7\u00e3o foi feita pelo apresentador Jos\u00e9 Luis Datena,&nbsp;na Band. \u201cCom profundo pesar desses quases 50 anos de jornalismo, queria informar a voc\u00eas que o jornalista, companheiro, o maior apresentador da TV&nbsp;brasileira morreu no acidente de helic\u00f3ptero no Rodoanel, em S\u00e3o Paulo. Ele estava em Campinas. O helic\u00f3ptero que ele estava n\u00e3o chegou ao seu destino que era o heliponto da Band. Caiu no Rodoanel\u201d, disse Datena, bastante emocional.<\/p>\n\n\n\n<p><strong>Ricardo Eug\u00eanio Boechat<\/strong>&nbsp;(Buenos Aires, 13 de julho de 1952 \u2013 S\u00e3o Paulo, 11 de fevereiro de 2019) foi um jornalista, apresentador e radialista brasileiro. J\u00e1 esteve presente nos principais jornais do pa\u00eds, como O Globo, O Dia, O Estado de S. Paulo e Jornal do Brasil. Foi tamb\u00e9m diretor de jornalismo na Band, trabalhou como \u00e2ncora em diversos jornais do Grupo Bandeirantes de Comunica\u00e7\u00e3o.<\/p>\n\n\n\n<p>Ganhador de tr\u00eas pr\u00eamios Esso, Boechat teve uma coluna semanal na revista ISTO\u00c9. Boechat \u00e9 o recordista de vit\u00f3rias no Pr\u00eamio Comunique-se \u2013 e o \u00fanico a ganhar em tr\u00eas categorias diferentes (\u00c2ncora de R\u00e1dio, Colunista de Not\u00edcia e \u00c2ncora de TV). <\/p>\n\n\n\n<p><ins><br><\/ins><\/p>\n\n\n\n<figure class=\"wp-block-embed-youtube wp-block-embed is-type-video is-provider-youtube wp-embed-aspect-4-3 wp-has-aspect-ratio\"><div class=\"wp-block-embed__wrapper\">\nhttps:\/\/www.youtube.com\/watch?v=OQ6Vn1qZcUo\n<\/div><\/figure>\n\n\n\n<figure class=\"wp-block-embed-youtube wp-block-embed is-type-video is-provider-youtube wp-embed-aspect-4-3 wp-has-aspect-ratio\"><div class=\"wp-block-embed__wrapper\">\nhttps:\/\/www.youtube.com\/watch?v=98EWUBUXBRE\n<\/div><\/figure>\n","protected":false},"excerpt":{"rendered":"<p>O jornalista e comentarista Ricardo Boechat morreu na queda do helic\u00f3ptero que hoje, 11\/02, pela manh\u00e3 em S\u00e3o Paulo, diz a coluna Radar da Veja. \u201cA informa\u00e7\u00e3o foi confirmada pelo Governo do Estado de S\u00e3o Paulo\u201d, afirma a revista. A informa\u00e7\u00e3o j\u00e1 corria na Band desde 11h45.&nbsp;Pelo Twitter, profissionais da comunica\u00e7\u00e3o lamentam a morte do [&hellip;]<\/p>\n","protected":false},"author":1,"featured_media":6172,"comment_status":"open","ping_status":"open","sticky":false,"template":"","format":"standard","meta":{"tdm_status":"","tdm_grid_status":"","footnotes":""},"categories":[6],"tags":[147,1398],"class_list":["post-6169","post","type-post","status-publish","format-standard","has-post-thumbnail","hentry","category-noticias","tag-brasil","tag-ricardo-boechat"],"yoast_head":"<!-- This site is optimized with the Yoast SEO plugin v27.4 - https:\/\/yoast.com\/product\/yoast-seo-wordpress\/ -->\n<title>Imagens mostram acidente com helic\u00f3ptero em que estava o jornalista Ricardo Boechat - CidadeMarketing<\/title>\n<meta name=\"robots\" content=\"index, follow, max-snippet:-1, max-image-preview:large, max-video-preview:-1\" \/>\n<link rel=\"canonical\" href=\"https:\/\/www.cidademarketing.com.br\/marketing\/2019\/02\/11\/imagens-mostram-acidente-com-helicoptero-em-que-estava-o-jornalista-ricardo-boechat\/\" \/>\n<meta property=\"og:locale\" content=\"pt_BR\" \/>\n<meta property=\"og:type\" content=\"article\" \/>\n<meta property=\"og:title\" content=\"Imagens mostram acidente com helic\u00f3ptero em que estava o jornalista Ricardo Boechat - CidadeMarketing\" \/>\n<meta property=\"og:description\" content=\"O jornalista e comentarista Ricardo Boechat morreu na queda do helic\u00f3ptero que hoje, 11\/02, pela manh\u00e3 em S\u00e3o Paulo, diz a coluna Radar da Veja. \u201cA informa\u00e7\u00e3o foi confirmada pelo Governo do Estado de S\u00e3o Paulo\u201d, afirma a revista. A informa\u00e7\u00e3o j\u00e1 corria na Band desde 11h45.&nbsp;Pelo Twitter, profissionais da comunica\u00e7\u00e3o lamentam a morte do [&hellip;]\" \/>\n<meta property=\"og:url\" content=\"https:\/\/www.cidademarketing.com.br\/marketing\/2019\/02\/11\/imagens-mostram-acidente-com-helicoptero-em-que-estava-o-jornalista-ricardo-boechat\/\" \/>\n<meta property=\"og:site_name\" content=\"CidadeMarketing\" \/>\n<meta property=\"article:publisher\" content=\"https:\/\/www.facebook.com\/portalcidademarketing\" \/>\n<meta property=\"article:author\" content=\"https:\/\/www.facebook.com\/thalesbrandao\" \/>\n<meta property=\"article:published_time\" content=\"2019-02-11T16:26:21+00:00\" \/>\n<meta property=\"article:modified_time\" content=\"2019-02-11T17:46:24+00:00\" \/>\n<meta property=\"og:image\" content=\"https:\/\/www.cidademarketing.com.br\/marketing\/wp-content\/uploads\/2019\/02\/ricardo_boechat_morre.jpg\" \/>\n\t<meta property=\"og:image:width\" content=\"876\" \/>\n\t<meta property=\"og:image:height\" content=\"539\" \/>\n\t<meta property=\"og:image:type\" content=\"image\/jpeg\" \/>\n<meta name=\"author\" content=\"Thales Brand\u00e3o\" \/>\n<meta name=\"twitter:card\" content=\"summary_large_image\" \/>\n<meta name=\"twitter:creator\" content=\"@http:\/\/www.twitter.com\/thalesbrandao\" \/>\n<meta name=\"twitter:site\" content=\"@CidadeMarketing\" \/>\n<meta name=\"twitter:label1\" content=\"Escrito por\" \/>\n\t<meta name=\"twitter:data1\" content=\"Thales Brand\u00e3o\" \/>\n\t<meta name=\"twitter:label2\" content=\"Est. tempo de leitura\" \/>\n\t<meta name=\"twitter:data2\" content=\"1 minuto\" \/>\n<script type=\"application\/ld+json\" class=\"yoast-schema-graph\">{\"@context\":\"https:\\\/\\\/schema.org\",\"@graph\":[{\"@type\":\"Article\",\"@id\":\"https:\\\/\\\/www.cidademarketing.com.br\\\/marketing\\\/2019\\\/02\\\/11\\\/imagens-mostram-acidente-com-helicoptero-em-que-estava-o-jornalista-ricardo-boechat\\\/#article\",\"isPartOf\":{\"@id\":\"https:\\\/\\\/www.cidademarketing.com.br\\\/marketing\\\/2019\\\/02\\\/11\\\/imagens-mostram-acidente-com-helicoptero-em-que-estava-o-jornalista-ricardo-boechat\\\/\"},\"author\":{\"name\":\"Thales Brand\u00e3o\",\"@id\":\"https:\\\/\\\/www.cidademarketing.com.br\\\/marketing\\\/#\\\/schema\\\/person\\\/02daff9f18bd9378c9e01eb6b2db155f\"},\"headline\":\"Imagens mostram acidente com helic\u00f3ptero em que estava o jornalista Ricardo Boechat\",\"datePublished\":\"2019-02-11T16:26:21+00:00\",\"dateModified\":\"2019-02-11T17:46:24+00:00\",\"mainEntityOfPage\":{\"@id\":\"https:\\\/\\\/www.cidademarketing.com.br\\\/marketing\\\/2019\\\/02\\\/11\\\/imagens-mostram-acidente-com-helicoptero-em-que-estava-o-jornalista-ricardo-boechat\\\/\"},\"wordCount\":305,\"commentCount\":0,\"publisher\":{\"@id\":\"https:\\\/\\\/www.cidademarketing.com.br\\\/marketing\\\/#organization\"},\"image\":{\"@id\":\"https:\\\/\\\/www.cidademarketing.com.br\\\/marketing\\\/2019\\\/02\\\/11\\\/imagens-mostram-acidente-com-helicoptero-em-que-estava-o-jornalista-ricardo-boechat\\\/#primaryimage\"},\"thumbnailUrl\":\"https:\\\/\\\/www.cidademarketing.com.br\\\/marketing\\\/wp-content\\\/uploads\\\/2019\\\/02\\\/ricardo_boechat_morre.jpg\",\"keywords\":[\"Brasil\",\"Ricardo Boechat\"],\"articleSection\":[\"Not\u00edcias\"],\"inLanguage\":\"pt-BR\",\"potentialAction\":[{\"@type\":\"CommentAction\",\"name\":\"Comment\",\"target\":[\"https:\\\/\\\/www.cidademarketing.com.br\\\/marketing\\\/2019\\\/02\\\/11\\\/imagens-mostram-acidente-com-helicoptero-em-que-estava-o-jornalista-ricardo-boechat\\\/#respond\"]}]},{\"@type\":\"WebPage\",\"@id\":\"https:\\\/\\\/www.cidademarketing.com.br\\\/marketing\\\/2019\\\/02\\\/11\\\/imagens-mostram-acidente-com-helicoptero-em-que-estava-o-jornalista-ricardo-boechat\\\/\",\"url\":\"https:\\\/\\\/www.cidademarketing.com.br\\\/marketing\\\/2019\\\/02\\\/11\\\/imagens-mostram-acidente-com-helicoptero-em-que-estava-o-jornalista-ricardo-boechat\\\/\",\"name\":\"Imagens mostram acidente com helic\u00f3ptero em que estava o jornalista Ricardo Boechat - CidadeMarketing\",\"isPartOf\":{\"@id\":\"https:\\\/\\\/www.cidademarketing.com.br\\\/marketing\\\/#website\"},\"primaryImageOfPage\":{\"@id\":\"https:\\\/\\\/www.cidademarketing.com.br\\\/marketing\\\/2019\\\/02\\\/11\\\/imagens-mostram-acidente-com-helicoptero-em-que-estava-o-jornalista-ricardo-boechat\\\/#primaryimage\"},\"image\":{\"@id\":\"https:\\\/\\\/www.cidademarketing.com.br\\\/marketing\\\/2019\\\/02\\\/11\\\/imagens-mostram-acidente-com-helicoptero-em-que-estava-o-jornalista-ricardo-boechat\\\/#primaryimage\"},\"thumbnailUrl\":\"https:\\\/\\\/www.cidademarketing.com.br\\\/marketing\\\/wp-content\\\/uploads\\\/2019\\\/02\\\/ricardo_boechat_morre.jpg\",\"datePublished\":\"2019-02-11T16:26:21+00:00\",\"dateModified\":\"2019-02-11T17:46:24+00:00\",\"breadcrumb\":{\"@id\":\"https:\\\/\\\/www.cidademarketing.com.br\\\/marketing\\\/2019\\\/02\\\/11\\\/imagens-mostram-acidente-com-helicoptero-em-que-estava-o-jornalista-ricardo-boechat\\\/#breadcrumb\"},\"inLanguage\":\"pt-BR\",\"potentialAction\":[{\"@type\":\"ReadAction\",\"target\":[\"https:\\\/\\\/www.cidademarketing.com.br\\\/marketing\\\/2019\\\/02\\\/11\\\/imagens-mostram-acidente-com-helicoptero-em-que-estava-o-jornalista-ricardo-boechat\\\/\"]}]},{\"@type\":\"ImageObject\",\"inLanguage\":\"pt-BR\",\"@id\":\"https:\\\/\\\/www.cidademarketing.com.br\\\/marketing\\\/2019\\\/02\\\/11\\\/imagens-mostram-acidente-com-helicoptero-em-que-estava-o-jornalista-ricardo-boechat\\\/#primaryimage\",\"url\":\"https:\\\/\\\/www.cidademarketing.com.br\\\/marketing\\\/wp-content\\\/uploads\\\/2019\\\/02\\\/ricardo_boechat_morre.jpg\",\"contentUrl\":\"https:\\\/\\\/www.cidademarketing.com.br\\\/marketing\\\/wp-content\\\/uploads\\\/2019\\\/02\\\/ricardo_boechat_morre.jpg\",\"width\":876,\"height\":539,\"caption\":\"Reprodu\u00e7\u00e3o\\\/Youtube\"},{\"@type\":\"BreadcrumbList\",\"@id\":\"https:\\\/\\\/www.cidademarketing.com.br\\\/marketing\\\/2019\\\/02\\\/11\\\/imagens-mostram-acidente-com-helicoptero-em-que-estava-o-jornalista-ricardo-boechat\\\/#breadcrumb\",\"itemListElement\":[{\"@type\":\"ListItem\",\"position\":1,\"name\":\"In\u00edcio\",\"item\":\"https:\\\/\\\/www.cidademarketing.com.br\\\/marketing\\\/\"},{\"@type\":\"ListItem\",\"position\":2,\"name\":\"Imagens mostram acidente com helic\u00f3ptero em que estava o jornalista Ricardo Boechat\"}]},{\"@type\":\"WebSite\",\"@id\":\"https:\\\/\\\/www.cidademarketing.com.br\\\/marketing\\\/#website\",\"url\":\"https:\\\/\\\/www.cidademarketing.com.br\\\/marketing\\\/\",\"name\":\"CidadeMarketing\",\"description\":\"Somos um ve\u00edculo de comunica\u00e7\u00e3o de destaque no Brasil, reconhecido por conte\u00fados nos segmentos de marketing, empreendedorismo e inova\u00e7\u00e3o.\",\"publisher\":{\"@id\":\"https:\\\/\\\/www.cidademarketing.com.br\\\/marketing\\\/#organization\"},\"alternateName\":\"CidadeMarketing\",\"potentialAction\":[{\"@type\":\"SearchAction\",\"target\":{\"@type\":\"EntryPoint\",\"urlTemplate\":\"https:\\\/\\\/www.cidademarketing.com.br\\\/marketing\\\/?s={search_term_string}\"},\"query-input\":{\"@type\":\"PropertyValueSpecification\",\"valueRequired\":true,\"valueName\":\"search_term_string\"}}],\"inLanguage\":\"pt-BR\"},{\"@type\":\"Organization\",\"@id\":\"https:\\\/\\\/www.cidademarketing.com.br\\\/marketing\\\/#organization\",\"name\":\"CidadeMarketing\",\"alternateName\":\"CidadeMarketing\",\"url\":\"https:\\\/\\\/www.cidademarketing.com.br\\\/marketing\\\/\",\"logo\":{\"@type\":\"ImageObject\",\"inLanguage\":\"pt-BR\",\"@id\":\"https:\\\/\\\/www.cidademarketing.com.br\\\/marketing\\\/#\\\/schema\\\/logo\\\/image\\\/\",\"url\":\"https:\\\/\\\/www.cidademarketing.com.br\\\/marketing\\\/wp-content\\\/uploads\\\/2020\\\/01\\\/cidademarketing_marca_mobile.png\",\"contentUrl\":\"https:\\\/\\\/www.cidademarketing.com.br\\\/marketing\\\/wp-content\\\/uploads\\\/2020\\\/01\\\/cidademarketing_marca_mobile.png\",\"width\":230,\"height\":92,\"caption\":\"CidadeMarketing\"},\"image\":{\"@id\":\"https:\\\/\\\/www.cidademarketing.com.br\\\/marketing\\\/#\\\/schema\\\/logo\\\/image\\\/\"},\"sameAs\":[\"https:\\\/\\\/www.facebook.com\\\/portalcidademarketing\",\"https:\\\/\\\/x.com\\\/CidadeMarketing\",\"https:\\\/\\\/www.instagram.com\\\/cidademarketing\\\/\"]},{\"@type\":\"Person\",\"@id\":\"https:\\\/\\\/www.cidademarketing.com.br\\\/marketing\\\/#\\\/schema\\\/person\\\/02daff9f18bd9378c9e01eb6b2db155f\",\"name\":\"Thales Brand\u00e3o\",\"image\":{\"@type\":\"ImageObject\",\"inLanguage\":\"pt-BR\",\"@id\":\"https:\\\/\\\/secure.gravatar.com\\\/avatar\\\/7ca3206950207cc3cb48feec56a8a7898741ab725c368d99d5d7a5a50aab80c6?s=96&d=mm&r=g\",\"url\":\"https:\\\/\\\/secure.gravatar.com\\\/avatar\\\/7ca3206950207cc3cb48feec56a8a7898741ab725c368d99d5d7a5a50aab80c6?s=96&d=mm&r=g\",\"contentUrl\":\"https:\\\/\\\/secure.gravatar.com\\\/avatar\\\/7ca3206950207cc3cb48feec56a8a7898741ab725c368d99d5d7a5a50aab80c6?s=96&d=mm&r=g\",\"caption\":\"Thales Brand\u00e3o\"},\"description\":\"Editor Executivo do Portal CidadeMarketing.com.br &gt; Mestre em Comunica\u00e7\u00e3o e Sociedade pela Universidade Federal de Sergipe. Possui MBA Executivo em Administra\u00e7\u00e3o com \u00eanfase em Marketing pela Funda\u00e7\u00e3o Get\u00falio Vargas - Rio de Janeiro. Consultor, Palestrante e Pesquisador sobre Empreendedorismo, Marketing, Redes Sociais e Neg\u00f3cios Digitais. Professor, Palestrante TedxTalks e Campus Party. Twitter: @ThalesBrandao\",\"sameAs\":[\"http:\\\/\\\/www.mandacaru.com.br\",\"https:\\\/\\\/www.facebook.com\\\/thalesbrandao\",\"http:\\\/\\\/www.instagram.com.br\\\/thalesbrandaoferreira\",\"https:\\\/\\\/www.linkedin.com\\\/in\\\/thales-brand\u00e3o-3948609\\\/\",\"https:\\\/\\\/x.com\\\/http:\\\/\\\/www.twitter.com\\\/thalesbrandao\"],\"url\":\"https:\\\/\\\/www.cidademarketing.com.br\\\/marketing\\\/author\\\/thalesbrandao\\\/\"}]}<\/script>\n<!-- \/ Yoast SEO plugin. -->","yoast_head_json":{"title":"Imagens mostram acidente com helic\u00f3ptero em que estava o jornalista Ricardo Boechat - CidadeMarketing","robots":{"index":"index","follow":"follow","max-snippet":"max-snippet:-1","max-image-preview":"max-image-preview:large","max-video-preview":"max-video-preview:-1"},"canonical":"https:\/\/www.cidademarketing.com.br\/marketing\/2019\/02\/11\/imagens-mostram-acidente-com-helicoptero-em-que-estava-o-jornalista-ricardo-boechat\/","og_locale":"pt_BR","og_type":"article","og_title":"Imagens mostram acidente com helic\u00f3ptero em que estava o jornalista Ricardo Boechat - CidadeMarketing","og_description":"O jornalista e comentarista Ricardo Boechat morreu na queda do helic\u00f3ptero que hoje, 11\/02, pela manh\u00e3 em S\u00e3o Paulo, diz a coluna Radar da Veja. \u201cA informa\u00e7\u00e3o foi confirmada pelo Governo do Estado de S\u00e3o Paulo\u201d, afirma a revista. A informa\u00e7\u00e3o j\u00e1 corria na Band desde 11h45.&nbsp;Pelo Twitter, profissionais da comunica\u00e7\u00e3o lamentam a morte do [&hellip;]","og_url":"https:\/\/www.cidademarketing.com.br\/marketing\/2019\/02\/11\/imagens-mostram-acidente-com-helicoptero-em-que-estava-o-jornalista-ricardo-boechat\/","og_site_name":"CidadeMarketing","article_publisher":"https:\/\/www.facebook.com\/portalcidademarketing","article_author":"https:\/\/www.facebook.com\/thalesbrandao","article_published_time":"2019-02-11T16:26:21+00:00","article_modified_time":"2019-02-11T17:46:24+00:00","og_image":[{"width":876,"height":539,"url":"https:\/\/www.cidademarketing.com.br\/marketing\/wp-content\/uploads\/2019\/02\/ricardo_boechat_morre.jpg","type":"image\/jpeg"}],"author":"Thales Brand\u00e3o","twitter_card":"summary_large_image","twitter_creator":"@http:\/\/www.twitter.com\/thalesbrandao","twitter_site":"@CidadeMarketing","twitter_misc":{"Escrito por":"Thales Brand\u00e3o","Est. tempo de leitura":"1 minuto"},"schema":{"@context":"https:\/\/schema.org","@graph":[{"@type":"Article","@id":"https:\/\/www.cidademarketing.com.br\/marketing\/2019\/02\/11\/imagens-mostram-acidente-com-helicoptero-em-que-estava-o-jornalista-ricardo-boechat\/#article","isPartOf":{"@id":"https:\/\/www.cidademarketing.com.br\/marketing\/2019\/02\/11\/imagens-mostram-acidente-com-helicoptero-em-que-estava-o-jornalista-ricardo-boechat\/"},"author":{"name":"Thales Brand\u00e3o","@id":"https:\/\/www.cidademarketing.com.br\/marketing\/#\/schema\/person\/02daff9f18bd9378c9e01eb6b2db155f"},"headline":"Imagens mostram acidente com helic\u00f3ptero em que estava o jornalista Ricardo Boechat","datePublished":"2019-02-11T16:26:21+00:00","dateModified":"2019-02-11T17:46:24+00:00","mainEntityOfPage":{"@id":"https:\/\/www.cidademarketing.com.br\/marketing\/2019\/02\/11\/imagens-mostram-acidente-com-helicoptero-em-que-estava-o-jornalista-ricardo-boechat\/"},"wordCount":305,"commentCount":0,"publisher":{"@id":"https:\/\/www.cidademarketing.com.br\/marketing\/#organization"},"image":{"@id":"https:\/\/www.cidademarketing.com.br\/marketing\/2019\/02\/11\/imagens-mostram-acidente-com-helicoptero-em-que-estava-o-jornalista-ricardo-boechat\/#primaryimage"},"thumbnailUrl":"https:\/\/www.cidademarketing.com.br\/marketing\/wp-content\/uploads\/2019\/02\/ricardo_boechat_morre.jpg","keywords":["Brasil","Ricardo Boechat"],"articleSection":["Not\u00edcias"],"inLanguage":"pt-BR","potentialAction":[{"@type":"CommentAction","name":"Comment","target":["https:\/\/www.cidademarketing.com.br\/marketing\/2019\/02\/11\/imagens-mostram-acidente-com-helicoptero-em-que-estava-o-jornalista-ricardo-boechat\/#respond"]}]},{"@type":"WebPage","@id":"https:\/\/www.cidademarketing.com.br\/marketing\/2019\/02\/11\/imagens-mostram-acidente-com-helicoptero-em-que-estava-o-jornalista-ricardo-boechat\/","url":"https:\/\/www.cidademarketing.com.br\/marketing\/2019\/02\/11\/imagens-mostram-acidente-com-helicoptero-em-que-estava-o-jornalista-ricardo-boechat\/","name":"Imagens mostram acidente com helic\u00f3ptero em que estava o jornalista Ricardo Boechat - CidadeMarketing","isPartOf":{"@id":"https:\/\/www.cidademarketing.com.br\/marketing\/#website"},"primaryImageOfPage":{"@id":"https:\/\/www.cidademarketing.com.br\/marketing\/2019\/02\/11\/imagens-mostram-acidente-com-helicoptero-em-que-estava-o-jornalista-ricardo-boechat\/#primaryimage"},"image":{"@id":"https:\/\/www.cidademarketing.com.br\/marketing\/2019\/02\/11\/imagens-mostram-acidente-com-helicoptero-em-que-estava-o-jornalista-ricardo-boechat\/#primaryimage"},"thumbnailUrl":"https:\/\/www.cidademarketing.com.br\/marketing\/wp-content\/uploads\/2019\/02\/ricardo_boechat_morre.jpg","datePublished":"2019-02-11T16:26:21+00:00","dateModified":"2019-02-11T17:46:24+00:00","breadcrumb":{"@id":"https:\/\/www.cidademarketing.com.br\/marketing\/2019\/02\/11\/imagens-mostram-acidente-com-helicoptero-em-que-estava-o-jornalista-ricardo-boechat\/#breadcrumb"},"inLanguage":"pt-BR","potentialAction":[{"@type":"ReadAction","target":["https:\/\/www.cidademarketing.com.br\/marketing\/2019\/02\/11\/imagens-mostram-acidente-com-helicoptero-em-que-estava-o-jornalista-ricardo-boechat\/"]}]},{"@type":"ImageObject","inLanguage":"pt-BR","@id":"https:\/\/www.cidademarketing.com.br\/marketing\/2019\/02\/11\/imagens-mostram-acidente-com-helicoptero-em-que-estava-o-jornalista-ricardo-boechat\/#primaryimage","url":"https:\/\/www.cidademarketing.com.br\/marketing\/wp-content\/uploads\/2019\/02\/ricardo_boechat_morre.jpg","contentUrl":"https:\/\/www.cidademarketing.com.br\/marketing\/wp-content\/uploads\/2019\/02\/ricardo_boechat_morre.jpg","width":876,"height":539,"caption":"Reprodu\u00e7\u00e3o\/Youtube"},{"@type":"BreadcrumbList","@id":"https:\/\/www.cidademarketing.com.br\/marketing\/2019\/02\/11\/imagens-mostram-acidente-com-helicoptero-em-que-estava-o-jornalista-ricardo-boechat\/#breadcrumb","itemListElement":[{"@type":"ListItem","position":1,"name":"In\u00edcio","item":"https:\/\/www.cidademarketing.com.br\/marketing\/"},{"@type":"ListItem","position":2,"name":"Imagens mostram acidente com helic\u00f3ptero em que estava o jornalista Ricardo Boechat"}]},{"@type":"WebSite","@id":"https:\/\/www.cidademarketing.com.br\/marketing\/#website","url":"https:\/\/www.cidademarketing.com.br\/marketing\/","name":"CidadeMarketing","description":"Somos um ve\u00edculo de comunica\u00e7\u00e3o de destaque no Brasil, reconhecido por conte\u00fados nos segmentos de marketing, empreendedorismo e inova\u00e7\u00e3o.","publisher":{"@id":"https:\/\/www.cidademarketing.com.br\/marketing\/#organization"},"alternateName":"CidadeMarketing","potentialAction":[{"@type":"SearchAction","target":{"@type":"EntryPoint","urlTemplate":"https:\/\/www.cidademarketing.com.br\/marketing\/?s={search_term_string}"},"query-input":{"@type":"PropertyValueSpecification","valueRequired":true,"valueName":"search_term_string"}}],"inLanguage":"pt-BR"},{"@type":"Organization","@id":"https:\/\/www.cidademarketing.com.br\/marketing\/#organization","name":"CidadeMarketing","alternateName":"CidadeMarketing","url":"https:\/\/www.cidademarketing.com.br\/marketing\/","logo":{"@type":"ImageObject","inLanguage":"pt-BR","@id":"https:\/\/www.cidademarketing.com.br\/marketing\/#\/schema\/logo\/image\/","url":"https:\/\/www.cidademarketing.com.br\/marketing\/wp-content\/uploads\/2020\/01\/cidademarketing_marca_mobile.png","contentUrl":"https:\/\/www.cidademarketing.com.br\/marketing\/wp-content\/uploads\/2020\/01\/cidademarketing_marca_mobile.png","width":230,"height":92,"caption":"CidadeMarketing"},"image":{"@id":"https:\/\/www.cidademarketing.com.br\/marketing\/#\/schema\/logo\/image\/"},"sameAs":["https:\/\/www.facebook.com\/portalcidademarketing","https:\/\/x.com\/CidadeMarketing","https:\/\/www.instagram.com\/cidademarketing\/"]},{"@type":"Person","@id":"https:\/\/www.cidademarketing.com.br\/marketing\/#\/schema\/person\/02daff9f18bd9378c9e01eb6b2db155f","name":"Thales Brand\u00e3o","image":{"@type":"ImageObject","inLanguage":"pt-BR","@id":"https:\/\/secure.gravatar.com\/avatar\/7ca3206950207cc3cb48feec56a8a7898741ab725c368d99d5d7a5a50aab80c6?s=96&d=mm&r=g","url":"https:\/\/secure.gravatar.com\/avatar\/7ca3206950207cc3cb48feec56a8a7898741ab725c368d99d5d7a5a50aab80c6?s=96&d=mm&r=g","contentUrl":"https:\/\/secure.gravatar.com\/avatar\/7ca3206950207cc3cb48feec56a8a7898741ab725c368d99d5d7a5a50aab80c6?s=96&d=mm&r=g","caption":"Thales Brand\u00e3o"},"description":"Editor Executivo do Portal CidadeMarketing.com.br &gt; Mestre em Comunica\u00e7\u00e3o e Sociedade pela Universidade Federal de Sergipe. Possui MBA Executivo em Administra\u00e7\u00e3o com \u00eanfase em Marketing pela Funda\u00e7\u00e3o Get\u00falio Vargas - Rio de Janeiro. Consultor, Palestrante e Pesquisador sobre Empreendedorismo, Marketing, Redes Sociais e Neg\u00f3cios Digitais. Professor, Palestrante TedxTalks e Campus Party. Twitter: @ThalesBrandao","sameAs":["http:\/\/www.mandacaru.com.br","https:\/\/www.facebook.com\/thalesbrandao","http:\/\/www.instagram.com.br\/thalesbrandaoferreira","https:\/\/www.linkedin.com\/in\/thales-brand\u00e3o-3948609\/","https:\/\/x.com\/http:\/\/www.twitter.com\/thalesbrandao"],"url":"https:\/\/www.cidademarketing.com.br\/marketing\/author\/thalesbrandao\/"}]}},"amp_enabled":true,"_links":{"self":[{"href":"https:\/\/www.cidademarketing.com.br\/marketing\/wp-json\/wp\/v2\/posts\/6169","targetHints":{"allow":["GET"]}}],"collection":[{"href":"https:\/\/www.cidademarketing.com.br\/marketing\/wp-json\/wp\/v2\/posts"}],"about":[{"href":"https:\/\/www.cidademarketing.com.br\/marketing\/wp-json\/wp\/v2\/types\/post"}],"author":[{"embeddable":true,"href":"https:\/\/www.cidademarketing.com.br\/marketing\/wp-json\/wp\/v2\/users\/1"}],"replies":[{"embeddable":true,"href":"https:\/\/www.cidademarketing.com.br\/marketing\/wp-json\/wp\/v2\/comments?post=6169"}],"version-history":[{"count":6,"href":"https:\/\/www.cidademarketing.com.br\/marketing\/wp-json\/wp\/v2\/posts\/6169\/revisions"}],"predecessor-version":[{"id":6185,"href":"https:\/\/www.cidademarketing.com.br\/marketing\/wp-json\/wp\/v2\/posts\/6169\/revisions\/6185"}],"wp:featuredmedia":[{"embeddable":true,"href":"https:\/\/www.cidademarketing.com.br\/marketing\/wp-json\/wp\/v2\/media\/6172"}],"wp:attachment":[{"href":"https:\/\/www.cidademarketing.com.br\/marketing\/wp-json\/wp\/v2\/media?parent=6169"}],"wp:term":[{"taxonomy":"category","embeddable":true,"href":"https:\/\/www.cidademarketing.com.br\/marketing\/wp-json\/wp\/v2\/categories?post=6169"},{"taxonomy":"post_tag","embeddable":true,"href":"https:\/\/www.cidademarketing.com.br\/marketing\/wp-json\/wp\/v2\/tags?post=6169"}],"curies":[{"name":"wp","href":"https:\/\/api.w.org\/{rel}","templated":true}]}}