{"id":6114,"date":"2019-02-08T09:14:57","date_gmt":"2019-02-08T11:14:57","guid":{"rendered":"http:\/\/www.cidademarketing.com.br\/marketing\/?p=6114"},"modified":"2019-02-08T19:06:27","modified_gmt":"2019-02-08T21:06:27","slug":"luto-flamengo-incendio-no-centro-de-treinamentos-da-base-do-flamengo-deixa-10-mortos-e-3-feridos-clubes-se-solidarizam-com-a-tragedia","status":"publish","type":"post","link":"https:\/\/www.cidademarketing.com.br\/marketing\/2019\/02\/08\/luto-flamengo-incendio-no-centro-de-treinamentos-da-base-do-flamengo-deixa-10-mortos-e-3-feridos-clubes-se-solidarizam-com-a-tragedia\/","title":{"rendered":"LUTO FLAMENGO: Inc\u00eandio no centro de treinamentos da base do Flamengo deixa 10 mortos e 3 feridos; Clubes se solidarizam com a trag\u00e9dia"},"content":{"rendered":"\n<p>Segundo os Bombeiros, dez pessoas morreram. Fogo atingiu alojamento das categorias de base (14 a 17 anos) do time no Ninho do Urubu, em Vargem Grande. O Fla-Flu deste s\u00e1bado foi cancelado.<\/p>\n\n\n\n<p>No Ninho do Urubu, em Vargem Grande, treinam o time profissional do Flamengo e as equipes de jovens atletas. O inc\u00eandio come\u00e7ou por volta das 5h10 e foi debelado \u00e0s 6h30. <\/p>\n\n\n\n<p>Confira a lista de jovens jogadores que foram v\u00edtimas da trag\u00e9dia no Ninho do Urubu:<\/p>\n\n\n\n<p><strong>Pablo Henrique<\/strong>, de 14 anos, nasceu em Oliveiras, a 150 km de Belo Horizonte, Minas Gerais. <\/p>\n\n\n\n<p><strong>Athila Paix\u00e3o,<\/strong> Natural de Lagarto (SE), Athila Paix\u00e3o, de 15 anos, voltou para o Rio no domingo, quando suas f\u00e9rias terminaram. Ele estava no Flamengo desde abril do ano passado. <\/p>\n\n\n\n<p><strong>V\u00edtor Isa\u00edas,&nbsp;<\/strong>O atacante iniciou a carreira no futebol jogando no Figueirense, em Santa Catarina. Antes de chegar ao Flamengo, em agosto de 2018, atuou pelo Athl\u00e9tico Paranaense. Tinha apenas 15 anos. <\/p>\n\n\n\n<p><strong>Christian Esm\u00e9rio,<\/strong> O goleiro de 15 anos j\u00e1 havia sido convocado para atuar a pela sele\u00e7\u00e3o brasileira de futebol . A \u00faltima chamada foi em janeiro deste ano. Na ocasi\u00e3o, comemorou a conquista nas redes sociais: &#8220;Agrade\u00e7o a todos os envolvidos que fizeram isso ser poss\u00edvel&#8221;.<\/p>\n\n\n\n<p><strong>Bernardo Pisetta<\/strong>,  Era da cidade de Indaial, em Santa Catarina. Na posi\u00e7\u00e3o de goleiro, jogou pelo Athl\u00e9tico Paranaense e chegou no Flamengo em 2018. Na \u00e9poca, publicou nas suas redes sociais que s\u00f3 tinha pelo que agradecer: &#8220;a minha fam\u00edlia que est\u00e1 sempre comigo&#8230;&#8221;  <\/p>\n\n\n\n<p><strong> Arthur Vinicius,&nbsp;<\/strong> Arthur era natural de Volta Redonda, no Rio de Janeiro. O zagueiro faria 15 anos em breve. Era sobrinho do jogador de futebol Andinho, que atuou no Volta Redonda nos anos 90. <\/p>\n\n\n\n<p><a href=\"http:\/\/www.cidademarketing.com.br\/marketing\/2019\/02\/08\/presidente-do-flamengo-fala-sobre-a-tragedia-no-ninho-do-urubu-veja-a-lista-de-jovens-jogadores-mortos-e-feridos\/\" target=\"_blank\" rel=\"noreferrer noopener\" aria-label=\"Presidente do Flamengo fala sobre a trag\u00e9dia no Ninho do Urubu; Veja a lista de jovens jogadores mortos e feridos. (abre em uma nova aba)\">Presidente do Flamengo fala sobre a trag\u00e9dia no Ninho do Urubu; Veja a lista de jovens jogadores mortos e feridos.<\/a><\/p>\n\n\n\n<p><a href=\"http:\/\/www.cidademarketing.com.br\/marketing\/2019\/02\/08\/flamengo-divulga-nota-sobre-quadro-clinico-dos-jogadores-salvos-pela-tragedia-no-ninho-do-urubu\/\" target=\"_blank\" rel=\"noreferrer noopener\" aria-label=\"Flamengo divulga nota sobre quadro cl\u00ednico dos jogadores salvos pela trag\u00e9dia no Ninho do Urubu. (abre em uma nova aba)\">Flamengo divulga nota sobre quadro cl\u00ednico dos jogadores salvos pela trag\u00e9dia no Ninho do Urubu.<\/a><\/p>\n\n\n\n<p>Pelo Twitter, diversos clubes do futebol brasileiro se solidarizaram com o Flamengo pelo inc\u00eandio que atingiu o Ninho do Urubu:<\/p>\n\n\n\n<figure class=\"wp-block-embed-twitter wp-block-embed is-type-rich is-provider-twitter\"><div class=\"wp-block-embed__wrapper\">\n<blockquote class=\"twitter-tweet\" data-width=\"550\" data-dnt=\"true\"><p lang=\"pt\" dir=\"ltr\">O CRVG lamenta profundamente o tr\u00e1gico inc\u00eandio no CT do <a href=\"https:\/\/twitter.com\/Flamengo?ref_src=twsrc%5Etfw\">@Flamengo<\/a>. <br><br>A Dir. Administrativa manifesta pesar e solidariedade aos familiares das v\u00edtimas, bem como \u00e0 Dire\u00e7\u00e3o e a todos os atletas do CRF. <br>Colocamo-nos \u00e0 disposi\u00e7\u00e3o para auxiliar no que for necess\u00e1rio. <a href=\"https:\/\/twitter.com\/hashtag\/For%C3%A7aFlamengo?src=hash&amp;ref_src=twsrc%5Etfw\">#For\u00e7aFlamengo<\/a> <a href=\"https:\/\/t.co\/3vxnhARplT\">pic.twitter.com\/3vxnhARplT<\/a><\/p>&mdash; Vasco da Gama (@VascodaGama) <a href=\"https:\/\/twitter.com\/VascodaGama\/status\/1093826535440687105?ref_src=twsrc%5Etfw\">February 8, 2019<\/a><\/blockquote><script async src=\"https:\/\/platform.twitter.com\/widgets.js\" charset=\"utf-8\"><\/script>\n<\/div><\/figure>\n\n\n\n<figure class=\"wp-block-embed-twitter wp-block-embed is-type-rich is-provider-twitter\"><div class=\"wp-block-embed__wrapper\">\n<blockquote class=\"twitter-tweet\" data-width=\"550\" data-dnt=\"true\"><p lang=\"pt\" dir=\"ltr\">O Guarani Futebol Clube lamenta profundamente o inc\u00eandio ocorrido no Centro de Treinamento do <a href=\"https:\/\/twitter.com\/Flamengo?ref_src=twsrc%5Etfw\">@Flamengo<\/a>. Nossos sinceros sentimentos \u00e0s fam\u00edlias e aos amigos. <a href=\"https:\/\/twitter.com\/hashtag\/For%C3%A7aFlamengo?src=hash&amp;ref_src=twsrc%5Etfw\">#For\u00e7aFlamengo<\/a> <a href=\"https:\/\/t.co\/uO6bTVQUiq\">pic.twitter.com\/uO6bTVQUiq<\/a><\/p>&mdash; Guarani Futebol Clube (@guaranifc) <a href=\"https:\/\/twitter.com\/guaranifc\/status\/1093828695247212544?ref_src=twsrc%5Etfw\">February 8, 2019<\/a><\/blockquote><script async src=\"https:\/\/platform.twitter.com\/widgets.js\" charset=\"utf-8\"><\/script>\n<\/div><\/figure>\n\n\n\n<figure class=\"wp-block-embed-twitter wp-block-embed is-type-rich is-provider-twitter\"><div class=\"wp-block-embed__wrapper\">\n<blockquote class=\"twitter-tweet\" data-width=\"550\" data-dnt=\"true\"><p lang=\"pt\" dir=\"ltr\">O Fluminense Football Club lamenta profundamente o inc\u00eandio ocorrido no Ninho do Urubu e se solidariza com a dor do Clube de Regatas do Flamengo. Nossos pensamentos est\u00e3o com as v\u00edtimas e seus familiares.<\/p>&mdash; Fluminense F.C. (@FluminenseFC) <a href=\"https:\/\/twitter.com\/FluminenseFC\/status\/1093815073842360330?ref_src=twsrc%5Etfw\">February 8, 2019<\/a><\/blockquote><script async src=\"https:\/\/platform.twitter.com\/widgets.js\" charset=\"utf-8\"><\/script>\n<\/div><\/figure>\n\n\n\n<figure class=\"wp-block-embed-twitter wp-block-embed is-type-rich is-provider-twitter\"><div class=\"wp-block-embed__wrapper\">\n<blockquote class=\"twitter-tweet\" data-width=\"550\" data-dnt=\"true\"><p lang=\"pt\" dir=\"ltr\">FOR\u00c7A, FLAMENGO! <br>Estamos muito tristes e abalados com a not\u00edcia do inc\u00eandio que atingiu o Ninho do Urubu, deixando in\u00fameras v\u00edtimas.<br>Externamos nosso desejo de for\u00e7a aos irm\u00e3os do <a href=\"https:\/\/twitter.com\/Flamengo?ref_src=twsrc%5Etfw\">@Flamengo<\/a> e a todos os familiares dos atingidos. Nossos pensamentos e ora\u00e7\u00f5es est\u00e3o com voc\u00eas. <a href=\"https:\/\/t.co\/Sb4Lpq5XvK\">pic.twitter.com\/Sb4Lpq5XvK<\/a><\/p>&mdash; Chapecoense (@ChapecoenseReal) <a href=\"https:\/\/twitter.com\/ChapecoenseReal\/status\/1093820388109365255?ref_src=twsrc%5Etfw\">February 8, 2019<\/a><\/blockquote><script async src=\"https:\/\/platform.twitter.com\/widgets.js\" charset=\"utf-8\"><\/script>\n<\/div><\/figure>\n\n\n\n<figure class=\"wp-block-embed-twitter wp-block-embed is-type-rich is-provider-twitter\"><div class=\"wp-block-embed__wrapper\">\n<blockquote class=\"twitter-tweet\" data-width=\"550\" data-dnt=\"true\"><p lang=\"pt\" dir=\"ltr\">Com muita tristeza recebemos a not\u00edcia da trag\u00e9dia no Ninho do Urubu. Desejamos for\u00e7as a todos os amigos, familiares, funcion\u00e1rios e torcedores do Flamengo.<br>\ud83d\udd34\u26ab\ufe0f<a href=\"https:\/\/twitter.com\/hashtag\/For%C3%A7aFlamengo?src=hash&amp;ref_src=twsrc%5Etfw\">#For\u00e7aFlamengo<\/a><\/p>&mdash; Athletico Paranaense (@AthleticoPR) <a href=\"https:\/\/twitter.com\/AthleticoPR\/status\/1093823390648070146?ref_src=twsrc%5Etfw\">February 8, 2019<\/a><\/blockquote><script async src=\"https:\/\/platform.twitter.com\/widgets.js\" charset=\"utf-8\"><\/script>\n<\/div><\/figure>\n\n\n\n<figure class=\"wp-block-embed-twitter wp-block-embed is-type-rich is-provider-twitter\"><div class=\"wp-block-embed__wrapper\">\n<blockquote class=\"twitter-tweet\" data-width=\"550\" data-dnt=\"true\"><p lang=\"pt\" dir=\"ltr\">Que not\u00edcia triste o tr\u00e1gico acidente no Ninho do Urubu. O Botafogo manifesta sua solidariedade ao <a href=\"https:\/\/twitter.com\/Flamengo?ref_src=twsrc%5Etfw\">@Flamengo<\/a> , a torcedores, a familiares e amigos das v\u00edtimas. <a href=\"https:\/\/twitter.com\/hashtag\/For%C3%A7aFlamengo?src=hash&amp;ref_src=twsrc%5Etfw\">#For\u00e7aFlamengo<\/a><\/p>&mdash; Botafogo F.R. (@Botafogo) <a href=\"https:\/\/twitter.com\/Botafogo\/status\/1093812183824257025?ref_src=twsrc%5Etfw\">February 8, 2019<\/a><\/blockquote><script async src=\"https:\/\/platform.twitter.com\/widgets.js\" charset=\"utf-8\"><\/script>\n<\/div><\/figure>\n\n\n\n<figure class=\"wp-block-embed-twitter wp-block-embed is-type-rich is-provider-twitter\"><div class=\"wp-block-embed__wrapper\">\n<blockquote class=\"twitter-tweet\" data-width=\"550\" data-dnt=\"true\"><p lang=\"pt\" dir=\"ltr\">A Fl\u00f3rida Cup lamenta profundamente o tr\u00e1gico inc\u00eandio ocorrido no Ninho do Urubu! Neste momento de dor e luto, toda nossa solidariedade ao <a href=\"https:\/\/twitter.com\/Flamengo?ref_src=twsrc%5Etfw\">@Flamengo<\/a>, as v\u00edtimas e seus familiares!<a href=\"https:\/\/twitter.com\/hashtag\/FloridaCup?src=hash&amp;ref_src=twsrc%5Etfw\">#FloridaCup<\/a> <a href=\"https:\/\/twitter.com\/hashtag\/Flamengo?src=hash&amp;ref_src=twsrc%5Etfw\">#Flamengo<\/a> <a href=\"https:\/\/twitter.com\/hashtag\/For%C3%A7aFlamengo?src=hash&amp;ref_src=twsrc%5Etfw\">#For\u00e7aFlamengo<\/a> <a href=\"https:\/\/twitter.com\/hashtag\/Luto?src=hash&amp;ref_src=twsrc%5Etfw\">#Luto<\/a> <a href=\"https:\/\/t.co\/bCbVuj65j2\">pic.twitter.com\/bCbVuj65j2<\/a><\/p>&mdash; FC Series (@FC_series) <a href=\"https:\/\/twitter.com\/FC_series\/status\/1093821382432038912?ref_src=twsrc%5Etfw\">February 8, 2019<\/a><\/blockquote><script async src=\"https:\/\/platform.twitter.com\/widgets.js\" charset=\"utf-8\"><\/script>\n<\/div><\/figure>\n\n\n\n<figure class=\"wp-block-embed-twitter wp-block-embed is-type-rich is-provider-twitter\"><div class=\"wp-block-embed__wrapper\">\n<blockquote class=\"twitter-tweet\" data-width=\"550\" data-dnt=\"true\"><p lang=\"pt\" dir=\"ltr\">O AS Monaco lamenta profundamente a trag\u00e9dia ocorrida no Ninho do Urubu nesta madrugada. Nossos pensamentos e ora\u00e7\u00f5es est\u00e3o com o <a href=\"https:\/\/twitter.com\/Flamengo?ref_src=twsrc%5Etfw\">@Flamengo<\/a>, familiares e amigos das v\u00edtimas e torcedores do clube.<a href=\"https:\/\/twitter.com\/hashtag\/For%C3%A7aFlamengo?src=hash&amp;ref_src=twsrc%5Etfw\">#For\u00e7aFlamengo<\/a> <a href=\"https:\/\/t.co\/fiT2GT0WZs\">pic.twitter.com\/fiT2GT0WZs<\/a><\/p>&mdash; AS Monaco BR \ud83c\uddf2\ud83c\udde8 (@AS_Monaco_BR) <a href=\"https:\/\/twitter.com\/AS_Monaco_BR\/status\/1093825364386856961?ref_src=twsrc%5Etfw\">February 8, 2019<\/a><\/blockquote><script async src=\"https:\/\/platform.twitter.com\/widgets.js\" charset=\"utf-8\"><\/script>\n<\/div><\/figure>\n\n\n\n<figure class=\"wp-block-embed-twitter wp-block-embed is-type-rich is-provider-twitter\"><div class=\"wp-block-embed__wrapper\">\n<blockquote class=\"twitter-tweet\" data-width=\"550\" data-dnt=\"true\"><p lang=\"pt\" dir=\"ltr\">Toda nossa solidariedade ao <a href=\"https:\/\/twitter.com\/Flamengo?ref_src=twsrc%5Etfw\">@Flamengo<\/a> e \u00e0s v\u00edtimas do grave acidente desta manh\u00e3.<\/p>&mdash; Santos FC (@SantosFC) <a href=\"https:\/\/twitter.com\/SantosFC\/status\/1093806192458125312?ref_src=twsrc%5Etfw\">February 8, 2019<\/a><\/blockquote><script async src=\"https:\/\/platform.twitter.com\/widgets.js\" charset=\"utf-8\"><\/script>\n<\/div><\/figure>\n\n\n\n<figure class=\"wp-block-embed-twitter wp-block-embed is-type-rich is-provider-twitter\"><div class=\"wp-block-embed__wrapper\">\n<blockquote class=\"twitter-tweet\" data-width=\"550\" data-dnt=\"true\"><p lang=\"pt\" dir=\"ltr\">Toda nossa solidariedade ao <a href=\"https:\/\/twitter.com\/Flamengo?ref_src=twsrc%5Etfw\">@Flamengo<\/a> e \u00e0s v\u00edtimas do grave acidente desta manh\u00e3 no seu CT. \ud83d\ude4f<\/p>&mdash; Vila Nova F.C. (@VilaNovaFC) <a href=\"https:\/\/twitter.com\/VilaNovaFC\/status\/1093810255295926272?ref_src=twsrc%5Etfw\">February 8, 2019<\/a><\/blockquote><script async src=\"https:\/\/platform.twitter.com\/widgets.js\" charset=\"utf-8\"><\/script>\n<\/div><\/figure>\n","protected":false},"excerpt":{"rendered":"<p>Segundo os Bombeiros, dez pessoas morreram. Fogo atingiu alojamento das categorias de base (14 a 17 anos) do time no Ninho do Urubu, em Vargem Grande. O Fla-Flu deste s\u00e1bado foi cancelado. No Ninho do Urubu, em Vargem Grande, treinam o time profissional do Flamengo e as equipes de jovens atletas. O inc\u00eandio come\u00e7ou por [&hellip;]<\/p>\n","protected":false},"author":1,"featured_media":6115,"comment_status":"open","ping_status":"open","sticky":false,"template":"","format":"standard","meta":{"tdm_status":"","tdm_grid_status":"","footnotes":""},"categories":[6],"tags":[941,194],"class_list":["post-6114","post","type-post","status-publish","format-standard","has-post-thumbnail","hentry","category-noticias","tag-flamengo","tag-marketing-esportivo"],"yoast_head":"<!-- This site is optimized with the Yoast SEO plugin v27.4 - https:\/\/yoast.com\/product\/yoast-seo-wordpress\/ -->\n<title>LUTO FLAMENGO: Inc\u00eandio no centro de treinamentos da base do Flamengo deixa 10 mortos e 3 feridos; Clubes se solidarizam com a trag\u00e9dia - CidadeMarketing<\/title>\n<meta name=\"robots\" content=\"index, follow, max-snippet:-1, max-image-preview:large, max-video-preview:-1\" \/>\n<link rel=\"canonical\" href=\"https:\/\/www.cidademarketing.com.br\/marketing\/2019\/02\/08\/luto-flamengo-incendio-no-centro-de-treinamentos-da-base-do-flamengo-deixa-10-mortos-e-3-feridos-clubes-se-solidarizam-com-a-tragedia\/\" \/>\n<meta property=\"og:locale\" content=\"pt_BR\" \/>\n<meta property=\"og:type\" content=\"article\" \/>\n<meta property=\"og:title\" content=\"LUTO FLAMENGO: Inc\u00eandio no centro de treinamentos da base do Flamengo deixa 10 mortos e 3 feridos; Clubes se solidarizam com a trag\u00e9dia - CidadeMarketing\" \/>\n<meta property=\"og:description\" content=\"Segundo os Bombeiros, dez pessoas morreram. Fogo atingiu alojamento das categorias de base (14 a 17 anos) do time no Ninho do Urubu, em Vargem Grande. O Fla-Flu deste s\u00e1bado foi cancelado. No Ninho do Urubu, em Vargem Grande, treinam o time profissional do Flamengo e as equipes de jovens atletas. O inc\u00eandio come\u00e7ou por [&hellip;]\" \/>\n<meta property=\"og:url\" content=\"https:\/\/www.cidademarketing.com.br\/marketing\/2019\/02\/08\/luto-flamengo-incendio-no-centro-de-treinamentos-da-base-do-flamengo-deixa-10-mortos-e-3-feridos-clubes-se-solidarizam-com-a-tragedia\/\" \/>\n<meta property=\"og:site_name\" content=\"CidadeMarketing\" \/>\n<meta property=\"article:publisher\" content=\"https:\/\/www.facebook.com\/portalcidademarketing\" \/>\n<meta property=\"article:author\" content=\"https:\/\/www.facebook.com\/thalesbrandao\" \/>\n<meta property=\"article:published_time\" content=\"2019-02-08T11:14:57+00:00\" \/>\n<meta property=\"article:modified_time\" content=\"2019-02-08T21:06:27+00:00\" \/>\n<meta property=\"og:image\" content=\"https:\/\/www.cidademarketing.com.br\/marketing\/wp-content\/uploads\/2019\/02\/forca_flamengo.jpg\" \/>\n\t<meta property=\"og:image:width\" content=\"1200\" \/>\n\t<meta property=\"og:image:height\" content=\"1200\" \/>\n\t<meta property=\"og:image:type\" content=\"image\/jpeg\" \/>\n<meta name=\"author\" content=\"Thales Brand\u00e3o\" \/>\n<meta name=\"twitter:card\" content=\"summary_large_image\" \/>\n<meta name=\"twitter:creator\" content=\"@http:\/\/www.twitter.com\/thalesbrandao\" \/>\n<meta name=\"twitter:site\" content=\"@CidadeMarketing\" \/>\n<meta name=\"twitter:label1\" content=\"Escrito por\" \/>\n\t<meta name=\"twitter:data1\" content=\"Thales Brand\u00e3o\" \/>\n\t<meta name=\"twitter:label2\" content=\"Est. tempo de leitura\" \/>\n\t<meta name=\"twitter:data2\" content=\"2 minutos\" \/>\n<script type=\"application\/ld+json\" class=\"yoast-schema-graph\">{\"@context\":\"https:\\\/\\\/schema.org\",\"@graph\":[{\"@type\":\"Article\",\"@id\":\"https:\\\/\\\/www.cidademarketing.com.br\\\/marketing\\\/2019\\\/02\\\/08\\\/luto-flamengo-incendio-no-centro-de-treinamentos-da-base-do-flamengo-deixa-10-mortos-e-3-feridos-clubes-se-solidarizam-com-a-tragedia\\\/#article\",\"isPartOf\":{\"@id\":\"https:\\\/\\\/www.cidademarketing.com.br\\\/marketing\\\/2019\\\/02\\\/08\\\/luto-flamengo-incendio-no-centro-de-treinamentos-da-base-do-flamengo-deixa-10-mortos-e-3-feridos-clubes-se-solidarizam-com-a-tragedia\\\/\"},\"author\":{\"name\":\"Thales Brand\u00e3o\",\"@id\":\"https:\\\/\\\/www.cidademarketing.com.br\\\/marketing\\\/#\\\/schema\\\/person\\\/02daff9f18bd9378c9e01eb6b2db155f\"},\"headline\":\"LUTO FLAMENGO: Inc\u00eandio no centro de treinamentos da base do Flamengo deixa 10 mortos e 3 feridos; Clubes se solidarizam com a trag\u00e9dia\",\"datePublished\":\"2019-02-08T11:14:57+00:00\",\"dateModified\":\"2019-02-08T21:06:27+00:00\",\"mainEntityOfPage\":{\"@id\":\"https:\\\/\\\/www.cidademarketing.com.br\\\/marketing\\\/2019\\\/02\\\/08\\\/luto-flamengo-incendio-no-centro-de-treinamentos-da-base-do-flamengo-deixa-10-mortos-e-3-feridos-clubes-se-solidarizam-com-a-tragedia\\\/\"},\"wordCount\":424,\"commentCount\":0,\"publisher\":{\"@id\":\"https:\\\/\\\/www.cidademarketing.com.br\\\/marketing\\\/#organization\"},\"image\":{\"@id\":\"https:\\\/\\\/www.cidademarketing.com.br\\\/marketing\\\/2019\\\/02\\\/08\\\/luto-flamengo-incendio-no-centro-de-treinamentos-da-base-do-flamengo-deixa-10-mortos-e-3-feridos-clubes-se-solidarizam-com-a-tragedia\\\/#primaryimage\"},\"thumbnailUrl\":\"https:\\\/\\\/www.cidademarketing.com.br\\\/marketing\\\/wp-content\\\/uploads\\\/2019\\\/02\\\/forca_flamengo.jpg\",\"keywords\":[\"Flamengo\",\"marketing esportivo\"],\"articleSection\":[\"Not\u00edcias\"],\"inLanguage\":\"pt-BR\",\"potentialAction\":[{\"@type\":\"CommentAction\",\"name\":\"Comment\",\"target\":[\"https:\\\/\\\/www.cidademarketing.com.br\\\/marketing\\\/2019\\\/02\\\/08\\\/luto-flamengo-incendio-no-centro-de-treinamentos-da-base-do-flamengo-deixa-10-mortos-e-3-feridos-clubes-se-solidarizam-com-a-tragedia\\\/#respond\"]}]},{\"@type\":\"WebPage\",\"@id\":\"https:\\\/\\\/www.cidademarketing.com.br\\\/marketing\\\/2019\\\/02\\\/08\\\/luto-flamengo-incendio-no-centro-de-treinamentos-da-base-do-flamengo-deixa-10-mortos-e-3-feridos-clubes-se-solidarizam-com-a-tragedia\\\/\",\"url\":\"https:\\\/\\\/www.cidademarketing.com.br\\\/marketing\\\/2019\\\/02\\\/08\\\/luto-flamengo-incendio-no-centro-de-treinamentos-da-base-do-flamengo-deixa-10-mortos-e-3-feridos-clubes-se-solidarizam-com-a-tragedia\\\/\",\"name\":\"LUTO FLAMENGO: Inc\u00eandio no centro de treinamentos da base do Flamengo deixa 10 mortos e 3 feridos; Clubes se solidarizam com a trag\u00e9dia - CidadeMarketing\",\"isPartOf\":{\"@id\":\"https:\\\/\\\/www.cidademarketing.com.br\\\/marketing\\\/#website\"},\"primaryImageOfPage\":{\"@id\":\"https:\\\/\\\/www.cidademarketing.com.br\\\/marketing\\\/2019\\\/02\\\/08\\\/luto-flamengo-incendio-no-centro-de-treinamentos-da-base-do-flamengo-deixa-10-mortos-e-3-feridos-clubes-se-solidarizam-com-a-tragedia\\\/#primaryimage\"},\"image\":{\"@id\":\"https:\\\/\\\/www.cidademarketing.com.br\\\/marketing\\\/2019\\\/02\\\/08\\\/luto-flamengo-incendio-no-centro-de-treinamentos-da-base-do-flamengo-deixa-10-mortos-e-3-feridos-clubes-se-solidarizam-com-a-tragedia\\\/#primaryimage\"},\"thumbnailUrl\":\"https:\\\/\\\/www.cidademarketing.com.br\\\/marketing\\\/wp-content\\\/uploads\\\/2019\\\/02\\\/forca_flamengo.jpg\",\"datePublished\":\"2019-02-08T11:14:57+00:00\",\"dateModified\":\"2019-02-08T21:06:27+00:00\",\"breadcrumb\":{\"@id\":\"https:\\\/\\\/www.cidademarketing.com.br\\\/marketing\\\/2019\\\/02\\\/08\\\/luto-flamengo-incendio-no-centro-de-treinamentos-da-base-do-flamengo-deixa-10-mortos-e-3-feridos-clubes-se-solidarizam-com-a-tragedia\\\/#breadcrumb\"},\"inLanguage\":\"pt-BR\",\"potentialAction\":[{\"@type\":\"ReadAction\",\"target\":[\"https:\\\/\\\/www.cidademarketing.com.br\\\/marketing\\\/2019\\\/02\\\/08\\\/luto-flamengo-incendio-no-centro-de-treinamentos-da-base-do-flamengo-deixa-10-mortos-e-3-feridos-clubes-se-solidarizam-com-a-tragedia\\\/\"]}]},{\"@type\":\"ImageObject\",\"inLanguage\":\"pt-BR\",\"@id\":\"https:\\\/\\\/www.cidademarketing.com.br\\\/marketing\\\/2019\\\/02\\\/08\\\/luto-flamengo-incendio-no-centro-de-treinamentos-da-base-do-flamengo-deixa-10-mortos-e-3-feridos-clubes-se-solidarizam-com-a-tragedia\\\/#primaryimage\",\"url\":\"https:\\\/\\\/www.cidademarketing.com.br\\\/marketing\\\/wp-content\\\/uploads\\\/2019\\\/02\\\/forca_flamengo.jpg\",\"contentUrl\":\"https:\\\/\\\/www.cidademarketing.com.br\\\/marketing\\\/wp-content\\\/uploads\\\/2019\\\/02\\\/forca_flamengo.jpg\",\"width\":1200,\"height\":1200,\"caption\":\"Reprodu\u00e7\u00e3o\\\/Twitter\"},{\"@type\":\"BreadcrumbList\",\"@id\":\"https:\\\/\\\/www.cidademarketing.com.br\\\/marketing\\\/2019\\\/02\\\/08\\\/luto-flamengo-incendio-no-centro-de-treinamentos-da-base-do-flamengo-deixa-10-mortos-e-3-feridos-clubes-se-solidarizam-com-a-tragedia\\\/#breadcrumb\",\"itemListElement\":[{\"@type\":\"ListItem\",\"position\":1,\"name\":\"In\u00edcio\",\"item\":\"https:\\\/\\\/www.cidademarketing.com.br\\\/marketing\\\/\"},{\"@type\":\"ListItem\",\"position\":2,\"name\":\"LUTO FLAMENGO: Inc\u00eandio no centro de treinamentos da base do Flamengo deixa 10 mortos e 3 feridos; Clubes se solidarizam com a trag\u00e9dia\"}]},{\"@type\":\"WebSite\",\"@id\":\"https:\\\/\\\/www.cidademarketing.com.br\\\/marketing\\\/#website\",\"url\":\"https:\\\/\\\/www.cidademarketing.com.br\\\/marketing\\\/\",\"name\":\"CidadeMarketing\",\"description\":\"Somos um ve\u00edculo de comunica\u00e7\u00e3o de destaque no Brasil, reconhecido por conte\u00fados nos segmentos de marketing, empreendedorismo e inova\u00e7\u00e3o.\",\"publisher\":{\"@id\":\"https:\\\/\\\/www.cidademarketing.com.br\\\/marketing\\\/#organization\"},\"alternateName\":\"CidadeMarketing\",\"potentialAction\":[{\"@type\":\"SearchAction\",\"target\":{\"@type\":\"EntryPoint\",\"urlTemplate\":\"https:\\\/\\\/www.cidademarketing.com.br\\\/marketing\\\/?s={search_term_string}\"},\"query-input\":{\"@type\":\"PropertyValueSpecification\",\"valueRequired\":true,\"valueName\":\"search_term_string\"}}],\"inLanguage\":\"pt-BR\"},{\"@type\":\"Organization\",\"@id\":\"https:\\\/\\\/www.cidademarketing.com.br\\\/marketing\\\/#organization\",\"name\":\"CidadeMarketing\",\"alternateName\":\"CidadeMarketing\",\"url\":\"https:\\\/\\\/www.cidademarketing.com.br\\\/marketing\\\/\",\"logo\":{\"@type\":\"ImageObject\",\"inLanguage\":\"pt-BR\",\"@id\":\"https:\\\/\\\/www.cidademarketing.com.br\\\/marketing\\\/#\\\/schema\\\/logo\\\/image\\\/\",\"url\":\"https:\\\/\\\/www.cidademarketing.com.br\\\/marketing\\\/wp-content\\\/uploads\\\/2020\\\/01\\\/cidademarketing_marca_mobile.png\",\"contentUrl\":\"https:\\\/\\\/www.cidademarketing.com.br\\\/marketing\\\/wp-content\\\/uploads\\\/2020\\\/01\\\/cidademarketing_marca_mobile.png\",\"width\":230,\"height\":92,\"caption\":\"CidadeMarketing\"},\"image\":{\"@id\":\"https:\\\/\\\/www.cidademarketing.com.br\\\/marketing\\\/#\\\/schema\\\/logo\\\/image\\\/\"},\"sameAs\":[\"https:\\\/\\\/www.facebook.com\\\/portalcidademarketing\",\"https:\\\/\\\/x.com\\\/CidadeMarketing\",\"https:\\\/\\\/www.instagram.com\\\/cidademarketing\\\/\"]},{\"@type\":\"Person\",\"@id\":\"https:\\\/\\\/www.cidademarketing.com.br\\\/marketing\\\/#\\\/schema\\\/person\\\/02daff9f18bd9378c9e01eb6b2db155f\",\"name\":\"Thales Brand\u00e3o\",\"image\":{\"@type\":\"ImageObject\",\"inLanguage\":\"pt-BR\",\"@id\":\"https:\\\/\\\/secure.gravatar.com\\\/avatar\\\/7ca3206950207cc3cb48feec56a8a7898741ab725c368d99d5d7a5a50aab80c6?s=96&d=mm&r=g\",\"url\":\"https:\\\/\\\/secure.gravatar.com\\\/avatar\\\/7ca3206950207cc3cb48feec56a8a7898741ab725c368d99d5d7a5a50aab80c6?s=96&d=mm&r=g\",\"contentUrl\":\"https:\\\/\\\/secure.gravatar.com\\\/avatar\\\/7ca3206950207cc3cb48feec56a8a7898741ab725c368d99d5d7a5a50aab80c6?s=96&d=mm&r=g\",\"caption\":\"Thales Brand\u00e3o\"},\"description\":\"Editor Executivo do Portal CidadeMarketing.com.br &gt; Mestre em Comunica\u00e7\u00e3o e Sociedade pela Universidade Federal de Sergipe. Possui MBA Executivo em Administra\u00e7\u00e3o com \u00eanfase em Marketing pela Funda\u00e7\u00e3o Get\u00falio Vargas - Rio de Janeiro. Consultor, Palestrante e Pesquisador sobre Empreendedorismo, Marketing, Redes Sociais e Neg\u00f3cios Digitais. Professor, Palestrante TedxTalks e Campus Party. Twitter: @ThalesBrandao\",\"sameAs\":[\"http:\\\/\\\/www.mandacaru.com.br\",\"https:\\\/\\\/www.facebook.com\\\/thalesbrandao\",\"http:\\\/\\\/www.instagram.com.br\\\/thalesbrandaoferreira\",\"https:\\\/\\\/www.linkedin.com\\\/in\\\/thales-brand\u00e3o-3948609\\\/\",\"https:\\\/\\\/x.com\\\/http:\\\/\\\/www.twitter.com\\\/thalesbrandao\"],\"url\":\"https:\\\/\\\/www.cidademarketing.com.br\\\/marketing\\\/author\\\/thalesbrandao\\\/\"}]}<\/script>\n<!-- \/ Yoast SEO plugin. -->","yoast_head_json":{"title":"LUTO FLAMENGO: Inc\u00eandio no centro de treinamentos da base do Flamengo deixa 10 mortos e 3 feridos; Clubes se solidarizam com a trag\u00e9dia - CidadeMarketing","robots":{"index":"index","follow":"follow","max-snippet":"max-snippet:-1","max-image-preview":"max-image-preview:large","max-video-preview":"max-video-preview:-1"},"canonical":"https:\/\/www.cidademarketing.com.br\/marketing\/2019\/02\/08\/luto-flamengo-incendio-no-centro-de-treinamentos-da-base-do-flamengo-deixa-10-mortos-e-3-feridos-clubes-se-solidarizam-com-a-tragedia\/","og_locale":"pt_BR","og_type":"article","og_title":"LUTO FLAMENGO: Inc\u00eandio no centro de treinamentos da base do Flamengo deixa 10 mortos e 3 feridos; Clubes se solidarizam com a trag\u00e9dia - CidadeMarketing","og_description":"Segundo os Bombeiros, dez pessoas morreram. Fogo atingiu alojamento das categorias de base (14 a 17 anos) do time no Ninho do Urubu, em Vargem Grande. O Fla-Flu deste s\u00e1bado foi cancelado. No Ninho do Urubu, em Vargem Grande, treinam o time profissional do Flamengo e as equipes de jovens atletas. O inc\u00eandio come\u00e7ou por [&hellip;]","og_url":"https:\/\/www.cidademarketing.com.br\/marketing\/2019\/02\/08\/luto-flamengo-incendio-no-centro-de-treinamentos-da-base-do-flamengo-deixa-10-mortos-e-3-feridos-clubes-se-solidarizam-com-a-tragedia\/","og_site_name":"CidadeMarketing","article_publisher":"https:\/\/www.facebook.com\/portalcidademarketing","article_author":"https:\/\/www.facebook.com\/thalesbrandao","article_published_time":"2019-02-08T11:14:57+00:00","article_modified_time":"2019-02-08T21:06:27+00:00","og_image":[{"width":1200,"height":1200,"url":"https:\/\/www.cidademarketing.com.br\/marketing\/wp-content\/uploads\/2019\/02\/forca_flamengo.jpg","type":"image\/jpeg"}],"author":"Thales Brand\u00e3o","twitter_card":"summary_large_image","twitter_creator":"@http:\/\/www.twitter.com\/thalesbrandao","twitter_site":"@CidadeMarketing","twitter_misc":{"Escrito por":"Thales Brand\u00e3o","Est. tempo de leitura":"2 minutos"},"schema":{"@context":"https:\/\/schema.org","@graph":[{"@type":"Article","@id":"https:\/\/www.cidademarketing.com.br\/marketing\/2019\/02\/08\/luto-flamengo-incendio-no-centro-de-treinamentos-da-base-do-flamengo-deixa-10-mortos-e-3-feridos-clubes-se-solidarizam-com-a-tragedia\/#article","isPartOf":{"@id":"https:\/\/www.cidademarketing.com.br\/marketing\/2019\/02\/08\/luto-flamengo-incendio-no-centro-de-treinamentos-da-base-do-flamengo-deixa-10-mortos-e-3-feridos-clubes-se-solidarizam-com-a-tragedia\/"},"author":{"name":"Thales Brand\u00e3o","@id":"https:\/\/www.cidademarketing.com.br\/marketing\/#\/schema\/person\/02daff9f18bd9378c9e01eb6b2db155f"},"headline":"LUTO FLAMENGO: Inc\u00eandio no centro de treinamentos da base do Flamengo deixa 10 mortos e 3 feridos; Clubes se solidarizam com a trag\u00e9dia","datePublished":"2019-02-08T11:14:57+00:00","dateModified":"2019-02-08T21:06:27+00:00","mainEntityOfPage":{"@id":"https:\/\/www.cidademarketing.com.br\/marketing\/2019\/02\/08\/luto-flamengo-incendio-no-centro-de-treinamentos-da-base-do-flamengo-deixa-10-mortos-e-3-feridos-clubes-se-solidarizam-com-a-tragedia\/"},"wordCount":424,"commentCount":0,"publisher":{"@id":"https:\/\/www.cidademarketing.com.br\/marketing\/#organization"},"image":{"@id":"https:\/\/www.cidademarketing.com.br\/marketing\/2019\/02\/08\/luto-flamengo-incendio-no-centro-de-treinamentos-da-base-do-flamengo-deixa-10-mortos-e-3-feridos-clubes-se-solidarizam-com-a-tragedia\/#primaryimage"},"thumbnailUrl":"https:\/\/www.cidademarketing.com.br\/marketing\/wp-content\/uploads\/2019\/02\/forca_flamengo.jpg","keywords":["Flamengo","marketing esportivo"],"articleSection":["Not\u00edcias"],"inLanguage":"pt-BR","potentialAction":[{"@type":"CommentAction","name":"Comment","target":["https:\/\/www.cidademarketing.com.br\/marketing\/2019\/02\/08\/luto-flamengo-incendio-no-centro-de-treinamentos-da-base-do-flamengo-deixa-10-mortos-e-3-feridos-clubes-se-solidarizam-com-a-tragedia\/#respond"]}]},{"@type":"WebPage","@id":"https:\/\/www.cidademarketing.com.br\/marketing\/2019\/02\/08\/luto-flamengo-incendio-no-centro-de-treinamentos-da-base-do-flamengo-deixa-10-mortos-e-3-feridos-clubes-se-solidarizam-com-a-tragedia\/","url":"https:\/\/www.cidademarketing.com.br\/marketing\/2019\/02\/08\/luto-flamengo-incendio-no-centro-de-treinamentos-da-base-do-flamengo-deixa-10-mortos-e-3-feridos-clubes-se-solidarizam-com-a-tragedia\/","name":"LUTO FLAMENGO: Inc\u00eandio no centro de treinamentos da base do Flamengo deixa 10 mortos e 3 feridos; Clubes se solidarizam com a trag\u00e9dia - CidadeMarketing","isPartOf":{"@id":"https:\/\/www.cidademarketing.com.br\/marketing\/#website"},"primaryImageOfPage":{"@id":"https:\/\/www.cidademarketing.com.br\/marketing\/2019\/02\/08\/luto-flamengo-incendio-no-centro-de-treinamentos-da-base-do-flamengo-deixa-10-mortos-e-3-feridos-clubes-se-solidarizam-com-a-tragedia\/#primaryimage"},"image":{"@id":"https:\/\/www.cidademarketing.com.br\/marketing\/2019\/02\/08\/luto-flamengo-incendio-no-centro-de-treinamentos-da-base-do-flamengo-deixa-10-mortos-e-3-feridos-clubes-se-solidarizam-com-a-tragedia\/#primaryimage"},"thumbnailUrl":"https:\/\/www.cidademarketing.com.br\/marketing\/wp-content\/uploads\/2019\/02\/forca_flamengo.jpg","datePublished":"2019-02-08T11:14:57+00:00","dateModified":"2019-02-08T21:06:27+00:00","breadcrumb":{"@id":"https:\/\/www.cidademarketing.com.br\/marketing\/2019\/02\/08\/luto-flamengo-incendio-no-centro-de-treinamentos-da-base-do-flamengo-deixa-10-mortos-e-3-feridos-clubes-se-solidarizam-com-a-tragedia\/#breadcrumb"},"inLanguage":"pt-BR","potentialAction":[{"@type":"ReadAction","target":["https:\/\/www.cidademarketing.com.br\/marketing\/2019\/02\/08\/luto-flamengo-incendio-no-centro-de-treinamentos-da-base-do-flamengo-deixa-10-mortos-e-3-feridos-clubes-se-solidarizam-com-a-tragedia\/"]}]},{"@type":"ImageObject","inLanguage":"pt-BR","@id":"https:\/\/www.cidademarketing.com.br\/marketing\/2019\/02\/08\/luto-flamengo-incendio-no-centro-de-treinamentos-da-base-do-flamengo-deixa-10-mortos-e-3-feridos-clubes-se-solidarizam-com-a-tragedia\/#primaryimage","url":"https:\/\/www.cidademarketing.com.br\/marketing\/wp-content\/uploads\/2019\/02\/forca_flamengo.jpg","contentUrl":"https:\/\/www.cidademarketing.com.br\/marketing\/wp-content\/uploads\/2019\/02\/forca_flamengo.jpg","width":1200,"height":1200,"caption":"Reprodu\u00e7\u00e3o\/Twitter"},{"@type":"BreadcrumbList","@id":"https:\/\/www.cidademarketing.com.br\/marketing\/2019\/02\/08\/luto-flamengo-incendio-no-centro-de-treinamentos-da-base-do-flamengo-deixa-10-mortos-e-3-feridos-clubes-se-solidarizam-com-a-tragedia\/#breadcrumb","itemListElement":[{"@type":"ListItem","position":1,"name":"In\u00edcio","item":"https:\/\/www.cidademarketing.com.br\/marketing\/"},{"@type":"ListItem","position":2,"name":"LUTO FLAMENGO: Inc\u00eandio no centro de treinamentos da base do Flamengo deixa 10 mortos e 3 feridos; Clubes se solidarizam com a trag\u00e9dia"}]},{"@type":"WebSite","@id":"https:\/\/www.cidademarketing.com.br\/marketing\/#website","url":"https:\/\/www.cidademarketing.com.br\/marketing\/","name":"CidadeMarketing","description":"Somos um ve\u00edculo de comunica\u00e7\u00e3o de destaque no Brasil, reconhecido por conte\u00fados nos segmentos de marketing, empreendedorismo e inova\u00e7\u00e3o.","publisher":{"@id":"https:\/\/www.cidademarketing.com.br\/marketing\/#organization"},"alternateName":"CidadeMarketing","potentialAction":[{"@type":"SearchAction","target":{"@type":"EntryPoint","urlTemplate":"https:\/\/www.cidademarketing.com.br\/marketing\/?s={search_term_string}"},"query-input":{"@type":"PropertyValueSpecification","valueRequired":true,"valueName":"search_term_string"}}],"inLanguage":"pt-BR"},{"@type":"Organization","@id":"https:\/\/www.cidademarketing.com.br\/marketing\/#organization","name":"CidadeMarketing","alternateName":"CidadeMarketing","url":"https:\/\/www.cidademarketing.com.br\/marketing\/","logo":{"@type":"ImageObject","inLanguage":"pt-BR","@id":"https:\/\/www.cidademarketing.com.br\/marketing\/#\/schema\/logo\/image\/","url":"https:\/\/www.cidademarketing.com.br\/marketing\/wp-content\/uploads\/2020\/01\/cidademarketing_marca_mobile.png","contentUrl":"https:\/\/www.cidademarketing.com.br\/marketing\/wp-content\/uploads\/2020\/01\/cidademarketing_marca_mobile.png","width":230,"height":92,"caption":"CidadeMarketing"},"image":{"@id":"https:\/\/www.cidademarketing.com.br\/marketing\/#\/schema\/logo\/image\/"},"sameAs":["https:\/\/www.facebook.com\/portalcidademarketing","https:\/\/x.com\/CidadeMarketing","https:\/\/www.instagram.com\/cidademarketing\/"]},{"@type":"Person","@id":"https:\/\/www.cidademarketing.com.br\/marketing\/#\/schema\/person\/02daff9f18bd9378c9e01eb6b2db155f","name":"Thales Brand\u00e3o","image":{"@type":"ImageObject","inLanguage":"pt-BR","@id":"https:\/\/secure.gravatar.com\/avatar\/7ca3206950207cc3cb48feec56a8a7898741ab725c368d99d5d7a5a50aab80c6?s=96&d=mm&r=g","url":"https:\/\/secure.gravatar.com\/avatar\/7ca3206950207cc3cb48feec56a8a7898741ab725c368d99d5d7a5a50aab80c6?s=96&d=mm&r=g","contentUrl":"https:\/\/secure.gravatar.com\/avatar\/7ca3206950207cc3cb48feec56a8a7898741ab725c368d99d5d7a5a50aab80c6?s=96&d=mm&r=g","caption":"Thales Brand\u00e3o"},"description":"Editor Executivo do Portal CidadeMarketing.com.br &gt; Mestre em Comunica\u00e7\u00e3o e Sociedade pela Universidade Federal de Sergipe. Possui MBA Executivo em Administra\u00e7\u00e3o com \u00eanfase em Marketing pela Funda\u00e7\u00e3o Get\u00falio Vargas - Rio de Janeiro. Consultor, Palestrante e Pesquisador sobre Empreendedorismo, Marketing, Redes Sociais e Neg\u00f3cios Digitais. Professor, Palestrante TedxTalks e Campus Party. Twitter: @ThalesBrandao","sameAs":["http:\/\/www.mandacaru.com.br","https:\/\/www.facebook.com\/thalesbrandao","http:\/\/www.instagram.com.br\/thalesbrandaoferreira","https:\/\/www.linkedin.com\/in\/thales-brand\u00e3o-3948609\/","https:\/\/x.com\/http:\/\/www.twitter.com\/thalesbrandao"],"url":"https:\/\/www.cidademarketing.com.br\/marketing\/author\/thalesbrandao\/"}]}},"amp_enabled":true,"_links":{"self":[{"href":"https:\/\/www.cidademarketing.com.br\/marketing\/wp-json\/wp\/v2\/posts\/6114","targetHints":{"allow":["GET"]}}],"collection":[{"href":"https:\/\/www.cidademarketing.com.br\/marketing\/wp-json\/wp\/v2\/posts"}],"about":[{"href":"https:\/\/www.cidademarketing.com.br\/marketing\/wp-json\/wp\/v2\/types\/post"}],"author":[{"embeddable":true,"href":"https:\/\/www.cidademarketing.com.br\/marketing\/wp-json\/wp\/v2\/users\/1"}],"replies":[{"embeddable":true,"href":"https:\/\/www.cidademarketing.com.br\/marketing\/wp-json\/wp\/v2\/comments?post=6114"}],"version-history":[{"count":3,"href":"https:\/\/www.cidademarketing.com.br\/marketing\/wp-json\/wp\/v2\/posts\/6114\/revisions"}],"predecessor-version":[{"id":6133,"href":"https:\/\/www.cidademarketing.com.br\/marketing\/wp-json\/wp\/v2\/posts\/6114\/revisions\/6133"}],"wp:featuredmedia":[{"embeddable":true,"href":"https:\/\/www.cidademarketing.com.br\/marketing\/wp-json\/wp\/v2\/media\/6115"}],"wp:attachment":[{"href":"https:\/\/www.cidademarketing.com.br\/marketing\/wp-json\/wp\/v2\/media?parent=6114"}],"wp:term":[{"taxonomy":"category","embeddable":true,"href":"https:\/\/www.cidademarketing.com.br\/marketing\/wp-json\/wp\/v2\/categories?post=6114"},{"taxonomy":"post_tag","embeddable":true,"href":"https:\/\/www.cidademarketing.com.br\/marketing\/wp-json\/wp\/v2\/tags?post=6114"}],"curies":[{"name":"wp","href":"https:\/\/api.w.org\/{rel}","templated":true}]}}