{"id":6081,"date":"2019-02-07T20:45:12","date_gmt":"2019-02-07T22:45:12","guid":{"rendered":"http:\/\/www.cidademarketing.com.br\/marketing\/?p=6081"},"modified":"2019-02-07T20:45:15","modified_gmt":"2019-02-07T22:45:15","slug":"vale-convoca-voluntarios-e-investe-r-65-milhoes-no-iml-de-belo-horizonte","status":"publish","type":"post","link":"https:\/\/www.cidademarketing.com.br\/marketing\/2019\/02\/07\/vale-convoca-voluntarios-e-investe-r-65-milhoes-no-iml-de-belo-horizonte\/","title":{"rendered":"Vale convoca volunt\u00e1rios e investe R$ 6,5 milh\u00f5es no IML de Belo Horizonte"},"content":{"rendered":"\n<p>A Vale adquiriu R$ 6,5 milh\u00f5es em equipamentos de ponta para o Instituto M\u00e9dico Legal (IML) de Belo Horizonte. O primeiro a ser instalado foi o flat scan (scanner de raios X para laudos periciais), um investimento de R$ 1,3 milh\u00e3o. O total de entregas j\u00e1 realizadas foi de R$ 1,7 milh\u00e3o e elas continuar\u00e3o a ser feitas.<\/p>\n\n\n\n<p>A empresa continua empenhando todos os esfor\u00e7os no apoio aos atingidos. Saiba o que tem sido feito:<\/p>\n\n\n\n<p><strong>&#8211; Apoio financeiro<\/strong><\/p>\n\n\n\n<p>O atendimento para a doa\u00e7\u00e3o dos R$ 100 mil segue sendo realizado em dias \u00fateis, das 9h \u00e0s 18h, na Esta\u00e7\u00e3o Conhecimento de Brumadinho (Rodovia MG 040, KM 49, \u00c1rea Rural Brumadinho). At\u00e9 6 de fevereiro, 294 cadastros foram realizados e 129 doa\u00e7\u00f5es j\u00e1 haviam sido efetivadas.<\/p>\n\n\n\n<p>Est\u00e3o aptos a receber a doa\u00e7\u00e3o representantes de empregados da Vale, de trabalhadores terceirizados e de pessoas da comunidade falecidos ou desaparecidos, conforme lista oficial validada pela Defesa Civil e disponibilizada&nbsp;<a href=\"http:\/\/brumadinho.vale.com\/Doacao-de-100-mil-foi-recebida-por-107-pessoas.html\" target=\"_blank\" rel=\"noreferrer noopener\">aqui<\/a>.<\/p>\n\n\n\n<p>Tamb\u00e9m ser\u00e1 oferecido apoio financeiro humanit\u00e1rio para as fam\u00edlias que residiam na Zona de Autossalvamento (ZAS), que receber\u00e3o a doa\u00e7\u00e3o no valor de R$ 50 mil, e para os que n\u00e3o t\u00eam resid\u00eancia, mas desenvolviam atividades rurais ou comerciais cadastradas pela companhia quando da elabora\u00e7\u00e3o do Plano de A\u00e7\u00e3o de Emerg\u00eancia de Barragens de Minera\u00e7\u00e3o (PAEBM), no valor de R$ 15 mil. Os procedimentos para recebimento do apoio financeiro humanit\u00e1rio ser\u00e3o divulgados.<\/p>\n\n\n\n<p><strong>&#8211; Assist\u00eancia e aux\u00edlio-funeral<\/strong><\/p>\n\n\n\n<p>A empresa est\u00e1 disponibilizando assist\u00eancia e aux\u00edlio-funeral aos representantes dos falecidos. A assist\u00eancia inclui despesas de cart\u00f3rio, translado de corpos, urnas adornos, jazigos, sepultamento e afins.<\/p>\n\n\n\n<p><strong>&#8211; Transporte e deslocamento entre as comunidades<\/strong><\/p>\n\n\n\n<p>Ap\u00f3s reuni\u00e3o em conjunto com a Secretaria de Obras de Brumadinho, a Defesa Civil e o Departamento de Estradas e Rodagem (DER), foi definido que a constru\u00e7\u00e3o de uma ponte sobre a Avenida Alberto Flores \u00e9 a solu\u00e7\u00e3o para reestabelecer, com seguran\u00e7a, o acesso e tr\u00e2nsito das comunidades atingidas, como Parque da Cachoeira e C\u00f3rrego do Feij\u00e3o. A expectativa \u00e9 que as obras sejam conclu\u00eddas em at\u00e9 tr\u00eas semanas.<\/p>\n\n\n\n<p>A Vale tamb\u00e9m est\u00e1 disponibilizando transporte entre o Centro Comunit\u00e1rio C\u00f3rrego do Feij\u00e3o e a Rodovi\u00e1ria de Brumadinho. O servi\u00e7o est\u00e1 dispon\u00edvel durante todos os dias, com sa\u00eddas nos seguintes hor\u00e1rios: 8h, 10h, 12h, 14h, 16h, 18h e 20h.<\/p>\n\n\n\n<p><strong>&#8211; Voluntariado<\/strong><\/p>\n\n\n\n<p>Quem estiver interessado em atuar como volunt\u00e1rio no atendimento aos atingidos pode acessar o site&nbsp;<a href=\"http:\/\/voluntariosbrumadinho.vale.com\/\" target=\"_blank\" rel=\"noreferrer noopener\">http:\/\/voluntariosbrumadinho.vale.com<\/a>. Aproximadamente mil pessoas j\u00e1 deram sua contribui\u00e7\u00e3o e outras 3 mil est\u00e3o na base de dados e podem ser convocadas para contribuir com o atendimento, caso necess\u00e1rio.<\/p>\n","protected":false},"excerpt":{"rendered":"<p>A Vale adquiriu R$ 6,5 milh\u00f5es em equipamentos de ponta para o Instituto M\u00e9dico Legal (IML) de Belo Horizonte. O primeiro a ser instalado foi o flat scan (scanner de raios X para laudos periciais), um investimento de R$ 1,3 milh\u00e3o. O total de entregas j\u00e1 realizadas foi de R$ 1,7 milh\u00e3o e elas continuar\u00e3o [&hellip;]<\/p>\n","protected":false},"author":1,"featured_media":6008,"comment_status":"open","ping_status":"open","sticky":false,"template":"","format":"standard","meta":{"tdm_status":"","tdm_grid_status":"","footnotes":""},"categories":[6],"tags":[1239,1238],"class_list":["post-6081","post","type-post","status-publish","format-standard","has-post-thumbnail","hentry","category-noticias","tag-brumadinho","tag-minas-gerais"],"yoast_head":"<!-- This site is optimized with the Yoast SEO plugin v27.5 - https:\/\/yoast.com\/product\/yoast-seo-wordpress\/ -->\n<title>Vale convoca volunt\u00e1rios e investe R$ 6,5 milh\u00f5es no IML de Belo Horizonte - CidadeMarketing<\/title>\n<meta name=\"robots\" content=\"index, follow, max-snippet:-1, max-image-preview:large, max-video-preview:-1\" \/>\n<link rel=\"canonical\" href=\"https:\/\/www.cidademarketing.com.br\/marketing\/2019\/02\/07\/vale-convoca-voluntarios-e-investe-r-65-milhoes-no-iml-de-belo-horizonte\/\" \/>\n<meta property=\"og:locale\" content=\"pt_BR\" \/>\n<meta property=\"og:type\" content=\"article\" \/>\n<meta property=\"og:title\" content=\"Vale convoca volunt\u00e1rios e investe R$ 6,5 milh\u00f5es no IML de Belo Horizonte - CidadeMarketing\" \/>\n<meta property=\"og:description\" content=\"A Vale adquiriu R$ 6,5 milh\u00f5es em equipamentos de ponta para o Instituto M\u00e9dico Legal (IML) de Belo Horizonte. O primeiro a ser instalado foi o flat scan (scanner de raios X para laudos periciais), um investimento de R$ 1,3 milh\u00e3o. O total de entregas j\u00e1 realizadas foi de R$ 1,7 milh\u00e3o e elas continuar\u00e3o [&hellip;]\" \/>\n<meta property=\"og:url\" content=\"https:\/\/www.cidademarketing.com.br\/marketing\/2019\/02\/07\/vale-convoca-voluntarios-e-investe-r-65-milhoes-no-iml-de-belo-horizonte\/\" \/>\n<meta property=\"og:site_name\" content=\"CidadeMarketing\" \/>\n<meta property=\"article:publisher\" content=\"https:\/\/www.facebook.com\/portalcidademarketing\" \/>\n<meta property=\"article:author\" content=\"https:\/\/www.facebook.com\/thalesbrandao\" \/>\n<meta property=\"article:published_time\" content=\"2019-02-07T22:45:12+00:00\" \/>\n<meta property=\"article:modified_time\" content=\"2019-02-07T22:45:15+00:00\" \/>\n<meta property=\"og:image\" content=\"https:\/\/www.cidademarketing.com.br\/marketing\/wp-content\/uploads\/2019\/02\/vale.jpg\" \/>\n\t<meta property=\"og:image:width\" content=\"720\" \/>\n\t<meta property=\"og:image:height\" content=\"460\" \/>\n\t<meta property=\"og:image:type\" content=\"image\/jpeg\" \/>\n<meta name=\"author\" content=\"Thales Brand\u00e3o\" \/>\n<meta name=\"twitter:card\" content=\"summary_large_image\" \/>\n<meta name=\"twitter:creator\" content=\"@http:\/\/www.twitter.com\/thalesbrandao\" \/>\n<meta name=\"twitter:site\" content=\"@CidadeMarketing\" \/>\n<meta name=\"twitter:label1\" content=\"Escrito por\" \/>\n\t<meta name=\"twitter:data1\" content=\"Thales Brand\u00e3o\" \/>\n\t<meta name=\"twitter:label2\" content=\"Est. tempo de leitura\" \/>\n\t<meta name=\"twitter:data2\" content=\"2 minutos\" \/>\n<script type=\"application\/ld+json\" class=\"yoast-schema-graph\">{\"@context\":\"https:\\\/\\\/schema.org\",\"@graph\":[{\"@type\":\"Article\",\"@id\":\"https:\\\/\\\/www.cidademarketing.com.br\\\/marketing\\\/2019\\\/02\\\/07\\\/vale-convoca-voluntarios-e-investe-r-65-milhoes-no-iml-de-belo-horizonte\\\/#article\",\"isPartOf\":{\"@id\":\"https:\\\/\\\/www.cidademarketing.com.br\\\/marketing\\\/2019\\\/02\\\/07\\\/vale-convoca-voluntarios-e-investe-r-65-milhoes-no-iml-de-belo-horizonte\\\/\"},\"author\":{\"name\":\"Thales Brand\u00e3o\",\"@id\":\"https:\\\/\\\/www.cidademarketing.com.br\\\/marketing\\\/#\\\/schema\\\/person\\\/02daff9f18bd9378c9e01eb6b2db155f\"},\"headline\":\"Vale convoca volunt\u00e1rios e investe R$ 6,5 milh\u00f5es no IML de Belo Horizonte\",\"datePublished\":\"2019-02-07T22:45:12+00:00\",\"dateModified\":\"2019-02-07T22:45:15+00:00\",\"mainEntityOfPage\":{\"@id\":\"https:\\\/\\\/www.cidademarketing.com.br\\\/marketing\\\/2019\\\/02\\\/07\\\/vale-convoca-voluntarios-e-investe-r-65-milhoes-no-iml-de-belo-horizonte\\\/\"},\"wordCount\":478,\"commentCount\":0,\"publisher\":{\"@id\":\"https:\\\/\\\/www.cidademarketing.com.br\\\/marketing\\\/#organization\"},\"image\":{\"@id\":\"https:\\\/\\\/www.cidademarketing.com.br\\\/marketing\\\/2019\\\/02\\\/07\\\/vale-convoca-voluntarios-e-investe-r-65-milhoes-no-iml-de-belo-horizonte\\\/#primaryimage\"},\"thumbnailUrl\":\"https:\\\/\\\/www.cidademarketing.com.br\\\/marketing\\\/wp-content\\\/uploads\\\/2019\\\/02\\\/vale.jpg\",\"keywords\":[\"Brumadinho\",\"Minas Gerais\"],\"articleSection\":[\"Not\u00edcias\"],\"inLanguage\":\"pt-BR\",\"potentialAction\":[{\"@type\":\"CommentAction\",\"name\":\"Comment\",\"target\":[\"https:\\\/\\\/www.cidademarketing.com.br\\\/marketing\\\/2019\\\/02\\\/07\\\/vale-convoca-voluntarios-e-investe-r-65-milhoes-no-iml-de-belo-horizonte\\\/#respond\"]}]},{\"@type\":\"WebPage\",\"@id\":\"https:\\\/\\\/www.cidademarketing.com.br\\\/marketing\\\/2019\\\/02\\\/07\\\/vale-convoca-voluntarios-e-investe-r-65-milhoes-no-iml-de-belo-horizonte\\\/\",\"url\":\"https:\\\/\\\/www.cidademarketing.com.br\\\/marketing\\\/2019\\\/02\\\/07\\\/vale-convoca-voluntarios-e-investe-r-65-milhoes-no-iml-de-belo-horizonte\\\/\",\"name\":\"Vale convoca volunt\u00e1rios e investe R$ 6,5 milh\u00f5es no IML de Belo Horizonte - CidadeMarketing\",\"isPartOf\":{\"@id\":\"https:\\\/\\\/www.cidademarketing.com.br\\\/marketing\\\/#website\"},\"primaryImageOfPage\":{\"@id\":\"https:\\\/\\\/www.cidademarketing.com.br\\\/marketing\\\/2019\\\/02\\\/07\\\/vale-convoca-voluntarios-e-investe-r-65-milhoes-no-iml-de-belo-horizonte\\\/#primaryimage\"},\"image\":{\"@id\":\"https:\\\/\\\/www.cidademarketing.com.br\\\/marketing\\\/2019\\\/02\\\/07\\\/vale-convoca-voluntarios-e-investe-r-65-milhoes-no-iml-de-belo-horizonte\\\/#primaryimage\"},\"thumbnailUrl\":\"https:\\\/\\\/www.cidademarketing.com.br\\\/marketing\\\/wp-content\\\/uploads\\\/2019\\\/02\\\/vale.jpg\",\"datePublished\":\"2019-02-07T22:45:12+00:00\",\"dateModified\":\"2019-02-07T22:45:15+00:00\",\"breadcrumb\":{\"@id\":\"https:\\\/\\\/www.cidademarketing.com.br\\\/marketing\\\/2019\\\/02\\\/07\\\/vale-convoca-voluntarios-e-investe-r-65-milhoes-no-iml-de-belo-horizonte\\\/#breadcrumb\"},\"inLanguage\":\"pt-BR\",\"potentialAction\":[{\"@type\":\"ReadAction\",\"target\":[\"https:\\\/\\\/www.cidademarketing.com.br\\\/marketing\\\/2019\\\/02\\\/07\\\/vale-convoca-voluntarios-e-investe-r-65-milhoes-no-iml-de-belo-horizonte\\\/\"]}]},{\"@type\":\"ImageObject\",\"inLanguage\":\"pt-BR\",\"@id\":\"https:\\\/\\\/www.cidademarketing.com.br\\\/marketing\\\/2019\\\/02\\\/07\\\/vale-convoca-voluntarios-e-investe-r-65-milhoes-no-iml-de-belo-horizonte\\\/#primaryimage\",\"url\":\"https:\\\/\\\/www.cidademarketing.com.br\\\/marketing\\\/wp-content\\\/uploads\\\/2019\\\/02\\\/vale.jpg\",\"contentUrl\":\"https:\\\/\\\/www.cidademarketing.com.br\\\/marketing\\\/wp-content\\\/uploads\\\/2019\\\/02\\\/vale.jpg\",\"width\":720,\"height\":460},{\"@type\":\"BreadcrumbList\",\"@id\":\"https:\\\/\\\/www.cidademarketing.com.br\\\/marketing\\\/2019\\\/02\\\/07\\\/vale-convoca-voluntarios-e-investe-r-65-milhoes-no-iml-de-belo-horizonte\\\/#breadcrumb\",\"itemListElement\":[{\"@type\":\"ListItem\",\"position\":1,\"name\":\"In\u00edcio\",\"item\":\"https:\\\/\\\/www.cidademarketing.com.br\\\/marketing\\\/\"},{\"@type\":\"ListItem\",\"position\":2,\"name\":\"Vale convoca volunt\u00e1rios e investe R$ 6,5 milh\u00f5es no IML de Belo Horizonte\"}]},{\"@type\":\"WebSite\",\"@id\":\"https:\\\/\\\/www.cidademarketing.com.br\\\/marketing\\\/#website\",\"url\":\"https:\\\/\\\/www.cidademarketing.com.br\\\/marketing\\\/\",\"name\":\"CidadeMarketing\",\"description\":\"Somos um ve\u00edculo de comunica\u00e7\u00e3o de destaque no Brasil, reconhecido por conte\u00fados nos segmentos de marketing, empreendedorismo e inova\u00e7\u00e3o.\",\"publisher\":{\"@id\":\"https:\\\/\\\/www.cidademarketing.com.br\\\/marketing\\\/#organization\"},\"alternateName\":\"CidadeMarketing\",\"potentialAction\":[{\"@type\":\"SearchAction\",\"target\":{\"@type\":\"EntryPoint\",\"urlTemplate\":\"https:\\\/\\\/www.cidademarketing.com.br\\\/marketing\\\/?s={search_term_string}\"},\"query-input\":{\"@type\":\"PropertyValueSpecification\",\"valueRequired\":true,\"valueName\":\"search_term_string\"}}],\"inLanguage\":\"pt-BR\"},{\"@type\":\"Organization\",\"@id\":\"https:\\\/\\\/www.cidademarketing.com.br\\\/marketing\\\/#organization\",\"name\":\"CidadeMarketing\",\"alternateName\":\"CidadeMarketing\",\"url\":\"https:\\\/\\\/www.cidademarketing.com.br\\\/marketing\\\/\",\"logo\":{\"@type\":\"ImageObject\",\"inLanguage\":\"pt-BR\",\"@id\":\"https:\\\/\\\/www.cidademarketing.com.br\\\/marketing\\\/#\\\/schema\\\/logo\\\/image\\\/\",\"url\":\"https:\\\/\\\/www.cidademarketing.com.br\\\/marketing\\\/wp-content\\\/uploads\\\/2020\\\/01\\\/cidademarketing_marca_mobile.png\",\"contentUrl\":\"https:\\\/\\\/www.cidademarketing.com.br\\\/marketing\\\/wp-content\\\/uploads\\\/2020\\\/01\\\/cidademarketing_marca_mobile.png\",\"width\":230,\"height\":92,\"caption\":\"CidadeMarketing\"},\"image\":{\"@id\":\"https:\\\/\\\/www.cidademarketing.com.br\\\/marketing\\\/#\\\/schema\\\/logo\\\/image\\\/\"},\"sameAs\":[\"https:\\\/\\\/www.facebook.com\\\/portalcidademarketing\",\"https:\\\/\\\/x.com\\\/CidadeMarketing\",\"https:\\\/\\\/www.instagram.com\\\/cidademarketing\\\/\"]},{\"@type\":\"Person\",\"@id\":\"https:\\\/\\\/www.cidademarketing.com.br\\\/marketing\\\/#\\\/schema\\\/person\\\/02daff9f18bd9378c9e01eb6b2db155f\",\"name\":\"Thales Brand\u00e3o\",\"image\":{\"@type\":\"ImageObject\",\"inLanguage\":\"pt-BR\",\"@id\":\"https:\\\/\\\/secure.gravatar.com\\\/avatar\\\/7ca3206950207cc3cb48feec56a8a7898741ab725c368d99d5d7a5a50aab80c6?s=96&d=mm&r=g\",\"url\":\"https:\\\/\\\/secure.gravatar.com\\\/avatar\\\/7ca3206950207cc3cb48feec56a8a7898741ab725c368d99d5d7a5a50aab80c6?s=96&d=mm&r=g\",\"contentUrl\":\"https:\\\/\\\/secure.gravatar.com\\\/avatar\\\/7ca3206950207cc3cb48feec56a8a7898741ab725c368d99d5d7a5a50aab80c6?s=96&d=mm&r=g\",\"caption\":\"Thales Brand\u00e3o\"},\"description\":\"Editor Executivo do Portal CidadeMarketing.com.br &gt; Mestre em Comunica\u00e7\u00e3o e Sociedade pela Universidade Federal de Sergipe. Possui MBA Executivo em Administra\u00e7\u00e3o com \u00eanfase em Marketing pela Funda\u00e7\u00e3o Get\u00falio Vargas - Rio de Janeiro. Consultor, Palestrante e Pesquisador sobre Empreendedorismo, Marketing, Redes Sociais e Neg\u00f3cios Digitais. Professor, Palestrante TedxTalks e Campus Party. Twitter: @ThalesBrandao\",\"sameAs\":[\"http:\\\/\\\/www.mandacaru.com.br\",\"https:\\\/\\\/www.facebook.com\\\/thalesbrandao\",\"http:\\\/\\\/www.instagram.com.br\\\/thalesbrandaoferreira\",\"https:\\\/\\\/www.linkedin.com\\\/in\\\/thales-brand\u00e3o-3948609\\\/\",\"https:\\\/\\\/x.com\\\/http:\\\/\\\/www.twitter.com\\\/thalesbrandao\"],\"url\":\"https:\\\/\\\/www.cidademarketing.com.br\\\/marketing\\\/author\\\/thalesbrandao\\\/\"}]}<\/script>\n<!-- \/ Yoast SEO plugin. -->","yoast_head_json":{"title":"Vale convoca volunt\u00e1rios e investe R$ 6,5 milh\u00f5es no IML de Belo Horizonte - CidadeMarketing","robots":{"index":"index","follow":"follow","max-snippet":"max-snippet:-1","max-image-preview":"max-image-preview:large","max-video-preview":"max-video-preview:-1"},"canonical":"https:\/\/www.cidademarketing.com.br\/marketing\/2019\/02\/07\/vale-convoca-voluntarios-e-investe-r-65-milhoes-no-iml-de-belo-horizonte\/","og_locale":"pt_BR","og_type":"article","og_title":"Vale convoca volunt\u00e1rios e investe R$ 6,5 milh\u00f5es no IML de Belo Horizonte - CidadeMarketing","og_description":"A Vale adquiriu R$ 6,5 milh\u00f5es em equipamentos de ponta para o Instituto M\u00e9dico Legal (IML) de Belo Horizonte. O primeiro a ser instalado foi o flat scan (scanner de raios X para laudos periciais), um investimento de R$ 1,3 milh\u00e3o. O total de entregas j\u00e1 realizadas foi de R$ 1,7 milh\u00e3o e elas continuar\u00e3o [&hellip;]","og_url":"https:\/\/www.cidademarketing.com.br\/marketing\/2019\/02\/07\/vale-convoca-voluntarios-e-investe-r-65-milhoes-no-iml-de-belo-horizonte\/","og_site_name":"CidadeMarketing","article_publisher":"https:\/\/www.facebook.com\/portalcidademarketing","article_author":"https:\/\/www.facebook.com\/thalesbrandao","article_published_time":"2019-02-07T22:45:12+00:00","article_modified_time":"2019-02-07T22:45:15+00:00","og_image":[{"width":720,"height":460,"url":"https:\/\/www.cidademarketing.com.br\/marketing\/wp-content\/uploads\/2019\/02\/vale.jpg","type":"image\/jpeg"}],"author":"Thales Brand\u00e3o","twitter_card":"summary_large_image","twitter_creator":"@http:\/\/www.twitter.com\/thalesbrandao","twitter_site":"@CidadeMarketing","twitter_misc":{"Escrito por":"Thales Brand\u00e3o","Est. tempo de leitura":"2 minutos"},"schema":{"@context":"https:\/\/schema.org","@graph":[{"@type":"Article","@id":"https:\/\/www.cidademarketing.com.br\/marketing\/2019\/02\/07\/vale-convoca-voluntarios-e-investe-r-65-milhoes-no-iml-de-belo-horizonte\/#article","isPartOf":{"@id":"https:\/\/www.cidademarketing.com.br\/marketing\/2019\/02\/07\/vale-convoca-voluntarios-e-investe-r-65-milhoes-no-iml-de-belo-horizonte\/"},"author":{"name":"Thales Brand\u00e3o","@id":"https:\/\/www.cidademarketing.com.br\/marketing\/#\/schema\/person\/02daff9f18bd9378c9e01eb6b2db155f"},"headline":"Vale convoca volunt\u00e1rios e investe R$ 6,5 milh\u00f5es no IML de Belo Horizonte","datePublished":"2019-02-07T22:45:12+00:00","dateModified":"2019-02-07T22:45:15+00:00","mainEntityOfPage":{"@id":"https:\/\/www.cidademarketing.com.br\/marketing\/2019\/02\/07\/vale-convoca-voluntarios-e-investe-r-65-milhoes-no-iml-de-belo-horizonte\/"},"wordCount":478,"commentCount":0,"publisher":{"@id":"https:\/\/www.cidademarketing.com.br\/marketing\/#organization"},"image":{"@id":"https:\/\/www.cidademarketing.com.br\/marketing\/2019\/02\/07\/vale-convoca-voluntarios-e-investe-r-65-milhoes-no-iml-de-belo-horizonte\/#primaryimage"},"thumbnailUrl":"https:\/\/www.cidademarketing.com.br\/marketing\/wp-content\/uploads\/2019\/02\/vale.jpg","keywords":["Brumadinho","Minas Gerais"],"articleSection":["Not\u00edcias"],"inLanguage":"pt-BR","potentialAction":[{"@type":"CommentAction","name":"Comment","target":["https:\/\/www.cidademarketing.com.br\/marketing\/2019\/02\/07\/vale-convoca-voluntarios-e-investe-r-65-milhoes-no-iml-de-belo-horizonte\/#respond"]}]},{"@type":"WebPage","@id":"https:\/\/www.cidademarketing.com.br\/marketing\/2019\/02\/07\/vale-convoca-voluntarios-e-investe-r-65-milhoes-no-iml-de-belo-horizonte\/","url":"https:\/\/www.cidademarketing.com.br\/marketing\/2019\/02\/07\/vale-convoca-voluntarios-e-investe-r-65-milhoes-no-iml-de-belo-horizonte\/","name":"Vale convoca volunt\u00e1rios e investe R$ 6,5 milh\u00f5es no IML de Belo Horizonte - CidadeMarketing","isPartOf":{"@id":"https:\/\/www.cidademarketing.com.br\/marketing\/#website"},"primaryImageOfPage":{"@id":"https:\/\/www.cidademarketing.com.br\/marketing\/2019\/02\/07\/vale-convoca-voluntarios-e-investe-r-65-milhoes-no-iml-de-belo-horizonte\/#primaryimage"},"image":{"@id":"https:\/\/www.cidademarketing.com.br\/marketing\/2019\/02\/07\/vale-convoca-voluntarios-e-investe-r-65-milhoes-no-iml-de-belo-horizonte\/#primaryimage"},"thumbnailUrl":"https:\/\/www.cidademarketing.com.br\/marketing\/wp-content\/uploads\/2019\/02\/vale.jpg","datePublished":"2019-02-07T22:45:12+00:00","dateModified":"2019-02-07T22:45:15+00:00","breadcrumb":{"@id":"https:\/\/www.cidademarketing.com.br\/marketing\/2019\/02\/07\/vale-convoca-voluntarios-e-investe-r-65-milhoes-no-iml-de-belo-horizonte\/#breadcrumb"},"inLanguage":"pt-BR","potentialAction":[{"@type":"ReadAction","target":["https:\/\/www.cidademarketing.com.br\/marketing\/2019\/02\/07\/vale-convoca-voluntarios-e-investe-r-65-milhoes-no-iml-de-belo-horizonte\/"]}]},{"@type":"ImageObject","inLanguage":"pt-BR","@id":"https:\/\/www.cidademarketing.com.br\/marketing\/2019\/02\/07\/vale-convoca-voluntarios-e-investe-r-65-milhoes-no-iml-de-belo-horizonte\/#primaryimage","url":"https:\/\/www.cidademarketing.com.br\/marketing\/wp-content\/uploads\/2019\/02\/vale.jpg","contentUrl":"https:\/\/www.cidademarketing.com.br\/marketing\/wp-content\/uploads\/2019\/02\/vale.jpg","width":720,"height":460},{"@type":"BreadcrumbList","@id":"https:\/\/www.cidademarketing.com.br\/marketing\/2019\/02\/07\/vale-convoca-voluntarios-e-investe-r-65-milhoes-no-iml-de-belo-horizonte\/#breadcrumb","itemListElement":[{"@type":"ListItem","position":1,"name":"In\u00edcio","item":"https:\/\/www.cidademarketing.com.br\/marketing\/"},{"@type":"ListItem","position":2,"name":"Vale convoca volunt\u00e1rios e investe R$ 6,5 milh\u00f5es no IML de Belo Horizonte"}]},{"@type":"WebSite","@id":"https:\/\/www.cidademarketing.com.br\/marketing\/#website","url":"https:\/\/www.cidademarketing.com.br\/marketing\/","name":"CidadeMarketing","description":"Somos um ve\u00edculo de comunica\u00e7\u00e3o de destaque no Brasil, reconhecido por conte\u00fados nos segmentos de marketing, empreendedorismo e inova\u00e7\u00e3o.","publisher":{"@id":"https:\/\/www.cidademarketing.com.br\/marketing\/#organization"},"alternateName":"CidadeMarketing","potentialAction":[{"@type":"SearchAction","target":{"@type":"EntryPoint","urlTemplate":"https:\/\/www.cidademarketing.com.br\/marketing\/?s={search_term_string}"},"query-input":{"@type":"PropertyValueSpecification","valueRequired":true,"valueName":"search_term_string"}}],"inLanguage":"pt-BR"},{"@type":"Organization","@id":"https:\/\/www.cidademarketing.com.br\/marketing\/#organization","name":"CidadeMarketing","alternateName":"CidadeMarketing","url":"https:\/\/www.cidademarketing.com.br\/marketing\/","logo":{"@type":"ImageObject","inLanguage":"pt-BR","@id":"https:\/\/www.cidademarketing.com.br\/marketing\/#\/schema\/logo\/image\/","url":"https:\/\/www.cidademarketing.com.br\/marketing\/wp-content\/uploads\/2020\/01\/cidademarketing_marca_mobile.png","contentUrl":"https:\/\/www.cidademarketing.com.br\/marketing\/wp-content\/uploads\/2020\/01\/cidademarketing_marca_mobile.png","width":230,"height":92,"caption":"CidadeMarketing"},"image":{"@id":"https:\/\/www.cidademarketing.com.br\/marketing\/#\/schema\/logo\/image\/"},"sameAs":["https:\/\/www.facebook.com\/portalcidademarketing","https:\/\/x.com\/CidadeMarketing","https:\/\/www.instagram.com\/cidademarketing\/"]},{"@type":"Person","@id":"https:\/\/www.cidademarketing.com.br\/marketing\/#\/schema\/person\/02daff9f18bd9378c9e01eb6b2db155f","name":"Thales Brand\u00e3o","image":{"@type":"ImageObject","inLanguage":"pt-BR","@id":"https:\/\/secure.gravatar.com\/avatar\/7ca3206950207cc3cb48feec56a8a7898741ab725c368d99d5d7a5a50aab80c6?s=96&d=mm&r=g","url":"https:\/\/secure.gravatar.com\/avatar\/7ca3206950207cc3cb48feec56a8a7898741ab725c368d99d5d7a5a50aab80c6?s=96&d=mm&r=g","contentUrl":"https:\/\/secure.gravatar.com\/avatar\/7ca3206950207cc3cb48feec56a8a7898741ab725c368d99d5d7a5a50aab80c6?s=96&d=mm&r=g","caption":"Thales Brand\u00e3o"},"description":"Editor Executivo do Portal CidadeMarketing.com.br &gt; Mestre em Comunica\u00e7\u00e3o e Sociedade pela Universidade Federal de Sergipe. Possui MBA Executivo em Administra\u00e7\u00e3o com \u00eanfase em Marketing pela Funda\u00e7\u00e3o Get\u00falio Vargas - Rio de Janeiro. Consultor, Palestrante e Pesquisador sobre Empreendedorismo, Marketing, Redes Sociais e Neg\u00f3cios Digitais. Professor, Palestrante TedxTalks e Campus Party. Twitter: @ThalesBrandao","sameAs":["http:\/\/www.mandacaru.com.br","https:\/\/www.facebook.com\/thalesbrandao","http:\/\/www.instagram.com.br\/thalesbrandaoferreira","https:\/\/www.linkedin.com\/in\/thales-brand\u00e3o-3948609\/","https:\/\/x.com\/http:\/\/www.twitter.com\/thalesbrandao"],"url":"https:\/\/www.cidademarketing.com.br\/marketing\/author\/thalesbrandao\/"}]}},"amp_enabled":true,"_links":{"self":[{"href":"https:\/\/www.cidademarketing.com.br\/marketing\/wp-json\/wp\/v2\/posts\/6081","targetHints":{"allow":["GET"]}}],"collection":[{"href":"https:\/\/www.cidademarketing.com.br\/marketing\/wp-json\/wp\/v2\/posts"}],"about":[{"href":"https:\/\/www.cidademarketing.com.br\/marketing\/wp-json\/wp\/v2\/types\/post"}],"author":[{"embeddable":true,"href":"https:\/\/www.cidademarketing.com.br\/marketing\/wp-json\/wp\/v2\/users\/1"}],"replies":[{"embeddable":true,"href":"https:\/\/www.cidademarketing.com.br\/marketing\/wp-json\/wp\/v2\/comments?post=6081"}],"version-history":[{"count":1,"href":"https:\/\/www.cidademarketing.com.br\/marketing\/wp-json\/wp\/v2\/posts\/6081\/revisions"}],"predecessor-version":[{"id":6082,"href":"https:\/\/www.cidademarketing.com.br\/marketing\/wp-json\/wp\/v2\/posts\/6081\/revisions\/6082"}],"wp:featuredmedia":[{"embeddable":true,"href":"https:\/\/www.cidademarketing.com.br\/marketing\/wp-json\/wp\/v2\/media\/6008"}],"wp:attachment":[{"href":"https:\/\/www.cidademarketing.com.br\/marketing\/wp-json\/wp\/v2\/media?parent=6081"}],"wp:term":[{"taxonomy":"category","embeddable":true,"href":"https:\/\/www.cidademarketing.com.br\/marketing\/wp-json\/wp\/v2\/categories?post=6081"},{"taxonomy":"post_tag","embeddable":true,"href":"https:\/\/www.cidademarketing.com.br\/marketing\/wp-json\/wp\/v2\/tags?post=6081"}],"curies":[{"name":"wp","href":"https:\/\/api.w.org\/{rel}","templated":true}]}}