{"id":60803,"date":"2026-09-04T00:22:12","date_gmt":"2026-09-04T03:22:12","guid":{"rendered":"https:\/\/www.cidademarketing.com.br\/marketing\/?p=60803"},"modified":"2026-09-04T00:22:12","modified_gmt":"2026-09-04T03:22:12","slug":"grupo-3coracoes-conclui-aquisicao-das-marcas-yoki-e-kitano-da-general-mills","status":"publish","type":"post","link":"https:\/\/www.cidademarketing.com.br\/marketing\/2026\/09\/04\/grupo-3coracoes-conclui-aquisicao-das-marcas-yoki-e-kitano-da-general-mills\/","title":{"rendered":"Grupo 3cora\u00e7\u00f5es conclui aquisi\u00e7\u00e3o das marcas Yoki e Kitano da General Mills"},"content":{"rendered":"<p>O Grupo 3cora\u00e7\u00f5es concluiu, nesta quarta-feira (2), a aquisi\u00e7\u00e3o das opera\u00e7\u00f5es da General Mills no Brasil. O neg\u00f3cio inclui as marcas Yoki e Kitano. A companhia anunciou a opera\u00e7\u00e3o em mar\u00e7o de 2026.<\/p>\n<p>Agora, ap\u00f3s cumprir todas as condi\u00e7\u00f5es regulat\u00f3rias e contratuais, o grupo inicia um novo ciclo de crescimento.<\/p>\n<h4><strong>3cora\u00e7\u00f5es amplia atua\u00e7\u00e3o no mercado de alimentos<\/strong><\/h4>\n<p>Com a aquisi\u00e7\u00e3o, o Grupo 3cora\u00e7\u00f5es amplia seu portf\u00f3lio no mercado brasileiro de alimentos. A Yoki lidera segmentos como pipoca de micro-ondas, farofa e batata palha. Al\u00e9m disso, a marca possui presen\u00e7a em farin\u00e1ceos e acompanhamentos.<\/p>\n<p>Por sua vez, a Kitano mant\u00e9m uma trajet\u00f3ria tradicional no mercado de temperos, ervas e especiarias. Dessa forma, as duas marcas ampliam a presen\u00e7a do grupo em diferentes categorias e ocasi\u00f5es de consumo.<\/p>\n<h4><strong>Grupo passa a contar com 12.700 colaboradores<\/strong><\/h4>\n<p>A aquisi\u00e7\u00e3o tamb\u00e9m amplia a estrutura operacional da companhia.<\/p>\n<p>Agora, o Grupo 3cora\u00e7\u00f5es re\u00fane aproximadamente 12.700 colaboradores. Al\u00e9m disso, sua opera\u00e7\u00e3o alcan\u00e7a mais de 600 mil pontos de venda em todo o pa\u00eds.<\/p>\n<p>A companhia tamb\u00e9m incorporou estruturas administrativas e industriais inclu\u00eddas no acordo.<\/p>\n<p>Entre elas est\u00e3o o escrit\u00f3rio administrativo de S\u00e3o Bernardo do Campo (SP). Al\u00e9m disso, fazem parte da opera\u00e7\u00e3o as unidades produtivas de Pouso Alegre (MG) e Campo Novo do Parecis (MT).<\/p>\n<p>Com essas estruturas, o grupo chega a 15 unidades industriais no Brasil.<\/p>\n<h4><strong>Aquisi\u00e7\u00e3o acelera diversifica\u00e7\u00e3o<\/strong><\/h4>\n<p>Segundo Pedro Lima, presidente do Grupo 3cora\u00e7\u00f5es, a conclus\u00e3o da opera\u00e7\u00e3o marca um novo cap\u00edtulo na hist\u00f3ria da companhia. \u201cYoki e Kitano s\u00e3o marcas queridas, que fazem parte da rotina de milh\u00f5es de fam\u00edlias brasileiras h\u00e1 d\u00e9cadas\u201d, afirma.<\/p>\n<p>Al\u00e9m disso, o executivo destaca a responsabilidade de preservar a rela\u00e7\u00e3o constru\u00edda pelas marcas com seus consumidores. A aquisi\u00e7\u00e3o tamb\u00e9m acelera a estrat\u00e9gia de diversifica\u00e7\u00e3o do Grupo 3cora\u00e7\u00f5es.<\/p>\n<p>\u201cNascemos do caf\u00e9, e foi a partir dele que constru\u00edmos nossa rela\u00e7\u00e3o com milh\u00f5es de fam\u00edlias brasileiras\u201d, afirma Pedro Lima. \u201cCom o tempo, ampliamos nossa atua\u00e7\u00e3o para novas categorias e ocasi\u00f5es de consumo. Agora, a chegada da Yoki e da Kitano acelera esse movimento\u201d, completa.<\/p>\n<p>Segundo o presidente, a opera\u00e7\u00e3o re\u00fane marcas fortes, pessoas e conhecimentos complementares. Assim, o grupo busca fortalecer sua posi\u00e7\u00e3o entre os principais participantes do setor de alimentos no Brasil.<\/p>\n<h4><strong>Integra\u00e7\u00e3o prioriza continuidade dos neg\u00f3cios<\/strong><\/h4>\n<p>A partir de agora, a integra\u00e7\u00e3o das opera\u00e7\u00f5es ter\u00e1 como prioridade a continuidade dos neg\u00f3cios. Ao mesmo tempo, o Grupo 3cora\u00e7\u00f5es pretende preservar a identidade da Yoki e da Kitano.<\/p>\n<p>A companhia tamb\u00e9m busca manter a rela\u00e7\u00e3o de confian\u00e7a constru\u00edda pelas marcas com os consumidores. Al\u00e9m disso, o processo seguir\u00e1 a filosofia do grupo de valorizar as pessoas como base do neg\u00f3cio.<\/p>\n<p>Para isso, a companhia contar\u00e1 com sua estrutura comercial e log\u00edstica. Tamb\u00e9m utilizar\u00e1 o conhecimento do mercado brasileiro acumulado em mais de seis d\u00e9cadas.<\/p>\n<h4><strong>Yoki e Kitano entram oficialmente no portf\u00f3lio<\/strong><\/h4>\n<p>Com a conclus\u00e3o da opera\u00e7\u00e3o, Yoki e Kitano passam a integrar oficialmente o portf\u00f3lio do Grupo 3cora\u00e7\u00f5es. Com isso, a companhia amplia sua presen\u00e7a no setor de alimentos. Ao mesmo tempo, reduz sua depend\u00eancia hist\u00f3rica da categoria de caf\u00e9.<\/p>\n<p>O movimento refor\u00e7a, portanto, a estrat\u00e9gia de diversifica\u00e7\u00e3o adotada pelo grupo nos \u00faltimos anos.\u00a0Agora, a empresa re\u00fane marcas presentes em diferentes momentos da rotina dos consumidores brasileiros.<\/p>\n","protected":false},"excerpt":{"rendered":"<p>O Grupo 3cora\u00e7\u00f5es concluiu, nesta quarta-feira (2), a aquisi\u00e7\u00e3o das opera\u00e7\u00f5es da General Mills no Brasil. O neg\u00f3cio inclui as marcas Yoki e Kitano. A companhia anunciou a opera\u00e7\u00e3o em mar\u00e7o de 2026. Agora, ap\u00f3s cumprir todas as condi\u00e7\u00f5es regulat\u00f3rias e contratuais, o grupo inicia um novo ciclo de crescimento. 3cora\u00e7\u00f5es amplia atua\u00e7\u00e3o no mercado [&hellip;]<\/p>\n","protected":false},"author":1,"featured_media":60804,"comment_status":"open","ping_status":"open","sticky":false,"template":"","format":"standard","meta":{"tdm_status":"","tdm_grid_status":"","footnotes":""},"categories":[6],"tags":[1808,15594,15593,2340,15592,15591,175,33,1051,5219,3217,11833,2531,28,15170,2031,15595,124,583],"class_list":["post-60803","post","type-post","status-publish","format-standard","has-post-thumbnail","hentry","category-noticias","tag-3coracoes","tag-3coracoes-kitano","tag-3coracoes-yoki","tag-alimentos","tag-aquisicao-kitano","tag-aquisicao-yoki","tag-branding","tag-estrategia","tag-expansao","tag-general-mills","tag-grupo-3coracoes","tag-industria-de-alimentos","tag-kitano","tag-marketing","tag-mercado-de-alimentos","tag-negocios","tag-pedro-lima","tag-varejo","tag-yoki"],"yoast_head":"<!-- This site is optimized with the Yoast SEO plugin v28.4 - https:\/\/yoast.com\/product\/yoast-seo-wordpress\/ -->\n<title>Grupo 3cora\u00e7\u00f5es conclui aquisi\u00e7\u00e3o das marcas Yoki e Kitano da General Mills - CidadeMarketing<\/title>\n<meta name=\"description\" content=\"Grupo 3cora\u00e7\u00f5es conclui aquisi\u00e7\u00e3o das opera\u00e7\u00f5es da General Mills no Brasil, incluindo Yoki e Kitano, e amplia sua estrutura para 15 f\u00e1bricas.\" \/>\n<meta name=\"robots\" content=\"index, follow, max-snippet:-1, max-image-preview:large, max-video-preview:-1\" \/>\n<link rel=\"canonical\" href=\"https:\/\/www.cidademarketing.com.br\/marketing\/2026\/09\/04\/grupo-3coracoes-conclui-aquisicao-das-marcas-yoki-e-kitano-da-general-mills\/\" \/>\n<meta property=\"og:locale\" content=\"pt_BR\" \/>\n<meta property=\"og:type\" content=\"article\" \/>\n<meta property=\"og:title\" content=\"Grupo 3cora\u00e7\u00f5es conclui aquisi\u00e7\u00e3o das marcas Yoki e Kitano da General Mills - CidadeMarketing\" \/>\n<meta property=\"og:description\" content=\"Grupo 3cora\u00e7\u00f5es conclui aquisi\u00e7\u00e3o das opera\u00e7\u00f5es da General Mills no Brasil, incluindo Yoki e Kitano, e amplia sua estrutura para 15 f\u00e1bricas.\" \/>\n<meta property=\"og:url\" content=\"https:\/\/www.cidademarketing.com.br\/marketing\/2026\/09\/04\/grupo-3coracoes-conclui-aquisicao-das-marcas-yoki-e-kitano-da-general-mills\/\" \/>\n<meta property=\"og:site_name\" content=\"CidadeMarketing\" \/>\n<meta property=\"article:publisher\" content=\"https:\/\/www.facebook.com\/portalcidademarketing\" \/>\n<meta property=\"article:author\" content=\"https:\/\/www.facebook.com\/thalesbrandao\" \/>\n<meta property=\"article:published_time\" content=\"2026-09-04T03:22:12+00:00\" \/>\n<meta property=\"og:image\" content=\"https:\/\/www.cidademarketing.com.br\/marketing\/wp-content\/uploads\/2026\/09\/grupo3coracoes_yoki_kitano_generalmills.webp\" \/>\n\t<meta property=\"og:image:width\" content=\"1344\" \/>\n\t<meta property=\"og:image:height\" content=\"765\" \/>\n\t<meta property=\"og:image:type\" content=\"image\/webp\" \/>\n<meta name=\"author\" content=\"Thales Brand\u00e3o\" \/>\n<meta name=\"twitter:card\" content=\"summary_large_image\" \/>\n<meta name=\"twitter:creator\" content=\"@http:\/\/www.twitter.com\/thalesbrandao\" \/>\n<meta name=\"twitter:site\" content=\"@CidadeMarketing\" \/>\n<meta name=\"twitter:label1\" content=\"Escrito por\" \/>\n\t<meta name=\"twitter:data1\" content=\"Thales Brand\u00e3o\" \/>\n\t<meta name=\"twitter:label2\" content=\"Est. tempo de leitura\" \/>\n\t<meta name=\"twitter:data2\" content=\"4 minutos\" \/>\n<script type=\"application\/ld+json\" class=\"yoast-schema-graph\">{\"@context\":\"https:\\\/\\\/schema.org\",\"@graph\":[{\"@type\":\"Article\",\"@id\":\"https:\\\/\\\/www.cidademarketing.com.br\\\/marketing\\\/2026\\\/09\\\/04\\\/grupo-3coracoes-conclui-aquisicao-das-marcas-yoki-e-kitano-da-general-mills\\\/#article\",\"isPartOf\":{\"@id\":\"https:\\\/\\\/www.cidademarketing.com.br\\\/marketing\\\/2026\\\/09\\\/04\\\/grupo-3coracoes-conclui-aquisicao-das-marcas-yoki-e-kitano-da-general-mills\\\/\"},\"author\":{\"name\":\"Thales Brand\u00e3o\",\"@id\":\"https:\\\/\\\/www.cidademarketing.com.br\\\/marketing\\\/#\\\/schema\\\/person\\\/02daff9f18bd9378c9e01eb6b2db155f\"},\"headline\":\"Grupo 3cora\u00e7\u00f5es conclui aquisi\u00e7\u00e3o das marcas Yoki e Kitano da General Mills\",\"datePublished\":\"2026-09-04T03:22:12+00:00\",\"mainEntityOfPage\":{\"@id\":\"https:\\\/\\\/www.cidademarketing.com.br\\\/marketing\\\/2026\\\/09\\\/04\\\/grupo-3coracoes-conclui-aquisicao-das-marcas-yoki-e-kitano-da-general-mills\\\/\"},\"wordCount\":627,\"commentCount\":0,\"publisher\":{\"@id\":\"https:\\\/\\\/www.cidademarketing.com.br\\\/marketing\\\/#organization\"},\"image\":{\"@id\":\"https:\\\/\\\/www.cidademarketing.com.br\\\/marketing\\\/2026\\\/09\\\/04\\\/grupo-3coracoes-conclui-aquisicao-das-marcas-yoki-e-kitano-da-general-mills\\\/#primaryimage\"},\"thumbnailUrl\":\"https:\\\/\\\/www.cidademarketing.com.br\\\/marketing\\\/wp-content\\\/uploads\\\/2026\\\/09\\\/grupo3coracoes_yoki_kitano_generalmills.webp\",\"keywords\":[\"3cora\u00e7\u00f5es\",\"3cora\u00e7\u00f5es Kitano\",\"3cora\u00e7\u00f5es Yoki\",\"alimentos\",\"aquisi\u00e7\u00e3o Kitano\",\"aquisi\u00e7\u00e3o Yoki\",\"branding\",\"estrat\u00e9gia\",\"expans\u00e3o\",\"General Mills\",\"Grupo 3cora\u00e7\u00f5es\",\"ind\u00fastria de alimentos\",\"Kitano\",\"marketing\",\"mercado de alimentos\",\"neg\u00f3cios\",\"Pedro Lima\",\"varejo\",\"Yoki\"],\"articleSection\":[\"Not\u00edcias\"],\"inLanguage\":\"pt-BR\",\"potentialAction\":[{\"@type\":\"CommentAction\",\"name\":\"Comment\",\"target\":[\"https:\\\/\\\/www.cidademarketing.com.br\\\/marketing\\\/2026\\\/09\\\/04\\\/grupo-3coracoes-conclui-aquisicao-das-marcas-yoki-e-kitano-da-general-mills\\\/#respond\"]}]},{\"@type\":\"WebPage\",\"@id\":\"https:\\\/\\\/www.cidademarketing.com.br\\\/marketing\\\/2026\\\/09\\\/04\\\/grupo-3coracoes-conclui-aquisicao-das-marcas-yoki-e-kitano-da-general-mills\\\/\",\"url\":\"https:\\\/\\\/www.cidademarketing.com.br\\\/marketing\\\/2026\\\/09\\\/04\\\/grupo-3coracoes-conclui-aquisicao-das-marcas-yoki-e-kitano-da-general-mills\\\/\",\"name\":\"Grupo 3cora\u00e7\u00f5es conclui aquisi\u00e7\u00e3o das marcas Yoki e Kitano da General Mills - CidadeMarketing\",\"isPartOf\":{\"@id\":\"https:\\\/\\\/www.cidademarketing.com.br\\\/marketing\\\/#website\"},\"primaryImageOfPage\":{\"@id\":\"https:\\\/\\\/www.cidademarketing.com.br\\\/marketing\\\/2026\\\/09\\\/04\\\/grupo-3coracoes-conclui-aquisicao-das-marcas-yoki-e-kitano-da-general-mills\\\/#primaryimage\"},\"image\":{\"@id\":\"https:\\\/\\\/www.cidademarketing.com.br\\\/marketing\\\/2026\\\/09\\\/04\\\/grupo-3coracoes-conclui-aquisicao-das-marcas-yoki-e-kitano-da-general-mills\\\/#primaryimage\"},\"thumbnailUrl\":\"https:\\\/\\\/www.cidademarketing.com.br\\\/marketing\\\/wp-content\\\/uploads\\\/2026\\\/09\\\/grupo3coracoes_yoki_kitano_generalmills.webp\",\"datePublished\":\"2026-09-04T03:22:12+00:00\",\"description\":\"Grupo 3cora\u00e7\u00f5es conclui aquisi\u00e7\u00e3o das opera\u00e7\u00f5es da General Mills no Brasil, incluindo Yoki e Kitano, e amplia sua estrutura para 15 f\u00e1bricas.\",\"breadcrumb\":{\"@id\":\"https:\\\/\\\/www.cidademarketing.com.br\\\/marketing\\\/2026\\\/09\\\/04\\\/grupo-3coracoes-conclui-aquisicao-das-marcas-yoki-e-kitano-da-general-mills\\\/#breadcrumb\"},\"inLanguage\":\"pt-BR\",\"potentialAction\":[{\"@type\":\"ReadAction\",\"target\":[\"https:\\\/\\\/www.cidademarketing.com.br\\\/marketing\\\/2026\\\/09\\\/04\\\/grupo-3coracoes-conclui-aquisicao-das-marcas-yoki-e-kitano-da-general-mills\\\/\"]}]},{\"@type\":\"ImageObject\",\"inLanguage\":\"pt-BR\",\"@id\":\"https:\\\/\\\/www.cidademarketing.com.br\\\/marketing\\\/2026\\\/09\\\/04\\\/grupo-3coracoes-conclui-aquisicao-das-marcas-yoki-e-kitano-da-general-mills\\\/#primaryimage\",\"url\":\"https:\\\/\\\/www.cidademarketing.com.br\\\/marketing\\\/wp-content\\\/uploads\\\/2026\\\/09\\\/grupo3coracoes_yoki_kitano_generalmills.webp\",\"contentUrl\":\"https:\\\/\\\/www.cidademarketing.com.br\\\/marketing\\\/wp-content\\\/uploads\\\/2026\\\/09\\\/grupo3coracoes_yoki_kitano_generalmills.webp\",\"width\":1344,\"height\":765,\"caption\":\"Divulga\u00e7\u00e3o\"},{\"@type\":\"BreadcrumbList\",\"@id\":\"https:\\\/\\\/www.cidademarketing.com.br\\\/marketing\\\/2026\\\/09\\\/04\\\/grupo-3coracoes-conclui-aquisicao-das-marcas-yoki-e-kitano-da-general-mills\\\/#breadcrumb\",\"itemListElement\":[{\"@type\":\"ListItem\",\"position\":1,\"name\":\"In\u00edcio\",\"item\":\"https:\\\/\\\/www.cidademarketing.com.br\\\/marketing\\\/\"},{\"@type\":\"ListItem\",\"position\":2,\"name\":\"Grupo 3cora\u00e7\u00f5es conclui aquisi\u00e7\u00e3o das marcas Yoki e Kitano da General Mills\"}]},{\"@type\":\"WebSite\",\"@id\":\"https:\\\/\\\/www.cidademarketing.com.br\\\/marketing\\\/#website\",\"url\":\"https:\\\/\\\/www.cidademarketing.com.br\\\/marketing\\\/\",\"name\":\"CidadeMarketing\",\"description\":\"Somos um ve\u00edculo de comunica\u00e7\u00e3o de destaque no Brasil, reconhecido por conte\u00fados nos segmentos de marketing, empreendedorismo e inova\u00e7\u00e3o.\",\"publisher\":{\"@id\":\"https:\\\/\\\/www.cidademarketing.com.br\\\/marketing\\\/#organization\"},\"alternateName\":\"CidadeMarketing\",\"potentialAction\":[{\"@type\":\"SearchAction\",\"target\":{\"@type\":\"EntryPoint\",\"urlTemplate\":\"https:\\\/\\\/www.cidademarketing.com.br\\\/marketing\\\/?s={search_term_string}\"},\"query-input\":{\"@type\":\"PropertyValueSpecification\",\"valueRequired\":true,\"valueName\":\"search_term_string\"}}],\"inLanguage\":\"pt-BR\"},{\"@type\":\"Organization\",\"@id\":\"https:\\\/\\\/www.cidademarketing.com.br\\\/marketing\\\/#organization\",\"name\":\"CidadeMarketing\",\"alternateName\":\"CidadeMarketing\",\"url\":\"https:\\\/\\\/www.cidademarketing.com.br\\\/marketing\\\/\",\"logo\":{\"@type\":\"ImageObject\",\"inLanguage\":\"pt-BR\",\"@id\":\"https:\\\/\\\/www.cidademarketing.com.br\\\/marketing\\\/#\\\/schema\\\/logo\\\/image\\\/\",\"url\":\"https:\\\/\\\/www.cidademarketing.com.br\\\/marketing\\\/wp-content\\\/uploads\\\/2020\\\/01\\\/cidademarketing_marca_mobile.png\",\"contentUrl\":\"https:\\\/\\\/www.cidademarketing.com.br\\\/marketing\\\/wp-content\\\/uploads\\\/2020\\\/01\\\/cidademarketing_marca_mobile.png\",\"width\":230,\"height\":92,\"caption\":\"CidadeMarketing\"},\"image\":{\"@id\":\"https:\\\/\\\/www.cidademarketing.com.br\\\/marketing\\\/#\\\/schema\\\/logo\\\/image\\\/\"},\"sameAs\":[\"https:\\\/\\\/www.facebook.com\\\/portalcidademarketing\",\"https:\\\/\\\/x.com\\\/CidadeMarketing\",\"https:\\\/\\\/www.instagram.com\\\/cidademarketing\\\/\"]},{\"@type\":\"Person\",\"@id\":\"https:\\\/\\\/www.cidademarketing.com.br\\\/marketing\\\/#\\\/schema\\\/person\\\/02daff9f18bd9378c9e01eb6b2db155f\",\"name\":\"Thales Brand\u00e3o\",\"image\":{\"@type\":\"ImageObject\",\"inLanguage\":\"pt-BR\",\"@id\":\"https:\\\/\\\/secure.gravatar.com\\\/avatar\\\/7ca3206950207cc3cb48feec56a8a7898741ab725c368d99d5d7a5a50aab80c6?s=96&d=mm&r=g\",\"url\":\"https:\\\/\\\/secure.gravatar.com\\\/avatar\\\/7ca3206950207cc3cb48feec56a8a7898741ab725c368d99d5d7a5a50aab80c6?s=96&d=mm&r=g\",\"contentUrl\":\"https:\\\/\\\/secure.gravatar.com\\\/avatar\\\/7ca3206950207cc3cb48feec56a8a7898741ab725c368d99d5d7a5a50aab80c6?s=96&d=mm&r=g\",\"caption\":\"Thales Brand\u00e3o\"},\"description\":\"Editor Executivo do Portal CidadeMarketing.com.br &gt; Mestre em Comunica\u00e7\u00e3o e Sociedade pela Universidade Federal de Sergipe. Possui MBA Executivo em Administra\u00e7\u00e3o com \u00eanfase em Marketing pela Funda\u00e7\u00e3o Get\u00falio Vargas - Rio de Janeiro. Consultor, Palestrante e Pesquisador sobre Empreendedorismo, Marketing, Redes Sociais e Neg\u00f3cios Digitais. Professor, Palestrante TedxTalks e Campus Party. Twitter: @ThalesBrandao\",\"sameAs\":[\"http:\\\/\\\/www.mandacaru.com.br\",\"https:\\\/\\\/www.facebook.com\\\/thalesbrandao\",\"http:\\\/\\\/www.instagram.com.br\\\/thalesbrandaoferreira\",\"https:\\\/\\\/www.linkedin.com\\\/in\\\/thales-brand\u00e3o-3948609\\\/\",\"https:\\\/\\\/x.com\\\/http:\\\/\\\/www.twitter.com\\\/thalesbrandao\"],\"url\":\"https:\\\/\\\/www.cidademarketing.com.br\\\/marketing\\\/author\\\/thalesbrandao\\\/\"}]}<\/script>\n<!-- \/ Yoast SEO plugin. -->","yoast_head_json":{"title":"Grupo 3cora\u00e7\u00f5es conclui aquisi\u00e7\u00e3o das marcas Yoki e Kitano da General Mills - CidadeMarketing","description":"Grupo 3cora\u00e7\u00f5es conclui aquisi\u00e7\u00e3o das opera\u00e7\u00f5es da General Mills no Brasil, incluindo Yoki e Kitano, e amplia sua estrutura para 15 f\u00e1bricas.","robots":{"index":"index","follow":"follow","max-snippet":"max-snippet:-1","max-image-preview":"max-image-preview:large","max-video-preview":"max-video-preview:-1"},"canonical":"https:\/\/www.cidademarketing.com.br\/marketing\/2026\/09\/04\/grupo-3coracoes-conclui-aquisicao-das-marcas-yoki-e-kitano-da-general-mills\/","og_locale":"pt_BR","og_type":"article","og_title":"Grupo 3cora\u00e7\u00f5es conclui aquisi\u00e7\u00e3o das marcas Yoki e Kitano da General Mills - CidadeMarketing","og_description":"Grupo 3cora\u00e7\u00f5es conclui aquisi\u00e7\u00e3o das opera\u00e7\u00f5es da General Mills no Brasil, incluindo Yoki e Kitano, e amplia sua estrutura para 15 f\u00e1bricas.","og_url":"https:\/\/www.cidademarketing.com.br\/marketing\/2026\/09\/04\/grupo-3coracoes-conclui-aquisicao-das-marcas-yoki-e-kitano-da-general-mills\/","og_site_name":"CidadeMarketing","article_publisher":"https:\/\/www.facebook.com\/portalcidademarketing","article_author":"https:\/\/www.facebook.com\/thalesbrandao","article_published_time":"2026-09-04T03:22:12+00:00","og_image":[{"width":1344,"height":765,"url":"https:\/\/www.cidademarketing.com.br\/marketing\/wp-content\/uploads\/2026\/09\/grupo3coracoes_yoki_kitano_generalmills.webp","type":"image\/webp"}],"author":"Thales Brand\u00e3o","twitter_card":"summary_large_image","twitter_creator":"@http:\/\/www.twitter.com\/thalesbrandao","twitter_site":"@CidadeMarketing","twitter_misc":{"Escrito por":"Thales Brand\u00e3o","Est. tempo de leitura":"4 minutos"},"schema":{"@context":"https:\/\/schema.org","@graph":[{"@type":"Article","@id":"https:\/\/www.cidademarketing.com.br\/marketing\/2026\/09\/04\/grupo-3coracoes-conclui-aquisicao-das-marcas-yoki-e-kitano-da-general-mills\/#article","isPartOf":{"@id":"https:\/\/www.cidademarketing.com.br\/marketing\/2026\/09\/04\/grupo-3coracoes-conclui-aquisicao-das-marcas-yoki-e-kitano-da-general-mills\/"},"author":{"name":"Thales Brand\u00e3o","@id":"https:\/\/www.cidademarketing.com.br\/marketing\/#\/schema\/person\/02daff9f18bd9378c9e01eb6b2db155f"},"headline":"Grupo 3cora\u00e7\u00f5es conclui aquisi\u00e7\u00e3o das marcas Yoki e Kitano da General Mills","datePublished":"2026-09-04T03:22:12+00:00","mainEntityOfPage":{"@id":"https:\/\/www.cidademarketing.com.br\/marketing\/2026\/09\/04\/grupo-3coracoes-conclui-aquisicao-das-marcas-yoki-e-kitano-da-general-mills\/"},"wordCount":627,"commentCount":0,"publisher":{"@id":"https:\/\/www.cidademarketing.com.br\/marketing\/#organization"},"image":{"@id":"https:\/\/www.cidademarketing.com.br\/marketing\/2026\/09\/04\/grupo-3coracoes-conclui-aquisicao-das-marcas-yoki-e-kitano-da-general-mills\/#primaryimage"},"thumbnailUrl":"https:\/\/www.cidademarketing.com.br\/marketing\/wp-content\/uploads\/2026\/09\/grupo3coracoes_yoki_kitano_generalmills.webp","keywords":["3cora\u00e7\u00f5es","3cora\u00e7\u00f5es Kitano","3cora\u00e7\u00f5es Yoki","alimentos","aquisi\u00e7\u00e3o Kitano","aquisi\u00e7\u00e3o Yoki","branding","estrat\u00e9gia","expans\u00e3o","General Mills","Grupo 3cora\u00e7\u00f5es","ind\u00fastria de alimentos","Kitano","marketing","mercado de alimentos","neg\u00f3cios","Pedro Lima","varejo","Yoki"],"articleSection":["Not\u00edcias"],"inLanguage":"pt-BR","potentialAction":[{"@type":"CommentAction","name":"Comment","target":["https:\/\/www.cidademarketing.com.br\/marketing\/2026\/09\/04\/grupo-3coracoes-conclui-aquisicao-das-marcas-yoki-e-kitano-da-general-mills\/#respond"]}]},{"@type":"WebPage","@id":"https:\/\/www.cidademarketing.com.br\/marketing\/2026\/09\/04\/grupo-3coracoes-conclui-aquisicao-das-marcas-yoki-e-kitano-da-general-mills\/","url":"https:\/\/www.cidademarketing.com.br\/marketing\/2026\/09\/04\/grupo-3coracoes-conclui-aquisicao-das-marcas-yoki-e-kitano-da-general-mills\/","name":"Grupo 3cora\u00e7\u00f5es conclui aquisi\u00e7\u00e3o das marcas Yoki e Kitano da General Mills - CidadeMarketing","isPartOf":{"@id":"https:\/\/www.cidademarketing.com.br\/marketing\/#website"},"primaryImageOfPage":{"@id":"https:\/\/www.cidademarketing.com.br\/marketing\/2026\/09\/04\/grupo-3coracoes-conclui-aquisicao-das-marcas-yoki-e-kitano-da-general-mills\/#primaryimage"},"image":{"@id":"https:\/\/www.cidademarketing.com.br\/marketing\/2026\/09\/04\/grupo-3coracoes-conclui-aquisicao-das-marcas-yoki-e-kitano-da-general-mills\/#primaryimage"},"thumbnailUrl":"https:\/\/www.cidademarketing.com.br\/marketing\/wp-content\/uploads\/2026\/09\/grupo3coracoes_yoki_kitano_generalmills.webp","datePublished":"2026-09-04T03:22:12+00:00","description":"Grupo 3cora\u00e7\u00f5es conclui aquisi\u00e7\u00e3o das opera\u00e7\u00f5es da General Mills no Brasil, incluindo Yoki e Kitano, e amplia sua estrutura para 15 f\u00e1bricas.","breadcrumb":{"@id":"https:\/\/www.cidademarketing.com.br\/marketing\/2026\/09\/04\/grupo-3coracoes-conclui-aquisicao-das-marcas-yoki-e-kitano-da-general-mills\/#breadcrumb"},"inLanguage":"pt-BR","potentialAction":[{"@type":"ReadAction","target":["https:\/\/www.cidademarketing.com.br\/marketing\/2026\/09\/04\/grupo-3coracoes-conclui-aquisicao-das-marcas-yoki-e-kitano-da-general-mills\/"]}]},{"@type":"ImageObject","inLanguage":"pt-BR","@id":"https:\/\/www.cidademarketing.com.br\/marketing\/2026\/09\/04\/grupo-3coracoes-conclui-aquisicao-das-marcas-yoki-e-kitano-da-general-mills\/#primaryimage","url":"https:\/\/www.cidademarketing.com.br\/marketing\/wp-content\/uploads\/2026\/09\/grupo3coracoes_yoki_kitano_generalmills.webp","contentUrl":"https:\/\/www.cidademarketing.com.br\/marketing\/wp-content\/uploads\/2026\/09\/grupo3coracoes_yoki_kitano_generalmills.webp","width":1344,"height":765,"caption":"Divulga\u00e7\u00e3o"},{"@type":"BreadcrumbList","@id":"https:\/\/www.cidademarketing.com.br\/marketing\/2026\/09\/04\/grupo-3coracoes-conclui-aquisicao-das-marcas-yoki-e-kitano-da-general-mills\/#breadcrumb","itemListElement":[{"@type":"ListItem","position":1,"name":"In\u00edcio","item":"https:\/\/www.cidademarketing.com.br\/marketing\/"},{"@type":"ListItem","position":2,"name":"Grupo 3cora\u00e7\u00f5es conclui aquisi\u00e7\u00e3o das marcas Yoki e Kitano da General Mills"}]},{"@type":"WebSite","@id":"https:\/\/www.cidademarketing.com.br\/marketing\/#website","url":"https:\/\/www.cidademarketing.com.br\/marketing\/","name":"CidadeMarketing","description":"Somos um ve\u00edculo de comunica\u00e7\u00e3o de destaque no Brasil, reconhecido por conte\u00fados nos segmentos de marketing, empreendedorismo e inova\u00e7\u00e3o.","publisher":{"@id":"https:\/\/www.cidademarketing.com.br\/marketing\/#organization"},"alternateName":"CidadeMarketing","potentialAction":[{"@type":"SearchAction","target":{"@type":"EntryPoint","urlTemplate":"https:\/\/www.cidademarketing.com.br\/marketing\/?s={search_term_string}"},"query-input":{"@type":"PropertyValueSpecification","valueRequired":true,"valueName":"search_term_string"}}],"inLanguage":"pt-BR"},{"@type":"Organization","@id":"https:\/\/www.cidademarketing.com.br\/marketing\/#organization","name":"CidadeMarketing","alternateName":"CidadeMarketing","url":"https:\/\/www.cidademarketing.com.br\/marketing\/","logo":{"@type":"ImageObject","inLanguage":"pt-BR","@id":"https:\/\/www.cidademarketing.com.br\/marketing\/#\/schema\/logo\/image\/","url":"https:\/\/www.cidademarketing.com.br\/marketing\/wp-content\/uploads\/2020\/01\/cidademarketing_marca_mobile.png","contentUrl":"https:\/\/www.cidademarketing.com.br\/marketing\/wp-content\/uploads\/2020\/01\/cidademarketing_marca_mobile.png","width":230,"height":92,"caption":"CidadeMarketing"},"image":{"@id":"https:\/\/www.cidademarketing.com.br\/marketing\/#\/schema\/logo\/image\/"},"sameAs":["https:\/\/www.facebook.com\/portalcidademarketing","https:\/\/x.com\/CidadeMarketing","https:\/\/www.instagram.com\/cidademarketing\/"]},{"@type":"Person","@id":"https:\/\/www.cidademarketing.com.br\/marketing\/#\/schema\/person\/02daff9f18bd9378c9e01eb6b2db155f","name":"Thales Brand\u00e3o","image":{"@type":"ImageObject","inLanguage":"pt-BR","@id":"https:\/\/secure.gravatar.com\/avatar\/7ca3206950207cc3cb48feec56a8a7898741ab725c368d99d5d7a5a50aab80c6?s=96&d=mm&r=g","url":"https:\/\/secure.gravatar.com\/avatar\/7ca3206950207cc3cb48feec56a8a7898741ab725c368d99d5d7a5a50aab80c6?s=96&d=mm&r=g","contentUrl":"https:\/\/secure.gravatar.com\/avatar\/7ca3206950207cc3cb48feec56a8a7898741ab725c368d99d5d7a5a50aab80c6?s=96&d=mm&r=g","caption":"Thales Brand\u00e3o"},"description":"Editor Executivo do Portal CidadeMarketing.com.br &gt; Mestre em Comunica\u00e7\u00e3o e Sociedade pela Universidade Federal de Sergipe. Possui MBA Executivo em Administra\u00e7\u00e3o com \u00eanfase em Marketing pela Funda\u00e7\u00e3o Get\u00falio Vargas - Rio de Janeiro. Consultor, Palestrante e Pesquisador sobre Empreendedorismo, Marketing, Redes Sociais e Neg\u00f3cios Digitais. Professor, Palestrante TedxTalks e Campus Party. Twitter: @ThalesBrandao","sameAs":["http:\/\/www.mandacaru.com.br","https:\/\/www.facebook.com\/thalesbrandao","http:\/\/www.instagram.com.br\/thalesbrandaoferreira","https:\/\/www.linkedin.com\/in\/thales-brand\u00e3o-3948609\/","https:\/\/x.com\/http:\/\/www.twitter.com\/thalesbrandao"],"url":"https:\/\/www.cidademarketing.com.br\/marketing\/author\/thalesbrandao\/"}]}},"amp_enabled":true,"_links":{"self":[{"href":"https:\/\/www.cidademarketing.com.br\/marketing\/wp-json\/wp\/v2\/posts\/60803","targetHints":{"allow":["GET"]}}],"collection":[{"href":"https:\/\/www.cidademarketing.com.br\/marketing\/wp-json\/wp\/v2\/posts"}],"about":[{"href":"https:\/\/www.cidademarketing.com.br\/marketing\/wp-json\/wp\/v2\/types\/post"}],"author":[{"embeddable":true,"href":"https:\/\/www.cidademarketing.com.br\/marketing\/wp-json\/wp\/v2\/users\/1"}],"replies":[{"embeddable":true,"href":"https:\/\/www.cidademarketing.com.br\/marketing\/wp-json\/wp\/v2\/comments?post=60803"}],"version-history":[{"count":1,"href":"https:\/\/www.cidademarketing.com.br\/marketing\/wp-json\/wp\/v2\/posts\/60803\/revisions"}],"predecessor-version":[{"id":60805,"href":"https:\/\/www.cidademarketing.com.br\/marketing\/wp-json\/wp\/v2\/posts\/60803\/revisions\/60805"}],"wp:featuredmedia":[{"embeddable":true,"href":"https:\/\/www.cidademarketing.com.br\/marketing\/wp-json\/wp\/v2\/media\/60804"}],"wp:attachment":[{"href":"https:\/\/www.cidademarketing.com.br\/marketing\/wp-json\/wp\/v2\/media?parent=60803"}],"wp:term":[{"taxonomy":"category","embeddable":true,"href":"https:\/\/www.cidademarketing.com.br\/marketing\/wp-json\/wp\/v2\/categories?post=60803"},{"taxonomy":"post_tag","embeddable":true,"href":"https:\/\/www.cidademarketing.com.br\/marketing\/wp-json\/wp\/v2\/tags?post=60803"}],"curies":[{"name":"wp","href":"https:\/\/api.w.org\/{rel}","templated":true}]}}