{"id":60794,"date":"2026-09-03T01:18:48","date_gmt":"2026-09-03T04:18:48","guid":{"rendered":"https:\/\/www.cidademarketing.com.br\/marketing\/?p=60794"},"modified":"2026-09-03T01:18:48","modified_gmt":"2026-09-03T04:18:48","slug":"itau-unibanco-celebra-25-anos-de-rock-in-rio","status":"publish","type":"post","link":"https:\/\/www.cidademarketing.com.br\/marketing\/2026\/09\/03\/itau-unibanco-celebra-25-anos-de-rock-in-rio\/","title":{"rendered":"Ita\u00fa Unibanco celebra 25 anos de Rock in Rio"},"content":{"rendered":"<p>O Ita\u00fa Unibanco celebra 25 anos de parceria com o Rock in Rio com uma nova campanha.<\/p>\n<p>A rela\u00e7\u00e3o come\u00e7ou em 2001. Desde 2011, o banco \u00e9 patrocinador master do festival.<\/p>\n<p>A campanha coloca os f\u00e3s no centro da narrativa. O conceito \u00e9 \u201cIta\u00fa, h\u00e1 25 anos vivendo o Rock in Rio feito voc\u00ea\u201d.<\/p>\n<h4><strong>F\u00e3s s\u00e3o protagonistas<\/strong><\/h4>\n<p>O filme re\u00fane hist\u00f3rias inspiradas em momentos vividos por f\u00e3s durante diferentes edi\u00e7\u00f5es do Rock in Rio.<\/p>\n<p>A narrativa mostra amizades, encontros, pedidos de casamento e homenagens. Entre os personagens est\u00e1 a dona do famoso leque \u201cMeu nome \u00e9 Julia\u201d.<\/p>\n<p>O filme tamb\u00e9m apresenta um garoto acompanhando um show nos ombros de um jornalista. Outra hist\u00f3ria \u00e9 marcada por uma tatuagem que eternizou uma edi\u00e7\u00e3o do festival.<\/p>\n<div class=\"youtube-embed\" data-video_id=\"d_sjb9bsTXM\"><iframe title=\"Quem \u00e9 f\u00e3, faz hist\u00f3ria no Rock in Rio.\" width=\"640\" height=\"360\" src=\"https:\/\/www.youtube.com\/embed\/d_sjb9bsTXM?feature=oembed&#038;enablejsapi=1\" frameborder=\"0\" allow=\"accelerometer; autoplay; clipboard-write; encrypted-media; gyroscope; picture-in-picture; web-share\" referrerpolicy=\"strict-origin-when-cross-origin\" allowfullscreen><\/iframe><\/div>\n<p>Ao som de \u201cYour Song\u201d, de Elton John, a campanha destaca as mem\u00f3rias criadas pelo p\u00fablico.<\/p>\n<p>\u201cPoucas marcas t\u00eam o privil\u00e9gio de acompanhar gera\u00e7\u00f5es de f\u00e3s por 25 anos em um mesmo festival\u201d, afirma Nat\u00e1lia Barreira, superintendente de Comunica\u00e7\u00e3o e M\u00eddia do Ita\u00fa Unibanco.<\/p>\n<p>Segundo a executiva, ouvir os f\u00e3s ajudou o banco a desenvolver novas experi\u00eancias e iniciativas no festival.<\/p>\n<h4><strong>Campanha ter\u00e1 a\u00e7\u00f5es no Rio<\/strong><\/h4>\n<p>Al\u00e9m do filme, a campanha contar\u00e1 com m\u00eddia OOH e a\u00e7\u00f5es em diferentes pontos do Rio de Janeiro.<\/p>\n<p>Os VLTs tamb\u00e9m receber\u00e3o a identidade visual do Ita\u00fa, com a tradicional cor laranja da marca.<\/p>\n<p>A comunica\u00e7\u00e3o ter\u00e1 ainda conte\u00fados especiais e cobertura do festival nos canais digitais do banco.<\/p>\n<p>Com a campanha, o Ita\u00fa celebra a trajet\u00f3ria no festival e refor\u00e7a o papel dos f\u00e3s na constru\u00e7\u00e3o dessa hist\u00f3ria.<\/p>\n","protected":false},"excerpt":{"rendered":"<p>O Ita\u00fa Unibanco celebra 25 anos de parceria com o Rock in Rio com uma nova campanha. A rela\u00e7\u00e3o come\u00e7ou em 2001. Desde 2011, o banco \u00e9 patrocinador master do festival. A campanha coloca os f\u00e3s no centro da narrativa. O conceito \u00e9 \u201cIta\u00fa, h\u00e1 25 anos vivendo o Rock in Rio feito voc\u00ea\u201d. F\u00e3s [&hellip;]<\/p>\n","protected":false},"author":1,"featured_media":60795,"comment_status":"open","ping_status":"open","sticky":false,"template":"","format":"standard","meta":{"tdm_status":"","tdm_grid_status":"","footnotes":""},"categories":[6,14],"tags":[15584,15586,7462,9159,33,8528,1437,126,15585,156,28,1742,447,66,181,2136],"class_list":["post-60794","post","type-post","status-publish","format-standard","has-post-thumbnail","hentry","category-noticias","category-videos","tag-25-anos-rock-in-rio","tag-campanha-itau","tag-cidade-do-rock","tag-elton-john","tag-estrategia","tag-fas","tag-festival","tag-itau","tag-itau-rock-in-rio","tag-itau-unibanco","tag-marketing","tag-musica","tag-patrocinio","tag-propaganda","tag-publicidade","tag-rock-in-rio"],"yoast_head":"<!-- This site is optimized with the Yoast SEO plugin v28.4 - https:\/\/yoast.com\/product\/yoast-seo-wordpress\/ -->\n<title>Ita\u00fa Unibanco celebra 25 anos de Rock in Rio - CidadeMarketing<\/title>\n<meta name=\"description\" content=\"Ita\u00fa Unibanco celebra 25 anos de parceria com o Rock in Rio com campanha da GALERIA que homenageia hist\u00f3rias e f\u00e3s do festival.\" \/>\n<meta name=\"robots\" content=\"index, follow, max-snippet:-1, max-image-preview:large, max-video-preview:-1\" \/>\n<link rel=\"canonical\" href=\"https:\/\/www.cidademarketing.com.br\/marketing\/2026\/09\/03\/itau-unibanco-celebra-25-anos-de-rock-in-rio\/\" \/>\n<meta property=\"og:locale\" content=\"pt_BR\" \/>\n<meta property=\"og:type\" content=\"article\" \/>\n<meta property=\"og:title\" content=\"Ita\u00fa Unibanco celebra 25 anos de Rock in Rio - CidadeMarketing\" \/>\n<meta property=\"og:description\" content=\"Ita\u00fa Unibanco celebra 25 anos de parceria com o Rock in Rio com campanha da GALERIA que homenageia hist\u00f3rias e f\u00e3s do festival.\" \/>\n<meta property=\"og:url\" content=\"https:\/\/www.cidademarketing.com.br\/marketing\/2026\/09\/03\/itau-unibanco-celebra-25-anos-de-rock-in-rio\/\" \/>\n<meta property=\"og:site_name\" content=\"CidadeMarketing\" \/>\n<meta property=\"article:publisher\" content=\"https:\/\/www.facebook.com\/portalcidademarketing\" \/>\n<meta property=\"article:author\" content=\"https:\/\/www.facebook.com\/thalesbrandao\" \/>\n<meta property=\"article:published_time\" content=\"2026-09-03T04:18:48+00:00\" \/>\n<meta property=\"og:image\" content=\"https:\/\/www.cidademarketing.com.br\/marketing\/wp-content\/uploads\/2026\/09\/rockinrio_itauunibanco.webp\" \/>\n\t<meta property=\"og:image:width\" content=\"1265\" \/>\n\t<meta property=\"og:image:height\" content=\"699\" \/>\n\t<meta property=\"og:image:type\" content=\"image\/webp\" \/>\n<meta name=\"author\" content=\"Thales Brand\u00e3o\" \/>\n<meta name=\"twitter:card\" content=\"summary_large_image\" \/>\n<meta name=\"twitter:creator\" content=\"@http:\/\/www.twitter.com\/thalesbrandao\" \/>\n<meta name=\"twitter:site\" content=\"@CidadeMarketing\" \/>\n<meta name=\"twitter:label1\" content=\"Escrito por\" \/>\n\t<meta name=\"twitter:data1\" content=\"Thales Brand\u00e3o\" \/>\n\t<meta name=\"twitter:label2\" content=\"Est. tempo de leitura\" \/>\n\t<meta name=\"twitter:data2\" content=\"2 minutos\" \/>\n<script type=\"application\/ld+json\" class=\"yoast-schema-graph\">{\"@context\":\"https:\\\/\\\/schema.org\",\"@graph\":[{\"@type\":\"Article\",\"@id\":\"https:\\\/\\\/www.cidademarketing.com.br\\\/marketing\\\/2026\\\/09\\\/03\\\/itau-unibanco-celebra-25-anos-de-rock-in-rio\\\/#article\",\"isPartOf\":{\"@id\":\"https:\\\/\\\/www.cidademarketing.com.br\\\/marketing\\\/2026\\\/09\\\/03\\\/itau-unibanco-celebra-25-anos-de-rock-in-rio\\\/\"},\"author\":{\"name\":\"Thales Brand\u00e3o\",\"@id\":\"https:\\\/\\\/www.cidademarketing.com.br\\\/marketing\\\/#\\\/schema\\\/person\\\/02daff9f18bd9378c9e01eb6b2db155f\"},\"headline\":\"Ita\u00fa Unibanco celebra 25 anos de Rock in Rio\",\"datePublished\":\"2026-09-03T04:18:48+00:00\",\"mainEntityOfPage\":{\"@id\":\"https:\\\/\\\/www.cidademarketing.com.br\\\/marketing\\\/2026\\\/09\\\/03\\\/itau-unibanco-celebra-25-anos-de-rock-in-rio\\\/\"},\"wordCount\":311,\"commentCount\":0,\"publisher\":{\"@id\":\"https:\\\/\\\/www.cidademarketing.com.br\\\/marketing\\\/#organization\"},\"image\":{\"@id\":\"https:\\\/\\\/www.cidademarketing.com.br\\\/marketing\\\/2026\\\/09\\\/03\\\/itau-unibanco-celebra-25-anos-de-rock-in-rio\\\/#primaryimage\"},\"thumbnailUrl\":\"https:\\\/\\\/www.cidademarketing.com.br\\\/marketing\\\/wp-content\\\/uploads\\\/2026\\\/09\\\/rockinrio_itauunibanco.webp\",\"keywords\":[\"25 anos Rock in Rio\",\"campanha Ita\u00fa\",\"Cidade do Rock\",\"Elton John\",\"estrat\u00e9gia\",\"f\u00e3s\",\"festival\",\"Ita\u00fa\",\"Ita\u00fa Rock in Rio\",\"Ita\u00fa Unibanco\",\"marketing\",\"m\u00fasica\",\"patroc\u00ednio\",\"propaganda\",\"publicidade\",\"Rock in Rio\"],\"articleSection\":[\"Not\u00edcias\",\"Videos\"],\"inLanguage\":\"pt-BR\",\"potentialAction\":[{\"@type\":\"CommentAction\",\"name\":\"Comment\",\"target\":[\"https:\\\/\\\/www.cidademarketing.com.br\\\/marketing\\\/2026\\\/09\\\/03\\\/itau-unibanco-celebra-25-anos-de-rock-in-rio\\\/#respond\"]}]},{\"@type\":\"WebPage\",\"@id\":\"https:\\\/\\\/www.cidademarketing.com.br\\\/marketing\\\/2026\\\/09\\\/03\\\/itau-unibanco-celebra-25-anos-de-rock-in-rio\\\/\",\"url\":\"https:\\\/\\\/www.cidademarketing.com.br\\\/marketing\\\/2026\\\/09\\\/03\\\/itau-unibanco-celebra-25-anos-de-rock-in-rio\\\/\",\"name\":\"Ita\u00fa Unibanco celebra 25 anos de Rock in Rio - CidadeMarketing\",\"isPartOf\":{\"@id\":\"https:\\\/\\\/www.cidademarketing.com.br\\\/marketing\\\/#website\"},\"primaryImageOfPage\":{\"@id\":\"https:\\\/\\\/www.cidademarketing.com.br\\\/marketing\\\/2026\\\/09\\\/03\\\/itau-unibanco-celebra-25-anos-de-rock-in-rio\\\/#primaryimage\"},\"image\":{\"@id\":\"https:\\\/\\\/www.cidademarketing.com.br\\\/marketing\\\/2026\\\/09\\\/03\\\/itau-unibanco-celebra-25-anos-de-rock-in-rio\\\/#primaryimage\"},\"thumbnailUrl\":\"https:\\\/\\\/www.cidademarketing.com.br\\\/marketing\\\/wp-content\\\/uploads\\\/2026\\\/09\\\/rockinrio_itauunibanco.webp\",\"datePublished\":\"2026-09-03T04:18:48+00:00\",\"description\":\"Ita\u00fa Unibanco celebra 25 anos de parceria com o Rock in Rio com campanha da GALERIA que homenageia hist\u00f3rias e f\u00e3s do festival.\",\"breadcrumb\":{\"@id\":\"https:\\\/\\\/www.cidademarketing.com.br\\\/marketing\\\/2026\\\/09\\\/03\\\/itau-unibanco-celebra-25-anos-de-rock-in-rio\\\/#breadcrumb\"},\"inLanguage\":\"pt-BR\",\"potentialAction\":[{\"@type\":\"ReadAction\",\"target\":[\"https:\\\/\\\/www.cidademarketing.com.br\\\/marketing\\\/2026\\\/09\\\/03\\\/itau-unibanco-celebra-25-anos-de-rock-in-rio\\\/\"]}]},{\"@type\":\"ImageObject\",\"inLanguage\":\"pt-BR\",\"@id\":\"https:\\\/\\\/www.cidademarketing.com.br\\\/marketing\\\/2026\\\/09\\\/03\\\/itau-unibanco-celebra-25-anos-de-rock-in-rio\\\/#primaryimage\",\"url\":\"https:\\\/\\\/www.cidademarketing.com.br\\\/marketing\\\/wp-content\\\/uploads\\\/2026\\\/09\\\/rockinrio_itauunibanco.webp\",\"contentUrl\":\"https:\\\/\\\/www.cidademarketing.com.br\\\/marketing\\\/wp-content\\\/uploads\\\/2026\\\/09\\\/rockinrio_itauunibanco.webp\",\"width\":1265,\"height\":699,\"caption\":\"Reprodu\u00e7\u00e3o\"},{\"@type\":\"BreadcrumbList\",\"@id\":\"https:\\\/\\\/www.cidademarketing.com.br\\\/marketing\\\/2026\\\/09\\\/03\\\/itau-unibanco-celebra-25-anos-de-rock-in-rio\\\/#breadcrumb\",\"itemListElement\":[{\"@type\":\"ListItem\",\"position\":1,\"name\":\"In\u00edcio\",\"item\":\"https:\\\/\\\/www.cidademarketing.com.br\\\/marketing\\\/\"},{\"@type\":\"ListItem\",\"position\":2,\"name\":\"Ita\u00fa Unibanco celebra 25 anos de Rock in Rio\"}]},{\"@type\":\"WebSite\",\"@id\":\"https:\\\/\\\/www.cidademarketing.com.br\\\/marketing\\\/#website\",\"url\":\"https:\\\/\\\/www.cidademarketing.com.br\\\/marketing\\\/\",\"name\":\"CidadeMarketing\",\"description\":\"Somos um ve\u00edculo de comunica\u00e7\u00e3o de destaque no Brasil, reconhecido por conte\u00fados nos segmentos de marketing, empreendedorismo e inova\u00e7\u00e3o.\",\"publisher\":{\"@id\":\"https:\\\/\\\/www.cidademarketing.com.br\\\/marketing\\\/#organization\"},\"alternateName\":\"CidadeMarketing\",\"potentialAction\":[{\"@type\":\"SearchAction\",\"target\":{\"@type\":\"EntryPoint\",\"urlTemplate\":\"https:\\\/\\\/www.cidademarketing.com.br\\\/marketing\\\/?s={search_term_string}\"},\"query-input\":{\"@type\":\"PropertyValueSpecification\",\"valueRequired\":true,\"valueName\":\"search_term_string\"}}],\"inLanguage\":\"pt-BR\"},{\"@type\":\"Organization\",\"@id\":\"https:\\\/\\\/www.cidademarketing.com.br\\\/marketing\\\/#organization\",\"name\":\"CidadeMarketing\",\"alternateName\":\"CidadeMarketing\",\"url\":\"https:\\\/\\\/www.cidademarketing.com.br\\\/marketing\\\/\",\"logo\":{\"@type\":\"ImageObject\",\"inLanguage\":\"pt-BR\",\"@id\":\"https:\\\/\\\/www.cidademarketing.com.br\\\/marketing\\\/#\\\/schema\\\/logo\\\/image\\\/\",\"url\":\"https:\\\/\\\/www.cidademarketing.com.br\\\/marketing\\\/wp-content\\\/uploads\\\/2020\\\/01\\\/cidademarketing_marca_mobile.png\",\"contentUrl\":\"https:\\\/\\\/www.cidademarketing.com.br\\\/marketing\\\/wp-content\\\/uploads\\\/2020\\\/01\\\/cidademarketing_marca_mobile.png\",\"width\":230,\"height\":92,\"caption\":\"CidadeMarketing\"},\"image\":{\"@id\":\"https:\\\/\\\/www.cidademarketing.com.br\\\/marketing\\\/#\\\/schema\\\/logo\\\/image\\\/\"},\"sameAs\":[\"https:\\\/\\\/www.facebook.com\\\/portalcidademarketing\",\"https:\\\/\\\/x.com\\\/CidadeMarketing\",\"https:\\\/\\\/www.instagram.com\\\/cidademarketing\\\/\"]},{\"@type\":\"Person\",\"@id\":\"https:\\\/\\\/www.cidademarketing.com.br\\\/marketing\\\/#\\\/schema\\\/person\\\/02daff9f18bd9378c9e01eb6b2db155f\",\"name\":\"Thales Brand\u00e3o\",\"image\":{\"@type\":\"ImageObject\",\"inLanguage\":\"pt-BR\",\"@id\":\"https:\\\/\\\/secure.gravatar.com\\\/avatar\\\/7ca3206950207cc3cb48feec56a8a7898741ab725c368d99d5d7a5a50aab80c6?s=96&d=mm&r=g\",\"url\":\"https:\\\/\\\/secure.gravatar.com\\\/avatar\\\/7ca3206950207cc3cb48feec56a8a7898741ab725c368d99d5d7a5a50aab80c6?s=96&d=mm&r=g\",\"contentUrl\":\"https:\\\/\\\/secure.gravatar.com\\\/avatar\\\/7ca3206950207cc3cb48feec56a8a7898741ab725c368d99d5d7a5a50aab80c6?s=96&d=mm&r=g\",\"caption\":\"Thales Brand\u00e3o\"},\"description\":\"Editor Executivo do Portal CidadeMarketing.com.br &gt; Mestre em Comunica\u00e7\u00e3o e Sociedade pela Universidade Federal de Sergipe. Possui MBA Executivo em Administra\u00e7\u00e3o com \u00eanfase em Marketing pela Funda\u00e7\u00e3o Get\u00falio Vargas - Rio de Janeiro. Consultor, Palestrante e Pesquisador sobre Empreendedorismo, Marketing, Redes Sociais e Neg\u00f3cios Digitais. Professor, Palestrante TedxTalks e Campus Party. Twitter: @ThalesBrandao\",\"sameAs\":[\"http:\\\/\\\/www.mandacaru.com.br\",\"https:\\\/\\\/www.facebook.com\\\/thalesbrandao\",\"http:\\\/\\\/www.instagram.com.br\\\/thalesbrandaoferreira\",\"https:\\\/\\\/www.linkedin.com\\\/in\\\/thales-brand\u00e3o-3948609\\\/\",\"https:\\\/\\\/x.com\\\/http:\\\/\\\/www.twitter.com\\\/thalesbrandao\"],\"url\":\"https:\\\/\\\/www.cidademarketing.com.br\\\/marketing\\\/author\\\/thalesbrandao\\\/\"}]}<\/script>\n<!-- \/ Yoast SEO plugin. -->","yoast_head_json":{"title":"Ita\u00fa Unibanco celebra 25 anos de Rock in Rio - CidadeMarketing","description":"Ita\u00fa Unibanco celebra 25 anos de parceria com o Rock in Rio com campanha da GALERIA que homenageia hist\u00f3rias e f\u00e3s do festival.","robots":{"index":"index","follow":"follow","max-snippet":"max-snippet:-1","max-image-preview":"max-image-preview:large","max-video-preview":"max-video-preview:-1"},"canonical":"https:\/\/www.cidademarketing.com.br\/marketing\/2026\/09\/03\/itau-unibanco-celebra-25-anos-de-rock-in-rio\/","og_locale":"pt_BR","og_type":"article","og_title":"Ita\u00fa Unibanco celebra 25 anos de Rock in Rio - CidadeMarketing","og_description":"Ita\u00fa Unibanco celebra 25 anos de parceria com o Rock in Rio com campanha da GALERIA que homenageia hist\u00f3rias e f\u00e3s do festival.","og_url":"https:\/\/www.cidademarketing.com.br\/marketing\/2026\/09\/03\/itau-unibanco-celebra-25-anos-de-rock-in-rio\/","og_site_name":"CidadeMarketing","article_publisher":"https:\/\/www.facebook.com\/portalcidademarketing","article_author":"https:\/\/www.facebook.com\/thalesbrandao","article_published_time":"2026-09-03T04:18:48+00:00","og_image":[{"width":1265,"height":699,"url":"https:\/\/www.cidademarketing.com.br\/marketing\/wp-content\/uploads\/2026\/09\/rockinrio_itauunibanco.webp","type":"image\/webp"}],"author":"Thales Brand\u00e3o","twitter_card":"summary_large_image","twitter_creator":"@http:\/\/www.twitter.com\/thalesbrandao","twitter_site":"@CidadeMarketing","twitter_misc":{"Escrito por":"Thales Brand\u00e3o","Est. tempo de leitura":"2 minutos"},"schema":{"@context":"https:\/\/schema.org","@graph":[{"@type":"Article","@id":"https:\/\/www.cidademarketing.com.br\/marketing\/2026\/09\/03\/itau-unibanco-celebra-25-anos-de-rock-in-rio\/#article","isPartOf":{"@id":"https:\/\/www.cidademarketing.com.br\/marketing\/2026\/09\/03\/itau-unibanco-celebra-25-anos-de-rock-in-rio\/"},"author":{"name":"Thales Brand\u00e3o","@id":"https:\/\/www.cidademarketing.com.br\/marketing\/#\/schema\/person\/02daff9f18bd9378c9e01eb6b2db155f"},"headline":"Ita\u00fa Unibanco celebra 25 anos de Rock in Rio","datePublished":"2026-09-03T04:18:48+00:00","mainEntityOfPage":{"@id":"https:\/\/www.cidademarketing.com.br\/marketing\/2026\/09\/03\/itau-unibanco-celebra-25-anos-de-rock-in-rio\/"},"wordCount":311,"commentCount":0,"publisher":{"@id":"https:\/\/www.cidademarketing.com.br\/marketing\/#organization"},"image":{"@id":"https:\/\/www.cidademarketing.com.br\/marketing\/2026\/09\/03\/itau-unibanco-celebra-25-anos-de-rock-in-rio\/#primaryimage"},"thumbnailUrl":"https:\/\/www.cidademarketing.com.br\/marketing\/wp-content\/uploads\/2026\/09\/rockinrio_itauunibanco.webp","keywords":["25 anos Rock in Rio","campanha Ita\u00fa","Cidade do Rock","Elton John","estrat\u00e9gia","f\u00e3s","festival","Ita\u00fa","Ita\u00fa Rock in Rio","Ita\u00fa Unibanco","marketing","m\u00fasica","patroc\u00ednio","propaganda","publicidade","Rock in Rio"],"articleSection":["Not\u00edcias","Videos"],"inLanguage":"pt-BR","potentialAction":[{"@type":"CommentAction","name":"Comment","target":["https:\/\/www.cidademarketing.com.br\/marketing\/2026\/09\/03\/itau-unibanco-celebra-25-anos-de-rock-in-rio\/#respond"]}]},{"@type":"WebPage","@id":"https:\/\/www.cidademarketing.com.br\/marketing\/2026\/09\/03\/itau-unibanco-celebra-25-anos-de-rock-in-rio\/","url":"https:\/\/www.cidademarketing.com.br\/marketing\/2026\/09\/03\/itau-unibanco-celebra-25-anos-de-rock-in-rio\/","name":"Ita\u00fa Unibanco celebra 25 anos de Rock in Rio - CidadeMarketing","isPartOf":{"@id":"https:\/\/www.cidademarketing.com.br\/marketing\/#website"},"primaryImageOfPage":{"@id":"https:\/\/www.cidademarketing.com.br\/marketing\/2026\/09\/03\/itau-unibanco-celebra-25-anos-de-rock-in-rio\/#primaryimage"},"image":{"@id":"https:\/\/www.cidademarketing.com.br\/marketing\/2026\/09\/03\/itau-unibanco-celebra-25-anos-de-rock-in-rio\/#primaryimage"},"thumbnailUrl":"https:\/\/www.cidademarketing.com.br\/marketing\/wp-content\/uploads\/2026\/09\/rockinrio_itauunibanco.webp","datePublished":"2026-09-03T04:18:48+00:00","description":"Ita\u00fa Unibanco celebra 25 anos de parceria com o Rock in Rio com campanha da GALERIA que homenageia hist\u00f3rias e f\u00e3s do festival.","breadcrumb":{"@id":"https:\/\/www.cidademarketing.com.br\/marketing\/2026\/09\/03\/itau-unibanco-celebra-25-anos-de-rock-in-rio\/#breadcrumb"},"inLanguage":"pt-BR","potentialAction":[{"@type":"ReadAction","target":["https:\/\/www.cidademarketing.com.br\/marketing\/2026\/09\/03\/itau-unibanco-celebra-25-anos-de-rock-in-rio\/"]}]},{"@type":"ImageObject","inLanguage":"pt-BR","@id":"https:\/\/www.cidademarketing.com.br\/marketing\/2026\/09\/03\/itau-unibanco-celebra-25-anos-de-rock-in-rio\/#primaryimage","url":"https:\/\/www.cidademarketing.com.br\/marketing\/wp-content\/uploads\/2026\/09\/rockinrio_itauunibanco.webp","contentUrl":"https:\/\/www.cidademarketing.com.br\/marketing\/wp-content\/uploads\/2026\/09\/rockinrio_itauunibanco.webp","width":1265,"height":699,"caption":"Reprodu\u00e7\u00e3o"},{"@type":"BreadcrumbList","@id":"https:\/\/www.cidademarketing.com.br\/marketing\/2026\/09\/03\/itau-unibanco-celebra-25-anos-de-rock-in-rio\/#breadcrumb","itemListElement":[{"@type":"ListItem","position":1,"name":"In\u00edcio","item":"https:\/\/www.cidademarketing.com.br\/marketing\/"},{"@type":"ListItem","position":2,"name":"Ita\u00fa Unibanco celebra 25 anos de Rock in Rio"}]},{"@type":"WebSite","@id":"https:\/\/www.cidademarketing.com.br\/marketing\/#website","url":"https:\/\/www.cidademarketing.com.br\/marketing\/","name":"CidadeMarketing","description":"Somos um ve\u00edculo de comunica\u00e7\u00e3o de destaque no Brasil, reconhecido por conte\u00fados nos segmentos de marketing, empreendedorismo e inova\u00e7\u00e3o.","publisher":{"@id":"https:\/\/www.cidademarketing.com.br\/marketing\/#organization"},"alternateName":"CidadeMarketing","potentialAction":[{"@type":"SearchAction","target":{"@type":"EntryPoint","urlTemplate":"https:\/\/www.cidademarketing.com.br\/marketing\/?s={search_term_string}"},"query-input":{"@type":"PropertyValueSpecification","valueRequired":true,"valueName":"search_term_string"}}],"inLanguage":"pt-BR"},{"@type":"Organization","@id":"https:\/\/www.cidademarketing.com.br\/marketing\/#organization","name":"CidadeMarketing","alternateName":"CidadeMarketing","url":"https:\/\/www.cidademarketing.com.br\/marketing\/","logo":{"@type":"ImageObject","inLanguage":"pt-BR","@id":"https:\/\/www.cidademarketing.com.br\/marketing\/#\/schema\/logo\/image\/","url":"https:\/\/www.cidademarketing.com.br\/marketing\/wp-content\/uploads\/2020\/01\/cidademarketing_marca_mobile.png","contentUrl":"https:\/\/www.cidademarketing.com.br\/marketing\/wp-content\/uploads\/2020\/01\/cidademarketing_marca_mobile.png","width":230,"height":92,"caption":"CidadeMarketing"},"image":{"@id":"https:\/\/www.cidademarketing.com.br\/marketing\/#\/schema\/logo\/image\/"},"sameAs":["https:\/\/www.facebook.com\/portalcidademarketing","https:\/\/x.com\/CidadeMarketing","https:\/\/www.instagram.com\/cidademarketing\/"]},{"@type":"Person","@id":"https:\/\/www.cidademarketing.com.br\/marketing\/#\/schema\/person\/02daff9f18bd9378c9e01eb6b2db155f","name":"Thales Brand\u00e3o","image":{"@type":"ImageObject","inLanguage":"pt-BR","@id":"https:\/\/secure.gravatar.com\/avatar\/7ca3206950207cc3cb48feec56a8a7898741ab725c368d99d5d7a5a50aab80c6?s=96&d=mm&r=g","url":"https:\/\/secure.gravatar.com\/avatar\/7ca3206950207cc3cb48feec56a8a7898741ab725c368d99d5d7a5a50aab80c6?s=96&d=mm&r=g","contentUrl":"https:\/\/secure.gravatar.com\/avatar\/7ca3206950207cc3cb48feec56a8a7898741ab725c368d99d5d7a5a50aab80c6?s=96&d=mm&r=g","caption":"Thales Brand\u00e3o"},"description":"Editor Executivo do Portal CidadeMarketing.com.br &gt; Mestre em Comunica\u00e7\u00e3o e Sociedade pela Universidade Federal de Sergipe. Possui MBA Executivo em Administra\u00e7\u00e3o com \u00eanfase em Marketing pela Funda\u00e7\u00e3o Get\u00falio Vargas - Rio de Janeiro. Consultor, Palestrante e Pesquisador sobre Empreendedorismo, Marketing, Redes Sociais e Neg\u00f3cios Digitais. Professor, Palestrante TedxTalks e Campus Party. Twitter: @ThalesBrandao","sameAs":["http:\/\/www.mandacaru.com.br","https:\/\/www.facebook.com\/thalesbrandao","http:\/\/www.instagram.com.br\/thalesbrandaoferreira","https:\/\/www.linkedin.com\/in\/thales-brand\u00e3o-3948609\/","https:\/\/x.com\/http:\/\/www.twitter.com\/thalesbrandao"],"url":"https:\/\/www.cidademarketing.com.br\/marketing\/author\/thalesbrandao\/"}]}},"amp_enabled":true,"_links":{"self":[{"href":"https:\/\/www.cidademarketing.com.br\/marketing\/wp-json\/wp\/v2\/posts\/60794","targetHints":{"allow":["GET"]}}],"collection":[{"href":"https:\/\/www.cidademarketing.com.br\/marketing\/wp-json\/wp\/v2\/posts"}],"about":[{"href":"https:\/\/www.cidademarketing.com.br\/marketing\/wp-json\/wp\/v2\/types\/post"}],"author":[{"embeddable":true,"href":"https:\/\/www.cidademarketing.com.br\/marketing\/wp-json\/wp\/v2\/users\/1"}],"replies":[{"embeddable":true,"href":"https:\/\/www.cidademarketing.com.br\/marketing\/wp-json\/wp\/v2\/comments?post=60794"}],"version-history":[{"count":1,"href":"https:\/\/www.cidademarketing.com.br\/marketing\/wp-json\/wp\/v2\/posts\/60794\/revisions"}],"predecessor-version":[{"id":60796,"href":"https:\/\/www.cidademarketing.com.br\/marketing\/wp-json\/wp\/v2\/posts\/60794\/revisions\/60796"}],"wp:featuredmedia":[{"embeddable":true,"href":"https:\/\/www.cidademarketing.com.br\/marketing\/wp-json\/wp\/v2\/media\/60795"}],"wp:attachment":[{"href":"https:\/\/www.cidademarketing.com.br\/marketing\/wp-json\/wp\/v2\/media?parent=60794"}],"wp:term":[{"taxonomy":"category","embeddable":true,"href":"https:\/\/www.cidademarketing.com.br\/marketing\/wp-json\/wp\/v2\/categories?post=60794"},{"taxonomy":"post_tag","embeddable":true,"href":"https:\/\/www.cidademarketing.com.br\/marketing\/wp-json\/wp\/v2\/tags?post=60794"}],"curies":[{"name":"wp","href":"https:\/\/api.w.org\/{rel}","templated":true}]}}