{"id":60788,"date":"2026-09-02T23:00:34","date_gmt":"2026-09-03T02:00:34","guid":{"rendered":"https:\/\/www.cidademarketing.com.br\/marketing\/?p=60788"},"modified":"2026-09-02T23:00:34","modified_gmt":"2026-09-03T02:00:34","slug":"ca-chega-a-avenida-paulista","status":"publish","type":"post","link":"https:\/\/www.cidademarketing.com.br\/marketing\/2026\/09\/02\/ca-chega-a-avenida-paulista\/","title":{"rendered":"C&#038;A chega \u00e0 Avenida Paulista"},"content":{"rendered":"<p>A C&amp;A inaugurou sua primeira loja na Avenida Paulista, em S\u00e3o Paulo. A unidade tem mais de 2 mil m\u00b2 e segue o conceito Energia.<\/p>\n<p>A nova loja foi aberta em 27 de agosto, durante as comemora\u00e7\u00f5es dos 50 anos da C&amp;A no Brasil.<\/p>\n<p>O endere\u00e7o escolhido fica na altura do n\u00famero 1.374, em frente \u00e0 esta\u00e7\u00e3o Trianon-Masp. Assim, a marca passa a ocupar um dos principais pontos de circula\u00e7\u00e3o da capital paulista.<\/p>\n<p>A chegada \u00e0 Avenida Paulista tamb\u00e9m marca um novo momento para a varejista. A proposta combina moda, inspira\u00e7\u00e3o, conveni\u00eancia e tecnologia.<\/p>\n<h4><strong>Loja integra experi\u00eancia f\u00edsica e digital<\/strong><\/h4>\n<p>O novo espa\u00e7o foi desenvolvido para aproximar a experi\u00eancia da loja f\u00edsica dos canais digitais da C&amp;A.<\/p>\n<p>Para isso, a unidade utiliza tecnologias como RFID. O sistema permite localizar produtos dispon\u00edveis no estoque e ampliar as possibilidades de compra.<\/p>\n<p>Al\u00e9m disso, a loja conta com self-checkout, oferecendo uma alternativa para agilizar o pagamento.<\/p>\n<p>Outro recurso dispon\u00edvel \u00e9 o C&amp;A Pay, solu\u00e7\u00e3o financeira da pr\u00f3pria companhia.<\/p>\n<p>Os vendedores tamb\u00e9m passam a atuar de forma mais consultiva. Eles podem ajudar os consumidores na escolha de pe\u00e7as e na composi\u00e7\u00e3o dos looks.<\/p>\n<p>Quando determinado produto n\u00e3o est\u00e1 dispon\u00edvel na loja, a equipe pode consultar a disponibilidade nos canais digitais.<\/p>\n<p>Dessa forma, o consumidor pode encontrar outras op\u00e7\u00f5es sem precisar encerrar a jornada de compra na loja f\u00edsica.<\/p>\n<h4><strong>Conceito Energia<\/strong><\/h4>\n<p>A unidade da Avenida Paulista segue o conceito Energia, que busca transformar a loja em um espa\u00e7o de experi\u00eancia.<\/p>\n<p>O modelo re\u00fane elementos de moda, tecnologia, atendimento e conveni\u00eancia.<\/p>\n<p>A proposta tamb\u00e9m considera pontos da jornada de compra que podem gerar dificuldades para os consumidores. Entre eles est\u00e3o filas, provadores e localiza\u00e7\u00e3o dos produtos.<\/p>\n<p>A C&amp;A afirma que o conceito foi desenvolvido a partir de pesquisas de satisfa\u00e7\u00e3o e estudos sobre o comportamento dos clientes nas lojas.<\/p>\n<h4><strong>Sustentabilidade tamb\u00e9m faz parte da loja<\/strong><\/h4>\n<p>A nova unidade tamb\u00e9m apresenta iniciativas relacionadas \u00e0 sustentabilidade.<\/p>\n<p>A opera\u00e7\u00e3o conta com fornecimento de energia proveniente de fontes renov\u00e1veis. A medida refor\u00e7a a estrat\u00e9gia da companhia para reduzir impactos ambientais.<\/p>\n<p>Outro destaque \u00e9 o espa\u00e7o dedicado ao movimento ReCiclo.<\/p>\n<p>O programa recebe roupas usadas dos consumidores. Parte dos materiais coletados pode voltar \u00e0 cadeia produtiva.<\/p>\n<p>A iniciativa tamb\u00e9m est\u00e1 relacionada \u00e0 cole\u00e7\u00e3o circular apresentada pela C&amp;A durante as comemora\u00e7\u00f5es de seus 50 anos no Brasil.<\/p>\n<h4><strong>Cole\u00e7\u00e3o circular estreia na Avenida Paulista<\/strong><\/h4>\n<p>A inaugura\u00e7\u00e3o da loja tamb\u00e9m marcou o lan\u00e7amento de uma cole\u00e7\u00e3o assinada pelo designer Gustavo Silvestre.<\/p>\n<blockquote class=\"instagram-media\" style=\"background: #FFF; border: 0; border-radius: 3px; box-shadow: 0 0 1px 0 rgba(0,0,0,0.5),0 1px 10px 0 rgba(0,0,0,0.15); margin: 1px; max-width: 540px; min-width: 326px; padding: 0; width: calc(100% - 2px);\" data-instgrm-captioned=\"\" data-instgrm-permalink=\"https:\/\/www.instagram.com\/reel\/DcuH9WzxKP6\/?utm_source=ig_embed&amp;utm_campaign=loading\" data-instgrm-version=\"14\">\n<div style=\"padding: 16px;\">\n<p>&nbsp;<\/p>\n<div style=\"display: flex; flex-direction: row; align-items: center;\">\n<div style=\"background-color: #f4f4f4; border-radius: 50%; flex-grow: 0; height: 40px; margin-right: 14px; width: 40px;\"><\/div>\n<div style=\"display: flex; flex-direction: column; flex-grow: 1; justify-content: center;\">\n<div style=\"background-color: #f4f4f4; border-radius: 4px; flex-grow: 0; height: 14px; margin-bottom: 6px; width: 100px;\"><\/div>\n<div style=\"background-color: #f4f4f4; border-radius: 4px; flex-grow: 0; height: 14px; width: 60px;\"><\/div>\n<\/div>\n<\/div>\n<div style=\"padding: 19% 0;\"><\/div>\n<div style=\"display: block; height: 50px; margin: 0 auto 12px; width: 50px;\"><\/div>\n<div style=\"padding-top: 8px;\">\n<div style=\"color: #3897f0; font-family: Arial,sans-serif; font-size: 14px; font-style: normal; font-weight: 550; line-height: 18px;\">Ver essa foto no Instagram<\/div>\n<\/div>\n<div style=\"padding: 12.5% 0;\"><\/div>\n<div style=\"display: flex; flex-direction: row; margin-bottom: 14px; align-items: center;\">\n<div>\n<div style=\"background-color: #f4f4f4; border-radius: 50%; height: 12.5px; width: 12.5px; transform: translateX(0px) translateY(7px);\"><\/div>\n<div style=\"background-color: #f4f4f4; height: 12.5px; transform: rotate(-45deg) translateX(3px) translateY(1px); width: 12.5px; flex-grow: 0; margin-right: 14px; margin-left: 2px;\"><\/div>\n<div style=\"background-color: #f4f4f4; border-radius: 50%; height: 12.5px; width: 12.5px; transform: translateX(9px) translateY(-18px);\"><\/div>\n<\/div>\n<div style=\"margin-left: 8px;\">\n<div style=\"background-color: #f4f4f4; border-radius: 50%; flex-grow: 0; height: 20px; width: 20px;\"><\/div>\n<div style=\"width: 0; height: 0; border-top: 2px solid transparent; border-left: 6px solid #f4f4f4; border-bottom: 2px solid transparent; transform: translateX(16px) translateY(-4px) rotate(30deg);\"><\/div>\n<\/div>\n<div style=\"margin-left: auto;\">\n<div style=\"width: 0px; border-top: 8px solid #F4F4F4; border-right: 8px solid transparent; transform: translateY(16px);\"><\/div>\n<div style=\"background-color: #f4f4f4; flex-grow: 0; height: 12px; width: 16px; transform: translateY(-4px);\"><\/div>\n<div style=\"width: 0; height: 0; border-top: 8px solid #F4F4F4; border-left: 8px solid transparent; transform: translateY(-4px) translateX(8px);\"><\/div>\n<\/div>\n<\/div>\n<div style=\"display: flex; flex-direction: column; flex-grow: 1; justify-content: center; margin-bottom: 24px;\">\n<div style=\"background-color: #f4f4f4; border-radius: 4px; flex-grow: 0; height: 14px; margin-bottom: 6px; width: 224px;\"><\/div>\n<div style=\"background-color: #f4f4f4; border-radius: 4px; flex-grow: 0; height: 14px; width: 144px;\"><\/div>\n<\/div>\n<p>&nbsp;<\/p>\n<p style=\"color: #c9c8cd; font-family: Arial,sans-serif; font-size: 14px; line-height: 17px; margin-bottom: 0; margin-top: 8px; overflow: hidden; padding: 8px 0 7px; text-align: center; text-overflow: ellipsis; white-space: nowrap;\"><a style=\"color: #c9c8cd; font-family: Arial,sans-serif; font-size: 14px; font-style: normal; font-weight: normal; line-height: 17px; text-decoration: none;\" href=\"https:\/\/www.instagram.com\/reel\/DcuH9WzxKP6\/?utm_source=ig_embed&amp;utm_campaign=loading\" target=\"_blank\" rel=\"noopener\">Um post compartilhado por Gustavo Silvestre (@silvestregustavo)<\/a><\/p>\n<\/div>\n<\/blockquote>\n<p><script async src=\"\/\/www.instagram.com\/embed.js\"><\/script><\/p>\n<p>A parceria utiliza conceitos como customiza\u00e7\u00e3o, upcycling e circularidade.<\/p>\n<p>A cole\u00e7\u00e3o foi desenvolvida a partir de jeans coletados pelo programa ReCiclo. Assim, materiais usados ganham novas possibilidades dentro da cadeia da moda.<\/p>\n<p>A novidade refor\u00e7a a estrat\u00e9gia da C&amp;A de aproximar moda, inova\u00e7\u00e3o e sustentabilidade.<\/p>\n<h4><strong>Novo endere\u00e7o refor\u00e7a presen\u00e7a da C&amp;A em S\u00e3o Paulo<\/strong><\/h4>\n<p>A Avenida Paulista tem import\u00e2ncia especial para a hist\u00f3ria da C&amp;A no Brasil.<\/p>\n<blockquote class=\"instagram-media\" style=\"background: #FFF; border: 0; border-radius: 3px; box-shadow: 0 0 1px 0 rgba(0,0,0,0.5),0 1px 10px 0 rgba(0,0,0,0.15); margin: 1px; max-width: 540px; min-width: 326px; padding: 0; width: calc(100% - 2px);\" data-instgrm-captioned=\"\" data-instgrm-permalink=\"https:\/\/www.instagram.com\/reel\/Dcoo2tFhm9u\/?utm_source=ig_embed&amp;utm_campaign=loading\" data-instgrm-version=\"14\">\n<div style=\"padding: 16px;\">\n<p>&nbsp;<\/p>\n<div style=\"display: flex; flex-direction: row; align-items: center;\">\n<div style=\"background-color: #f4f4f4; border-radius: 50%; flex-grow: 0; height: 40px; margin-right: 14px; width: 40px;\"><\/div>\n<div style=\"display: flex; flex-direction: column; flex-grow: 1; justify-content: center;\">\n<div style=\"background-color: #f4f4f4; border-radius: 4px; flex-grow: 0; height: 14px; margin-bottom: 6px; width: 100px;\"><\/div>\n<div style=\"background-color: #f4f4f4; border-radius: 4px; flex-grow: 0; height: 14px; width: 60px;\"><\/div>\n<\/div>\n<\/div>\n<div style=\"padding: 19% 0;\"><\/div>\n<div style=\"display: block; height: 50px; margin: 0 auto 12px; width: 50px;\"><\/div>\n<div style=\"padding-top: 8px;\">\n<div style=\"color: #3897f0; font-family: Arial,sans-serif; font-size: 14px; font-style: normal; font-weight: 550; line-height: 18px;\">Ver essa foto no Instagram<\/div>\n<\/div>\n<div style=\"padding: 12.5% 0;\"><\/div>\n<div style=\"display: flex; flex-direction: row; margin-bottom: 14px; align-items: center;\">\n<div>\n<div style=\"background-color: #f4f4f4; border-radius: 50%; height: 12.5px; width: 12.5px; transform: translateX(0px) translateY(7px);\"><\/div>\n<div style=\"background-color: #f4f4f4; height: 12.5px; transform: rotate(-45deg) translateX(3px) translateY(1px); width: 12.5px; flex-grow: 0; margin-right: 14px; margin-left: 2px;\"><\/div>\n<div style=\"background-color: #f4f4f4; border-radius: 50%; height: 12.5px; width: 12.5px; transform: translateX(9px) translateY(-18px);\"><\/div>\n<\/div>\n<div style=\"margin-left: 8px;\">\n<div style=\"background-color: #f4f4f4; border-radius: 50%; flex-grow: 0; height: 20px; width: 20px;\"><\/div>\n<div style=\"width: 0; height: 0; border-top: 2px solid transparent; border-left: 6px solid #f4f4f4; border-bottom: 2px solid transparent; transform: translateX(16px) translateY(-4px) rotate(30deg);\"><\/div>\n<\/div>\n<div style=\"margin-left: auto;\">\n<div style=\"width: 0px; border-top: 8px solid #F4F4F4; border-right: 8px solid transparent; transform: translateY(16px);\"><\/div>\n<div style=\"background-color: #f4f4f4; flex-grow: 0; height: 12px; width: 16px; transform: translateY(-4px);\"><\/div>\n<div style=\"width: 0; height: 0; border-top: 8px solid #F4F4F4; border-left: 8px solid transparent; transform: translateY(-4px) translateX(8px);\"><\/div>\n<\/div>\n<\/div>\n<div style=\"display: flex; flex-direction: column; flex-grow: 1; justify-content: center; margin-bottom: 24px;\">\n<div style=\"background-color: #f4f4f4; border-radius: 4px; flex-grow: 0; height: 14px; margin-bottom: 6px; width: 224px;\"><\/div>\n<div style=\"background-color: #f4f4f4; border-radius: 4px; flex-grow: 0; height: 14px; width: 144px;\"><\/div>\n<\/div>\n<p>&nbsp;<\/p>\n<p style=\"color: #c9c8cd; font-family: Arial,sans-serif; font-size: 14px; line-height: 17px; margin-bottom: 0; margin-top: 8px; overflow: hidden; padding: 8px 0 7px; text-align: center; text-overflow: ellipsis; white-space: nowrap;\"><a style=\"color: #c9c8cd; font-family: Arial,sans-serif; font-size: 14px; font-style: normal; font-weight: normal; line-height: 17px; text-decoration: none;\" href=\"https:\/\/www.instagram.com\/reel\/Dcoo2tFhm9u\/?utm_source=ig_embed&amp;utm_campaign=loading\" target=\"_blank\" rel=\"noopener\">Um post compartilhado por C&amp;A Brasil (@cea_brasil)<\/a><\/p>\n<\/div>\n<\/blockquote>\n<p><script async src=\"\/\/www.instagram.com\/embed.js\"><\/script><\/p>\n<p>A companhia abriu sua primeira loja brasileira no Shopping Ibirapuera, em S\u00e3o Paulo, em 1976.<\/p>\n<p>Agora, 50 anos depois, a marca amplia sua presen\u00e7a na cidade com uma unidade em um dos principais endere\u00e7os do varejo brasileiro.<\/p>\n<p>A nova loja tamb\u00e9m faz parte de uma estrat\u00e9gia maior de expans\u00e3o e renova\u00e7\u00e3o das unidades f\u00edsicas da companhia.<\/p>\n","protected":false},"excerpt":{"rendered":"<p>A C&amp;A inaugurou sua primeira loja na Avenida Paulista, em S\u00e3o Paulo. A unidade tem mais de 2 mil m\u00b2 e segue o conceito Energia. A nova loja foi aberta em 27 de agosto, durante as comemora\u00e7\u00f5es dos 50 anos da C&amp;A no Brasil. O endere\u00e7o escolhido fica na altura do n\u00famero 1.374, em frente [&hellip;]<\/p>\n","protected":false},"author":1,"featured_media":60789,"comment_status":"open","ping_status":"open","sticky":false,"template":"","format":"standard","meta":{"tdm_status":"","tdm_grid_status":"","footnotes":""},"categories":[6],"tags":[2638,63,15568,15575,15571,1051,7334,39,15569,15570,28,1762,15573,656,15574,15572,124],"class_list":["post-60788","post","type-post","status-publish","format-standard","has-post-thumbnail","hentry","category-noticias","tag-avenida-paulista","tag-ca","tag-ca-brasil","tag-ca-pay","tag-conceito-energia","tag-expansao","tag-experiencia-do-consumidor","tag-investimento","tag-loja-ca","tag-loja-conceito","tag-marketing","tag-moda","tag-rfid","tag-sao-paulo","tag-self-checkout","tag-tecnologia-no-varejo","tag-varejo"],"yoast_head":"<!-- This site is optimized with the Yoast SEO plugin v28.4 - https:\/\/yoast.com\/product\/yoast-seo-wordpress\/ -->\n<title>C&amp;A chega \u00e0 Avenida Paulista - CidadeMarketing<\/title>\n<meta name=\"description\" content=\"C&amp;A inaugura loja de mais de 2 mil m\u00b2 na Avenida Paulista, em S\u00e3o Paulo, com conceito Energia, tecnologia e experi\u00eancia integrada.\" \/>\n<meta name=\"robots\" content=\"index, follow, max-snippet:-1, max-image-preview:large, max-video-preview:-1\" \/>\n<link rel=\"canonical\" href=\"https:\/\/www.cidademarketing.com.br\/marketing\/2026\/09\/02\/ca-chega-a-avenida-paulista\/\" \/>\n<meta property=\"og:locale\" content=\"pt_BR\" \/>\n<meta property=\"og:type\" content=\"article\" \/>\n<meta property=\"og:title\" content=\"C&amp;A chega \u00e0 Avenida Paulista - CidadeMarketing\" \/>\n<meta property=\"og:description\" content=\"C&amp;A inaugura loja de mais de 2 mil m\u00b2 na Avenida Paulista, em S\u00e3o Paulo, com conceito Energia, tecnologia e experi\u00eancia integrada.\" \/>\n<meta property=\"og:url\" content=\"https:\/\/www.cidademarketing.com.br\/marketing\/2026\/09\/02\/ca-chega-a-avenida-paulista\/\" \/>\n<meta property=\"og:site_name\" content=\"CidadeMarketing\" \/>\n<meta property=\"article:publisher\" content=\"https:\/\/www.facebook.com\/portalcidademarketing\" \/>\n<meta property=\"article:author\" content=\"https:\/\/www.facebook.com\/thalesbrandao\" \/>\n<meta property=\"article:published_time\" content=\"2026-09-03T02:00:34+00:00\" \/>\n<meta property=\"og:image\" content=\"https:\/\/www.cidademarketing.com.br\/marketing\/wp-content\/uploads\/2026\/09\/cea_avenidapaulista.webp\" \/>\n\t<meta property=\"og:image:width\" content=\"910\" \/>\n\t<meta property=\"og:image:height\" content=\"631\" \/>\n\t<meta property=\"og:image:type\" content=\"image\/webp\" \/>\n<meta name=\"author\" content=\"Thales Brand\u00e3o\" \/>\n<meta name=\"twitter:card\" content=\"summary_large_image\" \/>\n<meta name=\"twitter:creator\" content=\"@http:\/\/www.twitter.com\/thalesbrandao\" \/>\n<meta name=\"twitter:site\" content=\"@CidadeMarketing\" \/>\n<meta name=\"twitter:label1\" content=\"Escrito por\" \/>\n\t<meta name=\"twitter:data1\" content=\"Thales Brand\u00e3o\" \/>\n\t<meta name=\"twitter:label2\" content=\"Est. tempo de leitura\" \/>\n\t<meta name=\"twitter:data2\" content=\"4 minutos\" \/>\n<script type=\"application\/ld+json\" class=\"yoast-schema-graph\">{\"@context\":\"https:\\\/\\\/schema.org\",\"@graph\":[{\"@type\":\"Article\",\"@id\":\"https:\\\/\\\/www.cidademarketing.com.br\\\/marketing\\\/2026\\\/09\\\/02\\\/ca-chega-a-avenida-paulista\\\/#article\",\"isPartOf\":{\"@id\":\"https:\\\/\\\/www.cidademarketing.com.br\\\/marketing\\\/2026\\\/09\\\/02\\\/ca-chega-a-avenida-paulista\\\/\"},\"author\":{\"name\":\"Thales Brand\u00e3o\",\"@id\":\"https:\\\/\\\/www.cidademarketing.com.br\\\/marketing\\\/#\\\/schema\\\/person\\\/02daff9f18bd9378c9e01eb6b2db155f\"},\"headline\":\"C&#038;A chega \u00e0 Avenida Paulista\",\"datePublished\":\"2026-09-03T02:00:34+00:00\",\"mainEntityOfPage\":{\"@id\":\"https:\\\/\\\/www.cidademarketing.com.br\\\/marketing\\\/2026\\\/09\\\/02\\\/ca-chega-a-avenida-paulista\\\/\"},\"wordCount\":638,\"commentCount\":0,\"publisher\":{\"@id\":\"https:\\\/\\\/www.cidademarketing.com.br\\\/marketing\\\/#organization\"},\"image\":{\"@id\":\"https:\\\/\\\/www.cidademarketing.com.br\\\/marketing\\\/2026\\\/09\\\/02\\\/ca-chega-a-avenida-paulista\\\/#primaryimage\"},\"thumbnailUrl\":\"https:\\\/\\\/www.cidademarketing.com.br\\\/marketing\\\/wp-content\\\/uploads\\\/2026\\\/09\\\/cea_avenidapaulista.webp\",\"keywords\":[\"Avenida Paulista\",\"C&amp;A\",\"C&amp;A Brasil\",\"C&amp;A Pay\",\"conceito Energia\",\"expans\u00e3o\",\"experi\u00eancia do consumidor\",\"investimento\",\"loja C&amp;A\",\"loja conceito\",\"marketing\",\"moda\",\"RFID\",\"S\u00e3o Paulo\",\"self-checkout\",\"tecnologia no varejo\",\"varejo\"],\"articleSection\":[\"Not\u00edcias\"],\"inLanguage\":\"pt-BR\",\"potentialAction\":[{\"@type\":\"CommentAction\",\"name\":\"Comment\",\"target\":[\"https:\\\/\\\/www.cidademarketing.com.br\\\/marketing\\\/2026\\\/09\\\/02\\\/ca-chega-a-avenida-paulista\\\/#respond\"]}]},{\"@type\":\"WebPage\",\"@id\":\"https:\\\/\\\/www.cidademarketing.com.br\\\/marketing\\\/2026\\\/09\\\/02\\\/ca-chega-a-avenida-paulista\\\/\",\"url\":\"https:\\\/\\\/www.cidademarketing.com.br\\\/marketing\\\/2026\\\/09\\\/02\\\/ca-chega-a-avenida-paulista\\\/\",\"name\":\"C&A chega \u00e0 Avenida Paulista - CidadeMarketing\",\"isPartOf\":{\"@id\":\"https:\\\/\\\/www.cidademarketing.com.br\\\/marketing\\\/#website\"},\"primaryImageOfPage\":{\"@id\":\"https:\\\/\\\/www.cidademarketing.com.br\\\/marketing\\\/2026\\\/09\\\/02\\\/ca-chega-a-avenida-paulista\\\/#primaryimage\"},\"image\":{\"@id\":\"https:\\\/\\\/www.cidademarketing.com.br\\\/marketing\\\/2026\\\/09\\\/02\\\/ca-chega-a-avenida-paulista\\\/#primaryimage\"},\"thumbnailUrl\":\"https:\\\/\\\/www.cidademarketing.com.br\\\/marketing\\\/wp-content\\\/uploads\\\/2026\\\/09\\\/cea_avenidapaulista.webp\",\"datePublished\":\"2026-09-03T02:00:34+00:00\",\"description\":\"C&A inaugura loja de mais de 2 mil m\u00b2 na Avenida Paulista, em S\u00e3o Paulo, com conceito Energia, tecnologia e experi\u00eancia integrada.\",\"breadcrumb\":{\"@id\":\"https:\\\/\\\/www.cidademarketing.com.br\\\/marketing\\\/2026\\\/09\\\/02\\\/ca-chega-a-avenida-paulista\\\/#breadcrumb\"},\"inLanguage\":\"pt-BR\",\"potentialAction\":[{\"@type\":\"ReadAction\",\"target\":[\"https:\\\/\\\/www.cidademarketing.com.br\\\/marketing\\\/2026\\\/09\\\/02\\\/ca-chega-a-avenida-paulista\\\/\"]}]},{\"@type\":\"ImageObject\",\"inLanguage\":\"pt-BR\",\"@id\":\"https:\\\/\\\/www.cidademarketing.com.br\\\/marketing\\\/2026\\\/09\\\/02\\\/ca-chega-a-avenida-paulista\\\/#primaryimage\",\"url\":\"https:\\\/\\\/www.cidademarketing.com.br\\\/marketing\\\/wp-content\\\/uploads\\\/2026\\\/09\\\/cea_avenidapaulista.webp\",\"contentUrl\":\"https:\\\/\\\/www.cidademarketing.com.br\\\/marketing\\\/wp-content\\\/uploads\\\/2026\\\/09\\\/cea_avenidapaulista.webp\",\"width\":910,\"height\":631,\"caption\":\"Divulga\u00e7\u00e3o\"},{\"@type\":\"BreadcrumbList\",\"@id\":\"https:\\\/\\\/www.cidademarketing.com.br\\\/marketing\\\/2026\\\/09\\\/02\\\/ca-chega-a-avenida-paulista\\\/#breadcrumb\",\"itemListElement\":[{\"@type\":\"ListItem\",\"position\":1,\"name\":\"In\u00edcio\",\"item\":\"https:\\\/\\\/www.cidademarketing.com.br\\\/marketing\\\/\"},{\"@type\":\"ListItem\",\"position\":2,\"name\":\"C&#038;A chega \u00e0 Avenida Paulista\"}]},{\"@type\":\"WebSite\",\"@id\":\"https:\\\/\\\/www.cidademarketing.com.br\\\/marketing\\\/#website\",\"url\":\"https:\\\/\\\/www.cidademarketing.com.br\\\/marketing\\\/\",\"name\":\"CidadeMarketing\",\"description\":\"Somos um ve\u00edculo de comunica\u00e7\u00e3o de destaque no Brasil, reconhecido por conte\u00fados nos segmentos de marketing, empreendedorismo e inova\u00e7\u00e3o.\",\"publisher\":{\"@id\":\"https:\\\/\\\/www.cidademarketing.com.br\\\/marketing\\\/#organization\"},\"alternateName\":\"CidadeMarketing\",\"potentialAction\":[{\"@type\":\"SearchAction\",\"target\":{\"@type\":\"EntryPoint\",\"urlTemplate\":\"https:\\\/\\\/www.cidademarketing.com.br\\\/marketing\\\/?s={search_term_string}\"},\"query-input\":{\"@type\":\"PropertyValueSpecification\",\"valueRequired\":true,\"valueName\":\"search_term_string\"}}],\"inLanguage\":\"pt-BR\"},{\"@type\":\"Organization\",\"@id\":\"https:\\\/\\\/www.cidademarketing.com.br\\\/marketing\\\/#organization\",\"name\":\"CidadeMarketing\",\"alternateName\":\"CidadeMarketing\",\"url\":\"https:\\\/\\\/www.cidademarketing.com.br\\\/marketing\\\/\",\"logo\":{\"@type\":\"ImageObject\",\"inLanguage\":\"pt-BR\",\"@id\":\"https:\\\/\\\/www.cidademarketing.com.br\\\/marketing\\\/#\\\/schema\\\/logo\\\/image\\\/\",\"url\":\"https:\\\/\\\/www.cidademarketing.com.br\\\/marketing\\\/wp-content\\\/uploads\\\/2020\\\/01\\\/cidademarketing_marca_mobile.png\",\"contentUrl\":\"https:\\\/\\\/www.cidademarketing.com.br\\\/marketing\\\/wp-content\\\/uploads\\\/2020\\\/01\\\/cidademarketing_marca_mobile.png\",\"width\":230,\"height\":92,\"caption\":\"CidadeMarketing\"},\"image\":{\"@id\":\"https:\\\/\\\/www.cidademarketing.com.br\\\/marketing\\\/#\\\/schema\\\/logo\\\/image\\\/\"},\"sameAs\":[\"https:\\\/\\\/www.facebook.com\\\/portalcidademarketing\",\"https:\\\/\\\/x.com\\\/CidadeMarketing\",\"https:\\\/\\\/www.instagram.com\\\/cidademarketing\\\/\"]},{\"@type\":\"Person\",\"@id\":\"https:\\\/\\\/www.cidademarketing.com.br\\\/marketing\\\/#\\\/schema\\\/person\\\/02daff9f18bd9378c9e01eb6b2db155f\",\"name\":\"Thales Brand\u00e3o\",\"image\":{\"@type\":\"ImageObject\",\"inLanguage\":\"pt-BR\",\"@id\":\"https:\\\/\\\/secure.gravatar.com\\\/avatar\\\/7ca3206950207cc3cb48feec56a8a7898741ab725c368d99d5d7a5a50aab80c6?s=96&d=mm&r=g\",\"url\":\"https:\\\/\\\/secure.gravatar.com\\\/avatar\\\/7ca3206950207cc3cb48feec56a8a7898741ab725c368d99d5d7a5a50aab80c6?s=96&d=mm&r=g\",\"contentUrl\":\"https:\\\/\\\/secure.gravatar.com\\\/avatar\\\/7ca3206950207cc3cb48feec56a8a7898741ab725c368d99d5d7a5a50aab80c6?s=96&d=mm&r=g\",\"caption\":\"Thales Brand\u00e3o\"},\"description\":\"Editor Executivo do Portal CidadeMarketing.com.br &gt; Mestre em Comunica\u00e7\u00e3o e Sociedade pela Universidade Federal de Sergipe. Possui MBA Executivo em Administra\u00e7\u00e3o com \u00eanfase em Marketing pela Funda\u00e7\u00e3o Get\u00falio Vargas - Rio de Janeiro. Consultor, Palestrante e Pesquisador sobre Empreendedorismo, Marketing, Redes Sociais e Neg\u00f3cios Digitais. Professor, Palestrante TedxTalks e Campus Party. Twitter: @ThalesBrandao\",\"sameAs\":[\"http:\\\/\\\/www.mandacaru.com.br\",\"https:\\\/\\\/www.facebook.com\\\/thalesbrandao\",\"http:\\\/\\\/www.instagram.com.br\\\/thalesbrandaoferreira\",\"https:\\\/\\\/www.linkedin.com\\\/in\\\/thales-brand\u00e3o-3948609\\\/\",\"https:\\\/\\\/x.com\\\/http:\\\/\\\/www.twitter.com\\\/thalesbrandao\"],\"url\":\"https:\\\/\\\/www.cidademarketing.com.br\\\/marketing\\\/author\\\/thalesbrandao\\\/\"}]}<\/script>\n<!-- \/ Yoast SEO plugin. -->","yoast_head_json":{"title":"C&A chega \u00e0 Avenida Paulista - CidadeMarketing","description":"C&A inaugura loja de mais de 2 mil m\u00b2 na Avenida Paulista, em S\u00e3o Paulo, com conceito Energia, tecnologia e experi\u00eancia integrada.","robots":{"index":"index","follow":"follow","max-snippet":"max-snippet:-1","max-image-preview":"max-image-preview:large","max-video-preview":"max-video-preview:-1"},"canonical":"https:\/\/www.cidademarketing.com.br\/marketing\/2026\/09\/02\/ca-chega-a-avenida-paulista\/","og_locale":"pt_BR","og_type":"article","og_title":"C&A chega \u00e0 Avenida Paulista - CidadeMarketing","og_description":"C&A inaugura loja de mais de 2 mil m\u00b2 na Avenida Paulista, em S\u00e3o Paulo, com conceito Energia, tecnologia e experi\u00eancia integrada.","og_url":"https:\/\/www.cidademarketing.com.br\/marketing\/2026\/09\/02\/ca-chega-a-avenida-paulista\/","og_site_name":"CidadeMarketing","article_publisher":"https:\/\/www.facebook.com\/portalcidademarketing","article_author":"https:\/\/www.facebook.com\/thalesbrandao","article_published_time":"2026-09-03T02:00:34+00:00","og_image":[{"width":910,"height":631,"url":"https:\/\/www.cidademarketing.com.br\/marketing\/wp-content\/uploads\/2026\/09\/cea_avenidapaulista.webp","type":"image\/webp"}],"author":"Thales Brand\u00e3o","twitter_card":"summary_large_image","twitter_creator":"@http:\/\/www.twitter.com\/thalesbrandao","twitter_site":"@CidadeMarketing","twitter_misc":{"Escrito por":"Thales Brand\u00e3o","Est. tempo de leitura":"4 minutos"},"schema":{"@context":"https:\/\/schema.org","@graph":[{"@type":"Article","@id":"https:\/\/www.cidademarketing.com.br\/marketing\/2026\/09\/02\/ca-chega-a-avenida-paulista\/#article","isPartOf":{"@id":"https:\/\/www.cidademarketing.com.br\/marketing\/2026\/09\/02\/ca-chega-a-avenida-paulista\/"},"author":{"name":"Thales Brand\u00e3o","@id":"https:\/\/www.cidademarketing.com.br\/marketing\/#\/schema\/person\/02daff9f18bd9378c9e01eb6b2db155f"},"headline":"C&#038;A chega \u00e0 Avenida Paulista","datePublished":"2026-09-03T02:00:34+00:00","mainEntityOfPage":{"@id":"https:\/\/www.cidademarketing.com.br\/marketing\/2026\/09\/02\/ca-chega-a-avenida-paulista\/"},"wordCount":638,"commentCount":0,"publisher":{"@id":"https:\/\/www.cidademarketing.com.br\/marketing\/#organization"},"image":{"@id":"https:\/\/www.cidademarketing.com.br\/marketing\/2026\/09\/02\/ca-chega-a-avenida-paulista\/#primaryimage"},"thumbnailUrl":"https:\/\/www.cidademarketing.com.br\/marketing\/wp-content\/uploads\/2026\/09\/cea_avenidapaulista.webp","keywords":["Avenida Paulista","C&amp;A","C&amp;A Brasil","C&amp;A Pay","conceito Energia","expans\u00e3o","experi\u00eancia do consumidor","investimento","loja C&amp;A","loja conceito","marketing","moda","RFID","S\u00e3o Paulo","self-checkout","tecnologia no varejo","varejo"],"articleSection":["Not\u00edcias"],"inLanguage":"pt-BR","potentialAction":[{"@type":"CommentAction","name":"Comment","target":["https:\/\/www.cidademarketing.com.br\/marketing\/2026\/09\/02\/ca-chega-a-avenida-paulista\/#respond"]}]},{"@type":"WebPage","@id":"https:\/\/www.cidademarketing.com.br\/marketing\/2026\/09\/02\/ca-chega-a-avenida-paulista\/","url":"https:\/\/www.cidademarketing.com.br\/marketing\/2026\/09\/02\/ca-chega-a-avenida-paulista\/","name":"C&A chega \u00e0 Avenida Paulista - CidadeMarketing","isPartOf":{"@id":"https:\/\/www.cidademarketing.com.br\/marketing\/#website"},"primaryImageOfPage":{"@id":"https:\/\/www.cidademarketing.com.br\/marketing\/2026\/09\/02\/ca-chega-a-avenida-paulista\/#primaryimage"},"image":{"@id":"https:\/\/www.cidademarketing.com.br\/marketing\/2026\/09\/02\/ca-chega-a-avenida-paulista\/#primaryimage"},"thumbnailUrl":"https:\/\/www.cidademarketing.com.br\/marketing\/wp-content\/uploads\/2026\/09\/cea_avenidapaulista.webp","datePublished":"2026-09-03T02:00:34+00:00","description":"C&A inaugura loja de mais de 2 mil m\u00b2 na Avenida Paulista, em S\u00e3o Paulo, com conceito Energia, tecnologia e experi\u00eancia integrada.","breadcrumb":{"@id":"https:\/\/www.cidademarketing.com.br\/marketing\/2026\/09\/02\/ca-chega-a-avenida-paulista\/#breadcrumb"},"inLanguage":"pt-BR","potentialAction":[{"@type":"ReadAction","target":["https:\/\/www.cidademarketing.com.br\/marketing\/2026\/09\/02\/ca-chega-a-avenida-paulista\/"]}]},{"@type":"ImageObject","inLanguage":"pt-BR","@id":"https:\/\/www.cidademarketing.com.br\/marketing\/2026\/09\/02\/ca-chega-a-avenida-paulista\/#primaryimage","url":"https:\/\/www.cidademarketing.com.br\/marketing\/wp-content\/uploads\/2026\/09\/cea_avenidapaulista.webp","contentUrl":"https:\/\/www.cidademarketing.com.br\/marketing\/wp-content\/uploads\/2026\/09\/cea_avenidapaulista.webp","width":910,"height":631,"caption":"Divulga\u00e7\u00e3o"},{"@type":"BreadcrumbList","@id":"https:\/\/www.cidademarketing.com.br\/marketing\/2026\/09\/02\/ca-chega-a-avenida-paulista\/#breadcrumb","itemListElement":[{"@type":"ListItem","position":1,"name":"In\u00edcio","item":"https:\/\/www.cidademarketing.com.br\/marketing\/"},{"@type":"ListItem","position":2,"name":"C&#038;A chega \u00e0 Avenida Paulista"}]},{"@type":"WebSite","@id":"https:\/\/www.cidademarketing.com.br\/marketing\/#website","url":"https:\/\/www.cidademarketing.com.br\/marketing\/","name":"CidadeMarketing","description":"Somos um ve\u00edculo de comunica\u00e7\u00e3o de destaque no Brasil, reconhecido por conte\u00fados nos segmentos de marketing, empreendedorismo e inova\u00e7\u00e3o.","publisher":{"@id":"https:\/\/www.cidademarketing.com.br\/marketing\/#organization"},"alternateName":"CidadeMarketing","potentialAction":[{"@type":"SearchAction","target":{"@type":"EntryPoint","urlTemplate":"https:\/\/www.cidademarketing.com.br\/marketing\/?s={search_term_string}"},"query-input":{"@type":"PropertyValueSpecification","valueRequired":true,"valueName":"search_term_string"}}],"inLanguage":"pt-BR"},{"@type":"Organization","@id":"https:\/\/www.cidademarketing.com.br\/marketing\/#organization","name":"CidadeMarketing","alternateName":"CidadeMarketing","url":"https:\/\/www.cidademarketing.com.br\/marketing\/","logo":{"@type":"ImageObject","inLanguage":"pt-BR","@id":"https:\/\/www.cidademarketing.com.br\/marketing\/#\/schema\/logo\/image\/","url":"https:\/\/www.cidademarketing.com.br\/marketing\/wp-content\/uploads\/2020\/01\/cidademarketing_marca_mobile.png","contentUrl":"https:\/\/www.cidademarketing.com.br\/marketing\/wp-content\/uploads\/2020\/01\/cidademarketing_marca_mobile.png","width":230,"height":92,"caption":"CidadeMarketing"},"image":{"@id":"https:\/\/www.cidademarketing.com.br\/marketing\/#\/schema\/logo\/image\/"},"sameAs":["https:\/\/www.facebook.com\/portalcidademarketing","https:\/\/x.com\/CidadeMarketing","https:\/\/www.instagram.com\/cidademarketing\/"]},{"@type":"Person","@id":"https:\/\/www.cidademarketing.com.br\/marketing\/#\/schema\/person\/02daff9f18bd9378c9e01eb6b2db155f","name":"Thales Brand\u00e3o","image":{"@type":"ImageObject","inLanguage":"pt-BR","@id":"https:\/\/secure.gravatar.com\/avatar\/7ca3206950207cc3cb48feec56a8a7898741ab725c368d99d5d7a5a50aab80c6?s=96&d=mm&r=g","url":"https:\/\/secure.gravatar.com\/avatar\/7ca3206950207cc3cb48feec56a8a7898741ab725c368d99d5d7a5a50aab80c6?s=96&d=mm&r=g","contentUrl":"https:\/\/secure.gravatar.com\/avatar\/7ca3206950207cc3cb48feec56a8a7898741ab725c368d99d5d7a5a50aab80c6?s=96&d=mm&r=g","caption":"Thales Brand\u00e3o"},"description":"Editor Executivo do Portal CidadeMarketing.com.br &gt; Mestre em Comunica\u00e7\u00e3o e Sociedade pela Universidade Federal de Sergipe. Possui MBA Executivo em Administra\u00e7\u00e3o com \u00eanfase em Marketing pela Funda\u00e7\u00e3o Get\u00falio Vargas - Rio de Janeiro. Consultor, Palestrante e Pesquisador sobre Empreendedorismo, Marketing, Redes Sociais e Neg\u00f3cios Digitais. Professor, Palestrante TedxTalks e Campus Party. Twitter: @ThalesBrandao","sameAs":["http:\/\/www.mandacaru.com.br","https:\/\/www.facebook.com\/thalesbrandao","http:\/\/www.instagram.com.br\/thalesbrandaoferreira","https:\/\/www.linkedin.com\/in\/thales-brand\u00e3o-3948609\/","https:\/\/x.com\/http:\/\/www.twitter.com\/thalesbrandao"],"url":"https:\/\/www.cidademarketing.com.br\/marketing\/author\/thalesbrandao\/"}]}},"amp_enabled":true,"_links":{"self":[{"href":"https:\/\/www.cidademarketing.com.br\/marketing\/wp-json\/wp\/v2\/posts\/60788","targetHints":{"allow":["GET"]}}],"collection":[{"href":"https:\/\/www.cidademarketing.com.br\/marketing\/wp-json\/wp\/v2\/posts"}],"about":[{"href":"https:\/\/www.cidademarketing.com.br\/marketing\/wp-json\/wp\/v2\/types\/post"}],"author":[{"embeddable":true,"href":"https:\/\/www.cidademarketing.com.br\/marketing\/wp-json\/wp\/v2\/users\/1"}],"replies":[{"embeddable":true,"href":"https:\/\/www.cidademarketing.com.br\/marketing\/wp-json\/wp\/v2\/comments?post=60788"}],"version-history":[{"count":1,"href":"https:\/\/www.cidademarketing.com.br\/marketing\/wp-json\/wp\/v2\/posts\/60788\/revisions"}],"predecessor-version":[{"id":60790,"href":"https:\/\/www.cidademarketing.com.br\/marketing\/wp-json\/wp\/v2\/posts\/60788\/revisions\/60790"}],"wp:featuredmedia":[{"embeddable":true,"href":"https:\/\/www.cidademarketing.com.br\/marketing\/wp-json\/wp\/v2\/media\/60789"}],"wp:attachment":[{"href":"https:\/\/www.cidademarketing.com.br\/marketing\/wp-json\/wp\/v2\/media?parent=60788"}],"wp:term":[{"taxonomy":"category","embeddable":true,"href":"https:\/\/www.cidademarketing.com.br\/marketing\/wp-json\/wp\/v2\/categories?post=60788"},{"taxonomy":"post_tag","embeddable":true,"href":"https:\/\/www.cidademarketing.com.br\/marketing\/wp-json\/wp\/v2\/tags?post=60788"}],"curies":[{"name":"wp","href":"https:\/\/api.w.org\/{rel}","templated":true}]}}