{"id":60785,"date":"2026-09-02T14:44:13","date_gmt":"2026-09-02T17:44:13","guid":{"rendered":"https:\/\/www.cidademarketing.com.br\/marketing\/?p=60785"},"modified":"2026-09-02T14:44:13","modified_gmt":"2026-09-02T17:44:13","slug":"unilever-tem-fabricacao-de-sabao-liquido-e-amaciante-suspensa-pela-anvisa","status":"publish","type":"post","link":"https:\/\/www.cidademarketing.com.br\/marketing\/2026\/09\/02\/unilever-tem-fabricacao-de-sabao-liquido-e-amaciante-suspensa-pela-anvisa\/","title":{"rendered":"Unilever tem fabrica\u00e7\u00e3o de sab\u00e3o l\u00edquido e amaciante suspensa pela Anvisa"},"content":{"rendered":"<p>A Ag\u00eancia Nacional de Vigil\u00e2ncia Sanit\u00e1ria (Anvisa) suspendeu, de forma preventiva, a fabrica\u00e7\u00e3o de produtos de limpeza na unidade da Unilever localizada em Vinhedo (SP).<\/p>\n<p>A decis\u00e3o foi publicada nesta quarta-feira (2\/9) e envolve as linhas de sab\u00e3o l\u00edquido para lavar roupas e amaciante l\u00edquido para roupas.<\/p>\n<p>A medida foi tomada ap\u00f3s uma fiscaliza\u00e7\u00e3o realizada entre os dias 24 e 28 de agosto. A inspe\u00e7\u00e3o contou com a participa\u00e7\u00e3o da Anvisa, do Centro de Vigil\u00e2ncia Sanit\u00e1ria do Estado de S\u00e3o Paulo e da Vigil\u00e2ncia Sanit\u00e1ria de Vinhedo.<\/p>\n<p>Durante a fiscaliza\u00e7\u00e3o, foram encontradas falhas nas Boas Pr\u00e1ticas de Fabrica\u00e7\u00e3o (BPF). Entre os problemas identificados est\u00e3o falhas nos controles realizados durante a produ\u00e7\u00e3o e antes da libera\u00e7\u00e3o dos produtos.<\/p>\n<p>Tamb\u00e9m foram encontradas defici\u00eancias no monitoramento da \u00e1gua utilizada na fabrica\u00e7\u00e3o. Al\u00e9m disso, a fiscaliza\u00e7\u00e3o apontou problemas na investiga\u00e7\u00e3o e corre\u00e7\u00e3o de falhas identificadas pela pr\u00f3pria empresa.<\/p>\n<h4><strong>Produtos j\u00e1 fabricados continuam liberados<\/strong><\/h4>\n<p>Segundo a Anvisa, a avalia\u00e7\u00e3o realizada at\u00e9 o momento n\u00e3o identificou contamina\u00e7\u00e3o microbiol\u00f3gica ou outros problemas nos lotes j\u00e1 produzidos.<\/p>\n<p>Por isso, a ag\u00eancia n\u00e3o determinou o recolhimento dos produtos.<\/p>\n<p>Tamb\u00e9m n\u00e3o foi suspensa a comercializa\u00e7\u00e3o, a distribui\u00e7\u00e3o ou o uso dos produtos que j\u00e1 est\u00e3o dispon\u00edveis no mercado.<\/p>\n<p>A suspens\u00e3o determinada pela Anvisa \u00e9 voltada para a fabrica\u00e7\u00e3o de novos lotes at\u00e9 que as melhorias necess\u00e1rias sejam realizadas.<\/p>\n<h4><strong>O que diz a Unilever<\/strong><\/h4>\n<p>Procurada pelo CidadeMarketing, a Unilever informou que recebeu a equipe da Anvisa para uma fiscaliza\u00e7\u00e3o em sua f\u00e1brica de Vinhedo.<\/p>\n<p><em>&#8220;A Unilever Brasil Industrial Ltda. informa que recebeu a equipe da Anvisa em sua f\u00e1brica em Vinhedo (SP) para uma fiscaliza\u00e7\u00e3o na unidade de produtos de cuidados para roupas. A inspe\u00e7\u00e3o resultou em oportunidades de melhorias em processos de documenta\u00e7\u00e3o e controle, conforme publicado no Di\u00e1rio Oficial do dia 2\/9\/2026, relacionadas \u00e0s linhas de sab\u00e3o l\u00edquido para lavar roupas e amaciante l\u00edquido para roupas.<\/em><\/p>\n<p><em>Todos os produtos de cuidados para roupas fabricados na unidade, de todos os lotes, seguem liberados para comercializa\u00e7\u00e3o e uso pelos consumidores. Em nota publicada no site, a Anvisa diz que a avalia\u00e7\u00e3o \u201cn\u00e3o indicou contamina\u00e7\u00e3o microbiol\u00f3gica ou outros problemas sobre os lotes produzidos na f\u00e1brica. Por esse motivo, n\u00e3o foi determinada a suspens\u00e3o da comercializa\u00e7\u00e3o, da distribui\u00e7\u00e3o ou do uso dos produtos j\u00e1 fabricados e dispon\u00edveis no mercado, nem seu recolhimento.\u201d<\/em><\/p>\n<p><em>Por determina\u00e7\u00e3o da Anvisa, de forma preventiva, as linhas de fabrica\u00e7\u00e3o destes produtos foram temporariamente suspensas para implementa\u00e7\u00e3o das melhorias operacionais requeridas. Todas as a\u00e7\u00f5es foram prontamente iniciadas e j\u00e1 est\u00e3o sendo implementadas. As demais linhas de produ\u00e7\u00e3o da unidade seguem operando normalmente.<\/em><\/p>\n<p><em>A Unilever continua atuando em colabora\u00e7\u00e3o com a Anvisa e considera os apontamentos parte importante para a evolu\u00e7\u00e3o cont\u00ednua de seus processos produtivos e de todo o setor. A empresa reafirma seu compromisso inegoci\u00e1vel com o rigor de seus padr\u00f5es de qualidade em seus 96 anos de atua\u00e7\u00e3o no Brasil e reitera sua prioridade absoluta com a seguran\u00e7a dos consumidores.&#8221;<\/em><\/p>\n<h4><strong>Fiscaliza\u00e7\u00e3o<\/strong><\/h4>\n<p>A inspe\u00e7\u00e3o faz parte de uma s\u00e9rie de a\u00e7\u00f5es da Anvisa para verificar as condi\u00e7\u00f5es de fabrica\u00e7\u00e3o de produtos saneantes.<\/p>\n<p>Em 2026, a ag\u00eancia informou que j\u00e1 realizou sete inspe\u00e7\u00f5es em fabricantes do setor. Entre eles est\u00e3o quatro dos maiores fabricantes do Brasil.<\/p>\n<p>O objetivo \u00e9 verificar o cumprimento das regras de fabrica\u00e7\u00e3o e refor\u00e7ar a seguran\u00e7a dos produtos comercializados no pa\u00eds.<\/p>\n<p>A decis\u00e3o envolvendo a Unilever consta da <a href=\"https:\/\/www.in.gov.br\/web\/dou\/-\/resolucao-re-n-3.443-de-1-de-setembro-de-2026-729412771\" target=\"_blank\" rel=\"noopener\">Resolu\u00e7\u00e3o-RE n\u00ba 3.443\/2026, publicada no Di\u00e1rio Oficial da Uni\u00e3o<\/a>.<\/p>\n","protected":false},"excerpt":{"rendered":"<p>A Ag\u00eancia Nacional de Vigil\u00e2ncia Sanit\u00e1ria (Anvisa) suspendeu, de forma preventiva, a fabrica\u00e7\u00e3o de produtos de limpeza na unidade da Unilever localizada em Vinhedo (SP). A decis\u00e3o foi publicada nesta quarta-feira (2\/9) e envolve as linhas de sab\u00e3o l\u00edquido para lavar roupas e amaciante l\u00edquido para roupas. A medida foi tomada ap\u00f3s uma fiscaliza\u00e7\u00e3o realizada [&hellip;]<\/p>\n","protected":false},"author":1,"featured_media":60786,"comment_status":"open","ping_status":"open","sticky":false,"template":"","format":"standard","meta":{"tdm_status":"","tdm_grid_status":"","footnotes":""},"categories":[6],"tags":[15560,15567,158,13845,15564,33,15563,28,15561,15565,15559,15566,14944,515,1532,15562],"class_list":["post-60785","post","type-post","status-publish","format-standard","has-post-thumbnail","hentry","category-noticias","tag-amaciante-liquido","tag-amaciante-liquido-unilever","tag-anvisa","tag-boas-praticas-de-fabricacao","tag-bpf","tag-estrategia","tag-fabricacao-unilever","tag-marketing","tag-produtos-de-limpeza","tag-produtos-saneantes","tag-sabao-liquido","tag-sabao-liquido-unilever","tag-suspensao-anvisa","tag-unilever","tag-vigilancia-sanitaria","tag-vinhedo"],"yoast_head":"<!-- This site is optimized with the Yoast SEO plugin v28.4 - https:\/\/yoast.com\/product\/yoast-seo-wordpress\/ -->\n<title>Unilever tem fabrica\u00e7\u00e3o de sab\u00e3o l\u00edquido e amaciante suspensa pela Anvisa - CidadeMarketing<\/title>\n<meta name=\"description\" content=\"Anvisa suspende preventivamente a fabrica\u00e7\u00e3o de sab\u00e3o l\u00edquido e amaciante da Unilever em Vinhedo ap\u00f3s identificar falhas nas Boas Pr\u00e1ticas de Fabrica\u00e7\u00e3o.\" \/>\n<meta name=\"robots\" content=\"index, follow, max-snippet:-1, max-image-preview:large, max-video-preview:-1\" \/>\n<link rel=\"canonical\" href=\"https:\/\/www.cidademarketing.com.br\/marketing\/2026\/09\/02\/unilever-tem-fabricacao-de-sabao-liquido-e-amaciante-suspensa-pela-anvisa\/\" \/>\n<meta property=\"og:locale\" content=\"pt_BR\" \/>\n<meta property=\"og:type\" content=\"article\" \/>\n<meta property=\"og:title\" content=\"Unilever tem fabrica\u00e7\u00e3o de sab\u00e3o l\u00edquido e amaciante suspensa pela Anvisa - CidadeMarketing\" \/>\n<meta property=\"og:description\" content=\"Anvisa suspende preventivamente a fabrica\u00e7\u00e3o de sab\u00e3o l\u00edquido e amaciante da Unilever em Vinhedo ap\u00f3s identificar falhas nas Boas Pr\u00e1ticas de Fabrica\u00e7\u00e3o.\" \/>\n<meta property=\"og:url\" content=\"https:\/\/www.cidademarketing.com.br\/marketing\/2026\/09\/02\/unilever-tem-fabricacao-de-sabao-liquido-e-amaciante-suspensa-pela-anvisa\/\" \/>\n<meta property=\"og:site_name\" content=\"CidadeMarketing\" \/>\n<meta property=\"article:publisher\" content=\"https:\/\/www.facebook.com\/portalcidademarketing\" \/>\n<meta property=\"article:author\" content=\"https:\/\/www.facebook.com\/thalesbrandao\" \/>\n<meta property=\"article:published_time\" content=\"2026-09-02T17:44:13+00:00\" \/>\n<meta property=\"og:image\" content=\"https:\/\/www.cidademarketing.com.br\/marketing\/wp-content\/uploads\/2026\/09\/unilever.webp\" \/>\n\t<meta property=\"og:image:width\" content=\"960\" \/>\n\t<meta property=\"og:image:height\" content=\"960\" \/>\n\t<meta property=\"og:image:type\" content=\"image\/webp\" \/>\n<meta name=\"author\" content=\"Thales Brand\u00e3o\" \/>\n<meta name=\"twitter:card\" content=\"summary_large_image\" \/>\n<meta name=\"twitter:creator\" content=\"@http:\/\/www.twitter.com\/thalesbrandao\" \/>\n<meta name=\"twitter:site\" content=\"@CidadeMarketing\" \/>\n<meta name=\"twitter:label1\" content=\"Escrito por\" \/>\n\t<meta name=\"twitter:data1\" content=\"Thales Brand\u00e3o\" \/>\n\t<meta name=\"twitter:label2\" content=\"Est. tempo de leitura\" \/>\n\t<meta name=\"twitter:data2\" content=\"4 minutos\" \/>\n<script type=\"application\/ld+json\" class=\"yoast-schema-graph\">{\"@context\":\"https:\\\/\\\/schema.org\",\"@graph\":[{\"@type\":\"Article\",\"@id\":\"https:\\\/\\\/www.cidademarketing.com.br\\\/marketing\\\/2026\\\/09\\\/02\\\/unilever-tem-fabricacao-de-sabao-liquido-e-amaciante-suspensa-pela-anvisa\\\/#article\",\"isPartOf\":{\"@id\":\"https:\\\/\\\/www.cidademarketing.com.br\\\/marketing\\\/2026\\\/09\\\/02\\\/unilever-tem-fabricacao-de-sabao-liquido-e-amaciante-suspensa-pela-anvisa\\\/\"},\"author\":{\"name\":\"Thales Brand\u00e3o\",\"@id\":\"https:\\\/\\\/www.cidademarketing.com.br\\\/marketing\\\/#\\\/schema\\\/person\\\/02daff9f18bd9378c9e01eb6b2db155f\"},\"headline\":\"Unilever tem fabrica\u00e7\u00e3o de sab\u00e3o l\u00edquido e amaciante suspensa pela Anvisa\",\"datePublished\":\"2026-09-02T17:44:13+00:00\",\"mainEntityOfPage\":{\"@id\":\"https:\\\/\\\/www.cidademarketing.com.br\\\/marketing\\\/2026\\\/09\\\/02\\\/unilever-tem-fabricacao-de-sabao-liquido-e-amaciante-suspensa-pela-anvisa\\\/\"},\"wordCount\":663,\"commentCount\":0,\"publisher\":{\"@id\":\"https:\\\/\\\/www.cidademarketing.com.br\\\/marketing\\\/#organization\"},\"image\":{\"@id\":\"https:\\\/\\\/www.cidademarketing.com.br\\\/marketing\\\/2026\\\/09\\\/02\\\/unilever-tem-fabricacao-de-sabao-liquido-e-amaciante-suspensa-pela-anvisa\\\/#primaryimage\"},\"thumbnailUrl\":\"https:\\\/\\\/www.cidademarketing.com.br\\\/marketing\\\/wp-content\\\/uploads\\\/2026\\\/09\\\/unilever.webp\",\"keywords\":[\"amaciante l\u00edquido\",\"amaciante l\u00edquido Unilever\",\"Anvisa\",\"Boas Pr\u00e1ticas de Fabrica\u00e7\u00e3o\",\"BPF\",\"estrat\u00e9gia\",\"fabrica\u00e7\u00e3o Unilever\",\"marketing\",\"produtos de limpeza\",\"produtos saneantes\",\"sab\u00e3o l\u00edquido\",\"sab\u00e3o l\u00edquido Unilever\",\"suspens\u00e3o Anvisa\",\"Unilever\",\"Vigil\u00e2ncia Sanit\u00e1ria\",\"Vinhedo\"],\"articleSection\":[\"Not\u00edcias\"],\"inLanguage\":\"pt-BR\",\"potentialAction\":[{\"@type\":\"CommentAction\",\"name\":\"Comment\",\"target\":[\"https:\\\/\\\/www.cidademarketing.com.br\\\/marketing\\\/2026\\\/09\\\/02\\\/unilever-tem-fabricacao-de-sabao-liquido-e-amaciante-suspensa-pela-anvisa\\\/#respond\"]}]},{\"@type\":\"WebPage\",\"@id\":\"https:\\\/\\\/www.cidademarketing.com.br\\\/marketing\\\/2026\\\/09\\\/02\\\/unilever-tem-fabricacao-de-sabao-liquido-e-amaciante-suspensa-pela-anvisa\\\/\",\"url\":\"https:\\\/\\\/www.cidademarketing.com.br\\\/marketing\\\/2026\\\/09\\\/02\\\/unilever-tem-fabricacao-de-sabao-liquido-e-amaciante-suspensa-pela-anvisa\\\/\",\"name\":\"Unilever tem fabrica\u00e7\u00e3o de sab\u00e3o l\u00edquido e amaciante suspensa pela Anvisa - CidadeMarketing\",\"isPartOf\":{\"@id\":\"https:\\\/\\\/www.cidademarketing.com.br\\\/marketing\\\/#website\"},\"primaryImageOfPage\":{\"@id\":\"https:\\\/\\\/www.cidademarketing.com.br\\\/marketing\\\/2026\\\/09\\\/02\\\/unilever-tem-fabricacao-de-sabao-liquido-e-amaciante-suspensa-pela-anvisa\\\/#primaryimage\"},\"image\":{\"@id\":\"https:\\\/\\\/www.cidademarketing.com.br\\\/marketing\\\/2026\\\/09\\\/02\\\/unilever-tem-fabricacao-de-sabao-liquido-e-amaciante-suspensa-pela-anvisa\\\/#primaryimage\"},\"thumbnailUrl\":\"https:\\\/\\\/www.cidademarketing.com.br\\\/marketing\\\/wp-content\\\/uploads\\\/2026\\\/09\\\/unilever.webp\",\"datePublished\":\"2026-09-02T17:44:13+00:00\",\"description\":\"Anvisa suspende preventivamente a fabrica\u00e7\u00e3o de sab\u00e3o l\u00edquido e amaciante da Unilever em Vinhedo ap\u00f3s identificar falhas nas Boas Pr\u00e1ticas de Fabrica\u00e7\u00e3o.\",\"breadcrumb\":{\"@id\":\"https:\\\/\\\/www.cidademarketing.com.br\\\/marketing\\\/2026\\\/09\\\/02\\\/unilever-tem-fabricacao-de-sabao-liquido-e-amaciante-suspensa-pela-anvisa\\\/#breadcrumb\"},\"inLanguage\":\"pt-BR\",\"potentialAction\":[{\"@type\":\"ReadAction\",\"target\":[\"https:\\\/\\\/www.cidademarketing.com.br\\\/marketing\\\/2026\\\/09\\\/02\\\/unilever-tem-fabricacao-de-sabao-liquido-e-amaciante-suspensa-pela-anvisa\\\/\"]}]},{\"@type\":\"ImageObject\",\"inLanguage\":\"pt-BR\",\"@id\":\"https:\\\/\\\/www.cidademarketing.com.br\\\/marketing\\\/2026\\\/09\\\/02\\\/unilever-tem-fabricacao-de-sabao-liquido-e-amaciante-suspensa-pela-anvisa\\\/#primaryimage\",\"url\":\"https:\\\/\\\/www.cidademarketing.com.br\\\/marketing\\\/wp-content\\\/uploads\\\/2026\\\/09\\\/unilever.webp\",\"contentUrl\":\"https:\\\/\\\/www.cidademarketing.com.br\\\/marketing\\\/wp-content\\\/uploads\\\/2026\\\/09\\\/unilever.webp\",\"width\":960,\"height\":960},{\"@type\":\"BreadcrumbList\",\"@id\":\"https:\\\/\\\/www.cidademarketing.com.br\\\/marketing\\\/2026\\\/09\\\/02\\\/unilever-tem-fabricacao-de-sabao-liquido-e-amaciante-suspensa-pela-anvisa\\\/#breadcrumb\",\"itemListElement\":[{\"@type\":\"ListItem\",\"position\":1,\"name\":\"In\u00edcio\",\"item\":\"https:\\\/\\\/www.cidademarketing.com.br\\\/marketing\\\/\"},{\"@type\":\"ListItem\",\"position\":2,\"name\":\"Unilever tem fabrica\u00e7\u00e3o de sab\u00e3o l\u00edquido e amaciante suspensa pela Anvisa\"}]},{\"@type\":\"WebSite\",\"@id\":\"https:\\\/\\\/www.cidademarketing.com.br\\\/marketing\\\/#website\",\"url\":\"https:\\\/\\\/www.cidademarketing.com.br\\\/marketing\\\/\",\"name\":\"CidadeMarketing\",\"description\":\"Somos um ve\u00edculo de comunica\u00e7\u00e3o de destaque no Brasil, reconhecido por conte\u00fados nos segmentos de marketing, empreendedorismo e inova\u00e7\u00e3o.\",\"publisher\":{\"@id\":\"https:\\\/\\\/www.cidademarketing.com.br\\\/marketing\\\/#organization\"},\"alternateName\":\"CidadeMarketing\",\"potentialAction\":[{\"@type\":\"SearchAction\",\"target\":{\"@type\":\"EntryPoint\",\"urlTemplate\":\"https:\\\/\\\/www.cidademarketing.com.br\\\/marketing\\\/?s={search_term_string}\"},\"query-input\":{\"@type\":\"PropertyValueSpecification\",\"valueRequired\":true,\"valueName\":\"search_term_string\"}}],\"inLanguage\":\"pt-BR\"},{\"@type\":\"Organization\",\"@id\":\"https:\\\/\\\/www.cidademarketing.com.br\\\/marketing\\\/#organization\",\"name\":\"CidadeMarketing\",\"alternateName\":\"CidadeMarketing\",\"url\":\"https:\\\/\\\/www.cidademarketing.com.br\\\/marketing\\\/\",\"logo\":{\"@type\":\"ImageObject\",\"inLanguage\":\"pt-BR\",\"@id\":\"https:\\\/\\\/www.cidademarketing.com.br\\\/marketing\\\/#\\\/schema\\\/logo\\\/image\\\/\",\"url\":\"https:\\\/\\\/www.cidademarketing.com.br\\\/marketing\\\/wp-content\\\/uploads\\\/2020\\\/01\\\/cidademarketing_marca_mobile.png\",\"contentUrl\":\"https:\\\/\\\/www.cidademarketing.com.br\\\/marketing\\\/wp-content\\\/uploads\\\/2020\\\/01\\\/cidademarketing_marca_mobile.png\",\"width\":230,\"height\":92,\"caption\":\"CidadeMarketing\"},\"image\":{\"@id\":\"https:\\\/\\\/www.cidademarketing.com.br\\\/marketing\\\/#\\\/schema\\\/logo\\\/image\\\/\"},\"sameAs\":[\"https:\\\/\\\/www.facebook.com\\\/portalcidademarketing\",\"https:\\\/\\\/x.com\\\/CidadeMarketing\",\"https:\\\/\\\/www.instagram.com\\\/cidademarketing\\\/\"]},{\"@type\":\"Person\",\"@id\":\"https:\\\/\\\/www.cidademarketing.com.br\\\/marketing\\\/#\\\/schema\\\/person\\\/02daff9f18bd9378c9e01eb6b2db155f\",\"name\":\"Thales Brand\u00e3o\",\"image\":{\"@type\":\"ImageObject\",\"inLanguage\":\"pt-BR\",\"@id\":\"https:\\\/\\\/secure.gravatar.com\\\/avatar\\\/7ca3206950207cc3cb48feec56a8a7898741ab725c368d99d5d7a5a50aab80c6?s=96&d=mm&r=g\",\"url\":\"https:\\\/\\\/secure.gravatar.com\\\/avatar\\\/7ca3206950207cc3cb48feec56a8a7898741ab725c368d99d5d7a5a50aab80c6?s=96&d=mm&r=g\",\"contentUrl\":\"https:\\\/\\\/secure.gravatar.com\\\/avatar\\\/7ca3206950207cc3cb48feec56a8a7898741ab725c368d99d5d7a5a50aab80c6?s=96&d=mm&r=g\",\"caption\":\"Thales Brand\u00e3o\"},\"description\":\"Editor Executivo do Portal CidadeMarketing.com.br &gt; Mestre em Comunica\u00e7\u00e3o e Sociedade pela Universidade Federal de Sergipe. Possui MBA Executivo em Administra\u00e7\u00e3o com \u00eanfase em Marketing pela Funda\u00e7\u00e3o Get\u00falio Vargas - Rio de Janeiro. Consultor, Palestrante e Pesquisador sobre Empreendedorismo, Marketing, Redes Sociais e Neg\u00f3cios Digitais. Professor, Palestrante TedxTalks e Campus Party. Twitter: @ThalesBrandao\",\"sameAs\":[\"http:\\\/\\\/www.mandacaru.com.br\",\"https:\\\/\\\/www.facebook.com\\\/thalesbrandao\",\"http:\\\/\\\/www.instagram.com.br\\\/thalesbrandaoferreira\",\"https:\\\/\\\/www.linkedin.com\\\/in\\\/thales-brand\u00e3o-3948609\\\/\",\"https:\\\/\\\/x.com\\\/http:\\\/\\\/www.twitter.com\\\/thalesbrandao\"],\"url\":\"https:\\\/\\\/www.cidademarketing.com.br\\\/marketing\\\/author\\\/thalesbrandao\\\/\"}]}<\/script>\n<!-- \/ Yoast SEO plugin. -->","yoast_head_json":{"title":"Unilever tem fabrica\u00e7\u00e3o de sab\u00e3o l\u00edquido e amaciante suspensa pela Anvisa - CidadeMarketing","description":"Anvisa suspende preventivamente a fabrica\u00e7\u00e3o de sab\u00e3o l\u00edquido e amaciante da Unilever em Vinhedo ap\u00f3s identificar falhas nas Boas Pr\u00e1ticas de Fabrica\u00e7\u00e3o.","robots":{"index":"index","follow":"follow","max-snippet":"max-snippet:-1","max-image-preview":"max-image-preview:large","max-video-preview":"max-video-preview:-1"},"canonical":"https:\/\/www.cidademarketing.com.br\/marketing\/2026\/09\/02\/unilever-tem-fabricacao-de-sabao-liquido-e-amaciante-suspensa-pela-anvisa\/","og_locale":"pt_BR","og_type":"article","og_title":"Unilever tem fabrica\u00e7\u00e3o de sab\u00e3o l\u00edquido e amaciante suspensa pela Anvisa - CidadeMarketing","og_description":"Anvisa suspende preventivamente a fabrica\u00e7\u00e3o de sab\u00e3o l\u00edquido e amaciante da Unilever em Vinhedo ap\u00f3s identificar falhas nas Boas Pr\u00e1ticas de Fabrica\u00e7\u00e3o.","og_url":"https:\/\/www.cidademarketing.com.br\/marketing\/2026\/09\/02\/unilever-tem-fabricacao-de-sabao-liquido-e-amaciante-suspensa-pela-anvisa\/","og_site_name":"CidadeMarketing","article_publisher":"https:\/\/www.facebook.com\/portalcidademarketing","article_author":"https:\/\/www.facebook.com\/thalesbrandao","article_published_time":"2026-09-02T17:44:13+00:00","og_image":[{"width":960,"height":960,"url":"https:\/\/www.cidademarketing.com.br\/marketing\/wp-content\/uploads\/2026\/09\/unilever.webp","type":"image\/webp"}],"author":"Thales Brand\u00e3o","twitter_card":"summary_large_image","twitter_creator":"@http:\/\/www.twitter.com\/thalesbrandao","twitter_site":"@CidadeMarketing","twitter_misc":{"Escrito por":"Thales Brand\u00e3o","Est. tempo de leitura":"4 minutos"},"schema":{"@context":"https:\/\/schema.org","@graph":[{"@type":"Article","@id":"https:\/\/www.cidademarketing.com.br\/marketing\/2026\/09\/02\/unilever-tem-fabricacao-de-sabao-liquido-e-amaciante-suspensa-pela-anvisa\/#article","isPartOf":{"@id":"https:\/\/www.cidademarketing.com.br\/marketing\/2026\/09\/02\/unilever-tem-fabricacao-de-sabao-liquido-e-amaciante-suspensa-pela-anvisa\/"},"author":{"name":"Thales Brand\u00e3o","@id":"https:\/\/www.cidademarketing.com.br\/marketing\/#\/schema\/person\/02daff9f18bd9378c9e01eb6b2db155f"},"headline":"Unilever tem fabrica\u00e7\u00e3o de sab\u00e3o l\u00edquido e amaciante suspensa pela Anvisa","datePublished":"2026-09-02T17:44:13+00:00","mainEntityOfPage":{"@id":"https:\/\/www.cidademarketing.com.br\/marketing\/2026\/09\/02\/unilever-tem-fabricacao-de-sabao-liquido-e-amaciante-suspensa-pela-anvisa\/"},"wordCount":663,"commentCount":0,"publisher":{"@id":"https:\/\/www.cidademarketing.com.br\/marketing\/#organization"},"image":{"@id":"https:\/\/www.cidademarketing.com.br\/marketing\/2026\/09\/02\/unilever-tem-fabricacao-de-sabao-liquido-e-amaciante-suspensa-pela-anvisa\/#primaryimage"},"thumbnailUrl":"https:\/\/www.cidademarketing.com.br\/marketing\/wp-content\/uploads\/2026\/09\/unilever.webp","keywords":["amaciante l\u00edquido","amaciante l\u00edquido Unilever","Anvisa","Boas Pr\u00e1ticas de Fabrica\u00e7\u00e3o","BPF","estrat\u00e9gia","fabrica\u00e7\u00e3o Unilever","marketing","produtos de limpeza","produtos saneantes","sab\u00e3o l\u00edquido","sab\u00e3o l\u00edquido Unilever","suspens\u00e3o Anvisa","Unilever","Vigil\u00e2ncia Sanit\u00e1ria","Vinhedo"],"articleSection":["Not\u00edcias"],"inLanguage":"pt-BR","potentialAction":[{"@type":"CommentAction","name":"Comment","target":["https:\/\/www.cidademarketing.com.br\/marketing\/2026\/09\/02\/unilever-tem-fabricacao-de-sabao-liquido-e-amaciante-suspensa-pela-anvisa\/#respond"]}]},{"@type":"WebPage","@id":"https:\/\/www.cidademarketing.com.br\/marketing\/2026\/09\/02\/unilever-tem-fabricacao-de-sabao-liquido-e-amaciante-suspensa-pela-anvisa\/","url":"https:\/\/www.cidademarketing.com.br\/marketing\/2026\/09\/02\/unilever-tem-fabricacao-de-sabao-liquido-e-amaciante-suspensa-pela-anvisa\/","name":"Unilever tem fabrica\u00e7\u00e3o de sab\u00e3o l\u00edquido e amaciante suspensa pela Anvisa - CidadeMarketing","isPartOf":{"@id":"https:\/\/www.cidademarketing.com.br\/marketing\/#website"},"primaryImageOfPage":{"@id":"https:\/\/www.cidademarketing.com.br\/marketing\/2026\/09\/02\/unilever-tem-fabricacao-de-sabao-liquido-e-amaciante-suspensa-pela-anvisa\/#primaryimage"},"image":{"@id":"https:\/\/www.cidademarketing.com.br\/marketing\/2026\/09\/02\/unilever-tem-fabricacao-de-sabao-liquido-e-amaciante-suspensa-pela-anvisa\/#primaryimage"},"thumbnailUrl":"https:\/\/www.cidademarketing.com.br\/marketing\/wp-content\/uploads\/2026\/09\/unilever.webp","datePublished":"2026-09-02T17:44:13+00:00","description":"Anvisa suspende preventivamente a fabrica\u00e7\u00e3o de sab\u00e3o l\u00edquido e amaciante da Unilever em Vinhedo ap\u00f3s identificar falhas nas Boas Pr\u00e1ticas de Fabrica\u00e7\u00e3o.","breadcrumb":{"@id":"https:\/\/www.cidademarketing.com.br\/marketing\/2026\/09\/02\/unilever-tem-fabricacao-de-sabao-liquido-e-amaciante-suspensa-pela-anvisa\/#breadcrumb"},"inLanguage":"pt-BR","potentialAction":[{"@type":"ReadAction","target":["https:\/\/www.cidademarketing.com.br\/marketing\/2026\/09\/02\/unilever-tem-fabricacao-de-sabao-liquido-e-amaciante-suspensa-pela-anvisa\/"]}]},{"@type":"ImageObject","inLanguage":"pt-BR","@id":"https:\/\/www.cidademarketing.com.br\/marketing\/2026\/09\/02\/unilever-tem-fabricacao-de-sabao-liquido-e-amaciante-suspensa-pela-anvisa\/#primaryimage","url":"https:\/\/www.cidademarketing.com.br\/marketing\/wp-content\/uploads\/2026\/09\/unilever.webp","contentUrl":"https:\/\/www.cidademarketing.com.br\/marketing\/wp-content\/uploads\/2026\/09\/unilever.webp","width":960,"height":960},{"@type":"BreadcrumbList","@id":"https:\/\/www.cidademarketing.com.br\/marketing\/2026\/09\/02\/unilever-tem-fabricacao-de-sabao-liquido-e-amaciante-suspensa-pela-anvisa\/#breadcrumb","itemListElement":[{"@type":"ListItem","position":1,"name":"In\u00edcio","item":"https:\/\/www.cidademarketing.com.br\/marketing\/"},{"@type":"ListItem","position":2,"name":"Unilever tem fabrica\u00e7\u00e3o de sab\u00e3o l\u00edquido e amaciante suspensa pela Anvisa"}]},{"@type":"WebSite","@id":"https:\/\/www.cidademarketing.com.br\/marketing\/#website","url":"https:\/\/www.cidademarketing.com.br\/marketing\/","name":"CidadeMarketing","description":"Somos um ve\u00edculo de comunica\u00e7\u00e3o de destaque no Brasil, reconhecido por conte\u00fados nos segmentos de marketing, empreendedorismo e inova\u00e7\u00e3o.","publisher":{"@id":"https:\/\/www.cidademarketing.com.br\/marketing\/#organization"},"alternateName":"CidadeMarketing","potentialAction":[{"@type":"SearchAction","target":{"@type":"EntryPoint","urlTemplate":"https:\/\/www.cidademarketing.com.br\/marketing\/?s={search_term_string}"},"query-input":{"@type":"PropertyValueSpecification","valueRequired":true,"valueName":"search_term_string"}}],"inLanguage":"pt-BR"},{"@type":"Organization","@id":"https:\/\/www.cidademarketing.com.br\/marketing\/#organization","name":"CidadeMarketing","alternateName":"CidadeMarketing","url":"https:\/\/www.cidademarketing.com.br\/marketing\/","logo":{"@type":"ImageObject","inLanguage":"pt-BR","@id":"https:\/\/www.cidademarketing.com.br\/marketing\/#\/schema\/logo\/image\/","url":"https:\/\/www.cidademarketing.com.br\/marketing\/wp-content\/uploads\/2020\/01\/cidademarketing_marca_mobile.png","contentUrl":"https:\/\/www.cidademarketing.com.br\/marketing\/wp-content\/uploads\/2020\/01\/cidademarketing_marca_mobile.png","width":230,"height":92,"caption":"CidadeMarketing"},"image":{"@id":"https:\/\/www.cidademarketing.com.br\/marketing\/#\/schema\/logo\/image\/"},"sameAs":["https:\/\/www.facebook.com\/portalcidademarketing","https:\/\/x.com\/CidadeMarketing","https:\/\/www.instagram.com\/cidademarketing\/"]},{"@type":"Person","@id":"https:\/\/www.cidademarketing.com.br\/marketing\/#\/schema\/person\/02daff9f18bd9378c9e01eb6b2db155f","name":"Thales Brand\u00e3o","image":{"@type":"ImageObject","inLanguage":"pt-BR","@id":"https:\/\/secure.gravatar.com\/avatar\/7ca3206950207cc3cb48feec56a8a7898741ab725c368d99d5d7a5a50aab80c6?s=96&d=mm&r=g","url":"https:\/\/secure.gravatar.com\/avatar\/7ca3206950207cc3cb48feec56a8a7898741ab725c368d99d5d7a5a50aab80c6?s=96&d=mm&r=g","contentUrl":"https:\/\/secure.gravatar.com\/avatar\/7ca3206950207cc3cb48feec56a8a7898741ab725c368d99d5d7a5a50aab80c6?s=96&d=mm&r=g","caption":"Thales Brand\u00e3o"},"description":"Editor Executivo do Portal CidadeMarketing.com.br &gt; Mestre em Comunica\u00e7\u00e3o e Sociedade pela Universidade Federal de Sergipe. Possui MBA Executivo em Administra\u00e7\u00e3o com \u00eanfase em Marketing pela Funda\u00e7\u00e3o Get\u00falio Vargas - Rio de Janeiro. Consultor, Palestrante e Pesquisador sobre Empreendedorismo, Marketing, Redes Sociais e Neg\u00f3cios Digitais. Professor, Palestrante TedxTalks e Campus Party. Twitter: @ThalesBrandao","sameAs":["http:\/\/www.mandacaru.com.br","https:\/\/www.facebook.com\/thalesbrandao","http:\/\/www.instagram.com.br\/thalesbrandaoferreira","https:\/\/www.linkedin.com\/in\/thales-brand\u00e3o-3948609\/","https:\/\/x.com\/http:\/\/www.twitter.com\/thalesbrandao"],"url":"https:\/\/www.cidademarketing.com.br\/marketing\/author\/thalesbrandao\/"}]}},"amp_enabled":true,"_links":{"self":[{"href":"https:\/\/www.cidademarketing.com.br\/marketing\/wp-json\/wp\/v2\/posts\/60785","targetHints":{"allow":["GET"]}}],"collection":[{"href":"https:\/\/www.cidademarketing.com.br\/marketing\/wp-json\/wp\/v2\/posts"}],"about":[{"href":"https:\/\/www.cidademarketing.com.br\/marketing\/wp-json\/wp\/v2\/types\/post"}],"author":[{"embeddable":true,"href":"https:\/\/www.cidademarketing.com.br\/marketing\/wp-json\/wp\/v2\/users\/1"}],"replies":[{"embeddable":true,"href":"https:\/\/www.cidademarketing.com.br\/marketing\/wp-json\/wp\/v2\/comments?post=60785"}],"version-history":[{"count":1,"href":"https:\/\/www.cidademarketing.com.br\/marketing\/wp-json\/wp\/v2\/posts\/60785\/revisions"}],"predecessor-version":[{"id":60787,"href":"https:\/\/www.cidademarketing.com.br\/marketing\/wp-json\/wp\/v2\/posts\/60785\/revisions\/60787"}],"wp:featuredmedia":[{"embeddable":true,"href":"https:\/\/www.cidademarketing.com.br\/marketing\/wp-json\/wp\/v2\/media\/60786"}],"wp:attachment":[{"href":"https:\/\/www.cidademarketing.com.br\/marketing\/wp-json\/wp\/v2\/media?parent=60785"}],"wp:term":[{"taxonomy":"category","embeddable":true,"href":"https:\/\/www.cidademarketing.com.br\/marketing\/wp-json\/wp\/v2\/categories?post=60785"},{"taxonomy":"post_tag","embeddable":true,"href":"https:\/\/www.cidademarketing.com.br\/marketing\/wp-json\/wp\/v2\/tags?post=60785"}],"curies":[{"name":"wp","href":"https:\/\/api.w.org\/{rel}","templated":true}]}}