{"id":6067,"date":"2019-02-07T10:35:10","date_gmt":"2019-02-07T12:35:10","guid":{"rendered":"http:\/\/www.cidademarketing.com.br\/marketing\/?p=6067"},"modified":"2019-02-07T10:43:33","modified_gmt":"2019-02-07T12:43:33","slug":"inflacao-para-familias-com-renda-entre-1-e-25-salarios-minimos-avanca-em-janeiro","status":"publish","type":"post","link":"https:\/\/www.cidademarketing.com.br\/marketing\/2019\/02\/07\/inflacao-para-familias-com-renda-entre-1-e-25-salarios-minimos-avanca-em-janeiro\/","title":{"rendered":"Infla\u00e7\u00e3o para fam\u00edlias com renda entre 1 e 2,5 sal\u00e1rios m\u00ednimos avan\u00e7a em janeiro"},"content":{"rendered":"\n<p>O&nbsp;<strong>\u00cdndice de Pre\u00e7os ao Consumidor &#8211; Classe 1<\/strong>&nbsp;(IPC-C1) de janeiro subiu 0,61%, ficando 0,29 ponto percentual (p.p.) acima de dezembro, quando o \u00edndice registrou taxa de 0,32%. Com o resultado, o indicador, divulgado pelo Instituto Brasileiro de Economia (FGV IBRE) acumula alta de 4,29% nos \u00faltimos 12 meses.<\/p>\n\n\n\n<p>Em janeiro, o IPC-BR subiu 0,57%. A taxa do indicador nos \u00faltimos 12 meses ficou em 4,19%, n\u00edvel abaixo do registrado pelo IPC-C1.<\/p>\n\n\n\n<p>Nesta apura\u00e7\u00e3o,&nbsp;<strong>seis das oito classes de despesa componentes do \u00edndice apresentaram acr\u00e9scimo em suas taxas de varia\u00e7\u00e3o<\/strong>: Transportes (-0,52% para 1,84%), Educa\u00e7\u00e3o, Leitura e Recrea\u00e7\u00e3o (0,66% para 2,00%), Habita\u00e7\u00e3o (0,10% para 0,19%), Alimenta\u00e7\u00e3o (0,83% para 0,84%), Despesas Diversas (0,09% para 0,27%) e Comunica\u00e7\u00e3o (-0,02% para 0,01%). Nestes grupos, vale destacar o comportamento dos itens: tarifa de \u00f4nibus urbano (-0,32% para 3,87%), cursos formais (0,00% para 6,40%), tarifa de eletricidade residencial (-1,05% para 0,12%), latic\u00ednios (-3,19% para 1,88%), cart\u00f3rio (-0,01% para 4,65%) e pacotes de telefonia fixa e internet (0,00% para 0,51%).<\/p>\n\n\n\n<p>Em contrapartida, os grupos Vestu\u00e1rio (0,70% para -0,56%) e Sa\u00fade e Cuidados Pessoais (0,29% para -0,02%), apresentaram recuo em suas taxas de varia\u00e7\u00e3o. Nestas classes de despesa, destacam-se os itens roupas (0,87% para -0,65%) e artigos de higiene e cuidado pessoal (0,36% para -0,54%).<\/p>\n\n\n\n<p>O estudo completo est\u00e1&nbsp;<strong><a href=\"https:\/\/portalibre.fgv.br\/navegacao-superior\/noticias\/noticias-1295.htm?utm_source=portal-fgv&amp;utm_medium=fgvnoticias&amp;utm_campaign=fgvnoticias-2019-02-06&amp;utm_content=noticia-IPC-C1\" target=\"_blank\" rel=\"noreferrer noopener\">dispon\u00edvel no site<\/a><\/strong>.<\/p>\n","protected":false},"excerpt":{"rendered":"<p>O&nbsp;\u00cdndice de Pre\u00e7os ao Consumidor &#8211; Classe 1&nbsp;(IPC-C1) de janeiro subiu 0,61%, ficando 0,29 ponto percentual (p.p.) acima de dezembro, quando o \u00edndice registrou taxa de 0,32%. Com o resultado, o indicador, divulgado pelo Instituto Brasileiro de Economia (FGV IBRE) acumula alta de 4,29% nos \u00faltimos 12 meses. Em janeiro, o IPC-BR subiu 0,57%. A [&hellip;]<\/p>\n","protected":false},"author":1,"featured_media":1325,"comment_status":"open","ping_status":"open","sticky":false,"template":"","format":"standard","meta":{"tdm_status":"","tdm_grid_status":"","footnotes":""},"categories":[6],"tags":[299,28,141],"class_list":["post-6067","post","type-post","status-publish","format-standard","has-post-thumbnail","hentry","category-noticias","tag-fgv","tag-marketing","tag-pesquisa"],"yoast_head":"<!-- This site is optimized with the Yoast SEO plugin v27.5 - https:\/\/yoast.com\/product\/yoast-seo-wordpress\/ -->\n<title>Infla\u00e7\u00e3o para fam\u00edlias com renda entre 1 e 2,5 sal\u00e1rios m\u00ednimos avan\u00e7a em janeiro - CidadeMarketing<\/title>\n<meta name=\"robots\" content=\"index, follow, max-snippet:-1, max-image-preview:large, max-video-preview:-1\" \/>\n<link rel=\"canonical\" href=\"https:\/\/www.cidademarketing.com.br\/marketing\/2019\/02\/07\/inflacao-para-familias-com-renda-entre-1-e-25-salarios-minimos-avanca-em-janeiro\/\" \/>\n<meta property=\"og:locale\" content=\"pt_BR\" \/>\n<meta property=\"og:type\" content=\"article\" \/>\n<meta property=\"og:title\" content=\"Infla\u00e7\u00e3o para fam\u00edlias com renda entre 1 e 2,5 sal\u00e1rios m\u00ednimos avan\u00e7a em janeiro - CidadeMarketing\" \/>\n<meta property=\"og:description\" content=\"O&nbsp;\u00cdndice de Pre\u00e7os ao Consumidor &#8211; Classe 1&nbsp;(IPC-C1) de janeiro subiu 0,61%, ficando 0,29 ponto percentual (p.p.) acima de dezembro, quando o \u00edndice registrou taxa de 0,32%. Com o resultado, o indicador, divulgado pelo Instituto Brasileiro de Economia (FGV IBRE) acumula alta de 4,29% nos \u00faltimos 12 meses. Em janeiro, o IPC-BR subiu 0,57%. A [&hellip;]\" \/>\n<meta property=\"og:url\" content=\"https:\/\/www.cidademarketing.com.br\/marketing\/2019\/02\/07\/inflacao-para-familias-com-renda-entre-1-e-25-salarios-minimos-avanca-em-janeiro\/\" \/>\n<meta property=\"og:site_name\" content=\"CidadeMarketing\" \/>\n<meta property=\"article:publisher\" content=\"https:\/\/www.facebook.com\/portalcidademarketing\" \/>\n<meta property=\"article:author\" content=\"https:\/\/www.facebook.com\/thalesbrandao\" \/>\n<meta property=\"article:published_time\" content=\"2019-02-07T12:35:10+00:00\" \/>\n<meta property=\"article:modified_time\" content=\"2019-02-07T12:43:33+00:00\" \/>\n<meta property=\"og:image\" content=\"https:\/\/www.cidademarketing.com.br\/marketing\/wp-content\/uploads\/2018\/07\/fgv_marca.jpg\" \/>\n\t<meta property=\"og:image:width\" content=\"1140\" \/>\n\t<meta property=\"og:image:height\" content=\"660\" \/>\n\t<meta property=\"og:image:type\" content=\"image\/jpeg\" \/>\n<meta name=\"author\" content=\"Thales Brand\u00e3o\" \/>\n<meta name=\"twitter:card\" content=\"summary_large_image\" \/>\n<meta name=\"twitter:creator\" content=\"@http:\/\/www.twitter.com\/thalesbrandao\" \/>\n<meta name=\"twitter:site\" content=\"@CidadeMarketing\" \/>\n<meta name=\"twitter:label1\" content=\"Escrito por\" \/>\n\t<meta name=\"twitter:data1\" content=\"Thales Brand\u00e3o\" \/>\n\t<meta name=\"twitter:label2\" content=\"Est. tempo de leitura\" \/>\n\t<meta name=\"twitter:data2\" content=\"1 minuto\" \/>\n<script type=\"application\/ld+json\" class=\"yoast-schema-graph\">{\"@context\":\"https:\\\/\\\/schema.org\",\"@graph\":[{\"@type\":\"Article\",\"@id\":\"https:\\\/\\\/www.cidademarketing.com.br\\\/marketing\\\/2019\\\/02\\\/07\\\/inflacao-para-familias-com-renda-entre-1-e-25-salarios-minimos-avanca-em-janeiro\\\/#article\",\"isPartOf\":{\"@id\":\"https:\\\/\\\/www.cidademarketing.com.br\\\/marketing\\\/2019\\\/02\\\/07\\\/inflacao-para-familias-com-renda-entre-1-e-25-salarios-minimos-avanca-em-janeiro\\\/\"},\"author\":{\"name\":\"Thales Brand\u00e3o\",\"@id\":\"https:\\\/\\\/www.cidademarketing.com.br\\\/marketing\\\/#\\\/schema\\\/person\\\/02daff9f18bd9378c9e01eb6b2db155f\"},\"headline\":\"Infla\u00e7\u00e3o para fam\u00edlias com renda entre 1 e 2,5 sal\u00e1rios m\u00ednimos avan\u00e7a em janeiro\",\"datePublished\":\"2019-02-07T12:35:10+00:00\",\"dateModified\":\"2019-02-07T12:43:33+00:00\",\"mainEntityOfPage\":{\"@id\":\"https:\\\/\\\/www.cidademarketing.com.br\\\/marketing\\\/2019\\\/02\\\/07\\\/inflacao-para-familias-com-renda-entre-1-e-25-salarios-minimos-avanca-em-janeiro\\\/\"},\"wordCount\":223,\"commentCount\":0,\"publisher\":{\"@id\":\"https:\\\/\\\/www.cidademarketing.com.br\\\/marketing\\\/#organization\"},\"image\":{\"@id\":\"https:\\\/\\\/www.cidademarketing.com.br\\\/marketing\\\/2019\\\/02\\\/07\\\/inflacao-para-familias-com-renda-entre-1-e-25-salarios-minimos-avanca-em-janeiro\\\/#primaryimage\"},\"thumbnailUrl\":\"https:\\\/\\\/www.cidademarketing.com.br\\\/marketing\\\/wp-content\\\/uploads\\\/2018\\\/07\\\/fgv_marca.jpg\",\"keywords\":[\"FGV\",\"marketing\",\"pesquisa\"],\"articleSection\":[\"Not\u00edcias\"],\"inLanguage\":\"pt-BR\",\"potentialAction\":[{\"@type\":\"CommentAction\",\"name\":\"Comment\",\"target\":[\"https:\\\/\\\/www.cidademarketing.com.br\\\/marketing\\\/2019\\\/02\\\/07\\\/inflacao-para-familias-com-renda-entre-1-e-25-salarios-minimos-avanca-em-janeiro\\\/#respond\"]}]},{\"@type\":\"WebPage\",\"@id\":\"https:\\\/\\\/www.cidademarketing.com.br\\\/marketing\\\/2019\\\/02\\\/07\\\/inflacao-para-familias-com-renda-entre-1-e-25-salarios-minimos-avanca-em-janeiro\\\/\",\"url\":\"https:\\\/\\\/www.cidademarketing.com.br\\\/marketing\\\/2019\\\/02\\\/07\\\/inflacao-para-familias-com-renda-entre-1-e-25-salarios-minimos-avanca-em-janeiro\\\/\",\"name\":\"Infla\u00e7\u00e3o para fam\u00edlias com renda entre 1 e 2,5 sal\u00e1rios m\u00ednimos avan\u00e7a em janeiro - CidadeMarketing\",\"isPartOf\":{\"@id\":\"https:\\\/\\\/www.cidademarketing.com.br\\\/marketing\\\/#website\"},\"primaryImageOfPage\":{\"@id\":\"https:\\\/\\\/www.cidademarketing.com.br\\\/marketing\\\/2019\\\/02\\\/07\\\/inflacao-para-familias-com-renda-entre-1-e-25-salarios-minimos-avanca-em-janeiro\\\/#primaryimage\"},\"image\":{\"@id\":\"https:\\\/\\\/www.cidademarketing.com.br\\\/marketing\\\/2019\\\/02\\\/07\\\/inflacao-para-familias-com-renda-entre-1-e-25-salarios-minimos-avanca-em-janeiro\\\/#primaryimage\"},\"thumbnailUrl\":\"https:\\\/\\\/www.cidademarketing.com.br\\\/marketing\\\/wp-content\\\/uploads\\\/2018\\\/07\\\/fgv_marca.jpg\",\"datePublished\":\"2019-02-07T12:35:10+00:00\",\"dateModified\":\"2019-02-07T12:43:33+00:00\",\"breadcrumb\":{\"@id\":\"https:\\\/\\\/www.cidademarketing.com.br\\\/marketing\\\/2019\\\/02\\\/07\\\/inflacao-para-familias-com-renda-entre-1-e-25-salarios-minimos-avanca-em-janeiro\\\/#breadcrumb\"},\"inLanguage\":\"pt-BR\",\"potentialAction\":[{\"@type\":\"ReadAction\",\"target\":[\"https:\\\/\\\/www.cidademarketing.com.br\\\/marketing\\\/2019\\\/02\\\/07\\\/inflacao-para-familias-com-renda-entre-1-e-25-salarios-minimos-avanca-em-janeiro\\\/\"]}]},{\"@type\":\"ImageObject\",\"inLanguage\":\"pt-BR\",\"@id\":\"https:\\\/\\\/www.cidademarketing.com.br\\\/marketing\\\/2019\\\/02\\\/07\\\/inflacao-para-familias-com-renda-entre-1-e-25-salarios-minimos-avanca-em-janeiro\\\/#primaryimage\",\"url\":\"https:\\\/\\\/www.cidademarketing.com.br\\\/marketing\\\/wp-content\\\/uploads\\\/2018\\\/07\\\/fgv_marca.jpg\",\"contentUrl\":\"https:\\\/\\\/www.cidademarketing.com.br\\\/marketing\\\/wp-content\\\/uploads\\\/2018\\\/07\\\/fgv_marca.jpg\",\"width\":1140,\"height\":660},{\"@type\":\"BreadcrumbList\",\"@id\":\"https:\\\/\\\/www.cidademarketing.com.br\\\/marketing\\\/2019\\\/02\\\/07\\\/inflacao-para-familias-com-renda-entre-1-e-25-salarios-minimos-avanca-em-janeiro\\\/#breadcrumb\",\"itemListElement\":[{\"@type\":\"ListItem\",\"position\":1,\"name\":\"In\u00edcio\",\"item\":\"https:\\\/\\\/www.cidademarketing.com.br\\\/marketing\\\/\"},{\"@type\":\"ListItem\",\"position\":2,\"name\":\"Infla\u00e7\u00e3o para fam\u00edlias com renda entre 1 e 2,5 sal\u00e1rios m\u00ednimos avan\u00e7a em janeiro\"}]},{\"@type\":\"WebSite\",\"@id\":\"https:\\\/\\\/www.cidademarketing.com.br\\\/marketing\\\/#website\",\"url\":\"https:\\\/\\\/www.cidademarketing.com.br\\\/marketing\\\/\",\"name\":\"CidadeMarketing\",\"description\":\"Somos um ve\u00edculo de comunica\u00e7\u00e3o de destaque no Brasil, reconhecido por conte\u00fados nos segmentos de marketing, empreendedorismo e inova\u00e7\u00e3o.\",\"publisher\":{\"@id\":\"https:\\\/\\\/www.cidademarketing.com.br\\\/marketing\\\/#organization\"},\"alternateName\":\"CidadeMarketing\",\"potentialAction\":[{\"@type\":\"SearchAction\",\"target\":{\"@type\":\"EntryPoint\",\"urlTemplate\":\"https:\\\/\\\/www.cidademarketing.com.br\\\/marketing\\\/?s={search_term_string}\"},\"query-input\":{\"@type\":\"PropertyValueSpecification\",\"valueRequired\":true,\"valueName\":\"search_term_string\"}}],\"inLanguage\":\"pt-BR\"},{\"@type\":\"Organization\",\"@id\":\"https:\\\/\\\/www.cidademarketing.com.br\\\/marketing\\\/#organization\",\"name\":\"CidadeMarketing\",\"alternateName\":\"CidadeMarketing\",\"url\":\"https:\\\/\\\/www.cidademarketing.com.br\\\/marketing\\\/\",\"logo\":{\"@type\":\"ImageObject\",\"inLanguage\":\"pt-BR\",\"@id\":\"https:\\\/\\\/www.cidademarketing.com.br\\\/marketing\\\/#\\\/schema\\\/logo\\\/image\\\/\",\"url\":\"https:\\\/\\\/www.cidademarketing.com.br\\\/marketing\\\/wp-content\\\/uploads\\\/2020\\\/01\\\/cidademarketing_marca_mobile.png\",\"contentUrl\":\"https:\\\/\\\/www.cidademarketing.com.br\\\/marketing\\\/wp-content\\\/uploads\\\/2020\\\/01\\\/cidademarketing_marca_mobile.png\",\"width\":230,\"height\":92,\"caption\":\"CidadeMarketing\"},\"image\":{\"@id\":\"https:\\\/\\\/www.cidademarketing.com.br\\\/marketing\\\/#\\\/schema\\\/logo\\\/image\\\/\"},\"sameAs\":[\"https:\\\/\\\/www.facebook.com\\\/portalcidademarketing\",\"https:\\\/\\\/x.com\\\/CidadeMarketing\",\"https:\\\/\\\/www.instagram.com\\\/cidademarketing\\\/\"]},{\"@type\":\"Person\",\"@id\":\"https:\\\/\\\/www.cidademarketing.com.br\\\/marketing\\\/#\\\/schema\\\/person\\\/02daff9f18bd9378c9e01eb6b2db155f\",\"name\":\"Thales Brand\u00e3o\",\"image\":{\"@type\":\"ImageObject\",\"inLanguage\":\"pt-BR\",\"@id\":\"https:\\\/\\\/secure.gravatar.com\\\/avatar\\\/7ca3206950207cc3cb48feec56a8a7898741ab725c368d99d5d7a5a50aab80c6?s=96&d=mm&r=g\",\"url\":\"https:\\\/\\\/secure.gravatar.com\\\/avatar\\\/7ca3206950207cc3cb48feec56a8a7898741ab725c368d99d5d7a5a50aab80c6?s=96&d=mm&r=g\",\"contentUrl\":\"https:\\\/\\\/secure.gravatar.com\\\/avatar\\\/7ca3206950207cc3cb48feec56a8a7898741ab725c368d99d5d7a5a50aab80c6?s=96&d=mm&r=g\",\"caption\":\"Thales Brand\u00e3o\"},\"description\":\"Editor Executivo do Portal CidadeMarketing.com.br &gt; Mestre em Comunica\u00e7\u00e3o e Sociedade pela Universidade Federal de Sergipe. Possui MBA Executivo em Administra\u00e7\u00e3o com \u00eanfase em Marketing pela Funda\u00e7\u00e3o Get\u00falio Vargas - Rio de Janeiro. Consultor, Palestrante e Pesquisador sobre Empreendedorismo, Marketing, Redes Sociais e Neg\u00f3cios Digitais. Professor, Palestrante TedxTalks e Campus Party. Twitter: @ThalesBrandao\",\"sameAs\":[\"http:\\\/\\\/www.mandacaru.com.br\",\"https:\\\/\\\/www.facebook.com\\\/thalesbrandao\",\"http:\\\/\\\/www.instagram.com.br\\\/thalesbrandaoferreira\",\"https:\\\/\\\/www.linkedin.com\\\/in\\\/thales-brand\u00e3o-3948609\\\/\",\"https:\\\/\\\/x.com\\\/http:\\\/\\\/www.twitter.com\\\/thalesbrandao\"],\"url\":\"https:\\\/\\\/www.cidademarketing.com.br\\\/marketing\\\/author\\\/thalesbrandao\\\/\"}]}<\/script>\n<!-- \/ Yoast SEO plugin. -->","yoast_head_json":{"title":"Infla\u00e7\u00e3o para fam\u00edlias com renda entre 1 e 2,5 sal\u00e1rios m\u00ednimos avan\u00e7a em janeiro - CidadeMarketing","robots":{"index":"index","follow":"follow","max-snippet":"max-snippet:-1","max-image-preview":"max-image-preview:large","max-video-preview":"max-video-preview:-1"},"canonical":"https:\/\/www.cidademarketing.com.br\/marketing\/2019\/02\/07\/inflacao-para-familias-com-renda-entre-1-e-25-salarios-minimos-avanca-em-janeiro\/","og_locale":"pt_BR","og_type":"article","og_title":"Infla\u00e7\u00e3o para fam\u00edlias com renda entre 1 e 2,5 sal\u00e1rios m\u00ednimos avan\u00e7a em janeiro - CidadeMarketing","og_description":"O&nbsp;\u00cdndice de Pre\u00e7os ao Consumidor &#8211; Classe 1&nbsp;(IPC-C1) de janeiro subiu 0,61%, ficando 0,29 ponto percentual (p.p.) acima de dezembro, quando o \u00edndice registrou taxa de 0,32%. Com o resultado, o indicador, divulgado pelo Instituto Brasileiro de Economia (FGV IBRE) acumula alta de 4,29% nos \u00faltimos 12 meses. Em janeiro, o IPC-BR subiu 0,57%. A [&hellip;]","og_url":"https:\/\/www.cidademarketing.com.br\/marketing\/2019\/02\/07\/inflacao-para-familias-com-renda-entre-1-e-25-salarios-minimos-avanca-em-janeiro\/","og_site_name":"CidadeMarketing","article_publisher":"https:\/\/www.facebook.com\/portalcidademarketing","article_author":"https:\/\/www.facebook.com\/thalesbrandao","article_published_time":"2019-02-07T12:35:10+00:00","article_modified_time":"2019-02-07T12:43:33+00:00","og_image":[{"width":1140,"height":660,"url":"https:\/\/www.cidademarketing.com.br\/marketing\/wp-content\/uploads\/2018\/07\/fgv_marca.jpg","type":"image\/jpeg"}],"author":"Thales Brand\u00e3o","twitter_card":"summary_large_image","twitter_creator":"@http:\/\/www.twitter.com\/thalesbrandao","twitter_site":"@CidadeMarketing","twitter_misc":{"Escrito por":"Thales Brand\u00e3o","Est. tempo de leitura":"1 minuto"},"schema":{"@context":"https:\/\/schema.org","@graph":[{"@type":"Article","@id":"https:\/\/www.cidademarketing.com.br\/marketing\/2019\/02\/07\/inflacao-para-familias-com-renda-entre-1-e-25-salarios-minimos-avanca-em-janeiro\/#article","isPartOf":{"@id":"https:\/\/www.cidademarketing.com.br\/marketing\/2019\/02\/07\/inflacao-para-familias-com-renda-entre-1-e-25-salarios-minimos-avanca-em-janeiro\/"},"author":{"name":"Thales Brand\u00e3o","@id":"https:\/\/www.cidademarketing.com.br\/marketing\/#\/schema\/person\/02daff9f18bd9378c9e01eb6b2db155f"},"headline":"Infla\u00e7\u00e3o para fam\u00edlias com renda entre 1 e 2,5 sal\u00e1rios m\u00ednimos avan\u00e7a em janeiro","datePublished":"2019-02-07T12:35:10+00:00","dateModified":"2019-02-07T12:43:33+00:00","mainEntityOfPage":{"@id":"https:\/\/www.cidademarketing.com.br\/marketing\/2019\/02\/07\/inflacao-para-familias-com-renda-entre-1-e-25-salarios-minimos-avanca-em-janeiro\/"},"wordCount":223,"commentCount":0,"publisher":{"@id":"https:\/\/www.cidademarketing.com.br\/marketing\/#organization"},"image":{"@id":"https:\/\/www.cidademarketing.com.br\/marketing\/2019\/02\/07\/inflacao-para-familias-com-renda-entre-1-e-25-salarios-minimos-avanca-em-janeiro\/#primaryimage"},"thumbnailUrl":"https:\/\/www.cidademarketing.com.br\/marketing\/wp-content\/uploads\/2018\/07\/fgv_marca.jpg","keywords":["FGV","marketing","pesquisa"],"articleSection":["Not\u00edcias"],"inLanguage":"pt-BR","potentialAction":[{"@type":"CommentAction","name":"Comment","target":["https:\/\/www.cidademarketing.com.br\/marketing\/2019\/02\/07\/inflacao-para-familias-com-renda-entre-1-e-25-salarios-minimos-avanca-em-janeiro\/#respond"]}]},{"@type":"WebPage","@id":"https:\/\/www.cidademarketing.com.br\/marketing\/2019\/02\/07\/inflacao-para-familias-com-renda-entre-1-e-25-salarios-minimos-avanca-em-janeiro\/","url":"https:\/\/www.cidademarketing.com.br\/marketing\/2019\/02\/07\/inflacao-para-familias-com-renda-entre-1-e-25-salarios-minimos-avanca-em-janeiro\/","name":"Infla\u00e7\u00e3o para fam\u00edlias com renda entre 1 e 2,5 sal\u00e1rios m\u00ednimos avan\u00e7a em janeiro - CidadeMarketing","isPartOf":{"@id":"https:\/\/www.cidademarketing.com.br\/marketing\/#website"},"primaryImageOfPage":{"@id":"https:\/\/www.cidademarketing.com.br\/marketing\/2019\/02\/07\/inflacao-para-familias-com-renda-entre-1-e-25-salarios-minimos-avanca-em-janeiro\/#primaryimage"},"image":{"@id":"https:\/\/www.cidademarketing.com.br\/marketing\/2019\/02\/07\/inflacao-para-familias-com-renda-entre-1-e-25-salarios-minimos-avanca-em-janeiro\/#primaryimage"},"thumbnailUrl":"https:\/\/www.cidademarketing.com.br\/marketing\/wp-content\/uploads\/2018\/07\/fgv_marca.jpg","datePublished":"2019-02-07T12:35:10+00:00","dateModified":"2019-02-07T12:43:33+00:00","breadcrumb":{"@id":"https:\/\/www.cidademarketing.com.br\/marketing\/2019\/02\/07\/inflacao-para-familias-com-renda-entre-1-e-25-salarios-minimos-avanca-em-janeiro\/#breadcrumb"},"inLanguage":"pt-BR","potentialAction":[{"@type":"ReadAction","target":["https:\/\/www.cidademarketing.com.br\/marketing\/2019\/02\/07\/inflacao-para-familias-com-renda-entre-1-e-25-salarios-minimos-avanca-em-janeiro\/"]}]},{"@type":"ImageObject","inLanguage":"pt-BR","@id":"https:\/\/www.cidademarketing.com.br\/marketing\/2019\/02\/07\/inflacao-para-familias-com-renda-entre-1-e-25-salarios-minimos-avanca-em-janeiro\/#primaryimage","url":"https:\/\/www.cidademarketing.com.br\/marketing\/wp-content\/uploads\/2018\/07\/fgv_marca.jpg","contentUrl":"https:\/\/www.cidademarketing.com.br\/marketing\/wp-content\/uploads\/2018\/07\/fgv_marca.jpg","width":1140,"height":660},{"@type":"BreadcrumbList","@id":"https:\/\/www.cidademarketing.com.br\/marketing\/2019\/02\/07\/inflacao-para-familias-com-renda-entre-1-e-25-salarios-minimos-avanca-em-janeiro\/#breadcrumb","itemListElement":[{"@type":"ListItem","position":1,"name":"In\u00edcio","item":"https:\/\/www.cidademarketing.com.br\/marketing\/"},{"@type":"ListItem","position":2,"name":"Infla\u00e7\u00e3o para fam\u00edlias com renda entre 1 e 2,5 sal\u00e1rios m\u00ednimos avan\u00e7a em janeiro"}]},{"@type":"WebSite","@id":"https:\/\/www.cidademarketing.com.br\/marketing\/#website","url":"https:\/\/www.cidademarketing.com.br\/marketing\/","name":"CidadeMarketing","description":"Somos um ve\u00edculo de comunica\u00e7\u00e3o de destaque no Brasil, reconhecido por conte\u00fados nos segmentos de marketing, empreendedorismo e inova\u00e7\u00e3o.","publisher":{"@id":"https:\/\/www.cidademarketing.com.br\/marketing\/#organization"},"alternateName":"CidadeMarketing","potentialAction":[{"@type":"SearchAction","target":{"@type":"EntryPoint","urlTemplate":"https:\/\/www.cidademarketing.com.br\/marketing\/?s={search_term_string}"},"query-input":{"@type":"PropertyValueSpecification","valueRequired":true,"valueName":"search_term_string"}}],"inLanguage":"pt-BR"},{"@type":"Organization","@id":"https:\/\/www.cidademarketing.com.br\/marketing\/#organization","name":"CidadeMarketing","alternateName":"CidadeMarketing","url":"https:\/\/www.cidademarketing.com.br\/marketing\/","logo":{"@type":"ImageObject","inLanguage":"pt-BR","@id":"https:\/\/www.cidademarketing.com.br\/marketing\/#\/schema\/logo\/image\/","url":"https:\/\/www.cidademarketing.com.br\/marketing\/wp-content\/uploads\/2020\/01\/cidademarketing_marca_mobile.png","contentUrl":"https:\/\/www.cidademarketing.com.br\/marketing\/wp-content\/uploads\/2020\/01\/cidademarketing_marca_mobile.png","width":230,"height":92,"caption":"CidadeMarketing"},"image":{"@id":"https:\/\/www.cidademarketing.com.br\/marketing\/#\/schema\/logo\/image\/"},"sameAs":["https:\/\/www.facebook.com\/portalcidademarketing","https:\/\/x.com\/CidadeMarketing","https:\/\/www.instagram.com\/cidademarketing\/"]},{"@type":"Person","@id":"https:\/\/www.cidademarketing.com.br\/marketing\/#\/schema\/person\/02daff9f18bd9378c9e01eb6b2db155f","name":"Thales Brand\u00e3o","image":{"@type":"ImageObject","inLanguage":"pt-BR","@id":"https:\/\/secure.gravatar.com\/avatar\/7ca3206950207cc3cb48feec56a8a7898741ab725c368d99d5d7a5a50aab80c6?s=96&d=mm&r=g","url":"https:\/\/secure.gravatar.com\/avatar\/7ca3206950207cc3cb48feec56a8a7898741ab725c368d99d5d7a5a50aab80c6?s=96&d=mm&r=g","contentUrl":"https:\/\/secure.gravatar.com\/avatar\/7ca3206950207cc3cb48feec56a8a7898741ab725c368d99d5d7a5a50aab80c6?s=96&d=mm&r=g","caption":"Thales Brand\u00e3o"},"description":"Editor Executivo do Portal CidadeMarketing.com.br &gt; Mestre em Comunica\u00e7\u00e3o e Sociedade pela Universidade Federal de Sergipe. Possui MBA Executivo em Administra\u00e7\u00e3o com \u00eanfase em Marketing pela Funda\u00e7\u00e3o Get\u00falio Vargas - Rio de Janeiro. Consultor, Palestrante e Pesquisador sobre Empreendedorismo, Marketing, Redes Sociais e Neg\u00f3cios Digitais. Professor, Palestrante TedxTalks e Campus Party. Twitter: @ThalesBrandao","sameAs":["http:\/\/www.mandacaru.com.br","https:\/\/www.facebook.com\/thalesbrandao","http:\/\/www.instagram.com.br\/thalesbrandaoferreira","https:\/\/www.linkedin.com\/in\/thales-brand\u00e3o-3948609\/","https:\/\/x.com\/http:\/\/www.twitter.com\/thalesbrandao"],"url":"https:\/\/www.cidademarketing.com.br\/marketing\/author\/thalesbrandao\/"}]}},"amp_enabled":true,"_links":{"self":[{"href":"https:\/\/www.cidademarketing.com.br\/marketing\/wp-json\/wp\/v2\/posts\/6067","targetHints":{"allow":["GET"]}}],"collection":[{"href":"https:\/\/www.cidademarketing.com.br\/marketing\/wp-json\/wp\/v2\/posts"}],"about":[{"href":"https:\/\/www.cidademarketing.com.br\/marketing\/wp-json\/wp\/v2\/types\/post"}],"author":[{"embeddable":true,"href":"https:\/\/www.cidademarketing.com.br\/marketing\/wp-json\/wp\/v2\/users\/1"}],"replies":[{"embeddable":true,"href":"https:\/\/www.cidademarketing.com.br\/marketing\/wp-json\/wp\/v2\/comments?post=6067"}],"version-history":[{"count":1,"href":"https:\/\/www.cidademarketing.com.br\/marketing\/wp-json\/wp\/v2\/posts\/6067\/revisions"}],"predecessor-version":[{"id":6068,"href":"https:\/\/www.cidademarketing.com.br\/marketing\/wp-json\/wp\/v2\/posts\/6067\/revisions\/6068"}],"wp:featuredmedia":[{"embeddable":true,"href":"https:\/\/www.cidademarketing.com.br\/marketing\/wp-json\/wp\/v2\/media\/1325"}],"wp:attachment":[{"href":"https:\/\/www.cidademarketing.com.br\/marketing\/wp-json\/wp\/v2\/media?parent=6067"}],"wp:term":[{"taxonomy":"category","embeddable":true,"href":"https:\/\/www.cidademarketing.com.br\/marketing\/wp-json\/wp\/v2\/categories?post=6067"},{"taxonomy":"post_tag","embeddable":true,"href":"https:\/\/www.cidademarketing.com.br\/marketing\/wp-json\/wp\/v2\/tags?post=6067"}],"curies":[{"name":"wp","href":"https:\/\/api.w.org\/{rel}","templated":true}]}}