{"id":6053,"date":"2019-02-07T00:27:46","date_gmt":"2019-02-07T02:27:46","guid":{"rendered":"http:\/\/www.cidademarketing.com.br\/marketing\/?p=6053"},"modified":"2019-02-07T00:27:49","modified_gmt":"2019-02-07T02:27:49","slug":"executivo-volta-a-brumadinho-presidente-da-vale-fala-sobre-o-proposito-da-mineradora-em-fechar-acordo-financeiro-para-reduzir-um-pouquinho-o-sofrimento-de-quem-foi-vitimado","status":"publish","type":"post","link":"https:\/\/www.cidademarketing.com.br\/marketing\/2019\/02\/07\/executivo-volta-a-brumadinho-presidente-da-vale-fala-sobre-o-proposito-da-mineradora-em-fechar-acordo-financeiro-para-reduzir-um-pouquinho-o-sofrimento-de-quem-foi-vitimado\/","title":{"rendered":"Executivo volta \u00e0 Brumadinho: Presidente da Vale fala sobre o prop\u00f3sito da mineradora em fechar acordo financeiro para reduzir &#8220;um pouquinho&#8221; o sofrimento de quem foi vitimado"},"content":{"rendered":"\n<p><\/p>\n\n\n\n<p>O diretor-presidente da Vale, Fabio Schvartsman, esteve hoje (6\/2) na sede da empresa em Minas Gerais, na regi\u00e3o metropolitana de Belo Horizonte, e sobrevoou a cidade de Brumadinho para acompanhar os trabalhos e orientar os empregados que executam as a\u00e7\u00f5es emergenciais tomadas ap\u00f3s o rompimento da Barragem I da Mina de C\u00f3rrego do Feij\u00e3o.<\/p>\n\n\n\n<p>&#8220;A nossa expectativa \u00e9 conseguir fechar rapidamente um acordo com as autoridades para que possamos acelerar as indeniza\u00e7\u00f5es (de forma extrajudicial)&#8221;, disse o diretor-presidente da Vale, ap\u00f3s o encontro com lideran\u00e7as e empregados na unidade da empresa. &#8220;Esse \u00e9 o prop\u00f3sito da Vale, para ajudar a reduzir um pouco o sofrimento de quem foi vitimado por esse acidente.&#8221;<\/p>\n\n\n\n<p>Durante a visita, o diretor-presidente ouviu dos executivos respons\u00e1veis pelo Grupo de Resposta Imediata como est\u00e3o as frentes de apoio aos trabalhos de resgate, de assist\u00eancia aos atingidos e de conten\u00e7\u00e3o e recupera\u00e7\u00e3o ambiental. Ao todo, s\u00e3o 400 empregados mobilizados. &#8220;\u00c9 imposs\u00edvel n\u00e3o ficar tocado com a dedica\u00e7\u00e3o, o esfor\u00e7o, a coragem das pessoas que est\u00e3o aqui&#8221;, afirmou.<\/p>\n\n\n\n<figure class=\"wp-block-embed-youtube wp-block-embed is-type-video is-provider-youtube wp-embed-aspect-16-9 wp-has-aspect-ratio\"><div class=\"wp-block-embed__wrapper\">\n<div class=\"youtube-embed\" data-video_id=\"xEBD6dr0xqw\"><iframe title=\"#Comunicado: Fabio Schvartsman volta \u00e0 Minas Gerais e sobrevoa regi\u00e3o atingida\" width=\"640\" height=\"360\" src=\"https:\/\/www.youtube.com\/embed\/xEBD6dr0xqw?feature=oembed&#038;enablejsapi=1&#038;enablejsapi=1\" frameborder=\"0\" allow=\"accelerometer; autoplay; clipboard-write; encrypted-media; gyroscope; picture-in-picture; web-share\" referrerpolicy=\"strict-origin-when-cross-origin\" allowfullscreen><\/iframe><\/div>\n<\/div><\/figure>\n","protected":false},"excerpt":{"rendered":"<p>O diretor-presidente da Vale, Fabio Schvartsman, esteve hoje (6\/2) na sede da empresa em Minas Gerais, na regi\u00e3o metropolitana de Belo Horizonte, e sobrevoou a cidade de Brumadinho para acompanhar os trabalhos e orientar os empregados que executam as a\u00e7\u00f5es emergenciais tomadas ap\u00f3s o rompimento da Barragem I da Mina de C\u00f3rrego do Feij\u00e3o. &#8220;A [&hellip;]<\/p>\n","protected":false},"author":1,"featured_media":6054,"comment_status":"open","ping_status":"open","sticky":false,"template":"","format":"standard","meta":{"tdm_status":"","tdm_grid_status":"","footnotes":""},"categories":[6],"tags":[735,1237,1238,176,612],"class_list":["post-6053","post","type-post","status-publish","format-standard","has-post-thumbnail","hentry","category-noticias","tag-justica","tag-meio-ambiente","tag-minas-gerais","tag-sustentabilidade","tag-vale"],"yoast_head":"<!-- This site is optimized with the Yoast SEO plugin v27.5 - https:\/\/yoast.com\/product\/yoast-seo-wordpress\/ -->\n<title>Executivo volta \u00e0 Brumadinho: Presidente da Vale fala sobre o prop\u00f3sito da mineradora em fechar acordo financeiro para reduzir &quot;um pouquinho&quot; o sofrimento de quem foi vitimado - CidadeMarketing<\/title>\n<meta name=\"robots\" content=\"index, follow, max-snippet:-1, max-image-preview:large, max-video-preview:-1\" \/>\n<link rel=\"canonical\" href=\"https:\/\/www.cidademarketing.com.br\/marketing\/2019\/02\/07\/executivo-volta-a-brumadinho-presidente-da-vale-fala-sobre-o-proposito-da-mineradora-em-fechar-acordo-financeiro-para-reduzir-um-pouquinho-o-sofrimento-de-quem-foi-vitimado\/\" \/>\n<meta property=\"og:locale\" content=\"pt_BR\" \/>\n<meta property=\"og:type\" content=\"article\" \/>\n<meta property=\"og:title\" content=\"Executivo volta \u00e0 Brumadinho: Presidente da Vale fala sobre o prop\u00f3sito da mineradora em fechar acordo financeiro para reduzir &quot;um pouquinho&quot; o sofrimento de quem foi vitimado - CidadeMarketing\" \/>\n<meta property=\"og:description\" content=\"O diretor-presidente da Vale, Fabio Schvartsman, esteve hoje (6\/2) na sede da empresa em Minas Gerais, na regi\u00e3o metropolitana de Belo Horizonte, e sobrevoou a cidade de Brumadinho para acompanhar os trabalhos e orientar os empregados que executam as a\u00e7\u00f5es emergenciais tomadas ap\u00f3s o rompimento da Barragem I da Mina de C\u00f3rrego do Feij\u00e3o. &#8220;A [&hellip;]\" \/>\n<meta property=\"og:url\" content=\"https:\/\/www.cidademarketing.com.br\/marketing\/2019\/02\/07\/executivo-volta-a-brumadinho-presidente-da-vale-fala-sobre-o-proposito-da-mineradora-em-fechar-acordo-financeiro-para-reduzir-um-pouquinho-o-sofrimento-de-quem-foi-vitimado\/\" \/>\n<meta property=\"og:site_name\" content=\"CidadeMarketing\" \/>\n<meta property=\"article:publisher\" content=\"https:\/\/www.facebook.com\/portalcidademarketing\" \/>\n<meta property=\"article:author\" content=\"https:\/\/www.facebook.com\/thalesbrandao\" \/>\n<meta property=\"article:published_time\" content=\"2019-02-07T02:27:46+00:00\" \/>\n<meta property=\"article:modified_time\" content=\"2019-02-07T02:27:49+00:00\" \/>\n<meta property=\"og:image\" content=\"https:\/\/www.cidademarketing.com.br\/marketing\/wp-content\/uploads\/2019\/02\/presidentedavale_brumadinho.jpg\" \/>\n\t<meta property=\"og:image:width\" content=\"1184\" \/>\n\t<meta property=\"og:image:height\" content=\"663\" \/>\n\t<meta property=\"og:image:type\" content=\"image\/jpeg\" \/>\n<meta name=\"author\" content=\"Thales Brand\u00e3o\" \/>\n<meta name=\"twitter:card\" content=\"summary_large_image\" \/>\n<meta name=\"twitter:creator\" content=\"@http:\/\/www.twitter.com\/thalesbrandao\" \/>\n<meta name=\"twitter:site\" content=\"@CidadeMarketing\" \/>\n<meta name=\"twitter:label1\" content=\"Escrito por\" \/>\n\t<meta name=\"twitter:data1\" content=\"Thales Brand\u00e3o\" \/>\n\t<meta name=\"twitter:label2\" content=\"Est. tempo de leitura\" \/>\n\t<meta name=\"twitter:data2\" content=\"1 minuto\" \/>\n<script type=\"application\/ld+json\" class=\"yoast-schema-graph\">{\"@context\":\"https:\\\/\\\/schema.org\",\"@graph\":[{\"@type\":\"Article\",\"@id\":\"https:\\\/\\\/www.cidademarketing.com.br\\\/marketing\\\/2019\\\/02\\\/07\\\/executivo-volta-a-brumadinho-presidente-da-vale-fala-sobre-o-proposito-da-mineradora-em-fechar-acordo-financeiro-para-reduzir-um-pouquinho-o-sofrimento-de-quem-foi-vitimado\\\/#article\",\"isPartOf\":{\"@id\":\"https:\\\/\\\/www.cidademarketing.com.br\\\/marketing\\\/2019\\\/02\\\/07\\\/executivo-volta-a-brumadinho-presidente-da-vale-fala-sobre-o-proposito-da-mineradora-em-fechar-acordo-financeiro-para-reduzir-um-pouquinho-o-sofrimento-de-quem-foi-vitimado\\\/\"},\"author\":{\"name\":\"Thales Brand\u00e3o\",\"@id\":\"https:\\\/\\\/www.cidademarketing.com.br\\\/marketing\\\/#\\\/schema\\\/person\\\/02daff9f18bd9378c9e01eb6b2db155f\"},\"headline\":\"Executivo volta \u00e0 Brumadinho: Presidente da Vale fala sobre o prop\u00f3sito da mineradora em fechar acordo financeiro para reduzir &#8220;um pouquinho&#8221; o sofrimento de quem foi vitimado\",\"datePublished\":\"2019-02-07T02:27:46+00:00\",\"dateModified\":\"2019-02-07T02:27:49+00:00\",\"mainEntityOfPage\":{\"@id\":\"https:\\\/\\\/www.cidademarketing.com.br\\\/marketing\\\/2019\\\/02\\\/07\\\/executivo-volta-a-brumadinho-presidente-da-vale-fala-sobre-o-proposito-da-mineradora-em-fechar-acordo-financeiro-para-reduzir-um-pouquinho-o-sofrimento-de-quem-foi-vitimado\\\/\"},\"wordCount\":225,\"commentCount\":0,\"publisher\":{\"@id\":\"https:\\\/\\\/www.cidademarketing.com.br\\\/marketing\\\/#organization\"},\"image\":{\"@id\":\"https:\\\/\\\/www.cidademarketing.com.br\\\/marketing\\\/2019\\\/02\\\/07\\\/executivo-volta-a-brumadinho-presidente-da-vale-fala-sobre-o-proposito-da-mineradora-em-fechar-acordo-financeiro-para-reduzir-um-pouquinho-o-sofrimento-de-quem-foi-vitimado\\\/#primaryimage\"},\"thumbnailUrl\":\"https:\\\/\\\/www.cidademarketing.com.br\\\/marketing\\\/wp-content\\\/uploads\\\/2019\\\/02\\\/presidentedavale_brumadinho.jpg\",\"keywords\":[\"justi\u00e7a\",\"meio ambiente\",\"Minas Gerais\",\"sustentabilidade\",\"Vale\"],\"articleSection\":[\"Not\u00edcias\"],\"inLanguage\":\"pt-BR\",\"potentialAction\":[{\"@type\":\"CommentAction\",\"name\":\"Comment\",\"target\":[\"https:\\\/\\\/www.cidademarketing.com.br\\\/marketing\\\/2019\\\/02\\\/07\\\/executivo-volta-a-brumadinho-presidente-da-vale-fala-sobre-o-proposito-da-mineradora-em-fechar-acordo-financeiro-para-reduzir-um-pouquinho-o-sofrimento-de-quem-foi-vitimado\\\/#respond\"]}]},{\"@type\":\"WebPage\",\"@id\":\"https:\\\/\\\/www.cidademarketing.com.br\\\/marketing\\\/2019\\\/02\\\/07\\\/executivo-volta-a-brumadinho-presidente-da-vale-fala-sobre-o-proposito-da-mineradora-em-fechar-acordo-financeiro-para-reduzir-um-pouquinho-o-sofrimento-de-quem-foi-vitimado\\\/\",\"url\":\"https:\\\/\\\/www.cidademarketing.com.br\\\/marketing\\\/2019\\\/02\\\/07\\\/executivo-volta-a-brumadinho-presidente-da-vale-fala-sobre-o-proposito-da-mineradora-em-fechar-acordo-financeiro-para-reduzir-um-pouquinho-o-sofrimento-de-quem-foi-vitimado\\\/\",\"name\":\"Executivo volta \u00e0 Brumadinho: Presidente da Vale fala sobre o prop\u00f3sito da mineradora em fechar acordo financeiro para reduzir \\\"um pouquinho\\\" o sofrimento de quem foi vitimado - CidadeMarketing\",\"isPartOf\":{\"@id\":\"https:\\\/\\\/www.cidademarketing.com.br\\\/marketing\\\/#website\"},\"primaryImageOfPage\":{\"@id\":\"https:\\\/\\\/www.cidademarketing.com.br\\\/marketing\\\/2019\\\/02\\\/07\\\/executivo-volta-a-brumadinho-presidente-da-vale-fala-sobre-o-proposito-da-mineradora-em-fechar-acordo-financeiro-para-reduzir-um-pouquinho-o-sofrimento-de-quem-foi-vitimado\\\/#primaryimage\"},\"image\":{\"@id\":\"https:\\\/\\\/www.cidademarketing.com.br\\\/marketing\\\/2019\\\/02\\\/07\\\/executivo-volta-a-brumadinho-presidente-da-vale-fala-sobre-o-proposito-da-mineradora-em-fechar-acordo-financeiro-para-reduzir-um-pouquinho-o-sofrimento-de-quem-foi-vitimado\\\/#primaryimage\"},\"thumbnailUrl\":\"https:\\\/\\\/www.cidademarketing.com.br\\\/marketing\\\/wp-content\\\/uploads\\\/2019\\\/02\\\/presidentedavale_brumadinho.jpg\",\"datePublished\":\"2019-02-07T02:27:46+00:00\",\"dateModified\":\"2019-02-07T02:27:49+00:00\",\"breadcrumb\":{\"@id\":\"https:\\\/\\\/www.cidademarketing.com.br\\\/marketing\\\/2019\\\/02\\\/07\\\/executivo-volta-a-brumadinho-presidente-da-vale-fala-sobre-o-proposito-da-mineradora-em-fechar-acordo-financeiro-para-reduzir-um-pouquinho-o-sofrimento-de-quem-foi-vitimado\\\/#breadcrumb\"},\"inLanguage\":\"pt-BR\",\"potentialAction\":[{\"@type\":\"ReadAction\",\"target\":[\"https:\\\/\\\/www.cidademarketing.com.br\\\/marketing\\\/2019\\\/02\\\/07\\\/executivo-volta-a-brumadinho-presidente-da-vale-fala-sobre-o-proposito-da-mineradora-em-fechar-acordo-financeiro-para-reduzir-um-pouquinho-o-sofrimento-de-quem-foi-vitimado\\\/\"]}]},{\"@type\":\"ImageObject\",\"inLanguage\":\"pt-BR\",\"@id\":\"https:\\\/\\\/www.cidademarketing.com.br\\\/marketing\\\/2019\\\/02\\\/07\\\/executivo-volta-a-brumadinho-presidente-da-vale-fala-sobre-o-proposito-da-mineradora-em-fechar-acordo-financeiro-para-reduzir-um-pouquinho-o-sofrimento-de-quem-foi-vitimado\\\/#primaryimage\",\"url\":\"https:\\\/\\\/www.cidademarketing.com.br\\\/marketing\\\/wp-content\\\/uploads\\\/2019\\\/02\\\/presidentedavale_brumadinho.jpg\",\"contentUrl\":\"https:\\\/\\\/www.cidademarketing.com.br\\\/marketing\\\/wp-content\\\/uploads\\\/2019\\\/02\\\/presidentedavale_brumadinho.jpg\",\"width\":1184,\"height\":663,\"caption\":\"Reprodu\u00e7\u00e3o\"},{\"@type\":\"BreadcrumbList\",\"@id\":\"https:\\\/\\\/www.cidademarketing.com.br\\\/marketing\\\/2019\\\/02\\\/07\\\/executivo-volta-a-brumadinho-presidente-da-vale-fala-sobre-o-proposito-da-mineradora-em-fechar-acordo-financeiro-para-reduzir-um-pouquinho-o-sofrimento-de-quem-foi-vitimado\\\/#breadcrumb\",\"itemListElement\":[{\"@type\":\"ListItem\",\"position\":1,\"name\":\"In\u00edcio\",\"item\":\"https:\\\/\\\/www.cidademarketing.com.br\\\/marketing\\\/\"},{\"@type\":\"ListItem\",\"position\":2,\"name\":\"Executivo volta \u00e0 Brumadinho: Presidente da Vale fala sobre o prop\u00f3sito da mineradora em fechar acordo financeiro para reduzir &#8220;um pouquinho&#8221; o sofrimento de quem foi vitimado\"}]},{\"@type\":\"WebSite\",\"@id\":\"https:\\\/\\\/www.cidademarketing.com.br\\\/marketing\\\/#website\",\"url\":\"https:\\\/\\\/www.cidademarketing.com.br\\\/marketing\\\/\",\"name\":\"CidadeMarketing\",\"description\":\"Somos um ve\u00edculo de comunica\u00e7\u00e3o de destaque no Brasil, reconhecido por conte\u00fados nos segmentos de marketing, empreendedorismo e inova\u00e7\u00e3o.\",\"publisher\":{\"@id\":\"https:\\\/\\\/www.cidademarketing.com.br\\\/marketing\\\/#organization\"},\"alternateName\":\"CidadeMarketing\",\"potentialAction\":[{\"@type\":\"SearchAction\",\"target\":{\"@type\":\"EntryPoint\",\"urlTemplate\":\"https:\\\/\\\/www.cidademarketing.com.br\\\/marketing\\\/?s={search_term_string}\"},\"query-input\":{\"@type\":\"PropertyValueSpecification\",\"valueRequired\":true,\"valueName\":\"search_term_string\"}}],\"inLanguage\":\"pt-BR\"},{\"@type\":\"Organization\",\"@id\":\"https:\\\/\\\/www.cidademarketing.com.br\\\/marketing\\\/#organization\",\"name\":\"CidadeMarketing\",\"alternateName\":\"CidadeMarketing\",\"url\":\"https:\\\/\\\/www.cidademarketing.com.br\\\/marketing\\\/\",\"logo\":{\"@type\":\"ImageObject\",\"inLanguage\":\"pt-BR\",\"@id\":\"https:\\\/\\\/www.cidademarketing.com.br\\\/marketing\\\/#\\\/schema\\\/logo\\\/image\\\/\",\"url\":\"https:\\\/\\\/www.cidademarketing.com.br\\\/marketing\\\/wp-content\\\/uploads\\\/2020\\\/01\\\/cidademarketing_marca_mobile.png\",\"contentUrl\":\"https:\\\/\\\/www.cidademarketing.com.br\\\/marketing\\\/wp-content\\\/uploads\\\/2020\\\/01\\\/cidademarketing_marca_mobile.png\",\"width\":230,\"height\":92,\"caption\":\"CidadeMarketing\"},\"image\":{\"@id\":\"https:\\\/\\\/www.cidademarketing.com.br\\\/marketing\\\/#\\\/schema\\\/logo\\\/image\\\/\"},\"sameAs\":[\"https:\\\/\\\/www.facebook.com\\\/portalcidademarketing\",\"https:\\\/\\\/x.com\\\/CidadeMarketing\",\"https:\\\/\\\/www.instagram.com\\\/cidademarketing\\\/\"]},{\"@type\":\"Person\",\"@id\":\"https:\\\/\\\/www.cidademarketing.com.br\\\/marketing\\\/#\\\/schema\\\/person\\\/02daff9f18bd9378c9e01eb6b2db155f\",\"name\":\"Thales Brand\u00e3o\",\"image\":{\"@type\":\"ImageObject\",\"inLanguage\":\"pt-BR\",\"@id\":\"https:\\\/\\\/secure.gravatar.com\\\/avatar\\\/7ca3206950207cc3cb48feec56a8a7898741ab725c368d99d5d7a5a50aab80c6?s=96&d=mm&r=g\",\"url\":\"https:\\\/\\\/secure.gravatar.com\\\/avatar\\\/7ca3206950207cc3cb48feec56a8a7898741ab725c368d99d5d7a5a50aab80c6?s=96&d=mm&r=g\",\"contentUrl\":\"https:\\\/\\\/secure.gravatar.com\\\/avatar\\\/7ca3206950207cc3cb48feec56a8a7898741ab725c368d99d5d7a5a50aab80c6?s=96&d=mm&r=g\",\"caption\":\"Thales Brand\u00e3o\"},\"description\":\"Editor Executivo do Portal CidadeMarketing.com.br &gt; Mestre em Comunica\u00e7\u00e3o e Sociedade pela Universidade Federal de Sergipe. Possui MBA Executivo em Administra\u00e7\u00e3o com \u00eanfase em Marketing pela Funda\u00e7\u00e3o Get\u00falio Vargas - Rio de Janeiro. Consultor, Palestrante e Pesquisador sobre Empreendedorismo, Marketing, Redes Sociais e Neg\u00f3cios Digitais. Professor, Palestrante TedxTalks e Campus Party. Twitter: @ThalesBrandao\",\"sameAs\":[\"http:\\\/\\\/www.mandacaru.com.br\",\"https:\\\/\\\/www.facebook.com\\\/thalesbrandao\",\"http:\\\/\\\/www.instagram.com.br\\\/thalesbrandaoferreira\",\"https:\\\/\\\/www.linkedin.com\\\/in\\\/thales-brand\u00e3o-3948609\\\/\",\"https:\\\/\\\/x.com\\\/http:\\\/\\\/www.twitter.com\\\/thalesbrandao\"],\"url\":\"https:\\\/\\\/www.cidademarketing.com.br\\\/marketing\\\/author\\\/thalesbrandao\\\/\"}]}<\/script>\n<!-- \/ Yoast SEO plugin. -->","yoast_head_json":{"title":"Executivo volta \u00e0 Brumadinho: Presidente da Vale fala sobre o prop\u00f3sito da mineradora em fechar acordo financeiro para reduzir \"um pouquinho\" o sofrimento de quem foi vitimado - CidadeMarketing","robots":{"index":"index","follow":"follow","max-snippet":"max-snippet:-1","max-image-preview":"max-image-preview:large","max-video-preview":"max-video-preview:-1"},"canonical":"https:\/\/www.cidademarketing.com.br\/marketing\/2019\/02\/07\/executivo-volta-a-brumadinho-presidente-da-vale-fala-sobre-o-proposito-da-mineradora-em-fechar-acordo-financeiro-para-reduzir-um-pouquinho-o-sofrimento-de-quem-foi-vitimado\/","og_locale":"pt_BR","og_type":"article","og_title":"Executivo volta \u00e0 Brumadinho: Presidente da Vale fala sobre o prop\u00f3sito da mineradora em fechar acordo financeiro para reduzir \"um pouquinho\" o sofrimento de quem foi vitimado - CidadeMarketing","og_description":"O diretor-presidente da Vale, Fabio Schvartsman, esteve hoje (6\/2) na sede da empresa em Minas Gerais, na regi\u00e3o metropolitana de Belo Horizonte, e sobrevoou a cidade de Brumadinho para acompanhar os trabalhos e orientar os empregados que executam as a\u00e7\u00f5es emergenciais tomadas ap\u00f3s o rompimento da Barragem I da Mina de C\u00f3rrego do Feij\u00e3o. &#8220;A [&hellip;]","og_url":"https:\/\/www.cidademarketing.com.br\/marketing\/2019\/02\/07\/executivo-volta-a-brumadinho-presidente-da-vale-fala-sobre-o-proposito-da-mineradora-em-fechar-acordo-financeiro-para-reduzir-um-pouquinho-o-sofrimento-de-quem-foi-vitimado\/","og_site_name":"CidadeMarketing","article_publisher":"https:\/\/www.facebook.com\/portalcidademarketing","article_author":"https:\/\/www.facebook.com\/thalesbrandao","article_published_time":"2019-02-07T02:27:46+00:00","article_modified_time":"2019-02-07T02:27:49+00:00","og_image":[{"width":1184,"height":663,"url":"https:\/\/www.cidademarketing.com.br\/marketing\/wp-content\/uploads\/2019\/02\/presidentedavale_brumadinho.jpg","type":"image\/jpeg"}],"author":"Thales Brand\u00e3o","twitter_card":"summary_large_image","twitter_creator":"@http:\/\/www.twitter.com\/thalesbrandao","twitter_site":"@CidadeMarketing","twitter_misc":{"Escrito por":"Thales Brand\u00e3o","Est. tempo de leitura":"1 minuto"},"schema":{"@context":"https:\/\/schema.org","@graph":[{"@type":"Article","@id":"https:\/\/www.cidademarketing.com.br\/marketing\/2019\/02\/07\/executivo-volta-a-brumadinho-presidente-da-vale-fala-sobre-o-proposito-da-mineradora-em-fechar-acordo-financeiro-para-reduzir-um-pouquinho-o-sofrimento-de-quem-foi-vitimado\/#article","isPartOf":{"@id":"https:\/\/www.cidademarketing.com.br\/marketing\/2019\/02\/07\/executivo-volta-a-brumadinho-presidente-da-vale-fala-sobre-o-proposito-da-mineradora-em-fechar-acordo-financeiro-para-reduzir-um-pouquinho-o-sofrimento-de-quem-foi-vitimado\/"},"author":{"name":"Thales Brand\u00e3o","@id":"https:\/\/www.cidademarketing.com.br\/marketing\/#\/schema\/person\/02daff9f18bd9378c9e01eb6b2db155f"},"headline":"Executivo volta \u00e0 Brumadinho: Presidente da Vale fala sobre o prop\u00f3sito da mineradora em fechar acordo financeiro para reduzir &#8220;um pouquinho&#8221; o sofrimento de quem foi vitimado","datePublished":"2019-02-07T02:27:46+00:00","dateModified":"2019-02-07T02:27:49+00:00","mainEntityOfPage":{"@id":"https:\/\/www.cidademarketing.com.br\/marketing\/2019\/02\/07\/executivo-volta-a-brumadinho-presidente-da-vale-fala-sobre-o-proposito-da-mineradora-em-fechar-acordo-financeiro-para-reduzir-um-pouquinho-o-sofrimento-de-quem-foi-vitimado\/"},"wordCount":225,"commentCount":0,"publisher":{"@id":"https:\/\/www.cidademarketing.com.br\/marketing\/#organization"},"image":{"@id":"https:\/\/www.cidademarketing.com.br\/marketing\/2019\/02\/07\/executivo-volta-a-brumadinho-presidente-da-vale-fala-sobre-o-proposito-da-mineradora-em-fechar-acordo-financeiro-para-reduzir-um-pouquinho-o-sofrimento-de-quem-foi-vitimado\/#primaryimage"},"thumbnailUrl":"https:\/\/www.cidademarketing.com.br\/marketing\/wp-content\/uploads\/2019\/02\/presidentedavale_brumadinho.jpg","keywords":["justi\u00e7a","meio ambiente","Minas Gerais","sustentabilidade","Vale"],"articleSection":["Not\u00edcias"],"inLanguage":"pt-BR","potentialAction":[{"@type":"CommentAction","name":"Comment","target":["https:\/\/www.cidademarketing.com.br\/marketing\/2019\/02\/07\/executivo-volta-a-brumadinho-presidente-da-vale-fala-sobre-o-proposito-da-mineradora-em-fechar-acordo-financeiro-para-reduzir-um-pouquinho-o-sofrimento-de-quem-foi-vitimado\/#respond"]}]},{"@type":"WebPage","@id":"https:\/\/www.cidademarketing.com.br\/marketing\/2019\/02\/07\/executivo-volta-a-brumadinho-presidente-da-vale-fala-sobre-o-proposito-da-mineradora-em-fechar-acordo-financeiro-para-reduzir-um-pouquinho-o-sofrimento-de-quem-foi-vitimado\/","url":"https:\/\/www.cidademarketing.com.br\/marketing\/2019\/02\/07\/executivo-volta-a-brumadinho-presidente-da-vale-fala-sobre-o-proposito-da-mineradora-em-fechar-acordo-financeiro-para-reduzir-um-pouquinho-o-sofrimento-de-quem-foi-vitimado\/","name":"Executivo volta \u00e0 Brumadinho: Presidente da Vale fala sobre o prop\u00f3sito da mineradora em fechar acordo financeiro para reduzir \"um pouquinho\" o sofrimento de quem foi vitimado - CidadeMarketing","isPartOf":{"@id":"https:\/\/www.cidademarketing.com.br\/marketing\/#website"},"primaryImageOfPage":{"@id":"https:\/\/www.cidademarketing.com.br\/marketing\/2019\/02\/07\/executivo-volta-a-brumadinho-presidente-da-vale-fala-sobre-o-proposito-da-mineradora-em-fechar-acordo-financeiro-para-reduzir-um-pouquinho-o-sofrimento-de-quem-foi-vitimado\/#primaryimage"},"image":{"@id":"https:\/\/www.cidademarketing.com.br\/marketing\/2019\/02\/07\/executivo-volta-a-brumadinho-presidente-da-vale-fala-sobre-o-proposito-da-mineradora-em-fechar-acordo-financeiro-para-reduzir-um-pouquinho-o-sofrimento-de-quem-foi-vitimado\/#primaryimage"},"thumbnailUrl":"https:\/\/www.cidademarketing.com.br\/marketing\/wp-content\/uploads\/2019\/02\/presidentedavale_brumadinho.jpg","datePublished":"2019-02-07T02:27:46+00:00","dateModified":"2019-02-07T02:27:49+00:00","breadcrumb":{"@id":"https:\/\/www.cidademarketing.com.br\/marketing\/2019\/02\/07\/executivo-volta-a-brumadinho-presidente-da-vale-fala-sobre-o-proposito-da-mineradora-em-fechar-acordo-financeiro-para-reduzir-um-pouquinho-o-sofrimento-de-quem-foi-vitimado\/#breadcrumb"},"inLanguage":"pt-BR","potentialAction":[{"@type":"ReadAction","target":["https:\/\/www.cidademarketing.com.br\/marketing\/2019\/02\/07\/executivo-volta-a-brumadinho-presidente-da-vale-fala-sobre-o-proposito-da-mineradora-em-fechar-acordo-financeiro-para-reduzir-um-pouquinho-o-sofrimento-de-quem-foi-vitimado\/"]}]},{"@type":"ImageObject","inLanguage":"pt-BR","@id":"https:\/\/www.cidademarketing.com.br\/marketing\/2019\/02\/07\/executivo-volta-a-brumadinho-presidente-da-vale-fala-sobre-o-proposito-da-mineradora-em-fechar-acordo-financeiro-para-reduzir-um-pouquinho-o-sofrimento-de-quem-foi-vitimado\/#primaryimage","url":"https:\/\/www.cidademarketing.com.br\/marketing\/wp-content\/uploads\/2019\/02\/presidentedavale_brumadinho.jpg","contentUrl":"https:\/\/www.cidademarketing.com.br\/marketing\/wp-content\/uploads\/2019\/02\/presidentedavale_brumadinho.jpg","width":1184,"height":663,"caption":"Reprodu\u00e7\u00e3o"},{"@type":"BreadcrumbList","@id":"https:\/\/www.cidademarketing.com.br\/marketing\/2019\/02\/07\/executivo-volta-a-brumadinho-presidente-da-vale-fala-sobre-o-proposito-da-mineradora-em-fechar-acordo-financeiro-para-reduzir-um-pouquinho-o-sofrimento-de-quem-foi-vitimado\/#breadcrumb","itemListElement":[{"@type":"ListItem","position":1,"name":"In\u00edcio","item":"https:\/\/www.cidademarketing.com.br\/marketing\/"},{"@type":"ListItem","position":2,"name":"Executivo volta \u00e0 Brumadinho: Presidente da Vale fala sobre o prop\u00f3sito da mineradora em fechar acordo financeiro para reduzir &#8220;um pouquinho&#8221; o sofrimento de quem foi vitimado"}]},{"@type":"WebSite","@id":"https:\/\/www.cidademarketing.com.br\/marketing\/#website","url":"https:\/\/www.cidademarketing.com.br\/marketing\/","name":"CidadeMarketing","description":"Somos um ve\u00edculo de comunica\u00e7\u00e3o de destaque no Brasil, reconhecido por conte\u00fados nos segmentos de marketing, empreendedorismo e inova\u00e7\u00e3o.","publisher":{"@id":"https:\/\/www.cidademarketing.com.br\/marketing\/#organization"},"alternateName":"CidadeMarketing","potentialAction":[{"@type":"SearchAction","target":{"@type":"EntryPoint","urlTemplate":"https:\/\/www.cidademarketing.com.br\/marketing\/?s={search_term_string}"},"query-input":{"@type":"PropertyValueSpecification","valueRequired":true,"valueName":"search_term_string"}}],"inLanguage":"pt-BR"},{"@type":"Organization","@id":"https:\/\/www.cidademarketing.com.br\/marketing\/#organization","name":"CidadeMarketing","alternateName":"CidadeMarketing","url":"https:\/\/www.cidademarketing.com.br\/marketing\/","logo":{"@type":"ImageObject","inLanguage":"pt-BR","@id":"https:\/\/www.cidademarketing.com.br\/marketing\/#\/schema\/logo\/image\/","url":"https:\/\/www.cidademarketing.com.br\/marketing\/wp-content\/uploads\/2020\/01\/cidademarketing_marca_mobile.png","contentUrl":"https:\/\/www.cidademarketing.com.br\/marketing\/wp-content\/uploads\/2020\/01\/cidademarketing_marca_mobile.png","width":230,"height":92,"caption":"CidadeMarketing"},"image":{"@id":"https:\/\/www.cidademarketing.com.br\/marketing\/#\/schema\/logo\/image\/"},"sameAs":["https:\/\/www.facebook.com\/portalcidademarketing","https:\/\/x.com\/CidadeMarketing","https:\/\/www.instagram.com\/cidademarketing\/"]},{"@type":"Person","@id":"https:\/\/www.cidademarketing.com.br\/marketing\/#\/schema\/person\/02daff9f18bd9378c9e01eb6b2db155f","name":"Thales Brand\u00e3o","image":{"@type":"ImageObject","inLanguage":"pt-BR","@id":"https:\/\/secure.gravatar.com\/avatar\/7ca3206950207cc3cb48feec56a8a7898741ab725c368d99d5d7a5a50aab80c6?s=96&d=mm&r=g","url":"https:\/\/secure.gravatar.com\/avatar\/7ca3206950207cc3cb48feec56a8a7898741ab725c368d99d5d7a5a50aab80c6?s=96&d=mm&r=g","contentUrl":"https:\/\/secure.gravatar.com\/avatar\/7ca3206950207cc3cb48feec56a8a7898741ab725c368d99d5d7a5a50aab80c6?s=96&d=mm&r=g","caption":"Thales Brand\u00e3o"},"description":"Editor Executivo do Portal CidadeMarketing.com.br &gt; Mestre em Comunica\u00e7\u00e3o e Sociedade pela Universidade Federal de Sergipe. Possui MBA Executivo em Administra\u00e7\u00e3o com \u00eanfase em Marketing pela Funda\u00e7\u00e3o Get\u00falio Vargas - Rio de Janeiro. Consultor, Palestrante e Pesquisador sobre Empreendedorismo, Marketing, Redes Sociais e Neg\u00f3cios Digitais. Professor, Palestrante TedxTalks e Campus Party. Twitter: @ThalesBrandao","sameAs":["http:\/\/www.mandacaru.com.br","https:\/\/www.facebook.com\/thalesbrandao","http:\/\/www.instagram.com.br\/thalesbrandaoferreira","https:\/\/www.linkedin.com\/in\/thales-brand\u00e3o-3948609\/","https:\/\/x.com\/http:\/\/www.twitter.com\/thalesbrandao"],"url":"https:\/\/www.cidademarketing.com.br\/marketing\/author\/thalesbrandao\/"}]}},"amp_enabled":true,"_links":{"self":[{"href":"https:\/\/www.cidademarketing.com.br\/marketing\/wp-json\/wp\/v2\/posts\/6053","targetHints":{"allow":["GET"]}}],"collection":[{"href":"https:\/\/www.cidademarketing.com.br\/marketing\/wp-json\/wp\/v2\/posts"}],"about":[{"href":"https:\/\/www.cidademarketing.com.br\/marketing\/wp-json\/wp\/v2\/types\/post"}],"author":[{"embeddable":true,"href":"https:\/\/www.cidademarketing.com.br\/marketing\/wp-json\/wp\/v2\/users\/1"}],"replies":[{"embeddable":true,"href":"https:\/\/www.cidademarketing.com.br\/marketing\/wp-json\/wp\/v2\/comments?post=6053"}],"version-history":[{"count":1,"href":"https:\/\/www.cidademarketing.com.br\/marketing\/wp-json\/wp\/v2\/posts\/6053\/revisions"}],"predecessor-version":[{"id":6055,"href":"https:\/\/www.cidademarketing.com.br\/marketing\/wp-json\/wp\/v2\/posts\/6053\/revisions\/6055"}],"wp:featuredmedia":[{"embeddable":true,"href":"https:\/\/www.cidademarketing.com.br\/marketing\/wp-json\/wp\/v2\/media\/6054"}],"wp:attachment":[{"href":"https:\/\/www.cidademarketing.com.br\/marketing\/wp-json\/wp\/v2\/media?parent=6053"}],"wp:term":[{"taxonomy":"category","embeddable":true,"href":"https:\/\/www.cidademarketing.com.br\/marketing\/wp-json\/wp\/v2\/categories?post=6053"},{"taxonomy":"post_tag","embeddable":true,"href":"https:\/\/www.cidademarketing.com.br\/marketing\/wp-json\/wp\/v2\/tags?post=6053"}],"curies":[{"name":"wp","href":"https:\/\/api.w.org\/{rel}","templated":true}]}}