{"id":6037,"date":"2019-02-06T17:04:23","date_gmt":"2019-02-06T19:04:23","guid":{"rendered":"http:\/\/www.cidademarketing.com.br\/marketing\/?p=6037"},"modified":"2019-02-06T17:06:15","modified_gmt":"2019-02-06T19:06:15","slug":"prefeitura-de-sao-paulo-lanca-chamamento-publico-para-compartilhamento-de-patinetes-eletricos","status":"publish","type":"post","link":"https:\/\/www.cidademarketing.com.br\/marketing\/2019\/02\/06\/prefeitura-de-sao-paulo-lanca-chamamento-publico-para-compartilhamento-de-patinetes-eletricos\/","title":{"rendered":"Prefeitura de S\u00e3o Paulo lan\u00e7a chamamento p\u00fablico para compartilhamento de patinetes el\u00e9tricos"},"content":{"rendered":"\n<p>A Prefeitura de S\u00e3o Paulo, por meio da Secretaria Municipal de Mobilidade e Transportes (SMT), publicou neste s\u00e1bado (2) o edital de chamamento p\u00fablico para empresas interessadas no processo de regulamenta\u00e7\u00e3o do sistema de compartilhamento de patinetes el\u00e9tricos.O objetivo \u00e9 identificar as operadoras e envolv\u00ea-las na elabora\u00e7\u00e3o de regras de implanta\u00e7\u00e3o e utiliza\u00e7\u00e3o desse modal. A SMT pretende garantir que o compartilhamento de patinetes el\u00e9tricos seja oferecido de forma segura para todos os usu\u00e1rios do espa\u00e7o p\u00fablico, especialmente os pedestres.<\/p>\n\n\n\n<p>No in\u00edcio de janeiro, a SMT constituiu um grupo de trabalho para iniciar estudos e conduzir o processo de regulamenta\u00e7\u00e3o dos patinetes. A Prefeitura vai analisar as experi\u00eancias que outras cidades do mundo tiveram com esse modal \u2013 que integra o que vem sendo chamado de &#8220;micromobilidade&#8221; \u2013, mapear suas potencialidades e, diante das peculiaridades da cidade de S\u00e3o Paulo, mirar em uma constru\u00e7\u00e3o conjunta de normas e condutas com a participa\u00e7\u00e3o do mercado e a sociedade.<\/p>\n\n\n\n<p>O chamamento ser\u00e1 conduzido pelo grupo de trabalho. As operadoras dever\u00e3o apresentar suas manifesta\u00e7\u00f5es de interesse, com as propostas para participar da regulamenta\u00e7\u00e3o, at\u00e9 o dia 18 de fevereiro. Elas ter\u00e3o que comprovar habilita\u00e7\u00e3o jur\u00eddica, regularidade fiscal e trabalhista e sua situa\u00e7\u00e3o econ\u00f4mico-financeira.<\/p>\n\n\n\n<p>As empresas dever\u00e3o assinar e cumprir um termo de responsabilidade no qual se comprometer\u00e3o com a implanta\u00e7\u00e3o de medidas de seguran\u00e7a e manuten\u00e7\u00e3o, al\u00e9m de garantir que a opera\u00e7\u00e3o respeite os preceitos do C\u00f3digo de Tr\u00e2nsito Brasileiro, da resolu\u00e7\u00e3o do Contran que disciplina a circula\u00e7\u00e3o de patinetes e das leis municipais sobre a ocupa\u00e7\u00e3o do espa\u00e7o p\u00fablico, especialmente as cal\u00e7adas. Os equipamentos precisar\u00e3o ser seguros, confi\u00e1veis e de qualidade e n\u00e3o poder\u00e3o ser estacionados de modo que impe\u00e7am ou atrapalhem o caminho e a circula\u00e7\u00e3o dos pedestres.<\/p>\n\n\n\n<p>A SMT trabalha para que a futura regulamenta\u00e7\u00e3o esteja alinhada com os princ\u00edpios do Plano de Seguran\u00e7a Vi\u00e1ria \u2013 Vida Segura, em elabora\u00e7\u00e3o na capital, que adota o conceito de Vis\u00e3o Zero, para o qual nenhuma morte \u00e9 aceit\u00e1vel no tr\u00e2nsito.<\/p>\n","protected":false},"excerpt":{"rendered":"<p>A Prefeitura de S\u00e3o Paulo, por meio da Secretaria Municipal de Mobilidade e Transportes (SMT), publicou neste s\u00e1bado (2) o edital de chamamento p\u00fablico para empresas interessadas no processo de regulamenta\u00e7\u00e3o do sistema de compartilhamento de patinetes el\u00e9tricos.O objetivo \u00e9 identificar as operadoras e envolv\u00ea-las na elabora\u00e7\u00e3o de regras de implanta\u00e7\u00e3o e utiliza\u00e7\u00e3o desse modal. [&hellip;]<\/p>\n","protected":false},"author":1,"featured_media":6038,"comment_status":"open","ping_status":"open","sticky":false,"template":"","format":"standard","meta":{"tdm_status":"","tdm_grid_status":"","footnotes":""},"categories":[6],"tags":[28,656],"class_list":["post-6037","post","type-post","status-publish","format-standard","has-post-thumbnail","hentry","category-noticias","tag-marketing","tag-sao-paulo"],"yoast_head":"<!-- This site is optimized with the Yoast SEO plugin v27.5 - https:\/\/yoast.com\/product\/yoast-seo-wordpress\/ -->\n<title>Prefeitura de S\u00e3o Paulo lan\u00e7a chamamento p\u00fablico para compartilhamento de patinetes el\u00e9tricos - CidadeMarketing<\/title>\n<meta name=\"robots\" content=\"index, follow, max-snippet:-1, max-image-preview:large, max-video-preview:-1\" \/>\n<link rel=\"canonical\" href=\"https:\/\/www.cidademarketing.com.br\/marketing\/2019\/02\/06\/prefeitura-de-sao-paulo-lanca-chamamento-publico-para-compartilhamento-de-patinetes-eletricos\/\" \/>\n<meta property=\"og:locale\" content=\"pt_BR\" \/>\n<meta property=\"og:type\" content=\"article\" \/>\n<meta property=\"og:title\" content=\"Prefeitura de S\u00e3o Paulo lan\u00e7a chamamento p\u00fablico para compartilhamento de patinetes el\u00e9tricos - CidadeMarketing\" \/>\n<meta property=\"og:description\" content=\"A Prefeitura de S\u00e3o Paulo, por meio da Secretaria Municipal de Mobilidade e Transportes (SMT), publicou neste s\u00e1bado (2) o edital de chamamento p\u00fablico para empresas interessadas no processo de regulamenta\u00e7\u00e3o do sistema de compartilhamento de patinetes el\u00e9tricos.O objetivo \u00e9 identificar as operadoras e envolv\u00ea-las na elabora\u00e7\u00e3o de regras de implanta\u00e7\u00e3o e utiliza\u00e7\u00e3o desse modal. [&hellip;]\" \/>\n<meta property=\"og:url\" content=\"https:\/\/www.cidademarketing.com.br\/marketing\/2019\/02\/06\/prefeitura-de-sao-paulo-lanca-chamamento-publico-para-compartilhamento-de-patinetes-eletricos\/\" \/>\n<meta property=\"og:site_name\" content=\"CidadeMarketing\" \/>\n<meta property=\"article:publisher\" content=\"https:\/\/www.facebook.com\/portalcidademarketing\" \/>\n<meta property=\"article:author\" content=\"https:\/\/www.facebook.com\/thalesbrandao\" \/>\n<meta property=\"article:published_time\" content=\"2019-02-06T19:04:23+00:00\" \/>\n<meta property=\"article:modified_time\" content=\"2019-02-06T19:06:15+00:00\" \/>\n<meta property=\"og:image\" content=\"https:\/\/www.cidademarketing.com.br\/marketing\/wp-content\/uploads\/2019\/02\/patinete_eletronico.jpg\" \/>\n\t<meta property=\"og:image:width\" content=\"800\" \/>\n\t<meta property=\"og:image:height\" content=\"800\" \/>\n\t<meta property=\"og:image:type\" content=\"image\/jpeg\" \/>\n<meta name=\"author\" content=\"Thales Brand\u00e3o\" \/>\n<meta name=\"twitter:card\" content=\"summary_large_image\" \/>\n<meta name=\"twitter:creator\" content=\"@http:\/\/www.twitter.com\/thalesbrandao\" \/>\n<meta name=\"twitter:site\" content=\"@CidadeMarketing\" \/>\n<meta name=\"twitter:label1\" content=\"Escrito por\" \/>\n\t<meta name=\"twitter:data1\" content=\"Thales Brand\u00e3o\" \/>\n\t<meta name=\"twitter:label2\" content=\"Est. tempo de leitura\" \/>\n\t<meta name=\"twitter:data2\" content=\"2 minutos\" \/>\n<script type=\"application\/ld+json\" class=\"yoast-schema-graph\">{\"@context\":\"https:\\\/\\\/schema.org\",\"@graph\":[{\"@type\":\"Article\",\"@id\":\"https:\\\/\\\/www.cidademarketing.com.br\\\/marketing\\\/2019\\\/02\\\/06\\\/prefeitura-de-sao-paulo-lanca-chamamento-publico-para-compartilhamento-de-patinetes-eletricos\\\/#article\",\"isPartOf\":{\"@id\":\"https:\\\/\\\/www.cidademarketing.com.br\\\/marketing\\\/2019\\\/02\\\/06\\\/prefeitura-de-sao-paulo-lanca-chamamento-publico-para-compartilhamento-de-patinetes-eletricos\\\/\"},\"author\":{\"name\":\"Thales Brand\u00e3o\",\"@id\":\"https:\\\/\\\/www.cidademarketing.com.br\\\/marketing\\\/#\\\/schema\\\/person\\\/02daff9f18bd9378c9e01eb6b2db155f\"},\"headline\":\"Prefeitura de S\u00e3o Paulo lan\u00e7a chamamento p\u00fablico para compartilhamento de patinetes el\u00e9tricos\",\"datePublished\":\"2019-02-06T19:04:23+00:00\",\"dateModified\":\"2019-02-06T19:06:15+00:00\",\"mainEntityOfPage\":{\"@id\":\"https:\\\/\\\/www.cidademarketing.com.br\\\/marketing\\\/2019\\\/02\\\/06\\\/prefeitura-de-sao-paulo-lanca-chamamento-publico-para-compartilhamento-de-patinetes-eletricos\\\/\"},\"wordCount\":394,\"commentCount\":0,\"publisher\":{\"@id\":\"https:\\\/\\\/www.cidademarketing.com.br\\\/marketing\\\/#organization\"},\"image\":{\"@id\":\"https:\\\/\\\/www.cidademarketing.com.br\\\/marketing\\\/2019\\\/02\\\/06\\\/prefeitura-de-sao-paulo-lanca-chamamento-publico-para-compartilhamento-de-patinetes-eletricos\\\/#primaryimage\"},\"thumbnailUrl\":\"https:\\\/\\\/www.cidademarketing.com.br\\\/marketing\\\/wp-content\\\/uploads\\\/2019\\\/02\\\/patinete_eletronico.jpg\",\"keywords\":[\"marketing\",\"S\u00e3o Paulo\"],\"articleSection\":[\"Not\u00edcias\"],\"inLanguage\":\"pt-BR\",\"potentialAction\":[{\"@type\":\"CommentAction\",\"name\":\"Comment\",\"target\":[\"https:\\\/\\\/www.cidademarketing.com.br\\\/marketing\\\/2019\\\/02\\\/06\\\/prefeitura-de-sao-paulo-lanca-chamamento-publico-para-compartilhamento-de-patinetes-eletricos\\\/#respond\"]}]},{\"@type\":\"WebPage\",\"@id\":\"https:\\\/\\\/www.cidademarketing.com.br\\\/marketing\\\/2019\\\/02\\\/06\\\/prefeitura-de-sao-paulo-lanca-chamamento-publico-para-compartilhamento-de-patinetes-eletricos\\\/\",\"url\":\"https:\\\/\\\/www.cidademarketing.com.br\\\/marketing\\\/2019\\\/02\\\/06\\\/prefeitura-de-sao-paulo-lanca-chamamento-publico-para-compartilhamento-de-patinetes-eletricos\\\/\",\"name\":\"Prefeitura de S\u00e3o Paulo lan\u00e7a chamamento p\u00fablico para compartilhamento de patinetes el\u00e9tricos - CidadeMarketing\",\"isPartOf\":{\"@id\":\"https:\\\/\\\/www.cidademarketing.com.br\\\/marketing\\\/#website\"},\"primaryImageOfPage\":{\"@id\":\"https:\\\/\\\/www.cidademarketing.com.br\\\/marketing\\\/2019\\\/02\\\/06\\\/prefeitura-de-sao-paulo-lanca-chamamento-publico-para-compartilhamento-de-patinetes-eletricos\\\/#primaryimage\"},\"image\":{\"@id\":\"https:\\\/\\\/www.cidademarketing.com.br\\\/marketing\\\/2019\\\/02\\\/06\\\/prefeitura-de-sao-paulo-lanca-chamamento-publico-para-compartilhamento-de-patinetes-eletricos\\\/#primaryimage\"},\"thumbnailUrl\":\"https:\\\/\\\/www.cidademarketing.com.br\\\/marketing\\\/wp-content\\\/uploads\\\/2019\\\/02\\\/patinete_eletronico.jpg\",\"datePublished\":\"2019-02-06T19:04:23+00:00\",\"dateModified\":\"2019-02-06T19:06:15+00:00\",\"breadcrumb\":{\"@id\":\"https:\\\/\\\/www.cidademarketing.com.br\\\/marketing\\\/2019\\\/02\\\/06\\\/prefeitura-de-sao-paulo-lanca-chamamento-publico-para-compartilhamento-de-patinetes-eletricos\\\/#breadcrumb\"},\"inLanguage\":\"pt-BR\",\"potentialAction\":[{\"@type\":\"ReadAction\",\"target\":[\"https:\\\/\\\/www.cidademarketing.com.br\\\/marketing\\\/2019\\\/02\\\/06\\\/prefeitura-de-sao-paulo-lanca-chamamento-publico-para-compartilhamento-de-patinetes-eletricos\\\/\"]}]},{\"@type\":\"ImageObject\",\"inLanguage\":\"pt-BR\",\"@id\":\"https:\\\/\\\/www.cidademarketing.com.br\\\/marketing\\\/2019\\\/02\\\/06\\\/prefeitura-de-sao-paulo-lanca-chamamento-publico-para-compartilhamento-de-patinetes-eletricos\\\/#primaryimage\",\"url\":\"https:\\\/\\\/www.cidademarketing.com.br\\\/marketing\\\/wp-content\\\/uploads\\\/2019\\\/02\\\/patinete_eletronico.jpg\",\"contentUrl\":\"https:\\\/\\\/www.cidademarketing.com.br\\\/marketing\\\/wp-content\\\/uploads\\\/2019\\\/02\\\/patinete_eletronico.jpg\",\"width\":800,\"height\":800},{\"@type\":\"BreadcrumbList\",\"@id\":\"https:\\\/\\\/www.cidademarketing.com.br\\\/marketing\\\/2019\\\/02\\\/06\\\/prefeitura-de-sao-paulo-lanca-chamamento-publico-para-compartilhamento-de-patinetes-eletricos\\\/#breadcrumb\",\"itemListElement\":[{\"@type\":\"ListItem\",\"position\":1,\"name\":\"In\u00edcio\",\"item\":\"https:\\\/\\\/www.cidademarketing.com.br\\\/marketing\\\/\"},{\"@type\":\"ListItem\",\"position\":2,\"name\":\"Prefeitura de S\u00e3o Paulo lan\u00e7a chamamento p\u00fablico para compartilhamento de patinetes el\u00e9tricos\"}]},{\"@type\":\"WebSite\",\"@id\":\"https:\\\/\\\/www.cidademarketing.com.br\\\/marketing\\\/#website\",\"url\":\"https:\\\/\\\/www.cidademarketing.com.br\\\/marketing\\\/\",\"name\":\"CidadeMarketing\",\"description\":\"Somos um ve\u00edculo de comunica\u00e7\u00e3o de destaque no Brasil, reconhecido por conte\u00fados nos segmentos de marketing, empreendedorismo e inova\u00e7\u00e3o.\",\"publisher\":{\"@id\":\"https:\\\/\\\/www.cidademarketing.com.br\\\/marketing\\\/#organization\"},\"alternateName\":\"CidadeMarketing\",\"potentialAction\":[{\"@type\":\"SearchAction\",\"target\":{\"@type\":\"EntryPoint\",\"urlTemplate\":\"https:\\\/\\\/www.cidademarketing.com.br\\\/marketing\\\/?s={search_term_string}\"},\"query-input\":{\"@type\":\"PropertyValueSpecification\",\"valueRequired\":true,\"valueName\":\"search_term_string\"}}],\"inLanguage\":\"pt-BR\"},{\"@type\":\"Organization\",\"@id\":\"https:\\\/\\\/www.cidademarketing.com.br\\\/marketing\\\/#organization\",\"name\":\"CidadeMarketing\",\"alternateName\":\"CidadeMarketing\",\"url\":\"https:\\\/\\\/www.cidademarketing.com.br\\\/marketing\\\/\",\"logo\":{\"@type\":\"ImageObject\",\"inLanguage\":\"pt-BR\",\"@id\":\"https:\\\/\\\/www.cidademarketing.com.br\\\/marketing\\\/#\\\/schema\\\/logo\\\/image\\\/\",\"url\":\"https:\\\/\\\/www.cidademarketing.com.br\\\/marketing\\\/wp-content\\\/uploads\\\/2020\\\/01\\\/cidademarketing_marca_mobile.png\",\"contentUrl\":\"https:\\\/\\\/www.cidademarketing.com.br\\\/marketing\\\/wp-content\\\/uploads\\\/2020\\\/01\\\/cidademarketing_marca_mobile.png\",\"width\":230,\"height\":92,\"caption\":\"CidadeMarketing\"},\"image\":{\"@id\":\"https:\\\/\\\/www.cidademarketing.com.br\\\/marketing\\\/#\\\/schema\\\/logo\\\/image\\\/\"},\"sameAs\":[\"https:\\\/\\\/www.facebook.com\\\/portalcidademarketing\",\"https:\\\/\\\/x.com\\\/CidadeMarketing\",\"https:\\\/\\\/www.instagram.com\\\/cidademarketing\\\/\"]},{\"@type\":\"Person\",\"@id\":\"https:\\\/\\\/www.cidademarketing.com.br\\\/marketing\\\/#\\\/schema\\\/person\\\/02daff9f18bd9378c9e01eb6b2db155f\",\"name\":\"Thales Brand\u00e3o\",\"image\":{\"@type\":\"ImageObject\",\"inLanguage\":\"pt-BR\",\"@id\":\"https:\\\/\\\/secure.gravatar.com\\\/avatar\\\/7ca3206950207cc3cb48feec56a8a7898741ab725c368d99d5d7a5a50aab80c6?s=96&d=mm&r=g\",\"url\":\"https:\\\/\\\/secure.gravatar.com\\\/avatar\\\/7ca3206950207cc3cb48feec56a8a7898741ab725c368d99d5d7a5a50aab80c6?s=96&d=mm&r=g\",\"contentUrl\":\"https:\\\/\\\/secure.gravatar.com\\\/avatar\\\/7ca3206950207cc3cb48feec56a8a7898741ab725c368d99d5d7a5a50aab80c6?s=96&d=mm&r=g\",\"caption\":\"Thales Brand\u00e3o\"},\"description\":\"Editor Executivo do Portal CidadeMarketing.com.br &gt; Mestre em Comunica\u00e7\u00e3o e Sociedade pela Universidade Federal de Sergipe. Possui MBA Executivo em Administra\u00e7\u00e3o com \u00eanfase em Marketing pela Funda\u00e7\u00e3o Get\u00falio Vargas - Rio de Janeiro. Consultor, Palestrante e Pesquisador sobre Empreendedorismo, Marketing, Redes Sociais e Neg\u00f3cios Digitais. Professor, Palestrante TedxTalks e Campus Party. Twitter: @ThalesBrandao\",\"sameAs\":[\"http:\\\/\\\/www.mandacaru.com.br\",\"https:\\\/\\\/www.facebook.com\\\/thalesbrandao\",\"http:\\\/\\\/www.instagram.com.br\\\/thalesbrandaoferreira\",\"https:\\\/\\\/www.linkedin.com\\\/in\\\/thales-brand\u00e3o-3948609\\\/\",\"https:\\\/\\\/x.com\\\/http:\\\/\\\/www.twitter.com\\\/thalesbrandao\"],\"url\":\"https:\\\/\\\/www.cidademarketing.com.br\\\/marketing\\\/author\\\/thalesbrandao\\\/\"}]}<\/script>\n<!-- \/ Yoast SEO plugin. -->","yoast_head_json":{"title":"Prefeitura de S\u00e3o Paulo lan\u00e7a chamamento p\u00fablico para compartilhamento de patinetes el\u00e9tricos - CidadeMarketing","robots":{"index":"index","follow":"follow","max-snippet":"max-snippet:-1","max-image-preview":"max-image-preview:large","max-video-preview":"max-video-preview:-1"},"canonical":"https:\/\/www.cidademarketing.com.br\/marketing\/2019\/02\/06\/prefeitura-de-sao-paulo-lanca-chamamento-publico-para-compartilhamento-de-patinetes-eletricos\/","og_locale":"pt_BR","og_type":"article","og_title":"Prefeitura de S\u00e3o Paulo lan\u00e7a chamamento p\u00fablico para compartilhamento de patinetes el\u00e9tricos - CidadeMarketing","og_description":"A Prefeitura de S\u00e3o Paulo, por meio da Secretaria Municipal de Mobilidade e Transportes (SMT), publicou neste s\u00e1bado (2) o edital de chamamento p\u00fablico para empresas interessadas no processo de regulamenta\u00e7\u00e3o do sistema de compartilhamento de patinetes el\u00e9tricos.O objetivo \u00e9 identificar as operadoras e envolv\u00ea-las na elabora\u00e7\u00e3o de regras de implanta\u00e7\u00e3o e utiliza\u00e7\u00e3o desse modal. [&hellip;]","og_url":"https:\/\/www.cidademarketing.com.br\/marketing\/2019\/02\/06\/prefeitura-de-sao-paulo-lanca-chamamento-publico-para-compartilhamento-de-patinetes-eletricos\/","og_site_name":"CidadeMarketing","article_publisher":"https:\/\/www.facebook.com\/portalcidademarketing","article_author":"https:\/\/www.facebook.com\/thalesbrandao","article_published_time":"2019-02-06T19:04:23+00:00","article_modified_time":"2019-02-06T19:06:15+00:00","og_image":[{"width":800,"height":800,"url":"https:\/\/www.cidademarketing.com.br\/marketing\/wp-content\/uploads\/2019\/02\/patinete_eletronico.jpg","type":"image\/jpeg"}],"author":"Thales Brand\u00e3o","twitter_card":"summary_large_image","twitter_creator":"@http:\/\/www.twitter.com\/thalesbrandao","twitter_site":"@CidadeMarketing","twitter_misc":{"Escrito por":"Thales Brand\u00e3o","Est. tempo de leitura":"2 minutos"},"schema":{"@context":"https:\/\/schema.org","@graph":[{"@type":"Article","@id":"https:\/\/www.cidademarketing.com.br\/marketing\/2019\/02\/06\/prefeitura-de-sao-paulo-lanca-chamamento-publico-para-compartilhamento-de-patinetes-eletricos\/#article","isPartOf":{"@id":"https:\/\/www.cidademarketing.com.br\/marketing\/2019\/02\/06\/prefeitura-de-sao-paulo-lanca-chamamento-publico-para-compartilhamento-de-patinetes-eletricos\/"},"author":{"name":"Thales Brand\u00e3o","@id":"https:\/\/www.cidademarketing.com.br\/marketing\/#\/schema\/person\/02daff9f18bd9378c9e01eb6b2db155f"},"headline":"Prefeitura de S\u00e3o Paulo lan\u00e7a chamamento p\u00fablico para compartilhamento de patinetes el\u00e9tricos","datePublished":"2019-02-06T19:04:23+00:00","dateModified":"2019-02-06T19:06:15+00:00","mainEntityOfPage":{"@id":"https:\/\/www.cidademarketing.com.br\/marketing\/2019\/02\/06\/prefeitura-de-sao-paulo-lanca-chamamento-publico-para-compartilhamento-de-patinetes-eletricos\/"},"wordCount":394,"commentCount":0,"publisher":{"@id":"https:\/\/www.cidademarketing.com.br\/marketing\/#organization"},"image":{"@id":"https:\/\/www.cidademarketing.com.br\/marketing\/2019\/02\/06\/prefeitura-de-sao-paulo-lanca-chamamento-publico-para-compartilhamento-de-patinetes-eletricos\/#primaryimage"},"thumbnailUrl":"https:\/\/www.cidademarketing.com.br\/marketing\/wp-content\/uploads\/2019\/02\/patinete_eletronico.jpg","keywords":["marketing","S\u00e3o Paulo"],"articleSection":["Not\u00edcias"],"inLanguage":"pt-BR","potentialAction":[{"@type":"CommentAction","name":"Comment","target":["https:\/\/www.cidademarketing.com.br\/marketing\/2019\/02\/06\/prefeitura-de-sao-paulo-lanca-chamamento-publico-para-compartilhamento-de-patinetes-eletricos\/#respond"]}]},{"@type":"WebPage","@id":"https:\/\/www.cidademarketing.com.br\/marketing\/2019\/02\/06\/prefeitura-de-sao-paulo-lanca-chamamento-publico-para-compartilhamento-de-patinetes-eletricos\/","url":"https:\/\/www.cidademarketing.com.br\/marketing\/2019\/02\/06\/prefeitura-de-sao-paulo-lanca-chamamento-publico-para-compartilhamento-de-patinetes-eletricos\/","name":"Prefeitura de S\u00e3o Paulo lan\u00e7a chamamento p\u00fablico para compartilhamento de patinetes el\u00e9tricos - CidadeMarketing","isPartOf":{"@id":"https:\/\/www.cidademarketing.com.br\/marketing\/#website"},"primaryImageOfPage":{"@id":"https:\/\/www.cidademarketing.com.br\/marketing\/2019\/02\/06\/prefeitura-de-sao-paulo-lanca-chamamento-publico-para-compartilhamento-de-patinetes-eletricos\/#primaryimage"},"image":{"@id":"https:\/\/www.cidademarketing.com.br\/marketing\/2019\/02\/06\/prefeitura-de-sao-paulo-lanca-chamamento-publico-para-compartilhamento-de-patinetes-eletricos\/#primaryimage"},"thumbnailUrl":"https:\/\/www.cidademarketing.com.br\/marketing\/wp-content\/uploads\/2019\/02\/patinete_eletronico.jpg","datePublished":"2019-02-06T19:04:23+00:00","dateModified":"2019-02-06T19:06:15+00:00","breadcrumb":{"@id":"https:\/\/www.cidademarketing.com.br\/marketing\/2019\/02\/06\/prefeitura-de-sao-paulo-lanca-chamamento-publico-para-compartilhamento-de-patinetes-eletricos\/#breadcrumb"},"inLanguage":"pt-BR","potentialAction":[{"@type":"ReadAction","target":["https:\/\/www.cidademarketing.com.br\/marketing\/2019\/02\/06\/prefeitura-de-sao-paulo-lanca-chamamento-publico-para-compartilhamento-de-patinetes-eletricos\/"]}]},{"@type":"ImageObject","inLanguage":"pt-BR","@id":"https:\/\/www.cidademarketing.com.br\/marketing\/2019\/02\/06\/prefeitura-de-sao-paulo-lanca-chamamento-publico-para-compartilhamento-de-patinetes-eletricos\/#primaryimage","url":"https:\/\/www.cidademarketing.com.br\/marketing\/wp-content\/uploads\/2019\/02\/patinete_eletronico.jpg","contentUrl":"https:\/\/www.cidademarketing.com.br\/marketing\/wp-content\/uploads\/2019\/02\/patinete_eletronico.jpg","width":800,"height":800},{"@type":"BreadcrumbList","@id":"https:\/\/www.cidademarketing.com.br\/marketing\/2019\/02\/06\/prefeitura-de-sao-paulo-lanca-chamamento-publico-para-compartilhamento-de-patinetes-eletricos\/#breadcrumb","itemListElement":[{"@type":"ListItem","position":1,"name":"In\u00edcio","item":"https:\/\/www.cidademarketing.com.br\/marketing\/"},{"@type":"ListItem","position":2,"name":"Prefeitura de S\u00e3o Paulo lan\u00e7a chamamento p\u00fablico para compartilhamento de patinetes el\u00e9tricos"}]},{"@type":"WebSite","@id":"https:\/\/www.cidademarketing.com.br\/marketing\/#website","url":"https:\/\/www.cidademarketing.com.br\/marketing\/","name":"CidadeMarketing","description":"Somos um ve\u00edculo de comunica\u00e7\u00e3o de destaque no Brasil, reconhecido por conte\u00fados nos segmentos de marketing, empreendedorismo e inova\u00e7\u00e3o.","publisher":{"@id":"https:\/\/www.cidademarketing.com.br\/marketing\/#organization"},"alternateName":"CidadeMarketing","potentialAction":[{"@type":"SearchAction","target":{"@type":"EntryPoint","urlTemplate":"https:\/\/www.cidademarketing.com.br\/marketing\/?s={search_term_string}"},"query-input":{"@type":"PropertyValueSpecification","valueRequired":true,"valueName":"search_term_string"}}],"inLanguage":"pt-BR"},{"@type":"Organization","@id":"https:\/\/www.cidademarketing.com.br\/marketing\/#organization","name":"CidadeMarketing","alternateName":"CidadeMarketing","url":"https:\/\/www.cidademarketing.com.br\/marketing\/","logo":{"@type":"ImageObject","inLanguage":"pt-BR","@id":"https:\/\/www.cidademarketing.com.br\/marketing\/#\/schema\/logo\/image\/","url":"https:\/\/www.cidademarketing.com.br\/marketing\/wp-content\/uploads\/2020\/01\/cidademarketing_marca_mobile.png","contentUrl":"https:\/\/www.cidademarketing.com.br\/marketing\/wp-content\/uploads\/2020\/01\/cidademarketing_marca_mobile.png","width":230,"height":92,"caption":"CidadeMarketing"},"image":{"@id":"https:\/\/www.cidademarketing.com.br\/marketing\/#\/schema\/logo\/image\/"},"sameAs":["https:\/\/www.facebook.com\/portalcidademarketing","https:\/\/x.com\/CidadeMarketing","https:\/\/www.instagram.com\/cidademarketing\/"]},{"@type":"Person","@id":"https:\/\/www.cidademarketing.com.br\/marketing\/#\/schema\/person\/02daff9f18bd9378c9e01eb6b2db155f","name":"Thales Brand\u00e3o","image":{"@type":"ImageObject","inLanguage":"pt-BR","@id":"https:\/\/secure.gravatar.com\/avatar\/7ca3206950207cc3cb48feec56a8a7898741ab725c368d99d5d7a5a50aab80c6?s=96&d=mm&r=g","url":"https:\/\/secure.gravatar.com\/avatar\/7ca3206950207cc3cb48feec56a8a7898741ab725c368d99d5d7a5a50aab80c6?s=96&d=mm&r=g","contentUrl":"https:\/\/secure.gravatar.com\/avatar\/7ca3206950207cc3cb48feec56a8a7898741ab725c368d99d5d7a5a50aab80c6?s=96&d=mm&r=g","caption":"Thales Brand\u00e3o"},"description":"Editor Executivo do Portal CidadeMarketing.com.br &gt; Mestre em Comunica\u00e7\u00e3o e Sociedade pela Universidade Federal de Sergipe. Possui MBA Executivo em Administra\u00e7\u00e3o com \u00eanfase em Marketing pela Funda\u00e7\u00e3o Get\u00falio Vargas - Rio de Janeiro. Consultor, Palestrante e Pesquisador sobre Empreendedorismo, Marketing, Redes Sociais e Neg\u00f3cios Digitais. Professor, Palestrante TedxTalks e Campus Party. Twitter: @ThalesBrandao","sameAs":["http:\/\/www.mandacaru.com.br","https:\/\/www.facebook.com\/thalesbrandao","http:\/\/www.instagram.com.br\/thalesbrandaoferreira","https:\/\/www.linkedin.com\/in\/thales-brand\u00e3o-3948609\/","https:\/\/x.com\/http:\/\/www.twitter.com\/thalesbrandao"],"url":"https:\/\/www.cidademarketing.com.br\/marketing\/author\/thalesbrandao\/"}]}},"amp_enabled":true,"_links":{"self":[{"href":"https:\/\/www.cidademarketing.com.br\/marketing\/wp-json\/wp\/v2\/posts\/6037","targetHints":{"allow":["GET"]}}],"collection":[{"href":"https:\/\/www.cidademarketing.com.br\/marketing\/wp-json\/wp\/v2\/posts"}],"about":[{"href":"https:\/\/www.cidademarketing.com.br\/marketing\/wp-json\/wp\/v2\/types\/post"}],"author":[{"embeddable":true,"href":"https:\/\/www.cidademarketing.com.br\/marketing\/wp-json\/wp\/v2\/users\/1"}],"replies":[{"embeddable":true,"href":"https:\/\/www.cidademarketing.com.br\/marketing\/wp-json\/wp\/v2\/comments?post=6037"}],"version-history":[{"count":1,"href":"https:\/\/www.cidademarketing.com.br\/marketing\/wp-json\/wp\/v2\/posts\/6037\/revisions"}],"predecessor-version":[{"id":6039,"href":"https:\/\/www.cidademarketing.com.br\/marketing\/wp-json\/wp\/v2\/posts\/6037\/revisions\/6039"}],"wp:featuredmedia":[{"embeddable":true,"href":"https:\/\/www.cidademarketing.com.br\/marketing\/wp-json\/wp\/v2\/media\/6038"}],"wp:attachment":[{"href":"https:\/\/www.cidademarketing.com.br\/marketing\/wp-json\/wp\/v2\/media?parent=6037"}],"wp:term":[{"taxonomy":"category","embeddable":true,"href":"https:\/\/www.cidademarketing.com.br\/marketing\/wp-json\/wp\/v2\/categories?post=6037"},{"taxonomy":"post_tag","embeddable":true,"href":"https:\/\/www.cidademarketing.com.br\/marketing\/wp-json\/wp\/v2\/tags?post=6037"}],"curies":[{"name":"wp","href":"https:\/\/api.w.org\/{rel}","templated":true}]}}