{"id":6031,"date":"2019-02-06T16:27:22","date_gmt":"2019-02-06T18:27:22","guid":{"rendered":"http:\/\/www.cidademarketing.com.br\/marketing\/?p=6031"},"modified":"2019-02-06T16:27:24","modified_gmt":"2019-02-06T18:27:24","slug":"mec-divulga-o-resultado-da-primeira-chamada-do-processo-seletivo-do-prouni-2019","status":"publish","type":"post","link":"https:\/\/www.cidademarketing.com.br\/marketing\/2019\/02\/06\/mec-divulga-o-resultado-da-primeira-chamada-do-processo-seletivo-do-prouni-2019\/","title":{"rendered":"MEC divulga o resultado da primeira chamada do processo seletivo do ProUni 2019"},"content":{"rendered":"\n<p>O Minist\u00e9rio da Educa\u00e7\u00e3o divulgou nesta ter\u00e7a-feira, 6, o resultado da primeira chamada do processo seletivo do Programa Universidade para Todos (ProUni), referente ao primeiro semestre de 2019. A lista dos estudantes pr\u00e9-selecionados j\u00e1 est\u00e1 dispon\u00edvel na p\u00e1gina do programa na internet. Para garantir a bolsa, o estudante deve comparecer \u00e0 institui\u00e7\u00e3o para a qual foi pr\u00e9-selecionado e apresentar os documentos que comprovem as informa\u00e7\u00f5es prestadas na ficha de inscri\u00e7\u00e3o. Esse processo dever\u00e1 ser realizado at\u00e9 o dia 14 de fevereiro.<\/p>\n\n\n\n<p>O ProUni concede bolsas de estudo integrais e parciais em cursos de gradua\u00e7\u00e3o e sequenciais de forma\u00e7\u00e3o espec\u00edfica, em institui\u00e7\u00f5es de educa\u00e7\u00e3o superior privadas. De acordo com as regras do programa, as bolsas integrais s\u00e3o destinadas aos estudantes com renda familiar bruta mensal de at\u00e9 um sal\u00e1rio m\u00ednimo e meio por pessoa. J\u00e1 as parciais contemplam os candidatos que t\u00eam renda familiar bruta mensal de at\u00e9 tr\u00eas sal\u00e1rios m\u00ednimos por pessoa.<\/p>\n\n\n\n<p>O processo seletivo \u00e9 composto por duas chamadas e a segunda lista de pr\u00e9-selecionados ser\u00e1 divulgada no dia 20 de fevereiro. Para os candidatos pr\u00e9-selecionados em segunda chamada, a entrega dos documentos comprobat\u00f3rios das informa\u00e7\u00f5es prestadas na inscri\u00e7\u00e3o ocorrer\u00e1 entre os dias 20 e 27 de fevereiro.<\/p>\n\n\n\n<p>Caso o candidato n\u00e3o seja pr\u00e9-selecionado nas chamadas regulares, poder\u00e1 manifestar interesse em participar da lista de espera entre os dias 7 e 8 de mar\u00e7o, na p\u00e1gina do ProUni. Todos os candidatos participantes da lista de espera ter\u00e3o que comparecer, entre os dias 12 e 13 de mar\u00e7o, \u00e0s respectivas institui\u00e7\u00f5es para apresentar a documenta\u00e7\u00e3o para comprova\u00e7\u00e3o das informa\u00e7\u00f5es.<\/p>\n\n\n\n<p><strong>Programa<\/strong>&nbsp;\u2013 Podem concorrer \u00e0s bolsas do ProUni brasileiros sem diploma de curso superior e que tenham participado do Exame Nacional do Ensino M\u00e9dio (Enem) em 2018, tendo obtido, no m\u00ednimo, 450 pontos na m\u00e9dia das notas do Exame, al\u00e9m de nota na reda\u00e7\u00e3o que n\u00e3o tenha sido zero.<\/p>\n\n\n\n<p>O candidato ainda deve atender a pelo menos um dos requisitos a seguir: ter cursado o ensino m\u00e9dio completo em escola da rede p\u00fablica, ou em institui\u00e7\u00e3o privada como bolsista integral, possuir alguma defici\u00eancia ou ser professor da rede p\u00fablica.<\/p>\n\n\n\n<p><a href=\"http:\/\/siteprouni.mec.gov.br\/\" target=\"_blank\" rel=\"noreferrer noopener\">Acesse a p\u00e1gina do ProUni<\/a><\/p>\n","protected":false},"excerpt":{"rendered":"<p>O Minist\u00e9rio da Educa\u00e7\u00e3o divulgou nesta ter\u00e7a-feira, 6, o resultado da primeira chamada do processo seletivo do Programa Universidade para Todos (ProUni), referente ao primeiro semestre de 2019. A lista dos estudantes pr\u00e9-selecionados j\u00e1 est\u00e1 dispon\u00edvel na p\u00e1gina do programa na internet. Para garantir a bolsa, o estudante deve comparecer \u00e0 institui\u00e7\u00e3o para a qual [&hellip;]<\/p>\n","protected":false},"author":1,"featured_media":6032,"comment_status":"open","ping_status":"open","sticky":false,"template":"","format":"standard","meta":{"tdm_status":"","tdm_grid_status":"","footnotes":""},"categories":[6],"tags":[100,1316],"class_list":["post-6031","post","type-post","status-publish","format-standard","has-post-thumbnail","hentry","category-noticias","tag-educacao","tag-prouni"],"yoast_head":"<!-- This site is optimized with the Yoast SEO plugin v27.5 - https:\/\/yoast.com\/product\/yoast-seo-wordpress\/ -->\n<title>MEC divulga o resultado da primeira chamada do processo seletivo do ProUni 2019 - CidadeMarketing<\/title>\n<meta name=\"robots\" content=\"index, follow, max-snippet:-1, max-image-preview:large, max-video-preview:-1\" \/>\n<link rel=\"canonical\" href=\"https:\/\/www.cidademarketing.com.br\/marketing\/2019\/02\/06\/mec-divulga-o-resultado-da-primeira-chamada-do-processo-seletivo-do-prouni-2019\/\" \/>\n<meta property=\"og:locale\" content=\"pt_BR\" \/>\n<meta property=\"og:type\" content=\"article\" \/>\n<meta property=\"og:title\" content=\"MEC divulga o resultado da primeira chamada do processo seletivo do ProUni 2019 - CidadeMarketing\" \/>\n<meta property=\"og:description\" content=\"O Minist\u00e9rio da Educa\u00e7\u00e3o divulgou nesta ter\u00e7a-feira, 6, o resultado da primeira chamada do processo seletivo do Programa Universidade para Todos (ProUni), referente ao primeiro semestre de 2019. A lista dos estudantes pr\u00e9-selecionados j\u00e1 est\u00e1 dispon\u00edvel na p\u00e1gina do programa na internet. Para garantir a bolsa, o estudante deve comparecer \u00e0 institui\u00e7\u00e3o para a qual [&hellip;]\" \/>\n<meta property=\"og:url\" content=\"https:\/\/www.cidademarketing.com.br\/marketing\/2019\/02\/06\/mec-divulga-o-resultado-da-primeira-chamada-do-processo-seletivo-do-prouni-2019\/\" \/>\n<meta property=\"og:site_name\" content=\"CidadeMarketing\" \/>\n<meta property=\"article:publisher\" content=\"https:\/\/www.facebook.com\/portalcidademarketing\" \/>\n<meta property=\"article:author\" content=\"https:\/\/www.facebook.com\/thalesbrandao\" \/>\n<meta property=\"article:published_time\" content=\"2019-02-06T18:27:22+00:00\" \/>\n<meta property=\"article:modified_time\" content=\"2019-02-06T18:27:24+00:00\" \/>\n<meta property=\"og:image\" content=\"https:\/\/www.cidademarketing.com.br\/marketing\/wp-content\/uploads\/2019\/02\/prouni_ministeriodaeducacao.jpg\" \/>\n\t<meta property=\"og:image:width\" content=\"1280\" \/>\n\t<meta property=\"og:image:height\" content=\"724\" \/>\n\t<meta property=\"og:image:type\" content=\"image\/jpeg\" \/>\n<meta name=\"author\" content=\"Thales Brand\u00e3o\" \/>\n<meta name=\"twitter:card\" content=\"summary_large_image\" \/>\n<meta name=\"twitter:creator\" content=\"@http:\/\/www.twitter.com\/thalesbrandao\" \/>\n<meta name=\"twitter:site\" content=\"@CidadeMarketing\" \/>\n<meta name=\"twitter:label1\" content=\"Escrito por\" \/>\n\t<meta name=\"twitter:data1\" content=\"Thales Brand\u00e3o\" \/>\n\t<meta name=\"twitter:label2\" content=\"Est. tempo de leitura\" \/>\n\t<meta name=\"twitter:data2\" content=\"2 minutos\" \/>\n<script type=\"application\/ld+json\" class=\"yoast-schema-graph\">{\"@context\":\"https:\\\/\\\/schema.org\",\"@graph\":[{\"@type\":\"Article\",\"@id\":\"https:\\\/\\\/www.cidademarketing.com.br\\\/marketing\\\/2019\\\/02\\\/06\\\/mec-divulga-o-resultado-da-primeira-chamada-do-processo-seletivo-do-prouni-2019\\\/#article\",\"isPartOf\":{\"@id\":\"https:\\\/\\\/www.cidademarketing.com.br\\\/marketing\\\/2019\\\/02\\\/06\\\/mec-divulga-o-resultado-da-primeira-chamada-do-processo-seletivo-do-prouni-2019\\\/\"},\"author\":{\"name\":\"Thales Brand\u00e3o\",\"@id\":\"https:\\\/\\\/www.cidademarketing.com.br\\\/marketing\\\/#\\\/schema\\\/person\\\/02daff9f18bd9378c9e01eb6b2db155f\"},\"headline\":\"MEC divulga o resultado da primeira chamada do processo seletivo do ProUni 2019\",\"datePublished\":\"2019-02-06T18:27:22+00:00\",\"dateModified\":\"2019-02-06T18:27:24+00:00\",\"mainEntityOfPage\":{\"@id\":\"https:\\\/\\\/www.cidademarketing.com.br\\\/marketing\\\/2019\\\/02\\\/06\\\/mec-divulga-o-resultado-da-primeira-chamada-do-processo-seletivo-do-prouni-2019\\\/\"},\"wordCount\":400,\"commentCount\":0,\"publisher\":{\"@id\":\"https:\\\/\\\/www.cidademarketing.com.br\\\/marketing\\\/#organization\"},\"image\":{\"@id\":\"https:\\\/\\\/www.cidademarketing.com.br\\\/marketing\\\/2019\\\/02\\\/06\\\/mec-divulga-o-resultado-da-primeira-chamada-do-processo-seletivo-do-prouni-2019\\\/#primaryimage\"},\"thumbnailUrl\":\"https:\\\/\\\/www.cidademarketing.com.br\\\/marketing\\\/wp-content\\\/uploads\\\/2019\\\/02\\\/prouni_ministeriodaeducacao.jpg\",\"keywords\":[\"educa\u00e7\u00e3o\",\"Prouni\"],\"articleSection\":[\"Not\u00edcias\"],\"inLanguage\":\"pt-BR\",\"potentialAction\":[{\"@type\":\"CommentAction\",\"name\":\"Comment\",\"target\":[\"https:\\\/\\\/www.cidademarketing.com.br\\\/marketing\\\/2019\\\/02\\\/06\\\/mec-divulga-o-resultado-da-primeira-chamada-do-processo-seletivo-do-prouni-2019\\\/#respond\"]}]},{\"@type\":\"WebPage\",\"@id\":\"https:\\\/\\\/www.cidademarketing.com.br\\\/marketing\\\/2019\\\/02\\\/06\\\/mec-divulga-o-resultado-da-primeira-chamada-do-processo-seletivo-do-prouni-2019\\\/\",\"url\":\"https:\\\/\\\/www.cidademarketing.com.br\\\/marketing\\\/2019\\\/02\\\/06\\\/mec-divulga-o-resultado-da-primeira-chamada-do-processo-seletivo-do-prouni-2019\\\/\",\"name\":\"MEC divulga o resultado da primeira chamada do processo seletivo do ProUni 2019 - CidadeMarketing\",\"isPartOf\":{\"@id\":\"https:\\\/\\\/www.cidademarketing.com.br\\\/marketing\\\/#website\"},\"primaryImageOfPage\":{\"@id\":\"https:\\\/\\\/www.cidademarketing.com.br\\\/marketing\\\/2019\\\/02\\\/06\\\/mec-divulga-o-resultado-da-primeira-chamada-do-processo-seletivo-do-prouni-2019\\\/#primaryimage\"},\"image\":{\"@id\":\"https:\\\/\\\/www.cidademarketing.com.br\\\/marketing\\\/2019\\\/02\\\/06\\\/mec-divulga-o-resultado-da-primeira-chamada-do-processo-seletivo-do-prouni-2019\\\/#primaryimage\"},\"thumbnailUrl\":\"https:\\\/\\\/www.cidademarketing.com.br\\\/marketing\\\/wp-content\\\/uploads\\\/2019\\\/02\\\/prouni_ministeriodaeducacao.jpg\",\"datePublished\":\"2019-02-06T18:27:22+00:00\",\"dateModified\":\"2019-02-06T18:27:24+00:00\",\"breadcrumb\":{\"@id\":\"https:\\\/\\\/www.cidademarketing.com.br\\\/marketing\\\/2019\\\/02\\\/06\\\/mec-divulga-o-resultado-da-primeira-chamada-do-processo-seletivo-do-prouni-2019\\\/#breadcrumb\"},\"inLanguage\":\"pt-BR\",\"potentialAction\":[{\"@type\":\"ReadAction\",\"target\":[\"https:\\\/\\\/www.cidademarketing.com.br\\\/marketing\\\/2019\\\/02\\\/06\\\/mec-divulga-o-resultado-da-primeira-chamada-do-processo-seletivo-do-prouni-2019\\\/\"]}]},{\"@type\":\"ImageObject\",\"inLanguage\":\"pt-BR\",\"@id\":\"https:\\\/\\\/www.cidademarketing.com.br\\\/marketing\\\/2019\\\/02\\\/06\\\/mec-divulga-o-resultado-da-primeira-chamada-do-processo-seletivo-do-prouni-2019\\\/#primaryimage\",\"url\":\"https:\\\/\\\/www.cidademarketing.com.br\\\/marketing\\\/wp-content\\\/uploads\\\/2019\\\/02\\\/prouni_ministeriodaeducacao.jpg\",\"contentUrl\":\"https:\\\/\\\/www.cidademarketing.com.br\\\/marketing\\\/wp-content\\\/uploads\\\/2019\\\/02\\\/prouni_ministeriodaeducacao.jpg\",\"width\":1280,\"height\":724,\"caption\":\"Divulga\u00e7\u00e3o\\\/Minist\u00e9rio da Educa\u00e7\u00e3o\"},{\"@type\":\"BreadcrumbList\",\"@id\":\"https:\\\/\\\/www.cidademarketing.com.br\\\/marketing\\\/2019\\\/02\\\/06\\\/mec-divulga-o-resultado-da-primeira-chamada-do-processo-seletivo-do-prouni-2019\\\/#breadcrumb\",\"itemListElement\":[{\"@type\":\"ListItem\",\"position\":1,\"name\":\"In\u00edcio\",\"item\":\"https:\\\/\\\/www.cidademarketing.com.br\\\/marketing\\\/\"},{\"@type\":\"ListItem\",\"position\":2,\"name\":\"MEC divulga o resultado da primeira chamada do processo seletivo do ProUni 2019\"}]},{\"@type\":\"WebSite\",\"@id\":\"https:\\\/\\\/www.cidademarketing.com.br\\\/marketing\\\/#website\",\"url\":\"https:\\\/\\\/www.cidademarketing.com.br\\\/marketing\\\/\",\"name\":\"CidadeMarketing\",\"description\":\"Somos um ve\u00edculo de comunica\u00e7\u00e3o de destaque no Brasil, reconhecido por conte\u00fados nos segmentos de marketing, empreendedorismo e inova\u00e7\u00e3o.\",\"publisher\":{\"@id\":\"https:\\\/\\\/www.cidademarketing.com.br\\\/marketing\\\/#organization\"},\"alternateName\":\"CidadeMarketing\",\"potentialAction\":[{\"@type\":\"SearchAction\",\"target\":{\"@type\":\"EntryPoint\",\"urlTemplate\":\"https:\\\/\\\/www.cidademarketing.com.br\\\/marketing\\\/?s={search_term_string}\"},\"query-input\":{\"@type\":\"PropertyValueSpecification\",\"valueRequired\":true,\"valueName\":\"search_term_string\"}}],\"inLanguage\":\"pt-BR\"},{\"@type\":\"Organization\",\"@id\":\"https:\\\/\\\/www.cidademarketing.com.br\\\/marketing\\\/#organization\",\"name\":\"CidadeMarketing\",\"alternateName\":\"CidadeMarketing\",\"url\":\"https:\\\/\\\/www.cidademarketing.com.br\\\/marketing\\\/\",\"logo\":{\"@type\":\"ImageObject\",\"inLanguage\":\"pt-BR\",\"@id\":\"https:\\\/\\\/www.cidademarketing.com.br\\\/marketing\\\/#\\\/schema\\\/logo\\\/image\\\/\",\"url\":\"https:\\\/\\\/www.cidademarketing.com.br\\\/marketing\\\/wp-content\\\/uploads\\\/2020\\\/01\\\/cidademarketing_marca_mobile.png\",\"contentUrl\":\"https:\\\/\\\/www.cidademarketing.com.br\\\/marketing\\\/wp-content\\\/uploads\\\/2020\\\/01\\\/cidademarketing_marca_mobile.png\",\"width\":230,\"height\":92,\"caption\":\"CidadeMarketing\"},\"image\":{\"@id\":\"https:\\\/\\\/www.cidademarketing.com.br\\\/marketing\\\/#\\\/schema\\\/logo\\\/image\\\/\"},\"sameAs\":[\"https:\\\/\\\/www.facebook.com\\\/portalcidademarketing\",\"https:\\\/\\\/x.com\\\/CidadeMarketing\",\"https:\\\/\\\/www.instagram.com\\\/cidademarketing\\\/\"]},{\"@type\":\"Person\",\"@id\":\"https:\\\/\\\/www.cidademarketing.com.br\\\/marketing\\\/#\\\/schema\\\/person\\\/02daff9f18bd9378c9e01eb6b2db155f\",\"name\":\"Thales Brand\u00e3o\",\"image\":{\"@type\":\"ImageObject\",\"inLanguage\":\"pt-BR\",\"@id\":\"https:\\\/\\\/secure.gravatar.com\\\/avatar\\\/7ca3206950207cc3cb48feec56a8a7898741ab725c368d99d5d7a5a50aab80c6?s=96&d=mm&r=g\",\"url\":\"https:\\\/\\\/secure.gravatar.com\\\/avatar\\\/7ca3206950207cc3cb48feec56a8a7898741ab725c368d99d5d7a5a50aab80c6?s=96&d=mm&r=g\",\"contentUrl\":\"https:\\\/\\\/secure.gravatar.com\\\/avatar\\\/7ca3206950207cc3cb48feec56a8a7898741ab725c368d99d5d7a5a50aab80c6?s=96&d=mm&r=g\",\"caption\":\"Thales Brand\u00e3o\"},\"description\":\"Editor Executivo do Portal CidadeMarketing.com.br &gt; Mestre em Comunica\u00e7\u00e3o e Sociedade pela Universidade Federal de Sergipe. Possui MBA Executivo em Administra\u00e7\u00e3o com \u00eanfase em Marketing pela Funda\u00e7\u00e3o Get\u00falio Vargas - Rio de Janeiro. Consultor, Palestrante e Pesquisador sobre Empreendedorismo, Marketing, Redes Sociais e Neg\u00f3cios Digitais. Professor, Palestrante TedxTalks e Campus Party. Twitter: @ThalesBrandao\",\"sameAs\":[\"http:\\\/\\\/www.mandacaru.com.br\",\"https:\\\/\\\/www.facebook.com\\\/thalesbrandao\",\"http:\\\/\\\/www.instagram.com.br\\\/thalesbrandaoferreira\",\"https:\\\/\\\/www.linkedin.com\\\/in\\\/thales-brand\u00e3o-3948609\\\/\",\"https:\\\/\\\/x.com\\\/http:\\\/\\\/www.twitter.com\\\/thalesbrandao\"],\"url\":\"https:\\\/\\\/www.cidademarketing.com.br\\\/marketing\\\/author\\\/thalesbrandao\\\/\"}]}<\/script>\n<!-- \/ Yoast SEO plugin. -->","yoast_head_json":{"title":"MEC divulga o resultado da primeira chamada do processo seletivo do ProUni 2019 - CidadeMarketing","robots":{"index":"index","follow":"follow","max-snippet":"max-snippet:-1","max-image-preview":"max-image-preview:large","max-video-preview":"max-video-preview:-1"},"canonical":"https:\/\/www.cidademarketing.com.br\/marketing\/2019\/02\/06\/mec-divulga-o-resultado-da-primeira-chamada-do-processo-seletivo-do-prouni-2019\/","og_locale":"pt_BR","og_type":"article","og_title":"MEC divulga o resultado da primeira chamada do processo seletivo do ProUni 2019 - CidadeMarketing","og_description":"O Minist\u00e9rio da Educa\u00e7\u00e3o divulgou nesta ter\u00e7a-feira, 6, o resultado da primeira chamada do processo seletivo do Programa Universidade para Todos (ProUni), referente ao primeiro semestre de 2019. A lista dos estudantes pr\u00e9-selecionados j\u00e1 est\u00e1 dispon\u00edvel na p\u00e1gina do programa na internet. Para garantir a bolsa, o estudante deve comparecer \u00e0 institui\u00e7\u00e3o para a qual [&hellip;]","og_url":"https:\/\/www.cidademarketing.com.br\/marketing\/2019\/02\/06\/mec-divulga-o-resultado-da-primeira-chamada-do-processo-seletivo-do-prouni-2019\/","og_site_name":"CidadeMarketing","article_publisher":"https:\/\/www.facebook.com\/portalcidademarketing","article_author":"https:\/\/www.facebook.com\/thalesbrandao","article_published_time":"2019-02-06T18:27:22+00:00","article_modified_time":"2019-02-06T18:27:24+00:00","og_image":[{"width":1280,"height":724,"url":"https:\/\/www.cidademarketing.com.br\/marketing\/wp-content\/uploads\/2019\/02\/prouni_ministeriodaeducacao.jpg","type":"image\/jpeg"}],"author":"Thales Brand\u00e3o","twitter_card":"summary_large_image","twitter_creator":"@http:\/\/www.twitter.com\/thalesbrandao","twitter_site":"@CidadeMarketing","twitter_misc":{"Escrito por":"Thales Brand\u00e3o","Est. tempo de leitura":"2 minutos"},"schema":{"@context":"https:\/\/schema.org","@graph":[{"@type":"Article","@id":"https:\/\/www.cidademarketing.com.br\/marketing\/2019\/02\/06\/mec-divulga-o-resultado-da-primeira-chamada-do-processo-seletivo-do-prouni-2019\/#article","isPartOf":{"@id":"https:\/\/www.cidademarketing.com.br\/marketing\/2019\/02\/06\/mec-divulga-o-resultado-da-primeira-chamada-do-processo-seletivo-do-prouni-2019\/"},"author":{"name":"Thales Brand\u00e3o","@id":"https:\/\/www.cidademarketing.com.br\/marketing\/#\/schema\/person\/02daff9f18bd9378c9e01eb6b2db155f"},"headline":"MEC divulga o resultado da primeira chamada do processo seletivo do ProUni 2019","datePublished":"2019-02-06T18:27:22+00:00","dateModified":"2019-02-06T18:27:24+00:00","mainEntityOfPage":{"@id":"https:\/\/www.cidademarketing.com.br\/marketing\/2019\/02\/06\/mec-divulga-o-resultado-da-primeira-chamada-do-processo-seletivo-do-prouni-2019\/"},"wordCount":400,"commentCount":0,"publisher":{"@id":"https:\/\/www.cidademarketing.com.br\/marketing\/#organization"},"image":{"@id":"https:\/\/www.cidademarketing.com.br\/marketing\/2019\/02\/06\/mec-divulga-o-resultado-da-primeira-chamada-do-processo-seletivo-do-prouni-2019\/#primaryimage"},"thumbnailUrl":"https:\/\/www.cidademarketing.com.br\/marketing\/wp-content\/uploads\/2019\/02\/prouni_ministeriodaeducacao.jpg","keywords":["educa\u00e7\u00e3o","Prouni"],"articleSection":["Not\u00edcias"],"inLanguage":"pt-BR","potentialAction":[{"@type":"CommentAction","name":"Comment","target":["https:\/\/www.cidademarketing.com.br\/marketing\/2019\/02\/06\/mec-divulga-o-resultado-da-primeira-chamada-do-processo-seletivo-do-prouni-2019\/#respond"]}]},{"@type":"WebPage","@id":"https:\/\/www.cidademarketing.com.br\/marketing\/2019\/02\/06\/mec-divulga-o-resultado-da-primeira-chamada-do-processo-seletivo-do-prouni-2019\/","url":"https:\/\/www.cidademarketing.com.br\/marketing\/2019\/02\/06\/mec-divulga-o-resultado-da-primeira-chamada-do-processo-seletivo-do-prouni-2019\/","name":"MEC divulga o resultado da primeira chamada do processo seletivo do ProUni 2019 - CidadeMarketing","isPartOf":{"@id":"https:\/\/www.cidademarketing.com.br\/marketing\/#website"},"primaryImageOfPage":{"@id":"https:\/\/www.cidademarketing.com.br\/marketing\/2019\/02\/06\/mec-divulga-o-resultado-da-primeira-chamada-do-processo-seletivo-do-prouni-2019\/#primaryimage"},"image":{"@id":"https:\/\/www.cidademarketing.com.br\/marketing\/2019\/02\/06\/mec-divulga-o-resultado-da-primeira-chamada-do-processo-seletivo-do-prouni-2019\/#primaryimage"},"thumbnailUrl":"https:\/\/www.cidademarketing.com.br\/marketing\/wp-content\/uploads\/2019\/02\/prouni_ministeriodaeducacao.jpg","datePublished":"2019-02-06T18:27:22+00:00","dateModified":"2019-02-06T18:27:24+00:00","breadcrumb":{"@id":"https:\/\/www.cidademarketing.com.br\/marketing\/2019\/02\/06\/mec-divulga-o-resultado-da-primeira-chamada-do-processo-seletivo-do-prouni-2019\/#breadcrumb"},"inLanguage":"pt-BR","potentialAction":[{"@type":"ReadAction","target":["https:\/\/www.cidademarketing.com.br\/marketing\/2019\/02\/06\/mec-divulga-o-resultado-da-primeira-chamada-do-processo-seletivo-do-prouni-2019\/"]}]},{"@type":"ImageObject","inLanguage":"pt-BR","@id":"https:\/\/www.cidademarketing.com.br\/marketing\/2019\/02\/06\/mec-divulga-o-resultado-da-primeira-chamada-do-processo-seletivo-do-prouni-2019\/#primaryimage","url":"https:\/\/www.cidademarketing.com.br\/marketing\/wp-content\/uploads\/2019\/02\/prouni_ministeriodaeducacao.jpg","contentUrl":"https:\/\/www.cidademarketing.com.br\/marketing\/wp-content\/uploads\/2019\/02\/prouni_ministeriodaeducacao.jpg","width":1280,"height":724,"caption":"Divulga\u00e7\u00e3o\/Minist\u00e9rio da Educa\u00e7\u00e3o"},{"@type":"BreadcrumbList","@id":"https:\/\/www.cidademarketing.com.br\/marketing\/2019\/02\/06\/mec-divulga-o-resultado-da-primeira-chamada-do-processo-seletivo-do-prouni-2019\/#breadcrumb","itemListElement":[{"@type":"ListItem","position":1,"name":"In\u00edcio","item":"https:\/\/www.cidademarketing.com.br\/marketing\/"},{"@type":"ListItem","position":2,"name":"MEC divulga o resultado da primeira chamada do processo seletivo do ProUni 2019"}]},{"@type":"WebSite","@id":"https:\/\/www.cidademarketing.com.br\/marketing\/#website","url":"https:\/\/www.cidademarketing.com.br\/marketing\/","name":"CidadeMarketing","description":"Somos um ve\u00edculo de comunica\u00e7\u00e3o de destaque no Brasil, reconhecido por conte\u00fados nos segmentos de marketing, empreendedorismo e inova\u00e7\u00e3o.","publisher":{"@id":"https:\/\/www.cidademarketing.com.br\/marketing\/#organization"},"alternateName":"CidadeMarketing","potentialAction":[{"@type":"SearchAction","target":{"@type":"EntryPoint","urlTemplate":"https:\/\/www.cidademarketing.com.br\/marketing\/?s={search_term_string}"},"query-input":{"@type":"PropertyValueSpecification","valueRequired":true,"valueName":"search_term_string"}}],"inLanguage":"pt-BR"},{"@type":"Organization","@id":"https:\/\/www.cidademarketing.com.br\/marketing\/#organization","name":"CidadeMarketing","alternateName":"CidadeMarketing","url":"https:\/\/www.cidademarketing.com.br\/marketing\/","logo":{"@type":"ImageObject","inLanguage":"pt-BR","@id":"https:\/\/www.cidademarketing.com.br\/marketing\/#\/schema\/logo\/image\/","url":"https:\/\/www.cidademarketing.com.br\/marketing\/wp-content\/uploads\/2020\/01\/cidademarketing_marca_mobile.png","contentUrl":"https:\/\/www.cidademarketing.com.br\/marketing\/wp-content\/uploads\/2020\/01\/cidademarketing_marca_mobile.png","width":230,"height":92,"caption":"CidadeMarketing"},"image":{"@id":"https:\/\/www.cidademarketing.com.br\/marketing\/#\/schema\/logo\/image\/"},"sameAs":["https:\/\/www.facebook.com\/portalcidademarketing","https:\/\/x.com\/CidadeMarketing","https:\/\/www.instagram.com\/cidademarketing\/"]},{"@type":"Person","@id":"https:\/\/www.cidademarketing.com.br\/marketing\/#\/schema\/person\/02daff9f18bd9378c9e01eb6b2db155f","name":"Thales Brand\u00e3o","image":{"@type":"ImageObject","inLanguage":"pt-BR","@id":"https:\/\/secure.gravatar.com\/avatar\/7ca3206950207cc3cb48feec56a8a7898741ab725c368d99d5d7a5a50aab80c6?s=96&d=mm&r=g","url":"https:\/\/secure.gravatar.com\/avatar\/7ca3206950207cc3cb48feec56a8a7898741ab725c368d99d5d7a5a50aab80c6?s=96&d=mm&r=g","contentUrl":"https:\/\/secure.gravatar.com\/avatar\/7ca3206950207cc3cb48feec56a8a7898741ab725c368d99d5d7a5a50aab80c6?s=96&d=mm&r=g","caption":"Thales Brand\u00e3o"},"description":"Editor Executivo do Portal CidadeMarketing.com.br &gt; Mestre em Comunica\u00e7\u00e3o e Sociedade pela Universidade Federal de Sergipe. Possui MBA Executivo em Administra\u00e7\u00e3o com \u00eanfase em Marketing pela Funda\u00e7\u00e3o Get\u00falio Vargas - Rio de Janeiro. Consultor, Palestrante e Pesquisador sobre Empreendedorismo, Marketing, Redes Sociais e Neg\u00f3cios Digitais. Professor, Palestrante TedxTalks e Campus Party. Twitter: @ThalesBrandao","sameAs":["http:\/\/www.mandacaru.com.br","https:\/\/www.facebook.com\/thalesbrandao","http:\/\/www.instagram.com.br\/thalesbrandaoferreira","https:\/\/www.linkedin.com\/in\/thales-brand\u00e3o-3948609\/","https:\/\/x.com\/http:\/\/www.twitter.com\/thalesbrandao"],"url":"https:\/\/www.cidademarketing.com.br\/marketing\/author\/thalesbrandao\/"}]}},"amp_enabled":true,"_links":{"self":[{"href":"https:\/\/www.cidademarketing.com.br\/marketing\/wp-json\/wp\/v2\/posts\/6031","targetHints":{"allow":["GET"]}}],"collection":[{"href":"https:\/\/www.cidademarketing.com.br\/marketing\/wp-json\/wp\/v2\/posts"}],"about":[{"href":"https:\/\/www.cidademarketing.com.br\/marketing\/wp-json\/wp\/v2\/types\/post"}],"author":[{"embeddable":true,"href":"https:\/\/www.cidademarketing.com.br\/marketing\/wp-json\/wp\/v2\/users\/1"}],"replies":[{"embeddable":true,"href":"https:\/\/www.cidademarketing.com.br\/marketing\/wp-json\/wp\/v2\/comments?post=6031"}],"version-history":[{"count":1,"href":"https:\/\/www.cidademarketing.com.br\/marketing\/wp-json\/wp\/v2\/posts\/6031\/revisions"}],"predecessor-version":[{"id":6033,"href":"https:\/\/www.cidademarketing.com.br\/marketing\/wp-json\/wp\/v2\/posts\/6031\/revisions\/6033"}],"wp:featuredmedia":[{"embeddable":true,"href":"https:\/\/www.cidademarketing.com.br\/marketing\/wp-json\/wp\/v2\/media\/6032"}],"wp:attachment":[{"href":"https:\/\/www.cidademarketing.com.br\/marketing\/wp-json\/wp\/v2\/media?parent=6031"}],"wp:term":[{"taxonomy":"category","embeddable":true,"href":"https:\/\/www.cidademarketing.com.br\/marketing\/wp-json\/wp\/v2\/categories?post=6031"},{"taxonomy":"post_tag","embeddable":true,"href":"https:\/\/www.cidademarketing.com.br\/marketing\/wp-json\/wp\/v2\/tags?post=6031"}],"curies":[{"name":"wp","href":"https:\/\/api.w.org\/{rel}","templated":true}]}}