{"id":59834,"date":"2026-04-28T00:01:13","date_gmt":"2026-04-28T03:01:13","guid":{"rendered":"https:\/\/www.cidademarketing.com.br\/marketing\/?p=59834"},"modified":"2026-04-28T00:01:13","modified_gmt":"2026-04-28T03:01:13","slug":"carrefour-lanca-campanha-com-releitura-de-canta-canta-minha-gente-de-martinho-da-vila","status":"publish","type":"post","link":"https:\/\/www.cidademarketing.com.br\/marketing\/2026\/04\/28\/carrefour-lanca-campanha-com-releitura-de-canta-canta-minha-gente-de-martinho-da-vila\/","title":{"rendered":"Carrefour lan\u00e7a campanha com releitura de \u201cCanta Canta, Minha Gente\u201d de Martinho da Vila"},"content":{"rendered":"<p>O Carrefour lan\u00e7ou a campanha \u201cSempre Rende Mais\u201d, que marca um novo posicionamento da marca no Brasil. A a\u00e7\u00e3o estreia no dia 24 de abril. A estrat\u00e9gia busca refor\u00e7ar a proximidade com o consumidor. O foco est\u00e1 na percep\u00e7\u00e3o de valor e no aumento do poder de compra.<\/p>\n<h4><strong>Campanha aposta no futebol e na cultura brasileira<\/strong><\/h4>\n<p>A comunica\u00e7\u00e3o entra no clima da Copa do Mundo 2026. O futebol \u00e9 utilizado como elemento central de conex\u00e3o com o p\u00fablico.\u00a0 A campanha traz uma releitura do cl\u00e1ssico Canta Canta, Minha Gente, de Martinho da Vila.<\/p>\n<div class=\"youtube-embed\" data-video_id=\"J4T-MwrFbak\"><iframe title=\"Carrefour - Torcida 10 Rende Mais\" width=\"640\" height=\"360\" src=\"https:\/\/www.youtube.com\/embed\/J4T-MwrFbak?feature=oembed&#038;enablejsapi=1\" frameborder=\"0\" allow=\"accelerometer; autoplay; clipboard-write; encrypted-media; gyroscope; picture-in-picture; web-share\" referrerpolicy=\"strict-origin-when-cross-origin\" allowfullscreen><\/iframe><\/div>\n<p>A nova vers\u00e3o refor\u00e7a a ideia de celebra\u00e7\u00e3o coletiva. A proposta conecta consumo, cultura e momentos em fam\u00edlia.<\/p>\n<h4><strong>Estrat\u00e9gia multicanal amplia presen\u00e7a da marca<\/strong><\/h4>\n<p>A campanha ter\u00e1 presen\u00e7a em TV aberta, r\u00e1dio, digital e pontos de venda.\u00a0 A comunica\u00e7\u00e3o integra m\u00eddia e experi\u00eancia em loja. O objetivo \u00e9 criar uma jornada completa para o consumidor. O conceito \u201cTorcida 10\u201d estar\u00e1 presente nas a\u00e7\u00f5es. A ideia \u00e9 associar economia a momentos de celebra\u00e7\u00e3o.<\/p>\n<h4><strong>Carrefour aposta em tecnologia e engajamento digital<\/strong><\/h4>\n<p>No ambiente digital, a marca lan\u00e7a o Arena Carrefour. A funcionalidade est\u00e1 dispon\u00edvel no aplicativo da rede. A ferramenta utiliza gamifica\u00e7\u00e3o para engajar usu\u00e1rios. Os clientes ter\u00e3o acesso a jogos, recompensas e cupons. A estrat\u00e9gia busca fortalecer o relacionamento com o p\u00fablico. O foco \u00e9 aumentar a frequ\u00eancia de intera\u00e7\u00e3o.<\/p>\n<h4><strong>Parcerias ampliam visibilidade durante o torneio<\/strong><\/h4>\n<p>O Carrefour tamb\u00e9m refor\u00e7a sua presen\u00e7a na televis\u00e3o. A marca firmou parceria com o SBT. A rede ser\u00e1 o \u00fanico varejista alimentar nas transmiss\u00f5es de jogos. A presen\u00e7a inclui inser\u00e7\u00f5es no pr\u00e9-jogo, intervalo e p\u00f3s-jogo.<\/p>\n<p>A iniciativa amplia a visibilidade da marca. O objetivo \u00e9 ocupar espa\u00e7os estrat\u00e9gicos durante o evento.<\/p>\n<h4><strong>Campanha refor\u00e7a posicionamento de valor no varejo<\/strong><\/h4>\n<p>Segundo executivos da empresa, a campanha vai al\u00e9m da comunica\u00e7\u00e3o. A proposta \u00e9 consolidar uma narrativa para todo o ano. O Carrefour aposta na combina\u00e7\u00e3o entre pre\u00e7o e valor. A estrat\u00e9gia busca fortalecer a marca como parceira do consumidor.<\/p>\n<p>A a\u00e7\u00e3o tamb\u00e9m destaca os mais de 50 anos da empresa no Brasil. O objetivo \u00e9 refor\u00e7ar confian\u00e7a e relev\u00e2ncia no mercado.<\/p>\n","protected":false},"excerpt":{"rendered":"<p>O Carrefour lan\u00e7ou a campanha \u201cSempre Rende Mais\u201d, que marca um novo posicionamento da marca no Brasil. A a\u00e7\u00e3o estreia no dia 24 de abril. A estrat\u00e9gia busca refor\u00e7ar a proximidade com o consumidor. O foco est\u00e1 na percep\u00e7\u00e3o de valor e no aumento do poder de compra. Campanha aposta no futebol e na cultura [&hellip;]<\/p>\n","protected":false},"author":1,"featured_media":59835,"comment_status":"open","ping_status":"open","sticky":false,"template":"","format":"standard","meta":{"tdm_status":"","tdm_grid_status":"","footnotes":""},"categories":[6,14],"tags":[13720,13711,13714,13723,13719,13717,13709,13721,10594,13718,28,13722,13713,13712,66,181,13715,13710,13716],"class_list":["post-59834","post","type-post","status-publish","format-standard","has-post-thumbnail","hentry","category-noticias","category-videos","tag-branding-carrefour-brasil","tag-campanha-copa-do-mundo-varejo","tag-campanha-futebol-carrefour","tag-campanha-multicanal-carrefour","tag-campanha-publicis-brasil","tag-carrefour-arena-app","tag-carrefour-campanha-2026","tag-consumo-e-valor-varejo","tag-copa-do-mundo-2026","tag-gamificacao-varejo-brasil","tag-marketing","tag-marketing-esportivo-varejo","tag-marketing-varejo-brasil","tag-martinho-da-vila-carrefour","tag-propaganda","tag-publicidade","tag-publicidade-carrefour-brasil","tag-sempre-rende-mais-carrefour","tag-varejo-copa-2026"],"yoast_head":"<!-- This site is optimized with the Yoast SEO plugin v27.4 - https:\/\/yoast.com\/product\/yoast-seo-wordpress\/ -->\n<title>Carrefour lan\u00e7a campanha com releitura de \u201cCanta Canta, Minha Gente\u201d de Martinho da Vila - CidadeMarketing<\/title>\n<meta name=\"description\" content=\"Carrefour lan\u00e7a campanha com releitura de m\u00fasica de Martinho da Vila e a\u00e7\u00f5es para a Copa 2026, focando em valor e conex\u00e3o com o consumidor.\" \/>\n<meta name=\"robots\" content=\"index, follow, max-snippet:-1, max-image-preview:large, max-video-preview:-1\" \/>\n<link rel=\"canonical\" href=\"https:\/\/www.cidademarketing.com.br\/marketing\/2026\/04\/28\/carrefour-lanca-campanha-com-releitura-de-canta-canta-minha-gente-de-martinho-da-vila\/\" \/>\n<meta property=\"og:locale\" content=\"pt_BR\" \/>\n<meta property=\"og:type\" content=\"article\" \/>\n<meta property=\"og:title\" content=\"Carrefour lan\u00e7a campanha com releitura de \u201cCanta Canta, Minha Gente\u201d de Martinho da Vila - CidadeMarketing\" \/>\n<meta property=\"og:description\" content=\"Carrefour lan\u00e7a campanha com releitura de m\u00fasica de Martinho da Vila e a\u00e7\u00f5es para a Copa 2026, focando em valor e conex\u00e3o com o consumidor.\" \/>\n<meta property=\"og:url\" content=\"https:\/\/www.cidademarketing.com.br\/marketing\/2026\/04\/28\/carrefour-lanca-campanha-com-releitura-de-canta-canta-minha-gente-de-martinho-da-vila\/\" \/>\n<meta property=\"og:site_name\" content=\"CidadeMarketing\" \/>\n<meta property=\"article:publisher\" content=\"https:\/\/www.facebook.com\/portalcidademarketing\" \/>\n<meta property=\"article:author\" content=\"https:\/\/www.facebook.com\/thalesbrandao\" \/>\n<meta property=\"article:published_time\" content=\"2026-04-28T03:01:13+00:00\" \/>\n<meta property=\"og:image\" content=\"https:\/\/www.cidademarketing.com.br\/marketing\/wp-content\/uploads\/2026\/04\/carrefour_futebol_copadomundo_campanha_martinhodavila.webp\" \/>\n\t<meta property=\"og:image:width\" content=\"850\" \/>\n\t<meta property=\"og:image:height\" content=\"478\" \/>\n\t<meta property=\"og:image:type\" content=\"image\/webp\" \/>\n<meta name=\"author\" content=\"Thales Brand\u00e3o\" \/>\n<meta name=\"twitter:card\" content=\"summary_large_image\" \/>\n<meta name=\"twitter:creator\" content=\"@http:\/\/www.twitter.com\/thalesbrandao\" \/>\n<meta name=\"twitter:site\" content=\"@CidadeMarketing\" \/>\n<meta name=\"twitter:label1\" content=\"Escrito por\" \/>\n\t<meta name=\"twitter:data1\" content=\"Thales Brand\u00e3o\" \/>\n\t<meta name=\"twitter:label2\" content=\"Est. tempo de leitura\" \/>\n\t<meta name=\"twitter:data2\" content=\"3 minutos\" \/>\n<script type=\"application\/ld+json\" class=\"yoast-schema-graph\">{\"@context\":\"https:\\\/\\\/schema.org\",\"@graph\":[{\"@type\":\"Article\",\"@id\":\"https:\\\/\\\/www.cidademarketing.com.br\\\/marketing\\\/2026\\\/04\\\/28\\\/carrefour-lanca-campanha-com-releitura-de-canta-canta-minha-gente-de-martinho-da-vila\\\/#article\",\"isPartOf\":{\"@id\":\"https:\\\/\\\/www.cidademarketing.com.br\\\/marketing\\\/2026\\\/04\\\/28\\\/carrefour-lanca-campanha-com-releitura-de-canta-canta-minha-gente-de-martinho-da-vila\\\/\"},\"author\":{\"name\":\"Thales Brand\u00e3o\",\"@id\":\"https:\\\/\\\/www.cidademarketing.com.br\\\/marketing\\\/#\\\/schema\\\/person\\\/02daff9f18bd9378c9e01eb6b2db155f\"},\"headline\":\"Carrefour lan\u00e7a campanha com releitura de \u201cCanta Canta, Minha Gente\u201d de Martinho da Vila\",\"datePublished\":\"2026-04-28T03:01:13+00:00\",\"mainEntityOfPage\":{\"@id\":\"https:\\\/\\\/www.cidademarketing.com.br\\\/marketing\\\/2026\\\/04\\\/28\\\/carrefour-lanca-campanha-com-releitura-de-canta-canta-minha-gente-de-martinho-da-vila\\\/\"},\"wordCount\":414,\"commentCount\":0,\"publisher\":{\"@id\":\"https:\\\/\\\/www.cidademarketing.com.br\\\/marketing\\\/#organization\"},\"image\":{\"@id\":\"https:\\\/\\\/www.cidademarketing.com.br\\\/marketing\\\/2026\\\/04\\\/28\\\/carrefour-lanca-campanha-com-releitura-de-canta-canta-minha-gente-de-martinho-da-vila\\\/#primaryimage\"},\"thumbnailUrl\":\"https:\\\/\\\/www.cidademarketing.com.br\\\/marketing\\\/wp-content\\\/uploads\\\/2026\\\/04\\\/carrefour_futebol_copadomundo_campanha_martinhodavila.webp\",\"keywords\":[\"branding Carrefour Brasil\",\"campanha Copa do Mundo varejo\",\"campanha futebol Carrefour\",\"campanha multicanal Carrefour\",\"campanha Publicis Brasil\",\"Carrefour Arena app\",\"Carrefour campanha 2026\",\"consumo e valor varejo\",\"Copa do Mundo 2026\",\"gamifica\u00e7\u00e3o varejo Brasil\",\"marketing\",\"marketing esportivo varejo\",\"marketing varejo Brasil\",\"Martinho da Vila Carrefour\",\"propaganda\",\"publicidade\",\"publicidade Carrefour Brasil\",\"Sempre Rende Mais Carrefour\",\"varejo Copa 2026\"],\"articleSection\":[\"Not\u00edcias\",\"Videos\"],\"inLanguage\":\"pt-BR\",\"potentialAction\":[{\"@type\":\"CommentAction\",\"name\":\"Comment\",\"target\":[\"https:\\\/\\\/www.cidademarketing.com.br\\\/marketing\\\/2026\\\/04\\\/28\\\/carrefour-lanca-campanha-com-releitura-de-canta-canta-minha-gente-de-martinho-da-vila\\\/#respond\"]}]},{\"@type\":\"WebPage\",\"@id\":\"https:\\\/\\\/www.cidademarketing.com.br\\\/marketing\\\/2026\\\/04\\\/28\\\/carrefour-lanca-campanha-com-releitura-de-canta-canta-minha-gente-de-martinho-da-vila\\\/\",\"url\":\"https:\\\/\\\/www.cidademarketing.com.br\\\/marketing\\\/2026\\\/04\\\/28\\\/carrefour-lanca-campanha-com-releitura-de-canta-canta-minha-gente-de-martinho-da-vila\\\/\",\"name\":\"Carrefour lan\u00e7a campanha com releitura de \u201cCanta Canta, Minha Gente\u201d de Martinho da Vila - CidadeMarketing\",\"isPartOf\":{\"@id\":\"https:\\\/\\\/www.cidademarketing.com.br\\\/marketing\\\/#website\"},\"primaryImageOfPage\":{\"@id\":\"https:\\\/\\\/www.cidademarketing.com.br\\\/marketing\\\/2026\\\/04\\\/28\\\/carrefour-lanca-campanha-com-releitura-de-canta-canta-minha-gente-de-martinho-da-vila\\\/#primaryimage\"},\"image\":{\"@id\":\"https:\\\/\\\/www.cidademarketing.com.br\\\/marketing\\\/2026\\\/04\\\/28\\\/carrefour-lanca-campanha-com-releitura-de-canta-canta-minha-gente-de-martinho-da-vila\\\/#primaryimage\"},\"thumbnailUrl\":\"https:\\\/\\\/www.cidademarketing.com.br\\\/marketing\\\/wp-content\\\/uploads\\\/2026\\\/04\\\/carrefour_futebol_copadomundo_campanha_martinhodavila.webp\",\"datePublished\":\"2026-04-28T03:01:13+00:00\",\"description\":\"Carrefour lan\u00e7a campanha com releitura de m\u00fasica de Martinho da Vila e a\u00e7\u00f5es para a Copa 2026, focando em valor e conex\u00e3o com o consumidor.\",\"breadcrumb\":{\"@id\":\"https:\\\/\\\/www.cidademarketing.com.br\\\/marketing\\\/2026\\\/04\\\/28\\\/carrefour-lanca-campanha-com-releitura-de-canta-canta-minha-gente-de-martinho-da-vila\\\/#breadcrumb\"},\"inLanguage\":\"pt-BR\",\"potentialAction\":[{\"@type\":\"ReadAction\",\"target\":[\"https:\\\/\\\/www.cidademarketing.com.br\\\/marketing\\\/2026\\\/04\\\/28\\\/carrefour-lanca-campanha-com-releitura-de-canta-canta-minha-gente-de-martinho-da-vila\\\/\"]}]},{\"@type\":\"ImageObject\",\"inLanguage\":\"pt-BR\",\"@id\":\"https:\\\/\\\/www.cidademarketing.com.br\\\/marketing\\\/2026\\\/04\\\/28\\\/carrefour-lanca-campanha-com-releitura-de-canta-canta-minha-gente-de-martinho-da-vila\\\/#primaryimage\",\"url\":\"https:\\\/\\\/www.cidademarketing.com.br\\\/marketing\\\/wp-content\\\/uploads\\\/2026\\\/04\\\/carrefour_futebol_copadomundo_campanha_martinhodavila.webp\",\"contentUrl\":\"https:\\\/\\\/www.cidademarketing.com.br\\\/marketing\\\/wp-content\\\/uploads\\\/2026\\\/04\\\/carrefour_futebol_copadomundo_campanha_martinhodavila.webp\",\"width\":850,\"height\":478,\"caption\":\"Reprodu\u00e7\u00e3o\\\/Youtube\"},{\"@type\":\"BreadcrumbList\",\"@id\":\"https:\\\/\\\/www.cidademarketing.com.br\\\/marketing\\\/2026\\\/04\\\/28\\\/carrefour-lanca-campanha-com-releitura-de-canta-canta-minha-gente-de-martinho-da-vila\\\/#breadcrumb\",\"itemListElement\":[{\"@type\":\"ListItem\",\"position\":1,\"name\":\"In\u00edcio\",\"item\":\"https:\\\/\\\/www.cidademarketing.com.br\\\/marketing\\\/\"},{\"@type\":\"ListItem\",\"position\":2,\"name\":\"Carrefour lan\u00e7a campanha com releitura de \u201cCanta Canta, Minha Gente\u201d de Martinho da Vila\"}]},{\"@type\":\"WebSite\",\"@id\":\"https:\\\/\\\/www.cidademarketing.com.br\\\/marketing\\\/#website\",\"url\":\"https:\\\/\\\/www.cidademarketing.com.br\\\/marketing\\\/\",\"name\":\"CidadeMarketing\",\"description\":\"Somos um ve\u00edculo de comunica\u00e7\u00e3o de destaque no Brasil, reconhecido por conte\u00fados nos segmentos de marketing, empreendedorismo e inova\u00e7\u00e3o.\",\"publisher\":{\"@id\":\"https:\\\/\\\/www.cidademarketing.com.br\\\/marketing\\\/#organization\"},\"alternateName\":\"CidadeMarketing\",\"potentialAction\":[{\"@type\":\"SearchAction\",\"target\":{\"@type\":\"EntryPoint\",\"urlTemplate\":\"https:\\\/\\\/www.cidademarketing.com.br\\\/marketing\\\/?s={search_term_string}\"},\"query-input\":{\"@type\":\"PropertyValueSpecification\",\"valueRequired\":true,\"valueName\":\"search_term_string\"}}],\"inLanguage\":\"pt-BR\"},{\"@type\":\"Organization\",\"@id\":\"https:\\\/\\\/www.cidademarketing.com.br\\\/marketing\\\/#organization\",\"name\":\"CidadeMarketing\",\"alternateName\":\"CidadeMarketing\",\"url\":\"https:\\\/\\\/www.cidademarketing.com.br\\\/marketing\\\/\",\"logo\":{\"@type\":\"ImageObject\",\"inLanguage\":\"pt-BR\",\"@id\":\"https:\\\/\\\/www.cidademarketing.com.br\\\/marketing\\\/#\\\/schema\\\/logo\\\/image\\\/\",\"url\":\"https:\\\/\\\/www.cidademarketing.com.br\\\/marketing\\\/wp-content\\\/uploads\\\/2020\\\/01\\\/cidademarketing_marca_mobile.png\",\"contentUrl\":\"https:\\\/\\\/www.cidademarketing.com.br\\\/marketing\\\/wp-content\\\/uploads\\\/2020\\\/01\\\/cidademarketing_marca_mobile.png\",\"width\":230,\"height\":92,\"caption\":\"CidadeMarketing\"},\"image\":{\"@id\":\"https:\\\/\\\/www.cidademarketing.com.br\\\/marketing\\\/#\\\/schema\\\/logo\\\/image\\\/\"},\"sameAs\":[\"https:\\\/\\\/www.facebook.com\\\/portalcidademarketing\",\"https:\\\/\\\/x.com\\\/CidadeMarketing\",\"https:\\\/\\\/www.instagram.com\\\/cidademarketing\\\/\"]},{\"@type\":\"Person\",\"@id\":\"https:\\\/\\\/www.cidademarketing.com.br\\\/marketing\\\/#\\\/schema\\\/person\\\/02daff9f18bd9378c9e01eb6b2db155f\",\"name\":\"Thales Brand\u00e3o\",\"image\":{\"@type\":\"ImageObject\",\"inLanguage\":\"pt-BR\",\"@id\":\"https:\\\/\\\/secure.gravatar.com\\\/avatar\\\/7ca3206950207cc3cb48feec56a8a7898741ab725c368d99d5d7a5a50aab80c6?s=96&d=mm&r=g\",\"url\":\"https:\\\/\\\/secure.gravatar.com\\\/avatar\\\/7ca3206950207cc3cb48feec56a8a7898741ab725c368d99d5d7a5a50aab80c6?s=96&d=mm&r=g\",\"contentUrl\":\"https:\\\/\\\/secure.gravatar.com\\\/avatar\\\/7ca3206950207cc3cb48feec56a8a7898741ab725c368d99d5d7a5a50aab80c6?s=96&d=mm&r=g\",\"caption\":\"Thales Brand\u00e3o\"},\"description\":\"Editor Executivo do Portal CidadeMarketing.com.br &gt; Mestre em Comunica\u00e7\u00e3o e Sociedade pela Universidade Federal de Sergipe. Possui MBA Executivo em Administra\u00e7\u00e3o com \u00eanfase em Marketing pela Funda\u00e7\u00e3o Get\u00falio Vargas - Rio de Janeiro. Consultor, Palestrante e Pesquisador sobre Empreendedorismo, Marketing, Redes Sociais e Neg\u00f3cios Digitais. Professor, Palestrante TedxTalks e Campus Party. Twitter: @ThalesBrandao\",\"sameAs\":[\"http:\\\/\\\/www.mandacaru.com.br\",\"https:\\\/\\\/www.facebook.com\\\/thalesbrandao\",\"http:\\\/\\\/www.instagram.com.br\\\/thalesbrandaoferreira\",\"https:\\\/\\\/www.linkedin.com\\\/in\\\/thales-brand\u00e3o-3948609\\\/\",\"https:\\\/\\\/x.com\\\/http:\\\/\\\/www.twitter.com\\\/thalesbrandao\"],\"url\":\"https:\\\/\\\/www.cidademarketing.com.br\\\/marketing\\\/author\\\/thalesbrandao\\\/\"}]}<\/script>\n<!-- \/ Yoast SEO plugin. -->","yoast_head_json":{"title":"Carrefour lan\u00e7a campanha com releitura de \u201cCanta Canta, Minha Gente\u201d de Martinho da Vila - CidadeMarketing","description":"Carrefour lan\u00e7a campanha com releitura de m\u00fasica de Martinho da Vila e a\u00e7\u00f5es para a Copa 2026, focando em valor e conex\u00e3o com o consumidor.","robots":{"index":"index","follow":"follow","max-snippet":"max-snippet:-1","max-image-preview":"max-image-preview:large","max-video-preview":"max-video-preview:-1"},"canonical":"https:\/\/www.cidademarketing.com.br\/marketing\/2026\/04\/28\/carrefour-lanca-campanha-com-releitura-de-canta-canta-minha-gente-de-martinho-da-vila\/","og_locale":"pt_BR","og_type":"article","og_title":"Carrefour lan\u00e7a campanha com releitura de \u201cCanta Canta, Minha Gente\u201d de Martinho da Vila - CidadeMarketing","og_description":"Carrefour lan\u00e7a campanha com releitura de m\u00fasica de Martinho da Vila e a\u00e7\u00f5es para a Copa 2026, focando em valor e conex\u00e3o com o consumidor.","og_url":"https:\/\/www.cidademarketing.com.br\/marketing\/2026\/04\/28\/carrefour-lanca-campanha-com-releitura-de-canta-canta-minha-gente-de-martinho-da-vila\/","og_site_name":"CidadeMarketing","article_publisher":"https:\/\/www.facebook.com\/portalcidademarketing","article_author":"https:\/\/www.facebook.com\/thalesbrandao","article_published_time":"2026-04-28T03:01:13+00:00","og_image":[{"width":850,"height":478,"url":"https:\/\/www.cidademarketing.com.br\/marketing\/wp-content\/uploads\/2026\/04\/carrefour_futebol_copadomundo_campanha_martinhodavila.webp","type":"image\/webp"}],"author":"Thales Brand\u00e3o","twitter_card":"summary_large_image","twitter_creator":"@http:\/\/www.twitter.com\/thalesbrandao","twitter_site":"@CidadeMarketing","twitter_misc":{"Escrito por":"Thales Brand\u00e3o","Est. tempo de leitura":"3 minutos"},"schema":{"@context":"https:\/\/schema.org","@graph":[{"@type":"Article","@id":"https:\/\/www.cidademarketing.com.br\/marketing\/2026\/04\/28\/carrefour-lanca-campanha-com-releitura-de-canta-canta-minha-gente-de-martinho-da-vila\/#article","isPartOf":{"@id":"https:\/\/www.cidademarketing.com.br\/marketing\/2026\/04\/28\/carrefour-lanca-campanha-com-releitura-de-canta-canta-minha-gente-de-martinho-da-vila\/"},"author":{"name":"Thales Brand\u00e3o","@id":"https:\/\/www.cidademarketing.com.br\/marketing\/#\/schema\/person\/02daff9f18bd9378c9e01eb6b2db155f"},"headline":"Carrefour lan\u00e7a campanha com releitura de \u201cCanta Canta, Minha Gente\u201d de Martinho da Vila","datePublished":"2026-04-28T03:01:13+00:00","mainEntityOfPage":{"@id":"https:\/\/www.cidademarketing.com.br\/marketing\/2026\/04\/28\/carrefour-lanca-campanha-com-releitura-de-canta-canta-minha-gente-de-martinho-da-vila\/"},"wordCount":414,"commentCount":0,"publisher":{"@id":"https:\/\/www.cidademarketing.com.br\/marketing\/#organization"},"image":{"@id":"https:\/\/www.cidademarketing.com.br\/marketing\/2026\/04\/28\/carrefour-lanca-campanha-com-releitura-de-canta-canta-minha-gente-de-martinho-da-vila\/#primaryimage"},"thumbnailUrl":"https:\/\/www.cidademarketing.com.br\/marketing\/wp-content\/uploads\/2026\/04\/carrefour_futebol_copadomundo_campanha_martinhodavila.webp","keywords":["branding Carrefour Brasil","campanha Copa do Mundo varejo","campanha futebol Carrefour","campanha multicanal Carrefour","campanha Publicis Brasil","Carrefour Arena app","Carrefour campanha 2026","consumo e valor varejo","Copa do Mundo 2026","gamifica\u00e7\u00e3o varejo Brasil","marketing","marketing esportivo varejo","marketing varejo Brasil","Martinho da Vila Carrefour","propaganda","publicidade","publicidade Carrefour Brasil","Sempre Rende Mais Carrefour","varejo Copa 2026"],"articleSection":["Not\u00edcias","Videos"],"inLanguage":"pt-BR","potentialAction":[{"@type":"CommentAction","name":"Comment","target":["https:\/\/www.cidademarketing.com.br\/marketing\/2026\/04\/28\/carrefour-lanca-campanha-com-releitura-de-canta-canta-minha-gente-de-martinho-da-vila\/#respond"]}]},{"@type":"WebPage","@id":"https:\/\/www.cidademarketing.com.br\/marketing\/2026\/04\/28\/carrefour-lanca-campanha-com-releitura-de-canta-canta-minha-gente-de-martinho-da-vila\/","url":"https:\/\/www.cidademarketing.com.br\/marketing\/2026\/04\/28\/carrefour-lanca-campanha-com-releitura-de-canta-canta-minha-gente-de-martinho-da-vila\/","name":"Carrefour lan\u00e7a campanha com releitura de \u201cCanta Canta, Minha Gente\u201d de Martinho da Vila - CidadeMarketing","isPartOf":{"@id":"https:\/\/www.cidademarketing.com.br\/marketing\/#website"},"primaryImageOfPage":{"@id":"https:\/\/www.cidademarketing.com.br\/marketing\/2026\/04\/28\/carrefour-lanca-campanha-com-releitura-de-canta-canta-minha-gente-de-martinho-da-vila\/#primaryimage"},"image":{"@id":"https:\/\/www.cidademarketing.com.br\/marketing\/2026\/04\/28\/carrefour-lanca-campanha-com-releitura-de-canta-canta-minha-gente-de-martinho-da-vila\/#primaryimage"},"thumbnailUrl":"https:\/\/www.cidademarketing.com.br\/marketing\/wp-content\/uploads\/2026\/04\/carrefour_futebol_copadomundo_campanha_martinhodavila.webp","datePublished":"2026-04-28T03:01:13+00:00","description":"Carrefour lan\u00e7a campanha com releitura de m\u00fasica de Martinho da Vila e a\u00e7\u00f5es para a Copa 2026, focando em valor e conex\u00e3o com o consumidor.","breadcrumb":{"@id":"https:\/\/www.cidademarketing.com.br\/marketing\/2026\/04\/28\/carrefour-lanca-campanha-com-releitura-de-canta-canta-minha-gente-de-martinho-da-vila\/#breadcrumb"},"inLanguage":"pt-BR","potentialAction":[{"@type":"ReadAction","target":["https:\/\/www.cidademarketing.com.br\/marketing\/2026\/04\/28\/carrefour-lanca-campanha-com-releitura-de-canta-canta-minha-gente-de-martinho-da-vila\/"]}]},{"@type":"ImageObject","inLanguage":"pt-BR","@id":"https:\/\/www.cidademarketing.com.br\/marketing\/2026\/04\/28\/carrefour-lanca-campanha-com-releitura-de-canta-canta-minha-gente-de-martinho-da-vila\/#primaryimage","url":"https:\/\/www.cidademarketing.com.br\/marketing\/wp-content\/uploads\/2026\/04\/carrefour_futebol_copadomundo_campanha_martinhodavila.webp","contentUrl":"https:\/\/www.cidademarketing.com.br\/marketing\/wp-content\/uploads\/2026\/04\/carrefour_futebol_copadomundo_campanha_martinhodavila.webp","width":850,"height":478,"caption":"Reprodu\u00e7\u00e3o\/Youtube"},{"@type":"BreadcrumbList","@id":"https:\/\/www.cidademarketing.com.br\/marketing\/2026\/04\/28\/carrefour-lanca-campanha-com-releitura-de-canta-canta-minha-gente-de-martinho-da-vila\/#breadcrumb","itemListElement":[{"@type":"ListItem","position":1,"name":"In\u00edcio","item":"https:\/\/www.cidademarketing.com.br\/marketing\/"},{"@type":"ListItem","position":2,"name":"Carrefour lan\u00e7a campanha com releitura de \u201cCanta Canta, Minha Gente\u201d de Martinho da Vila"}]},{"@type":"WebSite","@id":"https:\/\/www.cidademarketing.com.br\/marketing\/#website","url":"https:\/\/www.cidademarketing.com.br\/marketing\/","name":"CidadeMarketing","description":"Somos um ve\u00edculo de comunica\u00e7\u00e3o de destaque no Brasil, reconhecido por conte\u00fados nos segmentos de marketing, empreendedorismo e inova\u00e7\u00e3o.","publisher":{"@id":"https:\/\/www.cidademarketing.com.br\/marketing\/#organization"},"alternateName":"CidadeMarketing","potentialAction":[{"@type":"SearchAction","target":{"@type":"EntryPoint","urlTemplate":"https:\/\/www.cidademarketing.com.br\/marketing\/?s={search_term_string}"},"query-input":{"@type":"PropertyValueSpecification","valueRequired":true,"valueName":"search_term_string"}}],"inLanguage":"pt-BR"},{"@type":"Organization","@id":"https:\/\/www.cidademarketing.com.br\/marketing\/#organization","name":"CidadeMarketing","alternateName":"CidadeMarketing","url":"https:\/\/www.cidademarketing.com.br\/marketing\/","logo":{"@type":"ImageObject","inLanguage":"pt-BR","@id":"https:\/\/www.cidademarketing.com.br\/marketing\/#\/schema\/logo\/image\/","url":"https:\/\/www.cidademarketing.com.br\/marketing\/wp-content\/uploads\/2020\/01\/cidademarketing_marca_mobile.png","contentUrl":"https:\/\/www.cidademarketing.com.br\/marketing\/wp-content\/uploads\/2020\/01\/cidademarketing_marca_mobile.png","width":230,"height":92,"caption":"CidadeMarketing"},"image":{"@id":"https:\/\/www.cidademarketing.com.br\/marketing\/#\/schema\/logo\/image\/"},"sameAs":["https:\/\/www.facebook.com\/portalcidademarketing","https:\/\/x.com\/CidadeMarketing","https:\/\/www.instagram.com\/cidademarketing\/"]},{"@type":"Person","@id":"https:\/\/www.cidademarketing.com.br\/marketing\/#\/schema\/person\/02daff9f18bd9378c9e01eb6b2db155f","name":"Thales Brand\u00e3o","image":{"@type":"ImageObject","inLanguage":"pt-BR","@id":"https:\/\/secure.gravatar.com\/avatar\/7ca3206950207cc3cb48feec56a8a7898741ab725c368d99d5d7a5a50aab80c6?s=96&d=mm&r=g","url":"https:\/\/secure.gravatar.com\/avatar\/7ca3206950207cc3cb48feec56a8a7898741ab725c368d99d5d7a5a50aab80c6?s=96&d=mm&r=g","contentUrl":"https:\/\/secure.gravatar.com\/avatar\/7ca3206950207cc3cb48feec56a8a7898741ab725c368d99d5d7a5a50aab80c6?s=96&d=mm&r=g","caption":"Thales Brand\u00e3o"},"description":"Editor Executivo do Portal CidadeMarketing.com.br &gt; Mestre em Comunica\u00e7\u00e3o e Sociedade pela Universidade Federal de Sergipe. Possui MBA Executivo em Administra\u00e7\u00e3o com \u00eanfase em Marketing pela Funda\u00e7\u00e3o Get\u00falio Vargas - Rio de Janeiro. Consultor, Palestrante e Pesquisador sobre Empreendedorismo, Marketing, Redes Sociais e Neg\u00f3cios Digitais. Professor, Palestrante TedxTalks e Campus Party. Twitter: @ThalesBrandao","sameAs":["http:\/\/www.mandacaru.com.br","https:\/\/www.facebook.com\/thalesbrandao","http:\/\/www.instagram.com.br\/thalesbrandaoferreira","https:\/\/www.linkedin.com\/in\/thales-brand\u00e3o-3948609\/","https:\/\/x.com\/http:\/\/www.twitter.com\/thalesbrandao"],"url":"https:\/\/www.cidademarketing.com.br\/marketing\/author\/thalesbrandao\/"}]}},"amp_enabled":true,"_links":{"self":[{"href":"https:\/\/www.cidademarketing.com.br\/marketing\/wp-json\/wp\/v2\/posts\/59834","targetHints":{"allow":["GET"]}}],"collection":[{"href":"https:\/\/www.cidademarketing.com.br\/marketing\/wp-json\/wp\/v2\/posts"}],"about":[{"href":"https:\/\/www.cidademarketing.com.br\/marketing\/wp-json\/wp\/v2\/types\/post"}],"author":[{"embeddable":true,"href":"https:\/\/www.cidademarketing.com.br\/marketing\/wp-json\/wp\/v2\/users\/1"}],"replies":[{"embeddable":true,"href":"https:\/\/www.cidademarketing.com.br\/marketing\/wp-json\/wp\/v2\/comments?post=59834"}],"version-history":[{"count":1,"href":"https:\/\/www.cidademarketing.com.br\/marketing\/wp-json\/wp\/v2\/posts\/59834\/revisions"}],"predecessor-version":[{"id":59836,"href":"https:\/\/www.cidademarketing.com.br\/marketing\/wp-json\/wp\/v2\/posts\/59834\/revisions\/59836"}],"wp:featuredmedia":[{"embeddable":true,"href":"https:\/\/www.cidademarketing.com.br\/marketing\/wp-json\/wp\/v2\/media\/59835"}],"wp:attachment":[{"href":"https:\/\/www.cidademarketing.com.br\/marketing\/wp-json\/wp\/v2\/media?parent=59834"}],"wp:term":[{"taxonomy":"category","embeddable":true,"href":"https:\/\/www.cidademarketing.com.br\/marketing\/wp-json\/wp\/v2\/categories?post=59834"},{"taxonomy":"post_tag","embeddable":true,"href":"https:\/\/www.cidademarketing.com.br\/marketing\/wp-json\/wp\/v2\/tags?post=59834"}],"curies":[{"name":"wp","href":"https:\/\/api.w.org\/{rel}","templated":true}]}}