{"id":5976,"date":"2019-02-05T10:24:53","date_gmt":"2019-02-05T12:24:53","guid":{"rendered":"http:\/\/www.cidademarketing.com.br\/marketing\/?p=5976"},"modified":"2019-02-05T10:25:51","modified_gmt":"2019-02-05T12:25:51","slug":"gas-sobe-e-preco-do-botijao-fica-mais-caro-a-partir-desta-terca-feira","status":"publish","type":"post","link":"https:\/\/www.cidademarketing.com.br\/marketing\/2019\/02\/05\/gas-sobe-e-preco-do-botijao-fica-mais-caro-a-partir-desta-terca-feira\/","title":{"rendered":"G\u00e1s sobe e pre\u00e7o do botij\u00e3o fica mais caro a partir desta ter\u00e7a-feira"},"content":{"rendered":"\n<p>A partir de hoje (5), o botij\u00e3o de at\u00e9 13 quilos de g\u00e1s liquefeito de petr\u00f3leo (GLP) residencial ficar\u00e1 mais caro. O novo pre\u00e7o m\u00e9dio do produto, anunciado hoje pela Petrobras, ser\u00e1 de R$ 25,33. <br>  No \u00faltimo ajuste, feito em novembro do ano passado, o pre\u00e7o determinado foi de R$ 25,07. O produto tem reajustes trimestrais.<br> O Sindicato Nacional das Empresas Distribuidoras de G\u00e1s Liquefeito de Petr\u00f3leo (Sindig\u00e1s) informou que o reajuste vai variar entre 0,5% e 1,4%, de acordo com o polo de suprimento. O Sindig\u00e1s calcula que o valor do GLP empresarial est\u00e1 13,4% acima do GLP para embalagens at\u00e9 13 quilos. <br> <\/p>\n\n\n\n<p><strong>Petrobras<\/strong><br>Em nota, a Petrobras informou que a alta ser\u00e1 de R$ 0,26, ou 1,0% em rela\u00e7\u00e3o aos pre\u00e7os vigentes desde o \u00faltimo reajuste, em novembro de 2018. A desvaloriza\u00e7\u00e3o do real frente ao d\u00f3lar foi o principal fator para a alta.<br>Segundo a empresa, os ajustes no pre\u00e7o do GLP-P13 s\u00e3o aplicados a cada tr\u00eas meses, obedecendo metodologia definida em 18 de janeiro do ano passado, \u201cque permite suavizar os impactos derivados da transfer\u00eancia da volatilidade externa para os pre\u00e7os dom\u00e9sticos\u201d.<br>A Petrobras esclareceu que o mecanismo concilia a necessidade de praticar pre\u00e7os para o GLP referenciados no mercado internacional e a Resolu\u00e7\u00e3o 4\/2005 do Conselho Nacional de Pol\u00edtica Energ\u00e9tica. A Resolu\u00e7\u00e3o 4\/2005 &#8220;reconhece como de interesse para a pol\u00edtica energ\u00e9tica nacional a comercializa\u00e7\u00e3o, por produtor ou importador, de g\u00e1s liquefeito de petr\u00f3leo (GLP), destinado exclusivamente a uso dom\u00e9stico em recipientes transport\u00e1veis de capacidade de at\u00e9 13kg, a pre\u00e7os diferenciados e inferiores aos praticados para os demais usos ou acondicionados em recipientes de outras capacidades\u201d.<\/p>\n\n\n\n<p>CidadeMarketing com informa\u00e7\u00f5es da EBC.<\/p>\n","protected":false},"excerpt":{"rendered":"<p>A partir de hoje (5), o botij\u00e3o de at\u00e9 13 quilos de g\u00e1s liquefeito de petr\u00f3leo (GLP) residencial ficar\u00e1 mais caro. O novo pre\u00e7o m\u00e9dio do produto, anunciado hoje pela Petrobras, ser\u00e1 de R$ 25,33. No \u00faltimo ajuste, feito em novembro do ano passado, o pre\u00e7o determinado foi de R$ 25,07. O produto tem reajustes [&hellip;]<\/p>\n","protected":false},"author":1,"featured_media":5977,"comment_status":"open","ping_status":"open","sticky":false,"template":"","format":"standard","meta":{"tdm_status":"","tdm_grid_status":"","footnotes":""},"categories":[6],"tags":[1344,28,884],"class_list":["post-5976","post","type-post","status-publish","format-standard","has-post-thumbnail","hentry","category-noticias","tag-aumento","tag-marketing","tag-preco"],"yoast_head":"<!-- This site is optimized with the Yoast SEO plugin v27.4 - https:\/\/yoast.com\/product\/yoast-seo-wordpress\/ -->\n<title>G\u00e1s sobe e pre\u00e7o do botij\u00e3o fica mais caro a partir desta ter\u00e7a-feira - CidadeMarketing<\/title>\n<meta name=\"robots\" content=\"index, follow, max-snippet:-1, max-image-preview:large, max-video-preview:-1\" \/>\n<link rel=\"canonical\" href=\"https:\/\/www.cidademarketing.com.br\/marketing\/2019\/02\/05\/gas-sobe-e-preco-do-botijao-fica-mais-caro-a-partir-desta-terca-feira\/\" \/>\n<meta property=\"og:locale\" content=\"pt_BR\" \/>\n<meta property=\"og:type\" content=\"article\" \/>\n<meta property=\"og:title\" content=\"G\u00e1s sobe e pre\u00e7o do botij\u00e3o fica mais caro a partir desta ter\u00e7a-feira - CidadeMarketing\" \/>\n<meta property=\"og:description\" content=\"A partir de hoje (5), o botij\u00e3o de at\u00e9 13 quilos de g\u00e1s liquefeito de petr\u00f3leo (GLP) residencial ficar\u00e1 mais caro. O novo pre\u00e7o m\u00e9dio do produto, anunciado hoje pela Petrobras, ser\u00e1 de R$ 25,33. No \u00faltimo ajuste, feito em novembro do ano passado, o pre\u00e7o determinado foi de R$ 25,07. O produto tem reajustes [&hellip;]\" \/>\n<meta property=\"og:url\" content=\"https:\/\/www.cidademarketing.com.br\/marketing\/2019\/02\/05\/gas-sobe-e-preco-do-botijao-fica-mais-caro-a-partir-desta-terca-feira\/\" \/>\n<meta property=\"og:site_name\" content=\"CidadeMarketing\" \/>\n<meta property=\"article:publisher\" content=\"https:\/\/www.facebook.com\/portalcidademarketing\" \/>\n<meta property=\"article:author\" content=\"https:\/\/www.facebook.com\/thalesbrandao\" \/>\n<meta property=\"article:published_time\" content=\"2019-02-05T12:24:53+00:00\" \/>\n<meta property=\"article:modified_time\" content=\"2019-02-05T12:25:51+00:00\" \/>\n<meta property=\"og:image\" content=\"https:\/\/www.cidademarketing.com.br\/marketing\/wp-content\/uploads\/2019\/02\/botijao_aumento.png\" \/>\n\t<meta property=\"og:image:width\" content=\"1000\" \/>\n\t<meta property=\"og:image:height\" content=\"1000\" \/>\n\t<meta property=\"og:image:type\" content=\"image\/png\" \/>\n<meta name=\"author\" content=\"Thales Brand\u00e3o\" \/>\n<meta name=\"twitter:card\" content=\"summary_large_image\" \/>\n<meta name=\"twitter:creator\" content=\"@http:\/\/www.twitter.com\/thalesbrandao\" \/>\n<meta name=\"twitter:site\" content=\"@CidadeMarketing\" \/>\n<meta name=\"twitter:label1\" content=\"Escrito por\" \/>\n\t<meta name=\"twitter:data1\" content=\"Thales Brand\u00e3o\" \/>\n\t<meta name=\"twitter:label2\" content=\"Est. tempo de leitura\" \/>\n\t<meta name=\"twitter:data2\" content=\"1 minuto\" \/>\n<script type=\"application\/ld+json\" class=\"yoast-schema-graph\">{\"@context\":\"https:\\\/\\\/schema.org\",\"@graph\":[{\"@type\":\"Article\",\"@id\":\"https:\\\/\\\/www.cidademarketing.com.br\\\/marketing\\\/2019\\\/02\\\/05\\\/gas-sobe-e-preco-do-botijao-fica-mais-caro-a-partir-desta-terca-feira\\\/#article\",\"isPartOf\":{\"@id\":\"https:\\\/\\\/www.cidademarketing.com.br\\\/marketing\\\/2019\\\/02\\\/05\\\/gas-sobe-e-preco-do-botijao-fica-mais-caro-a-partir-desta-terca-feira\\\/\"},\"author\":{\"name\":\"Thales Brand\u00e3o\",\"@id\":\"https:\\\/\\\/www.cidademarketing.com.br\\\/marketing\\\/#\\\/schema\\\/person\\\/02daff9f18bd9378c9e01eb6b2db155f\"},\"headline\":\"G\u00e1s sobe e pre\u00e7o do botij\u00e3o fica mais caro a partir desta ter\u00e7a-feira\",\"datePublished\":\"2019-02-05T12:24:53+00:00\",\"dateModified\":\"2019-02-05T12:25:51+00:00\",\"mainEntityOfPage\":{\"@id\":\"https:\\\/\\\/www.cidademarketing.com.br\\\/marketing\\\/2019\\\/02\\\/05\\\/gas-sobe-e-preco-do-botijao-fica-mais-caro-a-partir-desta-terca-feira\\\/\"},\"wordCount\":312,\"commentCount\":0,\"publisher\":{\"@id\":\"https:\\\/\\\/www.cidademarketing.com.br\\\/marketing\\\/#organization\"},\"image\":{\"@id\":\"https:\\\/\\\/www.cidademarketing.com.br\\\/marketing\\\/2019\\\/02\\\/05\\\/gas-sobe-e-preco-do-botijao-fica-mais-caro-a-partir-desta-terca-feira\\\/#primaryimage\"},\"thumbnailUrl\":\"https:\\\/\\\/www.cidademarketing.com.br\\\/marketing\\\/wp-content\\\/uploads\\\/2019\\\/02\\\/botijao_aumento.png\",\"keywords\":[\"aumento\",\"marketing\",\"pre\u00e7o\"],\"articleSection\":[\"Not\u00edcias\"],\"inLanguage\":\"pt-BR\",\"potentialAction\":[{\"@type\":\"CommentAction\",\"name\":\"Comment\",\"target\":[\"https:\\\/\\\/www.cidademarketing.com.br\\\/marketing\\\/2019\\\/02\\\/05\\\/gas-sobe-e-preco-do-botijao-fica-mais-caro-a-partir-desta-terca-feira\\\/#respond\"]}]},{\"@type\":\"WebPage\",\"@id\":\"https:\\\/\\\/www.cidademarketing.com.br\\\/marketing\\\/2019\\\/02\\\/05\\\/gas-sobe-e-preco-do-botijao-fica-mais-caro-a-partir-desta-terca-feira\\\/\",\"url\":\"https:\\\/\\\/www.cidademarketing.com.br\\\/marketing\\\/2019\\\/02\\\/05\\\/gas-sobe-e-preco-do-botijao-fica-mais-caro-a-partir-desta-terca-feira\\\/\",\"name\":\"G\u00e1s sobe e pre\u00e7o do botij\u00e3o fica mais caro a partir desta ter\u00e7a-feira - CidadeMarketing\",\"isPartOf\":{\"@id\":\"https:\\\/\\\/www.cidademarketing.com.br\\\/marketing\\\/#website\"},\"primaryImageOfPage\":{\"@id\":\"https:\\\/\\\/www.cidademarketing.com.br\\\/marketing\\\/2019\\\/02\\\/05\\\/gas-sobe-e-preco-do-botijao-fica-mais-caro-a-partir-desta-terca-feira\\\/#primaryimage\"},\"image\":{\"@id\":\"https:\\\/\\\/www.cidademarketing.com.br\\\/marketing\\\/2019\\\/02\\\/05\\\/gas-sobe-e-preco-do-botijao-fica-mais-caro-a-partir-desta-terca-feira\\\/#primaryimage\"},\"thumbnailUrl\":\"https:\\\/\\\/www.cidademarketing.com.br\\\/marketing\\\/wp-content\\\/uploads\\\/2019\\\/02\\\/botijao_aumento.png\",\"datePublished\":\"2019-02-05T12:24:53+00:00\",\"dateModified\":\"2019-02-05T12:25:51+00:00\",\"breadcrumb\":{\"@id\":\"https:\\\/\\\/www.cidademarketing.com.br\\\/marketing\\\/2019\\\/02\\\/05\\\/gas-sobe-e-preco-do-botijao-fica-mais-caro-a-partir-desta-terca-feira\\\/#breadcrumb\"},\"inLanguage\":\"pt-BR\",\"potentialAction\":[{\"@type\":\"ReadAction\",\"target\":[\"https:\\\/\\\/www.cidademarketing.com.br\\\/marketing\\\/2019\\\/02\\\/05\\\/gas-sobe-e-preco-do-botijao-fica-mais-caro-a-partir-desta-terca-feira\\\/\"]}]},{\"@type\":\"ImageObject\",\"inLanguage\":\"pt-BR\",\"@id\":\"https:\\\/\\\/www.cidademarketing.com.br\\\/marketing\\\/2019\\\/02\\\/05\\\/gas-sobe-e-preco-do-botijao-fica-mais-caro-a-partir-desta-terca-feira\\\/#primaryimage\",\"url\":\"https:\\\/\\\/www.cidademarketing.com.br\\\/marketing\\\/wp-content\\\/uploads\\\/2019\\\/02\\\/botijao_aumento.png\",\"contentUrl\":\"https:\\\/\\\/www.cidademarketing.com.br\\\/marketing\\\/wp-content\\\/uploads\\\/2019\\\/02\\\/botijao_aumento.png\",\"width\":1000,\"height\":1000,\"caption\":\"Divulga\u00e7\u00e3o\"},{\"@type\":\"BreadcrumbList\",\"@id\":\"https:\\\/\\\/www.cidademarketing.com.br\\\/marketing\\\/2019\\\/02\\\/05\\\/gas-sobe-e-preco-do-botijao-fica-mais-caro-a-partir-desta-terca-feira\\\/#breadcrumb\",\"itemListElement\":[{\"@type\":\"ListItem\",\"position\":1,\"name\":\"In\u00edcio\",\"item\":\"https:\\\/\\\/www.cidademarketing.com.br\\\/marketing\\\/\"},{\"@type\":\"ListItem\",\"position\":2,\"name\":\"G\u00e1s sobe e pre\u00e7o do botij\u00e3o fica mais caro a partir desta ter\u00e7a-feira\"}]},{\"@type\":\"WebSite\",\"@id\":\"https:\\\/\\\/www.cidademarketing.com.br\\\/marketing\\\/#website\",\"url\":\"https:\\\/\\\/www.cidademarketing.com.br\\\/marketing\\\/\",\"name\":\"CidadeMarketing\",\"description\":\"Somos um ve\u00edculo de comunica\u00e7\u00e3o de destaque no Brasil, reconhecido por conte\u00fados nos segmentos de marketing, empreendedorismo e inova\u00e7\u00e3o.\",\"publisher\":{\"@id\":\"https:\\\/\\\/www.cidademarketing.com.br\\\/marketing\\\/#organization\"},\"alternateName\":\"CidadeMarketing\",\"potentialAction\":[{\"@type\":\"SearchAction\",\"target\":{\"@type\":\"EntryPoint\",\"urlTemplate\":\"https:\\\/\\\/www.cidademarketing.com.br\\\/marketing\\\/?s={search_term_string}\"},\"query-input\":{\"@type\":\"PropertyValueSpecification\",\"valueRequired\":true,\"valueName\":\"search_term_string\"}}],\"inLanguage\":\"pt-BR\"},{\"@type\":\"Organization\",\"@id\":\"https:\\\/\\\/www.cidademarketing.com.br\\\/marketing\\\/#organization\",\"name\":\"CidadeMarketing\",\"alternateName\":\"CidadeMarketing\",\"url\":\"https:\\\/\\\/www.cidademarketing.com.br\\\/marketing\\\/\",\"logo\":{\"@type\":\"ImageObject\",\"inLanguage\":\"pt-BR\",\"@id\":\"https:\\\/\\\/www.cidademarketing.com.br\\\/marketing\\\/#\\\/schema\\\/logo\\\/image\\\/\",\"url\":\"https:\\\/\\\/www.cidademarketing.com.br\\\/marketing\\\/wp-content\\\/uploads\\\/2020\\\/01\\\/cidademarketing_marca_mobile.png\",\"contentUrl\":\"https:\\\/\\\/www.cidademarketing.com.br\\\/marketing\\\/wp-content\\\/uploads\\\/2020\\\/01\\\/cidademarketing_marca_mobile.png\",\"width\":230,\"height\":92,\"caption\":\"CidadeMarketing\"},\"image\":{\"@id\":\"https:\\\/\\\/www.cidademarketing.com.br\\\/marketing\\\/#\\\/schema\\\/logo\\\/image\\\/\"},\"sameAs\":[\"https:\\\/\\\/www.facebook.com\\\/portalcidademarketing\",\"https:\\\/\\\/x.com\\\/CidadeMarketing\",\"https:\\\/\\\/www.instagram.com\\\/cidademarketing\\\/\"]},{\"@type\":\"Person\",\"@id\":\"https:\\\/\\\/www.cidademarketing.com.br\\\/marketing\\\/#\\\/schema\\\/person\\\/02daff9f18bd9378c9e01eb6b2db155f\",\"name\":\"Thales Brand\u00e3o\",\"image\":{\"@type\":\"ImageObject\",\"inLanguage\":\"pt-BR\",\"@id\":\"https:\\\/\\\/secure.gravatar.com\\\/avatar\\\/7ca3206950207cc3cb48feec56a8a7898741ab725c368d99d5d7a5a50aab80c6?s=96&d=mm&r=g\",\"url\":\"https:\\\/\\\/secure.gravatar.com\\\/avatar\\\/7ca3206950207cc3cb48feec56a8a7898741ab725c368d99d5d7a5a50aab80c6?s=96&d=mm&r=g\",\"contentUrl\":\"https:\\\/\\\/secure.gravatar.com\\\/avatar\\\/7ca3206950207cc3cb48feec56a8a7898741ab725c368d99d5d7a5a50aab80c6?s=96&d=mm&r=g\",\"caption\":\"Thales Brand\u00e3o\"},\"description\":\"Editor Executivo do Portal CidadeMarketing.com.br &gt; Mestre em Comunica\u00e7\u00e3o e Sociedade pela Universidade Federal de Sergipe. Possui MBA Executivo em Administra\u00e7\u00e3o com \u00eanfase em Marketing pela Funda\u00e7\u00e3o Get\u00falio Vargas - Rio de Janeiro. Consultor, Palestrante e Pesquisador sobre Empreendedorismo, Marketing, Redes Sociais e Neg\u00f3cios Digitais. Professor, Palestrante TedxTalks e Campus Party. Twitter: @ThalesBrandao\",\"sameAs\":[\"http:\\\/\\\/www.mandacaru.com.br\",\"https:\\\/\\\/www.facebook.com\\\/thalesbrandao\",\"http:\\\/\\\/www.instagram.com.br\\\/thalesbrandaoferreira\",\"https:\\\/\\\/www.linkedin.com\\\/in\\\/thales-brand\u00e3o-3948609\\\/\",\"https:\\\/\\\/x.com\\\/http:\\\/\\\/www.twitter.com\\\/thalesbrandao\"],\"url\":\"https:\\\/\\\/www.cidademarketing.com.br\\\/marketing\\\/author\\\/thalesbrandao\\\/\"}]}<\/script>\n<!-- \/ Yoast SEO plugin. -->","yoast_head_json":{"title":"G\u00e1s sobe e pre\u00e7o do botij\u00e3o fica mais caro a partir desta ter\u00e7a-feira - CidadeMarketing","robots":{"index":"index","follow":"follow","max-snippet":"max-snippet:-1","max-image-preview":"max-image-preview:large","max-video-preview":"max-video-preview:-1"},"canonical":"https:\/\/www.cidademarketing.com.br\/marketing\/2019\/02\/05\/gas-sobe-e-preco-do-botijao-fica-mais-caro-a-partir-desta-terca-feira\/","og_locale":"pt_BR","og_type":"article","og_title":"G\u00e1s sobe e pre\u00e7o do botij\u00e3o fica mais caro a partir desta ter\u00e7a-feira - CidadeMarketing","og_description":"A partir de hoje (5), o botij\u00e3o de at\u00e9 13 quilos de g\u00e1s liquefeito de petr\u00f3leo (GLP) residencial ficar\u00e1 mais caro. O novo pre\u00e7o m\u00e9dio do produto, anunciado hoje pela Petrobras, ser\u00e1 de R$ 25,33. No \u00faltimo ajuste, feito em novembro do ano passado, o pre\u00e7o determinado foi de R$ 25,07. O produto tem reajustes [&hellip;]","og_url":"https:\/\/www.cidademarketing.com.br\/marketing\/2019\/02\/05\/gas-sobe-e-preco-do-botijao-fica-mais-caro-a-partir-desta-terca-feira\/","og_site_name":"CidadeMarketing","article_publisher":"https:\/\/www.facebook.com\/portalcidademarketing","article_author":"https:\/\/www.facebook.com\/thalesbrandao","article_published_time":"2019-02-05T12:24:53+00:00","article_modified_time":"2019-02-05T12:25:51+00:00","og_image":[{"width":1000,"height":1000,"url":"https:\/\/www.cidademarketing.com.br\/marketing\/wp-content\/uploads\/2019\/02\/botijao_aumento.png","type":"image\/png"}],"author":"Thales Brand\u00e3o","twitter_card":"summary_large_image","twitter_creator":"@http:\/\/www.twitter.com\/thalesbrandao","twitter_site":"@CidadeMarketing","twitter_misc":{"Escrito por":"Thales Brand\u00e3o","Est. tempo de leitura":"1 minuto"},"schema":{"@context":"https:\/\/schema.org","@graph":[{"@type":"Article","@id":"https:\/\/www.cidademarketing.com.br\/marketing\/2019\/02\/05\/gas-sobe-e-preco-do-botijao-fica-mais-caro-a-partir-desta-terca-feira\/#article","isPartOf":{"@id":"https:\/\/www.cidademarketing.com.br\/marketing\/2019\/02\/05\/gas-sobe-e-preco-do-botijao-fica-mais-caro-a-partir-desta-terca-feira\/"},"author":{"name":"Thales Brand\u00e3o","@id":"https:\/\/www.cidademarketing.com.br\/marketing\/#\/schema\/person\/02daff9f18bd9378c9e01eb6b2db155f"},"headline":"G\u00e1s sobe e pre\u00e7o do botij\u00e3o fica mais caro a partir desta ter\u00e7a-feira","datePublished":"2019-02-05T12:24:53+00:00","dateModified":"2019-02-05T12:25:51+00:00","mainEntityOfPage":{"@id":"https:\/\/www.cidademarketing.com.br\/marketing\/2019\/02\/05\/gas-sobe-e-preco-do-botijao-fica-mais-caro-a-partir-desta-terca-feira\/"},"wordCount":312,"commentCount":0,"publisher":{"@id":"https:\/\/www.cidademarketing.com.br\/marketing\/#organization"},"image":{"@id":"https:\/\/www.cidademarketing.com.br\/marketing\/2019\/02\/05\/gas-sobe-e-preco-do-botijao-fica-mais-caro-a-partir-desta-terca-feira\/#primaryimage"},"thumbnailUrl":"https:\/\/www.cidademarketing.com.br\/marketing\/wp-content\/uploads\/2019\/02\/botijao_aumento.png","keywords":["aumento","marketing","pre\u00e7o"],"articleSection":["Not\u00edcias"],"inLanguage":"pt-BR","potentialAction":[{"@type":"CommentAction","name":"Comment","target":["https:\/\/www.cidademarketing.com.br\/marketing\/2019\/02\/05\/gas-sobe-e-preco-do-botijao-fica-mais-caro-a-partir-desta-terca-feira\/#respond"]}]},{"@type":"WebPage","@id":"https:\/\/www.cidademarketing.com.br\/marketing\/2019\/02\/05\/gas-sobe-e-preco-do-botijao-fica-mais-caro-a-partir-desta-terca-feira\/","url":"https:\/\/www.cidademarketing.com.br\/marketing\/2019\/02\/05\/gas-sobe-e-preco-do-botijao-fica-mais-caro-a-partir-desta-terca-feira\/","name":"G\u00e1s sobe e pre\u00e7o do botij\u00e3o fica mais caro a partir desta ter\u00e7a-feira - CidadeMarketing","isPartOf":{"@id":"https:\/\/www.cidademarketing.com.br\/marketing\/#website"},"primaryImageOfPage":{"@id":"https:\/\/www.cidademarketing.com.br\/marketing\/2019\/02\/05\/gas-sobe-e-preco-do-botijao-fica-mais-caro-a-partir-desta-terca-feira\/#primaryimage"},"image":{"@id":"https:\/\/www.cidademarketing.com.br\/marketing\/2019\/02\/05\/gas-sobe-e-preco-do-botijao-fica-mais-caro-a-partir-desta-terca-feira\/#primaryimage"},"thumbnailUrl":"https:\/\/www.cidademarketing.com.br\/marketing\/wp-content\/uploads\/2019\/02\/botijao_aumento.png","datePublished":"2019-02-05T12:24:53+00:00","dateModified":"2019-02-05T12:25:51+00:00","breadcrumb":{"@id":"https:\/\/www.cidademarketing.com.br\/marketing\/2019\/02\/05\/gas-sobe-e-preco-do-botijao-fica-mais-caro-a-partir-desta-terca-feira\/#breadcrumb"},"inLanguage":"pt-BR","potentialAction":[{"@type":"ReadAction","target":["https:\/\/www.cidademarketing.com.br\/marketing\/2019\/02\/05\/gas-sobe-e-preco-do-botijao-fica-mais-caro-a-partir-desta-terca-feira\/"]}]},{"@type":"ImageObject","inLanguage":"pt-BR","@id":"https:\/\/www.cidademarketing.com.br\/marketing\/2019\/02\/05\/gas-sobe-e-preco-do-botijao-fica-mais-caro-a-partir-desta-terca-feira\/#primaryimage","url":"https:\/\/www.cidademarketing.com.br\/marketing\/wp-content\/uploads\/2019\/02\/botijao_aumento.png","contentUrl":"https:\/\/www.cidademarketing.com.br\/marketing\/wp-content\/uploads\/2019\/02\/botijao_aumento.png","width":1000,"height":1000,"caption":"Divulga\u00e7\u00e3o"},{"@type":"BreadcrumbList","@id":"https:\/\/www.cidademarketing.com.br\/marketing\/2019\/02\/05\/gas-sobe-e-preco-do-botijao-fica-mais-caro-a-partir-desta-terca-feira\/#breadcrumb","itemListElement":[{"@type":"ListItem","position":1,"name":"In\u00edcio","item":"https:\/\/www.cidademarketing.com.br\/marketing\/"},{"@type":"ListItem","position":2,"name":"G\u00e1s sobe e pre\u00e7o do botij\u00e3o fica mais caro a partir desta ter\u00e7a-feira"}]},{"@type":"WebSite","@id":"https:\/\/www.cidademarketing.com.br\/marketing\/#website","url":"https:\/\/www.cidademarketing.com.br\/marketing\/","name":"CidadeMarketing","description":"Somos um ve\u00edculo de comunica\u00e7\u00e3o de destaque no Brasil, reconhecido por conte\u00fados nos segmentos de marketing, empreendedorismo e inova\u00e7\u00e3o.","publisher":{"@id":"https:\/\/www.cidademarketing.com.br\/marketing\/#organization"},"alternateName":"CidadeMarketing","potentialAction":[{"@type":"SearchAction","target":{"@type":"EntryPoint","urlTemplate":"https:\/\/www.cidademarketing.com.br\/marketing\/?s={search_term_string}"},"query-input":{"@type":"PropertyValueSpecification","valueRequired":true,"valueName":"search_term_string"}}],"inLanguage":"pt-BR"},{"@type":"Organization","@id":"https:\/\/www.cidademarketing.com.br\/marketing\/#organization","name":"CidadeMarketing","alternateName":"CidadeMarketing","url":"https:\/\/www.cidademarketing.com.br\/marketing\/","logo":{"@type":"ImageObject","inLanguage":"pt-BR","@id":"https:\/\/www.cidademarketing.com.br\/marketing\/#\/schema\/logo\/image\/","url":"https:\/\/www.cidademarketing.com.br\/marketing\/wp-content\/uploads\/2020\/01\/cidademarketing_marca_mobile.png","contentUrl":"https:\/\/www.cidademarketing.com.br\/marketing\/wp-content\/uploads\/2020\/01\/cidademarketing_marca_mobile.png","width":230,"height":92,"caption":"CidadeMarketing"},"image":{"@id":"https:\/\/www.cidademarketing.com.br\/marketing\/#\/schema\/logo\/image\/"},"sameAs":["https:\/\/www.facebook.com\/portalcidademarketing","https:\/\/x.com\/CidadeMarketing","https:\/\/www.instagram.com\/cidademarketing\/"]},{"@type":"Person","@id":"https:\/\/www.cidademarketing.com.br\/marketing\/#\/schema\/person\/02daff9f18bd9378c9e01eb6b2db155f","name":"Thales Brand\u00e3o","image":{"@type":"ImageObject","inLanguage":"pt-BR","@id":"https:\/\/secure.gravatar.com\/avatar\/7ca3206950207cc3cb48feec56a8a7898741ab725c368d99d5d7a5a50aab80c6?s=96&d=mm&r=g","url":"https:\/\/secure.gravatar.com\/avatar\/7ca3206950207cc3cb48feec56a8a7898741ab725c368d99d5d7a5a50aab80c6?s=96&d=mm&r=g","contentUrl":"https:\/\/secure.gravatar.com\/avatar\/7ca3206950207cc3cb48feec56a8a7898741ab725c368d99d5d7a5a50aab80c6?s=96&d=mm&r=g","caption":"Thales Brand\u00e3o"},"description":"Editor Executivo do Portal CidadeMarketing.com.br &gt; Mestre em Comunica\u00e7\u00e3o e Sociedade pela Universidade Federal de Sergipe. Possui MBA Executivo em Administra\u00e7\u00e3o com \u00eanfase em Marketing pela Funda\u00e7\u00e3o Get\u00falio Vargas - Rio de Janeiro. Consultor, Palestrante e Pesquisador sobre Empreendedorismo, Marketing, Redes Sociais e Neg\u00f3cios Digitais. Professor, Palestrante TedxTalks e Campus Party. Twitter: @ThalesBrandao","sameAs":["http:\/\/www.mandacaru.com.br","https:\/\/www.facebook.com\/thalesbrandao","http:\/\/www.instagram.com.br\/thalesbrandaoferreira","https:\/\/www.linkedin.com\/in\/thales-brand\u00e3o-3948609\/","https:\/\/x.com\/http:\/\/www.twitter.com\/thalesbrandao"],"url":"https:\/\/www.cidademarketing.com.br\/marketing\/author\/thalesbrandao\/"}]}},"amp_enabled":true,"_links":{"self":[{"href":"https:\/\/www.cidademarketing.com.br\/marketing\/wp-json\/wp\/v2\/posts\/5976","targetHints":{"allow":["GET"]}}],"collection":[{"href":"https:\/\/www.cidademarketing.com.br\/marketing\/wp-json\/wp\/v2\/posts"}],"about":[{"href":"https:\/\/www.cidademarketing.com.br\/marketing\/wp-json\/wp\/v2\/types\/post"}],"author":[{"embeddable":true,"href":"https:\/\/www.cidademarketing.com.br\/marketing\/wp-json\/wp\/v2\/users\/1"}],"replies":[{"embeddable":true,"href":"https:\/\/www.cidademarketing.com.br\/marketing\/wp-json\/wp\/v2\/comments?post=5976"}],"version-history":[{"count":2,"href":"https:\/\/www.cidademarketing.com.br\/marketing\/wp-json\/wp\/v2\/posts\/5976\/revisions"}],"predecessor-version":[{"id":5979,"href":"https:\/\/www.cidademarketing.com.br\/marketing\/wp-json\/wp\/v2\/posts\/5976\/revisions\/5979"}],"wp:featuredmedia":[{"embeddable":true,"href":"https:\/\/www.cidademarketing.com.br\/marketing\/wp-json\/wp\/v2\/media\/5977"}],"wp:attachment":[{"href":"https:\/\/www.cidademarketing.com.br\/marketing\/wp-json\/wp\/v2\/media?parent=5976"}],"wp:term":[{"taxonomy":"category","embeddable":true,"href":"https:\/\/www.cidademarketing.com.br\/marketing\/wp-json\/wp\/v2\/categories?post=5976"},{"taxonomy":"post_tag","embeddable":true,"href":"https:\/\/www.cidademarketing.com.br\/marketing\/wp-json\/wp\/v2\/tags?post=5976"}],"curies":[{"name":"wp","href":"https:\/\/api.w.org\/{rel}","templated":true}]}}