{"id":5965,"date":"2019-02-04T23:12:21","date_gmt":"2019-02-05T01:12:21","guid":{"rendered":"http:\/\/www.cidademarketing.com.br\/marketing\/?p=5965"},"modified":"2019-02-04T23:12:23","modified_gmt":"2019-02-05T01:12:23","slug":"conselho-federal-de-farmacia-afirma-que-ira-proibir-a-inscricao-alunos-egressos-de-cursos-na-modalidade-ead-mec-rebate-que-e-vedada-a-identificacao-da-modalidade-de-ensino-na-emissao-e-no-registro-de","status":"publish","type":"post","link":"https:\/\/www.cidademarketing.com.br\/marketing\/2019\/02\/04\/conselho-federal-de-farmacia-afirma-que-ira-proibir-a-inscricao-alunos-egressos-de-cursos-na-modalidade-ead-mec-rebate-que-e-vedada-a-identificacao-da-modalidade-de-ensino-na-emissao-e-no-registro-de\/","title":{"rendered":"Conselho Federal de Farm\u00e1cia afirma que ir\u00e1 proibir a inscri\u00e7\u00e3o alunos egressos de cursos na modalidade EaD; MEC rebate que \u00e9 vedada a identifica\u00e7\u00e3o da modalidade de ensino na emiss\u00e3o e no registro de diplomas"},"content":{"rendered":"\n<p><a href=\"http:\/\/www.cidademarketing.com.br\/marketing\/2019\/02\/01\/conselho-federal-de-farmacia-proibe-registro-de-diplomas-de-cursos-ead\/\" target=\"_blank\" rel=\"noreferrer noopener\" aria-label=\"O Conselho Federal de Farm\u00e1cia, em nota, defendeu na \u00faltima quinta-feira - 31\/1 (abre em uma nova aba)\">O Conselho Federal de Farm\u00e1cia, em nota, defendeu na \u00faltima quinta-feira &#8211; 31\/1<\/a>, a \u201cproibi\u00e7\u00e3o de inscri\u00e7\u00e3o e o registro pelos Conselhos Regionais de Farm\u00e1cia (CRFs) de alunos egressos de cursos de Farm\u00e1cia,\u00a0integralmente\u00a0realizados na modalidade de ensino \u00e0 dist\u00e2ncia \u2013 EaD\u201d<\/p>\n\n\n\n<p>\u201cA decis\u00e3o est\u00e1 embasada na atribui\u00e7\u00e3o legal do conselho, de trabalhar e zelar pelo bom conceito e pelo prest\u00edgio da profiss\u00e3o e dos que a exercem legalmente; promovendo a\u00e7\u00f5es de assist\u00eancia farmac\u00eautica em todos os n\u00edveis de aten\u00e7\u00e3o \u00e0 sa\u00fade, de acordo com a al\u00ednea &#8220;p&#8221;, do artigo 6\u00ba, da Lei Federal n\u00ba 3.820, de 11 de novembro de 1960, com as altera\u00e7\u00f5es da Lei Federal n\u00ba 9.120, de 26 de outubro de 1995\u201d, diz a nota divulgada no site do \u00f3rg\u00e3o e redes sociais.<\/p>\n\n\n\n<p>Entramos em contato com o Minist\u00e9rio da Educa\u00e7\u00e3o (MEC) que refor\u00e7ou que &#8220;\u00e9 vedada a identifica\u00e7\u00e3o da modalidade de ensino na emiss\u00e3o e no registro de diplomas&#8221;.  Alguns internautas pelas redes sociais abriram o questionamento:  <strong>Como o CFF ir\u00e1 identificar os profissionais que cursaram Farm\u00e1cia presencialmente e os provenientes do EaD se o pr\u00f3prio MEC pro\u00edbe tal distin\u00e7\u00e3o nos diplomas? <\/strong><\/p>\n\n\n\n<p>Confira na \u00edntegra a nota:<\/p>\n\n\n\n<p>&#8220;<em>As Institui\u00e7\u00f5es de Educa\u00e7\u00e3o Superior vinculadas ao\nsistema federal de ensino devem adotar os procedimentos previstos na portaria\nn\u00ba 1.095\/2018 para fins de expedi\u00e7\u00e3o e registro de diplomas. Nos termos do art.\n2\u00ba da referida &nbsp;portaria, os diplomas de cursos superiores reconhecidos\npelo MEC, quando registrados, ter\u00e3o validade nacional como prova da forma\u00e7\u00e3o\nrecebida pelo seu titular.<\/em><\/p>\n\n\n\n<p><em>Importante frisar que \u00e9 vedada a identifica\u00e7\u00e3o da\nmodalidade de ensino na emiss\u00e3o e no registro de diplomas. Ou seja, n\u00e3o pode\nconstar nos diplomas se a gradua\u00e7\u00e3o do aluno foi realizada na modalidade\npresencial ou a dist\u00e2ncia (art. 8\u00ba da portaria n\u00ba 1.095\/2018).<\/em><\/p>\n\n\n\n<p><em>No que diz respeito a inscri\u00e7\u00e3o e registro de graduados pelos Conselhos de Classes Profissionais, n\u00e3o cabe interfer\u00eancia do Minist\u00e9rio da Educa\u00e7\u00e3o.<\/em><\/p>\n\n\n\n<p><em>Os graduados possuidores de diplomas v\u00e1lidos que se sentirem lesados pelos respectivos Conselhos de Classes Profissionais podem buscar a efetiva\u00e7\u00e3o de seus direitos atrav\u00e9s dos meios legais existentes.&#8221;<\/em><\/p>\n\n\n\n<p><\/p>\n","protected":false},"excerpt":{"rendered":"<p>O Conselho Federal de Farm\u00e1cia, em nota, defendeu na \u00faltima quinta-feira &#8211; 31\/1, a \u201cproibi\u00e7\u00e3o de inscri\u00e7\u00e3o e o registro pelos Conselhos Regionais de Farm\u00e1cia (CRFs) de alunos egressos de cursos de Farm\u00e1cia,\u00a0integralmente\u00a0realizados na modalidade de ensino \u00e0 dist\u00e2ncia \u2013 EaD\u201d \u201cA decis\u00e3o est\u00e1 embasada na atribui\u00e7\u00e3o legal do conselho, de trabalhar e zelar pelo [&hellip;]<\/p>\n","protected":false},"author":1,"featured_media":537,"comment_status":"open","ping_status":"open","sticky":false,"template":"","format":"standard","meta":{"tdm_status":"","tdm_grid_status":"","footnotes":""},"categories":[6],"tags":[1355,1336,582,33,28,1207],"class_list":["post-5965","post","type-post","status-publish","format-standard","has-post-thumbnail","hentry","category-noticias","tag-cff","tag-conselho-federal-de-farmacia","tag-ead","tag-estrategia","tag-marketing","tag-ministerio-da-educacao"],"yoast_head":"<!-- This site is optimized with the Yoast SEO plugin v27.5 - https:\/\/yoast.com\/product\/yoast-seo-wordpress\/ -->\n<title>Conselho Federal de Farm\u00e1cia afirma que ir\u00e1 proibir a inscri\u00e7\u00e3o alunos egressos de cursos na modalidade EaD; MEC rebate que \u00e9 vedada a identifica\u00e7\u00e3o da modalidade de ensino na emiss\u00e3o e no registro de diplomas - CidadeMarketing<\/title>\n<meta name=\"robots\" content=\"index, follow, max-snippet:-1, max-image-preview:large, max-video-preview:-1\" \/>\n<link rel=\"canonical\" href=\"https:\/\/www.cidademarketing.com.br\/marketing\/2019\/02\/04\/conselho-federal-de-farmacia-afirma-que-ira-proibir-a-inscricao-alunos-egressos-de-cursos-na-modalidade-ead-mec-rebate-que-e-vedada-a-identificacao-da-modalidade-de-ensino-na-emissao-e-no-registro-de\/\" \/>\n<meta property=\"og:locale\" content=\"pt_BR\" \/>\n<meta property=\"og:type\" content=\"article\" \/>\n<meta property=\"og:title\" content=\"Conselho Federal de Farm\u00e1cia afirma que ir\u00e1 proibir a inscri\u00e7\u00e3o alunos egressos de cursos na modalidade EaD; MEC rebate que \u00e9 vedada a identifica\u00e7\u00e3o da modalidade de ensino na emiss\u00e3o e no registro de diplomas - CidadeMarketing\" \/>\n<meta property=\"og:description\" content=\"O Conselho Federal de Farm\u00e1cia, em nota, defendeu na \u00faltima quinta-feira &#8211; 31\/1, a \u201cproibi\u00e7\u00e3o de inscri\u00e7\u00e3o e o registro pelos Conselhos Regionais de Farm\u00e1cia (CRFs) de alunos egressos de cursos de Farm\u00e1cia,\u00a0integralmente\u00a0realizados na modalidade de ensino \u00e0 dist\u00e2ncia \u2013 EaD\u201d \u201cA decis\u00e3o est\u00e1 embasada na atribui\u00e7\u00e3o legal do conselho, de trabalhar e zelar pelo [&hellip;]\" \/>\n<meta property=\"og:url\" content=\"https:\/\/www.cidademarketing.com.br\/marketing\/2019\/02\/04\/conselho-federal-de-farmacia-afirma-que-ira-proibir-a-inscricao-alunos-egressos-de-cursos-na-modalidade-ead-mec-rebate-que-e-vedada-a-identificacao-da-modalidade-de-ensino-na-emissao-e-no-registro-de\/\" \/>\n<meta property=\"og:site_name\" content=\"CidadeMarketing\" \/>\n<meta property=\"article:publisher\" content=\"https:\/\/www.facebook.com\/portalcidademarketing\" \/>\n<meta property=\"article:author\" content=\"https:\/\/www.facebook.com\/thalesbrandao\" \/>\n<meta property=\"article:published_time\" content=\"2019-02-05T01:12:21+00:00\" \/>\n<meta property=\"article:modified_time\" content=\"2019-02-05T01:12:23+00:00\" \/>\n<meta property=\"og:image\" content=\"https:\/\/www.cidademarketing.com.br\/marketing\/wp-content\/uploads\/2018\/07\/mec.png\" \/>\n\t<meta property=\"og:image:width\" content=\"225\" \/>\n\t<meta property=\"og:image:height\" content=\"225\" \/>\n\t<meta property=\"og:image:type\" content=\"image\/png\" \/>\n<meta name=\"author\" content=\"Thales Brand\u00e3o\" \/>\n<meta name=\"twitter:card\" content=\"summary_large_image\" \/>\n<meta name=\"twitter:creator\" content=\"@http:\/\/www.twitter.com\/thalesbrandao\" \/>\n<meta name=\"twitter:site\" content=\"@CidadeMarketing\" \/>\n<meta name=\"twitter:label1\" content=\"Escrito por\" \/>\n\t<meta name=\"twitter:data1\" content=\"Thales Brand\u00e3o\" \/>\n\t<meta name=\"twitter:label2\" content=\"Est. tempo de leitura\" \/>\n\t<meta name=\"twitter:data2\" content=\"2 minutos\" \/>\n<script type=\"application\/ld+json\" class=\"yoast-schema-graph\">{\"@context\":\"https:\\\/\\\/schema.org\",\"@graph\":[{\"@type\":\"Article\",\"@id\":\"https:\\\/\\\/www.cidademarketing.com.br\\\/marketing\\\/2019\\\/02\\\/04\\\/conselho-federal-de-farmacia-afirma-que-ira-proibir-a-inscricao-alunos-egressos-de-cursos-na-modalidade-ead-mec-rebate-que-e-vedada-a-identificacao-da-modalidade-de-ensino-na-emissao-e-no-registro-de\\\/#article\",\"isPartOf\":{\"@id\":\"https:\\\/\\\/www.cidademarketing.com.br\\\/marketing\\\/2019\\\/02\\\/04\\\/conselho-federal-de-farmacia-afirma-que-ira-proibir-a-inscricao-alunos-egressos-de-cursos-na-modalidade-ead-mec-rebate-que-e-vedada-a-identificacao-da-modalidade-de-ensino-na-emissao-e-no-registro-de\\\/\"},\"author\":{\"name\":\"Thales Brand\u00e3o\",\"@id\":\"https:\\\/\\\/www.cidademarketing.com.br\\\/marketing\\\/#\\\/schema\\\/person\\\/02daff9f18bd9378c9e01eb6b2db155f\"},\"headline\":\"Conselho Federal de Farm\u00e1cia afirma que ir\u00e1 proibir a inscri\u00e7\u00e3o alunos egressos de cursos na modalidade EaD; MEC rebate que \u00e9 vedada a identifica\u00e7\u00e3o da modalidade de ensino na emiss\u00e3o e no registro de diplomas\",\"datePublished\":\"2019-02-05T01:12:21+00:00\",\"dateModified\":\"2019-02-05T01:12:23+00:00\",\"mainEntityOfPage\":{\"@id\":\"https:\\\/\\\/www.cidademarketing.com.br\\\/marketing\\\/2019\\\/02\\\/04\\\/conselho-federal-de-farmacia-afirma-que-ira-proibir-a-inscricao-alunos-egressos-de-cursos-na-modalidade-ead-mec-rebate-que-e-vedada-a-identificacao-da-modalidade-de-ensino-na-emissao-e-no-registro-de\\\/\"},\"wordCount\":412,\"commentCount\":0,\"publisher\":{\"@id\":\"https:\\\/\\\/www.cidademarketing.com.br\\\/marketing\\\/#organization\"},\"image\":{\"@id\":\"https:\\\/\\\/www.cidademarketing.com.br\\\/marketing\\\/2019\\\/02\\\/04\\\/conselho-federal-de-farmacia-afirma-que-ira-proibir-a-inscricao-alunos-egressos-de-cursos-na-modalidade-ead-mec-rebate-que-e-vedada-a-identificacao-da-modalidade-de-ensino-na-emissao-e-no-registro-de\\\/#primaryimage\"},\"thumbnailUrl\":\"https:\\\/\\\/www.cidademarketing.com.br\\\/marketing\\\/wp-content\\\/uploads\\\/2018\\\/07\\\/mec.png\",\"keywords\":[\"CFF\",\"Conselho Federal de Farm\u00e1cia\",\"EAD\",\"estrat\u00e9gia\",\"marketing\",\"Minist\u00e9rio da Educa\u00e7\u00e3o\"],\"articleSection\":[\"Not\u00edcias\"],\"inLanguage\":\"pt-BR\",\"potentialAction\":[{\"@type\":\"CommentAction\",\"name\":\"Comment\",\"target\":[\"https:\\\/\\\/www.cidademarketing.com.br\\\/marketing\\\/2019\\\/02\\\/04\\\/conselho-federal-de-farmacia-afirma-que-ira-proibir-a-inscricao-alunos-egressos-de-cursos-na-modalidade-ead-mec-rebate-que-e-vedada-a-identificacao-da-modalidade-de-ensino-na-emissao-e-no-registro-de\\\/#respond\"]}]},{\"@type\":\"WebPage\",\"@id\":\"https:\\\/\\\/www.cidademarketing.com.br\\\/marketing\\\/2019\\\/02\\\/04\\\/conselho-federal-de-farmacia-afirma-que-ira-proibir-a-inscricao-alunos-egressos-de-cursos-na-modalidade-ead-mec-rebate-que-e-vedada-a-identificacao-da-modalidade-de-ensino-na-emissao-e-no-registro-de\\\/\",\"url\":\"https:\\\/\\\/www.cidademarketing.com.br\\\/marketing\\\/2019\\\/02\\\/04\\\/conselho-federal-de-farmacia-afirma-que-ira-proibir-a-inscricao-alunos-egressos-de-cursos-na-modalidade-ead-mec-rebate-que-e-vedada-a-identificacao-da-modalidade-de-ensino-na-emissao-e-no-registro-de\\\/\",\"name\":\"Conselho Federal de Farm\u00e1cia afirma que ir\u00e1 proibir a inscri\u00e7\u00e3o alunos egressos de cursos na modalidade EaD; MEC rebate que \u00e9 vedada a identifica\u00e7\u00e3o da modalidade de ensino na emiss\u00e3o e no registro de diplomas - CidadeMarketing\",\"isPartOf\":{\"@id\":\"https:\\\/\\\/www.cidademarketing.com.br\\\/marketing\\\/#website\"},\"primaryImageOfPage\":{\"@id\":\"https:\\\/\\\/www.cidademarketing.com.br\\\/marketing\\\/2019\\\/02\\\/04\\\/conselho-federal-de-farmacia-afirma-que-ira-proibir-a-inscricao-alunos-egressos-de-cursos-na-modalidade-ead-mec-rebate-que-e-vedada-a-identificacao-da-modalidade-de-ensino-na-emissao-e-no-registro-de\\\/#primaryimage\"},\"image\":{\"@id\":\"https:\\\/\\\/www.cidademarketing.com.br\\\/marketing\\\/2019\\\/02\\\/04\\\/conselho-federal-de-farmacia-afirma-que-ira-proibir-a-inscricao-alunos-egressos-de-cursos-na-modalidade-ead-mec-rebate-que-e-vedada-a-identificacao-da-modalidade-de-ensino-na-emissao-e-no-registro-de\\\/#primaryimage\"},\"thumbnailUrl\":\"https:\\\/\\\/www.cidademarketing.com.br\\\/marketing\\\/wp-content\\\/uploads\\\/2018\\\/07\\\/mec.png\",\"datePublished\":\"2019-02-05T01:12:21+00:00\",\"dateModified\":\"2019-02-05T01:12:23+00:00\",\"breadcrumb\":{\"@id\":\"https:\\\/\\\/www.cidademarketing.com.br\\\/marketing\\\/2019\\\/02\\\/04\\\/conselho-federal-de-farmacia-afirma-que-ira-proibir-a-inscricao-alunos-egressos-de-cursos-na-modalidade-ead-mec-rebate-que-e-vedada-a-identificacao-da-modalidade-de-ensino-na-emissao-e-no-registro-de\\\/#breadcrumb\"},\"inLanguage\":\"pt-BR\",\"potentialAction\":[{\"@type\":\"ReadAction\",\"target\":[\"https:\\\/\\\/www.cidademarketing.com.br\\\/marketing\\\/2019\\\/02\\\/04\\\/conselho-federal-de-farmacia-afirma-que-ira-proibir-a-inscricao-alunos-egressos-de-cursos-na-modalidade-ead-mec-rebate-que-e-vedada-a-identificacao-da-modalidade-de-ensino-na-emissao-e-no-registro-de\\\/\"]}]},{\"@type\":\"ImageObject\",\"inLanguage\":\"pt-BR\",\"@id\":\"https:\\\/\\\/www.cidademarketing.com.br\\\/marketing\\\/2019\\\/02\\\/04\\\/conselho-federal-de-farmacia-afirma-que-ira-proibir-a-inscricao-alunos-egressos-de-cursos-na-modalidade-ead-mec-rebate-que-e-vedada-a-identificacao-da-modalidade-de-ensino-na-emissao-e-no-registro-de\\\/#primaryimage\",\"url\":\"https:\\\/\\\/www.cidademarketing.com.br\\\/marketing\\\/wp-content\\\/uploads\\\/2018\\\/07\\\/mec.png\",\"contentUrl\":\"https:\\\/\\\/www.cidademarketing.com.br\\\/marketing\\\/wp-content\\\/uploads\\\/2018\\\/07\\\/mec.png\",\"width\":225,\"height\":225},{\"@type\":\"BreadcrumbList\",\"@id\":\"https:\\\/\\\/www.cidademarketing.com.br\\\/marketing\\\/2019\\\/02\\\/04\\\/conselho-federal-de-farmacia-afirma-que-ira-proibir-a-inscricao-alunos-egressos-de-cursos-na-modalidade-ead-mec-rebate-que-e-vedada-a-identificacao-da-modalidade-de-ensino-na-emissao-e-no-registro-de\\\/#breadcrumb\",\"itemListElement\":[{\"@type\":\"ListItem\",\"position\":1,\"name\":\"In\u00edcio\",\"item\":\"https:\\\/\\\/www.cidademarketing.com.br\\\/marketing\\\/\"},{\"@type\":\"ListItem\",\"position\":2,\"name\":\"Conselho Federal de Farm\u00e1cia afirma que ir\u00e1 proibir a inscri\u00e7\u00e3o alunos egressos de cursos na modalidade EaD; MEC rebate que \u00e9 vedada a identifica\u00e7\u00e3o da modalidade de ensino na emiss\u00e3o e no registro de diplomas\"}]},{\"@type\":\"WebSite\",\"@id\":\"https:\\\/\\\/www.cidademarketing.com.br\\\/marketing\\\/#website\",\"url\":\"https:\\\/\\\/www.cidademarketing.com.br\\\/marketing\\\/\",\"name\":\"CidadeMarketing\",\"description\":\"Somos um ve\u00edculo de comunica\u00e7\u00e3o de destaque no Brasil, reconhecido por conte\u00fados nos segmentos de marketing, empreendedorismo e inova\u00e7\u00e3o.\",\"publisher\":{\"@id\":\"https:\\\/\\\/www.cidademarketing.com.br\\\/marketing\\\/#organization\"},\"alternateName\":\"CidadeMarketing\",\"potentialAction\":[{\"@type\":\"SearchAction\",\"target\":{\"@type\":\"EntryPoint\",\"urlTemplate\":\"https:\\\/\\\/www.cidademarketing.com.br\\\/marketing\\\/?s={search_term_string}\"},\"query-input\":{\"@type\":\"PropertyValueSpecification\",\"valueRequired\":true,\"valueName\":\"search_term_string\"}}],\"inLanguage\":\"pt-BR\"},{\"@type\":\"Organization\",\"@id\":\"https:\\\/\\\/www.cidademarketing.com.br\\\/marketing\\\/#organization\",\"name\":\"CidadeMarketing\",\"alternateName\":\"CidadeMarketing\",\"url\":\"https:\\\/\\\/www.cidademarketing.com.br\\\/marketing\\\/\",\"logo\":{\"@type\":\"ImageObject\",\"inLanguage\":\"pt-BR\",\"@id\":\"https:\\\/\\\/www.cidademarketing.com.br\\\/marketing\\\/#\\\/schema\\\/logo\\\/image\\\/\",\"url\":\"https:\\\/\\\/www.cidademarketing.com.br\\\/marketing\\\/wp-content\\\/uploads\\\/2020\\\/01\\\/cidademarketing_marca_mobile.png\",\"contentUrl\":\"https:\\\/\\\/www.cidademarketing.com.br\\\/marketing\\\/wp-content\\\/uploads\\\/2020\\\/01\\\/cidademarketing_marca_mobile.png\",\"width\":230,\"height\":92,\"caption\":\"CidadeMarketing\"},\"image\":{\"@id\":\"https:\\\/\\\/www.cidademarketing.com.br\\\/marketing\\\/#\\\/schema\\\/logo\\\/image\\\/\"},\"sameAs\":[\"https:\\\/\\\/www.facebook.com\\\/portalcidademarketing\",\"https:\\\/\\\/x.com\\\/CidadeMarketing\",\"https:\\\/\\\/www.instagram.com\\\/cidademarketing\\\/\"]},{\"@type\":\"Person\",\"@id\":\"https:\\\/\\\/www.cidademarketing.com.br\\\/marketing\\\/#\\\/schema\\\/person\\\/02daff9f18bd9378c9e01eb6b2db155f\",\"name\":\"Thales Brand\u00e3o\",\"image\":{\"@type\":\"ImageObject\",\"inLanguage\":\"pt-BR\",\"@id\":\"https:\\\/\\\/secure.gravatar.com\\\/avatar\\\/7ca3206950207cc3cb48feec56a8a7898741ab725c368d99d5d7a5a50aab80c6?s=96&d=mm&r=g\",\"url\":\"https:\\\/\\\/secure.gravatar.com\\\/avatar\\\/7ca3206950207cc3cb48feec56a8a7898741ab725c368d99d5d7a5a50aab80c6?s=96&d=mm&r=g\",\"contentUrl\":\"https:\\\/\\\/secure.gravatar.com\\\/avatar\\\/7ca3206950207cc3cb48feec56a8a7898741ab725c368d99d5d7a5a50aab80c6?s=96&d=mm&r=g\",\"caption\":\"Thales Brand\u00e3o\"},\"description\":\"Editor Executivo do Portal CidadeMarketing.com.br &gt; Mestre em Comunica\u00e7\u00e3o e Sociedade pela Universidade Federal de Sergipe. Possui MBA Executivo em Administra\u00e7\u00e3o com \u00eanfase em Marketing pela Funda\u00e7\u00e3o Get\u00falio Vargas - Rio de Janeiro. Consultor, Palestrante e Pesquisador sobre Empreendedorismo, Marketing, Redes Sociais e Neg\u00f3cios Digitais. Professor, Palestrante TedxTalks e Campus Party. Twitter: @ThalesBrandao\",\"sameAs\":[\"http:\\\/\\\/www.mandacaru.com.br\",\"https:\\\/\\\/www.facebook.com\\\/thalesbrandao\",\"http:\\\/\\\/www.instagram.com.br\\\/thalesbrandaoferreira\",\"https:\\\/\\\/www.linkedin.com\\\/in\\\/thales-brand\u00e3o-3948609\\\/\",\"https:\\\/\\\/x.com\\\/http:\\\/\\\/www.twitter.com\\\/thalesbrandao\"],\"url\":\"https:\\\/\\\/www.cidademarketing.com.br\\\/marketing\\\/author\\\/thalesbrandao\\\/\"}]}<\/script>\n<!-- \/ Yoast SEO plugin. -->","yoast_head_json":{"title":"Conselho Federal de Farm\u00e1cia afirma que ir\u00e1 proibir a inscri\u00e7\u00e3o alunos egressos de cursos na modalidade EaD; MEC rebate que \u00e9 vedada a identifica\u00e7\u00e3o da modalidade de ensino na emiss\u00e3o e no registro de diplomas - CidadeMarketing","robots":{"index":"index","follow":"follow","max-snippet":"max-snippet:-1","max-image-preview":"max-image-preview:large","max-video-preview":"max-video-preview:-1"},"canonical":"https:\/\/www.cidademarketing.com.br\/marketing\/2019\/02\/04\/conselho-federal-de-farmacia-afirma-que-ira-proibir-a-inscricao-alunos-egressos-de-cursos-na-modalidade-ead-mec-rebate-que-e-vedada-a-identificacao-da-modalidade-de-ensino-na-emissao-e-no-registro-de\/","og_locale":"pt_BR","og_type":"article","og_title":"Conselho Federal de Farm\u00e1cia afirma que ir\u00e1 proibir a inscri\u00e7\u00e3o alunos egressos de cursos na modalidade EaD; MEC rebate que \u00e9 vedada a identifica\u00e7\u00e3o da modalidade de ensino na emiss\u00e3o e no registro de diplomas - CidadeMarketing","og_description":"O Conselho Federal de Farm\u00e1cia, em nota, defendeu na \u00faltima quinta-feira &#8211; 31\/1, a \u201cproibi\u00e7\u00e3o de inscri\u00e7\u00e3o e o registro pelos Conselhos Regionais de Farm\u00e1cia (CRFs) de alunos egressos de cursos de Farm\u00e1cia,\u00a0integralmente\u00a0realizados na modalidade de ensino \u00e0 dist\u00e2ncia \u2013 EaD\u201d \u201cA decis\u00e3o est\u00e1 embasada na atribui\u00e7\u00e3o legal do conselho, de trabalhar e zelar pelo [&hellip;]","og_url":"https:\/\/www.cidademarketing.com.br\/marketing\/2019\/02\/04\/conselho-federal-de-farmacia-afirma-que-ira-proibir-a-inscricao-alunos-egressos-de-cursos-na-modalidade-ead-mec-rebate-que-e-vedada-a-identificacao-da-modalidade-de-ensino-na-emissao-e-no-registro-de\/","og_site_name":"CidadeMarketing","article_publisher":"https:\/\/www.facebook.com\/portalcidademarketing","article_author":"https:\/\/www.facebook.com\/thalesbrandao","article_published_time":"2019-02-05T01:12:21+00:00","article_modified_time":"2019-02-05T01:12:23+00:00","og_image":[{"width":225,"height":225,"url":"https:\/\/www.cidademarketing.com.br\/marketing\/wp-content\/uploads\/2018\/07\/mec.png","type":"image\/png"}],"author":"Thales Brand\u00e3o","twitter_card":"summary_large_image","twitter_creator":"@http:\/\/www.twitter.com\/thalesbrandao","twitter_site":"@CidadeMarketing","twitter_misc":{"Escrito por":"Thales Brand\u00e3o","Est. tempo de leitura":"2 minutos"},"schema":{"@context":"https:\/\/schema.org","@graph":[{"@type":"Article","@id":"https:\/\/www.cidademarketing.com.br\/marketing\/2019\/02\/04\/conselho-federal-de-farmacia-afirma-que-ira-proibir-a-inscricao-alunos-egressos-de-cursos-na-modalidade-ead-mec-rebate-que-e-vedada-a-identificacao-da-modalidade-de-ensino-na-emissao-e-no-registro-de\/#article","isPartOf":{"@id":"https:\/\/www.cidademarketing.com.br\/marketing\/2019\/02\/04\/conselho-federal-de-farmacia-afirma-que-ira-proibir-a-inscricao-alunos-egressos-de-cursos-na-modalidade-ead-mec-rebate-que-e-vedada-a-identificacao-da-modalidade-de-ensino-na-emissao-e-no-registro-de\/"},"author":{"name":"Thales Brand\u00e3o","@id":"https:\/\/www.cidademarketing.com.br\/marketing\/#\/schema\/person\/02daff9f18bd9378c9e01eb6b2db155f"},"headline":"Conselho Federal de Farm\u00e1cia afirma que ir\u00e1 proibir a inscri\u00e7\u00e3o alunos egressos de cursos na modalidade EaD; MEC rebate que \u00e9 vedada a identifica\u00e7\u00e3o da modalidade de ensino na emiss\u00e3o e no registro de diplomas","datePublished":"2019-02-05T01:12:21+00:00","dateModified":"2019-02-05T01:12:23+00:00","mainEntityOfPage":{"@id":"https:\/\/www.cidademarketing.com.br\/marketing\/2019\/02\/04\/conselho-federal-de-farmacia-afirma-que-ira-proibir-a-inscricao-alunos-egressos-de-cursos-na-modalidade-ead-mec-rebate-que-e-vedada-a-identificacao-da-modalidade-de-ensino-na-emissao-e-no-registro-de\/"},"wordCount":412,"commentCount":0,"publisher":{"@id":"https:\/\/www.cidademarketing.com.br\/marketing\/#organization"},"image":{"@id":"https:\/\/www.cidademarketing.com.br\/marketing\/2019\/02\/04\/conselho-federal-de-farmacia-afirma-que-ira-proibir-a-inscricao-alunos-egressos-de-cursos-na-modalidade-ead-mec-rebate-que-e-vedada-a-identificacao-da-modalidade-de-ensino-na-emissao-e-no-registro-de\/#primaryimage"},"thumbnailUrl":"https:\/\/www.cidademarketing.com.br\/marketing\/wp-content\/uploads\/2018\/07\/mec.png","keywords":["CFF","Conselho Federal de Farm\u00e1cia","EAD","estrat\u00e9gia","marketing","Minist\u00e9rio da Educa\u00e7\u00e3o"],"articleSection":["Not\u00edcias"],"inLanguage":"pt-BR","potentialAction":[{"@type":"CommentAction","name":"Comment","target":["https:\/\/www.cidademarketing.com.br\/marketing\/2019\/02\/04\/conselho-federal-de-farmacia-afirma-que-ira-proibir-a-inscricao-alunos-egressos-de-cursos-na-modalidade-ead-mec-rebate-que-e-vedada-a-identificacao-da-modalidade-de-ensino-na-emissao-e-no-registro-de\/#respond"]}]},{"@type":"WebPage","@id":"https:\/\/www.cidademarketing.com.br\/marketing\/2019\/02\/04\/conselho-federal-de-farmacia-afirma-que-ira-proibir-a-inscricao-alunos-egressos-de-cursos-na-modalidade-ead-mec-rebate-que-e-vedada-a-identificacao-da-modalidade-de-ensino-na-emissao-e-no-registro-de\/","url":"https:\/\/www.cidademarketing.com.br\/marketing\/2019\/02\/04\/conselho-federal-de-farmacia-afirma-que-ira-proibir-a-inscricao-alunos-egressos-de-cursos-na-modalidade-ead-mec-rebate-que-e-vedada-a-identificacao-da-modalidade-de-ensino-na-emissao-e-no-registro-de\/","name":"Conselho Federal de Farm\u00e1cia afirma que ir\u00e1 proibir a inscri\u00e7\u00e3o alunos egressos de cursos na modalidade EaD; MEC rebate que \u00e9 vedada a identifica\u00e7\u00e3o da modalidade de ensino na emiss\u00e3o e no registro de diplomas - CidadeMarketing","isPartOf":{"@id":"https:\/\/www.cidademarketing.com.br\/marketing\/#website"},"primaryImageOfPage":{"@id":"https:\/\/www.cidademarketing.com.br\/marketing\/2019\/02\/04\/conselho-federal-de-farmacia-afirma-que-ira-proibir-a-inscricao-alunos-egressos-de-cursos-na-modalidade-ead-mec-rebate-que-e-vedada-a-identificacao-da-modalidade-de-ensino-na-emissao-e-no-registro-de\/#primaryimage"},"image":{"@id":"https:\/\/www.cidademarketing.com.br\/marketing\/2019\/02\/04\/conselho-federal-de-farmacia-afirma-que-ira-proibir-a-inscricao-alunos-egressos-de-cursos-na-modalidade-ead-mec-rebate-que-e-vedada-a-identificacao-da-modalidade-de-ensino-na-emissao-e-no-registro-de\/#primaryimage"},"thumbnailUrl":"https:\/\/www.cidademarketing.com.br\/marketing\/wp-content\/uploads\/2018\/07\/mec.png","datePublished":"2019-02-05T01:12:21+00:00","dateModified":"2019-02-05T01:12:23+00:00","breadcrumb":{"@id":"https:\/\/www.cidademarketing.com.br\/marketing\/2019\/02\/04\/conselho-federal-de-farmacia-afirma-que-ira-proibir-a-inscricao-alunos-egressos-de-cursos-na-modalidade-ead-mec-rebate-que-e-vedada-a-identificacao-da-modalidade-de-ensino-na-emissao-e-no-registro-de\/#breadcrumb"},"inLanguage":"pt-BR","potentialAction":[{"@type":"ReadAction","target":["https:\/\/www.cidademarketing.com.br\/marketing\/2019\/02\/04\/conselho-federal-de-farmacia-afirma-que-ira-proibir-a-inscricao-alunos-egressos-de-cursos-na-modalidade-ead-mec-rebate-que-e-vedada-a-identificacao-da-modalidade-de-ensino-na-emissao-e-no-registro-de\/"]}]},{"@type":"ImageObject","inLanguage":"pt-BR","@id":"https:\/\/www.cidademarketing.com.br\/marketing\/2019\/02\/04\/conselho-federal-de-farmacia-afirma-que-ira-proibir-a-inscricao-alunos-egressos-de-cursos-na-modalidade-ead-mec-rebate-que-e-vedada-a-identificacao-da-modalidade-de-ensino-na-emissao-e-no-registro-de\/#primaryimage","url":"https:\/\/www.cidademarketing.com.br\/marketing\/wp-content\/uploads\/2018\/07\/mec.png","contentUrl":"https:\/\/www.cidademarketing.com.br\/marketing\/wp-content\/uploads\/2018\/07\/mec.png","width":225,"height":225},{"@type":"BreadcrumbList","@id":"https:\/\/www.cidademarketing.com.br\/marketing\/2019\/02\/04\/conselho-federal-de-farmacia-afirma-que-ira-proibir-a-inscricao-alunos-egressos-de-cursos-na-modalidade-ead-mec-rebate-que-e-vedada-a-identificacao-da-modalidade-de-ensino-na-emissao-e-no-registro-de\/#breadcrumb","itemListElement":[{"@type":"ListItem","position":1,"name":"In\u00edcio","item":"https:\/\/www.cidademarketing.com.br\/marketing\/"},{"@type":"ListItem","position":2,"name":"Conselho Federal de Farm\u00e1cia afirma que ir\u00e1 proibir a inscri\u00e7\u00e3o alunos egressos de cursos na modalidade EaD; MEC rebate que \u00e9 vedada a identifica\u00e7\u00e3o da modalidade de ensino na emiss\u00e3o e no registro de diplomas"}]},{"@type":"WebSite","@id":"https:\/\/www.cidademarketing.com.br\/marketing\/#website","url":"https:\/\/www.cidademarketing.com.br\/marketing\/","name":"CidadeMarketing","description":"Somos um ve\u00edculo de comunica\u00e7\u00e3o de destaque no Brasil, reconhecido por conte\u00fados nos segmentos de marketing, empreendedorismo e inova\u00e7\u00e3o.","publisher":{"@id":"https:\/\/www.cidademarketing.com.br\/marketing\/#organization"},"alternateName":"CidadeMarketing","potentialAction":[{"@type":"SearchAction","target":{"@type":"EntryPoint","urlTemplate":"https:\/\/www.cidademarketing.com.br\/marketing\/?s={search_term_string}"},"query-input":{"@type":"PropertyValueSpecification","valueRequired":true,"valueName":"search_term_string"}}],"inLanguage":"pt-BR"},{"@type":"Organization","@id":"https:\/\/www.cidademarketing.com.br\/marketing\/#organization","name":"CidadeMarketing","alternateName":"CidadeMarketing","url":"https:\/\/www.cidademarketing.com.br\/marketing\/","logo":{"@type":"ImageObject","inLanguage":"pt-BR","@id":"https:\/\/www.cidademarketing.com.br\/marketing\/#\/schema\/logo\/image\/","url":"https:\/\/www.cidademarketing.com.br\/marketing\/wp-content\/uploads\/2020\/01\/cidademarketing_marca_mobile.png","contentUrl":"https:\/\/www.cidademarketing.com.br\/marketing\/wp-content\/uploads\/2020\/01\/cidademarketing_marca_mobile.png","width":230,"height":92,"caption":"CidadeMarketing"},"image":{"@id":"https:\/\/www.cidademarketing.com.br\/marketing\/#\/schema\/logo\/image\/"},"sameAs":["https:\/\/www.facebook.com\/portalcidademarketing","https:\/\/x.com\/CidadeMarketing","https:\/\/www.instagram.com\/cidademarketing\/"]},{"@type":"Person","@id":"https:\/\/www.cidademarketing.com.br\/marketing\/#\/schema\/person\/02daff9f18bd9378c9e01eb6b2db155f","name":"Thales Brand\u00e3o","image":{"@type":"ImageObject","inLanguage":"pt-BR","@id":"https:\/\/secure.gravatar.com\/avatar\/7ca3206950207cc3cb48feec56a8a7898741ab725c368d99d5d7a5a50aab80c6?s=96&d=mm&r=g","url":"https:\/\/secure.gravatar.com\/avatar\/7ca3206950207cc3cb48feec56a8a7898741ab725c368d99d5d7a5a50aab80c6?s=96&d=mm&r=g","contentUrl":"https:\/\/secure.gravatar.com\/avatar\/7ca3206950207cc3cb48feec56a8a7898741ab725c368d99d5d7a5a50aab80c6?s=96&d=mm&r=g","caption":"Thales Brand\u00e3o"},"description":"Editor Executivo do Portal CidadeMarketing.com.br &gt; Mestre em Comunica\u00e7\u00e3o e Sociedade pela Universidade Federal de Sergipe. Possui MBA Executivo em Administra\u00e7\u00e3o com \u00eanfase em Marketing pela Funda\u00e7\u00e3o Get\u00falio Vargas - Rio de Janeiro. Consultor, Palestrante e Pesquisador sobre Empreendedorismo, Marketing, Redes Sociais e Neg\u00f3cios Digitais. Professor, Palestrante TedxTalks e Campus Party. Twitter: @ThalesBrandao","sameAs":["http:\/\/www.mandacaru.com.br","https:\/\/www.facebook.com\/thalesbrandao","http:\/\/www.instagram.com.br\/thalesbrandaoferreira","https:\/\/www.linkedin.com\/in\/thales-brand\u00e3o-3948609\/","https:\/\/x.com\/http:\/\/www.twitter.com\/thalesbrandao"],"url":"https:\/\/www.cidademarketing.com.br\/marketing\/author\/thalesbrandao\/"}]}},"amp_enabled":true,"_links":{"self":[{"href":"https:\/\/www.cidademarketing.com.br\/marketing\/wp-json\/wp\/v2\/posts\/5965","targetHints":{"allow":["GET"]}}],"collection":[{"href":"https:\/\/www.cidademarketing.com.br\/marketing\/wp-json\/wp\/v2\/posts"}],"about":[{"href":"https:\/\/www.cidademarketing.com.br\/marketing\/wp-json\/wp\/v2\/types\/post"}],"author":[{"embeddable":true,"href":"https:\/\/www.cidademarketing.com.br\/marketing\/wp-json\/wp\/v2\/users\/1"}],"replies":[{"embeddable":true,"href":"https:\/\/www.cidademarketing.com.br\/marketing\/wp-json\/wp\/v2\/comments?post=5965"}],"version-history":[{"count":1,"href":"https:\/\/www.cidademarketing.com.br\/marketing\/wp-json\/wp\/v2\/posts\/5965\/revisions"}],"predecessor-version":[{"id":5966,"href":"https:\/\/www.cidademarketing.com.br\/marketing\/wp-json\/wp\/v2\/posts\/5965\/revisions\/5966"}],"wp:featuredmedia":[{"embeddable":true,"href":"https:\/\/www.cidademarketing.com.br\/marketing\/wp-json\/wp\/v2\/media\/537"}],"wp:attachment":[{"href":"https:\/\/www.cidademarketing.com.br\/marketing\/wp-json\/wp\/v2\/media?parent=5965"}],"wp:term":[{"taxonomy":"category","embeddable":true,"href":"https:\/\/www.cidademarketing.com.br\/marketing\/wp-json\/wp\/v2\/categories?post=5965"},{"taxonomy":"post_tag","embeddable":true,"href":"https:\/\/www.cidademarketing.com.br\/marketing\/wp-json\/wp\/v2\/tags?post=5965"}],"curies":[{"name":"wp","href":"https:\/\/api.w.org\/{rel}","templated":true}]}}