{"id":59518,"date":"2026-03-17T23:01:03","date_gmt":"2026-03-18T02:01:03","guid":{"rendered":"https:\/\/www.cidademarketing.com.br\/marketing\/?p=59518"},"modified":"2026-03-17T23:01:03","modified_gmt":"2026-03-18T02:01:03","slug":"lacta-cria-experiencia-imersiva-de-pascoa-no-parque-villa-lobos","status":"publish","type":"post","link":"https:\/\/www.cidademarketing.com.br\/marketing\/2026\/03\/17\/lacta-cria-experiencia-imersiva-de-pascoa-no-parque-villa-lobos\/","title":{"rendered":"Lacta cria experi\u00eancia imersiva de P\u00e1scoa no Parque Villa-Lobos"},"content":{"rendered":"<p>A Lacta anunciou uma ativa\u00e7\u00e3o in\u00e9dita de P\u00e1scoa no Parque Villa-Lobos, em S\u00e3o Paulo, apostando em uma experi\u00eancia imersiva que conecta afeto, presen\u00e7a e intera\u00e7\u00e3o com o p\u00fablico.\u00a0 A a\u00e7\u00e3o come\u00e7a na segunda semana de mar\u00e7o e convida os visitantes a vivenciarem a P\u00e1scoa antes do tradicional domingo, refor\u00e7ando o conceito de conex\u00e3o emocional.<\/p>\n<h4><strong>Parreira de ovos ganha vers\u00e3o gigante e imersiva<\/strong><\/h4>\n<p>O principal destaque da ativa\u00e7\u00e3o \u00e9 uma instala\u00e7\u00e3o com mais de 20 metros, inspirada nas tradicionais parreiras de ovos de P\u00e1scoa, s\u00edmbolo ic\u00f4nico da marca.\u00a0 Al\u00e9m disso, o espa\u00e7o foi projetado como um t\u00fanel sensorial que transporta os visitantes para o universo l\u00fadico e afetivo da Lacta.<\/p>\n<p>Assim, a marca antecipa os sentimentos t\u00edpicos da data e refor\u00e7a a P\u00e1scoa como um momento coletivo de celebra\u00e7\u00e3o.<\/p>\n<figure id=\"attachment_59520\" aria-describedby=\"caption-attachment-59520\" style=\"width: 850px\" class=\"wp-caption alignnone\"><img fetchpriority=\"high\" decoding=\"async\" class=\"wp-image-59520 size-full\" src=\"https:\/\/www.cidademarketing.com.br\/marketing\/wp-content\/uploads\/2026\/03\/lacta_ovosdepascoa_2026_parque_villaslobos_02.webp\" alt=\"Lacta cria experi\u00eancia imersiva de P\u00e1scoa no Parque Villa-Lobos, com parreira de ovos, ativa\u00e7\u00f5es sensoriais e integra\u00e7\u00e3o com iFood Ads.\" width=\"850\" height=\"474\" srcset=\"https:\/\/www.cidademarketing.com.br\/marketing\/wp-content\/uploads\/2026\/03\/lacta_ovosdepascoa_2026_parque_villaslobos_02.webp 850w, https:\/\/www.cidademarketing.com.br\/marketing\/wp-content\/uploads\/2026\/03\/lacta_ovosdepascoa_2026_parque_villaslobos_02-300x167.webp 300w, https:\/\/www.cidademarketing.com.br\/marketing\/wp-content\/uploads\/2026\/03\/lacta_ovosdepascoa_2026_parque_villaslobos_02-768x428.webp 768w, https:\/\/www.cidademarketing.com.br\/marketing\/wp-content\/uploads\/2026\/03\/lacta_ovosdepascoa_2026_parque_villaslobos_02-753x420.webp 753w, https:\/\/www.cidademarketing.com.br\/marketing\/wp-content\/uploads\/2026\/03\/lacta_ovosdepascoa_2026_parque_villaslobos_02-640x357.webp 640w, https:\/\/www.cidademarketing.com.br\/marketing\/wp-content\/uploads\/2026\/03\/lacta_ovosdepascoa_2026_parque_villaslobos_02-681x380.webp 681w\" sizes=\"(max-width: 850px) 100vw, 850px\" \/><figcaption id=\"caption-attachment-59520\" class=\"wp-caption-text\">Divulga\u00e7\u00e3o<\/figcaption><\/figure>\n<h4><strong>Experi\u00eancia sensorial e espa\u00e7os instagram\u00e1veis<\/strong><\/h4>\n<p>Durante o percurso, os visitantes encontram ambientes cenogr\u00e1ficos e interativos que estimulam registros e compartilhamentos nas redes sociais.\u00a0 Entre os destaques est\u00e1 uma instala\u00e7\u00e3o em LED inspirada na barra Lacta Recheado Oreo, que simula o efeito de calda escorrendo.<\/p>\n<p>Al\u00e9m disso, h\u00e1 uma vers\u00e3o interativa da tradicional Caixa de Variedades, com ambienta\u00e7\u00e3o inspirada na embalagem e produtos ic\u00f4nicos da marca.\u00a0 O percurso termina em um trono de ovos de P\u00e1scoa, pensado como cen\u00e1rio para fotos e momentos especiais.<\/p>\n<h4><strong>Integra\u00e7\u00e3o com iFood Ads amplia experi\u00eancia<\/strong><\/h4>\n<p>Ao final da experi\u00eancia, a ativa\u00e7\u00e3o continua com uma a\u00e7\u00e3o integrada ao iFood Ads, ampliando a jornada do consumidor.<\/p>\n<p>No local, um totem interativo permite acessar um QR Code que libera descontos exclusivos para compra de produtos Lacta no aplicativo.\u00a0 Dessa forma, a marca conecta o ambiente f\u00edsico \u00e0 conveni\u00eancia digital, refor\u00e7ando sua estrat\u00e9gia omnichannel.<\/p>\n<h4><strong>Campanha nacional refor\u00e7a conceito de presen\u00e7a<\/strong><\/h4>\n<p>A ativa\u00e7\u00e3o faz parte da campanha nacional de P\u00e1scoa da Lacta, que neste ano tem Ivete Sangalo como protagonista.<\/p>\n<p>Al\u00e9m disso, o novo filme da campanha com participa\u00e7\u00e3o de Ivete Sangalo refor\u00e7a o chocolate como s\u00edmbolo de conex\u00e3o e carinho entre as pessoas.\u00a0 Assim, a comunica\u00e7\u00e3o incentiva o p\u00fablico a valorizar momentos reais e a n\u00e3o esperar datas espec\u00edficas para celebrar.<\/p>\n<blockquote class=\"instagram-media\" style=\"background: #FFF; border: 0; border-radius: 3px; box-shadow: 0 0 1px 0 rgba(0,0,0,0.5),0 1px 10px 0 rgba(0,0,0,0.15); margin: 1px; max-width: 540px; min-width: 326px; padding: 0; width: calc(100% - 2px);\" data-instgrm-captioned=\"\" data-instgrm-permalink=\"https:\/\/www.instagram.com\/reel\/DV1eOayEdgC\/?utm_source=ig_embed&amp;utm_campaign=loading\" data-instgrm-version=\"14\">\n<div style=\"padding: 16px;\">\n<p>&nbsp;<\/p>\n<div style=\"display: flex; flex-direction: row; align-items: center;\">\n<div style=\"background-color: #f4f4f4; border-radius: 50%; flex-grow: 0; height: 40px; margin-right: 14px; width: 40px;\"><\/div>\n<div style=\"display: flex; flex-direction: column; flex-grow: 1; justify-content: center;\">\n<div style=\"background-color: #f4f4f4; border-radius: 4px; flex-grow: 0; height: 14px; margin-bottom: 6px; width: 100px;\"><\/div>\n<div style=\"background-color: #f4f4f4; border-radius: 4px; flex-grow: 0; height: 14px; width: 60px;\"><\/div>\n<\/div>\n<\/div>\n<div style=\"padding: 19% 0;\"><\/div>\n<div style=\"display: block; height: 50px; margin: 0 auto 12px; width: 50px;\"><\/div>\n<div style=\"padding-top: 8px;\">\n<div style=\"color: #3897f0; font-family: Arial,sans-serif; font-size: 14px; font-style: normal; font-weight: 550; line-height: 18px;\">Ver essa foto no Instagram<\/div>\n<\/div>\n<div style=\"padding: 12.5% 0;\"><\/div>\n<div style=\"display: flex; flex-direction: row; margin-bottom: 14px; align-items: center;\">\n<div>\n<div style=\"background-color: #f4f4f4; border-radius: 50%; height: 12.5px; width: 12.5px; transform: translateX(0px) translateY(7px);\"><\/div>\n<div style=\"background-color: #f4f4f4; height: 12.5px; transform: rotate(-45deg) translateX(3px) translateY(1px); width: 12.5px; flex-grow: 0; margin-right: 14px; margin-left: 2px;\"><\/div>\n<div style=\"background-color: #f4f4f4; border-radius: 50%; height: 12.5px; width: 12.5px; transform: translateX(9px) translateY(-18px);\"><\/div>\n<\/div>\n<div style=\"margin-left: 8px;\">\n<div style=\"background-color: #f4f4f4; border-radius: 50%; flex-grow: 0; height: 20px; width: 20px;\"><\/div>\n<div style=\"width: 0; height: 0; border-top: 2px solid transparent; border-left: 6px solid #f4f4f4; border-bottom: 2px solid transparent; transform: translateX(16px) translateY(-4px) rotate(30deg);\"><\/div>\n<\/div>\n<div style=\"margin-left: auto;\">\n<div style=\"width: 0px; border-top: 8px solid #F4F4F4; border-right: 8px solid transparent; transform: translateY(16px);\"><\/div>\n<div style=\"background-color: #f4f4f4; flex-grow: 0; height: 12px; width: 16px; transform: translateY(-4px);\"><\/div>\n<div style=\"width: 0; height: 0; border-top: 8px solid #F4F4F4; border-left: 8px solid transparent; transform: translateY(-4px) translateX(8px);\"><\/div>\n<\/div>\n<\/div>\n<div style=\"display: flex; flex-direction: column; flex-grow: 1; justify-content: center; margin-bottom: 24px;\">\n<div style=\"background-color: #f4f4f4; border-radius: 4px; flex-grow: 0; height: 14px; margin-bottom: 6px; width: 224px;\"><\/div>\n<div style=\"background-color: #f4f4f4; border-radius: 4px; flex-grow: 0; height: 14px; width: 144px;\"><\/div>\n<\/div>\n<p>&nbsp;<\/p>\n<p style=\"color: #c9c8cd; font-family: Arial,sans-serif; font-size: 14px; line-height: 17px; margin-bottom: 0; margin-top: 8px; overflow: hidden; padding: 8px 0 7px; text-align: center; text-overflow: ellipsis; white-space: nowrap;\"><a style=\"color: #c9c8cd; font-family: Arial,sans-serif; font-size: 14px; font-style: normal; font-weight: normal; line-height: 17px; text-decoration: none;\" href=\"https:\/\/www.instagram.com\/reel\/DV1eOayEdgC\/?utm_source=ig_embed&amp;utm_campaign=loading\" target=\"_blank\" rel=\"noopener\">Um post compartilhado por Veveta (@ivetesangalo)<\/a><\/p>\n<\/div>\n<\/blockquote>\n<p><script async src=\"\/\/www.instagram.com\/embed.js\"><\/script><\/p>\n<h4><strong>Servi\u00e7o da ativa\u00e7\u00e3o<\/strong><\/h4>\n<p>A experi\u00eancia acontece no Parque Villa-Lobos \u2013 Port\u00e3o 2, localizado na Av. Prof. Fonseca Rodrigues, em S\u00e3o Paulo.\u00a0 A visita\u00e7\u00e3o ocorre de 11 de mar\u00e7o a 5 de abril, de quarta-feira a domingo, das 10h \u00e0s 19h, <a href=\"https:\/\/lacta.com.br\/lacta\/cadastro\/presencial\" target=\"_blank\" rel=\"noopener\">mediante agendamento pr\u00e9vio<\/a>.<\/p>\n<p>Al\u00e9m disso, grupos de at\u00e9 15 pessoas podem participar a cada 15 minutos, conforme disponibilidade. Em caso de condi\u00e7\u00f5es clim\u00e1ticas adversas, como chuvas intensas, a opera\u00e7\u00e3o poder\u00e1 ser pausada temporariamente.<\/p>\n<figure id=\"attachment_59519\" aria-describedby=\"caption-attachment-59519\" style=\"width: 647px\" class=\"wp-caption alignnone\"><img decoding=\"async\" class=\"wp-image-59519 size-full\" src=\"https:\/\/www.cidademarketing.com.br\/marketing\/wp-content\/uploads\/2026\/03\/lacta_ovosdepascoa_2026_parque_villaslobos_03.webp\" alt=\"Lacta cria experi\u00eancia imersiva de P\u00e1scoa no Parque Villa-Lobos, com parreira de ovos, ativa\u00e7\u00f5es sensoriais e integra\u00e7\u00e3o com iFood Ads.\" width=\"647\" height=\"766\" srcset=\"https:\/\/www.cidademarketing.com.br\/marketing\/wp-content\/uploads\/2026\/03\/lacta_ovosdepascoa_2026_parque_villaslobos_03.webp 647w, https:\/\/www.cidademarketing.com.br\/marketing\/wp-content\/uploads\/2026\/03\/lacta_ovosdepascoa_2026_parque_villaslobos_03-253x300.webp 253w, https:\/\/www.cidademarketing.com.br\/marketing\/wp-content\/uploads\/2026\/03\/lacta_ovosdepascoa_2026_parque_villaslobos_03-355x420.webp 355w, https:\/\/www.cidademarketing.com.br\/marketing\/wp-content\/uploads\/2026\/03\/lacta_ovosdepascoa_2026_parque_villaslobos_03-640x758.webp 640w\" sizes=\"(max-width: 647px) 100vw, 647px\" \/><figcaption id=\"caption-attachment-59519\" class=\"wp-caption-text\">Divulga\u00e7\u00e3o<\/figcaption><\/figure>\n","protected":false},"excerpt":{"rendered":"<p>A Lacta anunciou uma ativa\u00e7\u00e3o in\u00e9dita de P\u00e1scoa no Parque Villa-Lobos, em S\u00e3o Paulo, apostando em uma experi\u00eancia imersiva que conecta afeto, presen\u00e7a e intera\u00e7\u00e3o com o p\u00fablico.\u00a0 A a\u00e7\u00e3o come\u00e7a na segunda semana de mar\u00e7o e convida os visitantes a vivenciarem a P\u00e1scoa antes do tradicional domingo, refor\u00e7ando o conceito de conex\u00e3o emocional. Parreira [&hellip;]<\/p>\n","protected":false},"author":1,"featured_media":59521,"comment_status":"open","ping_status":"open","sticky":false,"template":"","format":"standard","meta":{"tdm_status":"","tdm_grid_status":"","footnotes":""},"categories":[6],"tags":[12890,12886,12891,205,33,12896,12892,376,12885,12889,3529,12888,12894,12893,12887,12895],"class_list":["post-59518","post","type-post","status-publish","format-standard","has-post-thumbnail","hentry","category-noticias","tag-acao-lacta-ifood-ads","tag-ativacao-lacta-sao-paulo","tag-campanha-lacta-ivete-sangalo","tag-chocolate","tag-estrategia","tag-estrategia-de-marketing","tag-experiencia-imersiva-lacta","tag-lacta","tag-lacta-parque-villa-lobos-pascoa","tag-lacta-pascoa-2026","tag-marketing-de-experiencia","tag-marketing-experiencial-pascoa","tag-marketing-sensorial-lacta","tag-parque-villa-lobos-evento","tag-parreira-de-ovos-lacta","tag-pascoa-2026"],"yoast_head":"<!-- This site is optimized with the Yoast SEO plugin v27.5 - https:\/\/yoast.com\/product\/yoast-seo-wordpress\/ -->\n<title>Lacta cria experi\u00eancia imersiva de P\u00e1scoa no Parque Villa-Lobos - CidadeMarketing<\/title>\n<meta name=\"description\" content=\"Lacta cria experi\u00eancia imersiva de P\u00e1scoa no Parque Villa-Lobos, com parreira de ovos, ativa\u00e7\u00f5es sensoriais e integra\u00e7\u00e3o com iFood Ads.\" \/>\n<meta name=\"robots\" content=\"index, follow, max-snippet:-1, max-image-preview:large, max-video-preview:-1\" \/>\n<link rel=\"canonical\" href=\"https:\/\/www.cidademarketing.com.br\/marketing\/2026\/03\/17\/lacta-cria-experiencia-imersiva-de-pascoa-no-parque-villa-lobos\/\" \/>\n<meta property=\"og:locale\" content=\"pt_BR\" \/>\n<meta property=\"og:type\" content=\"article\" \/>\n<meta property=\"og:title\" content=\"Lacta cria experi\u00eancia imersiva de P\u00e1scoa no Parque Villa-Lobos - CidadeMarketing\" \/>\n<meta property=\"og:description\" content=\"Lacta cria experi\u00eancia imersiva de P\u00e1scoa no Parque Villa-Lobos, com parreira de ovos, ativa\u00e7\u00f5es sensoriais e integra\u00e7\u00e3o com iFood Ads.\" \/>\n<meta property=\"og:url\" content=\"https:\/\/www.cidademarketing.com.br\/marketing\/2026\/03\/17\/lacta-cria-experiencia-imersiva-de-pascoa-no-parque-villa-lobos\/\" \/>\n<meta property=\"og:site_name\" content=\"CidadeMarketing\" \/>\n<meta property=\"article:publisher\" content=\"https:\/\/www.facebook.com\/portalcidademarketing\" \/>\n<meta property=\"article:author\" content=\"https:\/\/www.facebook.com\/thalesbrandao\" \/>\n<meta property=\"article:published_time\" content=\"2026-03-18T02:01:03+00:00\" \/>\n<meta property=\"og:image\" content=\"https:\/\/www.cidademarketing.com.br\/marketing\/wp-content\/uploads\/2026\/03\/lacta_ovosdepascoa_2026_parque_villaslobos.webp\" \/>\n\t<meta property=\"og:image:width\" content=\"643\" \/>\n\t<meta property=\"og:image:height\" content=\"767\" \/>\n\t<meta property=\"og:image:type\" content=\"image\/webp\" \/>\n<meta name=\"author\" content=\"Thales Brand\u00e3o\" \/>\n<meta name=\"twitter:card\" content=\"summary_large_image\" \/>\n<meta name=\"twitter:creator\" content=\"@http:\/\/www.twitter.com\/thalesbrandao\" \/>\n<meta name=\"twitter:site\" content=\"@CidadeMarketing\" \/>\n<meta name=\"twitter:label1\" content=\"Escrito por\" \/>\n\t<meta name=\"twitter:data1\" content=\"Thales Brand\u00e3o\" \/>\n\t<meta name=\"twitter:label2\" content=\"Est. tempo de leitura\" \/>\n\t<meta name=\"twitter:data2\" content=\"3 minutos\" \/>\n<script type=\"application\/ld+json\" class=\"yoast-schema-graph\">{\"@context\":\"https:\\\/\\\/schema.org\",\"@graph\":[{\"@type\":\"Article\",\"@id\":\"https:\\\/\\\/www.cidademarketing.com.br\\\/marketing\\\/2026\\\/03\\\/17\\\/lacta-cria-experiencia-imersiva-de-pascoa-no-parque-villa-lobos\\\/#article\",\"isPartOf\":{\"@id\":\"https:\\\/\\\/www.cidademarketing.com.br\\\/marketing\\\/2026\\\/03\\\/17\\\/lacta-cria-experiencia-imersiva-de-pascoa-no-parque-villa-lobos\\\/\"},\"author\":{\"name\":\"Thales Brand\u00e3o\",\"@id\":\"https:\\\/\\\/www.cidademarketing.com.br\\\/marketing\\\/#\\\/schema\\\/person\\\/02daff9f18bd9378c9e01eb6b2db155f\"},\"headline\":\"Lacta cria experi\u00eancia imersiva de P\u00e1scoa no Parque Villa-Lobos\",\"datePublished\":\"2026-03-18T02:01:03+00:00\",\"mainEntityOfPage\":{\"@id\":\"https:\\\/\\\/www.cidademarketing.com.br\\\/marketing\\\/2026\\\/03\\\/17\\\/lacta-cria-experiencia-imersiva-de-pascoa-no-parque-villa-lobos\\\/\"},\"wordCount\":518,\"commentCount\":0,\"publisher\":{\"@id\":\"https:\\\/\\\/www.cidademarketing.com.br\\\/marketing\\\/#organization\"},\"image\":{\"@id\":\"https:\\\/\\\/www.cidademarketing.com.br\\\/marketing\\\/2026\\\/03\\\/17\\\/lacta-cria-experiencia-imersiva-de-pascoa-no-parque-villa-lobos\\\/#primaryimage\"},\"thumbnailUrl\":\"https:\\\/\\\/www.cidademarketing.com.br\\\/marketing\\\/wp-content\\\/uploads\\\/2026\\\/03\\\/lacta_ovosdepascoa_2026_parque_villaslobos.webp\",\"keywords\":[\"a\u00e7\u00e3o Lacta iFood Ads\",\"ativa\u00e7\u00e3o Lacta S\u00e3o Paulo\",\"campanha Lacta Ivete Sangalo\",\"chocolate\",\"estrat\u00e9gia\",\"estrat\u00e9gia de marketing\",\"experi\u00eancia imersiva Lacta\",\"Lacta\",\"Lacta Parque Villa-Lobos P\u00e1scoa\",\"Lacta P\u00e1scoa 2026\",\"marketing de experi\u00eancia\",\"marketing experiencial P\u00e1scoa\",\"marketing sensorial Lacta\",\"Parque Villa-Lobos evento\",\"parreira de ovos Lacta\",\"P\u00e1scoa 2026\"],\"articleSection\":[\"Not\u00edcias\"],\"inLanguage\":\"pt-BR\",\"potentialAction\":[{\"@type\":\"CommentAction\",\"name\":\"Comment\",\"target\":[\"https:\\\/\\\/www.cidademarketing.com.br\\\/marketing\\\/2026\\\/03\\\/17\\\/lacta-cria-experiencia-imersiva-de-pascoa-no-parque-villa-lobos\\\/#respond\"]}]},{\"@type\":\"WebPage\",\"@id\":\"https:\\\/\\\/www.cidademarketing.com.br\\\/marketing\\\/2026\\\/03\\\/17\\\/lacta-cria-experiencia-imersiva-de-pascoa-no-parque-villa-lobos\\\/\",\"url\":\"https:\\\/\\\/www.cidademarketing.com.br\\\/marketing\\\/2026\\\/03\\\/17\\\/lacta-cria-experiencia-imersiva-de-pascoa-no-parque-villa-lobos\\\/\",\"name\":\"Lacta cria experi\u00eancia imersiva de P\u00e1scoa no Parque Villa-Lobos - CidadeMarketing\",\"isPartOf\":{\"@id\":\"https:\\\/\\\/www.cidademarketing.com.br\\\/marketing\\\/#website\"},\"primaryImageOfPage\":{\"@id\":\"https:\\\/\\\/www.cidademarketing.com.br\\\/marketing\\\/2026\\\/03\\\/17\\\/lacta-cria-experiencia-imersiva-de-pascoa-no-parque-villa-lobos\\\/#primaryimage\"},\"image\":{\"@id\":\"https:\\\/\\\/www.cidademarketing.com.br\\\/marketing\\\/2026\\\/03\\\/17\\\/lacta-cria-experiencia-imersiva-de-pascoa-no-parque-villa-lobos\\\/#primaryimage\"},\"thumbnailUrl\":\"https:\\\/\\\/www.cidademarketing.com.br\\\/marketing\\\/wp-content\\\/uploads\\\/2026\\\/03\\\/lacta_ovosdepascoa_2026_parque_villaslobos.webp\",\"datePublished\":\"2026-03-18T02:01:03+00:00\",\"description\":\"Lacta cria experi\u00eancia imersiva de P\u00e1scoa no Parque Villa-Lobos, com parreira de ovos, ativa\u00e7\u00f5es sensoriais e integra\u00e7\u00e3o com iFood Ads.\",\"breadcrumb\":{\"@id\":\"https:\\\/\\\/www.cidademarketing.com.br\\\/marketing\\\/2026\\\/03\\\/17\\\/lacta-cria-experiencia-imersiva-de-pascoa-no-parque-villa-lobos\\\/#breadcrumb\"},\"inLanguage\":\"pt-BR\",\"potentialAction\":[{\"@type\":\"ReadAction\",\"target\":[\"https:\\\/\\\/www.cidademarketing.com.br\\\/marketing\\\/2026\\\/03\\\/17\\\/lacta-cria-experiencia-imersiva-de-pascoa-no-parque-villa-lobos\\\/\"]}]},{\"@type\":\"ImageObject\",\"inLanguage\":\"pt-BR\",\"@id\":\"https:\\\/\\\/www.cidademarketing.com.br\\\/marketing\\\/2026\\\/03\\\/17\\\/lacta-cria-experiencia-imersiva-de-pascoa-no-parque-villa-lobos\\\/#primaryimage\",\"url\":\"https:\\\/\\\/www.cidademarketing.com.br\\\/marketing\\\/wp-content\\\/uploads\\\/2026\\\/03\\\/lacta_ovosdepascoa_2026_parque_villaslobos.webp\",\"contentUrl\":\"https:\\\/\\\/www.cidademarketing.com.br\\\/marketing\\\/wp-content\\\/uploads\\\/2026\\\/03\\\/lacta_ovosdepascoa_2026_parque_villaslobos.webp\",\"width\":643,\"height\":767,\"caption\":\"Divulga\u00e7\u00e3o\"},{\"@type\":\"BreadcrumbList\",\"@id\":\"https:\\\/\\\/www.cidademarketing.com.br\\\/marketing\\\/2026\\\/03\\\/17\\\/lacta-cria-experiencia-imersiva-de-pascoa-no-parque-villa-lobos\\\/#breadcrumb\",\"itemListElement\":[{\"@type\":\"ListItem\",\"position\":1,\"name\":\"In\u00edcio\",\"item\":\"https:\\\/\\\/www.cidademarketing.com.br\\\/marketing\\\/\"},{\"@type\":\"ListItem\",\"position\":2,\"name\":\"Lacta cria experi\u00eancia imersiva de P\u00e1scoa no Parque Villa-Lobos\"}]},{\"@type\":\"WebSite\",\"@id\":\"https:\\\/\\\/www.cidademarketing.com.br\\\/marketing\\\/#website\",\"url\":\"https:\\\/\\\/www.cidademarketing.com.br\\\/marketing\\\/\",\"name\":\"CidadeMarketing\",\"description\":\"Somos um ve\u00edculo de comunica\u00e7\u00e3o de destaque no Brasil, reconhecido por conte\u00fados nos segmentos de marketing, empreendedorismo e inova\u00e7\u00e3o.\",\"publisher\":{\"@id\":\"https:\\\/\\\/www.cidademarketing.com.br\\\/marketing\\\/#organization\"},\"alternateName\":\"CidadeMarketing\",\"potentialAction\":[{\"@type\":\"SearchAction\",\"target\":{\"@type\":\"EntryPoint\",\"urlTemplate\":\"https:\\\/\\\/www.cidademarketing.com.br\\\/marketing\\\/?s={search_term_string}\"},\"query-input\":{\"@type\":\"PropertyValueSpecification\",\"valueRequired\":true,\"valueName\":\"search_term_string\"}}],\"inLanguage\":\"pt-BR\"},{\"@type\":\"Organization\",\"@id\":\"https:\\\/\\\/www.cidademarketing.com.br\\\/marketing\\\/#organization\",\"name\":\"CidadeMarketing\",\"alternateName\":\"CidadeMarketing\",\"url\":\"https:\\\/\\\/www.cidademarketing.com.br\\\/marketing\\\/\",\"logo\":{\"@type\":\"ImageObject\",\"inLanguage\":\"pt-BR\",\"@id\":\"https:\\\/\\\/www.cidademarketing.com.br\\\/marketing\\\/#\\\/schema\\\/logo\\\/image\\\/\",\"url\":\"https:\\\/\\\/www.cidademarketing.com.br\\\/marketing\\\/wp-content\\\/uploads\\\/2020\\\/01\\\/cidademarketing_marca_mobile.png\",\"contentUrl\":\"https:\\\/\\\/www.cidademarketing.com.br\\\/marketing\\\/wp-content\\\/uploads\\\/2020\\\/01\\\/cidademarketing_marca_mobile.png\",\"width\":230,\"height\":92,\"caption\":\"CidadeMarketing\"},\"image\":{\"@id\":\"https:\\\/\\\/www.cidademarketing.com.br\\\/marketing\\\/#\\\/schema\\\/logo\\\/image\\\/\"},\"sameAs\":[\"https:\\\/\\\/www.facebook.com\\\/portalcidademarketing\",\"https:\\\/\\\/x.com\\\/CidadeMarketing\",\"https:\\\/\\\/www.instagram.com\\\/cidademarketing\\\/\"]},{\"@type\":\"Person\",\"@id\":\"https:\\\/\\\/www.cidademarketing.com.br\\\/marketing\\\/#\\\/schema\\\/person\\\/02daff9f18bd9378c9e01eb6b2db155f\",\"name\":\"Thales Brand\u00e3o\",\"image\":{\"@type\":\"ImageObject\",\"inLanguage\":\"pt-BR\",\"@id\":\"https:\\\/\\\/secure.gravatar.com\\\/avatar\\\/7ca3206950207cc3cb48feec56a8a7898741ab725c368d99d5d7a5a50aab80c6?s=96&d=mm&r=g\",\"url\":\"https:\\\/\\\/secure.gravatar.com\\\/avatar\\\/7ca3206950207cc3cb48feec56a8a7898741ab725c368d99d5d7a5a50aab80c6?s=96&d=mm&r=g\",\"contentUrl\":\"https:\\\/\\\/secure.gravatar.com\\\/avatar\\\/7ca3206950207cc3cb48feec56a8a7898741ab725c368d99d5d7a5a50aab80c6?s=96&d=mm&r=g\",\"caption\":\"Thales Brand\u00e3o\"},\"description\":\"Editor Executivo do Portal CidadeMarketing.com.br &gt; Mestre em Comunica\u00e7\u00e3o e Sociedade pela Universidade Federal de Sergipe. Possui MBA Executivo em Administra\u00e7\u00e3o com \u00eanfase em Marketing pela Funda\u00e7\u00e3o Get\u00falio Vargas - Rio de Janeiro. Consultor, Palestrante e Pesquisador sobre Empreendedorismo, Marketing, Redes Sociais e Neg\u00f3cios Digitais. Professor, Palestrante TedxTalks e Campus Party. Twitter: @ThalesBrandao\",\"sameAs\":[\"http:\\\/\\\/www.mandacaru.com.br\",\"https:\\\/\\\/www.facebook.com\\\/thalesbrandao\",\"http:\\\/\\\/www.instagram.com.br\\\/thalesbrandaoferreira\",\"https:\\\/\\\/www.linkedin.com\\\/in\\\/thales-brand\u00e3o-3948609\\\/\",\"https:\\\/\\\/x.com\\\/http:\\\/\\\/www.twitter.com\\\/thalesbrandao\"],\"url\":\"https:\\\/\\\/www.cidademarketing.com.br\\\/marketing\\\/author\\\/thalesbrandao\\\/\"}]}<\/script>\n<!-- \/ Yoast SEO plugin. -->","yoast_head_json":{"title":"Lacta cria experi\u00eancia imersiva de P\u00e1scoa no Parque Villa-Lobos - CidadeMarketing","description":"Lacta cria experi\u00eancia imersiva de P\u00e1scoa no Parque Villa-Lobos, com parreira de ovos, ativa\u00e7\u00f5es sensoriais e integra\u00e7\u00e3o com iFood Ads.","robots":{"index":"index","follow":"follow","max-snippet":"max-snippet:-1","max-image-preview":"max-image-preview:large","max-video-preview":"max-video-preview:-1"},"canonical":"https:\/\/www.cidademarketing.com.br\/marketing\/2026\/03\/17\/lacta-cria-experiencia-imersiva-de-pascoa-no-parque-villa-lobos\/","og_locale":"pt_BR","og_type":"article","og_title":"Lacta cria experi\u00eancia imersiva de P\u00e1scoa no Parque Villa-Lobos - CidadeMarketing","og_description":"Lacta cria experi\u00eancia imersiva de P\u00e1scoa no Parque Villa-Lobos, com parreira de ovos, ativa\u00e7\u00f5es sensoriais e integra\u00e7\u00e3o com iFood Ads.","og_url":"https:\/\/www.cidademarketing.com.br\/marketing\/2026\/03\/17\/lacta-cria-experiencia-imersiva-de-pascoa-no-parque-villa-lobos\/","og_site_name":"CidadeMarketing","article_publisher":"https:\/\/www.facebook.com\/portalcidademarketing","article_author":"https:\/\/www.facebook.com\/thalesbrandao","article_published_time":"2026-03-18T02:01:03+00:00","og_image":[{"width":643,"height":767,"url":"https:\/\/www.cidademarketing.com.br\/marketing\/wp-content\/uploads\/2026\/03\/lacta_ovosdepascoa_2026_parque_villaslobos.webp","type":"image\/webp"}],"author":"Thales Brand\u00e3o","twitter_card":"summary_large_image","twitter_creator":"@http:\/\/www.twitter.com\/thalesbrandao","twitter_site":"@CidadeMarketing","twitter_misc":{"Escrito por":"Thales Brand\u00e3o","Est. tempo de leitura":"3 minutos"},"schema":{"@context":"https:\/\/schema.org","@graph":[{"@type":"Article","@id":"https:\/\/www.cidademarketing.com.br\/marketing\/2026\/03\/17\/lacta-cria-experiencia-imersiva-de-pascoa-no-parque-villa-lobos\/#article","isPartOf":{"@id":"https:\/\/www.cidademarketing.com.br\/marketing\/2026\/03\/17\/lacta-cria-experiencia-imersiva-de-pascoa-no-parque-villa-lobos\/"},"author":{"name":"Thales Brand\u00e3o","@id":"https:\/\/www.cidademarketing.com.br\/marketing\/#\/schema\/person\/02daff9f18bd9378c9e01eb6b2db155f"},"headline":"Lacta cria experi\u00eancia imersiva de P\u00e1scoa no Parque Villa-Lobos","datePublished":"2026-03-18T02:01:03+00:00","mainEntityOfPage":{"@id":"https:\/\/www.cidademarketing.com.br\/marketing\/2026\/03\/17\/lacta-cria-experiencia-imersiva-de-pascoa-no-parque-villa-lobos\/"},"wordCount":518,"commentCount":0,"publisher":{"@id":"https:\/\/www.cidademarketing.com.br\/marketing\/#organization"},"image":{"@id":"https:\/\/www.cidademarketing.com.br\/marketing\/2026\/03\/17\/lacta-cria-experiencia-imersiva-de-pascoa-no-parque-villa-lobos\/#primaryimage"},"thumbnailUrl":"https:\/\/www.cidademarketing.com.br\/marketing\/wp-content\/uploads\/2026\/03\/lacta_ovosdepascoa_2026_parque_villaslobos.webp","keywords":["a\u00e7\u00e3o Lacta iFood Ads","ativa\u00e7\u00e3o Lacta S\u00e3o Paulo","campanha Lacta Ivete Sangalo","chocolate","estrat\u00e9gia","estrat\u00e9gia de marketing","experi\u00eancia imersiva Lacta","Lacta","Lacta Parque Villa-Lobos P\u00e1scoa","Lacta P\u00e1scoa 2026","marketing de experi\u00eancia","marketing experiencial P\u00e1scoa","marketing sensorial Lacta","Parque Villa-Lobos evento","parreira de ovos Lacta","P\u00e1scoa 2026"],"articleSection":["Not\u00edcias"],"inLanguage":"pt-BR","potentialAction":[{"@type":"CommentAction","name":"Comment","target":["https:\/\/www.cidademarketing.com.br\/marketing\/2026\/03\/17\/lacta-cria-experiencia-imersiva-de-pascoa-no-parque-villa-lobos\/#respond"]}]},{"@type":"WebPage","@id":"https:\/\/www.cidademarketing.com.br\/marketing\/2026\/03\/17\/lacta-cria-experiencia-imersiva-de-pascoa-no-parque-villa-lobos\/","url":"https:\/\/www.cidademarketing.com.br\/marketing\/2026\/03\/17\/lacta-cria-experiencia-imersiva-de-pascoa-no-parque-villa-lobos\/","name":"Lacta cria experi\u00eancia imersiva de P\u00e1scoa no Parque Villa-Lobos - CidadeMarketing","isPartOf":{"@id":"https:\/\/www.cidademarketing.com.br\/marketing\/#website"},"primaryImageOfPage":{"@id":"https:\/\/www.cidademarketing.com.br\/marketing\/2026\/03\/17\/lacta-cria-experiencia-imersiva-de-pascoa-no-parque-villa-lobos\/#primaryimage"},"image":{"@id":"https:\/\/www.cidademarketing.com.br\/marketing\/2026\/03\/17\/lacta-cria-experiencia-imersiva-de-pascoa-no-parque-villa-lobos\/#primaryimage"},"thumbnailUrl":"https:\/\/www.cidademarketing.com.br\/marketing\/wp-content\/uploads\/2026\/03\/lacta_ovosdepascoa_2026_parque_villaslobos.webp","datePublished":"2026-03-18T02:01:03+00:00","description":"Lacta cria experi\u00eancia imersiva de P\u00e1scoa no Parque Villa-Lobos, com parreira de ovos, ativa\u00e7\u00f5es sensoriais e integra\u00e7\u00e3o com iFood Ads.","breadcrumb":{"@id":"https:\/\/www.cidademarketing.com.br\/marketing\/2026\/03\/17\/lacta-cria-experiencia-imersiva-de-pascoa-no-parque-villa-lobos\/#breadcrumb"},"inLanguage":"pt-BR","potentialAction":[{"@type":"ReadAction","target":["https:\/\/www.cidademarketing.com.br\/marketing\/2026\/03\/17\/lacta-cria-experiencia-imersiva-de-pascoa-no-parque-villa-lobos\/"]}]},{"@type":"ImageObject","inLanguage":"pt-BR","@id":"https:\/\/www.cidademarketing.com.br\/marketing\/2026\/03\/17\/lacta-cria-experiencia-imersiva-de-pascoa-no-parque-villa-lobos\/#primaryimage","url":"https:\/\/www.cidademarketing.com.br\/marketing\/wp-content\/uploads\/2026\/03\/lacta_ovosdepascoa_2026_parque_villaslobos.webp","contentUrl":"https:\/\/www.cidademarketing.com.br\/marketing\/wp-content\/uploads\/2026\/03\/lacta_ovosdepascoa_2026_parque_villaslobos.webp","width":643,"height":767,"caption":"Divulga\u00e7\u00e3o"},{"@type":"BreadcrumbList","@id":"https:\/\/www.cidademarketing.com.br\/marketing\/2026\/03\/17\/lacta-cria-experiencia-imersiva-de-pascoa-no-parque-villa-lobos\/#breadcrumb","itemListElement":[{"@type":"ListItem","position":1,"name":"In\u00edcio","item":"https:\/\/www.cidademarketing.com.br\/marketing\/"},{"@type":"ListItem","position":2,"name":"Lacta cria experi\u00eancia imersiva de P\u00e1scoa no Parque Villa-Lobos"}]},{"@type":"WebSite","@id":"https:\/\/www.cidademarketing.com.br\/marketing\/#website","url":"https:\/\/www.cidademarketing.com.br\/marketing\/","name":"CidadeMarketing","description":"Somos um ve\u00edculo de comunica\u00e7\u00e3o de destaque no Brasil, reconhecido por conte\u00fados nos segmentos de marketing, empreendedorismo e inova\u00e7\u00e3o.","publisher":{"@id":"https:\/\/www.cidademarketing.com.br\/marketing\/#organization"},"alternateName":"CidadeMarketing","potentialAction":[{"@type":"SearchAction","target":{"@type":"EntryPoint","urlTemplate":"https:\/\/www.cidademarketing.com.br\/marketing\/?s={search_term_string}"},"query-input":{"@type":"PropertyValueSpecification","valueRequired":true,"valueName":"search_term_string"}}],"inLanguage":"pt-BR"},{"@type":"Organization","@id":"https:\/\/www.cidademarketing.com.br\/marketing\/#organization","name":"CidadeMarketing","alternateName":"CidadeMarketing","url":"https:\/\/www.cidademarketing.com.br\/marketing\/","logo":{"@type":"ImageObject","inLanguage":"pt-BR","@id":"https:\/\/www.cidademarketing.com.br\/marketing\/#\/schema\/logo\/image\/","url":"https:\/\/www.cidademarketing.com.br\/marketing\/wp-content\/uploads\/2020\/01\/cidademarketing_marca_mobile.png","contentUrl":"https:\/\/www.cidademarketing.com.br\/marketing\/wp-content\/uploads\/2020\/01\/cidademarketing_marca_mobile.png","width":230,"height":92,"caption":"CidadeMarketing"},"image":{"@id":"https:\/\/www.cidademarketing.com.br\/marketing\/#\/schema\/logo\/image\/"},"sameAs":["https:\/\/www.facebook.com\/portalcidademarketing","https:\/\/x.com\/CidadeMarketing","https:\/\/www.instagram.com\/cidademarketing\/"]},{"@type":"Person","@id":"https:\/\/www.cidademarketing.com.br\/marketing\/#\/schema\/person\/02daff9f18bd9378c9e01eb6b2db155f","name":"Thales Brand\u00e3o","image":{"@type":"ImageObject","inLanguage":"pt-BR","@id":"https:\/\/secure.gravatar.com\/avatar\/7ca3206950207cc3cb48feec56a8a7898741ab725c368d99d5d7a5a50aab80c6?s=96&d=mm&r=g","url":"https:\/\/secure.gravatar.com\/avatar\/7ca3206950207cc3cb48feec56a8a7898741ab725c368d99d5d7a5a50aab80c6?s=96&d=mm&r=g","contentUrl":"https:\/\/secure.gravatar.com\/avatar\/7ca3206950207cc3cb48feec56a8a7898741ab725c368d99d5d7a5a50aab80c6?s=96&d=mm&r=g","caption":"Thales Brand\u00e3o"},"description":"Editor Executivo do Portal CidadeMarketing.com.br &gt; Mestre em Comunica\u00e7\u00e3o e Sociedade pela Universidade Federal de Sergipe. Possui MBA Executivo em Administra\u00e7\u00e3o com \u00eanfase em Marketing pela Funda\u00e7\u00e3o Get\u00falio Vargas - Rio de Janeiro. Consultor, Palestrante e Pesquisador sobre Empreendedorismo, Marketing, Redes Sociais e Neg\u00f3cios Digitais. Professor, Palestrante TedxTalks e Campus Party. Twitter: @ThalesBrandao","sameAs":["http:\/\/www.mandacaru.com.br","https:\/\/www.facebook.com\/thalesbrandao","http:\/\/www.instagram.com.br\/thalesbrandaoferreira","https:\/\/www.linkedin.com\/in\/thales-brand\u00e3o-3948609\/","https:\/\/x.com\/http:\/\/www.twitter.com\/thalesbrandao"],"url":"https:\/\/www.cidademarketing.com.br\/marketing\/author\/thalesbrandao\/"}]}},"amp_enabled":true,"_links":{"self":[{"href":"https:\/\/www.cidademarketing.com.br\/marketing\/wp-json\/wp\/v2\/posts\/59518","targetHints":{"allow":["GET"]}}],"collection":[{"href":"https:\/\/www.cidademarketing.com.br\/marketing\/wp-json\/wp\/v2\/posts"}],"about":[{"href":"https:\/\/www.cidademarketing.com.br\/marketing\/wp-json\/wp\/v2\/types\/post"}],"author":[{"embeddable":true,"href":"https:\/\/www.cidademarketing.com.br\/marketing\/wp-json\/wp\/v2\/users\/1"}],"replies":[{"embeddable":true,"href":"https:\/\/www.cidademarketing.com.br\/marketing\/wp-json\/wp\/v2\/comments?post=59518"}],"version-history":[{"count":1,"href":"https:\/\/www.cidademarketing.com.br\/marketing\/wp-json\/wp\/v2\/posts\/59518\/revisions"}],"predecessor-version":[{"id":59522,"href":"https:\/\/www.cidademarketing.com.br\/marketing\/wp-json\/wp\/v2\/posts\/59518\/revisions\/59522"}],"wp:featuredmedia":[{"embeddable":true,"href":"https:\/\/www.cidademarketing.com.br\/marketing\/wp-json\/wp\/v2\/media\/59521"}],"wp:attachment":[{"href":"https:\/\/www.cidademarketing.com.br\/marketing\/wp-json\/wp\/v2\/media?parent=59518"}],"wp:term":[{"taxonomy":"category","embeddable":true,"href":"https:\/\/www.cidademarketing.com.br\/marketing\/wp-json\/wp\/v2\/categories?post=59518"},{"taxonomy":"post_tag","embeddable":true,"href":"https:\/\/www.cidademarketing.com.br\/marketing\/wp-json\/wp\/v2\/tags?post=59518"}],"curies":[{"name":"wp","href":"https:\/\/api.w.org\/{rel}","templated":true}]}}