{"id":59494,"date":"2026-03-12T23:22:29","date_gmt":"2026-03-13T02:22:29","guid":{"rendered":"https:\/\/www.cidademarketing.com.br\/marketing\/?p=59494"},"modified":"2026-03-12T23:22:29","modified_gmt":"2026-03-13T02:22:29","slug":"vivo-abre-loja-conceito-em-ilheus","status":"publish","type":"post","link":"https:\/\/www.cidademarketing.com.br\/marketing\/2026\/03\/12\/vivo-abre-loja-conceito-em-ilheus\/","title":{"rendered":"Vivo abre loja conceito em Ilh\u00e9us"},"content":{"rendered":"<p>A Vivo apresentou o novo conceito de sua loja localizada no centro de Ilh\u00e9us, na Bahia, oferecendo uma experi\u00eancia mais din\u00e2mica, interativa e centrada no cliente.<\/p>\n<p>O espa\u00e7o foi completamente reformulado e reabre ao p\u00fablico no dia 13, trazendo um projeto arquitet\u00f4nico que combina design contempor\u00e2neo, tecnologia e \u00e1reas dedicadas \u00e0 experimenta\u00e7\u00e3o de produtos e servi\u00e7os.<\/p>\n<p>Al\u00e9m disso, a nova loja foi pensada para atender tanto consumidores pessoa f\u00edsica quanto clientes corporativos, oferecendo uma jornada mais consultiva e orientada \u00e0 descoberta de solu\u00e7\u00f5es tecnol\u00f3gicas.<\/p>\n<h4><strong>Casa Inteligente demonstra como a tecnologia transforma o cotidiano<\/strong><\/h4>\n<p>Um dos principais destaques do novo espa\u00e7o \u00e9 o ambiente Casa Inteligente, criado para mostrar de forma pr\u00e1tica como a tecnologia pode facilitar diversas tarefas do dia a dia.<\/p>\n<p>Nesse ambiente, os visitantes podem explorar cen\u00e1rios que reproduzem ambientes de uma resid\u00eancia conectada, permitindo entender como diferentes dispositivos inteligentes podem atuar de forma integrada.<\/p>\n<p>Com um simples comando de voz, por exemplo, o consumidor pode solicitar que a ra\u00e7\u00e3o do pet seja liberada por um alimentador autom\u00e1tico.<\/p>\n<p>Al\u00e9m disso, o visitante pode acionar um aspirador rob\u00f4 para iniciar automaticamente o processo de limpeza da casa.<\/p>\n<p>Dessa forma, a loja permite que os clientes vivenciem na pr\u00e1tica o funcionamento das solu\u00e7\u00f5es de automa\u00e7\u00e3o residencial e conectividade digital.<\/p>\n<h4><strong>Portf\u00f3lio inclui acess\u00f3rios tecnol\u00f3gicos e produtos conectados<\/strong><\/h4>\n<p>Os visitantes da nova loja tamb\u00e9m encontram acess\u00f3rios da i2GO, empresa adquirida pela Vivo no ano passado e que atualmente integra o portf\u00f3lio da operadora.<\/p>\n<p>Esses produtos est\u00e3o presentes em todas as 1.800 lojas da Vivo no Brasil, ampliando as op\u00e7\u00f5es de dispositivos e acess\u00f3rios tecnol\u00f3gicos dispon\u00edveis para os consumidores.<\/p>\n<p>Al\u00e9m disso, o espa\u00e7o conta com produtos da Ovvi, marca pr\u00f3pria de acess\u00f3rios tecnol\u00f3gicos da Vivo. Entre os itens dispon\u00edveis est\u00e3o pel\u00edculas adapt\u00e1veis para qualquer modelo de smartphone, capas protetoras, cabos, carregadores de parede e carregadores por indu\u00e7\u00e3o.<\/p>\n<p>Esses dispositivos permitem recarregar at\u00e9 tr\u00eas aparelhos simultaneamente, oferecendo mais praticidade no uso di\u00e1rio da tecnologia.\u00a0 O portf\u00f3lio tamb\u00e9m inclui power banks, bolsas e al\u00e7as universais, al\u00e9m de edi\u00e7\u00f5es limitadas criadas em colabora\u00e7\u00f5es especiais com grandes marcas.<\/p>\n<p>A loja est\u00e1 localizada na Rua Rodolfo Vieira, n\u00famero 52, no bairro Centro, em Ilh\u00e9us, funcionando de segunda a sexta-feira, das 9h \u00e0s 18h.\u00a0 Aos s\u00e1bados, o atendimento acontece das 9h \u00e0s 12h30, ampliando o acesso dos consumidores \u00e0s solu\u00e7\u00f5es tecnol\u00f3gicas apresentadas no espa\u00e7o.<\/p>\n<h4><strong>Presen\u00e7a da Vivo cresce na Bahia<\/strong><\/h4>\n<p>A nova loja conceito de Ilh\u00e9us soma-se \u00e0s 69 unidades da Vivo presentes na Bahia, refor\u00e7ando a presen\u00e7a da operadora no estado.\u00a0 Atualmente, a empresa possui mais de 6,2 milh\u00f5es de clientes na Bahia, onde lidera o mercado de telefonia m\u00f3vel.<\/p>\n<p>De acordo com dados da companhia, a Vivo possui 39,7% de participa\u00e7\u00e3o de mercado no estado, consolidando sua posi\u00e7\u00e3o no setor.\u00a0 Al\u00e9m disso, a operadora est\u00e1 presente em 331 munic\u00edpios baianos, ampliando sua cobertura e capilaridade regional.<\/p>\n<p>Entre essas cidades, 34 j\u00e1 contam com cobertura da tecnologia 5G, enquanto 256 possuem rede 4.5G.<\/p>\n","protected":false},"excerpt":{"rendered":"<p>A Vivo apresentou o novo conceito de sua loja localizada no centro de Ilh\u00e9us, na Bahia, oferecendo uma experi\u00eancia mais din\u00e2mica, interativa e centrada no cliente. O espa\u00e7o foi completamente reformulado e reabre ao p\u00fablico no dia 13, trazendo um projeto arquitet\u00f4nico que combina design contempor\u00e2neo, tecnologia e \u00e1reas dedicadas \u00e0 experimenta\u00e7\u00e3o de produtos e [&hellip;]<\/p>\n","protected":false},"author":1,"featured_media":59495,"comment_status":"open","ping_status":"open","sticky":false,"template":"","format":"standard","meta":{"tdm_status":"","tdm_grid_status":"","footnotes":""},"categories":[6],"tags":[33,1051,12824,12818,12823,28,185,119,12827,12825,12819,12820,12821,12826,12822],"class_list":["post-59494","post","type-post","status-publish","format-standard","has-post-thumbnail","hentry","category-noticias","tag-estrategia","tag-expansao","tag-inovacao-no-varejo-telecom","tag-loja-conceito-vivo-ilheus","tag-loja-vivo-bahia","tag-marketing","tag-tecnologia","tag-vivo","tag-vivo-5g-bahia","tag-vivo-acessorios-tecnologia","tag-vivo-bahia-loja-conceito","tag-vivo-casa-inteligente","tag-vivo-experiencia-do-cliente","tag-vivo-i2go-ovvi","tag-vivo-tecnologia-ilheus"],"yoast_head":"<!-- This site is optimized with the Yoast SEO plugin v27.4 - https:\/\/yoast.com\/product\/yoast-seo-wordpress\/ -->\n<title>Vivo abre loja conceito em Ilh\u00e9us - CidadeMarketing<\/title>\n<meta name=\"description\" content=\"Nova loja refor\u00e7a presen\u00e7a da Vivo na Bahia, estado onde a operadora lidera o mercado m\u00f3vel.\" \/>\n<meta name=\"robots\" content=\"index, follow, max-snippet:-1, max-image-preview:large, max-video-preview:-1\" \/>\n<link rel=\"canonical\" href=\"https:\/\/www.cidademarketing.com.br\/marketing\/2026\/03\/12\/vivo-abre-loja-conceito-em-ilheus\/\" \/>\n<meta property=\"og:locale\" content=\"pt_BR\" \/>\n<meta property=\"og:type\" content=\"article\" \/>\n<meta property=\"og:title\" content=\"Vivo abre loja conceito em Ilh\u00e9us - CidadeMarketing\" \/>\n<meta property=\"og:description\" content=\"Nova loja refor\u00e7a presen\u00e7a da Vivo na Bahia, estado onde a operadora lidera o mercado m\u00f3vel.\" \/>\n<meta property=\"og:url\" content=\"https:\/\/www.cidademarketing.com.br\/marketing\/2026\/03\/12\/vivo-abre-loja-conceito-em-ilheus\/\" \/>\n<meta property=\"og:site_name\" content=\"CidadeMarketing\" \/>\n<meta property=\"article:publisher\" content=\"https:\/\/www.facebook.com\/portalcidademarketing\" \/>\n<meta property=\"article:author\" content=\"https:\/\/www.facebook.com\/thalesbrandao\" \/>\n<meta property=\"article:published_time\" content=\"2026-03-13T02:22:29+00:00\" \/>\n<meta property=\"og:image\" content=\"https:\/\/www.cidademarketing.com.br\/marketing\/wp-content\/uploads\/2026\/03\/vivo_ilheus.webp\" \/>\n\t<meta property=\"og:image:width\" content=\"1300\" \/>\n\t<meta property=\"og:image:height\" content=\"731\" \/>\n\t<meta property=\"og:image:type\" content=\"image\/webp\" \/>\n<meta name=\"author\" content=\"Thales Brand\u00e3o\" \/>\n<meta name=\"twitter:card\" content=\"summary_large_image\" \/>\n<meta name=\"twitter:creator\" content=\"@http:\/\/www.twitter.com\/thalesbrandao\" \/>\n<meta name=\"twitter:site\" content=\"@CidadeMarketing\" \/>\n<meta name=\"twitter:label1\" content=\"Escrito por\" \/>\n\t<meta name=\"twitter:data1\" content=\"Thales Brand\u00e3o\" \/>\n\t<meta name=\"twitter:label2\" content=\"Est. tempo de leitura\" \/>\n\t<meta name=\"twitter:data2\" content=\"3 minutos\" \/>\n<script type=\"application\/ld+json\" class=\"yoast-schema-graph\">{\"@context\":\"https:\\\/\\\/schema.org\",\"@graph\":[{\"@type\":\"Article\",\"@id\":\"https:\\\/\\\/www.cidademarketing.com.br\\\/marketing\\\/2026\\\/03\\\/12\\\/vivo-abre-loja-conceito-em-ilheus\\\/#article\",\"isPartOf\":{\"@id\":\"https:\\\/\\\/www.cidademarketing.com.br\\\/marketing\\\/2026\\\/03\\\/12\\\/vivo-abre-loja-conceito-em-ilheus\\\/\"},\"author\":{\"name\":\"Thales Brand\u00e3o\",\"@id\":\"https:\\\/\\\/www.cidademarketing.com.br\\\/marketing\\\/#\\\/schema\\\/person\\\/02daff9f18bd9378c9e01eb6b2db155f\"},\"headline\":\"Vivo abre loja conceito em Ilh\u00e9us\",\"datePublished\":\"2026-03-13T02:22:29+00:00\",\"mainEntityOfPage\":{\"@id\":\"https:\\\/\\\/www.cidademarketing.com.br\\\/marketing\\\/2026\\\/03\\\/12\\\/vivo-abre-loja-conceito-em-ilheus\\\/\"},\"wordCount\":549,\"commentCount\":0,\"publisher\":{\"@id\":\"https:\\\/\\\/www.cidademarketing.com.br\\\/marketing\\\/#organization\"},\"image\":{\"@id\":\"https:\\\/\\\/www.cidademarketing.com.br\\\/marketing\\\/2026\\\/03\\\/12\\\/vivo-abre-loja-conceito-em-ilheus\\\/#primaryimage\"},\"thumbnailUrl\":\"https:\\\/\\\/www.cidademarketing.com.br\\\/marketing\\\/wp-content\\\/uploads\\\/2026\\\/03\\\/vivo_ilheus.webp\",\"keywords\":[\"estrat\u00e9gia\",\"expans\u00e3o\",\"inova\u00e7\u00e3o no varejo telecom\",\"loja conceito Vivo Ilh\u00e9us\",\"loja Vivo Bahia\",\"marketing\",\"tecnologia\",\"Vivo\",\"Vivo 5G Bahia\",\"Vivo acess\u00f3rios tecnologia\",\"Vivo Bahia loja conceito\",\"Vivo Casa Inteligente\",\"Vivo experi\u00eancia do cliente\",\"Vivo i2GO Ovvi\",\"Vivo tecnologia Ilh\u00e9us\"],\"articleSection\":[\"Not\u00edcias\"],\"inLanguage\":\"pt-BR\",\"potentialAction\":[{\"@type\":\"CommentAction\",\"name\":\"Comment\",\"target\":[\"https:\\\/\\\/www.cidademarketing.com.br\\\/marketing\\\/2026\\\/03\\\/12\\\/vivo-abre-loja-conceito-em-ilheus\\\/#respond\"]}]},{\"@type\":\"WebPage\",\"@id\":\"https:\\\/\\\/www.cidademarketing.com.br\\\/marketing\\\/2026\\\/03\\\/12\\\/vivo-abre-loja-conceito-em-ilheus\\\/\",\"url\":\"https:\\\/\\\/www.cidademarketing.com.br\\\/marketing\\\/2026\\\/03\\\/12\\\/vivo-abre-loja-conceito-em-ilheus\\\/\",\"name\":\"Vivo abre loja conceito em Ilh\u00e9us - CidadeMarketing\",\"isPartOf\":{\"@id\":\"https:\\\/\\\/www.cidademarketing.com.br\\\/marketing\\\/#website\"},\"primaryImageOfPage\":{\"@id\":\"https:\\\/\\\/www.cidademarketing.com.br\\\/marketing\\\/2026\\\/03\\\/12\\\/vivo-abre-loja-conceito-em-ilheus\\\/#primaryimage\"},\"image\":{\"@id\":\"https:\\\/\\\/www.cidademarketing.com.br\\\/marketing\\\/2026\\\/03\\\/12\\\/vivo-abre-loja-conceito-em-ilheus\\\/#primaryimage\"},\"thumbnailUrl\":\"https:\\\/\\\/www.cidademarketing.com.br\\\/marketing\\\/wp-content\\\/uploads\\\/2026\\\/03\\\/vivo_ilheus.webp\",\"datePublished\":\"2026-03-13T02:22:29+00:00\",\"description\":\"Nova loja refor\u00e7a presen\u00e7a da Vivo na Bahia, estado onde a operadora lidera o mercado m\u00f3vel.\",\"breadcrumb\":{\"@id\":\"https:\\\/\\\/www.cidademarketing.com.br\\\/marketing\\\/2026\\\/03\\\/12\\\/vivo-abre-loja-conceito-em-ilheus\\\/#breadcrumb\"},\"inLanguage\":\"pt-BR\",\"potentialAction\":[{\"@type\":\"ReadAction\",\"target\":[\"https:\\\/\\\/www.cidademarketing.com.br\\\/marketing\\\/2026\\\/03\\\/12\\\/vivo-abre-loja-conceito-em-ilheus\\\/\"]}]},{\"@type\":\"ImageObject\",\"inLanguage\":\"pt-BR\",\"@id\":\"https:\\\/\\\/www.cidademarketing.com.br\\\/marketing\\\/2026\\\/03\\\/12\\\/vivo-abre-loja-conceito-em-ilheus\\\/#primaryimage\",\"url\":\"https:\\\/\\\/www.cidademarketing.com.br\\\/marketing\\\/wp-content\\\/uploads\\\/2026\\\/03\\\/vivo_ilheus.webp\",\"contentUrl\":\"https:\\\/\\\/www.cidademarketing.com.br\\\/marketing\\\/wp-content\\\/uploads\\\/2026\\\/03\\\/vivo_ilheus.webp\",\"width\":1300,\"height\":731,\"caption\":\"Divulga\u00e7\u00e3o\"},{\"@type\":\"BreadcrumbList\",\"@id\":\"https:\\\/\\\/www.cidademarketing.com.br\\\/marketing\\\/2026\\\/03\\\/12\\\/vivo-abre-loja-conceito-em-ilheus\\\/#breadcrumb\",\"itemListElement\":[{\"@type\":\"ListItem\",\"position\":1,\"name\":\"In\u00edcio\",\"item\":\"https:\\\/\\\/www.cidademarketing.com.br\\\/marketing\\\/\"},{\"@type\":\"ListItem\",\"position\":2,\"name\":\"Vivo abre loja conceito em Ilh\u00e9us\"}]},{\"@type\":\"WebSite\",\"@id\":\"https:\\\/\\\/www.cidademarketing.com.br\\\/marketing\\\/#website\",\"url\":\"https:\\\/\\\/www.cidademarketing.com.br\\\/marketing\\\/\",\"name\":\"CidadeMarketing\",\"description\":\"Somos um ve\u00edculo de comunica\u00e7\u00e3o de destaque no Brasil, reconhecido por conte\u00fados nos segmentos de marketing, empreendedorismo e inova\u00e7\u00e3o.\",\"publisher\":{\"@id\":\"https:\\\/\\\/www.cidademarketing.com.br\\\/marketing\\\/#organization\"},\"alternateName\":\"CidadeMarketing\",\"potentialAction\":[{\"@type\":\"SearchAction\",\"target\":{\"@type\":\"EntryPoint\",\"urlTemplate\":\"https:\\\/\\\/www.cidademarketing.com.br\\\/marketing\\\/?s={search_term_string}\"},\"query-input\":{\"@type\":\"PropertyValueSpecification\",\"valueRequired\":true,\"valueName\":\"search_term_string\"}}],\"inLanguage\":\"pt-BR\"},{\"@type\":\"Organization\",\"@id\":\"https:\\\/\\\/www.cidademarketing.com.br\\\/marketing\\\/#organization\",\"name\":\"CidadeMarketing\",\"alternateName\":\"CidadeMarketing\",\"url\":\"https:\\\/\\\/www.cidademarketing.com.br\\\/marketing\\\/\",\"logo\":{\"@type\":\"ImageObject\",\"inLanguage\":\"pt-BR\",\"@id\":\"https:\\\/\\\/www.cidademarketing.com.br\\\/marketing\\\/#\\\/schema\\\/logo\\\/image\\\/\",\"url\":\"https:\\\/\\\/www.cidademarketing.com.br\\\/marketing\\\/wp-content\\\/uploads\\\/2020\\\/01\\\/cidademarketing_marca_mobile.png\",\"contentUrl\":\"https:\\\/\\\/www.cidademarketing.com.br\\\/marketing\\\/wp-content\\\/uploads\\\/2020\\\/01\\\/cidademarketing_marca_mobile.png\",\"width\":230,\"height\":92,\"caption\":\"CidadeMarketing\"},\"image\":{\"@id\":\"https:\\\/\\\/www.cidademarketing.com.br\\\/marketing\\\/#\\\/schema\\\/logo\\\/image\\\/\"},\"sameAs\":[\"https:\\\/\\\/www.facebook.com\\\/portalcidademarketing\",\"https:\\\/\\\/x.com\\\/CidadeMarketing\",\"https:\\\/\\\/www.instagram.com\\\/cidademarketing\\\/\"]},{\"@type\":\"Person\",\"@id\":\"https:\\\/\\\/www.cidademarketing.com.br\\\/marketing\\\/#\\\/schema\\\/person\\\/02daff9f18bd9378c9e01eb6b2db155f\",\"name\":\"Thales Brand\u00e3o\",\"image\":{\"@type\":\"ImageObject\",\"inLanguage\":\"pt-BR\",\"@id\":\"https:\\\/\\\/secure.gravatar.com\\\/avatar\\\/7ca3206950207cc3cb48feec56a8a7898741ab725c368d99d5d7a5a50aab80c6?s=96&d=mm&r=g\",\"url\":\"https:\\\/\\\/secure.gravatar.com\\\/avatar\\\/7ca3206950207cc3cb48feec56a8a7898741ab725c368d99d5d7a5a50aab80c6?s=96&d=mm&r=g\",\"contentUrl\":\"https:\\\/\\\/secure.gravatar.com\\\/avatar\\\/7ca3206950207cc3cb48feec56a8a7898741ab725c368d99d5d7a5a50aab80c6?s=96&d=mm&r=g\",\"caption\":\"Thales Brand\u00e3o\"},\"description\":\"Editor Executivo do Portal CidadeMarketing.com.br &gt; Mestre em Comunica\u00e7\u00e3o e Sociedade pela Universidade Federal de Sergipe. Possui MBA Executivo em Administra\u00e7\u00e3o com \u00eanfase em Marketing pela Funda\u00e7\u00e3o Get\u00falio Vargas - Rio de Janeiro. Consultor, Palestrante e Pesquisador sobre Empreendedorismo, Marketing, Redes Sociais e Neg\u00f3cios Digitais. Professor, Palestrante TedxTalks e Campus Party. Twitter: @ThalesBrandao\",\"sameAs\":[\"http:\\\/\\\/www.mandacaru.com.br\",\"https:\\\/\\\/www.facebook.com\\\/thalesbrandao\",\"http:\\\/\\\/www.instagram.com.br\\\/thalesbrandaoferreira\",\"https:\\\/\\\/www.linkedin.com\\\/in\\\/thales-brand\u00e3o-3948609\\\/\",\"https:\\\/\\\/x.com\\\/http:\\\/\\\/www.twitter.com\\\/thalesbrandao\"],\"url\":\"https:\\\/\\\/www.cidademarketing.com.br\\\/marketing\\\/author\\\/thalesbrandao\\\/\"}]}<\/script>\n<!-- \/ Yoast SEO plugin. -->","yoast_head_json":{"title":"Vivo abre loja conceito em Ilh\u00e9us - CidadeMarketing","description":"Nova loja refor\u00e7a presen\u00e7a da Vivo na Bahia, estado onde a operadora lidera o mercado m\u00f3vel.","robots":{"index":"index","follow":"follow","max-snippet":"max-snippet:-1","max-image-preview":"max-image-preview:large","max-video-preview":"max-video-preview:-1"},"canonical":"https:\/\/www.cidademarketing.com.br\/marketing\/2026\/03\/12\/vivo-abre-loja-conceito-em-ilheus\/","og_locale":"pt_BR","og_type":"article","og_title":"Vivo abre loja conceito em Ilh\u00e9us - CidadeMarketing","og_description":"Nova loja refor\u00e7a presen\u00e7a da Vivo na Bahia, estado onde a operadora lidera o mercado m\u00f3vel.","og_url":"https:\/\/www.cidademarketing.com.br\/marketing\/2026\/03\/12\/vivo-abre-loja-conceito-em-ilheus\/","og_site_name":"CidadeMarketing","article_publisher":"https:\/\/www.facebook.com\/portalcidademarketing","article_author":"https:\/\/www.facebook.com\/thalesbrandao","article_published_time":"2026-03-13T02:22:29+00:00","og_image":[{"width":1300,"height":731,"url":"https:\/\/www.cidademarketing.com.br\/marketing\/wp-content\/uploads\/2026\/03\/vivo_ilheus.webp","type":"image\/webp"}],"author":"Thales Brand\u00e3o","twitter_card":"summary_large_image","twitter_creator":"@http:\/\/www.twitter.com\/thalesbrandao","twitter_site":"@CidadeMarketing","twitter_misc":{"Escrito por":"Thales Brand\u00e3o","Est. tempo de leitura":"3 minutos"},"schema":{"@context":"https:\/\/schema.org","@graph":[{"@type":"Article","@id":"https:\/\/www.cidademarketing.com.br\/marketing\/2026\/03\/12\/vivo-abre-loja-conceito-em-ilheus\/#article","isPartOf":{"@id":"https:\/\/www.cidademarketing.com.br\/marketing\/2026\/03\/12\/vivo-abre-loja-conceito-em-ilheus\/"},"author":{"name":"Thales Brand\u00e3o","@id":"https:\/\/www.cidademarketing.com.br\/marketing\/#\/schema\/person\/02daff9f18bd9378c9e01eb6b2db155f"},"headline":"Vivo abre loja conceito em Ilh\u00e9us","datePublished":"2026-03-13T02:22:29+00:00","mainEntityOfPage":{"@id":"https:\/\/www.cidademarketing.com.br\/marketing\/2026\/03\/12\/vivo-abre-loja-conceito-em-ilheus\/"},"wordCount":549,"commentCount":0,"publisher":{"@id":"https:\/\/www.cidademarketing.com.br\/marketing\/#organization"},"image":{"@id":"https:\/\/www.cidademarketing.com.br\/marketing\/2026\/03\/12\/vivo-abre-loja-conceito-em-ilheus\/#primaryimage"},"thumbnailUrl":"https:\/\/www.cidademarketing.com.br\/marketing\/wp-content\/uploads\/2026\/03\/vivo_ilheus.webp","keywords":["estrat\u00e9gia","expans\u00e3o","inova\u00e7\u00e3o no varejo telecom","loja conceito Vivo Ilh\u00e9us","loja Vivo Bahia","marketing","tecnologia","Vivo","Vivo 5G Bahia","Vivo acess\u00f3rios tecnologia","Vivo Bahia loja conceito","Vivo Casa Inteligente","Vivo experi\u00eancia do cliente","Vivo i2GO Ovvi","Vivo tecnologia Ilh\u00e9us"],"articleSection":["Not\u00edcias"],"inLanguage":"pt-BR","potentialAction":[{"@type":"CommentAction","name":"Comment","target":["https:\/\/www.cidademarketing.com.br\/marketing\/2026\/03\/12\/vivo-abre-loja-conceito-em-ilheus\/#respond"]}]},{"@type":"WebPage","@id":"https:\/\/www.cidademarketing.com.br\/marketing\/2026\/03\/12\/vivo-abre-loja-conceito-em-ilheus\/","url":"https:\/\/www.cidademarketing.com.br\/marketing\/2026\/03\/12\/vivo-abre-loja-conceito-em-ilheus\/","name":"Vivo abre loja conceito em Ilh\u00e9us - CidadeMarketing","isPartOf":{"@id":"https:\/\/www.cidademarketing.com.br\/marketing\/#website"},"primaryImageOfPage":{"@id":"https:\/\/www.cidademarketing.com.br\/marketing\/2026\/03\/12\/vivo-abre-loja-conceito-em-ilheus\/#primaryimage"},"image":{"@id":"https:\/\/www.cidademarketing.com.br\/marketing\/2026\/03\/12\/vivo-abre-loja-conceito-em-ilheus\/#primaryimage"},"thumbnailUrl":"https:\/\/www.cidademarketing.com.br\/marketing\/wp-content\/uploads\/2026\/03\/vivo_ilheus.webp","datePublished":"2026-03-13T02:22:29+00:00","description":"Nova loja refor\u00e7a presen\u00e7a da Vivo na Bahia, estado onde a operadora lidera o mercado m\u00f3vel.","breadcrumb":{"@id":"https:\/\/www.cidademarketing.com.br\/marketing\/2026\/03\/12\/vivo-abre-loja-conceito-em-ilheus\/#breadcrumb"},"inLanguage":"pt-BR","potentialAction":[{"@type":"ReadAction","target":["https:\/\/www.cidademarketing.com.br\/marketing\/2026\/03\/12\/vivo-abre-loja-conceito-em-ilheus\/"]}]},{"@type":"ImageObject","inLanguage":"pt-BR","@id":"https:\/\/www.cidademarketing.com.br\/marketing\/2026\/03\/12\/vivo-abre-loja-conceito-em-ilheus\/#primaryimage","url":"https:\/\/www.cidademarketing.com.br\/marketing\/wp-content\/uploads\/2026\/03\/vivo_ilheus.webp","contentUrl":"https:\/\/www.cidademarketing.com.br\/marketing\/wp-content\/uploads\/2026\/03\/vivo_ilheus.webp","width":1300,"height":731,"caption":"Divulga\u00e7\u00e3o"},{"@type":"BreadcrumbList","@id":"https:\/\/www.cidademarketing.com.br\/marketing\/2026\/03\/12\/vivo-abre-loja-conceito-em-ilheus\/#breadcrumb","itemListElement":[{"@type":"ListItem","position":1,"name":"In\u00edcio","item":"https:\/\/www.cidademarketing.com.br\/marketing\/"},{"@type":"ListItem","position":2,"name":"Vivo abre loja conceito em Ilh\u00e9us"}]},{"@type":"WebSite","@id":"https:\/\/www.cidademarketing.com.br\/marketing\/#website","url":"https:\/\/www.cidademarketing.com.br\/marketing\/","name":"CidadeMarketing","description":"Somos um ve\u00edculo de comunica\u00e7\u00e3o de destaque no Brasil, reconhecido por conte\u00fados nos segmentos de marketing, empreendedorismo e inova\u00e7\u00e3o.","publisher":{"@id":"https:\/\/www.cidademarketing.com.br\/marketing\/#organization"},"alternateName":"CidadeMarketing","potentialAction":[{"@type":"SearchAction","target":{"@type":"EntryPoint","urlTemplate":"https:\/\/www.cidademarketing.com.br\/marketing\/?s={search_term_string}"},"query-input":{"@type":"PropertyValueSpecification","valueRequired":true,"valueName":"search_term_string"}}],"inLanguage":"pt-BR"},{"@type":"Organization","@id":"https:\/\/www.cidademarketing.com.br\/marketing\/#organization","name":"CidadeMarketing","alternateName":"CidadeMarketing","url":"https:\/\/www.cidademarketing.com.br\/marketing\/","logo":{"@type":"ImageObject","inLanguage":"pt-BR","@id":"https:\/\/www.cidademarketing.com.br\/marketing\/#\/schema\/logo\/image\/","url":"https:\/\/www.cidademarketing.com.br\/marketing\/wp-content\/uploads\/2020\/01\/cidademarketing_marca_mobile.png","contentUrl":"https:\/\/www.cidademarketing.com.br\/marketing\/wp-content\/uploads\/2020\/01\/cidademarketing_marca_mobile.png","width":230,"height":92,"caption":"CidadeMarketing"},"image":{"@id":"https:\/\/www.cidademarketing.com.br\/marketing\/#\/schema\/logo\/image\/"},"sameAs":["https:\/\/www.facebook.com\/portalcidademarketing","https:\/\/x.com\/CidadeMarketing","https:\/\/www.instagram.com\/cidademarketing\/"]},{"@type":"Person","@id":"https:\/\/www.cidademarketing.com.br\/marketing\/#\/schema\/person\/02daff9f18bd9378c9e01eb6b2db155f","name":"Thales Brand\u00e3o","image":{"@type":"ImageObject","inLanguage":"pt-BR","@id":"https:\/\/secure.gravatar.com\/avatar\/7ca3206950207cc3cb48feec56a8a7898741ab725c368d99d5d7a5a50aab80c6?s=96&d=mm&r=g","url":"https:\/\/secure.gravatar.com\/avatar\/7ca3206950207cc3cb48feec56a8a7898741ab725c368d99d5d7a5a50aab80c6?s=96&d=mm&r=g","contentUrl":"https:\/\/secure.gravatar.com\/avatar\/7ca3206950207cc3cb48feec56a8a7898741ab725c368d99d5d7a5a50aab80c6?s=96&d=mm&r=g","caption":"Thales Brand\u00e3o"},"description":"Editor Executivo do Portal CidadeMarketing.com.br &gt; Mestre em Comunica\u00e7\u00e3o e Sociedade pela Universidade Federal de Sergipe. Possui MBA Executivo em Administra\u00e7\u00e3o com \u00eanfase em Marketing pela Funda\u00e7\u00e3o Get\u00falio Vargas - Rio de Janeiro. Consultor, Palestrante e Pesquisador sobre Empreendedorismo, Marketing, Redes Sociais e Neg\u00f3cios Digitais. Professor, Palestrante TedxTalks e Campus Party. Twitter: @ThalesBrandao","sameAs":["http:\/\/www.mandacaru.com.br","https:\/\/www.facebook.com\/thalesbrandao","http:\/\/www.instagram.com.br\/thalesbrandaoferreira","https:\/\/www.linkedin.com\/in\/thales-brand\u00e3o-3948609\/","https:\/\/x.com\/http:\/\/www.twitter.com\/thalesbrandao"],"url":"https:\/\/www.cidademarketing.com.br\/marketing\/author\/thalesbrandao\/"}]}},"amp_enabled":true,"_links":{"self":[{"href":"https:\/\/www.cidademarketing.com.br\/marketing\/wp-json\/wp\/v2\/posts\/59494","targetHints":{"allow":["GET"]}}],"collection":[{"href":"https:\/\/www.cidademarketing.com.br\/marketing\/wp-json\/wp\/v2\/posts"}],"about":[{"href":"https:\/\/www.cidademarketing.com.br\/marketing\/wp-json\/wp\/v2\/types\/post"}],"author":[{"embeddable":true,"href":"https:\/\/www.cidademarketing.com.br\/marketing\/wp-json\/wp\/v2\/users\/1"}],"replies":[{"embeddable":true,"href":"https:\/\/www.cidademarketing.com.br\/marketing\/wp-json\/wp\/v2\/comments?post=59494"}],"version-history":[{"count":1,"href":"https:\/\/www.cidademarketing.com.br\/marketing\/wp-json\/wp\/v2\/posts\/59494\/revisions"}],"predecessor-version":[{"id":59496,"href":"https:\/\/www.cidademarketing.com.br\/marketing\/wp-json\/wp\/v2\/posts\/59494\/revisions\/59496"}],"wp:featuredmedia":[{"embeddable":true,"href":"https:\/\/www.cidademarketing.com.br\/marketing\/wp-json\/wp\/v2\/media\/59495"}],"wp:attachment":[{"href":"https:\/\/www.cidademarketing.com.br\/marketing\/wp-json\/wp\/v2\/media?parent=59494"}],"wp:term":[{"taxonomy":"category","embeddable":true,"href":"https:\/\/www.cidademarketing.com.br\/marketing\/wp-json\/wp\/v2\/categories?post=59494"},{"taxonomy":"post_tag","embeddable":true,"href":"https:\/\/www.cidademarketing.com.br\/marketing\/wp-json\/wp\/v2\/tags?post=59494"}],"curies":[{"name":"wp","href":"https:\/\/api.w.org\/{rel}","templated":true}]}}