{"id":59490,"date":"2026-03-12T22:53:19","date_gmt":"2026-03-13T01:53:19","guid":{"rendered":"https:\/\/www.cidademarketing.com.br\/marketing\/?p=59490"},"modified":"2026-03-12T22:53:19","modified_gmt":"2026-03-13T01:53:19","slug":"com-simone-mendes-americanas-lanca-campanha-de-pascoa","status":"publish","type":"post","link":"https:\/\/www.cidademarketing.com.br\/marketing\/2026\/03\/12\/com-simone-mendes-americanas-lanca-campanha-de-pascoa\/","title":{"rendered":"Com Simone Mendes, Americanas lan\u00e7a campanha de P\u00e1scoa"},"content":{"rendered":"<p>A Americanas estreou a campanha \u201cP\u00e1scoa Americanas, a mais amada do Brasil\u201d, estrelada pela cantora Simone Mendes e pelo mascote da marca, Ameriquinho.\u00a0 A iniciativa apresenta uma nova abordagem para a data. Assim, a P\u00e1scoa deixa de ser apenas uma campanha de pre\u00e7o e produto.<\/p>\n<figure id=\"attachment_59492\" aria-describedby=\"caption-attachment-59492\" style=\"width: 643px\" class=\"wp-caption alignnone\"><img fetchpriority=\"high\" decoding=\"async\" class=\"wp-image-59492 size-full\" src=\"https:\/\/www.cidademarketing.com.br\/marketing\/wp-content\/uploads\/2026\/03\/americanas_pascoa_2026.webp\" alt=\"Americanas lan\u00e7a campanha de P\u00e1scoa estrelada por Simone Mendes e Ameriquinho, com ativa\u00e7\u00f5es imersivas, retail media e experi\u00eancias nas lojas.\" width=\"643\" height=\"803\" srcset=\"https:\/\/www.cidademarketing.com.br\/marketing\/wp-content\/uploads\/2026\/03\/americanas_pascoa_2026.webp 643w, https:\/\/www.cidademarketing.com.br\/marketing\/wp-content\/uploads\/2026\/03\/americanas_pascoa_2026-240x300.webp 240w, https:\/\/www.cidademarketing.com.br\/marketing\/wp-content\/uploads\/2026\/03\/americanas_pascoa_2026-336x420.webp 336w, https:\/\/www.cidademarketing.com.br\/marketing\/wp-content\/uploads\/2026\/03\/americanas_pascoa_2026-640x799.webp 640w\" sizes=\"(max-width: 643px) 100vw, 643px\" \/><figcaption id=\"caption-attachment-59492\" class=\"wp-caption-text\">Divulga\u00e7\u00e3o<\/figcaption><\/figure>\n<p>Agora, a varejista busca transformar o per\u00edodo em uma experi\u00eancia completa, que re\u00fane afeto, entretenimento, descoberta e compra.<\/p>\n<h4><strong>P\u00e1scoa como experi\u00eancia de fam\u00edlia<\/strong><\/h4>\n<p>Neste ano, a Americanas aposta em ativa\u00e7\u00f5es imersivas e sensoriais.\u00a0 Al\u00e9m disso, a estrat\u00e9gia refor\u00e7a um novo posicionamento da marca. A empresa passa a tratar a loja f\u00edsica como uma nova pra\u00e7a de conviv\u00eancia.<\/p>\n<h4><strong>Ameriquinho e Simone Mendes protagonizam a campanha<\/strong><\/h4>\n<p>Os filmes da campanha apresentam Simone Mendes e o Ameriquinho em situa\u00e7\u00f5es divertidas e bem-humoradas. Os conte\u00fados incluem dancinhas e intera\u00e7\u00f5es pensadas para viralizar nas redes sociais.\u00a0 A proposta busca ampliar o territ\u00f3rio afetivo da marca. Dessa forma, a Americanas refor\u00e7a a conex\u00e3o constru\u00edda com os consumidores ao longo de quase um s\u00e9culo.<\/p>\n<div class=\"youtube-embed\" data-video_id=\"mva4UZJJswM\"><iframe title=\"P\u00e1scoa Americanas 2026\" width=\"640\" height=\"360\" src=\"https:\/\/www.youtube.com\/embed\/mva4UZJJswM?feature=oembed&#038;enablejsapi=1\" frameborder=\"0\" allow=\"accelerometer; autoplay; clipboard-write; encrypted-media; gyroscope; picture-in-picture; web-share\" referrerpolicy=\"strict-origin-when-cross-origin\" allowfullscreen><\/iframe><\/div>\n<p>Ao mesmo tempo, algumas lojas da rede passam a funcionar como espa\u00e7os de conviv\u00eancia e mem\u00f3ria afetiva.\u00a0 Durante o per\u00edodo, os consumidores poder\u00e3o tirar fotos com o Ameriquinho, participar de brincadeiras e explorar a ambienta\u00e7\u00e3o tem\u00e1tica.<\/p>\n<h4><strong>Estrat\u00e9gia digital amplia presen\u00e7a da campanha<\/strong><\/h4>\n<p>A campanha contar\u00e1 com 10 filmes para televis\u00e3o e cerca de 350 conte\u00fados digitais.\u00a0 Al\u00e9m disso, haver\u00e1 m\u00eddia patrocinada nas redes Instagram, TikTok, X, Facebook e YouTube.<\/p>\n<p>Outro destaque ser\u00e1 a realiza\u00e7\u00e3o de oito lives especiais, transmitidas no Instagram da Americanas e direcionadas para um hotsite exclusivo.\u00a0 Nas lojas f\u00edsicas, o tradicional \u201cCesta\u00e7o\u201d ter\u00e1 tr\u00eas edi\u00e7\u00f5es especiais com ofertas voltadas para a data.<\/p>\n<h4><strong>Retail Media e ativa\u00e7\u00f5es imersivas<\/strong><\/h4>\n<p>Nas lojas, os consumidores encontrar\u00e3o vitrines adesivadas, p\u00f3rticos em LED, r\u00e1dio indoor e ambienta\u00e7\u00f5es sensoriais.\u00a0 Entre as novidades est\u00e1 a parreira digital, uma releitura tecnol\u00f3gica das tradicionais estruturas de exposi\u00e7\u00e3o de ovos de P\u00e1scoa.\u00a0 Assim, fachadas e \u00e1reas internas das lojas se transformam em instala\u00e7\u00f5es visuais de alto impacto.<\/p>\n<h4><strong>Parcerias ampliam experi\u00eancia nas lojas<\/strong><\/h4>\n<p>A campanha tamb\u00e9m conta com parcerias com grandes marcas da ind\u00fastria de chocolates e entretenimento.\u00a0 A Mondelez levar\u00e1 para lojas em S\u00e3o Paulo e Salvador uma store in store exclusiva da Lacta, com circuito cenogr\u00e1fico sensorial e experi\u00eancias de live commerce.\u00a0 J\u00e1 a TopCau instalar\u00e1 uma Torre Eiffel gigante em uma loja de S\u00e3o Paulo, criando uma ambienta\u00e7\u00e3o inspirada em Paris.<\/p>\n<p>Al\u00e9m disso, a Sanrio promover\u00e1 ativa\u00e7\u00f5es com Hello Kitty, incluindo painel instagram\u00e1vel, est\u00e1tua da personagem e m\u00e1quinas interativas de foto.<\/p>\n","protected":false},"excerpt":{"rendered":"<p>A Americanas estreou a campanha \u201cP\u00e1scoa Americanas, a mais amada do Brasil\u201d, estrelada pela cantora Simone Mendes e pelo mascote da marca, Ameriquinho.\u00a0 A iniciativa apresenta uma nova abordagem para a data. Assim, a P\u00e1scoa deixa de ser apenas uma campanha de pre\u00e7o e produto. Agora, a varejista busca transformar o per\u00edodo em uma experi\u00eancia [&hellip;]<\/p>\n","protected":false},"author":1,"featured_media":59491,"comment_status":"open","ping_status":"open","sticky":false,"template":"","format":"standard","meta":{"tdm_status":"","tdm_grid_status":"","footnotes":""},"categories":[6,14],"tags":[12811,65,12808,12815,33,12814,28,12812,12817,12810,66,181,12813,7340,12809,12816],"class_list":["post-59490","post","type-post","status-publish","format-standard","has-post-thumbnail","hentry","category-noticias","category-videos","tag-ameriquinho-americanas","tag-campanha","tag-campanha-de-pascoa-americanas","tag-campanha-publicitaria-americanas","tag-estrategia","tag-estrategia-de-marketing-americanas","tag-marketing","tag-marketing-varejo-pascoa","tag-ovos-de-pascoa-americanas","tag-pascoa-americanas-2026","tag-propaganda","tag-publicidade","tag-retail-media-americanas","tag-simone-mendes","tag-simone-mendes-americanas","tag-varejo-brasileiro-pascoa"],"yoast_head":"<!-- This site is optimized with the Yoast SEO plugin v27.4 - https:\/\/yoast.com\/product\/yoast-seo-wordpress\/ -->\n<title>Com Simone Mendes, Americanas lan\u00e7a campanha de P\u00e1scoa - CidadeMarketing<\/title>\n<meta name=\"description\" content=\"Americanas lan\u00e7a campanha de P\u00e1scoa estrelada por Simone Mendes e Ameriquinho, com ativa\u00e7\u00f5es imersivas, retail media e experi\u00eancias nas lojas.\" \/>\n<meta name=\"robots\" content=\"index, follow, max-snippet:-1, max-image-preview:large, max-video-preview:-1\" \/>\n<link rel=\"canonical\" href=\"https:\/\/www.cidademarketing.com.br\/marketing\/2026\/03\/12\/com-simone-mendes-americanas-lanca-campanha-de-pascoa\/\" \/>\n<meta property=\"og:locale\" content=\"pt_BR\" \/>\n<meta property=\"og:type\" content=\"article\" \/>\n<meta property=\"og:title\" content=\"Com Simone Mendes, Americanas lan\u00e7a campanha de P\u00e1scoa - CidadeMarketing\" \/>\n<meta property=\"og:description\" content=\"Americanas lan\u00e7a campanha de P\u00e1scoa estrelada por Simone Mendes e Ameriquinho, com ativa\u00e7\u00f5es imersivas, retail media e experi\u00eancias nas lojas.\" \/>\n<meta property=\"og:url\" content=\"https:\/\/www.cidademarketing.com.br\/marketing\/2026\/03\/12\/com-simone-mendes-americanas-lanca-campanha-de-pascoa\/\" \/>\n<meta property=\"og:site_name\" content=\"CidadeMarketing\" \/>\n<meta property=\"article:publisher\" content=\"https:\/\/www.facebook.com\/portalcidademarketing\" \/>\n<meta property=\"article:author\" content=\"https:\/\/www.facebook.com\/thalesbrandao\" \/>\n<meta property=\"article:published_time\" content=\"2026-03-13T01:53:19+00:00\" \/>\n<meta property=\"og:image\" content=\"https:\/\/www.cidademarketing.com.br\/marketing\/wp-content\/uploads\/2026\/03\/americanas_pascoa_2026_simonemendes.webp\" \/>\n\t<meta property=\"og:image:width\" content=\"1177\" \/>\n\t<meta property=\"og:image:height\" content=\"649\" \/>\n\t<meta property=\"og:image:type\" content=\"image\/webp\" \/>\n<meta name=\"author\" content=\"Thales Brand\u00e3o\" \/>\n<meta name=\"twitter:card\" content=\"summary_large_image\" \/>\n<meta name=\"twitter:creator\" content=\"@http:\/\/www.twitter.com\/thalesbrandao\" \/>\n<meta name=\"twitter:site\" content=\"@CidadeMarketing\" \/>\n<meta name=\"twitter:label1\" content=\"Escrito por\" \/>\n\t<meta name=\"twitter:data1\" content=\"Thales Brand\u00e3o\" \/>\n\t<meta name=\"twitter:label2\" content=\"Est. tempo de leitura\" \/>\n\t<meta name=\"twitter:data2\" content=\"3 minutos\" \/>\n<script type=\"application\/ld+json\" class=\"yoast-schema-graph\">{\"@context\":\"https:\\\/\\\/schema.org\",\"@graph\":[{\"@type\":\"Article\",\"@id\":\"https:\\\/\\\/www.cidademarketing.com.br\\\/marketing\\\/2026\\\/03\\\/12\\\/com-simone-mendes-americanas-lanca-campanha-de-pascoa\\\/#article\",\"isPartOf\":{\"@id\":\"https:\\\/\\\/www.cidademarketing.com.br\\\/marketing\\\/2026\\\/03\\\/12\\\/com-simone-mendes-americanas-lanca-campanha-de-pascoa\\\/\"},\"author\":{\"name\":\"Thales Brand\u00e3o\",\"@id\":\"https:\\\/\\\/www.cidademarketing.com.br\\\/marketing\\\/#\\\/schema\\\/person\\\/02daff9f18bd9378c9e01eb6b2db155f\"},\"headline\":\"Com Simone Mendes, Americanas lan\u00e7a campanha de P\u00e1scoa\",\"datePublished\":\"2026-03-13T01:53:19+00:00\",\"mainEntityOfPage\":{\"@id\":\"https:\\\/\\\/www.cidademarketing.com.br\\\/marketing\\\/2026\\\/03\\\/12\\\/com-simone-mendes-americanas-lanca-campanha-de-pascoa\\\/\"},\"wordCount\":498,\"commentCount\":0,\"publisher\":{\"@id\":\"https:\\\/\\\/www.cidademarketing.com.br\\\/marketing\\\/#organization\"},\"image\":{\"@id\":\"https:\\\/\\\/www.cidademarketing.com.br\\\/marketing\\\/2026\\\/03\\\/12\\\/com-simone-mendes-americanas-lanca-campanha-de-pascoa\\\/#primaryimage\"},\"thumbnailUrl\":\"https:\\\/\\\/www.cidademarketing.com.br\\\/marketing\\\/wp-content\\\/uploads\\\/2026\\\/03\\\/americanas_pascoa_2026_simonemendes.webp\",\"keywords\":[\"Ameriquinho Americanas\",\"campanha\",\"campanha de P\u00e1scoa Americanas\",\"campanha publicit\u00e1ria Americanas\",\"estrat\u00e9gia\",\"estrat\u00e9gia de marketing Americanas\",\"marketing\",\"marketing varejo P\u00e1scoa\",\"ovos de P\u00e1scoa Americanas\",\"P\u00e1scoa Americanas 2026\",\"propaganda\",\"publicidade\",\"retail media Americanas\",\"Simone Mendes\",\"Simone Mendes Americanas\",\"varejo brasileiro P\u00e1scoa\"],\"articleSection\":[\"Not\u00edcias\",\"Videos\"],\"inLanguage\":\"pt-BR\",\"potentialAction\":[{\"@type\":\"CommentAction\",\"name\":\"Comment\",\"target\":[\"https:\\\/\\\/www.cidademarketing.com.br\\\/marketing\\\/2026\\\/03\\\/12\\\/com-simone-mendes-americanas-lanca-campanha-de-pascoa\\\/#respond\"]}]},{\"@type\":\"WebPage\",\"@id\":\"https:\\\/\\\/www.cidademarketing.com.br\\\/marketing\\\/2026\\\/03\\\/12\\\/com-simone-mendes-americanas-lanca-campanha-de-pascoa\\\/\",\"url\":\"https:\\\/\\\/www.cidademarketing.com.br\\\/marketing\\\/2026\\\/03\\\/12\\\/com-simone-mendes-americanas-lanca-campanha-de-pascoa\\\/\",\"name\":\"Com Simone Mendes, Americanas lan\u00e7a campanha de P\u00e1scoa - CidadeMarketing\",\"isPartOf\":{\"@id\":\"https:\\\/\\\/www.cidademarketing.com.br\\\/marketing\\\/#website\"},\"primaryImageOfPage\":{\"@id\":\"https:\\\/\\\/www.cidademarketing.com.br\\\/marketing\\\/2026\\\/03\\\/12\\\/com-simone-mendes-americanas-lanca-campanha-de-pascoa\\\/#primaryimage\"},\"image\":{\"@id\":\"https:\\\/\\\/www.cidademarketing.com.br\\\/marketing\\\/2026\\\/03\\\/12\\\/com-simone-mendes-americanas-lanca-campanha-de-pascoa\\\/#primaryimage\"},\"thumbnailUrl\":\"https:\\\/\\\/www.cidademarketing.com.br\\\/marketing\\\/wp-content\\\/uploads\\\/2026\\\/03\\\/americanas_pascoa_2026_simonemendes.webp\",\"datePublished\":\"2026-03-13T01:53:19+00:00\",\"description\":\"Americanas lan\u00e7a campanha de P\u00e1scoa estrelada por Simone Mendes e Ameriquinho, com ativa\u00e7\u00f5es imersivas, retail media e experi\u00eancias nas lojas.\",\"breadcrumb\":{\"@id\":\"https:\\\/\\\/www.cidademarketing.com.br\\\/marketing\\\/2026\\\/03\\\/12\\\/com-simone-mendes-americanas-lanca-campanha-de-pascoa\\\/#breadcrumb\"},\"inLanguage\":\"pt-BR\",\"potentialAction\":[{\"@type\":\"ReadAction\",\"target\":[\"https:\\\/\\\/www.cidademarketing.com.br\\\/marketing\\\/2026\\\/03\\\/12\\\/com-simone-mendes-americanas-lanca-campanha-de-pascoa\\\/\"]}]},{\"@type\":\"ImageObject\",\"inLanguage\":\"pt-BR\",\"@id\":\"https:\\\/\\\/www.cidademarketing.com.br\\\/marketing\\\/2026\\\/03\\\/12\\\/com-simone-mendes-americanas-lanca-campanha-de-pascoa\\\/#primaryimage\",\"url\":\"https:\\\/\\\/www.cidademarketing.com.br\\\/marketing\\\/wp-content\\\/uploads\\\/2026\\\/03\\\/americanas_pascoa_2026_simonemendes.webp\",\"contentUrl\":\"https:\\\/\\\/www.cidademarketing.com.br\\\/marketing\\\/wp-content\\\/uploads\\\/2026\\\/03\\\/americanas_pascoa_2026_simonemendes.webp\",\"width\":1177,\"height\":649,\"caption\":\"Reprodu\u00e7\u00e3o\"},{\"@type\":\"BreadcrumbList\",\"@id\":\"https:\\\/\\\/www.cidademarketing.com.br\\\/marketing\\\/2026\\\/03\\\/12\\\/com-simone-mendes-americanas-lanca-campanha-de-pascoa\\\/#breadcrumb\",\"itemListElement\":[{\"@type\":\"ListItem\",\"position\":1,\"name\":\"In\u00edcio\",\"item\":\"https:\\\/\\\/www.cidademarketing.com.br\\\/marketing\\\/\"},{\"@type\":\"ListItem\",\"position\":2,\"name\":\"Com Simone Mendes, Americanas lan\u00e7a campanha de P\u00e1scoa\"}]},{\"@type\":\"WebSite\",\"@id\":\"https:\\\/\\\/www.cidademarketing.com.br\\\/marketing\\\/#website\",\"url\":\"https:\\\/\\\/www.cidademarketing.com.br\\\/marketing\\\/\",\"name\":\"CidadeMarketing\",\"description\":\"Somos um ve\u00edculo de comunica\u00e7\u00e3o de destaque no Brasil, reconhecido por conte\u00fados nos segmentos de marketing, empreendedorismo e inova\u00e7\u00e3o.\",\"publisher\":{\"@id\":\"https:\\\/\\\/www.cidademarketing.com.br\\\/marketing\\\/#organization\"},\"alternateName\":\"CidadeMarketing\",\"potentialAction\":[{\"@type\":\"SearchAction\",\"target\":{\"@type\":\"EntryPoint\",\"urlTemplate\":\"https:\\\/\\\/www.cidademarketing.com.br\\\/marketing\\\/?s={search_term_string}\"},\"query-input\":{\"@type\":\"PropertyValueSpecification\",\"valueRequired\":true,\"valueName\":\"search_term_string\"}}],\"inLanguage\":\"pt-BR\"},{\"@type\":\"Organization\",\"@id\":\"https:\\\/\\\/www.cidademarketing.com.br\\\/marketing\\\/#organization\",\"name\":\"CidadeMarketing\",\"alternateName\":\"CidadeMarketing\",\"url\":\"https:\\\/\\\/www.cidademarketing.com.br\\\/marketing\\\/\",\"logo\":{\"@type\":\"ImageObject\",\"inLanguage\":\"pt-BR\",\"@id\":\"https:\\\/\\\/www.cidademarketing.com.br\\\/marketing\\\/#\\\/schema\\\/logo\\\/image\\\/\",\"url\":\"https:\\\/\\\/www.cidademarketing.com.br\\\/marketing\\\/wp-content\\\/uploads\\\/2020\\\/01\\\/cidademarketing_marca_mobile.png\",\"contentUrl\":\"https:\\\/\\\/www.cidademarketing.com.br\\\/marketing\\\/wp-content\\\/uploads\\\/2020\\\/01\\\/cidademarketing_marca_mobile.png\",\"width\":230,\"height\":92,\"caption\":\"CidadeMarketing\"},\"image\":{\"@id\":\"https:\\\/\\\/www.cidademarketing.com.br\\\/marketing\\\/#\\\/schema\\\/logo\\\/image\\\/\"},\"sameAs\":[\"https:\\\/\\\/www.facebook.com\\\/portalcidademarketing\",\"https:\\\/\\\/x.com\\\/CidadeMarketing\",\"https:\\\/\\\/www.instagram.com\\\/cidademarketing\\\/\"]},{\"@type\":\"Person\",\"@id\":\"https:\\\/\\\/www.cidademarketing.com.br\\\/marketing\\\/#\\\/schema\\\/person\\\/02daff9f18bd9378c9e01eb6b2db155f\",\"name\":\"Thales Brand\u00e3o\",\"image\":{\"@type\":\"ImageObject\",\"inLanguage\":\"pt-BR\",\"@id\":\"https:\\\/\\\/secure.gravatar.com\\\/avatar\\\/7ca3206950207cc3cb48feec56a8a7898741ab725c368d99d5d7a5a50aab80c6?s=96&d=mm&r=g\",\"url\":\"https:\\\/\\\/secure.gravatar.com\\\/avatar\\\/7ca3206950207cc3cb48feec56a8a7898741ab725c368d99d5d7a5a50aab80c6?s=96&d=mm&r=g\",\"contentUrl\":\"https:\\\/\\\/secure.gravatar.com\\\/avatar\\\/7ca3206950207cc3cb48feec56a8a7898741ab725c368d99d5d7a5a50aab80c6?s=96&d=mm&r=g\",\"caption\":\"Thales Brand\u00e3o\"},\"description\":\"Editor Executivo do Portal CidadeMarketing.com.br &gt; Mestre em Comunica\u00e7\u00e3o e Sociedade pela Universidade Federal de Sergipe. Possui MBA Executivo em Administra\u00e7\u00e3o com \u00eanfase em Marketing pela Funda\u00e7\u00e3o Get\u00falio Vargas - Rio de Janeiro. Consultor, Palestrante e Pesquisador sobre Empreendedorismo, Marketing, Redes Sociais e Neg\u00f3cios Digitais. Professor, Palestrante TedxTalks e Campus Party. Twitter: @ThalesBrandao\",\"sameAs\":[\"http:\\\/\\\/www.mandacaru.com.br\",\"https:\\\/\\\/www.facebook.com\\\/thalesbrandao\",\"http:\\\/\\\/www.instagram.com.br\\\/thalesbrandaoferreira\",\"https:\\\/\\\/www.linkedin.com\\\/in\\\/thales-brand\u00e3o-3948609\\\/\",\"https:\\\/\\\/x.com\\\/http:\\\/\\\/www.twitter.com\\\/thalesbrandao\"],\"url\":\"https:\\\/\\\/www.cidademarketing.com.br\\\/marketing\\\/author\\\/thalesbrandao\\\/\"}]}<\/script>\n<!-- \/ Yoast SEO plugin. -->","yoast_head_json":{"title":"Com Simone Mendes, Americanas lan\u00e7a campanha de P\u00e1scoa - CidadeMarketing","description":"Americanas lan\u00e7a campanha de P\u00e1scoa estrelada por Simone Mendes e Ameriquinho, com ativa\u00e7\u00f5es imersivas, retail media e experi\u00eancias nas lojas.","robots":{"index":"index","follow":"follow","max-snippet":"max-snippet:-1","max-image-preview":"max-image-preview:large","max-video-preview":"max-video-preview:-1"},"canonical":"https:\/\/www.cidademarketing.com.br\/marketing\/2026\/03\/12\/com-simone-mendes-americanas-lanca-campanha-de-pascoa\/","og_locale":"pt_BR","og_type":"article","og_title":"Com Simone Mendes, Americanas lan\u00e7a campanha de P\u00e1scoa - CidadeMarketing","og_description":"Americanas lan\u00e7a campanha de P\u00e1scoa estrelada por Simone Mendes e Ameriquinho, com ativa\u00e7\u00f5es imersivas, retail media e experi\u00eancias nas lojas.","og_url":"https:\/\/www.cidademarketing.com.br\/marketing\/2026\/03\/12\/com-simone-mendes-americanas-lanca-campanha-de-pascoa\/","og_site_name":"CidadeMarketing","article_publisher":"https:\/\/www.facebook.com\/portalcidademarketing","article_author":"https:\/\/www.facebook.com\/thalesbrandao","article_published_time":"2026-03-13T01:53:19+00:00","og_image":[{"width":1177,"height":649,"url":"https:\/\/www.cidademarketing.com.br\/marketing\/wp-content\/uploads\/2026\/03\/americanas_pascoa_2026_simonemendes.webp","type":"image\/webp"}],"author":"Thales Brand\u00e3o","twitter_card":"summary_large_image","twitter_creator":"@http:\/\/www.twitter.com\/thalesbrandao","twitter_site":"@CidadeMarketing","twitter_misc":{"Escrito por":"Thales Brand\u00e3o","Est. tempo de leitura":"3 minutos"},"schema":{"@context":"https:\/\/schema.org","@graph":[{"@type":"Article","@id":"https:\/\/www.cidademarketing.com.br\/marketing\/2026\/03\/12\/com-simone-mendes-americanas-lanca-campanha-de-pascoa\/#article","isPartOf":{"@id":"https:\/\/www.cidademarketing.com.br\/marketing\/2026\/03\/12\/com-simone-mendes-americanas-lanca-campanha-de-pascoa\/"},"author":{"name":"Thales Brand\u00e3o","@id":"https:\/\/www.cidademarketing.com.br\/marketing\/#\/schema\/person\/02daff9f18bd9378c9e01eb6b2db155f"},"headline":"Com Simone Mendes, Americanas lan\u00e7a campanha de P\u00e1scoa","datePublished":"2026-03-13T01:53:19+00:00","mainEntityOfPage":{"@id":"https:\/\/www.cidademarketing.com.br\/marketing\/2026\/03\/12\/com-simone-mendes-americanas-lanca-campanha-de-pascoa\/"},"wordCount":498,"commentCount":0,"publisher":{"@id":"https:\/\/www.cidademarketing.com.br\/marketing\/#organization"},"image":{"@id":"https:\/\/www.cidademarketing.com.br\/marketing\/2026\/03\/12\/com-simone-mendes-americanas-lanca-campanha-de-pascoa\/#primaryimage"},"thumbnailUrl":"https:\/\/www.cidademarketing.com.br\/marketing\/wp-content\/uploads\/2026\/03\/americanas_pascoa_2026_simonemendes.webp","keywords":["Ameriquinho Americanas","campanha","campanha de P\u00e1scoa Americanas","campanha publicit\u00e1ria Americanas","estrat\u00e9gia","estrat\u00e9gia de marketing Americanas","marketing","marketing varejo P\u00e1scoa","ovos de P\u00e1scoa Americanas","P\u00e1scoa Americanas 2026","propaganda","publicidade","retail media Americanas","Simone Mendes","Simone Mendes Americanas","varejo brasileiro P\u00e1scoa"],"articleSection":["Not\u00edcias","Videos"],"inLanguage":"pt-BR","potentialAction":[{"@type":"CommentAction","name":"Comment","target":["https:\/\/www.cidademarketing.com.br\/marketing\/2026\/03\/12\/com-simone-mendes-americanas-lanca-campanha-de-pascoa\/#respond"]}]},{"@type":"WebPage","@id":"https:\/\/www.cidademarketing.com.br\/marketing\/2026\/03\/12\/com-simone-mendes-americanas-lanca-campanha-de-pascoa\/","url":"https:\/\/www.cidademarketing.com.br\/marketing\/2026\/03\/12\/com-simone-mendes-americanas-lanca-campanha-de-pascoa\/","name":"Com Simone Mendes, Americanas lan\u00e7a campanha de P\u00e1scoa - CidadeMarketing","isPartOf":{"@id":"https:\/\/www.cidademarketing.com.br\/marketing\/#website"},"primaryImageOfPage":{"@id":"https:\/\/www.cidademarketing.com.br\/marketing\/2026\/03\/12\/com-simone-mendes-americanas-lanca-campanha-de-pascoa\/#primaryimage"},"image":{"@id":"https:\/\/www.cidademarketing.com.br\/marketing\/2026\/03\/12\/com-simone-mendes-americanas-lanca-campanha-de-pascoa\/#primaryimage"},"thumbnailUrl":"https:\/\/www.cidademarketing.com.br\/marketing\/wp-content\/uploads\/2026\/03\/americanas_pascoa_2026_simonemendes.webp","datePublished":"2026-03-13T01:53:19+00:00","description":"Americanas lan\u00e7a campanha de P\u00e1scoa estrelada por Simone Mendes e Ameriquinho, com ativa\u00e7\u00f5es imersivas, retail media e experi\u00eancias nas lojas.","breadcrumb":{"@id":"https:\/\/www.cidademarketing.com.br\/marketing\/2026\/03\/12\/com-simone-mendes-americanas-lanca-campanha-de-pascoa\/#breadcrumb"},"inLanguage":"pt-BR","potentialAction":[{"@type":"ReadAction","target":["https:\/\/www.cidademarketing.com.br\/marketing\/2026\/03\/12\/com-simone-mendes-americanas-lanca-campanha-de-pascoa\/"]}]},{"@type":"ImageObject","inLanguage":"pt-BR","@id":"https:\/\/www.cidademarketing.com.br\/marketing\/2026\/03\/12\/com-simone-mendes-americanas-lanca-campanha-de-pascoa\/#primaryimage","url":"https:\/\/www.cidademarketing.com.br\/marketing\/wp-content\/uploads\/2026\/03\/americanas_pascoa_2026_simonemendes.webp","contentUrl":"https:\/\/www.cidademarketing.com.br\/marketing\/wp-content\/uploads\/2026\/03\/americanas_pascoa_2026_simonemendes.webp","width":1177,"height":649,"caption":"Reprodu\u00e7\u00e3o"},{"@type":"BreadcrumbList","@id":"https:\/\/www.cidademarketing.com.br\/marketing\/2026\/03\/12\/com-simone-mendes-americanas-lanca-campanha-de-pascoa\/#breadcrumb","itemListElement":[{"@type":"ListItem","position":1,"name":"In\u00edcio","item":"https:\/\/www.cidademarketing.com.br\/marketing\/"},{"@type":"ListItem","position":2,"name":"Com Simone Mendes, Americanas lan\u00e7a campanha de P\u00e1scoa"}]},{"@type":"WebSite","@id":"https:\/\/www.cidademarketing.com.br\/marketing\/#website","url":"https:\/\/www.cidademarketing.com.br\/marketing\/","name":"CidadeMarketing","description":"Somos um ve\u00edculo de comunica\u00e7\u00e3o de destaque no Brasil, reconhecido por conte\u00fados nos segmentos de marketing, empreendedorismo e inova\u00e7\u00e3o.","publisher":{"@id":"https:\/\/www.cidademarketing.com.br\/marketing\/#organization"},"alternateName":"CidadeMarketing","potentialAction":[{"@type":"SearchAction","target":{"@type":"EntryPoint","urlTemplate":"https:\/\/www.cidademarketing.com.br\/marketing\/?s={search_term_string}"},"query-input":{"@type":"PropertyValueSpecification","valueRequired":true,"valueName":"search_term_string"}}],"inLanguage":"pt-BR"},{"@type":"Organization","@id":"https:\/\/www.cidademarketing.com.br\/marketing\/#organization","name":"CidadeMarketing","alternateName":"CidadeMarketing","url":"https:\/\/www.cidademarketing.com.br\/marketing\/","logo":{"@type":"ImageObject","inLanguage":"pt-BR","@id":"https:\/\/www.cidademarketing.com.br\/marketing\/#\/schema\/logo\/image\/","url":"https:\/\/www.cidademarketing.com.br\/marketing\/wp-content\/uploads\/2020\/01\/cidademarketing_marca_mobile.png","contentUrl":"https:\/\/www.cidademarketing.com.br\/marketing\/wp-content\/uploads\/2020\/01\/cidademarketing_marca_mobile.png","width":230,"height":92,"caption":"CidadeMarketing"},"image":{"@id":"https:\/\/www.cidademarketing.com.br\/marketing\/#\/schema\/logo\/image\/"},"sameAs":["https:\/\/www.facebook.com\/portalcidademarketing","https:\/\/x.com\/CidadeMarketing","https:\/\/www.instagram.com\/cidademarketing\/"]},{"@type":"Person","@id":"https:\/\/www.cidademarketing.com.br\/marketing\/#\/schema\/person\/02daff9f18bd9378c9e01eb6b2db155f","name":"Thales Brand\u00e3o","image":{"@type":"ImageObject","inLanguage":"pt-BR","@id":"https:\/\/secure.gravatar.com\/avatar\/7ca3206950207cc3cb48feec56a8a7898741ab725c368d99d5d7a5a50aab80c6?s=96&d=mm&r=g","url":"https:\/\/secure.gravatar.com\/avatar\/7ca3206950207cc3cb48feec56a8a7898741ab725c368d99d5d7a5a50aab80c6?s=96&d=mm&r=g","contentUrl":"https:\/\/secure.gravatar.com\/avatar\/7ca3206950207cc3cb48feec56a8a7898741ab725c368d99d5d7a5a50aab80c6?s=96&d=mm&r=g","caption":"Thales Brand\u00e3o"},"description":"Editor Executivo do Portal CidadeMarketing.com.br &gt; Mestre em Comunica\u00e7\u00e3o e Sociedade pela Universidade Federal de Sergipe. Possui MBA Executivo em Administra\u00e7\u00e3o com \u00eanfase em Marketing pela Funda\u00e7\u00e3o Get\u00falio Vargas - Rio de Janeiro. Consultor, Palestrante e Pesquisador sobre Empreendedorismo, Marketing, Redes Sociais e Neg\u00f3cios Digitais. Professor, Palestrante TedxTalks e Campus Party. Twitter: @ThalesBrandao","sameAs":["http:\/\/www.mandacaru.com.br","https:\/\/www.facebook.com\/thalesbrandao","http:\/\/www.instagram.com.br\/thalesbrandaoferreira","https:\/\/www.linkedin.com\/in\/thales-brand\u00e3o-3948609\/","https:\/\/x.com\/http:\/\/www.twitter.com\/thalesbrandao"],"url":"https:\/\/www.cidademarketing.com.br\/marketing\/author\/thalesbrandao\/"}]}},"amp_enabled":true,"_links":{"self":[{"href":"https:\/\/www.cidademarketing.com.br\/marketing\/wp-json\/wp\/v2\/posts\/59490","targetHints":{"allow":["GET"]}}],"collection":[{"href":"https:\/\/www.cidademarketing.com.br\/marketing\/wp-json\/wp\/v2\/posts"}],"about":[{"href":"https:\/\/www.cidademarketing.com.br\/marketing\/wp-json\/wp\/v2\/types\/post"}],"author":[{"embeddable":true,"href":"https:\/\/www.cidademarketing.com.br\/marketing\/wp-json\/wp\/v2\/users\/1"}],"replies":[{"embeddable":true,"href":"https:\/\/www.cidademarketing.com.br\/marketing\/wp-json\/wp\/v2\/comments?post=59490"}],"version-history":[{"count":1,"href":"https:\/\/www.cidademarketing.com.br\/marketing\/wp-json\/wp\/v2\/posts\/59490\/revisions"}],"predecessor-version":[{"id":59493,"href":"https:\/\/www.cidademarketing.com.br\/marketing\/wp-json\/wp\/v2\/posts\/59490\/revisions\/59493"}],"wp:featuredmedia":[{"embeddable":true,"href":"https:\/\/www.cidademarketing.com.br\/marketing\/wp-json\/wp\/v2\/media\/59491"}],"wp:attachment":[{"href":"https:\/\/www.cidademarketing.com.br\/marketing\/wp-json\/wp\/v2\/media?parent=59490"}],"wp:term":[{"taxonomy":"category","embeddable":true,"href":"https:\/\/www.cidademarketing.com.br\/marketing\/wp-json\/wp\/v2\/categories?post=59490"},{"taxonomy":"post_tag","embeddable":true,"href":"https:\/\/www.cidademarketing.com.br\/marketing\/wp-json\/wp\/v2\/tags?post=59490"}],"curies":[{"name":"wp","href":"https:\/\/api.w.org\/{rel}","templated":true}]}}