{"id":59483,"date":"2026-03-11T23:32:31","date_gmt":"2026-03-12T02:32:31","guid":{"rendered":"https:\/\/www.cidademarketing.com.br\/marketing\/?p=59483"},"modified":"2026-03-11T23:32:31","modified_gmt":"2026-03-12T02:32:31","slug":"avon-apresenta-nova-identidade-visual-e-reforca-estrategia-como-femtech","status":"publish","type":"post","link":"https:\/\/www.cidademarketing.com.br\/marketing\/2026\/03\/11\/avon-apresenta-nova-identidade-visual-e-reforca-estrategia-como-femtech\/","title":{"rendered":"Avon apresenta nova identidade visual e refor\u00e7a estrat\u00e9gia como Femtech"},"content":{"rendered":"<p>A Avon anunciou sua nova identidade visual para o mercado da Am\u00e9rica Latina. A mudan\u00e7a marca uma nova fase estrat\u00e9gica.\u00a0 Com 140 anos de hist\u00f3ria, a companhia passa a se posicionar como uma Femtech, ou seja, uma plataforma de inova\u00e7\u00e3o onde tecnologia e beleza se conectam para atender as necessidades do p\u00fablico feminino.<\/p>\n<div class=\"youtube-embed\" data-video_id=\"ro1CHxXj0pI\"><iframe title=\"Avon | A nova Avon chegou\" width=\"640\" height=\"360\" src=\"https:\/\/www.youtube.com\/embed\/ro1CHxXj0pI?feature=oembed&#038;enablejsapi=1\" frameborder=\"0\" allow=\"accelerometer; autoplay; clipboard-write; encrypted-media; gyroscope; picture-in-picture; web-share\" referrerpolicy=\"strict-origin-when-cross-origin\" allowfullscreen><\/iframe><\/div>\n<h4><strong>Rebranding vai al\u00e9m da est\u00e9tica<\/strong><\/h4>\n<p>A mudan\u00e7a n\u00e3o representa apenas uma atualiza\u00e7\u00e3o visual. Pelo contr\u00e1rio, trata-se de uma transforma\u00e7\u00e3o estrat\u00e9gica que reposiciona a Avon como um sistema de marca mais din\u00e2mico e adapt\u00e1vel.\u00a0 Nesse sentido, o projeto parte do entendimento da marca como um sistema vivo, capaz de evoluir conforme o comportamento do mercado e das consumidoras.<\/p>\n<p>Al\u00e9m disso, a nova abordagem considera que marcas modernas precisam operar como plataformas capazes de conectar produtos, experi\u00eancias e tecnologia.<\/p>\n<div style=\"width: 640px;\" class=\"wp-video\"><video class=\"wp-video-shortcode\" id=\"video-59483-1\" width=\"640\" height=\"360\" preload=\"metadata\" controls=\"controls\"><source type=\"video\/mp4\" src=\"https:\/\/www.cidademarketing.com.br\/marketing\/wp-content\/uploads\/2026\/03\/avon_novamarca_01.mp4?_=1\" \/><a href=\"https:\/\/www.cidademarketing.com.br\/marketing\/wp-content\/uploads\/2026\/03\/avon_novamarca_01.mp4\">https:\/\/www.cidademarketing.com.br\/marketing\/wp-content\/uploads\/2026\/03\/avon_novamarca_01.mp4<\/a><\/video><\/div>\n<h4><strong>Inspira\u00e7\u00e3o tecnol\u00f3gica e refer\u00eancia hist\u00f3rica<\/strong><\/h4>\n<p>Uma das principais refer\u00eancias conceituais do projeto foi Ada Lovelace, matem\u00e1tica do s\u00e9culo XIX considerada pioneira da programa\u00e7\u00e3o.\u00a0 Ela ficou conhecida por transformar l\u00f3gica em algoritmo. Por isso, sua vis\u00e3o inspirou o novo momento da Avon.<\/p>\n<p>Assim, a nova identidade incorpora elementos da sintaxe algor\u00edtmica, especialmente os c\u00f3digos \u201c&lt; &gt;\u201d, utilizados na programa\u00e7\u00e3o.\u00a0 Esses elementos funcionam como brand codes modulares, capazes de aparecer em diferentes pontos da comunica\u00e7\u00e3o da marca.<\/p>\n<p>Eles podem ser aplicados no logotipo, tipografia, layouts digitais, anima\u00e7\u00f5es e at\u00e9 na arquitetura de portf\u00f3lio da empresa.<\/p>\n<p><img fetchpriority=\"high\" decoding=\"async\" class=\"alignnone size-medium wp-image-59484\" src=\"https:\/\/www.cidademarketing.com.br\/marketing\/wp-content\/uploads\/2026\/03\/marca_avon_identidadevisual_branding02-240x300.webp\" alt=\"Rebranding da Avon une legado hist\u00f3rico, tecnologia e inova\u00e7\u00e3o.\" width=\"240\" height=\"300\" srcset=\"https:\/\/www.cidademarketing.com.br\/marketing\/wp-content\/uploads\/2026\/03\/marca_avon_identidadevisual_branding02-240x300.webp 240w, https:\/\/www.cidademarketing.com.br\/marketing\/wp-content\/uploads\/2026\/03\/marca_avon_identidadevisual_branding02-819x1024.webp 819w, https:\/\/www.cidademarketing.com.br\/marketing\/wp-content\/uploads\/2026\/03\/marca_avon_identidadevisual_branding02-768x960.webp 768w, https:\/\/www.cidademarketing.com.br\/marketing\/wp-content\/uploads\/2026\/03\/marca_avon_identidadevisual_branding02-336x420.webp 336w, https:\/\/www.cidademarketing.com.br\/marketing\/wp-content\/uploads\/2026\/03\/marca_avon_identidadevisual_branding02-640x800.webp 640w, https:\/\/www.cidademarketing.com.br\/marketing\/wp-content\/uploads\/2026\/03\/marca_avon_identidadevisual_branding02-681x852.webp 681w, https:\/\/www.cidademarketing.com.br\/marketing\/wp-content\/uploads\/2026\/03\/marca_avon_identidadevisual_branding02.webp 850w\" sizes=\"(max-width: 240px) 100vw, 240px\" \/><\/p>\n<h4><strong>Logotipo mais fluido e adapt\u00e1vel<\/strong><\/h4>\n<p>Outra mudan\u00e7a importante foi a simplifica\u00e7\u00e3o do logotipo da Avon.\u00a0 A marca retirou o quadrado que envolvia o s\u00edmbolo tradicional. Dessa forma, o design ganha mais fluidez e liberdade visual.\u00a0 Consequentemente, a nova identidade permite maior flexibilidade em ambientes digitais, plataformas m\u00f3veis e experi\u00eancias de marca.<\/p>\n<h4><strong>Tipografia e cores mais contempor\u00e2neas<\/strong><\/h4>\n<p>Al\u00e9m do logotipo, a tipografia da marca tamb\u00e9m foi redesenhada.\u00a0 Agora, o estilo visual \u00e9 mais vibrante e expressivo. Ao mesmo tempo, ele foi pensado para garantir melhor desempenho em plataformas digitais.\u00a0 A paleta de cores tamb\u00e9m passou por uma expans\u00e3o significativa.<\/p>\n<p>Com isso, a nova identidade busca representar melhor a diversidade de vozes, hist\u00f3rias e est\u00e9ticas do feminino, um valor central para a companhia.<\/p>\n<div style=\"width: 640px;\" class=\"wp-video\"><video class=\"wp-video-shortcode\" id=\"video-59483-2\" width=\"640\" height=\"360\" preload=\"metadata\" controls=\"controls\"><source type=\"video\/mp4\" src=\"https:\/\/www.cidademarketing.com.br\/marketing\/wp-content\/uploads\/2026\/03\/avon_novamarca_02.mp4?_=2\" \/><a href=\"https:\/\/www.cidademarketing.com.br\/marketing\/wp-content\/uploads\/2026\/03\/avon_novamarca_02.mp4\">https:\/\/www.cidademarketing.com.br\/marketing\/wp-content\/uploads\/2026\/03\/avon_novamarca_02.mp4<\/a><\/video><\/div>\n<h4><strong>Nova assinatura e presen\u00e7a digital<\/strong><\/h4>\n<p>O novo monograma \u201cAV\u201d foi criado como uma assinatura visual propriet\u00e1ria da marca.\u00a0 Esse s\u00edmbolo pode ser aplicado desde o \u00edcone de um aplicativo at\u00e9 o relevo em embalagens de produtos.Assim, a empresa busca unificar suas diferentes frentes tecnol\u00f3gicas sob uma Master Brand forte e contempor\u00e2nea.<\/p>\n","protected":false},"excerpt":{"rendered":"<p>A Avon anunciou sua nova identidade visual para o mercado da Am\u00e9rica Latina. A mudan\u00e7a marca uma nova fase estrat\u00e9gica.\u00a0 Com 140 anos de hist\u00f3ria, a companhia passa a se posicionar como uma Femtech, ou seja, uma plataforma de inova\u00e7\u00e3o onde tecnologia e beleza se conectam para atender as necessidades do p\u00fablico feminino. Rebranding vai [&hellip;]<\/p>\n","protected":false},"author":1,"featured_media":59485,"comment_status":"open","ping_status":"open","sticky":false,"template":"","format":"standard","meta":{"tdm_status":"","tdm_grid_status":"","footnotes":""},"categories":[8,6],"tags":[12797,12804,12802,12803,175,12801,12799,12806,12807,37,28,12805,12798,12796,12800],"class_list":["post-59483","post","type-post","status-publish","format-standard","has-post-thumbnail","hentry","category-marcas","category-noticias","tag-avon-femtech","tag-avon-identidade-visual","tag-avon-inovacao-beleza","tag-avon-tecnologia-e-beleza","tag-branding","tag-branding-avon","tag-identidade-visual-avon","tag-identidade-visual-avon-2026","tag-inovacao-no-mercado-de-beleza","tag-marca","tag-marketing","tag-nova-identidade-visual-avon","tag-nova-marca-avon-america-latina","tag-rebranding-avon","tag-reposicionamento-avon"],"yoast_head":"<!-- This site is optimized with the Yoast SEO plugin v27.4 - https:\/\/yoast.com\/product\/yoast-seo-wordpress\/ -->\n<title>Avon apresenta nova identidade visual e refor\u00e7a estrat\u00e9gia como Femtech - CidadeMarketing<\/title>\n<meta name=\"description\" content=\"Avon apresenta nova identidade visual na Am\u00e9rica Latina e reposiciona a marca como Femtech, conectando tecnologia, inova\u00e7\u00e3o e diversidade no mercado de beleza.\" \/>\n<meta name=\"robots\" content=\"index, follow, max-snippet:-1, max-image-preview:large, max-video-preview:-1\" \/>\n<link rel=\"canonical\" href=\"https:\/\/www.cidademarketing.com.br\/marketing\/2026\/03\/11\/avon-apresenta-nova-identidade-visual-e-reforca-estrategia-como-femtech\/\" \/>\n<meta property=\"og:locale\" content=\"pt_BR\" \/>\n<meta property=\"og:type\" content=\"article\" \/>\n<meta property=\"og:title\" content=\"Avon apresenta nova identidade visual e refor\u00e7a estrat\u00e9gia como Femtech - CidadeMarketing\" \/>\n<meta property=\"og:description\" content=\"Avon apresenta nova identidade visual na Am\u00e9rica Latina e reposiciona a marca como Femtech, conectando tecnologia, inova\u00e7\u00e3o e diversidade no mercado de beleza.\" \/>\n<meta property=\"og:url\" content=\"https:\/\/www.cidademarketing.com.br\/marketing\/2026\/03\/11\/avon-apresenta-nova-identidade-visual-e-reforca-estrategia-como-femtech\/\" \/>\n<meta property=\"og:site_name\" content=\"CidadeMarketing\" \/>\n<meta property=\"article:publisher\" content=\"https:\/\/www.facebook.com\/portalcidademarketing\" \/>\n<meta property=\"article:author\" content=\"https:\/\/www.facebook.com\/thalesbrandao\" \/>\n<meta property=\"article:published_time\" content=\"2026-03-12T02:32:31+00:00\" \/>\n<meta property=\"og:image\" content=\"https:\/\/www.cidademarketing.com.br\/marketing\/wp-content\/uploads\/2026\/03\/marca_avon_identidadevisual_branding.webp\" \/>\n\t<meta property=\"og:image:width\" content=\"850\" \/>\n\t<meta property=\"og:image:height\" content=\"478\" \/>\n\t<meta property=\"og:image:type\" content=\"image\/webp\" \/>\n<meta name=\"author\" content=\"Thales Brand\u00e3o\" \/>\n<meta name=\"twitter:card\" content=\"summary_large_image\" \/>\n<meta name=\"twitter:creator\" content=\"@http:\/\/www.twitter.com\/thalesbrandao\" \/>\n<meta name=\"twitter:site\" content=\"@CidadeMarketing\" \/>\n<meta name=\"twitter:label1\" content=\"Escrito por\" \/>\n\t<meta name=\"twitter:data1\" content=\"Thales Brand\u00e3o\" \/>\n\t<meta name=\"twitter:label2\" content=\"Est. tempo de leitura\" \/>\n\t<meta name=\"twitter:data2\" content=\"3 minutos\" \/>\n<script type=\"application\/ld+json\" class=\"yoast-schema-graph\">{\"@context\":\"https:\\\/\\\/schema.org\",\"@graph\":[{\"@type\":\"Article\",\"@id\":\"https:\\\/\\\/www.cidademarketing.com.br\\\/marketing\\\/2026\\\/03\\\/11\\\/avon-apresenta-nova-identidade-visual-e-reforca-estrategia-como-femtech\\\/#article\",\"isPartOf\":{\"@id\":\"https:\\\/\\\/www.cidademarketing.com.br\\\/marketing\\\/2026\\\/03\\\/11\\\/avon-apresenta-nova-identidade-visual-e-reforca-estrategia-como-femtech\\\/\"},\"author\":{\"name\":\"Thales Brand\u00e3o\",\"@id\":\"https:\\\/\\\/www.cidademarketing.com.br\\\/marketing\\\/#\\\/schema\\\/person\\\/02daff9f18bd9378c9e01eb6b2db155f\"},\"headline\":\"Avon apresenta nova identidade visual e refor\u00e7a estrat\u00e9gia como Femtech\",\"datePublished\":\"2026-03-12T02:32:31+00:00\",\"mainEntityOfPage\":{\"@id\":\"https:\\\/\\\/www.cidademarketing.com.br\\\/marketing\\\/2026\\\/03\\\/11\\\/avon-apresenta-nova-identidade-visual-e-reforca-estrategia-como-femtech\\\/\"},\"wordCount\":501,\"commentCount\":0,\"publisher\":{\"@id\":\"https:\\\/\\\/www.cidademarketing.com.br\\\/marketing\\\/#organization\"},\"image\":{\"@id\":\"https:\\\/\\\/www.cidademarketing.com.br\\\/marketing\\\/2026\\\/03\\\/11\\\/avon-apresenta-nova-identidade-visual-e-reforca-estrategia-como-femtech\\\/#primaryimage\"},\"thumbnailUrl\":\"https:\\\/\\\/www.cidademarketing.com.br\\\/marketing\\\/wp-content\\\/uploads\\\/2026\\\/03\\\/marca_avon_identidadevisual_branding.webp\",\"keywords\":[\"Avon femtech\",\"Avon identidade visual\",\"Avon inova\u00e7\u00e3o beleza\",\"Avon tecnologia e beleza.\",\"branding\",\"branding Avon\",\"identidade visual Avon\",\"identidade visual Avon 2026\",\"inova\u00e7\u00e3o no mercado de beleza\",\"marca\",\"marketing\",\"nova identidade visual Avon\",\"nova marca Avon Am\u00e9rica Latina\",\"rebranding Avon\",\"reposicionamento Avon\"],\"articleSection\":[\"Marcas\",\"Not\u00edcias\"],\"inLanguage\":\"pt-BR\",\"potentialAction\":[{\"@type\":\"CommentAction\",\"name\":\"Comment\",\"target\":[\"https:\\\/\\\/www.cidademarketing.com.br\\\/marketing\\\/2026\\\/03\\\/11\\\/avon-apresenta-nova-identidade-visual-e-reforca-estrategia-como-femtech\\\/#respond\"]}]},{\"@type\":\"WebPage\",\"@id\":\"https:\\\/\\\/www.cidademarketing.com.br\\\/marketing\\\/2026\\\/03\\\/11\\\/avon-apresenta-nova-identidade-visual-e-reforca-estrategia-como-femtech\\\/\",\"url\":\"https:\\\/\\\/www.cidademarketing.com.br\\\/marketing\\\/2026\\\/03\\\/11\\\/avon-apresenta-nova-identidade-visual-e-reforca-estrategia-como-femtech\\\/\",\"name\":\"Avon apresenta nova identidade visual e refor\u00e7a estrat\u00e9gia como Femtech - CidadeMarketing\",\"isPartOf\":{\"@id\":\"https:\\\/\\\/www.cidademarketing.com.br\\\/marketing\\\/#website\"},\"primaryImageOfPage\":{\"@id\":\"https:\\\/\\\/www.cidademarketing.com.br\\\/marketing\\\/2026\\\/03\\\/11\\\/avon-apresenta-nova-identidade-visual-e-reforca-estrategia-como-femtech\\\/#primaryimage\"},\"image\":{\"@id\":\"https:\\\/\\\/www.cidademarketing.com.br\\\/marketing\\\/2026\\\/03\\\/11\\\/avon-apresenta-nova-identidade-visual-e-reforca-estrategia-como-femtech\\\/#primaryimage\"},\"thumbnailUrl\":\"https:\\\/\\\/www.cidademarketing.com.br\\\/marketing\\\/wp-content\\\/uploads\\\/2026\\\/03\\\/marca_avon_identidadevisual_branding.webp\",\"datePublished\":\"2026-03-12T02:32:31+00:00\",\"description\":\"Avon apresenta nova identidade visual na Am\u00e9rica Latina e reposiciona a marca como Femtech, conectando tecnologia, inova\u00e7\u00e3o e diversidade no mercado de beleza.\",\"breadcrumb\":{\"@id\":\"https:\\\/\\\/www.cidademarketing.com.br\\\/marketing\\\/2026\\\/03\\\/11\\\/avon-apresenta-nova-identidade-visual-e-reforca-estrategia-como-femtech\\\/#breadcrumb\"},\"inLanguage\":\"pt-BR\",\"potentialAction\":[{\"@type\":\"ReadAction\",\"target\":[\"https:\\\/\\\/www.cidademarketing.com.br\\\/marketing\\\/2026\\\/03\\\/11\\\/avon-apresenta-nova-identidade-visual-e-reforca-estrategia-como-femtech\\\/\"]}]},{\"@type\":\"ImageObject\",\"inLanguage\":\"pt-BR\",\"@id\":\"https:\\\/\\\/www.cidademarketing.com.br\\\/marketing\\\/2026\\\/03\\\/11\\\/avon-apresenta-nova-identidade-visual-e-reforca-estrategia-como-femtech\\\/#primaryimage\",\"url\":\"https:\\\/\\\/www.cidademarketing.com.br\\\/marketing\\\/wp-content\\\/uploads\\\/2026\\\/03\\\/marca_avon_identidadevisual_branding.webp\",\"contentUrl\":\"https:\\\/\\\/www.cidademarketing.com.br\\\/marketing\\\/wp-content\\\/uploads\\\/2026\\\/03\\\/marca_avon_identidadevisual_branding.webp\",\"width\":850,\"height\":478,\"caption\":\"Rebranding da Avon une legado hist\u00f3rico, tecnologia e inova\u00e7\u00e3o.\"},{\"@type\":\"BreadcrumbList\",\"@id\":\"https:\\\/\\\/www.cidademarketing.com.br\\\/marketing\\\/2026\\\/03\\\/11\\\/avon-apresenta-nova-identidade-visual-e-reforca-estrategia-como-femtech\\\/#breadcrumb\",\"itemListElement\":[{\"@type\":\"ListItem\",\"position\":1,\"name\":\"In\u00edcio\",\"item\":\"https:\\\/\\\/www.cidademarketing.com.br\\\/marketing\\\/\"},{\"@type\":\"ListItem\",\"position\":2,\"name\":\"Avon apresenta nova identidade visual e refor\u00e7a estrat\u00e9gia como Femtech\"}]},{\"@type\":\"WebSite\",\"@id\":\"https:\\\/\\\/www.cidademarketing.com.br\\\/marketing\\\/#website\",\"url\":\"https:\\\/\\\/www.cidademarketing.com.br\\\/marketing\\\/\",\"name\":\"CidadeMarketing\",\"description\":\"Somos um ve\u00edculo de comunica\u00e7\u00e3o de destaque no Brasil, reconhecido por conte\u00fados nos segmentos de marketing, empreendedorismo e inova\u00e7\u00e3o.\",\"publisher\":{\"@id\":\"https:\\\/\\\/www.cidademarketing.com.br\\\/marketing\\\/#organization\"},\"alternateName\":\"CidadeMarketing\",\"potentialAction\":[{\"@type\":\"SearchAction\",\"target\":{\"@type\":\"EntryPoint\",\"urlTemplate\":\"https:\\\/\\\/www.cidademarketing.com.br\\\/marketing\\\/?s={search_term_string}\"},\"query-input\":{\"@type\":\"PropertyValueSpecification\",\"valueRequired\":true,\"valueName\":\"search_term_string\"}}],\"inLanguage\":\"pt-BR\"},{\"@type\":\"Organization\",\"@id\":\"https:\\\/\\\/www.cidademarketing.com.br\\\/marketing\\\/#organization\",\"name\":\"CidadeMarketing\",\"alternateName\":\"CidadeMarketing\",\"url\":\"https:\\\/\\\/www.cidademarketing.com.br\\\/marketing\\\/\",\"logo\":{\"@type\":\"ImageObject\",\"inLanguage\":\"pt-BR\",\"@id\":\"https:\\\/\\\/www.cidademarketing.com.br\\\/marketing\\\/#\\\/schema\\\/logo\\\/image\\\/\",\"url\":\"https:\\\/\\\/www.cidademarketing.com.br\\\/marketing\\\/wp-content\\\/uploads\\\/2020\\\/01\\\/cidademarketing_marca_mobile.png\",\"contentUrl\":\"https:\\\/\\\/www.cidademarketing.com.br\\\/marketing\\\/wp-content\\\/uploads\\\/2020\\\/01\\\/cidademarketing_marca_mobile.png\",\"width\":230,\"height\":92,\"caption\":\"CidadeMarketing\"},\"image\":{\"@id\":\"https:\\\/\\\/www.cidademarketing.com.br\\\/marketing\\\/#\\\/schema\\\/logo\\\/image\\\/\"},\"sameAs\":[\"https:\\\/\\\/www.facebook.com\\\/portalcidademarketing\",\"https:\\\/\\\/x.com\\\/CidadeMarketing\",\"https:\\\/\\\/www.instagram.com\\\/cidademarketing\\\/\"]},{\"@type\":\"Person\",\"@id\":\"https:\\\/\\\/www.cidademarketing.com.br\\\/marketing\\\/#\\\/schema\\\/person\\\/02daff9f18bd9378c9e01eb6b2db155f\",\"name\":\"Thales Brand\u00e3o\",\"image\":{\"@type\":\"ImageObject\",\"inLanguage\":\"pt-BR\",\"@id\":\"https:\\\/\\\/secure.gravatar.com\\\/avatar\\\/7ca3206950207cc3cb48feec56a8a7898741ab725c368d99d5d7a5a50aab80c6?s=96&d=mm&r=g\",\"url\":\"https:\\\/\\\/secure.gravatar.com\\\/avatar\\\/7ca3206950207cc3cb48feec56a8a7898741ab725c368d99d5d7a5a50aab80c6?s=96&d=mm&r=g\",\"contentUrl\":\"https:\\\/\\\/secure.gravatar.com\\\/avatar\\\/7ca3206950207cc3cb48feec56a8a7898741ab725c368d99d5d7a5a50aab80c6?s=96&d=mm&r=g\",\"caption\":\"Thales Brand\u00e3o\"},\"description\":\"Editor Executivo do Portal CidadeMarketing.com.br &gt; Mestre em Comunica\u00e7\u00e3o e Sociedade pela Universidade Federal de Sergipe. Possui MBA Executivo em Administra\u00e7\u00e3o com \u00eanfase em Marketing pela Funda\u00e7\u00e3o Get\u00falio Vargas - Rio de Janeiro. Consultor, Palestrante e Pesquisador sobre Empreendedorismo, Marketing, Redes Sociais e Neg\u00f3cios Digitais. Professor, Palestrante TedxTalks e Campus Party. Twitter: @ThalesBrandao\",\"sameAs\":[\"http:\\\/\\\/www.mandacaru.com.br\",\"https:\\\/\\\/www.facebook.com\\\/thalesbrandao\",\"http:\\\/\\\/www.instagram.com.br\\\/thalesbrandaoferreira\",\"https:\\\/\\\/www.linkedin.com\\\/in\\\/thales-brand\u00e3o-3948609\\\/\",\"https:\\\/\\\/x.com\\\/http:\\\/\\\/www.twitter.com\\\/thalesbrandao\"],\"url\":\"https:\\\/\\\/www.cidademarketing.com.br\\\/marketing\\\/author\\\/thalesbrandao\\\/\"}]}<\/script>\n<!-- \/ Yoast SEO plugin. -->","yoast_head_json":{"title":"Avon apresenta nova identidade visual e refor\u00e7a estrat\u00e9gia como Femtech - CidadeMarketing","description":"Avon apresenta nova identidade visual na Am\u00e9rica Latina e reposiciona a marca como Femtech, conectando tecnologia, inova\u00e7\u00e3o e diversidade no mercado de beleza.","robots":{"index":"index","follow":"follow","max-snippet":"max-snippet:-1","max-image-preview":"max-image-preview:large","max-video-preview":"max-video-preview:-1"},"canonical":"https:\/\/www.cidademarketing.com.br\/marketing\/2026\/03\/11\/avon-apresenta-nova-identidade-visual-e-reforca-estrategia-como-femtech\/","og_locale":"pt_BR","og_type":"article","og_title":"Avon apresenta nova identidade visual e refor\u00e7a estrat\u00e9gia como Femtech - CidadeMarketing","og_description":"Avon apresenta nova identidade visual na Am\u00e9rica Latina e reposiciona a marca como Femtech, conectando tecnologia, inova\u00e7\u00e3o e diversidade no mercado de beleza.","og_url":"https:\/\/www.cidademarketing.com.br\/marketing\/2026\/03\/11\/avon-apresenta-nova-identidade-visual-e-reforca-estrategia-como-femtech\/","og_site_name":"CidadeMarketing","article_publisher":"https:\/\/www.facebook.com\/portalcidademarketing","article_author":"https:\/\/www.facebook.com\/thalesbrandao","article_published_time":"2026-03-12T02:32:31+00:00","og_image":[{"width":850,"height":478,"url":"https:\/\/www.cidademarketing.com.br\/marketing\/wp-content\/uploads\/2026\/03\/marca_avon_identidadevisual_branding.webp","type":"image\/webp"}],"author":"Thales Brand\u00e3o","twitter_card":"summary_large_image","twitter_creator":"@http:\/\/www.twitter.com\/thalesbrandao","twitter_site":"@CidadeMarketing","twitter_misc":{"Escrito por":"Thales Brand\u00e3o","Est. tempo de leitura":"3 minutos"},"schema":{"@context":"https:\/\/schema.org","@graph":[{"@type":"Article","@id":"https:\/\/www.cidademarketing.com.br\/marketing\/2026\/03\/11\/avon-apresenta-nova-identidade-visual-e-reforca-estrategia-como-femtech\/#article","isPartOf":{"@id":"https:\/\/www.cidademarketing.com.br\/marketing\/2026\/03\/11\/avon-apresenta-nova-identidade-visual-e-reforca-estrategia-como-femtech\/"},"author":{"name":"Thales Brand\u00e3o","@id":"https:\/\/www.cidademarketing.com.br\/marketing\/#\/schema\/person\/02daff9f18bd9378c9e01eb6b2db155f"},"headline":"Avon apresenta nova identidade visual e refor\u00e7a estrat\u00e9gia como Femtech","datePublished":"2026-03-12T02:32:31+00:00","mainEntityOfPage":{"@id":"https:\/\/www.cidademarketing.com.br\/marketing\/2026\/03\/11\/avon-apresenta-nova-identidade-visual-e-reforca-estrategia-como-femtech\/"},"wordCount":501,"commentCount":0,"publisher":{"@id":"https:\/\/www.cidademarketing.com.br\/marketing\/#organization"},"image":{"@id":"https:\/\/www.cidademarketing.com.br\/marketing\/2026\/03\/11\/avon-apresenta-nova-identidade-visual-e-reforca-estrategia-como-femtech\/#primaryimage"},"thumbnailUrl":"https:\/\/www.cidademarketing.com.br\/marketing\/wp-content\/uploads\/2026\/03\/marca_avon_identidadevisual_branding.webp","keywords":["Avon femtech","Avon identidade visual","Avon inova\u00e7\u00e3o beleza","Avon tecnologia e beleza.","branding","branding Avon","identidade visual Avon","identidade visual Avon 2026","inova\u00e7\u00e3o no mercado de beleza","marca","marketing","nova identidade visual Avon","nova marca Avon Am\u00e9rica Latina","rebranding Avon","reposicionamento Avon"],"articleSection":["Marcas","Not\u00edcias"],"inLanguage":"pt-BR","potentialAction":[{"@type":"CommentAction","name":"Comment","target":["https:\/\/www.cidademarketing.com.br\/marketing\/2026\/03\/11\/avon-apresenta-nova-identidade-visual-e-reforca-estrategia-como-femtech\/#respond"]}]},{"@type":"WebPage","@id":"https:\/\/www.cidademarketing.com.br\/marketing\/2026\/03\/11\/avon-apresenta-nova-identidade-visual-e-reforca-estrategia-como-femtech\/","url":"https:\/\/www.cidademarketing.com.br\/marketing\/2026\/03\/11\/avon-apresenta-nova-identidade-visual-e-reforca-estrategia-como-femtech\/","name":"Avon apresenta nova identidade visual e refor\u00e7a estrat\u00e9gia como Femtech - CidadeMarketing","isPartOf":{"@id":"https:\/\/www.cidademarketing.com.br\/marketing\/#website"},"primaryImageOfPage":{"@id":"https:\/\/www.cidademarketing.com.br\/marketing\/2026\/03\/11\/avon-apresenta-nova-identidade-visual-e-reforca-estrategia-como-femtech\/#primaryimage"},"image":{"@id":"https:\/\/www.cidademarketing.com.br\/marketing\/2026\/03\/11\/avon-apresenta-nova-identidade-visual-e-reforca-estrategia-como-femtech\/#primaryimage"},"thumbnailUrl":"https:\/\/www.cidademarketing.com.br\/marketing\/wp-content\/uploads\/2026\/03\/marca_avon_identidadevisual_branding.webp","datePublished":"2026-03-12T02:32:31+00:00","description":"Avon apresenta nova identidade visual na Am\u00e9rica Latina e reposiciona a marca como Femtech, conectando tecnologia, inova\u00e7\u00e3o e diversidade no mercado de beleza.","breadcrumb":{"@id":"https:\/\/www.cidademarketing.com.br\/marketing\/2026\/03\/11\/avon-apresenta-nova-identidade-visual-e-reforca-estrategia-como-femtech\/#breadcrumb"},"inLanguage":"pt-BR","potentialAction":[{"@type":"ReadAction","target":["https:\/\/www.cidademarketing.com.br\/marketing\/2026\/03\/11\/avon-apresenta-nova-identidade-visual-e-reforca-estrategia-como-femtech\/"]}]},{"@type":"ImageObject","inLanguage":"pt-BR","@id":"https:\/\/www.cidademarketing.com.br\/marketing\/2026\/03\/11\/avon-apresenta-nova-identidade-visual-e-reforca-estrategia-como-femtech\/#primaryimage","url":"https:\/\/www.cidademarketing.com.br\/marketing\/wp-content\/uploads\/2026\/03\/marca_avon_identidadevisual_branding.webp","contentUrl":"https:\/\/www.cidademarketing.com.br\/marketing\/wp-content\/uploads\/2026\/03\/marca_avon_identidadevisual_branding.webp","width":850,"height":478,"caption":"Rebranding da Avon une legado hist\u00f3rico, tecnologia e inova\u00e7\u00e3o."},{"@type":"BreadcrumbList","@id":"https:\/\/www.cidademarketing.com.br\/marketing\/2026\/03\/11\/avon-apresenta-nova-identidade-visual-e-reforca-estrategia-como-femtech\/#breadcrumb","itemListElement":[{"@type":"ListItem","position":1,"name":"In\u00edcio","item":"https:\/\/www.cidademarketing.com.br\/marketing\/"},{"@type":"ListItem","position":2,"name":"Avon apresenta nova identidade visual e refor\u00e7a estrat\u00e9gia como Femtech"}]},{"@type":"WebSite","@id":"https:\/\/www.cidademarketing.com.br\/marketing\/#website","url":"https:\/\/www.cidademarketing.com.br\/marketing\/","name":"CidadeMarketing","description":"Somos um ve\u00edculo de comunica\u00e7\u00e3o de destaque no Brasil, reconhecido por conte\u00fados nos segmentos de marketing, empreendedorismo e inova\u00e7\u00e3o.","publisher":{"@id":"https:\/\/www.cidademarketing.com.br\/marketing\/#organization"},"alternateName":"CidadeMarketing","potentialAction":[{"@type":"SearchAction","target":{"@type":"EntryPoint","urlTemplate":"https:\/\/www.cidademarketing.com.br\/marketing\/?s={search_term_string}"},"query-input":{"@type":"PropertyValueSpecification","valueRequired":true,"valueName":"search_term_string"}}],"inLanguage":"pt-BR"},{"@type":"Organization","@id":"https:\/\/www.cidademarketing.com.br\/marketing\/#organization","name":"CidadeMarketing","alternateName":"CidadeMarketing","url":"https:\/\/www.cidademarketing.com.br\/marketing\/","logo":{"@type":"ImageObject","inLanguage":"pt-BR","@id":"https:\/\/www.cidademarketing.com.br\/marketing\/#\/schema\/logo\/image\/","url":"https:\/\/www.cidademarketing.com.br\/marketing\/wp-content\/uploads\/2020\/01\/cidademarketing_marca_mobile.png","contentUrl":"https:\/\/www.cidademarketing.com.br\/marketing\/wp-content\/uploads\/2020\/01\/cidademarketing_marca_mobile.png","width":230,"height":92,"caption":"CidadeMarketing"},"image":{"@id":"https:\/\/www.cidademarketing.com.br\/marketing\/#\/schema\/logo\/image\/"},"sameAs":["https:\/\/www.facebook.com\/portalcidademarketing","https:\/\/x.com\/CidadeMarketing","https:\/\/www.instagram.com\/cidademarketing\/"]},{"@type":"Person","@id":"https:\/\/www.cidademarketing.com.br\/marketing\/#\/schema\/person\/02daff9f18bd9378c9e01eb6b2db155f","name":"Thales Brand\u00e3o","image":{"@type":"ImageObject","inLanguage":"pt-BR","@id":"https:\/\/secure.gravatar.com\/avatar\/7ca3206950207cc3cb48feec56a8a7898741ab725c368d99d5d7a5a50aab80c6?s=96&d=mm&r=g","url":"https:\/\/secure.gravatar.com\/avatar\/7ca3206950207cc3cb48feec56a8a7898741ab725c368d99d5d7a5a50aab80c6?s=96&d=mm&r=g","contentUrl":"https:\/\/secure.gravatar.com\/avatar\/7ca3206950207cc3cb48feec56a8a7898741ab725c368d99d5d7a5a50aab80c6?s=96&d=mm&r=g","caption":"Thales Brand\u00e3o"},"description":"Editor Executivo do Portal CidadeMarketing.com.br &gt; Mestre em Comunica\u00e7\u00e3o e Sociedade pela Universidade Federal de Sergipe. Possui MBA Executivo em Administra\u00e7\u00e3o com \u00eanfase em Marketing pela Funda\u00e7\u00e3o Get\u00falio Vargas - Rio de Janeiro. Consultor, Palestrante e Pesquisador sobre Empreendedorismo, Marketing, Redes Sociais e Neg\u00f3cios Digitais. Professor, Palestrante TedxTalks e Campus Party. Twitter: @ThalesBrandao","sameAs":["http:\/\/www.mandacaru.com.br","https:\/\/www.facebook.com\/thalesbrandao","http:\/\/www.instagram.com.br\/thalesbrandaoferreira","https:\/\/www.linkedin.com\/in\/thales-brand\u00e3o-3948609\/","https:\/\/x.com\/http:\/\/www.twitter.com\/thalesbrandao"],"url":"https:\/\/www.cidademarketing.com.br\/marketing\/author\/thalesbrandao\/"}]}},"amp_enabled":true,"_links":{"self":[{"href":"https:\/\/www.cidademarketing.com.br\/marketing\/wp-json\/wp\/v2\/posts\/59483","targetHints":{"allow":["GET"]}}],"collection":[{"href":"https:\/\/www.cidademarketing.com.br\/marketing\/wp-json\/wp\/v2\/posts"}],"about":[{"href":"https:\/\/www.cidademarketing.com.br\/marketing\/wp-json\/wp\/v2\/types\/post"}],"author":[{"embeddable":true,"href":"https:\/\/www.cidademarketing.com.br\/marketing\/wp-json\/wp\/v2\/users\/1"}],"replies":[{"embeddable":true,"href":"https:\/\/www.cidademarketing.com.br\/marketing\/wp-json\/wp\/v2\/comments?post=59483"}],"version-history":[{"count":1,"href":"https:\/\/www.cidademarketing.com.br\/marketing\/wp-json\/wp\/v2\/posts\/59483\/revisions"}],"predecessor-version":[{"id":59488,"href":"https:\/\/www.cidademarketing.com.br\/marketing\/wp-json\/wp\/v2\/posts\/59483\/revisions\/59488"}],"wp:featuredmedia":[{"embeddable":true,"href":"https:\/\/www.cidademarketing.com.br\/marketing\/wp-json\/wp\/v2\/media\/59485"}],"wp:attachment":[{"href":"https:\/\/www.cidademarketing.com.br\/marketing\/wp-json\/wp\/v2\/media?parent=59483"}],"wp:term":[{"taxonomy":"category","embeddable":true,"href":"https:\/\/www.cidademarketing.com.br\/marketing\/wp-json\/wp\/v2\/categories?post=59483"},{"taxonomy":"post_tag","embeddable":true,"href":"https:\/\/www.cidademarketing.com.br\/marketing\/wp-json\/wp\/v2\/tags?post=59483"}],"curies":[{"name":"wp","href":"https:\/\/api.w.org\/{rel}","templated":true}]}}