{"id":59472,"date":"2026-03-10T23:44:14","date_gmt":"2026-03-11T02:44:14","guid":{"rendered":"https:\/\/www.cidademarketing.com.br\/marketing\/?p=59472"},"modified":"2026-03-10T23:44:14","modified_gmt":"2026-03-11T02:44:14","slug":"qualy-celebra-35-anos-com-campanha-inspirada-nos-anos-90","status":"publish","type":"post","link":"https:\/\/www.cidademarketing.com.br\/marketing\/2026\/03\/10\/qualy-celebra-35-anos-com-campanha-inspirada-nos-anos-90\/","title":{"rendered":"Qualy celebra 35 anos com campanha inspirada nos anos 90"},"content":{"rendered":"<p>A Qualy lan\u00e7ou uma campanha especial para celebrar seus 35 anos de hist\u00f3ria no Brasil.\u00a0 A a\u00e7\u00e3o apresenta o conceito \u201cO que \u00e9 gostoso voc\u00ea nunca esquece\u201d.\u00a0 O objetivo \u00e9 refor\u00e7ar o v\u00ednculo emocional da marca com as fam\u00edlias brasileiras.<\/p>\n<h4><strong>Campanha resgata mem\u00f3rias dos anos 1990<\/strong><\/h4>\n<p>Inicialmente, o filme prop\u00f5e uma viagem no tempo. A narrativa acompanha uma mulher que encontra um \u00e1lbum de fotos antigo.\u00a0 Assim, ela revive lembran\u00e7as familiares ligadas ao sabor da margarina. Al\u00e9m disso, elementos cl\u00e1ssicos dos anos 1990 aparecem ao longo do filme. Entre eles est\u00e3o a embalagem antiga de Qualy e os tradicionais porta-potes.\u00a0 Tamb\u00e9m surgem refer\u00eancias culturais daquela d\u00e9cada.<\/p>\n<div class=\"youtube-embed\" data-video_id=\"6ToJIZxze7k\"><iframe title=\"Qualy 35 anos\" width=\"640\" height=\"360\" src=\"https:\/\/www.youtube.com\/embed\/6ToJIZxze7k?feature=oembed&#038;enablejsapi=1\" frameborder=\"0\" allow=\"accelerometer; autoplay; clipboard-write; encrypted-media; gyroscope; picture-in-picture; web-share\" referrerpolicy=\"strict-origin-when-cross-origin\" allowfullscreen><\/iframe><\/div>\n<p>Por exemplo, reuni\u00f5es familiares para assistir aos jogos da Sele\u00e7\u00e3o Brasileira de Futebol em 1994.\u00a0 Dessa forma, a campanha conecta nostalgia, mem\u00f3ria e consumo.<\/p>\n<h4><strong>Campanha inclui TV, digital e m\u00eddia exterior<\/strong><\/h4>\n<p>Al\u00e9m do filme para televis\u00e3o, a campanha ter\u00e1 forte presen\u00e7a digital.\u00a0 Tamb\u00e9m haver\u00e1 ativa\u00e7\u00f5es em m\u00eddia out of home.\u00a0 Entre os formatos est\u00e3o pain\u00e9is em pontos de \u00f4nibus e rel\u00f3gios urbanos.\u00a0 A comunica\u00e7\u00e3o refor\u00e7a o slogan \u201cH\u00e1 35 anos, s\u00f3 Qualy tem gosto de Qualy\u201d.\u00a0 Assim, a estrat\u00e9gia amplia a presen\u00e7a da marca em diferentes canais.<\/p>\n","protected":false},"excerpt":{"rendered":"<p>A Qualy lan\u00e7ou uma campanha especial para celebrar seus 35 anos de hist\u00f3ria no Brasil.\u00a0 A a\u00e7\u00e3o apresenta o conceito \u201cO que \u00e9 gostoso voc\u00ea nunca esquece\u201d.\u00a0 O objetivo \u00e9 refor\u00e7ar o v\u00ednculo emocional da marca com as fam\u00edlias brasileiras. Campanha resgata mem\u00f3rias dos anos 1990 Inicialmente, o filme prop\u00f5e uma viagem no tempo. A [&hellip;]<\/p>\n","protected":false},"author":1,"featured_media":59473,"comment_status":"open","ping_status":"open","sticky":false,"template":"","format":"standard","meta":{"tdm_status":"","tdm_grid_status":"","footnotes":""},"categories":[6,14],"tags":[65,12772,12769,33,836,12770,12773,66,181,12774,2759,12768,12771,12775,374],"class_list":["post-59472","post","type-post","status-publish","format-standard","has-post-thumbnail","hentry","category-noticias","category-videos","tag-campanha","tag-campanha-nostalgia-marcas-brasileiras","tag-campanha-qualy-anos-90","tag-estrategia","tag-filme","tag-margarina-qualy-marketing","tag-marketing-de-memoria-afetiva-alimentos","tag-propaganda","tag-publicidade","tag-publicidade-qualy-brasil","tag-qualy","tag-qualy-35-anos-campanha","tag-qualy-historia-da-marca-brasil","tag-qualy-lideranca-mercado-margarina","tag-sadia"],"yoast_head":"<!-- This site is optimized with the Yoast SEO plugin v27.4 - https:\/\/yoast.com\/product\/yoast-seo-wordpress\/ -->\n<title>Qualy celebra 35 anos com campanha inspirada nos anos 90 - CidadeMarketing<\/title>\n<meta name=\"description\" content=\"Qualy celebra 35 anos com campanha nost\u00e1lgica inspirada nos anos 90. A marca refor\u00e7a sua presen\u00e7a nas fam\u00edlias brasileiras com o conceito \u201cO Que \u00e9 Gostoso Voc\u00ea Nunca Esquece\u201d.\" \/>\n<meta name=\"robots\" content=\"index, follow, max-snippet:-1, max-image-preview:large, max-video-preview:-1\" \/>\n<link rel=\"canonical\" href=\"https:\/\/www.cidademarketing.com.br\/marketing\/2026\/03\/10\/qualy-celebra-35-anos-com-campanha-inspirada-nos-anos-90\/\" \/>\n<meta property=\"og:locale\" content=\"pt_BR\" \/>\n<meta property=\"og:type\" content=\"article\" \/>\n<meta property=\"og:title\" content=\"Qualy celebra 35 anos com campanha inspirada nos anos 90 - CidadeMarketing\" \/>\n<meta property=\"og:description\" content=\"Qualy celebra 35 anos com campanha nost\u00e1lgica inspirada nos anos 90. A marca refor\u00e7a sua presen\u00e7a nas fam\u00edlias brasileiras com o conceito \u201cO Que \u00e9 Gostoso Voc\u00ea Nunca Esquece\u201d.\" \/>\n<meta property=\"og:url\" content=\"https:\/\/www.cidademarketing.com.br\/marketing\/2026\/03\/10\/qualy-celebra-35-anos-com-campanha-inspirada-nos-anos-90\/\" \/>\n<meta property=\"og:site_name\" content=\"CidadeMarketing\" \/>\n<meta property=\"article:publisher\" content=\"https:\/\/www.facebook.com\/portalcidademarketing\" \/>\n<meta property=\"article:author\" content=\"https:\/\/www.facebook.com\/thalesbrandao\" \/>\n<meta property=\"article:published_time\" content=\"2026-03-11T02:44:14+00:00\" \/>\n<meta property=\"og:image\" content=\"https:\/\/www.cidademarketing.com.br\/marketing\/wp-content\/uploads\/2026\/03\/qualy_35anos_campanha.webp\" \/>\n\t<meta property=\"og:image:width\" content=\"1173\" \/>\n\t<meta property=\"og:image:height\" content=\"644\" \/>\n\t<meta property=\"og:image:type\" content=\"image\/webp\" \/>\n<meta name=\"author\" content=\"Thales Brand\u00e3o\" \/>\n<meta name=\"twitter:card\" content=\"summary_large_image\" \/>\n<meta name=\"twitter:creator\" content=\"@http:\/\/www.twitter.com\/thalesbrandao\" \/>\n<meta name=\"twitter:site\" content=\"@CidadeMarketing\" \/>\n<meta name=\"twitter:label1\" content=\"Escrito por\" \/>\n\t<meta name=\"twitter:data1\" content=\"Thales Brand\u00e3o\" \/>\n\t<meta name=\"twitter:label2\" content=\"Est. tempo de leitura\" \/>\n\t<meta name=\"twitter:data2\" content=\"2 minutos\" \/>\n<script type=\"application\/ld+json\" class=\"yoast-schema-graph\">{\"@context\":\"https:\\\/\\\/schema.org\",\"@graph\":[{\"@type\":\"Article\",\"@id\":\"https:\\\/\\\/www.cidademarketing.com.br\\\/marketing\\\/2026\\\/03\\\/10\\\/qualy-celebra-35-anos-com-campanha-inspirada-nos-anos-90\\\/#article\",\"isPartOf\":{\"@id\":\"https:\\\/\\\/www.cidademarketing.com.br\\\/marketing\\\/2026\\\/03\\\/10\\\/qualy-celebra-35-anos-com-campanha-inspirada-nos-anos-90\\\/\"},\"author\":{\"name\":\"Thales Brand\u00e3o\",\"@id\":\"https:\\\/\\\/www.cidademarketing.com.br\\\/marketing\\\/#\\\/schema\\\/person\\\/02daff9f18bd9378c9e01eb6b2db155f\"},\"headline\":\"Qualy celebra 35 anos com campanha inspirada nos anos 90\",\"datePublished\":\"2026-03-11T02:44:14+00:00\",\"mainEntityOfPage\":{\"@id\":\"https:\\\/\\\/www.cidademarketing.com.br\\\/marketing\\\/2026\\\/03\\\/10\\\/qualy-celebra-35-anos-com-campanha-inspirada-nos-anos-90\\\/\"},\"wordCount\":236,\"commentCount\":0,\"publisher\":{\"@id\":\"https:\\\/\\\/www.cidademarketing.com.br\\\/marketing\\\/#organization\"},\"image\":{\"@id\":\"https:\\\/\\\/www.cidademarketing.com.br\\\/marketing\\\/2026\\\/03\\\/10\\\/qualy-celebra-35-anos-com-campanha-inspirada-nos-anos-90\\\/#primaryimage\"},\"thumbnailUrl\":\"https:\\\/\\\/www.cidademarketing.com.br\\\/marketing\\\/wp-content\\\/uploads\\\/2026\\\/03\\\/qualy_35anos_campanha.webp\",\"keywords\":[\"campanha\",\"campanha nostalgia marcas brasileiras\",\"campanha Qualy anos 90\",\"estrat\u00e9gia\",\"filme\",\"margarina Qualy marketing\",\"marketing de mem\u00f3ria afetiva alimentos\",\"propaganda\",\"publicidade\",\"publicidade Qualy Brasil\",\"Qualy\",\"Qualy 35 anos campanha\",\"Qualy hist\u00f3ria da marca Brasil\",\"Qualy lideran\u00e7a mercado margarina\",\"Sadia\"],\"articleSection\":[\"Not\u00edcias\",\"Videos\"],\"inLanguage\":\"pt-BR\",\"potentialAction\":[{\"@type\":\"CommentAction\",\"name\":\"Comment\",\"target\":[\"https:\\\/\\\/www.cidademarketing.com.br\\\/marketing\\\/2026\\\/03\\\/10\\\/qualy-celebra-35-anos-com-campanha-inspirada-nos-anos-90\\\/#respond\"]}]},{\"@type\":\"WebPage\",\"@id\":\"https:\\\/\\\/www.cidademarketing.com.br\\\/marketing\\\/2026\\\/03\\\/10\\\/qualy-celebra-35-anos-com-campanha-inspirada-nos-anos-90\\\/\",\"url\":\"https:\\\/\\\/www.cidademarketing.com.br\\\/marketing\\\/2026\\\/03\\\/10\\\/qualy-celebra-35-anos-com-campanha-inspirada-nos-anos-90\\\/\",\"name\":\"Qualy celebra 35 anos com campanha inspirada nos anos 90 - CidadeMarketing\",\"isPartOf\":{\"@id\":\"https:\\\/\\\/www.cidademarketing.com.br\\\/marketing\\\/#website\"},\"primaryImageOfPage\":{\"@id\":\"https:\\\/\\\/www.cidademarketing.com.br\\\/marketing\\\/2026\\\/03\\\/10\\\/qualy-celebra-35-anos-com-campanha-inspirada-nos-anos-90\\\/#primaryimage\"},\"image\":{\"@id\":\"https:\\\/\\\/www.cidademarketing.com.br\\\/marketing\\\/2026\\\/03\\\/10\\\/qualy-celebra-35-anos-com-campanha-inspirada-nos-anos-90\\\/#primaryimage\"},\"thumbnailUrl\":\"https:\\\/\\\/www.cidademarketing.com.br\\\/marketing\\\/wp-content\\\/uploads\\\/2026\\\/03\\\/qualy_35anos_campanha.webp\",\"datePublished\":\"2026-03-11T02:44:14+00:00\",\"description\":\"Qualy celebra 35 anos com campanha nost\u00e1lgica inspirada nos anos 90. A marca refor\u00e7a sua presen\u00e7a nas fam\u00edlias brasileiras com o conceito \u201cO Que \u00e9 Gostoso Voc\u00ea Nunca Esquece\u201d.\",\"breadcrumb\":{\"@id\":\"https:\\\/\\\/www.cidademarketing.com.br\\\/marketing\\\/2026\\\/03\\\/10\\\/qualy-celebra-35-anos-com-campanha-inspirada-nos-anos-90\\\/#breadcrumb\"},\"inLanguage\":\"pt-BR\",\"potentialAction\":[{\"@type\":\"ReadAction\",\"target\":[\"https:\\\/\\\/www.cidademarketing.com.br\\\/marketing\\\/2026\\\/03\\\/10\\\/qualy-celebra-35-anos-com-campanha-inspirada-nos-anos-90\\\/\"]}]},{\"@type\":\"ImageObject\",\"inLanguage\":\"pt-BR\",\"@id\":\"https:\\\/\\\/www.cidademarketing.com.br\\\/marketing\\\/2026\\\/03\\\/10\\\/qualy-celebra-35-anos-com-campanha-inspirada-nos-anos-90\\\/#primaryimage\",\"url\":\"https:\\\/\\\/www.cidademarketing.com.br\\\/marketing\\\/wp-content\\\/uploads\\\/2026\\\/03\\\/qualy_35anos_campanha.webp\",\"contentUrl\":\"https:\\\/\\\/www.cidademarketing.com.br\\\/marketing\\\/wp-content\\\/uploads\\\/2026\\\/03\\\/qualy_35anos_campanha.webp\",\"width\":1173,\"height\":644,\"caption\":\"Reprodu\u00e7\u00e3o\"},{\"@type\":\"BreadcrumbList\",\"@id\":\"https:\\\/\\\/www.cidademarketing.com.br\\\/marketing\\\/2026\\\/03\\\/10\\\/qualy-celebra-35-anos-com-campanha-inspirada-nos-anos-90\\\/#breadcrumb\",\"itemListElement\":[{\"@type\":\"ListItem\",\"position\":1,\"name\":\"In\u00edcio\",\"item\":\"https:\\\/\\\/www.cidademarketing.com.br\\\/marketing\\\/\"},{\"@type\":\"ListItem\",\"position\":2,\"name\":\"Qualy celebra 35 anos com campanha inspirada nos anos 90\"}]},{\"@type\":\"WebSite\",\"@id\":\"https:\\\/\\\/www.cidademarketing.com.br\\\/marketing\\\/#website\",\"url\":\"https:\\\/\\\/www.cidademarketing.com.br\\\/marketing\\\/\",\"name\":\"CidadeMarketing\",\"description\":\"Somos um ve\u00edculo de comunica\u00e7\u00e3o de destaque no Brasil, reconhecido por conte\u00fados nos segmentos de marketing, empreendedorismo e inova\u00e7\u00e3o.\",\"publisher\":{\"@id\":\"https:\\\/\\\/www.cidademarketing.com.br\\\/marketing\\\/#organization\"},\"alternateName\":\"CidadeMarketing\",\"potentialAction\":[{\"@type\":\"SearchAction\",\"target\":{\"@type\":\"EntryPoint\",\"urlTemplate\":\"https:\\\/\\\/www.cidademarketing.com.br\\\/marketing\\\/?s={search_term_string}\"},\"query-input\":{\"@type\":\"PropertyValueSpecification\",\"valueRequired\":true,\"valueName\":\"search_term_string\"}}],\"inLanguage\":\"pt-BR\"},{\"@type\":\"Organization\",\"@id\":\"https:\\\/\\\/www.cidademarketing.com.br\\\/marketing\\\/#organization\",\"name\":\"CidadeMarketing\",\"alternateName\":\"CidadeMarketing\",\"url\":\"https:\\\/\\\/www.cidademarketing.com.br\\\/marketing\\\/\",\"logo\":{\"@type\":\"ImageObject\",\"inLanguage\":\"pt-BR\",\"@id\":\"https:\\\/\\\/www.cidademarketing.com.br\\\/marketing\\\/#\\\/schema\\\/logo\\\/image\\\/\",\"url\":\"https:\\\/\\\/www.cidademarketing.com.br\\\/marketing\\\/wp-content\\\/uploads\\\/2020\\\/01\\\/cidademarketing_marca_mobile.png\",\"contentUrl\":\"https:\\\/\\\/www.cidademarketing.com.br\\\/marketing\\\/wp-content\\\/uploads\\\/2020\\\/01\\\/cidademarketing_marca_mobile.png\",\"width\":230,\"height\":92,\"caption\":\"CidadeMarketing\"},\"image\":{\"@id\":\"https:\\\/\\\/www.cidademarketing.com.br\\\/marketing\\\/#\\\/schema\\\/logo\\\/image\\\/\"},\"sameAs\":[\"https:\\\/\\\/www.facebook.com\\\/portalcidademarketing\",\"https:\\\/\\\/x.com\\\/CidadeMarketing\",\"https:\\\/\\\/www.instagram.com\\\/cidademarketing\\\/\"]},{\"@type\":\"Person\",\"@id\":\"https:\\\/\\\/www.cidademarketing.com.br\\\/marketing\\\/#\\\/schema\\\/person\\\/02daff9f18bd9378c9e01eb6b2db155f\",\"name\":\"Thales Brand\u00e3o\",\"image\":{\"@type\":\"ImageObject\",\"inLanguage\":\"pt-BR\",\"@id\":\"https:\\\/\\\/secure.gravatar.com\\\/avatar\\\/7ca3206950207cc3cb48feec56a8a7898741ab725c368d99d5d7a5a50aab80c6?s=96&d=mm&r=g\",\"url\":\"https:\\\/\\\/secure.gravatar.com\\\/avatar\\\/7ca3206950207cc3cb48feec56a8a7898741ab725c368d99d5d7a5a50aab80c6?s=96&d=mm&r=g\",\"contentUrl\":\"https:\\\/\\\/secure.gravatar.com\\\/avatar\\\/7ca3206950207cc3cb48feec56a8a7898741ab725c368d99d5d7a5a50aab80c6?s=96&d=mm&r=g\",\"caption\":\"Thales Brand\u00e3o\"},\"description\":\"Editor Executivo do Portal CidadeMarketing.com.br &gt; Mestre em Comunica\u00e7\u00e3o e Sociedade pela Universidade Federal de Sergipe. Possui MBA Executivo em Administra\u00e7\u00e3o com \u00eanfase em Marketing pela Funda\u00e7\u00e3o Get\u00falio Vargas - Rio de Janeiro. Consultor, Palestrante e Pesquisador sobre Empreendedorismo, Marketing, Redes Sociais e Neg\u00f3cios Digitais. Professor, Palestrante TedxTalks e Campus Party. Twitter: @ThalesBrandao\",\"sameAs\":[\"http:\\\/\\\/www.mandacaru.com.br\",\"https:\\\/\\\/www.facebook.com\\\/thalesbrandao\",\"http:\\\/\\\/www.instagram.com.br\\\/thalesbrandaoferreira\",\"https:\\\/\\\/www.linkedin.com\\\/in\\\/thales-brand\u00e3o-3948609\\\/\",\"https:\\\/\\\/x.com\\\/http:\\\/\\\/www.twitter.com\\\/thalesbrandao\"],\"url\":\"https:\\\/\\\/www.cidademarketing.com.br\\\/marketing\\\/author\\\/thalesbrandao\\\/\"}]}<\/script>\n<!-- \/ Yoast SEO plugin. -->","yoast_head_json":{"title":"Qualy celebra 35 anos com campanha inspirada nos anos 90 - CidadeMarketing","description":"Qualy celebra 35 anos com campanha nost\u00e1lgica inspirada nos anos 90. A marca refor\u00e7a sua presen\u00e7a nas fam\u00edlias brasileiras com o conceito \u201cO Que \u00e9 Gostoso Voc\u00ea Nunca Esquece\u201d.","robots":{"index":"index","follow":"follow","max-snippet":"max-snippet:-1","max-image-preview":"max-image-preview:large","max-video-preview":"max-video-preview:-1"},"canonical":"https:\/\/www.cidademarketing.com.br\/marketing\/2026\/03\/10\/qualy-celebra-35-anos-com-campanha-inspirada-nos-anos-90\/","og_locale":"pt_BR","og_type":"article","og_title":"Qualy celebra 35 anos com campanha inspirada nos anos 90 - CidadeMarketing","og_description":"Qualy celebra 35 anos com campanha nost\u00e1lgica inspirada nos anos 90. A marca refor\u00e7a sua presen\u00e7a nas fam\u00edlias brasileiras com o conceito \u201cO Que \u00e9 Gostoso Voc\u00ea Nunca Esquece\u201d.","og_url":"https:\/\/www.cidademarketing.com.br\/marketing\/2026\/03\/10\/qualy-celebra-35-anos-com-campanha-inspirada-nos-anos-90\/","og_site_name":"CidadeMarketing","article_publisher":"https:\/\/www.facebook.com\/portalcidademarketing","article_author":"https:\/\/www.facebook.com\/thalesbrandao","article_published_time":"2026-03-11T02:44:14+00:00","og_image":[{"width":1173,"height":644,"url":"https:\/\/www.cidademarketing.com.br\/marketing\/wp-content\/uploads\/2026\/03\/qualy_35anos_campanha.webp","type":"image\/webp"}],"author":"Thales Brand\u00e3o","twitter_card":"summary_large_image","twitter_creator":"@http:\/\/www.twitter.com\/thalesbrandao","twitter_site":"@CidadeMarketing","twitter_misc":{"Escrito por":"Thales Brand\u00e3o","Est. tempo de leitura":"2 minutos"},"schema":{"@context":"https:\/\/schema.org","@graph":[{"@type":"Article","@id":"https:\/\/www.cidademarketing.com.br\/marketing\/2026\/03\/10\/qualy-celebra-35-anos-com-campanha-inspirada-nos-anos-90\/#article","isPartOf":{"@id":"https:\/\/www.cidademarketing.com.br\/marketing\/2026\/03\/10\/qualy-celebra-35-anos-com-campanha-inspirada-nos-anos-90\/"},"author":{"name":"Thales Brand\u00e3o","@id":"https:\/\/www.cidademarketing.com.br\/marketing\/#\/schema\/person\/02daff9f18bd9378c9e01eb6b2db155f"},"headline":"Qualy celebra 35 anos com campanha inspirada nos anos 90","datePublished":"2026-03-11T02:44:14+00:00","mainEntityOfPage":{"@id":"https:\/\/www.cidademarketing.com.br\/marketing\/2026\/03\/10\/qualy-celebra-35-anos-com-campanha-inspirada-nos-anos-90\/"},"wordCount":236,"commentCount":0,"publisher":{"@id":"https:\/\/www.cidademarketing.com.br\/marketing\/#organization"},"image":{"@id":"https:\/\/www.cidademarketing.com.br\/marketing\/2026\/03\/10\/qualy-celebra-35-anos-com-campanha-inspirada-nos-anos-90\/#primaryimage"},"thumbnailUrl":"https:\/\/www.cidademarketing.com.br\/marketing\/wp-content\/uploads\/2026\/03\/qualy_35anos_campanha.webp","keywords":["campanha","campanha nostalgia marcas brasileiras","campanha Qualy anos 90","estrat\u00e9gia","filme","margarina Qualy marketing","marketing de mem\u00f3ria afetiva alimentos","propaganda","publicidade","publicidade Qualy Brasil","Qualy","Qualy 35 anos campanha","Qualy hist\u00f3ria da marca Brasil","Qualy lideran\u00e7a mercado margarina","Sadia"],"articleSection":["Not\u00edcias","Videos"],"inLanguage":"pt-BR","potentialAction":[{"@type":"CommentAction","name":"Comment","target":["https:\/\/www.cidademarketing.com.br\/marketing\/2026\/03\/10\/qualy-celebra-35-anos-com-campanha-inspirada-nos-anos-90\/#respond"]}]},{"@type":"WebPage","@id":"https:\/\/www.cidademarketing.com.br\/marketing\/2026\/03\/10\/qualy-celebra-35-anos-com-campanha-inspirada-nos-anos-90\/","url":"https:\/\/www.cidademarketing.com.br\/marketing\/2026\/03\/10\/qualy-celebra-35-anos-com-campanha-inspirada-nos-anos-90\/","name":"Qualy celebra 35 anos com campanha inspirada nos anos 90 - CidadeMarketing","isPartOf":{"@id":"https:\/\/www.cidademarketing.com.br\/marketing\/#website"},"primaryImageOfPage":{"@id":"https:\/\/www.cidademarketing.com.br\/marketing\/2026\/03\/10\/qualy-celebra-35-anos-com-campanha-inspirada-nos-anos-90\/#primaryimage"},"image":{"@id":"https:\/\/www.cidademarketing.com.br\/marketing\/2026\/03\/10\/qualy-celebra-35-anos-com-campanha-inspirada-nos-anos-90\/#primaryimage"},"thumbnailUrl":"https:\/\/www.cidademarketing.com.br\/marketing\/wp-content\/uploads\/2026\/03\/qualy_35anos_campanha.webp","datePublished":"2026-03-11T02:44:14+00:00","description":"Qualy celebra 35 anos com campanha nost\u00e1lgica inspirada nos anos 90. A marca refor\u00e7a sua presen\u00e7a nas fam\u00edlias brasileiras com o conceito \u201cO Que \u00e9 Gostoso Voc\u00ea Nunca Esquece\u201d.","breadcrumb":{"@id":"https:\/\/www.cidademarketing.com.br\/marketing\/2026\/03\/10\/qualy-celebra-35-anos-com-campanha-inspirada-nos-anos-90\/#breadcrumb"},"inLanguage":"pt-BR","potentialAction":[{"@type":"ReadAction","target":["https:\/\/www.cidademarketing.com.br\/marketing\/2026\/03\/10\/qualy-celebra-35-anos-com-campanha-inspirada-nos-anos-90\/"]}]},{"@type":"ImageObject","inLanguage":"pt-BR","@id":"https:\/\/www.cidademarketing.com.br\/marketing\/2026\/03\/10\/qualy-celebra-35-anos-com-campanha-inspirada-nos-anos-90\/#primaryimage","url":"https:\/\/www.cidademarketing.com.br\/marketing\/wp-content\/uploads\/2026\/03\/qualy_35anos_campanha.webp","contentUrl":"https:\/\/www.cidademarketing.com.br\/marketing\/wp-content\/uploads\/2026\/03\/qualy_35anos_campanha.webp","width":1173,"height":644,"caption":"Reprodu\u00e7\u00e3o"},{"@type":"BreadcrumbList","@id":"https:\/\/www.cidademarketing.com.br\/marketing\/2026\/03\/10\/qualy-celebra-35-anos-com-campanha-inspirada-nos-anos-90\/#breadcrumb","itemListElement":[{"@type":"ListItem","position":1,"name":"In\u00edcio","item":"https:\/\/www.cidademarketing.com.br\/marketing\/"},{"@type":"ListItem","position":2,"name":"Qualy celebra 35 anos com campanha inspirada nos anos 90"}]},{"@type":"WebSite","@id":"https:\/\/www.cidademarketing.com.br\/marketing\/#website","url":"https:\/\/www.cidademarketing.com.br\/marketing\/","name":"CidadeMarketing","description":"Somos um ve\u00edculo de comunica\u00e7\u00e3o de destaque no Brasil, reconhecido por conte\u00fados nos segmentos de marketing, empreendedorismo e inova\u00e7\u00e3o.","publisher":{"@id":"https:\/\/www.cidademarketing.com.br\/marketing\/#organization"},"alternateName":"CidadeMarketing","potentialAction":[{"@type":"SearchAction","target":{"@type":"EntryPoint","urlTemplate":"https:\/\/www.cidademarketing.com.br\/marketing\/?s={search_term_string}"},"query-input":{"@type":"PropertyValueSpecification","valueRequired":true,"valueName":"search_term_string"}}],"inLanguage":"pt-BR"},{"@type":"Organization","@id":"https:\/\/www.cidademarketing.com.br\/marketing\/#organization","name":"CidadeMarketing","alternateName":"CidadeMarketing","url":"https:\/\/www.cidademarketing.com.br\/marketing\/","logo":{"@type":"ImageObject","inLanguage":"pt-BR","@id":"https:\/\/www.cidademarketing.com.br\/marketing\/#\/schema\/logo\/image\/","url":"https:\/\/www.cidademarketing.com.br\/marketing\/wp-content\/uploads\/2020\/01\/cidademarketing_marca_mobile.png","contentUrl":"https:\/\/www.cidademarketing.com.br\/marketing\/wp-content\/uploads\/2020\/01\/cidademarketing_marca_mobile.png","width":230,"height":92,"caption":"CidadeMarketing"},"image":{"@id":"https:\/\/www.cidademarketing.com.br\/marketing\/#\/schema\/logo\/image\/"},"sameAs":["https:\/\/www.facebook.com\/portalcidademarketing","https:\/\/x.com\/CidadeMarketing","https:\/\/www.instagram.com\/cidademarketing\/"]},{"@type":"Person","@id":"https:\/\/www.cidademarketing.com.br\/marketing\/#\/schema\/person\/02daff9f18bd9378c9e01eb6b2db155f","name":"Thales Brand\u00e3o","image":{"@type":"ImageObject","inLanguage":"pt-BR","@id":"https:\/\/secure.gravatar.com\/avatar\/7ca3206950207cc3cb48feec56a8a7898741ab725c368d99d5d7a5a50aab80c6?s=96&d=mm&r=g","url":"https:\/\/secure.gravatar.com\/avatar\/7ca3206950207cc3cb48feec56a8a7898741ab725c368d99d5d7a5a50aab80c6?s=96&d=mm&r=g","contentUrl":"https:\/\/secure.gravatar.com\/avatar\/7ca3206950207cc3cb48feec56a8a7898741ab725c368d99d5d7a5a50aab80c6?s=96&d=mm&r=g","caption":"Thales Brand\u00e3o"},"description":"Editor Executivo do Portal CidadeMarketing.com.br &gt; Mestre em Comunica\u00e7\u00e3o e Sociedade pela Universidade Federal de Sergipe. Possui MBA Executivo em Administra\u00e7\u00e3o com \u00eanfase em Marketing pela Funda\u00e7\u00e3o Get\u00falio Vargas - Rio de Janeiro. Consultor, Palestrante e Pesquisador sobre Empreendedorismo, Marketing, Redes Sociais e Neg\u00f3cios Digitais. Professor, Palestrante TedxTalks e Campus Party. Twitter: @ThalesBrandao","sameAs":["http:\/\/www.mandacaru.com.br","https:\/\/www.facebook.com\/thalesbrandao","http:\/\/www.instagram.com.br\/thalesbrandaoferreira","https:\/\/www.linkedin.com\/in\/thales-brand\u00e3o-3948609\/","https:\/\/x.com\/http:\/\/www.twitter.com\/thalesbrandao"],"url":"https:\/\/www.cidademarketing.com.br\/marketing\/author\/thalesbrandao\/"}]}},"amp_enabled":true,"_links":{"self":[{"href":"https:\/\/www.cidademarketing.com.br\/marketing\/wp-json\/wp\/v2\/posts\/59472","targetHints":{"allow":["GET"]}}],"collection":[{"href":"https:\/\/www.cidademarketing.com.br\/marketing\/wp-json\/wp\/v2\/posts"}],"about":[{"href":"https:\/\/www.cidademarketing.com.br\/marketing\/wp-json\/wp\/v2\/types\/post"}],"author":[{"embeddable":true,"href":"https:\/\/www.cidademarketing.com.br\/marketing\/wp-json\/wp\/v2\/users\/1"}],"replies":[{"embeddable":true,"href":"https:\/\/www.cidademarketing.com.br\/marketing\/wp-json\/wp\/v2\/comments?post=59472"}],"version-history":[{"count":1,"href":"https:\/\/www.cidademarketing.com.br\/marketing\/wp-json\/wp\/v2\/posts\/59472\/revisions"}],"predecessor-version":[{"id":59474,"href":"https:\/\/www.cidademarketing.com.br\/marketing\/wp-json\/wp\/v2\/posts\/59472\/revisions\/59474"}],"wp:featuredmedia":[{"embeddable":true,"href":"https:\/\/www.cidademarketing.com.br\/marketing\/wp-json\/wp\/v2\/media\/59473"}],"wp:attachment":[{"href":"https:\/\/www.cidademarketing.com.br\/marketing\/wp-json\/wp\/v2\/media?parent=59472"}],"wp:term":[{"taxonomy":"category","embeddable":true,"href":"https:\/\/www.cidademarketing.com.br\/marketing\/wp-json\/wp\/v2\/categories?post=59472"},{"taxonomy":"post_tag","embeddable":true,"href":"https:\/\/www.cidademarketing.com.br\/marketing\/wp-json\/wp\/v2\/tags?post=59472"}],"curies":[{"name":"wp","href":"https:\/\/api.w.org\/{rel}","templated":true}]}}