{"id":59448,"date":"2026-03-08T16:48:32","date_gmt":"2026-03-08T19:48:32","guid":{"rendered":"https:\/\/www.cidademarketing.com.br\/marketing\/?p=59448"},"modified":"2026-03-08T16:48:32","modified_gmt":"2026-03-08T19:48:32","slug":"mpf-investiga-possiveis-praticas-de-tortura-no-bbb26","status":"publish","type":"post","link":"https:\/\/www.cidademarketing.com.br\/marketing\/2026\/03\/08\/mpf-investiga-possiveis-praticas-de-tortura-no-bbb26\/","title":{"rendered":"MPF investiga poss\u00edveis pr\u00e1ticas de tortura no BBB26"},"content":{"rendered":"<p>O Minist\u00e9rio P\u00fablico Federal abriu um inqu\u00e9rito civil para investigar poss\u00edveis pr\u00e1ticas de tortura no Big Brother Brasil 26.\u00a0 A decis\u00e3o foi assinada pelo procurador regional adjunto dos Direitos do Cidad\u00e3o, Julio Araujo.\u00a0 Segundo o MPF, a investiga\u00e7\u00e3o analisa den\u00fancias sobre riscos f\u00edsicos e psicol\u00f3gicos aos participantes.<\/p>\n<h4><strong>Den\u00fancia envolve prova de resist\u00eancia<\/strong><\/h4>\n<p>O procedimento come\u00e7ou ap\u00f3s relatos envolvendo o participante Henri Castelli. Durante uma prova de resist\u00eancia, o participante teria apresentado epis\u00f3dios convulsivos.<\/p>\n<p>Assim, a den\u00fancia afirma que certas din\u00e2micas podem expor participantes a riscos desnecess\u00e1rios. Al\u00e9m disso, o documento menciona situa\u00e7\u00f5es semelhantes em edi\u00e7\u00f5es anteriores do reality show.<\/p>\n<h4><strong>Din\u00e2mica do Quarto Branco entra na investiga\u00e7\u00e3o<\/strong><\/h4>\n<p>Outro ponto analisado envolve a din\u00e2mica conhecida como \u201cQuarto Branco\u201d.\u00a0 Nesse contexto, a Comiss\u00e3o Especial sobre Mortos e Desaparecidos Pol\u00edticos enviou uma carta aberta ao MPF.<\/p>\n<blockquote class=\"instagram-media\" style=\"background: #FFF; border: 0; border-radius: 3px; box-shadow: 0 0 1px 0 rgba(0,0,0,0.5),0 1px 10px 0 rgba(0,0,0,0.15); margin: 1px; max-width: 540px; min-width: 326px; padding: 0; width: calc(100% - 2px);\" data-instgrm-captioned=\"\" data-instgrm-permalink=\"https:\/\/www.instagram.com\/reel\/DTiyBHWEmQw\/?utm_source=ig_embed&amp;utm_campaign=loading\" data-instgrm-version=\"14\">\n<div style=\"padding: 16px;\">\n<p>&nbsp;<\/p>\n<div style=\"display: flex; flex-direction: row; align-items: center;\">\n<div style=\"background-color: #f4f4f4; border-radius: 50%; flex-grow: 0; height: 40px; margin-right: 14px; width: 40px;\"><\/div>\n<div style=\"display: flex; flex-direction: column; flex-grow: 1; justify-content: center;\">\n<div style=\"background-color: #f4f4f4; border-radius: 4px; flex-grow: 0; height: 14px; margin-bottom: 6px; width: 100px;\"><\/div>\n<div style=\"background-color: #f4f4f4; border-radius: 4px; flex-grow: 0; height: 14px; width: 60px;\"><\/div>\n<\/div>\n<\/div>\n<div style=\"padding: 19% 0;\"><\/div>\n<div style=\"display: block; height: 50px; margin: 0 auto 12px; width: 50px;\"><\/div>\n<div style=\"padding-top: 8px;\">\n<div style=\"color: #3897f0; font-family: Arial,sans-serif; font-size: 14px; font-style: normal; font-weight: 550; line-height: 18px;\">Ver essa foto no Instagram<\/div>\n<\/div>\n<div style=\"padding: 12.5% 0;\"><\/div>\n<div style=\"display: flex; flex-direction: row; margin-bottom: 14px; align-items: center;\">\n<div>\n<div style=\"background-color: #f4f4f4; border-radius: 50%; height: 12.5px; width: 12.5px; transform: translateX(0px) translateY(7px);\"><\/div>\n<div style=\"background-color: #f4f4f4; height: 12.5px; transform: rotate(-45deg) translateX(3px) translateY(1px); width: 12.5px; flex-grow: 0; margin-right: 14px; margin-left: 2px;\"><\/div>\n<div style=\"background-color: #f4f4f4; border-radius: 50%; height: 12.5px; width: 12.5px; transform: translateX(9px) translateY(-18px);\"><\/div>\n<\/div>\n<div style=\"margin-left: 8px;\">\n<div style=\"background-color: #f4f4f4; border-radius: 50%; flex-grow: 0; height: 20px; width: 20px;\"><\/div>\n<div style=\"width: 0; height: 0; border-top: 2px solid transparent; border-left: 6px solid #f4f4f4; border-bottom: 2px solid transparent; transform: translateX(16px) translateY(-4px) rotate(30deg);\"><\/div>\n<\/div>\n<div style=\"margin-left: auto;\">\n<div style=\"width: 0px; border-top: 8px solid #F4F4F4; border-right: 8px solid transparent; transform: translateY(16px);\"><\/div>\n<div style=\"background-color: #f4f4f4; flex-grow: 0; height: 12px; width: 16px; transform: translateY(-4px);\"><\/div>\n<div style=\"width: 0; height: 0; border-top: 8px solid #F4F4F4; border-left: 8px solid transparent; transform: translateY(-4px) translateX(8px);\"><\/div>\n<\/div>\n<\/div>\n<div style=\"display: flex; flex-direction: column; flex-grow: 1; justify-content: center; margin-bottom: 24px;\">\n<div style=\"background-color: #f4f4f4; border-radius: 4px; flex-grow: 0; height: 14px; margin-bottom: 6px; width: 224px;\"><\/div>\n<div style=\"background-color: #f4f4f4; border-radius: 4px; flex-grow: 0; height: 14px; width: 144px;\"><\/div>\n<\/div>\n<p>&nbsp;<\/p>\n<p style=\"color: #c9c8cd; font-family: Arial,sans-serif; font-size: 14px; line-height: 17px; margin-bottom: 0; margin-top: 8px; overflow: hidden; padding: 8px 0 7px; text-align: center; text-overflow: ellipsis; white-space: nowrap;\"><a style=\"color: #c9c8cd; font-family: Arial,sans-serif; font-size: 14px; font-style: normal; font-weight: normal; line-height: 17px; text-decoration: none;\" href=\"https:\/\/www.instagram.com\/reel\/DTiyBHWEmQw\/?utm_source=ig_embed&amp;utm_campaign=loading\" target=\"_blank\" rel=\"noopener\">Um post compartilhado por Big Brother Brasil (@bbb)<\/a><\/p>\n<\/div>\n<\/blockquote>\n<p><script async src=\"\/\/www.instagram.com\/embed.js\"><\/script><\/p>\n<p>Segundo a comiss\u00e3o, alguns m\u00e9todos do programa lembrariam t\u00e9cnicas usadas durante a ditadura civil-militar brasileira.\u00a0 Al\u00e9m disso, o documento relata que uma participante teria desmaiado ap\u00f3s permanecer mais de 100 horas em isolamento.<\/p>\n<p>De acordo com o texto, ela precisou permanecer em p\u00e9 sobre um pedestal de pequeno di\u00e2metro.<\/p>\n<h4><strong>Constitui\u00e7\u00e3o e limites do entretenimento<\/strong><\/h4>\n<p>O procurador respons\u00e1vel destacou limites constitucionais para emissoras de televis\u00e3o. Segundo ele, liberdade de produ\u00e7\u00e3o n\u00e3o autoriza viola\u00e7\u00e3o de direitos fundamentais.\u00a0 Al\u00e9m disso, emissoras s\u00e3o concession\u00e1rias de servi\u00e7o p\u00fablico e devem respeitar valores sociais e \u00e9ticos. Portanto, pr\u00e1ticas degradantes ou desumanas podem configurar viola\u00e7\u00e3o constitucional.<\/p>\n<h4><strong>Resposta da TV Globo<\/strong><\/h4>\n<p>Em resposta preliminar, a TV Globo afirmou manter acompanhamento m\u00e9dico permanente no programa.\u00a0 Al\u00e9m disso, a emissora declarou que h\u00e1 suporte de UTI m\u00f3vel e protocolos de encaminhamento hospitalar.\u00a0 No caso de Henri Castelli, a empresa informou que o participante recebeu atendimento m\u00e9dico adequado.<\/p>\n<p><strong>Pr\u00f3ximos passos da investiga\u00e7\u00e3o<\/strong><\/p>\n<p>Como dilig\u00eancia inicial, o MPF solicitou esclarecimentos formais da TV Globo. Assim, a emissora dever\u00e1 responder aos questionamentos apresentados pela comiss\u00e3o. A investiga\u00e7\u00e3o busca avaliar se houve viola\u00e7\u00e3o de direitos fundamentais no reality show.<\/p>\n<p><em>CidadeMarketing com informa\u00e7\u00f5es do Minist\u00e9rio P\u00fablico Federal.<\/em><\/p>\n","protected":false},"excerpt":{"rendered":"<p>O Minist\u00e9rio P\u00fablico Federal abriu um inqu\u00e9rito civil para investigar poss\u00edveis pr\u00e1ticas de tortura no Big Brother Brasil 26.\u00a0 A decis\u00e3o foi assinada pelo procurador regional adjunto dos Direitos do Cidad\u00e3o, Julio Araujo.\u00a0 Segundo o MPF, a investiga\u00e7\u00e3o analisa den\u00fancias sobre riscos f\u00edsicos e psicol\u00f3gicos aos participantes. Den\u00fancia envolve prova de resist\u00eancia O procedimento come\u00e7ou [&hellip;]<\/p>\n","protected":false},"author":1,"featured_media":59449,"comment_status":"open","ping_status":"open","sticky":false,"template":"","format":"standard","meta":{"tdm_status":"","tdm_grid_status":"","footnotes":""},"categories":[6],"tags":[12434,12697,12705,12703,1182,33,28,12704,12698,12702,12700,12706,12699,1017,12701],"class_list":["post-59448","post","type-post","status-publish","format-standard","has-post-thumbnail","hentry","category-noticias","tag-bbb26","tag-bbb26-investigacao","tag-denuncia-bbb26-participantes","tag-direitos-humanos-reality-show","tag-entretenimento","tag-estrategia","tag-marketing","tag-ministerio-publico-federal-bbb","tag-mpf-bbb26","tag-prova-de-resistencia-bbb","tag-quarto-branco-bbb26","tag-reality-show-polemica-brasil","tag-tortura-big-brother-brasil","tag-tv-globo","tag-tv-globo-investigacao-mpf"],"yoast_head":"<!-- This site is optimized with the Yoast SEO plugin v27.4 - https:\/\/yoast.com\/product\/yoast-seo-wordpress\/ -->\n<title>MPF investiga poss\u00edveis pr\u00e1ticas de tortura no BBB26 - CidadeMarketing<\/title>\n<meta name=\"description\" content=\"MPF abre inqu\u00e9rito para investigar poss\u00edveis pr\u00e1ticas de tortura e tratamento degradante no BBB26, ap\u00f3s den\u00fancias envolvendo provas de resist\u00eancia.\" \/>\n<meta name=\"robots\" content=\"index, follow, max-snippet:-1, max-image-preview:large, max-video-preview:-1\" \/>\n<link rel=\"canonical\" href=\"https:\/\/www.cidademarketing.com.br\/marketing\/2026\/03\/08\/mpf-investiga-possiveis-praticas-de-tortura-no-bbb26\/\" \/>\n<meta property=\"og:locale\" content=\"pt_BR\" \/>\n<meta property=\"og:type\" content=\"article\" \/>\n<meta property=\"og:title\" content=\"MPF investiga poss\u00edveis pr\u00e1ticas de tortura no BBB26 - CidadeMarketing\" \/>\n<meta property=\"og:description\" content=\"MPF abre inqu\u00e9rito para investigar poss\u00edveis pr\u00e1ticas de tortura e tratamento degradante no BBB26, ap\u00f3s den\u00fancias envolvendo provas de resist\u00eancia.\" \/>\n<meta property=\"og:url\" content=\"https:\/\/www.cidademarketing.com.br\/marketing\/2026\/03\/08\/mpf-investiga-possiveis-praticas-de-tortura-no-bbb26\/\" \/>\n<meta property=\"og:site_name\" content=\"CidadeMarketing\" \/>\n<meta property=\"article:publisher\" content=\"https:\/\/www.facebook.com\/portalcidademarketing\" \/>\n<meta property=\"article:author\" content=\"https:\/\/www.facebook.com\/thalesbrandao\" \/>\n<meta property=\"article:published_time\" content=\"2026-03-08T19:48:32+00:00\" \/>\n<meta property=\"og:image\" content=\"https:\/\/www.cidademarketing.com.br\/marketing\/wp-content\/uploads\/2026\/03\/ministerio_publico_federal_bbb26.webp\" \/>\n\t<meta property=\"og:image:width\" content=\"850\" \/>\n\t<meta property=\"og:image:height\" content=\"850\" \/>\n\t<meta property=\"og:image:type\" content=\"image\/webp\" \/>\n<meta name=\"author\" content=\"Thales Brand\u00e3o\" \/>\n<meta name=\"twitter:card\" content=\"summary_large_image\" \/>\n<meta name=\"twitter:creator\" content=\"@http:\/\/www.twitter.com\/thalesbrandao\" \/>\n<meta name=\"twitter:site\" content=\"@CidadeMarketing\" \/>\n<meta name=\"twitter:label1\" content=\"Escrito por\" \/>\n\t<meta name=\"twitter:data1\" content=\"Thales Brand\u00e3o\" \/>\n\t<meta name=\"twitter:label2\" content=\"Est. tempo de leitura\" \/>\n\t<meta name=\"twitter:data2\" content=\"2 minutos\" \/>\n<script type=\"application\/ld+json\" class=\"yoast-schema-graph\">{\"@context\":\"https:\\\/\\\/schema.org\",\"@graph\":[{\"@type\":\"Article\",\"@id\":\"https:\\\/\\\/www.cidademarketing.com.br\\\/marketing\\\/2026\\\/03\\\/08\\\/mpf-investiga-possiveis-praticas-de-tortura-no-bbb26\\\/#article\",\"isPartOf\":{\"@id\":\"https:\\\/\\\/www.cidademarketing.com.br\\\/marketing\\\/2026\\\/03\\\/08\\\/mpf-investiga-possiveis-praticas-de-tortura-no-bbb26\\\/\"},\"author\":{\"name\":\"Thales Brand\u00e3o\",\"@id\":\"https:\\\/\\\/www.cidademarketing.com.br\\\/marketing\\\/#\\\/schema\\\/person\\\/02daff9f18bd9378c9e01eb6b2db155f\"},\"headline\":\"MPF investiga poss\u00edveis pr\u00e1ticas de tortura no BBB26\",\"datePublished\":\"2026-03-08T19:48:32+00:00\",\"mainEntityOfPage\":{\"@id\":\"https:\\\/\\\/www.cidademarketing.com.br\\\/marketing\\\/2026\\\/03\\\/08\\\/mpf-investiga-possiveis-praticas-de-tortura-no-bbb26\\\/\"},\"wordCount\":407,\"commentCount\":0,\"publisher\":{\"@id\":\"https:\\\/\\\/www.cidademarketing.com.br\\\/marketing\\\/#organization\"},\"image\":{\"@id\":\"https:\\\/\\\/www.cidademarketing.com.br\\\/marketing\\\/2026\\\/03\\\/08\\\/mpf-investiga-possiveis-praticas-de-tortura-no-bbb26\\\/#primaryimage\"},\"thumbnailUrl\":\"https:\\\/\\\/www.cidademarketing.com.br\\\/marketing\\\/wp-content\\\/uploads\\\/2026\\\/03\\\/ministerio_publico_federal_bbb26.webp\",\"keywords\":[\"BBB26\",\"BBB26 investiga\u00e7\u00e3o\",\"den\u00fancia BBB26 participantes\",\"direitos humanos reality show\",\"entretenimento\",\"estrat\u00e9gia\",\"marketing\",\"Minist\u00e9rio P\u00fablico Federal BBB\",\"MPF BBB26\",\"prova de resist\u00eancia BBB\",\"Quarto Branco BBB26\",\"reality show pol\u00eamica Brasil.\",\"tortura Big Brother Brasil\",\"TV Globo\",\"TV Globo investiga\u00e7\u00e3o MPF\"],\"articleSection\":[\"Not\u00edcias\"],\"inLanguage\":\"pt-BR\",\"potentialAction\":[{\"@type\":\"CommentAction\",\"name\":\"Comment\",\"target\":[\"https:\\\/\\\/www.cidademarketing.com.br\\\/marketing\\\/2026\\\/03\\\/08\\\/mpf-investiga-possiveis-praticas-de-tortura-no-bbb26\\\/#respond\"]}]},{\"@type\":\"WebPage\",\"@id\":\"https:\\\/\\\/www.cidademarketing.com.br\\\/marketing\\\/2026\\\/03\\\/08\\\/mpf-investiga-possiveis-praticas-de-tortura-no-bbb26\\\/\",\"url\":\"https:\\\/\\\/www.cidademarketing.com.br\\\/marketing\\\/2026\\\/03\\\/08\\\/mpf-investiga-possiveis-praticas-de-tortura-no-bbb26\\\/\",\"name\":\"MPF investiga poss\u00edveis pr\u00e1ticas de tortura no BBB26 - CidadeMarketing\",\"isPartOf\":{\"@id\":\"https:\\\/\\\/www.cidademarketing.com.br\\\/marketing\\\/#website\"},\"primaryImageOfPage\":{\"@id\":\"https:\\\/\\\/www.cidademarketing.com.br\\\/marketing\\\/2026\\\/03\\\/08\\\/mpf-investiga-possiveis-praticas-de-tortura-no-bbb26\\\/#primaryimage\"},\"image\":{\"@id\":\"https:\\\/\\\/www.cidademarketing.com.br\\\/marketing\\\/2026\\\/03\\\/08\\\/mpf-investiga-possiveis-praticas-de-tortura-no-bbb26\\\/#primaryimage\"},\"thumbnailUrl\":\"https:\\\/\\\/www.cidademarketing.com.br\\\/marketing\\\/wp-content\\\/uploads\\\/2026\\\/03\\\/ministerio_publico_federal_bbb26.webp\",\"datePublished\":\"2026-03-08T19:48:32+00:00\",\"description\":\"MPF abre inqu\u00e9rito para investigar poss\u00edveis pr\u00e1ticas de tortura e tratamento degradante no BBB26, ap\u00f3s den\u00fancias envolvendo provas de resist\u00eancia.\",\"breadcrumb\":{\"@id\":\"https:\\\/\\\/www.cidademarketing.com.br\\\/marketing\\\/2026\\\/03\\\/08\\\/mpf-investiga-possiveis-praticas-de-tortura-no-bbb26\\\/#breadcrumb\"},\"inLanguage\":\"pt-BR\",\"potentialAction\":[{\"@type\":\"ReadAction\",\"target\":[\"https:\\\/\\\/www.cidademarketing.com.br\\\/marketing\\\/2026\\\/03\\\/08\\\/mpf-investiga-possiveis-praticas-de-tortura-no-bbb26\\\/\"]}]},{\"@type\":\"ImageObject\",\"inLanguage\":\"pt-BR\",\"@id\":\"https:\\\/\\\/www.cidademarketing.com.br\\\/marketing\\\/2026\\\/03\\\/08\\\/mpf-investiga-possiveis-praticas-de-tortura-no-bbb26\\\/#primaryimage\",\"url\":\"https:\\\/\\\/www.cidademarketing.com.br\\\/marketing\\\/wp-content\\\/uploads\\\/2026\\\/03\\\/ministerio_publico_federal_bbb26.webp\",\"contentUrl\":\"https:\\\/\\\/www.cidademarketing.com.br\\\/marketing\\\/wp-content\\\/uploads\\\/2026\\\/03\\\/ministerio_publico_federal_bbb26.webp\",\"width\":850,\"height\":850,\"caption\":\"MPF abre inqu\u00e9rito para investigar poss\u00edveis pr\u00e1ticas de tortura e tratamento degradante no BBB26, ap\u00f3s den\u00fancias envolvendo provas de resist\u00eancia.\"},{\"@type\":\"BreadcrumbList\",\"@id\":\"https:\\\/\\\/www.cidademarketing.com.br\\\/marketing\\\/2026\\\/03\\\/08\\\/mpf-investiga-possiveis-praticas-de-tortura-no-bbb26\\\/#breadcrumb\",\"itemListElement\":[{\"@type\":\"ListItem\",\"position\":1,\"name\":\"In\u00edcio\",\"item\":\"https:\\\/\\\/www.cidademarketing.com.br\\\/marketing\\\/\"},{\"@type\":\"ListItem\",\"position\":2,\"name\":\"MPF investiga poss\u00edveis pr\u00e1ticas de tortura no BBB26\"}]},{\"@type\":\"WebSite\",\"@id\":\"https:\\\/\\\/www.cidademarketing.com.br\\\/marketing\\\/#website\",\"url\":\"https:\\\/\\\/www.cidademarketing.com.br\\\/marketing\\\/\",\"name\":\"CidadeMarketing\",\"description\":\"Somos um ve\u00edculo de comunica\u00e7\u00e3o de destaque no Brasil, reconhecido por conte\u00fados nos segmentos de marketing, empreendedorismo e inova\u00e7\u00e3o.\",\"publisher\":{\"@id\":\"https:\\\/\\\/www.cidademarketing.com.br\\\/marketing\\\/#organization\"},\"alternateName\":\"CidadeMarketing\",\"potentialAction\":[{\"@type\":\"SearchAction\",\"target\":{\"@type\":\"EntryPoint\",\"urlTemplate\":\"https:\\\/\\\/www.cidademarketing.com.br\\\/marketing\\\/?s={search_term_string}\"},\"query-input\":{\"@type\":\"PropertyValueSpecification\",\"valueRequired\":true,\"valueName\":\"search_term_string\"}}],\"inLanguage\":\"pt-BR\"},{\"@type\":\"Organization\",\"@id\":\"https:\\\/\\\/www.cidademarketing.com.br\\\/marketing\\\/#organization\",\"name\":\"CidadeMarketing\",\"alternateName\":\"CidadeMarketing\",\"url\":\"https:\\\/\\\/www.cidademarketing.com.br\\\/marketing\\\/\",\"logo\":{\"@type\":\"ImageObject\",\"inLanguage\":\"pt-BR\",\"@id\":\"https:\\\/\\\/www.cidademarketing.com.br\\\/marketing\\\/#\\\/schema\\\/logo\\\/image\\\/\",\"url\":\"https:\\\/\\\/www.cidademarketing.com.br\\\/marketing\\\/wp-content\\\/uploads\\\/2020\\\/01\\\/cidademarketing_marca_mobile.png\",\"contentUrl\":\"https:\\\/\\\/www.cidademarketing.com.br\\\/marketing\\\/wp-content\\\/uploads\\\/2020\\\/01\\\/cidademarketing_marca_mobile.png\",\"width\":230,\"height\":92,\"caption\":\"CidadeMarketing\"},\"image\":{\"@id\":\"https:\\\/\\\/www.cidademarketing.com.br\\\/marketing\\\/#\\\/schema\\\/logo\\\/image\\\/\"},\"sameAs\":[\"https:\\\/\\\/www.facebook.com\\\/portalcidademarketing\",\"https:\\\/\\\/x.com\\\/CidadeMarketing\",\"https:\\\/\\\/www.instagram.com\\\/cidademarketing\\\/\"]},{\"@type\":\"Person\",\"@id\":\"https:\\\/\\\/www.cidademarketing.com.br\\\/marketing\\\/#\\\/schema\\\/person\\\/02daff9f18bd9378c9e01eb6b2db155f\",\"name\":\"Thales Brand\u00e3o\",\"image\":{\"@type\":\"ImageObject\",\"inLanguage\":\"pt-BR\",\"@id\":\"https:\\\/\\\/secure.gravatar.com\\\/avatar\\\/7ca3206950207cc3cb48feec56a8a7898741ab725c368d99d5d7a5a50aab80c6?s=96&d=mm&r=g\",\"url\":\"https:\\\/\\\/secure.gravatar.com\\\/avatar\\\/7ca3206950207cc3cb48feec56a8a7898741ab725c368d99d5d7a5a50aab80c6?s=96&d=mm&r=g\",\"contentUrl\":\"https:\\\/\\\/secure.gravatar.com\\\/avatar\\\/7ca3206950207cc3cb48feec56a8a7898741ab725c368d99d5d7a5a50aab80c6?s=96&d=mm&r=g\",\"caption\":\"Thales Brand\u00e3o\"},\"description\":\"Editor Executivo do Portal CidadeMarketing.com.br &gt; Mestre em Comunica\u00e7\u00e3o e Sociedade pela Universidade Federal de Sergipe. Possui MBA Executivo em Administra\u00e7\u00e3o com \u00eanfase em Marketing pela Funda\u00e7\u00e3o Get\u00falio Vargas - Rio de Janeiro. Consultor, Palestrante e Pesquisador sobre Empreendedorismo, Marketing, Redes Sociais e Neg\u00f3cios Digitais. Professor, Palestrante TedxTalks e Campus Party. Twitter: @ThalesBrandao\",\"sameAs\":[\"http:\\\/\\\/www.mandacaru.com.br\",\"https:\\\/\\\/www.facebook.com\\\/thalesbrandao\",\"http:\\\/\\\/www.instagram.com.br\\\/thalesbrandaoferreira\",\"https:\\\/\\\/www.linkedin.com\\\/in\\\/thales-brand\u00e3o-3948609\\\/\",\"https:\\\/\\\/x.com\\\/http:\\\/\\\/www.twitter.com\\\/thalesbrandao\"],\"url\":\"https:\\\/\\\/www.cidademarketing.com.br\\\/marketing\\\/author\\\/thalesbrandao\\\/\"}]}<\/script>\n<!-- \/ Yoast SEO plugin. -->","yoast_head_json":{"title":"MPF investiga poss\u00edveis pr\u00e1ticas de tortura no BBB26 - CidadeMarketing","description":"MPF abre inqu\u00e9rito para investigar poss\u00edveis pr\u00e1ticas de tortura e tratamento degradante no BBB26, ap\u00f3s den\u00fancias envolvendo provas de resist\u00eancia.","robots":{"index":"index","follow":"follow","max-snippet":"max-snippet:-1","max-image-preview":"max-image-preview:large","max-video-preview":"max-video-preview:-1"},"canonical":"https:\/\/www.cidademarketing.com.br\/marketing\/2026\/03\/08\/mpf-investiga-possiveis-praticas-de-tortura-no-bbb26\/","og_locale":"pt_BR","og_type":"article","og_title":"MPF investiga poss\u00edveis pr\u00e1ticas de tortura no BBB26 - CidadeMarketing","og_description":"MPF abre inqu\u00e9rito para investigar poss\u00edveis pr\u00e1ticas de tortura e tratamento degradante no BBB26, ap\u00f3s den\u00fancias envolvendo provas de resist\u00eancia.","og_url":"https:\/\/www.cidademarketing.com.br\/marketing\/2026\/03\/08\/mpf-investiga-possiveis-praticas-de-tortura-no-bbb26\/","og_site_name":"CidadeMarketing","article_publisher":"https:\/\/www.facebook.com\/portalcidademarketing","article_author":"https:\/\/www.facebook.com\/thalesbrandao","article_published_time":"2026-03-08T19:48:32+00:00","og_image":[{"width":850,"height":850,"url":"https:\/\/www.cidademarketing.com.br\/marketing\/wp-content\/uploads\/2026\/03\/ministerio_publico_federal_bbb26.webp","type":"image\/webp"}],"author":"Thales Brand\u00e3o","twitter_card":"summary_large_image","twitter_creator":"@http:\/\/www.twitter.com\/thalesbrandao","twitter_site":"@CidadeMarketing","twitter_misc":{"Escrito por":"Thales Brand\u00e3o","Est. tempo de leitura":"2 minutos"},"schema":{"@context":"https:\/\/schema.org","@graph":[{"@type":"Article","@id":"https:\/\/www.cidademarketing.com.br\/marketing\/2026\/03\/08\/mpf-investiga-possiveis-praticas-de-tortura-no-bbb26\/#article","isPartOf":{"@id":"https:\/\/www.cidademarketing.com.br\/marketing\/2026\/03\/08\/mpf-investiga-possiveis-praticas-de-tortura-no-bbb26\/"},"author":{"name":"Thales Brand\u00e3o","@id":"https:\/\/www.cidademarketing.com.br\/marketing\/#\/schema\/person\/02daff9f18bd9378c9e01eb6b2db155f"},"headline":"MPF investiga poss\u00edveis pr\u00e1ticas de tortura no BBB26","datePublished":"2026-03-08T19:48:32+00:00","mainEntityOfPage":{"@id":"https:\/\/www.cidademarketing.com.br\/marketing\/2026\/03\/08\/mpf-investiga-possiveis-praticas-de-tortura-no-bbb26\/"},"wordCount":407,"commentCount":0,"publisher":{"@id":"https:\/\/www.cidademarketing.com.br\/marketing\/#organization"},"image":{"@id":"https:\/\/www.cidademarketing.com.br\/marketing\/2026\/03\/08\/mpf-investiga-possiveis-praticas-de-tortura-no-bbb26\/#primaryimage"},"thumbnailUrl":"https:\/\/www.cidademarketing.com.br\/marketing\/wp-content\/uploads\/2026\/03\/ministerio_publico_federal_bbb26.webp","keywords":["BBB26","BBB26 investiga\u00e7\u00e3o","den\u00fancia BBB26 participantes","direitos humanos reality show","entretenimento","estrat\u00e9gia","marketing","Minist\u00e9rio P\u00fablico Federal BBB","MPF BBB26","prova de resist\u00eancia BBB","Quarto Branco BBB26","reality show pol\u00eamica Brasil.","tortura Big Brother Brasil","TV Globo","TV Globo investiga\u00e7\u00e3o MPF"],"articleSection":["Not\u00edcias"],"inLanguage":"pt-BR","potentialAction":[{"@type":"CommentAction","name":"Comment","target":["https:\/\/www.cidademarketing.com.br\/marketing\/2026\/03\/08\/mpf-investiga-possiveis-praticas-de-tortura-no-bbb26\/#respond"]}]},{"@type":"WebPage","@id":"https:\/\/www.cidademarketing.com.br\/marketing\/2026\/03\/08\/mpf-investiga-possiveis-praticas-de-tortura-no-bbb26\/","url":"https:\/\/www.cidademarketing.com.br\/marketing\/2026\/03\/08\/mpf-investiga-possiveis-praticas-de-tortura-no-bbb26\/","name":"MPF investiga poss\u00edveis pr\u00e1ticas de tortura no BBB26 - CidadeMarketing","isPartOf":{"@id":"https:\/\/www.cidademarketing.com.br\/marketing\/#website"},"primaryImageOfPage":{"@id":"https:\/\/www.cidademarketing.com.br\/marketing\/2026\/03\/08\/mpf-investiga-possiveis-praticas-de-tortura-no-bbb26\/#primaryimage"},"image":{"@id":"https:\/\/www.cidademarketing.com.br\/marketing\/2026\/03\/08\/mpf-investiga-possiveis-praticas-de-tortura-no-bbb26\/#primaryimage"},"thumbnailUrl":"https:\/\/www.cidademarketing.com.br\/marketing\/wp-content\/uploads\/2026\/03\/ministerio_publico_federal_bbb26.webp","datePublished":"2026-03-08T19:48:32+00:00","description":"MPF abre inqu\u00e9rito para investigar poss\u00edveis pr\u00e1ticas de tortura e tratamento degradante no BBB26, ap\u00f3s den\u00fancias envolvendo provas de resist\u00eancia.","breadcrumb":{"@id":"https:\/\/www.cidademarketing.com.br\/marketing\/2026\/03\/08\/mpf-investiga-possiveis-praticas-de-tortura-no-bbb26\/#breadcrumb"},"inLanguage":"pt-BR","potentialAction":[{"@type":"ReadAction","target":["https:\/\/www.cidademarketing.com.br\/marketing\/2026\/03\/08\/mpf-investiga-possiveis-praticas-de-tortura-no-bbb26\/"]}]},{"@type":"ImageObject","inLanguage":"pt-BR","@id":"https:\/\/www.cidademarketing.com.br\/marketing\/2026\/03\/08\/mpf-investiga-possiveis-praticas-de-tortura-no-bbb26\/#primaryimage","url":"https:\/\/www.cidademarketing.com.br\/marketing\/wp-content\/uploads\/2026\/03\/ministerio_publico_federal_bbb26.webp","contentUrl":"https:\/\/www.cidademarketing.com.br\/marketing\/wp-content\/uploads\/2026\/03\/ministerio_publico_federal_bbb26.webp","width":850,"height":850,"caption":"MPF abre inqu\u00e9rito para investigar poss\u00edveis pr\u00e1ticas de tortura e tratamento degradante no BBB26, ap\u00f3s den\u00fancias envolvendo provas de resist\u00eancia."},{"@type":"BreadcrumbList","@id":"https:\/\/www.cidademarketing.com.br\/marketing\/2026\/03\/08\/mpf-investiga-possiveis-praticas-de-tortura-no-bbb26\/#breadcrumb","itemListElement":[{"@type":"ListItem","position":1,"name":"In\u00edcio","item":"https:\/\/www.cidademarketing.com.br\/marketing\/"},{"@type":"ListItem","position":2,"name":"MPF investiga poss\u00edveis pr\u00e1ticas de tortura no BBB26"}]},{"@type":"WebSite","@id":"https:\/\/www.cidademarketing.com.br\/marketing\/#website","url":"https:\/\/www.cidademarketing.com.br\/marketing\/","name":"CidadeMarketing","description":"Somos um ve\u00edculo de comunica\u00e7\u00e3o de destaque no Brasil, reconhecido por conte\u00fados nos segmentos de marketing, empreendedorismo e inova\u00e7\u00e3o.","publisher":{"@id":"https:\/\/www.cidademarketing.com.br\/marketing\/#organization"},"alternateName":"CidadeMarketing","potentialAction":[{"@type":"SearchAction","target":{"@type":"EntryPoint","urlTemplate":"https:\/\/www.cidademarketing.com.br\/marketing\/?s={search_term_string}"},"query-input":{"@type":"PropertyValueSpecification","valueRequired":true,"valueName":"search_term_string"}}],"inLanguage":"pt-BR"},{"@type":"Organization","@id":"https:\/\/www.cidademarketing.com.br\/marketing\/#organization","name":"CidadeMarketing","alternateName":"CidadeMarketing","url":"https:\/\/www.cidademarketing.com.br\/marketing\/","logo":{"@type":"ImageObject","inLanguage":"pt-BR","@id":"https:\/\/www.cidademarketing.com.br\/marketing\/#\/schema\/logo\/image\/","url":"https:\/\/www.cidademarketing.com.br\/marketing\/wp-content\/uploads\/2020\/01\/cidademarketing_marca_mobile.png","contentUrl":"https:\/\/www.cidademarketing.com.br\/marketing\/wp-content\/uploads\/2020\/01\/cidademarketing_marca_mobile.png","width":230,"height":92,"caption":"CidadeMarketing"},"image":{"@id":"https:\/\/www.cidademarketing.com.br\/marketing\/#\/schema\/logo\/image\/"},"sameAs":["https:\/\/www.facebook.com\/portalcidademarketing","https:\/\/x.com\/CidadeMarketing","https:\/\/www.instagram.com\/cidademarketing\/"]},{"@type":"Person","@id":"https:\/\/www.cidademarketing.com.br\/marketing\/#\/schema\/person\/02daff9f18bd9378c9e01eb6b2db155f","name":"Thales Brand\u00e3o","image":{"@type":"ImageObject","inLanguage":"pt-BR","@id":"https:\/\/secure.gravatar.com\/avatar\/7ca3206950207cc3cb48feec56a8a7898741ab725c368d99d5d7a5a50aab80c6?s=96&d=mm&r=g","url":"https:\/\/secure.gravatar.com\/avatar\/7ca3206950207cc3cb48feec56a8a7898741ab725c368d99d5d7a5a50aab80c6?s=96&d=mm&r=g","contentUrl":"https:\/\/secure.gravatar.com\/avatar\/7ca3206950207cc3cb48feec56a8a7898741ab725c368d99d5d7a5a50aab80c6?s=96&d=mm&r=g","caption":"Thales Brand\u00e3o"},"description":"Editor Executivo do Portal CidadeMarketing.com.br &gt; Mestre em Comunica\u00e7\u00e3o e Sociedade pela Universidade Federal de Sergipe. Possui MBA Executivo em Administra\u00e7\u00e3o com \u00eanfase em Marketing pela Funda\u00e7\u00e3o Get\u00falio Vargas - Rio de Janeiro. Consultor, Palestrante e Pesquisador sobre Empreendedorismo, Marketing, Redes Sociais e Neg\u00f3cios Digitais. Professor, Palestrante TedxTalks e Campus Party. Twitter: @ThalesBrandao","sameAs":["http:\/\/www.mandacaru.com.br","https:\/\/www.facebook.com\/thalesbrandao","http:\/\/www.instagram.com.br\/thalesbrandaoferreira","https:\/\/www.linkedin.com\/in\/thales-brand\u00e3o-3948609\/","https:\/\/x.com\/http:\/\/www.twitter.com\/thalesbrandao"],"url":"https:\/\/www.cidademarketing.com.br\/marketing\/author\/thalesbrandao\/"}]}},"amp_enabled":true,"_links":{"self":[{"href":"https:\/\/www.cidademarketing.com.br\/marketing\/wp-json\/wp\/v2\/posts\/59448","targetHints":{"allow":["GET"]}}],"collection":[{"href":"https:\/\/www.cidademarketing.com.br\/marketing\/wp-json\/wp\/v2\/posts"}],"about":[{"href":"https:\/\/www.cidademarketing.com.br\/marketing\/wp-json\/wp\/v2\/types\/post"}],"author":[{"embeddable":true,"href":"https:\/\/www.cidademarketing.com.br\/marketing\/wp-json\/wp\/v2\/users\/1"}],"replies":[{"embeddable":true,"href":"https:\/\/www.cidademarketing.com.br\/marketing\/wp-json\/wp\/v2\/comments?post=59448"}],"version-history":[{"count":1,"href":"https:\/\/www.cidademarketing.com.br\/marketing\/wp-json\/wp\/v2\/posts\/59448\/revisions"}],"predecessor-version":[{"id":59450,"href":"https:\/\/www.cidademarketing.com.br\/marketing\/wp-json\/wp\/v2\/posts\/59448\/revisions\/59450"}],"wp:featuredmedia":[{"embeddable":true,"href":"https:\/\/www.cidademarketing.com.br\/marketing\/wp-json\/wp\/v2\/media\/59449"}],"wp:attachment":[{"href":"https:\/\/www.cidademarketing.com.br\/marketing\/wp-json\/wp\/v2\/media?parent=59448"}],"wp:term":[{"taxonomy":"category","embeddable":true,"href":"https:\/\/www.cidademarketing.com.br\/marketing\/wp-json\/wp\/v2\/categories?post=59448"},{"taxonomy":"post_tag","embeddable":true,"href":"https:\/\/www.cidademarketing.com.br\/marketing\/wp-json\/wp\/v2\/tags?post=59448"}],"curies":[{"name":"wp","href":"https:\/\/api.w.org\/{rel}","templated":true}]}}