{"id":5932,"date":"2019-02-03T00:13:38","date_gmt":"2019-02-03T02:13:38","guid":{"rendered":"http:\/\/www.cidademarketing.com.br\/marketing\/?p=5932"},"modified":"2019-02-03T00:40:04","modified_gmt":"2019-02-03T02:40:04","slug":"vale-afirma-que-plano-de-acao-de-emergencia-nao-funcionou-pela-velocidade-que-ocorreu-o-rompimento-da-barragem-em-brumadinho-mg","status":"publish","type":"post","link":"https:\/\/www.cidademarketing.com.br\/marketing\/2019\/02\/03\/vale-afirma-que-plano-de-acao-de-emergencia-nao-funcionou-pela-velocidade-que-ocorreu-o-rompimento-da-barragem-em-brumadinho-mg\/","title":{"rendered":"Vale afirma que Plano de A\u00e7\u00e3o de Emerg\u00eancia n\u00e3o funcionou pela velocidade que ocorreu o rompimento da barragem em Brumadinho\/MG"},"content":{"rendered":"\n<p><strong>Presen\u00e7a de Pessoas<\/strong><br> A presen\u00e7a de profissionais em barragens, mesmo inativas, em todo o mundo, faz parte das medidas rotineiras e dos procedimentos b\u00e1sicos de seguran\u00e7a e manuten\u00e7\u00e3o dessas estruturas. Permite, por exemplo, desde a leitura de instrumentos e inspe\u00e7\u00e3o, at\u00e9 a poda da grama nesses locais. No caso espec\u00edfico das imagens veiculadas pela m\u00eddia nesta sexta-feira (01\/02), referentes ao momento exato do rompimento da Barragem I da Mina de C\u00f3rrego de Feij\u00e3o, em Brumadinho, os profissionais que aparecem nas imagens na \u00e1rea da barragem estavam realizando tarefas rotineiras. Uma das atividades executadas era a coleta de dados para atender ao cumprimento de requisitos legais, como determina a pr\u00f3pria Ag\u00eancia Nacional de Minera\u00e7\u00e3o. \u00c9 importante ressaltar que a Barragem I n\u00e3o estava em obras.<\/p>\n\n\n\n<p><strong><br> Drenagem<\/strong><br> A presen\u00e7a de dutos para drenagem de \u00e1gua tamb\u00e9m \u00e9 medida padr\u00e3o para garantir a seguran\u00e7a de barragens. Trata-se, portanto, de procedimento rotineiro, utilizado mundialmente. No caso espec\u00edfico da Barragem I, al\u00e9m dos j\u00e1 existentes, foram instalados, em 2018, drenos adicionais como medida complementar antes do in\u00edcio do processo de descomissionamento. Cabe lembrar que se tratavam de medidas preventivas, dado que os laudos t\u00e9cnicos indicavam a total estabilidade da estrutura.<br> <\/p>\n\n\n\n<p><strong>Sirene<\/strong><br> O sistema de alerta sonoro \u00e9 acionado manualmente, a partir de um Centro de Controle de Emerg\u00eancias e Comunica\u00e7\u00e3o, com funcionamento 24 horas por dia, que fica localizado fora da \u00e1rea da mina. Pelas informa\u00e7\u00f5es iniciais, que est\u00e3o sendo apuradas pelas autoridades, devido \u00e0 velocidade com que ocorreu o evento, n\u00e3o foi poss\u00edvel acionar as sirenes relativas \u00e0 Barragem I. As causas continuam sendo apuradas.<br> \u00c9 importante ressaltar que a Barragem 1 estava inativa desde 2016 e possu\u00eda todas as declara\u00e7\u00f5es de estabilidade aplic\u00e1veis, pois passava por constantes auditorias externas e independentes. Havia inspe\u00e7\u00f5es quinzenais, reportadas \u00e0 Ag\u00eancia Nacional de Minera\u00e7\u00e3o, sendo a \u00faltima datada de 21 de dezembro de 2018. A estrutura passou tamb\u00e9m por inspe\u00e7\u00f5es nos dias 8 e 22 de janeiro deste ano, com registro no sistema de monitoramento da Vale. Foram realizados ainda um simulado externo de emerg\u00eancia em 16 de junho de 2018, sob coordena\u00e7\u00e3o das Defesas Civis e com o apoio da Vale, e um treinamento interno com os empregados em 23 de outubro de 2018.<br> <\/p>\n\n\n\n<p><strong>Rota de Fuga<\/strong><br> A rota de fuga prevista no Plano de A\u00e7\u00e3o de Emerg\u00eancia de Barragens de Minera\u00e7\u00e3o (PAEBM) foi executada. O treinamento interno com empregados foi realizado em outubro de 2018. Pelas informa\u00e7\u00f5es iniciais, que est\u00e3o sendo apuradas pelas autoridades, devido \u00e0 velocidade com que ocorreu o evento, n\u00e3o foi poss\u00edvel acionar a sirene de seguran\u00e7a.<\/p>\n","protected":false},"excerpt":{"rendered":"<p>Presen\u00e7a de Pessoas A presen\u00e7a de profissionais em barragens, mesmo inativas, em todo o mundo, faz parte das medidas rotineiras e dos procedimentos b\u00e1sicos de seguran\u00e7a e manuten\u00e7\u00e3o dessas estruturas. Permite, por exemplo, desde a leitura de instrumentos e inspe\u00e7\u00e3o, at\u00e9 a poda da grama nesses locais. No caso espec\u00edfico das imagens veiculadas pela m\u00eddia [&hellip;]<\/p>\n","protected":false},"author":1,"featured_media":5318,"comment_status":"open","ping_status":"open","sticky":false,"template":"","format":"standard","meta":{"tdm_status":"","tdm_grid_status":"","footnotes":""},"categories":[6],"tags":[1239,1237,176,612],"class_list":["post-5932","post","type-post","status-publish","format-standard","has-post-thumbnail","hentry","category-noticias","tag-brumadinho","tag-meio-ambiente","tag-sustentabilidade","tag-vale"],"yoast_head":"<!-- This site is optimized with the Yoast SEO plugin v27.5 - https:\/\/yoast.com\/product\/yoast-seo-wordpress\/ -->\n<title>Vale afirma que Plano de A\u00e7\u00e3o de Emerg\u00eancia n\u00e3o funcionou pela velocidade que ocorreu o rompimento da barragem em Brumadinho\/MG - CidadeMarketing<\/title>\n<meta name=\"robots\" content=\"index, follow, max-snippet:-1, max-image-preview:large, max-video-preview:-1\" \/>\n<link rel=\"canonical\" href=\"https:\/\/www.cidademarketing.com.br\/marketing\/2019\/02\/03\/vale-afirma-que-plano-de-acao-de-emergencia-nao-funcionou-pela-velocidade-que-ocorreu-o-rompimento-da-barragem-em-brumadinho-mg\/\" \/>\n<meta property=\"og:locale\" content=\"pt_BR\" \/>\n<meta property=\"og:type\" content=\"article\" \/>\n<meta property=\"og:title\" content=\"Vale afirma que Plano de A\u00e7\u00e3o de Emerg\u00eancia n\u00e3o funcionou pela velocidade que ocorreu o rompimento da barragem em Brumadinho\/MG - CidadeMarketing\" \/>\n<meta property=\"og:description\" content=\"Presen\u00e7a de Pessoas A presen\u00e7a de profissionais em barragens, mesmo inativas, em todo o mundo, faz parte das medidas rotineiras e dos procedimentos b\u00e1sicos de seguran\u00e7a e manuten\u00e7\u00e3o dessas estruturas. Permite, por exemplo, desde a leitura de instrumentos e inspe\u00e7\u00e3o, at\u00e9 a poda da grama nesses locais. No caso espec\u00edfico das imagens veiculadas pela m\u00eddia [&hellip;]\" \/>\n<meta property=\"og:url\" content=\"https:\/\/www.cidademarketing.com.br\/marketing\/2019\/02\/03\/vale-afirma-que-plano-de-acao-de-emergencia-nao-funcionou-pela-velocidade-que-ocorreu-o-rompimento-da-barragem-em-brumadinho-mg\/\" \/>\n<meta property=\"og:site_name\" content=\"CidadeMarketing\" \/>\n<meta property=\"article:publisher\" content=\"https:\/\/www.facebook.com\/portalcidademarketing\" \/>\n<meta property=\"article:author\" content=\"https:\/\/www.facebook.com\/thalesbrandao\" \/>\n<meta property=\"article:published_time\" content=\"2019-02-03T02:13:38+00:00\" \/>\n<meta property=\"article:modified_time\" content=\"2019-02-03T02:40:04+00:00\" \/>\n<meta property=\"og:image\" content=\"https:\/\/www.cidademarketing.com.br\/marketing\/wp-content\/uploads\/2019\/01\/vale.jpg\" \/>\n\t<meta property=\"og:image:width\" content=\"720\" \/>\n\t<meta property=\"og:image:height\" content=\"460\" \/>\n\t<meta property=\"og:image:type\" content=\"image\/jpeg\" \/>\n<meta name=\"author\" content=\"Thales Brand\u00e3o\" \/>\n<meta name=\"twitter:card\" content=\"summary_large_image\" \/>\n<meta name=\"twitter:creator\" content=\"@http:\/\/www.twitter.com\/thalesbrandao\" \/>\n<meta name=\"twitter:site\" content=\"@CidadeMarketing\" \/>\n<meta name=\"twitter:label1\" content=\"Escrito por\" \/>\n\t<meta name=\"twitter:data1\" content=\"Thales Brand\u00e3o\" \/>\n\t<meta name=\"twitter:label2\" content=\"Est. tempo de leitura\" \/>\n\t<meta name=\"twitter:data2\" content=\"2 minutos\" \/>\n<script type=\"application\/ld+json\" class=\"yoast-schema-graph\">{\"@context\":\"https:\\\/\\\/schema.org\",\"@graph\":[{\"@type\":\"Article\",\"@id\":\"https:\\\/\\\/www.cidademarketing.com.br\\\/marketing\\\/2019\\\/02\\\/03\\\/vale-afirma-que-plano-de-acao-de-emergencia-nao-funcionou-pela-velocidade-que-ocorreu-o-rompimento-da-barragem-em-brumadinho-mg\\\/#article\",\"isPartOf\":{\"@id\":\"https:\\\/\\\/www.cidademarketing.com.br\\\/marketing\\\/2019\\\/02\\\/03\\\/vale-afirma-que-plano-de-acao-de-emergencia-nao-funcionou-pela-velocidade-que-ocorreu-o-rompimento-da-barragem-em-brumadinho-mg\\\/\"},\"author\":{\"name\":\"Thales Brand\u00e3o\",\"@id\":\"https:\\\/\\\/www.cidademarketing.com.br\\\/marketing\\\/#\\\/schema\\\/person\\\/02daff9f18bd9378c9e01eb6b2db155f\"},\"headline\":\"Vale afirma que Plano de A\u00e7\u00e3o de Emerg\u00eancia n\u00e3o funcionou pela velocidade que ocorreu o rompimento da barragem em Brumadinho\\\/MG\",\"datePublished\":\"2019-02-03T02:13:38+00:00\",\"dateModified\":\"2019-02-03T02:40:04+00:00\",\"mainEntityOfPage\":{\"@id\":\"https:\\\/\\\/www.cidademarketing.com.br\\\/marketing\\\/2019\\\/02\\\/03\\\/vale-afirma-que-plano-de-acao-de-emergencia-nao-funcionou-pela-velocidade-que-ocorreu-o-rompimento-da-barragem-em-brumadinho-mg\\\/\"},\"wordCount\":473,\"commentCount\":0,\"publisher\":{\"@id\":\"https:\\\/\\\/www.cidademarketing.com.br\\\/marketing\\\/#organization\"},\"image\":{\"@id\":\"https:\\\/\\\/www.cidademarketing.com.br\\\/marketing\\\/2019\\\/02\\\/03\\\/vale-afirma-que-plano-de-acao-de-emergencia-nao-funcionou-pela-velocidade-que-ocorreu-o-rompimento-da-barragem-em-brumadinho-mg\\\/#primaryimage\"},\"thumbnailUrl\":\"https:\\\/\\\/www.cidademarketing.com.br\\\/marketing\\\/wp-content\\\/uploads\\\/2019\\\/01\\\/vale.jpg\",\"keywords\":[\"Brumadinho\",\"meio ambiente\",\"sustentabilidade\",\"Vale\"],\"articleSection\":[\"Not\u00edcias\"],\"inLanguage\":\"pt-BR\",\"potentialAction\":[{\"@type\":\"CommentAction\",\"name\":\"Comment\",\"target\":[\"https:\\\/\\\/www.cidademarketing.com.br\\\/marketing\\\/2019\\\/02\\\/03\\\/vale-afirma-que-plano-de-acao-de-emergencia-nao-funcionou-pela-velocidade-que-ocorreu-o-rompimento-da-barragem-em-brumadinho-mg\\\/#respond\"]}]},{\"@type\":\"WebPage\",\"@id\":\"https:\\\/\\\/www.cidademarketing.com.br\\\/marketing\\\/2019\\\/02\\\/03\\\/vale-afirma-que-plano-de-acao-de-emergencia-nao-funcionou-pela-velocidade-que-ocorreu-o-rompimento-da-barragem-em-brumadinho-mg\\\/\",\"url\":\"https:\\\/\\\/www.cidademarketing.com.br\\\/marketing\\\/2019\\\/02\\\/03\\\/vale-afirma-que-plano-de-acao-de-emergencia-nao-funcionou-pela-velocidade-que-ocorreu-o-rompimento-da-barragem-em-brumadinho-mg\\\/\",\"name\":\"Vale afirma que Plano de A\u00e7\u00e3o de Emerg\u00eancia n\u00e3o funcionou pela velocidade que ocorreu o rompimento da barragem em Brumadinho\\\/MG - CidadeMarketing\",\"isPartOf\":{\"@id\":\"https:\\\/\\\/www.cidademarketing.com.br\\\/marketing\\\/#website\"},\"primaryImageOfPage\":{\"@id\":\"https:\\\/\\\/www.cidademarketing.com.br\\\/marketing\\\/2019\\\/02\\\/03\\\/vale-afirma-que-plano-de-acao-de-emergencia-nao-funcionou-pela-velocidade-que-ocorreu-o-rompimento-da-barragem-em-brumadinho-mg\\\/#primaryimage\"},\"image\":{\"@id\":\"https:\\\/\\\/www.cidademarketing.com.br\\\/marketing\\\/2019\\\/02\\\/03\\\/vale-afirma-que-plano-de-acao-de-emergencia-nao-funcionou-pela-velocidade-que-ocorreu-o-rompimento-da-barragem-em-brumadinho-mg\\\/#primaryimage\"},\"thumbnailUrl\":\"https:\\\/\\\/www.cidademarketing.com.br\\\/marketing\\\/wp-content\\\/uploads\\\/2019\\\/01\\\/vale.jpg\",\"datePublished\":\"2019-02-03T02:13:38+00:00\",\"dateModified\":\"2019-02-03T02:40:04+00:00\",\"breadcrumb\":{\"@id\":\"https:\\\/\\\/www.cidademarketing.com.br\\\/marketing\\\/2019\\\/02\\\/03\\\/vale-afirma-que-plano-de-acao-de-emergencia-nao-funcionou-pela-velocidade-que-ocorreu-o-rompimento-da-barragem-em-brumadinho-mg\\\/#breadcrumb\"},\"inLanguage\":\"pt-BR\",\"potentialAction\":[{\"@type\":\"ReadAction\",\"target\":[\"https:\\\/\\\/www.cidademarketing.com.br\\\/marketing\\\/2019\\\/02\\\/03\\\/vale-afirma-que-plano-de-acao-de-emergencia-nao-funcionou-pela-velocidade-que-ocorreu-o-rompimento-da-barragem-em-brumadinho-mg\\\/\"]}]},{\"@type\":\"ImageObject\",\"inLanguage\":\"pt-BR\",\"@id\":\"https:\\\/\\\/www.cidademarketing.com.br\\\/marketing\\\/2019\\\/02\\\/03\\\/vale-afirma-que-plano-de-acao-de-emergencia-nao-funcionou-pela-velocidade-que-ocorreu-o-rompimento-da-barragem-em-brumadinho-mg\\\/#primaryimage\",\"url\":\"https:\\\/\\\/www.cidademarketing.com.br\\\/marketing\\\/wp-content\\\/uploads\\\/2019\\\/01\\\/vale.jpg\",\"contentUrl\":\"https:\\\/\\\/www.cidademarketing.com.br\\\/marketing\\\/wp-content\\\/uploads\\\/2019\\\/01\\\/vale.jpg\",\"width\":720,\"height\":460},{\"@type\":\"BreadcrumbList\",\"@id\":\"https:\\\/\\\/www.cidademarketing.com.br\\\/marketing\\\/2019\\\/02\\\/03\\\/vale-afirma-que-plano-de-acao-de-emergencia-nao-funcionou-pela-velocidade-que-ocorreu-o-rompimento-da-barragem-em-brumadinho-mg\\\/#breadcrumb\",\"itemListElement\":[{\"@type\":\"ListItem\",\"position\":1,\"name\":\"In\u00edcio\",\"item\":\"https:\\\/\\\/www.cidademarketing.com.br\\\/marketing\\\/\"},{\"@type\":\"ListItem\",\"position\":2,\"name\":\"Vale afirma que Plano de A\u00e7\u00e3o de Emerg\u00eancia n\u00e3o funcionou pela velocidade que ocorreu o rompimento da barragem em Brumadinho\\\/MG\"}]},{\"@type\":\"WebSite\",\"@id\":\"https:\\\/\\\/www.cidademarketing.com.br\\\/marketing\\\/#website\",\"url\":\"https:\\\/\\\/www.cidademarketing.com.br\\\/marketing\\\/\",\"name\":\"CidadeMarketing\",\"description\":\"Somos um ve\u00edculo de comunica\u00e7\u00e3o de destaque no Brasil, reconhecido por conte\u00fados nos segmentos de marketing, empreendedorismo e inova\u00e7\u00e3o.\",\"publisher\":{\"@id\":\"https:\\\/\\\/www.cidademarketing.com.br\\\/marketing\\\/#organization\"},\"alternateName\":\"CidadeMarketing\",\"potentialAction\":[{\"@type\":\"SearchAction\",\"target\":{\"@type\":\"EntryPoint\",\"urlTemplate\":\"https:\\\/\\\/www.cidademarketing.com.br\\\/marketing\\\/?s={search_term_string}\"},\"query-input\":{\"@type\":\"PropertyValueSpecification\",\"valueRequired\":true,\"valueName\":\"search_term_string\"}}],\"inLanguage\":\"pt-BR\"},{\"@type\":\"Organization\",\"@id\":\"https:\\\/\\\/www.cidademarketing.com.br\\\/marketing\\\/#organization\",\"name\":\"CidadeMarketing\",\"alternateName\":\"CidadeMarketing\",\"url\":\"https:\\\/\\\/www.cidademarketing.com.br\\\/marketing\\\/\",\"logo\":{\"@type\":\"ImageObject\",\"inLanguage\":\"pt-BR\",\"@id\":\"https:\\\/\\\/www.cidademarketing.com.br\\\/marketing\\\/#\\\/schema\\\/logo\\\/image\\\/\",\"url\":\"https:\\\/\\\/www.cidademarketing.com.br\\\/marketing\\\/wp-content\\\/uploads\\\/2020\\\/01\\\/cidademarketing_marca_mobile.png\",\"contentUrl\":\"https:\\\/\\\/www.cidademarketing.com.br\\\/marketing\\\/wp-content\\\/uploads\\\/2020\\\/01\\\/cidademarketing_marca_mobile.png\",\"width\":230,\"height\":92,\"caption\":\"CidadeMarketing\"},\"image\":{\"@id\":\"https:\\\/\\\/www.cidademarketing.com.br\\\/marketing\\\/#\\\/schema\\\/logo\\\/image\\\/\"},\"sameAs\":[\"https:\\\/\\\/www.facebook.com\\\/portalcidademarketing\",\"https:\\\/\\\/x.com\\\/CidadeMarketing\",\"https:\\\/\\\/www.instagram.com\\\/cidademarketing\\\/\"]},{\"@type\":\"Person\",\"@id\":\"https:\\\/\\\/www.cidademarketing.com.br\\\/marketing\\\/#\\\/schema\\\/person\\\/02daff9f18bd9378c9e01eb6b2db155f\",\"name\":\"Thales Brand\u00e3o\",\"image\":{\"@type\":\"ImageObject\",\"inLanguage\":\"pt-BR\",\"@id\":\"https:\\\/\\\/secure.gravatar.com\\\/avatar\\\/7ca3206950207cc3cb48feec56a8a7898741ab725c368d99d5d7a5a50aab80c6?s=96&d=mm&r=g\",\"url\":\"https:\\\/\\\/secure.gravatar.com\\\/avatar\\\/7ca3206950207cc3cb48feec56a8a7898741ab725c368d99d5d7a5a50aab80c6?s=96&d=mm&r=g\",\"contentUrl\":\"https:\\\/\\\/secure.gravatar.com\\\/avatar\\\/7ca3206950207cc3cb48feec56a8a7898741ab725c368d99d5d7a5a50aab80c6?s=96&d=mm&r=g\",\"caption\":\"Thales Brand\u00e3o\"},\"description\":\"Editor Executivo do Portal CidadeMarketing.com.br &gt; Mestre em Comunica\u00e7\u00e3o e Sociedade pela Universidade Federal de Sergipe. Possui MBA Executivo em Administra\u00e7\u00e3o com \u00eanfase em Marketing pela Funda\u00e7\u00e3o Get\u00falio Vargas - Rio de Janeiro. Consultor, Palestrante e Pesquisador sobre Empreendedorismo, Marketing, Redes Sociais e Neg\u00f3cios Digitais. Professor, Palestrante TedxTalks e Campus Party. Twitter: @ThalesBrandao\",\"sameAs\":[\"http:\\\/\\\/www.mandacaru.com.br\",\"https:\\\/\\\/www.facebook.com\\\/thalesbrandao\",\"http:\\\/\\\/www.instagram.com.br\\\/thalesbrandaoferreira\",\"https:\\\/\\\/www.linkedin.com\\\/in\\\/thales-brand\u00e3o-3948609\\\/\",\"https:\\\/\\\/x.com\\\/http:\\\/\\\/www.twitter.com\\\/thalesbrandao\"],\"url\":\"https:\\\/\\\/www.cidademarketing.com.br\\\/marketing\\\/author\\\/thalesbrandao\\\/\"}]}<\/script>\n<!-- \/ Yoast SEO plugin. -->","yoast_head_json":{"title":"Vale afirma que Plano de A\u00e7\u00e3o de Emerg\u00eancia n\u00e3o funcionou pela velocidade que ocorreu o rompimento da barragem em Brumadinho\/MG - CidadeMarketing","robots":{"index":"index","follow":"follow","max-snippet":"max-snippet:-1","max-image-preview":"max-image-preview:large","max-video-preview":"max-video-preview:-1"},"canonical":"https:\/\/www.cidademarketing.com.br\/marketing\/2019\/02\/03\/vale-afirma-que-plano-de-acao-de-emergencia-nao-funcionou-pela-velocidade-que-ocorreu-o-rompimento-da-barragem-em-brumadinho-mg\/","og_locale":"pt_BR","og_type":"article","og_title":"Vale afirma que Plano de A\u00e7\u00e3o de Emerg\u00eancia n\u00e3o funcionou pela velocidade que ocorreu o rompimento da barragem em Brumadinho\/MG - CidadeMarketing","og_description":"Presen\u00e7a de Pessoas A presen\u00e7a de profissionais em barragens, mesmo inativas, em todo o mundo, faz parte das medidas rotineiras e dos procedimentos b\u00e1sicos de seguran\u00e7a e manuten\u00e7\u00e3o dessas estruturas. Permite, por exemplo, desde a leitura de instrumentos e inspe\u00e7\u00e3o, at\u00e9 a poda da grama nesses locais. No caso espec\u00edfico das imagens veiculadas pela m\u00eddia [&hellip;]","og_url":"https:\/\/www.cidademarketing.com.br\/marketing\/2019\/02\/03\/vale-afirma-que-plano-de-acao-de-emergencia-nao-funcionou-pela-velocidade-que-ocorreu-o-rompimento-da-barragem-em-brumadinho-mg\/","og_site_name":"CidadeMarketing","article_publisher":"https:\/\/www.facebook.com\/portalcidademarketing","article_author":"https:\/\/www.facebook.com\/thalesbrandao","article_published_time":"2019-02-03T02:13:38+00:00","article_modified_time":"2019-02-03T02:40:04+00:00","og_image":[{"width":720,"height":460,"url":"https:\/\/www.cidademarketing.com.br\/marketing\/wp-content\/uploads\/2019\/01\/vale.jpg","type":"image\/jpeg"}],"author":"Thales Brand\u00e3o","twitter_card":"summary_large_image","twitter_creator":"@http:\/\/www.twitter.com\/thalesbrandao","twitter_site":"@CidadeMarketing","twitter_misc":{"Escrito por":"Thales Brand\u00e3o","Est. tempo de leitura":"2 minutos"},"schema":{"@context":"https:\/\/schema.org","@graph":[{"@type":"Article","@id":"https:\/\/www.cidademarketing.com.br\/marketing\/2019\/02\/03\/vale-afirma-que-plano-de-acao-de-emergencia-nao-funcionou-pela-velocidade-que-ocorreu-o-rompimento-da-barragem-em-brumadinho-mg\/#article","isPartOf":{"@id":"https:\/\/www.cidademarketing.com.br\/marketing\/2019\/02\/03\/vale-afirma-que-plano-de-acao-de-emergencia-nao-funcionou-pela-velocidade-que-ocorreu-o-rompimento-da-barragem-em-brumadinho-mg\/"},"author":{"name":"Thales Brand\u00e3o","@id":"https:\/\/www.cidademarketing.com.br\/marketing\/#\/schema\/person\/02daff9f18bd9378c9e01eb6b2db155f"},"headline":"Vale afirma que Plano de A\u00e7\u00e3o de Emerg\u00eancia n\u00e3o funcionou pela velocidade que ocorreu o rompimento da barragem em Brumadinho\/MG","datePublished":"2019-02-03T02:13:38+00:00","dateModified":"2019-02-03T02:40:04+00:00","mainEntityOfPage":{"@id":"https:\/\/www.cidademarketing.com.br\/marketing\/2019\/02\/03\/vale-afirma-que-plano-de-acao-de-emergencia-nao-funcionou-pela-velocidade-que-ocorreu-o-rompimento-da-barragem-em-brumadinho-mg\/"},"wordCount":473,"commentCount":0,"publisher":{"@id":"https:\/\/www.cidademarketing.com.br\/marketing\/#organization"},"image":{"@id":"https:\/\/www.cidademarketing.com.br\/marketing\/2019\/02\/03\/vale-afirma-que-plano-de-acao-de-emergencia-nao-funcionou-pela-velocidade-que-ocorreu-o-rompimento-da-barragem-em-brumadinho-mg\/#primaryimage"},"thumbnailUrl":"https:\/\/www.cidademarketing.com.br\/marketing\/wp-content\/uploads\/2019\/01\/vale.jpg","keywords":["Brumadinho","meio ambiente","sustentabilidade","Vale"],"articleSection":["Not\u00edcias"],"inLanguage":"pt-BR","potentialAction":[{"@type":"CommentAction","name":"Comment","target":["https:\/\/www.cidademarketing.com.br\/marketing\/2019\/02\/03\/vale-afirma-que-plano-de-acao-de-emergencia-nao-funcionou-pela-velocidade-que-ocorreu-o-rompimento-da-barragem-em-brumadinho-mg\/#respond"]}]},{"@type":"WebPage","@id":"https:\/\/www.cidademarketing.com.br\/marketing\/2019\/02\/03\/vale-afirma-que-plano-de-acao-de-emergencia-nao-funcionou-pela-velocidade-que-ocorreu-o-rompimento-da-barragem-em-brumadinho-mg\/","url":"https:\/\/www.cidademarketing.com.br\/marketing\/2019\/02\/03\/vale-afirma-que-plano-de-acao-de-emergencia-nao-funcionou-pela-velocidade-que-ocorreu-o-rompimento-da-barragem-em-brumadinho-mg\/","name":"Vale afirma que Plano de A\u00e7\u00e3o de Emerg\u00eancia n\u00e3o funcionou pela velocidade que ocorreu o rompimento da barragem em Brumadinho\/MG - CidadeMarketing","isPartOf":{"@id":"https:\/\/www.cidademarketing.com.br\/marketing\/#website"},"primaryImageOfPage":{"@id":"https:\/\/www.cidademarketing.com.br\/marketing\/2019\/02\/03\/vale-afirma-que-plano-de-acao-de-emergencia-nao-funcionou-pela-velocidade-que-ocorreu-o-rompimento-da-barragem-em-brumadinho-mg\/#primaryimage"},"image":{"@id":"https:\/\/www.cidademarketing.com.br\/marketing\/2019\/02\/03\/vale-afirma-que-plano-de-acao-de-emergencia-nao-funcionou-pela-velocidade-que-ocorreu-o-rompimento-da-barragem-em-brumadinho-mg\/#primaryimage"},"thumbnailUrl":"https:\/\/www.cidademarketing.com.br\/marketing\/wp-content\/uploads\/2019\/01\/vale.jpg","datePublished":"2019-02-03T02:13:38+00:00","dateModified":"2019-02-03T02:40:04+00:00","breadcrumb":{"@id":"https:\/\/www.cidademarketing.com.br\/marketing\/2019\/02\/03\/vale-afirma-que-plano-de-acao-de-emergencia-nao-funcionou-pela-velocidade-que-ocorreu-o-rompimento-da-barragem-em-brumadinho-mg\/#breadcrumb"},"inLanguage":"pt-BR","potentialAction":[{"@type":"ReadAction","target":["https:\/\/www.cidademarketing.com.br\/marketing\/2019\/02\/03\/vale-afirma-que-plano-de-acao-de-emergencia-nao-funcionou-pela-velocidade-que-ocorreu-o-rompimento-da-barragem-em-brumadinho-mg\/"]}]},{"@type":"ImageObject","inLanguage":"pt-BR","@id":"https:\/\/www.cidademarketing.com.br\/marketing\/2019\/02\/03\/vale-afirma-que-plano-de-acao-de-emergencia-nao-funcionou-pela-velocidade-que-ocorreu-o-rompimento-da-barragem-em-brumadinho-mg\/#primaryimage","url":"https:\/\/www.cidademarketing.com.br\/marketing\/wp-content\/uploads\/2019\/01\/vale.jpg","contentUrl":"https:\/\/www.cidademarketing.com.br\/marketing\/wp-content\/uploads\/2019\/01\/vale.jpg","width":720,"height":460},{"@type":"BreadcrumbList","@id":"https:\/\/www.cidademarketing.com.br\/marketing\/2019\/02\/03\/vale-afirma-que-plano-de-acao-de-emergencia-nao-funcionou-pela-velocidade-que-ocorreu-o-rompimento-da-barragem-em-brumadinho-mg\/#breadcrumb","itemListElement":[{"@type":"ListItem","position":1,"name":"In\u00edcio","item":"https:\/\/www.cidademarketing.com.br\/marketing\/"},{"@type":"ListItem","position":2,"name":"Vale afirma que Plano de A\u00e7\u00e3o de Emerg\u00eancia n\u00e3o funcionou pela velocidade que ocorreu o rompimento da barragem em Brumadinho\/MG"}]},{"@type":"WebSite","@id":"https:\/\/www.cidademarketing.com.br\/marketing\/#website","url":"https:\/\/www.cidademarketing.com.br\/marketing\/","name":"CidadeMarketing","description":"Somos um ve\u00edculo de comunica\u00e7\u00e3o de destaque no Brasil, reconhecido por conte\u00fados nos segmentos de marketing, empreendedorismo e inova\u00e7\u00e3o.","publisher":{"@id":"https:\/\/www.cidademarketing.com.br\/marketing\/#organization"},"alternateName":"CidadeMarketing","potentialAction":[{"@type":"SearchAction","target":{"@type":"EntryPoint","urlTemplate":"https:\/\/www.cidademarketing.com.br\/marketing\/?s={search_term_string}"},"query-input":{"@type":"PropertyValueSpecification","valueRequired":true,"valueName":"search_term_string"}}],"inLanguage":"pt-BR"},{"@type":"Organization","@id":"https:\/\/www.cidademarketing.com.br\/marketing\/#organization","name":"CidadeMarketing","alternateName":"CidadeMarketing","url":"https:\/\/www.cidademarketing.com.br\/marketing\/","logo":{"@type":"ImageObject","inLanguage":"pt-BR","@id":"https:\/\/www.cidademarketing.com.br\/marketing\/#\/schema\/logo\/image\/","url":"https:\/\/www.cidademarketing.com.br\/marketing\/wp-content\/uploads\/2020\/01\/cidademarketing_marca_mobile.png","contentUrl":"https:\/\/www.cidademarketing.com.br\/marketing\/wp-content\/uploads\/2020\/01\/cidademarketing_marca_mobile.png","width":230,"height":92,"caption":"CidadeMarketing"},"image":{"@id":"https:\/\/www.cidademarketing.com.br\/marketing\/#\/schema\/logo\/image\/"},"sameAs":["https:\/\/www.facebook.com\/portalcidademarketing","https:\/\/x.com\/CidadeMarketing","https:\/\/www.instagram.com\/cidademarketing\/"]},{"@type":"Person","@id":"https:\/\/www.cidademarketing.com.br\/marketing\/#\/schema\/person\/02daff9f18bd9378c9e01eb6b2db155f","name":"Thales Brand\u00e3o","image":{"@type":"ImageObject","inLanguage":"pt-BR","@id":"https:\/\/secure.gravatar.com\/avatar\/7ca3206950207cc3cb48feec56a8a7898741ab725c368d99d5d7a5a50aab80c6?s=96&d=mm&r=g","url":"https:\/\/secure.gravatar.com\/avatar\/7ca3206950207cc3cb48feec56a8a7898741ab725c368d99d5d7a5a50aab80c6?s=96&d=mm&r=g","contentUrl":"https:\/\/secure.gravatar.com\/avatar\/7ca3206950207cc3cb48feec56a8a7898741ab725c368d99d5d7a5a50aab80c6?s=96&d=mm&r=g","caption":"Thales Brand\u00e3o"},"description":"Editor Executivo do Portal CidadeMarketing.com.br &gt; Mestre em Comunica\u00e7\u00e3o e Sociedade pela Universidade Federal de Sergipe. Possui MBA Executivo em Administra\u00e7\u00e3o com \u00eanfase em Marketing pela Funda\u00e7\u00e3o Get\u00falio Vargas - Rio de Janeiro. Consultor, Palestrante e Pesquisador sobre Empreendedorismo, Marketing, Redes Sociais e Neg\u00f3cios Digitais. Professor, Palestrante TedxTalks e Campus Party. Twitter: @ThalesBrandao","sameAs":["http:\/\/www.mandacaru.com.br","https:\/\/www.facebook.com\/thalesbrandao","http:\/\/www.instagram.com.br\/thalesbrandaoferreira","https:\/\/www.linkedin.com\/in\/thales-brand\u00e3o-3948609\/","https:\/\/x.com\/http:\/\/www.twitter.com\/thalesbrandao"],"url":"https:\/\/www.cidademarketing.com.br\/marketing\/author\/thalesbrandao\/"}]}},"amp_enabled":true,"_links":{"self":[{"href":"https:\/\/www.cidademarketing.com.br\/marketing\/wp-json\/wp\/v2\/posts\/5932","targetHints":{"allow":["GET"]}}],"collection":[{"href":"https:\/\/www.cidademarketing.com.br\/marketing\/wp-json\/wp\/v2\/posts"}],"about":[{"href":"https:\/\/www.cidademarketing.com.br\/marketing\/wp-json\/wp\/v2\/types\/post"}],"author":[{"embeddable":true,"href":"https:\/\/www.cidademarketing.com.br\/marketing\/wp-json\/wp\/v2\/users\/1"}],"replies":[{"embeddable":true,"href":"https:\/\/www.cidademarketing.com.br\/marketing\/wp-json\/wp\/v2\/comments?post=5932"}],"version-history":[{"count":1,"href":"https:\/\/www.cidademarketing.com.br\/marketing\/wp-json\/wp\/v2\/posts\/5932\/revisions"}],"predecessor-version":[{"id":5933,"href":"https:\/\/www.cidademarketing.com.br\/marketing\/wp-json\/wp\/v2\/posts\/5932\/revisions\/5933"}],"wp:featuredmedia":[{"embeddable":true,"href":"https:\/\/www.cidademarketing.com.br\/marketing\/wp-json\/wp\/v2\/media\/5318"}],"wp:attachment":[{"href":"https:\/\/www.cidademarketing.com.br\/marketing\/wp-json\/wp\/v2\/media?parent=5932"}],"wp:term":[{"taxonomy":"category","embeddable":true,"href":"https:\/\/www.cidademarketing.com.br\/marketing\/wp-json\/wp\/v2\/categories?post=5932"},{"taxonomy":"post_tag","embeddable":true,"href":"https:\/\/www.cidademarketing.com.br\/marketing\/wp-json\/wp\/v2\/tags?post=5932"}],"curies":[{"name":"wp","href":"https:\/\/api.w.org\/{rel}","templated":true}]}}